{"id":18559,"date":"2026-02-24T17:38:14","date_gmt":"2026-02-24T17:38:14","guid":{"rendered":"https:\/\/www.spkatarzyna.pl\/?p=18559"},"modified":"2026-02-24T17:41:39","modified_gmt":"2026-02-24T17:41:39","slug":"walentynki-w-bibliotece","status":"publish","type":"post","link":"https:\/\/www.spkatarzyna.pl\/index.php\/2026\/02\/24\/walentynki-w-bibliotece\/","title":{"rendered":"Walentynki w bibliotece"},"content":{"rendered":"\t\t<div data-elementor-type=\"wp-post\" data-elementor-id=\"18559\" class=\"elementor elementor-18559\">\n\t\t\t\t<div class=\"elementor-element elementor-element-6cfd857a e-flex e-con-boxed e-con e-parent\" data-id=\"6cfd857a\" data-element_type=\"container\">\n\t\t\t\t\t<div class=\"e-con-inner\">\n\t\t\t\t<div class=\"elementor-element elementor-element-2e217f9e elementor-widget elementor-widget-text-editor\" data-id=\"2e217f9e\" data-element_type=\"widget\" data-widget_type=\"text-editor.default\">\n\t\t\t\t\t\t\t\t\t<p><span style=\"font-size: 14pt;\">Ilo\u015b\u0107 serduszek m\u00f3wi sama za siebie tylu uczni\u00f3w nosi w sercu sympati\u0119 do biblioteki!<\/span><\/p><p><span style=\"font-size: 14pt;\">Akcja zako\u0144czona sukcesem, a nasza tablica a\u017c promienieje od czytelniczej mi\u0142o\u015bci.<\/span><\/p><p><span style=\"font-size: 14pt;\">Dzi\u0119kuj\u0119 wszystkim mi\u0142o\u015bnikom ksi\u0105\u017cek \u2013 to dzi\u0119ki Wam biblioteka ma tak wielkie serce!<\/span><\/p>\t\t\t\t\t\t\t\t<\/div>\n\t\t\t\t<div class=\"elementor-element elementor-element-17e0738 elementor-widget elementor-widget-image\" data-id=\"17e0738\" data-element_type=\"widget\" data-widget_type=\"image.default\">\n\t\t\t\t\t\t\t\t\t\t\t\t\t\t\t<img fetchpriority=\"high\" decoding=\"async\" width=\"1024\" height=\"768\" src=\"https:\/\/www.spkatarzyna.pl\/wp-content\/uploads\/2026\/02\/PHOTO-2026-02-24-13-59-37-1024x768.jpg\" class=\"attachment-large size-large wp-image-18563\" alt=\"\" srcset=\"https:\/\/www.spkatarzyna.pl\/wp-content\/uploads\/2026\/02\/PHOTO-2026-02-24-13-59-37-1024x768.jpg 1024w, https:\/\/www.spkatarzyna.pl\/wp-content\/uploads\/2026\/02\/PHOTO-2026-02-24-13-59-37-300x225.jpg 300w, https:\/\/www.spkatarzyna.pl\/wp-content\/uploads\/2026\/02\/PHOTO-2026-02-24-13-59-37-768x576.jpg 768w, https:\/\/www.spkatarzyna.pl\/wp-content\/uploads\/2026\/02\/PHOTO-2026-02-24-13-59-37-1536x1152.jpg 1536w, https:\/\/www.spkatarzyna.pl\/wp-content\/uploads\/2026\/02\/PHOTO-2026-02-24-13-59-37.jpg 2048w\" sizes=\"(max-width: 1024px) 100vw, 1024px\" \/>\t\t\t\t\t\t\t\t\t\t\t\t\t\t\t<\/div>\n\t\t\t\t\t<\/div>\n\t\t\t\t<\/div>\n\t\t\t\t<\/div>\n\t\t","protected":false},"excerpt":{"rendered":"<p>Ilo\u015b\u0107 serduszek m\u00f3wi sama za siebie tylu uczni\u00f3w nosi w sercu sympati\u0119 do biblioteki! Akcja zako\u0144czona sukcesem, a nasza tablica a\u017c promienieje od czytelniczej mi\u0142o\u015bci. Dzi\u0119kuj\u0119 wszystkim mi\u0142o\u015bnikom ksi\u0105\u017cek \u2013 to dzi\u0119ki Wam biblioteka ma tak wielkie serce!<\/p>\n","protected":false},"author":6,"featured_media":18560,"comment_status":"open","ping_status":"open","sticky":false,"template":"","format":"standard","meta":{"om_disable_all_campaigns":false,"_monsterinsights_skip_tracking":false,"ngg_post_thumbnail":0,"footnotes":""},"categories":[1],"tags":[],"class_list":["post-18559","post","type-post","status-publish","format-standard","has-post-thumbnail","hentry","category-uncategorized"],"aioseo_notices":[],"aioseo_head":"\n\t\t<!-- All in One SEO 5.0.1.1 - aioseo.com -->\n\t<meta name=\"description\" content=\"Ilo\u015b\u0107 serduszek m\u00f3wi sama za siebie tylu uczni\u00f3w nosi w sercu sympati\u0119 do biblioteki!Akcja zako\u0144czona sukcesem, a nasza tablica a\u017c promienieje od czytelniczej mi\u0142o\u015bci.Dzi\u0119kuj\u0119 wszystkim mi\u0142o\u015bnikom ksi\u0105\u017cek \u2013 to dzi\u0119ki Wam biblioteka ma tak wielkie serce!\" \/>\n\t<meta name=\"robots\" content=\"max-image-preview:large\" \/>\n\t<meta name=\"author\" content=\"Redakcja\"\/>\n\t<link rel=\"canonical\" href=\"https:\/\/www.spkatarzyna.pl\/index.php\/2026\/02\/24\/walentynki-w-bibliotece\/\" \/>\n\t<meta name=\"generator\" content=\"All in One SEO (AIOSEO) 5.0.1.1\" \/>\n\t\t<meta property=\"og:locale\" content=\"pl_PL\" \/>\n\t\t<meta property=\"og:site_name\" content=\"SP Katarzyna - Publiczna Szko\u0142a Podstawowa w \u015awi\u0119tej Katarzynie\" \/>\n\t\t<meta property=\"og:type\" content=\"article\" \/>\n\t\t<meta property=\"og:title\" content=\"Walentynki w bibliotece - SP Katarzyna\" \/>\n\t\t<meta property=\"og:description\" content=\"Ilo\u015b\u0107 serduszek m\u00f3wi sama za siebie tylu uczni\u00f3w nosi w sercu sympati\u0119 do biblioteki!Akcja zako\u0144czona sukcesem, a nasza tablica a\u017c promienieje od czytelniczej mi\u0142o\u015bci.Dzi\u0119kuj\u0119 wszystkim mi\u0142o\u015bnikom ksi\u0105\u017cek \u2013 to dzi\u0119ki Wam biblioteka ma tak wielkie serce!\" \/>\n\t\t<meta property=\"og:url\" content=\"https:\/\/www.spkatarzyna.pl\/index.php\/2026\/02\/24\/walentynki-w-bibliotece\/\" \/>\n\t\t<meta property=\"article:published_time\" content=\"2026-02-24T17:38:14+00:00\" \/>\n\t\t<meta property=\"article:modified_time\" content=\"2026-02-24T17:41:39+00:00\" \/>\n\t\t<meta name=\"twitter:card\" content=\"summary_large_image\" \/>\n\t\t<meta name=\"twitter:title\" content=\"Walentynki w bibliotece - SP Katarzyna\" \/>\n\t\t<meta name=\"twitter:description\" content=\"Ilo\u015b\u0107 serduszek m\u00f3wi sama za siebie tylu uczni\u00f3w nosi w sercu sympati\u0119 do biblioteki!Akcja zako\u0144czona sukcesem, a nasza tablica a\u017c promienieje od czytelniczej mi\u0142o\u015bci.Dzi\u0119kuj\u0119 wszystkim mi\u0142o\u015bnikom ksi\u0105\u017cek \u2013 to dzi\u0119ki Wam biblioteka ma tak wielkie serce!\" \/>\n\t\t<script type=\"application\/ld+json\" class=\"aioseo-schema\">\n\t\t\t{\"@context\":\"https:\\\/\\\/schema.org\",\"@graph\":[{\"@type\":\"BlogPosting\",\"@id\":\"https:\\\/\\\/www.spkatarzyna.pl\\\/index.php\\\/2026\\\/02\\\/24\\\/walentynki-w-bibliotece\\\/#blogposting\",\"name\":\"Walentynki w bibliotece - SP Katarzyna\",\"headline\":\"Walentynki w bibliotece\",\"author\":{\"@id\":\"https:\\\/\\\/www.spkatarzyna.pl\\\/index.php\\\/author\\\/agatasafianspkatarzyna-pl\\\/#author\"},\"publisher\":{\"@id\":\"https:\\\/\\\/www.spkatarzyna.pl\\\/#organization\"},\"image\":{\"@type\":\"ImageObject\",\"url\":\"https:\\\/\\\/www.spkatarzyna.pl\\\/wp-content\\\/uploads\\\/2026\\\/02\\\/PHOTO-2026-02-24-13-59-37-2.jpg\",\"width\":360,\"height\":202},\"datePublished\":\"2026-02-24T17:38:14+01:00\",\"dateModified\":\"2026-02-24T17:41:39+01:00\",\"inLanguage\":\"pl-PL\",\"mainEntityOfPage\":{\"@id\":\"https:\\\/\\\/www.spkatarzyna.pl\\\/index.php\\\/2026\\\/02\\\/24\\\/walentynki-w-bibliotece\\\/#webpage\"},\"isPartOf\":{\"@id\":\"https:\\\/\\\/www.spkatarzyna.pl\\\/index.php\\\/2026\\\/02\\\/24\\\/walentynki-w-bibliotece\\\/#webpage\"},\"articleSection\":\"Uncategorized\"},{\"@type\":\"BreadcrumbList\",\"@id\":\"https:\\\/\\\/www.spkatarzyna.pl\\\/index.php\\\/2026\\\/02\\\/24\\\/walentynki-w-bibliotece\\\/#breadcrumblist\",\"itemListElement\":[{\"@type\":\"ListItem\",\"@id\":\"https:\\\/\\\/www.spkatarzyna.pl#listItem\",\"position\":1,\"name\":\"Dom\",\"item\":\"https:\\\/\\\/www.spkatarzyna.pl\",\"nextItem\":{\"@type\":\"ListItem\",\"@id\":\"https:\\\/\\\/www.spkatarzyna.pl\\\/index.php\\\/category\\\/uncategorized\\\/#listItem\",\"name\":\"Uncategorized\"}},{\"@type\":\"ListItem\",\"@id\":\"https:\\\/\\\/www.spkatarzyna.pl\\\/index.php\\\/category\\\/uncategorized\\\/#listItem\",\"position\":2,\"name\":\"Uncategorized\",\"item\":\"https:\\\/\\\/www.spkatarzyna.pl\\\/index.php\\\/category\\\/uncategorized\\\/\",\"nextItem\":{\"@type\":\"ListItem\",\"@id\":\"https:\\\/\\\/www.spkatarzyna.pl\\\/index.php\\\/2026\\\/02\\\/24\\\/walentynki-w-bibliotece\\\/#listItem\",\"name\":\"Walentynki w bibliotece\"},\"previousItem\":{\"@type\":\"ListItem\",\"@id\":\"https:\\\/\\\/www.spkatarzyna.pl#listItem\",\"name\":\"Dom\"}},{\"@type\":\"ListItem\",\"@id\":\"https:\\\/\\\/www.spkatarzyna.pl\\\/index.php\\\/2026\\\/02\\\/24\\\/walentynki-w-bibliotece\\\/#listItem\",\"position\":3,\"name\":\"Walentynki w bibliotece\",\"previousItem\":{\"@type\":\"ListItem\",\"@id\":\"https:\\\/\\\/www.spkatarzyna.pl\\\/index.php\\\/category\\\/uncategorized\\\/#listItem\",\"name\":\"Uncategorized\"}}]},{\"@type\":\"Organization\",\"@id\":\"https:\\\/\\\/www.spkatarzyna.pl\\\/#organization\",\"name\":\"SP Katarzyna\",\"description\":\"Publiczna Szko\\u0142a Podstawowa w \\u015awi\\u0119tej Katarzynie\",\"url\":\"https:\\\/\\\/www.spkatarzyna.pl\\\/\",\"telephone\":\"+48713116378\",\"sameAs\":[\"https:\\\/\\\/facebook.com\\\/\",\"https:\\\/\\\/x.com\\\/\",\"https:\\\/\\\/instagram.com\\\/\",\"https:\\\/\\\/pinterest.com\\\/\",\"https:\\\/\\\/youtube.com\\\/\",\"https:\\\/\\\/linkedin.com\\\/in\\\/\"]},{\"@type\":\"Person\",\"@id\":\"https:\\\/\\\/www.spkatarzyna.pl\\\/index.php\\\/author\\\/agatasafianspkatarzyna-pl\\\/#author\",\"url\":\"https:\\\/\\\/www.spkatarzyna.pl\\\/index.php\\\/author\\\/agatasafianspkatarzyna-pl\\\/\",\"name\":\"Redakcja\",\"image\":{\"@type\":\"ImageObject\",\"@id\":\"https:\\\/\\\/www.spkatarzyna.pl\\\/index.php\\\/2026\\\/02\\\/24\\\/walentynki-w-bibliotece\\\/#authorImage\",\"url\":\"https:\\\/\\\/secure.gravatar.com\\\/avatar\\\/765290513df94d442152250e92b42327?s=96&d=mm&r=g\",\"width\":96,\"height\":96,\"caption\":\"Redakcja\"}},{\"@type\":\"WebPage\",\"@id\":\"https:\\\/\\\/www.spkatarzyna.pl\\\/index.php\\\/2026\\\/02\\\/24\\\/walentynki-w-bibliotece\\\/#webpage\",\"url\":\"https:\\\/\\\/www.spkatarzyna.pl\\\/index.php\\\/2026\\\/02\\\/24\\\/walentynki-w-bibliotece\\\/\",\"name\":\"Walentynki w bibliotece - SP Katarzyna\",\"description\":\"Ilo\\u015b\\u0107 serduszek m\\u00f3wi sama za siebie tylu uczni\\u00f3w nosi w sercu sympati\\u0119 do biblioteki!Akcja zako\\u0144czona sukcesem, a nasza tablica a\\u017c promienieje od czytelniczej mi\\u0142o\\u015bci.Dzi\\u0119kuj\\u0119 wszystkim mi\\u0142o\\u015bnikom ksi\\u0105\\u017cek \\u2013 to dzi\\u0119ki Wam biblioteka ma tak wielkie serce!\",\"inLanguage\":\"pl-PL\",\"isPartOf\":{\"@id\":\"https:\\\/\\\/www.spkatarzyna.pl\\\/#website\"},\"breadcrumb\":{\"@id\":\"https:\\\/\\\/www.spkatarzyna.pl\\\/index.php\\\/2026\\\/02\\\/24\\\/walentynki-w-bibliotece\\\/#breadcrumblist\"},\"author\":{\"@id\":\"https:\\\/\\\/www.spkatarzyna.pl\\\/index.php\\\/author\\\/agatasafianspkatarzyna-pl\\\/#author\"},\"creator\":{\"@id\":\"https:\\\/\\\/www.spkatarzyna.pl\\\/index.php\\\/author\\\/agatasafianspkatarzyna-pl\\\/#author\"},\"image\":{\"@type\":\"ImageObject\",\"url\":\"https:\\\/\\\/www.spkatarzyna.pl\\\/wp-content\\\/uploads\\\/2026\\\/02\\\/PHOTO-2026-02-24-13-59-37-2.jpg\",\"@id\":\"https:\\\/\\\/www.spkatarzyna.pl\\\/index.php\\\/2026\\\/02\\\/24\\\/walentynki-w-bibliotece\\\/#mainImage\",\"width\":360,\"height\":202},\"primaryImageOfPage\":{\"@id\":\"https:\\\/\\\/www.spkatarzyna.pl\\\/index.php\\\/2026\\\/02\\\/24\\\/walentynki-w-bibliotece\\\/#mainImage\"},\"datePublished\":\"2026-02-24T17:38:14+01:00\",\"dateModified\":\"2026-02-24T17:41:39+01:00\"},{\"@type\":\"WebSite\",\"@id\":\"https:\\\/\\\/www.spkatarzyna.pl\\\/#website\",\"url\":\"https:\\\/\\\/www.spkatarzyna.pl\\\/\",\"name\":\"SP Katarzyna\",\"description\":\"Publiczna Szko\\u0142a Podstawowa w \\u015awi\\u0119tej Katarzynie\",\"inLanguage\":\"pl-PL\",\"publisher\":{\"@id\":\"https:\\\/\\\/www.spkatarzyna.pl\\\/#organization\"}}]}\n\t\t<\/script>\n\t\t<!-- All in One SEO -->\n\n","aioseo_head_json":{"title":"Walentynki w bibliotece - SP Katarzyna","description":"Ilo\u015b\u0107 serduszek m\u00f3wi sama za siebie tylu uczni\u00f3w nosi w sercu sympati\u0119 do biblioteki!Akcja zako\u0144czona sukcesem, a nasza tablica a\u017c promienieje od czytelniczej mi\u0142o\u015bci.Dzi\u0119kuj\u0119 wszystkim mi\u0142o\u015bnikom ksi\u0105\u017cek \u2013 to dzi\u0119ki Wam biblioteka ma tak wielkie serce!","canonical_url":"https:\/\/www.spkatarzyna.pl\/index.php\/2026\/02\/24\/walentynki-w-bibliotece\/","robots":"max-image-preview:large","keywords":"","webmasterTools":{"miscellaneous":""},"schema":{"@context":"https:\/\/schema.org","@graph":[{"@type":"BlogPosting","@id":"https:\/\/www.spkatarzyna.pl\/index.php\/2026\/02\/24\/walentynki-w-bibliotece\/#blogposting","name":"Walentynki w bibliotece - SP Katarzyna","headline":"Walentynki w bibliotece","author":{"@id":"https:\/\/www.spkatarzyna.pl\/index.php\/author\/agatasafianspkatarzyna-pl\/#author"},"publisher":{"@id":"https:\/\/www.spkatarzyna.pl\/#organization"},"image":{"@type":"ImageObject","url":"https:\/\/www.spkatarzyna.pl\/wp-content\/uploads\/2026\/02\/PHOTO-2026-02-24-13-59-37-2.jpg","width":360,"height":202},"datePublished":"2026-02-24T17:38:14+01:00","dateModified":"2026-02-24T17:41:39+01:00","inLanguage":"pl-PL","mainEntityOfPage":{"@id":"https:\/\/www.spkatarzyna.pl\/index.php\/2026\/02\/24\/walentynki-w-bibliotece\/#webpage"},"isPartOf":{"@id":"https:\/\/www.spkatarzyna.pl\/index.php\/2026\/02\/24\/walentynki-w-bibliotece\/#webpage"},"articleSection":"Uncategorized"},{"@type":"BreadcrumbList","@id":"https:\/\/www.spkatarzyna.pl\/index.php\/2026\/02\/24\/walentynki-w-bibliotece\/#breadcrumblist","itemListElement":[{"@type":"ListItem","@id":"https:\/\/www.spkatarzyna.pl#listItem","position":1,"name":"Dom","item":"https:\/\/www.spkatarzyna.pl","nextItem":{"@type":"ListItem","@id":"https:\/\/www.spkatarzyna.pl\/index.php\/category\/uncategorized\/#listItem","name":"Uncategorized"}},{"@type":"ListItem","@id":"https:\/\/www.spkatarzyna.pl\/index.php\/category\/uncategorized\/#listItem","position":2,"name":"Uncategorized","item":"https:\/\/www.spkatarzyna.pl\/index.php\/category\/uncategorized\/","nextItem":{"@type":"ListItem","@id":"https:\/\/www.spkatarzyna.pl\/index.php\/2026\/02\/24\/walentynki-w-bibliotece\/#listItem","name":"Walentynki w bibliotece"},"previousItem":{"@type":"ListItem","@id":"https:\/\/www.spkatarzyna.pl#listItem","name":"Dom"}},{"@type":"ListItem","@id":"https:\/\/www.spkatarzyna.pl\/index.php\/2026\/02\/24\/walentynki-w-bibliotece\/#listItem","position":3,"name":"Walentynki w bibliotece","previousItem":{"@type":"ListItem","@id":"https:\/\/www.spkatarzyna.pl\/index.php\/category\/uncategorized\/#listItem","name":"Uncategorized"}}]},{"@type":"Organization","@id":"https:\/\/www.spkatarzyna.pl\/#organization","name":"SP Katarzyna","description":"Publiczna Szko\u0142a Podstawowa w \u015awi\u0119tej Katarzynie","url":"https:\/\/www.spkatarzyna.pl\/","telephone":"+48713116378","sameAs":["https:\/\/facebook.com\/","https:\/\/x.com\/","https:\/\/instagram.com\/","https:\/\/pinterest.com\/","https:\/\/youtube.com\/","https:\/\/linkedin.com\/in\/"]},{"@type":"Person","@id":"https:\/\/www.spkatarzyna.pl\/index.php\/author\/agatasafianspkatarzyna-pl\/#author","url":"https:\/\/www.spkatarzyna.pl\/index.php\/author\/agatasafianspkatarzyna-pl\/","name":"Redakcja","image":{"@type":"ImageObject","@id":"https:\/\/www.spkatarzyna.pl\/index.php\/2026\/02\/24\/walentynki-w-bibliotece\/#authorImage","url":"https:\/\/secure.gravatar.com\/avatar\/765290513df94d442152250e92b42327?s=96&d=mm&r=g","width":96,"height":96,"caption":"Redakcja"}},{"@type":"WebPage","@id":"https:\/\/www.spkatarzyna.pl\/index.php\/2026\/02\/24\/walentynki-w-bibliotece\/#webpage","url":"https:\/\/www.spkatarzyna.pl\/index.php\/2026\/02\/24\/walentynki-w-bibliotece\/","name":"Walentynki w bibliotece - SP Katarzyna","description":"Ilo\u015b\u0107 serduszek m\u00f3wi sama za siebie tylu uczni\u00f3w nosi w sercu sympati\u0119 do biblioteki!Akcja zako\u0144czona sukcesem, a nasza tablica a\u017c promienieje od czytelniczej mi\u0142o\u015bci.Dzi\u0119kuj\u0119 wszystkim mi\u0142o\u015bnikom ksi\u0105\u017cek \u2013 to dzi\u0119ki Wam biblioteka ma tak wielkie serce!","inLanguage":"pl-PL","isPartOf":{"@id":"https:\/\/www.spkatarzyna.pl\/#website"},"breadcrumb":{"@id":"https:\/\/www.spkatarzyna.pl\/index.php\/2026\/02\/24\/walentynki-w-bibliotece\/#breadcrumblist"},"author":{"@id":"https:\/\/www.spkatarzyna.pl\/index.php\/author\/agatasafianspkatarzyna-pl\/#author"},"creator":{"@id":"https:\/\/www.spkatarzyna.pl\/index.php\/author\/agatasafianspkatarzyna-pl\/#author"},"image":{"@type":"ImageObject","url":"https:\/\/www.spkatarzyna.pl\/wp-content\/uploads\/2026\/02\/PHOTO-2026-02-24-13-59-37-2.jpg","@id":"https:\/\/www.spkatarzyna.pl\/index.php\/2026\/02\/24\/walentynki-w-bibliotece\/#mainImage","width":360,"height":202},"primaryImageOfPage":{"@id":"https:\/\/www.spkatarzyna.pl\/index.php\/2026\/02\/24\/walentynki-w-bibliotece\/#mainImage"},"datePublished":"2026-02-24T17:38:14+01:00","dateModified":"2026-02-24T17:41:39+01:00"},{"@type":"WebSite","@id":"https:\/\/www.spkatarzyna.pl\/#website","url":"https:\/\/www.spkatarzyna.pl\/","name":"SP Katarzyna","description":"Publiczna Szko\u0142a Podstawowa w \u015awi\u0119tej Katarzynie","inLanguage":"pl-PL","publisher":{"@id":"https:\/\/www.spkatarzyna.pl\/#organization"}}]},"og:locale":"pl_PL","og:site_name":"SP Katarzyna - Publiczna Szko\u0142a Podstawowa w \u015awi\u0119tej Katarzynie","og:type":"article","og:title":"Walentynki w bibliotece - SP Katarzyna","og:description":"Ilo\u015b\u0107 serduszek m\u00f3wi sama za siebie tylu uczni\u00f3w nosi w sercu sympati\u0119 do biblioteki!Akcja zako\u0144czona sukcesem, a nasza tablica a\u017c promienieje od czytelniczej mi\u0142o\u015bci.Dzi\u0119kuj\u0119 wszystkim mi\u0142o\u015bnikom ksi\u0105\u017cek \u2013 to dzi\u0119ki Wam biblioteka ma tak wielkie serce!","og:url":"https:\/\/www.spkatarzyna.pl\/index.php\/2026\/02\/24\/walentynki-w-bibliotece\/","article:published_time":"2026-02-24T17:38:14+00:00","article:modified_time":"2026-02-24T17:41:39+00:00","twitter:card":"summary_large_image","twitter:title":"Walentynki w bibliotece - SP Katarzyna","twitter:description":"Ilo\u015b\u0107 serduszek m\u00f3wi sama za siebie tylu uczni\u00f3w nosi w sercu sympati\u0119 do biblioteki!Akcja zako\u0144czona sukcesem, a nasza tablica a\u017c promienieje od czytelniczej mi\u0142o\u015bci.Dzi\u0119kuj\u0119 wszystkim mi\u0142o\u015bnikom ksi\u0105\u017cek \u2013 to dzi\u0119ki Wam biblioteka ma tak wielkie serce!"},"aioseo_meta_data":{"post_id":"18559","title":null,"description":null,"keywords":null,"keyphrases":{"focus":{"keyphrase":"","score":0,"analysis":{"keyphraseInTitle":{"score":0,"maxScore":9,"error":1}}},"additional":[]},"primary_term":null,"canonical_url":null,"og_title":null,"og_description":null,"og_object_type":"default","og_image_type":"default","og_image_url":null,"og_image_width":null,"og_image_height":null,"og_image_custom_url":null,"og_image_custom_fields":null,"og_video":"","og_custom_url":null,"og_article_section":null,"og_article_tags":null,"twitter_use_og":false,"twitter_card":"default","twitter_image_type":"default","twitter_image_url":null,"twitter_image_custom_url":null,"twitter_image_custom_fields":null,"twitter_title":null,"twitter_description":null,"schema":{"blockGraphs":[],"customGraphs":[],"default":{"data":{"Article":[],"Course":[],"Dataset":[],"FAQPage":[],"Movie":[],"Person":[],"Product":[],"ProductReview":[],"Car":[],"Recipe":[],"Service":[],"SoftwareApplication":[],"WebPage":[]},"graphName":"BlogPosting","isEnabled":true},"graphs":[]},"schema_type":"default","schema_type_options":null,"pillar_content":false,"robots_default":true,"robots_noindex":false,"robots_noarchive":false,"robots_nosnippet":false,"robots_nofollow":false,"robots_noimageindex":false,"robots_noodp":false,"robots_notranslate":false,"robots_max_snippet":"-1","robots_max_videopreview":"-1","robots_max_imagepreview":"large","priority":null,"frequency":"default","local_seo":null,"limit_modified_date":false,"created":"2026-02-24 17:38:15","updated":"2026-09-03 17:46:46","focus_keyword":null,"additional_keywords":null,"truseo_locale":null,"ai":null,"breadcrumb_settings":null,"seo_analyzer_scan_date":null},"aioseo_breadcrumb":"<div class=\"aioseo-breadcrumbs\"><span class=\"aioseo-breadcrumb\">\n\t\t\t<a href=\"https:\/\/www.spkatarzyna.pl\" title=\"Dom\">Dom<\/a>\n\t\t<\/span><span class=\"aioseo-breadcrumb-separator\">&raquo;<\/span><span class=\"aioseo-breadcrumb\">\n\t\t\t<a href=\"https:\/\/www.spkatarzyna.pl\/index.php\/category\/uncategorized\/\" title=\"Uncategorized\">Uncategorized<\/a>\n\t\t<\/span><span class=\"aioseo-breadcrumb-separator\">&raquo;<\/span><span class=\"aioseo-breadcrumb\">\n\t\t\tWalentynki w bibliotece\n\t\t<\/span><\/div>","aioseo_breadcrumb_json":[{"label":"Dom","link":"https:\/\/www.spkatarzyna.pl"},{"label":"Uncategorized","link":"https:\/\/www.spkatarzyna.pl\/index.php\/category\/uncategorized\/"},{"label":"Walentynki w bibliotece","link":"https:\/\/www.spkatarzyna.pl\/index.php\/2026\/02\/24\/walentynki-w-bibliotece\/"}],"_links":{"self":[{"href":"https:\/\/www.spkatarzyna.pl\/index.php\/wp-json\/wp\/v2\/posts\/18559","targetHints":{"allow":["GET"]}}],"collection":[{"href":"https:\/\/www.spkatarzyna.pl\/index.php\/wp-json\/wp\/v2\/posts"}],"about":[{"href":"https:\/\/www.spkatarzyna.pl\/index.php\/wp-json\/wp\/v2\/types\/post"}],"author":[{"embeddable":true,"href":"https:\/\/www.spkatarzyna.pl\/index.php\/wp-json\/wp\/v2\/users\/6"}],"replies":[{"embeddable":true,"href":"https:\/\/www.spkatarzyna.pl\/index.php\/wp-json\/wp\/v2\/comments?post=18559"}],"version-history":[{"count":10,"href":"https:\/\/www.spkatarzyna.pl\/index.php\/wp-json\/wp\/v2\/posts\/18559\/revisions"}],"predecessor-version":[{"id":18573,"href":"https:\/\/www.spkatarzyna.pl\/index.php\/wp-json\/wp\/v2\/posts\/18559\/revisions\/18573"}],"wp:featuredmedia":[{"embeddable":true,"href":"https:\/\/www.spkatarzyna.pl\/index.php\/wp-json\/wp\/v2\/media\/18560"}],"wp:attachment":[{"href":"https:\/\/www.spkatarzyna.pl\/index.php\/wp-json\/wp\/v2\/media?parent=18559"}],"wp:term":[{"taxonomy":"category","embeddable":true,"href":"https:\/\/www.spkatarzyna.pl\/index.php\/wp-json\/wp\/v2\/categories?post=18559"},{"taxonomy":"post_tag","embeddable":true,"href":"https:\/\/www.spkatarzyna.pl\/index.php\/wp-json\/wp\/v2\/tags?post=18559"}],"curies":[{"name":"wp","href":"https:\/\/api.w.org\/{rel}","templated":true}]}}