{"id":18686,"date":"2026-03-02T19:39:48","date_gmt":"2026-03-02T19:39:48","guid":{"rendered":"https:\/\/www.spkatarzyna.pl\/?p=18686"},"modified":"2026-03-02T19:43:53","modified_gmt":"2026-03-02T19:43:53","slug":"nowe-koszulki-sportowe-od-rady-rodzicow","status":"publish","type":"post","link":"https:\/\/www.spkatarzyna.pl\/index.php\/2026\/03\/02\/nowe-koszulki-sportowe-od-rady-rodzicow\/","title":{"rendered":"Nowe koszulki od Rady Rodzic\u00f3w"},"content":{"rendered":"\t\t<div data-elementor-type=\"wp-post\" data-elementor-id=\"18686\" class=\"elementor elementor-18686\">\n\t\t\t\t<div class=\"elementor-element elementor-element-a97b961 e-flex e-con-boxed e-con e-parent\" data-id=\"a97b961\" data-element_type=\"container\">\n\t\t\t\t\t<div class=\"e-con-inner\">\n\t\t\t\t<div class=\"elementor-element elementor-element-1ef1b266 elementor-widget elementor-widget-text-editor\" data-id=\"1ef1b266\" data-element_type=\"widget\" data-widget_type=\"text-editor.default\">\n\t\t\t\t\t\t\t\t\t<div>\r\n<p style=\"text-align: justify;\"><span style=\"font-size: 14pt;\">Rada Rodzic\u00f3w ufundowa\u0142a nowe koszulki sportowe dla naszych uczni\u00f3w, kt\u00f3rzy reprezentuj\u0105 szko\u0142\u0119 podczas zawod\u00f3w i rozgrywek mi\u0119dzyszkolnych. Stroje zosta\u0142y przygotowane z nowym logo szko\u0142y \u2013 to nie tylko element identyfikacji, ale te\u017c wyraz wsp\u00f3lnoty i dumy z przynale\u017cno\u015bci do naszej spo\u0142eczno\u015bci.<\/span><\/p>\r\n<p style=\"text-align: justify;\"><span style=\"font-size: 14pt;\">Mamy nadziej\u0119, \u017ce koszulki b\u0119d\u0105 dobrze s\u0142u\u017cy\u0142y naszym sportowcom, dodadz\u0105 im pewno\u015bci siebie i energii do walki o jak najlepsze wyniki. Dzi\u0119kujemy Radzie Rodzic\u00f3w za wsparcie i &nbsp;inwestycj\u0119 w rozw\u00f3j sportowych pasji naszych uczni\u00f3w.<\/span><\/p>\r\n\r\n<\/div>\r\n<div class=\"gmail_signature\" dir=\"ltr\" data-smartmail=\"gmail_signature\">\r\n<div dir=\"ltr\" style=\"text-align: right;\">\r\n<div style=\"text-align: right;\"><span style=\"font-size: 14pt;\">Magdalena Kochan &#8211; Nowik<\/span><\/div>\r\n<span style=\"font-size: 14pt;\">Dyrektor Publicznej Szko\u0142y Podstawowej w \u015aw. Katarzynie&nbsp;<\/span>\r\n\r\n<\/div>\r\n<\/div>\t\t\t\t\t\t\t\t<\/div>\n\t\t\t\t<div class=\"elementor-element elementor-element-65846f0 elementor-widget elementor-widget-image-gallery\" data-id=\"65846f0\" data-element_type=\"widget\" data-widget_type=\"image-gallery.default\">\n\t\t\t\t\t\t\t<div class=\"elementor-image-gallery\">\n\t\t\t\n\t\t<div id='gallery-1' class='gallery galleryid-18686 gallery-columns-3 gallery-size-thumbnail gallery1'><script type=\"text\/javascript\">\n\/\/ <![CDATA[\n\tjQuery(document).ready(function () {\n\t\tjQuery(\".gallery1 a\").attr(\"rel\",\"gallery1\");\t\n\t\tjQuery('a[rel=\"gallery1\"]').colorbox({title: function(){ return jQuery(this).children().attr(\"alt\"); }});\n\t});\n\/\/ ]]>\n<\/script>\n<dl class=\"gallery-item\">\n<dt class=\"gallery-icon\">\n<a href=\"https:\/\/www.spkatarzyna.pl\/wp-content\/uploads\/2026\/03\/0e953bf2-8dc1-4f4e-abbb-c2694502e01a-300x135.jpeg\" title=\"\" rel=\"gallery1\" rel=\"lightbox[18686]\"><img decoding=\"async\" src=\"https:\/\/www.spkatarzyna.pl\/wp-content\/uploads\/2026\/03\/0e953bf2-8dc1-4f4e-abbb-c2694502e01a-150x150.jpeg\" width=\"150\" height=\"150\" alt=\"\" \/><\/a>\n<\/dt><\/dl><dl class=\"gallery-item\">\n<dt class=\"gallery-icon\">\n<a href=\"https:\/\/www.spkatarzyna.pl\/wp-content\/uploads\/2026\/03\/5c010912-60fb-485f-b2db-8a0834bf45bd-300x135.jpeg\" title=\"\" rel=\"gallery1\" rel=\"lightbox[18686]\"><img decoding=\"async\" src=\"https:\/\/www.spkatarzyna.pl\/wp-content\/uploads\/2026\/03\/5c010912-60fb-485f-b2db-8a0834bf45bd-150x150.jpeg\" width=\"150\" height=\"150\" alt=\"\" \/><\/a>\n<\/dt><\/dl><dl class=\"gallery-item\">\n<dt class=\"gallery-icon\">\n<a href=\"https:\/\/www.spkatarzyna.pl\/wp-content\/uploads\/2026\/03\/7ee3fd09-a6c5-4229-aa7e-384394a75c01-300x135.jpeg\" title=\"\" rel=\"gallery1\" rel=\"lightbox[18686]\"><img decoding=\"async\" src=\"https:\/\/www.spkatarzyna.pl\/wp-content\/uploads\/2026\/03\/7ee3fd09-a6c5-4229-aa7e-384394a75c01-150x150.jpeg\" width=\"150\" height=\"150\" alt=\"\" \/><\/a>\n<\/dt><\/dl><br style=\"clear: both\" \/><dl class=\"gallery-item\">\n<dt class=\"gallery-icon\">\n<a href=\"https:\/\/www.spkatarzyna.pl\/wp-content\/uploads\/2026\/03\/65f62e50-6a50-460e-86a4-52f9619fce61-300x135.jpeg\" title=\"\" rel=\"gallery1\" rel=\"lightbox[18686]\"><img loading=\"lazy\" decoding=\"async\" src=\"https:\/\/www.spkatarzyna.pl\/wp-content\/uploads\/2026\/03\/65f62e50-6a50-460e-86a4-52f9619fce61-150x150.jpeg\" width=\"150\" height=\"150\" alt=\"\" \/><\/a>\n<\/dt><\/dl><dl class=\"gallery-item\">\n<dt class=\"gallery-icon\">\n<a href=\"https:\/\/www.spkatarzyna.pl\/wp-content\/uploads\/2026\/03\/94f4d3e4-49a5-427c-b8ad-49c0adf85401-300x135.jpeg\" title=\"\" rel=\"gallery1\" rel=\"lightbox[18686]\"><img loading=\"lazy\" decoding=\"async\" src=\"https:\/\/www.spkatarzyna.pl\/wp-content\/uploads\/2026\/03\/94f4d3e4-49a5-427c-b8ad-49c0adf85401-150x150.jpeg\" width=\"150\" height=\"150\" alt=\"\" \/><\/a>\n<\/dt><\/dl><dl class=\"gallery-item\">\n<dt class=\"gallery-icon\">\n<a href=\"https:\/\/www.spkatarzyna.pl\/wp-content\/uploads\/2026\/03\/338ea9ab-cd28-4dc8-bf8a-57bc974c0efd-300x135.jpeg\" title=\"\" rel=\"gallery1\" rel=\"lightbox[18686]\"><img loading=\"lazy\" decoding=\"async\" src=\"https:\/\/www.spkatarzyna.pl\/wp-content\/uploads\/2026\/03\/338ea9ab-cd28-4dc8-bf8a-57bc974c0efd-150x150.jpeg\" width=\"150\" height=\"150\" alt=\"\" \/><\/a>\n<\/dt><\/dl><br style=\"clear: both\" \/><br style=\"clear: both\" \/><\/div>\t\t<\/div>\n\t\t\t\t\t\t<\/div>\n\t\t\t\t\t<\/div>\n\t\t\t\t<\/div>\n\t\t\t\t<\/div>\n\t\t","protected":false},"excerpt":{"rendered":"<p>Rada Rodzic\u00f3w ufundowa\u0142a nowe koszulki sportowe dla naszych uczni\u00f3w, kt\u00f3rzy reprezentuj\u0105 szko\u0142\u0119 podczas zawod\u00f3w i rozgrywek mi\u0119dzyszkolnych. Stroje zosta\u0142y przygotowane z nowym logo szko\u0142y \u2013 to nie tylko element identyfikacji, ale te\u017c wyraz wsp\u00f3lnoty i dumy z przynale\u017cno\u015bci do naszej spo\u0142eczno\u015bci. Mamy nadziej\u0119, \u017ce koszulki b\u0119d\u0105 dobrze s\u0142u\u017cy\u0142y naszym sportowcom, [&hellip;]<\/p>\n","protected":false},"author":6,"featured_media":18687,"comment_status":"open","ping_status":"open","sticky":false,"template":"","format":"standard","meta":{"om_disable_all_campaigns":false,"_monsterinsights_skip_tracking":false,"ngg_post_thumbnail":0,"footnotes":""},"categories":[1],"tags":[],"class_list":["post-18686","post","type-post","status-publish","format-standard","has-post-thumbnail","hentry","category-uncategorized"],"aioseo_notices":[],"aioseo_head":"\n\t\t<!-- All in One SEO 5.0.1.1 - aioseo.com -->\n\t<meta name=\"description\" content=\"Rada Rodzic\u00f3w ufundowa\u0142a nowe koszulki sportowe dla naszych uczni\u00f3w, kt\u00f3rzy reprezentuj\u0105 szko\u0142\u0119 podczas zawod\u00f3w i rozgrywek mi\u0119dzyszkolnych. Stroje zosta\u0142y przygotowane z nowym logo szko\u0142y \u2013 to nie tylko element identyfikacji, ale te\u017c wyraz wsp\u00f3lnoty i dumy z przynale\u017cno\u015bci do naszej spo\u0142eczno\u015bci. Mamy nadziej\u0119, \u017ce koszulki b\u0119d\u0105 dobrze s\u0142u\u017cy\u0142y naszym sportowcom, dodadz\u0105 im pewno\u015bci siebie i\" \/>\n\t<meta name=\"robots\" content=\"max-image-preview:large\" \/>\n\t<meta name=\"author\" content=\"Redakcja\"\/>\n\t<link rel=\"canonical\" href=\"https:\/\/www.spkatarzyna.pl\/index.php\/2026\/03\/02\/nowe-koszulki-sportowe-od-rady-rodzicow\/\" \/>\n\t<meta name=\"generator\" content=\"All in One SEO (AIOSEO) 5.0.1.1\" \/>\n\t\t<meta property=\"og:locale\" content=\"pl_PL\" \/>\n\t\t<meta property=\"og:site_name\" content=\"SP Katarzyna - Publiczna Szko\u0142a Podstawowa w \u015awi\u0119tej Katarzynie\" \/>\n\t\t<meta property=\"og:type\" content=\"article\" \/>\n\t\t<meta property=\"og:title\" content=\"Nowe koszulki od Rady Rodzic\u00f3w - SP Katarzyna\" \/>\n\t\t<meta property=\"og:description\" content=\"Rada Rodzic\u00f3w ufundowa\u0142a nowe koszulki sportowe dla naszych uczni\u00f3w, kt\u00f3rzy reprezentuj\u0105 szko\u0142\u0119 podczas zawod\u00f3w i rozgrywek mi\u0119dzyszkolnych. Stroje zosta\u0142y przygotowane z nowym logo szko\u0142y \u2013 to nie tylko element identyfikacji, ale te\u017c wyraz wsp\u00f3lnoty i dumy z przynale\u017cno\u015bci do naszej spo\u0142eczno\u015bci. Mamy nadziej\u0119, \u017ce koszulki b\u0119d\u0105 dobrze s\u0142u\u017cy\u0142y naszym sportowcom, dodadz\u0105 im pewno\u015bci siebie i\" \/>\n\t\t<meta property=\"og:url\" content=\"https:\/\/www.spkatarzyna.pl\/index.php\/2026\/03\/02\/nowe-koszulki-sportowe-od-rady-rodzicow\/\" \/>\n\t\t<meta property=\"article:published_time\" content=\"2026-03-02T19:39:48+00:00\" \/>\n\t\t<meta property=\"article:modified_time\" content=\"2026-03-02T19:43:53+00:00\" \/>\n\t\t<meta name=\"twitter:card\" content=\"summary_large_image\" \/>\n\t\t<meta name=\"twitter:title\" content=\"Nowe koszulki od Rady Rodzic\u00f3w - SP Katarzyna\" \/>\n\t\t<meta name=\"twitter:description\" content=\"Rada Rodzic\u00f3w ufundowa\u0142a nowe koszulki sportowe dla naszych uczni\u00f3w, kt\u00f3rzy reprezentuj\u0105 szko\u0142\u0119 podczas zawod\u00f3w i rozgrywek mi\u0119dzyszkolnych. Stroje zosta\u0142y przygotowane z nowym logo szko\u0142y \u2013 to nie tylko element identyfikacji, ale te\u017c wyraz wsp\u00f3lnoty i dumy z przynale\u017cno\u015bci do naszej spo\u0142eczno\u015bci. Mamy nadziej\u0119, \u017ce koszulki b\u0119d\u0105 dobrze s\u0142u\u017cy\u0142y naszym sportowcom, dodadz\u0105 im pewno\u015bci siebie i\" \/>\n\t\t<script type=\"application\/ld+json\" class=\"aioseo-schema\">\n\t\t\t{\"@context\":\"https:\\\/\\\/schema.org\",\"@graph\":[{\"@type\":\"BlogPosting\",\"@id\":\"https:\\\/\\\/www.spkatarzyna.pl\\\/index.php\\\/2026\\\/03\\\/02\\\/nowe-koszulki-sportowe-od-rady-rodzicow\\\/#blogposting\",\"name\":\"Nowe koszulki od Rady Rodzic\\u00f3w - SP Katarzyna\",\"headline\":\"Nowe koszulki od Rady Rodzic\\u00f3w\",\"author\":{\"@id\":\"https:\\\/\\\/www.spkatarzyna.pl\\\/index.php\\\/author\\\/agatasafianspkatarzyna-pl\\\/#author\"},\"publisher\":{\"@id\":\"https:\\\/\\\/www.spkatarzyna.pl\\\/#organization\"},\"image\":{\"@type\":\"ImageObject\",\"url\":\"https:\\\/\\\/www.spkatarzyna.pl\\\/wp-content\\\/uploads\\\/2026\\\/03\\\/338ea9ab-cd28-4dc8-bf8a-57bc974c.jpg\",\"width\":360,\"height\":202},\"datePublished\":\"2026-03-02T19:39:48+01:00\",\"dateModified\":\"2026-03-02T19:43:53+01:00\",\"inLanguage\":\"pl-PL\",\"mainEntityOfPage\":{\"@id\":\"https:\\\/\\\/www.spkatarzyna.pl\\\/index.php\\\/2026\\\/03\\\/02\\\/nowe-koszulki-sportowe-od-rady-rodzicow\\\/#webpage\"},\"isPartOf\":{\"@id\":\"https:\\\/\\\/www.spkatarzyna.pl\\\/index.php\\\/2026\\\/03\\\/02\\\/nowe-koszulki-sportowe-od-rady-rodzicow\\\/#webpage\"},\"articleSection\":\"Uncategorized\"},{\"@type\":\"BreadcrumbList\",\"@id\":\"https:\\\/\\\/www.spkatarzyna.pl\\\/index.php\\\/2026\\\/03\\\/02\\\/nowe-koszulki-sportowe-od-rady-rodzicow\\\/#breadcrumblist\",\"itemListElement\":[{\"@type\":\"ListItem\",\"@id\":\"https:\\\/\\\/www.spkatarzyna.pl#listItem\",\"position\":1,\"name\":\"Dom\",\"item\":\"https:\\\/\\\/www.spkatarzyna.pl\",\"nextItem\":{\"@type\":\"ListItem\",\"@id\":\"https:\\\/\\\/www.spkatarzyna.pl\\\/index.php\\\/category\\\/uncategorized\\\/#listItem\",\"name\":\"Uncategorized\"}},{\"@type\":\"ListItem\",\"@id\":\"https:\\\/\\\/www.spkatarzyna.pl\\\/index.php\\\/category\\\/uncategorized\\\/#listItem\",\"position\":2,\"name\":\"Uncategorized\",\"item\":\"https:\\\/\\\/www.spkatarzyna.pl\\\/index.php\\\/category\\\/uncategorized\\\/\",\"nextItem\":{\"@type\":\"ListItem\",\"@id\":\"https:\\\/\\\/www.spkatarzyna.pl\\\/index.php\\\/2026\\\/03\\\/02\\\/nowe-koszulki-sportowe-od-rady-rodzicow\\\/#listItem\",\"name\":\"Nowe koszulki od Rady Rodzic\\u00f3w\"},\"previousItem\":{\"@type\":\"ListItem\",\"@id\":\"https:\\\/\\\/www.spkatarzyna.pl#listItem\",\"name\":\"Dom\"}},{\"@type\":\"ListItem\",\"@id\":\"https:\\\/\\\/www.spkatarzyna.pl\\\/index.php\\\/2026\\\/03\\\/02\\\/nowe-koszulki-sportowe-od-rady-rodzicow\\\/#listItem\",\"position\":3,\"name\":\"Nowe koszulki od Rady Rodzic\\u00f3w\",\"previousItem\":{\"@type\":\"ListItem\",\"@id\":\"https:\\\/\\\/www.spkatarzyna.pl\\\/index.php\\\/category\\\/uncategorized\\\/#listItem\",\"name\":\"Uncategorized\"}}]},{\"@type\":\"Organization\",\"@id\":\"https:\\\/\\\/www.spkatarzyna.pl\\\/#organization\",\"name\":\"SP Katarzyna\",\"description\":\"Publiczna Szko\\u0142a Podstawowa w \\u015awi\\u0119tej Katarzynie\",\"url\":\"https:\\\/\\\/www.spkatarzyna.pl\\\/\",\"telephone\":\"+48713116378\",\"sameAs\":[\"https:\\\/\\\/facebook.com\\\/\",\"https:\\\/\\\/x.com\\\/\",\"https:\\\/\\\/instagram.com\\\/\",\"https:\\\/\\\/pinterest.com\\\/\",\"https:\\\/\\\/youtube.com\\\/\",\"https:\\\/\\\/linkedin.com\\\/in\\\/\"]},{\"@type\":\"Person\",\"@id\":\"https:\\\/\\\/www.spkatarzyna.pl\\\/index.php\\\/author\\\/agatasafianspkatarzyna-pl\\\/#author\",\"url\":\"https:\\\/\\\/www.spkatarzyna.pl\\\/index.php\\\/author\\\/agatasafianspkatarzyna-pl\\\/\",\"name\":\"Redakcja\",\"image\":{\"@type\":\"ImageObject\",\"@id\":\"https:\\\/\\\/www.spkatarzyna.pl\\\/index.php\\\/2026\\\/03\\\/02\\\/nowe-koszulki-sportowe-od-rady-rodzicow\\\/#authorImage\",\"url\":\"https:\\\/\\\/secure.gravatar.com\\\/avatar\\\/765290513df94d442152250e92b42327?s=96&d=mm&r=g\",\"width\":96,\"height\":96,\"caption\":\"Redakcja\"}},{\"@type\":\"WebPage\",\"@id\":\"https:\\\/\\\/www.spkatarzyna.pl\\\/index.php\\\/2026\\\/03\\\/02\\\/nowe-koszulki-sportowe-od-rady-rodzicow\\\/#webpage\",\"url\":\"https:\\\/\\\/www.spkatarzyna.pl\\\/index.php\\\/2026\\\/03\\\/02\\\/nowe-koszulki-sportowe-od-rady-rodzicow\\\/\",\"name\":\"Nowe koszulki od Rady Rodzic\\u00f3w - SP Katarzyna\",\"description\":\"Rada Rodzic\\u00f3w ufundowa\\u0142a nowe koszulki sportowe dla naszych uczni\\u00f3w, kt\\u00f3rzy reprezentuj\\u0105 szko\\u0142\\u0119 podczas zawod\\u00f3w i rozgrywek mi\\u0119dzyszkolnych. Stroje zosta\\u0142y przygotowane z nowym logo szko\\u0142y \\u2013 to nie tylko element identyfikacji, ale te\\u017c wyraz wsp\\u00f3lnoty i dumy z przynale\\u017cno\\u015bci do naszej spo\\u0142eczno\\u015bci. Mamy nadziej\\u0119, \\u017ce koszulki b\\u0119d\\u0105 dobrze s\\u0142u\\u017cy\\u0142y naszym sportowcom, dodadz\\u0105 im pewno\\u015bci siebie i\",\"inLanguage\":\"pl-PL\",\"isPartOf\":{\"@id\":\"https:\\\/\\\/www.spkatarzyna.pl\\\/#website\"},\"breadcrumb\":{\"@id\":\"https:\\\/\\\/www.spkatarzyna.pl\\\/index.php\\\/2026\\\/03\\\/02\\\/nowe-koszulki-sportowe-od-rady-rodzicow\\\/#breadcrumblist\"},\"author\":{\"@id\":\"https:\\\/\\\/www.spkatarzyna.pl\\\/index.php\\\/author\\\/agatasafianspkatarzyna-pl\\\/#author\"},\"creator\":{\"@id\":\"https:\\\/\\\/www.spkatarzyna.pl\\\/index.php\\\/author\\\/agatasafianspkatarzyna-pl\\\/#author\"},\"image\":{\"@type\":\"ImageObject\",\"url\":\"https:\\\/\\\/www.spkatarzyna.pl\\\/wp-content\\\/uploads\\\/2026\\\/03\\\/338ea9ab-cd28-4dc8-bf8a-57bc974c.jpg\",\"@id\":\"https:\\\/\\\/www.spkatarzyna.pl\\\/index.php\\\/2026\\\/03\\\/02\\\/nowe-koszulki-sportowe-od-rady-rodzicow\\\/#mainImage\",\"width\":360,\"height\":202},\"primaryImageOfPage\":{\"@id\":\"https:\\\/\\\/www.spkatarzyna.pl\\\/index.php\\\/2026\\\/03\\\/02\\\/nowe-koszulki-sportowe-od-rady-rodzicow\\\/#mainImage\"},\"datePublished\":\"2026-03-02T19:39:48+01:00\",\"dateModified\":\"2026-03-02T19:43:53+01:00\"},{\"@type\":\"WebSite\",\"@id\":\"https:\\\/\\\/www.spkatarzyna.pl\\\/#website\",\"url\":\"https:\\\/\\\/www.spkatarzyna.pl\\\/\",\"name\":\"SP Katarzyna\",\"description\":\"Publiczna Szko\\u0142a Podstawowa w \\u015awi\\u0119tej Katarzynie\",\"inLanguage\":\"pl-PL\",\"publisher\":{\"@id\":\"https:\\\/\\\/www.spkatarzyna.pl\\\/#organization\"}}]}\n\t\t<\/script>\n\t\t<!-- All in One SEO -->\n\n","aioseo_head_json":{"title":"Nowe koszulki od Rady Rodzic\u00f3w - SP Katarzyna","description":"Rada Rodzic\u00f3w ufundowa\u0142a nowe koszulki sportowe dla naszych uczni\u00f3w, kt\u00f3rzy reprezentuj\u0105 szko\u0142\u0119 podczas zawod\u00f3w i rozgrywek mi\u0119dzyszkolnych. Stroje zosta\u0142y przygotowane z nowym logo szko\u0142y \u2013 to nie tylko element identyfikacji, ale te\u017c wyraz wsp\u00f3lnoty i dumy z przynale\u017cno\u015bci do naszej spo\u0142eczno\u015bci. Mamy nadziej\u0119, \u017ce koszulki b\u0119d\u0105 dobrze s\u0142u\u017cy\u0142y naszym sportowcom, dodadz\u0105 im pewno\u015bci siebie i","canonical_url":"https:\/\/www.spkatarzyna.pl\/index.php\/2026\/03\/02\/nowe-koszulki-sportowe-od-rady-rodzicow\/","robots":"max-image-preview:large","keywords":"","webmasterTools":{"miscellaneous":""},"schema":{"@context":"https:\/\/schema.org","@graph":[{"@type":"BlogPosting","@id":"https:\/\/www.spkatarzyna.pl\/index.php\/2026\/03\/02\/nowe-koszulki-sportowe-od-rady-rodzicow\/#blogposting","name":"Nowe koszulki od Rady Rodzic\u00f3w - SP Katarzyna","headline":"Nowe koszulki od Rady Rodzic\u00f3w","author":{"@id":"https:\/\/www.spkatarzyna.pl\/index.php\/author\/agatasafianspkatarzyna-pl\/#author"},"publisher":{"@id":"https:\/\/www.spkatarzyna.pl\/#organization"},"image":{"@type":"ImageObject","url":"https:\/\/www.spkatarzyna.pl\/wp-content\/uploads\/2026\/03\/338ea9ab-cd28-4dc8-bf8a-57bc974c.jpg","width":360,"height":202},"datePublished":"2026-03-02T19:39:48+01:00","dateModified":"2026-03-02T19:43:53+01:00","inLanguage":"pl-PL","mainEntityOfPage":{"@id":"https:\/\/www.spkatarzyna.pl\/index.php\/2026\/03\/02\/nowe-koszulki-sportowe-od-rady-rodzicow\/#webpage"},"isPartOf":{"@id":"https:\/\/www.spkatarzyna.pl\/index.php\/2026\/03\/02\/nowe-koszulki-sportowe-od-rady-rodzicow\/#webpage"},"articleSection":"Uncategorized"},{"@type":"BreadcrumbList","@id":"https:\/\/www.spkatarzyna.pl\/index.php\/2026\/03\/02\/nowe-koszulki-sportowe-od-rady-rodzicow\/#breadcrumblist","itemListElement":[{"@type":"ListItem","@id":"https:\/\/www.spkatarzyna.pl#listItem","position":1,"name":"Dom","item":"https:\/\/www.spkatarzyna.pl","nextItem":{"@type":"ListItem","@id":"https:\/\/www.spkatarzyna.pl\/index.php\/category\/uncategorized\/#listItem","name":"Uncategorized"}},{"@type":"ListItem","@id":"https:\/\/www.spkatarzyna.pl\/index.php\/category\/uncategorized\/#listItem","position":2,"name":"Uncategorized","item":"https:\/\/www.spkatarzyna.pl\/index.php\/category\/uncategorized\/","nextItem":{"@type":"ListItem","@id":"https:\/\/www.spkatarzyna.pl\/index.php\/2026\/03\/02\/nowe-koszulki-sportowe-od-rady-rodzicow\/#listItem","name":"Nowe koszulki od Rady Rodzic\u00f3w"},"previousItem":{"@type":"ListItem","@id":"https:\/\/www.spkatarzyna.pl#listItem","name":"Dom"}},{"@type":"ListItem","@id":"https:\/\/www.spkatarzyna.pl\/index.php\/2026\/03\/02\/nowe-koszulki-sportowe-od-rady-rodzicow\/#listItem","position":3,"name":"Nowe koszulki od Rady Rodzic\u00f3w","previousItem":{"@type":"ListItem","@id":"https:\/\/www.spkatarzyna.pl\/index.php\/category\/uncategorized\/#listItem","name":"Uncategorized"}}]},{"@type":"Organization","@id":"https:\/\/www.spkatarzyna.pl\/#organization","name":"SP Katarzyna","description":"Publiczna Szko\u0142a Podstawowa w \u015awi\u0119tej Katarzynie","url":"https:\/\/www.spkatarzyna.pl\/","telephone":"+48713116378","sameAs":["https:\/\/facebook.com\/","https:\/\/x.com\/","https:\/\/instagram.com\/","https:\/\/pinterest.com\/","https:\/\/youtube.com\/","https:\/\/linkedin.com\/in\/"]},{"@type":"Person","@id":"https:\/\/www.spkatarzyna.pl\/index.php\/author\/agatasafianspkatarzyna-pl\/#author","url":"https:\/\/www.spkatarzyna.pl\/index.php\/author\/agatasafianspkatarzyna-pl\/","name":"Redakcja","image":{"@type":"ImageObject","@id":"https:\/\/www.spkatarzyna.pl\/index.php\/2026\/03\/02\/nowe-koszulki-sportowe-od-rady-rodzicow\/#authorImage","url":"https:\/\/secure.gravatar.com\/avatar\/765290513df94d442152250e92b42327?s=96&d=mm&r=g","width":96,"height":96,"caption":"Redakcja"}},{"@type":"WebPage","@id":"https:\/\/www.spkatarzyna.pl\/index.php\/2026\/03\/02\/nowe-koszulki-sportowe-od-rady-rodzicow\/#webpage","url":"https:\/\/www.spkatarzyna.pl\/index.php\/2026\/03\/02\/nowe-koszulki-sportowe-od-rady-rodzicow\/","name":"Nowe koszulki od Rady Rodzic\u00f3w - SP Katarzyna","description":"Rada Rodzic\u00f3w ufundowa\u0142a nowe koszulki sportowe dla naszych uczni\u00f3w, kt\u00f3rzy reprezentuj\u0105 szko\u0142\u0119 podczas zawod\u00f3w i rozgrywek mi\u0119dzyszkolnych. Stroje zosta\u0142y przygotowane z nowym logo szko\u0142y \u2013 to nie tylko element identyfikacji, ale te\u017c wyraz wsp\u00f3lnoty i dumy z przynale\u017cno\u015bci do naszej spo\u0142eczno\u015bci. Mamy nadziej\u0119, \u017ce koszulki b\u0119d\u0105 dobrze s\u0142u\u017cy\u0142y naszym sportowcom, dodadz\u0105 im pewno\u015bci siebie i","inLanguage":"pl-PL","isPartOf":{"@id":"https:\/\/www.spkatarzyna.pl\/#website"},"breadcrumb":{"@id":"https:\/\/www.spkatarzyna.pl\/index.php\/2026\/03\/02\/nowe-koszulki-sportowe-od-rady-rodzicow\/#breadcrumblist"},"author":{"@id":"https:\/\/www.spkatarzyna.pl\/index.php\/author\/agatasafianspkatarzyna-pl\/#author"},"creator":{"@id":"https:\/\/www.spkatarzyna.pl\/index.php\/author\/agatasafianspkatarzyna-pl\/#author"},"image":{"@type":"ImageObject","url":"https:\/\/www.spkatarzyna.pl\/wp-content\/uploads\/2026\/03\/338ea9ab-cd28-4dc8-bf8a-57bc974c.jpg","@id":"https:\/\/www.spkatarzyna.pl\/index.php\/2026\/03\/02\/nowe-koszulki-sportowe-od-rady-rodzicow\/#mainImage","width":360,"height":202},"primaryImageOfPage":{"@id":"https:\/\/www.spkatarzyna.pl\/index.php\/2026\/03\/02\/nowe-koszulki-sportowe-od-rady-rodzicow\/#mainImage"},"datePublished":"2026-03-02T19:39:48+01:00","dateModified":"2026-03-02T19:43:53+01:00"},{"@type":"WebSite","@id":"https:\/\/www.spkatarzyna.pl\/#website","url":"https:\/\/www.spkatarzyna.pl\/","name":"SP Katarzyna","description":"Publiczna Szko\u0142a Podstawowa w \u015awi\u0119tej Katarzynie","inLanguage":"pl-PL","publisher":{"@id":"https:\/\/www.spkatarzyna.pl\/#organization"}}]},"og:locale":"pl_PL","og:site_name":"SP Katarzyna - Publiczna Szko\u0142a Podstawowa w \u015awi\u0119tej Katarzynie","og:type":"article","og:title":"Nowe koszulki od Rady Rodzic\u00f3w - SP Katarzyna","og:description":"Rada Rodzic\u00f3w ufundowa\u0142a nowe koszulki sportowe dla naszych uczni\u00f3w, kt\u00f3rzy reprezentuj\u0105 szko\u0142\u0119 podczas zawod\u00f3w i rozgrywek mi\u0119dzyszkolnych. Stroje zosta\u0142y przygotowane z nowym logo szko\u0142y \u2013 to nie tylko element identyfikacji, ale te\u017c wyraz wsp\u00f3lnoty i dumy z przynale\u017cno\u015bci do naszej spo\u0142eczno\u015bci. Mamy nadziej\u0119, \u017ce koszulki b\u0119d\u0105 dobrze s\u0142u\u017cy\u0142y naszym sportowcom, dodadz\u0105 im pewno\u015bci siebie i","og:url":"https:\/\/www.spkatarzyna.pl\/index.php\/2026\/03\/02\/nowe-koszulki-sportowe-od-rady-rodzicow\/","article:published_time":"2026-03-02T19:39:48+00:00","article:modified_time":"2026-03-02T19:43:53+00:00","twitter:card":"summary_large_image","twitter:title":"Nowe koszulki od Rady Rodzic\u00f3w - SP Katarzyna","twitter:description":"Rada Rodzic\u00f3w ufundowa\u0142a nowe koszulki sportowe dla naszych uczni\u00f3w, kt\u00f3rzy reprezentuj\u0105 szko\u0142\u0119 podczas zawod\u00f3w i rozgrywek mi\u0119dzyszkolnych. Stroje zosta\u0142y przygotowane z nowym logo szko\u0142y \u2013 to nie tylko element identyfikacji, ale te\u017c wyraz wsp\u00f3lnoty i dumy z przynale\u017cno\u015bci do naszej spo\u0142eczno\u015bci. Mamy nadziej\u0119, \u017ce koszulki b\u0119d\u0105 dobrze s\u0142u\u017cy\u0142y naszym sportowcom, dodadz\u0105 im pewno\u015bci siebie i"},"aioseo_meta_data":{"post_id":"18686","title":null,"description":null,"keywords":null,"keyphrases":{"focus":{"keyphrase":"","score":0,"analysis":{"keyphraseInTitle":{"score":0,"maxScore":9,"error":1}}},"additional":[]},"primary_term":null,"canonical_url":null,"og_title":null,"og_description":null,"og_object_type":"default","og_image_type":"default","og_image_url":null,"og_image_width":null,"og_image_height":null,"og_image_custom_url":null,"og_image_custom_fields":null,"og_video":"","og_custom_url":null,"og_article_section":null,"og_article_tags":null,"twitter_use_og":false,"twitter_card":"default","twitter_image_type":"default","twitter_image_url":null,"twitter_image_custom_url":null,"twitter_image_custom_fields":null,"twitter_title":null,"twitter_description":null,"schema":{"blockGraphs":[],"customGraphs":[],"default":{"data":{"Article":[],"Course":[],"Dataset":[],"FAQPage":[],"Movie":[],"Person":[],"Product":[],"ProductReview":[],"Car":[],"Recipe":[],"Service":[],"SoftwareApplication":[],"WebPage":[]},"graphName":"BlogPosting","isEnabled":true},"graphs":[]},"schema_type":"default","schema_type_options":null,"pillar_content":false,"robots_default":true,"robots_noindex":false,"robots_noarchive":false,"robots_nosnippet":false,"robots_nofollow":false,"robots_noimageindex":false,"robots_noodp":false,"robots_notranslate":false,"robots_max_snippet":"-1","robots_max_videopreview":"-1","robots_max_imagepreview":"large","priority":null,"frequency":"default","local_seo":null,"limit_modified_date":false,"created":"2026-03-02 19:39:49","updated":"2026-09-03 17:46:47","focus_keyword":null,"additional_keywords":null,"truseo_locale":null,"ai":null,"breadcrumb_settings":null,"seo_analyzer_scan_date":null},"aioseo_breadcrumb":"<div class=\"aioseo-breadcrumbs\"><span class=\"aioseo-breadcrumb\">\n\t\t\t<a href=\"https:\/\/www.spkatarzyna.pl\" title=\"Dom\">Dom<\/a>\n\t\t<\/span><span class=\"aioseo-breadcrumb-separator\">&raquo;<\/span><span class=\"aioseo-breadcrumb\">\n\t\t\t<a href=\"https:\/\/www.spkatarzyna.pl\/index.php\/category\/uncategorized\/\" title=\"Uncategorized\">Uncategorized<\/a>\n\t\t<\/span><span class=\"aioseo-breadcrumb-separator\">&raquo;<\/span><span class=\"aioseo-breadcrumb\">\n\t\t\tNowe koszulki od Rady Rodzic\u00f3w\n\t\t<\/span><\/div>","aioseo_breadcrumb_json":[{"label":"Dom","link":"https:\/\/www.spkatarzyna.pl"},{"label":"Uncategorized","link":"https:\/\/www.spkatarzyna.pl\/index.php\/category\/uncategorized\/"},{"label":"Nowe koszulki od Rady Rodzic\u00f3w","link":"https:\/\/www.spkatarzyna.pl\/index.php\/2026\/03\/02\/nowe-koszulki-sportowe-od-rady-rodzicow\/"}],"_links":{"self":[{"href":"https:\/\/www.spkatarzyna.pl\/index.php\/wp-json\/wp\/v2\/posts\/18686","targetHints":{"allow":["GET"]}}],"collection":[{"href":"https:\/\/www.spkatarzyna.pl\/index.php\/wp-json\/wp\/v2\/posts"}],"about":[{"href":"https:\/\/www.spkatarzyna.pl\/index.php\/wp-json\/wp\/v2\/types\/post"}],"author":[{"embeddable":true,"href":"https:\/\/www.spkatarzyna.pl\/index.php\/wp-json\/wp\/v2\/users\/6"}],"replies":[{"embeddable":true,"href":"https:\/\/www.spkatarzyna.pl\/index.php\/wp-json\/wp\/v2\/comments?post=18686"}],"version-history":[{"count":6,"href":"https:\/\/www.spkatarzyna.pl\/index.php\/wp-json\/wp\/v2\/posts\/18686\/revisions"}],"predecessor-version":[{"id":18700,"href":"https:\/\/www.spkatarzyna.pl\/index.php\/wp-json\/wp\/v2\/posts\/18686\/revisions\/18700"}],"wp:featuredmedia":[{"embeddable":true,"href":"https:\/\/www.spkatarzyna.pl\/index.php\/wp-json\/wp\/v2\/media\/18687"}],"wp:attachment":[{"href":"https:\/\/www.spkatarzyna.pl\/index.php\/wp-json\/wp\/v2\/media?parent=18686"}],"wp:term":[{"taxonomy":"category","embeddable":true,"href":"https:\/\/www.spkatarzyna.pl\/index.php\/wp-json\/wp\/v2\/categories?post=18686"},{"taxonomy":"post_tag","embeddable":true,"href":"https:\/\/www.spkatarzyna.pl\/index.php\/wp-json\/wp\/v2\/tags?post=18686"}],"curies":[{"name":"wp","href":"https:\/\/api.w.org\/{rel}","templated":true}]}}