{"id":18740,"date":"2026-03-11T19:05:46","date_gmt":"2026-03-11T19:05:46","guid":{"rendered":"https:\/\/www.spkatarzyna.pl\/?p=18740"},"modified":"2026-06-22T15:41:44","modified_gmt":"2026-06-22T13:41:44","slug":"sukcesy-sportowe-uczniow","status":"publish","type":"post","link":"https:\/\/www.spkatarzyna.pl\/index.php\/2026\/03\/11\/sukcesy-sportowe-uczniow\/","title":{"rendered":"Sukcesy naszych uczni\u00f3w"},"content":{"rendered":"\t\t<div data-elementor-type=\"wp-post\" data-elementor-id=\"18740\" class=\"elementor elementor-18740\">\n\t\t\t\t<div class=\"elementor-element elementor-element-66bcf06b e-flex e-con-boxed e-con e-parent\" data-id=\"66bcf06b\" data-element_type=\"container\">\n\t\t\t\t\t<div class=\"e-con-inner\">\n\t\t\t\t<div class=\"elementor-element elementor-element-5eee891 elementor-widget-divider--view-line elementor-widget elementor-widget-divider\" data-id=\"5eee891\" data-element_type=\"widget\" data-widget_type=\"divider.default\">\n\t\t\t\t\t\t\t<div class=\"elementor-divider\">\n\t\t\t<span class=\"elementor-divider-separator\">\n\t\t\t\t\t\t<\/span>\n\t\t<\/div>\n\t\t\t\t\t\t<\/div>\n\t\t\t\t<div class=\"elementor-element elementor-element-0870c99 elementor-widget elementor-widget-heading\" data-id=\"0870c99\" data-element_type=\"widget\" data-widget_type=\"heading.default\">\n\t\t\t\t\t<h2 class=\"elementor-heading-title elementor-size-default\">Sukcesy sportowe ucznia klasy 2b\n\n<\/h2>\t\t\t\t<\/div>\n\t\t\t\t<div class=\"elementor-element elementor-element-46154b6 elementor-widget elementor-widget-text-editor\" data-id=\"46154b6\" data-element_type=\"widget\" data-widget_type=\"text-editor.default\">\n\t\t\t\t\t\t\t\t\t<div class=\"gmail_quote\">\u00a0<span style=\"font-family: helvetica, arial, sans-serif; font-size: 14pt;\">Ucze\u0144 naszej szko\u0142y Szymon Warzecha\u00a0udowodni\u0142, \u017ce ci\u0119\u017cka praca i sportowa pasja to klucz do wielkiego sukcesu.<\/span><\/div><div style=\"text-align: justify;\"><span style=\"font-family: helvetica, arial, sans-serif; font-size: 14pt;\">Oto jego najwi\u0119ksze osi\u0105gni\u0119cia w tym roku szkolnym:<\/span><\/div><div style=\"text-align: justify;\"><span style=\"font-family: helvetica, arial, sans-serif; font-size: 14pt;\">11.2025 M\u0142odzie\u017cowe Igrzyska Szk\u00f3\u0142 Dolnego \u015al\u0105ska &#8211; 1 miejsce w konkurencji kata<\/span><\/div><div style=\"text-align: justify;\"><span style=\"font-family: helvetica, arial, sans-serif; font-size: 14pt;\">03.2026 International XXV Central Europe Open Bydgoszcz 2026 &#8211; 3 miejsce w konkurencji kata<\/span><\/div><div style=\"text-align: justify;\"><span style=\"font-family: helvetica, arial, sans-serif; font-size: 14pt;\">W zawodach wystartowalo 1200 zawodnik\u00f3w z 13 kraj\u00f3w<\/span><\/div><div style=\"text-align: justify;\">\u00a0<\/div><div style=\"text-align: justify;\"><span style=\"font-family: helvetica, arial, sans-serif; font-size: 14pt;\">03.2026 turnieju karate IV Warsaw Open 2026 &#8211; 3 miejsce w konkurencji kata<\/span><\/div><div style=\"text-align: justify;\"><span style=\"font-family: helvetica, arial, sans-serif; font-size: 14pt;\">W zawodach wystartowalo prawie 700 zawodnik\u00f3w z 7 kraj\u00f3w<\/span><\/div><div style=\"text-align: justify;\">\u00a0<\/div><div style=\"text-align: justify;\"><span style=\"font-family: helvetica, arial, sans-serif; font-size: 14pt;\">04.2026 XII Central Poland Open 2026 Pleszew &#8211; 5 miejsce w konkurencji kata i 7 miejsce w kumite<\/span><\/div><div style=\"text-align: justify;\"><span style=\"font-family: helvetica, arial, sans-serif; font-size: 14pt;\">W zawodach wystartowalo prawie 1200 zawodnikow z 7 krajow<\/span><\/div><div style=\"text-align: justify;\">\u00a0<\/div><div style=\"text-align: justify;\"><span style=\"font-family: helvetica, arial, sans-serif; font-size: 14pt;\">04.2026 Open Grand Prix Karate WKF Kobylin &#8211; dwa 3 miejsca kata i 2 miejsce w kumite<\/span><\/div><div style=\"text-align: justify;\"><span style=\"font-family: helvetica, arial, sans-serif; font-size: 14pt;\">Prawie 500 zawodnikow<\/span><\/div><div style=\"text-align: justify;\">\u00a0<\/div><div style=\"text-align: justify;\"><span style=\"font-family: helvetica, arial, sans-serif; font-size: 14pt;\">05.2026 V Sudetes Open w Karpaczu &#8211; 2 zlote i 2 srebrne w konkurencjach kata i kumite + nagroda dla najlepszego zawodnika turnieju.<\/span><\/div><div style=\"text-align: justify;\"><span style=\"font-family: helvetica, arial, sans-serif; font-size: 14pt;\">W zawodach wystartowalo prawie 600 zawodnikow<\/span><\/div><div style=\"text-align: justify;\">\u00a0<\/div><div style=\"text-align: justify;\"><span style=\"font-family: helvetica, arial, sans-serif; font-size: 14pt;\">06.2026 XX International Karate Grand Prix Polish Open 2026 &#8211; 1 miejsce w konkurencji kata<\/span><\/div><div style=\"text-align: justify;\"><span style=\"font-family: helvetica, arial, sans-serif; font-size: 14pt;\">W zawodach wystartowalo prawie 2000 zawodnikow z 34 krajow<\/span><\/div><div style=\"text-align: justify;\">\u00a0<\/div><div style=\"text-align: justify;\"><p><span style=\"font-family: helvetica, arial, sans-serif; font-size: 14pt;\">Gratulujemy i \u017cyczymy, aby ka\u017cdy kolejny start przynosi\u0142 nowe rekordy \u017cyciowe.<\/span><\/p><\/div><div style=\"text-align: justify;\">\u00a0<\/div>\t\t\t\t\t\t\t\t<\/div>\n\t\t\t\t<div class=\"elementor-element elementor-element-3862329 elementor-widget elementor-widget-image-gallery\" data-id=\"3862329\" data-element_type=\"widget\" data-widget_type=\"image-gallery.default\">\n\t\t\t\t\t\t\t<div class=\"elementor-image-gallery\">\n\t\t\t\n\t\t<div id='gallery-1' class='gallery galleryid-18740 gallery-columns-7 gallery-size-thumbnail gallery1'><script type=\"text\/javascript\">\n\/\/ <![CDATA[\n\tjQuery(document).ready(function () {\n\t\tjQuery(\".gallery1 a\").attr(\"rel\",\"gallery1\");\t\n\t\tjQuery('a[rel=\"gallery1\"]').colorbox({title: function(){ return jQuery(this).children().attr(\"alt\"); }});\n\t});\n\/\/ ]]>\n<\/script>\n<dl class=\"gallery-item\">\n<dt class=\"gallery-icon\">\n<a href=\"https:\/\/www.spkatarzyna.pl\/wp-content\/uploads\/2026\/06\/03.2026-225x300.jpg\" title=\"\" rel=\"gallery1\" rel=\"lightbox[18740]\"><img decoding=\"async\" src=\"https:\/\/www.spkatarzyna.pl\/wp-content\/uploads\/2026\/06\/03.2026-150x150.jpg\" width=\"150\" height=\"150\" alt=\"\" \/><\/a>\n<\/dt><\/dl><dl class=\"gallery-item\">\n<dt class=\"gallery-icon\">\n<a href=\"https:\/\/www.spkatarzyna.pl\/wp-content\/uploads\/2026\/06\/03w.2026-300x225.jpg\" title=\"\" rel=\"gallery1\" rel=\"lightbox[18740]\"><img decoding=\"async\" src=\"https:\/\/www.spkatarzyna.pl\/wp-content\/uploads\/2026\/06\/03w.2026-150x150.jpg\" width=\"150\" height=\"150\" alt=\"\" \/><\/a>\n<\/dt><\/dl><dl class=\"gallery-item\">\n<dt class=\"gallery-icon\">\n<a href=\"https:\/\/www.spkatarzyna.pl\/wp-content\/uploads\/2026\/06\/04.2026-225x300.jpg\" title=\"\" rel=\"gallery1\" rel=\"lightbox[18740]\"><img decoding=\"async\" src=\"https:\/\/www.spkatarzyna.pl\/wp-content\/uploads\/2026\/06\/04.2026-150x150.jpg\" width=\"150\" height=\"150\" alt=\"\" \/><\/a>\n<\/dt><\/dl><dl class=\"gallery-item\">\n<dt class=\"gallery-icon\">\n<a href=\"https:\/\/www.spkatarzyna.pl\/wp-content\/uploads\/2026\/06\/05.2026-135x300.jpg\" title=\"\" rel=\"gallery1\" rel=\"lightbox[18740]\"><img loading=\"lazy\" decoding=\"async\" src=\"https:\/\/www.spkatarzyna.pl\/wp-content\/uploads\/2026\/06\/05.2026-150x150.jpg\" width=\"150\" height=\"150\" alt=\"\" \/><\/a>\n<\/dt><\/dl><dl class=\"gallery-item\">\n<dt class=\"gallery-icon\">\n<a href=\"https:\/\/www.spkatarzyna.pl\/wp-content\/uploads\/2026\/06\/05a.2026-225x300.jpg\" title=\"\" rel=\"gallery1\" rel=\"lightbox[18740]\"><img loading=\"lazy\" decoding=\"async\" src=\"https:\/\/www.spkatarzyna.pl\/wp-content\/uploads\/2026\/06\/05a.2026-150x150.jpg\" width=\"150\" height=\"150\" alt=\"\" \/><\/a>\n<\/dt><\/dl><dl class=\"gallery-item\">\n<dt class=\"gallery-icon\">\n<a href=\"https:\/\/www.spkatarzyna.pl\/wp-content\/uploads\/2026\/06\/06.2026-225x300.jpg\" title=\"\" rel=\"gallery1\" rel=\"lightbox[18740]\"><img loading=\"lazy\" decoding=\"async\" src=\"https:\/\/www.spkatarzyna.pl\/wp-content\/uploads\/2026\/06\/06.2026-150x150.jpg\" width=\"150\" height=\"150\" alt=\"\" \/><\/a>\n<\/dt><\/dl><dl class=\"gallery-item\">\n<dt class=\"gallery-icon\">\n<a href=\"https:\/\/www.spkatarzyna.pl\/wp-content\/uploads\/2026\/06\/11.2025-300x225.jpg\" title=\"\" rel=\"gallery1\" rel=\"lightbox[18740]\"><img loading=\"lazy\" decoding=\"async\" src=\"https:\/\/www.spkatarzyna.pl\/wp-content\/uploads\/2026\/06\/11.2025-150x150.jpg\" width=\"150\" height=\"150\" alt=\"\" \/><\/a>\n<\/dt><\/dl><br style=\"clear: both\" \/><br style=\"clear: both\" \/><\/div>\t\t<\/div>\n\t\t\t\t\t\t<\/div>\n\t\t\t\t<div class=\"elementor-element elementor-element-139adad elementor-widget-divider--view-line elementor-widget elementor-widget-divider\" data-id=\"139adad\" data-element_type=\"widget\" data-widget_type=\"divider.default\">\n\t\t\t\t\t\t\t<div class=\"elementor-divider\">\n\t\t\t<span class=\"elementor-divider-separator\">\n\t\t\t\t\t\t<\/span>\n\t\t<\/div>\n\t\t\t\t\t\t<\/div>\n\t\t\t\t<div class=\"elementor-element elementor-element-3609b05 elementor-widget elementor-widget-heading\" data-id=\"3609b05\" data-element_type=\"widget\" data-widget_type=\"heading.default\">\n\t\t\t\t\t<h2 class=\"elementor-heading-title elementor-size-default\">I miejsce naszej uczennicy na Mistrzostwach Polski <\/h2>\t\t\t\t<\/div>\n\t\t\t\t<div class=\"elementor-element elementor-element-ea5512d elementor-widget elementor-widget-text-editor\" data-id=\"ea5512d\" data-element_type=\"widget\" data-widget_type=\"text-editor.default\">\n\t\t\t\t\t\t\t\t\t<p style=\"text-align: justify;\"><span style=\"font-size: 14pt; color: #000000;\">16.05.2026 r. w Gogolinie uczennica klasy 3c &#8211; Martyna Puk zdoby\u0142a 1. miejsce na Mistrzostwach Polski Po\u0142udniowo-Zachodniej Ta\u0144ca Ma\u017coretkowego w kategorii Duet Pompon Kadet wraz z Dian\u0105 Chudak (uczennic\u0105 SP2 w Siechnicach). Dodatkowo, wraz z zespo\u0142em wywalczy\u0142a 2. miejsce w kategorii Kadetki Baton. Sukcesy te zapewni\u0142y Martynie awans do Mistrzostw Og\u00f3lnopolskich, kt\u00f3re odb\u0119d\u0105 si\u0119 30.05.2026 r. w K\u0119dzierzynie-Ko\u017alu. <\/span><\/p><p style=\"text-align: justify;\"><span style=\"font-size: 14pt; color: #000000;\">Gratulujemy i trzymamy kciuki za dalsze sukcesy!<\/span><\/p>\t\t\t\t\t\t\t\t<\/div>\n\t\t\t\t<div class=\"elementor-element elementor-element-3325fc6 elementor-widget elementor-widget-image-gallery\" data-id=\"3325fc6\" data-element_type=\"widget\" data-widget_type=\"image-gallery.default\">\n\t\t\t\t\t\t\t<div class=\"elementor-image-gallery\">\n\t\t\t\n\t\t<div id='gallery-2' class='gallery galleryid-18740 gallery-columns-3 gallery-size-thumbnail gallery1'><script type=\"text\/javascript\">\n\/\/ <![CDATA[\n\tjQuery(document).ready(function () {\n\t\tjQuery(\".gallery1 a\").attr(\"rel\",\"gallery1\");\t\n\t\tjQuery('a[rel=\"gallery1\"]').colorbox({title: function(){ return jQuery(this).children().attr(\"alt\"); }});\n\t});\n\/\/ ]]>\n<\/script>\n<dl class=\"gallery-item\">\n<dt class=\"gallery-icon\">\n<a href=\"https:\/\/www.spkatarzyna.pl\/wp-content\/uploads\/2026\/05\/1000066120-188x300.jpg\" title=\"\" rel=\"gallery1\" rel=\"lightbox[18740]\"><img loading=\"lazy\" decoding=\"async\" src=\"https:\/\/www.spkatarzyna.pl\/wp-content\/uploads\/2026\/05\/1000066120-150x150.jpg\" width=\"150\" height=\"150\" alt=\"\" \/><\/a>\n<\/dt><\/dl><dl class=\"gallery-item\">\n<dt class=\"gallery-icon\">\n<a href=\"https:\/\/www.spkatarzyna.pl\/wp-content\/uploads\/2026\/05\/1000066121-217x300.jpg\" title=\"\" rel=\"gallery1\" rel=\"lightbox[18740]\"><img loading=\"lazy\" decoding=\"async\" src=\"https:\/\/www.spkatarzyna.pl\/wp-content\/uploads\/2026\/05\/1000066121-150x150.jpg\" width=\"150\" height=\"150\" alt=\"\" \/><\/a>\n<\/dt><\/dl><dl class=\"gallery-item\">\n<dt class=\"gallery-icon\">\n<a href=\"https:\/\/www.spkatarzyna.pl\/wp-content\/uploads\/2026\/05\/1000066122-222x300.jpg\" title=\"\" rel=\"gallery1\" rel=\"lightbox[18740]\"><img loading=\"lazy\" decoding=\"async\" src=\"https:\/\/www.spkatarzyna.pl\/wp-content\/uploads\/2026\/05\/1000066122-150x150.jpg\" width=\"150\" height=\"150\" alt=\"\" \/><\/a>\n<\/dt><\/dl><br style=\"clear: both\" \/><br style=\"clear: both\" \/><\/div>\t\t<\/div>\n\t\t\t\t\t\t<\/div>\n\t\t\t\t<div class=\"elementor-element elementor-element-12b230e elementor-widget-divider--view-line elementor-widget elementor-widget-divider\" data-id=\"12b230e\" data-element_type=\"widget\" data-widget_type=\"divider.default\">\n\t\t\t\t\t\t\t<div class=\"elementor-divider\">\n\t\t\t<span class=\"elementor-divider-separator\">\n\t\t\t\t\t\t<\/span>\n\t\t<\/div>\n\t\t\t\t\t\t<\/div>\n\t\t\t\t<div class=\"elementor-element elementor-element-3bc7765 elementor-widget elementor-widget-heading\" data-id=\"3bc7765\" data-element_type=\"widget\" data-widget_type=\"heading.default\">\n\t\t\t\t\t<h2 class=\"elementor-heading-title elementor-size-default\">Sukcesy sportowe uczni\u00f3w<\/h2>\t\t\t\t<\/div>\n\t\t\t\t<div class=\"elementor-element elementor-element-42b56ec elementor-widget-divider--view-line elementor-widget elementor-widget-divider\" data-id=\"42b56ec\" data-element_type=\"widget\" data-widget_type=\"divider.default\">\n\t\t\t\t\t\t\t<div class=\"elementor-divider\">\n\t\t\t<span class=\"elementor-divider-separator\">\n\t\t\t\t\t\t<\/span>\n\t\t<\/div>\n\t\t\t\t\t\t<\/div>\n\t\t\t\t<div class=\"elementor-element elementor-element-b9408d3 elementor-widget elementor-widget-text-editor\" data-id=\"b9408d3\" data-element_type=\"widget\" data-widget_type=\"text-editor.default\">\n\t\t\t\t\t\t\t\t\t<p style=\"text-align: justify;\"><span style=\"font-size: 14pt;\">25 kwietnia w Lubawce odby\u0142y si\u0119 zawody Dolno\u015bl\u0105skiego Zwi\u0105zku Lekkiej Atletyki \u2013 8. LUBAWKATHLETICS.<\/span><\/p><div dir=\"auto\" style=\"text-align: justify;\"><span style=\"font-size: 14pt;\">Nasi uczniowie zaprezentowali \u015bwietn\u0105 form\u0119, zajmuj\u0105c czo\u0142owe miejsca i rywalizuj\u0105c ze starszymi zawodnikami z regionu.<\/span><\/div><div dir=\"auto\" style=\"text-align: justify;\">\u00a0<\/div><div dir=\"auto\" style=\"text-align: justify;\"><span style=\"font-size: 14pt;\">Wyniki:<\/span><\/div><div dir=\"auto\" style=\"text-align: justify;\"><span style=\"font-size: 14pt;\">Maciej Puk (6a) \u2013 U14M, 1000 m: 1. miejsce (rekord \u017cyciowy)<\/span><\/div><div dir=\"auto\" style=\"text-align: justify;\"><span style=\"font-size: 14pt;\">Oliwia Matkowska (6c) \u2013 U14K: 300 m \u2013 1. miejsce; 60 m \u2013 2. miejsce<\/span><\/div><div dir=\"auto\" style=\"text-align: justify;\"><span style=\"font-size: 14pt;\">Szymon Dobrowolski (3d) \u2013 U12M: 200 m \u2013 1. miejsce; 60 m \u2013 3. miejsce (rekord \u017cyciowy)<\/span><\/div><div dir=\"auto\" style=\"text-align: justify;\"><span style=\"font-size: 14pt;\">Martyna Puk (3c) \u2013 U12K: 60 m \u2013 1. miejsce (rekord \u017cyciowy); skok w dal \u2013 3,20 m<\/span><\/div><div dir=\"auto\" style=\"text-align: justify;\">\u00a0<\/div><div dir=\"auto\" style=\"text-align: justify;\"><span style=\"font-size: 14pt;\">Gratulujemy i \u017cyczymy dalszych sukces\u00f3w!<\/span><\/div>\t\t\t\t\t\t\t\t<\/div>\n\t\t\t\t<div class=\"elementor-element elementor-element-442f5b3 elementor-widget elementor-widget-image-gallery\" data-id=\"442f5b3\" data-element_type=\"widget\" data-widget_type=\"image-gallery.default\">\n\t\t\t\t\t\t\t<div class=\"elementor-image-gallery\">\n\t\t\t\n\t\t<div id='gallery-3' class='gallery galleryid-18740 gallery-columns-4 gallery-size-thumbnail gallery1'><script type=\"text\/javascript\">\n\/\/ <![CDATA[\n\tjQuery(document).ready(function () {\n\t\tjQuery(\".gallery1 a\").attr(\"rel\",\"gallery1\");\t\n\t\tjQuery('a[rel=\"gallery1\"]').colorbox({title: function(){ return jQuery(this).children().attr(\"alt\"); }});\n\t});\n\/\/ ]]>\n<\/script>\n<dl class=\"gallery-item\">\n<dt class=\"gallery-icon\">\n<a href=\"https:\/\/www.spkatarzyna.pl\/wp-content\/uploads\/2026\/04\/1-176x300.jpeg\" title=\"\" rel=\"gallery1\" rel=\"lightbox[18740]\"><img loading=\"lazy\" decoding=\"async\" src=\"https:\/\/www.spkatarzyna.pl\/wp-content\/uploads\/2026\/04\/1-150x150.jpeg\" width=\"150\" height=\"150\" alt=\"\" \/><\/a>\n<\/dt><\/dl><dl class=\"gallery-item\">\n<dt class=\"gallery-icon\">\n<a href=\"https:\/\/www.spkatarzyna.pl\/wp-content\/uploads\/2026\/04\/2-225x300.jpg\" title=\"\" rel=\"gallery1\" rel=\"lightbox[18740]\"><img loading=\"lazy\" decoding=\"async\" src=\"https:\/\/www.spkatarzyna.pl\/wp-content\/uploads\/2026\/04\/2-150x150.jpg\" width=\"150\" height=\"150\" alt=\"\" \/><\/a>\n<\/dt><\/dl><dl class=\"gallery-item\">\n<dt class=\"gallery-icon\">\n<a href=\"https:\/\/www.spkatarzyna.pl\/wp-content\/uploads\/2026\/04\/3-225x300.jpeg\" title=\"\" rel=\"gallery1\" rel=\"lightbox[18740]\"><img loading=\"lazy\" decoding=\"async\" src=\"https:\/\/www.spkatarzyna.pl\/wp-content\/uploads\/2026\/04\/3-150x150.jpeg\" width=\"150\" height=\"150\" alt=\"\" \/><\/a>\n<\/dt><\/dl><dl class=\"gallery-item\">\n<dt class=\"gallery-icon\">\n<a href=\"https:\/\/www.spkatarzyna.pl\/wp-content\/uploads\/2026\/04\/4-135x300.jpg\" title=\"\" rel=\"gallery1\" rel=\"lightbox[18740]\"><img loading=\"lazy\" decoding=\"async\" src=\"https:\/\/www.spkatarzyna.pl\/wp-content\/uploads\/2026\/04\/4-150x150.jpg\" width=\"150\" height=\"150\" alt=\"\" \/><\/a>\n<\/dt><\/dl><br style=\"clear: both\" \/><br style=\"clear: both\" \/><\/div>\t\t<\/div>\n\t\t\t\t\t\t<\/div>\n\t\t\t\t<div class=\"elementor-element elementor-element-1773572 elementor-widget-divider--view-line elementor-widget elementor-widget-divider\" data-id=\"1773572\" data-element_type=\"widget\" data-widget_type=\"divider.default\">\n\t\t\t\t\t\t\t<div class=\"elementor-divider\">\n\t\t\t<span class=\"elementor-divider-separator\">\n\t\t\t\t\t\t<\/span>\n\t\t<\/div>\n\t\t\t\t\t\t<\/div>\n\t\t\t\t<div class=\"elementor-element elementor-element-2278f88b elementor-widget elementor-widget-text-editor\" data-id=\"2278f88b\" data-element_type=\"widget\" data-widget_type=\"text-editor.default\">\n\t\t\t\t\t\t\t\t\t<p><span style=\"font-size: 14pt;\">07.03.2026 odby\u0142 si\u0119 Grand Prix Dolno\u015bl\u0105skiego Zwi\u0105zku Lekkiej Atletyki w biegach prze\u0142ajowych &#8211; Szczodre<\/span><\/p><p><span style=\"font-size: 14pt;\">Nasi uczniowie po dobrym wej\u015bciu w nowy rok sezonem halowym, weszli w kolejny etap startowy bieg\u00f3w prze\u0142ajowych. Zawodnicy zostawili serducha na trasach i walczyli na 101%. <\/span><\/p><p><span style=\"font-size: 14pt;\">Kat. U12M &#8211; 800m<\/span><br \/><span style=\"font-size: 14pt;\">Maksymilian Gr\u0119dysa (klasa 3d) msc. 3<\/span><\/p><p><span style=\"font-size: 14pt;\">Kat. U14M &#8211; 1140m<\/span><br \/><span style=\"font-size: 14pt;\">Maciej Puk (klasa 6a) msc. 1<\/span><\/p><p><span style=\"font-size: 14pt;\">Kat. U14K &#8211; 1140m<\/span><br \/><span style=\"font-size: 14pt;\">Oliwia Matkowska (klasa 6c) msc. 3<\/span><\/p><p><span style=\"font-size: 14pt;\">Gratulujemy i \u017cyczymy dalszych sukces\u00f3w.<\/span><\/p>\t\t\t\t\t\t\t\t<\/div>\n\t\t\t\t<div class=\"elementor-element elementor-element-e37e6e0 elementor-widget elementor-widget-image\" data-id=\"e37e6e0\" data-element_type=\"widget\" data-widget_type=\"image.default\">\n\t\t\t\t\t\t\t\t\t\t\t\t\t\t\t<img decoding=\"async\" src=\"https:\/\/www.spkatarzyna.pl\/wp-content\/uploads\/elementor\/thumbs\/image0-scaled-rkd4zpzcx77d4aevn8umoz8v0xad5yuo1q3r499rww.jpeg\" title=\"\" alt=\"\" loading=\"lazy\" \/>\t\t\t\t\t\t\t\t\t\t\t\t\t\t\t<\/div>\n\t\t\t\t<div class=\"elementor-element elementor-element-8051c25 elementor-widget elementor-widget-spacer\" data-id=\"8051c25\" data-element_type=\"widget\" data-widget_type=\"spacer.default\">\n\t\t\t\t\t\t\t<div class=\"elementor-spacer\">\n\t\t\t<div class=\"elementor-spacer-inner\"><\/div>\n\t\t<\/div>\n\t\t\t\t\t\t<\/div>\n\t\t\t\t\t<\/div>\n\t\t\t\t<\/div>\n\t\t\t\t<\/div>\n\t\t","protected":false},"excerpt":{"rendered":"<p>Sukcesy sportowe ucznia klasy 2b \u00a0Ucze\u0144 naszej szko\u0142y Szymon Warzecha\u00a0udowodni\u0142, \u017ce ci\u0119\u017cka praca i sportowa pasja to klucz do wielkiego sukcesu.Oto jego najwi\u0119ksze osi\u0105gni\u0119cia w tym roku szkolnym:11.2025 M\u0142odzie\u017cowe Igrzyska Szk\u00f3\u0142 Dolnego \u015al\u0105ska &#8211; 1 miejsce w konkurencji kata03.2026 International XXV Central Europe Open Bydgoszcz 2026 &#8211; 3 miejsce w [&hellip;]<\/p>\n","protected":false},"author":6,"featured_media":18741,"comment_status":"open","ping_status":"open","sticky":false,"template":"","format":"standard","meta":{"om_disable_all_campaigns":false,"_monsterinsights_skip_tracking":false,"ngg_post_thumbnail":0,"footnotes":""},"categories":[1],"tags":[],"class_list":["post-18740","post","type-post","status-publish","format-standard","has-post-thumbnail","hentry","category-uncategorized"],"aioseo_notices":[],"aioseo_head":"\n\t\t<!-- All in One SEO 5.0.1.1 - aioseo.com -->\n\t<meta name=\"description\" content=\"Sukcesy sportowe ucznia klasy 2b Ucze\u0144 naszej szko\u0142y Szymon Warzecha udowodni\u0142, \u017ce ci\u0119\u017cka praca i sportowa pasja to klucz do wielkiego sukcesu.Oto jego najwi\u0119ksze osi\u0105gni\u0119cia w tym roku szkolnym:11.2025 M\u0142odzie\u017cowe Igrzyska Szk\u00f3\u0142 Dolnego \u015al\u0105ska \u2013 1 miejsce w konkurencji kata03.2026 International XXV Central Europe Open Bydgoszcz 2026 \u2013 3 miejsce w konkurencji kataW zawodach wystartowalo 1200\" \/>\n\t<meta name=\"robots\" content=\"max-image-preview:large\" \/>\n\t<meta name=\"author\" content=\"Redakcja\"\/>\n\t<link rel=\"canonical\" href=\"https:\/\/www.spkatarzyna.pl\/index.php\/2026\/03\/11\/sukcesy-sportowe-uczniow\/\" \/>\n\t<meta name=\"generator\" content=\"All in One SEO (AIOSEO) 5.0.1.1\" \/>\n\t\t<meta property=\"og:locale\" content=\"pl_PL\" \/>\n\t\t<meta property=\"og:site_name\" content=\"SP Katarzyna - Publiczna Szko\u0142a Podstawowa w \u015awi\u0119tej Katarzynie\" \/>\n\t\t<meta property=\"og:type\" content=\"article\" \/>\n\t\t<meta property=\"og:title\" content=\"Sukcesy naszych uczni\u00f3w - SP Katarzyna\" \/>\n\t\t<meta property=\"og:description\" content=\"Sukcesy sportowe ucznia klasy 2b Ucze\u0144 naszej szko\u0142y Szymon Warzecha udowodni\u0142, \u017ce ci\u0119\u017cka praca i sportowa pasja to klucz do wielkiego sukcesu.Oto jego najwi\u0119ksze osi\u0105gni\u0119cia w tym roku szkolnym:11.2025 M\u0142odzie\u017cowe Igrzyska Szk\u00f3\u0142 Dolnego \u015al\u0105ska \u2013 1 miejsce w konkurencji kata03.2026 International XXV Central Europe Open Bydgoszcz 2026 \u2013 3 miejsce w konkurencji kataW zawodach wystartowalo 1200\" \/>\n\t\t<meta property=\"og:url\" content=\"https:\/\/www.spkatarzyna.pl\/index.php\/2026\/03\/11\/sukcesy-sportowe-uczniow\/\" \/>\n\t\t<meta property=\"article:published_time\" content=\"2026-03-11T19:05:46+00:00\" \/>\n\t\t<meta property=\"article:modified_time\" content=\"2026-06-22T13:41:44+00:00\" \/>\n\t\t<meta name=\"twitter:card\" content=\"summary_large_image\" \/>\n\t\t<meta name=\"twitter:title\" content=\"Sukcesy naszych uczni\u00f3w - SP Katarzyna\" \/>\n\t\t<meta name=\"twitter:description\" content=\"Sukcesy sportowe ucznia klasy 2b Ucze\u0144 naszej szko\u0142y Szymon Warzecha udowodni\u0142, \u017ce ci\u0119\u017cka praca i sportowa pasja to klucz do wielkiego sukcesu.Oto jego najwi\u0119ksze osi\u0105gni\u0119cia w tym roku szkolnym:11.2025 M\u0142odzie\u017cowe Igrzyska Szk\u00f3\u0142 Dolnego \u015al\u0105ska \u2013 1 miejsce w konkurencji kata03.2026 International XXV Central Europe Open Bydgoszcz 2026 \u2013 3 miejsce w konkurencji kataW zawodach wystartowalo 1200\" \/>\n\t\t<script type=\"application\/ld+json\" class=\"aioseo-schema\">\n\t\t\t{\"@context\":\"https:\\\/\\\/schema.org\",\"@graph\":[{\"@type\":\"BlogPosting\",\"@id\":\"https:\\\/\\\/www.spkatarzyna.pl\\\/index.php\\\/2026\\\/03\\\/11\\\/sukcesy-sportowe-uczniow\\\/#blogposting\",\"name\":\"Sukcesy naszych uczni\\u00f3w - SP Katarzyna\",\"headline\":\"Sukcesy naszych uczni\\u00f3w\",\"author\":{\"@id\":\"https:\\\/\\\/www.spkatarzyna.pl\\\/index.php\\\/author\\\/agatasafianspkatarzyna-pl\\\/#author\"},\"publisher\":{\"@id\":\"https:\\\/\\\/www.spkatarzyna.pl\\\/#organization\"},\"image\":{\"@type\":\"ImageObject\",\"url\":\"https:\\\/\\\/www.spkatarzyna.pl\\\/wp-content\\\/uploads\\\/2026\\\/03\\\/image0.jpg\",\"width\":360,\"height\":202},\"datePublished\":\"2026-03-11T19:05:46+01:00\",\"dateModified\":\"2026-06-22T15:41:44+02:00\",\"inLanguage\":\"pl-PL\",\"mainEntityOfPage\":{\"@id\":\"https:\\\/\\\/www.spkatarzyna.pl\\\/index.php\\\/2026\\\/03\\\/11\\\/sukcesy-sportowe-uczniow\\\/#webpage\"},\"isPartOf\":{\"@id\":\"https:\\\/\\\/www.spkatarzyna.pl\\\/index.php\\\/2026\\\/03\\\/11\\\/sukcesy-sportowe-uczniow\\\/#webpage\"},\"articleSection\":\"Uncategorized\"},{\"@type\":\"BreadcrumbList\",\"@id\":\"https:\\\/\\\/www.spkatarzyna.pl\\\/index.php\\\/2026\\\/03\\\/11\\\/sukcesy-sportowe-uczniow\\\/#breadcrumblist\",\"itemListElement\":[{\"@type\":\"ListItem\",\"@id\":\"https:\\\/\\\/www.spkatarzyna.pl#listItem\",\"position\":1,\"name\":\"Dom\",\"item\":\"https:\\\/\\\/www.spkatarzyna.pl\",\"nextItem\":{\"@type\":\"ListItem\",\"@id\":\"https:\\\/\\\/www.spkatarzyna.pl\\\/index.php\\\/category\\\/uncategorized\\\/#listItem\",\"name\":\"Uncategorized\"}},{\"@type\":\"ListItem\",\"@id\":\"https:\\\/\\\/www.spkatarzyna.pl\\\/index.php\\\/category\\\/uncategorized\\\/#listItem\",\"position\":2,\"name\":\"Uncategorized\",\"item\":\"https:\\\/\\\/www.spkatarzyna.pl\\\/index.php\\\/category\\\/uncategorized\\\/\",\"nextItem\":{\"@type\":\"ListItem\",\"@id\":\"https:\\\/\\\/www.spkatarzyna.pl\\\/index.php\\\/2026\\\/03\\\/11\\\/sukcesy-sportowe-uczniow\\\/#listItem\",\"name\":\"Sukcesy naszych uczni\\u00f3w\"},\"previousItem\":{\"@type\":\"ListItem\",\"@id\":\"https:\\\/\\\/www.spkatarzyna.pl#listItem\",\"name\":\"Dom\"}},{\"@type\":\"ListItem\",\"@id\":\"https:\\\/\\\/www.spkatarzyna.pl\\\/index.php\\\/2026\\\/03\\\/11\\\/sukcesy-sportowe-uczniow\\\/#listItem\",\"position\":3,\"name\":\"Sukcesy naszych uczni\\u00f3w\",\"previousItem\":{\"@type\":\"ListItem\",\"@id\":\"https:\\\/\\\/www.spkatarzyna.pl\\\/index.php\\\/category\\\/uncategorized\\\/#listItem\",\"name\":\"Uncategorized\"}}]},{\"@type\":\"Organization\",\"@id\":\"https:\\\/\\\/www.spkatarzyna.pl\\\/#organization\",\"name\":\"SP Katarzyna\",\"description\":\"Publiczna Szko\\u0142a Podstawowa w \\u015awi\\u0119tej Katarzynie\",\"url\":\"https:\\\/\\\/www.spkatarzyna.pl\\\/\",\"telephone\":\"+48713116378\",\"sameAs\":[\"https:\\\/\\\/facebook.com\\\/\",\"https:\\\/\\\/x.com\\\/\",\"https:\\\/\\\/instagram.com\\\/\",\"https:\\\/\\\/pinterest.com\\\/\",\"https:\\\/\\\/youtube.com\\\/\",\"https:\\\/\\\/linkedin.com\\\/in\\\/\"]},{\"@type\":\"Person\",\"@id\":\"https:\\\/\\\/www.spkatarzyna.pl\\\/index.php\\\/author\\\/agatasafianspkatarzyna-pl\\\/#author\",\"url\":\"https:\\\/\\\/www.spkatarzyna.pl\\\/index.php\\\/author\\\/agatasafianspkatarzyna-pl\\\/\",\"name\":\"Redakcja\",\"image\":{\"@type\":\"ImageObject\",\"@id\":\"https:\\\/\\\/www.spkatarzyna.pl\\\/index.php\\\/2026\\\/03\\\/11\\\/sukcesy-sportowe-uczniow\\\/#authorImage\",\"url\":\"https:\\\/\\\/secure.gravatar.com\\\/avatar\\\/765290513df94d442152250e92b42327?s=96&d=mm&r=g\",\"width\":96,\"height\":96,\"caption\":\"Redakcja\"}},{\"@type\":\"WebPage\",\"@id\":\"https:\\\/\\\/www.spkatarzyna.pl\\\/index.php\\\/2026\\\/03\\\/11\\\/sukcesy-sportowe-uczniow\\\/#webpage\",\"url\":\"https:\\\/\\\/www.spkatarzyna.pl\\\/index.php\\\/2026\\\/03\\\/11\\\/sukcesy-sportowe-uczniow\\\/\",\"name\":\"Sukcesy naszych uczni\\u00f3w - SP Katarzyna\",\"description\":\"Sukcesy sportowe ucznia klasy 2b Ucze\\u0144 naszej szko\\u0142y Szymon Warzecha udowodni\\u0142, \\u017ce ci\\u0119\\u017cka praca i sportowa pasja to klucz do wielkiego sukcesu.Oto jego najwi\\u0119ksze osi\\u0105gni\\u0119cia w tym roku szkolnym:11.2025 M\\u0142odzie\\u017cowe Igrzyska Szk\\u00f3\\u0142 Dolnego \\u015al\\u0105ska \\u2013 1 miejsce w konkurencji kata03.2026 International XXV Central Europe Open Bydgoszcz 2026 \\u2013 3 miejsce w konkurencji kataW zawodach wystartowalo 1200\",\"inLanguage\":\"pl-PL\",\"isPartOf\":{\"@id\":\"https:\\\/\\\/www.spkatarzyna.pl\\\/#website\"},\"breadcrumb\":{\"@id\":\"https:\\\/\\\/www.spkatarzyna.pl\\\/index.php\\\/2026\\\/03\\\/11\\\/sukcesy-sportowe-uczniow\\\/#breadcrumblist\"},\"author\":{\"@id\":\"https:\\\/\\\/www.spkatarzyna.pl\\\/index.php\\\/author\\\/agatasafianspkatarzyna-pl\\\/#author\"},\"creator\":{\"@id\":\"https:\\\/\\\/www.spkatarzyna.pl\\\/index.php\\\/author\\\/agatasafianspkatarzyna-pl\\\/#author\"},\"image\":{\"@type\":\"ImageObject\",\"url\":\"https:\\\/\\\/www.spkatarzyna.pl\\\/wp-content\\\/uploads\\\/2026\\\/03\\\/image0.jpg\",\"@id\":\"https:\\\/\\\/www.spkatarzyna.pl\\\/index.php\\\/2026\\\/03\\\/11\\\/sukcesy-sportowe-uczniow\\\/#mainImage\",\"width\":360,\"height\":202},\"primaryImageOfPage\":{\"@id\":\"https:\\\/\\\/www.spkatarzyna.pl\\\/index.php\\\/2026\\\/03\\\/11\\\/sukcesy-sportowe-uczniow\\\/#mainImage\"},\"datePublished\":\"2026-03-11T19:05:46+01:00\",\"dateModified\":\"2026-06-22T15:41:44+02:00\"},{\"@type\":\"WebSite\",\"@id\":\"https:\\\/\\\/www.spkatarzyna.pl\\\/#website\",\"url\":\"https:\\\/\\\/www.spkatarzyna.pl\\\/\",\"name\":\"SP Katarzyna\",\"description\":\"Publiczna Szko\\u0142a Podstawowa w \\u015awi\\u0119tej Katarzynie\",\"inLanguage\":\"pl-PL\",\"publisher\":{\"@id\":\"https:\\\/\\\/www.spkatarzyna.pl\\\/#organization\"}}]}\n\t\t<\/script>\n\t\t<!-- All in One SEO -->\n\n","aioseo_head_json":{"title":"Sukcesy naszych uczni\u00f3w - SP Katarzyna","description":"Sukcesy sportowe ucznia klasy 2b Ucze\u0144 naszej szko\u0142y Szymon Warzecha udowodni\u0142, \u017ce ci\u0119\u017cka praca i sportowa pasja to klucz do wielkiego sukcesu.Oto jego najwi\u0119ksze osi\u0105gni\u0119cia w tym roku szkolnym:11.2025 M\u0142odzie\u017cowe Igrzyska Szk\u00f3\u0142 Dolnego \u015al\u0105ska \u2013 1 miejsce w konkurencji kata03.2026 International XXV Central Europe Open Bydgoszcz 2026 \u2013 3 miejsce w konkurencji kataW zawodach wystartowalo 1200","canonical_url":"https:\/\/www.spkatarzyna.pl\/index.php\/2026\/03\/11\/sukcesy-sportowe-uczniow\/","robots":"max-image-preview:large","keywords":"","webmasterTools":{"miscellaneous":""},"schema":{"@context":"https:\/\/schema.org","@graph":[{"@type":"BlogPosting","@id":"https:\/\/www.spkatarzyna.pl\/index.php\/2026\/03\/11\/sukcesy-sportowe-uczniow\/#blogposting","name":"Sukcesy naszych uczni\u00f3w - SP Katarzyna","headline":"Sukcesy naszych uczni\u00f3w","author":{"@id":"https:\/\/www.spkatarzyna.pl\/index.php\/author\/agatasafianspkatarzyna-pl\/#author"},"publisher":{"@id":"https:\/\/www.spkatarzyna.pl\/#organization"},"image":{"@type":"ImageObject","url":"https:\/\/www.spkatarzyna.pl\/wp-content\/uploads\/2026\/03\/image0.jpg","width":360,"height":202},"datePublished":"2026-03-11T19:05:46+01:00","dateModified":"2026-06-22T15:41:44+02:00","inLanguage":"pl-PL","mainEntityOfPage":{"@id":"https:\/\/www.spkatarzyna.pl\/index.php\/2026\/03\/11\/sukcesy-sportowe-uczniow\/#webpage"},"isPartOf":{"@id":"https:\/\/www.spkatarzyna.pl\/index.php\/2026\/03\/11\/sukcesy-sportowe-uczniow\/#webpage"},"articleSection":"Uncategorized"},{"@type":"BreadcrumbList","@id":"https:\/\/www.spkatarzyna.pl\/index.php\/2026\/03\/11\/sukcesy-sportowe-uczniow\/#breadcrumblist","itemListElement":[{"@type":"ListItem","@id":"https:\/\/www.spkatarzyna.pl#listItem","position":1,"name":"Dom","item":"https:\/\/www.spkatarzyna.pl","nextItem":{"@type":"ListItem","@id":"https:\/\/www.spkatarzyna.pl\/index.php\/category\/uncategorized\/#listItem","name":"Uncategorized"}},{"@type":"ListItem","@id":"https:\/\/www.spkatarzyna.pl\/index.php\/category\/uncategorized\/#listItem","position":2,"name":"Uncategorized","item":"https:\/\/www.spkatarzyna.pl\/index.php\/category\/uncategorized\/","nextItem":{"@type":"ListItem","@id":"https:\/\/www.spkatarzyna.pl\/index.php\/2026\/03\/11\/sukcesy-sportowe-uczniow\/#listItem","name":"Sukcesy naszych uczni\u00f3w"},"previousItem":{"@type":"ListItem","@id":"https:\/\/www.spkatarzyna.pl#listItem","name":"Dom"}},{"@type":"ListItem","@id":"https:\/\/www.spkatarzyna.pl\/index.php\/2026\/03\/11\/sukcesy-sportowe-uczniow\/#listItem","position":3,"name":"Sukcesy naszych uczni\u00f3w","previousItem":{"@type":"ListItem","@id":"https:\/\/www.spkatarzyna.pl\/index.php\/category\/uncategorized\/#listItem","name":"Uncategorized"}}]},{"@type":"Organization","@id":"https:\/\/www.spkatarzyna.pl\/#organization","name":"SP Katarzyna","description":"Publiczna Szko\u0142a Podstawowa w \u015awi\u0119tej Katarzynie","url":"https:\/\/www.spkatarzyna.pl\/","telephone":"+48713116378","sameAs":["https:\/\/facebook.com\/","https:\/\/x.com\/","https:\/\/instagram.com\/","https:\/\/pinterest.com\/","https:\/\/youtube.com\/","https:\/\/linkedin.com\/in\/"]},{"@type":"Person","@id":"https:\/\/www.spkatarzyna.pl\/index.php\/author\/agatasafianspkatarzyna-pl\/#author","url":"https:\/\/www.spkatarzyna.pl\/index.php\/author\/agatasafianspkatarzyna-pl\/","name":"Redakcja","image":{"@type":"ImageObject","@id":"https:\/\/www.spkatarzyna.pl\/index.php\/2026\/03\/11\/sukcesy-sportowe-uczniow\/#authorImage","url":"https:\/\/secure.gravatar.com\/avatar\/765290513df94d442152250e92b42327?s=96&d=mm&r=g","width":96,"height":96,"caption":"Redakcja"}},{"@type":"WebPage","@id":"https:\/\/www.spkatarzyna.pl\/index.php\/2026\/03\/11\/sukcesy-sportowe-uczniow\/#webpage","url":"https:\/\/www.spkatarzyna.pl\/index.php\/2026\/03\/11\/sukcesy-sportowe-uczniow\/","name":"Sukcesy naszych uczni\u00f3w - SP Katarzyna","description":"Sukcesy sportowe ucznia klasy 2b Ucze\u0144 naszej szko\u0142y Szymon Warzecha udowodni\u0142, \u017ce ci\u0119\u017cka praca i sportowa pasja to klucz do wielkiego sukcesu.Oto jego najwi\u0119ksze osi\u0105gni\u0119cia w tym roku szkolnym:11.2025 M\u0142odzie\u017cowe Igrzyska Szk\u00f3\u0142 Dolnego \u015al\u0105ska \u2013 1 miejsce w konkurencji kata03.2026 International XXV Central Europe Open Bydgoszcz 2026 \u2013 3 miejsce w konkurencji kataW zawodach wystartowalo 1200","inLanguage":"pl-PL","isPartOf":{"@id":"https:\/\/www.spkatarzyna.pl\/#website"},"breadcrumb":{"@id":"https:\/\/www.spkatarzyna.pl\/index.php\/2026\/03\/11\/sukcesy-sportowe-uczniow\/#breadcrumblist"},"author":{"@id":"https:\/\/www.spkatarzyna.pl\/index.php\/author\/agatasafianspkatarzyna-pl\/#author"},"creator":{"@id":"https:\/\/www.spkatarzyna.pl\/index.php\/author\/agatasafianspkatarzyna-pl\/#author"},"image":{"@type":"ImageObject","url":"https:\/\/www.spkatarzyna.pl\/wp-content\/uploads\/2026\/03\/image0.jpg","@id":"https:\/\/www.spkatarzyna.pl\/index.php\/2026\/03\/11\/sukcesy-sportowe-uczniow\/#mainImage","width":360,"height":202},"primaryImageOfPage":{"@id":"https:\/\/www.spkatarzyna.pl\/index.php\/2026\/03\/11\/sukcesy-sportowe-uczniow\/#mainImage"},"datePublished":"2026-03-11T19:05:46+01:00","dateModified":"2026-06-22T15:41:44+02:00"},{"@type":"WebSite","@id":"https:\/\/www.spkatarzyna.pl\/#website","url":"https:\/\/www.spkatarzyna.pl\/","name":"SP Katarzyna","description":"Publiczna Szko\u0142a Podstawowa w \u015awi\u0119tej Katarzynie","inLanguage":"pl-PL","publisher":{"@id":"https:\/\/www.spkatarzyna.pl\/#organization"}}]},"og:locale":"pl_PL","og:site_name":"SP Katarzyna - Publiczna Szko\u0142a Podstawowa w \u015awi\u0119tej Katarzynie","og:type":"article","og:title":"Sukcesy naszych uczni\u00f3w - SP Katarzyna","og:description":"Sukcesy sportowe ucznia klasy 2b Ucze\u0144 naszej szko\u0142y Szymon Warzecha udowodni\u0142, \u017ce ci\u0119\u017cka praca i sportowa pasja to klucz do wielkiego sukcesu.Oto jego najwi\u0119ksze osi\u0105gni\u0119cia w tym roku szkolnym:11.2025 M\u0142odzie\u017cowe Igrzyska Szk\u00f3\u0142 Dolnego \u015al\u0105ska \u2013 1 miejsce w konkurencji kata03.2026 International XXV Central Europe Open Bydgoszcz 2026 \u2013 3 miejsce w konkurencji kataW zawodach wystartowalo 1200","og:url":"https:\/\/www.spkatarzyna.pl\/index.php\/2026\/03\/11\/sukcesy-sportowe-uczniow\/","article:published_time":"2026-03-11T19:05:46+00:00","article:modified_time":"2026-06-22T13:41:44+00:00","twitter:card":"summary_large_image","twitter:title":"Sukcesy naszych uczni\u00f3w - SP Katarzyna","twitter:description":"Sukcesy sportowe ucznia klasy 2b Ucze\u0144 naszej szko\u0142y Szymon Warzecha udowodni\u0142, \u017ce ci\u0119\u017cka praca i sportowa pasja to klucz do wielkiego sukcesu.Oto jego najwi\u0119ksze osi\u0105gni\u0119cia w tym roku szkolnym:11.2025 M\u0142odzie\u017cowe Igrzyska Szk\u00f3\u0142 Dolnego \u015al\u0105ska \u2013 1 miejsce w konkurencji kata03.2026 International XXV Central Europe Open Bydgoszcz 2026 \u2013 3 miejsce w konkurencji kataW zawodach wystartowalo 1200"},"aioseo_meta_data":{"post_id":"18740","title":null,"description":null,"keywords":null,"keyphrases":{"focus":{"keyphrase":"","score":0,"analysis":{"keyphraseInTitle":{"score":0,"maxScore":9,"error":1}}},"additional":[]},"primary_term":null,"canonical_url":null,"og_title":null,"og_description":null,"og_object_type":"default","og_image_type":"default","og_image_url":null,"og_image_width":null,"og_image_height":null,"og_image_custom_url":null,"og_image_custom_fields":null,"og_video":"","og_custom_url":null,"og_article_section":null,"og_article_tags":null,"twitter_use_og":false,"twitter_card":"default","twitter_image_type":"default","twitter_image_url":null,"twitter_image_custom_url":null,"twitter_image_custom_fields":null,"twitter_title":null,"twitter_description":null,"schema":{"blockGraphs":[],"customGraphs":[],"default":{"data":{"Article":[],"Course":[],"Dataset":[],"FAQPage":[],"Movie":[],"Person":[],"Product":[],"ProductReview":[],"Car":[],"Recipe":[],"Service":[],"SoftwareApplication":[],"WebPage":[]},"graphName":"BlogPosting","isEnabled":true},"graphs":[]},"schema_type":"default","schema_type_options":null,"pillar_content":false,"robots_default":true,"robots_noindex":false,"robots_noarchive":false,"robots_nosnippet":false,"robots_nofollow":false,"robots_noimageindex":false,"robots_noodp":false,"robots_notranslate":false,"robots_max_snippet":"-1","robots_max_videopreview":"-1","robots_max_imagepreview":"large","priority":null,"frequency":"default","local_seo":null,"limit_modified_date":false,"created":"2026-03-11 19:05:47","updated":"2026-09-03 17:49:05","focus_keyword":null,"additional_keywords":null,"truseo_locale":null,"ai":null,"breadcrumb_settings":null,"seo_analyzer_scan_date":null},"aioseo_breadcrumb":"<div class=\"aioseo-breadcrumbs\"><span class=\"aioseo-breadcrumb\">\n\t\t\t<a href=\"https:\/\/www.spkatarzyna.pl\" title=\"Dom\">Dom<\/a>\n\t\t<\/span><span class=\"aioseo-breadcrumb-separator\">&raquo;<\/span><span class=\"aioseo-breadcrumb\">\n\t\t\t<a href=\"https:\/\/www.spkatarzyna.pl\/index.php\/category\/uncategorized\/\" title=\"Uncategorized\">Uncategorized<\/a>\n\t\t<\/span><span class=\"aioseo-breadcrumb-separator\">&raquo;<\/span><span class=\"aioseo-breadcrumb\">\n\t\t\tSukcesy naszych uczni\u00f3w\n\t\t<\/span><\/div>","aioseo_breadcrumb_json":[{"label":"Dom","link":"https:\/\/www.spkatarzyna.pl"},{"label":"Uncategorized","link":"https:\/\/www.spkatarzyna.pl\/index.php\/category\/uncategorized\/"},{"label":"Sukcesy naszych uczni\u00f3w","link":"https:\/\/www.spkatarzyna.pl\/index.php\/2026\/03\/11\/sukcesy-sportowe-uczniow\/"}],"_links":{"self":[{"href":"https:\/\/www.spkatarzyna.pl\/index.php\/wp-json\/wp\/v2\/posts\/18740","targetHints":{"allow":["GET"]}}],"collection":[{"href":"https:\/\/www.spkatarzyna.pl\/index.php\/wp-json\/wp\/v2\/posts"}],"about":[{"href":"https:\/\/www.spkatarzyna.pl\/index.php\/wp-json\/wp\/v2\/types\/post"}],"author":[{"embeddable":true,"href":"https:\/\/www.spkatarzyna.pl\/index.php\/wp-json\/wp\/v2\/users\/6"}],"replies":[{"embeddable":true,"href":"https:\/\/www.spkatarzyna.pl\/index.php\/wp-json\/wp\/v2\/comments?post=18740"}],"version-history":[{"count":29,"href":"https:\/\/www.spkatarzyna.pl\/index.php\/wp-json\/wp\/v2\/posts\/18740\/revisions"}],"predecessor-version":[{"id":20510,"href":"https:\/\/www.spkatarzyna.pl\/index.php\/wp-json\/wp\/v2\/posts\/18740\/revisions\/20510"}],"wp:featuredmedia":[{"embeddable":true,"href":"https:\/\/www.spkatarzyna.pl\/index.php\/wp-json\/wp\/v2\/media\/18741"}],"wp:attachment":[{"href":"https:\/\/www.spkatarzyna.pl\/index.php\/wp-json\/wp\/v2\/media?parent=18740"}],"wp:term":[{"taxonomy":"category","embeddable":true,"href":"https:\/\/www.spkatarzyna.pl\/index.php\/wp-json\/wp\/v2\/categories?post=18740"},{"taxonomy":"post_tag","embeddable":true,"href":"https:\/\/www.spkatarzyna.pl\/index.php\/wp-json\/wp\/v2\/tags?post=18740"}],"curies":[{"name":"wp","href":"https:\/\/api.w.org\/{rel}","templated":true}]}}