{"id":18758,"date":"2026-03-12T17:46:28","date_gmt":"2026-03-12T17:46:28","guid":{"rendered":"https:\/\/www.spkatarzyna.pl\/?p=18758"},"modified":"2026-03-13T15:10:02","modified_gmt":"2026-03-13T15:10:02","slug":"spotkanie-autorskie-2","status":"publish","type":"post","link":"https:\/\/www.spkatarzyna.pl\/index.php\/2026\/03\/12\/spotkanie-autorskie-2\/","title":{"rendered":"Spotkanie autorskie"},"content":{"rendered":"\t\t<div data-elementor-type=\"wp-post\" data-elementor-id=\"18758\" class=\"elementor elementor-18758\">\n\t\t\t\t<div class=\"elementor-element elementor-element-efbf3bb e-flex e-con-boxed e-con e-parent\" data-id=\"efbf3bb\" data-element_type=\"container\">\n\t\t\t\t\t<div class=\"e-con-inner\">\n\t\t\t\t<div class=\"elementor-element elementor-element-6f353361 elementor-widget elementor-widget-text-editor\" data-id=\"6f353361\" data-element_type=\"widget\" data-widget_type=\"text-editor.default\">\n\t\t\t\t\t\t\t\t\t<p style=\"text-align: justify;\"><span style=\"font-size: 14pt;\">12 marca 2026 roku w naszej szkole odby\u0142o si\u0119 spotkanie autorskie z Marcinem Pa\u0142aszem \u2013 popularnym pisarzem ksi\u0105\u017cek dla dzieci i m\u0142odzie\u017cy. Autor w ciekawy i pe\u0142en humoru spos\u00f3b opowiada\u0142 o swojej drodze do zostania pisarzem.<\/span><\/p><p><span style=\"font-size: 14pt;\">Uczniowie us\u0142yszeli wiele zabawnych historii o bohaterze jego ksi\u0105\u017cek \u2013 psie Elfie z powie\u015bci Spos\u00f3b na Elfa oraz o inspiracjach do tworzenia opowie\u015bci. Pisarz wspomnia\u0142 tak\u017ce o swoim nowym psie \u2013 Egonie, kt\u00f3ry r\u00f3wnie\u017c dostarcza mu pomys\u0142\u00f3w na kolejne historie.<\/span><\/p><p><span style=\"font-size: 14pt;\">Autor zdradzi\u0142 te\u017c, \u017ce na podstawie ksi\u0105\u017cki Spos\u00f3b na Elfa wkr\u00f3tce powstanie film.<\/span><\/p><p><span style=\"font-size: 14pt;\">Spotkanie przebieg\u0142o w bardzo mi\u0142ej atmosferze. Uczniowie z zainteresowaniem s\u0142uchali, zadawali pytania i zdobywali autografy. By\u0142o to inspiruj\u0105ce wydarzenie, kt\u00f3re zach\u0119ci\u0142o wielu uczni\u00f3w do czytania ksi\u0105\u017cek.<\/span> <img decoding=\"async\" class=\"an1\" draggable=\"false\" src=\"https:\/\/fonts.gstatic.com\/s\/e\/notoemoji\/17.0\/1f4da\/72.png\" alt=\"\ud83d\udcda\" width=\"26\" height=\"26\" data-emoji=\"\ud83d\udcda\" aria-label=\"\ud83d\udcda\" \/><img decoding=\"async\" class=\"an1\" draggable=\"false\" src=\"https:\/\/fonts.gstatic.com\/s\/e\/notoemoji\/17.0\/1f60a\/72.png\" alt=\"\ud83d\ude0a\" width=\"21\" height=\"21\" data-emoji=\"\ud83d\ude0a\" aria-label=\"\ud83d\ude0a\" \/><\/p>\t\t\t\t\t\t\t\t<\/div>\n\t\t\t\t<div class=\"elementor-element elementor-element-8a7a9c4 elementor-widget elementor-widget-image-gallery\" data-id=\"8a7a9c4\" data-element_type=\"widget\" data-widget_type=\"image-gallery.default\">\n\t\t\t\t\t\t\t<div class=\"elementor-image-gallery\">\n\t\t\t\n\t\t<div id='gallery-1' class='gallery galleryid-18758 gallery-columns-5 gallery-size-thumbnail gallery1'><script type=\"text\/javascript\">\n\/\/ <![CDATA[\n\tjQuery(document).ready(function () {\n\t\tjQuery(\".gallery1 a\").attr(\"rel\",\"gallery1\");\t\n\t\tjQuery('a[rel=\"gallery1\"]').colorbox({title: function(){ return jQuery(this).children().attr(\"alt\"); }});\n\t});\n\/\/ ]]>\n<\/script>\n<dl class=\"gallery-item\">\n<dt class=\"gallery-icon\">\n<a href=\"https:\/\/www.spkatarzyna.pl\/wp-content\/uploads\/2026\/03\/PHOTO-2026-03-12-11-59-27-2-225x300.jpg\" title=\"\" rel=\"gallery1\" rel=\"lightbox[18758]\"><img decoding=\"async\" src=\"https:\/\/www.spkatarzyna.pl\/wp-content\/uploads\/2026\/03\/PHOTO-2026-03-12-11-59-27-2-150x150.jpg\" width=\"150\" height=\"150\" alt=\"\" \/><\/a>\n<\/dt><\/dl><dl class=\"gallery-item\">\n<dt class=\"gallery-icon\">\n<a href=\"https:\/\/www.spkatarzyna.pl\/wp-content\/uploads\/2026\/03\/PHOTO-2026-03-12-11-59-27-3-225x300.jpg\" title=\"\" rel=\"gallery1\" rel=\"lightbox[18758]\"><img loading=\"lazy\" decoding=\"async\" src=\"https:\/\/www.spkatarzyna.pl\/wp-content\/uploads\/2026\/03\/PHOTO-2026-03-12-11-59-27-3-150x150.jpg\" width=\"150\" height=\"150\" alt=\"\" \/><\/a>\n<\/dt><\/dl><dl class=\"gallery-item\">\n<dt class=\"gallery-icon\">\n<a href=\"https:\/\/www.spkatarzyna.pl\/wp-content\/uploads\/2026\/03\/PHOTO-2026-03-12-11-59-27-5-300x225.jpg\" title=\"\" rel=\"gallery1\" rel=\"lightbox[18758]\"><img loading=\"lazy\" decoding=\"async\" src=\"https:\/\/www.spkatarzyna.pl\/wp-content\/uploads\/2026\/03\/PHOTO-2026-03-12-11-59-27-5-150x150.jpg\" width=\"150\" height=\"150\" alt=\"\" \/><\/a>\n<\/dt><\/dl><dl class=\"gallery-item\">\n<dt class=\"gallery-icon\">\n<a href=\"https:\/\/www.spkatarzyna.pl\/wp-content\/uploads\/2026\/03\/PHOTO-2026-03-12-11-59-27-225x300.jpg\" title=\"\" rel=\"gallery1\" rel=\"lightbox[18758]\"><img loading=\"lazy\" decoding=\"async\" src=\"https:\/\/www.spkatarzyna.pl\/wp-content\/uploads\/2026\/03\/PHOTO-2026-03-12-11-59-27-150x150.jpg\" width=\"150\" height=\"150\" alt=\"\" \/><\/a>\n<\/dt><\/dl><dl class=\"gallery-item\">\n<dt class=\"gallery-icon\">\n<a href=\"https:\/\/www.spkatarzyna.pl\/wp-content\/uploads\/2026\/03\/PHOTO-2026-03-12-11-59-28-225x300.jpg\" title=\"\" rel=\"gallery1\" rel=\"lightbox[18758]\"><img loading=\"lazy\" decoding=\"async\" src=\"https:\/\/www.spkatarzyna.pl\/wp-content\/uploads\/2026\/03\/PHOTO-2026-03-12-11-59-28-150x150.jpg\" width=\"150\" height=\"150\" alt=\"\" \/><\/a>\n<\/dt><\/dl><br style=\"clear: both\" \/><br style=\"clear: both\" \/><\/div>\t\t<\/div>\n\t\t\t\t\t\t<\/div>\n\t\t\t\t\t<\/div>\n\t\t\t\t<\/div>\n\t\t\t\t<\/div>\n\t\t","protected":false},"excerpt":{"rendered":"<p>12 marca 2026 roku w naszej szkole odby\u0142o si\u0119 spotkanie autorskie z Marcinem Pa\u0142aszem \u2013 popularnym pisarzem ksi\u0105\u017cek dla dzieci i m\u0142odzie\u017cy. Autor w ciekawy i pe\u0142en humoru spos\u00f3b opowiada\u0142 o swojej drodze do zostania pisarzem. Uczniowie us\u0142yszeli wiele zabawnych historii o bohaterze jego ksi\u0105\u017cek \u2013 psie Elfie z powie\u015bci [&hellip;]<\/p>\n","protected":false},"author":6,"featured_media":18759,"comment_status":"open","ping_status":"open","sticky":false,"template":"","format":"standard","meta":{"om_disable_all_campaigns":false,"_monsterinsights_skip_tracking":false,"ngg_post_thumbnail":0,"footnotes":""},"categories":[1],"tags":[],"class_list":["post-18758","post","type-post","status-publish","format-standard","has-post-thumbnail","hentry","category-uncategorized"],"aioseo_notices":[],"aioseo_head":"\n\t\t<!-- All in One SEO 5.0.1.1 - aioseo.com -->\n\t<meta name=\"description\" content=\"12 marca 2026 roku w naszej szkole odby\u0142o si\u0119 spotkanie autorskie z Marcinem Pa\u0142aszem \u2013 popularnym pisarzem ksi\u0105\u017cek dla dzieci i m\u0142odzie\u017cy. Autor w ciekawy i pe\u0142en humoru spos\u00f3b opowiada\u0142 o swojej drodze do zostania pisarzem.Uczniowie us\u0142yszeli wiele zabawnych historii o bohaterze jego ksi\u0105\u017cek \u2013 psie Elfie z powie\u015bci Spos\u00f3b na Elfa oraz o inspiracjach\" \/>\n\t<meta name=\"robots\" content=\"max-image-preview:large\" \/>\n\t<meta name=\"author\" content=\"Redakcja\"\/>\n\t<link rel=\"canonical\" href=\"https:\/\/www.spkatarzyna.pl\/index.php\/2026\/03\/12\/spotkanie-autorskie-2\/\" \/>\n\t<meta name=\"generator\" content=\"All in One SEO (AIOSEO) 5.0.1.1\" \/>\n\t\t<meta property=\"og:locale\" content=\"pl_PL\" \/>\n\t\t<meta property=\"og:site_name\" content=\"SP Katarzyna - Publiczna Szko\u0142a Podstawowa w \u015awi\u0119tej Katarzynie\" \/>\n\t\t<meta property=\"og:type\" content=\"article\" \/>\n\t\t<meta property=\"og:title\" content=\"Spotkanie autorskie - SP Katarzyna\" \/>\n\t\t<meta property=\"og:description\" content=\"12 marca 2026 roku w naszej szkole odby\u0142o si\u0119 spotkanie autorskie z Marcinem Pa\u0142aszem \u2013 popularnym pisarzem ksi\u0105\u017cek dla dzieci i m\u0142odzie\u017cy. Autor w ciekawy i pe\u0142en humoru spos\u00f3b opowiada\u0142 o swojej drodze do zostania pisarzem.Uczniowie us\u0142yszeli wiele zabawnych historii o bohaterze jego ksi\u0105\u017cek \u2013 psie Elfie z powie\u015bci Spos\u00f3b na Elfa oraz o inspiracjach\" \/>\n\t\t<meta property=\"og:url\" content=\"https:\/\/www.spkatarzyna.pl\/index.php\/2026\/03\/12\/spotkanie-autorskie-2\/\" \/>\n\t\t<meta property=\"article:published_time\" content=\"2026-03-12T17:46:28+00:00\" \/>\n\t\t<meta property=\"article:modified_time\" content=\"2026-03-13T15:10:02+00:00\" \/>\n\t\t<meta name=\"twitter:card\" content=\"summary_large_image\" \/>\n\t\t<meta name=\"twitter:title\" content=\"Spotkanie autorskie - SP Katarzyna\" \/>\n\t\t<meta name=\"twitter:description\" content=\"12 marca 2026 roku w naszej szkole odby\u0142o si\u0119 spotkanie autorskie z Marcinem Pa\u0142aszem \u2013 popularnym pisarzem ksi\u0105\u017cek dla dzieci i m\u0142odzie\u017cy. Autor w ciekawy i pe\u0142en humoru spos\u00f3b opowiada\u0142 o swojej drodze do zostania pisarzem.Uczniowie us\u0142yszeli wiele zabawnych historii o bohaterze jego ksi\u0105\u017cek \u2013 psie Elfie z powie\u015bci Spos\u00f3b na Elfa oraz o inspiracjach\" \/>\n\t\t<script type=\"application\/ld+json\" class=\"aioseo-schema\">\n\t\t\t{\"@context\":\"https:\\\/\\\/schema.org\",\"@graph\":[{\"@type\":\"BlogPosting\",\"@id\":\"https:\\\/\\\/www.spkatarzyna.pl\\\/index.php\\\/2026\\\/03\\\/12\\\/spotkanie-autorskie-2\\\/#blogposting\",\"name\":\"Spotkanie autorskie - SP Katarzyna\",\"headline\":\"Spotkanie autorskie\",\"author\":{\"@id\":\"https:\\\/\\\/www.spkatarzyna.pl\\\/index.php\\\/author\\\/agatasafianspkatarzyna-pl\\\/#author\"},\"publisher\":{\"@id\":\"https:\\\/\\\/www.spkatarzyna.pl\\\/#organization\"},\"image\":{\"@type\":\"ImageObject\",\"url\":\"https:\\\/\\\/www.spkatarzyna.pl\\\/wp-content\\\/uploads\\\/2026\\\/03\\\/PHOTO-2026-03-12-11-59-27-2-2.jpg\",\"width\":360,\"height\":202},\"datePublished\":\"2026-03-12T17:46:28+01:00\",\"dateModified\":\"2026-03-13T15:10:02+01:00\",\"inLanguage\":\"pl-PL\",\"mainEntityOfPage\":{\"@id\":\"https:\\\/\\\/www.spkatarzyna.pl\\\/index.php\\\/2026\\\/03\\\/12\\\/spotkanie-autorskie-2\\\/#webpage\"},\"isPartOf\":{\"@id\":\"https:\\\/\\\/www.spkatarzyna.pl\\\/index.php\\\/2026\\\/03\\\/12\\\/spotkanie-autorskie-2\\\/#webpage\"},\"articleSection\":\"Uncategorized\"},{\"@type\":\"BreadcrumbList\",\"@id\":\"https:\\\/\\\/www.spkatarzyna.pl\\\/index.php\\\/2026\\\/03\\\/12\\\/spotkanie-autorskie-2\\\/#breadcrumblist\",\"itemListElement\":[{\"@type\":\"ListItem\",\"@id\":\"https:\\\/\\\/www.spkatarzyna.pl#listItem\",\"position\":1,\"name\":\"Dom\",\"item\":\"https:\\\/\\\/www.spkatarzyna.pl\",\"nextItem\":{\"@type\":\"ListItem\",\"@id\":\"https:\\\/\\\/www.spkatarzyna.pl\\\/index.php\\\/category\\\/uncategorized\\\/#listItem\",\"name\":\"Uncategorized\"}},{\"@type\":\"ListItem\",\"@id\":\"https:\\\/\\\/www.spkatarzyna.pl\\\/index.php\\\/category\\\/uncategorized\\\/#listItem\",\"position\":2,\"name\":\"Uncategorized\",\"item\":\"https:\\\/\\\/www.spkatarzyna.pl\\\/index.php\\\/category\\\/uncategorized\\\/\",\"nextItem\":{\"@type\":\"ListItem\",\"@id\":\"https:\\\/\\\/www.spkatarzyna.pl\\\/index.php\\\/2026\\\/03\\\/12\\\/spotkanie-autorskie-2\\\/#listItem\",\"name\":\"Spotkanie autorskie\"},\"previousItem\":{\"@type\":\"ListItem\",\"@id\":\"https:\\\/\\\/www.spkatarzyna.pl#listItem\",\"name\":\"Dom\"}},{\"@type\":\"ListItem\",\"@id\":\"https:\\\/\\\/www.spkatarzyna.pl\\\/index.php\\\/2026\\\/03\\\/12\\\/spotkanie-autorskie-2\\\/#listItem\",\"position\":3,\"name\":\"Spotkanie autorskie\",\"previousItem\":{\"@type\":\"ListItem\",\"@id\":\"https:\\\/\\\/www.spkatarzyna.pl\\\/index.php\\\/category\\\/uncategorized\\\/#listItem\",\"name\":\"Uncategorized\"}}]},{\"@type\":\"Organization\",\"@id\":\"https:\\\/\\\/www.spkatarzyna.pl\\\/#organization\",\"name\":\"SP Katarzyna\",\"description\":\"Publiczna Szko\\u0142a Podstawowa w \\u015awi\\u0119tej Katarzynie\",\"url\":\"https:\\\/\\\/www.spkatarzyna.pl\\\/\",\"telephone\":\"+48713116378\",\"sameAs\":[\"https:\\\/\\\/facebook.com\\\/\",\"https:\\\/\\\/x.com\\\/\",\"https:\\\/\\\/instagram.com\\\/\",\"https:\\\/\\\/pinterest.com\\\/\",\"https:\\\/\\\/youtube.com\\\/\",\"https:\\\/\\\/linkedin.com\\\/in\\\/\"]},{\"@type\":\"Person\",\"@id\":\"https:\\\/\\\/www.spkatarzyna.pl\\\/index.php\\\/author\\\/agatasafianspkatarzyna-pl\\\/#author\",\"url\":\"https:\\\/\\\/www.spkatarzyna.pl\\\/index.php\\\/author\\\/agatasafianspkatarzyna-pl\\\/\",\"name\":\"Redakcja\",\"image\":{\"@type\":\"ImageObject\",\"@id\":\"https:\\\/\\\/www.spkatarzyna.pl\\\/index.php\\\/2026\\\/03\\\/12\\\/spotkanie-autorskie-2\\\/#authorImage\",\"url\":\"https:\\\/\\\/secure.gravatar.com\\\/avatar\\\/765290513df94d442152250e92b42327?s=96&d=mm&r=g\",\"width\":96,\"height\":96,\"caption\":\"Redakcja\"}},{\"@type\":\"WebPage\",\"@id\":\"https:\\\/\\\/www.spkatarzyna.pl\\\/index.php\\\/2026\\\/03\\\/12\\\/spotkanie-autorskie-2\\\/#webpage\",\"url\":\"https:\\\/\\\/www.spkatarzyna.pl\\\/index.php\\\/2026\\\/03\\\/12\\\/spotkanie-autorskie-2\\\/\",\"name\":\"Spotkanie autorskie - SP Katarzyna\",\"description\":\"12 marca 2026 roku w naszej szkole odby\\u0142o si\\u0119 spotkanie autorskie z Marcinem Pa\\u0142aszem \\u2013 popularnym pisarzem ksi\\u0105\\u017cek dla dzieci i m\\u0142odzie\\u017cy. Autor w ciekawy i pe\\u0142en humoru spos\\u00f3b opowiada\\u0142 o swojej drodze do zostania pisarzem.Uczniowie us\\u0142yszeli wiele zabawnych historii o bohaterze jego ksi\\u0105\\u017cek \\u2013 psie Elfie z powie\\u015bci Spos\\u00f3b na Elfa oraz o inspiracjach\",\"inLanguage\":\"pl-PL\",\"isPartOf\":{\"@id\":\"https:\\\/\\\/www.spkatarzyna.pl\\\/#website\"},\"breadcrumb\":{\"@id\":\"https:\\\/\\\/www.spkatarzyna.pl\\\/index.php\\\/2026\\\/03\\\/12\\\/spotkanie-autorskie-2\\\/#breadcrumblist\"},\"author\":{\"@id\":\"https:\\\/\\\/www.spkatarzyna.pl\\\/index.php\\\/author\\\/agatasafianspkatarzyna-pl\\\/#author\"},\"creator\":{\"@id\":\"https:\\\/\\\/www.spkatarzyna.pl\\\/index.php\\\/author\\\/agatasafianspkatarzyna-pl\\\/#author\"},\"image\":{\"@type\":\"ImageObject\",\"url\":\"https:\\\/\\\/www.spkatarzyna.pl\\\/wp-content\\\/uploads\\\/2026\\\/03\\\/PHOTO-2026-03-12-11-59-27-2-2.jpg\",\"@id\":\"https:\\\/\\\/www.spkatarzyna.pl\\\/index.php\\\/2026\\\/03\\\/12\\\/spotkanie-autorskie-2\\\/#mainImage\",\"width\":360,\"height\":202},\"primaryImageOfPage\":{\"@id\":\"https:\\\/\\\/www.spkatarzyna.pl\\\/index.php\\\/2026\\\/03\\\/12\\\/spotkanie-autorskie-2\\\/#mainImage\"},\"datePublished\":\"2026-03-12T17:46:28+01:00\",\"dateModified\":\"2026-03-13T15:10:02+01:00\"},{\"@type\":\"WebSite\",\"@id\":\"https:\\\/\\\/www.spkatarzyna.pl\\\/#website\",\"url\":\"https:\\\/\\\/www.spkatarzyna.pl\\\/\",\"name\":\"SP Katarzyna\",\"description\":\"Publiczna Szko\\u0142a Podstawowa w \\u015awi\\u0119tej Katarzynie\",\"inLanguage\":\"pl-PL\",\"publisher\":{\"@id\":\"https:\\\/\\\/www.spkatarzyna.pl\\\/#organization\"}}]}\n\t\t<\/script>\n\t\t<!-- All in One SEO -->\n\n","aioseo_head_json":{"title":"Spotkanie autorskie - SP Katarzyna","description":"12 marca 2026 roku w naszej szkole odby\u0142o si\u0119 spotkanie autorskie z Marcinem Pa\u0142aszem \u2013 popularnym pisarzem ksi\u0105\u017cek dla dzieci i m\u0142odzie\u017cy. Autor w ciekawy i pe\u0142en humoru spos\u00f3b opowiada\u0142 o swojej drodze do zostania pisarzem.Uczniowie us\u0142yszeli wiele zabawnych historii o bohaterze jego ksi\u0105\u017cek \u2013 psie Elfie z powie\u015bci Spos\u00f3b na Elfa oraz o inspiracjach","canonical_url":"https:\/\/www.spkatarzyna.pl\/index.php\/2026\/03\/12\/spotkanie-autorskie-2\/","robots":"max-image-preview:large","keywords":"","webmasterTools":{"miscellaneous":""},"schema":{"@context":"https:\/\/schema.org","@graph":[{"@type":"BlogPosting","@id":"https:\/\/www.spkatarzyna.pl\/index.php\/2026\/03\/12\/spotkanie-autorskie-2\/#blogposting","name":"Spotkanie autorskie - SP Katarzyna","headline":"Spotkanie autorskie","author":{"@id":"https:\/\/www.spkatarzyna.pl\/index.php\/author\/agatasafianspkatarzyna-pl\/#author"},"publisher":{"@id":"https:\/\/www.spkatarzyna.pl\/#organization"},"image":{"@type":"ImageObject","url":"https:\/\/www.spkatarzyna.pl\/wp-content\/uploads\/2026\/03\/PHOTO-2026-03-12-11-59-27-2-2.jpg","width":360,"height":202},"datePublished":"2026-03-12T17:46:28+01:00","dateModified":"2026-03-13T15:10:02+01:00","inLanguage":"pl-PL","mainEntityOfPage":{"@id":"https:\/\/www.spkatarzyna.pl\/index.php\/2026\/03\/12\/spotkanie-autorskie-2\/#webpage"},"isPartOf":{"@id":"https:\/\/www.spkatarzyna.pl\/index.php\/2026\/03\/12\/spotkanie-autorskie-2\/#webpage"},"articleSection":"Uncategorized"},{"@type":"BreadcrumbList","@id":"https:\/\/www.spkatarzyna.pl\/index.php\/2026\/03\/12\/spotkanie-autorskie-2\/#breadcrumblist","itemListElement":[{"@type":"ListItem","@id":"https:\/\/www.spkatarzyna.pl#listItem","position":1,"name":"Dom","item":"https:\/\/www.spkatarzyna.pl","nextItem":{"@type":"ListItem","@id":"https:\/\/www.spkatarzyna.pl\/index.php\/category\/uncategorized\/#listItem","name":"Uncategorized"}},{"@type":"ListItem","@id":"https:\/\/www.spkatarzyna.pl\/index.php\/category\/uncategorized\/#listItem","position":2,"name":"Uncategorized","item":"https:\/\/www.spkatarzyna.pl\/index.php\/category\/uncategorized\/","nextItem":{"@type":"ListItem","@id":"https:\/\/www.spkatarzyna.pl\/index.php\/2026\/03\/12\/spotkanie-autorskie-2\/#listItem","name":"Spotkanie autorskie"},"previousItem":{"@type":"ListItem","@id":"https:\/\/www.spkatarzyna.pl#listItem","name":"Dom"}},{"@type":"ListItem","@id":"https:\/\/www.spkatarzyna.pl\/index.php\/2026\/03\/12\/spotkanie-autorskie-2\/#listItem","position":3,"name":"Spotkanie autorskie","previousItem":{"@type":"ListItem","@id":"https:\/\/www.spkatarzyna.pl\/index.php\/category\/uncategorized\/#listItem","name":"Uncategorized"}}]},{"@type":"Organization","@id":"https:\/\/www.spkatarzyna.pl\/#organization","name":"SP Katarzyna","description":"Publiczna Szko\u0142a Podstawowa w \u015awi\u0119tej Katarzynie","url":"https:\/\/www.spkatarzyna.pl\/","telephone":"+48713116378","sameAs":["https:\/\/facebook.com\/","https:\/\/x.com\/","https:\/\/instagram.com\/","https:\/\/pinterest.com\/","https:\/\/youtube.com\/","https:\/\/linkedin.com\/in\/"]},{"@type":"Person","@id":"https:\/\/www.spkatarzyna.pl\/index.php\/author\/agatasafianspkatarzyna-pl\/#author","url":"https:\/\/www.spkatarzyna.pl\/index.php\/author\/agatasafianspkatarzyna-pl\/","name":"Redakcja","image":{"@type":"ImageObject","@id":"https:\/\/www.spkatarzyna.pl\/index.php\/2026\/03\/12\/spotkanie-autorskie-2\/#authorImage","url":"https:\/\/secure.gravatar.com\/avatar\/765290513df94d442152250e92b42327?s=96&d=mm&r=g","width":96,"height":96,"caption":"Redakcja"}},{"@type":"WebPage","@id":"https:\/\/www.spkatarzyna.pl\/index.php\/2026\/03\/12\/spotkanie-autorskie-2\/#webpage","url":"https:\/\/www.spkatarzyna.pl\/index.php\/2026\/03\/12\/spotkanie-autorskie-2\/","name":"Spotkanie autorskie - SP Katarzyna","description":"12 marca 2026 roku w naszej szkole odby\u0142o si\u0119 spotkanie autorskie z Marcinem Pa\u0142aszem \u2013 popularnym pisarzem ksi\u0105\u017cek dla dzieci i m\u0142odzie\u017cy. Autor w ciekawy i pe\u0142en humoru spos\u00f3b opowiada\u0142 o swojej drodze do zostania pisarzem.Uczniowie us\u0142yszeli wiele zabawnych historii o bohaterze jego ksi\u0105\u017cek \u2013 psie Elfie z powie\u015bci Spos\u00f3b na Elfa oraz o inspiracjach","inLanguage":"pl-PL","isPartOf":{"@id":"https:\/\/www.spkatarzyna.pl\/#website"},"breadcrumb":{"@id":"https:\/\/www.spkatarzyna.pl\/index.php\/2026\/03\/12\/spotkanie-autorskie-2\/#breadcrumblist"},"author":{"@id":"https:\/\/www.spkatarzyna.pl\/index.php\/author\/agatasafianspkatarzyna-pl\/#author"},"creator":{"@id":"https:\/\/www.spkatarzyna.pl\/index.php\/author\/agatasafianspkatarzyna-pl\/#author"},"image":{"@type":"ImageObject","url":"https:\/\/www.spkatarzyna.pl\/wp-content\/uploads\/2026\/03\/PHOTO-2026-03-12-11-59-27-2-2.jpg","@id":"https:\/\/www.spkatarzyna.pl\/index.php\/2026\/03\/12\/spotkanie-autorskie-2\/#mainImage","width":360,"height":202},"primaryImageOfPage":{"@id":"https:\/\/www.spkatarzyna.pl\/index.php\/2026\/03\/12\/spotkanie-autorskie-2\/#mainImage"},"datePublished":"2026-03-12T17:46:28+01:00","dateModified":"2026-03-13T15:10:02+01:00"},{"@type":"WebSite","@id":"https:\/\/www.spkatarzyna.pl\/#website","url":"https:\/\/www.spkatarzyna.pl\/","name":"SP Katarzyna","description":"Publiczna Szko\u0142a Podstawowa w \u015awi\u0119tej Katarzynie","inLanguage":"pl-PL","publisher":{"@id":"https:\/\/www.spkatarzyna.pl\/#organization"}}]},"og:locale":"pl_PL","og:site_name":"SP Katarzyna - Publiczna Szko\u0142a Podstawowa w \u015awi\u0119tej Katarzynie","og:type":"article","og:title":"Spotkanie autorskie - SP Katarzyna","og:description":"12 marca 2026 roku w naszej szkole odby\u0142o si\u0119 spotkanie autorskie z Marcinem Pa\u0142aszem \u2013 popularnym pisarzem ksi\u0105\u017cek dla dzieci i m\u0142odzie\u017cy. Autor w ciekawy i pe\u0142en humoru spos\u00f3b opowiada\u0142 o swojej drodze do zostania pisarzem.Uczniowie us\u0142yszeli wiele zabawnych historii o bohaterze jego ksi\u0105\u017cek \u2013 psie Elfie z powie\u015bci Spos\u00f3b na Elfa oraz o inspiracjach","og:url":"https:\/\/www.spkatarzyna.pl\/index.php\/2026\/03\/12\/spotkanie-autorskie-2\/","article:published_time":"2026-03-12T17:46:28+00:00","article:modified_time":"2026-03-13T15:10:02+00:00","twitter:card":"summary_large_image","twitter:title":"Spotkanie autorskie - SP Katarzyna","twitter:description":"12 marca 2026 roku w naszej szkole odby\u0142o si\u0119 spotkanie autorskie z Marcinem Pa\u0142aszem \u2013 popularnym pisarzem ksi\u0105\u017cek dla dzieci i m\u0142odzie\u017cy. Autor w ciekawy i pe\u0142en humoru spos\u00f3b opowiada\u0142 o swojej drodze do zostania pisarzem.Uczniowie us\u0142yszeli wiele zabawnych historii o bohaterze jego ksi\u0105\u017cek \u2013 psie Elfie z powie\u015bci Spos\u00f3b na Elfa oraz o inspiracjach"},"aioseo_meta_data":{"post_id":"18758","title":null,"description":null,"keywords":null,"keyphrases":{"focus":{"keyphrase":"","score":0,"analysis":{"keyphraseInTitle":{"score":0,"maxScore":9,"error":1}}},"additional":[]},"primary_term":null,"canonical_url":null,"og_title":null,"og_description":null,"og_object_type":"default","og_image_type":"default","og_image_url":null,"og_image_width":null,"og_image_height":null,"og_image_custom_url":null,"og_image_custom_fields":null,"og_video":"","og_custom_url":null,"og_article_section":null,"og_article_tags":null,"twitter_use_og":false,"twitter_card":"default","twitter_image_type":"default","twitter_image_url":null,"twitter_image_custom_url":null,"twitter_image_custom_fields":null,"twitter_title":null,"twitter_description":null,"schema":{"blockGraphs":[],"customGraphs":[],"default":{"data":{"Article":[],"Course":[],"Dataset":[],"FAQPage":[],"Movie":[],"Person":[],"Product":[],"ProductReview":[],"Car":[],"Recipe":[],"Service":[],"SoftwareApplication":[],"WebPage":[]},"graphName":"BlogPosting","isEnabled":true},"graphs":[]},"schema_type":"default","schema_type_options":null,"pillar_content":false,"robots_default":true,"robots_noindex":false,"robots_noarchive":false,"robots_nosnippet":false,"robots_nofollow":false,"robots_noimageindex":false,"robots_noodp":false,"robots_notranslate":false,"robots_max_snippet":"-1","robots_max_videopreview":"-1","robots_max_imagepreview":"large","priority":null,"frequency":"default","local_seo":null,"limit_modified_date":false,"created":"2026-03-12 17:46:28","updated":"2026-09-03 17:49:06","focus_keyword":null,"additional_keywords":null,"truseo_locale":null,"ai":null,"breadcrumb_settings":null,"seo_analyzer_scan_date":null},"aioseo_breadcrumb":"<div class=\"aioseo-breadcrumbs\"><span class=\"aioseo-breadcrumb\">\n\t\t\t<a href=\"https:\/\/www.spkatarzyna.pl\" title=\"Dom\">Dom<\/a>\n\t\t<\/span><span class=\"aioseo-breadcrumb-separator\">&raquo;<\/span><span class=\"aioseo-breadcrumb\">\n\t\t\t<a href=\"https:\/\/www.spkatarzyna.pl\/index.php\/category\/uncategorized\/\" title=\"Uncategorized\">Uncategorized<\/a>\n\t\t<\/span><span class=\"aioseo-breadcrumb-separator\">&raquo;<\/span><span class=\"aioseo-breadcrumb\">\n\t\t\tSpotkanie autorskie\n\t\t<\/span><\/div>","aioseo_breadcrumb_json":[{"label":"Dom","link":"https:\/\/www.spkatarzyna.pl"},{"label":"Uncategorized","link":"https:\/\/www.spkatarzyna.pl\/index.php\/category\/uncategorized\/"},{"label":"Spotkanie autorskie","link":"https:\/\/www.spkatarzyna.pl\/index.php\/2026\/03\/12\/spotkanie-autorskie-2\/"}],"_links":{"self":[{"href":"https:\/\/www.spkatarzyna.pl\/index.php\/wp-json\/wp\/v2\/posts\/18758","targetHints":{"allow":["GET"]}}],"collection":[{"href":"https:\/\/www.spkatarzyna.pl\/index.php\/wp-json\/wp\/v2\/posts"}],"about":[{"href":"https:\/\/www.spkatarzyna.pl\/index.php\/wp-json\/wp\/v2\/types\/post"}],"author":[{"embeddable":true,"href":"https:\/\/www.spkatarzyna.pl\/index.php\/wp-json\/wp\/v2\/users\/6"}],"replies":[{"embeddable":true,"href":"https:\/\/www.spkatarzyna.pl\/index.php\/wp-json\/wp\/v2\/comments?post=18758"}],"version-history":[{"count":10,"href":"https:\/\/www.spkatarzyna.pl\/index.php\/wp-json\/wp\/v2\/posts\/18758\/revisions"}],"predecessor-version":[{"id":18807,"href":"https:\/\/www.spkatarzyna.pl\/index.php\/wp-json\/wp\/v2\/posts\/18758\/revisions\/18807"}],"wp:featuredmedia":[{"embeddable":true,"href":"https:\/\/www.spkatarzyna.pl\/index.php\/wp-json\/wp\/v2\/media\/18759"}],"wp:attachment":[{"href":"https:\/\/www.spkatarzyna.pl\/index.php\/wp-json\/wp\/v2\/media?parent=18758"}],"wp:term":[{"taxonomy":"category","embeddable":true,"href":"https:\/\/www.spkatarzyna.pl\/index.php\/wp-json\/wp\/v2\/categories?post=18758"},{"taxonomy":"post_tag","embeddable":true,"href":"https:\/\/www.spkatarzyna.pl\/index.php\/wp-json\/wp\/v2\/tags?post=18758"}],"curies":[{"name":"wp","href":"https:\/\/api.w.org\/{rel}","templated":true}]}}