{"id":18774,"date":"2026-03-12T17:00:24","date_gmt":"2026-03-12T17:00:24","guid":{"rendered":"https:\/\/www.spkatarzyna.pl\/?p=18774"},"modified":"2026-03-12T18:06:52","modified_gmt":"2026-03-12T18:06:52","slug":"boska-lekcja-w-klasie-5c","status":"publish","type":"post","link":"https:\/\/www.spkatarzyna.pl\/index.php\/2026\/03\/12\/boska-lekcja-w-klasie-5c\/","title":{"rendered":"Boska lekcja w klasie 5c"},"content":{"rendered":"\t\t<div data-elementor-type=\"wp-post\" data-elementor-id=\"18774\" class=\"elementor elementor-18774\">\n\t\t\t\t<div class=\"elementor-element elementor-element-7cc0c548 e-flex e-con-boxed e-con e-parent\" data-id=\"7cc0c548\" data-element_type=\"container\">\n\t\t\t\t\t<div class=\"e-con-inner\">\n\t\t\t\t<div class=\"elementor-element elementor-element-669bc379 elementor-widget elementor-widget-text-editor\" data-id=\"669bc379\" data-element_type=\"widget\" data-widget_type=\"text-editor.default\">\n\t\t\t\t\t\t\t\t\t<div>\r\n<p style=\"text-align: justify;\"><span style=\"font-size: 14pt;\">Uczniowie klasy 5c wzi\u0119li udzia\u0142 w niezwyk\u0142ej lekcji j\u0119zyka polskiego po\u015bwi\u0119conej mitologii greckiej. Tego dnia sala lekcyjna zamieni\u0142a si\u0119 w prawdziwy Olimp \u2013 uczniowie wcielili si\u0119 w role greckich bog\u00f3w i bogi\u0144, przygotowuj\u0105c stroje oraz charakterystyczne atrybuty swoich postaci.<\/span><\/p>\r\n<p style=\"text-align: justify;\"><span style=\"font-size: 14pt;\">Celem zadania by\u0142o lepsze zapami\u0119tanie cech i r\u00f3l poszczeg\u00f3lnych bog\u00f3w greckich. Lekcja przebiega\u0142a w bardzo tw\u00f3rczej i radosnej atmosferze. Uczniowie ch\u0119tnie anga\u017cowali si\u0119 w dzia\u0142ania, wykazywali si\u0119 pomys\u0142owo\u015bci\u0105, a niekt\u00f3rzy przygotowali nawet kr\u00f3tkie wiersze o swoich bohaterach.<\/span><\/p>\r\n<p style=\"text-align: justify;\"><span style=\"font-size: 14pt;\">By\u0142a to nie tylko ciekawa, ale tak\u017ce inspiruj\u0105ca lekcja, kt\u00f3ra pokaza\u0142a, \u017ce nauka mo\u017ce by\u0107 jednocze\u015bnie kreatywna i pe\u0142na dobrej zabawy.<\/span><\/p>\r\n\r\n<\/div>\r\n<p style=\"text-align: right;\"><span style=\"font-size: 14pt;\">Malwina Kami\u0144ska&nbsp;<\/span><\/p>\t\t\t\t\t\t\t\t<\/div>\n\t\t\t\t<div class=\"elementor-element elementor-element-b54ada5 elementor-widget elementor-widget-image-gallery\" data-id=\"b54ada5\" data-element_type=\"widget\" data-widget_type=\"image-gallery.default\">\n\t\t\t\t\t\t\t<div class=\"elementor-image-gallery\">\n\t\t\t\n\t\t<div id='gallery-1' class='gallery galleryid-18774 gallery-columns-6 gallery-size-thumbnail gallery1'><script type=\"text\/javascript\">\n\/\/ <![CDATA[\n\tjQuery(document).ready(function () {\n\t\tjQuery(\".gallery1 a\").attr(\"rel\",\"gallery1\");\t\n\t\tjQuery('a[rel=\"gallery1\"]').colorbox({title: function(){ return jQuery(this).children().attr(\"alt\"); }});\n\t});\n\/\/ ]]>\n<\/script>\n<dl class=\"gallery-item\">\n<dt class=\"gallery-icon\">\n<a href=\"https:\/\/www.spkatarzyna.pl\/wp-content\/uploads\/2026\/03\/IMG-20260220-WA0001_Original-300x135.jpeg\" title=\"\" rel=\"gallery1\" rel=\"lightbox[18774]\"><img decoding=\"async\" src=\"https:\/\/www.spkatarzyna.pl\/wp-content\/uploads\/2026\/03\/IMG-20260220-WA0001_Original-150x150.jpeg\" width=\"150\" height=\"150\" alt=\"\" \/><\/a>\n<\/dt><\/dl><dl class=\"gallery-item\">\n<dt class=\"gallery-icon\">\n<a href=\"https:\/\/www.spkatarzyna.pl\/wp-content\/uploads\/2026\/03\/IMG-20260220-WA0009_Original-300x135.jpeg\" title=\"\" rel=\"gallery1\" rel=\"lightbox[18774]\"><img decoding=\"async\" src=\"https:\/\/www.spkatarzyna.pl\/wp-content\/uploads\/2026\/03\/IMG-20260220-WA0009_Original-150x150.jpeg\" width=\"150\" height=\"150\" alt=\"\" \/><\/a>\n<\/dt><\/dl><dl class=\"gallery-item\">\n<dt class=\"gallery-icon\">\n<a href=\"https:\/\/www.spkatarzyna.pl\/wp-content\/uploads\/2026\/03\/IMG20260220120532_Original-225x300.jpeg\" title=\"\" rel=\"gallery1\" rel=\"lightbox[18774]\"><img decoding=\"async\" src=\"https:\/\/www.spkatarzyna.pl\/wp-content\/uploads\/2026\/03\/IMG20260220120532_Original-150x150.jpeg\" width=\"150\" height=\"150\" alt=\"\" \/><\/a>\n<\/dt><\/dl><dl class=\"gallery-item\">\n<dt class=\"gallery-icon\">\n<a href=\"https:\/\/www.spkatarzyna.pl\/wp-content\/uploads\/2026\/03\/IMG20260220120723_Original-225x300.jpeg\" title=\"\" rel=\"gallery1\" rel=\"lightbox[18774]\"><img loading=\"lazy\" decoding=\"async\" src=\"https:\/\/www.spkatarzyna.pl\/wp-content\/uploads\/2026\/03\/IMG20260220120723_Original-150x150.jpeg\" width=\"150\" height=\"150\" alt=\"\" \/><\/a>\n<\/dt><\/dl><dl class=\"gallery-item\">\n<dt class=\"gallery-icon\">\n<a href=\"https:\/\/www.spkatarzyna.pl\/wp-content\/uploads\/2026\/03\/IMG20260220121015_Original-225x300.jpeg\" title=\"\" rel=\"gallery1\" rel=\"lightbox[18774]\"><img loading=\"lazy\" decoding=\"async\" src=\"https:\/\/www.spkatarzyna.pl\/wp-content\/uploads\/2026\/03\/IMG20260220121015_Original-150x150.jpeg\" width=\"150\" height=\"150\" alt=\"\" \/><\/a>\n<\/dt><\/dl><dl class=\"gallery-item\">\n<dt class=\"gallery-icon\">\n<a href=\"https:\/\/www.spkatarzyna.pl\/wp-content\/uploads\/2026\/03\/IMG20260220121214_Original-225x300.jpeg\" title=\"\" rel=\"gallery1\" rel=\"lightbox[18774]\"><img loading=\"lazy\" decoding=\"async\" src=\"https:\/\/www.spkatarzyna.pl\/wp-content\/uploads\/2026\/03\/IMG20260220121214_Original-150x150.jpeg\" width=\"150\" height=\"150\" alt=\"\" \/><\/a>\n<\/dt><\/dl><br style=\"clear: both\" \/><dl class=\"gallery-item\">\n<dt class=\"gallery-icon\">\n<a href=\"https:\/\/www.spkatarzyna.pl\/wp-content\/uploads\/2026\/03\/IMG20260220121324_Original-225x300.jpeg\" title=\"\" rel=\"gallery1\" rel=\"lightbox[18774]\"><img loading=\"lazy\" decoding=\"async\" src=\"https:\/\/www.spkatarzyna.pl\/wp-content\/uploads\/2026\/03\/IMG20260220121324_Original-150x150.jpeg\" width=\"150\" height=\"150\" alt=\"\" \/><\/a>\n<\/dt><\/dl><dl class=\"gallery-item\">\n<dt class=\"gallery-icon\">\n<a href=\"https:\/\/www.spkatarzyna.pl\/wp-content\/uploads\/2026\/03\/IMG20260220121412_Original-225x300.jpeg\" title=\"\" rel=\"gallery1\" rel=\"lightbox[18774]\"><img loading=\"lazy\" decoding=\"async\" src=\"https:\/\/www.spkatarzyna.pl\/wp-content\/uploads\/2026\/03\/IMG20260220121412_Original-150x150.jpeg\" width=\"150\" height=\"150\" alt=\"\" \/><\/a>\n<\/dt><\/dl><dl class=\"gallery-item\">\n<dt class=\"gallery-icon\">\n<a href=\"https:\/\/www.spkatarzyna.pl\/wp-content\/uploads\/2026\/03\/IMG20260220121515_Original-225x300.jpeg\" title=\"\" rel=\"gallery1\" rel=\"lightbox[18774]\"><img loading=\"lazy\" decoding=\"async\" src=\"https:\/\/www.spkatarzyna.pl\/wp-content\/uploads\/2026\/03\/IMG20260220121515_Original-150x150.jpeg\" width=\"150\" height=\"150\" alt=\"\" \/><\/a>\n<\/dt><\/dl><dl class=\"gallery-item\">\n<dt class=\"gallery-icon\">\n<a href=\"https:\/\/www.spkatarzyna.pl\/wp-content\/uploads\/2026\/03\/IMG20260220121649_Original-225x300.jpeg\" title=\"\" rel=\"gallery1\" rel=\"lightbox[18774]\"><img loading=\"lazy\" decoding=\"async\" src=\"https:\/\/www.spkatarzyna.pl\/wp-content\/uploads\/2026\/03\/IMG20260220121649_Original-150x150.jpeg\" width=\"150\" height=\"150\" alt=\"\" \/><\/a>\n<\/dt><\/dl><dl class=\"gallery-item\">\n<dt class=\"gallery-icon\">\n<a href=\"https:\/\/www.spkatarzyna.pl\/wp-content\/uploads\/2026\/03\/IMG20260220121906_Original-225x300.jpeg\" title=\"\" rel=\"gallery1\" rel=\"lightbox[18774]\"><img loading=\"lazy\" decoding=\"async\" src=\"https:\/\/www.spkatarzyna.pl\/wp-content\/uploads\/2026\/03\/IMG20260220121906_Original-150x150.jpeg\" width=\"150\" height=\"150\" alt=\"\" \/><\/a>\n<\/dt><\/dl><dl class=\"gallery-item\">\n<dt class=\"gallery-icon\">\n<a href=\"https:\/\/www.spkatarzyna.pl\/wp-content\/uploads\/2026\/03\/IMG20260220121139_Original-225x300.jpeg\" title=\"\" rel=\"gallery1\" rel=\"lightbox[18774]\"><img loading=\"lazy\" decoding=\"async\" src=\"https:\/\/www.spkatarzyna.pl\/wp-content\/uploads\/2026\/03\/IMG20260220121139_Original-150x150.jpeg\" width=\"150\" height=\"150\" alt=\"\" \/><\/a>\n<\/dt><\/dl><br style=\"clear: both\" \/><br style=\"clear: both\" \/><\/div>\t\t<\/div>\n\t\t\t\t\t\t<\/div>\n\t\t\t\t\t<\/div>\n\t\t\t\t<\/div>\n\t\t\t\t<\/div>\n\t\t","protected":false},"excerpt":{"rendered":"<p>Uczniowie klasy 5c wzi\u0119li udzia\u0142 w niezwyk\u0142ej lekcji j\u0119zyka polskiego po\u015bwi\u0119conej mitologii greckiej. Tego dnia sala lekcyjna zamieni\u0142a si\u0119 w prawdziwy Olimp \u2013 uczniowie wcielili si\u0119 w role greckich bog\u00f3w i bogi\u0144, przygotowuj\u0105c stroje oraz charakterystyczne atrybuty swoich postaci. Celem zadania by\u0142o lepsze zapami\u0119tanie cech i r\u00f3l poszczeg\u00f3lnych bog\u00f3w greckich. [&hellip;]<\/p>\n","protected":false},"author":6,"featured_media":18775,"comment_status":"open","ping_status":"open","sticky":false,"template":"","format":"standard","meta":{"om_disable_all_campaigns":false,"_monsterinsights_skip_tracking":false,"ngg_post_thumbnail":0,"footnotes":""},"categories":[1],"tags":[],"class_list":["post-18774","post","type-post","status-publish","format-standard","has-post-thumbnail","hentry","category-uncategorized"],"aioseo_notices":[],"aioseo_head":"\n\t\t<!-- All in One SEO 5.0.1.1 - aioseo.com -->\n\t<meta name=\"description\" content=\"Uczniowie klasy 5c wzi\u0119li udzia\u0142 w niezwyk\u0142ej lekcji j\u0119zyka polskiego po\u015bwi\u0119conej mitologii greckiej. Tego dnia sala lekcyjna zamieni\u0142a si\u0119 w prawdziwy Olimp \u2013 uczniowie wcielili si\u0119 w role greckich bog\u00f3w i bogi\u0144, przygotowuj\u0105c stroje oraz charakterystyczne atrybuty swoich postaci. Celem zadania by\u0142o lepsze zapami\u0119tanie cech i r\u00f3l poszczeg\u00f3lnych bog\u00f3w greckich. Lekcja przebiega\u0142a w bardzo tw\u00f3rczej\" \/>\n\t<meta name=\"robots\" content=\"max-image-preview:large\" \/>\n\t<meta name=\"author\" content=\"Redakcja\"\/>\n\t<link rel=\"canonical\" href=\"https:\/\/www.spkatarzyna.pl\/index.php\/2026\/03\/12\/boska-lekcja-w-klasie-5c\/\" \/>\n\t<meta name=\"generator\" content=\"All in One SEO (AIOSEO) 5.0.1.1\" \/>\n\t\t<meta property=\"og:locale\" content=\"pl_PL\" \/>\n\t\t<meta property=\"og:site_name\" content=\"SP Katarzyna - Publiczna Szko\u0142a Podstawowa w \u015awi\u0119tej Katarzynie\" \/>\n\t\t<meta property=\"og:type\" content=\"article\" \/>\n\t\t<meta property=\"og:title\" content=\"Boska lekcja w klasie 5c - SP Katarzyna\" \/>\n\t\t<meta property=\"og:description\" content=\"Uczniowie klasy 5c wzi\u0119li udzia\u0142 w niezwyk\u0142ej lekcji j\u0119zyka polskiego po\u015bwi\u0119conej mitologii greckiej. Tego dnia sala lekcyjna zamieni\u0142a si\u0119 w prawdziwy Olimp \u2013 uczniowie wcielili si\u0119 w role greckich bog\u00f3w i bogi\u0144, przygotowuj\u0105c stroje oraz charakterystyczne atrybuty swoich postaci. Celem zadania by\u0142o lepsze zapami\u0119tanie cech i r\u00f3l poszczeg\u00f3lnych bog\u00f3w greckich. Lekcja przebiega\u0142a w bardzo tw\u00f3rczej\" \/>\n\t\t<meta property=\"og:url\" content=\"https:\/\/www.spkatarzyna.pl\/index.php\/2026\/03\/12\/boska-lekcja-w-klasie-5c\/\" \/>\n\t\t<meta property=\"article:published_time\" content=\"2026-03-12T17:00:24+00:00\" \/>\n\t\t<meta property=\"article:modified_time\" content=\"2026-03-12T18:06:52+00:00\" \/>\n\t\t<meta name=\"twitter:card\" content=\"summary_large_image\" \/>\n\t\t<meta name=\"twitter:title\" content=\"Boska lekcja w klasie 5c - SP Katarzyna\" \/>\n\t\t<meta name=\"twitter:description\" content=\"Uczniowie klasy 5c wzi\u0119li udzia\u0142 w niezwyk\u0142ej lekcji j\u0119zyka polskiego po\u015bwi\u0119conej mitologii greckiej. Tego dnia sala lekcyjna zamieni\u0142a si\u0119 w prawdziwy Olimp \u2013 uczniowie wcielili si\u0119 w role greckich bog\u00f3w i bogi\u0144, przygotowuj\u0105c stroje oraz charakterystyczne atrybuty swoich postaci. Celem zadania by\u0142o lepsze zapami\u0119tanie cech i r\u00f3l poszczeg\u00f3lnych bog\u00f3w greckich. Lekcja przebiega\u0142a w bardzo tw\u00f3rczej\" \/>\n\t\t<script type=\"application\/ld+json\" class=\"aioseo-schema\">\n\t\t\t{\"@context\":\"https:\\\/\\\/schema.org\",\"@graph\":[{\"@type\":\"BlogPosting\",\"@id\":\"https:\\\/\\\/www.spkatarzyna.pl\\\/index.php\\\/2026\\\/03\\\/12\\\/boska-lekcja-w-klasie-5c\\\/#blogposting\",\"name\":\"Boska lekcja w klasie 5c - SP Katarzyna\",\"headline\":\"Boska lekcja w klasie 5c\",\"author\":{\"@id\":\"https:\\\/\\\/www.spkatarzyna.pl\\\/index.php\\\/author\\\/agatasafianspkatarzyna-pl\\\/#author\"},\"publisher\":{\"@id\":\"https:\\\/\\\/www.spkatarzyna.pl\\\/#organization\"},\"image\":{\"@type\":\"ImageObject\",\"url\":\"https:\\\/\\\/www.spkatarzyna.pl\\\/wp-content\\\/uploads\\\/2026\\\/03\\\/IMG-20260220-WA0001_Original.jpg\",\"width\":360,\"height\":202},\"datePublished\":\"2026-03-12T17:00:24+01:00\",\"dateModified\":\"2026-03-12T18:06:52+01:00\",\"inLanguage\":\"pl-PL\",\"mainEntityOfPage\":{\"@id\":\"https:\\\/\\\/www.spkatarzyna.pl\\\/index.php\\\/2026\\\/03\\\/12\\\/boska-lekcja-w-klasie-5c\\\/#webpage\"},\"isPartOf\":{\"@id\":\"https:\\\/\\\/www.spkatarzyna.pl\\\/index.php\\\/2026\\\/03\\\/12\\\/boska-lekcja-w-klasie-5c\\\/#webpage\"},\"articleSection\":\"Uncategorized\"},{\"@type\":\"BreadcrumbList\",\"@id\":\"https:\\\/\\\/www.spkatarzyna.pl\\\/index.php\\\/2026\\\/03\\\/12\\\/boska-lekcja-w-klasie-5c\\\/#breadcrumblist\",\"itemListElement\":[{\"@type\":\"ListItem\",\"@id\":\"https:\\\/\\\/www.spkatarzyna.pl#listItem\",\"position\":1,\"name\":\"Dom\",\"item\":\"https:\\\/\\\/www.spkatarzyna.pl\",\"nextItem\":{\"@type\":\"ListItem\",\"@id\":\"https:\\\/\\\/www.spkatarzyna.pl\\\/index.php\\\/category\\\/uncategorized\\\/#listItem\",\"name\":\"Uncategorized\"}},{\"@type\":\"ListItem\",\"@id\":\"https:\\\/\\\/www.spkatarzyna.pl\\\/index.php\\\/category\\\/uncategorized\\\/#listItem\",\"position\":2,\"name\":\"Uncategorized\",\"item\":\"https:\\\/\\\/www.spkatarzyna.pl\\\/index.php\\\/category\\\/uncategorized\\\/\",\"nextItem\":{\"@type\":\"ListItem\",\"@id\":\"https:\\\/\\\/www.spkatarzyna.pl\\\/index.php\\\/2026\\\/03\\\/12\\\/boska-lekcja-w-klasie-5c\\\/#listItem\",\"name\":\"Boska lekcja w klasie 5c\"},\"previousItem\":{\"@type\":\"ListItem\",\"@id\":\"https:\\\/\\\/www.spkatarzyna.pl#listItem\",\"name\":\"Dom\"}},{\"@type\":\"ListItem\",\"@id\":\"https:\\\/\\\/www.spkatarzyna.pl\\\/index.php\\\/2026\\\/03\\\/12\\\/boska-lekcja-w-klasie-5c\\\/#listItem\",\"position\":3,\"name\":\"Boska lekcja w klasie 5c\",\"previousItem\":{\"@type\":\"ListItem\",\"@id\":\"https:\\\/\\\/www.spkatarzyna.pl\\\/index.php\\\/category\\\/uncategorized\\\/#listItem\",\"name\":\"Uncategorized\"}}]},{\"@type\":\"Organization\",\"@id\":\"https:\\\/\\\/www.spkatarzyna.pl\\\/#organization\",\"name\":\"SP Katarzyna\",\"description\":\"Publiczna Szko\\u0142a Podstawowa w \\u015awi\\u0119tej Katarzynie\",\"url\":\"https:\\\/\\\/www.spkatarzyna.pl\\\/\",\"telephone\":\"+48713116378\",\"sameAs\":[\"https:\\\/\\\/facebook.com\\\/\",\"https:\\\/\\\/x.com\\\/\",\"https:\\\/\\\/instagram.com\\\/\",\"https:\\\/\\\/pinterest.com\\\/\",\"https:\\\/\\\/youtube.com\\\/\",\"https:\\\/\\\/linkedin.com\\\/in\\\/\"]},{\"@type\":\"Person\",\"@id\":\"https:\\\/\\\/www.spkatarzyna.pl\\\/index.php\\\/author\\\/agatasafianspkatarzyna-pl\\\/#author\",\"url\":\"https:\\\/\\\/www.spkatarzyna.pl\\\/index.php\\\/author\\\/agatasafianspkatarzyna-pl\\\/\",\"name\":\"Redakcja\",\"image\":{\"@type\":\"ImageObject\",\"@id\":\"https:\\\/\\\/www.spkatarzyna.pl\\\/index.php\\\/2026\\\/03\\\/12\\\/boska-lekcja-w-klasie-5c\\\/#authorImage\",\"url\":\"https:\\\/\\\/secure.gravatar.com\\\/avatar\\\/765290513df94d442152250e92b42327?s=96&d=mm&r=g\",\"width\":96,\"height\":96,\"caption\":\"Redakcja\"}},{\"@type\":\"WebPage\",\"@id\":\"https:\\\/\\\/www.spkatarzyna.pl\\\/index.php\\\/2026\\\/03\\\/12\\\/boska-lekcja-w-klasie-5c\\\/#webpage\",\"url\":\"https:\\\/\\\/www.spkatarzyna.pl\\\/index.php\\\/2026\\\/03\\\/12\\\/boska-lekcja-w-klasie-5c\\\/\",\"name\":\"Boska lekcja w klasie 5c - SP Katarzyna\",\"description\":\"Uczniowie klasy 5c wzi\\u0119li udzia\\u0142 w niezwyk\\u0142ej lekcji j\\u0119zyka polskiego po\\u015bwi\\u0119conej mitologii greckiej. Tego dnia sala lekcyjna zamieni\\u0142a si\\u0119 w prawdziwy Olimp \\u2013 uczniowie wcielili si\\u0119 w role greckich bog\\u00f3w i bogi\\u0144, przygotowuj\\u0105c stroje oraz charakterystyczne atrybuty swoich postaci. Celem zadania by\\u0142o lepsze zapami\\u0119tanie cech i r\\u00f3l poszczeg\\u00f3lnych bog\\u00f3w greckich. Lekcja przebiega\\u0142a w bardzo tw\\u00f3rczej\",\"inLanguage\":\"pl-PL\",\"isPartOf\":{\"@id\":\"https:\\\/\\\/www.spkatarzyna.pl\\\/#website\"},\"breadcrumb\":{\"@id\":\"https:\\\/\\\/www.spkatarzyna.pl\\\/index.php\\\/2026\\\/03\\\/12\\\/boska-lekcja-w-klasie-5c\\\/#breadcrumblist\"},\"author\":{\"@id\":\"https:\\\/\\\/www.spkatarzyna.pl\\\/index.php\\\/author\\\/agatasafianspkatarzyna-pl\\\/#author\"},\"creator\":{\"@id\":\"https:\\\/\\\/www.spkatarzyna.pl\\\/index.php\\\/author\\\/agatasafianspkatarzyna-pl\\\/#author\"},\"image\":{\"@type\":\"ImageObject\",\"url\":\"https:\\\/\\\/www.spkatarzyna.pl\\\/wp-content\\\/uploads\\\/2026\\\/03\\\/IMG-20260220-WA0001_Original.jpg\",\"@id\":\"https:\\\/\\\/www.spkatarzyna.pl\\\/index.php\\\/2026\\\/03\\\/12\\\/boska-lekcja-w-klasie-5c\\\/#mainImage\",\"width\":360,\"height\":202},\"primaryImageOfPage\":{\"@id\":\"https:\\\/\\\/www.spkatarzyna.pl\\\/index.php\\\/2026\\\/03\\\/12\\\/boska-lekcja-w-klasie-5c\\\/#mainImage\"},\"datePublished\":\"2026-03-12T17:00:24+01:00\",\"dateModified\":\"2026-03-12T18:06:52+01:00\"},{\"@type\":\"WebSite\",\"@id\":\"https:\\\/\\\/www.spkatarzyna.pl\\\/#website\",\"url\":\"https:\\\/\\\/www.spkatarzyna.pl\\\/\",\"name\":\"SP Katarzyna\",\"description\":\"Publiczna Szko\\u0142a Podstawowa w \\u015awi\\u0119tej Katarzynie\",\"inLanguage\":\"pl-PL\",\"publisher\":{\"@id\":\"https:\\\/\\\/www.spkatarzyna.pl\\\/#organization\"}}]}\n\t\t<\/script>\n\t\t<!-- All in One SEO -->\n\n","aioseo_head_json":{"title":"Boska lekcja w klasie 5c - SP Katarzyna","description":"Uczniowie klasy 5c wzi\u0119li udzia\u0142 w niezwyk\u0142ej lekcji j\u0119zyka polskiego po\u015bwi\u0119conej mitologii greckiej. Tego dnia sala lekcyjna zamieni\u0142a si\u0119 w prawdziwy Olimp \u2013 uczniowie wcielili si\u0119 w role greckich bog\u00f3w i bogi\u0144, przygotowuj\u0105c stroje oraz charakterystyczne atrybuty swoich postaci. Celem zadania by\u0142o lepsze zapami\u0119tanie cech i r\u00f3l poszczeg\u00f3lnych bog\u00f3w greckich. Lekcja przebiega\u0142a w bardzo tw\u00f3rczej","canonical_url":"https:\/\/www.spkatarzyna.pl\/index.php\/2026\/03\/12\/boska-lekcja-w-klasie-5c\/","robots":"max-image-preview:large","keywords":"","webmasterTools":{"miscellaneous":""},"schema":{"@context":"https:\/\/schema.org","@graph":[{"@type":"BlogPosting","@id":"https:\/\/www.spkatarzyna.pl\/index.php\/2026\/03\/12\/boska-lekcja-w-klasie-5c\/#blogposting","name":"Boska lekcja w klasie 5c - SP Katarzyna","headline":"Boska lekcja w klasie 5c","author":{"@id":"https:\/\/www.spkatarzyna.pl\/index.php\/author\/agatasafianspkatarzyna-pl\/#author"},"publisher":{"@id":"https:\/\/www.spkatarzyna.pl\/#organization"},"image":{"@type":"ImageObject","url":"https:\/\/www.spkatarzyna.pl\/wp-content\/uploads\/2026\/03\/IMG-20260220-WA0001_Original.jpg","width":360,"height":202},"datePublished":"2026-03-12T17:00:24+01:00","dateModified":"2026-03-12T18:06:52+01:00","inLanguage":"pl-PL","mainEntityOfPage":{"@id":"https:\/\/www.spkatarzyna.pl\/index.php\/2026\/03\/12\/boska-lekcja-w-klasie-5c\/#webpage"},"isPartOf":{"@id":"https:\/\/www.spkatarzyna.pl\/index.php\/2026\/03\/12\/boska-lekcja-w-klasie-5c\/#webpage"},"articleSection":"Uncategorized"},{"@type":"BreadcrumbList","@id":"https:\/\/www.spkatarzyna.pl\/index.php\/2026\/03\/12\/boska-lekcja-w-klasie-5c\/#breadcrumblist","itemListElement":[{"@type":"ListItem","@id":"https:\/\/www.spkatarzyna.pl#listItem","position":1,"name":"Dom","item":"https:\/\/www.spkatarzyna.pl","nextItem":{"@type":"ListItem","@id":"https:\/\/www.spkatarzyna.pl\/index.php\/category\/uncategorized\/#listItem","name":"Uncategorized"}},{"@type":"ListItem","@id":"https:\/\/www.spkatarzyna.pl\/index.php\/category\/uncategorized\/#listItem","position":2,"name":"Uncategorized","item":"https:\/\/www.spkatarzyna.pl\/index.php\/category\/uncategorized\/","nextItem":{"@type":"ListItem","@id":"https:\/\/www.spkatarzyna.pl\/index.php\/2026\/03\/12\/boska-lekcja-w-klasie-5c\/#listItem","name":"Boska lekcja w klasie 5c"},"previousItem":{"@type":"ListItem","@id":"https:\/\/www.spkatarzyna.pl#listItem","name":"Dom"}},{"@type":"ListItem","@id":"https:\/\/www.spkatarzyna.pl\/index.php\/2026\/03\/12\/boska-lekcja-w-klasie-5c\/#listItem","position":3,"name":"Boska lekcja w klasie 5c","previousItem":{"@type":"ListItem","@id":"https:\/\/www.spkatarzyna.pl\/index.php\/category\/uncategorized\/#listItem","name":"Uncategorized"}}]},{"@type":"Organization","@id":"https:\/\/www.spkatarzyna.pl\/#organization","name":"SP Katarzyna","description":"Publiczna Szko\u0142a Podstawowa w \u015awi\u0119tej Katarzynie","url":"https:\/\/www.spkatarzyna.pl\/","telephone":"+48713116378","sameAs":["https:\/\/facebook.com\/","https:\/\/x.com\/","https:\/\/instagram.com\/","https:\/\/pinterest.com\/","https:\/\/youtube.com\/","https:\/\/linkedin.com\/in\/"]},{"@type":"Person","@id":"https:\/\/www.spkatarzyna.pl\/index.php\/author\/agatasafianspkatarzyna-pl\/#author","url":"https:\/\/www.spkatarzyna.pl\/index.php\/author\/agatasafianspkatarzyna-pl\/","name":"Redakcja","image":{"@type":"ImageObject","@id":"https:\/\/www.spkatarzyna.pl\/index.php\/2026\/03\/12\/boska-lekcja-w-klasie-5c\/#authorImage","url":"https:\/\/secure.gravatar.com\/avatar\/765290513df94d442152250e92b42327?s=96&d=mm&r=g","width":96,"height":96,"caption":"Redakcja"}},{"@type":"WebPage","@id":"https:\/\/www.spkatarzyna.pl\/index.php\/2026\/03\/12\/boska-lekcja-w-klasie-5c\/#webpage","url":"https:\/\/www.spkatarzyna.pl\/index.php\/2026\/03\/12\/boska-lekcja-w-klasie-5c\/","name":"Boska lekcja w klasie 5c - SP Katarzyna","description":"Uczniowie klasy 5c wzi\u0119li udzia\u0142 w niezwyk\u0142ej lekcji j\u0119zyka polskiego po\u015bwi\u0119conej mitologii greckiej. Tego dnia sala lekcyjna zamieni\u0142a si\u0119 w prawdziwy Olimp \u2013 uczniowie wcielili si\u0119 w role greckich bog\u00f3w i bogi\u0144, przygotowuj\u0105c stroje oraz charakterystyczne atrybuty swoich postaci. Celem zadania by\u0142o lepsze zapami\u0119tanie cech i r\u00f3l poszczeg\u00f3lnych bog\u00f3w greckich. Lekcja przebiega\u0142a w bardzo tw\u00f3rczej","inLanguage":"pl-PL","isPartOf":{"@id":"https:\/\/www.spkatarzyna.pl\/#website"},"breadcrumb":{"@id":"https:\/\/www.spkatarzyna.pl\/index.php\/2026\/03\/12\/boska-lekcja-w-klasie-5c\/#breadcrumblist"},"author":{"@id":"https:\/\/www.spkatarzyna.pl\/index.php\/author\/agatasafianspkatarzyna-pl\/#author"},"creator":{"@id":"https:\/\/www.spkatarzyna.pl\/index.php\/author\/agatasafianspkatarzyna-pl\/#author"},"image":{"@type":"ImageObject","url":"https:\/\/www.spkatarzyna.pl\/wp-content\/uploads\/2026\/03\/IMG-20260220-WA0001_Original.jpg","@id":"https:\/\/www.spkatarzyna.pl\/index.php\/2026\/03\/12\/boska-lekcja-w-klasie-5c\/#mainImage","width":360,"height":202},"primaryImageOfPage":{"@id":"https:\/\/www.spkatarzyna.pl\/index.php\/2026\/03\/12\/boska-lekcja-w-klasie-5c\/#mainImage"},"datePublished":"2026-03-12T17:00:24+01:00","dateModified":"2026-03-12T18:06:52+01:00"},{"@type":"WebSite","@id":"https:\/\/www.spkatarzyna.pl\/#website","url":"https:\/\/www.spkatarzyna.pl\/","name":"SP Katarzyna","description":"Publiczna Szko\u0142a Podstawowa w \u015awi\u0119tej Katarzynie","inLanguage":"pl-PL","publisher":{"@id":"https:\/\/www.spkatarzyna.pl\/#organization"}}]},"og:locale":"pl_PL","og:site_name":"SP Katarzyna - Publiczna Szko\u0142a Podstawowa w \u015awi\u0119tej Katarzynie","og:type":"article","og:title":"Boska lekcja w klasie 5c - SP Katarzyna","og:description":"Uczniowie klasy 5c wzi\u0119li udzia\u0142 w niezwyk\u0142ej lekcji j\u0119zyka polskiego po\u015bwi\u0119conej mitologii greckiej. Tego dnia sala lekcyjna zamieni\u0142a si\u0119 w prawdziwy Olimp \u2013 uczniowie wcielili si\u0119 w role greckich bog\u00f3w i bogi\u0144, przygotowuj\u0105c stroje oraz charakterystyczne atrybuty swoich postaci. Celem zadania by\u0142o lepsze zapami\u0119tanie cech i r\u00f3l poszczeg\u00f3lnych bog\u00f3w greckich. Lekcja przebiega\u0142a w bardzo tw\u00f3rczej","og:url":"https:\/\/www.spkatarzyna.pl\/index.php\/2026\/03\/12\/boska-lekcja-w-klasie-5c\/","article:published_time":"2026-03-12T17:00:24+00:00","article:modified_time":"2026-03-12T18:06:52+00:00","twitter:card":"summary_large_image","twitter:title":"Boska lekcja w klasie 5c - SP Katarzyna","twitter:description":"Uczniowie klasy 5c wzi\u0119li udzia\u0142 w niezwyk\u0142ej lekcji j\u0119zyka polskiego po\u015bwi\u0119conej mitologii greckiej. Tego dnia sala lekcyjna zamieni\u0142a si\u0119 w prawdziwy Olimp \u2013 uczniowie wcielili si\u0119 w role greckich bog\u00f3w i bogi\u0144, przygotowuj\u0105c stroje oraz charakterystyczne atrybuty swoich postaci. Celem zadania by\u0142o lepsze zapami\u0119tanie cech i r\u00f3l poszczeg\u00f3lnych bog\u00f3w greckich. Lekcja przebiega\u0142a w bardzo tw\u00f3rczej"},"aioseo_meta_data":{"post_id":"18774","title":null,"description":null,"keywords":null,"keyphrases":{"focus":{"keyphrase":"","score":0,"analysis":{"keyphraseInTitle":{"score":0,"maxScore":9,"error":1}}},"additional":[]},"primary_term":null,"canonical_url":null,"og_title":null,"og_description":null,"og_object_type":"default","og_image_type":"default","og_image_url":null,"og_image_width":null,"og_image_height":null,"og_image_custom_url":null,"og_image_custom_fields":null,"og_video":"","og_custom_url":null,"og_article_section":null,"og_article_tags":null,"twitter_use_og":false,"twitter_card":"default","twitter_image_type":"default","twitter_image_url":null,"twitter_image_custom_url":null,"twitter_image_custom_fields":null,"twitter_title":null,"twitter_description":null,"schema":{"blockGraphs":[],"customGraphs":[],"default":{"data":{"Article":[],"Course":[],"Dataset":[],"FAQPage":[],"Movie":[],"Person":[],"Product":[],"ProductReview":[],"Car":[],"Recipe":[],"Service":[],"SoftwareApplication":[],"WebPage":[]},"graphName":"BlogPosting","isEnabled":true},"graphs":[]},"schema_type":"default","schema_type_options":null,"pillar_content":false,"robots_default":true,"robots_noindex":false,"robots_noarchive":false,"robots_nosnippet":false,"robots_nofollow":false,"robots_noimageindex":false,"robots_noodp":false,"robots_notranslate":false,"robots_max_snippet":"-1","robots_max_videopreview":"-1","robots_max_imagepreview":"large","priority":null,"frequency":"default","local_seo":null,"limit_modified_date":false,"created":"2026-03-12 17:59:24","updated":"2026-09-03 17:49:05","focus_keyword":null,"additional_keywords":null,"truseo_locale":null,"ai":null,"breadcrumb_settings":null,"seo_analyzer_scan_date":null},"aioseo_breadcrumb":"<div class=\"aioseo-breadcrumbs\"><span class=\"aioseo-breadcrumb\">\n\t\t\t<a href=\"https:\/\/www.spkatarzyna.pl\" title=\"Dom\">Dom<\/a>\n\t\t<\/span><span class=\"aioseo-breadcrumb-separator\">&raquo;<\/span><span class=\"aioseo-breadcrumb\">\n\t\t\t<a href=\"https:\/\/www.spkatarzyna.pl\/index.php\/category\/uncategorized\/\" title=\"Uncategorized\">Uncategorized<\/a>\n\t\t<\/span><span class=\"aioseo-breadcrumb-separator\">&raquo;<\/span><span class=\"aioseo-breadcrumb\">\n\t\t\tBoska lekcja w klasie 5c\n\t\t<\/span><\/div>","aioseo_breadcrumb_json":[{"label":"Dom","link":"https:\/\/www.spkatarzyna.pl"},{"label":"Uncategorized","link":"https:\/\/www.spkatarzyna.pl\/index.php\/category\/uncategorized\/"},{"label":"Boska lekcja w klasie 5c","link":"https:\/\/www.spkatarzyna.pl\/index.php\/2026\/03\/12\/boska-lekcja-w-klasie-5c\/"}],"_links":{"self":[{"href":"https:\/\/www.spkatarzyna.pl\/index.php\/wp-json\/wp\/v2\/posts\/18774","targetHints":{"allow":["GET"]}}],"collection":[{"href":"https:\/\/www.spkatarzyna.pl\/index.php\/wp-json\/wp\/v2\/posts"}],"about":[{"href":"https:\/\/www.spkatarzyna.pl\/index.php\/wp-json\/wp\/v2\/types\/post"}],"author":[{"embeddable":true,"href":"https:\/\/www.spkatarzyna.pl\/index.php\/wp-json\/wp\/v2\/users\/6"}],"replies":[{"embeddable":true,"href":"https:\/\/www.spkatarzyna.pl\/index.php\/wp-json\/wp\/v2\/comments?post=18774"}],"version-history":[{"count":4,"href":"https:\/\/www.spkatarzyna.pl\/index.php\/wp-json\/wp\/v2\/posts\/18774\/revisions"}],"predecessor-version":[{"id":18792,"href":"https:\/\/www.spkatarzyna.pl\/index.php\/wp-json\/wp\/v2\/posts\/18774\/revisions\/18792"}],"wp:featuredmedia":[{"embeddable":true,"href":"https:\/\/www.spkatarzyna.pl\/index.php\/wp-json\/wp\/v2\/media\/18775"}],"wp:attachment":[{"href":"https:\/\/www.spkatarzyna.pl\/index.php\/wp-json\/wp\/v2\/media?parent=18774"}],"wp:term":[{"taxonomy":"category","embeddable":true,"href":"https:\/\/www.spkatarzyna.pl\/index.php\/wp-json\/wp\/v2\/categories?post=18774"},{"taxonomy":"post_tag","embeddable":true,"href":"https:\/\/www.spkatarzyna.pl\/index.php\/wp-json\/wp\/v2\/tags?post=18774"}],"curies":[{"name":"wp","href":"https:\/\/api.w.org\/{rel}","templated":true}]}}