{"id":18830,"date":"2026-03-16T17:58:35","date_gmt":"2026-03-16T17:58:35","guid":{"rendered":"https:\/\/www.spkatarzyna.pl\/?p=18830"},"modified":"2026-03-16T18:05:11","modified_gmt":"2026-03-16T18:05:11","slug":"dzien-matematyki-w-klasach-1-3","status":"publish","type":"post","link":"https:\/\/www.spkatarzyna.pl\/index.php\/2026\/03\/16\/dzien-matematyki-w-klasach-1-3\/","title":{"rendered":"Dzie\u0144 Matematyki w klasach 1\u20133"},"content":{"rendered":"\t\t<div data-elementor-type=\"wp-post\" data-elementor-id=\"18830\" class=\"elementor elementor-18830\">\n\t\t\t\t<div class=\"elementor-element elementor-element-2d204c2f e-flex e-con-boxed e-con e-parent\" data-id=\"2d204c2f\" data-element_type=\"container\">\n\t\t\t\t\t<div class=\"e-con-inner\">\n\t\t\t\t<div class=\"elementor-element elementor-element-5d5cf71b elementor-widget elementor-widget-text-editor\" data-id=\"5d5cf71b\" data-element_type=\"widget\" data-widget_type=\"text-editor.default\">\n\t\t\t\t\t\t\t\t\t<p style=\"text-align: justify;\"><span style=\"font-weight: 400; font-size: 14pt;\">Przez kilka dni (11 &#8211; 13 marca) w naszej szkole kr\u00f3lowa\u0142a matematyka! Uczniowie klas 1\u20133 pracowali w grupach, rozwi\u0105zuj\u0105c r\u00f3\u017cnorodne zadania matematyczne. Szkolne korytarze zaroi\u0142y si\u0119 od ma\u0142ych matematycznych odkrywc\u00f3w z o\u0142\u00f3wkami i \u2026\u2026\u2026\u2026tabletami w d\u0142oniach.<\/span><\/p><p style=\"text-align: justify;\"><span style=\"font-weight: 400; font-size: 14pt;\">Tre\u015bci zada\u0144 ukryte by\u0142y pod kodami QR \u2013 trzeba je by\u0142o sprytnie zeskanowa\u0107, aby m\u00f3c przeczyta\u0107 zadanie i znale\u017a\u0107 rozwi\u0105zanie. Tablety okaza\u0142y si\u0119 bardzo pomocne!<\/span><\/p><p style=\"text-align: justify;\"><span style=\"font-weight: 400; font-size: 14pt;\">Poprawne odpowiedzi prowadzi\u0142y do has\u0142a otwieraj\u0105cego sejf, kt\u00f3rego pilnowa\u0142 sympatyczny matematyczny stworek. Wszystkie klasy \u015bwietnie poradzi\u0142y sobie z wyzwaniami i zdoby\u0142y dost\u0119p do skarbu. W sejfie czeka\u0142a nagroda \u2013 \u0142amig\u0142\u00f3wki- labirynty, kt\u00f3re sprawi\u0142y dzieciom mn\u00f3stwo rado\u015bci.<\/span><\/p><p style=\"text-align: justify;\"><span style=\"font-weight: 400; font-size: 14pt;\">Serdecznie dzi\u0119kujemy Rodzicom za ufundowanie tego matematycznego skarbu!<\/span><\/p><p style=\"text-align: justify;\">\u00a0<span style=\"font-size: 14pt; text-align: left;\">Koordynatorki dzia\u0142a\u0144:<\/span><\/p><p style=\"text-align: left;\"><span style=\"font-weight: 400; font-size: 14pt;\">Katarzyna Mazur<\/span><\/p><p style=\"text-align: left;\"><span style=\"font-weight: 400; font-size: 14pt;\">Ma\u0142gorzata Mazur<\/span><\/p><p style=\"text-align: left;\"><span style=\"font-weight: 400; font-size: 14pt;\">Joanna Sokalska<\/span><\/p>\t\t\t\t\t\t\t\t<\/div>\n\t\t\t\t<div class=\"elementor-element elementor-element-80de1c7 elementor-widget elementor-widget-image\" data-id=\"80de1c7\" data-element_type=\"widget\" data-widget_type=\"image.default\">\n\t\t\t\t\t\t\t\t\t\t\t\t\t\t\t<img fetchpriority=\"high\" decoding=\"async\" width=\"2048\" height=\"1638\" src=\"https:\/\/www.spkatarzyna.pl\/wp-content\/uploads\/2026\/03\/Black-Minimal-Fun-Work-Team-Photo-Collage-2048x1638.jpg\" class=\"attachment-2048x2048 size-2048x2048 wp-image-18835\" alt=\"\" srcset=\"https:\/\/www.spkatarzyna.pl\/wp-content\/uploads\/2026\/03\/Black-Minimal-Fun-Work-Team-Photo-Collage-2048x1638.jpg 2048w, https:\/\/www.spkatarzyna.pl\/wp-content\/uploads\/2026\/03\/Black-Minimal-Fun-Work-Team-Photo-Collage-300x240.jpg 300w, https:\/\/www.spkatarzyna.pl\/wp-content\/uploads\/2026\/03\/Black-Minimal-Fun-Work-Team-Photo-Collage-1024x819.jpg 1024w, https:\/\/www.spkatarzyna.pl\/wp-content\/uploads\/2026\/03\/Black-Minimal-Fun-Work-Team-Photo-Collage-768x614.jpg 768w, https:\/\/www.spkatarzyna.pl\/wp-content\/uploads\/2026\/03\/Black-Minimal-Fun-Work-Team-Photo-Collage-1536x1229.jpg 1536w\" sizes=\"(max-width: 2048px) 100vw, 2048px\" \/>\t\t\t\t\t\t\t\t\t\t\t\t\t\t\t<\/div>\n\t\t\t\t\t<\/div>\n\t\t\t\t<\/div>\n\t\t\t\t<\/div>\n\t\t","protected":false},"excerpt":{"rendered":"<p>Przez kilka dni (11 &#8211; 13 marca) w naszej szkole kr\u00f3lowa\u0142a matematyka! Uczniowie klas 1\u20133 pracowali w grupach, rozwi\u0105zuj\u0105c r\u00f3\u017cnorodne zadania matematyczne. Szkolne korytarze zaroi\u0142y si\u0119 od ma\u0142ych matematycznych odkrywc\u00f3w z o\u0142\u00f3wkami i \u2026\u2026\u2026\u2026tabletami w d\u0142oniach. Tre\u015bci zada\u0144 ukryte by\u0142y pod kodami QR \u2013 trzeba je by\u0142o sprytnie zeskanowa\u0107, aby [&hellip;]<\/p>\n","protected":false},"author":6,"featured_media":18831,"comment_status":"open","ping_status":"open","sticky":false,"template":"","format":"standard","meta":{"om_disable_all_campaigns":false,"_monsterinsights_skip_tracking":false,"ngg_post_thumbnail":0,"footnotes":""},"categories":[1],"tags":[],"class_list":["post-18830","post","type-post","status-publish","format-standard","has-post-thumbnail","hentry","category-uncategorized"],"aioseo_notices":[],"aioseo_head":"\n\t\t<!-- All in One SEO 5.0.1.1 - aioseo.com -->\n\t<meta name=\"description\" content=\"Przez kilka dni (11 \u2013 13 marca) w naszej szkole kr\u00f3lowa\u0142a matematyka! Uczniowie klas 1\u20133 pracowali w grupach, rozwi\u0105zuj\u0105c r\u00f3\u017cnorodne zadania matematyczne. Szkolne korytarze zaroi\u0142y si\u0119 od ma\u0142ych matematycznych odkrywc\u00f3w z o\u0142\u00f3wkami i \u2026\u2026\u2026\u2026tabletami w d\u0142oniach.Tre\u015bci zada\u0144 ukryte by\u0142y pod kodami QR \u2013 trzeba je by\u0142o sprytnie zeskanowa\u0107, aby m\u00f3c przeczyta\u0107 zadanie i znale\u017a\u0107 rozwi\u0105zanie.\" \/>\n\t<meta name=\"robots\" content=\"max-image-preview:large\" \/>\n\t<meta name=\"author\" content=\"Redakcja\"\/>\n\t<link rel=\"canonical\" href=\"https:\/\/www.spkatarzyna.pl\/index.php\/2026\/03\/16\/dzien-matematyki-w-klasach-1-3\/\" \/>\n\t<meta name=\"generator\" content=\"All in One SEO (AIOSEO) 5.0.1.1\" \/>\n\t\t<meta property=\"og:locale\" content=\"pl_PL\" \/>\n\t\t<meta property=\"og:site_name\" content=\"SP Katarzyna - Publiczna Szko\u0142a Podstawowa w \u015awi\u0119tej Katarzynie\" \/>\n\t\t<meta property=\"og:type\" content=\"article\" \/>\n\t\t<meta property=\"og:title\" content=\"Dzie\u0144 Matematyki w klasach 1\u20133 - SP Katarzyna\" \/>\n\t\t<meta property=\"og:description\" content=\"Przez kilka dni (11 \u2013 13 marca) w naszej szkole kr\u00f3lowa\u0142a matematyka! Uczniowie klas 1\u20133 pracowali w grupach, rozwi\u0105zuj\u0105c r\u00f3\u017cnorodne zadania matematyczne. Szkolne korytarze zaroi\u0142y si\u0119 od ma\u0142ych matematycznych odkrywc\u00f3w z o\u0142\u00f3wkami i \u2026\u2026\u2026\u2026tabletami w d\u0142oniach.Tre\u015bci zada\u0144 ukryte by\u0142y pod kodami QR \u2013 trzeba je by\u0142o sprytnie zeskanowa\u0107, aby m\u00f3c przeczyta\u0107 zadanie i znale\u017a\u0107 rozwi\u0105zanie.\" \/>\n\t\t<meta property=\"og:url\" content=\"https:\/\/www.spkatarzyna.pl\/index.php\/2026\/03\/16\/dzien-matematyki-w-klasach-1-3\/\" \/>\n\t\t<meta property=\"article:published_time\" content=\"2026-03-16T17:58:35+00:00\" \/>\n\t\t<meta property=\"article:modified_time\" content=\"2026-03-16T18:05:11+00:00\" \/>\n\t\t<meta name=\"twitter:card\" content=\"summary_large_image\" \/>\n\t\t<meta name=\"twitter:title\" content=\"Dzie\u0144 Matematyki w klasach 1\u20133 - SP Katarzyna\" \/>\n\t\t<meta name=\"twitter:description\" content=\"Przez kilka dni (11 \u2013 13 marca) w naszej szkole kr\u00f3lowa\u0142a matematyka! Uczniowie klas 1\u20133 pracowali w grupach, rozwi\u0105zuj\u0105c r\u00f3\u017cnorodne zadania matematyczne. Szkolne korytarze zaroi\u0142y si\u0119 od ma\u0142ych matematycznych odkrywc\u00f3w z o\u0142\u00f3wkami i \u2026\u2026\u2026\u2026tabletami w d\u0142oniach.Tre\u015bci zada\u0144 ukryte by\u0142y pod kodami QR \u2013 trzeba je by\u0142o sprytnie zeskanowa\u0107, aby m\u00f3c przeczyta\u0107 zadanie i znale\u017a\u0107 rozwi\u0105zanie.\" \/>\n\t\t<script type=\"application\/ld+json\" class=\"aioseo-schema\">\n\t\t\t{\"@context\":\"https:\\\/\\\/schema.org\",\"@graph\":[{\"@type\":\"BlogPosting\",\"@id\":\"https:\\\/\\\/www.spkatarzyna.pl\\\/index.php\\\/2026\\\/03\\\/16\\\/dzien-matematyki-w-klasach-1-3\\\/#blogposting\",\"name\":\"Dzie\\u0144 Matematyki w klasach 1\\u20133 - SP Katarzyna\",\"headline\":\"Dzie\\u0144 Matematyki w klasach 1\\u20133\",\"author\":{\"@id\":\"https:\\\/\\\/www.spkatarzyna.pl\\\/index.php\\\/author\\\/agatasafianspkatarzyna-pl\\\/#author\"},\"publisher\":{\"@id\":\"https:\\\/\\\/www.spkatarzyna.pl\\\/#organization\"},\"image\":{\"@type\":\"ImageObject\",\"url\":\"https:\\\/\\\/www.spkatarzyna.pl\\\/wp-content\\\/uploads\\\/2026\\\/03\\\/Black-Minimal-Fun-Work-Team-Phot.jpg\",\"width\":360,\"height\":202},\"datePublished\":\"2026-03-16T17:58:35+01:00\",\"dateModified\":\"2026-03-16T18:05:11+01:00\",\"inLanguage\":\"pl-PL\",\"mainEntityOfPage\":{\"@id\":\"https:\\\/\\\/www.spkatarzyna.pl\\\/index.php\\\/2026\\\/03\\\/16\\\/dzien-matematyki-w-klasach-1-3\\\/#webpage\"},\"isPartOf\":{\"@id\":\"https:\\\/\\\/www.spkatarzyna.pl\\\/index.php\\\/2026\\\/03\\\/16\\\/dzien-matematyki-w-klasach-1-3\\\/#webpage\"},\"articleSection\":\"Uncategorized\"},{\"@type\":\"BreadcrumbList\",\"@id\":\"https:\\\/\\\/www.spkatarzyna.pl\\\/index.php\\\/2026\\\/03\\\/16\\\/dzien-matematyki-w-klasach-1-3\\\/#breadcrumblist\",\"itemListElement\":[{\"@type\":\"ListItem\",\"@id\":\"https:\\\/\\\/www.spkatarzyna.pl#listItem\",\"position\":1,\"name\":\"Dom\",\"item\":\"https:\\\/\\\/www.spkatarzyna.pl\",\"nextItem\":{\"@type\":\"ListItem\",\"@id\":\"https:\\\/\\\/www.spkatarzyna.pl\\\/index.php\\\/category\\\/uncategorized\\\/#listItem\",\"name\":\"Uncategorized\"}},{\"@type\":\"ListItem\",\"@id\":\"https:\\\/\\\/www.spkatarzyna.pl\\\/index.php\\\/category\\\/uncategorized\\\/#listItem\",\"position\":2,\"name\":\"Uncategorized\",\"item\":\"https:\\\/\\\/www.spkatarzyna.pl\\\/index.php\\\/category\\\/uncategorized\\\/\",\"nextItem\":{\"@type\":\"ListItem\",\"@id\":\"https:\\\/\\\/www.spkatarzyna.pl\\\/index.php\\\/2026\\\/03\\\/16\\\/dzien-matematyki-w-klasach-1-3\\\/#listItem\",\"name\":\"Dzie\\u0144 Matematyki w klasach 1\\u20133\"},\"previousItem\":{\"@type\":\"ListItem\",\"@id\":\"https:\\\/\\\/www.spkatarzyna.pl#listItem\",\"name\":\"Dom\"}},{\"@type\":\"ListItem\",\"@id\":\"https:\\\/\\\/www.spkatarzyna.pl\\\/index.php\\\/2026\\\/03\\\/16\\\/dzien-matematyki-w-klasach-1-3\\\/#listItem\",\"position\":3,\"name\":\"Dzie\\u0144 Matematyki w klasach 1\\u20133\",\"previousItem\":{\"@type\":\"ListItem\",\"@id\":\"https:\\\/\\\/www.spkatarzyna.pl\\\/index.php\\\/category\\\/uncategorized\\\/#listItem\",\"name\":\"Uncategorized\"}}]},{\"@type\":\"Organization\",\"@id\":\"https:\\\/\\\/www.spkatarzyna.pl\\\/#organization\",\"name\":\"SP Katarzyna\",\"description\":\"Publiczna Szko\\u0142a Podstawowa w \\u015awi\\u0119tej Katarzynie\",\"url\":\"https:\\\/\\\/www.spkatarzyna.pl\\\/\",\"telephone\":\"+48713116378\",\"sameAs\":[\"https:\\\/\\\/facebook.com\\\/\",\"https:\\\/\\\/x.com\\\/\",\"https:\\\/\\\/instagram.com\\\/\",\"https:\\\/\\\/pinterest.com\\\/\",\"https:\\\/\\\/youtube.com\\\/\",\"https:\\\/\\\/linkedin.com\\\/in\\\/\"]},{\"@type\":\"Person\",\"@id\":\"https:\\\/\\\/www.spkatarzyna.pl\\\/index.php\\\/author\\\/agatasafianspkatarzyna-pl\\\/#author\",\"url\":\"https:\\\/\\\/www.spkatarzyna.pl\\\/index.php\\\/author\\\/agatasafianspkatarzyna-pl\\\/\",\"name\":\"Redakcja\",\"image\":{\"@type\":\"ImageObject\",\"@id\":\"https:\\\/\\\/www.spkatarzyna.pl\\\/index.php\\\/2026\\\/03\\\/16\\\/dzien-matematyki-w-klasach-1-3\\\/#authorImage\",\"url\":\"https:\\\/\\\/secure.gravatar.com\\\/avatar\\\/765290513df94d442152250e92b42327?s=96&d=mm&r=g\",\"width\":96,\"height\":96,\"caption\":\"Redakcja\"}},{\"@type\":\"WebPage\",\"@id\":\"https:\\\/\\\/www.spkatarzyna.pl\\\/index.php\\\/2026\\\/03\\\/16\\\/dzien-matematyki-w-klasach-1-3\\\/#webpage\",\"url\":\"https:\\\/\\\/www.spkatarzyna.pl\\\/index.php\\\/2026\\\/03\\\/16\\\/dzien-matematyki-w-klasach-1-3\\\/\",\"name\":\"Dzie\\u0144 Matematyki w klasach 1\\u20133 - SP Katarzyna\",\"description\":\"Przez kilka dni (11 \\u2013 13 marca) w naszej szkole kr\\u00f3lowa\\u0142a matematyka! Uczniowie klas 1\\u20133 pracowali w grupach, rozwi\\u0105zuj\\u0105c r\\u00f3\\u017cnorodne zadania matematyczne. Szkolne korytarze zaroi\\u0142y si\\u0119 od ma\\u0142ych matematycznych odkrywc\\u00f3w z o\\u0142\\u00f3wkami i \\u2026\\u2026\\u2026\\u2026tabletami w d\\u0142oniach.Tre\\u015bci zada\\u0144 ukryte by\\u0142y pod kodami QR \\u2013 trzeba je by\\u0142o sprytnie zeskanowa\\u0107, aby m\\u00f3c przeczyta\\u0107 zadanie i znale\\u017a\\u0107 rozwi\\u0105zanie.\",\"inLanguage\":\"pl-PL\",\"isPartOf\":{\"@id\":\"https:\\\/\\\/www.spkatarzyna.pl\\\/#website\"},\"breadcrumb\":{\"@id\":\"https:\\\/\\\/www.spkatarzyna.pl\\\/index.php\\\/2026\\\/03\\\/16\\\/dzien-matematyki-w-klasach-1-3\\\/#breadcrumblist\"},\"author\":{\"@id\":\"https:\\\/\\\/www.spkatarzyna.pl\\\/index.php\\\/author\\\/agatasafianspkatarzyna-pl\\\/#author\"},\"creator\":{\"@id\":\"https:\\\/\\\/www.spkatarzyna.pl\\\/index.php\\\/author\\\/agatasafianspkatarzyna-pl\\\/#author\"},\"image\":{\"@type\":\"ImageObject\",\"url\":\"https:\\\/\\\/www.spkatarzyna.pl\\\/wp-content\\\/uploads\\\/2026\\\/03\\\/Black-Minimal-Fun-Work-Team-Phot.jpg\",\"@id\":\"https:\\\/\\\/www.spkatarzyna.pl\\\/index.php\\\/2026\\\/03\\\/16\\\/dzien-matematyki-w-klasach-1-3\\\/#mainImage\",\"width\":360,\"height\":202},\"primaryImageOfPage\":{\"@id\":\"https:\\\/\\\/www.spkatarzyna.pl\\\/index.php\\\/2026\\\/03\\\/16\\\/dzien-matematyki-w-klasach-1-3\\\/#mainImage\"},\"datePublished\":\"2026-03-16T17:58:35+01:00\",\"dateModified\":\"2026-03-16T18:05:11+01:00\"},{\"@type\":\"WebSite\",\"@id\":\"https:\\\/\\\/www.spkatarzyna.pl\\\/#website\",\"url\":\"https:\\\/\\\/www.spkatarzyna.pl\\\/\",\"name\":\"SP Katarzyna\",\"description\":\"Publiczna Szko\\u0142a Podstawowa w \\u015awi\\u0119tej Katarzynie\",\"inLanguage\":\"pl-PL\",\"publisher\":{\"@id\":\"https:\\\/\\\/www.spkatarzyna.pl\\\/#organization\"}}]}\n\t\t<\/script>\n\t\t<!-- All in One SEO -->\n\n","aioseo_head_json":{"title":"Dzie\u0144 Matematyki w klasach 1\u20133 - SP Katarzyna","description":"Przez kilka dni (11 \u2013 13 marca) w naszej szkole kr\u00f3lowa\u0142a matematyka! Uczniowie klas 1\u20133 pracowali w grupach, rozwi\u0105zuj\u0105c r\u00f3\u017cnorodne zadania matematyczne. Szkolne korytarze zaroi\u0142y si\u0119 od ma\u0142ych matematycznych odkrywc\u00f3w z o\u0142\u00f3wkami i \u2026\u2026\u2026\u2026tabletami w d\u0142oniach.Tre\u015bci zada\u0144 ukryte by\u0142y pod kodami QR \u2013 trzeba je by\u0142o sprytnie zeskanowa\u0107, aby m\u00f3c przeczyta\u0107 zadanie i znale\u017a\u0107 rozwi\u0105zanie.","canonical_url":"https:\/\/www.spkatarzyna.pl\/index.php\/2026\/03\/16\/dzien-matematyki-w-klasach-1-3\/","robots":"max-image-preview:large","keywords":"","webmasterTools":{"miscellaneous":""},"schema":{"@context":"https:\/\/schema.org","@graph":[{"@type":"BlogPosting","@id":"https:\/\/www.spkatarzyna.pl\/index.php\/2026\/03\/16\/dzien-matematyki-w-klasach-1-3\/#blogposting","name":"Dzie\u0144 Matematyki w klasach 1\u20133 - SP Katarzyna","headline":"Dzie\u0144 Matematyki w klasach 1\u20133","author":{"@id":"https:\/\/www.spkatarzyna.pl\/index.php\/author\/agatasafianspkatarzyna-pl\/#author"},"publisher":{"@id":"https:\/\/www.spkatarzyna.pl\/#organization"},"image":{"@type":"ImageObject","url":"https:\/\/www.spkatarzyna.pl\/wp-content\/uploads\/2026\/03\/Black-Minimal-Fun-Work-Team-Phot.jpg","width":360,"height":202},"datePublished":"2026-03-16T17:58:35+01:00","dateModified":"2026-03-16T18:05:11+01:00","inLanguage":"pl-PL","mainEntityOfPage":{"@id":"https:\/\/www.spkatarzyna.pl\/index.php\/2026\/03\/16\/dzien-matematyki-w-klasach-1-3\/#webpage"},"isPartOf":{"@id":"https:\/\/www.spkatarzyna.pl\/index.php\/2026\/03\/16\/dzien-matematyki-w-klasach-1-3\/#webpage"},"articleSection":"Uncategorized"},{"@type":"BreadcrumbList","@id":"https:\/\/www.spkatarzyna.pl\/index.php\/2026\/03\/16\/dzien-matematyki-w-klasach-1-3\/#breadcrumblist","itemListElement":[{"@type":"ListItem","@id":"https:\/\/www.spkatarzyna.pl#listItem","position":1,"name":"Dom","item":"https:\/\/www.spkatarzyna.pl","nextItem":{"@type":"ListItem","@id":"https:\/\/www.spkatarzyna.pl\/index.php\/category\/uncategorized\/#listItem","name":"Uncategorized"}},{"@type":"ListItem","@id":"https:\/\/www.spkatarzyna.pl\/index.php\/category\/uncategorized\/#listItem","position":2,"name":"Uncategorized","item":"https:\/\/www.spkatarzyna.pl\/index.php\/category\/uncategorized\/","nextItem":{"@type":"ListItem","@id":"https:\/\/www.spkatarzyna.pl\/index.php\/2026\/03\/16\/dzien-matematyki-w-klasach-1-3\/#listItem","name":"Dzie\u0144 Matematyki w klasach 1\u20133"},"previousItem":{"@type":"ListItem","@id":"https:\/\/www.spkatarzyna.pl#listItem","name":"Dom"}},{"@type":"ListItem","@id":"https:\/\/www.spkatarzyna.pl\/index.php\/2026\/03\/16\/dzien-matematyki-w-klasach-1-3\/#listItem","position":3,"name":"Dzie\u0144 Matematyki w klasach 1\u20133","previousItem":{"@type":"ListItem","@id":"https:\/\/www.spkatarzyna.pl\/index.php\/category\/uncategorized\/#listItem","name":"Uncategorized"}}]},{"@type":"Organization","@id":"https:\/\/www.spkatarzyna.pl\/#organization","name":"SP Katarzyna","description":"Publiczna Szko\u0142a Podstawowa w \u015awi\u0119tej Katarzynie","url":"https:\/\/www.spkatarzyna.pl\/","telephone":"+48713116378","sameAs":["https:\/\/facebook.com\/","https:\/\/x.com\/","https:\/\/instagram.com\/","https:\/\/pinterest.com\/","https:\/\/youtube.com\/","https:\/\/linkedin.com\/in\/"]},{"@type":"Person","@id":"https:\/\/www.spkatarzyna.pl\/index.php\/author\/agatasafianspkatarzyna-pl\/#author","url":"https:\/\/www.spkatarzyna.pl\/index.php\/author\/agatasafianspkatarzyna-pl\/","name":"Redakcja","image":{"@type":"ImageObject","@id":"https:\/\/www.spkatarzyna.pl\/index.php\/2026\/03\/16\/dzien-matematyki-w-klasach-1-3\/#authorImage","url":"https:\/\/secure.gravatar.com\/avatar\/765290513df94d442152250e92b42327?s=96&d=mm&r=g","width":96,"height":96,"caption":"Redakcja"}},{"@type":"WebPage","@id":"https:\/\/www.spkatarzyna.pl\/index.php\/2026\/03\/16\/dzien-matematyki-w-klasach-1-3\/#webpage","url":"https:\/\/www.spkatarzyna.pl\/index.php\/2026\/03\/16\/dzien-matematyki-w-klasach-1-3\/","name":"Dzie\u0144 Matematyki w klasach 1\u20133 - SP Katarzyna","description":"Przez kilka dni (11 \u2013 13 marca) w naszej szkole kr\u00f3lowa\u0142a matematyka! Uczniowie klas 1\u20133 pracowali w grupach, rozwi\u0105zuj\u0105c r\u00f3\u017cnorodne zadania matematyczne. Szkolne korytarze zaroi\u0142y si\u0119 od ma\u0142ych matematycznych odkrywc\u00f3w z o\u0142\u00f3wkami i \u2026\u2026\u2026\u2026tabletami w d\u0142oniach.Tre\u015bci zada\u0144 ukryte by\u0142y pod kodami QR \u2013 trzeba je by\u0142o sprytnie zeskanowa\u0107, aby m\u00f3c przeczyta\u0107 zadanie i znale\u017a\u0107 rozwi\u0105zanie.","inLanguage":"pl-PL","isPartOf":{"@id":"https:\/\/www.spkatarzyna.pl\/#website"},"breadcrumb":{"@id":"https:\/\/www.spkatarzyna.pl\/index.php\/2026\/03\/16\/dzien-matematyki-w-klasach-1-3\/#breadcrumblist"},"author":{"@id":"https:\/\/www.spkatarzyna.pl\/index.php\/author\/agatasafianspkatarzyna-pl\/#author"},"creator":{"@id":"https:\/\/www.spkatarzyna.pl\/index.php\/author\/agatasafianspkatarzyna-pl\/#author"},"image":{"@type":"ImageObject","url":"https:\/\/www.spkatarzyna.pl\/wp-content\/uploads\/2026\/03\/Black-Minimal-Fun-Work-Team-Phot.jpg","@id":"https:\/\/www.spkatarzyna.pl\/index.php\/2026\/03\/16\/dzien-matematyki-w-klasach-1-3\/#mainImage","width":360,"height":202},"primaryImageOfPage":{"@id":"https:\/\/www.spkatarzyna.pl\/index.php\/2026\/03\/16\/dzien-matematyki-w-klasach-1-3\/#mainImage"},"datePublished":"2026-03-16T17:58:35+01:00","dateModified":"2026-03-16T18:05:11+01:00"},{"@type":"WebSite","@id":"https:\/\/www.spkatarzyna.pl\/#website","url":"https:\/\/www.spkatarzyna.pl\/","name":"SP Katarzyna","description":"Publiczna Szko\u0142a Podstawowa w \u015awi\u0119tej Katarzynie","inLanguage":"pl-PL","publisher":{"@id":"https:\/\/www.spkatarzyna.pl\/#organization"}}]},"og:locale":"pl_PL","og:site_name":"SP Katarzyna - Publiczna Szko\u0142a Podstawowa w \u015awi\u0119tej Katarzynie","og:type":"article","og:title":"Dzie\u0144 Matematyki w klasach 1\u20133 - SP Katarzyna","og:description":"Przez kilka dni (11 \u2013 13 marca) w naszej szkole kr\u00f3lowa\u0142a matematyka! Uczniowie klas 1\u20133 pracowali w grupach, rozwi\u0105zuj\u0105c r\u00f3\u017cnorodne zadania matematyczne. Szkolne korytarze zaroi\u0142y si\u0119 od ma\u0142ych matematycznych odkrywc\u00f3w z o\u0142\u00f3wkami i \u2026\u2026\u2026\u2026tabletami w d\u0142oniach.Tre\u015bci zada\u0144 ukryte by\u0142y pod kodami QR \u2013 trzeba je by\u0142o sprytnie zeskanowa\u0107, aby m\u00f3c przeczyta\u0107 zadanie i znale\u017a\u0107 rozwi\u0105zanie.","og:url":"https:\/\/www.spkatarzyna.pl\/index.php\/2026\/03\/16\/dzien-matematyki-w-klasach-1-3\/","article:published_time":"2026-03-16T17:58:35+00:00","article:modified_time":"2026-03-16T18:05:11+00:00","twitter:card":"summary_large_image","twitter:title":"Dzie\u0144 Matematyki w klasach 1\u20133 - SP Katarzyna","twitter:description":"Przez kilka dni (11 \u2013 13 marca) w naszej szkole kr\u00f3lowa\u0142a matematyka! Uczniowie klas 1\u20133 pracowali w grupach, rozwi\u0105zuj\u0105c r\u00f3\u017cnorodne zadania matematyczne. Szkolne korytarze zaroi\u0142y si\u0119 od ma\u0142ych matematycznych odkrywc\u00f3w z o\u0142\u00f3wkami i \u2026\u2026\u2026\u2026tabletami w d\u0142oniach.Tre\u015bci zada\u0144 ukryte by\u0142y pod kodami QR \u2013 trzeba je by\u0142o sprytnie zeskanowa\u0107, aby m\u00f3c przeczyta\u0107 zadanie i znale\u017a\u0107 rozwi\u0105zanie."},"aioseo_meta_data":{"post_id":"18830","title":null,"description":null,"keywords":null,"keyphrases":{"focus":{"keyphrase":"","score":0,"analysis":{"keyphraseInTitle":{"score":0,"maxScore":9,"error":1}}},"additional":[]},"primary_term":null,"canonical_url":null,"og_title":null,"og_description":null,"og_object_type":"default","og_image_type":"default","og_image_url":null,"og_image_width":null,"og_image_height":null,"og_image_custom_url":null,"og_image_custom_fields":null,"og_video":"","og_custom_url":null,"og_article_section":null,"og_article_tags":null,"twitter_use_og":false,"twitter_card":"default","twitter_image_type":"default","twitter_image_url":null,"twitter_image_custom_url":null,"twitter_image_custom_fields":null,"twitter_title":null,"twitter_description":null,"schema":{"blockGraphs":[],"customGraphs":[],"default":{"data":{"Article":[],"Course":[],"Dataset":[],"FAQPage":[],"Movie":[],"Person":[],"Product":[],"ProductReview":[],"Car":[],"Recipe":[],"Service":[],"SoftwareApplication":[],"WebPage":[]},"graphName":"BlogPosting","isEnabled":true},"graphs":[]},"schema_type":"default","schema_type_options":null,"pillar_content":false,"robots_default":true,"robots_noindex":false,"robots_noarchive":false,"robots_nosnippet":false,"robots_nofollow":false,"robots_noimageindex":false,"robots_noodp":false,"robots_notranslate":false,"robots_max_snippet":"-1","robots_max_videopreview":"-1","robots_max_imagepreview":"large","priority":null,"frequency":"default","local_seo":null,"limit_modified_date":false,"created":"2026-03-16 17:58:35","updated":"2026-09-03 17:49:06","focus_keyword":null,"additional_keywords":null,"truseo_locale":null,"ai":null,"breadcrumb_settings":null,"seo_analyzer_scan_date":null},"aioseo_breadcrumb":"<div class=\"aioseo-breadcrumbs\"><span class=\"aioseo-breadcrumb\">\n\t\t\t<a href=\"https:\/\/www.spkatarzyna.pl\" title=\"Dom\">Dom<\/a>\n\t\t<\/span><span class=\"aioseo-breadcrumb-separator\">&raquo;<\/span><span class=\"aioseo-breadcrumb\">\n\t\t\t<a href=\"https:\/\/www.spkatarzyna.pl\/index.php\/category\/uncategorized\/\" title=\"Uncategorized\">Uncategorized<\/a>\n\t\t<\/span><span class=\"aioseo-breadcrumb-separator\">&raquo;<\/span><span class=\"aioseo-breadcrumb\">\n\t\t\tDzie\u0144 Matematyki w klasach 1\u20133\n\t\t<\/span><\/div>","aioseo_breadcrumb_json":[{"label":"Dom","link":"https:\/\/www.spkatarzyna.pl"},{"label":"Uncategorized","link":"https:\/\/www.spkatarzyna.pl\/index.php\/category\/uncategorized\/"},{"label":"Dzie\u0144 Matematyki w klasach 1\u20133","link":"https:\/\/www.spkatarzyna.pl\/index.php\/2026\/03\/16\/dzien-matematyki-w-klasach-1-3\/"}],"_links":{"self":[{"href":"https:\/\/www.spkatarzyna.pl\/index.php\/wp-json\/wp\/v2\/posts\/18830","targetHints":{"allow":["GET"]}}],"collection":[{"href":"https:\/\/www.spkatarzyna.pl\/index.php\/wp-json\/wp\/v2\/posts"}],"about":[{"href":"https:\/\/www.spkatarzyna.pl\/index.php\/wp-json\/wp\/v2\/types\/post"}],"author":[{"embeddable":true,"href":"https:\/\/www.spkatarzyna.pl\/index.php\/wp-json\/wp\/v2\/users\/6"}],"replies":[{"embeddable":true,"href":"https:\/\/www.spkatarzyna.pl\/index.php\/wp-json\/wp\/v2\/comments?post=18830"}],"version-history":[{"count":4,"href":"https:\/\/www.spkatarzyna.pl\/index.php\/wp-json\/wp\/v2\/posts\/18830\/revisions"}],"predecessor-version":[{"id":18838,"href":"https:\/\/www.spkatarzyna.pl\/index.php\/wp-json\/wp\/v2\/posts\/18830\/revisions\/18838"}],"wp:featuredmedia":[{"embeddable":true,"href":"https:\/\/www.spkatarzyna.pl\/index.php\/wp-json\/wp\/v2\/media\/18831"}],"wp:attachment":[{"href":"https:\/\/www.spkatarzyna.pl\/index.php\/wp-json\/wp\/v2\/media?parent=18830"}],"wp:term":[{"taxonomy":"category","embeddable":true,"href":"https:\/\/www.spkatarzyna.pl\/index.php\/wp-json\/wp\/v2\/categories?post=18830"},{"taxonomy":"post_tag","embeddable":true,"href":"https:\/\/www.spkatarzyna.pl\/index.php\/wp-json\/wp\/v2\/tags?post=18830"}],"curies":[{"name":"wp","href":"https:\/\/api.w.org\/{rel}","templated":true}]}}