{"id":18839,"date":"2026-03-16T18:07:40","date_gmt":"2026-03-16T18:07:40","guid":{"rendered":"https:\/\/www.spkatarzyna.pl\/?p=18839"},"modified":"2026-03-16T18:07:40","modified_gmt":"2026-03-16T18:07:40","slug":"sukces-uczennicy-3","status":"publish","type":"post","link":"https:\/\/www.spkatarzyna.pl\/index.php\/2026\/03\/16\/sukces-uczennicy-3\/","title":{"rendered":"Sukces uczennicy"},"content":{"rendered":"<p style=\"text-align: justify;\"><span style=\"font-size: 14pt;\">Z przyjemno\u015bci\u0105 informujemy o sukcesie uczennicy naszej szko\u0142y. Maria Kami\u0144ska zosta\u0142a zakwalifikowana do ostatniego, ustnego etapu VII Olimpiady Literatury i J\u0119zyka Polskiego dla Szk\u00f3\u0142 Podstawowych, organizowanej przez Instytut Bada\u0144 Literackich Polskiej Akademii Nauk w Warszawie.<\/span><\/p>\n<p><span style=\"font-size: 14pt;\">W trakcie kolejnych etap\u00f3w uczennica mierzy\u0142a si\u0119 z zadaniami polegaj\u0105cymi na pisaniu prac literackich oraz rozwi\u0105zywaniu test\u00f3w j\u0119zykowych. Wa\u017cnym elementem rywalizacji by\u0142o r\u00f3wnie\u017c wyst\u0105pienie ustne przed komisj\u0105.<\/span><\/p>\n<p><span style=\"font-size: 14pt;\">Olimpiada stawia uczestnikom bardzo wysokie wymagania, dlatego tym wi\u0119ksz\u0105 rado\u015b\u0107 budzi osi\u0105gni\u0119ty wynik. Maria ju\u017c teraz uzyska\u0142a 100% punkt\u00f3w z egzaminu \u00f3smoklasisty z j\u0119zyka polskiego oraz prawo pierwsze\u0144stwa w wyborze szko\u0142y ponadpodstawowej.<\/span><\/p>\n<p style=\"text-align: right;\"><span style=\"font-size: 14pt;\">Serdecznie gratulujemy!<\/span><br \/>\n<span style=\"font-size: 14pt;\">Zesp\u00f3\u0142 Polonist\u00f3w<\/span><\/p>\n","protected":false},"excerpt":{"rendered":"<p>Z przyjemno\u015bci\u0105 informujemy o sukcesie uczennicy naszej szko\u0142y. Maria Kami\u0144ska zosta\u0142a zakwalifikowana do ostatniego, ustnego etapu VII Olimpiady Literatury i J\u0119zyka Polskiego dla Szk\u00f3\u0142 Podstawowych, organizowanej przez Instytut Bada\u0144 Literackich Polskiej Akademii Nauk w Warszawie. W trakcie kolejnych etap\u00f3w uczennica mierzy\u0142a si\u0119 z zadaniami polegaj\u0105cymi na pisaniu prac literackich oraz [&hellip;]<\/p>\n","protected":false},"author":6,"featured_media":18840,"comment_status":"open","ping_status":"open","sticky":false,"template":"","format":"standard","meta":{"om_disable_all_campaigns":false,"_monsterinsights_skip_tracking":false,"ngg_post_thumbnail":0,"footnotes":""},"categories":[1],"tags":[],"class_list":["post-18839","post","type-post","status-publish","format-standard","has-post-thumbnail","hentry","category-uncategorized"],"aioseo_notices":[],"aioseo_head":"\n\t\t<!-- All in One SEO 5.0.1.1 - aioseo.com -->\n\t<meta name=\"description\" content=\"Z przyjemno\u015bci\u0105 informujemy o sukcesie uczennicy naszej szko\u0142y. Maria Kami\u0144ska zosta\u0142a zakwalifikowana do ostatniego, ustnego etapu VII Olimpiady Literatury i J\u0119zyka Polskiego dla Szk\u00f3\u0142 Podstawowych, organizowanej przez Instytut Bada\u0144 Literackich Polskiej Akademii Nauk w Warszawie. W trakcie kolejnych etap\u00f3w uczennica mierzy\u0142a si\u0119 z zadaniami polegaj\u0105cymi na pisaniu prac literackich oraz rozwi\u0105zywaniu test\u00f3w j\u0119zykowych. Wa\u017cnym elementem\" \/>\n\t<meta name=\"robots\" content=\"max-image-preview:large\" \/>\n\t<meta name=\"author\" content=\"Redakcja\"\/>\n\t<link rel=\"canonical\" href=\"https:\/\/www.spkatarzyna.pl\/index.php\/2026\/03\/16\/sukces-uczennicy-3\/\" \/>\n\t<meta name=\"generator\" content=\"All in One SEO (AIOSEO) 5.0.1.1\" \/>\n\t\t<meta property=\"og:locale\" content=\"pl_PL\" \/>\n\t\t<meta property=\"og:site_name\" content=\"SP Katarzyna - Publiczna Szko\u0142a Podstawowa w \u015awi\u0119tej Katarzynie\" \/>\n\t\t<meta property=\"og:type\" content=\"article\" \/>\n\t\t<meta property=\"og:title\" content=\"Sukces uczennicy - SP Katarzyna\" \/>\n\t\t<meta property=\"og:description\" content=\"Z przyjemno\u015bci\u0105 informujemy o sukcesie uczennicy naszej szko\u0142y. Maria Kami\u0144ska zosta\u0142a zakwalifikowana do ostatniego, ustnego etapu VII Olimpiady Literatury i J\u0119zyka Polskiego dla Szk\u00f3\u0142 Podstawowych, organizowanej przez Instytut Bada\u0144 Literackich Polskiej Akademii Nauk w Warszawie. W trakcie kolejnych etap\u00f3w uczennica mierzy\u0142a si\u0119 z zadaniami polegaj\u0105cymi na pisaniu prac literackich oraz rozwi\u0105zywaniu test\u00f3w j\u0119zykowych. Wa\u017cnym elementem\" \/>\n\t\t<meta property=\"og:url\" content=\"https:\/\/www.spkatarzyna.pl\/index.php\/2026\/03\/16\/sukces-uczennicy-3\/\" \/>\n\t\t<meta property=\"article:published_time\" content=\"2026-03-16T18:07:40+00:00\" \/>\n\t\t<meta property=\"article:modified_time\" content=\"2026-03-16T18:07:40+00:00\" \/>\n\t\t<meta name=\"twitter:card\" content=\"summary_large_image\" \/>\n\t\t<meta name=\"twitter:title\" content=\"Sukces uczennicy - SP Katarzyna\" \/>\n\t\t<meta name=\"twitter:description\" content=\"Z przyjemno\u015bci\u0105 informujemy o sukcesie uczennicy naszej szko\u0142y. Maria Kami\u0144ska zosta\u0142a zakwalifikowana do ostatniego, ustnego etapu VII Olimpiady Literatury i J\u0119zyka Polskiego dla Szk\u00f3\u0142 Podstawowych, organizowanej przez Instytut Bada\u0144 Literackich Polskiej Akademii Nauk w Warszawie. W trakcie kolejnych etap\u00f3w uczennica mierzy\u0142a si\u0119 z zadaniami polegaj\u0105cymi na pisaniu prac literackich oraz rozwi\u0105zywaniu test\u00f3w j\u0119zykowych. Wa\u017cnym elementem\" \/>\n\t\t<script type=\"application\/ld+json\" class=\"aioseo-schema\">\n\t\t\t{\"@context\":\"https:\\\/\\\/schema.org\",\"@graph\":[{\"@type\":\"BlogPosting\",\"@id\":\"https:\\\/\\\/www.spkatarzyna.pl\\\/index.php\\\/2026\\\/03\\\/16\\\/sukces-uczennicy-3\\\/#blogposting\",\"name\":\"Sukces uczennicy - SP Katarzyna\",\"headline\":\"Sukces uczennicy\",\"author\":{\"@id\":\"https:\\\/\\\/www.spkatarzyna.pl\\\/index.php\\\/author\\\/agatasafianspkatarzyna-pl\\\/#author\"},\"publisher\":{\"@id\":\"https:\\\/\\\/www.spkatarzyna.pl\\\/#organization\"},\"image\":{\"@type\":\"ImageObject\",\"url\":\"https:\\\/\\\/www.spkatarzyna.pl\\\/wp-content\\\/uploads\\\/2026\\\/03\\\/PHOTO-2026-03-16-09-30-04-2.jpg\",\"width\":360,\"height\":202},\"datePublished\":\"2026-03-16T18:07:40+01:00\",\"dateModified\":\"2026-03-16T18:07:40+01:00\",\"inLanguage\":\"pl-PL\",\"mainEntityOfPage\":{\"@id\":\"https:\\\/\\\/www.spkatarzyna.pl\\\/index.php\\\/2026\\\/03\\\/16\\\/sukces-uczennicy-3\\\/#webpage\"},\"isPartOf\":{\"@id\":\"https:\\\/\\\/www.spkatarzyna.pl\\\/index.php\\\/2026\\\/03\\\/16\\\/sukces-uczennicy-3\\\/#webpage\"},\"articleSection\":\"Uncategorized\"},{\"@type\":\"BreadcrumbList\",\"@id\":\"https:\\\/\\\/www.spkatarzyna.pl\\\/index.php\\\/2026\\\/03\\\/16\\\/sukces-uczennicy-3\\\/#breadcrumblist\",\"itemListElement\":[{\"@type\":\"ListItem\",\"@id\":\"https:\\\/\\\/www.spkatarzyna.pl#listItem\",\"position\":1,\"name\":\"Dom\",\"item\":\"https:\\\/\\\/www.spkatarzyna.pl\",\"nextItem\":{\"@type\":\"ListItem\",\"@id\":\"https:\\\/\\\/www.spkatarzyna.pl\\\/index.php\\\/category\\\/uncategorized\\\/#listItem\",\"name\":\"Uncategorized\"}},{\"@type\":\"ListItem\",\"@id\":\"https:\\\/\\\/www.spkatarzyna.pl\\\/index.php\\\/category\\\/uncategorized\\\/#listItem\",\"position\":2,\"name\":\"Uncategorized\",\"item\":\"https:\\\/\\\/www.spkatarzyna.pl\\\/index.php\\\/category\\\/uncategorized\\\/\",\"nextItem\":{\"@type\":\"ListItem\",\"@id\":\"https:\\\/\\\/www.spkatarzyna.pl\\\/index.php\\\/2026\\\/03\\\/16\\\/sukces-uczennicy-3\\\/#listItem\",\"name\":\"Sukces uczennicy\"},\"previousItem\":{\"@type\":\"ListItem\",\"@id\":\"https:\\\/\\\/www.spkatarzyna.pl#listItem\",\"name\":\"Dom\"}},{\"@type\":\"ListItem\",\"@id\":\"https:\\\/\\\/www.spkatarzyna.pl\\\/index.php\\\/2026\\\/03\\\/16\\\/sukces-uczennicy-3\\\/#listItem\",\"position\":3,\"name\":\"Sukces uczennicy\",\"previousItem\":{\"@type\":\"ListItem\",\"@id\":\"https:\\\/\\\/www.spkatarzyna.pl\\\/index.php\\\/category\\\/uncategorized\\\/#listItem\",\"name\":\"Uncategorized\"}}]},{\"@type\":\"Organization\",\"@id\":\"https:\\\/\\\/www.spkatarzyna.pl\\\/#organization\",\"name\":\"SP Katarzyna\",\"description\":\"Publiczna Szko\\u0142a Podstawowa w \\u015awi\\u0119tej Katarzynie\",\"url\":\"https:\\\/\\\/www.spkatarzyna.pl\\\/\",\"telephone\":\"+48713116378\",\"sameAs\":[\"https:\\\/\\\/facebook.com\\\/\",\"https:\\\/\\\/x.com\\\/\",\"https:\\\/\\\/instagram.com\\\/\",\"https:\\\/\\\/pinterest.com\\\/\",\"https:\\\/\\\/youtube.com\\\/\",\"https:\\\/\\\/linkedin.com\\\/in\\\/\"]},{\"@type\":\"Person\",\"@id\":\"https:\\\/\\\/www.spkatarzyna.pl\\\/index.php\\\/author\\\/agatasafianspkatarzyna-pl\\\/#author\",\"url\":\"https:\\\/\\\/www.spkatarzyna.pl\\\/index.php\\\/author\\\/agatasafianspkatarzyna-pl\\\/\",\"name\":\"Redakcja\",\"image\":{\"@type\":\"ImageObject\",\"@id\":\"https:\\\/\\\/www.spkatarzyna.pl\\\/index.php\\\/2026\\\/03\\\/16\\\/sukces-uczennicy-3\\\/#authorImage\",\"url\":\"https:\\\/\\\/secure.gravatar.com\\\/avatar\\\/765290513df94d442152250e92b42327?s=96&d=mm&r=g\",\"width\":96,\"height\":96,\"caption\":\"Redakcja\"}},{\"@type\":\"WebPage\",\"@id\":\"https:\\\/\\\/www.spkatarzyna.pl\\\/index.php\\\/2026\\\/03\\\/16\\\/sukces-uczennicy-3\\\/#webpage\",\"url\":\"https:\\\/\\\/www.spkatarzyna.pl\\\/index.php\\\/2026\\\/03\\\/16\\\/sukces-uczennicy-3\\\/\",\"name\":\"Sukces uczennicy - SP Katarzyna\",\"description\":\"Z przyjemno\\u015bci\\u0105 informujemy o sukcesie uczennicy naszej szko\\u0142y. Maria Kami\\u0144ska zosta\\u0142a zakwalifikowana do ostatniego, ustnego etapu VII Olimpiady Literatury i J\\u0119zyka Polskiego dla Szk\\u00f3\\u0142 Podstawowych, organizowanej przez Instytut Bada\\u0144 Literackich Polskiej Akademii Nauk w Warszawie. W trakcie kolejnych etap\\u00f3w uczennica mierzy\\u0142a si\\u0119 z zadaniami polegaj\\u0105cymi na pisaniu prac literackich oraz rozwi\\u0105zywaniu test\\u00f3w j\\u0119zykowych. Wa\\u017cnym elementem\",\"inLanguage\":\"pl-PL\",\"isPartOf\":{\"@id\":\"https:\\\/\\\/www.spkatarzyna.pl\\\/#website\"},\"breadcrumb\":{\"@id\":\"https:\\\/\\\/www.spkatarzyna.pl\\\/index.php\\\/2026\\\/03\\\/16\\\/sukces-uczennicy-3\\\/#breadcrumblist\"},\"author\":{\"@id\":\"https:\\\/\\\/www.spkatarzyna.pl\\\/index.php\\\/author\\\/agatasafianspkatarzyna-pl\\\/#author\"},\"creator\":{\"@id\":\"https:\\\/\\\/www.spkatarzyna.pl\\\/index.php\\\/author\\\/agatasafianspkatarzyna-pl\\\/#author\"},\"image\":{\"@type\":\"ImageObject\",\"url\":\"https:\\\/\\\/www.spkatarzyna.pl\\\/wp-content\\\/uploads\\\/2026\\\/03\\\/PHOTO-2026-03-16-09-30-04-2.jpg\",\"@id\":\"https:\\\/\\\/www.spkatarzyna.pl\\\/index.php\\\/2026\\\/03\\\/16\\\/sukces-uczennicy-3\\\/#mainImage\",\"width\":360,\"height\":202},\"primaryImageOfPage\":{\"@id\":\"https:\\\/\\\/www.spkatarzyna.pl\\\/index.php\\\/2026\\\/03\\\/16\\\/sukces-uczennicy-3\\\/#mainImage\"},\"datePublished\":\"2026-03-16T18:07:40+01:00\",\"dateModified\":\"2026-03-16T18:07:40+01:00\"},{\"@type\":\"WebSite\",\"@id\":\"https:\\\/\\\/www.spkatarzyna.pl\\\/#website\",\"url\":\"https:\\\/\\\/www.spkatarzyna.pl\\\/\",\"name\":\"SP Katarzyna\",\"description\":\"Publiczna Szko\\u0142a Podstawowa w \\u015awi\\u0119tej Katarzynie\",\"inLanguage\":\"pl-PL\",\"publisher\":{\"@id\":\"https:\\\/\\\/www.spkatarzyna.pl\\\/#organization\"}}]}\n\t\t<\/script>\n\t\t<!-- All in One SEO -->\n\n","aioseo_head_json":{"title":"Sukces uczennicy - SP Katarzyna","description":"Z przyjemno\u015bci\u0105 informujemy o sukcesie uczennicy naszej szko\u0142y. Maria Kami\u0144ska zosta\u0142a zakwalifikowana do ostatniego, ustnego etapu VII Olimpiady Literatury i J\u0119zyka Polskiego dla Szk\u00f3\u0142 Podstawowych, organizowanej przez Instytut Bada\u0144 Literackich Polskiej Akademii Nauk w Warszawie. W trakcie kolejnych etap\u00f3w uczennica mierzy\u0142a si\u0119 z zadaniami polegaj\u0105cymi na pisaniu prac literackich oraz rozwi\u0105zywaniu test\u00f3w j\u0119zykowych. Wa\u017cnym elementem","canonical_url":"https:\/\/www.spkatarzyna.pl\/index.php\/2026\/03\/16\/sukces-uczennicy-3\/","robots":"max-image-preview:large","keywords":"","webmasterTools":{"miscellaneous":""},"schema":{"@context":"https:\/\/schema.org","@graph":[{"@type":"BlogPosting","@id":"https:\/\/www.spkatarzyna.pl\/index.php\/2026\/03\/16\/sukces-uczennicy-3\/#blogposting","name":"Sukces uczennicy - SP Katarzyna","headline":"Sukces uczennicy","author":{"@id":"https:\/\/www.spkatarzyna.pl\/index.php\/author\/agatasafianspkatarzyna-pl\/#author"},"publisher":{"@id":"https:\/\/www.spkatarzyna.pl\/#organization"},"image":{"@type":"ImageObject","url":"https:\/\/www.spkatarzyna.pl\/wp-content\/uploads\/2026\/03\/PHOTO-2026-03-16-09-30-04-2.jpg","width":360,"height":202},"datePublished":"2026-03-16T18:07:40+01:00","dateModified":"2026-03-16T18:07:40+01:00","inLanguage":"pl-PL","mainEntityOfPage":{"@id":"https:\/\/www.spkatarzyna.pl\/index.php\/2026\/03\/16\/sukces-uczennicy-3\/#webpage"},"isPartOf":{"@id":"https:\/\/www.spkatarzyna.pl\/index.php\/2026\/03\/16\/sukces-uczennicy-3\/#webpage"},"articleSection":"Uncategorized"},{"@type":"BreadcrumbList","@id":"https:\/\/www.spkatarzyna.pl\/index.php\/2026\/03\/16\/sukces-uczennicy-3\/#breadcrumblist","itemListElement":[{"@type":"ListItem","@id":"https:\/\/www.spkatarzyna.pl#listItem","position":1,"name":"Dom","item":"https:\/\/www.spkatarzyna.pl","nextItem":{"@type":"ListItem","@id":"https:\/\/www.spkatarzyna.pl\/index.php\/category\/uncategorized\/#listItem","name":"Uncategorized"}},{"@type":"ListItem","@id":"https:\/\/www.spkatarzyna.pl\/index.php\/category\/uncategorized\/#listItem","position":2,"name":"Uncategorized","item":"https:\/\/www.spkatarzyna.pl\/index.php\/category\/uncategorized\/","nextItem":{"@type":"ListItem","@id":"https:\/\/www.spkatarzyna.pl\/index.php\/2026\/03\/16\/sukces-uczennicy-3\/#listItem","name":"Sukces uczennicy"},"previousItem":{"@type":"ListItem","@id":"https:\/\/www.spkatarzyna.pl#listItem","name":"Dom"}},{"@type":"ListItem","@id":"https:\/\/www.spkatarzyna.pl\/index.php\/2026\/03\/16\/sukces-uczennicy-3\/#listItem","position":3,"name":"Sukces uczennicy","previousItem":{"@type":"ListItem","@id":"https:\/\/www.spkatarzyna.pl\/index.php\/category\/uncategorized\/#listItem","name":"Uncategorized"}}]},{"@type":"Organization","@id":"https:\/\/www.spkatarzyna.pl\/#organization","name":"SP Katarzyna","description":"Publiczna Szko\u0142a Podstawowa w \u015awi\u0119tej Katarzynie","url":"https:\/\/www.spkatarzyna.pl\/","telephone":"+48713116378","sameAs":["https:\/\/facebook.com\/","https:\/\/x.com\/","https:\/\/instagram.com\/","https:\/\/pinterest.com\/","https:\/\/youtube.com\/","https:\/\/linkedin.com\/in\/"]},{"@type":"Person","@id":"https:\/\/www.spkatarzyna.pl\/index.php\/author\/agatasafianspkatarzyna-pl\/#author","url":"https:\/\/www.spkatarzyna.pl\/index.php\/author\/agatasafianspkatarzyna-pl\/","name":"Redakcja","image":{"@type":"ImageObject","@id":"https:\/\/www.spkatarzyna.pl\/index.php\/2026\/03\/16\/sukces-uczennicy-3\/#authorImage","url":"https:\/\/secure.gravatar.com\/avatar\/765290513df94d442152250e92b42327?s=96&d=mm&r=g","width":96,"height":96,"caption":"Redakcja"}},{"@type":"WebPage","@id":"https:\/\/www.spkatarzyna.pl\/index.php\/2026\/03\/16\/sukces-uczennicy-3\/#webpage","url":"https:\/\/www.spkatarzyna.pl\/index.php\/2026\/03\/16\/sukces-uczennicy-3\/","name":"Sukces uczennicy - SP Katarzyna","description":"Z przyjemno\u015bci\u0105 informujemy o sukcesie uczennicy naszej szko\u0142y. Maria Kami\u0144ska zosta\u0142a zakwalifikowana do ostatniego, ustnego etapu VII Olimpiady Literatury i J\u0119zyka Polskiego dla Szk\u00f3\u0142 Podstawowych, organizowanej przez Instytut Bada\u0144 Literackich Polskiej Akademii Nauk w Warszawie. W trakcie kolejnych etap\u00f3w uczennica mierzy\u0142a si\u0119 z zadaniami polegaj\u0105cymi na pisaniu prac literackich oraz rozwi\u0105zywaniu test\u00f3w j\u0119zykowych. Wa\u017cnym elementem","inLanguage":"pl-PL","isPartOf":{"@id":"https:\/\/www.spkatarzyna.pl\/#website"},"breadcrumb":{"@id":"https:\/\/www.spkatarzyna.pl\/index.php\/2026\/03\/16\/sukces-uczennicy-3\/#breadcrumblist"},"author":{"@id":"https:\/\/www.spkatarzyna.pl\/index.php\/author\/agatasafianspkatarzyna-pl\/#author"},"creator":{"@id":"https:\/\/www.spkatarzyna.pl\/index.php\/author\/agatasafianspkatarzyna-pl\/#author"},"image":{"@type":"ImageObject","url":"https:\/\/www.spkatarzyna.pl\/wp-content\/uploads\/2026\/03\/PHOTO-2026-03-16-09-30-04-2.jpg","@id":"https:\/\/www.spkatarzyna.pl\/index.php\/2026\/03\/16\/sukces-uczennicy-3\/#mainImage","width":360,"height":202},"primaryImageOfPage":{"@id":"https:\/\/www.spkatarzyna.pl\/index.php\/2026\/03\/16\/sukces-uczennicy-3\/#mainImage"},"datePublished":"2026-03-16T18:07:40+01:00","dateModified":"2026-03-16T18:07:40+01:00"},{"@type":"WebSite","@id":"https:\/\/www.spkatarzyna.pl\/#website","url":"https:\/\/www.spkatarzyna.pl\/","name":"SP Katarzyna","description":"Publiczna Szko\u0142a Podstawowa w \u015awi\u0119tej Katarzynie","inLanguage":"pl-PL","publisher":{"@id":"https:\/\/www.spkatarzyna.pl\/#organization"}}]},"og:locale":"pl_PL","og:site_name":"SP Katarzyna - Publiczna Szko\u0142a Podstawowa w \u015awi\u0119tej Katarzynie","og:type":"article","og:title":"Sukces uczennicy - SP Katarzyna","og:description":"Z przyjemno\u015bci\u0105 informujemy o sukcesie uczennicy naszej szko\u0142y. Maria Kami\u0144ska zosta\u0142a zakwalifikowana do ostatniego, ustnego etapu VII Olimpiady Literatury i J\u0119zyka Polskiego dla Szk\u00f3\u0142 Podstawowych, organizowanej przez Instytut Bada\u0144 Literackich Polskiej Akademii Nauk w Warszawie. W trakcie kolejnych etap\u00f3w uczennica mierzy\u0142a si\u0119 z zadaniami polegaj\u0105cymi na pisaniu prac literackich oraz rozwi\u0105zywaniu test\u00f3w j\u0119zykowych. Wa\u017cnym elementem","og:url":"https:\/\/www.spkatarzyna.pl\/index.php\/2026\/03\/16\/sukces-uczennicy-3\/","article:published_time":"2026-03-16T18:07:40+00:00","article:modified_time":"2026-03-16T18:07:40+00:00","twitter:card":"summary_large_image","twitter:title":"Sukces uczennicy - SP Katarzyna","twitter:description":"Z przyjemno\u015bci\u0105 informujemy o sukcesie uczennicy naszej szko\u0142y. Maria Kami\u0144ska zosta\u0142a zakwalifikowana do ostatniego, ustnego etapu VII Olimpiady Literatury i J\u0119zyka Polskiego dla Szk\u00f3\u0142 Podstawowych, organizowanej przez Instytut Bada\u0144 Literackich Polskiej Akademii Nauk w Warszawie. W trakcie kolejnych etap\u00f3w uczennica mierzy\u0142a si\u0119 z zadaniami polegaj\u0105cymi na pisaniu prac literackich oraz rozwi\u0105zywaniu test\u00f3w j\u0119zykowych. Wa\u017cnym elementem"},"aioseo_meta_data":{"post_id":"18839","title":null,"description":null,"keywords":null,"keyphrases":{"focus":{"keyphrase":"","score":0,"analysis":{"keyphraseInTitle":{"score":0,"maxScore":9,"error":1}}},"additional":[]},"primary_term":null,"canonical_url":null,"og_title":null,"og_description":null,"og_object_type":"default","og_image_type":"default","og_image_url":null,"og_image_width":null,"og_image_height":null,"og_image_custom_url":null,"og_image_custom_fields":null,"og_video":"","og_custom_url":null,"og_article_section":null,"og_article_tags":null,"twitter_use_og":false,"twitter_card":"default","twitter_image_type":"default","twitter_image_url":null,"twitter_image_custom_url":null,"twitter_image_custom_fields":null,"twitter_title":null,"twitter_description":null,"schema":{"blockGraphs":[],"customGraphs":[],"default":{"data":{"Article":[],"Course":[],"Dataset":[],"FAQPage":[],"Movie":[],"Person":[],"Product":[],"ProductReview":[],"Car":[],"Recipe":[],"Service":[],"SoftwareApplication":[],"WebPage":[]},"graphName":"BlogPosting","isEnabled":true},"graphs":[]},"schema_type":"default","schema_type_options":null,"pillar_content":false,"robots_default":true,"robots_noindex":false,"robots_noarchive":false,"robots_nosnippet":false,"robots_nofollow":false,"robots_noimageindex":false,"robots_noodp":false,"robots_notranslate":false,"robots_max_snippet":"-1","robots_max_videopreview":"-1","robots_max_imagepreview":"large","priority":null,"frequency":"default","local_seo":null,"limit_modified_date":false,"created":"2026-03-16 18:07:40","updated":"2026-09-03 17:50:56","focus_keyword":null,"additional_keywords":null,"truseo_locale":null,"ai":null,"breadcrumb_settings":null,"seo_analyzer_scan_date":null},"aioseo_breadcrumb":"<div class=\"aioseo-breadcrumbs\"><span class=\"aioseo-breadcrumb\">\n\t\t\t<a href=\"https:\/\/www.spkatarzyna.pl\" title=\"Dom\">Dom<\/a>\n\t\t<\/span><span class=\"aioseo-breadcrumb-separator\">&raquo;<\/span><span class=\"aioseo-breadcrumb\">\n\t\t\t<a href=\"https:\/\/www.spkatarzyna.pl\/index.php\/category\/uncategorized\/\" title=\"Uncategorized\">Uncategorized<\/a>\n\t\t<\/span><span class=\"aioseo-breadcrumb-separator\">&raquo;<\/span><span class=\"aioseo-breadcrumb\">\n\t\t\tSukces uczennicy\n\t\t<\/span><\/div>","aioseo_breadcrumb_json":[{"label":"Dom","link":"https:\/\/www.spkatarzyna.pl"},{"label":"Uncategorized","link":"https:\/\/www.spkatarzyna.pl\/index.php\/category\/uncategorized\/"},{"label":"Sukces uczennicy","link":"https:\/\/www.spkatarzyna.pl\/index.php\/2026\/03\/16\/sukces-uczennicy-3\/"}],"_links":{"self":[{"href":"https:\/\/www.spkatarzyna.pl\/index.php\/wp-json\/wp\/v2\/posts\/18839","targetHints":{"allow":["GET"]}}],"collection":[{"href":"https:\/\/www.spkatarzyna.pl\/index.php\/wp-json\/wp\/v2\/posts"}],"about":[{"href":"https:\/\/www.spkatarzyna.pl\/index.php\/wp-json\/wp\/v2\/types\/post"}],"author":[{"embeddable":true,"href":"https:\/\/www.spkatarzyna.pl\/index.php\/wp-json\/wp\/v2\/users\/6"}],"replies":[{"embeddable":true,"href":"https:\/\/www.spkatarzyna.pl\/index.php\/wp-json\/wp\/v2\/comments?post=18839"}],"version-history":[{"count":1,"href":"https:\/\/www.spkatarzyna.pl\/index.php\/wp-json\/wp\/v2\/posts\/18839\/revisions"}],"predecessor-version":[{"id":18841,"href":"https:\/\/www.spkatarzyna.pl\/index.php\/wp-json\/wp\/v2\/posts\/18839\/revisions\/18841"}],"wp:featuredmedia":[{"embeddable":true,"href":"https:\/\/www.spkatarzyna.pl\/index.php\/wp-json\/wp\/v2\/media\/18840"}],"wp:attachment":[{"href":"https:\/\/www.spkatarzyna.pl\/index.php\/wp-json\/wp\/v2\/media?parent=18839"}],"wp:term":[{"taxonomy":"category","embeddable":true,"href":"https:\/\/www.spkatarzyna.pl\/index.php\/wp-json\/wp\/v2\/categories?post=18839"},{"taxonomy":"post_tag","embeddable":true,"href":"https:\/\/www.spkatarzyna.pl\/index.php\/wp-json\/wp\/v2\/tags?post=18839"}],"curies":[{"name":"wp","href":"https:\/\/api.w.org\/{rel}","templated":true}]}}