{"id":18852,"date":"2026-03-13T13:22:19","date_gmt":"2026-03-13T13:22:19","guid":{"rendered":"https:\/\/www.spkatarzyna.pl\/?p=18852"},"modified":"2026-03-19T13:35:36","modified_gmt":"2026-03-19T13:35:36","slug":"zwiedzanie-wystawy-terra-nostra","status":"publish","type":"post","link":"https:\/\/www.spkatarzyna.pl\/index.php\/2026\/03\/13\/zwiedzanie-wystawy-terra-nostra\/","title":{"rendered":"Zwiedzanie wystawy Terra Nostra"},"content":{"rendered":"\t\t<div data-elementor-type=\"wp-post\" data-elementor-id=\"18852\" class=\"elementor elementor-18852\">\n\t\t\t\t<div class=\"elementor-element elementor-element-2448247c e-flex e-con-boxed e-con e-parent\" data-id=\"2448247c\" data-element_type=\"container\">\n\t\t\t\t\t<div class=\"e-con-inner\">\n\t\t\t\t<div class=\"elementor-element elementor-element-5e62ed47 elementor-widget elementor-widget-text-editor\" data-id=\"5e62ed47\" data-element_type=\"widget\" data-widget_type=\"text-editor.default\">\n\t\t\t\t\t\t\t\t\t<div dir=\"auto\" style=\"text-align: justify;\"><span style=\"font-size: 14pt;\">Uczniowie klasy 5b uczestniczyli w zwiedzaniu wystawy \u201eTerra Nostra\u201d w Izbie Pami\u0119ci w \u015awi\u0119tej Katarzynie. Po ekspozycji oprowadzi\u0142a ich pani Teresa Budziar, przybli\u017caj\u0105c histori\u0119 oraz znaczenie zgromadzonych tam pami\u0105tek.<\/span><\/div>\r\n<div dir=\"auto\" style=\"text-align: justify;\">&nbsp;<\/div>\r\n<div dir=\"auto\" style=\"text-align: justify;\"><span style=\"font-size: 14pt;\">Izba Pami\u0119ci to przestrze\u0144 stworzona by ocali\u0107 od zapomnienia lokaln\u0105 histori\u0119, codzienne losy mieszka\u0144c\u00f3w, ich pasje, prac\u0119 i marzenia. Ka\u017cda pami\u0105tka, fotografia czy opowie\u015b\u0107 niesie ze sob\u0105 \u015blad ludzkich emocji i do\u015bwiadcze\u0144, kt\u00f3re wsp\u00f3lnie buduj\u0105 to\u017csamo\u015b\u0107.&nbsp;<\/span><\/div>\r\n<div dir=\"auto\">&nbsp;<\/div>\r\n<div style=\"text-align: right;\"><span style=\"font-size: 14pt;\">Magdalena Zato\u0144&nbsp;<\/span><\/div>\t\t\t\t\t\t\t\t<\/div>\n\t\t\t\t<div class=\"elementor-element elementor-element-88ab532 elementor-widget elementor-widget-image-gallery\" data-id=\"88ab532\" data-element_type=\"widget\" data-widget_type=\"image-gallery.default\">\n\t\t\t\t\t\t\t<div class=\"elementor-image-gallery\">\n\t\t\t\n\t\t<div id='gallery-1' class='gallery galleryid-18852 gallery-columns-7 gallery-size-thumbnail gallery1'><script type=\"text\/javascript\">\n\/\/ <![CDATA[\n\tjQuery(document).ready(function () {\n\t\tjQuery(\".gallery1 a\").attr(\"rel\",\"gallery1\");\t\n\t\tjQuery('a[rel=\"gallery1\"]').colorbox({title: function(){ return jQuery(this).children().attr(\"alt\"); }});\n\t});\n\/\/ ]]>\n<\/script>\n<dl class=\"gallery-item\">\n<dt class=\"gallery-icon\">\n<a href=\"https:\/\/www.spkatarzyna.pl\/wp-content\/uploads\/2026\/03\/21222-300x225.jpg\" title=\"\" rel=\"gallery1\" rel=\"lightbox[18852]\"><img decoding=\"async\" src=\"https:\/\/www.spkatarzyna.pl\/wp-content\/uploads\/2026\/03\/21222-150x150.jpg\" width=\"150\" height=\"150\" alt=\"\" \/><\/a>\n<\/dt><\/dl><dl class=\"gallery-item\">\n<dt class=\"gallery-icon\">\n<a href=\"https:\/\/www.spkatarzyna.pl\/wp-content\/uploads\/2026\/03\/21224-300x225.jpg\" title=\"\" rel=\"gallery1\" rel=\"lightbox[18852]\"><img decoding=\"async\" src=\"https:\/\/www.spkatarzyna.pl\/wp-content\/uploads\/2026\/03\/21224-150x150.jpg\" width=\"150\" height=\"150\" alt=\"\" \/><\/a>\n<\/dt><\/dl><dl class=\"gallery-item\">\n<dt class=\"gallery-icon\">\n<a href=\"https:\/\/www.spkatarzyna.pl\/wp-content\/uploads\/2026\/03\/21226-300x225.jpg\" title=\"\" rel=\"gallery1\" rel=\"lightbox[18852]\"><img decoding=\"async\" src=\"https:\/\/www.spkatarzyna.pl\/wp-content\/uploads\/2026\/03\/21226-150x150.jpg\" width=\"150\" height=\"150\" alt=\"\" \/><\/a>\n<\/dt><\/dl><dl class=\"gallery-item\">\n<dt class=\"gallery-icon\">\n<a href=\"https:\/\/www.spkatarzyna.pl\/wp-content\/uploads\/2026\/03\/21228-300x225.jpg\" title=\"\" rel=\"gallery1\" rel=\"lightbox[18852]\"><img loading=\"lazy\" decoding=\"async\" src=\"https:\/\/www.spkatarzyna.pl\/wp-content\/uploads\/2026\/03\/21228-150x150.jpg\" width=\"150\" height=\"150\" alt=\"\" \/><\/a>\n<\/dt><\/dl><dl class=\"gallery-item\">\n<dt class=\"gallery-icon\">\n<a href=\"https:\/\/www.spkatarzyna.pl\/wp-content\/uploads\/2026\/03\/21229-225x300.jpg\" title=\"\" rel=\"gallery1\" rel=\"lightbox[18852]\"><img loading=\"lazy\" decoding=\"async\" src=\"https:\/\/www.spkatarzyna.pl\/wp-content\/uploads\/2026\/03\/21229-150x150.jpg\" width=\"150\" height=\"150\" alt=\"\" \/><\/a>\n<\/dt><\/dl><dl class=\"gallery-item\">\n<dt class=\"gallery-icon\">\n<a href=\"https:\/\/www.spkatarzyna.pl\/wp-content\/uploads\/2026\/03\/21232-300x225.jpg\" title=\"\" rel=\"gallery1\" rel=\"lightbox[18852]\"><img loading=\"lazy\" decoding=\"async\" src=\"https:\/\/www.spkatarzyna.pl\/wp-content\/uploads\/2026\/03\/21232-150x150.jpg\" width=\"150\" height=\"150\" alt=\"\" \/><\/a>\n<\/dt><\/dl><dl class=\"gallery-item\">\n<dt class=\"gallery-icon\">\n<a href=\"https:\/\/www.spkatarzyna.pl\/wp-content\/uploads\/2026\/03\/21234-300x225.jpg\" title=\"\" rel=\"gallery1\" rel=\"lightbox[18852]\"><img loading=\"lazy\" decoding=\"async\" src=\"https:\/\/www.spkatarzyna.pl\/wp-content\/uploads\/2026\/03\/21234-150x150.jpg\" width=\"150\" height=\"150\" alt=\"\" \/><\/a>\n<\/dt><\/dl><br style=\"clear: both\" \/><br style=\"clear: both\" \/><\/div>\t\t<\/div>\n\t\t\t\t\t\t<\/div>\n\t\t\t\t\t<\/div>\n\t\t\t\t<\/div>\n\t\t\t\t<\/div>\n\t\t","protected":false},"excerpt":{"rendered":"<p>Uczniowie klasy 5b uczestniczyli w zwiedzaniu wystawy \u201eTerra Nostra\u201d w Izbie Pami\u0119ci w \u015awi\u0119tej Katarzynie. Po ekspozycji oprowadzi\u0142a ich pani Teresa Budziar, przybli\u017caj\u0105c histori\u0119 oraz znaczenie zgromadzonych tam pami\u0105tek. &nbsp; Izba Pami\u0119ci to przestrze\u0144 stworzona by ocali\u0107 od zapomnienia lokaln\u0105 histori\u0119, codzienne losy mieszka\u0144c\u00f3w, ich pasje, prac\u0119 i marzenia. Ka\u017cda [&hellip;]<\/p>\n","protected":false},"author":6,"featured_media":18853,"comment_status":"open","ping_status":"open","sticky":false,"template":"","format":"standard","meta":{"om_disable_all_campaigns":false,"_monsterinsights_skip_tracking":false,"ngg_post_thumbnail":0,"footnotes":""},"categories":[1],"tags":[],"class_list":["post-18852","post","type-post","status-publish","format-standard","has-post-thumbnail","hentry","category-uncategorized"],"aioseo_notices":[],"aioseo_head":"\n\t\t<!-- All in One SEO 5.0.1.1 - aioseo.com -->\n\t<meta name=\"description\" content=\"Uczniowie klasy 5b uczestniczyli w zwiedzaniu wystawy \u201eTerra Nostra\u201d w Izbie Pami\u0119ci w \u015awi\u0119tej Katarzynie. Po ekspozycji oprowadzi\u0142a ich pani Teresa Budziar, przybli\u017caj\u0105c histori\u0119 oraz znaczenie zgromadzonych tam pami\u0105tek. Izba Pami\u0119ci to przestrze\u0144 stworzona by ocali\u0107 od zapomnienia lokaln\u0105 histori\u0119, codzienne losy mieszka\u0144c\u00f3w, ich pasje, prac\u0119 i marzenia. Ka\u017cda pami\u0105tka, fotografia czy opowie\u015b\u0107 niesie\" \/>\n\t<meta name=\"robots\" content=\"max-image-preview:large\" \/>\n\t<meta name=\"author\" content=\"Redakcja\"\/>\n\t<link rel=\"canonical\" href=\"https:\/\/www.spkatarzyna.pl\/index.php\/2026\/03\/13\/zwiedzanie-wystawy-terra-nostra\/\" \/>\n\t<meta name=\"generator\" content=\"All in One SEO (AIOSEO) 5.0.1.1\" \/>\n\t\t<meta property=\"og:locale\" content=\"pl_PL\" \/>\n\t\t<meta property=\"og:site_name\" content=\"SP Katarzyna - Publiczna Szko\u0142a Podstawowa w \u015awi\u0119tej Katarzynie\" \/>\n\t\t<meta property=\"og:type\" content=\"article\" \/>\n\t\t<meta property=\"og:title\" content=\"Zwiedzanie wystawy Terra Nostra - SP Katarzyna\" \/>\n\t\t<meta property=\"og:description\" content=\"Uczniowie klasy 5b uczestniczyli w zwiedzaniu wystawy \u201eTerra Nostra\u201d w Izbie Pami\u0119ci w \u015awi\u0119tej Katarzynie. Po ekspozycji oprowadzi\u0142a ich pani Teresa Budziar, przybli\u017caj\u0105c histori\u0119 oraz znaczenie zgromadzonych tam pami\u0105tek. Izba Pami\u0119ci to przestrze\u0144 stworzona by ocali\u0107 od zapomnienia lokaln\u0105 histori\u0119, codzienne losy mieszka\u0144c\u00f3w, ich pasje, prac\u0119 i marzenia. Ka\u017cda pami\u0105tka, fotografia czy opowie\u015b\u0107 niesie\" \/>\n\t\t<meta property=\"og:url\" content=\"https:\/\/www.spkatarzyna.pl\/index.php\/2026\/03\/13\/zwiedzanie-wystawy-terra-nostra\/\" \/>\n\t\t<meta property=\"article:published_time\" content=\"2026-03-13T13:22:19+00:00\" \/>\n\t\t<meta property=\"article:modified_time\" content=\"2026-03-19T13:35:36+00:00\" \/>\n\t\t<meta name=\"twitter:card\" content=\"summary_large_image\" \/>\n\t\t<meta name=\"twitter:title\" content=\"Zwiedzanie wystawy Terra Nostra - SP Katarzyna\" \/>\n\t\t<meta name=\"twitter:description\" content=\"Uczniowie klasy 5b uczestniczyli w zwiedzaniu wystawy \u201eTerra Nostra\u201d w Izbie Pami\u0119ci w \u015awi\u0119tej Katarzynie. Po ekspozycji oprowadzi\u0142a ich pani Teresa Budziar, przybli\u017caj\u0105c histori\u0119 oraz znaczenie zgromadzonych tam pami\u0105tek. Izba Pami\u0119ci to przestrze\u0144 stworzona by ocali\u0107 od zapomnienia lokaln\u0105 histori\u0119, codzienne losy mieszka\u0144c\u00f3w, ich pasje, prac\u0119 i marzenia. Ka\u017cda pami\u0105tka, fotografia czy opowie\u015b\u0107 niesie\" \/>\n\t\t<script type=\"application\/ld+json\" class=\"aioseo-schema\">\n\t\t\t{\"@context\":\"https:\\\/\\\/schema.org\",\"@graph\":[{\"@type\":\"BlogPosting\",\"@id\":\"https:\\\/\\\/www.spkatarzyna.pl\\\/index.php\\\/2026\\\/03\\\/13\\\/zwiedzanie-wystawy-terra-nostra\\\/#blogposting\",\"name\":\"Zwiedzanie wystawy Terra Nostra - SP Katarzyna\",\"headline\":\"Zwiedzanie wystawy Terra Nostra\",\"author\":{\"@id\":\"https:\\\/\\\/www.spkatarzyna.pl\\\/index.php\\\/author\\\/agatasafianspkatarzyna-pl\\\/#author\"},\"publisher\":{\"@id\":\"https:\\\/\\\/www.spkatarzyna.pl\\\/#organization\"},\"image\":{\"@type\":\"ImageObject\",\"url\":\"https:\\\/\\\/www.spkatarzyna.pl\\\/wp-content\\\/uploads\\\/2026\\\/03\\\/21226-2.jpg\",\"width\":360,\"height\":202},\"datePublished\":\"2026-03-13T13:22:19+01:00\",\"dateModified\":\"2026-03-19T13:35:36+01:00\",\"inLanguage\":\"pl-PL\",\"mainEntityOfPage\":{\"@id\":\"https:\\\/\\\/www.spkatarzyna.pl\\\/index.php\\\/2026\\\/03\\\/13\\\/zwiedzanie-wystawy-terra-nostra\\\/#webpage\"},\"isPartOf\":{\"@id\":\"https:\\\/\\\/www.spkatarzyna.pl\\\/index.php\\\/2026\\\/03\\\/13\\\/zwiedzanie-wystawy-terra-nostra\\\/#webpage\"},\"articleSection\":\"Uncategorized\"},{\"@type\":\"BreadcrumbList\",\"@id\":\"https:\\\/\\\/www.spkatarzyna.pl\\\/index.php\\\/2026\\\/03\\\/13\\\/zwiedzanie-wystawy-terra-nostra\\\/#breadcrumblist\",\"itemListElement\":[{\"@type\":\"ListItem\",\"@id\":\"https:\\\/\\\/www.spkatarzyna.pl#listItem\",\"position\":1,\"name\":\"Dom\",\"item\":\"https:\\\/\\\/www.spkatarzyna.pl\",\"nextItem\":{\"@type\":\"ListItem\",\"@id\":\"https:\\\/\\\/www.spkatarzyna.pl\\\/index.php\\\/category\\\/uncategorized\\\/#listItem\",\"name\":\"Uncategorized\"}},{\"@type\":\"ListItem\",\"@id\":\"https:\\\/\\\/www.spkatarzyna.pl\\\/index.php\\\/category\\\/uncategorized\\\/#listItem\",\"position\":2,\"name\":\"Uncategorized\",\"item\":\"https:\\\/\\\/www.spkatarzyna.pl\\\/index.php\\\/category\\\/uncategorized\\\/\",\"nextItem\":{\"@type\":\"ListItem\",\"@id\":\"https:\\\/\\\/www.spkatarzyna.pl\\\/index.php\\\/2026\\\/03\\\/13\\\/zwiedzanie-wystawy-terra-nostra\\\/#listItem\",\"name\":\"Zwiedzanie wystawy Terra Nostra\"},\"previousItem\":{\"@type\":\"ListItem\",\"@id\":\"https:\\\/\\\/www.spkatarzyna.pl#listItem\",\"name\":\"Dom\"}},{\"@type\":\"ListItem\",\"@id\":\"https:\\\/\\\/www.spkatarzyna.pl\\\/index.php\\\/2026\\\/03\\\/13\\\/zwiedzanie-wystawy-terra-nostra\\\/#listItem\",\"position\":3,\"name\":\"Zwiedzanie wystawy Terra Nostra\",\"previousItem\":{\"@type\":\"ListItem\",\"@id\":\"https:\\\/\\\/www.spkatarzyna.pl\\\/index.php\\\/category\\\/uncategorized\\\/#listItem\",\"name\":\"Uncategorized\"}}]},{\"@type\":\"Organization\",\"@id\":\"https:\\\/\\\/www.spkatarzyna.pl\\\/#organization\",\"name\":\"SP Katarzyna\",\"description\":\"Publiczna Szko\\u0142a Podstawowa w \\u015awi\\u0119tej Katarzynie\",\"url\":\"https:\\\/\\\/www.spkatarzyna.pl\\\/\",\"telephone\":\"+48713116378\",\"sameAs\":[\"https:\\\/\\\/facebook.com\\\/\",\"https:\\\/\\\/x.com\\\/\",\"https:\\\/\\\/instagram.com\\\/\",\"https:\\\/\\\/pinterest.com\\\/\",\"https:\\\/\\\/youtube.com\\\/\",\"https:\\\/\\\/linkedin.com\\\/in\\\/\"]},{\"@type\":\"Person\",\"@id\":\"https:\\\/\\\/www.spkatarzyna.pl\\\/index.php\\\/author\\\/agatasafianspkatarzyna-pl\\\/#author\",\"url\":\"https:\\\/\\\/www.spkatarzyna.pl\\\/index.php\\\/author\\\/agatasafianspkatarzyna-pl\\\/\",\"name\":\"Redakcja\",\"image\":{\"@type\":\"ImageObject\",\"@id\":\"https:\\\/\\\/www.spkatarzyna.pl\\\/index.php\\\/2026\\\/03\\\/13\\\/zwiedzanie-wystawy-terra-nostra\\\/#authorImage\",\"url\":\"https:\\\/\\\/secure.gravatar.com\\\/avatar\\\/765290513df94d442152250e92b42327?s=96&d=mm&r=g\",\"width\":96,\"height\":96,\"caption\":\"Redakcja\"}},{\"@type\":\"WebPage\",\"@id\":\"https:\\\/\\\/www.spkatarzyna.pl\\\/index.php\\\/2026\\\/03\\\/13\\\/zwiedzanie-wystawy-terra-nostra\\\/#webpage\",\"url\":\"https:\\\/\\\/www.spkatarzyna.pl\\\/index.php\\\/2026\\\/03\\\/13\\\/zwiedzanie-wystawy-terra-nostra\\\/\",\"name\":\"Zwiedzanie wystawy Terra Nostra - SP Katarzyna\",\"description\":\"Uczniowie klasy 5b uczestniczyli w zwiedzaniu wystawy \\u201eTerra Nostra\\u201d w Izbie Pami\\u0119ci w \\u015awi\\u0119tej Katarzynie. Po ekspozycji oprowadzi\\u0142a ich pani Teresa Budziar, przybli\\u017caj\\u0105c histori\\u0119 oraz znaczenie zgromadzonych tam pami\\u0105tek. Izba Pami\\u0119ci to przestrze\\u0144 stworzona by ocali\\u0107 od zapomnienia lokaln\\u0105 histori\\u0119, codzienne losy mieszka\\u0144c\\u00f3w, ich pasje, prac\\u0119 i marzenia. Ka\\u017cda pami\\u0105tka, fotografia czy opowie\\u015b\\u0107 niesie\",\"inLanguage\":\"pl-PL\",\"isPartOf\":{\"@id\":\"https:\\\/\\\/www.spkatarzyna.pl\\\/#website\"},\"breadcrumb\":{\"@id\":\"https:\\\/\\\/www.spkatarzyna.pl\\\/index.php\\\/2026\\\/03\\\/13\\\/zwiedzanie-wystawy-terra-nostra\\\/#breadcrumblist\"},\"author\":{\"@id\":\"https:\\\/\\\/www.spkatarzyna.pl\\\/index.php\\\/author\\\/agatasafianspkatarzyna-pl\\\/#author\"},\"creator\":{\"@id\":\"https:\\\/\\\/www.spkatarzyna.pl\\\/index.php\\\/author\\\/agatasafianspkatarzyna-pl\\\/#author\"},\"image\":{\"@type\":\"ImageObject\",\"url\":\"https:\\\/\\\/www.spkatarzyna.pl\\\/wp-content\\\/uploads\\\/2026\\\/03\\\/21226-2.jpg\",\"@id\":\"https:\\\/\\\/www.spkatarzyna.pl\\\/index.php\\\/2026\\\/03\\\/13\\\/zwiedzanie-wystawy-terra-nostra\\\/#mainImage\",\"width\":360,\"height\":202},\"primaryImageOfPage\":{\"@id\":\"https:\\\/\\\/www.spkatarzyna.pl\\\/index.php\\\/2026\\\/03\\\/13\\\/zwiedzanie-wystawy-terra-nostra\\\/#mainImage\"},\"datePublished\":\"2026-03-13T13:22:19+01:00\",\"dateModified\":\"2026-03-19T13:35:36+01:00\"},{\"@type\":\"WebSite\",\"@id\":\"https:\\\/\\\/www.spkatarzyna.pl\\\/#website\",\"url\":\"https:\\\/\\\/www.spkatarzyna.pl\\\/\",\"name\":\"SP Katarzyna\",\"description\":\"Publiczna Szko\\u0142a Podstawowa w \\u015awi\\u0119tej Katarzynie\",\"inLanguage\":\"pl-PL\",\"publisher\":{\"@id\":\"https:\\\/\\\/www.spkatarzyna.pl\\\/#organization\"}}]}\n\t\t<\/script>\n\t\t<!-- All in One SEO -->\n\n","aioseo_head_json":{"title":"Zwiedzanie wystawy Terra Nostra - SP Katarzyna","description":"Uczniowie klasy 5b uczestniczyli w zwiedzaniu wystawy \u201eTerra Nostra\u201d w Izbie Pami\u0119ci w \u015awi\u0119tej Katarzynie. Po ekspozycji oprowadzi\u0142a ich pani Teresa Budziar, przybli\u017caj\u0105c histori\u0119 oraz znaczenie zgromadzonych tam pami\u0105tek. Izba Pami\u0119ci to przestrze\u0144 stworzona by ocali\u0107 od zapomnienia lokaln\u0105 histori\u0119, codzienne losy mieszka\u0144c\u00f3w, ich pasje, prac\u0119 i marzenia. Ka\u017cda pami\u0105tka, fotografia czy opowie\u015b\u0107 niesie","canonical_url":"https:\/\/www.spkatarzyna.pl\/index.php\/2026\/03\/13\/zwiedzanie-wystawy-terra-nostra\/","robots":"max-image-preview:large","keywords":"","webmasterTools":{"miscellaneous":""},"schema":{"@context":"https:\/\/schema.org","@graph":[{"@type":"BlogPosting","@id":"https:\/\/www.spkatarzyna.pl\/index.php\/2026\/03\/13\/zwiedzanie-wystawy-terra-nostra\/#blogposting","name":"Zwiedzanie wystawy Terra Nostra - SP Katarzyna","headline":"Zwiedzanie wystawy Terra Nostra","author":{"@id":"https:\/\/www.spkatarzyna.pl\/index.php\/author\/agatasafianspkatarzyna-pl\/#author"},"publisher":{"@id":"https:\/\/www.spkatarzyna.pl\/#organization"},"image":{"@type":"ImageObject","url":"https:\/\/www.spkatarzyna.pl\/wp-content\/uploads\/2026\/03\/21226-2.jpg","width":360,"height":202},"datePublished":"2026-03-13T13:22:19+01:00","dateModified":"2026-03-19T13:35:36+01:00","inLanguage":"pl-PL","mainEntityOfPage":{"@id":"https:\/\/www.spkatarzyna.pl\/index.php\/2026\/03\/13\/zwiedzanie-wystawy-terra-nostra\/#webpage"},"isPartOf":{"@id":"https:\/\/www.spkatarzyna.pl\/index.php\/2026\/03\/13\/zwiedzanie-wystawy-terra-nostra\/#webpage"},"articleSection":"Uncategorized"},{"@type":"BreadcrumbList","@id":"https:\/\/www.spkatarzyna.pl\/index.php\/2026\/03\/13\/zwiedzanie-wystawy-terra-nostra\/#breadcrumblist","itemListElement":[{"@type":"ListItem","@id":"https:\/\/www.spkatarzyna.pl#listItem","position":1,"name":"Dom","item":"https:\/\/www.spkatarzyna.pl","nextItem":{"@type":"ListItem","@id":"https:\/\/www.spkatarzyna.pl\/index.php\/category\/uncategorized\/#listItem","name":"Uncategorized"}},{"@type":"ListItem","@id":"https:\/\/www.spkatarzyna.pl\/index.php\/category\/uncategorized\/#listItem","position":2,"name":"Uncategorized","item":"https:\/\/www.spkatarzyna.pl\/index.php\/category\/uncategorized\/","nextItem":{"@type":"ListItem","@id":"https:\/\/www.spkatarzyna.pl\/index.php\/2026\/03\/13\/zwiedzanie-wystawy-terra-nostra\/#listItem","name":"Zwiedzanie wystawy Terra Nostra"},"previousItem":{"@type":"ListItem","@id":"https:\/\/www.spkatarzyna.pl#listItem","name":"Dom"}},{"@type":"ListItem","@id":"https:\/\/www.spkatarzyna.pl\/index.php\/2026\/03\/13\/zwiedzanie-wystawy-terra-nostra\/#listItem","position":3,"name":"Zwiedzanie wystawy Terra Nostra","previousItem":{"@type":"ListItem","@id":"https:\/\/www.spkatarzyna.pl\/index.php\/category\/uncategorized\/#listItem","name":"Uncategorized"}}]},{"@type":"Organization","@id":"https:\/\/www.spkatarzyna.pl\/#organization","name":"SP Katarzyna","description":"Publiczna Szko\u0142a Podstawowa w \u015awi\u0119tej Katarzynie","url":"https:\/\/www.spkatarzyna.pl\/","telephone":"+48713116378","sameAs":["https:\/\/facebook.com\/","https:\/\/x.com\/","https:\/\/instagram.com\/","https:\/\/pinterest.com\/","https:\/\/youtube.com\/","https:\/\/linkedin.com\/in\/"]},{"@type":"Person","@id":"https:\/\/www.spkatarzyna.pl\/index.php\/author\/agatasafianspkatarzyna-pl\/#author","url":"https:\/\/www.spkatarzyna.pl\/index.php\/author\/agatasafianspkatarzyna-pl\/","name":"Redakcja","image":{"@type":"ImageObject","@id":"https:\/\/www.spkatarzyna.pl\/index.php\/2026\/03\/13\/zwiedzanie-wystawy-terra-nostra\/#authorImage","url":"https:\/\/secure.gravatar.com\/avatar\/765290513df94d442152250e92b42327?s=96&d=mm&r=g","width":96,"height":96,"caption":"Redakcja"}},{"@type":"WebPage","@id":"https:\/\/www.spkatarzyna.pl\/index.php\/2026\/03\/13\/zwiedzanie-wystawy-terra-nostra\/#webpage","url":"https:\/\/www.spkatarzyna.pl\/index.php\/2026\/03\/13\/zwiedzanie-wystawy-terra-nostra\/","name":"Zwiedzanie wystawy Terra Nostra - SP Katarzyna","description":"Uczniowie klasy 5b uczestniczyli w zwiedzaniu wystawy \u201eTerra Nostra\u201d w Izbie Pami\u0119ci w \u015awi\u0119tej Katarzynie. Po ekspozycji oprowadzi\u0142a ich pani Teresa Budziar, przybli\u017caj\u0105c histori\u0119 oraz znaczenie zgromadzonych tam pami\u0105tek. Izba Pami\u0119ci to przestrze\u0144 stworzona by ocali\u0107 od zapomnienia lokaln\u0105 histori\u0119, codzienne losy mieszka\u0144c\u00f3w, ich pasje, prac\u0119 i marzenia. Ka\u017cda pami\u0105tka, fotografia czy opowie\u015b\u0107 niesie","inLanguage":"pl-PL","isPartOf":{"@id":"https:\/\/www.spkatarzyna.pl\/#website"},"breadcrumb":{"@id":"https:\/\/www.spkatarzyna.pl\/index.php\/2026\/03\/13\/zwiedzanie-wystawy-terra-nostra\/#breadcrumblist"},"author":{"@id":"https:\/\/www.spkatarzyna.pl\/index.php\/author\/agatasafianspkatarzyna-pl\/#author"},"creator":{"@id":"https:\/\/www.spkatarzyna.pl\/index.php\/author\/agatasafianspkatarzyna-pl\/#author"},"image":{"@type":"ImageObject","url":"https:\/\/www.spkatarzyna.pl\/wp-content\/uploads\/2026\/03\/21226-2.jpg","@id":"https:\/\/www.spkatarzyna.pl\/index.php\/2026\/03\/13\/zwiedzanie-wystawy-terra-nostra\/#mainImage","width":360,"height":202},"primaryImageOfPage":{"@id":"https:\/\/www.spkatarzyna.pl\/index.php\/2026\/03\/13\/zwiedzanie-wystawy-terra-nostra\/#mainImage"},"datePublished":"2026-03-13T13:22:19+01:00","dateModified":"2026-03-19T13:35:36+01:00"},{"@type":"WebSite","@id":"https:\/\/www.spkatarzyna.pl\/#website","url":"https:\/\/www.spkatarzyna.pl\/","name":"SP Katarzyna","description":"Publiczna Szko\u0142a Podstawowa w \u015awi\u0119tej Katarzynie","inLanguage":"pl-PL","publisher":{"@id":"https:\/\/www.spkatarzyna.pl\/#organization"}}]},"og:locale":"pl_PL","og:site_name":"SP Katarzyna - Publiczna Szko\u0142a Podstawowa w \u015awi\u0119tej Katarzynie","og:type":"article","og:title":"Zwiedzanie wystawy Terra Nostra - SP Katarzyna","og:description":"Uczniowie klasy 5b uczestniczyli w zwiedzaniu wystawy \u201eTerra Nostra\u201d w Izbie Pami\u0119ci w \u015awi\u0119tej Katarzynie. Po ekspozycji oprowadzi\u0142a ich pani Teresa Budziar, przybli\u017caj\u0105c histori\u0119 oraz znaczenie zgromadzonych tam pami\u0105tek. Izba Pami\u0119ci to przestrze\u0144 stworzona by ocali\u0107 od zapomnienia lokaln\u0105 histori\u0119, codzienne losy mieszka\u0144c\u00f3w, ich pasje, prac\u0119 i marzenia. Ka\u017cda pami\u0105tka, fotografia czy opowie\u015b\u0107 niesie","og:url":"https:\/\/www.spkatarzyna.pl\/index.php\/2026\/03\/13\/zwiedzanie-wystawy-terra-nostra\/","article:published_time":"2026-03-13T13:22:19+00:00","article:modified_time":"2026-03-19T13:35:36+00:00","twitter:card":"summary_large_image","twitter:title":"Zwiedzanie wystawy Terra Nostra - SP Katarzyna","twitter:description":"Uczniowie klasy 5b uczestniczyli w zwiedzaniu wystawy \u201eTerra Nostra\u201d w Izbie Pami\u0119ci w \u015awi\u0119tej Katarzynie. Po ekspozycji oprowadzi\u0142a ich pani Teresa Budziar, przybli\u017caj\u0105c histori\u0119 oraz znaczenie zgromadzonych tam pami\u0105tek. Izba Pami\u0119ci to przestrze\u0144 stworzona by ocali\u0107 od zapomnienia lokaln\u0105 histori\u0119, codzienne losy mieszka\u0144c\u00f3w, ich pasje, prac\u0119 i marzenia. Ka\u017cda pami\u0105tka, fotografia czy opowie\u015b\u0107 niesie"},"aioseo_meta_data":{"post_id":"18852","title":null,"description":null,"keywords":null,"keyphrases":{"focus":{"keyphrase":"","score":0,"analysis":{"keyphraseInTitle":{"score":0,"maxScore":9,"error":1}}},"additional":[]},"primary_term":null,"canonical_url":null,"og_title":null,"og_description":null,"og_object_type":"default","og_image_type":"default","og_image_url":null,"og_image_width":null,"og_image_height":null,"og_image_custom_url":null,"og_image_custom_fields":null,"og_video":"","og_custom_url":null,"og_article_section":null,"og_article_tags":null,"twitter_use_og":false,"twitter_card":"default","twitter_image_type":"default","twitter_image_url":null,"twitter_image_custom_url":null,"twitter_image_custom_fields":null,"twitter_title":null,"twitter_description":null,"schema":{"blockGraphs":[],"customGraphs":[],"default":{"data":{"Article":[],"Course":[],"Dataset":[],"FAQPage":[],"Movie":[],"Person":[],"Product":[],"ProductReview":[],"Car":[],"Recipe":[],"Service":[],"SoftwareApplication":[],"WebPage":[]},"graphName":"BlogPosting","isEnabled":true},"graphs":[]},"schema_type":"default","schema_type_options":null,"pillar_content":false,"robots_default":true,"robots_noindex":false,"robots_noarchive":false,"robots_nosnippet":false,"robots_nofollow":false,"robots_noimageindex":false,"robots_noodp":false,"robots_notranslate":false,"robots_max_snippet":"-1","robots_max_videopreview":"-1","robots_max_imagepreview":"large","priority":null,"frequency":"default","local_seo":null,"limit_modified_date":false,"created":"2026-03-19 13:24:43","updated":"2026-09-03 17:49:06","focus_keyword":null,"additional_keywords":null,"truseo_locale":null,"ai":null,"breadcrumb_settings":null,"seo_analyzer_scan_date":null},"aioseo_breadcrumb":"<div class=\"aioseo-breadcrumbs\"><span class=\"aioseo-breadcrumb\">\n\t\t\t<a href=\"https:\/\/www.spkatarzyna.pl\" title=\"Dom\">Dom<\/a>\n\t\t<\/span><span class=\"aioseo-breadcrumb-separator\">&raquo;<\/span><span class=\"aioseo-breadcrumb\">\n\t\t\t<a href=\"https:\/\/www.spkatarzyna.pl\/index.php\/category\/uncategorized\/\" title=\"Uncategorized\">Uncategorized<\/a>\n\t\t<\/span><span class=\"aioseo-breadcrumb-separator\">&raquo;<\/span><span class=\"aioseo-breadcrumb\">\n\t\t\tZwiedzanie wystawy Terra Nostra\n\t\t<\/span><\/div>","aioseo_breadcrumb_json":[{"label":"Dom","link":"https:\/\/www.spkatarzyna.pl"},{"label":"Uncategorized","link":"https:\/\/www.spkatarzyna.pl\/index.php\/category\/uncategorized\/"},{"label":"Zwiedzanie wystawy Terra Nostra","link":"https:\/\/www.spkatarzyna.pl\/index.php\/2026\/03\/13\/zwiedzanie-wystawy-terra-nostra\/"}],"_links":{"self":[{"href":"https:\/\/www.spkatarzyna.pl\/index.php\/wp-json\/wp\/v2\/posts\/18852","targetHints":{"allow":["GET"]}}],"collection":[{"href":"https:\/\/www.spkatarzyna.pl\/index.php\/wp-json\/wp\/v2\/posts"}],"about":[{"href":"https:\/\/www.spkatarzyna.pl\/index.php\/wp-json\/wp\/v2\/types\/post"}],"author":[{"embeddable":true,"href":"https:\/\/www.spkatarzyna.pl\/index.php\/wp-json\/wp\/v2\/users\/6"}],"replies":[{"embeddable":true,"href":"https:\/\/www.spkatarzyna.pl\/index.php\/wp-json\/wp\/v2\/comments?post=18852"}],"version-history":[{"count":4,"href":"https:\/\/www.spkatarzyna.pl\/index.php\/wp-json\/wp\/v2\/posts\/18852\/revisions"}],"predecessor-version":[{"id":18865,"href":"https:\/\/www.spkatarzyna.pl\/index.php\/wp-json\/wp\/v2\/posts\/18852\/revisions\/18865"}],"wp:featuredmedia":[{"embeddable":true,"href":"https:\/\/www.spkatarzyna.pl\/index.php\/wp-json\/wp\/v2\/media\/18853"}],"wp:attachment":[{"href":"https:\/\/www.spkatarzyna.pl\/index.php\/wp-json\/wp\/v2\/media?parent=18852"}],"wp:term":[{"taxonomy":"category","embeddable":true,"href":"https:\/\/www.spkatarzyna.pl\/index.php\/wp-json\/wp\/v2\/categories?post=18852"},{"taxonomy":"post_tag","embeddable":true,"href":"https:\/\/www.spkatarzyna.pl\/index.php\/wp-json\/wp\/v2\/tags?post=18852"}],"curies":[{"name":"wp","href":"https:\/\/api.w.org\/{rel}","templated":true}]}}