{"id":18866,"date":"2026-03-19T16:59:30","date_gmt":"2026-03-19T16:59:30","guid":{"rendered":"https:\/\/www.spkatarzyna.pl\/?p=18866"},"modified":"2026-03-19T17:11:44","modified_gmt":"2026-03-19T17:11:44","slug":"5b-w-muzeum-iluzji","status":"publish","type":"post","link":"https:\/\/www.spkatarzyna.pl\/index.php\/2026\/03\/19\/5b-w-muzeum-iluzji\/","title":{"rendered":"5b w Muzeum Iluzji"},"content":{"rendered":"\t\t<div data-elementor-type=\"wp-post\" data-elementor-id=\"18866\" class=\"elementor elementor-18866\">\n\t\t\t\t<div class=\"elementor-element elementor-element-45a8e073 e-flex e-con-boxed e-con e-parent\" data-id=\"45a8e073\" data-element_type=\"container\">\n\t\t\t\t\t<div class=\"e-con-inner\">\n\t\t\t\t<div class=\"elementor-element elementor-element-6da29aea elementor-widget elementor-widget-text-editor\" data-id=\"6da29aea\" data-element_type=\"widget\" data-widget_type=\"text-editor.default\">\n\t\t\t\t\t\t\t\t\t<div dir=\"auto\" style=\"text-align: justify;\"><span style=\"font-size: 14pt;\">W dniu 18.03.2026r uczniowie klasy 5b odwiedzili Muzeum Iluzji we Wroc\u0142awiu, gdzie mieli okazj\u0119 przenie\u015b\u0107 si\u0119 w \u015bwiat z\u0142udze\u0144 optycznych. Wizyta by\u0142a nie tylko \u015bwietn\u0105 zabaw\u0105, ale r\u00f3wnie\u017c cenn\u0105 lekcj\u0105, kt\u00f3ra pozwoli\u0142a lepiej zrozumie\u0107, jak dzia\u0142a ludzki wzrok i umys\u0142.<\/span><\/div>\r\n<div dir=\"auto\">\r\n<p dir=\"ltr\" style=\"text-align: justify;\"><span style=\"font-size: 14pt;\">Podczas zwiedzania uczniowie uczestniczyli w r\u00f3\u017cnych do\u015bwiadczeniach. Mogli zobaczy\u0107, jak \u0142atwo nasze zmys\u0142y daj\u0105 si\u0119 oszuka\u0107 oraz przekona\u0107 si\u0119, \u017ce rzeczywisto\u015b\u0107 nie zawsze jest taka, jak\u0105 si\u0119 wydaje.<\/span><\/p>\r\n<p style=\"text-align: right;\"><span style=\"font-size: 14pt;\">Magdalena Zato\u0144<\/span><\/p>\r\n\r\n<\/div>\t\t\t\t\t\t\t\t<\/div>\n\t\t\t\t<div class=\"elementor-element elementor-element-08b439d elementor-widget elementor-widget-image-gallery\" data-id=\"08b439d\" data-element_type=\"widget\" data-widget_type=\"image-gallery.default\">\n\t\t\t\t\t\t\t<div class=\"elementor-image-gallery\">\n\t\t\t\n\t\t<div id='gallery-1' class='gallery galleryid-18866 gallery-columns-5 gallery-size-thumbnail gallery1'><script type=\"text\/javascript\">\n\/\/ <![CDATA[\n\tjQuery(document).ready(function () {\n\t\tjQuery(\".gallery1 a\").attr(\"rel\",\"gallery1\");\t\n\t\tjQuery('a[rel=\"gallery1\"]').colorbox({title: function(){ return jQuery(this).children().attr(\"alt\"); }});\n\t});\n\/\/ ]]>\n<\/script>\n<dl class=\"gallery-item\">\n<dt class=\"gallery-icon\">\n<a href=\"https:\/\/www.spkatarzyna.pl\/wp-content\/uploads\/2026\/03\/21580-225x300.jpg\" title=\"\" rel=\"gallery1\" rel=\"lightbox[18866]\"><img decoding=\"async\" src=\"https:\/\/www.spkatarzyna.pl\/wp-content\/uploads\/2026\/03\/21580-150x150.jpg\" width=\"150\" height=\"150\" alt=\"\" \/><\/a>\n<\/dt><\/dl><dl class=\"gallery-item\">\n<dt class=\"gallery-icon\">\n<a href=\"https:\/\/www.spkatarzyna.pl\/wp-content\/uploads\/2026\/03\/21583-225x300.jpg\" title=\"\" rel=\"gallery1\" rel=\"lightbox[18866]\"><img decoding=\"async\" src=\"https:\/\/www.spkatarzyna.pl\/wp-content\/uploads\/2026\/03\/21583-150x150.jpg\" width=\"150\" height=\"150\" alt=\"\" \/><\/a>\n<\/dt><\/dl><dl class=\"gallery-item\">\n<dt class=\"gallery-icon\">\n<a href=\"https:\/\/www.spkatarzyna.pl\/wp-content\/uploads\/2026\/03\/21586-300x225.jpg\" title=\"\" rel=\"gallery1\" rel=\"lightbox[18866]\"><img decoding=\"async\" src=\"https:\/\/www.spkatarzyna.pl\/wp-content\/uploads\/2026\/03\/21586-150x150.jpg\" width=\"150\" height=\"150\" alt=\"\" \/><\/a>\n<\/dt><\/dl><dl class=\"gallery-item\">\n<dt class=\"gallery-icon\">\n<a href=\"https:\/\/www.spkatarzyna.pl\/wp-content\/uploads\/2026\/03\/21590-225x300.jpg\" title=\"\" rel=\"gallery1\" rel=\"lightbox[18866]\"><img loading=\"lazy\" decoding=\"async\" src=\"https:\/\/www.spkatarzyna.pl\/wp-content\/uploads\/2026\/03\/21590-150x150.jpg\" width=\"150\" height=\"150\" alt=\"\" \/><\/a>\n<\/dt><\/dl><dl class=\"gallery-item\">\n<dt class=\"gallery-icon\">\n<a href=\"https:\/\/www.spkatarzyna.pl\/wp-content\/uploads\/2026\/03\/21600-225x300.jpg\" title=\"\" rel=\"gallery1\" rel=\"lightbox[18866]\"><img loading=\"lazy\" decoding=\"async\" src=\"https:\/\/www.spkatarzyna.pl\/wp-content\/uploads\/2026\/03\/21600-150x150.jpg\" width=\"150\" height=\"150\" alt=\"\" \/><\/a>\n<\/dt><\/dl><br style=\"clear: both\" \/><dl class=\"gallery-item\">\n<dt class=\"gallery-icon\">\n<a href=\"https:\/\/www.spkatarzyna.pl\/wp-content\/uploads\/2026\/03\/21607-225x300.jpg\" title=\"\" rel=\"gallery1\" rel=\"lightbox[18866]\"><img loading=\"lazy\" decoding=\"async\" src=\"https:\/\/www.spkatarzyna.pl\/wp-content\/uploads\/2026\/03\/21607-150x150.jpg\" width=\"150\" height=\"150\" alt=\"\" \/><\/a>\n<\/dt><\/dl><dl class=\"gallery-item\">\n<dt class=\"gallery-icon\">\n<a href=\"https:\/\/www.spkatarzyna.pl\/wp-content\/uploads\/2026\/03\/21615-225x300.jpg\" title=\"\" rel=\"gallery1\" rel=\"lightbox[18866]\"><img loading=\"lazy\" decoding=\"async\" src=\"https:\/\/www.spkatarzyna.pl\/wp-content\/uploads\/2026\/03\/21615-150x150.jpg\" width=\"150\" height=\"150\" alt=\"\" \/><\/a>\n<\/dt><\/dl><dl class=\"gallery-item\">\n<dt class=\"gallery-icon\">\n<a href=\"https:\/\/www.spkatarzyna.pl\/wp-content\/uploads\/2026\/03\/21617-225x300.jpg\" title=\"\" rel=\"gallery1\" rel=\"lightbox[18866]\"><img loading=\"lazy\" decoding=\"async\" src=\"https:\/\/www.spkatarzyna.pl\/wp-content\/uploads\/2026\/03\/21617-150x150.jpg\" width=\"150\" height=\"150\" alt=\"\" \/><\/a>\n<\/dt><\/dl><dl class=\"gallery-item\">\n<dt class=\"gallery-icon\">\n<a href=\"https:\/\/www.spkatarzyna.pl\/wp-content\/uploads\/2026\/03\/21627-225x300.jpg\" title=\"\" rel=\"gallery1\" rel=\"lightbox[18866]\"><img loading=\"lazy\" decoding=\"async\" src=\"https:\/\/www.spkatarzyna.pl\/wp-content\/uploads\/2026\/03\/21627-150x150.jpg\" width=\"150\" height=\"150\" alt=\"\" \/><\/a>\n<\/dt><\/dl><dl class=\"gallery-item\">\n<dt class=\"gallery-icon\">\n<a href=\"https:\/\/www.spkatarzyna.pl\/wp-content\/uploads\/2026\/03\/21635-225x300.jpg\" title=\"\" rel=\"gallery1\" rel=\"lightbox[18866]\"><img loading=\"lazy\" decoding=\"async\" src=\"https:\/\/www.spkatarzyna.pl\/wp-content\/uploads\/2026\/03\/21635-150x150.jpg\" width=\"150\" height=\"150\" alt=\"\" \/><\/a>\n<\/dt><\/dl><br style=\"clear: both\" \/><br style=\"clear: both\" \/><\/div>\t\t<\/div>\n\t\t\t\t\t\t<\/div>\n\t\t\t\t\t<\/div>\n\t\t\t\t<\/div>\n\t\t\t\t<\/div>\n\t\t","protected":false},"excerpt":{"rendered":"<p>W dniu 18.03.2026r uczniowie klasy 5b odwiedzili Muzeum Iluzji we Wroc\u0142awiu, gdzie mieli okazj\u0119 przenie\u015b\u0107 si\u0119 w \u015bwiat z\u0142udze\u0144 optycznych. Wizyta by\u0142a nie tylko \u015bwietn\u0105 zabaw\u0105, ale r\u00f3wnie\u017c cenn\u0105 lekcj\u0105, kt\u00f3ra pozwoli\u0142a lepiej zrozumie\u0107, jak dzia\u0142a ludzki wzrok i umys\u0142. Podczas zwiedzania uczniowie uczestniczyli w r\u00f3\u017cnych do\u015bwiadczeniach. Mogli zobaczy\u0107, jak [&hellip;]<\/p>\n","protected":false},"author":6,"featured_media":18867,"comment_status":"open","ping_status":"open","sticky":false,"template":"","format":"standard","meta":{"om_disable_all_campaigns":false,"_monsterinsights_skip_tracking":false,"ngg_post_thumbnail":0,"footnotes":""},"categories":[1],"tags":[],"class_list":["post-18866","post","type-post","status-publish","format-standard","has-post-thumbnail","hentry","category-uncategorized"],"aioseo_notices":[],"aioseo_head":"\n\t\t<!-- All in One SEO 5.0.1.1 - aioseo.com -->\n\t<meta name=\"description\" content=\"W dniu 18.03.2026r uczniowie klasy 5b odwiedzili Muzeum Iluzji we Wroc\u0142awiu, gdzie mieli okazj\u0119 przenie\u015b\u0107 si\u0119 w \u015bwiat z\u0142udze\u0144 optycznych. Wizyta by\u0142a nie tylko \u015bwietn\u0105 zabaw\u0105, ale r\u00f3wnie\u017c cenn\u0105 lekcj\u0105, kt\u00f3ra pozwoli\u0142a lepiej zrozumie\u0107, jak dzia\u0142a ludzki wzrok i umys\u0142. Podczas zwiedzania uczniowie uczestniczyli w r\u00f3\u017cnych do\u015bwiadczeniach. Mogli zobaczy\u0107, jak \u0142atwo nasze zmys\u0142y daj\u0105 si\u0119\" \/>\n\t<meta name=\"robots\" content=\"max-image-preview:large\" \/>\n\t<meta name=\"author\" content=\"Redakcja\"\/>\n\t<link rel=\"canonical\" href=\"https:\/\/www.spkatarzyna.pl\/index.php\/2026\/03\/19\/5b-w-muzeum-iluzji\/\" \/>\n\t<meta name=\"generator\" content=\"All in One SEO (AIOSEO) 5.0.1.1\" \/>\n\t\t<meta property=\"og:locale\" content=\"pl_PL\" \/>\n\t\t<meta property=\"og:site_name\" content=\"SP Katarzyna - Publiczna Szko\u0142a Podstawowa w \u015awi\u0119tej Katarzynie\" \/>\n\t\t<meta property=\"og:type\" content=\"article\" \/>\n\t\t<meta property=\"og:title\" content=\"5b w Muzeum Iluzji - SP Katarzyna\" \/>\n\t\t<meta property=\"og:description\" content=\"W dniu 18.03.2026r uczniowie klasy 5b odwiedzili Muzeum Iluzji we Wroc\u0142awiu, gdzie mieli okazj\u0119 przenie\u015b\u0107 si\u0119 w \u015bwiat z\u0142udze\u0144 optycznych. Wizyta by\u0142a nie tylko \u015bwietn\u0105 zabaw\u0105, ale r\u00f3wnie\u017c cenn\u0105 lekcj\u0105, kt\u00f3ra pozwoli\u0142a lepiej zrozumie\u0107, jak dzia\u0142a ludzki wzrok i umys\u0142. Podczas zwiedzania uczniowie uczestniczyli w r\u00f3\u017cnych do\u015bwiadczeniach. Mogli zobaczy\u0107, jak \u0142atwo nasze zmys\u0142y daj\u0105 si\u0119\" \/>\n\t\t<meta property=\"og:url\" content=\"https:\/\/www.spkatarzyna.pl\/index.php\/2026\/03\/19\/5b-w-muzeum-iluzji\/\" \/>\n\t\t<meta property=\"article:published_time\" content=\"2026-03-19T16:59:30+00:00\" \/>\n\t\t<meta property=\"article:modified_time\" content=\"2026-03-19T17:11:44+00:00\" \/>\n\t\t<meta name=\"twitter:card\" content=\"summary_large_image\" \/>\n\t\t<meta name=\"twitter:title\" content=\"5b w Muzeum Iluzji - SP Katarzyna\" \/>\n\t\t<meta name=\"twitter:description\" content=\"W dniu 18.03.2026r uczniowie klasy 5b odwiedzili Muzeum Iluzji we Wroc\u0142awiu, gdzie mieli okazj\u0119 przenie\u015b\u0107 si\u0119 w \u015bwiat z\u0142udze\u0144 optycznych. Wizyta by\u0142a nie tylko \u015bwietn\u0105 zabaw\u0105, ale r\u00f3wnie\u017c cenn\u0105 lekcj\u0105, kt\u00f3ra pozwoli\u0142a lepiej zrozumie\u0107, jak dzia\u0142a ludzki wzrok i umys\u0142. Podczas zwiedzania uczniowie uczestniczyli w r\u00f3\u017cnych do\u015bwiadczeniach. Mogli zobaczy\u0107, jak \u0142atwo nasze zmys\u0142y daj\u0105 si\u0119\" \/>\n\t\t<script type=\"application\/ld+json\" class=\"aioseo-schema\">\n\t\t\t{\"@context\":\"https:\\\/\\\/schema.org\",\"@graph\":[{\"@type\":\"BlogPosting\",\"@id\":\"https:\\\/\\\/www.spkatarzyna.pl\\\/index.php\\\/2026\\\/03\\\/19\\\/5b-w-muzeum-iluzji\\\/#blogposting\",\"name\":\"5b w Muzeum Iluzji - SP Katarzyna\",\"headline\":\"5b w Muzeum Iluzji\",\"author\":{\"@id\":\"https:\\\/\\\/www.spkatarzyna.pl\\\/index.php\\\/author\\\/agatasafianspkatarzyna-pl\\\/#author\"},\"publisher\":{\"@id\":\"https:\\\/\\\/www.spkatarzyna.pl\\\/#organization\"},\"image\":{\"@type\":\"ImageObject\",\"url\":\"https:\\\/\\\/www.spkatarzyna.pl\\\/wp-content\\\/uploads\\\/2026\\\/03\\\/21586-2.jpg\",\"width\":360,\"height\":202},\"datePublished\":\"2026-03-19T16:59:30+01:00\",\"dateModified\":\"2026-03-19T17:11:44+01:00\",\"inLanguage\":\"pl-PL\",\"mainEntityOfPage\":{\"@id\":\"https:\\\/\\\/www.spkatarzyna.pl\\\/index.php\\\/2026\\\/03\\\/19\\\/5b-w-muzeum-iluzji\\\/#webpage\"},\"isPartOf\":{\"@id\":\"https:\\\/\\\/www.spkatarzyna.pl\\\/index.php\\\/2026\\\/03\\\/19\\\/5b-w-muzeum-iluzji\\\/#webpage\"},\"articleSection\":\"Uncategorized\"},{\"@type\":\"BreadcrumbList\",\"@id\":\"https:\\\/\\\/www.spkatarzyna.pl\\\/index.php\\\/2026\\\/03\\\/19\\\/5b-w-muzeum-iluzji\\\/#breadcrumblist\",\"itemListElement\":[{\"@type\":\"ListItem\",\"@id\":\"https:\\\/\\\/www.spkatarzyna.pl#listItem\",\"position\":1,\"name\":\"Dom\",\"item\":\"https:\\\/\\\/www.spkatarzyna.pl\",\"nextItem\":{\"@type\":\"ListItem\",\"@id\":\"https:\\\/\\\/www.spkatarzyna.pl\\\/index.php\\\/category\\\/uncategorized\\\/#listItem\",\"name\":\"Uncategorized\"}},{\"@type\":\"ListItem\",\"@id\":\"https:\\\/\\\/www.spkatarzyna.pl\\\/index.php\\\/category\\\/uncategorized\\\/#listItem\",\"position\":2,\"name\":\"Uncategorized\",\"item\":\"https:\\\/\\\/www.spkatarzyna.pl\\\/index.php\\\/category\\\/uncategorized\\\/\",\"nextItem\":{\"@type\":\"ListItem\",\"@id\":\"https:\\\/\\\/www.spkatarzyna.pl\\\/index.php\\\/2026\\\/03\\\/19\\\/5b-w-muzeum-iluzji\\\/#listItem\",\"name\":\"5b w Muzeum Iluzji\"},\"previousItem\":{\"@type\":\"ListItem\",\"@id\":\"https:\\\/\\\/www.spkatarzyna.pl#listItem\",\"name\":\"Dom\"}},{\"@type\":\"ListItem\",\"@id\":\"https:\\\/\\\/www.spkatarzyna.pl\\\/index.php\\\/2026\\\/03\\\/19\\\/5b-w-muzeum-iluzji\\\/#listItem\",\"position\":3,\"name\":\"5b w Muzeum Iluzji\",\"previousItem\":{\"@type\":\"ListItem\",\"@id\":\"https:\\\/\\\/www.spkatarzyna.pl\\\/index.php\\\/category\\\/uncategorized\\\/#listItem\",\"name\":\"Uncategorized\"}}]},{\"@type\":\"Organization\",\"@id\":\"https:\\\/\\\/www.spkatarzyna.pl\\\/#organization\",\"name\":\"SP Katarzyna\",\"description\":\"Publiczna Szko\\u0142a Podstawowa w \\u015awi\\u0119tej Katarzynie\",\"url\":\"https:\\\/\\\/www.spkatarzyna.pl\\\/\",\"telephone\":\"+48713116378\",\"sameAs\":[\"https:\\\/\\\/facebook.com\\\/\",\"https:\\\/\\\/x.com\\\/\",\"https:\\\/\\\/instagram.com\\\/\",\"https:\\\/\\\/pinterest.com\\\/\",\"https:\\\/\\\/youtube.com\\\/\",\"https:\\\/\\\/linkedin.com\\\/in\\\/\"]},{\"@type\":\"Person\",\"@id\":\"https:\\\/\\\/www.spkatarzyna.pl\\\/index.php\\\/author\\\/agatasafianspkatarzyna-pl\\\/#author\",\"url\":\"https:\\\/\\\/www.spkatarzyna.pl\\\/index.php\\\/author\\\/agatasafianspkatarzyna-pl\\\/\",\"name\":\"Redakcja\",\"image\":{\"@type\":\"ImageObject\",\"@id\":\"https:\\\/\\\/www.spkatarzyna.pl\\\/index.php\\\/2026\\\/03\\\/19\\\/5b-w-muzeum-iluzji\\\/#authorImage\",\"url\":\"https:\\\/\\\/secure.gravatar.com\\\/avatar\\\/765290513df94d442152250e92b42327?s=96&d=mm&r=g\",\"width\":96,\"height\":96,\"caption\":\"Redakcja\"}},{\"@type\":\"WebPage\",\"@id\":\"https:\\\/\\\/www.spkatarzyna.pl\\\/index.php\\\/2026\\\/03\\\/19\\\/5b-w-muzeum-iluzji\\\/#webpage\",\"url\":\"https:\\\/\\\/www.spkatarzyna.pl\\\/index.php\\\/2026\\\/03\\\/19\\\/5b-w-muzeum-iluzji\\\/\",\"name\":\"5b w Muzeum Iluzji - SP Katarzyna\",\"description\":\"W dniu 18.03.2026r uczniowie klasy 5b odwiedzili Muzeum Iluzji we Wroc\\u0142awiu, gdzie mieli okazj\\u0119 przenie\\u015b\\u0107 si\\u0119 w \\u015bwiat z\\u0142udze\\u0144 optycznych. Wizyta by\\u0142a nie tylko \\u015bwietn\\u0105 zabaw\\u0105, ale r\\u00f3wnie\\u017c cenn\\u0105 lekcj\\u0105, kt\\u00f3ra pozwoli\\u0142a lepiej zrozumie\\u0107, jak dzia\\u0142a ludzki wzrok i umys\\u0142. Podczas zwiedzania uczniowie uczestniczyli w r\\u00f3\\u017cnych do\\u015bwiadczeniach. Mogli zobaczy\\u0107, jak \\u0142atwo nasze zmys\\u0142y daj\\u0105 si\\u0119\",\"inLanguage\":\"pl-PL\",\"isPartOf\":{\"@id\":\"https:\\\/\\\/www.spkatarzyna.pl\\\/#website\"},\"breadcrumb\":{\"@id\":\"https:\\\/\\\/www.spkatarzyna.pl\\\/index.php\\\/2026\\\/03\\\/19\\\/5b-w-muzeum-iluzji\\\/#breadcrumblist\"},\"author\":{\"@id\":\"https:\\\/\\\/www.spkatarzyna.pl\\\/index.php\\\/author\\\/agatasafianspkatarzyna-pl\\\/#author\"},\"creator\":{\"@id\":\"https:\\\/\\\/www.spkatarzyna.pl\\\/index.php\\\/author\\\/agatasafianspkatarzyna-pl\\\/#author\"},\"image\":{\"@type\":\"ImageObject\",\"url\":\"https:\\\/\\\/www.spkatarzyna.pl\\\/wp-content\\\/uploads\\\/2026\\\/03\\\/21586-2.jpg\",\"@id\":\"https:\\\/\\\/www.spkatarzyna.pl\\\/index.php\\\/2026\\\/03\\\/19\\\/5b-w-muzeum-iluzji\\\/#mainImage\",\"width\":360,\"height\":202},\"primaryImageOfPage\":{\"@id\":\"https:\\\/\\\/www.spkatarzyna.pl\\\/index.php\\\/2026\\\/03\\\/19\\\/5b-w-muzeum-iluzji\\\/#mainImage\"},\"datePublished\":\"2026-03-19T16:59:30+01:00\",\"dateModified\":\"2026-03-19T17:11:44+01:00\"},{\"@type\":\"WebSite\",\"@id\":\"https:\\\/\\\/www.spkatarzyna.pl\\\/#website\",\"url\":\"https:\\\/\\\/www.spkatarzyna.pl\\\/\",\"name\":\"SP Katarzyna\",\"description\":\"Publiczna Szko\\u0142a Podstawowa w \\u015awi\\u0119tej Katarzynie\",\"inLanguage\":\"pl-PL\",\"publisher\":{\"@id\":\"https:\\\/\\\/www.spkatarzyna.pl\\\/#organization\"}}]}\n\t\t<\/script>\n\t\t<!-- All in One SEO -->\n\n","aioseo_head_json":{"title":"5b w Muzeum Iluzji - SP Katarzyna","description":"W dniu 18.03.2026r uczniowie klasy 5b odwiedzili Muzeum Iluzji we Wroc\u0142awiu, gdzie mieli okazj\u0119 przenie\u015b\u0107 si\u0119 w \u015bwiat z\u0142udze\u0144 optycznych. Wizyta by\u0142a nie tylko \u015bwietn\u0105 zabaw\u0105, ale r\u00f3wnie\u017c cenn\u0105 lekcj\u0105, kt\u00f3ra pozwoli\u0142a lepiej zrozumie\u0107, jak dzia\u0142a ludzki wzrok i umys\u0142. Podczas zwiedzania uczniowie uczestniczyli w r\u00f3\u017cnych do\u015bwiadczeniach. Mogli zobaczy\u0107, jak \u0142atwo nasze zmys\u0142y daj\u0105 si\u0119","canonical_url":"https:\/\/www.spkatarzyna.pl\/index.php\/2026\/03\/19\/5b-w-muzeum-iluzji\/","robots":"max-image-preview:large","keywords":"","webmasterTools":{"miscellaneous":""},"schema":{"@context":"https:\/\/schema.org","@graph":[{"@type":"BlogPosting","@id":"https:\/\/www.spkatarzyna.pl\/index.php\/2026\/03\/19\/5b-w-muzeum-iluzji\/#blogposting","name":"5b w Muzeum Iluzji - SP Katarzyna","headline":"5b w Muzeum Iluzji","author":{"@id":"https:\/\/www.spkatarzyna.pl\/index.php\/author\/agatasafianspkatarzyna-pl\/#author"},"publisher":{"@id":"https:\/\/www.spkatarzyna.pl\/#organization"},"image":{"@type":"ImageObject","url":"https:\/\/www.spkatarzyna.pl\/wp-content\/uploads\/2026\/03\/21586-2.jpg","width":360,"height":202},"datePublished":"2026-03-19T16:59:30+01:00","dateModified":"2026-03-19T17:11:44+01:00","inLanguage":"pl-PL","mainEntityOfPage":{"@id":"https:\/\/www.spkatarzyna.pl\/index.php\/2026\/03\/19\/5b-w-muzeum-iluzji\/#webpage"},"isPartOf":{"@id":"https:\/\/www.spkatarzyna.pl\/index.php\/2026\/03\/19\/5b-w-muzeum-iluzji\/#webpage"},"articleSection":"Uncategorized"},{"@type":"BreadcrumbList","@id":"https:\/\/www.spkatarzyna.pl\/index.php\/2026\/03\/19\/5b-w-muzeum-iluzji\/#breadcrumblist","itemListElement":[{"@type":"ListItem","@id":"https:\/\/www.spkatarzyna.pl#listItem","position":1,"name":"Dom","item":"https:\/\/www.spkatarzyna.pl","nextItem":{"@type":"ListItem","@id":"https:\/\/www.spkatarzyna.pl\/index.php\/category\/uncategorized\/#listItem","name":"Uncategorized"}},{"@type":"ListItem","@id":"https:\/\/www.spkatarzyna.pl\/index.php\/category\/uncategorized\/#listItem","position":2,"name":"Uncategorized","item":"https:\/\/www.spkatarzyna.pl\/index.php\/category\/uncategorized\/","nextItem":{"@type":"ListItem","@id":"https:\/\/www.spkatarzyna.pl\/index.php\/2026\/03\/19\/5b-w-muzeum-iluzji\/#listItem","name":"5b w Muzeum Iluzji"},"previousItem":{"@type":"ListItem","@id":"https:\/\/www.spkatarzyna.pl#listItem","name":"Dom"}},{"@type":"ListItem","@id":"https:\/\/www.spkatarzyna.pl\/index.php\/2026\/03\/19\/5b-w-muzeum-iluzji\/#listItem","position":3,"name":"5b w Muzeum Iluzji","previousItem":{"@type":"ListItem","@id":"https:\/\/www.spkatarzyna.pl\/index.php\/category\/uncategorized\/#listItem","name":"Uncategorized"}}]},{"@type":"Organization","@id":"https:\/\/www.spkatarzyna.pl\/#organization","name":"SP Katarzyna","description":"Publiczna Szko\u0142a Podstawowa w \u015awi\u0119tej Katarzynie","url":"https:\/\/www.spkatarzyna.pl\/","telephone":"+48713116378","sameAs":["https:\/\/facebook.com\/","https:\/\/x.com\/","https:\/\/instagram.com\/","https:\/\/pinterest.com\/","https:\/\/youtube.com\/","https:\/\/linkedin.com\/in\/"]},{"@type":"Person","@id":"https:\/\/www.spkatarzyna.pl\/index.php\/author\/agatasafianspkatarzyna-pl\/#author","url":"https:\/\/www.spkatarzyna.pl\/index.php\/author\/agatasafianspkatarzyna-pl\/","name":"Redakcja","image":{"@type":"ImageObject","@id":"https:\/\/www.spkatarzyna.pl\/index.php\/2026\/03\/19\/5b-w-muzeum-iluzji\/#authorImage","url":"https:\/\/secure.gravatar.com\/avatar\/765290513df94d442152250e92b42327?s=96&d=mm&r=g","width":96,"height":96,"caption":"Redakcja"}},{"@type":"WebPage","@id":"https:\/\/www.spkatarzyna.pl\/index.php\/2026\/03\/19\/5b-w-muzeum-iluzji\/#webpage","url":"https:\/\/www.spkatarzyna.pl\/index.php\/2026\/03\/19\/5b-w-muzeum-iluzji\/","name":"5b w Muzeum Iluzji - SP Katarzyna","description":"W dniu 18.03.2026r uczniowie klasy 5b odwiedzili Muzeum Iluzji we Wroc\u0142awiu, gdzie mieli okazj\u0119 przenie\u015b\u0107 si\u0119 w \u015bwiat z\u0142udze\u0144 optycznych. Wizyta by\u0142a nie tylko \u015bwietn\u0105 zabaw\u0105, ale r\u00f3wnie\u017c cenn\u0105 lekcj\u0105, kt\u00f3ra pozwoli\u0142a lepiej zrozumie\u0107, jak dzia\u0142a ludzki wzrok i umys\u0142. Podczas zwiedzania uczniowie uczestniczyli w r\u00f3\u017cnych do\u015bwiadczeniach. Mogli zobaczy\u0107, jak \u0142atwo nasze zmys\u0142y daj\u0105 si\u0119","inLanguage":"pl-PL","isPartOf":{"@id":"https:\/\/www.spkatarzyna.pl\/#website"},"breadcrumb":{"@id":"https:\/\/www.spkatarzyna.pl\/index.php\/2026\/03\/19\/5b-w-muzeum-iluzji\/#breadcrumblist"},"author":{"@id":"https:\/\/www.spkatarzyna.pl\/index.php\/author\/agatasafianspkatarzyna-pl\/#author"},"creator":{"@id":"https:\/\/www.spkatarzyna.pl\/index.php\/author\/agatasafianspkatarzyna-pl\/#author"},"image":{"@type":"ImageObject","url":"https:\/\/www.spkatarzyna.pl\/wp-content\/uploads\/2026\/03\/21586-2.jpg","@id":"https:\/\/www.spkatarzyna.pl\/index.php\/2026\/03\/19\/5b-w-muzeum-iluzji\/#mainImage","width":360,"height":202},"primaryImageOfPage":{"@id":"https:\/\/www.spkatarzyna.pl\/index.php\/2026\/03\/19\/5b-w-muzeum-iluzji\/#mainImage"},"datePublished":"2026-03-19T16:59:30+01:00","dateModified":"2026-03-19T17:11:44+01:00"},{"@type":"WebSite","@id":"https:\/\/www.spkatarzyna.pl\/#website","url":"https:\/\/www.spkatarzyna.pl\/","name":"SP Katarzyna","description":"Publiczna Szko\u0142a Podstawowa w \u015awi\u0119tej Katarzynie","inLanguage":"pl-PL","publisher":{"@id":"https:\/\/www.spkatarzyna.pl\/#organization"}}]},"og:locale":"pl_PL","og:site_name":"SP Katarzyna - Publiczna Szko\u0142a Podstawowa w \u015awi\u0119tej Katarzynie","og:type":"article","og:title":"5b w Muzeum Iluzji - SP Katarzyna","og:description":"W dniu 18.03.2026r uczniowie klasy 5b odwiedzili Muzeum Iluzji we Wroc\u0142awiu, gdzie mieli okazj\u0119 przenie\u015b\u0107 si\u0119 w \u015bwiat z\u0142udze\u0144 optycznych. Wizyta by\u0142a nie tylko \u015bwietn\u0105 zabaw\u0105, ale r\u00f3wnie\u017c cenn\u0105 lekcj\u0105, kt\u00f3ra pozwoli\u0142a lepiej zrozumie\u0107, jak dzia\u0142a ludzki wzrok i umys\u0142. Podczas zwiedzania uczniowie uczestniczyli w r\u00f3\u017cnych do\u015bwiadczeniach. Mogli zobaczy\u0107, jak \u0142atwo nasze zmys\u0142y daj\u0105 si\u0119","og:url":"https:\/\/www.spkatarzyna.pl\/index.php\/2026\/03\/19\/5b-w-muzeum-iluzji\/","article:published_time":"2026-03-19T16:59:30+00:00","article:modified_time":"2026-03-19T17:11:44+00:00","twitter:card":"summary_large_image","twitter:title":"5b w Muzeum Iluzji - SP Katarzyna","twitter:description":"W dniu 18.03.2026r uczniowie klasy 5b odwiedzili Muzeum Iluzji we Wroc\u0142awiu, gdzie mieli okazj\u0119 przenie\u015b\u0107 si\u0119 w \u015bwiat z\u0142udze\u0144 optycznych. Wizyta by\u0142a nie tylko \u015bwietn\u0105 zabaw\u0105, ale r\u00f3wnie\u017c cenn\u0105 lekcj\u0105, kt\u00f3ra pozwoli\u0142a lepiej zrozumie\u0107, jak dzia\u0142a ludzki wzrok i umys\u0142. Podczas zwiedzania uczniowie uczestniczyli w r\u00f3\u017cnych do\u015bwiadczeniach. Mogli zobaczy\u0107, jak \u0142atwo nasze zmys\u0142y daj\u0105 si\u0119"},"aioseo_meta_data":{"post_id":"18866","title":null,"description":null,"keywords":null,"keyphrases":{"focus":{"keyphrase":"","score":0,"analysis":{"keyphraseInTitle":{"score":0,"maxScore":9,"error":1}}},"additional":[]},"primary_term":null,"canonical_url":null,"og_title":null,"og_description":null,"og_object_type":"default","og_image_type":"default","og_image_url":null,"og_image_width":null,"og_image_height":null,"og_image_custom_url":null,"og_image_custom_fields":null,"og_video":"","og_custom_url":null,"og_article_section":null,"og_article_tags":null,"twitter_use_og":false,"twitter_card":"default","twitter_image_type":"default","twitter_image_url":null,"twitter_image_custom_url":null,"twitter_image_custom_fields":null,"twitter_title":null,"twitter_description":null,"schema":{"blockGraphs":[],"customGraphs":[],"default":{"data":{"Article":[],"Course":[],"Dataset":[],"FAQPage":[],"Movie":[],"Person":[],"Product":[],"ProductReview":[],"Car":[],"Recipe":[],"Service":[],"SoftwareApplication":[],"WebPage":[]},"graphName":"BlogPosting","isEnabled":true},"graphs":[]},"schema_type":"default","schema_type_options":null,"pillar_content":false,"robots_default":true,"robots_noindex":false,"robots_noarchive":false,"robots_nosnippet":false,"robots_nofollow":false,"robots_noimageindex":false,"robots_noodp":false,"robots_notranslate":false,"robots_max_snippet":"-1","robots_max_videopreview":"-1","robots_max_imagepreview":"large","priority":null,"frequency":"default","local_seo":null,"limit_modified_date":false,"created":"2026-03-19 16:59:31","updated":"2026-09-03 17:50:57","focus_keyword":null,"additional_keywords":null,"truseo_locale":null,"ai":null,"breadcrumb_settings":null,"seo_analyzer_scan_date":null},"aioseo_breadcrumb":"<div class=\"aioseo-breadcrumbs\"><span class=\"aioseo-breadcrumb\">\n\t\t\t<a href=\"https:\/\/www.spkatarzyna.pl\" title=\"Dom\">Dom<\/a>\n\t\t<\/span><span class=\"aioseo-breadcrumb-separator\">&raquo;<\/span><span class=\"aioseo-breadcrumb\">\n\t\t\t<a href=\"https:\/\/www.spkatarzyna.pl\/index.php\/category\/uncategorized\/\" title=\"Uncategorized\">Uncategorized<\/a>\n\t\t<\/span><span class=\"aioseo-breadcrumb-separator\">&raquo;<\/span><span class=\"aioseo-breadcrumb\">\n\t\t\t5b w Muzeum Iluzji\n\t\t<\/span><\/div>","aioseo_breadcrumb_json":[{"label":"Dom","link":"https:\/\/www.spkatarzyna.pl"},{"label":"Uncategorized","link":"https:\/\/www.spkatarzyna.pl\/index.php\/category\/uncategorized\/"},{"label":"5b w Muzeum Iluzji","link":"https:\/\/www.spkatarzyna.pl\/index.php\/2026\/03\/19\/5b-w-muzeum-iluzji\/"}],"_links":{"self":[{"href":"https:\/\/www.spkatarzyna.pl\/index.php\/wp-json\/wp\/v2\/posts\/18866","targetHints":{"allow":["GET"]}}],"collection":[{"href":"https:\/\/www.spkatarzyna.pl\/index.php\/wp-json\/wp\/v2\/posts"}],"about":[{"href":"https:\/\/www.spkatarzyna.pl\/index.php\/wp-json\/wp\/v2\/types\/post"}],"author":[{"embeddable":true,"href":"https:\/\/www.spkatarzyna.pl\/index.php\/wp-json\/wp\/v2\/users\/6"}],"replies":[{"embeddable":true,"href":"https:\/\/www.spkatarzyna.pl\/index.php\/wp-json\/wp\/v2\/comments?post=18866"}],"version-history":[{"count":7,"href":"https:\/\/www.spkatarzyna.pl\/index.php\/wp-json\/wp\/v2\/posts\/18866\/revisions"}],"predecessor-version":[{"id":18898,"href":"https:\/\/www.spkatarzyna.pl\/index.php\/wp-json\/wp\/v2\/posts\/18866\/revisions\/18898"}],"wp:featuredmedia":[{"embeddable":true,"href":"https:\/\/www.spkatarzyna.pl\/index.php\/wp-json\/wp\/v2\/media\/18867"}],"wp:attachment":[{"href":"https:\/\/www.spkatarzyna.pl\/index.php\/wp-json\/wp\/v2\/media?parent=18866"}],"wp:term":[{"taxonomy":"category","embeddable":true,"href":"https:\/\/www.spkatarzyna.pl\/index.php\/wp-json\/wp\/v2\/categories?post=18866"},{"taxonomy":"post_tag","embeddable":true,"href":"https:\/\/www.spkatarzyna.pl\/index.php\/wp-json\/wp\/v2\/tags?post=18866"}],"curies":[{"name":"wp","href":"https:\/\/api.w.org\/{rel}","templated":true}]}}