{"id":18915,"date":"2026-03-20T12:11:53","date_gmt":"2026-03-20T12:11:53","guid":{"rendered":"https:\/\/www.spkatarzyna.pl\/?p=18915"},"modified":"2026-03-20T12:14:26","modified_gmt":"2026-03-20T12:14:26","slug":"projekt-juz-wiem-kim-zostane-4","status":"publish","type":"post","link":"https:\/\/www.spkatarzyna.pl\/index.php\/2026\/03\/20\/projekt-juz-wiem-kim-zostane-4\/","title":{"rendered":"Projekt &#8222;Ju\u017c wiem, kim zostan\u0119&#8221;"},"content":{"rendered":"\t\t<div data-elementor-type=\"wp-post\" data-elementor-id=\"18915\" class=\"elementor elementor-18915\">\n\t\t\t\t<div class=\"elementor-element elementor-element-2a77f6af e-flex e-con-boxed e-con e-parent\" data-id=\"2a77f6af\" data-element_type=\"container\">\n\t\t\t\t\t<div class=\"e-con-inner\">\n\t\t\t\t<div class=\"elementor-element elementor-element-20c8bbec elementor-widget elementor-widget-text-editor\" data-id=\"20c8bbec\" data-element_type=\"widget\" data-widget_type=\"text-editor.default\">\n\t\t\t\t\t\t\t\t\t<p style=\"text-align: justify;\"><span style=\"font-size: 14pt;\">W czwartek 26.02.2026 grupa \u00f3smoklasist\u00f3w\u00a0 bior\u0105cych udzia\u0142 w projekcie &#8222;Ju\u017c wiem, kim zostan\u0119&#8221;\u00a0 uda\u0142a si\u0119 do Liceum SS. Urszulanek we Wroc\u0142awiu na wyk\u0142ad pod tytu\u0142em ,,Dzia\u0142aj\u00a0dla innych, a odkryjesz, kim naprawd\u0119 jeste\u015b&#8221; Na pocz\u0105tku zaj\u0119\u0107 dr Piotr Trojniak opowiada\u0142 o tym, jak wa\u017cne jest krwiodawstwo i dlaczego trzeba dzieli\u0107 si\u0119 jednym z najcenniejszych dar\u00f3w, jaki posiadamy &#8211; krwi\u0105. Pani dr n. med. Ma\u0142gorzata Szymczyk przedstawi\u0142a z kolei, przy jakich chorobach\u00a0nie wolno oddawa\u0107 krwi. Na koniec Pan Emil Soza\u0144ski &#8211; by\u0142y prezes klubu honorowych dawc\u00f3w krwi w D\u0142ugo\u0142\u0119ce &#8211; opowiada\u0142 o do\u015bwiadczeniu\u00a0 zwi\u0105zanym ze\u00a0swoj\u0105\u00a0dzia\u0142alno\u015bci\u0105\u00a0<wbr \/>samorz\u0105dow\u0105. Nasi uczniowie w przysz\u0142o\u015bci na pewno b\u0119d\u0105 pami\u0119ta\u0107 o wspieraniu krwiodawstwa w Polsce i zaanga\u017cowaniu w sprawy lokalnej spo\u0142eczno\u015bci.<\/span><\/p><p style=\"text-align: right;\"><span style=\"font-size: 14pt;\">Alicja Dubaj<\/span><\/p>\t\t\t\t\t\t\t\t<\/div>\n\t\t\t\t<div class=\"elementor-element elementor-element-d53361a elementor-widget elementor-widget-image-gallery\" data-id=\"d53361a\" data-element_type=\"widget\" data-widget_type=\"image-gallery.default\">\n\t\t\t\t\t\t\t<div class=\"elementor-image-gallery\">\n\t\t\t\n\t\t<div id='gallery-1' class='gallery galleryid-18915 gallery-columns-4 gallery-size-thumbnail gallery1'><script type=\"text\/javascript\">\n\/\/ <![CDATA[\n\tjQuery(document).ready(function () {\n\t\tjQuery(\".gallery1 a\").attr(\"rel\",\"gallery1\");\t\n\t\tjQuery('a[rel=\"gallery1\"]').colorbox({title: function(){ return jQuery(this).children().attr(\"alt\"); }});\n\t});\n\/\/ ]]>\n<\/script>\n<dl class=\"gallery-item\">\n<dt class=\"gallery-icon\">\n<a href=\"https:\/\/www.spkatarzyna.pl\/wp-content\/uploads\/2026\/03\/IMG_3491-225x300.jpeg\" title=\"\" rel=\"gallery1\" rel=\"lightbox[18915]\"><img decoding=\"async\" src=\"https:\/\/www.spkatarzyna.pl\/wp-content\/uploads\/2026\/03\/IMG_3491-150x150.jpeg\" width=\"150\" height=\"150\" alt=\"\" \/><\/a>\n<\/dt><\/dl><dl class=\"gallery-item\">\n<dt class=\"gallery-icon\">\n<a href=\"https:\/\/www.spkatarzyna.pl\/wp-content\/uploads\/2026\/03\/IMG_3493-225x300.jpeg\" title=\"\" rel=\"gallery1\" rel=\"lightbox[18915]\"><img decoding=\"async\" src=\"https:\/\/www.spkatarzyna.pl\/wp-content\/uploads\/2026\/03\/IMG_3493-150x150.jpeg\" width=\"150\" height=\"150\" alt=\"\" \/><\/a>\n<\/dt><\/dl><dl class=\"gallery-item\">\n<dt class=\"gallery-icon\">\n<a href=\"https:\/\/www.spkatarzyna.pl\/wp-content\/uploads\/2026\/03\/IMG_3498-225x300.jpeg\" title=\"\" rel=\"gallery1\" rel=\"lightbox[18915]\"><img decoding=\"async\" src=\"https:\/\/www.spkatarzyna.pl\/wp-content\/uploads\/2026\/03\/IMG_3498-150x150.jpeg\" width=\"150\" height=\"150\" alt=\"\" \/><\/a>\n<\/dt><\/dl><dl class=\"gallery-item\">\n<dt class=\"gallery-icon\">\n<a href=\"https:\/\/www.spkatarzyna.pl\/wp-content\/uploads\/2026\/03\/IMG_3500-225x300.jpeg\" title=\"\" rel=\"gallery1\" rel=\"lightbox[18915]\"><img loading=\"lazy\" decoding=\"async\" src=\"https:\/\/www.spkatarzyna.pl\/wp-content\/uploads\/2026\/03\/IMG_3500-150x150.jpeg\" width=\"150\" height=\"150\" alt=\"\" \/><\/a>\n<\/dt><\/dl><br style=\"clear: both\" \/><br style=\"clear: both\" \/><\/div>\t\t<\/div>\n\t\t\t\t\t\t<\/div>\n\t\t\t\t\t<\/div>\n\t\t\t\t<\/div>\n\t\t\t\t<\/div>\n\t\t","protected":false},"excerpt":{"rendered":"<p>W czwartek 26.02.2026 grupa \u00f3smoklasist\u00f3w\u00a0 bior\u0105cych udzia\u0142 w projekcie &#8222;Ju\u017c wiem, kim zostan\u0119&#8221;\u00a0 uda\u0142a si\u0119 do Liceum SS. Urszulanek we Wroc\u0142awiu na wyk\u0142ad pod tytu\u0142em ,,Dzia\u0142aj\u00a0dla innych, a odkryjesz, kim naprawd\u0119 jeste\u015b&#8221; Na pocz\u0105tku zaj\u0119\u0107 dr Piotr Trojniak opowiada\u0142 o tym, jak wa\u017cne jest krwiodawstwo i dlaczego trzeba dzieli\u0107 si\u0119 [&hellip;]<\/p>\n","protected":false},"author":6,"featured_media":18916,"comment_status":"open","ping_status":"open","sticky":false,"template":"","format":"standard","meta":{"om_disable_all_campaigns":false,"_monsterinsights_skip_tracking":false,"ngg_post_thumbnail":0,"footnotes":""},"categories":[1],"tags":[],"class_list":["post-18915","post","type-post","status-publish","format-standard","has-post-thumbnail","hentry","category-uncategorized"],"aioseo_notices":[],"aioseo_head":"\n\t\t<!-- All in One SEO 5.0.1.1 - aioseo.com -->\n\t<meta name=\"description\" content=\"W czwartek 26.02.2026 grupa \u00f3smoklasist\u00f3w bior\u0105cych udzia\u0142 w projekcie \u201eJu\u017c wiem, kim zostan\u0119\u201d uda\u0142a si\u0119 do Liceum SS. Urszulanek we Wroc\u0142awiu na wyk\u0142ad pod tytu\u0142em ,,Dzia\u0142aj dla innych, a odkryjesz, kim naprawd\u0119 jeste\u015b\u201d Na pocz\u0105tku zaj\u0119\u0107 dr Piotr Trojniak opowiada\u0142 o tym, jak wa\u017cne jest krwiodawstwo i dlaczego trzeba dzieli\u0107 si\u0119 jednym z najcenniejszych dar\u00f3w, jaki\" \/>\n\t<meta name=\"robots\" content=\"max-image-preview:large\" \/>\n\t<meta name=\"author\" content=\"Redakcja\"\/>\n\t<link rel=\"canonical\" href=\"https:\/\/www.spkatarzyna.pl\/index.php\/2026\/03\/20\/projekt-juz-wiem-kim-zostane-4\/\" \/>\n\t<meta name=\"generator\" content=\"All in One SEO (AIOSEO) 5.0.1.1\" \/>\n\t\t<meta property=\"og:locale\" content=\"pl_PL\" \/>\n\t\t<meta property=\"og:site_name\" content=\"SP Katarzyna - Publiczna Szko\u0142a Podstawowa w \u015awi\u0119tej Katarzynie\" \/>\n\t\t<meta property=\"og:type\" content=\"article\" \/>\n\t\t<meta property=\"og:title\" content=\"Projekt \u201eJu\u017c wiem, kim zostan\u0119\u201d - SP Katarzyna\" \/>\n\t\t<meta property=\"og:description\" content=\"W czwartek 26.02.2026 grupa \u00f3smoklasist\u00f3w bior\u0105cych udzia\u0142 w projekcie \u201eJu\u017c wiem, kim zostan\u0119\u201d uda\u0142a si\u0119 do Liceum SS. Urszulanek we Wroc\u0142awiu na wyk\u0142ad pod tytu\u0142em ,,Dzia\u0142aj dla innych, a odkryjesz, kim naprawd\u0119 jeste\u015b\u201d Na pocz\u0105tku zaj\u0119\u0107 dr Piotr Trojniak opowiada\u0142 o tym, jak wa\u017cne jest krwiodawstwo i dlaczego trzeba dzieli\u0107 si\u0119 jednym z najcenniejszych dar\u00f3w, jaki\" \/>\n\t\t<meta property=\"og:url\" content=\"https:\/\/www.spkatarzyna.pl\/index.php\/2026\/03\/20\/projekt-juz-wiem-kim-zostane-4\/\" \/>\n\t\t<meta property=\"article:published_time\" content=\"2026-03-20T12:11:53+00:00\" \/>\n\t\t<meta property=\"article:modified_time\" content=\"2026-03-20T12:14:26+00:00\" \/>\n\t\t<meta name=\"twitter:card\" content=\"summary_large_image\" \/>\n\t\t<meta name=\"twitter:title\" content=\"Projekt \u201eJu\u017c wiem, kim zostan\u0119\u201d - SP Katarzyna\" \/>\n\t\t<meta name=\"twitter:description\" content=\"W czwartek 26.02.2026 grupa \u00f3smoklasist\u00f3w bior\u0105cych udzia\u0142 w projekcie \u201eJu\u017c wiem, kim zostan\u0119\u201d uda\u0142a si\u0119 do Liceum SS. Urszulanek we Wroc\u0142awiu na wyk\u0142ad pod tytu\u0142em ,,Dzia\u0142aj dla innych, a odkryjesz, kim naprawd\u0119 jeste\u015b\u201d Na pocz\u0105tku zaj\u0119\u0107 dr Piotr Trojniak opowiada\u0142 o tym, jak wa\u017cne jest krwiodawstwo i dlaczego trzeba dzieli\u0107 si\u0119 jednym z najcenniejszych dar\u00f3w, jaki\" \/>\n\t\t<script type=\"application\/ld+json\" class=\"aioseo-schema\">\n\t\t\t{\"@context\":\"https:\\\/\\\/schema.org\",\"@graph\":[{\"@type\":\"BlogPosting\",\"@id\":\"https:\\\/\\\/www.spkatarzyna.pl\\\/index.php\\\/2026\\\/03\\\/20\\\/projekt-juz-wiem-kim-zostane-4\\\/#blogposting\",\"name\":\"Projekt \\u201eJu\\u017c wiem, kim zostan\\u0119\\u201d - SP Katarzyna\",\"headline\":\"Projekt &#8222;Ju\\u017c wiem, kim zostan\\u0119&#8221;\",\"author\":{\"@id\":\"https:\\\/\\\/www.spkatarzyna.pl\\\/index.php\\\/author\\\/agatasafianspkatarzyna-pl\\\/#author\"},\"publisher\":{\"@id\":\"https:\\\/\\\/www.spkatarzyna.pl\\\/#organization\"},\"image\":{\"@type\":\"ImageObject\",\"url\":\"https:\\\/\\\/www.spkatarzyna.pl\\\/wp-content\\\/uploads\\\/2026\\\/03\\\/IMG_3498.jpg\",\"width\":360,\"height\":202},\"datePublished\":\"2026-03-20T12:11:53+01:00\",\"dateModified\":\"2026-03-20T12:14:26+01:00\",\"inLanguage\":\"pl-PL\",\"mainEntityOfPage\":{\"@id\":\"https:\\\/\\\/www.spkatarzyna.pl\\\/index.php\\\/2026\\\/03\\\/20\\\/projekt-juz-wiem-kim-zostane-4\\\/#webpage\"},\"isPartOf\":{\"@id\":\"https:\\\/\\\/www.spkatarzyna.pl\\\/index.php\\\/2026\\\/03\\\/20\\\/projekt-juz-wiem-kim-zostane-4\\\/#webpage\"},\"articleSection\":\"Uncategorized\"},{\"@type\":\"BreadcrumbList\",\"@id\":\"https:\\\/\\\/www.spkatarzyna.pl\\\/index.php\\\/2026\\\/03\\\/20\\\/projekt-juz-wiem-kim-zostane-4\\\/#breadcrumblist\",\"itemListElement\":[{\"@type\":\"ListItem\",\"@id\":\"https:\\\/\\\/www.spkatarzyna.pl#listItem\",\"position\":1,\"name\":\"Dom\",\"item\":\"https:\\\/\\\/www.spkatarzyna.pl\",\"nextItem\":{\"@type\":\"ListItem\",\"@id\":\"https:\\\/\\\/www.spkatarzyna.pl\\\/index.php\\\/category\\\/uncategorized\\\/#listItem\",\"name\":\"Uncategorized\"}},{\"@type\":\"ListItem\",\"@id\":\"https:\\\/\\\/www.spkatarzyna.pl\\\/index.php\\\/category\\\/uncategorized\\\/#listItem\",\"position\":2,\"name\":\"Uncategorized\",\"item\":\"https:\\\/\\\/www.spkatarzyna.pl\\\/index.php\\\/category\\\/uncategorized\\\/\",\"nextItem\":{\"@type\":\"ListItem\",\"@id\":\"https:\\\/\\\/www.spkatarzyna.pl\\\/index.php\\\/2026\\\/03\\\/20\\\/projekt-juz-wiem-kim-zostane-4\\\/#listItem\",\"name\":\"Projekt &#8222;Ju\\u017c wiem, kim zostan\\u0119&#8221;\"},\"previousItem\":{\"@type\":\"ListItem\",\"@id\":\"https:\\\/\\\/www.spkatarzyna.pl#listItem\",\"name\":\"Dom\"}},{\"@type\":\"ListItem\",\"@id\":\"https:\\\/\\\/www.spkatarzyna.pl\\\/index.php\\\/2026\\\/03\\\/20\\\/projekt-juz-wiem-kim-zostane-4\\\/#listItem\",\"position\":3,\"name\":\"Projekt &#8222;Ju\\u017c wiem, kim zostan\\u0119&#8221;\",\"previousItem\":{\"@type\":\"ListItem\",\"@id\":\"https:\\\/\\\/www.spkatarzyna.pl\\\/index.php\\\/category\\\/uncategorized\\\/#listItem\",\"name\":\"Uncategorized\"}}]},{\"@type\":\"Organization\",\"@id\":\"https:\\\/\\\/www.spkatarzyna.pl\\\/#organization\",\"name\":\"SP Katarzyna\",\"description\":\"Publiczna Szko\\u0142a Podstawowa w \\u015awi\\u0119tej Katarzynie\",\"url\":\"https:\\\/\\\/www.spkatarzyna.pl\\\/\",\"telephone\":\"+48713116378\",\"sameAs\":[\"https:\\\/\\\/facebook.com\\\/\",\"https:\\\/\\\/x.com\\\/\",\"https:\\\/\\\/instagram.com\\\/\",\"https:\\\/\\\/pinterest.com\\\/\",\"https:\\\/\\\/youtube.com\\\/\",\"https:\\\/\\\/linkedin.com\\\/in\\\/\"]},{\"@type\":\"Person\",\"@id\":\"https:\\\/\\\/www.spkatarzyna.pl\\\/index.php\\\/author\\\/agatasafianspkatarzyna-pl\\\/#author\",\"url\":\"https:\\\/\\\/www.spkatarzyna.pl\\\/index.php\\\/author\\\/agatasafianspkatarzyna-pl\\\/\",\"name\":\"Redakcja\",\"image\":{\"@type\":\"ImageObject\",\"@id\":\"https:\\\/\\\/www.spkatarzyna.pl\\\/index.php\\\/2026\\\/03\\\/20\\\/projekt-juz-wiem-kim-zostane-4\\\/#authorImage\",\"url\":\"https:\\\/\\\/secure.gravatar.com\\\/avatar\\\/765290513df94d442152250e92b42327?s=96&d=mm&r=g\",\"width\":96,\"height\":96,\"caption\":\"Redakcja\"}},{\"@type\":\"WebPage\",\"@id\":\"https:\\\/\\\/www.spkatarzyna.pl\\\/index.php\\\/2026\\\/03\\\/20\\\/projekt-juz-wiem-kim-zostane-4\\\/#webpage\",\"url\":\"https:\\\/\\\/www.spkatarzyna.pl\\\/index.php\\\/2026\\\/03\\\/20\\\/projekt-juz-wiem-kim-zostane-4\\\/\",\"name\":\"Projekt \\u201eJu\\u017c wiem, kim zostan\\u0119\\u201d - SP Katarzyna\",\"description\":\"W czwartek 26.02.2026 grupa \\u00f3smoklasist\\u00f3w bior\\u0105cych udzia\\u0142 w projekcie \\u201eJu\\u017c wiem, kim zostan\\u0119\\u201d uda\\u0142a si\\u0119 do Liceum SS. Urszulanek we Wroc\\u0142awiu na wyk\\u0142ad pod tytu\\u0142em ,,Dzia\\u0142aj dla innych, a odkryjesz, kim naprawd\\u0119 jeste\\u015b\\u201d Na pocz\\u0105tku zaj\\u0119\\u0107 dr Piotr Trojniak opowiada\\u0142 o tym, jak wa\\u017cne jest krwiodawstwo i dlaczego trzeba dzieli\\u0107 si\\u0119 jednym z najcenniejszych dar\\u00f3w, jaki\",\"inLanguage\":\"pl-PL\",\"isPartOf\":{\"@id\":\"https:\\\/\\\/www.spkatarzyna.pl\\\/#website\"},\"breadcrumb\":{\"@id\":\"https:\\\/\\\/www.spkatarzyna.pl\\\/index.php\\\/2026\\\/03\\\/20\\\/projekt-juz-wiem-kim-zostane-4\\\/#breadcrumblist\"},\"author\":{\"@id\":\"https:\\\/\\\/www.spkatarzyna.pl\\\/index.php\\\/author\\\/agatasafianspkatarzyna-pl\\\/#author\"},\"creator\":{\"@id\":\"https:\\\/\\\/www.spkatarzyna.pl\\\/index.php\\\/author\\\/agatasafianspkatarzyna-pl\\\/#author\"},\"image\":{\"@type\":\"ImageObject\",\"url\":\"https:\\\/\\\/www.spkatarzyna.pl\\\/wp-content\\\/uploads\\\/2026\\\/03\\\/IMG_3498.jpg\",\"@id\":\"https:\\\/\\\/www.spkatarzyna.pl\\\/index.php\\\/2026\\\/03\\\/20\\\/projekt-juz-wiem-kim-zostane-4\\\/#mainImage\",\"width\":360,\"height\":202},\"primaryImageOfPage\":{\"@id\":\"https:\\\/\\\/www.spkatarzyna.pl\\\/index.php\\\/2026\\\/03\\\/20\\\/projekt-juz-wiem-kim-zostane-4\\\/#mainImage\"},\"datePublished\":\"2026-03-20T12:11:53+01:00\",\"dateModified\":\"2026-03-20T12:14:26+01:00\"},{\"@type\":\"WebSite\",\"@id\":\"https:\\\/\\\/www.spkatarzyna.pl\\\/#website\",\"url\":\"https:\\\/\\\/www.spkatarzyna.pl\\\/\",\"name\":\"SP Katarzyna\",\"description\":\"Publiczna Szko\\u0142a Podstawowa w \\u015awi\\u0119tej Katarzynie\",\"inLanguage\":\"pl-PL\",\"publisher\":{\"@id\":\"https:\\\/\\\/www.spkatarzyna.pl\\\/#organization\"}}]}\n\t\t<\/script>\n\t\t<!-- All in One SEO -->\n\n","aioseo_head_json":{"title":"Projekt \u201eJu\u017c wiem, kim zostan\u0119\u201d - SP Katarzyna","description":"W czwartek 26.02.2026 grupa \u00f3smoklasist\u00f3w bior\u0105cych udzia\u0142 w projekcie \u201eJu\u017c wiem, kim zostan\u0119\u201d uda\u0142a si\u0119 do Liceum SS. Urszulanek we Wroc\u0142awiu na wyk\u0142ad pod tytu\u0142em ,,Dzia\u0142aj dla innych, a odkryjesz, kim naprawd\u0119 jeste\u015b\u201d Na pocz\u0105tku zaj\u0119\u0107 dr Piotr Trojniak opowiada\u0142 o tym, jak wa\u017cne jest krwiodawstwo i dlaczego trzeba dzieli\u0107 si\u0119 jednym z najcenniejszych dar\u00f3w, jaki","canonical_url":"https:\/\/www.spkatarzyna.pl\/index.php\/2026\/03\/20\/projekt-juz-wiem-kim-zostane-4\/","robots":"max-image-preview:large","keywords":"","webmasterTools":{"miscellaneous":""},"schema":{"@context":"https:\/\/schema.org","@graph":[{"@type":"BlogPosting","@id":"https:\/\/www.spkatarzyna.pl\/index.php\/2026\/03\/20\/projekt-juz-wiem-kim-zostane-4\/#blogposting","name":"Projekt \u201eJu\u017c wiem, kim zostan\u0119\u201d - SP Katarzyna","headline":"Projekt &#8222;Ju\u017c wiem, kim zostan\u0119&#8221;","author":{"@id":"https:\/\/www.spkatarzyna.pl\/index.php\/author\/agatasafianspkatarzyna-pl\/#author"},"publisher":{"@id":"https:\/\/www.spkatarzyna.pl\/#organization"},"image":{"@type":"ImageObject","url":"https:\/\/www.spkatarzyna.pl\/wp-content\/uploads\/2026\/03\/IMG_3498.jpg","width":360,"height":202},"datePublished":"2026-03-20T12:11:53+01:00","dateModified":"2026-03-20T12:14:26+01:00","inLanguage":"pl-PL","mainEntityOfPage":{"@id":"https:\/\/www.spkatarzyna.pl\/index.php\/2026\/03\/20\/projekt-juz-wiem-kim-zostane-4\/#webpage"},"isPartOf":{"@id":"https:\/\/www.spkatarzyna.pl\/index.php\/2026\/03\/20\/projekt-juz-wiem-kim-zostane-4\/#webpage"},"articleSection":"Uncategorized"},{"@type":"BreadcrumbList","@id":"https:\/\/www.spkatarzyna.pl\/index.php\/2026\/03\/20\/projekt-juz-wiem-kim-zostane-4\/#breadcrumblist","itemListElement":[{"@type":"ListItem","@id":"https:\/\/www.spkatarzyna.pl#listItem","position":1,"name":"Dom","item":"https:\/\/www.spkatarzyna.pl","nextItem":{"@type":"ListItem","@id":"https:\/\/www.spkatarzyna.pl\/index.php\/category\/uncategorized\/#listItem","name":"Uncategorized"}},{"@type":"ListItem","@id":"https:\/\/www.spkatarzyna.pl\/index.php\/category\/uncategorized\/#listItem","position":2,"name":"Uncategorized","item":"https:\/\/www.spkatarzyna.pl\/index.php\/category\/uncategorized\/","nextItem":{"@type":"ListItem","@id":"https:\/\/www.spkatarzyna.pl\/index.php\/2026\/03\/20\/projekt-juz-wiem-kim-zostane-4\/#listItem","name":"Projekt &#8222;Ju\u017c wiem, kim zostan\u0119&#8221;"},"previousItem":{"@type":"ListItem","@id":"https:\/\/www.spkatarzyna.pl#listItem","name":"Dom"}},{"@type":"ListItem","@id":"https:\/\/www.spkatarzyna.pl\/index.php\/2026\/03\/20\/projekt-juz-wiem-kim-zostane-4\/#listItem","position":3,"name":"Projekt &#8222;Ju\u017c wiem, kim zostan\u0119&#8221;","previousItem":{"@type":"ListItem","@id":"https:\/\/www.spkatarzyna.pl\/index.php\/category\/uncategorized\/#listItem","name":"Uncategorized"}}]},{"@type":"Organization","@id":"https:\/\/www.spkatarzyna.pl\/#organization","name":"SP Katarzyna","description":"Publiczna Szko\u0142a Podstawowa w \u015awi\u0119tej Katarzynie","url":"https:\/\/www.spkatarzyna.pl\/","telephone":"+48713116378","sameAs":["https:\/\/facebook.com\/","https:\/\/x.com\/","https:\/\/instagram.com\/","https:\/\/pinterest.com\/","https:\/\/youtube.com\/","https:\/\/linkedin.com\/in\/"]},{"@type":"Person","@id":"https:\/\/www.spkatarzyna.pl\/index.php\/author\/agatasafianspkatarzyna-pl\/#author","url":"https:\/\/www.spkatarzyna.pl\/index.php\/author\/agatasafianspkatarzyna-pl\/","name":"Redakcja","image":{"@type":"ImageObject","@id":"https:\/\/www.spkatarzyna.pl\/index.php\/2026\/03\/20\/projekt-juz-wiem-kim-zostane-4\/#authorImage","url":"https:\/\/secure.gravatar.com\/avatar\/765290513df94d442152250e92b42327?s=96&d=mm&r=g","width":96,"height":96,"caption":"Redakcja"}},{"@type":"WebPage","@id":"https:\/\/www.spkatarzyna.pl\/index.php\/2026\/03\/20\/projekt-juz-wiem-kim-zostane-4\/#webpage","url":"https:\/\/www.spkatarzyna.pl\/index.php\/2026\/03\/20\/projekt-juz-wiem-kim-zostane-4\/","name":"Projekt \u201eJu\u017c wiem, kim zostan\u0119\u201d - SP Katarzyna","description":"W czwartek 26.02.2026 grupa \u00f3smoklasist\u00f3w bior\u0105cych udzia\u0142 w projekcie \u201eJu\u017c wiem, kim zostan\u0119\u201d uda\u0142a si\u0119 do Liceum SS. Urszulanek we Wroc\u0142awiu na wyk\u0142ad pod tytu\u0142em ,,Dzia\u0142aj dla innych, a odkryjesz, kim naprawd\u0119 jeste\u015b\u201d Na pocz\u0105tku zaj\u0119\u0107 dr Piotr Trojniak opowiada\u0142 o tym, jak wa\u017cne jest krwiodawstwo i dlaczego trzeba dzieli\u0107 si\u0119 jednym z najcenniejszych dar\u00f3w, jaki","inLanguage":"pl-PL","isPartOf":{"@id":"https:\/\/www.spkatarzyna.pl\/#website"},"breadcrumb":{"@id":"https:\/\/www.spkatarzyna.pl\/index.php\/2026\/03\/20\/projekt-juz-wiem-kim-zostane-4\/#breadcrumblist"},"author":{"@id":"https:\/\/www.spkatarzyna.pl\/index.php\/author\/agatasafianspkatarzyna-pl\/#author"},"creator":{"@id":"https:\/\/www.spkatarzyna.pl\/index.php\/author\/agatasafianspkatarzyna-pl\/#author"},"image":{"@type":"ImageObject","url":"https:\/\/www.spkatarzyna.pl\/wp-content\/uploads\/2026\/03\/IMG_3498.jpg","@id":"https:\/\/www.spkatarzyna.pl\/index.php\/2026\/03\/20\/projekt-juz-wiem-kim-zostane-4\/#mainImage","width":360,"height":202},"primaryImageOfPage":{"@id":"https:\/\/www.spkatarzyna.pl\/index.php\/2026\/03\/20\/projekt-juz-wiem-kim-zostane-4\/#mainImage"},"datePublished":"2026-03-20T12:11:53+01:00","dateModified":"2026-03-20T12:14:26+01:00"},{"@type":"WebSite","@id":"https:\/\/www.spkatarzyna.pl\/#website","url":"https:\/\/www.spkatarzyna.pl\/","name":"SP Katarzyna","description":"Publiczna Szko\u0142a Podstawowa w \u015awi\u0119tej Katarzynie","inLanguage":"pl-PL","publisher":{"@id":"https:\/\/www.spkatarzyna.pl\/#organization"}}]},"og:locale":"pl_PL","og:site_name":"SP Katarzyna - Publiczna Szko\u0142a Podstawowa w \u015awi\u0119tej Katarzynie","og:type":"article","og:title":"Projekt \u201eJu\u017c wiem, kim zostan\u0119\u201d - SP Katarzyna","og:description":"W czwartek 26.02.2026 grupa \u00f3smoklasist\u00f3w bior\u0105cych udzia\u0142 w projekcie \u201eJu\u017c wiem, kim zostan\u0119\u201d uda\u0142a si\u0119 do Liceum SS. Urszulanek we Wroc\u0142awiu na wyk\u0142ad pod tytu\u0142em ,,Dzia\u0142aj dla innych, a odkryjesz, kim naprawd\u0119 jeste\u015b\u201d Na pocz\u0105tku zaj\u0119\u0107 dr Piotr Trojniak opowiada\u0142 o tym, jak wa\u017cne jest krwiodawstwo i dlaczego trzeba dzieli\u0107 si\u0119 jednym z najcenniejszych dar\u00f3w, jaki","og:url":"https:\/\/www.spkatarzyna.pl\/index.php\/2026\/03\/20\/projekt-juz-wiem-kim-zostane-4\/","article:published_time":"2026-03-20T12:11:53+00:00","article:modified_time":"2026-03-20T12:14:26+00:00","twitter:card":"summary_large_image","twitter:title":"Projekt \u201eJu\u017c wiem, kim zostan\u0119\u201d - SP Katarzyna","twitter:description":"W czwartek 26.02.2026 grupa \u00f3smoklasist\u00f3w bior\u0105cych udzia\u0142 w projekcie \u201eJu\u017c wiem, kim zostan\u0119\u201d uda\u0142a si\u0119 do Liceum SS. Urszulanek we Wroc\u0142awiu na wyk\u0142ad pod tytu\u0142em ,,Dzia\u0142aj dla innych, a odkryjesz, kim naprawd\u0119 jeste\u015b\u201d Na pocz\u0105tku zaj\u0119\u0107 dr Piotr Trojniak opowiada\u0142 o tym, jak wa\u017cne jest krwiodawstwo i dlaczego trzeba dzieli\u0107 si\u0119 jednym z najcenniejszych dar\u00f3w, jaki"},"aioseo_meta_data":{"post_id":"18915","title":null,"description":null,"keywords":null,"keyphrases":{"focus":{"keyphrase":"","score":0,"analysis":{"keyphraseInTitle":{"score":0,"maxScore":9,"error":1}}},"additional":[]},"primary_term":null,"canonical_url":null,"og_title":null,"og_description":null,"og_object_type":"default","og_image_type":"default","og_image_url":null,"og_image_width":null,"og_image_height":null,"og_image_custom_url":null,"og_image_custom_fields":null,"og_video":"","og_custom_url":null,"og_article_section":null,"og_article_tags":null,"twitter_use_og":false,"twitter_card":"default","twitter_image_type":"default","twitter_image_url":null,"twitter_image_custom_url":null,"twitter_image_custom_fields":null,"twitter_title":null,"twitter_description":null,"schema":{"blockGraphs":[],"customGraphs":[],"default":{"data":{"Article":[],"Course":[],"Dataset":[],"FAQPage":[],"Movie":[],"Person":[],"Product":[],"ProductReview":[],"Car":[],"Recipe":[],"Service":[],"SoftwareApplication":[],"WebPage":[]},"graphName":"BlogPosting","isEnabled":true},"graphs":[]},"schema_type":"default","schema_type_options":null,"pillar_content":false,"robots_default":true,"robots_noindex":false,"robots_noarchive":false,"robots_nosnippet":false,"robots_nofollow":false,"robots_noimageindex":false,"robots_noodp":false,"robots_notranslate":false,"robots_max_snippet":"-1","robots_max_videopreview":"-1","robots_max_imagepreview":"large","priority":null,"frequency":"default","local_seo":null,"limit_modified_date":false,"created":"2026-03-20 12:11:53","updated":"2026-09-03 17:50:57","focus_keyword":null,"additional_keywords":null,"truseo_locale":null,"ai":null,"breadcrumb_settings":null,"seo_analyzer_scan_date":null},"aioseo_breadcrumb":"<div class=\"aioseo-breadcrumbs\"><span class=\"aioseo-breadcrumb\">\n\t\t\t<a href=\"https:\/\/www.spkatarzyna.pl\" title=\"Dom\">Dom<\/a>\n\t\t<\/span><span class=\"aioseo-breadcrumb-separator\">&raquo;<\/span><span class=\"aioseo-breadcrumb\">\n\t\t\t<a href=\"https:\/\/www.spkatarzyna.pl\/index.php\/category\/uncategorized\/\" title=\"Uncategorized\">Uncategorized<\/a>\n\t\t<\/span><span class=\"aioseo-breadcrumb-separator\">&raquo;<\/span><span class=\"aioseo-breadcrumb\">\n\t\t\tProjekt \u201eJu\u017c wiem, kim zostan\u0119\u201d\n\t\t<\/span><\/div>","aioseo_breadcrumb_json":[{"label":"Dom","link":"https:\/\/www.spkatarzyna.pl"},{"label":"Uncategorized","link":"https:\/\/www.spkatarzyna.pl\/index.php\/category\/uncategorized\/"},{"label":"Projekt &#8222;Ju\u017c wiem, kim zostan\u0119&#8221;","link":"https:\/\/www.spkatarzyna.pl\/index.php\/2026\/03\/20\/projekt-juz-wiem-kim-zostane-4\/"}],"_links":{"self":[{"href":"https:\/\/www.spkatarzyna.pl\/index.php\/wp-json\/wp\/v2\/posts\/18915","targetHints":{"allow":["GET"]}}],"collection":[{"href":"https:\/\/www.spkatarzyna.pl\/index.php\/wp-json\/wp\/v2\/posts"}],"about":[{"href":"https:\/\/www.spkatarzyna.pl\/index.php\/wp-json\/wp\/v2\/types\/post"}],"author":[{"embeddable":true,"href":"https:\/\/www.spkatarzyna.pl\/index.php\/wp-json\/wp\/v2\/users\/6"}],"replies":[{"embeddable":true,"href":"https:\/\/www.spkatarzyna.pl\/index.php\/wp-json\/wp\/v2\/comments?post=18915"}],"version-history":[{"count":7,"href":"https:\/\/www.spkatarzyna.pl\/index.php\/wp-json\/wp\/v2\/posts\/18915\/revisions"}],"predecessor-version":[{"id":18927,"href":"https:\/\/www.spkatarzyna.pl\/index.php\/wp-json\/wp\/v2\/posts\/18915\/revisions\/18927"}],"wp:featuredmedia":[{"embeddable":true,"href":"https:\/\/www.spkatarzyna.pl\/index.php\/wp-json\/wp\/v2\/media\/18916"}],"wp:attachment":[{"href":"https:\/\/www.spkatarzyna.pl\/index.php\/wp-json\/wp\/v2\/media?parent=18915"}],"wp:term":[{"taxonomy":"category","embeddable":true,"href":"https:\/\/www.spkatarzyna.pl\/index.php\/wp-json\/wp\/v2\/categories?post=18915"},{"taxonomy":"post_tag","embeddable":true,"href":"https:\/\/www.spkatarzyna.pl\/index.php\/wp-json\/wp\/v2\/tags?post=18915"}],"curies":[{"name":"wp","href":"https:\/\/api.w.org\/{rel}","templated":true}]}}