{"id":18946,"date":"2026-03-24T19:52:18","date_gmt":"2026-03-24T19:52:18","guid":{"rendered":"https:\/\/www.spkatarzyna.pl\/?p=18946"},"modified":"2026-03-24T19:55:46","modified_gmt":"2026-03-24T19:55:46","slug":"warsztaty-w-liceum-plastycznym-ala","status":"publish","type":"post","link":"https:\/\/www.spkatarzyna.pl\/index.php\/2026\/03\/24\/warsztaty-w-liceum-plastycznym-ala\/","title":{"rendered":"Warsztaty w Liceum Plastycznym ALA"},"content":{"rendered":"\t\t<div data-elementor-type=\"wp-post\" data-elementor-id=\"18946\" class=\"elementor elementor-18946\">\n\t\t\t\t<div class=\"elementor-element elementor-element-41bd772b e-flex e-con-boxed e-con e-parent\" data-id=\"41bd772b\" data-element_type=\"container\">\n\t\t\t\t\t<div class=\"e-con-inner\">\n\t\t\t\t<div class=\"elementor-element elementor-element-2314f509 elementor-widget elementor-widget-text-editor\" data-id=\"2314f509\" data-element_type=\"widget\" data-widget_type=\"text-editor.default\">\n\t\t\t\t\t\t\t\t\t<p style=\"text-align: justify;\"><span style=\"font-size: 14pt; color: #000000;\">W poniedzia\u0142ek, 23 marca, uczniowie bior\u0105cy udzia\u0142 w Konkursie na Jesienne Nakrycie G\u0142owy wzi\u0119li udzia\u0142 w warsztatach ceramicznych zorganizowanych w Liceum Plastycznym ALA we Wroc\u0142awiu. Czeka\u0142y na nich przygotowane stanowiska pracy w pracowni rze\u017abiarsko-ceramicznej, zwiedzanie pracowni malarskiej, a o systemie&nbsp;nauki w tej szkole opowiada\u0142 absolwent&nbsp; naszej szko\u0142y podstawowej Tymek B\u0142o\u0144ski, kt\u00f3ry w tym roku zdaje matur\u0119. Na efekty ci\u0119\u017ckiej pracy trzeba troch\u0119 poczeka\u0107. Zrobione przez uczni\u00f3w rze\u017aby musz\u0105 by\u0107 suche, \u017ceby mo\u017cna by\u0142o je wypali\u0107 po raz pierwszy w piecu ceramicznym. Potem trafi\u0105 do pieca ponownie &#8211; to wypa\u0142 ze szkliwem ko\u0144cz\u0105cy ca\u0142y proces.<\/span><\/p>\r\n\r\n<div style=\"text-align: justify;\"><span style=\"font-size: 14pt; color: #000000;\">Gratulujemy pomys\u0142\u00f3w! Gotowe prace zaprezentujemy na wystawie.<\/span><\/div>\r\n<div style=\"text-align: justify;\"><span style=\"font-size: 14pt; color: #000000;\">Agata Gwizd, Joanna Szreter, Dominik Makowski<\/span><\/div>\t\t\t\t\t\t\t\t<\/div>\n\t\t\t\t<div class=\"elementor-element elementor-element-3746056 elementor-widget elementor-widget-image-gallery\" data-id=\"3746056\" data-element_type=\"widget\" data-widget_type=\"image-gallery.default\">\n\t\t\t\t\t\t\t<div class=\"elementor-image-gallery\">\n\t\t\t\n\t\t<div id='gallery-1' class='gallery galleryid-18946 gallery-columns-4 gallery-size-thumbnail gallery1'><script type=\"text\/javascript\">\n\/\/ <![CDATA[\n\tjQuery(document).ready(function () {\n\t\tjQuery(\".gallery1 a\").attr(\"rel\",\"gallery1\");\t\n\t\tjQuery('a[rel=\"gallery1\"]').colorbox({title: function(){ return jQuery(this).children().attr(\"alt\"); }});\n\t});\n\/\/ ]]>\n<\/script>\n<dl class=\"gallery-item\">\n<dt class=\"gallery-icon\">\n<a href=\"https:\/\/www.spkatarzyna.pl\/wp-content\/uploads\/2026\/03\/PHOTO-2026-03-24-19-28-02-2-300x225.jpg\" title=\"\" rel=\"gallery1\" rel=\"lightbox[18946]\"><img decoding=\"async\" src=\"https:\/\/www.spkatarzyna.pl\/wp-content\/uploads\/2026\/03\/PHOTO-2026-03-24-19-28-02-2-150x150.jpg\" width=\"150\" height=\"150\" alt=\"\" \/><\/a>\n<\/dt><\/dl><dl class=\"gallery-item\">\n<dt class=\"gallery-icon\">\n<a href=\"https:\/\/www.spkatarzyna.pl\/wp-content\/uploads\/2026\/03\/PHOTO-2026-03-24-19-28-02-3-300x193.jpg\" title=\"\" rel=\"gallery1\" rel=\"lightbox[18946]\"><img decoding=\"async\" src=\"https:\/\/www.spkatarzyna.pl\/wp-content\/uploads\/2026\/03\/PHOTO-2026-03-24-19-28-02-3-150x150.jpg\" width=\"150\" height=\"150\" alt=\"\" \/><\/a>\n<\/dt><\/dl><dl class=\"gallery-item\">\n<dt class=\"gallery-icon\">\n<a href=\"https:\/\/www.spkatarzyna.pl\/wp-content\/uploads\/2026\/03\/PHOTO-2026-03-24-19-28-02-4-225x300.jpg\" title=\"\" rel=\"gallery1\" rel=\"lightbox[18946]\"><img decoding=\"async\" src=\"https:\/\/www.spkatarzyna.pl\/wp-content\/uploads\/2026\/03\/PHOTO-2026-03-24-19-28-02-4-150x150.jpg\" width=\"150\" height=\"150\" alt=\"\" \/><\/a>\n<\/dt><\/dl><dl class=\"gallery-item\">\n<dt class=\"gallery-icon\">\n<a href=\"https:\/\/www.spkatarzyna.pl\/wp-content\/uploads\/2026\/03\/PHOTO-2026-03-24-19-28-02-5-300x180.jpg\" title=\"\" rel=\"gallery1\" rel=\"lightbox[18946]\"><img loading=\"lazy\" decoding=\"async\" src=\"https:\/\/www.spkatarzyna.pl\/wp-content\/uploads\/2026\/03\/PHOTO-2026-03-24-19-28-02-5-150x150.jpg\" width=\"150\" height=\"150\" alt=\"\" \/><\/a>\n<\/dt><\/dl><br style=\"clear: both\" \/><dl class=\"gallery-item\">\n<dt class=\"gallery-icon\">\n<a href=\"https:\/\/www.spkatarzyna.pl\/wp-content\/uploads\/2026\/03\/PHOTO-2026-03-24-19-28-02-6-300x225.jpg\" title=\"\" rel=\"gallery1\" rel=\"lightbox[18946]\"><img loading=\"lazy\" decoding=\"async\" src=\"https:\/\/www.spkatarzyna.pl\/wp-content\/uploads\/2026\/03\/PHOTO-2026-03-24-19-28-02-6-150x150.jpg\" width=\"150\" height=\"150\" alt=\"\" \/><\/a>\n<\/dt><\/dl><dl class=\"gallery-item\">\n<dt class=\"gallery-icon\">\n<a href=\"https:\/\/www.spkatarzyna.pl\/wp-content\/uploads\/2026\/03\/PHOTO-2026-03-24-19-28-02-7-225x300.jpg\" title=\"\" rel=\"gallery1\" rel=\"lightbox[18946]\"><img loading=\"lazy\" decoding=\"async\" src=\"https:\/\/www.spkatarzyna.pl\/wp-content\/uploads\/2026\/03\/PHOTO-2026-03-24-19-28-02-7-150x150.jpg\" width=\"150\" height=\"150\" alt=\"\" \/><\/a>\n<\/dt><\/dl><dl class=\"gallery-item\">\n<dt class=\"gallery-icon\">\n<a href=\"https:\/\/www.spkatarzyna.pl\/wp-content\/uploads\/2026\/03\/PHOTO-2026-03-24-19-28-02-8-300x225.jpg\" title=\"\" rel=\"gallery1\" rel=\"lightbox[18946]\"><img loading=\"lazy\" decoding=\"async\" src=\"https:\/\/www.spkatarzyna.pl\/wp-content\/uploads\/2026\/03\/PHOTO-2026-03-24-19-28-02-8-150x150.jpg\" width=\"150\" height=\"150\" alt=\"\" \/><\/a>\n<\/dt><\/dl><dl class=\"gallery-item\">\n<dt class=\"gallery-icon\">\n<a href=\"https:\/\/www.spkatarzyna.pl\/wp-content\/uploads\/2026\/03\/PHOTO-2026-03-24-19-28-02-225x300.jpg\" title=\"\" rel=\"gallery1\" rel=\"lightbox[18946]\"><img loading=\"lazy\" decoding=\"async\" src=\"https:\/\/www.spkatarzyna.pl\/wp-content\/uploads\/2026\/03\/PHOTO-2026-03-24-19-28-02-150x150.jpg\" width=\"150\" height=\"150\" alt=\"\" \/><\/a>\n<\/dt><\/dl><br style=\"clear: both\" \/><br style=\"clear: both\" \/><\/div>\t\t<\/div>\n\t\t\t\t\t\t<\/div>\n\t\t\t\t\t<\/div>\n\t\t\t\t<\/div>\n\t\t\t\t<\/div>\n\t\t","protected":false},"excerpt":{"rendered":"<p>W poniedzia\u0142ek, 23 marca, uczniowie bior\u0105cy udzia\u0142 w Konkursie na Jesienne Nakrycie G\u0142owy wzi\u0119li udzia\u0142 w warsztatach ceramicznych zorganizowanych w Liceum Plastycznym ALA we Wroc\u0142awiu. Czeka\u0142y na nich przygotowane stanowiska pracy w pracowni rze\u017abiarsko-ceramicznej, zwiedzanie pracowni malarskiej, a o systemie&nbsp;nauki w tej szkole opowiada\u0142 absolwent&nbsp; naszej szko\u0142y podstawowej Tymek B\u0142o\u0144ski, [&hellip;]<\/p>\n","protected":false},"author":6,"featured_media":18947,"comment_status":"open","ping_status":"open","sticky":false,"template":"","format":"standard","meta":{"om_disable_all_campaigns":false,"_monsterinsights_skip_tracking":false,"ngg_post_thumbnail":0,"footnotes":""},"categories":[1],"tags":[],"class_list":["post-18946","post","type-post","status-publish","format-standard","has-post-thumbnail","hentry","category-uncategorized"],"aioseo_notices":[],"aioseo_head":"\n\t\t<!-- All in One SEO 5.0.1.1 - aioseo.com -->\n\t<meta name=\"description\" content=\"W poniedzia\u0142ek, 23 marca, uczniowie bior\u0105cy udzia\u0142 w Konkursie na Jesienne Nakrycie G\u0142owy wzi\u0119li udzia\u0142 w warsztatach ceramicznych zorganizowanych w Liceum Plastycznym ALA we Wroc\u0142awiu. Czeka\u0142y na nich przygotowane stanowiska pracy w pracowni rze\u017abiarsko-ceramicznej, zwiedzanie pracowni malarskiej, a o systemie nauki w tej szkole opowiada\u0142 absolwent naszej szko\u0142y podstawowej Tymek B\u0142o\u0144ski, kt\u00f3ry w tym roku zdaje\" \/>\n\t<meta name=\"robots\" content=\"max-image-preview:large\" \/>\n\t<meta name=\"author\" content=\"Redakcja\"\/>\n\t<link rel=\"canonical\" href=\"https:\/\/www.spkatarzyna.pl\/index.php\/2026\/03\/24\/warsztaty-w-liceum-plastycznym-ala\/\" \/>\n\t<meta name=\"generator\" content=\"All in One SEO (AIOSEO) 5.0.1.1\" \/>\n\t\t<meta property=\"og:locale\" content=\"pl_PL\" \/>\n\t\t<meta property=\"og:site_name\" content=\"SP Katarzyna - Publiczna Szko\u0142a Podstawowa w \u015awi\u0119tej Katarzynie\" \/>\n\t\t<meta property=\"og:type\" content=\"article\" \/>\n\t\t<meta property=\"og:title\" content=\"Warsztaty w Liceum Plastycznym ALA - SP Katarzyna\" \/>\n\t\t<meta property=\"og:description\" content=\"W poniedzia\u0142ek, 23 marca, uczniowie bior\u0105cy udzia\u0142 w Konkursie na Jesienne Nakrycie G\u0142owy wzi\u0119li udzia\u0142 w warsztatach ceramicznych zorganizowanych w Liceum Plastycznym ALA we Wroc\u0142awiu. Czeka\u0142y na nich przygotowane stanowiska pracy w pracowni rze\u017abiarsko-ceramicznej, zwiedzanie pracowni malarskiej, a o systemie nauki w tej szkole opowiada\u0142 absolwent naszej szko\u0142y podstawowej Tymek B\u0142o\u0144ski, kt\u00f3ry w tym roku zdaje\" \/>\n\t\t<meta property=\"og:url\" content=\"https:\/\/www.spkatarzyna.pl\/index.php\/2026\/03\/24\/warsztaty-w-liceum-plastycznym-ala\/\" \/>\n\t\t<meta property=\"article:published_time\" content=\"2026-03-24T19:52:18+00:00\" \/>\n\t\t<meta property=\"article:modified_time\" content=\"2026-03-24T19:55:46+00:00\" \/>\n\t\t<meta name=\"twitter:card\" content=\"summary_large_image\" \/>\n\t\t<meta name=\"twitter:title\" content=\"Warsztaty w Liceum Plastycznym ALA - SP Katarzyna\" \/>\n\t\t<meta name=\"twitter:description\" content=\"W poniedzia\u0142ek, 23 marca, uczniowie bior\u0105cy udzia\u0142 w Konkursie na Jesienne Nakrycie G\u0142owy wzi\u0119li udzia\u0142 w warsztatach ceramicznych zorganizowanych w Liceum Plastycznym ALA we Wroc\u0142awiu. Czeka\u0142y na nich przygotowane stanowiska pracy w pracowni rze\u017abiarsko-ceramicznej, zwiedzanie pracowni malarskiej, a o systemie nauki w tej szkole opowiada\u0142 absolwent naszej szko\u0142y podstawowej Tymek B\u0142o\u0144ski, kt\u00f3ry w tym roku zdaje\" \/>\n\t\t<script type=\"application\/ld+json\" class=\"aioseo-schema\">\n\t\t\t{\"@context\":\"https:\\\/\\\/schema.org\",\"@graph\":[{\"@type\":\"BlogPosting\",\"@id\":\"https:\\\/\\\/www.spkatarzyna.pl\\\/index.php\\\/2026\\\/03\\\/24\\\/warsztaty-w-liceum-plastycznym-ala\\\/#blogposting\",\"name\":\"Warsztaty w Liceum Plastycznym ALA - SP Katarzyna\",\"headline\":\"Warsztaty w Liceum Plastycznym ALA\",\"author\":{\"@id\":\"https:\\\/\\\/www.spkatarzyna.pl\\\/index.php\\\/author\\\/agatasafianspkatarzyna-pl\\\/#author\"},\"publisher\":{\"@id\":\"https:\\\/\\\/www.spkatarzyna.pl\\\/#organization\"},\"image\":{\"@type\":\"ImageObject\",\"url\":\"https:\\\/\\\/www.spkatarzyna.pl\\\/wp-content\\\/uploads\\\/2026\\\/03\\\/PHOTO-2026-03-24-19-28-02-5-2.jpg\",\"width\":360,\"height\":202},\"datePublished\":\"2026-03-24T19:52:18+01:00\",\"dateModified\":\"2026-03-24T19:55:46+01:00\",\"inLanguage\":\"pl-PL\",\"mainEntityOfPage\":{\"@id\":\"https:\\\/\\\/www.spkatarzyna.pl\\\/index.php\\\/2026\\\/03\\\/24\\\/warsztaty-w-liceum-plastycznym-ala\\\/#webpage\"},\"isPartOf\":{\"@id\":\"https:\\\/\\\/www.spkatarzyna.pl\\\/index.php\\\/2026\\\/03\\\/24\\\/warsztaty-w-liceum-plastycznym-ala\\\/#webpage\"},\"articleSection\":\"Uncategorized\"},{\"@type\":\"BreadcrumbList\",\"@id\":\"https:\\\/\\\/www.spkatarzyna.pl\\\/index.php\\\/2026\\\/03\\\/24\\\/warsztaty-w-liceum-plastycznym-ala\\\/#breadcrumblist\",\"itemListElement\":[{\"@type\":\"ListItem\",\"@id\":\"https:\\\/\\\/www.spkatarzyna.pl#listItem\",\"position\":1,\"name\":\"Dom\",\"item\":\"https:\\\/\\\/www.spkatarzyna.pl\",\"nextItem\":{\"@type\":\"ListItem\",\"@id\":\"https:\\\/\\\/www.spkatarzyna.pl\\\/index.php\\\/category\\\/uncategorized\\\/#listItem\",\"name\":\"Uncategorized\"}},{\"@type\":\"ListItem\",\"@id\":\"https:\\\/\\\/www.spkatarzyna.pl\\\/index.php\\\/category\\\/uncategorized\\\/#listItem\",\"position\":2,\"name\":\"Uncategorized\",\"item\":\"https:\\\/\\\/www.spkatarzyna.pl\\\/index.php\\\/category\\\/uncategorized\\\/\",\"nextItem\":{\"@type\":\"ListItem\",\"@id\":\"https:\\\/\\\/www.spkatarzyna.pl\\\/index.php\\\/2026\\\/03\\\/24\\\/warsztaty-w-liceum-plastycznym-ala\\\/#listItem\",\"name\":\"Warsztaty w Liceum Plastycznym ALA\"},\"previousItem\":{\"@type\":\"ListItem\",\"@id\":\"https:\\\/\\\/www.spkatarzyna.pl#listItem\",\"name\":\"Dom\"}},{\"@type\":\"ListItem\",\"@id\":\"https:\\\/\\\/www.spkatarzyna.pl\\\/index.php\\\/2026\\\/03\\\/24\\\/warsztaty-w-liceum-plastycznym-ala\\\/#listItem\",\"position\":3,\"name\":\"Warsztaty w Liceum Plastycznym ALA\",\"previousItem\":{\"@type\":\"ListItem\",\"@id\":\"https:\\\/\\\/www.spkatarzyna.pl\\\/index.php\\\/category\\\/uncategorized\\\/#listItem\",\"name\":\"Uncategorized\"}}]},{\"@type\":\"Organization\",\"@id\":\"https:\\\/\\\/www.spkatarzyna.pl\\\/#organization\",\"name\":\"SP Katarzyna\",\"description\":\"Publiczna Szko\\u0142a Podstawowa w \\u015awi\\u0119tej Katarzynie\",\"url\":\"https:\\\/\\\/www.spkatarzyna.pl\\\/\",\"telephone\":\"+48713116378\",\"sameAs\":[\"https:\\\/\\\/facebook.com\\\/\",\"https:\\\/\\\/x.com\\\/\",\"https:\\\/\\\/instagram.com\\\/\",\"https:\\\/\\\/pinterest.com\\\/\",\"https:\\\/\\\/youtube.com\\\/\",\"https:\\\/\\\/linkedin.com\\\/in\\\/\"]},{\"@type\":\"Person\",\"@id\":\"https:\\\/\\\/www.spkatarzyna.pl\\\/index.php\\\/author\\\/agatasafianspkatarzyna-pl\\\/#author\",\"url\":\"https:\\\/\\\/www.spkatarzyna.pl\\\/index.php\\\/author\\\/agatasafianspkatarzyna-pl\\\/\",\"name\":\"Redakcja\",\"image\":{\"@type\":\"ImageObject\",\"@id\":\"https:\\\/\\\/www.spkatarzyna.pl\\\/index.php\\\/2026\\\/03\\\/24\\\/warsztaty-w-liceum-plastycznym-ala\\\/#authorImage\",\"url\":\"https:\\\/\\\/secure.gravatar.com\\\/avatar\\\/765290513df94d442152250e92b42327?s=96&d=mm&r=g\",\"width\":96,\"height\":96,\"caption\":\"Redakcja\"}},{\"@type\":\"WebPage\",\"@id\":\"https:\\\/\\\/www.spkatarzyna.pl\\\/index.php\\\/2026\\\/03\\\/24\\\/warsztaty-w-liceum-plastycznym-ala\\\/#webpage\",\"url\":\"https:\\\/\\\/www.spkatarzyna.pl\\\/index.php\\\/2026\\\/03\\\/24\\\/warsztaty-w-liceum-plastycznym-ala\\\/\",\"name\":\"Warsztaty w Liceum Plastycznym ALA - SP Katarzyna\",\"description\":\"W poniedzia\\u0142ek, 23 marca, uczniowie bior\\u0105cy udzia\\u0142 w Konkursie na Jesienne Nakrycie G\\u0142owy wzi\\u0119li udzia\\u0142 w warsztatach ceramicznych zorganizowanych w Liceum Plastycznym ALA we Wroc\\u0142awiu. Czeka\\u0142y na nich przygotowane stanowiska pracy w pracowni rze\\u017abiarsko-ceramicznej, zwiedzanie pracowni malarskiej, a o systemie nauki w tej szkole opowiada\\u0142 absolwent naszej szko\\u0142y podstawowej Tymek B\\u0142o\\u0144ski, kt\\u00f3ry w tym roku zdaje\",\"inLanguage\":\"pl-PL\",\"isPartOf\":{\"@id\":\"https:\\\/\\\/www.spkatarzyna.pl\\\/#website\"},\"breadcrumb\":{\"@id\":\"https:\\\/\\\/www.spkatarzyna.pl\\\/index.php\\\/2026\\\/03\\\/24\\\/warsztaty-w-liceum-plastycznym-ala\\\/#breadcrumblist\"},\"author\":{\"@id\":\"https:\\\/\\\/www.spkatarzyna.pl\\\/index.php\\\/author\\\/agatasafianspkatarzyna-pl\\\/#author\"},\"creator\":{\"@id\":\"https:\\\/\\\/www.spkatarzyna.pl\\\/index.php\\\/author\\\/agatasafianspkatarzyna-pl\\\/#author\"},\"image\":{\"@type\":\"ImageObject\",\"url\":\"https:\\\/\\\/www.spkatarzyna.pl\\\/wp-content\\\/uploads\\\/2026\\\/03\\\/PHOTO-2026-03-24-19-28-02-5-2.jpg\",\"@id\":\"https:\\\/\\\/www.spkatarzyna.pl\\\/index.php\\\/2026\\\/03\\\/24\\\/warsztaty-w-liceum-plastycznym-ala\\\/#mainImage\",\"width\":360,\"height\":202},\"primaryImageOfPage\":{\"@id\":\"https:\\\/\\\/www.spkatarzyna.pl\\\/index.php\\\/2026\\\/03\\\/24\\\/warsztaty-w-liceum-plastycznym-ala\\\/#mainImage\"},\"datePublished\":\"2026-03-24T19:52:18+01:00\",\"dateModified\":\"2026-03-24T19:55:46+01:00\"},{\"@type\":\"WebSite\",\"@id\":\"https:\\\/\\\/www.spkatarzyna.pl\\\/#website\",\"url\":\"https:\\\/\\\/www.spkatarzyna.pl\\\/\",\"name\":\"SP Katarzyna\",\"description\":\"Publiczna Szko\\u0142a Podstawowa w \\u015awi\\u0119tej Katarzynie\",\"inLanguage\":\"pl-PL\",\"publisher\":{\"@id\":\"https:\\\/\\\/www.spkatarzyna.pl\\\/#organization\"}}]}\n\t\t<\/script>\n\t\t<!-- All in One SEO -->\n\n","aioseo_head_json":{"title":"Warsztaty w Liceum Plastycznym ALA - SP Katarzyna","description":"W poniedzia\u0142ek, 23 marca, uczniowie bior\u0105cy udzia\u0142 w Konkursie na Jesienne Nakrycie G\u0142owy wzi\u0119li udzia\u0142 w warsztatach ceramicznych zorganizowanych w Liceum Plastycznym ALA we Wroc\u0142awiu. Czeka\u0142y na nich przygotowane stanowiska pracy w pracowni rze\u017abiarsko-ceramicznej, zwiedzanie pracowni malarskiej, a o systemie nauki w tej szkole opowiada\u0142 absolwent naszej szko\u0142y podstawowej Tymek B\u0142o\u0144ski, kt\u00f3ry w tym roku zdaje","canonical_url":"https:\/\/www.spkatarzyna.pl\/index.php\/2026\/03\/24\/warsztaty-w-liceum-plastycznym-ala\/","robots":"max-image-preview:large","keywords":"","webmasterTools":{"miscellaneous":""},"schema":{"@context":"https:\/\/schema.org","@graph":[{"@type":"BlogPosting","@id":"https:\/\/www.spkatarzyna.pl\/index.php\/2026\/03\/24\/warsztaty-w-liceum-plastycznym-ala\/#blogposting","name":"Warsztaty w Liceum Plastycznym ALA - SP Katarzyna","headline":"Warsztaty w Liceum Plastycznym ALA","author":{"@id":"https:\/\/www.spkatarzyna.pl\/index.php\/author\/agatasafianspkatarzyna-pl\/#author"},"publisher":{"@id":"https:\/\/www.spkatarzyna.pl\/#organization"},"image":{"@type":"ImageObject","url":"https:\/\/www.spkatarzyna.pl\/wp-content\/uploads\/2026\/03\/PHOTO-2026-03-24-19-28-02-5-2.jpg","width":360,"height":202},"datePublished":"2026-03-24T19:52:18+01:00","dateModified":"2026-03-24T19:55:46+01:00","inLanguage":"pl-PL","mainEntityOfPage":{"@id":"https:\/\/www.spkatarzyna.pl\/index.php\/2026\/03\/24\/warsztaty-w-liceum-plastycznym-ala\/#webpage"},"isPartOf":{"@id":"https:\/\/www.spkatarzyna.pl\/index.php\/2026\/03\/24\/warsztaty-w-liceum-plastycznym-ala\/#webpage"},"articleSection":"Uncategorized"},{"@type":"BreadcrumbList","@id":"https:\/\/www.spkatarzyna.pl\/index.php\/2026\/03\/24\/warsztaty-w-liceum-plastycznym-ala\/#breadcrumblist","itemListElement":[{"@type":"ListItem","@id":"https:\/\/www.spkatarzyna.pl#listItem","position":1,"name":"Dom","item":"https:\/\/www.spkatarzyna.pl","nextItem":{"@type":"ListItem","@id":"https:\/\/www.spkatarzyna.pl\/index.php\/category\/uncategorized\/#listItem","name":"Uncategorized"}},{"@type":"ListItem","@id":"https:\/\/www.spkatarzyna.pl\/index.php\/category\/uncategorized\/#listItem","position":2,"name":"Uncategorized","item":"https:\/\/www.spkatarzyna.pl\/index.php\/category\/uncategorized\/","nextItem":{"@type":"ListItem","@id":"https:\/\/www.spkatarzyna.pl\/index.php\/2026\/03\/24\/warsztaty-w-liceum-plastycznym-ala\/#listItem","name":"Warsztaty w Liceum Plastycznym ALA"},"previousItem":{"@type":"ListItem","@id":"https:\/\/www.spkatarzyna.pl#listItem","name":"Dom"}},{"@type":"ListItem","@id":"https:\/\/www.spkatarzyna.pl\/index.php\/2026\/03\/24\/warsztaty-w-liceum-plastycznym-ala\/#listItem","position":3,"name":"Warsztaty w Liceum Plastycznym ALA","previousItem":{"@type":"ListItem","@id":"https:\/\/www.spkatarzyna.pl\/index.php\/category\/uncategorized\/#listItem","name":"Uncategorized"}}]},{"@type":"Organization","@id":"https:\/\/www.spkatarzyna.pl\/#organization","name":"SP Katarzyna","description":"Publiczna Szko\u0142a Podstawowa w \u015awi\u0119tej Katarzynie","url":"https:\/\/www.spkatarzyna.pl\/","telephone":"+48713116378","sameAs":["https:\/\/facebook.com\/","https:\/\/x.com\/","https:\/\/instagram.com\/","https:\/\/pinterest.com\/","https:\/\/youtube.com\/","https:\/\/linkedin.com\/in\/"]},{"@type":"Person","@id":"https:\/\/www.spkatarzyna.pl\/index.php\/author\/agatasafianspkatarzyna-pl\/#author","url":"https:\/\/www.spkatarzyna.pl\/index.php\/author\/agatasafianspkatarzyna-pl\/","name":"Redakcja","image":{"@type":"ImageObject","@id":"https:\/\/www.spkatarzyna.pl\/index.php\/2026\/03\/24\/warsztaty-w-liceum-plastycznym-ala\/#authorImage","url":"https:\/\/secure.gravatar.com\/avatar\/765290513df94d442152250e92b42327?s=96&d=mm&r=g","width":96,"height":96,"caption":"Redakcja"}},{"@type":"WebPage","@id":"https:\/\/www.spkatarzyna.pl\/index.php\/2026\/03\/24\/warsztaty-w-liceum-plastycznym-ala\/#webpage","url":"https:\/\/www.spkatarzyna.pl\/index.php\/2026\/03\/24\/warsztaty-w-liceum-plastycznym-ala\/","name":"Warsztaty w Liceum Plastycznym ALA - SP Katarzyna","description":"W poniedzia\u0142ek, 23 marca, uczniowie bior\u0105cy udzia\u0142 w Konkursie na Jesienne Nakrycie G\u0142owy wzi\u0119li udzia\u0142 w warsztatach ceramicznych zorganizowanych w Liceum Plastycznym ALA we Wroc\u0142awiu. Czeka\u0142y na nich przygotowane stanowiska pracy w pracowni rze\u017abiarsko-ceramicznej, zwiedzanie pracowni malarskiej, a o systemie nauki w tej szkole opowiada\u0142 absolwent naszej szko\u0142y podstawowej Tymek B\u0142o\u0144ski, kt\u00f3ry w tym roku zdaje","inLanguage":"pl-PL","isPartOf":{"@id":"https:\/\/www.spkatarzyna.pl\/#website"},"breadcrumb":{"@id":"https:\/\/www.spkatarzyna.pl\/index.php\/2026\/03\/24\/warsztaty-w-liceum-plastycznym-ala\/#breadcrumblist"},"author":{"@id":"https:\/\/www.spkatarzyna.pl\/index.php\/author\/agatasafianspkatarzyna-pl\/#author"},"creator":{"@id":"https:\/\/www.spkatarzyna.pl\/index.php\/author\/agatasafianspkatarzyna-pl\/#author"},"image":{"@type":"ImageObject","url":"https:\/\/www.spkatarzyna.pl\/wp-content\/uploads\/2026\/03\/PHOTO-2026-03-24-19-28-02-5-2.jpg","@id":"https:\/\/www.spkatarzyna.pl\/index.php\/2026\/03\/24\/warsztaty-w-liceum-plastycznym-ala\/#mainImage","width":360,"height":202},"primaryImageOfPage":{"@id":"https:\/\/www.spkatarzyna.pl\/index.php\/2026\/03\/24\/warsztaty-w-liceum-plastycznym-ala\/#mainImage"},"datePublished":"2026-03-24T19:52:18+01:00","dateModified":"2026-03-24T19:55:46+01:00"},{"@type":"WebSite","@id":"https:\/\/www.spkatarzyna.pl\/#website","url":"https:\/\/www.spkatarzyna.pl\/","name":"SP Katarzyna","description":"Publiczna Szko\u0142a Podstawowa w \u015awi\u0119tej Katarzynie","inLanguage":"pl-PL","publisher":{"@id":"https:\/\/www.spkatarzyna.pl\/#organization"}}]},"og:locale":"pl_PL","og:site_name":"SP Katarzyna - Publiczna Szko\u0142a Podstawowa w \u015awi\u0119tej Katarzynie","og:type":"article","og:title":"Warsztaty w Liceum Plastycznym ALA - SP Katarzyna","og:description":"W poniedzia\u0142ek, 23 marca, uczniowie bior\u0105cy udzia\u0142 w Konkursie na Jesienne Nakrycie G\u0142owy wzi\u0119li udzia\u0142 w warsztatach ceramicznych zorganizowanych w Liceum Plastycznym ALA we Wroc\u0142awiu. Czeka\u0142y na nich przygotowane stanowiska pracy w pracowni rze\u017abiarsko-ceramicznej, zwiedzanie pracowni malarskiej, a o systemie nauki w tej szkole opowiada\u0142 absolwent naszej szko\u0142y podstawowej Tymek B\u0142o\u0144ski, kt\u00f3ry w tym roku zdaje","og:url":"https:\/\/www.spkatarzyna.pl\/index.php\/2026\/03\/24\/warsztaty-w-liceum-plastycznym-ala\/","article:published_time":"2026-03-24T19:52:18+00:00","article:modified_time":"2026-03-24T19:55:46+00:00","twitter:card":"summary_large_image","twitter:title":"Warsztaty w Liceum Plastycznym ALA - SP Katarzyna","twitter:description":"W poniedzia\u0142ek, 23 marca, uczniowie bior\u0105cy udzia\u0142 w Konkursie na Jesienne Nakrycie G\u0142owy wzi\u0119li udzia\u0142 w warsztatach ceramicznych zorganizowanych w Liceum Plastycznym ALA we Wroc\u0142awiu. Czeka\u0142y na nich przygotowane stanowiska pracy w pracowni rze\u017abiarsko-ceramicznej, zwiedzanie pracowni malarskiej, a o systemie nauki w tej szkole opowiada\u0142 absolwent naszej szko\u0142y podstawowej Tymek B\u0142o\u0144ski, kt\u00f3ry w tym roku zdaje"},"aioseo_meta_data":{"post_id":"18946","title":null,"description":null,"keywords":null,"keyphrases":{"focus":{"keyphrase":"","score":0,"analysis":{"keyphraseInTitle":{"score":0,"maxScore":9,"error":1}}},"additional":[]},"primary_term":null,"canonical_url":null,"og_title":null,"og_description":null,"og_object_type":"default","og_image_type":"default","og_image_url":null,"og_image_width":null,"og_image_height":null,"og_image_custom_url":null,"og_image_custom_fields":null,"og_video":"","og_custom_url":null,"og_article_section":null,"og_article_tags":null,"twitter_use_og":false,"twitter_card":"default","twitter_image_type":"default","twitter_image_url":null,"twitter_image_custom_url":null,"twitter_image_custom_fields":null,"twitter_title":null,"twitter_description":null,"schema":{"blockGraphs":[],"customGraphs":[],"default":{"data":{"Article":[],"Course":[],"Dataset":[],"FAQPage":[],"Movie":[],"Person":[],"Product":[],"ProductReview":[],"Car":[],"Recipe":[],"Service":[],"SoftwareApplication":[],"WebPage":[]},"graphName":"BlogPosting","isEnabled":true},"graphs":[]},"schema_type":"default","schema_type_options":null,"pillar_content":false,"robots_default":true,"robots_noindex":false,"robots_noarchive":false,"robots_nosnippet":false,"robots_nofollow":false,"robots_noimageindex":false,"robots_noodp":false,"robots_notranslate":false,"robots_max_snippet":"-1","robots_max_videopreview":"-1","robots_max_imagepreview":"large","priority":null,"frequency":"default","local_seo":null,"limit_modified_date":false,"created":"2026-03-24 19:52:18","updated":"2026-09-03 17:50:58","focus_keyword":null,"additional_keywords":null,"truseo_locale":null,"ai":null,"breadcrumb_settings":null,"seo_analyzer_scan_date":null},"aioseo_breadcrumb":"<div class=\"aioseo-breadcrumbs\"><span class=\"aioseo-breadcrumb\">\n\t\t\t<a href=\"https:\/\/www.spkatarzyna.pl\" title=\"Dom\">Dom<\/a>\n\t\t<\/span><span class=\"aioseo-breadcrumb-separator\">&raquo;<\/span><span class=\"aioseo-breadcrumb\">\n\t\t\t<a href=\"https:\/\/www.spkatarzyna.pl\/index.php\/category\/uncategorized\/\" title=\"Uncategorized\">Uncategorized<\/a>\n\t\t<\/span><span class=\"aioseo-breadcrumb-separator\">&raquo;<\/span><span class=\"aioseo-breadcrumb\">\n\t\t\tWarsztaty w Liceum Plastycznym ALA\n\t\t<\/span><\/div>","aioseo_breadcrumb_json":[{"label":"Dom","link":"https:\/\/www.spkatarzyna.pl"},{"label":"Uncategorized","link":"https:\/\/www.spkatarzyna.pl\/index.php\/category\/uncategorized\/"},{"label":"Warsztaty w Liceum Plastycznym ALA","link":"https:\/\/www.spkatarzyna.pl\/index.php\/2026\/03\/24\/warsztaty-w-liceum-plastycznym-ala\/"}],"_links":{"self":[{"href":"https:\/\/www.spkatarzyna.pl\/index.php\/wp-json\/wp\/v2\/posts\/18946","targetHints":{"allow":["GET"]}}],"collection":[{"href":"https:\/\/www.spkatarzyna.pl\/index.php\/wp-json\/wp\/v2\/posts"}],"about":[{"href":"https:\/\/www.spkatarzyna.pl\/index.php\/wp-json\/wp\/v2\/types\/post"}],"author":[{"embeddable":true,"href":"https:\/\/www.spkatarzyna.pl\/index.php\/wp-json\/wp\/v2\/users\/6"}],"replies":[{"embeddable":true,"href":"https:\/\/www.spkatarzyna.pl\/index.php\/wp-json\/wp\/v2\/comments?post=18946"}],"version-history":[{"count":4,"href":"https:\/\/www.spkatarzyna.pl\/index.php\/wp-json\/wp\/v2\/posts\/18946\/revisions"}],"predecessor-version":[{"id":18960,"href":"https:\/\/www.spkatarzyna.pl\/index.php\/wp-json\/wp\/v2\/posts\/18946\/revisions\/18960"}],"wp:featuredmedia":[{"embeddable":true,"href":"https:\/\/www.spkatarzyna.pl\/index.php\/wp-json\/wp\/v2\/media\/18947"}],"wp:attachment":[{"href":"https:\/\/www.spkatarzyna.pl\/index.php\/wp-json\/wp\/v2\/media?parent=18946"}],"wp:term":[{"taxonomy":"category","embeddable":true,"href":"https:\/\/www.spkatarzyna.pl\/index.php\/wp-json\/wp\/v2\/categories?post=18946"},{"taxonomy":"post_tag","embeddable":true,"href":"https:\/\/www.spkatarzyna.pl\/index.php\/wp-json\/wp\/v2\/tags?post=18946"}],"curies":[{"name":"wp","href":"https:\/\/api.w.org\/{rel}","templated":true}]}}