{"id":18989,"date":"2026-03-25T14:46:46","date_gmt":"2026-03-25T14:46:46","guid":{"rendered":"https:\/\/www.spkatarzyna.pl\/?p=18989"},"modified":"2026-03-25T16:17:56","modified_gmt":"2026-03-25T16:17:56","slug":"wiosna-w-naszej-szkole","status":"publish","type":"post","link":"https:\/\/www.spkatarzyna.pl\/index.php\/2026\/03\/25\/wiosna-w-naszej-szkole\/","title":{"rendered":"Wiosna w naszej szkole"},"content":{"rendered":"\t\t<div data-elementor-type=\"wp-post\" data-elementor-id=\"18989\" class=\"elementor elementor-18989\">\n\t\t\t\t<div class=\"elementor-element elementor-element-2be6a231 e-flex e-con-boxed e-con e-parent\" data-id=\"2be6a231\" data-element_type=\"container\">\n\t\t\t\t\t<div class=\"e-con-inner\">\n\t\t\t\t<div class=\"elementor-element elementor-element-2c75cce8 elementor-widget elementor-widget-text-editor\" data-id=\"2c75cce8\" data-element_type=\"widget\" data-widget_type=\"text-editor.default\">\n\t\t\t\t\t\t\t\t\t<p style=\"text-align: justify;\"><span style=\"font-weight: 400; font-size: 14pt;\">\u00a0\u00a0\u00a0\u00a0\u00a0Zwiastuny wiosny ju\u017c od kilku dni ciesz\u0105 nasze oczy. Z ut\u0119sknieniem wypatrujemy pierwszych oznak budz\u0105cej si\u0119 do \u017cycia przyrody: kwiat\u00f3w, \u015bpiewu ptak\u00f3w oraz coraz cieplejszych promieni s\u0142o\u0144ca.\u00a0<\/span><\/p><p style=\"text-align: justify;\"><span style=\"font-weight: 400; font-size: 14pt;\">\u00a0\u00a0\u00a0\u00a0W naszych salach lekcyjnych zago\u015bci\u0142y barwne dekoracje. Pojawi\u0142y si\u0119 r\u00f3wnie\u017c zielone sadzonki, o kt\u00f3re uczniowie z zaanga\u017cowaniem dbaj\u0105 ka\u017cdego dnia. Szkolne korytarze zdobi\u0105 natomiast liczne, kolorowe kwiaty wykonane przez pani\u0105 Paulin\u0119 Ko\u0142odziej-Czy\u017c, kt\u00f3re nadaj\u0105 przestrzeni wyj\u0105tkowego uroku.<\/span><\/p>\t\t\t\t\t\t\t\t<\/div>\n\t\t\t\t<div class=\"elementor-element elementor-element-a8e0083 elementor-widget elementor-widget-image-gallery\" data-id=\"a8e0083\" data-element_type=\"widget\" data-widget_type=\"image-gallery.default\">\n\t\t\t\t\t\t\t<div class=\"elementor-image-gallery\">\n\t\t\t\n\t\t<div id='gallery-1' class='gallery galleryid-18989 gallery-columns-7 gallery-size-thumbnail gallery1'><script type=\"text\/javascript\">\n\/\/ <![CDATA[\n\tjQuery(document).ready(function () {\n\t\tjQuery(\".gallery1 a\").attr(\"rel\",\"gallery1\");\t\n\t\tjQuery('a[rel=\"gallery1\"]').colorbox({title: function(){ return jQuery(this).children().attr(\"alt\"); }});\n\t});\n\/\/ ]]>\n<\/script>\n<dl class=\"gallery-item\">\n<dt class=\"gallery-icon\">\n<a href=\"https:\/\/www.spkatarzyna.pl\/wp-content\/uploads\/2026\/03\/PHOTO-2026-03-25-15-05-24-2-300x213.jpg\" title=\"\" rel=\"gallery1\" rel=\"lightbox[18989]\"><img decoding=\"async\" src=\"https:\/\/www.spkatarzyna.pl\/wp-content\/uploads\/2026\/03\/PHOTO-2026-03-25-15-05-24-2-150x150.jpg\" width=\"150\" height=\"150\" alt=\"\" \/><\/a>\n<\/dt><\/dl><dl class=\"gallery-item\">\n<dt class=\"gallery-icon\">\n<a href=\"https:\/\/www.spkatarzyna.pl\/wp-content\/uploads\/2026\/03\/PHOTO-2026-03-25-15-05-24-3-300x225.jpg\" title=\"\" rel=\"gallery1\" rel=\"lightbox[18989]\"><img decoding=\"async\" src=\"https:\/\/www.spkatarzyna.pl\/wp-content\/uploads\/2026\/03\/PHOTO-2026-03-25-15-05-24-3-150x150.jpg\" width=\"150\" height=\"150\" alt=\"\" \/><\/a>\n<\/dt><\/dl><dl class=\"gallery-item\">\n<dt class=\"gallery-icon\">\n<a href=\"https:\/\/www.spkatarzyna.pl\/wp-content\/uploads\/2026\/03\/PHOTO-2026-03-25-15-05-24-4-300x225.jpg\" title=\"\" rel=\"gallery1\" rel=\"lightbox[18989]\"><img decoding=\"async\" src=\"https:\/\/www.spkatarzyna.pl\/wp-content\/uploads\/2026\/03\/PHOTO-2026-03-25-15-05-24-4-150x150.jpg\" width=\"150\" height=\"150\" alt=\"\" \/><\/a>\n<\/dt><\/dl><dl class=\"gallery-item\">\n<dt class=\"gallery-icon\">\n<a href=\"https:\/\/www.spkatarzyna.pl\/wp-content\/uploads\/2026\/03\/PHOTO-2026-03-25-15-05-24-300x223.jpg\" title=\"\" rel=\"gallery1\" rel=\"lightbox[18989]\"><img loading=\"lazy\" decoding=\"async\" src=\"https:\/\/www.spkatarzyna.pl\/wp-content\/uploads\/2026\/03\/PHOTO-2026-03-25-15-05-24-150x150.jpg\" width=\"150\" height=\"150\" alt=\"\" \/><\/a>\n<\/dt><\/dl><dl class=\"gallery-item\">\n<dt class=\"gallery-icon\">\n<a href=\"https:\/\/www.spkatarzyna.pl\/wp-content\/uploads\/2026\/03\/PHOTO-2026-03-25-15-05-25-2-1-300x225.jpg\" title=\"\" rel=\"gallery1\" rel=\"lightbox[18989]\"><img loading=\"lazy\" decoding=\"async\" src=\"https:\/\/www.spkatarzyna.pl\/wp-content\/uploads\/2026\/03\/PHOTO-2026-03-25-15-05-25-2-1-150x150.jpg\" width=\"150\" height=\"150\" alt=\"\" \/><\/a>\n<\/dt><\/dl><dl class=\"gallery-item\">\n<dt class=\"gallery-icon\">\n<a href=\"https:\/\/www.spkatarzyna.pl\/wp-content\/uploads\/2026\/03\/PHOTO-2026-03-25-15-05-25-3-300x225.jpg\" title=\"\" rel=\"gallery1\" rel=\"lightbox[18989]\"><img loading=\"lazy\" decoding=\"async\" src=\"https:\/\/www.spkatarzyna.pl\/wp-content\/uploads\/2026\/03\/PHOTO-2026-03-25-15-05-25-3-150x150.jpg\" width=\"150\" height=\"150\" alt=\"\" \/><\/a>\n<\/dt><\/dl><dl class=\"gallery-item\">\n<dt class=\"gallery-icon\">\n<a href=\"https:\/\/www.spkatarzyna.pl\/wp-content\/uploads\/2026\/03\/PHOTO-2026-03-25-15-05-25-300x210.jpg\" title=\"\" rel=\"gallery1\" rel=\"lightbox[18989]\"><img loading=\"lazy\" decoding=\"async\" src=\"https:\/\/www.spkatarzyna.pl\/wp-content\/uploads\/2026\/03\/PHOTO-2026-03-25-15-05-25-150x150.jpg\" width=\"150\" height=\"150\" alt=\"\" \/><\/a>\n<\/dt><\/dl><br style=\"clear: both\" \/><br style=\"clear: both\" \/><\/div>\t\t<\/div>\n\t\t\t\t\t\t<\/div>\n\t\t\t\t<div class=\"elementor-element elementor-element-4db2679 elementor-widget elementor-widget-video\" data-id=\"4db2679\" data-element_type=\"widget\" data-settings=\"{&quot;youtube_url&quot;:&quot;https:\\\/\\\/www.youtube.com\\\/watch?v=ZVlBCW8yyHE&quot;,&quot;video_type&quot;:&quot;youtube&quot;,&quot;controls&quot;:&quot;yes&quot;}\" data-widget_type=\"video.default\">\n\t\t\t\t\t\t\t<div class=\"elementor-wrapper elementor-open-inline\">\n\t\t\t<div class=\"elementor-video\"><\/div>\t\t<\/div>\n\t\t\t\t\t\t<\/div>\n\t\t\t\t\t<\/div>\n\t\t\t\t<\/div>\n\t\t\t\t<\/div>\n\t\t","protected":false},"excerpt":{"rendered":"<p>\u00a0\u00a0\u00a0\u00a0\u00a0Zwiastuny wiosny ju\u017c od kilku dni ciesz\u0105 nasze oczy. Z ut\u0119sknieniem wypatrujemy pierwszych oznak budz\u0105cej si\u0119 do \u017cycia przyrody: kwiat\u00f3w, \u015bpiewu ptak\u00f3w oraz coraz cieplejszych promieni s\u0142o\u0144ca.\u00a0 \u00a0\u00a0\u00a0\u00a0W naszych salach lekcyjnych zago\u015bci\u0142y barwne dekoracje. Pojawi\u0142y si\u0119 r\u00f3wnie\u017c zielone sadzonki, o kt\u00f3re uczniowie z zaanga\u017cowaniem dbaj\u0105 ka\u017cdego dnia. Szkolne korytarze zdobi\u0105 [&hellip;]<\/p>\n","protected":false},"author":6,"featured_media":18990,"comment_status":"open","ping_status":"open","sticky":false,"template":"","format":"standard","meta":{"om_disable_all_campaigns":false,"_monsterinsights_skip_tracking":false,"ngg_post_thumbnail":0,"footnotes":""},"categories":[1],"tags":[],"class_list":["post-18989","post","type-post","status-publish","format-standard","has-post-thumbnail","hentry","category-uncategorized"],"aioseo_notices":[],"aioseo_head":"\n\t\t<!-- All in One SEO 5.0.1.1 - aioseo.com -->\n\t<meta name=\"description\" content=\"Zwiastuny wiosny ju\u017c od kilku dni ciesz\u0105 nasze oczy. Z ut\u0119sknieniem wypatrujemy pierwszych oznak budz\u0105cej si\u0119 do \u017cycia przyrody: kwiat\u00f3w, \u015bpiewu ptak\u00f3w oraz coraz cieplejszych promieni s\u0142o\u0144ca. W naszych salach lekcyjnych zago\u015bci\u0142y barwne dekoracje. Pojawi\u0142y si\u0119 r\u00f3wnie\u017c zielone sadzonki, o kt\u00f3re uczniowie z zaanga\u017cowaniem dbaj\u0105 ka\u017cdego dnia. Szkolne korytarze zdobi\u0105 natomiast liczne, kolorowe kwiaty wykonane przez\" \/>\n\t<meta name=\"robots\" content=\"max-image-preview:large\" \/>\n\t<meta name=\"author\" content=\"Redakcja\"\/>\n\t<link rel=\"canonical\" href=\"https:\/\/www.spkatarzyna.pl\/index.php\/2026\/03\/25\/wiosna-w-naszej-szkole\/\" \/>\n\t<meta name=\"generator\" content=\"All in One SEO (AIOSEO) 5.0.1.1\" \/>\n\t\t<meta property=\"og:locale\" content=\"pl_PL\" \/>\n\t\t<meta property=\"og:site_name\" content=\"SP Katarzyna - Publiczna Szko\u0142a Podstawowa w \u015awi\u0119tej Katarzynie\" \/>\n\t\t<meta property=\"og:type\" content=\"article\" \/>\n\t\t<meta property=\"og:title\" content=\"Wiosna w naszej szkole - SP Katarzyna\" \/>\n\t\t<meta property=\"og:description\" content=\"Zwiastuny wiosny ju\u017c od kilku dni ciesz\u0105 nasze oczy. Z ut\u0119sknieniem wypatrujemy pierwszych oznak budz\u0105cej si\u0119 do \u017cycia przyrody: kwiat\u00f3w, \u015bpiewu ptak\u00f3w oraz coraz cieplejszych promieni s\u0142o\u0144ca. W naszych salach lekcyjnych zago\u015bci\u0142y barwne dekoracje. Pojawi\u0142y si\u0119 r\u00f3wnie\u017c zielone sadzonki, o kt\u00f3re uczniowie z zaanga\u017cowaniem dbaj\u0105 ka\u017cdego dnia. Szkolne korytarze zdobi\u0105 natomiast liczne, kolorowe kwiaty wykonane przez\" \/>\n\t\t<meta property=\"og:url\" content=\"https:\/\/www.spkatarzyna.pl\/index.php\/2026\/03\/25\/wiosna-w-naszej-szkole\/\" \/>\n\t\t<meta property=\"article:published_time\" content=\"2026-03-25T14:46:46+00:00\" \/>\n\t\t<meta property=\"article:modified_time\" content=\"2026-03-25T16:17:56+00:00\" \/>\n\t\t<meta name=\"twitter:card\" content=\"summary_large_image\" \/>\n\t\t<meta name=\"twitter:title\" content=\"Wiosna w naszej szkole - SP Katarzyna\" \/>\n\t\t<meta name=\"twitter:description\" content=\"Zwiastuny wiosny ju\u017c od kilku dni ciesz\u0105 nasze oczy. Z ut\u0119sknieniem wypatrujemy pierwszych oznak budz\u0105cej si\u0119 do \u017cycia przyrody: kwiat\u00f3w, \u015bpiewu ptak\u00f3w oraz coraz cieplejszych promieni s\u0142o\u0144ca. W naszych salach lekcyjnych zago\u015bci\u0142y barwne dekoracje. Pojawi\u0142y si\u0119 r\u00f3wnie\u017c zielone sadzonki, o kt\u00f3re uczniowie z zaanga\u017cowaniem dbaj\u0105 ka\u017cdego dnia. Szkolne korytarze zdobi\u0105 natomiast liczne, kolorowe kwiaty wykonane przez\" \/>\n\t\t<script type=\"application\/ld+json\" class=\"aioseo-schema\">\n\t\t\t{\"@context\":\"https:\\\/\\\/schema.org\",\"@graph\":[{\"@type\":\"BlogPosting\",\"@id\":\"https:\\\/\\\/www.spkatarzyna.pl\\\/index.php\\\/2026\\\/03\\\/25\\\/wiosna-w-naszej-szkole\\\/#blogposting\",\"name\":\"Wiosna w naszej szkole - SP Katarzyna\",\"headline\":\"Wiosna w naszej szkole\",\"author\":{\"@id\":\"https:\\\/\\\/www.spkatarzyna.pl\\\/index.php\\\/author\\\/agatasafianspkatarzyna-pl\\\/#author\"},\"publisher\":{\"@id\":\"https:\\\/\\\/www.spkatarzyna.pl\\\/#organization\"},\"image\":{\"@type\":\"ImageObject\",\"url\":\"https:\\\/\\\/www.spkatarzyna.pl\\\/wp-content\\\/uploads\\\/2026\\\/03\\\/PHOTO-2026-03-25-15-05-25-2.jpg\",\"width\":360,\"height\":202},\"datePublished\":\"2026-03-25T14:46:46+01:00\",\"dateModified\":\"2026-03-25T16:17:56+01:00\",\"inLanguage\":\"pl-PL\",\"mainEntityOfPage\":{\"@id\":\"https:\\\/\\\/www.spkatarzyna.pl\\\/index.php\\\/2026\\\/03\\\/25\\\/wiosna-w-naszej-szkole\\\/#webpage\"},\"isPartOf\":{\"@id\":\"https:\\\/\\\/www.spkatarzyna.pl\\\/index.php\\\/2026\\\/03\\\/25\\\/wiosna-w-naszej-szkole\\\/#webpage\"},\"articleSection\":\"Uncategorized\"},{\"@type\":\"BreadcrumbList\",\"@id\":\"https:\\\/\\\/www.spkatarzyna.pl\\\/index.php\\\/2026\\\/03\\\/25\\\/wiosna-w-naszej-szkole\\\/#breadcrumblist\",\"itemListElement\":[{\"@type\":\"ListItem\",\"@id\":\"https:\\\/\\\/www.spkatarzyna.pl#listItem\",\"position\":1,\"name\":\"Dom\",\"item\":\"https:\\\/\\\/www.spkatarzyna.pl\",\"nextItem\":{\"@type\":\"ListItem\",\"@id\":\"https:\\\/\\\/www.spkatarzyna.pl\\\/index.php\\\/category\\\/uncategorized\\\/#listItem\",\"name\":\"Uncategorized\"}},{\"@type\":\"ListItem\",\"@id\":\"https:\\\/\\\/www.spkatarzyna.pl\\\/index.php\\\/category\\\/uncategorized\\\/#listItem\",\"position\":2,\"name\":\"Uncategorized\",\"item\":\"https:\\\/\\\/www.spkatarzyna.pl\\\/index.php\\\/category\\\/uncategorized\\\/\",\"nextItem\":{\"@type\":\"ListItem\",\"@id\":\"https:\\\/\\\/www.spkatarzyna.pl\\\/index.php\\\/2026\\\/03\\\/25\\\/wiosna-w-naszej-szkole\\\/#listItem\",\"name\":\"Wiosna w naszej szkole\"},\"previousItem\":{\"@type\":\"ListItem\",\"@id\":\"https:\\\/\\\/www.spkatarzyna.pl#listItem\",\"name\":\"Dom\"}},{\"@type\":\"ListItem\",\"@id\":\"https:\\\/\\\/www.spkatarzyna.pl\\\/index.php\\\/2026\\\/03\\\/25\\\/wiosna-w-naszej-szkole\\\/#listItem\",\"position\":3,\"name\":\"Wiosna w naszej szkole\",\"previousItem\":{\"@type\":\"ListItem\",\"@id\":\"https:\\\/\\\/www.spkatarzyna.pl\\\/index.php\\\/category\\\/uncategorized\\\/#listItem\",\"name\":\"Uncategorized\"}}]},{\"@type\":\"Organization\",\"@id\":\"https:\\\/\\\/www.spkatarzyna.pl\\\/#organization\",\"name\":\"SP Katarzyna\",\"description\":\"Publiczna Szko\\u0142a Podstawowa w \\u015awi\\u0119tej Katarzynie\",\"url\":\"https:\\\/\\\/www.spkatarzyna.pl\\\/\",\"telephone\":\"+48713116378\",\"sameAs\":[\"https:\\\/\\\/facebook.com\\\/\",\"https:\\\/\\\/x.com\\\/\",\"https:\\\/\\\/instagram.com\\\/\",\"https:\\\/\\\/pinterest.com\\\/\",\"https:\\\/\\\/youtube.com\\\/\",\"https:\\\/\\\/linkedin.com\\\/in\\\/\"]},{\"@type\":\"Person\",\"@id\":\"https:\\\/\\\/www.spkatarzyna.pl\\\/index.php\\\/author\\\/agatasafianspkatarzyna-pl\\\/#author\",\"url\":\"https:\\\/\\\/www.spkatarzyna.pl\\\/index.php\\\/author\\\/agatasafianspkatarzyna-pl\\\/\",\"name\":\"Redakcja\",\"image\":{\"@type\":\"ImageObject\",\"@id\":\"https:\\\/\\\/www.spkatarzyna.pl\\\/index.php\\\/2026\\\/03\\\/25\\\/wiosna-w-naszej-szkole\\\/#authorImage\",\"url\":\"https:\\\/\\\/secure.gravatar.com\\\/avatar\\\/765290513df94d442152250e92b42327?s=96&d=mm&r=g\",\"width\":96,\"height\":96,\"caption\":\"Redakcja\"}},{\"@type\":\"WebPage\",\"@id\":\"https:\\\/\\\/www.spkatarzyna.pl\\\/index.php\\\/2026\\\/03\\\/25\\\/wiosna-w-naszej-szkole\\\/#webpage\",\"url\":\"https:\\\/\\\/www.spkatarzyna.pl\\\/index.php\\\/2026\\\/03\\\/25\\\/wiosna-w-naszej-szkole\\\/\",\"name\":\"Wiosna w naszej szkole - SP Katarzyna\",\"description\":\"Zwiastuny wiosny ju\\u017c od kilku dni ciesz\\u0105 nasze oczy. Z ut\\u0119sknieniem wypatrujemy pierwszych oznak budz\\u0105cej si\\u0119 do \\u017cycia przyrody: kwiat\\u00f3w, \\u015bpiewu ptak\\u00f3w oraz coraz cieplejszych promieni s\\u0142o\\u0144ca. W naszych salach lekcyjnych zago\\u015bci\\u0142y barwne dekoracje. Pojawi\\u0142y si\\u0119 r\\u00f3wnie\\u017c zielone sadzonki, o kt\\u00f3re uczniowie z zaanga\\u017cowaniem dbaj\\u0105 ka\\u017cdego dnia. Szkolne korytarze zdobi\\u0105 natomiast liczne, kolorowe kwiaty wykonane przez\",\"inLanguage\":\"pl-PL\",\"isPartOf\":{\"@id\":\"https:\\\/\\\/www.spkatarzyna.pl\\\/#website\"},\"breadcrumb\":{\"@id\":\"https:\\\/\\\/www.spkatarzyna.pl\\\/index.php\\\/2026\\\/03\\\/25\\\/wiosna-w-naszej-szkole\\\/#breadcrumblist\"},\"author\":{\"@id\":\"https:\\\/\\\/www.spkatarzyna.pl\\\/index.php\\\/author\\\/agatasafianspkatarzyna-pl\\\/#author\"},\"creator\":{\"@id\":\"https:\\\/\\\/www.spkatarzyna.pl\\\/index.php\\\/author\\\/agatasafianspkatarzyna-pl\\\/#author\"},\"image\":{\"@type\":\"ImageObject\",\"url\":\"https:\\\/\\\/www.spkatarzyna.pl\\\/wp-content\\\/uploads\\\/2026\\\/03\\\/PHOTO-2026-03-25-15-05-25-2.jpg\",\"@id\":\"https:\\\/\\\/www.spkatarzyna.pl\\\/index.php\\\/2026\\\/03\\\/25\\\/wiosna-w-naszej-szkole\\\/#mainImage\",\"width\":360,\"height\":202},\"primaryImageOfPage\":{\"@id\":\"https:\\\/\\\/www.spkatarzyna.pl\\\/index.php\\\/2026\\\/03\\\/25\\\/wiosna-w-naszej-szkole\\\/#mainImage\"},\"datePublished\":\"2026-03-25T14:46:46+01:00\",\"dateModified\":\"2026-03-25T16:17:56+01:00\"},{\"@type\":\"WebSite\",\"@id\":\"https:\\\/\\\/www.spkatarzyna.pl\\\/#website\",\"url\":\"https:\\\/\\\/www.spkatarzyna.pl\\\/\",\"name\":\"SP Katarzyna\",\"description\":\"Publiczna Szko\\u0142a Podstawowa w \\u015awi\\u0119tej Katarzynie\",\"inLanguage\":\"pl-PL\",\"publisher\":{\"@id\":\"https:\\\/\\\/www.spkatarzyna.pl\\\/#organization\"}}]}\n\t\t<\/script>\n\t\t<!-- All in One SEO -->\n\n","aioseo_head_json":{"title":"Wiosna w naszej szkole - SP Katarzyna","description":"Zwiastuny wiosny ju\u017c od kilku dni ciesz\u0105 nasze oczy. Z ut\u0119sknieniem wypatrujemy pierwszych oznak budz\u0105cej si\u0119 do \u017cycia przyrody: kwiat\u00f3w, \u015bpiewu ptak\u00f3w oraz coraz cieplejszych promieni s\u0142o\u0144ca. W naszych salach lekcyjnych zago\u015bci\u0142y barwne dekoracje. Pojawi\u0142y si\u0119 r\u00f3wnie\u017c zielone sadzonki, o kt\u00f3re uczniowie z zaanga\u017cowaniem dbaj\u0105 ka\u017cdego dnia. Szkolne korytarze zdobi\u0105 natomiast liczne, kolorowe kwiaty wykonane przez","canonical_url":"https:\/\/www.spkatarzyna.pl\/index.php\/2026\/03\/25\/wiosna-w-naszej-szkole\/","robots":"max-image-preview:large","keywords":"","webmasterTools":{"miscellaneous":""},"schema":{"@context":"https:\/\/schema.org","@graph":[{"@type":"BlogPosting","@id":"https:\/\/www.spkatarzyna.pl\/index.php\/2026\/03\/25\/wiosna-w-naszej-szkole\/#blogposting","name":"Wiosna w naszej szkole - SP Katarzyna","headline":"Wiosna w naszej szkole","author":{"@id":"https:\/\/www.spkatarzyna.pl\/index.php\/author\/agatasafianspkatarzyna-pl\/#author"},"publisher":{"@id":"https:\/\/www.spkatarzyna.pl\/#organization"},"image":{"@type":"ImageObject","url":"https:\/\/www.spkatarzyna.pl\/wp-content\/uploads\/2026\/03\/PHOTO-2026-03-25-15-05-25-2.jpg","width":360,"height":202},"datePublished":"2026-03-25T14:46:46+01:00","dateModified":"2026-03-25T16:17:56+01:00","inLanguage":"pl-PL","mainEntityOfPage":{"@id":"https:\/\/www.spkatarzyna.pl\/index.php\/2026\/03\/25\/wiosna-w-naszej-szkole\/#webpage"},"isPartOf":{"@id":"https:\/\/www.spkatarzyna.pl\/index.php\/2026\/03\/25\/wiosna-w-naszej-szkole\/#webpage"},"articleSection":"Uncategorized"},{"@type":"BreadcrumbList","@id":"https:\/\/www.spkatarzyna.pl\/index.php\/2026\/03\/25\/wiosna-w-naszej-szkole\/#breadcrumblist","itemListElement":[{"@type":"ListItem","@id":"https:\/\/www.spkatarzyna.pl#listItem","position":1,"name":"Dom","item":"https:\/\/www.spkatarzyna.pl","nextItem":{"@type":"ListItem","@id":"https:\/\/www.spkatarzyna.pl\/index.php\/category\/uncategorized\/#listItem","name":"Uncategorized"}},{"@type":"ListItem","@id":"https:\/\/www.spkatarzyna.pl\/index.php\/category\/uncategorized\/#listItem","position":2,"name":"Uncategorized","item":"https:\/\/www.spkatarzyna.pl\/index.php\/category\/uncategorized\/","nextItem":{"@type":"ListItem","@id":"https:\/\/www.spkatarzyna.pl\/index.php\/2026\/03\/25\/wiosna-w-naszej-szkole\/#listItem","name":"Wiosna w naszej szkole"},"previousItem":{"@type":"ListItem","@id":"https:\/\/www.spkatarzyna.pl#listItem","name":"Dom"}},{"@type":"ListItem","@id":"https:\/\/www.spkatarzyna.pl\/index.php\/2026\/03\/25\/wiosna-w-naszej-szkole\/#listItem","position":3,"name":"Wiosna w naszej szkole","previousItem":{"@type":"ListItem","@id":"https:\/\/www.spkatarzyna.pl\/index.php\/category\/uncategorized\/#listItem","name":"Uncategorized"}}]},{"@type":"Organization","@id":"https:\/\/www.spkatarzyna.pl\/#organization","name":"SP Katarzyna","description":"Publiczna Szko\u0142a Podstawowa w \u015awi\u0119tej Katarzynie","url":"https:\/\/www.spkatarzyna.pl\/","telephone":"+48713116378","sameAs":["https:\/\/facebook.com\/","https:\/\/x.com\/","https:\/\/instagram.com\/","https:\/\/pinterest.com\/","https:\/\/youtube.com\/","https:\/\/linkedin.com\/in\/"]},{"@type":"Person","@id":"https:\/\/www.spkatarzyna.pl\/index.php\/author\/agatasafianspkatarzyna-pl\/#author","url":"https:\/\/www.spkatarzyna.pl\/index.php\/author\/agatasafianspkatarzyna-pl\/","name":"Redakcja","image":{"@type":"ImageObject","@id":"https:\/\/www.spkatarzyna.pl\/index.php\/2026\/03\/25\/wiosna-w-naszej-szkole\/#authorImage","url":"https:\/\/secure.gravatar.com\/avatar\/765290513df94d442152250e92b42327?s=96&d=mm&r=g","width":96,"height":96,"caption":"Redakcja"}},{"@type":"WebPage","@id":"https:\/\/www.spkatarzyna.pl\/index.php\/2026\/03\/25\/wiosna-w-naszej-szkole\/#webpage","url":"https:\/\/www.spkatarzyna.pl\/index.php\/2026\/03\/25\/wiosna-w-naszej-szkole\/","name":"Wiosna w naszej szkole - SP Katarzyna","description":"Zwiastuny wiosny ju\u017c od kilku dni ciesz\u0105 nasze oczy. Z ut\u0119sknieniem wypatrujemy pierwszych oznak budz\u0105cej si\u0119 do \u017cycia przyrody: kwiat\u00f3w, \u015bpiewu ptak\u00f3w oraz coraz cieplejszych promieni s\u0142o\u0144ca. W naszych salach lekcyjnych zago\u015bci\u0142y barwne dekoracje. Pojawi\u0142y si\u0119 r\u00f3wnie\u017c zielone sadzonki, o kt\u00f3re uczniowie z zaanga\u017cowaniem dbaj\u0105 ka\u017cdego dnia. Szkolne korytarze zdobi\u0105 natomiast liczne, kolorowe kwiaty wykonane przez","inLanguage":"pl-PL","isPartOf":{"@id":"https:\/\/www.spkatarzyna.pl\/#website"},"breadcrumb":{"@id":"https:\/\/www.spkatarzyna.pl\/index.php\/2026\/03\/25\/wiosna-w-naszej-szkole\/#breadcrumblist"},"author":{"@id":"https:\/\/www.spkatarzyna.pl\/index.php\/author\/agatasafianspkatarzyna-pl\/#author"},"creator":{"@id":"https:\/\/www.spkatarzyna.pl\/index.php\/author\/agatasafianspkatarzyna-pl\/#author"},"image":{"@type":"ImageObject","url":"https:\/\/www.spkatarzyna.pl\/wp-content\/uploads\/2026\/03\/PHOTO-2026-03-25-15-05-25-2.jpg","@id":"https:\/\/www.spkatarzyna.pl\/index.php\/2026\/03\/25\/wiosna-w-naszej-szkole\/#mainImage","width":360,"height":202},"primaryImageOfPage":{"@id":"https:\/\/www.spkatarzyna.pl\/index.php\/2026\/03\/25\/wiosna-w-naszej-szkole\/#mainImage"},"datePublished":"2026-03-25T14:46:46+01:00","dateModified":"2026-03-25T16:17:56+01:00"},{"@type":"WebSite","@id":"https:\/\/www.spkatarzyna.pl\/#website","url":"https:\/\/www.spkatarzyna.pl\/","name":"SP Katarzyna","description":"Publiczna Szko\u0142a Podstawowa w \u015awi\u0119tej Katarzynie","inLanguage":"pl-PL","publisher":{"@id":"https:\/\/www.spkatarzyna.pl\/#organization"}}]},"og:locale":"pl_PL","og:site_name":"SP Katarzyna - Publiczna Szko\u0142a Podstawowa w \u015awi\u0119tej Katarzynie","og:type":"article","og:title":"Wiosna w naszej szkole - SP Katarzyna","og:description":"Zwiastuny wiosny ju\u017c od kilku dni ciesz\u0105 nasze oczy. Z ut\u0119sknieniem wypatrujemy pierwszych oznak budz\u0105cej si\u0119 do \u017cycia przyrody: kwiat\u00f3w, \u015bpiewu ptak\u00f3w oraz coraz cieplejszych promieni s\u0142o\u0144ca. W naszych salach lekcyjnych zago\u015bci\u0142y barwne dekoracje. Pojawi\u0142y si\u0119 r\u00f3wnie\u017c zielone sadzonki, o kt\u00f3re uczniowie z zaanga\u017cowaniem dbaj\u0105 ka\u017cdego dnia. Szkolne korytarze zdobi\u0105 natomiast liczne, kolorowe kwiaty wykonane przez","og:url":"https:\/\/www.spkatarzyna.pl\/index.php\/2026\/03\/25\/wiosna-w-naszej-szkole\/","article:published_time":"2026-03-25T14:46:46+00:00","article:modified_time":"2026-03-25T16:17:56+00:00","twitter:card":"summary_large_image","twitter:title":"Wiosna w naszej szkole - SP Katarzyna","twitter:description":"Zwiastuny wiosny ju\u017c od kilku dni ciesz\u0105 nasze oczy. Z ut\u0119sknieniem wypatrujemy pierwszych oznak budz\u0105cej si\u0119 do \u017cycia przyrody: kwiat\u00f3w, \u015bpiewu ptak\u00f3w oraz coraz cieplejszych promieni s\u0142o\u0144ca. W naszych salach lekcyjnych zago\u015bci\u0142y barwne dekoracje. Pojawi\u0142y si\u0119 r\u00f3wnie\u017c zielone sadzonki, o kt\u00f3re uczniowie z zaanga\u017cowaniem dbaj\u0105 ka\u017cdego dnia. Szkolne korytarze zdobi\u0105 natomiast liczne, kolorowe kwiaty wykonane przez"},"aioseo_meta_data":{"post_id":"18989","title":null,"description":null,"keywords":null,"keyphrases":{"focus":{"keyphrase":"","score":0,"analysis":{"keyphraseInTitle":{"score":0,"maxScore":9,"error":1}}},"additional":[]},"primary_term":null,"canonical_url":null,"og_title":null,"og_description":null,"og_object_type":"default","og_image_type":"default","og_image_url":null,"og_image_width":null,"og_image_height":null,"og_image_custom_url":null,"og_image_custom_fields":null,"og_video":"","og_custom_url":null,"og_article_section":null,"og_article_tags":null,"twitter_use_og":false,"twitter_card":"default","twitter_image_type":"default","twitter_image_url":null,"twitter_image_custom_url":null,"twitter_image_custom_fields":null,"twitter_title":null,"twitter_description":null,"schema":{"blockGraphs":[],"customGraphs":[],"default":{"data":{"Article":[],"Course":[],"Dataset":[],"FAQPage":[],"Movie":[],"Person":[],"Product":[],"ProductReview":[],"Car":[],"Recipe":[],"Service":[],"SoftwareApplication":[],"WebPage":[]},"graphName":"BlogPosting","isEnabled":true},"graphs":[]},"schema_type":"default","schema_type_options":null,"pillar_content":false,"robots_default":true,"robots_noindex":false,"robots_noarchive":false,"robots_nosnippet":false,"robots_nofollow":false,"robots_noimageindex":false,"robots_noodp":false,"robots_notranslate":false,"robots_max_snippet":"-1","robots_max_videopreview":"-1","robots_max_imagepreview":"large","priority":null,"frequency":"default","local_seo":null,"limit_modified_date":false,"created":"2026-03-25 15:54:31","updated":"2026-09-03 17:52:13","focus_keyword":null,"additional_keywords":null,"truseo_locale":null,"ai":null,"breadcrumb_settings":null,"seo_analyzer_scan_date":null},"aioseo_breadcrumb":"<div class=\"aioseo-breadcrumbs\"><span class=\"aioseo-breadcrumb\">\n\t\t\t<a href=\"https:\/\/www.spkatarzyna.pl\" title=\"Dom\">Dom<\/a>\n\t\t<\/span><span class=\"aioseo-breadcrumb-separator\">&raquo;<\/span><span class=\"aioseo-breadcrumb\">\n\t\t\t<a href=\"https:\/\/www.spkatarzyna.pl\/index.php\/category\/uncategorized\/\" title=\"Uncategorized\">Uncategorized<\/a>\n\t\t<\/span><span class=\"aioseo-breadcrumb-separator\">&raquo;<\/span><span class=\"aioseo-breadcrumb\">\n\t\t\tWiosna w naszej szkole\n\t\t<\/span><\/div>","aioseo_breadcrumb_json":[{"label":"Dom","link":"https:\/\/www.spkatarzyna.pl"},{"label":"Uncategorized","link":"https:\/\/www.spkatarzyna.pl\/index.php\/category\/uncategorized\/"},{"label":"Wiosna w naszej szkole","link":"https:\/\/www.spkatarzyna.pl\/index.php\/2026\/03\/25\/wiosna-w-naszej-szkole\/"}],"_links":{"self":[{"href":"https:\/\/www.spkatarzyna.pl\/index.php\/wp-json\/wp\/v2\/posts\/18989","targetHints":{"allow":["GET"]}}],"collection":[{"href":"https:\/\/www.spkatarzyna.pl\/index.php\/wp-json\/wp\/v2\/posts"}],"about":[{"href":"https:\/\/www.spkatarzyna.pl\/index.php\/wp-json\/wp\/v2\/types\/post"}],"author":[{"embeddable":true,"href":"https:\/\/www.spkatarzyna.pl\/index.php\/wp-json\/wp\/v2\/users\/6"}],"replies":[{"embeddable":true,"href":"https:\/\/www.spkatarzyna.pl\/index.php\/wp-json\/wp\/v2\/comments?post=18989"}],"version-history":[{"count":29,"href":"https:\/\/www.spkatarzyna.pl\/index.php\/wp-json\/wp\/v2\/posts\/18989\/revisions"}],"predecessor-version":[{"id":19028,"href":"https:\/\/www.spkatarzyna.pl\/index.php\/wp-json\/wp\/v2\/posts\/18989\/revisions\/19028"}],"wp:featuredmedia":[{"embeddable":true,"href":"https:\/\/www.spkatarzyna.pl\/index.php\/wp-json\/wp\/v2\/media\/18990"}],"wp:attachment":[{"href":"https:\/\/www.spkatarzyna.pl\/index.php\/wp-json\/wp\/v2\/media?parent=18989"}],"wp:term":[{"taxonomy":"category","embeddable":true,"href":"https:\/\/www.spkatarzyna.pl\/index.php\/wp-json\/wp\/v2\/categories?post=18989"},{"taxonomy":"post_tag","embeddable":true,"href":"https:\/\/www.spkatarzyna.pl\/index.php\/wp-json\/wp\/v2\/tags?post=18989"}],"curies":[{"name":"wp","href":"https:\/\/api.w.org\/{rel}","templated":true}]}}