{"id":19030,"date":"2026-03-28T20:24:52","date_gmt":"2026-03-28T20:24:52","guid":{"rendered":"https:\/\/www.spkatarzyna.pl\/?p=19030"},"modified":"2026-03-29T20:30:37","modified_gmt":"2026-03-29T20:30:37","slug":"zobaczyc-soplicowo","status":"publish","type":"post","link":"https:\/\/www.spkatarzyna.pl\/index.php\/2026\/03\/28\/zobaczyc-soplicowo\/","title":{"rendered":"Zobaczy\u0107 Soplicowo"},"content":{"rendered":"\t\t<div data-elementor-type=\"wp-post\" data-elementor-id=\"19030\" class=\"elementor elementor-19030\">\n\t\t\t\t<div class=\"elementor-element elementor-element-26055c18 e-flex e-con-boxed e-con e-parent\" data-id=\"26055c18\" data-element_type=\"container\">\n\t\t\t\t\t<div class=\"e-con-inner\">\n\t\t\t\t<div class=\"elementor-element elementor-element-59311e51 elementor-widget elementor-widget-text-editor\" data-id=\"59311e51\" data-element_type=\"widget\" data-widget_type=\"text-editor.default\">\n\t\t\t\t\t\t\t\t\t<p style=\"text-align: justify;\"><span style=\"font-size: 14pt;\"><span style=\"font-weight: 400;\">Dnia 27 marca uczniowie klasy 8a wzi\u0119li udzia\u0142 w&nbsp; wycieczce edukacyjnej, kt\u00f3ra pozwoli\u0142a im lepiej zrozumie\u0107 tre\u015b\u0107&nbsp; jednej z najwa\u017cniejszych lektur szkolnych&nbsp; \u201ePana Tadeusza\u201d A. Mickiewicza<\/span><i><span style=\"font-weight: 400;\">. <\/span><\/i><span style=\"font-weight: 400;\">Zaj\u0119cia mia\u0142y form\u0119 interaktywn\u0105, dzi\u0119ki czemu m\u0142odzie\u017c mog\u0142a w ciekawy i anga\u017cuj\u0105cy spos\u00f3b utrwali\u0107 swoj\u0105 wiedz\u0119, a tak\u017ce spojrze\u0107 na utw\u00f3r z nowej perspektywy.<\/span><\/span><\/p>\r\n<p style=\"text-align: justify;\"><span style=\"font-weight: 400; font-size: 14pt;\">Kolejnym etapem wycieczki by\u0142o zwiedzanie gmachu g\u0142\u00f3wnego Uniwersytetu Wroc\u0142awskiego. Uczniowie mieli okazj\u0119 podziwia\u0107 barokow\u0105 Aul\u0119 Leopoldinum, jedn\u0105 z najpi\u0119kniejszych sal reprezentacyjnych w Polsce. Nast\u0119pnie weszli na Wie\u017c\u0119 Matematyczn\u0105, sk\u0105d mogli podziwia\u0107 panoram\u0119 Wroc\u0142awia.<\/span><\/p>\r\n<p style=\"text-align: justify;\"><span style=\"font-weight: 400; font-size: 14pt;\">Wycieczka by\u0142a nie tylko doskona\u0142\u0105 okazj\u0105 do powt\u00f3rzenia materia\u0142u przed egzaminem, ale tak\u017ce inspiruj\u0105cym do\u015bwiadczeniem kulturalnym.&nbsp;<\/span><\/p>\r\n<p style=\"text-align: justify;\">\r\n<br style=\"font-weight: 400;\"><\/p>\t\t\t\t\t\t\t\t<\/div>\n\t\t\t\t<div class=\"elementor-element elementor-element-e6fc0f4 elementor-widget elementor-widget-image-gallery\" data-id=\"e6fc0f4\" data-element_type=\"widget\" data-widget_type=\"image-gallery.default\">\n\t\t\t\t\t\t\t<div class=\"elementor-image-gallery\">\n\t\t\t\n\t\t<div id='gallery-1' class='gallery galleryid-19030 gallery-columns-5 gallery-size-thumbnail gallery1'><script type=\"text\/javascript\">\n\/\/ <![CDATA[\n\tjQuery(document).ready(function () {\n\t\tjQuery(\".gallery1 a\").attr(\"rel\",\"gallery1\");\t\n\t\tjQuery('a[rel=\"gallery1\"]').colorbox({title: function(){ return jQuery(this).children().attr(\"alt\"); }});\n\t});\n\/\/ ]]>\n<\/script>\n<dl class=\"gallery-item\">\n<dt class=\"gallery-icon\">\n<a href=\"https:\/\/www.spkatarzyna.pl\/wp-content\/uploads\/2026\/03\/IMG_0442-300x225.jpeg\" title=\"\" rel=\"gallery1\" rel=\"lightbox[19030]\"><img decoding=\"async\" src=\"https:\/\/www.spkatarzyna.pl\/wp-content\/uploads\/2026\/03\/IMG_0442-150x150.jpeg\" width=\"150\" height=\"150\" alt=\"\" \/><\/a>\n<\/dt><\/dl><dl class=\"gallery-item\">\n<dt class=\"gallery-icon\">\n<a href=\"https:\/\/www.spkatarzyna.pl\/wp-content\/uploads\/2026\/03\/IMG_0446-300x225.jpeg\" title=\"\" rel=\"gallery1\" rel=\"lightbox[19030]\"><img decoding=\"async\" src=\"https:\/\/www.spkatarzyna.pl\/wp-content\/uploads\/2026\/03\/IMG_0446-150x150.jpeg\" width=\"150\" height=\"150\" alt=\"\" \/><\/a>\n<\/dt><\/dl><dl class=\"gallery-item\">\n<dt class=\"gallery-icon\">\n<a href=\"https:\/\/www.spkatarzyna.pl\/wp-content\/uploads\/2026\/03\/IMG_0449-300x225.jpeg\" title=\"\" rel=\"gallery1\" rel=\"lightbox[19030]\"><img decoding=\"async\" src=\"https:\/\/www.spkatarzyna.pl\/wp-content\/uploads\/2026\/03\/IMG_0449-150x150.jpeg\" width=\"150\" height=\"150\" alt=\"\" \/><\/a>\n<\/dt><\/dl><dl class=\"gallery-item\">\n<dt class=\"gallery-icon\">\n<a href=\"https:\/\/www.spkatarzyna.pl\/wp-content\/uploads\/2026\/03\/IMG_0455-300x214.jpeg\" title=\"\" rel=\"gallery1\" rel=\"lightbox[19030]\"><img loading=\"lazy\" decoding=\"async\" src=\"https:\/\/www.spkatarzyna.pl\/wp-content\/uploads\/2026\/03\/IMG_0455-150x150.jpeg\" width=\"150\" height=\"150\" alt=\"\" \/><\/a>\n<\/dt><\/dl><dl class=\"gallery-item\">\n<dt class=\"gallery-icon\">\n<a href=\"https:\/\/www.spkatarzyna.pl\/wp-content\/uploads\/2026\/03\/IMG_0459-300x225.jpeg\" title=\"\" rel=\"gallery1\" rel=\"lightbox[19030]\"><img loading=\"lazy\" decoding=\"async\" src=\"https:\/\/www.spkatarzyna.pl\/wp-content\/uploads\/2026\/03\/IMG_0459-150x150.jpeg\" width=\"150\" height=\"150\" alt=\"\" \/><\/a>\n<\/dt><\/dl><br style=\"clear: both\" \/><dl class=\"gallery-item\">\n<dt class=\"gallery-icon\">\n<a href=\"https:\/\/www.spkatarzyna.pl\/wp-content\/uploads\/2026\/03\/IMG_0463-300x217.jpeg\" title=\"\" rel=\"gallery1\" rel=\"lightbox[19030]\"><img loading=\"lazy\" decoding=\"async\" src=\"https:\/\/www.spkatarzyna.pl\/wp-content\/uploads\/2026\/03\/IMG_0463-150x150.jpeg\" width=\"150\" height=\"150\" alt=\"\" \/><\/a>\n<\/dt><\/dl><dl class=\"gallery-item\">\n<dt class=\"gallery-icon\">\n<a href=\"https:\/\/www.spkatarzyna.pl\/wp-content\/uploads\/2026\/03\/IMG_0488-300x227.jpeg\" title=\"\" rel=\"gallery1\" rel=\"lightbox[19030]\"><img loading=\"lazy\" decoding=\"async\" src=\"https:\/\/www.spkatarzyna.pl\/wp-content\/uploads\/2026\/03\/IMG_0488-150x150.jpeg\" width=\"150\" height=\"150\" alt=\"\" \/><\/a>\n<\/dt><\/dl><dl class=\"gallery-item\">\n<dt class=\"gallery-icon\">\n<a href=\"https:\/\/www.spkatarzyna.pl\/wp-content\/uploads\/2026\/03\/IMG_0480-300x225.jpeg\" title=\"\" rel=\"gallery1\" rel=\"lightbox[19030]\"><img loading=\"lazy\" decoding=\"async\" src=\"https:\/\/www.spkatarzyna.pl\/wp-content\/uploads\/2026\/03\/IMG_0480-150x150.jpeg\" width=\"150\" height=\"150\" alt=\"\" \/><\/a>\n<\/dt><\/dl><dl class=\"gallery-item\">\n<dt class=\"gallery-icon\">\n<a href=\"https:\/\/www.spkatarzyna.pl\/wp-content\/uploads\/2026\/03\/IMG_0476-300x229.jpeg\" title=\"\" rel=\"gallery1\" rel=\"lightbox[19030]\"><img loading=\"lazy\" decoding=\"async\" src=\"https:\/\/www.spkatarzyna.pl\/wp-content\/uploads\/2026\/03\/IMG_0476-150x150.jpeg\" width=\"150\" height=\"150\" alt=\"\" \/><\/a>\n<\/dt><\/dl><dl class=\"gallery-item\">\n<dt class=\"gallery-icon\">\n<a href=\"https:\/\/www.spkatarzyna.pl\/wp-content\/uploads\/2026\/03\/IMG_0470-300x225.jpeg\" title=\"\" rel=\"gallery1\" rel=\"lightbox[19030]\"><img loading=\"lazy\" decoding=\"async\" src=\"https:\/\/www.spkatarzyna.pl\/wp-content\/uploads\/2026\/03\/IMG_0470-150x150.jpeg\" width=\"150\" height=\"150\" alt=\"\" \/><\/a>\n<\/dt><\/dl><br style=\"clear: both\" \/><br style=\"clear: both\" \/><\/div>\t\t<\/div>\n\t\t\t\t\t\t<\/div>\n\t\t\t\t\t<\/div>\n\t\t\t\t<\/div>\n\t\t\t\t<\/div>\n\t\t","protected":false},"excerpt":{"rendered":"<p>Dnia 27 marca uczniowie klasy 8a wzi\u0119li udzia\u0142 w&nbsp; wycieczce edukacyjnej, kt\u00f3ra pozwoli\u0142a im lepiej zrozumie\u0107 tre\u015b\u0107&nbsp; jednej z najwa\u017cniejszych lektur szkolnych&nbsp; \u201ePana Tadeusza\u201d A. Mickiewicza. Zaj\u0119cia mia\u0142y form\u0119 interaktywn\u0105, dzi\u0119ki czemu m\u0142odzie\u017c mog\u0142a w ciekawy i anga\u017cuj\u0105cy spos\u00f3b utrwali\u0107 swoj\u0105 wiedz\u0119, a tak\u017ce spojrze\u0107 na utw\u00f3r z nowej perspektywy. [&hellip;]<\/p>\n","protected":false},"author":6,"featured_media":19031,"comment_status":"open","ping_status":"open","sticky":false,"template":"","format":"standard","meta":{"om_disable_all_campaigns":false,"_monsterinsights_skip_tracking":false,"ngg_post_thumbnail":0,"footnotes":""},"categories":[1],"tags":[],"class_list":["post-19030","post","type-post","status-publish","format-standard","has-post-thumbnail","hentry","category-uncategorized"],"aioseo_notices":[],"aioseo_head":"\n\t\t<!-- All in One SEO 5.0.1.1 - aioseo.com -->\n\t<meta name=\"description\" content=\"Dnia 27 marca uczniowie klasy 8a wzi\u0119li udzia\u0142 w wycieczce edukacyjnej, kt\u00f3ra pozwoli\u0142a im lepiej zrozumie\u0107 tre\u015b\u0107 jednej z najwa\u017cniejszych lektur szkolnych \u201ePana Tadeusza\u201d A. Mickiewicza. Zaj\u0119cia mia\u0142y form\u0119 interaktywn\u0105, dzi\u0119ki czemu m\u0142odzie\u017c mog\u0142a w ciekawy i anga\u017cuj\u0105cy spos\u00f3b utrwali\u0107 swoj\u0105 wiedz\u0119, a tak\u017ce spojrze\u0107 na utw\u00f3r z nowej perspektywy. Kolejnym etapem wycieczki by\u0142o zwiedzanie\" \/>\n\t<meta name=\"robots\" content=\"max-image-preview:large\" \/>\n\t<meta name=\"author\" content=\"Redakcja\"\/>\n\t<link rel=\"canonical\" href=\"https:\/\/www.spkatarzyna.pl\/index.php\/2026\/03\/28\/zobaczyc-soplicowo\/\" \/>\n\t<meta name=\"generator\" content=\"All in One SEO (AIOSEO) 5.0.1.1\" \/>\n\t\t<meta property=\"og:locale\" content=\"pl_PL\" \/>\n\t\t<meta property=\"og:site_name\" content=\"SP Katarzyna - Publiczna Szko\u0142a Podstawowa w \u015awi\u0119tej Katarzynie\" \/>\n\t\t<meta property=\"og:type\" content=\"article\" \/>\n\t\t<meta property=\"og:title\" content=\"Zobaczy\u0107 Soplicowo - SP Katarzyna\" \/>\n\t\t<meta property=\"og:description\" content=\"Dnia 27 marca uczniowie klasy 8a wzi\u0119li udzia\u0142 w wycieczce edukacyjnej, kt\u00f3ra pozwoli\u0142a im lepiej zrozumie\u0107 tre\u015b\u0107 jednej z najwa\u017cniejszych lektur szkolnych \u201ePana Tadeusza\u201d A. Mickiewicza. Zaj\u0119cia mia\u0142y form\u0119 interaktywn\u0105, dzi\u0119ki czemu m\u0142odzie\u017c mog\u0142a w ciekawy i anga\u017cuj\u0105cy spos\u00f3b utrwali\u0107 swoj\u0105 wiedz\u0119, a tak\u017ce spojrze\u0107 na utw\u00f3r z nowej perspektywy. Kolejnym etapem wycieczki by\u0142o zwiedzanie\" \/>\n\t\t<meta property=\"og:url\" content=\"https:\/\/www.spkatarzyna.pl\/index.php\/2026\/03\/28\/zobaczyc-soplicowo\/\" \/>\n\t\t<meta property=\"article:published_time\" content=\"2026-03-28T20:24:52+00:00\" \/>\n\t\t<meta property=\"article:modified_time\" content=\"2026-03-29T20:30:37+00:00\" \/>\n\t\t<meta name=\"twitter:card\" content=\"summary_large_image\" \/>\n\t\t<meta name=\"twitter:title\" content=\"Zobaczy\u0107 Soplicowo - SP Katarzyna\" \/>\n\t\t<meta name=\"twitter:description\" content=\"Dnia 27 marca uczniowie klasy 8a wzi\u0119li udzia\u0142 w wycieczce edukacyjnej, kt\u00f3ra pozwoli\u0142a im lepiej zrozumie\u0107 tre\u015b\u0107 jednej z najwa\u017cniejszych lektur szkolnych \u201ePana Tadeusza\u201d A. Mickiewicza. Zaj\u0119cia mia\u0142y form\u0119 interaktywn\u0105, dzi\u0119ki czemu m\u0142odzie\u017c mog\u0142a w ciekawy i anga\u017cuj\u0105cy spos\u00f3b utrwali\u0107 swoj\u0105 wiedz\u0119, a tak\u017ce spojrze\u0107 na utw\u00f3r z nowej perspektywy. Kolejnym etapem wycieczki by\u0142o zwiedzanie\" \/>\n\t\t<script type=\"application\/ld+json\" class=\"aioseo-schema\">\n\t\t\t{\"@context\":\"https:\\\/\\\/schema.org\",\"@graph\":[{\"@type\":\"BlogPosting\",\"@id\":\"https:\\\/\\\/www.spkatarzyna.pl\\\/index.php\\\/2026\\\/03\\\/28\\\/zobaczyc-soplicowo\\\/#blogposting\",\"name\":\"Zobaczy\\u0107 Soplicowo - SP Katarzyna\",\"headline\":\"Zobaczy\\u0107 Soplicowo\",\"author\":{\"@id\":\"https:\\\/\\\/www.spkatarzyna.pl\\\/index.php\\\/author\\\/agatasafianspkatarzyna-pl\\\/#author\"},\"publisher\":{\"@id\":\"https:\\\/\\\/www.spkatarzyna.pl\\\/#organization\"},\"image\":{\"@type\":\"ImageObject\",\"url\":\"https:\\\/\\\/www.spkatarzyna.pl\\\/wp-content\\\/uploads\\\/2026\\\/03\\\/IMG_0463.jpg\",\"width\":360,\"height\":202},\"datePublished\":\"2026-03-28T20:24:52+01:00\",\"dateModified\":\"2026-03-29T20:30:37+02:00\",\"inLanguage\":\"pl-PL\",\"mainEntityOfPage\":{\"@id\":\"https:\\\/\\\/www.spkatarzyna.pl\\\/index.php\\\/2026\\\/03\\\/28\\\/zobaczyc-soplicowo\\\/#webpage\"},\"isPartOf\":{\"@id\":\"https:\\\/\\\/www.spkatarzyna.pl\\\/index.php\\\/2026\\\/03\\\/28\\\/zobaczyc-soplicowo\\\/#webpage\"},\"articleSection\":\"Uncategorized\"},{\"@type\":\"BreadcrumbList\",\"@id\":\"https:\\\/\\\/www.spkatarzyna.pl\\\/index.php\\\/2026\\\/03\\\/28\\\/zobaczyc-soplicowo\\\/#breadcrumblist\",\"itemListElement\":[{\"@type\":\"ListItem\",\"@id\":\"https:\\\/\\\/www.spkatarzyna.pl#listItem\",\"position\":1,\"name\":\"Dom\",\"item\":\"https:\\\/\\\/www.spkatarzyna.pl\",\"nextItem\":{\"@type\":\"ListItem\",\"@id\":\"https:\\\/\\\/www.spkatarzyna.pl\\\/index.php\\\/category\\\/uncategorized\\\/#listItem\",\"name\":\"Uncategorized\"}},{\"@type\":\"ListItem\",\"@id\":\"https:\\\/\\\/www.spkatarzyna.pl\\\/index.php\\\/category\\\/uncategorized\\\/#listItem\",\"position\":2,\"name\":\"Uncategorized\",\"item\":\"https:\\\/\\\/www.spkatarzyna.pl\\\/index.php\\\/category\\\/uncategorized\\\/\",\"nextItem\":{\"@type\":\"ListItem\",\"@id\":\"https:\\\/\\\/www.spkatarzyna.pl\\\/index.php\\\/2026\\\/03\\\/28\\\/zobaczyc-soplicowo\\\/#listItem\",\"name\":\"Zobaczy\\u0107 Soplicowo\"},\"previousItem\":{\"@type\":\"ListItem\",\"@id\":\"https:\\\/\\\/www.spkatarzyna.pl#listItem\",\"name\":\"Dom\"}},{\"@type\":\"ListItem\",\"@id\":\"https:\\\/\\\/www.spkatarzyna.pl\\\/index.php\\\/2026\\\/03\\\/28\\\/zobaczyc-soplicowo\\\/#listItem\",\"position\":3,\"name\":\"Zobaczy\\u0107 Soplicowo\",\"previousItem\":{\"@type\":\"ListItem\",\"@id\":\"https:\\\/\\\/www.spkatarzyna.pl\\\/index.php\\\/category\\\/uncategorized\\\/#listItem\",\"name\":\"Uncategorized\"}}]},{\"@type\":\"Organization\",\"@id\":\"https:\\\/\\\/www.spkatarzyna.pl\\\/#organization\",\"name\":\"SP Katarzyna\",\"description\":\"Publiczna Szko\\u0142a Podstawowa w \\u015awi\\u0119tej Katarzynie\",\"url\":\"https:\\\/\\\/www.spkatarzyna.pl\\\/\",\"telephone\":\"+48713116378\",\"sameAs\":[\"https:\\\/\\\/facebook.com\\\/\",\"https:\\\/\\\/x.com\\\/\",\"https:\\\/\\\/instagram.com\\\/\",\"https:\\\/\\\/pinterest.com\\\/\",\"https:\\\/\\\/youtube.com\\\/\",\"https:\\\/\\\/linkedin.com\\\/in\\\/\"]},{\"@type\":\"Person\",\"@id\":\"https:\\\/\\\/www.spkatarzyna.pl\\\/index.php\\\/author\\\/agatasafianspkatarzyna-pl\\\/#author\",\"url\":\"https:\\\/\\\/www.spkatarzyna.pl\\\/index.php\\\/author\\\/agatasafianspkatarzyna-pl\\\/\",\"name\":\"Redakcja\",\"image\":{\"@type\":\"ImageObject\",\"@id\":\"https:\\\/\\\/www.spkatarzyna.pl\\\/index.php\\\/2026\\\/03\\\/28\\\/zobaczyc-soplicowo\\\/#authorImage\",\"url\":\"https:\\\/\\\/secure.gravatar.com\\\/avatar\\\/765290513df94d442152250e92b42327?s=96&d=mm&r=g\",\"width\":96,\"height\":96,\"caption\":\"Redakcja\"}},{\"@type\":\"WebPage\",\"@id\":\"https:\\\/\\\/www.spkatarzyna.pl\\\/index.php\\\/2026\\\/03\\\/28\\\/zobaczyc-soplicowo\\\/#webpage\",\"url\":\"https:\\\/\\\/www.spkatarzyna.pl\\\/index.php\\\/2026\\\/03\\\/28\\\/zobaczyc-soplicowo\\\/\",\"name\":\"Zobaczy\\u0107 Soplicowo - SP Katarzyna\",\"description\":\"Dnia 27 marca uczniowie klasy 8a wzi\\u0119li udzia\\u0142 w wycieczce edukacyjnej, kt\\u00f3ra pozwoli\\u0142a im lepiej zrozumie\\u0107 tre\\u015b\\u0107 jednej z najwa\\u017cniejszych lektur szkolnych \\u201ePana Tadeusza\\u201d A. Mickiewicza. Zaj\\u0119cia mia\\u0142y form\\u0119 interaktywn\\u0105, dzi\\u0119ki czemu m\\u0142odzie\\u017c mog\\u0142a w ciekawy i anga\\u017cuj\\u0105cy spos\\u00f3b utrwali\\u0107 swoj\\u0105 wiedz\\u0119, a tak\\u017ce spojrze\\u0107 na utw\\u00f3r z nowej perspektywy. Kolejnym etapem wycieczki by\\u0142o zwiedzanie\",\"inLanguage\":\"pl-PL\",\"isPartOf\":{\"@id\":\"https:\\\/\\\/www.spkatarzyna.pl\\\/#website\"},\"breadcrumb\":{\"@id\":\"https:\\\/\\\/www.spkatarzyna.pl\\\/index.php\\\/2026\\\/03\\\/28\\\/zobaczyc-soplicowo\\\/#breadcrumblist\"},\"author\":{\"@id\":\"https:\\\/\\\/www.spkatarzyna.pl\\\/index.php\\\/author\\\/agatasafianspkatarzyna-pl\\\/#author\"},\"creator\":{\"@id\":\"https:\\\/\\\/www.spkatarzyna.pl\\\/index.php\\\/author\\\/agatasafianspkatarzyna-pl\\\/#author\"},\"image\":{\"@type\":\"ImageObject\",\"url\":\"https:\\\/\\\/www.spkatarzyna.pl\\\/wp-content\\\/uploads\\\/2026\\\/03\\\/IMG_0463.jpg\",\"@id\":\"https:\\\/\\\/www.spkatarzyna.pl\\\/index.php\\\/2026\\\/03\\\/28\\\/zobaczyc-soplicowo\\\/#mainImage\",\"width\":360,\"height\":202},\"primaryImageOfPage\":{\"@id\":\"https:\\\/\\\/www.spkatarzyna.pl\\\/index.php\\\/2026\\\/03\\\/28\\\/zobaczyc-soplicowo\\\/#mainImage\"},\"datePublished\":\"2026-03-28T20:24:52+01:00\",\"dateModified\":\"2026-03-29T20:30:37+02:00\"},{\"@type\":\"WebSite\",\"@id\":\"https:\\\/\\\/www.spkatarzyna.pl\\\/#website\",\"url\":\"https:\\\/\\\/www.spkatarzyna.pl\\\/\",\"name\":\"SP Katarzyna\",\"description\":\"Publiczna Szko\\u0142a Podstawowa w \\u015awi\\u0119tej Katarzynie\",\"inLanguage\":\"pl-PL\",\"publisher\":{\"@id\":\"https:\\\/\\\/www.spkatarzyna.pl\\\/#organization\"}}]}\n\t\t<\/script>\n\t\t<!-- All in One SEO -->\n\n","aioseo_head_json":{"title":"Zobaczy\u0107 Soplicowo - SP Katarzyna","description":"Dnia 27 marca uczniowie klasy 8a wzi\u0119li udzia\u0142 w wycieczce edukacyjnej, kt\u00f3ra pozwoli\u0142a im lepiej zrozumie\u0107 tre\u015b\u0107 jednej z najwa\u017cniejszych lektur szkolnych \u201ePana Tadeusza\u201d A. Mickiewicza. Zaj\u0119cia mia\u0142y form\u0119 interaktywn\u0105, dzi\u0119ki czemu m\u0142odzie\u017c mog\u0142a w ciekawy i anga\u017cuj\u0105cy spos\u00f3b utrwali\u0107 swoj\u0105 wiedz\u0119, a tak\u017ce spojrze\u0107 na utw\u00f3r z nowej perspektywy. Kolejnym etapem wycieczki by\u0142o zwiedzanie","canonical_url":"https:\/\/www.spkatarzyna.pl\/index.php\/2026\/03\/28\/zobaczyc-soplicowo\/","robots":"max-image-preview:large","keywords":"","webmasterTools":{"miscellaneous":""},"schema":{"@context":"https:\/\/schema.org","@graph":[{"@type":"BlogPosting","@id":"https:\/\/www.spkatarzyna.pl\/index.php\/2026\/03\/28\/zobaczyc-soplicowo\/#blogposting","name":"Zobaczy\u0107 Soplicowo - SP Katarzyna","headline":"Zobaczy\u0107 Soplicowo","author":{"@id":"https:\/\/www.spkatarzyna.pl\/index.php\/author\/agatasafianspkatarzyna-pl\/#author"},"publisher":{"@id":"https:\/\/www.spkatarzyna.pl\/#organization"},"image":{"@type":"ImageObject","url":"https:\/\/www.spkatarzyna.pl\/wp-content\/uploads\/2026\/03\/IMG_0463.jpg","width":360,"height":202},"datePublished":"2026-03-28T20:24:52+01:00","dateModified":"2026-03-29T20:30:37+02:00","inLanguage":"pl-PL","mainEntityOfPage":{"@id":"https:\/\/www.spkatarzyna.pl\/index.php\/2026\/03\/28\/zobaczyc-soplicowo\/#webpage"},"isPartOf":{"@id":"https:\/\/www.spkatarzyna.pl\/index.php\/2026\/03\/28\/zobaczyc-soplicowo\/#webpage"},"articleSection":"Uncategorized"},{"@type":"BreadcrumbList","@id":"https:\/\/www.spkatarzyna.pl\/index.php\/2026\/03\/28\/zobaczyc-soplicowo\/#breadcrumblist","itemListElement":[{"@type":"ListItem","@id":"https:\/\/www.spkatarzyna.pl#listItem","position":1,"name":"Dom","item":"https:\/\/www.spkatarzyna.pl","nextItem":{"@type":"ListItem","@id":"https:\/\/www.spkatarzyna.pl\/index.php\/category\/uncategorized\/#listItem","name":"Uncategorized"}},{"@type":"ListItem","@id":"https:\/\/www.spkatarzyna.pl\/index.php\/category\/uncategorized\/#listItem","position":2,"name":"Uncategorized","item":"https:\/\/www.spkatarzyna.pl\/index.php\/category\/uncategorized\/","nextItem":{"@type":"ListItem","@id":"https:\/\/www.spkatarzyna.pl\/index.php\/2026\/03\/28\/zobaczyc-soplicowo\/#listItem","name":"Zobaczy\u0107 Soplicowo"},"previousItem":{"@type":"ListItem","@id":"https:\/\/www.spkatarzyna.pl#listItem","name":"Dom"}},{"@type":"ListItem","@id":"https:\/\/www.spkatarzyna.pl\/index.php\/2026\/03\/28\/zobaczyc-soplicowo\/#listItem","position":3,"name":"Zobaczy\u0107 Soplicowo","previousItem":{"@type":"ListItem","@id":"https:\/\/www.spkatarzyna.pl\/index.php\/category\/uncategorized\/#listItem","name":"Uncategorized"}}]},{"@type":"Organization","@id":"https:\/\/www.spkatarzyna.pl\/#organization","name":"SP Katarzyna","description":"Publiczna Szko\u0142a Podstawowa w \u015awi\u0119tej Katarzynie","url":"https:\/\/www.spkatarzyna.pl\/","telephone":"+48713116378","sameAs":["https:\/\/facebook.com\/","https:\/\/x.com\/","https:\/\/instagram.com\/","https:\/\/pinterest.com\/","https:\/\/youtube.com\/","https:\/\/linkedin.com\/in\/"]},{"@type":"Person","@id":"https:\/\/www.spkatarzyna.pl\/index.php\/author\/agatasafianspkatarzyna-pl\/#author","url":"https:\/\/www.spkatarzyna.pl\/index.php\/author\/agatasafianspkatarzyna-pl\/","name":"Redakcja","image":{"@type":"ImageObject","@id":"https:\/\/www.spkatarzyna.pl\/index.php\/2026\/03\/28\/zobaczyc-soplicowo\/#authorImage","url":"https:\/\/secure.gravatar.com\/avatar\/765290513df94d442152250e92b42327?s=96&d=mm&r=g","width":96,"height":96,"caption":"Redakcja"}},{"@type":"WebPage","@id":"https:\/\/www.spkatarzyna.pl\/index.php\/2026\/03\/28\/zobaczyc-soplicowo\/#webpage","url":"https:\/\/www.spkatarzyna.pl\/index.php\/2026\/03\/28\/zobaczyc-soplicowo\/","name":"Zobaczy\u0107 Soplicowo - SP Katarzyna","description":"Dnia 27 marca uczniowie klasy 8a wzi\u0119li udzia\u0142 w wycieczce edukacyjnej, kt\u00f3ra pozwoli\u0142a im lepiej zrozumie\u0107 tre\u015b\u0107 jednej z najwa\u017cniejszych lektur szkolnych \u201ePana Tadeusza\u201d A. Mickiewicza. Zaj\u0119cia mia\u0142y form\u0119 interaktywn\u0105, dzi\u0119ki czemu m\u0142odzie\u017c mog\u0142a w ciekawy i anga\u017cuj\u0105cy spos\u00f3b utrwali\u0107 swoj\u0105 wiedz\u0119, a tak\u017ce spojrze\u0107 na utw\u00f3r z nowej perspektywy. Kolejnym etapem wycieczki by\u0142o zwiedzanie","inLanguage":"pl-PL","isPartOf":{"@id":"https:\/\/www.spkatarzyna.pl\/#website"},"breadcrumb":{"@id":"https:\/\/www.spkatarzyna.pl\/index.php\/2026\/03\/28\/zobaczyc-soplicowo\/#breadcrumblist"},"author":{"@id":"https:\/\/www.spkatarzyna.pl\/index.php\/author\/agatasafianspkatarzyna-pl\/#author"},"creator":{"@id":"https:\/\/www.spkatarzyna.pl\/index.php\/author\/agatasafianspkatarzyna-pl\/#author"},"image":{"@type":"ImageObject","url":"https:\/\/www.spkatarzyna.pl\/wp-content\/uploads\/2026\/03\/IMG_0463.jpg","@id":"https:\/\/www.spkatarzyna.pl\/index.php\/2026\/03\/28\/zobaczyc-soplicowo\/#mainImage","width":360,"height":202},"primaryImageOfPage":{"@id":"https:\/\/www.spkatarzyna.pl\/index.php\/2026\/03\/28\/zobaczyc-soplicowo\/#mainImage"},"datePublished":"2026-03-28T20:24:52+01:00","dateModified":"2026-03-29T20:30:37+02:00"},{"@type":"WebSite","@id":"https:\/\/www.spkatarzyna.pl\/#website","url":"https:\/\/www.spkatarzyna.pl\/","name":"SP Katarzyna","description":"Publiczna Szko\u0142a Podstawowa w \u015awi\u0119tej Katarzynie","inLanguage":"pl-PL","publisher":{"@id":"https:\/\/www.spkatarzyna.pl\/#organization"}}]},"og:locale":"pl_PL","og:site_name":"SP Katarzyna - Publiczna Szko\u0142a Podstawowa w \u015awi\u0119tej Katarzynie","og:type":"article","og:title":"Zobaczy\u0107 Soplicowo - SP Katarzyna","og:description":"Dnia 27 marca uczniowie klasy 8a wzi\u0119li udzia\u0142 w wycieczce edukacyjnej, kt\u00f3ra pozwoli\u0142a im lepiej zrozumie\u0107 tre\u015b\u0107 jednej z najwa\u017cniejszych lektur szkolnych \u201ePana Tadeusza\u201d A. Mickiewicza. Zaj\u0119cia mia\u0142y form\u0119 interaktywn\u0105, dzi\u0119ki czemu m\u0142odzie\u017c mog\u0142a w ciekawy i anga\u017cuj\u0105cy spos\u00f3b utrwali\u0107 swoj\u0105 wiedz\u0119, a tak\u017ce spojrze\u0107 na utw\u00f3r z nowej perspektywy. Kolejnym etapem wycieczki by\u0142o zwiedzanie","og:url":"https:\/\/www.spkatarzyna.pl\/index.php\/2026\/03\/28\/zobaczyc-soplicowo\/","article:published_time":"2026-03-28T20:24:52+00:00","article:modified_time":"2026-03-29T20:30:37+00:00","twitter:card":"summary_large_image","twitter:title":"Zobaczy\u0107 Soplicowo - SP Katarzyna","twitter:description":"Dnia 27 marca uczniowie klasy 8a wzi\u0119li udzia\u0142 w wycieczce edukacyjnej, kt\u00f3ra pozwoli\u0142a im lepiej zrozumie\u0107 tre\u015b\u0107 jednej z najwa\u017cniejszych lektur szkolnych \u201ePana Tadeusza\u201d A. Mickiewicza. Zaj\u0119cia mia\u0142y form\u0119 interaktywn\u0105, dzi\u0119ki czemu m\u0142odzie\u017c mog\u0142a w ciekawy i anga\u017cuj\u0105cy spos\u00f3b utrwali\u0107 swoj\u0105 wiedz\u0119, a tak\u017ce spojrze\u0107 na utw\u00f3r z nowej perspektywy. Kolejnym etapem wycieczki by\u0142o zwiedzanie"},"aioseo_meta_data":{"post_id":"19030","title":null,"description":null,"keywords":null,"keyphrases":{"focus":{"keyphrase":"","score":0,"analysis":{"keyphraseInTitle":{"score":0,"maxScore":9,"error":1}}},"additional":[]},"primary_term":null,"canonical_url":null,"og_title":null,"og_description":null,"og_object_type":"default","og_image_type":"default","og_image_url":null,"og_image_width":null,"og_image_height":null,"og_image_custom_url":null,"og_image_custom_fields":null,"og_video":"","og_custom_url":null,"og_article_section":null,"og_article_tags":null,"twitter_use_og":false,"twitter_card":"default","twitter_image_type":"default","twitter_image_url":null,"twitter_image_custom_url":null,"twitter_image_custom_fields":null,"twitter_title":null,"twitter_description":null,"schema":{"blockGraphs":[],"customGraphs":[],"default":{"data":{"Article":[],"Course":[],"Dataset":[],"FAQPage":[],"Movie":[],"Person":[],"Product":[],"ProductReview":[],"Car":[],"Recipe":[],"Service":[],"SoftwareApplication":[],"WebPage":[]},"graphName":"BlogPosting","isEnabled":true},"graphs":[]},"schema_type":"default","schema_type_options":null,"pillar_content":false,"robots_default":true,"robots_noindex":false,"robots_noarchive":false,"robots_nosnippet":false,"robots_nofollow":false,"robots_noimageindex":false,"robots_noodp":false,"robots_notranslate":false,"robots_max_snippet":"-1","robots_max_videopreview":"-1","robots_max_imagepreview":"large","priority":null,"frequency":"default","local_seo":null,"limit_modified_date":false,"created":"2026-03-29 20:26:50","updated":"2026-09-03 17:52:14","focus_keyword":null,"additional_keywords":null,"truseo_locale":null,"ai":null,"breadcrumb_settings":null,"seo_analyzer_scan_date":null},"aioseo_breadcrumb":"<div class=\"aioseo-breadcrumbs\"><span class=\"aioseo-breadcrumb\">\n\t\t\t<a href=\"https:\/\/www.spkatarzyna.pl\" title=\"Dom\">Dom<\/a>\n\t\t<\/span><span class=\"aioseo-breadcrumb-separator\">&raquo;<\/span><span class=\"aioseo-breadcrumb\">\n\t\t\t<a href=\"https:\/\/www.spkatarzyna.pl\/index.php\/category\/uncategorized\/\" title=\"Uncategorized\">Uncategorized<\/a>\n\t\t<\/span><span class=\"aioseo-breadcrumb-separator\">&raquo;<\/span><span class=\"aioseo-breadcrumb\">\n\t\t\tZobaczy\u0107 Soplicowo\n\t\t<\/span><\/div>","aioseo_breadcrumb_json":[{"label":"Dom","link":"https:\/\/www.spkatarzyna.pl"},{"label":"Uncategorized","link":"https:\/\/www.spkatarzyna.pl\/index.php\/category\/uncategorized\/"},{"label":"Zobaczy\u0107 Soplicowo","link":"https:\/\/www.spkatarzyna.pl\/index.php\/2026\/03\/28\/zobaczyc-soplicowo\/"}],"_links":{"self":[{"href":"https:\/\/www.spkatarzyna.pl\/index.php\/wp-json\/wp\/v2\/posts\/19030","targetHints":{"allow":["GET"]}}],"collection":[{"href":"https:\/\/www.spkatarzyna.pl\/index.php\/wp-json\/wp\/v2\/posts"}],"about":[{"href":"https:\/\/www.spkatarzyna.pl\/index.php\/wp-json\/wp\/v2\/types\/post"}],"author":[{"embeddable":true,"href":"https:\/\/www.spkatarzyna.pl\/index.php\/wp-json\/wp\/v2\/users\/6"}],"replies":[{"embeddable":true,"href":"https:\/\/www.spkatarzyna.pl\/index.php\/wp-json\/wp\/v2\/comments?post=19030"}],"version-history":[{"count":4,"href":"https:\/\/www.spkatarzyna.pl\/index.php\/wp-json\/wp\/v2\/posts\/19030\/revisions"}],"predecessor-version":[{"id":19046,"href":"https:\/\/www.spkatarzyna.pl\/index.php\/wp-json\/wp\/v2\/posts\/19030\/revisions\/19046"}],"wp:featuredmedia":[{"embeddable":true,"href":"https:\/\/www.spkatarzyna.pl\/index.php\/wp-json\/wp\/v2\/media\/19031"}],"wp:attachment":[{"href":"https:\/\/www.spkatarzyna.pl\/index.php\/wp-json\/wp\/v2\/media?parent=19030"}],"wp:term":[{"taxonomy":"category","embeddable":true,"href":"https:\/\/www.spkatarzyna.pl\/index.php\/wp-json\/wp\/v2\/categories?post=19030"},{"taxonomy":"post_tag","embeddable":true,"href":"https:\/\/www.spkatarzyna.pl\/index.php\/wp-json\/wp\/v2\/tags?post=19030"}],"curies":[{"name":"wp","href":"https:\/\/api.w.org\/{rel}","templated":true}]}}