{"id":19047,"date":"2026-03-30T07:20:48","date_gmt":"2026-03-30T07:20:48","guid":{"rendered":"https:\/\/www.spkatarzyna.pl\/?p=19047"},"modified":"2026-03-30T07:26:16","modified_gmt":"2026-03-30T07:26:16","slug":"wyroznienie-w-xiv-ogolnopolskim-konkursie","status":"publish","type":"post","link":"https:\/\/www.spkatarzyna.pl\/index.php\/2026\/03\/30\/wyroznienie-w-xiv-ogolnopolskim-konkursie\/","title":{"rendered":"Wyr\u00f3\u017cnienie w Konkursie"},"content":{"rendered":"\t\t<div data-elementor-type=\"wp-post\" data-elementor-id=\"19047\" class=\"elementor elementor-19047\">\n\t\t\t\t<div class=\"elementor-element elementor-element-1dd72d91 e-flex e-con-boxed e-con e-parent\" data-id=\"1dd72d91\" data-element_type=\"container\">\n\t\t\t\t\t<div class=\"e-con-inner\">\n\t\t\t\t<div class=\"elementor-element elementor-element-2bab287c elementor-widget elementor-widget-text-editor\" data-id=\"2bab287c\" data-element_type=\"widget\" data-widget_type=\"text-editor.default\">\n\t\t\t\t\t\t\t\t\t<p style=\"text-align: justify;\"><span style=\"font-weight: 400; font-size: 14pt;\">Uczniowie naszej szko\u0142y wzi\u0119li udzia\u0142 w XIV Og\u00f3lnopolskim Konkursie Ekologicznym \u201ePolska, jakiej nie znacie\u201d. Celem konkursu by\u0142o rozwijanie wra\u017cliwo\u015bci ekologicznej oraz pog\u0142\u0119bianie wiedzy o otaczaj\u0105cej nas przyrodzie poprzez dzia\u0142ania tw\u00f3rcze.<\/span><\/p>\r\n<p style=\"text-align: justify;\"><span style=\"font-weight: 400; font-size: 14pt;\">Jedn\u0105 z zaproponowanych form by\u0142 konkurs \u201eEkolog \u2013 Poeta\u201d, polegaj\u0105cy na napisaniu wiersza inspirowanego tematem \u201e\u0141\u0105ka pod lup\u0105\u201d. Uczestnicy mieli okazj\u0119 spojrze\u0107 na \u015bwiat natury z bliska, dostrzec jego r\u00f3\u017cnorodno\u015b\u0107 oraz uchwyci\u0107 w s\u0142owach pi\u0119kno nawet najmniejszych element\u00f3w przyrody.<\/span><\/p>\r\n<p style=\"text-align: justify;\"><span style=\"font-weight: 400; font-size: 14pt;\">Z rado\u015bci\u0105 informujemy, \u017ce uczennica naszej szko\u0142y, Oliwia Matkowska z klasy 6c, zdoby\u0142a wyr\u00f3\u017cnienie. Serdecznie gratulujemy i \u017cyczymy dalszych sukces\u00f3w!<\/span><\/p>\r\n<p style=\"text-align: right;\"><span style=\"font-weight: 400; font-size: 14pt;\">Zesp\u00f3\u0142 Polonist\u00f3w<\/span><\/p>\r\n<br style=\"font-weight: 400;\"><br style=\"font-weight: 400;\">\t\t\t\t\t\t\t\t<\/div>\n\t\t\t\t<div class=\"elementor-element elementor-element-3ec21ec elementor-widget elementor-widget-image\" data-id=\"3ec21ec\" data-element_type=\"widget\" data-widget_type=\"image.default\">\n\t\t\t\t\t\t\t\t\t\t\t\t\t\t\t<img fetchpriority=\"high\" decoding=\"async\" width=\"768\" height=\"543\" src=\"https:\/\/www.spkatarzyna.pl\/wp-content\/uploads\/2026\/03\/4-768x543.png\" class=\"attachment-medium_large size-medium_large wp-image-19051\" alt=\"\" srcset=\"https:\/\/www.spkatarzyna.pl\/wp-content\/uploads\/2026\/03\/4-768x543.png 768w, https:\/\/www.spkatarzyna.pl\/wp-content\/uploads\/2026\/03\/4-300x212.png 300w, https:\/\/www.spkatarzyna.pl\/wp-content\/uploads\/2026\/03\/4-1024x724.png 1024w, https:\/\/www.spkatarzyna.pl\/wp-content\/uploads\/2026\/03\/4-1536x1086.png 1536w, https:\/\/www.spkatarzyna.pl\/wp-content\/uploads\/2026\/03\/4-2048x1448.png 2048w, https:\/\/www.spkatarzyna.pl\/wp-content\/uploads\/2026\/03\/4-100x70.png 100w\" sizes=\"(max-width: 768px) 100vw, 768px\" \/>\t\t\t\t\t\t\t\t\t\t\t\t\t\t\t<\/div>\n\t\t\t\t\t<\/div>\n\t\t\t\t<\/div>\n\t\t\t\t<\/div>\n\t\t","protected":false},"excerpt":{"rendered":"<p>Uczniowie naszej szko\u0142y wzi\u0119li udzia\u0142 w XIV Og\u00f3lnopolskim Konkursie Ekologicznym \u201ePolska, jakiej nie znacie\u201d. Celem konkursu by\u0142o rozwijanie wra\u017cliwo\u015bci ekologicznej oraz pog\u0142\u0119bianie wiedzy o otaczaj\u0105cej nas przyrodzie poprzez dzia\u0142ania tw\u00f3rcze. Jedn\u0105 z zaproponowanych form by\u0142 konkurs \u201eEkolog \u2013 Poeta\u201d, polegaj\u0105cy na napisaniu wiersza inspirowanego tematem \u201e\u0141\u0105ka pod lup\u0105\u201d. Uczestnicy mieli [&hellip;]<\/p>\n","protected":false},"author":6,"featured_media":19048,"comment_status":"open","ping_status":"open","sticky":false,"template":"","format":"standard","meta":{"om_disable_all_campaigns":false,"_monsterinsights_skip_tracking":false,"ngg_post_thumbnail":0,"footnotes":""},"categories":[1],"tags":[],"class_list":["post-19047","post","type-post","status-publish","format-standard","has-post-thumbnail","hentry","category-uncategorized"],"aioseo_notices":[],"aioseo_head":"\n\t\t<!-- All in One SEO 5.0.1.1 - aioseo.com -->\n\t<meta name=\"description\" content=\"Uczniowie naszej szko\u0142y wzi\u0119li udzia\u0142 w XIV Og\u00f3lnopolskim Konkursie Ekologicznym \u201ePolska, jakiej nie znacie\u201d. Celem konkursu by\u0142o rozwijanie wra\u017cliwo\u015bci ekologicznej oraz pog\u0142\u0119bianie wiedzy o otaczaj\u0105cej nas przyrodzie poprzez dzia\u0142ania tw\u00f3rcze. Jedn\u0105 z zaproponowanych form by\u0142 konkurs \u201eEkolog \u2013 Poeta\u201d, polegaj\u0105cy na napisaniu wiersza inspirowanego tematem \u201e\u0141\u0105ka pod lup\u0105\u201d. Uczestnicy mieli okazj\u0119 spojrze\u0107 na \u015bwiat natury\" \/>\n\t<meta name=\"robots\" content=\"max-image-preview:large\" \/>\n\t<meta name=\"author\" content=\"Redakcja\"\/>\n\t<link rel=\"canonical\" href=\"https:\/\/www.spkatarzyna.pl\/index.php\/2026\/03\/30\/wyroznienie-w-xiv-ogolnopolskim-konkursie\/\" \/>\n\t<meta name=\"generator\" content=\"All in One SEO (AIOSEO) 5.0.1.1\" \/>\n\t\t<meta property=\"og:locale\" content=\"pl_PL\" \/>\n\t\t<meta property=\"og:site_name\" content=\"SP Katarzyna - Publiczna Szko\u0142a Podstawowa w \u015awi\u0119tej Katarzynie\" \/>\n\t\t<meta property=\"og:type\" content=\"article\" \/>\n\t\t<meta property=\"og:title\" content=\"Wyr\u00f3\u017cnienie w Konkursie - SP Katarzyna\" \/>\n\t\t<meta property=\"og:description\" content=\"Uczniowie naszej szko\u0142y wzi\u0119li udzia\u0142 w XIV Og\u00f3lnopolskim Konkursie Ekologicznym \u201ePolska, jakiej nie znacie\u201d. Celem konkursu by\u0142o rozwijanie wra\u017cliwo\u015bci ekologicznej oraz pog\u0142\u0119bianie wiedzy o otaczaj\u0105cej nas przyrodzie poprzez dzia\u0142ania tw\u00f3rcze. Jedn\u0105 z zaproponowanych form by\u0142 konkurs \u201eEkolog \u2013 Poeta\u201d, polegaj\u0105cy na napisaniu wiersza inspirowanego tematem \u201e\u0141\u0105ka pod lup\u0105\u201d. Uczestnicy mieli okazj\u0119 spojrze\u0107 na \u015bwiat natury\" \/>\n\t\t<meta property=\"og:url\" content=\"https:\/\/www.spkatarzyna.pl\/index.php\/2026\/03\/30\/wyroznienie-w-xiv-ogolnopolskim-konkursie\/\" \/>\n\t\t<meta property=\"article:published_time\" content=\"2026-03-30T07:20:48+00:00\" \/>\n\t\t<meta property=\"article:modified_time\" content=\"2026-03-30T07:26:16+00:00\" \/>\n\t\t<meta name=\"twitter:card\" content=\"summary_large_image\" \/>\n\t\t<meta name=\"twitter:title\" content=\"Wyr\u00f3\u017cnienie w Konkursie - SP Katarzyna\" \/>\n\t\t<meta name=\"twitter:description\" content=\"Uczniowie naszej szko\u0142y wzi\u0119li udzia\u0142 w XIV Og\u00f3lnopolskim Konkursie Ekologicznym \u201ePolska, jakiej nie znacie\u201d. Celem konkursu by\u0142o rozwijanie wra\u017cliwo\u015bci ekologicznej oraz pog\u0142\u0119bianie wiedzy o otaczaj\u0105cej nas przyrodzie poprzez dzia\u0142ania tw\u00f3rcze. Jedn\u0105 z zaproponowanych form by\u0142 konkurs \u201eEkolog \u2013 Poeta\u201d, polegaj\u0105cy na napisaniu wiersza inspirowanego tematem \u201e\u0141\u0105ka pod lup\u0105\u201d. Uczestnicy mieli okazj\u0119 spojrze\u0107 na \u015bwiat natury\" \/>\n\t\t<script type=\"application\/ld+json\" class=\"aioseo-schema\">\n\t\t\t{\"@context\":\"https:\\\/\\\/schema.org\",\"@graph\":[{\"@type\":\"BlogPosting\",\"@id\":\"https:\\\/\\\/www.spkatarzyna.pl\\\/index.php\\\/2026\\\/03\\\/30\\\/wyroznienie-w-xiv-ogolnopolskim-konkursie\\\/#blogposting\",\"name\":\"Wyr\\u00f3\\u017cnienie w Konkursie - SP Katarzyna\",\"headline\":\"Wyr\\u00f3\\u017cnienie w Konkursie\",\"author\":{\"@id\":\"https:\\\/\\\/www.spkatarzyna.pl\\\/index.php\\\/author\\\/agatasafianspkatarzyna-pl\\\/#author\"},\"publisher\":{\"@id\":\"https:\\\/\\\/www.spkatarzyna.pl\\\/#organization\"},\"image\":{\"@type\":\"ImageObject\",\"url\":\"https:\\\/\\\/www.spkatarzyna.pl\\\/wp-content\\\/uploads\\\/2026\\\/03\\\/3-2.png\",\"width\":360,\"height\":202},\"datePublished\":\"2026-03-30T07:20:48+02:00\",\"dateModified\":\"2026-03-30T07:26:16+02:00\",\"inLanguage\":\"pl-PL\",\"mainEntityOfPage\":{\"@id\":\"https:\\\/\\\/www.spkatarzyna.pl\\\/index.php\\\/2026\\\/03\\\/30\\\/wyroznienie-w-xiv-ogolnopolskim-konkursie\\\/#webpage\"},\"isPartOf\":{\"@id\":\"https:\\\/\\\/www.spkatarzyna.pl\\\/index.php\\\/2026\\\/03\\\/30\\\/wyroznienie-w-xiv-ogolnopolskim-konkursie\\\/#webpage\"},\"articleSection\":\"Uncategorized\"},{\"@type\":\"BreadcrumbList\",\"@id\":\"https:\\\/\\\/www.spkatarzyna.pl\\\/index.php\\\/2026\\\/03\\\/30\\\/wyroznienie-w-xiv-ogolnopolskim-konkursie\\\/#breadcrumblist\",\"itemListElement\":[{\"@type\":\"ListItem\",\"@id\":\"https:\\\/\\\/www.spkatarzyna.pl#listItem\",\"position\":1,\"name\":\"Dom\",\"item\":\"https:\\\/\\\/www.spkatarzyna.pl\",\"nextItem\":{\"@type\":\"ListItem\",\"@id\":\"https:\\\/\\\/www.spkatarzyna.pl\\\/index.php\\\/category\\\/uncategorized\\\/#listItem\",\"name\":\"Uncategorized\"}},{\"@type\":\"ListItem\",\"@id\":\"https:\\\/\\\/www.spkatarzyna.pl\\\/index.php\\\/category\\\/uncategorized\\\/#listItem\",\"position\":2,\"name\":\"Uncategorized\",\"item\":\"https:\\\/\\\/www.spkatarzyna.pl\\\/index.php\\\/category\\\/uncategorized\\\/\",\"nextItem\":{\"@type\":\"ListItem\",\"@id\":\"https:\\\/\\\/www.spkatarzyna.pl\\\/index.php\\\/2026\\\/03\\\/30\\\/wyroznienie-w-xiv-ogolnopolskim-konkursie\\\/#listItem\",\"name\":\"Wyr\\u00f3\\u017cnienie w Konkursie\"},\"previousItem\":{\"@type\":\"ListItem\",\"@id\":\"https:\\\/\\\/www.spkatarzyna.pl#listItem\",\"name\":\"Dom\"}},{\"@type\":\"ListItem\",\"@id\":\"https:\\\/\\\/www.spkatarzyna.pl\\\/index.php\\\/2026\\\/03\\\/30\\\/wyroznienie-w-xiv-ogolnopolskim-konkursie\\\/#listItem\",\"position\":3,\"name\":\"Wyr\\u00f3\\u017cnienie w Konkursie\",\"previousItem\":{\"@type\":\"ListItem\",\"@id\":\"https:\\\/\\\/www.spkatarzyna.pl\\\/index.php\\\/category\\\/uncategorized\\\/#listItem\",\"name\":\"Uncategorized\"}}]},{\"@type\":\"Organization\",\"@id\":\"https:\\\/\\\/www.spkatarzyna.pl\\\/#organization\",\"name\":\"SP Katarzyna\",\"description\":\"Publiczna Szko\\u0142a Podstawowa w \\u015awi\\u0119tej Katarzynie\",\"url\":\"https:\\\/\\\/www.spkatarzyna.pl\\\/\",\"telephone\":\"+48713116378\",\"sameAs\":[\"https:\\\/\\\/facebook.com\\\/\",\"https:\\\/\\\/x.com\\\/\",\"https:\\\/\\\/instagram.com\\\/\",\"https:\\\/\\\/pinterest.com\\\/\",\"https:\\\/\\\/youtube.com\\\/\",\"https:\\\/\\\/linkedin.com\\\/in\\\/\"]},{\"@type\":\"Person\",\"@id\":\"https:\\\/\\\/www.spkatarzyna.pl\\\/index.php\\\/author\\\/agatasafianspkatarzyna-pl\\\/#author\",\"url\":\"https:\\\/\\\/www.spkatarzyna.pl\\\/index.php\\\/author\\\/agatasafianspkatarzyna-pl\\\/\",\"name\":\"Redakcja\",\"image\":{\"@type\":\"ImageObject\",\"@id\":\"https:\\\/\\\/www.spkatarzyna.pl\\\/index.php\\\/2026\\\/03\\\/30\\\/wyroznienie-w-xiv-ogolnopolskim-konkursie\\\/#authorImage\",\"url\":\"https:\\\/\\\/secure.gravatar.com\\\/avatar\\\/765290513df94d442152250e92b42327?s=96&d=mm&r=g\",\"width\":96,\"height\":96,\"caption\":\"Redakcja\"}},{\"@type\":\"WebPage\",\"@id\":\"https:\\\/\\\/www.spkatarzyna.pl\\\/index.php\\\/2026\\\/03\\\/30\\\/wyroznienie-w-xiv-ogolnopolskim-konkursie\\\/#webpage\",\"url\":\"https:\\\/\\\/www.spkatarzyna.pl\\\/index.php\\\/2026\\\/03\\\/30\\\/wyroznienie-w-xiv-ogolnopolskim-konkursie\\\/\",\"name\":\"Wyr\\u00f3\\u017cnienie w Konkursie - SP Katarzyna\",\"description\":\"Uczniowie naszej szko\\u0142y wzi\\u0119li udzia\\u0142 w XIV Og\\u00f3lnopolskim Konkursie Ekologicznym \\u201ePolska, jakiej nie znacie\\u201d. Celem konkursu by\\u0142o rozwijanie wra\\u017cliwo\\u015bci ekologicznej oraz pog\\u0142\\u0119bianie wiedzy o otaczaj\\u0105cej nas przyrodzie poprzez dzia\\u0142ania tw\\u00f3rcze. Jedn\\u0105 z zaproponowanych form by\\u0142 konkurs \\u201eEkolog \\u2013 Poeta\\u201d, polegaj\\u0105cy na napisaniu wiersza inspirowanego tematem \\u201e\\u0141\\u0105ka pod lup\\u0105\\u201d. Uczestnicy mieli okazj\\u0119 spojrze\\u0107 na \\u015bwiat natury\",\"inLanguage\":\"pl-PL\",\"isPartOf\":{\"@id\":\"https:\\\/\\\/www.spkatarzyna.pl\\\/#website\"},\"breadcrumb\":{\"@id\":\"https:\\\/\\\/www.spkatarzyna.pl\\\/index.php\\\/2026\\\/03\\\/30\\\/wyroznienie-w-xiv-ogolnopolskim-konkursie\\\/#breadcrumblist\"},\"author\":{\"@id\":\"https:\\\/\\\/www.spkatarzyna.pl\\\/index.php\\\/author\\\/agatasafianspkatarzyna-pl\\\/#author\"},\"creator\":{\"@id\":\"https:\\\/\\\/www.spkatarzyna.pl\\\/index.php\\\/author\\\/agatasafianspkatarzyna-pl\\\/#author\"},\"image\":{\"@type\":\"ImageObject\",\"url\":\"https:\\\/\\\/www.spkatarzyna.pl\\\/wp-content\\\/uploads\\\/2026\\\/03\\\/3-2.png\",\"@id\":\"https:\\\/\\\/www.spkatarzyna.pl\\\/index.php\\\/2026\\\/03\\\/30\\\/wyroznienie-w-xiv-ogolnopolskim-konkursie\\\/#mainImage\",\"width\":360,\"height\":202},\"primaryImageOfPage\":{\"@id\":\"https:\\\/\\\/www.spkatarzyna.pl\\\/index.php\\\/2026\\\/03\\\/30\\\/wyroznienie-w-xiv-ogolnopolskim-konkursie\\\/#mainImage\"},\"datePublished\":\"2026-03-30T07:20:48+02:00\",\"dateModified\":\"2026-03-30T07:26:16+02:00\"},{\"@type\":\"WebSite\",\"@id\":\"https:\\\/\\\/www.spkatarzyna.pl\\\/#website\",\"url\":\"https:\\\/\\\/www.spkatarzyna.pl\\\/\",\"name\":\"SP Katarzyna\",\"description\":\"Publiczna Szko\\u0142a Podstawowa w \\u015awi\\u0119tej Katarzynie\",\"inLanguage\":\"pl-PL\",\"publisher\":{\"@id\":\"https:\\\/\\\/www.spkatarzyna.pl\\\/#organization\"}}]}\n\t\t<\/script>\n\t\t<!-- All in One SEO -->\n\n","aioseo_head_json":{"title":"Wyr\u00f3\u017cnienie w Konkursie - SP Katarzyna","description":"Uczniowie naszej szko\u0142y wzi\u0119li udzia\u0142 w XIV Og\u00f3lnopolskim Konkursie Ekologicznym \u201ePolska, jakiej nie znacie\u201d. Celem konkursu by\u0142o rozwijanie wra\u017cliwo\u015bci ekologicznej oraz pog\u0142\u0119bianie wiedzy o otaczaj\u0105cej nas przyrodzie poprzez dzia\u0142ania tw\u00f3rcze. Jedn\u0105 z zaproponowanych form by\u0142 konkurs \u201eEkolog \u2013 Poeta\u201d, polegaj\u0105cy na napisaniu wiersza inspirowanego tematem \u201e\u0141\u0105ka pod lup\u0105\u201d. Uczestnicy mieli okazj\u0119 spojrze\u0107 na \u015bwiat natury","canonical_url":"https:\/\/www.spkatarzyna.pl\/index.php\/2026\/03\/30\/wyroznienie-w-xiv-ogolnopolskim-konkursie\/","robots":"max-image-preview:large","keywords":"","webmasterTools":{"miscellaneous":""},"schema":{"@context":"https:\/\/schema.org","@graph":[{"@type":"BlogPosting","@id":"https:\/\/www.spkatarzyna.pl\/index.php\/2026\/03\/30\/wyroznienie-w-xiv-ogolnopolskim-konkursie\/#blogposting","name":"Wyr\u00f3\u017cnienie w Konkursie - SP Katarzyna","headline":"Wyr\u00f3\u017cnienie w Konkursie","author":{"@id":"https:\/\/www.spkatarzyna.pl\/index.php\/author\/agatasafianspkatarzyna-pl\/#author"},"publisher":{"@id":"https:\/\/www.spkatarzyna.pl\/#organization"},"image":{"@type":"ImageObject","url":"https:\/\/www.spkatarzyna.pl\/wp-content\/uploads\/2026\/03\/3-2.png","width":360,"height":202},"datePublished":"2026-03-30T07:20:48+02:00","dateModified":"2026-03-30T07:26:16+02:00","inLanguage":"pl-PL","mainEntityOfPage":{"@id":"https:\/\/www.spkatarzyna.pl\/index.php\/2026\/03\/30\/wyroznienie-w-xiv-ogolnopolskim-konkursie\/#webpage"},"isPartOf":{"@id":"https:\/\/www.spkatarzyna.pl\/index.php\/2026\/03\/30\/wyroznienie-w-xiv-ogolnopolskim-konkursie\/#webpage"},"articleSection":"Uncategorized"},{"@type":"BreadcrumbList","@id":"https:\/\/www.spkatarzyna.pl\/index.php\/2026\/03\/30\/wyroznienie-w-xiv-ogolnopolskim-konkursie\/#breadcrumblist","itemListElement":[{"@type":"ListItem","@id":"https:\/\/www.spkatarzyna.pl#listItem","position":1,"name":"Dom","item":"https:\/\/www.spkatarzyna.pl","nextItem":{"@type":"ListItem","@id":"https:\/\/www.spkatarzyna.pl\/index.php\/category\/uncategorized\/#listItem","name":"Uncategorized"}},{"@type":"ListItem","@id":"https:\/\/www.spkatarzyna.pl\/index.php\/category\/uncategorized\/#listItem","position":2,"name":"Uncategorized","item":"https:\/\/www.spkatarzyna.pl\/index.php\/category\/uncategorized\/","nextItem":{"@type":"ListItem","@id":"https:\/\/www.spkatarzyna.pl\/index.php\/2026\/03\/30\/wyroznienie-w-xiv-ogolnopolskim-konkursie\/#listItem","name":"Wyr\u00f3\u017cnienie w Konkursie"},"previousItem":{"@type":"ListItem","@id":"https:\/\/www.spkatarzyna.pl#listItem","name":"Dom"}},{"@type":"ListItem","@id":"https:\/\/www.spkatarzyna.pl\/index.php\/2026\/03\/30\/wyroznienie-w-xiv-ogolnopolskim-konkursie\/#listItem","position":3,"name":"Wyr\u00f3\u017cnienie w Konkursie","previousItem":{"@type":"ListItem","@id":"https:\/\/www.spkatarzyna.pl\/index.php\/category\/uncategorized\/#listItem","name":"Uncategorized"}}]},{"@type":"Organization","@id":"https:\/\/www.spkatarzyna.pl\/#organization","name":"SP Katarzyna","description":"Publiczna Szko\u0142a Podstawowa w \u015awi\u0119tej Katarzynie","url":"https:\/\/www.spkatarzyna.pl\/","telephone":"+48713116378","sameAs":["https:\/\/facebook.com\/","https:\/\/x.com\/","https:\/\/instagram.com\/","https:\/\/pinterest.com\/","https:\/\/youtube.com\/","https:\/\/linkedin.com\/in\/"]},{"@type":"Person","@id":"https:\/\/www.spkatarzyna.pl\/index.php\/author\/agatasafianspkatarzyna-pl\/#author","url":"https:\/\/www.spkatarzyna.pl\/index.php\/author\/agatasafianspkatarzyna-pl\/","name":"Redakcja","image":{"@type":"ImageObject","@id":"https:\/\/www.spkatarzyna.pl\/index.php\/2026\/03\/30\/wyroznienie-w-xiv-ogolnopolskim-konkursie\/#authorImage","url":"https:\/\/secure.gravatar.com\/avatar\/765290513df94d442152250e92b42327?s=96&d=mm&r=g","width":96,"height":96,"caption":"Redakcja"}},{"@type":"WebPage","@id":"https:\/\/www.spkatarzyna.pl\/index.php\/2026\/03\/30\/wyroznienie-w-xiv-ogolnopolskim-konkursie\/#webpage","url":"https:\/\/www.spkatarzyna.pl\/index.php\/2026\/03\/30\/wyroznienie-w-xiv-ogolnopolskim-konkursie\/","name":"Wyr\u00f3\u017cnienie w Konkursie - SP Katarzyna","description":"Uczniowie naszej szko\u0142y wzi\u0119li udzia\u0142 w XIV Og\u00f3lnopolskim Konkursie Ekologicznym \u201ePolska, jakiej nie znacie\u201d. Celem konkursu by\u0142o rozwijanie wra\u017cliwo\u015bci ekologicznej oraz pog\u0142\u0119bianie wiedzy o otaczaj\u0105cej nas przyrodzie poprzez dzia\u0142ania tw\u00f3rcze. Jedn\u0105 z zaproponowanych form by\u0142 konkurs \u201eEkolog \u2013 Poeta\u201d, polegaj\u0105cy na napisaniu wiersza inspirowanego tematem \u201e\u0141\u0105ka pod lup\u0105\u201d. Uczestnicy mieli okazj\u0119 spojrze\u0107 na \u015bwiat natury","inLanguage":"pl-PL","isPartOf":{"@id":"https:\/\/www.spkatarzyna.pl\/#website"},"breadcrumb":{"@id":"https:\/\/www.spkatarzyna.pl\/index.php\/2026\/03\/30\/wyroznienie-w-xiv-ogolnopolskim-konkursie\/#breadcrumblist"},"author":{"@id":"https:\/\/www.spkatarzyna.pl\/index.php\/author\/agatasafianspkatarzyna-pl\/#author"},"creator":{"@id":"https:\/\/www.spkatarzyna.pl\/index.php\/author\/agatasafianspkatarzyna-pl\/#author"},"image":{"@type":"ImageObject","url":"https:\/\/www.spkatarzyna.pl\/wp-content\/uploads\/2026\/03\/3-2.png","@id":"https:\/\/www.spkatarzyna.pl\/index.php\/2026\/03\/30\/wyroznienie-w-xiv-ogolnopolskim-konkursie\/#mainImage","width":360,"height":202},"primaryImageOfPage":{"@id":"https:\/\/www.spkatarzyna.pl\/index.php\/2026\/03\/30\/wyroznienie-w-xiv-ogolnopolskim-konkursie\/#mainImage"},"datePublished":"2026-03-30T07:20:48+02:00","dateModified":"2026-03-30T07:26:16+02:00"},{"@type":"WebSite","@id":"https:\/\/www.spkatarzyna.pl\/#website","url":"https:\/\/www.spkatarzyna.pl\/","name":"SP Katarzyna","description":"Publiczna Szko\u0142a Podstawowa w \u015awi\u0119tej Katarzynie","inLanguage":"pl-PL","publisher":{"@id":"https:\/\/www.spkatarzyna.pl\/#organization"}}]},"og:locale":"pl_PL","og:site_name":"SP Katarzyna - Publiczna Szko\u0142a Podstawowa w \u015awi\u0119tej Katarzynie","og:type":"article","og:title":"Wyr\u00f3\u017cnienie w Konkursie - SP Katarzyna","og:description":"Uczniowie naszej szko\u0142y wzi\u0119li udzia\u0142 w XIV Og\u00f3lnopolskim Konkursie Ekologicznym \u201ePolska, jakiej nie znacie\u201d. Celem konkursu by\u0142o rozwijanie wra\u017cliwo\u015bci ekologicznej oraz pog\u0142\u0119bianie wiedzy o otaczaj\u0105cej nas przyrodzie poprzez dzia\u0142ania tw\u00f3rcze. Jedn\u0105 z zaproponowanych form by\u0142 konkurs \u201eEkolog \u2013 Poeta\u201d, polegaj\u0105cy na napisaniu wiersza inspirowanego tematem \u201e\u0141\u0105ka pod lup\u0105\u201d. Uczestnicy mieli okazj\u0119 spojrze\u0107 na \u015bwiat natury","og:url":"https:\/\/www.spkatarzyna.pl\/index.php\/2026\/03\/30\/wyroznienie-w-xiv-ogolnopolskim-konkursie\/","article:published_time":"2026-03-30T07:20:48+00:00","article:modified_time":"2026-03-30T07:26:16+00:00","twitter:card":"summary_large_image","twitter:title":"Wyr\u00f3\u017cnienie w Konkursie - SP Katarzyna","twitter:description":"Uczniowie naszej szko\u0142y wzi\u0119li udzia\u0142 w XIV Og\u00f3lnopolskim Konkursie Ekologicznym \u201ePolska, jakiej nie znacie\u201d. Celem konkursu by\u0142o rozwijanie wra\u017cliwo\u015bci ekologicznej oraz pog\u0142\u0119bianie wiedzy o otaczaj\u0105cej nas przyrodzie poprzez dzia\u0142ania tw\u00f3rcze. Jedn\u0105 z zaproponowanych form by\u0142 konkurs \u201eEkolog \u2013 Poeta\u201d, polegaj\u0105cy na napisaniu wiersza inspirowanego tematem \u201e\u0141\u0105ka pod lup\u0105\u201d. Uczestnicy mieli okazj\u0119 spojrze\u0107 na \u015bwiat natury"},"aioseo_meta_data":{"post_id":"19047","title":null,"description":null,"keywords":null,"keyphrases":{"focus":{"keyphrase":"","score":0,"analysis":{"keyphraseInTitle":{"score":0,"maxScore":9,"error":1}}},"additional":[]},"primary_term":null,"canonical_url":null,"og_title":null,"og_description":null,"og_object_type":"default","og_image_type":"default","og_image_url":null,"og_image_width":null,"og_image_height":null,"og_image_custom_url":null,"og_image_custom_fields":null,"og_video":"","og_custom_url":null,"og_article_section":null,"og_article_tags":null,"twitter_use_og":false,"twitter_card":"default","twitter_image_type":"default","twitter_image_url":null,"twitter_image_custom_url":null,"twitter_image_custom_fields":null,"twitter_title":null,"twitter_description":null,"schema":{"blockGraphs":[],"customGraphs":[],"default":{"data":{"Article":[],"Course":[],"Dataset":[],"FAQPage":[],"Movie":[],"Person":[],"Product":[],"ProductReview":[],"Car":[],"Recipe":[],"Service":[],"SoftwareApplication":[],"WebPage":[]},"graphName":"BlogPosting","isEnabled":true},"graphs":[]},"schema_type":"default","schema_type_options":null,"pillar_content":false,"robots_default":true,"robots_noindex":false,"robots_noarchive":false,"robots_nosnippet":false,"robots_nofollow":false,"robots_noimageindex":false,"robots_noodp":false,"robots_notranslate":false,"robots_max_snippet":"-1","robots_max_videopreview":"-1","robots_max_imagepreview":"large","priority":null,"frequency":"default","local_seo":null,"limit_modified_date":false,"created":"2026-03-30 07:20:48","updated":"2026-09-03 17:52:14","focus_keyword":null,"additional_keywords":null,"truseo_locale":null,"ai":null,"breadcrumb_settings":null,"seo_analyzer_scan_date":null},"aioseo_breadcrumb":"<div class=\"aioseo-breadcrumbs\"><span class=\"aioseo-breadcrumb\">\n\t\t\t<a href=\"https:\/\/www.spkatarzyna.pl\" title=\"Dom\">Dom<\/a>\n\t\t<\/span><span class=\"aioseo-breadcrumb-separator\">&raquo;<\/span><span class=\"aioseo-breadcrumb\">\n\t\t\t<a href=\"https:\/\/www.spkatarzyna.pl\/index.php\/category\/uncategorized\/\" title=\"Uncategorized\">Uncategorized<\/a>\n\t\t<\/span><span class=\"aioseo-breadcrumb-separator\">&raquo;<\/span><span class=\"aioseo-breadcrumb\">\n\t\t\tWyr\u00f3\u017cnienie w Konkursie\n\t\t<\/span><\/div>","aioseo_breadcrumb_json":[{"label":"Dom","link":"https:\/\/www.spkatarzyna.pl"},{"label":"Uncategorized","link":"https:\/\/www.spkatarzyna.pl\/index.php\/category\/uncategorized\/"},{"label":"Wyr\u00f3\u017cnienie w Konkursie","link":"https:\/\/www.spkatarzyna.pl\/index.php\/2026\/03\/30\/wyroznienie-w-xiv-ogolnopolskim-konkursie\/"}],"_links":{"self":[{"href":"https:\/\/www.spkatarzyna.pl\/index.php\/wp-json\/wp\/v2\/posts\/19047","targetHints":{"allow":["GET"]}}],"collection":[{"href":"https:\/\/www.spkatarzyna.pl\/index.php\/wp-json\/wp\/v2\/posts"}],"about":[{"href":"https:\/\/www.spkatarzyna.pl\/index.php\/wp-json\/wp\/v2\/types\/post"}],"author":[{"embeddable":true,"href":"https:\/\/www.spkatarzyna.pl\/index.php\/wp-json\/wp\/v2\/users\/6"}],"replies":[{"embeddable":true,"href":"https:\/\/www.spkatarzyna.pl\/index.php\/wp-json\/wp\/v2\/comments?post=19047"}],"version-history":[{"count":8,"href":"https:\/\/www.spkatarzyna.pl\/index.php\/wp-json\/wp\/v2\/posts\/19047\/revisions"}],"predecessor-version":[{"id":19058,"href":"https:\/\/www.spkatarzyna.pl\/index.php\/wp-json\/wp\/v2\/posts\/19047\/revisions\/19058"}],"wp:featuredmedia":[{"embeddable":true,"href":"https:\/\/www.spkatarzyna.pl\/index.php\/wp-json\/wp\/v2\/media\/19048"}],"wp:attachment":[{"href":"https:\/\/www.spkatarzyna.pl\/index.php\/wp-json\/wp\/v2\/media?parent=19047"}],"wp:term":[{"taxonomy":"category","embeddable":true,"href":"https:\/\/www.spkatarzyna.pl\/index.php\/wp-json\/wp\/v2\/categories?post=19047"},{"taxonomy":"post_tag","embeddable":true,"href":"https:\/\/www.spkatarzyna.pl\/index.php\/wp-json\/wp\/v2\/tags?post=19047"}],"curies":[{"name":"wp","href":"https:\/\/api.w.org\/{rel}","templated":true}]}}