{"id":19078,"date":"2026-03-30T07:24:44","date_gmt":"2026-03-30T07:24:44","guid":{"rendered":"https:\/\/www.spkatarzyna.pl\/?p=19078"},"modified":"2026-03-31T10:16:12","modified_gmt":"2026-03-31T10:16:12","slug":"uczennica-finalistka-olimpiady","status":"publish","type":"post","link":"https:\/\/www.spkatarzyna.pl\/index.php\/2026\/03\/30\/uczennica-finalistka-olimpiady\/","title":{"rendered":"Uczennica finalistk\u0105 Olimpiady"},"content":{"rendered":"\t\t<div data-elementor-type=\"wp-post\" data-elementor-id=\"19078\" class=\"elementor elementor-19078\">\n\t\t\t\t<div class=\"elementor-element elementor-element-50f25a50 e-flex e-con-boxed e-con e-parent\" data-id=\"50f25a50\" data-element_type=\"container\">\n\t\t\t\t\t<div class=\"e-con-inner\">\n\t\t\t\t<div class=\"elementor-element elementor-element-952f140 elementor-widget elementor-widget-text-editor\" data-id=\"952f140\" data-element_type=\"widget\" data-widget_type=\"text-editor.default\">\n\t\t\t\t\t\t\t\t\t<p style=\"text-align: justify;\"><span style=\"font-size: 14pt;\"><span style=\"font-weight: 400;\">Maria Kami\u0144ska zosta\u0142a finalistk\u0105 VII Olimpiady Literatury i J\u0119zyka Polskiego dla Szk\u00f3\u0142 Podstawowych, co potwierdza jej wyj\u0105tkow\u0105 wiedz\u0119 i pasj\u0119 humanistyczn\u0105<\/span><span style=\"font-weight: 400;\">.<\/span><\/span><\/p><p style=\"text-align: justify;\"><span style=\"font-weight: 400; font-size: 14pt;\">Organizatorem OLiJPSP jest Instytut Bada\u0144 Literackich Polskiej Akademii Nauk w Warszawie. Olimpiada odbywa si\u0119 pod patronatem Ministerstwa Edukacji Narodowej.\u00a0<\/span><\/p><p style=\"text-align: justify;\"><span style=\"font-weight: 400; font-size: 14pt;\">Uzyskanie zaszczytnego tytu\u0142u gwarantuje Marysi 100% na egzaminie \u00f3smoklasisty z j\u0119zyka polskiego oraz pierwsze\u0144stwo wyboru szko\u0142y ponadpodstawowej w ca\u0142ej Polsce.\u00a0<\/span><\/p><p style=\"text-align: justify;\"><span style=\"font-weight: 400; font-size: 14pt;\">Gratulujemy!<\/span><\/p><p style=\"text-align: left;\"><span style=\"font-weight: 400; font-size: 14pt;\">Zesp\u00f3\u0142 Polonist\u00f3w<\/span><\/p>\t\t\t\t\t\t\t\t<\/div>\n\t\t\t\t<div class=\"elementor-element elementor-element-eda0585 elementor-widget elementor-widget-image\" data-id=\"eda0585\" data-element_type=\"widget\" data-widget_type=\"image.default\">\n\t\t\t\t\t\t\t\t\t\t\t\t\t\t\t<img decoding=\"async\" src=\"https:\/\/www.spkatarzyna.pl\/wp-content\/uploads\/elementor\/thumbs\/PHOTO-2026-03-31-09-45-02-rlbb4pvnoh8nntajthbzgnmy13ngoxegz0h8owai5s.jpg\" title=\"\" alt=\"\" loading=\"lazy\" \/>\t\t\t\t\t\t\t\t\t\t\t\t\t\t\t<\/div>\n\t\t\t\t\t<\/div>\n\t\t\t\t<\/div>\n\t\t\t\t<\/div>\n\t\t","protected":false},"excerpt":{"rendered":"<p>Maria Kami\u0144ska zosta\u0142a finalistk\u0105 VII Olimpiady Literatury i J\u0119zyka Polskiego dla Szk\u00f3\u0142 Podstawowych, co potwierdza jej wyj\u0105tkow\u0105 wiedz\u0119 i pasj\u0119 humanistyczn\u0105. Organizatorem OLiJPSP jest Instytut Bada\u0144 Literackich Polskiej Akademii Nauk w Warszawie. Olimpiada odbywa si\u0119 pod patronatem Ministerstwa Edukacji Narodowej.\u00a0 Uzyskanie zaszczytnego tytu\u0142u gwarantuje Marysi 100% na egzaminie \u00f3smoklasisty z [&hellip;]<\/p>\n","protected":false},"author":6,"featured_media":19079,"comment_status":"open","ping_status":"open","sticky":false,"template":"","format":"standard","meta":{"om_disable_all_campaigns":false,"_monsterinsights_skip_tracking":false,"ngg_post_thumbnail":0,"footnotes":""},"categories":[1],"tags":[],"class_list":["post-19078","post","type-post","status-publish","format-standard","has-post-thumbnail","hentry","category-uncategorized"],"aioseo_notices":[],"aioseo_head":"\n\t\t<!-- All in One SEO 5.0.1.1 - aioseo.com -->\n\t<meta name=\"description\" content=\"Maria Kami\u0144ska zosta\u0142a finalistk\u0105 VII Olimpiady Literatury i J\u0119zyka Polskiego dla Szk\u00f3\u0142 Podstawowych, co potwierdza jej wyj\u0105tkow\u0105 wiedz\u0119 i pasj\u0119 humanistyczn\u0105.Organizatorem OLiJPSP jest Instytut Bada\u0144 Literackich Polskiej Akademii Nauk w Warszawie. Olimpiada odbywa si\u0119 pod patronatem Ministerstwa Edukacji Narodowej. Uzyskanie zaszczytnego tytu\u0142u gwarantuje Marysi 100% na egzaminie \u00f3smoklasisty z j\u0119zyka polskiego oraz pierwsze\u0144stwo wyboru szko\u0142y ponadpodstawowej\" \/>\n\t<meta name=\"robots\" content=\"max-image-preview:large\" \/>\n\t<meta name=\"author\" content=\"Redakcja\"\/>\n\t<link rel=\"canonical\" href=\"https:\/\/www.spkatarzyna.pl\/index.php\/2026\/03\/30\/uczennica-finalistka-olimpiady\/\" \/>\n\t<meta name=\"generator\" content=\"All in One SEO (AIOSEO) 5.0.1.1\" \/>\n\t\t<meta property=\"og:locale\" content=\"pl_PL\" \/>\n\t\t<meta property=\"og:site_name\" content=\"SP Katarzyna - Publiczna Szko\u0142a Podstawowa w \u015awi\u0119tej Katarzynie\" \/>\n\t\t<meta property=\"og:type\" content=\"article\" \/>\n\t\t<meta property=\"og:title\" content=\"Uczennica finalistk\u0105 Olimpiady - SP Katarzyna\" \/>\n\t\t<meta property=\"og:description\" content=\"Maria Kami\u0144ska zosta\u0142a finalistk\u0105 VII Olimpiady Literatury i J\u0119zyka Polskiego dla Szk\u00f3\u0142 Podstawowych, co potwierdza jej wyj\u0105tkow\u0105 wiedz\u0119 i pasj\u0119 humanistyczn\u0105.Organizatorem OLiJPSP jest Instytut Bada\u0144 Literackich Polskiej Akademii Nauk w Warszawie. Olimpiada odbywa si\u0119 pod patronatem Ministerstwa Edukacji Narodowej. Uzyskanie zaszczytnego tytu\u0142u gwarantuje Marysi 100% na egzaminie \u00f3smoklasisty z j\u0119zyka polskiego oraz pierwsze\u0144stwo wyboru szko\u0142y ponadpodstawowej\" \/>\n\t\t<meta property=\"og:url\" content=\"https:\/\/www.spkatarzyna.pl\/index.php\/2026\/03\/30\/uczennica-finalistka-olimpiady\/\" \/>\n\t\t<meta property=\"article:published_time\" content=\"2026-03-30T07:24:44+00:00\" \/>\n\t\t<meta property=\"article:modified_time\" content=\"2026-03-31T10:16:12+00:00\" \/>\n\t\t<meta name=\"twitter:card\" content=\"summary_large_image\" \/>\n\t\t<meta name=\"twitter:title\" content=\"Uczennica finalistk\u0105 Olimpiady - SP Katarzyna\" \/>\n\t\t<meta name=\"twitter:description\" content=\"Maria Kami\u0144ska zosta\u0142a finalistk\u0105 VII Olimpiady Literatury i J\u0119zyka Polskiego dla Szk\u00f3\u0142 Podstawowych, co potwierdza jej wyj\u0105tkow\u0105 wiedz\u0119 i pasj\u0119 humanistyczn\u0105.Organizatorem OLiJPSP jest Instytut Bada\u0144 Literackich Polskiej Akademii Nauk w Warszawie. Olimpiada odbywa si\u0119 pod patronatem Ministerstwa Edukacji Narodowej. Uzyskanie zaszczytnego tytu\u0142u gwarantuje Marysi 100% na egzaminie \u00f3smoklasisty z j\u0119zyka polskiego oraz pierwsze\u0144stwo wyboru szko\u0142y ponadpodstawowej\" \/>\n\t\t<script type=\"application\/ld+json\" class=\"aioseo-schema\">\n\t\t\t{\"@context\":\"https:\\\/\\\/schema.org\",\"@graph\":[{\"@type\":\"BlogPosting\",\"@id\":\"https:\\\/\\\/www.spkatarzyna.pl\\\/index.php\\\/2026\\\/03\\\/30\\\/uczennica-finalistka-olimpiady\\\/#blogposting\",\"name\":\"Uczennica finalistk\\u0105 Olimpiady - SP Katarzyna\",\"headline\":\"Uczennica finalistk\\u0105 Olimpiady\",\"author\":{\"@id\":\"https:\\\/\\\/www.spkatarzyna.pl\\\/index.php\\\/author\\\/agatasafianspkatarzyna-pl\\\/#author\"},\"publisher\":{\"@id\":\"https:\\\/\\\/www.spkatarzyna.pl\\\/#organization\"},\"image\":{\"@type\":\"ImageObject\",\"url\":\"https:\\\/\\\/www.spkatarzyna.pl\\\/wp-content\\\/uploads\\\/2026\\\/03\\\/NAGLOWKI-PSP-2.png\",\"width\":360,\"height\":202},\"datePublished\":\"2026-03-30T07:24:44+02:00\",\"dateModified\":\"2026-03-31T10:16:12+02:00\",\"inLanguage\":\"pl-PL\",\"mainEntityOfPage\":{\"@id\":\"https:\\\/\\\/www.spkatarzyna.pl\\\/index.php\\\/2026\\\/03\\\/30\\\/uczennica-finalistka-olimpiady\\\/#webpage\"},\"isPartOf\":{\"@id\":\"https:\\\/\\\/www.spkatarzyna.pl\\\/index.php\\\/2026\\\/03\\\/30\\\/uczennica-finalistka-olimpiady\\\/#webpage\"},\"articleSection\":\"Uncategorized\"},{\"@type\":\"BreadcrumbList\",\"@id\":\"https:\\\/\\\/www.spkatarzyna.pl\\\/index.php\\\/2026\\\/03\\\/30\\\/uczennica-finalistka-olimpiady\\\/#breadcrumblist\",\"itemListElement\":[{\"@type\":\"ListItem\",\"@id\":\"https:\\\/\\\/www.spkatarzyna.pl#listItem\",\"position\":1,\"name\":\"Dom\",\"item\":\"https:\\\/\\\/www.spkatarzyna.pl\",\"nextItem\":{\"@type\":\"ListItem\",\"@id\":\"https:\\\/\\\/www.spkatarzyna.pl\\\/index.php\\\/category\\\/uncategorized\\\/#listItem\",\"name\":\"Uncategorized\"}},{\"@type\":\"ListItem\",\"@id\":\"https:\\\/\\\/www.spkatarzyna.pl\\\/index.php\\\/category\\\/uncategorized\\\/#listItem\",\"position\":2,\"name\":\"Uncategorized\",\"item\":\"https:\\\/\\\/www.spkatarzyna.pl\\\/index.php\\\/category\\\/uncategorized\\\/\",\"nextItem\":{\"@type\":\"ListItem\",\"@id\":\"https:\\\/\\\/www.spkatarzyna.pl\\\/index.php\\\/2026\\\/03\\\/30\\\/uczennica-finalistka-olimpiady\\\/#listItem\",\"name\":\"Uczennica finalistk\\u0105 Olimpiady\"},\"previousItem\":{\"@type\":\"ListItem\",\"@id\":\"https:\\\/\\\/www.spkatarzyna.pl#listItem\",\"name\":\"Dom\"}},{\"@type\":\"ListItem\",\"@id\":\"https:\\\/\\\/www.spkatarzyna.pl\\\/index.php\\\/2026\\\/03\\\/30\\\/uczennica-finalistka-olimpiady\\\/#listItem\",\"position\":3,\"name\":\"Uczennica finalistk\\u0105 Olimpiady\",\"previousItem\":{\"@type\":\"ListItem\",\"@id\":\"https:\\\/\\\/www.spkatarzyna.pl\\\/index.php\\\/category\\\/uncategorized\\\/#listItem\",\"name\":\"Uncategorized\"}}]},{\"@type\":\"Organization\",\"@id\":\"https:\\\/\\\/www.spkatarzyna.pl\\\/#organization\",\"name\":\"SP Katarzyna\",\"description\":\"Publiczna Szko\\u0142a Podstawowa w \\u015awi\\u0119tej Katarzynie\",\"url\":\"https:\\\/\\\/www.spkatarzyna.pl\\\/\",\"telephone\":\"+48713116378\",\"sameAs\":[\"https:\\\/\\\/facebook.com\\\/\",\"https:\\\/\\\/x.com\\\/\",\"https:\\\/\\\/instagram.com\\\/\",\"https:\\\/\\\/pinterest.com\\\/\",\"https:\\\/\\\/youtube.com\\\/\",\"https:\\\/\\\/linkedin.com\\\/in\\\/\"]},{\"@type\":\"Person\",\"@id\":\"https:\\\/\\\/www.spkatarzyna.pl\\\/index.php\\\/author\\\/agatasafianspkatarzyna-pl\\\/#author\",\"url\":\"https:\\\/\\\/www.spkatarzyna.pl\\\/index.php\\\/author\\\/agatasafianspkatarzyna-pl\\\/\",\"name\":\"Redakcja\",\"image\":{\"@type\":\"ImageObject\",\"@id\":\"https:\\\/\\\/www.spkatarzyna.pl\\\/index.php\\\/2026\\\/03\\\/30\\\/uczennica-finalistka-olimpiady\\\/#authorImage\",\"url\":\"https:\\\/\\\/secure.gravatar.com\\\/avatar\\\/765290513df94d442152250e92b42327?s=96&d=mm&r=g\",\"width\":96,\"height\":96,\"caption\":\"Redakcja\"}},{\"@type\":\"WebPage\",\"@id\":\"https:\\\/\\\/www.spkatarzyna.pl\\\/index.php\\\/2026\\\/03\\\/30\\\/uczennica-finalistka-olimpiady\\\/#webpage\",\"url\":\"https:\\\/\\\/www.spkatarzyna.pl\\\/index.php\\\/2026\\\/03\\\/30\\\/uczennica-finalistka-olimpiady\\\/\",\"name\":\"Uczennica finalistk\\u0105 Olimpiady - SP Katarzyna\",\"description\":\"Maria Kami\\u0144ska zosta\\u0142a finalistk\\u0105 VII Olimpiady Literatury i J\\u0119zyka Polskiego dla Szk\\u00f3\\u0142 Podstawowych, co potwierdza jej wyj\\u0105tkow\\u0105 wiedz\\u0119 i pasj\\u0119 humanistyczn\\u0105.Organizatorem OLiJPSP jest Instytut Bada\\u0144 Literackich Polskiej Akademii Nauk w Warszawie. Olimpiada odbywa si\\u0119 pod patronatem Ministerstwa Edukacji Narodowej. Uzyskanie zaszczytnego tytu\\u0142u gwarantuje Marysi 100% na egzaminie \\u00f3smoklasisty z j\\u0119zyka polskiego oraz pierwsze\\u0144stwo wyboru szko\\u0142y ponadpodstawowej\",\"inLanguage\":\"pl-PL\",\"isPartOf\":{\"@id\":\"https:\\\/\\\/www.spkatarzyna.pl\\\/#website\"},\"breadcrumb\":{\"@id\":\"https:\\\/\\\/www.spkatarzyna.pl\\\/index.php\\\/2026\\\/03\\\/30\\\/uczennica-finalistka-olimpiady\\\/#breadcrumblist\"},\"author\":{\"@id\":\"https:\\\/\\\/www.spkatarzyna.pl\\\/index.php\\\/author\\\/agatasafianspkatarzyna-pl\\\/#author\"},\"creator\":{\"@id\":\"https:\\\/\\\/www.spkatarzyna.pl\\\/index.php\\\/author\\\/agatasafianspkatarzyna-pl\\\/#author\"},\"image\":{\"@type\":\"ImageObject\",\"url\":\"https:\\\/\\\/www.spkatarzyna.pl\\\/wp-content\\\/uploads\\\/2026\\\/03\\\/NAGLOWKI-PSP-2.png\",\"@id\":\"https:\\\/\\\/www.spkatarzyna.pl\\\/index.php\\\/2026\\\/03\\\/30\\\/uczennica-finalistka-olimpiady\\\/#mainImage\",\"width\":360,\"height\":202},\"primaryImageOfPage\":{\"@id\":\"https:\\\/\\\/www.spkatarzyna.pl\\\/index.php\\\/2026\\\/03\\\/30\\\/uczennica-finalistka-olimpiady\\\/#mainImage\"},\"datePublished\":\"2026-03-30T07:24:44+02:00\",\"dateModified\":\"2026-03-31T10:16:12+02:00\"},{\"@type\":\"WebSite\",\"@id\":\"https:\\\/\\\/www.spkatarzyna.pl\\\/#website\",\"url\":\"https:\\\/\\\/www.spkatarzyna.pl\\\/\",\"name\":\"SP Katarzyna\",\"description\":\"Publiczna Szko\\u0142a Podstawowa w \\u015awi\\u0119tej Katarzynie\",\"inLanguage\":\"pl-PL\",\"publisher\":{\"@id\":\"https:\\\/\\\/www.spkatarzyna.pl\\\/#organization\"}}]}\n\t\t<\/script>\n\t\t<!-- All in One SEO -->\n\n","aioseo_head_json":{"title":"Uczennica finalistk\u0105 Olimpiady - SP Katarzyna","description":"Maria Kami\u0144ska zosta\u0142a finalistk\u0105 VII Olimpiady Literatury i J\u0119zyka Polskiego dla Szk\u00f3\u0142 Podstawowych, co potwierdza jej wyj\u0105tkow\u0105 wiedz\u0119 i pasj\u0119 humanistyczn\u0105.Organizatorem OLiJPSP jest Instytut Bada\u0144 Literackich Polskiej Akademii Nauk w Warszawie. Olimpiada odbywa si\u0119 pod patronatem Ministerstwa Edukacji Narodowej. Uzyskanie zaszczytnego tytu\u0142u gwarantuje Marysi 100% na egzaminie \u00f3smoklasisty z j\u0119zyka polskiego oraz pierwsze\u0144stwo wyboru szko\u0142y ponadpodstawowej","canonical_url":"https:\/\/www.spkatarzyna.pl\/index.php\/2026\/03\/30\/uczennica-finalistka-olimpiady\/","robots":"max-image-preview:large","keywords":"","webmasterTools":{"miscellaneous":""},"schema":{"@context":"https:\/\/schema.org","@graph":[{"@type":"BlogPosting","@id":"https:\/\/www.spkatarzyna.pl\/index.php\/2026\/03\/30\/uczennica-finalistka-olimpiady\/#blogposting","name":"Uczennica finalistk\u0105 Olimpiady - SP Katarzyna","headline":"Uczennica finalistk\u0105 Olimpiady","author":{"@id":"https:\/\/www.spkatarzyna.pl\/index.php\/author\/agatasafianspkatarzyna-pl\/#author"},"publisher":{"@id":"https:\/\/www.spkatarzyna.pl\/#organization"},"image":{"@type":"ImageObject","url":"https:\/\/www.spkatarzyna.pl\/wp-content\/uploads\/2026\/03\/NAGLOWKI-PSP-2.png","width":360,"height":202},"datePublished":"2026-03-30T07:24:44+02:00","dateModified":"2026-03-31T10:16:12+02:00","inLanguage":"pl-PL","mainEntityOfPage":{"@id":"https:\/\/www.spkatarzyna.pl\/index.php\/2026\/03\/30\/uczennica-finalistka-olimpiady\/#webpage"},"isPartOf":{"@id":"https:\/\/www.spkatarzyna.pl\/index.php\/2026\/03\/30\/uczennica-finalistka-olimpiady\/#webpage"},"articleSection":"Uncategorized"},{"@type":"BreadcrumbList","@id":"https:\/\/www.spkatarzyna.pl\/index.php\/2026\/03\/30\/uczennica-finalistka-olimpiady\/#breadcrumblist","itemListElement":[{"@type":"ListItem","@id":"https:\/\/www.spkatarzyna.pl#listItem","position":1,"name":"Dom","item":"https:\/\/www.spkatarzyna.pl","nextItem":{"@type":"ListItem","@id":"https:\/\/www.spkatarzyna.pl\/index.php\/category\/uncategorized\/#listItem","name":"Uncategorized"}},{"@type":"ListItem","@id":"https:\/\/www.spkatarzyna.pl\/index.php\/category\/uncategorized\/#listItem","position":2,"name":"Uncategorized","item":"https:\/\/www.spkatarzyna.pl\/index.php\/category\/uncategorized\/","nextItem":{"@type":"ListItem","@id":"https:\/\/www.spkatarzyna.pl\/index.php\/2026\/03\/30\/uczennica-finalistka-olimpiady\/#listItem","name":"Uczennica finalistk\u0105 Olimpiady"},"previousItem":{"@type":"ListItem","@id":"https:\/\/www.spkatarzyna.pl#listItem","name":"Dom"}},{"@type":"ListItem","@id":"https:\/\/www.spkatarzyna.pl\/index.php\/2026\/03\/30\/uczennica-finalistka-olimpiady\/#listItem","position":3,"name":"Uczennica finalistk\u0105 Olimpiady","previousItem":{"@type":"ListItem","@id":"https:\/\/www.spkatarzyna.pl\/index.php\/category\/uncategorized\/#listItem","name":"Uncategorized"}}]},{"@type":"Organization","@id":"https:\/\/www.spkatarzyna.pl\/#organization","name":"SP Katarzyna","description":"Publiczna Szko\u0142a Podstawowa w \u015awi\u0119tej Katarzynie","url":"https:\/\/www.spkatarzyna.pl\/","telephone":"+48713116378","sameAs":["https:\/\/facebook.com\/","https:\/\/x.com\/","https:\/\/instagram.com\/","https:\/\/pinterest.com\/","https:\/\/youtube.com\/","https:\/\/linkedin.com\/in\/"]},{"@type":"Person","@id":"https:\/\/www.spkatarzyna.pl\/index.php\/author\/agatasafianspkatarzyna-pl\/#author","url":"https:\/\/www.spkatarzyna.pl\/index.php\/author\/agatasafianspkatarzyna-pl\/","name":"Redakcja","image":{"@type":"ImageObject","@id":"https:\/\/www.spkatarzyna.pl\/index.php\/2026\/03\/30\/uczennica-finalistka-olimpiady\/#authorImage","url":"https:\/\/secure.gravatar.com\/avatar\/765290513df94d442152250e92b42327?s=96&d=mm&r=g","width":96,"height":96,"caption":"Redakcja"}},{"@type":"WebPage","@id":"https:\/\/www.spkatarzyna.pl\/index.php\/2026\/03\/30\/uczennica-finalistka-olimpiady\/#webpage","url":"https:\/\/www.spkatarzyna.pl\/index.php\/2026\/03\/30\/uczennica-finalistka-olimpiady\/","name":"Uczennica finalistk\u0105 Olimpiady - SP Katarzyna","description":"Maria Kami\u0144ska zosta\u0142a finalistk\u0105 VII Olimpiady Literatury i J\u0119zyka Polskiego dla Szk\u00f3\u0142 Podstawowych, co potwierdza jej wyj\u0105tkow\u0105 wiedz\u0119 i pasj\u0119 humanistyczn\u0105.Organizatorem OLiJPSP jest Instytut Bada\u0144 Literackich Polskiej Akademii Nauk w Warszawie. Olimpiada odbywa si\u0119 pod patronatem Ministerstwa Edukacji Narodowej. Uzyskanie zaszczytnego tytu\u0142u gwarantuje Marysi 100% na egzaminie \u00f3smoklasisty z j\u0119zyka polskiego oraz pierwsze\u0144stwo wyboru szko\u0142y ponadpodstawowej","inLanguage":"pl-PL","isPartOf":{"@id":"https:\/\/www.spkatarzyna.pl\/#website"},"breadcrumb":{"@id":"https:\/\/www.spkatarzyna.pl\/index.php\/2026\/03\/30\/uczennica-finalistka-olimpiady\/#breadcrumblist"},"author":{"@id":"https:\/\/www.spkatarzyna.pl\/index.php\/author\/agatasafianspkatarzyna-pl\/#author"},"creator":{"@id":"https:\/\/www.spkatarzyna.pl\/index.php\/author\/agatasafianspkatarzyna-pl\/#author"},"image":{"@type":"ImageObject","url":"https:\/\/www.spkatarzyna.pl\/wp-content\/uploads\/2026\/03\/NAGLOWKI-PSP-2.png","@id":"https:\/\/www.spkatarzyna.pl\/index.php\/2026\/03\/30\/uczennica-finalistka-olimpiady\/#mainImage","width":360,"height":202},"primaryImageOfPage":{"@id":"https:\/\/www.spkatarzyna.pl\/index.php\/2026\/03\/30\/uczennica-finalistka-olimpiady\/#mainImage"},"datePublished":"2026-03-30T07:24:44+02:00","dateModified":"2026-03-31T10:16:12+02:00"},{"@type":"WebSite","@id":"https:\/\/www.spkatarzyna.pl\/#website","url":"https:\/\/www.spkatarzyna.pl\/","name":"SP Katarzyna","description":"Publiczna Szko\u0142a Podstawowa w \u015awi\u0119tej Katarzynie","inLanguage":"pl-PL","publisher":{"@id":"https:\/\/www.spkatarzyna.pl\/#organization"}}]},"og:locale":"pl_PL","og:site_name":"SP Katarzyna - Publiczna Szko\u0142a Podstawowa w \u015awi\u0119tej Katarzynie","og:type":"article","og:title":"Uczennica finalistk\u0105 Olimpiady - SP Katarzyna","og:description":"Maria Kami\u0144ska zosta\u0142a finalistk\u0105 VII Olimpiady Literatury i J\u0119zyka Polskiego dla Szk\u00f3\u0142 Podstawowych, co potwierdza jej wyj\u0105tkow\u0105 wiedz\u0119 i pasj\u0119 humanistyczn\u0105.Organizatorem OLiJPSP jest Instytut Bada\u0144 Literackich Polskiej Akademii Nauk w Warszawie. Olimpiada odbywa si\u0119 pod patronatem Ministerstwa Edukacji Narodowej. Uzyskanie zaszczytnego tytu\u0142u gwarantuje Marysi 100% na egzaminie \u00f3smoklasisty z j\u0119zyka polskiego oraz pierwsze\u0144stwo wyboru szko\u0142y ponadpodstawowej","og:url":"https:\/\/www.spkatarzyna.pl\/index.php\/2026\/03\/30\/uczennica-finalistka-olimpiady\/","article:published_time":"2026-03-30T07:24:44+00:00","article:modified_time":"2026-03-31T10:16:12+00:00","twitter:card":"summary_large_image","twitter:title":"Uczennica finalistk\u0105 Olimpiady - SP Katarzyna","twitter:description":"Maria Kami\u0144ska zosta\u0142a finalistk\u0105 VII Olimpiady Literatury i J\u0119zyka Polskiego dla Szk\u00f3\u0142 Podstawowych, co potwierdza jej wyj\u0105tkow\u0105 wiedz\u0119 i pasj\u0119 humanistyczn\u0105.Organizatorem OLiJPSP jest Instytut Bada\u0144 Literackich Polskiej Akademii Nauk w Warszawie. Olimpiada odbywa si\u0119 pod patronatem Ministerstwa Edukacji Narodowej. Uzyskanie zaszczytnego tytu\u0142u gwarantuje Marysi 100% na egzaminie \u00f3smoklasisty z j\u0119zyka polskiego oraz pierwsze\u0144stwo wyboru szko\u0142y ponadpodstawowej"},"aioseo_meta_data":{"post_id":"19078","title":null,"description":null,"keywords":null,"keyphrases":{"focus":{"keyphrase":"","score":0,"analysis":{"keyphraseInTitle":{"score":0,"maxScore":9,"error":1}}},"additional":[]},"primary_term":null,"canonical_url":null,"og_title":null,"og_description":null,"og_object_type":"default","og_image_type":"default","og_image_url":null,"og_image_width":null,"og_image_height":null,"og_image_custom_url":null,"og_image_custom_fields":null,"og_video":"","og_custom_url":null,"og_article_section":null,"og_article_tags":null,"twitter_use_og":false,"twitter_card":"default","twitter_image_type":"default","twitter_image_url":null,"twitter_image_custom_url":null,"twitter_image_custom_fields":null,"twitter_title":null,"twitter_description":null,"schema":{"blockGraphs":[],"customGraphs":[],"default":{"data":{"Article":[],"Course":[],"Dataset":[],"FAQPage":[],"Movie":[],"Person":[],"Product":[],"ProductReview":[],"Car":[],"Recipe":[],"Service":[],"SoftwareApplication":[],"WebPage":[]},"graphName":"BlogPosting","isEnabled":true},"graphs":[]},"schema_type":"default","schema_type_options":null,"pillar_content":false,"robots_default":true,"robots_noindex":false,"robots_noarchive":false,"robots_nosnippet":false,"robots_nofollow":false,"robots_noimageindex":false,"robots_noodp":false,"robots_notranslate":false,"robots_max_snippet":"-1","robots_max_videopreview":"-1","robots_max_imagepreview":"large","priority":null,"frequency":"default","local_seo":null,"limit_modified_date":false,"created":"2026-03-30 18:58:13","updated":"2026-09-03 17:52:14","focus_keyword":null,"additional_keywords":null,"truseo_locale":null,"ai":null,"breadcrumb_settings":null,"seo_analyzer_scan_date":null},"aioseo_breadcrumb":"<div class=\"aioseo-breadcrumbs\"><span class=\"aioseo-breadcrumb\">\n\t\t\t<a href=\"https:\/\/www.spkatarzyna.pl\" title=\"Dom\">Dom<\/a>\n\t\t<\/span><span class=\"aioseo-breadcrumb-separator\">&raquo;<\/span><span class=\"aioseo-breadcrumb\">\n\t\t\t<a href=\"https:\/\/www.spkatarzyna.pl\/index.php\/category\/uncategorized\/\" title=\"Uncategorized\">Uncategorized<\/a>\n\t\t<\/span><span class=\"aioseo-breadcrumb-separator\">&raquo;<\/span><span class=\"aioseo-breadcrumb\">\n\t\t\tUczennica finalistk\u0105 Olimpiady\n\t\t<\/span><\/div>","aioseo_breadcrumb_json":[{"label":"Dom","link":"https:\/\/www.spkatarzyna.pl"},{"label":"Uncategorized","link":"https:\/\/www.spkatarzyna.pl\/index.php\/category\/uncategorized\/"},{"label":"Uczennica finalistk\u0105 Olimpiady","link":"https:\/\/www.spkatarzyna.pl\/index.php\/2026\/03\/30\/uczennica-finalistka-olimpiady\/"}],"_links":{"self":[{"href":"https:\/\/www.spkatarzyna.pl\/index.php\/wp-json\/wp\/v2\/posts\/19078","targetHints":{"allow":["GET"]}}],"collection":[{"href":"https:\/\/www.spkatarzyna.pl\/index.php\/wp-json\/wp\/v2\/posts"}],"about":[{"href":"https:\/\/www.spkatarzyna.pl\/index.php\/wp-json\/wp\/v2\/types\/post"}],"author":[{"embeddable":true,"href":"https:\/\/www.spkatarzyna.pl\/index.php\/wp-json\/wp\/v2\/users\/6"}],"replies":[{"embeddable":true,"href":"https:\/\/www.spkatarzyna.pl\/index.php\/wp-json\/wp\/v2\/comments?post=19078"}],"version-history":[{"count":7,"href":"https:\/\/www.spkatarzyna.pl\/index.php\/wp-json\/wp\/v2\/posts\/19078\/revisions"}],"predecessor-version":[{"id":19103,"href":"https:\/\/www.spkatarzyna.pl\/index.php\/wp-json\/wp\/v2\/posts\/19078\/revisions\/19103"}],"wp:featuredmedia":[{"embeddable":true,"href":"https:\/\/www.spkatarzyna.pl\/index.php\/wp-json\/wp\/v2\/media\/19079"}],"wp:attachment":[{"href":"https:\/\/www.spkatarzyna.pl\/index.php\/wp-json\/wp\/v2\/media?parent=19078"}],"wp:term":[{"taxonomy":"category","embeddable":true,"href":"https:\/\/www.spkatarzyna.pl\/index.php\/wp-json\/wp\/v2\/categories?post=19078"},{"taxonomy":"post_tag","embeddable":true,"href":"https:\/\/www.spkatarzyna.pl\/index.php\/wp-json\/wp\/v2\/tags?post=19078"}],"curies":[{"name":"wp","href":"https:\/\/api.w.org\/{rel}","templated":true}]}}