{"id":19086,"date":"2026-03-31T06:54:47","date_gmt":"2026-03-31T06:54:47","guid":{"rendered":"https:\/\/www.spkatarzyna.pl\/?p=19086"},"modified":"2026-03-31T07:10:02","modified_gmt":"2026-03-31T07:10:02","slug":"konkurs-recytatorski-2","status":"publish","type":"post","link":"https:\/\/www.spkatarzyna.pl\/index.php\/2026\/03\/31\/konkurs-recytatorski-2\/","title":{"rendered":"Konkurs recytatorski"},"content":{"rendered":"\t\t<div data-elementor-type=\"wp-post\" data-elementor-id=\"19086\" class=\"elementor elementor-19086\">\n\t\t\t\t<div class=\"elementor-element elementor-element-355bda02 e-flex e-con-boxed e-con e-parent\" data-id=\"355bda02\" data-element_type=\"container\">\n\t\t\t\t\t<div class=\"e-con-inner\">\n\t\t\t\t<div class=\"elementor-element elementor-element-1bdcbbfd elementor-widget elementor-widget-text-editor\" data-id=\"1bdcbbfd\" data-element_type=\"widget\" data-widget_type=\"text-editor.default\">\n\t\t\t\t\t\t\t\t\t<p style=\"text-align: justify;\"><span style=\"font-weight: 400;\">\u00a0<span style=\"font-size: 14pt;\">26 marca odby\u0142 si\u0119 w naszej szkole Konkurs Recytatorski kl. 4-8. Do udzia\u0142u zg\u0142osi\u0142o si\u0119 ponad dwadzie\u015bcioro uczni\u00f3w, z czego najliczniejsz\u0105 grup\u0119 stanowi\u0142y klasy czwarte. Ka\u017cdy uczestnik zaprezentowa\u0142 jeden utw\u00f3r w wybranej przez siebie kategorii, czyli recytacja albo poezja \u015bpiewana.\u00a0 Konkurs by\u0142 nie tylko okazj\u0105 do zaprezentowania talent\u00f3w naszych uczni\u00f3w, ale pokazem\u00a0 ich wra\u017cliwo\u015bci i zaanga\u017cowania artystycznego. Na pewno dla ka\u017cdego uczestnika by\u0142o to cenne do\u015bwiadczenie, wszyscy pokazali\u00a0 swoj\u0105 pasj\u0119 i odwag\u0119.<\/span><\/span><\/p><p style=\"text-align: justify;\"><span style=\"font-weight: 400; font-size: 14pt;\">Jury, kt\u00f3re\u00a0 ocenia\u0142o dob\u00f3r repertuaru, interpretacj\u0119 i dykcj\u0119, wy\u0142oni\u0142o nast\u0119puj\u0105cych laureat\u00f3w:\u00a0<\/span><\/p><p><span style=\"font-size: 14pt;\"><span style=\"font-weight: 400;\">w kategorii recytacja<\/span><span style=\"font-weight: 400;\"><br \/><\/span><span style=\"font-weight: 400;\"><br \/><\/span><span style=\"font-weight: 400;\">I miejsce &#8211; Ma\u0142gorzata Nowak,kl.5a<\/span><span style=\"font-weight: 400;\"><br \/><\/span><span style=\"font-weight: 400;\">II miejsce &#8211; Gustaw Walowski -Koprowski, kl.4b<\/span><span style=\"font-weight: 400;\"><br \/><\/span><span style=\"font-weight: 400;\">III miejsce &#8211; Hanna Plis, kl.6c<\/span><span style=\"font-weight: 400;\"><br \/><\/span><span style=\"font-weight: 400;\">wyr\u00f3\u017cnienie &#8211; Maja Guzy, kl.4a<\/span><span style=\"font-weight: 400;\"><br \/><\/span><span style=\"font-weight: 400;\">wyr\u00f3\u017cnienie &#8211; Martyna Bogda\u0142, kl.4b<\/span><span style=\"font-weight: 400;\"><br \/><\/span><span style=\"font-weight: 400;\">wyr\u00f3\u017cnienie &#8211; Liliana Zieli\u0144ska, kl.4c<\/span><span style=\"font-weight: 400;\"><br \/><\/span><span style=\"font-weight: 400;\"><br \/><\/span><span style=\"font-weight: 400;\">w kategorii poezja \u015bpiewana<\/span><span style=\"font-weight: 400;\"><br \/><\/span><span style=\"font-weight: 400;\"><br \/><\/span><span style=\"font-weight: 400;\">I miejsce &#8211; Zuzanna Przygoda, kl. 4a<\/span><span style=\"font-weight: 400;\"><br \/><\/span><span style=\"font-weight: 400;\">II miejsce -Tomasz Pindor, kl.5c<\/span><span style=\"font-weight: 400;\"><br \/><\/span><span style=\"font-weight: 400;\">III miejsce &#8211; Oliwia Ga\u0142an, kl. 6c<\/span><span style=\"font-weight: 400;\"><br \/><\/span><span style=\"font-weight: 400;\">wyr\u00f3\u017cnienie &#8211; Michalina Peglau, kl.4c<\/span><\/span><\/p><p><span style=\"font-weight: 400; font-size: 14pt;\">Wielkie gratulacje dla laureat\u00f3w !<\/span><\/p><p><span style=\"font-size: 14pt;\"><span style=\"font-weight: 400;\">Ma\u0142gorzata Ptak<\/span><\/span><\/p><p><br style=\"font-weight: 400;\" \/><br style=\"font-weight: 400;\" \/><\/p>\t\t\t\t\t\t\t\t<\/div>\n\t\t\t\t<div class=\"elementor-element elementor-element-f8ab164 elementor-widget elementor-widget-image\" data-id=\"f8ab164\" data-element_type=\"widget\" data-widget_type=\"image.default\">\n\t\t\t\t\t\t\t\t\t\t\t\t\t\t\t<img fetchpriority=\"high\" decoding=\"async\" width=\"768\" height=\"576\" src=\"https:\/\/www.spkatarzyna.pl\/wp-content\/uploads\/2026\/03\/20260326_134120-768x576.jpg\" class=\"attachment-medium_large size-medium_large wp-image-19090\" alt=\"\" srcset=\"https:\/\/www.spkatarzyna.pl\/wp-content\/uploads\/2026\/03\/20260326_134120-768x576.jpg 768w, https:\/\/www.spkatarzyna.pl\/wp-content\/uploads\/2026\/03\/20260326_134120-300x225.jpg 300w, https:\/\/www.spkatarzyna.pl\/wp-content\/uploads\/2026\/03\/20260326_134120-1024x768.jpg 1024w, https:\/\/www.spkatarzyna.pl\/wp-content\/uploads\/2026\/03\/20260326_134120-1536x1152.jpg 1536w, https:\/\/www.spkatarzyna.pl\/wp-content\/uploads\/2026\/03\/20260326_134120-2048x1536.jpg 2048w\" sizes=\"(max-width: 768px) 100vw, 768px\" \/>\t\t\t\t\t\t\t\t\t\t\t\t\t\t\t<\/div>\n\t\t\t\t\t<\/div>\n\t\t\t\t<\/div>\n\t\t\t\t<\/div>\n\t\t","protected":false},"excerpt":{"rendered":"<p>\u00a026 marca odby\u0142 si\u0119 w naszej szkole Konkurs Recytatorski kl. 4-8. Do udzia\u0142u zg\u0142osi\u0142o si\u0119 ponad dwadzie\u015bcioro uczni\u00f3w, z czego najliczniejsz\u0105 grup\u0119 stanowi\u0142y klasy czwarte. Ka\u017cdy uczestnik zaprezentowa\u0142 jeden utw\u00f3r w wybranej przez siebie kategorii, czyli recytacja albo poezja \u015bpiewana.\u00a0 Konkurs by\u0142 nie tylko okazj\u0105 do zaprezentowania talent\u00f3w naszych uczni\u00f3w, [&hellip;]<\/p>\n","protected":false},"author":6,"featured_media":19087,"comment_status":"open","ping_status":"open","sticky":false,"template":"","format":"standard","meta":{"om_disable_all_campaigns":false,"_monsterinsights_skip_tracking":false,"ngg_post_thumbnail":0,"footnotes":""},"categories":[1],"tags":[],"class_list":["post-19086","post","type-post","status-publish","format-standard","has-post-thumbnail","hentry","category-uncategorized"],"aioseo_notices":[],"aioseo_head":"\n\t\t<!-- All in One SEO 5.0.1.1 - aioseo.com -->\n\t<meta name=\"description\" content=\"26 marca odby\u0142 si\u0119 w naszej szkole Konkurs Recytatorski kl. 4-8. Do udzia\u0142u zg\u0142osi\u0142o si\u0119 ponad dwadzie\u015bcioro uczni\u00f3w, z czego najliczniejsz\u0105 grup\u0119 stanowi\u0142y klasy czwarte. Ka\u017cdy uczestnik zaprezentowa\u0142 jeden utw\u00f3r w wybranej przez siebie kategorii, czyli recytacja albo poezja \u015bpiewana. Konkurs by\u0142 nie tylko okazj\u0105 do zaprezentowania talent\u00f3w naszych uczni\u00f3w, ale pokazem ich wra\u017cliwo\u015bci i\" \/>\n\t<meta name=\"robots\" content=\"max-image-preview:large\" \/>\n\t<meta name=\"author\" content=\"Redakcja\"\/>\n\t<link rel=\"canonical\" href=\"https:\/\/www.spkatarzyna.pl\/index.php\/2026\/03\/31\/konkurs-recytatorski-2\/\" \/>\n\t<meta name=\"generator\" content=\"All in One SEO (AIOSEO) 5.0.1.1\" \/>\n\t\t<meta property=\"og:locale\" content=\"pl_PL\" \/>\n\t\t<meta property=\"og:site_name\" content=\"SP Katarzyna - Publiczna Szko\u0142a Podstawowa w \u015awi\u0119tej Katarzynie\" \/>\n\t\t<meta property=\"og:type\" content=\"article\" \/>\n\t\t<meta property=\"og:title\" content=\"Konkurs recytatorski - SP Katarzyna\" \/>\n\t\t<meta property=\"og:description\" content=\"26 marca odby\u0142 si\u0119 w naszej szkole Konkurs Recytatorski kl. 4-8. Do udzia\u0142u zg\u0142osi\u0142o si\u0119 ponad dwadzie\u015bcioro uczni\u00f3w, z czego najliczniejsz\u0105 grup\u0119 stanowi\u0142y klasy czwarte. Ka\u017cdy uczestnik zaprezentowa\u0142 jeden utw\u00f3r w wybranej przez siebie kategorii, czyli recytacja albo poezja \u015bpiewana. Konkurs by\u0142 nie tylko okazj\u0105 do zaprezentowania talent\u00f3w naszych uczni\u00f3w, ale pokazem ich wra\u017cliwo\u015bci i\" \/>\n\t\t<meta property=\"og:url\" content=\"https:\/\/www.spkatarzyna.pl\/index.php\/2026\/03\/31\/konkurs-recytatorski-2\/\" \/>\n\t\t<meta property=\"article:published_time\" content=\"2026-03-31T06:54:47+00:00\" \/>\n\t\t<meta property=\"article:modified_time\" content=\"2026-03-31T07:10:02+00:00\" \/>\n\t\t<meta name=\"twitter:card\" content=\"summary_large_image\" \/>\n\t\t<meta name=\"twitter:title\" content=\"Konkurs recytatorski - SP Katarzyna\" \/>\n\t\t<meta name=\"twitter:description\" content=\"26 marca odby\u0142 si\u0119 w naszej szkole Konkurs Recytatorski kl. 4-8. Do udzia\u0142u zg\u0142osi\u0142o si\u0119 ponad dwadzie\u015bcioro uczni\u00f3w, z czego najliczniejsz\u0105 grup\u0119 stanowi\u0142y klasy czwarte. Ka\u017cdy uczestnik zaprezentowa\u0142 jeden utw\u00f3r w wybranej przez siebie kategorii, czyli recytacja albo poezja \u015bpiewana. Konkurs by\u0142 nie tylko okazj\u0105 do zaprezentowania talent\u00f3w naszych uczni\u00f3w, ale pokazem ich wra\u017cliwo\u015bci i\" \/>\n\t\t<script type=\"application\/ld+json\" class=\"aioseo-schema\">\n\t\t\t{\"@context\":\"https:\\\/\\\/schema.org\",\"@graph\":[{\"@type\":\"BlogPosting\",\"@id\":\"https:\\\/\\\/www.spkatarzyna.pl\\\/index.php\\\/2026\\\/03\\\/31\\\/konkurs-recytatorski-2\\\/#blogposting\",\"name\":\"Konkurs recytatorski - SP Katarzyna\",\"headline\":\"Konkurs recytatorski\",\"author\":{\"@id\":\"https:\\\/\\\/www.spkatarzyna.pl\\\/index.php\\\/author\\\/agatasafianspkatarzyna-pl\\\/#author\"},\"publisher\":{\"@id\":\"https:\\\/\\\/www.spkatarzyna.pl\\\/#organization\"},\"image\":{\"@type\":\"ImageObject\",\"url\":\"https:\\\/\\\/www.spkatarzyna.pl\\\/wp-content\\\/uploads\\\/2026\\\/03\\\/20260326_134120-2.jpg\",\"width\":360,\"height\":202},\"datePublished\":\"2026-03-31T06:54:47+02:00\",\"dateModified\":\"2026-03-31T07:10:02+02:00\",\"inLanguage\":\"pl-PL\",\"mainEntityOfPage\":{\"@id\":\"https:\\\/\\\/www.spkatarzyna.pl\\\/index.php\\\/2026\\\/03\\\/31\\\/konkurs-recytatorski-2\\\/#webpage\"},\"isPartOf\":{\"@id\":\"https:\\\/\\\/www.spkatarzyna.pl\\\/index.php\\\/2026\\\/03\\\/31\\\/konkurs-recytatorski-2\\\/#webpage\"},\"articleSection\":\"Uncategorized\"},{\"@type\":\"BreadcrumbList\",\"@id\":\"https:\\\/\\\/www.spkatarzyna.pl\\\/index.php\\\/2026\\\/03\\\/31\\\/konkurs-recytatorski-2\\\/#breadcrumblist\",\"itemListElement\":[{\"@type\":\"ListItem\",\"@id\":\"https:\\\/\\\/www.spkatarzyna.pl#listItem\",\"position\":1,\"name\":\"Dom\",\"item\":\"https:\\\/\\\/www.spkatarzyna.pl\",\"nextItem\":{\"@type\":\"ListItem\",\"@id\":\"https:\\\/\\\/www.spkatarzyna.pl\\\/index.php\\\/category\\\/uncategorized\\\/#listItem\",\"name\":\"Uncategorized\"}},{\"@type\":\"ListItem\",\"@id\":\"https:\\\/\\\/www.spkatarzyna.pl\\\/index.php\\\/category\\\/uncategorized\\\/#listItem\",\"position\":2,\"name\":\"Uncategorized\",\"item\":\"https:\\\/\\\/www.spkatarzyna.pl\\\/index.php\\\/category\\\/uncategorized\\\/\",\"nextItem\":{\"@type\":\"ListItem\",\"@id\":\"https:\\\/\\\/www.spkatarzyna.pl\\\/index.php\\\/2026\\\/03\\\/31\\\/konkurs-recytatorski-2\\\/#listItem\",\"name\":\"Konkurs recytatorski\"},\"previousItem\":{\"@type\":\"ListItem\",\"@id\":\"https:\\\/\\\/www.spkatarzyna.pl#listItem\",\"name\":\"Dom\"}},{\"@type\":\"ListItem\",\"@id\":\"https:\\\/\\\/www.spkatarzyna.pl\\\/index.php\\\/2026\\\/03\\\/31\\\/konkurs-recytatorski-2\\\/#listItem\",\"position\":3,\"name\":\"Konkurs recytatorski\",\"previousItem\":{\"@type\":\"ListItem\",\"@id\":\"https:\\\/\\\/www.spkatarzyna.pl\\\/index.php\\\/category\\\/uncategorized\\\/#listItem\",\"name\":\"Uncategorized\"}}]},{\"@type\":\"Organization\",\"@id\":\"https:\\\/\\\/www.spkatarzyna.pl\\\/#organization\",\"name\":\"SP Katarzyna\",\"description\":\"Publiczna Szko\\u0142a Podstawowa w \\u015awi\\u0119tej Katarzynie\",\"url\":\"https:\\\/\\\/www.spkatarzyna.pl\\\/\",\"telephone\":\"+48713116378\",\"sameAs\":[\"https:\\\/\\\/facebook.com\\\/\",\"https:\\\/\\\/x.com\\\/\",\"https:\\\/\\\/instagram.com\\\/\",\"https:\\\/\\\/pinterest.com\\\/\",\"https:\\\/\\\/youtube.com\\\/\",\"https:\\\/\\\/linkedin.com\\\/in\\\/\"]},{\"@type\":\"Person\",\"@id\":\"https:\\\/\\\/www.spkatarzyna.pl\\\/index.php\\\/author\\\/agatasafianspkatarzyna-pl\\\/#author\",\"url\":\"https:\\\/\\\/www.spkatarzyna.pl\\\/index.php\\\/author\\\/agatasafianspkatarzyna-pl\\\/\",\"name\":\"Redakcja\",\"image\":{\"@type\":\"ImageObject\",\"@id\":\"https:\\\/\\\/www.spkatarzyna.pl\\\/index.php\\\/2026\\\/03\\\/31\\\/konkurs-recytatorski-2\\\/#authorImage\",\"url\":\"https:\\\/\\\/secure.gravatar.com\\\/avatar\\\/765290513df94d442152250e92b42327?s=96&d=mm&r=g\",\"width\":96,\"height\":96,\"caption\":\"Redakcja\"}},{\"@type\":\"WebPage\",\"@id\":\"https:\\\/\\\/www.spkatarzyna.pl\\\/index.php\\\/2026\\\/03\\\/31\\\/konkurs-recytatorski-2\\\/#webpage\",\"url\":\"https:\\\/\\\/www.spkatarzyna.pl\\\/index.php\\\/2026\\\/03\\\/31\\\/konkurs-recytatorski-2\\\/\",\"name\":\"Konkurs recytatorski - SP Katarzyna\",\"description\":\"26 marca odby\\u0142 si\\u0119 w naszej szkole Konkurs Recytatorski kl. 4-8. Do udzia\\u0142u zg\\u0142osi\\u0142o si\\u0119 ponad dwadzie\\u015bcioro uczni\\u00f3w, z czego najliczniejsz\\u0105 grup\\u0119 stanowi\\u0142y klasy czwarte. Ka\\u017cdy uczestnik zaprezentowa\\u0142 jeden utw\\u00f3r w wybranej przez siebie kategorii, czyli recytacja albo poezja \\u015bpiewana. Konkurs by\\u0142 nie tylko okazj\\u0105 do zaprezentowania talent\\u00f3w naszych uczni\\u00f3w, ale pokazem ich wra\\u017cliwo\\u015bci i\",\"inLanguage\":\"pl-PL\",\"isPartOf\":{\"@id\":\"https:\\\/\\\/www.spkatarzyna.pl\\\/#website\"},\"breadcrumb\":{\"@id\":\"https:\\\/\\\/www.spkatarzyna.pl\\\/index.php\\\/2026\\\/03\\\/31\\\/konkurs-recytatorski-2\\\/#breadcrumblist\"},\"author\":{\"@id\":\"https:\\\/\\\/www.spkatarzyna.pl\\\/index.php\\\/author\\\/agatasafianspkatarzyna-pl\\\/#author\"},\"creator\":{\"@id\":\"https:\\\/\\\/www.spkatarzyna.pl\\\/index.php\\\/author\\\/agatasafianspkatarzyna-pl\\\/#author\"},\"image\":{\"@type\":\"ImageObject\",\"url\":\"https:\\\/\\\/www.spkatarzyna.pl\\\/wp-content\\\/uploads\\\/2026\\\/03\\\/20260326_134120-2.jpg\",\"@id\":\"https:\\\/\\\/www.spkatarzyna.pl\\\/index.php\\\/2026\\\/03\\\/31\\\/konkurs-recytatorski-2\\\/#mainImage\",\"width\":360,\"height\":202},\"primaryImageOfPage\":{\"@id\":\"https:\\\/\\\/www.spkatarzyna.pl\\\/index.php\\\/2026\\\/03\\\/31\\\/konkurs-recytatorski-2\\\/#mainImage\"},\"datePublished\":\"2026-03-31T06:54:47+02:00\",\"dateModified\":\"2026-03-31T07:10:02+02:00\"},{\"@type\":\"WebSite\",\"@id\":\"https:\\\/\\\/www.spkatarzyna.pl\\\/#website\",\"url\":\"https:\\\/\\\/www.spkatarzyna.pl\\\/\",\"name\":\"SP Katarzyna\",\"description\":\"Publiczna Szko\\u0142a Podstawowa w \\u015awi\\u0119tej Katarzynie\",\"inLanguage\":\"pl-PL\",\"publisher\":{\"@id\":\"https:\\\/\\\/www.spkatarzyna.pl\\\/#organization\"}}]}\n\t\t<\/script>\n\t\t<!-- All in One SEO -->\n\n","aioseo_head_json":{"title":"Konkurs recytatorski - SP Katarzyna","description":"26 marca odby\u0142 si\u0119 w naszej szkole Konkurs Recytatorski kl. 4-8. Do udzia\u0142u zg\u0142osi\u0142o si\u0119 ponad dwadzie\u015bcioro uczni\u00f3w, z czego najliczniejsz\u0105 grup\u0119 stanowi\u0142y klasy czwarte. Ka\u017cdy uczestnik zaprezentowa\u0142 jeden utw\u00f3r w wybranej przez siebie kategorii, czyli recytacja albo poezja \u015bpiewana. Konkurs by\u0142 nie tylko okazj\u0105 do zaprezentowania talent\u00f3w naszych uczni\u00f3w, ale pokazem ich wra\u017cliwo\u015bci i","canonical_url":"https:\/\/www.spkatarzyna.pl\/index.php\/2026\/03\/31\/konkurs-recytatorski-2\/","robots":"max-image-preview:large","keywords":"","webmasterTools":{"miscellaneous":""},"schema":{"@context":"https:\/\/schema.org","@graph":[{"@type":"BlogPosting","@id":"https:\/\/www.spkatarzyna.pl\/index.php\/2026\/03\/31\/konkurs-recytatorski-2\/#blogposting","name":"Konkurs recytatorski - SP Katarzyna","headline":"Konkurs recytatorski","author":{"@id":"https:\/\/www.spkatarzyna.pl\/index.php\/author\/agatasafianspkatarzyna-pl\/#author"},"publisher":{"@id":"https:\/\/www.spkatarzyna.pl\/#organization"},"image":{"@type":"ImageObject","url":"https:\/\/www.spkatarzyna.pl\/wp-content\/uploads\/2026\/03\/20260326_134120-2.jpg","width":360,"height":202},"datePublished":"2026-03-31T06:54:47+02:00","dateModified":"2026-03-31T07:10:02+02:00","inLanguage":"pl-PL","mainEntityOfPage":{"@id":"https:\/\/www.spkatarzyna.pl\/index.php\/2026\/03\/31\/konkurs-recytatorski-2\/#webpage"},"isPartOf":{"@id":"https:\/\/www.spkatarzyna.pl\/index.php\/2026\/03\/31\/konkurs-recytatorski-2\/#webpage"},"articleSection":"Uncategorized"},{"@type":"BreadcrumbList","@id":"https:\/\/www.spkatarzyna.pl\/index.php\/2026\/03\/31\/konkurs-recytatorski-2\/#breadcrumblist","itemListElement":[{"@type":"ListItem","@id":"https:\/\/www.spkatarzyna.pl#listItem","position":1,"name":"Dom","item":"https:\/\/www.spkatarzyna.pl","nextItem":{"@type":"ListItem","@id":"https:\/\/www.spkatarzyna.pl\/index.php\/category\/uncategorized\/#listItem","name":"Uncategorized"}},{"@type":"ListItem","@id":"https:\/\/www.spkatarzyna.pl\/index.php\/category\/uncategorized\/#listItem","position":2,"name":"Uncategorized","item":"https:\/\/www.spkatarzyna.pl\/index.php\/category\/uncategorized\/","nextItem":{"@type":"ListItem","@id":"https:\/\/www.spkatarzyna.pl\/index.php\/2026\/03\/31\/konkurs-recytatorski-2\/#listItem","name":"Konkurs recytatorski"},"previousItem":{"@type":"ListItem","@id":"https:\/\/www.spkatarzyna.pl#listItem","name":"Dom"}},{"@type":"ListItem","@id":"https:\/\/www.spkatarzyna.pl\/index.php\/2026\/03\/31\/konkurs-recytatorski-2\/#listItem","position":3,"name":"Konkurs recytatorski","previousItem":{"@type":"ListItem","@id":"https:\/\/www.spkatarzyna.pl\/index.php\/category\/uncategorized\/#listItem","name":"Uncategorized"}}]},{"@type":"Organization","@id":"https:\/\/www.spkatarzyna.pl\/#organization","name":"SP Katarzyna","description":"Publiczna Szko\u0142a Podstawowa w \u015awi\u0119tej Katarzynie","url":"https:\/\/www.spkatarzyna.pl\/","telephone":"+48713116378","sameAs":["https:\/\/facebook.com\/","https:\/\/x.com\/","https:\/\/instagram.com\/","https:\/\/pinterest.com\/","https:\/\/youtube.com\/","https:\/\/linkedin.com\/in\/"]},{"@type":"Person","@id":"https:\/\/www.spkatarzyna.pl\/index.php\/author\/agatasafianspkatarzyna-pl\/#author","url":"https:\/\/www.spkatarzyna.pl\/index.php\/author\/agatasafianspkatarzyna-pl\/","name":"Redakcja","image":{"@type":"ImageObject","@id":"https:\/\/www.spkatarzyna.pl\/index.php\/2026\/03\/31\/konkurs-recytatorski-2\/#authorImage","url":"https:\/\/secure.gravatar.com\/avatar\/765290513df94d442152250e92b42327?s=96&d=mm&r=g","width":96,"height":96,"caption":"Redakcja"}},{"@type":"WebPage","@id":"https:\/\/www.spkatarzyna.pl\/index.php\/2026\/03\/31\/konkurs-recytatorski-2\/#webpage","url":"https:\/\/www.spkatarzyna.pl\/index.php\/2026\/03\/31\/konkurs-recytatorski-2\/","name":"Konkurs recytatorski - SP Katarzyna","description":"26 marca odby\u0142 si\u0119 w naszej szkole Konkurs Recytatorski kl. 4-8. Do udzia\u0142u zg\u0142osi\u0142o si\u0119 ponad dwadzie\u015bcioro uczni\u00f3w, z czego najliczniejsz\u0105 grup\u0119 stanowi\u0142y klasy czwarte. Ka\u017cdy uczestnik zaprezentowa\u0142 jeden utw\u00f3r w wybranej przez siebie kategorii, czyli recytacja albo poezja \u015bpiewana. Konkurs by\u0142 nie tylko okazj\u0105 do zaprezentowania talent\u00f3w naszych uczni\u00f3w, ale pokazem ich wra\u017cliwo\u015bci i","inLanguage":"pl-PL","isPartOf":{"@id":"https:\/\/www.spkatarzyna.pl\/#website"},"breadcrumb":{"@id":"https:\/\/www.spkatarzyna.pl\/index.php\/2026\/03\/31\/konkurs-recytatorski-2\/#breadcrumblist"},"author":{"@id":"https:\/\/www.spkatarzyna.pl\/index.php\/author\/agatasafianspkatarzyna-pl\/#author"},"creator":{"@id":"https:\/\/www.spkatarzyna.pl\/index.php\/author\/agatasafianspkatarzyna-pl\/#author"},"image":{"@type":"ImageObject","url":"https:\/\/www.spkatarzyna.pl\/wp-content\/uploads\/2026\/03\/20260326_134120-2.jpg","@id":"https:\/\/www.spkatarzyna.pl\/index.php\/2026\/03\/31\/konkurs-recytatorski-2\/#mainImage","width":360,"height":202},"primaryImageOfPage":{"@id":"https:\/\/www.spkatarzyna.pl\/index.php\/2026\/03\/31\/konkurs-recytatorski-2\/#mainImage"},"datePublished":"2026-03-31T06:54:47+02:00","dateModified":"2026-03-31T07:10:02+02:00"},{"@type":"WebSite","@id":"https:\/\/www.spkatarzyna.pl\/#website","url":"https:\/\/www.spkatarzyna.pl\/","name":"SP Katarzyna","description":"Publiczna Szko\u0142a Podstawowa w \u015awi\u0119tej Katarzynie","inLanguage":"pl-PL","publisher":{"@id":"https:\/\/www.spkatarzyna.pl\/#organization"}}]},"og:locale":"pl_PL","og:site_name":"SP Katarzyna - Publiczna Szko\u0142a Podstawowa w \u015awi\u0119tej Katarzynie","og:type":"article","og:title":"Konkurs recytatorski - SP Katarzyna","og:description":"26 marca odby\u0142 si\u0119 w naszej szkole Konkurs Recytatorski kl. 4-8. Do udzia\u0142u zg\u0142osi\u0142o si\u0119 ponad dwadzie\u015bcioro uczni\u00f3w, z czego najliczniejsz\u0105 grup\u0119 stanowi\u0142y klasy czwarte. Ka\u017cdy uczestnik zaprezentowa\u0142 jeden utw\u00f3r w wybranej przez siebie kategorii, czyli recytacja albo poezja \u015bpiewana. Konkurs by\u0142 nie tylko okazj\u0105 do zaprezentowania talent\u00f3w naszych uczni\u00f3w, ale pokazem ich wra\u017cliwo\u015bci i","og:url":"https:\/\/www.spkatarzyna.pl\/index.php\/2026\/03\/31\/konkurs-recytatorski-2\/","article:published_time":"2026-03-31T06:54:47+00:00","article:modified_time":"2026-03-31T07:10:02+00:00","twitter:card":"summary_large_image","twitter:title":"Konkurs recytatorski - SP Katarzyna","twitter:description":"26 marca odby\u0142 si\u0119 w naszej szkole Konkurs Recytatorski kl. 4-8. Do udzia\u0142u zg\u0142osi\u0142o si\u0119 ponad dwadzie\u015bcioro uczni\u00f3w, z czego najliczniejsz\u0105 grup\u0119 stanowi\u0142y klasy czwarte. Ka\u017cdy uczestnik zaprezentowa\u0142 jeden utw\u00f3r w wybranej przez siebie kategorii, czyli recytacja albo poezja \u015bpiewana. Konkurs by\u0142 nie tylko okazj\u0105 do zaprezentowania talent\u00f3w naszych uczni\u00f3w, ale pokazem ich wra\u017cliwo\u015bci i"},"aioseo_meta_data":{"post_id":"19086","title":null,"description":null,"keywords":null,"keyphrases":{"focus":{"keyphrase":"","score":0,"analysis":{"keyphraseInTitle":{"score":0,"maxScore":9,"error":1}}},"additional":[]},"primary_term":null,"canonical_url":null,"og_title":null,"og_description":null,"og_object_type":"default","og_image_type":"default","og_image_url":null,"og_image_width":null,"og_image_height":null,"og_image_custom_url":null,"og_image_custom_fields":null,"og_video":"","og_custom_url":null,"og_article_section":null,"og_article_tags":null,"twitter_use_og":false,"twitter_card":"default","twitter_image_type":"default","twitter_image_url":null,"twitter_image_custom_url":null,"twitter_image_custom_fields":null,"twitter_title":null,"twitter_description":null,"schema":{"blockGraphs":[],"customGraphs":[],"default":{"data":{"Article":[],"Course":[],"Dataset":[],"FAQPage":[],"Movie":[],"Person":[],"Product":[],"ProductReview":[],"Car":[],"Recipe":[],"Service":[],"SoftwareApplication":[],"WebPage":[]},"graphName":"BlogPosting","isEnabled":true},"graphs":[]},"schema_type":"default","schema_type_options":null,"pillar_content":false,"robots_default":true,"robots_noindex":false,"robots_noarchive":false,"robots_nosnippet":false,"robots_nofollow":false,"robots_noimageindex":false,"robots_noodp":false,"robots_notranslate":false,"robots_max_snippet":"-1","robots_max_videopreview":"-1","robots_max_imagepreview":"large","priority":null,"frequency":"default","local_seo":null,"limit_modified_date":false,"created":"2026-03-31 06:54:48","updated":"2026-09-03 17:52:14","focus_keyword":null,"additional_keywords":null,"truseo_locale":null,"ai":null,"breadcrumb_settings":null,"seo_analyzer_scan_date":null},"aioseo_breadcrumb":"<div class=\"aioseo-breadcrumbs\"><span class=\"aioseo-breadcrumb\">\n\t\t\t<a href=\"https:\/\/www.spkatarzyna.pl\" title=\"Dom\">Dom<\/a>\n\t\t<\/span><span class=\"aioseo-breadcrumb-separator\">&raquo;<\/span><span class=\"aioseo-breadcrumb\">\n\t\t\t<a href=\"https:\/\/www.spkatarzyna.pl\/index.php\/category\/uncategorized\/\" title=\"Uncategorized\">Uncategorized<\/a>\n\t\t<\/span><span class=\"aioseo-breadcrumb-separator\">&raquo;<\/span><span class=\"aioseo-breadcrumb\">\n\t\t\tKonkurs recytatorski\n\t\t<\/span><\/div>","aioseo_breadcrumb_json":[{"label":"Dom","link":"https:\/\/www.spkatarzyna.pl"},{"label":"Uncategorized","link":"https:\/\/www.spkatarzyna.pl\/index.php\/category\/uncategorized\/"},{"label":"Konkurs recytatorski","link":"https:\/\/www.spkatarzyna.pl\/index.php\/2026\/03\/31\/konkurs-recytatorski-2\/"}],"_links":{"self":[{"href":"https:\/\/www.spkatarzyna.pl\/index.php\/wp-json\/wp\/v2\/posts\/19086","targetHints":{"allow":["GET"]}}],"collection":[{"href":"https:\/\/www.spkatarzyna.pl\/index.php\/wp-json\/wp\/v2\/posts"}],"about":[{"href":"https:\/\/www.spkatarzyna.pl\/index.php\/wp-json\/wp\/v2\/types\/post"}],"author":[{"embeddable":true,"href":"https:\/\/www.spkatarzyna.pl\/index.php\/wp-json\/wp\/v2\/users\/6"}],"replies":[{"embeddable":true,"href":"https:\/\/www.spkatarzyna.pl\/index.php\/wp-json\/wp\/v2\/comments?post=19086"}],"version-history":[{"count":10,"href":"https:\/\/www.spkatarzyna.pl\/index.php\/wp-json\/wp\/v2\/posts\/19086\/revisions"}],"predecessor-version":[{"id":19099,"href":"https:\/\/www.spkatarzyna.pl\/index.php\/wp-json\/wp\/v2\/posts\/19086\/revisions\/19099"}],"wp:featuredmedia":[{"embeddable":true,"href":"https:\/\/www.spkatarzyna.pl\/index.php\/wp-json\/wp\/v2\/media\/19087"}],"wp:attachment":[{"href":"https:\/\/www.spkatarzyna.pl\/index.php\/wp-json\/wp\/v2\/media?parent=19086"}],"wp:term":[{"taxonomy":"category","embeddable":true,"href":"https:\/\/www.spkatarzyna.pl\/index.php\/wp-json\/wp\/v2\/categories?post=19086"},{"taxonomy":"post_tag","embeddable":true,"href":"https:\/\/www.spkatarzyna.pl\/index.php\/wp-json\/wp\/v2\/tags?post=19086"}],"curies":[{"name":"wp","href":"https:\/\/api.w.org\/{rel}","templated":true}]}}