{"id":19131,"date":"2026-04-16T23:30:24","date_gmt":"2026-04-16T21:30:24","guid":{"rendered":"https:\/\/www.spkatarzyna.pl\/?p=19131"},"modified":"2026-04-16T23:45:53","modified_gmt":"2026-04-16T21:45:53","slug":"19131","status":"publish","type":"post","link":"https:\/\/www.spkatarzyna.pl\/index.php\/2026\/04\/16\/19131\/","title":{"rendered":"Informacja o \u015bmierci W\u0142adys\u0142awa Bilskiego"},"content":{"rendered":"\t\t<div data-elementor-type=\"wp-post\" data-elementor-id=\"19131\" class=\"elementor elementor-19131\">\n\t\t\t\t<div class=\"elementor-element elementor-element-71d72f1b e-flex e-con-boxed e-con e-parent\" data-id=\"71d72f1b\" data-element_type=\"container\">\n\t\t\t\t\t<div class=\"e-con-inner\">\n\t\t\t\t<div class=\"elementor-element elementor-element-7b6f2cdf elementor-widget elementor-widget-text-editor\" data-id=\"7b6f2cdf\" data-element_type=\"widget\" data-widget_type=\"text-editor.default\">\n\t\t\t\t\t\t\t\t\t<p style=\"text-align: justify;\"><span style=\"font-size: 14pt;\">Z g\u0142\u0119bokim smutkiem przyj\u0119li\u015bmy wiadomo\u015b\u0107 o \u015bmierci&nbsp;Pana&nbsp;<strong>&nbsp;W\u0142adys\u0142awa Bilskiego<\/strong>&nbsp;\u2013 wybitnego trenera oraz wieloletniego pracownika&nbsp;<strong>Publicznej Szko\u0142y Podstawowej w \u015aw. Katarzynie<\/strong>.<\/span><\/p>\r\n<p style=\"text-align: justify;\"><span style=\"font-size: 14pt;\">Trener W\u0142adys\u0142aw Bilski by\u0142 osob\u0105 niezwykle zas\u0142u\u017con\u0105 dla naszej spo\u0142eczno\u015bci szkolnej. Swoj\u0105 pasj\u0105, zaanga\u017cowaniem oraz postaw\u0105 sportow\u0105 inspirowa\u0142 kolejne pokolenia uczni\u00f3w, kszta\u0142tuj\u0105c nie tylko ich umiej\u0119tno\u015bci, ale r\u00f3wnie\u017c charaktery, wytrwa\u0142o\u015b\u0107 i szacunek do pracy.&nbsp;<\/span><\/p>\r\n<p style=\"text-align: justify;\"><span style=\"font-size: 14pt;\">Jego odej\u015bcie jest dla nas wszystkich ogromn\u0105 i nieod\u017ca\u0142owan\u0105 strat\u0105. Na zawsze pozostanie w naszej pami\u0119ci jako cz\u0142owiek oddany m\u0142odzie\u017cy, wychowaniu i sportowi.<\/span><\/p>\r\n<p style=\"text-align: justify;\"><span style=\"font-size: 14pt;\">Rodzinie oraz Bliskim sk\u0142adamy wyrazy g\u0142\u0119bokiego wsp\u00f3\u0142czucia.<\/span><\/p>\r\n<p style=\"text-align: justify;\"><span style=\"font-size: 14pt;\">Dyrekcja wraz z Gronem Pedagogicznym&nbsp;<\/span><\/p>\t\t\t\t\t\t\t\t<\/div>\n\t\t\t\t<div class=\"elementor-element elementor-element-f3f46c0 elementor-widget elementor-widget-image\" data-id=\"f3f46c0\" data-element_type=\"widget\" data-widget_type=\"image.default\">\n\t\t\t\t\t\t\t\t\t\t\t\t\t\t\t<img fetchpriority=\"high\" decoding=\"async\" width=\"850\" height=\"580\" src=\"https:\/\/www.spkatarzyna.pl\/wp-content\/uploads\/2026\/04\/PHOTO-2026-04-07-15-49-56-850x580.jpg\" class=\"attachment-swm_image_size_post size-swm_image_size_post wp-image-19139\" alt=\"\" \/>\t\t\t\t\t\t\t\t\t\t\t\t\t\t\t<\/div>\n\t\t\t\t\t<\/div>\n\t\t\t\t<\/div>\n\t\t\t\t<\/div>\n\t\t","protected":false},"excerpt":{"rendered":"<p>Z g\u0142\u0119bokim smutkiem przyj\u0119li\u015bmy wiadomo\u015b\u0107 o \u015bmierci&nbsp;Pana&nbsp;&nbsp;W\u0142adys\u0142awa Bilskiego&nbsp;\u2013 wybitnego trenera oraz wieloletniego pracownika&nbsp;Publicznej Szko\u0142y Podstawowej w \u015aw. Katarzynie. Trener W\u0142adys\u0142aw Bilski by\u0142 osob\u0105 niezwykle zas\u0142u\u017con\u0105 dla naszej spo\u0142eczno\u015bci szkolnej. Swoj\u0105 pasj\u0105, zaanga\u017cowaniem oraz postaw\u0105 sportow\u0105 inspirowa\u0142 kolejne pokolenia uczni\u00f3w, kszta\u0142tuj\u0105c nie tylko ich umiej\u0119tno\u015bci, ale r\u00f3wnie\u017c charaktery, wytrwa\u0142o\u015b\u0107 i szacunek [&hellip;]<\/p>\n","protected":false},"author":6,"featured_media":19134,"comment_status":"open","ping_status":"open","sticky":false,"template":"","format":"standard","meta":{"om_disable_all_campaigns":false,"_monsterinsights_skip_tracking":false,"ngg_post_thumbnail":0,"footnotes":""},"categories":[1],"tags":[],"class_list":["post-19131","post","type-post","status-publish","format-standard","has-post-thumbnail","hentry","category-uncategorized"],"aioseo_notices":[],"aioseo_head":"\n\t\t<!-- All in One SEO 5.0.1.1 - aioseo.com -->\n\t<meta name=\"description\" content=\"Z g\u0142\u0119bokim smutkiem przyj\u0119li\u015bmy wiadomo\u015b\u0107 o \u015bmierci Pana W\u0142adys\u0142awa Bilskiego \u2013 wybitnego trenera oraz wieloletniego pracownika Publicznej Szko\u0142y Podstawowej w \u015aw. Katarzynie. Trener W\u0142adys\u0142aw Bilski by\u0142 osob\u0105 niezwykle zas\u0142u\u017con\u0105 dla naszej spo\u0142eczno\u015bci szkolnej. Swoj\u0105 pasj\u0105, zaanga\u017cowaniem oraz postaw\u0105 sportow\u0105 inspirowa\u0142 kolejne pokolenia uczni\u00f3w, kszta\u0142tuj\u0105c nie tylko ich umiej\u0119tno\u015bci, ale r\u00f3wnie\u017c charaktery, wytrwa\u0142o\u015b\u0107 i szacunek do pracy. Jego odej\u015bcie jest\" \/>\n\t<meta name=\"robots\" content=\"max-image-preview:large\" \/>\n\t<meta name=\"author\" content=\"Redakcja\"\/>\n\t<link rel=\"canonical\" href=\"https:\/\/www.spkatarzyna.pl\/index.php\/2026\/04\/16\/19131\/\" \/>\n\t<meta name=\"generator\" content=\"All in One SEO (AIOSEO) 5.0.1.1\" \/>\n\t\t<meta property=\"og:locale\" content=\"pl_PL\" \/>\n\t\t<meta property=\"og:site_name\" content=\"SP Katarzyna - Publiczna Szko\u0142a Podstawowa w \u015awi\u0119tej Katarzynie\" \/>\n\t\t<meta property=\"og:type\" content=\"article\" \/>\n\t\t<meta property=\"og:title\" content=\"Informacja o \u015bmierci W\u0142adys\u0142awa Bilskiego - SP Katarzyna\" \/>\n\t\t<meta property=\"og:description\" content=\"Z g\u0142\u0119bokim smutkiem przyj\u0119li\u015bmy wiadomo\u015b\u0107 o \u015bmierci Pana W\u0142adys\u0142awa Bilskiego \u2013 wybitnego trenera oraz wieloletniego pracownika Publicznej Szko\u0142y Podstawowej w \u015aw. Katarzynie. Trener W\u0142adys\u0142aw Bilski by\u0142 osob\u0105 niezwykle zas\u0142u\u017con\u0105 dla naszej spo\u0142eczno\u015bci szkolnej. Swoj\u0105 pasj\u0105, zaanga\u017cowaniem oraz postaw\u0105 sportow\u0105 inspirowa\u0142 kolejne pokolenia uczni\u00f3w, kszta\u0142tuj\u0105c nie tylko ich umiej\u0119tno\u015bci, ale r\u00f3wnie\u017c charaktery, wytrwa\u0142o\u015b\u0107 i szacunek do pracy. Jego odej\u015bcie jest\" \/>\n\t\t<meta property=\"og:url\" content=\"https:\/\/www.spkatarzyna.pl\/index.php\/2026\/04\/16\/19131\/\" \/>\n\t\t<meta property=\"article:published_time\" content=\"2026-04-16T21:30:24+00:00\" \/>\n\t\t<meta property=\"article:modified_time\" content=\"2026-04-16T21:45:53+00:00\" \/>\n\t\t<meta name=\"twitter:card\" content=\"summary_large_image\" \/>\n\t\t<meta name=\"twitter:title\" content=\"Informacja o \u015bmierci W\u0142adys\u0142awa Bilskiego - SP Katarzyna\" \/>\n\t\t<meta name=\"twitter:description\" content=\"Z g\u0142\u0119bokim smutkiem przyj\u0119li\u015bmy wiadomo\u015b\u0107 o \u015bmierci Pana W\u0142adys\u0142awa Bilskiego \u2013 wybitnego trenera oraz wieloletniego pracownika Publicznej Szko\u0142y Podstawowej w \u015aw. Katarzynie. Trener W\u0142adys\u0142aw Bilski by\u0142 osob\u0105 niezwykle zas\u0142u\u017con\u0105 dla naszej spo\u0142eczno\u015bci szkolnej. Swoj\u0105 pasj\u0105, zaanga\u017cowaniem oraz postaw\u0105 sportow\u0105 inspirowa\u0142 kolejne pokolenia uczni\u00f3w, kszta\u0142tuj\u0105c nie tylko ich umiej\u0119tno\u015bci, ale r\u00f3wnie\u017c charaktery, wytrwa\u0142o\u015b\u0107 i szacunek do pracy. Jego odej\u015bcie jest\" \/>\n\t\t<script type=\"application\/ld+json\" class=\"aioseo-schema\">\n\t\t\t{\"@context\":\"https:\\\/\\\/schema.org\",\"@graph\":[{\"@type\":\"BlogPosting\",\"@id\":\"https:\\\/\\\/www.spkatarzyna.pl\\\/index.php\\\/2026\\\/04\\\/16\\\/19131\\\/#blogposting\",\"name\":\"Informacja o \\u015bmierci W\\u0142adys\\u0142awa Bilskiego - SP Katarzyna\",\"headline\":\"Informacja o \\u015bmierci W\\u0142adys\\u0142awa Bilskiego\",\"author\":{\"@id\":\"https:\\\/\\\/www.spkatarzyna.pl\\\/index.php\\\/author\\\/agatasafianspkatarzyna-pl\\\/#author\"},\"publisher\":{\"@id\":\"https:\\\/\\\/www.spkatarzyna.pl\\\/#organization\"},\"image\":{\"@type\":\"ImageObject\",\"url\":\"https:\\\/\\\/www.spkatarzyna.pl\\\/wp-content\\\/uploads\\\/2026\\\/04\\\/29751494-781c-45db-b3a7-c0d514f9.jpg\",\"width\":360,\"height\":202},\"datePublished\":\"2026-04-16T23:30:24+02:00\",\"dateModified\":\"2026-04-16T23:45:53+02:00\",\"inLanguage\":\"pl-PL\",\"mainEntityOfPage\":{\"@id\":\"https:\\\/\\\/www.spkatarzyna.pl\\\/index.php\\\/2026\\\/04\\\/16\\\/19131\\\/#webpage\"},\"isPartOf\":{\"@id\":\"https:\\\/\\\/www.spkatarzyna.pl\\\/index.php\\\/2026\\\/04\\\/16\\\/19131\\\/#webpage\"},\"articleSection\":\"Uncategorized\"},{\"@type\":\"BreadcrumbList\",\"@id\":\"https:\\\/\\\/www.spkatarzyna.pl\\\/index.php\\\/2026\\\/04\\\/16\\\/19131\\\/#breadcrumblist\",\"itemListElement\":[{\"@type\":\"ListItem\",\"@id\":\"https:\\\/\\\/www.spkatarzyna.pl#listItem\",\"position\":1,\"name\":\"Dom\",\"item\":\"https:\\\/\\\/www.spkatarzyna.pl\",\"nextItem\":{\"@type\":\"ListItem\",\"@id\":\"https:\\\/\\\/www.spkatarzyna.pl\\\/index.php\\\/category\\\/uncategorized\\\/#listItem\",\"name\":\"Uncategorized\"}},{\"@type\":\"ListItem\",\"@id\":\"https:\\\/\\\/www.spkatarzyna.pl\\\/index.php\\\/category\\\/uncategorized\\\/#listItem\",\"position\":2,\"name\":\"Uncategorized\",\"item\":\"https:\\\/\\\/www.spkatarzyna.pl\\\/index.php\\\/category\\\/uncategorized\\\/\",\"nextItem\":{\"@type\":\"ListItem\",\"@id\":\"https:\\\/\\\/www.spkatarzyna.pl\\\/index.php\\\/2026\\\/04\\\/16\\\/19131\\\/#listItem\",\"name\":\"Informacja o \\u015bmierci W\\u0142adys\\u0142awa Bilskiego\"},\"previousItem\":{\"@type\":\"ListItem\",\"@id\":\"https:\\\/\\\/www.spkatarzyna.pl#listItem\",\"name\":\"Dom\"}},{\"@type\":\"ListItem\",\"@id\":\"https:\\\/\\\/www.spkatarzyna.pl\\\/index.php\\\/2026\\\/04\\\/16\\\/19131\\\/#listItem\",\"position\":3,\"name\":\"Informacja o \\u015bmierci W\\u0142adys\\u0142awa Bilskiego\",\"previousItem\":{\"@type\":\"ListItem\",\"@id\":\"https:\\\/\\\/www.spkatarzyna.pl\\\/index.php\\\/category\\\/uncategorized\\\/#listItem\",\"name\":\"Uncategorized\"}}]},{\"@type\":\"Organization\",\"@id\":\"https:\\\/\\\/www.spkatarzyna.pl\\\/#organization\",\"name\":\"SP Katarzyna\",\"description\":\"Publiczna Szko\\u0142a Podstawowa w \\u015awi\\u0119tej Katarzynie\",\"url\":\"https:\\\/\\\/www.spkatarzyna.pl\\\/\",\"telephone\":\"+48713116378\",\"sameAs\":[\"https:\\\/\\\/facebook.com\\\/\",\"https:\\\/\\\/x.com\\\/\",\"https:\\\/\\\/instagram.com\\\/\",\"https:\\\/\\\/pinterest.com\\\/\",\"https:\\\/\\\/youtube.com\\\/\",\"https:\\\/\\\/linkedin.com\\\/in\\\/\"]},{\"@type\":\"Person\",\"@id\":\"https:\\\/\\\/www.spkatarzyna.pl\\\/index.php\\\/author\\\/agatasafianspkatarzyna-pl\\\/#author\",\"url\":\"https:\\\/\\\/www.spkatarzyna.pl\\\/index.php\\\/author\\\/agatasafianspkatarzyna-pl\\\/\",\"name\":\"Redakcja\",\"image\":{\"@type\":\"ImageObject\",\"@id\":\"https:\\\/\\\/www.spkatarzyna.pl\\\/index.php\\\/2026\\\/04\\\/16\\\/19131\\\/#authorImage\",\"url\":\"https:\\\/\\\/secure.gravatar.com\\\/avatar\\\/765290513df94d442152250e92b42327?s=96&d=mm&r=g\",\"width\":96,\"height\":96,\"caption\":\"Redakcja\"}},{\"@type\":\"WebPage\",\"@id\":\"https:\\\/\\\/www.spkatarzyna.pl\\\/index.php\\\/2026\\\/04\\\/16\\\/19131\\\/#webpage\",\"url\":\"https:\\\/\\\/www.spkatarzyna.pl\\\/index.php\\\/2026\\\/04\\\/16\\\/19131\\\/\",\"name\":\"Informacja o \\u015bmierci W\\u0142adys\\u0142awa Bilskiego - SP Katarzyna\",\"description\":\"Z g\\u0142\\u0119bokim smutkiem przyj\\u0119li\\u015bmy wiadomo\\u015b\\u0107 o \\u015bmierci Pana W\\u0142adys\\u0142awa Bilskiego \\u2013 wybitnego trenera oraz wieloletniego pracownika Publicznej Szko\\u0142y Podstawowej w \\u015aw. Katarzynie. Trener W\\u0142adys\\u0142aw Bilski by\\u0142 osob\\u0105 niezwykle zas\\u0142u\\u017con\\u0105 dla naszej spo\\u0142eczno\\u015bci szkolnej. Swoj\\u0105 pasj\\u0105, zaanga\\u017cowaniem oraz postaw\\u0105 sportow\\u0105 inspirowa\\u0142 kolejne pokolenia uczni\\u00f3w, kszta\\u0142tuj\\u0105c nie tylko ich umiej\\u0119tno\\u015bci, ale r\\u00f3wnie\\u017c charaktery, wytrwa\\u0142o\\u015b\\u0107 i szacunek do pracy. Jego odej\\u015bcie jest\",\"inLanguage\":\"pl-PL\",\"isPartOf\":{\"@id\":\"https:\\\/\\\/www.spkatarzyna.pl\\\/#website\"},\"breadcrumb\":{\"@id\":\"https:\\\/\\\/www.spkatarzyna.pl\\\/index.php\\\/2026\\\/04\\\/16\\\/19131\\\/#breadcrumblist\"},\"author\":{\"@id\":\"https:\\\/\\\/www.spkatarzyna.pl\\\/index.php\\\/author\\\/agatasafianspkatarzyna-pl\\\/#author\"},\"creator\":{\"@id\":\"https:\\\/\\\/www.spkatarzyna.pl\\\/index.php\\\/author\\\/agatasafianspkatarzyna-pl\\\/#author\"},\"image\":{\"@type\":\"ImageObject\",\"url\":\"https:\\\/\\\/www.spkatarzyna.pl\\\/wp-content\\\/uploads\\\/2026\\\/04\\\/29751494-781c-45db-b3a7-c0d514f9.jpg\",\"@id\":\"https:\\\/\\\/www.spkatarzyna.pl\\\/index.php\\\/2026\\\/04\\\/16\\\/19131\\\/#mainImage\",\"width\":360,\"height\":202},\"primaryImageOfPage\":{\"@id\":\"https:\\\/\\\/www.spkatarzyna.pl\\\/index.php\\\/2026\\\/04\\\/16\\\/19131\\\/#mainImage\"},\"datePublished\":\"2026-04-16T23:30:24+02:00\",\"dateModified\":\"2026-04-16T23:45:53+02:00\"},{\"@type\":\"WebSite\",\"@id\":\"https:\\\/\\\/www.spkatarzyna.pl\\\/#website\",\"url\":\"https:\\\/\\\/www.spkatarzyna.pl\\\/\",\"name\":\"SP Katarzyna\",\"description\":\"Publiczna Szko\\u0142a Podstawowa w \\u015awi\\u0119tej Katarzynie\",\"inLanguage\":\"pl-PL\",\"publisher\":{\"@id\":\"https:\\\/\\\/www.spkatarzyna.pl\\\/#organization\"}}]}\n\t\t<\/script>\n\t\t<!-- All in One SEO -->\n\n","aioseo_head_json":{"title":"Informacja o \u015bmierci W\u0142adys\u0142awa Bilskiego - SP Katarzyna","description":"Z g\u0142\u0119bokim smutkiem przyj\u0119li\u015bmy wiadomo\u015b\u0107 o \u015bmierci Pana W\u0142adys\u0142awa Bilskiego \u2013 wybitnego trenera oraz wieloletniego pracownika Publicznej Szko\u0142y Podstawowej w \u015aw. Katarzynie. Trener W\u0142adys\u0142aw Bilski by\u0142 osob\u0105 niezwykle zas\u0142u\u017con\u0105 dla naszej spo\u0142eczno\u015bci szkolnej. Swoj\u0105 pasj\u0105, zaanga\u017cowaniem oraz postaw\u0105 sportow\u0105 inspirowa\u0142 kolejne pokolenia uczni\u00f3w, kszta\u0142tuj\u0105c nie tylko ich umiej\u0119tno\u015bci, ale r\u00f3wnie\u017c charaktery, wytrwa\u0142o\u015b\u0107 i szacunek do pracy. Jego odej\u015bcie jest","canonical_url":"https:\/\/www.spkatarzyna.pl\/index.php\/2026\/04\/16\/19131\/","robots":"max-image-preview:large","keywords":"","webmasterTools":{"miscellaneous":""},"schema":{"@context":"https:\/\/schema.org","@graph":[{"@type":"BlogPosting","@id":"https:\/\/www.spkatarzyna.pl\/index.php\/2026\/04\/16\/19131\/#blogposting","name":"Informacja o \u015bmierci W\u0142adys\u0142awa Bilskiego - SP Katarzyna","headline":"Informacja o \u015bmierci W\u0142adys\u0142awa Bilskiego","author":{"@id":"https:\/\/www.spkatarzyna.pl\/index.php\/author\/agatasafianspkatarzyna-pl\/#author"},"publisher":{"@id":"https:\/\/www.spkatarzyna.pl\/#organization"},"image":{"@type":"ImageObject","url":"https:\/\/www.spkatarzyna.pl\/wp-content\/uploads\/2026\/04\/29751494-781c-45db-b3a7-c0d514f9.jpg","width":360,"height":202},"datePublished":"2026-04-16T23:30:24+02:00","dateModified":"2026-04-16T23:45:53+02:00","inLanguage":"pl-PL","mainEntityOfPage":{"@id":"https:\/\/www.spkatarzyna.pl\/index.php\/2026\/04\/16\/19131\/#webpage"},"isPartOf":{"@id":"https:\/\/www.spkatarzyna.pl\/index.php\/2026\/04\/16\/19131\/#webpage"},"articleSection":"Uncategorized"},{"@type":"BreadcrumbList","@id":"https:\/\/www.spkatarzyna.pl\/index.php\/2026\/04\/16\/19131\/#breadcrumblist","itemListElement":[{"@type":"ListItem","@id":"https:\/\/www.spkatarzyna.pl#listItem","position":1,"name":"Dom","item":"https:\/\/www.spkatarzyna.pl","nextItem":{"@type":"ListItem","@id":"https:\/\/www.spkatarzyna.pl\/index.php\/category\/uncategorized\/#listItem","name":"Uncategorized"}},{"@type":"ListItem","@id":"https:\/\/www.spkatarzyna.pl\/index.php\/category\/uncategorized\/#listItem","position":2,"name":"Uncategorized","item":"https:\/\/www.spkatarzyna.pl\/index.php\/category\/uncategorized\/","nextItem":{"@type":"ListItem","@id":"https:\/\/www.spkatarzyna.pl\/index.php\/2026\/04\/16\/19131\/#listItem","name":"Informacja o \u015bmierci W\u0142adys\u0142awa Bilskiego"},"previousItem":{"@type":"ListItem","@id":"https:\/\/www.spkatarzyna.pl#listItem","name":"Dom"}},{"@type":"ListItem","@id":"https:\/\/www.spkatarzyna.pl\/index.php\/2026\/04\/16\/19131\/#listItem","position":3,"name":"Informacja o \u015bmierci W\u0142adys\u0142awa Bilskiego","previousItem":{"@type":"ListItem","@id":"https:\/\/www.spkatarzyna.pl\/index.php\/category\/uncategorized\/#listItem","name":"Uncategorized"}}]},{"@type":"Organization","@id":"https:\/\/www.spkatarzyna.pl\/#organization","name":"SP Katarzyna","description":"Publiczna Szko\u0142a Podstawowa w \u015awi\u0119tej Katarzynie","url":"https:\/\/www.spkatarzyna.pl\/","telephone":"+48713116378","sameAs":["https:\/\/facebook.com\/","https:\/\/x.com\/","https:\/\/instagram.com\/","https:\/\/pinterest.com\/","https:\/\/youtube.com\/","https:\/\/linkedin.com\/in\/"]},{"@type":"Person","@id":"https:\/\/www.spkatarzyna.pl\/index.php\/author\/agatasafianspkatarzyna-pl\/#author","url":"https:\/\/www.spkatarzyna.pl\/index.php\/author\/agatasafianspkatarzyna-pl\/","name":"Redakcja","image":{"@type":"ImageObject","@id":"https:\/\/www.spkatarzyna.pl\/index.php\/2026\/04\/16\/19131\/#authorImage","url":"https:\/\/secure.gravatar.com\/avatar\/765290513df94d442152250e92b42327?s=96&d=mm&r=g","width":96,"height":96,"caption":"Redakcja"}},{"@type":"WebPage","@id":"https:\/\/www.spkatarzyna.pl\/index.php\/2026\/04\/16\/19131\/#webpage","url":"https:\/\/www.spkatarzyna.pl\/index.php\/2026\/04\/16\/19131\/","name":"Informacja o \u015bmierci W\u0142adys\u0142awa Bilskiego - SP Katarzyna","description":"Z g\u0142\u0119bokim smutkiem przyj\u0119li\u015bmy wiadomo\u015b\u0107 o \u015bmierci Pana W\u0142adys\u0142awa Bilskiego \u2013 wybitnego trenera oraz wieloletniego pracownika Publicznej Szko\u0142y Podstawowej w \u015aw. Katarzynie. Trener W\u0142adys\u0142aw Bilski by\u0142 osob\u0105 niezwykle zas\u0142u\u017con\u0105 dla naszej spo\u0142eczno\u015bci szkolnej. Swoj\u0105 pasj\u0105, zaanga\u017cowaniem oraz postaw\u0105 sportow\u0105 inspirowa\u0142 kolejne pokolenia uczni\u00f3w, kszta\u0142tuj\u0105c nie tylko ich umiej\u0119tno\u015bci, ale r\u00f3wnie\u017c charaktery, wytrwa\u0142o\u015b\u0107 i szacunek do pracy. Jego odej\u015bcie jest","inLanguage":"pl-PL","isPartOf":{"@id":"https:\/\/www.spkatarzyna.pl\/#website"},"breadcrumb":{"@id":"https:\/\/www.spkatarzyna.pl\/index.php\/2026\/04\/16\/19131\/#breadcrumblist"},"author":{"@id":"https:\/\/www.spkatarzyna.pl\/index.php\/author\/agatasafianspkatarzyna-pl\/#author"},"creator":{"@id":"https:\/\/www.spkatarzyna.pl\/index.php\/author\/agatasafianspkatarzyna-pl\/#author"},"image":{"@type":"ImageObject","url":"https:\/\/www.spkatarzyna.pl\/wp-content\/uploads\/2026\/04\/29751494-781c-45db-b3a7-c0d514f9.jpg","@id":"https:\/\/www.spkatarzyna.pl\/index.php\/2026\/04\/16\/19131\/#mainImage","width":360,"height":202},"primaryImageOfPage":{"@id":"https:\/\/www.spkatarzyna.pl\/index.php\/2026\/04\/16\/19131\/#mainImage"},"datePublished":"2026-04-16T23:30:24+02:00","dateModified":"2026-04-16T23:45:53+02:00"},{"@type":"WebSite","@id":"https:\/\/www.spkatarzyna.pl\/#website","url":"https:\/\/www.spkatarzyna.pl\/","name":"SP Katarzyna","description":"Publiczna Szko\u0142a Podstawowa w \u015awi\u0119tej Katarzynie","inLanguage":"pl-PL","publisher":{"@id":"https:\/\/www.spkatarzyna.pl\/#organization"}}]},"og:locale":"pl_PL","og:site_name":"SP Katarzyna - Publiczna Szko\u0142a Podstawowa w \u015awi\u0119tej Katarzynie","og:type":"article","og:title":"Informacja o \u015bmierci W\u0142adys\u0142awa Bilskiego - SP Katarzyna","og:description":"Z g\u0142\u0119bokim smutkiem przyj\u0119li\u015bmy wiadomo\u015b\u0107 o \u015bmierci Pana W\u0142adys\u0142awa Bilskiego \u2013 wybitnego trenera oraz wieloletniego pracownika Publicznej Szko\u0142y Podstawowej w \u015aw. Katarzynie. Trener W\u0142adys\u0142aw Bilski by\u0142 osob\u0105 niezwykle zas\u0142u\u017con\u0105 dla naszej spo\u0142eczno\u015bci szkolnej. Swoj\u0105 pasj\u0105, zaanga\u017cowaniem oraz postaw\u0105 sportow\u0105 inspirowa\u0142 kolejne pokolenia uczni\u00f3w, kszta\u0142tuj\u0105c nie tylko ich umiej\u0119tno\u015bci, ale r\u00f3wnie\u017c charaktery, wytrwa\u0142o\u015b\u0107 i szacunek do pracy. Jego odej\u015bcie jest","og:url":"https:\/\/www.spkatarzyna.pl\/index.php\/2026\/04\/16\/19131\/","article:published_time":"2026-04-16T21:30:24+00:00","article:modified_time":"2026-04-16T21:45:53+00:00","twitter:card":"summary_large_image","twitter:title":"Informacja o \u015bmierci W\u0142adys\u0142awa Bilskiego - SP Katarzyna","twitter:description":"Z g\u0142\u0119bokim smutkiem przyj\u0119li\u015bmy wiadomo\u015b\u0107 o \u015bmierci Pana W\u0142adys\u0142awa Bilskiego \u2013 wybitnego trenera oraz wieloletniego pracownika Publicznej Szko\u0142y Podstawowej w \u015aw. Katarzynie. Trener W\u0142adys\u0142aw Bilski by\u0142 osob\u0105 niezwykle zas\u0142u\u017con\u0105 dla naszej spo\u0142eczno\u015bci szkolnej. Swoj\u0105 pasj\u0105, zaanga\u017cowaniem oraz postaw\u0105 sportow\u0105 inspirowa\u0142 kolejne pokolenia uczni\u00f3w, kszta\u0142tuj\u0105c nie tylko ich umiej\u0119tno\u015bci, ale r\u00f3wnie\u017c charaktery, wytrwa\u0142o\u015b\u0107 i szacunek do pracy. Jego odej\u015bcie jest"},"aioseo_meta_data":{"post_id":"19131","title":null,"description":null,"keywords":null,"keyphrases":{"focus":{"keyphrase":"","score":0,"analysis":{"keyphraseInTitle":{"score":0,"maxScore":9,"error":1}}},"additional":[]},"primary_term":null,"canonical_url":null,"og_title":null,"og_description":null,"og_object_type":"default","og_image_type":"default","og_image_url":null,"og_image_width":null,"og_image_height":null,"og_image_custom_url":null,"og_image_custom_fields":null,"og_video":"","og_custom_url":null,"og_article_section":null,"og_article_tags":null,"twitter_use_og":false,"twitter_card":"default","twitter_image_type":"default","twitter_image_url":null,"twitter_image_custom_url":null,"twitter_image_custom_fields":null,"twitter_title":null,"twitter_description":null,"schema":{"blockGraphs":[],"customGraphs":[],"default":{"data":{"Article":[],"Course":[],"Dataset":[],"FAQPage":[],"Movie":[],"Person":[],"Product":[],"ProductReview":[],"Car":[],"Recipe":[],"Service":[],"SoftwareApplication":[],"WebPage":[]},"graphName":"BlogPosting","isEnabled":true},"graphs":[]},"schema_type":"default","schema_type_options":null,"pillar_content":false,"robots_default":true,"robots_noindex":false,"robots_noarchive":false,"robots_nosnippet":false,"robots_nofollow":false,"robots_noimageindex":false,"robots_noodp":false,"robots_notranslate":false,"robots_max_snippet":"-1","robots_max_videopreview":"-1","robots_max_imagepreview":"large","priority":null,"frequency":"default","local_seo":null,"limit_modified_date":false,"created":"2026-04-06 09:35:24","updated":"2026-09-03 17:56:21","focus_keyword":null,"additional_keywords":null,"truseo_locale":null,"ai":null,"breadcrumb_settings":null,"seo_analyzer_scan_date":null},"aioseo_breadcrumb":"<div class=\"aioseo-breadcrumbs\"><span class=\"aioseo-breadcrumb\">\n\t\t\t<a href=\"https:\/\/www.spkatarzyna.pl\" title=\"Dom\">Dom<\/a>\n\t\t<\/span><span class=\"aioseo-breadcrumb-separator\">&raquo;<\/span><span class=\"aioseo-breadcrumb\">\n\t\t\t<a href=\"https:\/\/www.spkatarzyna.pl\/index.php\/category\/uncategorized\/\" title=\"Uncategorized\">Uncategorized<\/a>\n\t\t<\/span><span class=\"aioseo-breadcrumb-separator\">&raquo;<\/span><span class=\"aioseo-breadcrumb\">\n\t\t\tInformacja o \u015bmierci W\u0142adys\u0142awa Bilskiego\n\t\t<\/span><\/div>","aioseo_breadcrumb_json":[{"label":"Dom","link":"https:\/\/www.spkatarzyna.pl"},{"label":"Uncategorized","link":"https:\/\/www.spkatarzyna.pl\/index.php\/category\/uncategorized\/"},{"label":"Informacja o \u015bmierci W\u0142adys\u0142awa Bilskiego","link":"https:\/\/www.spkatarzyna.pl\/index.php\/2026\/04\/16\/19131\/"}],"_links":{"self":[{"href":"https:\/\/www.spkatarzyna.pl\/index.php\/wp-json\/wp\/v2\/posts\/19131","targetHints":{"allow":["GET"]}}],"collection":[{"href":"https:\/\/www.spkatarzyna.pl\/index.php\/wp-json\/wp\/v2\/posts"}],"about":[{"href":"https:\/\/www.spkatarzyna.pl\/index.php\/wp-json\/wp\/v2\/types\/post"}],"author":[{"embeddable":true,"href":"https:\/\/www.spkatarzyna.pl\/index.php\/wp-json\/wp\/v2\/users\/6"}],"replies":[{"embeddable":true,"href":"https:\/\/www.spkatarzyna.pl\/index.php\/wp-json\/wp\/v2\/comments?post=19131"}],"version-history":[{"count":8,"href":"https:\/\/www.spkatarzyna.pl\/index.php\/wp-json\/wp\/v2\/posts\/19131\/revisions"}],"predecessor-version":[{"id":19162,"href":"https:\/\/www.spkatarzyna.pl\/index.php\/wp-json\/wp\/v2\/posts\/19131\/revisions\/19162"}],"wp:featuredmedia":[{"embeddable":true,"href":"https:\/\/www.spkatarzyna.pl\/index.php\/wp-json\/wp\/v2\/media\/19134"}],"wp:attachment":[{"href":"https:\/\/www.spkatarzyna.pl\/index.php\/wp-json\/wp\/v2\/media?parent=19131"}],"wp:term":[{"taxonomy":"category","embeddable":true,"href":"https:\/\/www.spkatarzyna.pl\/index.php\/wp-json\/wp\/v2\/categories?post=19131"},{"taxonomy":"post_tag","embeddable":true,"href":"https:\/\/www.spkatarzyna.pl\/index.php\/wp-json\/wp\/v2\/tags?post=19131"}],"curies":[{"name":"wp","href":"https:\/\/api.w.org\/{rel}","templated":true}]}}