{"id":19143,"date":"2026-04-07T15:19:08","date_gmt":"2026-04-07T15:19:08","guid":{"rendered":"https:\/\/www.spkatarzyna.pl\/?p=19143"},"modified":"2026-04-07T15:22:11","modified_gmt":"2026-04-07T15:22:11","slug":"zawody-gminne-w-pilke-reczna","status":"publish","type":"post","link":"https:\/\/www.spkatarzyna.pl\/index.php\/2026\/04\/07\/zawody-gminne-w-pilke-reczna\/","title":{"rendered":"Zawody gminne w pi\u0142k\u0119 r\u0119czn\u0105 ch\u0142opc\u00f3w"},"content":{"rendered":"\t\t<div data-elementor-type=\"wp-post\" data-elementor-id=\"19143\" class=\"elementor elementor-19143\">\n\t\t\t\t<div class=\"elementor-element elementor-element-7745d31c e-flex e-con-boxed e-con e-parent\" data-id=\"7745d31c\" data-element_type=\"container\">\n\t\t\t\t\t<div class=\"e-con-inner\">\n\t\t\t\t<div class=\"elementor-element elementor-element-8f0afbc elementor-widget elementor-widget-text-editor\" data-id=\"8f0afbc\" data-element_type=\"widget\" data-widget_type=\"text-editor.default\">\n\t\t\t\t\t\t\t\t\t<p style=\"text-align: justify;\"><span style=\"font-weight: 400; font-size: 14pt;\">Dnia 1.04.2026 r. w Siechnicach odby\u0142y si\u0119 gminne zawody w pi\u0142k\u0119 r\u0119czn\u0105 ch\u0142opc\u00f3w klas VII i VIII.&nbsp; W rywalizacji&nbsp; wzi\u0119\u0142o udzia\u0142 sze\u015b\u0107 dru\u017cyn reprezentuj\u0105cych szko\u0142y z terenu naszej gminy.&nbsp;<\/span><\/p>\n<p style=\"text-align: justify;\"><span style=\"font-weight: 400; font-size: 14pt;\">Reprezentacja naszej szko\u0142y po zaci\u0119tych i emocjonuj\u0105cych meczach,&nbsp; zdoby\u0142a <strong>I miejsce<\/strong> w turnieju.<\/span><\/p>\n<p style=\"text-align: justify;\"><span style=\"font-weight: 400; font-size: 14pt;\">Sk\u0142ad dru\u017cyny: Chodzi\u0144ski Tymon, Chrz\u0105szcz Wojciech, Jasi\u0144ski Wojciech, Kanarek Tymoteusz, Kuczak Adam, Kulon Tomasz, \u0141ukawski Filip, Pi\u0119ta Dawid, S\u0142awek Szymon, Wielkopolski Antoni.&nbsp;<\/span><\/p>\n<p style=\"text-align: justify;\"><span style=\"font-weight: 400; font-size: 14pt;\">Dzi\u0119ki odniesionemu sukcesowi dru\u017cyna awansowa\u0142a do kolejnego etapu rozgrywek &nbsp;&#8211; zawod\u00f3w powiatowych.&nbsp;<\/span><\/p>\n<p>&nbsp;<\/p>\n<p style=\"text-align: right;\"><span style=\"font-weight: 400; font-size: 14pt;\">Gratulujemy i \u017cyczymy dalszych sukces\u00f3w na kolejnych etapach rozgrywek.<\/span><\/p>\n<p style=\"text-align: right;\"><span style=\"font-weight: 400; font-size: 14pt;\">Joanna St\u0119pie\u0144<\/span><\/p>\t\t\t\t\t\t\t\t<\/div>\n\t\t\t\t<div class=\"elementor-element elementor-element-a5fab72 elementor-widget elementor-widget-image-gallery\" data-id=\"a5fab72\" data-element_type=\"widget\" data-widget_type=\"image-gallery.default\">\n\t\t\t\t\t\t\t<div class=\"elementor-image-gallery\">\n\t\t\t\n\t\t<div id='gallery-1' class='gallery galleryid-19143 gallery-columns-4 gallery-size-thumbnail gallery1'><script type=\"text\/javascript\">\n\/\/ <![CDATA[\n\tjQuery(document).ready(function () {\n\t\tjQuery(\".gallery1 a\").attr(\"rel\",\"gallery1\");\t\n\t\tjQuery('a[rel=\"gallery1\"]').colorbox({title: function(){ return jQuery(this).children().attr(\"alt\"); }});\n\t});\n\/\/ ]]>\n<\/script>\n<dl class=\"gallery-item\">\n<dt class=\"gallery-icon\">\n<a href=\"https:\/\/www.spkatarzyna.pl\/wp-content\/uploads\/2026\/04\/PHOTO-2026-04-07-09-19-25-226x300.jpg\" title=\"\" rel=\"gallery1\" rel=\"lightbox[19143]\"><img decoding=\"async\" src=\"https:\/\/www.spkatarzyna.pl\/wp-content\/uploads\/2026\/04\/PHOTO-2026-04-07-09-19-25-150x150.jpg\" width=\"150\" height=\"150\" alt=\"\" \/><\/a>\n<\/dt><\/dl><dl class=\"gallery-item\">\n<dt class=\"gallery-icon\">\n<a href=\"https:\/\/www.spkatarzyna.pl\/wp-content\/uploads\/2026\/04\/PHOTO-2026-04-07-09-19-55-300x226.jpg\" title=\"\" rel=\"gallery1\" rel=\"lightbox[19143]\"><img decoding=\"async\" src=\"https:\/\/www.spkatarzyna.pl\/wp-content\/uploads\/2026\/04\/PHOTO-2026-04-07-09-19-55-150x150.jpg\" width=\"150\" height=\"150\" alt=\"\" \/><\/a>\n<\/dt><\/dl><dl class=\"gallery-item\">\n<dt class=\"gallery-icon\">\n<a href=\"https:\/\/www.spkatarzyna.pl\/wp-content\/uploads\/2026\/04\/PHOTO-2026-04-07-09-20-13-226x300.jpg\" title=\"\" rel=\"gallery1\" rel=\"lightbox[19143]\"><img decoding=\"async\" src=\"https:\/\/www.spkatarzyna.pl\/wp-content\/uploads\/2026\/04\/PHOTO-2026-04-07-09-20-13-150x150.jpg\" width=\"150\" height=\"150\" alt=\"\" \/><\/a>\n<\/dt><\/dl><dl class=\"gallery-item\">\n<dt class=\"gallery-icon\">\n<a href=\"https:\/\/www.spkatarzyna.pl\/wp-content\/uploads\/2026\/04\/PHOTO-2026-04-07-09-20-27-300x226.jpg\" title=\"\" rel=\"gallery1\" rel=\"lightbox[19143]\"><img loading=\"lazy\" decoding=\"async\" src=\"https:\/\/www.spkatarzyna.pl\/wp-content\/uploads\/2026\/04\/PHOTO-2026-04-07-09-20-27-150x150.jpg\" width=\"150\" height=\"150\" alt=\"\" \/><\/a>\n<\/dt><\/dl><br style=\"clear: both\" \/><dl class=\"gallery-item\">\n<dt class=\"gallery-icon\">\n<a href=\"https:\/\/www.spkatarzyna.pl\/wp-content\/uploads\/2026\/04\/PHOTO-2026-04-07-09-20-42-226x300.jpg\" title=\"\" rel=\"gallery1\" rel=\"lightbox[19143]\"><img loading=\"lazy\" decoding=\"async\" src=\"https:\/\/www.spkatarzyna.pl\/wp-content\/uploads\/2026\/04\/PHOTO-2026-04-07-09-20-42-150x150.jpg\" width=\"150\" height=\"150\" alt=\"\" \/><\/a>\n<\/dt><\/dl><dl class=\"gallery-item\">\n<dt class=\"gallery-icon\">\n<a href=\"https:\/\/www.spkatarzyna.pl\/wp-content\/uploads\/2026\/04\/PHOTO-2026-04-07-09-21-28-276x300.jpg\" title=\"\" rel=\"gallery1\" rel=\"lightbox[19143]\"><img loading=\"lazy\" decoding=\"async\" src=\"https:\/\/www.spkatarzyna.pl\/wp-content\/uploads\/2026\/04\/PHOTO-2026-04-07-09-21-28-150x150.jpg\" width=\"150\" height=\"150\" alt=\"\" \/><\/a>\n<\/dt><\/dl><dl class=\"gallery-item\">\n<dt class=\"gallery-icon\">\n<a href=\"https:\/\/www.spkatarzyna.pl\/wp-content\/uploads\/2026\/04\/PHOTO-2026-04-07-09-22-00-287x300.jpg\" title=\"\" rel=\"gallery1\" rel=\"lightbox[19143]\"><img loading=\"lazy\" decoding=\"async\" src=\"https:\/\/www.spkatarzyna.pl\/wp-content\/uploads\/2026\/04\/PHOTO-2026-04-07-09-22-00-150x150.jpg\" width=\"150\" height=\"150\" alt=\"\" \/><\/a>\n<\/dt><\/dl><dl class=\"gallery-item\">\n<dt class=\"gallery-icon\">\n<a href=\"https:\/\/www.spkatarzyna.pl\/wp-content\/uploads\/2026\/04\/PHOTO-2026-04-07-09-21-46-226x300.jpg\" title=\"\" rel=\"gallery1\" rel=\"lightbox[19143]\"><img loading=\"lazy\" decoding=\"async\" src=\"https:\/\/www.spkatarzyna.pl\/wp-content\/uploads\/2026\/04\/PHOTO-2026-04-07-09-21-46-150x150.jpg\" width=\"150\" height=\"150\" alt=\"\" \/><\/a>\n<\/dt><\/dl><br style=\"clear: both\" \/><br style=\"clear: both\" \/><\/div>\t\t<\/div>\n\t\t\t\t\t\t<\/div>\n\t\t\t\t\t<\/div>\n\t\t\t\t<\/div>\n\t\t\t\t<\/div>\n\t\t","protected":false},"excerpt":{"rendered":"<p>Dnia 1.04.2026 r. w Siechnicach odby\u0142y si\u0119 gminne zawody w pi\u0142k\u0119 r\u0119czn\u0105 ch\u0142opc\u00f3w klas VII i VIII.&nbsp; W rywalizacji&nbsp; wzi\u0119\u0142o udzia\u0142 sze\u015b\u0107 dru\u017cyn reprezentuj\u0105cych szko\u0142y z terenu naszej gminy.&nbsp; Reprezentacja naszej szko\u0142y po zaci\u0119tych i emocjonuj\u0105cych meczach,&nbsp; zdoby\u0142a I miejsce w turnieju. Sk\u0142ad dru\u017cyny: Chodzi\u0144ski Tymon, Chrz\u0105szcz Wojciech, Jasi\u0144ski Wojciech, [&hellip;]<\/p>\n","protected":false},"author":6,"featured_media":19144,"comment_status":"open","ping_status":"open","sticky":false,"template":"","format":"standard","meta":{"om_disable_all_campaigns":false,"_monsterinsights_skip_tracking":false,"ngg_post_thumbnail":0,"footnotes":""},"categories":[1],"tags":[],"class_list":["post-19143","post","type-post","status-publish","format-standard","has-post-thumbnail","hentry","category-uncategorized"],"aioseo_notices":[],"aioseo_head":"\n\t\t<!-- All in One SEO 5.0.1.1 - aioseo.com -->\n\t<meta name=\"description\" content=\"Dnia 1.04.2026 r. w Siechnicach odby\u0142y si\u0119 gminne zawody w pi\u0142k\u0119 r\u0119czn\u0105 ch\u0142opc\u00f3w klas VII i VIII. W rywalizacji wzi\u0119\u0142o udzia\u0142 sze\u015b\u0107 dru\u017cyn reprezentuj\u0105cych szko\u0142y z terenu naszej gminy. Reprezentacja naszej szko\u0142y po zaci\u0119tych i emocjonuj\u0105cych meczach, zdoby\u0142a I miejsce w turnieju. Sk\u0142ad dru\u017cyny: Chodzi\u0144ski Tymon, Chrz\u0105szcz Wojciech, Jasi\u0144ski Wojciech, Kanarek Tymoteusz, Kuczak Adam, Kulon\" \/>\n\t<meta name=\"robots\" content=\"max-image-preview:large\" \/>\n\t<meta name=\"author\" content=\"Redakcja\"\/>\n\t<link rel=\"canonical\" href=\"https:\/\/www.spkatarzyna.pl\/index.php\/2026\/04\/07\/zawody-gminne-w-pilke-reczna\/\" \/>\n\t<meta name=\"generator\" content=\"All in One SEO (AIOSEO) 5.0.1.1\" \/>\n\t\t<meta property=\"og:locale\" content=\"pl_PL\" \/>\n\t\t<meta property=\"og:site_name\" content=\"SP Katarzyna - Publiczna Szko\u0142a Podstawowa w \u015awi\u0119tej Katarzynie\" \/>\n\t\t<meta property=\"og:type\" content=\"article\" \/>\n\t\t<meta property=\"og:title\" content=\"Zawody gminne w pi\u0142k\u0119 r\u0119czn\u0105 ch\u0142opc\u00f3w - SP Katarzyna\" \/>\n\t\t<meta property=\"og:description\" content=\"Dnia 1.04.2026 r. w Siechnicach odby\u0142y si\u0119 gminne zawody w pi\u0142k\u0119 r\u0119czn\u0105 ch\u0142opc\u00f3w klas VII i VIII. W rywalizacji wzi\u0119\u0142o udzia\u0142 sze\u015b\u0107 dru\u017cyn reprezentuj\u0105cych szko\u0142y z terenu naszej gminy. Reprezentacja naszej szko\u0142y po zaci\u0119tych i emocjonuj\u0105cych meczach, zdoby\u0142a I miejsce w turnieju. Sk\u0142ad dru\u017cyny: Chodzi\u0144ski Tymon, Chrz\u0105szcz Wojciech, Jasi\u0144ski Wojciech, Kanarek Tymoteusz, Kuczak Adam, Kulon\" \/>\n\t\t<meta property=\"og:url\" content=\"https:\/\/www.spkatarzyna.pl\/index.php\/2026\/04\/07\/zawody-gminne-w-pilke-reczna\/\" \/>\n\t\t<meta property=\"article:published_time\" content=\"2026-04-07T15:19:08+00:00\" \/>\n\t\t<meta property=\"article:modified_time\" content=\"2026-04-07T15:22:11+00:00\" \/>\n\t\t<meta name=\"twitter:card\" content=\"summary_large_image\" \/>\n\t\t<meta name=\"twitter:title\" content=\"Zawody gminne w pi\u0142k\u0119 r\u0119czn\u0105 ch\u0142opc\u00f3w - SP Katarzyna\" \/>\n\t\t<meta name=\"twitter:description\" content=\"Dnia 1.04.2026 r. w Siechnicach odby\u0142y si\u0119 gminne zawody w pi\u0142k\u0119 r\u0119czn\u0105 ch\u0142opc\u00f3w klas VII i VIII. W rywalizacji wzi\u0119\u0142o udzia\u0142 sze\u015b\u0107 dru\u017cyn reprezentuj\u0105cych szko\u0142y z terenu naszej gminy. Reprezentacja naszej szko\u0142y po zaci\u0119tych i emocjonuj\u0105cych meczach, zdoby\u0142a I miejsce w turnieju. Sk\u0142ad dru\u017cyny: Chodzi\u0144ski Tymon, Chrz\u0105szcz Wojciech, Jasi\u0144ski Wojciech, Kanarek Tymoteusz, Kuczak Adam, Kulon\" \/>\n\t\t<script type=\"application\/ld+json\" class=\"aioseo-schema\">\n\t\t\t{\"@context\":\"https:\\\/\\\/schema.org\",\"@graph\":[{\"@type\":\"BlogPosting\",\"@id\":\"https:\\\/\\\/www.spkatarzyna.pl\\\/index.php\\\/2026\\\/04\\\/07\\\/zawody-gminne-w-pilke-reczna\\\/#blogposting\",\"name\":\"Zawody gminne w pi\\u0142k\\u0119 r\\u0119czn\\u0105 ch\\u0142opc\\u00f3w - SP Katarzyna\",\"headline\":\"Zawody gminne w pi\\u0142k\\u0119 r\\u0119czn\\u0105 ch\\u0142opc\\u00f3w\",\"author\":{\"@id\":\"https:\\\/\\\/www.spkatarzyna.pl\\\/index.php\\\/author\\\/agatasafianspkatarzyna-pl\\\/#author\"},\"publisher\":{\"@id\":\"https:\\\/\\\/www.spkatarzyna.pl\\\/#organization\"},\"image\":{\"@type\":\"ImageObject\",\"url\":\"https:\\\/\\\/www.spkatarzyna.pl\\\/wp-content\\\/uploads\\\/2026\\\/04\\\/PHOTO-2026-04-07-09-20-27-2.jpg\",\"width\":360,\"height\":202},\"datePublished\":\"2026-04-07T15:19:08+02:00\",\"dateModified\":\"2026-04-07T15:22:11+02:00\",\"inLanguage\":\"pl-PL\",\"mainEntityOfPage\":{\"@id\":\"https:\\\/\\\/www.spkatarzyna.pl\\\/index.php\\\/2026\\\/04\\\/07\\\/zawody-gminne-w-pilke-reczna\\\/#webpage\"},\"isPartOf\":{\"@id\":\"https:\\\/\\\/www.spkatarzyna.pl\\\/index.php\\\/2026\\\/04\\\/07\\\/zawody-gminne-w-pilke-reczna\\\/#webpage\"},\"articleSection\":\"Uncategorized\"},{\"@type\":\"BreadcrumbList\",\"@id\":\"https:\\\/\\\/www.spkatarzyna.pl\\\/index.php\\\/2026\\\/04\\\/07\\\/zawody-gminne-w-pilke-reczna\\\/#breadcrumblist\",\"itemListElement\":[{\"@type\":\"ListItem\",\"@id\":\"https:\\\/\\\/www.spkatarzyna.pl#listItem\",\"position\":1,\"name\":\"Dom\",\"item\":\"https:\\\/\\\/www.spkatarzyna.pl\",\"nextItem\":{\"@type\":\"ListItem\",\"@id\":\"https:\\\/\\\/www.spkatarzyna.pl\\\/index.php\\\/category\\\/uncategorized\\\/#listItem\",\"name\":\"Uncategorized\"}},{\"@type\":\"ListItem\",\"@id\":\"https:\\\/\\\/www.spkatarzyna.pl\\\/index.php\\\/category\\\/uncategorized\\\/#listItem\",\"position\":2,\"name\":\"Uncategorized\",\"item\":\"https:\\\/\\\/www.spkatarzyna.pl\\\/index.php\\\/category\\\/uncategorized\\\/\",\"nextItem\":{\"@type\":\"ListItem\",\"@id\":\"https:\\\/\\\/www.spkatarzyna.pl\\\/index.php\\\/2026\\\/04\\\/07\\\/zawody-gminne-w-pilke-reczna\\\/#listItem\",\"name\":\"Zawody gminne w pi\\u0142k\\u0119 r\\u0119czn\\u0105 ch\\u0142opc\\u00f3w\"},\"previousItem\":{\"@type\":\"ListItem\",\"@id\":\"https:\\\/\\\/www.spkatarzyna.pl#listItem\",\"name\":\"Dom\"}},{\"@type\":\"ListItem\",\"@id\":\"https:\\\/\\\/www.spkatarzyna.pl\\\/index.php\\\/2026\\\/04\\\/07\\\/zawody-gminne-w-pilke-reczna\\\/#listItem\",\"position\":3,\"name\":\"Zawody gminne w pi\\u0142k\\u0119 r\\u0119czn\\u0105 ch\\u0142opc\\u00f3w\",\"previousItem\":{\"@type\":\"ListItem\",\"@id\":\"https:\\\/\\\/www.spkatarzyna.pl\\\/index.php\\\/category\\\/uncategorized\\\/#listItem\",\"name\":\"Uncategorized\"}}]},{\"@type\":\"Organization\",\"@id\":\"https:\\\/\\\/www.spkatarzyna.pl\\\/#organization\",\"name\":\"SP Katarzyna\",\"description\":\"Publiczna Szko\\u0142a Podstawowa w \\u015awi\\u0119tej Katarzynie\",\"url\":\"https:\\\/\\\/www.spkatarzyna.pl\\\/\",\"telephone\":\"+48713116378\",\"sameAs\":[\"https:\\\/\\\/facebook.com\\\/\",\"https:\\\/\\\/x.com\\\/\",\"https:\\\/\\\/instagram.com\\\/\",\"https:\\\/\\\/pinterest.com\\\/\",\"https:\\\/\\\/youtube.com\\\/\",\"https:\\\/\\\/linkedin.com\\\/in\\\/\"]},{\"@type\":\"Person\",\"@id\":\"https:\\\/\\\/www.spkatarzyna.pl\\\/index.php\\\/author\\\/agatasafianspkatarzyna-pl\\\/#author\",\"url\":\"https:\\\/\\\/www.spkatarzyna.pl\\\/index.php\\\/author\\\/agatasafianspkatarzyna-pl\\\/\",\"name\":\"Redakcja\",\"image\":{\"@type\":\"ImageObject\",\"@id\":\"https:\\\/\\\/www.spkatarzyna.pl\\\/index.php\\\/2026\\\/04\\\/07\\\/zawody-gminne-w-pilke-reczna\\\/#authorImage\",\"url\":\"https:\\\/\\\/secure.gravatar.com\\\/avatar\\\/765290513df94d442152250e92b42327?s=96&d=mm&r=g\",\"width\":96,\"height\":96,\"caption\":\"Redakcja\"}},{\"@type\":\"WebPage\",\"@id\":\"https:\\\/\\\/www.spkatarzyna.pl\\\/index.php\\\/2026\\\/04\\\/07\\\/zawody-gminne-w-pilke-reczna\\\/#webpage\",\"url\":\"https:\\\/\\\/www.spkatarzyna.pl\\\/index.php\\\/2026\\\/04\\\/07\\\/zawody-gminne-w-pilke-reczna\\\/\",\"name\":\"Zawody gminne w pi\\u0142k\\u0119 r\\u0119czn\\u0105 ch\\u0142opc\\u00f3w - SP Katarzyna\",\"description\":\"Dnia 1.04.2026 r. w Siechnicach odby\\u0142y si\\u0119 gminne zawody w pi\\u0142k\\u0119 r\\u0119czn\\u0105 ch\\u0142opc\\u00f3w klas VII i VIII. W rywalizacji wzi\\u0119\\u0142o udzia\\u0142 sze\\u015b\\u0107 dru\\u017cyn reprezentuj\\u0105cych szko\\u0142y z terenu naszej gminy. Reprezentacja naszej szko\\u0142y po zaci\\u0119tych i emocjonuj\\u0105cych meczach, zdoby\\u0142a I miejsce w turnieju. Sk\\u0142ad dru\\u017cyny: Chodzi\\u0144ski Tymon, Chrz\\u0105szcz Wojciech, Jasi\\u0144ski Wojciech, Kanarek Tymoteusz, Kuczak Adam, Kulon\",\"inLanguage\":\"pl-PL\",\"isPartOf\":{\"@id\":\"https:\\\/\\\/www.spkatarzyna.pl\\\/#website\"},\"breadcrumb\":{\"@id\":\"https:\\\/\\\/www.spkatarzyna.pl\\\/index.php\\\/2026\\\/04\\\/07\\\/zawody-gminne-w-pilke-reczna\\\/#breadcrumblist\"},\"author\":{\"@id\":\"https:\\\/\\\/www.spkatarzyna.pl\\\/index.php\\\/author\\\/agatasafianspkatarzyna-pl\\\/#author\"},\"creator\":{\"@id\":\"https:\\\/\\\/www.spkatarzyna.pl\\\/index.php\\\/author\\\/agatasafianspkatarzyna-pl\\\/#author\"},\"image\":{\"@type\":\"ImageObject\",\"url\":\"https:\\\/\\\/www.spkatarzyna.pl\\\/wp-content\\\/uploads\\\/2026\\\/04\\\/PHOTO-2026-04-07-09-20-27-2.jpg\",\"@id\":\"https:\\\/\\\/www.spkatarzyna.pl\\\/index.php\\\/2026\\\/04\\\/07\\\/zawody-gminne-w-pilke-reczna\\\/#mainImage\",\"width\":360,\"height\":202},\"primaryImageOfPage\":{\"@id\":\"https:\\\/\\\/www.spkatarzyna.pl\\\/index.php\\\/2026\\\/04\\\/07\\\/zawody-gminne-w-pilke-reczna\\\/#mainImage\"},\"datePublished\":\"2026-04-07T15:19:08+02:00\",\"dateModified\":\"2026-04-07T15:22:11+02:00\"},{\"@type\":\"WebSite\",\"@id\":\"https:\\\/\\\/www.spkatarzyna.pl\\\/#website\",\"url\":\"https:\\\/\\\/www.spkatarzyna.pl\\\/\",\"name\":\"SP Katarzyna\",\"description\":\"Publiczna Szko\\u0142a Podstawowa w \\u015awi\\u0119tej Katarzynie\",\"inLanguage\":\"pl-PL\",\"publisher\":{\"@id\":\"https:\\\/\\\/www.spkatarzyna.pl\\\/#organization\"}}]}\n\t\t<\/script>\n\t\t<!-- All in One SEO -->\n\n","aioseo_head_json":{"title":"Zawody gminne w pi\u0142k\u0119 r\u0119czn\u0105 ch\u0142opc\u00f3w - SP Katarzyna","description":"Dnia 1.04.2026 r. w Siechnicach odby\u0142y si\u0119 gminne zawody w pi\u0142k\u0119 r\u0119czn\u0105 ch\u0142opc\u00f3w klas VII i VIII. W rywalizacji wzi\u0119\u0142o udzia\u0142 sze\u015b\u0107 dru\u017cyn reprezentuj\u0105cych szko\u0142y z terenu naszej gminy. Reprezentacja naszej szko\u0142y po zaci\u0119tych i emocjonuj\u0105cych meczach, zdoby\u0142a I miejsce w turnieju. Sk\u0142ad dru\u017cyny: Chodzi\u0144ski Tymon, Chrz\u0105szcz Wojciech, Jasi\u0144ski Wojciech, Kanarek Tymoteusz, Kuczak Adam, Kulon","canonical_url":"https:\/\/www.spkatarzyna.pl\/index.php\/2026\/04\/07\/zawody-gminne-w-pilke-reczna\/","robots":"max-image-preview:large","keywords":"","webmasterTools":{"miscellaneous":""},"schema":{"@context":"https:\/\/schema.org","@graph":[{"@type":"BlogPosting","@id":"https:\/\/www.spkatarzyna.pl\/index.php\/2026\/04\/07\/zawody-gminne-w-pilke-reczna\/#blogposting","name":"Zawody gminne w pi\u0142k\u0119 r\u0119czn\u0105 ch\u0142opc\u00f3w - SP Katarzyna","headline":"Zawody gminne w pi\u0142k\u0119 r\u0119czn\u0105 ch\u0142opc\u00f3w","author":{"@id":"https:\/\/www.spkatarzyna.pl\/index.php\/author\/agatasafianspkatarzyna-pl\/#author"},"publisher":{"@id":"https:\/\/www.spkatarzyna.pl\/#organization"},"image":{"@type":"ImageObject","url":"https:\/\/www.spkatarzyna.pl\/wp-content\/uploads\/2026\/04\/PHOTO-2026-04-07-09-20-27-2.jpg","width":360,"height":202},"datePublished":"2026-04-07T15:19:08+02:00","dateModified":"2026-04-07T15:22:11+02:00","inLanguage":"pl-PL","mainEntityOfPage":{"@id":"https:\/\/www.spkatarzyna.pl\/index.php\/2026\/04\/07\/zawody-gminne-w-pilke-reczna\/#webpage"},"isPartOf":{"@id":"https:\/\/www.spkatarzyna.pl\/index.php\/2026\/04\/07\/zawody-gminne-w-pilke-reczna\/#webpage"},"articleSection":"Uncategorized"},{"@type":"BreadcrumbList","@id":"https:\/\/www.spkatarzyna.pl\/index.php\/2026\/04\/07\/zawody-gminne-w-pilke-reczna\/#breadcrumblist","itemListElement":[{"@type":"ListItem","@id":"https:\/\/www.spkatarzyna.pl#listItem","position":1,"name":"Dom","item":"https:\/\/www.spkatarzyna.pl","nextItem":{"@type":"ListItem","@id":"https:\/\/www.spkatarzyna.pl\/index.php\/category\/uncategorized\/#listItem","name":"Uncategorized"}},{"@type":"ListItem","@id":"https:\/\/www.spkatarzyna.pl\/index.php\/category\/uncategorized\/#listItem","position":2,"name":"Uncategorized","item":"https:\/\/www.spkatarzyna.pl\/index.php\/category\/uncategorized\/","nextItem":{"@type":"ListItem","@id":"https:\/\/www.spkatarzyna.pl\/index.php\/2026\/04\/07\/zawody-gminne-w-pilke-reczna\/#listItem","name":"Zawody gminne w pi\u0142k\u0119 r\u0119czn\u0105 ch\u0142opc\u00f3w"},"previousItem":{"@type":"ListItem","@id":"https:\/\/www.spkatarzyna.pl#listItem","name":"Dom"}},{"@type":"ListItem","@id":"https:\/\/www.spkatarzyna.pl\/index.php\/2026\/04\/07\/zawody-gminne-w-pilke-reczna\/#listItem","position":3,"name":"Zawody gminne w pi\u0142k\u0119 r\u0119czn\u0105 ch\u0142opc\u00f3w","previousItem":{"@type":"ListItem","@id":"https:\/\/www.spkatarzyna.pl\/index.php\/category\/uncategorized\/#listItem","name":"Uncategorized"}}]},{"@type":"Organization","@id":"https:\/\/www.spkatarzyna.pl\/#organization","name":"SP Katarzyna","description":"Publiczna Szko\u0142a Podstawowa w \u015awi\u0119tej Katarzynie","url":"https:\/\/www.spkatarzyna.pl\/","telephone":"+48713116378","sameAs":["https:\/\/facebook.com\/","https:\/\/x.com\/","https:\/\/instagram.com\/","https:\/\/pinterest.com\/","https:\/\/youtube.com\/","https:\/\/linkedin.com\/in\/"]},{"@type":"Person","@id":"https:\/\/www.spkatarzyna.pl\/index.php\/author\/agatasafianspkatarzyna-pl\/#author","url":"https:\/\/www.spkatarzyna.pl\/index.php\/author\/agatasafianspkatarzyna-pl\/","name":"Redakcja","image":{"@type":"ImageObject","@id":"https:\/\/www.spkatarzyna.pl\/index.php\/2026\/04\/07\/zawody-gminne-w-pilke-reczna\/#authorImage","url":"https:\/\/secure.gravatar.com\/avatar\/765290513df94d442152250e92b42327?s=96&d=mm&r=g","width":96,"height":96,"caption":"Redakcja"}},{"@type":"WebPage","@id":"https:\/\/www.spkatarzyna.pl\/index.php\/2026\/04\/07\/zawody-gminne-w-pilke-reczna\/#webpage","url":"https:\/\/www.spkatarzyna.pl\/index.php\/2026\/04\/07\/zawody-gminne-w-pilke-reczna\/","name":"Zawody gminne w pi\u0142k\u0119 r\u0119czn\u0105 ch\u0142opc\u00f3w - SP Katarzyna","description":"Dnia 1.04.2026 r. w Siechnicach odby\u0142y si\u0119 gminne zawody w pi\u0142k\u0119 r\u0119czn\u0105 ch\u0142opc\u00f3w klas VII i VIII. W rywalizacji wzi\u0119\u0142o udzia\u0142 sze\u015b\u0107 dru\u017cyn reprezentuj\u0105cych szko\u0142y z terenu naszej gminy. Reprezentacja naszej szko\u0142y po zaci\u0119tych i emocjonuj\u0105cych meczach, zdoby\u0142a I miejsce w turnieju. Sk\u0142ad dru\u017cyny: Chodzi\u0144ski Tymon, Chrz\u0105szcz Wojciech, Jasi\u0144ski Wojciech, Kanarek Tymoteusz, Kuczak Adam, Kulon","inLanguage":"pl-PL","isPartOf":{"@id":"https:\/\/www.spkatarzyna.pl\/#website"},"breadcrumb":{"@id":"https:\/\/www.spkatarzyna.pl\/index.php\/2026\/04\/07\/zawody-gminne-w-pilke-reczna\/#breadcrumblist"},"author":{"@id":"https:\/\/www.spkatarzyna.pl\/index.php\/author\/agatasafianspkatarzyna-pl\/#author"},"creator":{"@id":"https:\/\/www.spkatarzyna.pl\/index.php\/author\/agatasafianspkatarzyna-pl\/#author"},"image":{"@type":"ImageObject","url":"https:\/\/www.spkatarzyna.pl\/wp-content\/uploads\/2026\/04\/PHOTO-2026-04-07-09-20-27-2.jpg","@id":"https:\/\/www.spkatarzyna.pl\/index.php\/2026\/04\/07\/zawody-gminne-w-pilke-reczna\/#mainImage","width":360,"height":202},"primaryImageOfPage":{"@id":"https:\/\/www.spkatarzyna.pl\/index.php\/2026\/04\/07\/zawody-gminne-w-pilke-reczna\/#mainImage"},"datePublished":"2026-04-07T15:19:08+02:00","dateModified":"2026-04-07T15:22:11+02:00"},{"@type":"WebSite","@id":"https:\/\/www.spkatarzyna.pl\/#website","url":"https:\/\/www.spkatarzyna.pl\/","name":"SP Katarzyna","description":"Publiczna Szko\u0142a Podstawowa w \u015awi\u0119tej Katarzynie","inLanguage":"pl-PL","publisher":{"@id":"https:\/\/www.spkatarzyna.pl\/#organization"}}]},"og:locale":"pl_PL","og:site_name":"SP Katarzyna - Publiczna Szko\u0142a Podstawowa w \u015awi\u0119tej Katarzynie","og:type":"article","og:title":"Zawody gminne w pi\u0142k\u0119 r\u0119czn\u0105 ch\u0142opc\u00f3w - SP Katarzyna","og:description":"Dnia 1.04.2026 r. w Siechnicach odby\u0142y si\u0119 gminne zawody w pi\u0142k\u0119 r\u0119czn\u0105 ch\u0142opc\u00f3w klas VII i VIII. W rywalizacji wzi\u0119\u0142o udzia\u0142 sze\u015b\u0107 dru\u017cyn reprezentuj\u0105cych szko\u0142y z terenu naszej gminy. Reprezentacja naszej szko\u0142y po zaci\u0119tych i emocjonuj\u0105cych meczach, zdoby\u0142a I miejsce w turnieju. Sk\u0142ad dru\u017cyny: Chodzi\u0144ski Tymon, Chrz\u0105szcz Wojciech, Jasi\u0144ski Wojciech, Kanarek Tymoteusz, Kuczak Adam, Kulon","og:url":"https:\/\/www.spkatarzyna.pl\/index.php\/2026\/04\/07\/zawody-gminne-w-pilke-reczna\/","article:published_time":"2026-04-07T15:19:08+00:00","article:modified_time":"2026-04-07T15:22:11+00:00","twitter:card":"summary_large_image","twitter:title":"Zawody gminne w pi\u0142k\u0119 r\u0119czn\u0105 ch\u0142opc\u00f3w - SP Katarzyna","twitter:description":"Dnia 1.04.2026 r. w Siechnicach odby\u0142y si\u0119 gminne zawody w pi\u0142k\u0119 r\u0119czn\u0105 ch\u0142opc\u00f3w klas VII i VIII. W rywalizacji wzi\u0119\u0142o udzia\u0142 sze\u015b\u0107 dru\u017cyn reprezentuj\u0105cych szko\u0142y z terenu naszej gminy. Reprezentacja naszej szko\u0142y po zaci\u0119tych i emocjonuj\u0105cych meczach, zdoby\u0142a I miejsce w turnieju. Sk\u0142ad dru\u017cyny: Chodzi\u0144ski Tymon, Chrz\u0105szcz Wojciech, Jasi\u0144ski Wojciech, Kanarek Tymoteusz, Kuczak Adam, Kulon"},"aioseo_meta_data":{"post_id":"19143","title":null,"description":null,"keywords":null,"keyphrases":{"focus":{"keyphrase":"","score":0,"analysis":{"keyphraseInTitle":{"score":0,"maxScore":9,"error":1}}},"additional":[]},"primary_term":null,"canonical_url":null,"og_title":null,"og_description":null,"og_object_type":"default","og_image_type":"default","og_image_url":null,"og_image_width":null,"og_image_height":null,"og_image_custom_url":null,"og_image_custom_fields":null,"og_video":"","og_custom_url":null,"og_article_section":null,"og_article_tags":null,"twitter_use_og":false,"twitter_card":"default","twitter_image_type":"default","twitter_image_url":null,"twitter_image_custom_url":null,"twitter_image_custom_fields":null,"twitter_title":null,"twitter_description":null,"schema":{"blockGraphs":[],"customGraphs":[],"default":{"data":{"Article":[],"Course":[],"Dataset":[],"FAQPage":[],"Movie":[],"Person":[],"Product":[],"ProductReview":[],"Car":[],"Recipe":[],"Service":[],"SoftwareApplication":[],"WebPage":[]},"graphName":"BlogPosting","isEnabled":true},"graphs":[]},"schema_type":"default","schema_type_options":null,"pillar_content":false,"robots_default":true,"robots_noindex":false,"robots_noarchive":false,"robots_nosnippet":false,"robots_nofollow":false,"robots_noimageindex":false,"robots_noodp":false,"robots_notranslate":false,"robots_max_snippet":"-1","robots_max_videopreview":"-1","robots_max_imagepreview":"large","priority":null,"frequency":"default","local_seo":null,"limit_modified_date":false,"created":"2026-04-07 15:19:08","updated":"2026-09-03 17:52:15","focus_keyword":null,"additional_keywords":null,"truseo_locale":null,"ai":null,"breadcrumb_settings":null,"seo_analyzer_scan_date":null},"aioseo_breadcrumb":"<div class=\"aioseo-breadcrumbs\"><span class=\"aioseo-breadcrumb\">\n\t\t\t<a href=\"https:\/\/www.spkatarzyna.pl\" title=\"Dom\">Dom<\/a>\n\t\t<\/span><span class=\"aioseo-breadcrumb-separator\">&raquo;<\/span><span class=\"aioseo-breadcrumb\">\n\t\t\t<a href=\"https:\/\/www.spkatarzyna.pl\/index.php\/category\/uncategorized\/\" title=\"Uncategorized\">Uncategorized<\/a>\n\t\t<\/span><span class=\"aioseo-breadcrumb-separator\">&raquo;<\/span><span class=\"aioseo-breadcrumb\">\n\t\t\tZawody gminne w pi\u0142k\u0119 r\u0119czn\u0105 ch\u0142opc\u00f3w\n\t\t<\/span><\/div>","aioseo_breadcrumb_json":[{"label":"Dom","link":"https:\/\/www.spkatarzyna.pl"},{"label":"Uncategorized","link":"https:\/\/www.spkatarzyna.pl\/index.php\/category\/uncategorized\/"},{"label":"Zawody gminne w pi\u0142k\u0119 r\u0119czn\u0105 ch\u0142opc\u00f3w","link":"https:\/\/www.spkatarzyna.pl\/index.php\/2026\/04\/07\/zawody-gminne-w-pilke-reczna\/"}],"_links":{"self":[{"href":"https:\/\/www.spkatarzyna.pl\/index.php\/wp-json\/wp\/v2\/posts\/19143","targetHints":{"allow":["GET"]}}],"collection":[{"href":"https:\/\/www.spkatarzyna.pl\/index.php\/wp-json\/wp\/v2\/posts"}],"about":[{"href":"https:\/\/www.spkatarzyna.pl\/index.php\/wp-json\/wp\/v2\/types\/post"}],"author":[{"embeddable":true,"href":"https:\/\/www.spkatarzyna.pl\/index.php\/wp-json\/wp\/v2\/users\/6"}],"replies":[{"embeddable":true,"href":"https:\/\/www.spkatarzyna.pl\/index.php\/wp-json\/wp\/v2\/comments?post=19143"}],"version-history":[{"count":8,"href":"https:\/\/www.spkatarzyna.pl\/index.php\/wp-json\/wp\/v2\/posts\/19143\/revisions"}],"predecessor-version":[{"id":19161,"href":"https:\/\/www.spkatarzyna.pl\/index.php\/wp-json\/wp\/v2\/posts\/19143\/revisions\/19161"}],"wp:featuredmedia":[{"embeddable":true,"href":"https:\/\/www.spkatarzyna.pl\/index.php\/wp-json\/wp\/v2\/media\/19144"}],"wp:attachment":[{"href":"https:\/\/www.spkatarzyna.pl\/index.php\/wp-json\/wp\/v2\/media?parent=19143"}],"wp:term":[{"taxonomy":"category","embeddable":true,"href":"https:\/\/www.spkatarzyna.pl\/index.php\/wp-json\/wp\/v2\/categories?post=19143"},{"taxonomy":"post_tag","embeddable":true,"href":"https:\/\/www.spkatarzyna.pl\/index.php\/wp-json\/wp\/v2\/tags?post=19143"}],"curies":[{"name":"wp","href":"https:\/\/api.w.org\/{rel}","templated":true}]}}