{"id":19163,"date":"2026-04-08T18:42:01","date_gmt":"2026-04-08T18:42:01","guid":{"rendered":"https:\/\/www.spkatarzyna.pl\/?p=19163"},"modified":"2026-04-08T18:42:01","modified_gmt":"2026-04-08T18:42:01","slug":"zbiorka-dla-azylu-dla-krolikow-w-toruniu","status":"publish","type":"post","link":"https:\/\/www.spkatarzyna.pl\/index.php\/2026\/04\/08\/zbiorka-dla-azylu-dla-krolikow-w-toruniu\/","title":{"rendered":"Zbi\u00f3rka dla Azylu dla Kr\u00f3lik\u00f3w w Toruniu"},"content":{"rendered":"<p style=\"text-align: justify;\"><span style=\"font-size: 14pt; color: #000000;\">Nasza szko\u0142a organizuje zbi\u00f3rk\u0119 dar\u00f3w dla Azylu dla Kr\u00f3lik\u00f3w w Toruniu.&nbsp;<\/span><\/p>\n<p style=\"text-align: justify;\"><span style=\"font-size: 14pt; color: #000000;\">Zapraszam wszystkich uczni\u00f3w, rodzic\u00f3w i pracownik\u00f3w szko\u0142y do w\u0142\u0105czenia si\u0119 w pomoc dla uszatych podopiecznych.<\/span><\/p>\n<p style=\"text-align: justify;\"><span style=\"font-size: 14pt; color: #000000;\">Zbieramy: r\u0119kawiczki nitrylowe (S i M), r\u0119czniki papierowe, proszek do prania, p\u0142yn do dezynfekcji, siano oraz suszone mieszanki zi\u00f3\u0142. Rzeczy mo\u017cna przynosi\u0107 do wyznaczonego kartonu w przedsionku szko\u0142y.<\/span><\/p>\n<p style=\"text-align: justify;\"><span style=\"font-size: 14pt; color: #000000;\">Zbi\u00f3rka trwa do 22 kwietnia.<\/span><\/p>\n<p style=\"text-align: justify;\"><span style=\"font-size: 14pt; color: #000000;\">organizator: Katarzyna Mazur<\/span><\/p>\n","protected":false},"excerpt":{"rendered":"<p>Nasza szko\u0142a organizuje zbi\u00f3rk\u0119 dar\u00f3w dla Azylu dla Kr\u00f3lik\u00f3w w Toruniu.&nbsp; Zapraszam wszystkich uczni\u00f3w, rodzic\u00f3w i pracownik\u00f3w szko\u0142y do w\u0142\u0105czenia si\u0119 w pomoc dla uszatych podopiecznych. Zbieramy: r\u0119kawiczki nitrylowe (S i M), r\u0119czniki papierowe, proszek do prania, p\u0142yn do dezynfekcji, siano oraz suszone mieszanki zi\u00f3\u0142. Rzeczy mo\u017cna przynosi\u0107 do wyznaczonego [&hellip;]<\/p>\n","protected":false},"author":6,"featured_media":19165,"comment_status":"open","ping_status":"open","sticky":false,"template":"","format":"standard","meta":{"om_disable_all_campaigns":false,"_monsterinsights_skip_tracking":false,"ngg_post_thumbnail":0,"footnotes":""},"categories":[1],"tags":[],"class_list":["post-19163","post","type-post","status-publish","format-standard","has-post-thumbnail","hentry","category-uncategorized"],"aioseo_notices":[],"aioseo_head":"\n\t\t<!-- All in One SEO 5.0.1.1 - aioseo.com -->\n\t<meta name=\"description\" content=\"Nasza szko\u0142a organizuje zbi\u00f3rk\u0119 dar\u00f3w dla Azylu dla Kr\u00f3lik\u00f3w w Toruniu. Zapraszam wszystkich uczni\u00f3w, rodzic\u00f3w i pracownik\u00f3w szko\u0142y do w\u0142\u0105czenia si\u0119 w pomoc dla uszatych podopiecznych. Zbieramy: r\u0119kawiczki nitrylowe (S i M), r\u0119czniki papierowe, proszek do prania, p\u0142yn do dezynfekcji, siano oraz suszone mieszanki zi\u00f3\u0142. Rzeczy mo\u017cna przynosi\u0107 do wyznaczonego kartonu w przedsionku szko\u0142y. Zbi\u00f3rka\" \/>\n\t<meta name=\"robots\" content=\"max-image-preview:large\" \/>\n\t<meta name=\"author\" content=\"Redakcja\"\/>\n\t<link rel=\"canonical\" href=\"https:\/\/www.spkatarzyna.pl\/index.php\/2026\/04\/08\/zbiorka-dla-azylu-dla-krolikow-w-toruniu\/\" \/>\n\t<meta name=\"generator\" content=\"All in One SEO (AIOSEO) 5.0.1.1\" \/>\n\t\t<meta property=\"og:locale\" content=\"pl_PL\" \/>\n\t\t<meta property=\"og:site_name\" content=\"SP Katarzyna - Publiczna Szko\u0142a Podstawowa w \u015awi\u0119tej Katarzynie\" \/>\n\t\t<meta property=\"og:type\" content=\"article\" \/>\n\t\t<meta property=\"og:title\" content=\"Zbi\u00f3rka dla Azylu dla Kr\u00f3lik\u00f3w w Toruniu - SP Katarzyna\" \/>\n\t\t<meta property=\"og:description\" content=\"Nasza szko\u0142a organizuje zbi\u00f3rk\u0119 dar\u00f3w dla Azylu dla Kr\u00f3lik\u00f3w w Toruniu. Zapraszam wszystkich uczni\u00f3w, rodzic\u00f3w i pracownik\u00f3w szko\u0142y do w\u0142\u0105czenia si\u0119 w pomoc dla uszatych podopiecznych. Zbieramy: r\u0119kawiczki nitrylowe (S i M), r\u0119czniki papierowe, proszek do prania, p\u0142yn do dezynfekcji, siano oraz suszone mieszanki zi\u00f3\u0142. Rzeczy mo\u017cna przynosi\u0107 do wyznaczonego kartonu w przedsionku szko\u0142y. Zbi\u00f3rka\" \/>\n\t\t<meta property=\"og:url\" content=\"https:\/\/www.spkatarzyna.pl\/index.php\/2026\/04\/08\/zbiorka-dla-azylu-dla-krolikow-w-toruniu\/\" \/>\n\t\t<meta property=\"article:published_time\" content=\"2026-04-08T18:42:01+00:00\" \/>\n\t\t<meta property=\"article:modified_time\" content=\"2026-04-08T18:42:01+00:00\" \/>\n\t\t<meta name=\"twitter:card\" content=\"summary_large_image\" \/>\n\t\t<meta name=\"twitter:title\" content=\"Zbi\u00f3rka dla Azylu dla Kr\u00f3lik\u00f3w w Toruniu - SP Katarzyna\" \/>\n\t\t<meta name=\"twitter:description\" content=\"Nasza szko\u0142a organizuje zbi\u00f3rk\u0119 dar\u00f3w dla Azylu dla Kr\u00f3lik\u00f3w w Toruniu. Zapraszam wszystkich uczni\u00f3w, rodzic\u00f3w i pracownik\u00f3w szko\u0142y do w\u0142\u0105czenia si\u0119 w pomoc dla uszatych podopiecznych. Zbieramy: r\u0119kawiczki nitrylowe (S i M), r\u0119czniki papierowe, proszek do prania, p\u0142yn do dezynfekcji, siano oraz suszone mieszanki zi\u00f3\u0142. Rzeczy mo\u017cna przynosi\u0107 do wyznaczonego kartonu w przedsionku szko\u0142y. Zbi\u00f3rka\" \/>\n\t\t<script type=\"application\/ld+json\" class=\"aioseo-schema\">\n\t\t\t{\"@context\":\"https:\\\/\\\/schema.org\",\"@graph\":[{\"@type\":\"BlogPosting\",\"@id\":\"https:\\\/\\\/www.spkatarzyna.pl\\\/index.php\\\/2026\\\/04\\\/08\\\/zbiorka-dla-azylu-dla-krolikow-w-toruniu\\\/#blogposting\",\"name\":\"Zbi\\u00f3rka dla Azylu dla Kr\\u00f3lik\\u00f3w w Toruniu - SP Katarzyna\",\"headline\":\"Zbi\\u00f3rka dla Azylu dla Kr\\u00f3lik\\u00f3w w Toruniu\",\"author\":{\"@id\":\"https:\\\/\\\/www.spkatarzyna.pl\\\/index.php\\\/author\\\/agatasafianspkatarzyna-pl\\\/#author\"},\"publisher\":{\"@id\":\"https:\\\/\\\/www.spkatarzyna.pl\\\/#organization\"},\"image\":{\"@type\":\"ImageObject\",\"url\":\"https:\\\/\\\/www.spkatarzyna.pl\\\/wp-content\\\/uploads\\\/2026\\\/04\\\/Projekt-bez-nazwy.jpg\",\"width\":360,\"height\":202},\"datePublished\":\"2026-04-08T18:42:01+02:00\",\"dateModified\":\"2026-04-08T18:42:01+02:00\",\"inLanguage\":\"pl-PL\",\"mainEntityOfPage\":{\"@id\":\"https:\\\/\\\/www.spkatarzyna.pl\\\/index.php\\\/2026\\\/04\\\/08\\\/zbiorka-dla-azylu-dla-krolikow-w-toruniu\\\/#webpage\"},\"isPartOf\":{\"@id\":\"https:\\\/\\\/www.spkatarzyna.pl\\\/index.php\\\/2026\\\/04\\\/08\\\/zbiorka-dla-azylu-dla-krolikow-w-toruniu\\\/#webpage\"},\"articleSection\":\"Uncategorized\"},{\"@type\":\"BreadcrumbList\",\"@id\":\"https:\\\/\\\/www.spkatarzyna.pl\\\/index.php\\\/2026\\\/04\\\/08\\\/zbiorka-dla-azylu-dla-krolikow-w-toruniu\\\/#breadcrumblist\",\"itemListElement\":[{\"@type\":\"ListItem\",\"@id\":\"https:\\\/\\\/www.spkatarzyna.pl#listItem\",\"position\":1,\"name\":\"Dom\",\"item\":\"https:\\\/\\\/www.spkatarzyna.pl\",\"nextItem\":{\"@type\":\"ListItem\",\"@id\":\"https:\\\/\\\/www.spkatarzyna.pl\\\/index.php\\\/category\\\/uncategorized\\\/#listItem\",\"name\":\"Uncategorized\"}},{\"@type\":\"ListItem\",\"@id\":\"https:\\\/\\\/www.spkatarzyna.pl\\\/index.php\\\/category\\\/uncategorized\\\/#listItem\",\"position\":2,\"name\":\"Uncategorized\",\"item\":\"https:\\\/\\\/www.spkatarzyna.pl\\\/index.php\\\/category\\\/uncategorized\\\/\",\"nextItem\":{\"@type\":\"ListItem\",\"@id\":\"https:\\\/\\\/www.spkatarzyna.pl\\\/index.php\\\/2026\\\/04\\\/08\\\/zbiorka-dla-azylu-dla-krolikow-w-toruniu\\\/#listItem\",\"name\":\"Zbi\\u00f3rka dla Azylu dla Kr\\u00f3lik\\u00f3w w Toruniu\"},\"previousItem\":{\"@type\":\"ListItem\",\"@id\":\"https:\\\/\\\/www.spkatarzyna.pl#listItem\",\"name\":\"Dom\"}},{\"@type\":\"ListItem\",\"@id\":\"https:\\\/\\\/www.spkatarzyna.pl\\\/index.php\\\/2026\\\/04\\\/08\\\/zbiorka-dla-azylu-dla-krolikow-w-toruniu\\\/#listItem\",\"position\":3,\"name\":\"Zbi\\u00f3rka dla Azylu dla Kr\\u00f3lik\\u00f3w w Toruniu\",\"previousItem\":{\"@type\":\"ListItem\",\"@id\":\"https:\\\/\\\/www.spkatarzyna.pl\\\/index.php\\\/category\\\/uncategorized\\\/#listItem\",\"name\":\"Uncategorized\"}}]},{\"@type\":\"Organization\",\"@id\":\"https:\\\/\\\/www.spkatarzyna.pl\\\/#organization\",\"name\":\"SP Katarzyna\",\"description\":\"Publiczna Szko\\u0142a Podstawowa w \\u015awi\\u0119tej Katarzynie\",\"url\":\"https:\\\/\\\/www.spkatarzyna.pl\\\/\",\"telephone\":\"+48713116378\",\"sameAs\":[\"https:\\\/\\\/facebook.com\\\/\",\"https:\\\/\\\/x.com\\\/\",\"https:\\\/\\\/instagram.com\\\/\",\"https:\\\/\\\/pinterest.com\\\/\",\"https:\\\/\\\/youtube.com\\\/\",\"https:\\\/\\\/linkedin.com\\\/in\\\/\"]},{\"@type\":\"Person\",\"@id\":\"https:\\\/\\\/www.spkatarzyna.pl\\\/index.php\\\/author\\\/agatasafianspkatarzyna-pl\\\/#author\",\"url\":\"https:\\\/\\\/www.spkatarzyna.pl\\\/index.php\\\/author\\\/agatasafianspkatarzyna-pl\\\/\",\"name\":\"Redakcja\",\"image\":{\"@type\":\"ImageObject\",\"@id\":\"https:\\\/\\\/www.spkatarzyna.pl\\\/index.php\\\/2026\\\/04\\\/08\\\/zbiorka-dla-azylu-dla-krolikow-w-toruniu\\\/#authorImage\",\"url\":\"https:\\\/\\\/secure.gravatar.com\\\/avatar\\\/765290513df94d442152250e92b42327?s=96&d=mm&r=g\",\"width\":96,\"height\":96,\"caption\":\"Redakcja\"}},{\"@type\":\"WebPage\",\"@id\":\"https:\\\/\\\/www.spkatarzyna.pl\\\/index.php\\\/2026\\\/04\\\/08\\\/zbiorka-dla-azylu-dla-krolikow-w-toruniu\\\/#webpage\",\"url\":\"https:\\\/\\\/www.spkatarzyna.pl\\\/index.php\\\/2026\\\/04\\\/08\\\/zbiorka-dla-azylu-dla-krolikow-w-toruniu\\\/\",\"name\":\"Zbi\\u00f3rka dla Azylu dla Kr\\u00f3lik\\u00f3w w Toruniu - SP Katarzyna\",\"description\":\"Nasza szko\\u0142a organizuje zbi\\u00f3rk\\u0119 dar\\u00f3w dla Azylu dla Kr\\u00f3lik\\u00f3w w Toruniu. Zapraszam wszystkich uczni\\u00f3w, rodzic\\u00f3w i pracownik\\u00f3w szko\\u0142y do w\\u0142\\u0105czenia si\\u0119 w pomoc dla uszatych podopiecznych. Zbieramy: r\\u0119kawiczki nitrylowe (S i M), r\\u0119czniki papierowe, proszek do prania, p\\u0142yn do dezynfekcji, siano oraz suszone mieszanki zi\\u00f3\\u0142. Rzeczy mo\\u017cna przynosi\\u0107 do wyznaczonego kartonu w przedsionku szko\\u0142y. Zbi\\u00f3rka\",\"inLanguage\":\"pl-PL\",\"isPartOf\":{\"@id\":\"https:\\\/\\\/www.spkatarzyna.pl\\\/#website\"},\"breadcrumb\":{\"@id\":\"https:\\\/\\\/www.spkatarzyna.pl\\\/index.php\\\/2026\\\/04\\\/08\\\/zbiorka-dla-azylu-dla-krolikow-w-toruniu\\\/#breadcrumblist\"},\"author\":{\"@id\":\"https:\\\/\\\/www.spkatarzyna.pl\\\/index.php\\\/author\\\/agatasafianspkatarzyna-pl\\\/#author\"},\"creator\":{\"@id\":\"https:\\\/\\\/www.spkatarzyna.pl\\\/index.php\\\/author\\\/agatasafianspkatarzyna-pl\\\/#author\"},\"image\":{\"@type\":\"ImageObject\",\"url\":\"https:\\\/\\\/www.spkatarzyna.pl\\\/wp-content\\\/uploads\\\/2026\\\/04\\\/Projekt-bez-nazwy.jpg\",\"@id\":\"https:\\\/\\\/www.spkatarzyna.pl\\\/index.php\\\/2026\\\/04\\\/08\\\/zbiorka-dla-azylu-dla-krolikow-w-toruniu\\\/#mainImage\",\"width\":360,\"height\":202},\"primaryImageOfPage\":{\"@id\":\"https:\\\/\\\/www.spkatarzyna.pl\\\/index.php\\\/2026\\\/04\\\/08\\\/zbiorka-dla-azylu-dla-krolikow-w-toruniu\\\/#mainImage\"},\"datePublished\":\"2026-04-08T18:42:01+02:00\",\"dateModified\":\"2026-04-08T18:42:01+02:00\"},{\"@type\":\"WebSite\",\"@id\":\"https:\\\/\\\/www.spkatarzyna.pl\\\/#website\",\"url\":\"https:\\\/\\\/www.spkatarzyna.pl\\\/\",\"name\":\"SP Katarzyna\",\"description\":\"Publiczna Szko\\u0142a Podstawowa w \\u015awi\\u0119tej Katarzynie\",\"inLanguage\":\"pl-PL\",\"publisher\":{\"@id\":\"https:\\\/\\\/www.spkatarzyna.pl\\\/#organization\"}}]}\n\t\t<\/script>\n\t\t<!-- All in One SEO -->\n\n","aioseo_head_json":{"title":"Zbi\u00f3rka dla Azylu dla Kr\u00f3lik\u00f3w w Toruniu - SP Katarzyna","description":"Nasza szko\u0142a organizuje zbi\u00f3rk\u0119 dar\u00f3w dla Azylu dla Kr\u00f3lik\u00f3w w Toruniu. Zapraszam wszystkich uczni\u00f3w, rodzic\u00f3w i pracownik\u00f3w szko\u0142y do w\u0142\u0105czenia si\u0119 w pomoc dla uszatych podopiecznych. Zbieramy: r\u0119kawiczki nitrylowe (S i M), r\u0119czniki papierowe, proszek do prania, p\u0142yn do dezynfekcji, siano oraz suszone mieszanki zi\u00f3\u0142. Rzeczy mo\u017cna przynosi\u0107 do wyznaczonego kartonu w przedsionku szko\u0142y. Zbi\u00f3rka","canonical_url":"https:\/\/www.spkatarzyna.pl\/index.php\/2026\/04\/08\/zbiorka-dla-azylu-dla-krolikow-w-toruniu\/","robots":"max-image-preview:large","keywords":"","webmasterTools":{"miscellaneous":""},"schema":{"@context":"https:\/\/schema.org","@graph":[{"@type":"BlogPosting","@id":"https:\/\/www.spkatarzyna.pl\/index.php\/2026\/04\/08\/zbiorka-dla-azylu-dla-krolikow-w-toruniu\/#blogposting","name":"Zbi\u00f3rka dla Azylu dla Kr\u00f3lik\u00f3w w Toruniu - SP Katarzyna","headline":"Zbi\u00f3rka dla Azylu dla Kr\u00f3lik\u00f3w w Toruniu","author":{"@id":"https:\/\/www.spkatarzyna.pl\/index.php\/author\/agatasafianspkatarzyna-pl\/#author"},"publisher":{"@id":"https:\/\/www.spkatarzyna.pl\/#organization"},"image":{"@type":"ImageObject","url":"https:\/\/www.spkatarzyna.pl\/wp-content\/uploads\/2026\/04\/Projekt-bez-nazwy.jpg","width":360,"height":202},"datePublished":"2026-04-08T18:42:01+02:00","dateModified":"2026-04-08T18:42:01+02:00","inLanguage":"pl-PL","mainEntityOfPage":{"@id":"https:\/\/www.spkatarzyna.pl\/index.php\/2026\/04\/08\/zbiorka-dla-azylu-dla-krolikow-w-toruniu\/#webpage"},"isPartOf":{"@id":"https:\/\/www.spkatarzyna.pl\/index.php\/2026\/04\/08\/zbiorka-dla-azylu-dla-krolikow-w-toruniu\/#webpage"},"articleSection":"Uncategorized"},{"@type":"BreadcrumbList","@id":"https:\/\/www.spkatarzyna.pl\/index.php\/2026\/04\/08\/zbiorka-dla-azylu-dla-krolikow-w-toruniu\/#breadcrumblist","itemListElement":[{"@type":"ListItem","@id":"https:\/\/www.spkatarzyna.pl#listItem","position":1,"name":"Dom","item":"https:\/\/www.spkatarzyna.pl","nextItem":{"@type":"ListItem","@id":"https:\/\/www.spkatarzyna.pl\/index.php\/category\/uncategorized\/#listItem","name":"Uncategorized"}},{"@type":"ListItem","@id":"https:\/\/www.spkatarzyna.pl\/index.php\/category\/uncategorized\/#listItem","position":2,"name":"Uncategorized","item":"https:\/\/www.spkatarzyna.pl\/index.php\/category\/uncategorized\/","nextItem":{"@type":"ListItem","@id":"https:\/\/www.spkatarzyna.pl\/index.php\/2026\/04\/08\/zbiorka-dla-azylu-dla-krolikow-w-toruniu\/#listItem","name":"Zbi\u00f3rka dla Azylu dla Kr\u00f3lik\u00f3w w Toruniu"},"previousItem":{"@type":"ListItem","@id":"https:\/\/www.spkatarzyna.pl#listItem","name":"Dom"}},{"@type":"ListItem","@id":"https:\/\/www.spkatarzyna.pl\/index.php\/2026\/04\/08\/zbiorka-dla-azylu-dla-krolikow-w-toruniu\/#listItem","position":3,"name":"Zbi\u00f3rka dla Azylu dla Kr\u00f3lik\u00f3w w Toruniu","previousItem":{"@type":"ListItem","@id":"https:\/\/www.spkatarzyna.pl\/index.php\/category\/uncategorized\/#listItem","name":"Uncategorized"}}]},{"@type":"Organization","@id":"https:\/\/www.spkatarzyna.pl\/#organization","name":"SP Katarzyna","description":"Publiczna Szko\u0142a Podstawowa w \u015awi\u0119tej Katarzynie","url":"https:\/\/www.spkatarzyna.pl\/","telephone":"+48713116378","sameAs":["https:\/\/facebook.com\/","https:\/\/x.com\/","https:\/\/instagram.com\/","https:\/\/pinterest.com\/","https:\/\/youtube.com\/","https:\/\/linkedin.com\/in\/"]},{"@type":"Person","@id":"https:\/\/www.spkatarzyna.pl\/index.php\/author\/agatasafianspkatarzyna-pl\/#author","url":"https:\/\/www.spkatarzyna.pl\/index.php\/author\/agatasafianspkatarzyna-pl\/","name":"Redakcja","image":{"@type":"ImageObject","@id":"https:\/\/www.spkatarzyna.pl\/index.php\/2026\/04\/08\/zbiorka-dla-azylu-dla-krolikow-w-toruniu\/#authorImage","url":"https:\/\/secure.gravatar.com\/avatar\/765290513df94d442152250e92b42327?s=96&d=mm&r=g","width":96,"height":96,"caption":"Redakcja"}},{"@type":"WebPage","@id":"https:\/\/www.spkatarzyna.pl\/index.php\/2026\/04\/08\/zbiorka-dla-azylu-dla-krolikow-w-toruniu\/#webpage","url":"https:\/\/www.spkatarzyna.pl\/index.php\/2026\/04\/08\/zbiorka-dla-azylu-dla-krolikow-w-toruniu\/","name":"Zbi\u00f3rka dla Azylu dla Kr\u00f3lik\u00f3w w Toruniu - SP Katarzyna","description":"Nasza szko\u0142a organizuje zbi\u00f3rk\u0119 dar\u00f3w dla Azylu dla Kr\u00f3lik\u00f3w w Toruniu. Zapraszam wszystkich uczni\u00f3w, rodzic\u00f3w i pracownik\u00f3w szko\u0142y do w\u0142\u0105czenia si\u0119 w pomoc dla uszatych podopiecznych. Zbieramy: r\u0119kawiczki nitrylowe (S i M), r\u0119czniki papierowe, proszek do prania, p\u0142yn do dezynfekcji, siano oraz suszone mieszanki zi\u00f3\u0142. Rzeczy mo\u017cna przynosi\u0107 do wyznaczonego kartonu w przedsionku szko\u0142y. Zbi\u00f3rka","inLanguage":"pl-PL","isPartOf":{"@id":"https:\/\/www.spkatarzyna.pl\/#website"},"breadcrumb":{"@id":"https:\/\/www.spkatarzyna.pl\/index.php\/2026\/04\/08\/zbiorka-dla-azylu-dla-krolikow-w-toruniu\/#breadcrumblist"},"author":{"@id":"https:\/\/www.spkatarzyna.pl\/index.php\/author\/agatasafianspkatarzyna-pl\/#author"},"creator":{"@id":"https:\/\/www.spkatarzyna.pl\/index.php\/author\/agatasafianspkatarzyna-pl\/#author"},"image":{"@type":"ImageObject","url":"https:\/\/www.spkatarzyna.pl\/wp-content\/uploads\/2026\/04\/Projekt-bez-nazwy.jpg","@id":"https:\/\/www.spkatarzyna.pl\/index.php\/2026\/04\/08\/zbiorka-dla-azylu-dla-krolikow-w-toruniu\/#mainImage","width":360,"height":202},"primaryImageOfPage":{"@id":"https:\/\/www.spkatarzyna.pl\/index.php\/2026\/04\/08\/zbiorka-dla-azylu-dla-krolikow-w-toruniu\/#mainImage"},"datePublished":"2026-04-08T18:42:01+02:00","dateModified":"2026-04-08T18:42:01+02:00"},{"@type":"WebSite","@id":"https:\/\/www.spkatarzyna.pl\/#website","url":"https:\/\/www.spkatarzyna.pl\/","name":"SP Katarzyna","description":"Publiczna Szko\u0142a Podstawowa w \u015awi\u0119tej Katarzynie","inLanguage":"pl-PL","publisher":{"@id":"https:\/\/www.spkatarzyna.pl\/#organization"}}]},"og:locale":"pl_PL","og:site_name":"SP Katarzyna - Publiczna Szko\u0142a Podstawowa w \u015awi\u0119tej Katarzynie","og:type":"article","og:title":"Zbi\u00f3rka dla Azylu dla Kr\u00f3lik\u00f3w w Toruniu - SP Katarzyna","og:description":"Nasza szko\u0142a organizuje zbi\u00f3rk\u0119 dar\u00f3w dla Azylu dla Kr\u00f3lik\u00f3w w Toruniu. Zapraszam wszystkich uczni\u00f3w, rodzic\u00f3w i pracownik\u00f3w szko\u0142y do w\u0142\u0105czenia si\u0119 w pomoc dla uszatych podopiecznych. Zbieramy: r\u0119kawiczki nitrylowe (S i M), r\u0119czniki papierowe, proszek do prania, p\u0142yn do dezynfekcji, siano oraz suszone mieszanki zi\u00f3\u0142. Rzeczy mo\u017cna przynosi\u0107 do wyznaczonego kartonu w przedsionku szko\u0142y. Zbi\u00f3rka","og:url":"https:\/\/www.spkatarzyna.pl\/index.php\/2026\/04\/08\/zbiorka-dla-azylu-dla-krolikow-w-toruniu\/","article:published_time":"2026-04-08T18:42:01+00:00","article:modified_time":"2026-04-08T18:42:01+00:00","twitter:card":"summary_large_image","twitter:title":"Zbi\u00f3rka dla Azylu dla Kr\u00f3lik\u00f3w w Toruniu - SP Katarzyna","twitter:description":"Nasza szko\u0142a organizuje zbi\u00f3rk\u0119 dar\u00f3w dla Azylu dla Kr\u00f3lik\u00f3w w Toruniu. Zapraszam wszystkich uczni\u00f3w, rodzic\u00f3w i pracownik\u00f3w szko\u0142y do w\u0142\u0105czenia si\u0119 w pomoc dla uszatych podopiecznych. Zbieramy: r\u0119kawiczki nitrylowe (S i M), r\u0119czniki papierowe, proszek do prania, p\u0142yn do dezynfekcji, siano oraz suszone mieszanki zi\u00f3\u0142. Rzeczy mo\u017cna przynosi\u0107 do wyznaczonego kartonu w przedsionku szko\u0142y. Zbi\u00f3rka"},"aioseo_meta_data":{"post_id":"19163","title":null,"description":null,"keywords":null,"keyphrases":{"focus":{"keyphrase":"","score":0,"analysis":{"keyphraseInTitle":{"score":0,"maxScore":9,"error":1}}},"additional":[]},"primary_term":null,"canonical_url":null,"og_title":null,"og_description":null,"og_object_type":"default","og_image_type":"default","og_image_url":null,"og_image_width":null,"og_image_height":null,"og_image_custom_url":null,"og_image_custom_fields":null,"og_video":"","og_custom_url":null,"og_article_section":null,"og_article_tags":null,"twitter_use_og":false,"twitter_card":"default","twitter_image_type":"default","twitter_image_url":null,"twitter_image_custom_url":null,"twitter_image_custom_fields":null,"twitter_title":null,"twitter_description":null,"schema":{"blockGraphs":[],"customGraphs":[],"default":{"data":{"Article":[],"Course":[],"Dataset":[],"FAQPage":[],"Movie":[],"Person":[],"Product":[],"ProductReview":[],"Car":[],"Recipe":[],"Service":[],"SoftwareApplication":[],"WebPage":[]},"graphName":"BlogPosting","isEnabled":true},"graphs":[]},"schema_type":"default","schema_type_options":null,"pillar_content":false,"robots_default":true,"robots_noindex":false,"robots_noarchive":false,"robots_nosnippet":false,"robots_nofollow":false,"robots_noimageindex":false,"robots_noodp":false,"robots_notranslate":false,"robots_max_snippet":"-1","robots_max_videopreview":"-1","robots_max_imagepreview":"large","priority":null,"frequency":"default","local_seo":null,"limit_modified_date":false,"created":"2026-04-08 18:42:01","updated":"2026-09-03 17:56:21","focus_keyword":null,"additional_keywords":null,"truseo_locale":null,"ai":null,"breadcrumb_settings":null,"seo_analyzer_scan_date":null},"aioseo_breadcrumb":"<div class=\"aioseo-breadcrumbs\"><span class=\"aioseo-breadcrumb\">\n\t\t\t<a href=\"https:\/\/www.spkatarzyna.pl\" title=\"Dom\">Dom<\/a>\n\t\t<\/span><span class=\"aioseo-breadcrumb-separator\">&raquo;<\/span><span class=\"aioseo-breadcrumb\">\n\t\t\t<a href=\"https:\/\/www.spkatarzyna.pl\/index.php\/category\/uncategorized\/\" title=\"Uncategorized\">Uncategorized<\/a>\n\t\t<\/span><span class=\"aioseo-breadcrumb-separator\">&raquo;<\/span><span class=\"aioseo-breadcrumb\">\n\t\t\tZbi\u00f3rka dla Azylu dla Kr\u00f3lik\u00f3w w Toruniu\n\t\t<\/span><\/div>","aioseo_breadcrumb_json":[{"label":"Dom","link":"https:\/\/www.spkatarzyna.pl"},{"label":"Uncategorized","link":"https:\/\/www.spkatarzyna.pl\/index.php\/category\/uncategorized\/"},{"label":"Zbi\u00f3rka dla Azylu dla Kr\u00f3lik\u00f3w w Toruniu","link":"https:\/\/www.spkatarzyna.pl\/index.php\/2026\/04\/08\/zbiorka-dla-azylu-dla-krolikow-w-toruniu\/"}],"_links":{"self":[{"href":"https:\/\/www.spkatarzyna.pl\/index.php\/wp-json\/wp\/v2\/posts\/19163","targetHints":{"allow":["GET"]}}],"collection":[{"href":"https:\/\/www.spkatarzyna.pl\/index.php\/wp-json\/wp\/v2\/posts"}],"about":[{"href":"https:\/\/www.spkatarzyna.pl\/index.php\/wp-json\/wp\/v2\/types\/post"}],"author":[{"embeddable":true,"href":"https:\/\/www.spkatarzyna.pl\/index.php\/wp-json\/wp\/v2\/users\/6"}],"replies":[{"embeddable":true,"href":"https:\/\/www.spkatarzyna.pl\/index.php\/wp-json\/wp\/v2\/comments?post=19163"}],"version-history":[{"count":1,"href":"https:\/\/www.spkatarzyna.pl\/index.php\/wp-json\/wp\/v2\/posts\/19163\/revisions"}],"predecessor-version":[{"id":19166,"href":"https:\/\/www.spkatarzyna.pl\/index.php\/wp-json\/wp\/v2\/posts\/19163\/revisions\/19166"}],"wp:featuredmedia":[{"embeddable":true,"href":"https:\/\/www.spkatarzyna.pl\/index.php\/wp-json\/wp\/v2\/media\/19165"}],"wp:attachment":[{"href":"https:\/\/www.spkatarzyna.pl\/index.php\/wp-json\/wp\/v2\/media?parent=19163"}],"wp:term":[{"taxonomy":"category","embeddable":true,"href":"https:\/\/www.spkatarzyna.pl\/index.php\/wp-json\/wp\/v2\/categories?post=19163"},{"taxonomy":"post_tag","embeddable":true,"href":"https:\/\/www.spkatarzyna.pl\/index.php\/wp-json\/wp\/v2\/tags?post=19163"}],"curies":[{"name":"wp","href":"https:\/\/api.w.org\/{rel}","templated":true}]}}