{"id":19199,"date":"2026-04-16T23:27:56","date_gmt":"2026-04-16T21:27:56","guid":{"rendered":"https:\/\/www.spkatarzyna.pl\/?p=19199"},"modified":"2026-04-16T23:50:37","modified_gmt":"2026-04-16T21:50:37","slug":"szkolny-konkurs-recytatorski-2","status":"publish","type":"post","link":"https:\/\/www.spkatarzyna.pl\/index.php\/2026\/04\/16\/szkolny-konkurs-recytatorski-2\/","title":{"rendered":"Szkolny Konkurs Recytatorski"},"content":{"rendered":"\t\t<div data-elementor-type=\"wp-post\" data-elementor-id=\"19199\" class=\"elementor elementor-19199\">\n\t\t\t\t<div class=\"elementor-element elementor-element-388cb884 e-flex e-con-boxed e-con e-parent\" data-id=\"388cb884\" data-element_type=\"container\">\n\t\t\t\t\t<div class=\"e-con-inner\">\n\t\t\t\t<div class=\"elementor-element elementor-element-35d68c79 elementor-widget elementor-widget-text-editor\" data-id=\"35d68c79\" data-element_type=\"widget\" data-widget_type=\"text-editor.default\">\n\t\t\t\t\t\t\t\t\t<p style=\"text-align: justify;\"><span style=\"font-size: 14pt;\">Dnia 16 kwietnia odby\u0142 si\u0119 Szkolny Konkurs Recytatorski w klasach 1-3. Uczestnicy przygotowali wiersze o tematyce szko\u0142y. <\/span><br><span style=\"font-size: 14pt;\">Zwyci\u0119\u017cyli:<\/span><br><span style=\"font-size: 14pt;\">Barbara Bra\u0144ka 1b<\/span><br><span style=\"font-size: 14pt;\">Adam Moczulski 3d<\/span><br><span style=\"font-size: 14pt;\">Emilia Jasi\u0144ska 3b<\/span><br><span style=\"font-size: 14pt;\">Wyr\u00f3\u017cnienia:<\/span><br><span style=\"font-size: 14pt;\">Cezary Gal 1a<\/span><br><span style=\"font-size: 14pt;\">Bart\u0142omiej Kubiczek 1c<\/span><br><span style=\"font-size: 14pt;\">Lena Karbowska 3c<\/span><span style=\"font-size: 14pt;\"><br><\/span><\/p><p style=\"text-align: justify;\"><span style=\"font-size: 14pt;\">Gratulujemy wszystkim uczestnikom!<\/span><\/p><p style=\"text-align: justify;\"><span style=\"font-size: 14pt;\">Dodatkowe wyr\u00f3\u017cnienie dosta\u0142y osoby, kt\u00f3re mia\u0142y wiersze autorskie o naszej szkole. Wiersze zostan\u0105 opublikowane na stronie szko\u0142y.<\/span><\/p><p style=\"text-align: justify;\"><span style=\"font-size: 14pt;\">Gratulujemy ! <\/span><br><span style=\"font-size: 14pt;\">Iwona Wierzbicka<\/span><br><span style=\"font-size: 14pt;\">Paulina Witkowska<\/span><\/p>\t\t\t\t\t\t\t\t<\/div>\n\t\t\t\t<div class=\"elementor-element elementor-element-a04bf62 elementor-widget elementor-widget-image-gallery\" data-id=\"a04bf62\" data-element_type=\"widget\" data-widget_type=\"image-gallery.default\">\n\t\t\t\t\t\t\t<div class=\"elementor-image-gallery\">\n\t\t\t\n\t\t<div id='gallery-1' class='gallery galleryid-19199 gallery-columns-5 gallery-size-thumbnail gallery1'><script type=\"text\/javascript\">\n\/\/ <![CDATA[\n\tjQuery(document).ready(function () {\n\t\tjQuery(\".gallery1 a\").attr(\"rel\",\"gallery1\");\t\n\t\tjQuery('a[rel=\"gallery1\"]').colorbox({title: function(){ return jQuery(this).children().attr(\"alt\"); }});\n\t});\n\/\/ ]]>\n<\/script>\n<dl class=\"gallery-item\">\n<dt class=\"gallery-icon\">\n<a href=\"https:\/\/www.spkatarzyna.pl\/wp-content\/uploads\/2026\/04\/PHOTO-2026-04-16-10-41-53-225x300.jpg\" title=\"\" rel=\"gallery1\" rel=\"lightbox[19199]\"><img decoding=\"async\" src=\"https:\/\/www.spkatarzyna.pl\/wp-content\/uploads\/2026\/04\/PHOTO-2026-04-16-10-41-53-150x150.jpg\" width=\"150\" height=\"150\" alt=\"\" \/><\/a>\n<\/dt><\/dl><dl class=\"gallery-item\">\n<dt class=\"gallery-icon\">\n<a href=\"https:\/\/www.spkatarzyna.pl\/wp-content\/uploads\/2026\/04\/PHOTO-2026-04-16-10-41-54-225x300.jpg\" title=\"\" rel=\"gallery1\" rel=\"lightbox[19199]\"><img decoding=\"async\" src=\"https:\/\/www.spkatarzyna.pl\/wp-content\/uploads\/2026\/04\/PHOTO-2026-04-16-10-41-54-150x150.jpg\" width=\"150\" height=\"150\" alt=\"\" \/><\/a>\n<\/dt><\/dl><dl class=\"gallery-item\">\n<dt class=\"gallery-icon\">\n<a href=\"https:\/\/www.spkatarzyna.pl\/wp-content\/uploads\/2026\/04\/PHOTO-2026-04-16-10-41-56-225x300.jpg\" title=\"\" rel=\"gallery1\" rel=\"lightbox[19199]\"><img decoding=\"async\" src=\"https:\/\/www.spkatarzyna.pl\/wp-content\/uploads\/2026\/04\/PHOTO-2026-04-16-10-41-56-150x150.jpg\" width=\"150\" height=\"150\" alt=\"\" \/><\/a>\n<\/dt><\/dl><dl class=\"gallery-item\">\n<dt class=\"gallery-icon\">\n<a href=\"https:\/\/www.spkatarzyna.pl\/wp-content\/uploads\/2026\/04\/PHOTO-2026-04-16-10-41-57-2-225x300.jpg\" title=\"\" rel=\"gallery1\" rel=\"lightbox[19199]\"><img loading=\"lazy\" decoding=\"async\" src=\"https:\/\/www.spkatarzyna.pl\/wp-content\/uploads\/2026\/04\/PHOTO-2026-04-16-10-41-57-2-150x150.jpg\" width=\"150\" height=\"150\" alt=\"\" \/><\/a>\n<\/dt><\/dl><dl class=\"gallery-item\">\n<dt class=\"gallery-icon\">\n<a href=\"https:\/\/www.spkatarzyna.pl\/wp-content\/uploads\/2026\/04\/PHOTO-2026-04-16-10-41-57-3-225x300.jpg\" title=\"\" rel=\"gallery1\" rel=\"lightbox[19199]\"><img loading=\"lazy\" decoding=\"async\" src=\"https:\/\/www.spkatarzyna.pl\/wp-content\/uploads\/2026\/04\/PHOTO-2026-04-16-10-41-57-3-150x150.jpg\" width=\"150\" height=\"150\" alt=\"\" \/><\/a>\n<\/dt><\/dl><br style=\"clear: both\" \/><dl class=\"gallery-item\">\n<dt class=\"gallery-icon\">\n<a href=\"https:\/\/www.spkatarzyna.pl\/wp-content\/uploads\/2026\/04\/PHOTO-2026-04-16-10-41-57-4-225x300.jpg\" title=\"\" rel=\"gallery1\" rel=\"lightbox[19199]\"><img loading=\"lazy\" decoding=\"async\" src=\"https:\/\/www.spkatarzyna.pl\/wp-content\/uploads\/2026\/04\/PHOTO-2026-04-16-10-41-57-4-150x150.jpg\" width=\"150\" height=\"150\" alt=\"\" \/><\/a>\n<\/dt><\/dl><dl class=\"gallery-item\">\n<dt class=\"gallery-icon\">\n<a href=\"https:\/\/www.spkatarzyna.pl\/wp-content\/uploads\/2026\/04\/PHOTO-2026-04-16-10-41-57-5-300x225.jpg\" title=\"\" rel=\"gallery1\" rel=\"lightbox[19199]\"><img loading=\"lazy\" decoding=\"async\" src=\"https:\/\/www.spkatarzyna.pl\/wp-content\/uploads\/2026\/04\/PHOTO-2026-04-16-10-41-57-5-150x150.jpg\" width=\"150\" height=\"150\" alt=\"\" \/><\/a>\n<\/dt><\/dl><dl class=\"gallery-item\">\n<dt class=\"gallery-icon\">\n<a href=\"https:\/\/www.spkatarzyna.pl\/wp-content\/uploads\/2026\/04\/PHOTO-2026-04-16-10-41-57-6-300x225.jpg\" title=\"\" rel=\"gallery1\" rel=\"lightbox[19199]\"><img loading=\"lazy\" decoding=\"async\" src=\"https:\/\/www.spkatarzyna.pl\/wp-content\/uploads\/2026\/04\/PHOTO-2026-04-16-10-41-57-6-150x150.jpg\" width=\"150\" height=\"150\" alt=\"\" \/><\/a>\n<\/dt><\/dl><dl class=\"gallery-item\">\n<dt class=\"gallery-icon\">\n<a href=\"https:\/\/www.spkatarzyna.pl\/wp-content\/uploads\/2026\/04\/PHOTO-2026-04-16-10-41-57-7-225x300.jpg\" title=\"\" rel=\"gallery1\" rel=\"lightbox[19199]\"><img loading=\"lazy\" decoding=\"async\" src=\"https:\/\/www.spkatarzyna.pl\/wp-content\/uploads\/2026\/04\/PHOTO-2026-04-16-10-41-57-7-150x150.jpg\" width=\"150\" height=\"150\" alt=\"\" \/><\/a>\n<\/dt><\/dl><dl class=\"gallery-item\">\n<dt class=\"gallery-icon\">\n<a href=\"https:\/\/www.spkatarzyna.pl\/wp-content\/uploads\/2026\/04\/PHOTO-2026-04-16-10-41-57-225x300.jpg\" title=\"\" rel=\"gallery1\" rel=\"lightbox[19199]\"><img loading=\"lazy\" decoding=\"async\" src=\"https:\/\/www.spkatarzyna.pl\/wp-content\/uploads\/2026\/04\/PHOTO-2026-04-16-10-41-57-150x150.jpg\" width=\"150\" height=\"150\" alt=\"\" \/><\/a>\n<\/dt><\/dl><br style=\"clear: both\" \/><br style=\"clear: both\" \/><\/div>\t\t<\/div>\n\t\t\t\t\t\t<\/div>\n\t\t\t\t<div class=\"elementor-element elementor-element-70752b1 elementor-widget elementor-widget-video\" data-id=\"70752b1\" data-element_type=\"widget\" data-settings=\"{&quot;youtube_url&quot;:&quot;https:\\\/\\\/www.youtube.com\\\/shorts\\\/Ku96q3nLmkI?app=desktop&amp;feature=shared&quot;,&quot;video_type&quot;:&quot;youtube&quot;,&quot;controls&quot;:&quot;yes&quot;}\" data-widget_type=\"video.default\">\n\t\t\t\t\t\t\t<div class=\"elementor-wrapper elementor-open-inline\">\n\t\t\t<div class=\"elementor-video\"><\/div>\t\t<\/div>\n\t\t\t\t\t\t<\/div>\n\t\t\t\t\t<\/div>\n\t\t\t\t<\/div>\n\t\t\t\t<\/div>\n\t\t","protected":false},"excerpt":{"rendered":"<p>Dnia 16 kwietnia odby\u0142 si\u0119 Szkolny Konkurs Recytatorski w klasach 1-3. Uczestnicy przygotowali wiersze o tematyce szko\u0142y. Zwyci\u0119\u017cyli: Barbara Bra\u0144ka 1b Adam Moczulski 3d Emilia Jasi\u0144ska 3b Wyr\u00f3\u017cnienia: Cezary Gal 1a Bart\u0142omiej Kubiczek 1c Lena Karbowska 3c Gratulujemy wszystkim uczestnikom! Dodatkowe wyr\u00f3\u017cnienie dosta\u0142y osoby, kt\u00f3re mia\u0142y wiersze autorskie o naszej [&hellip;]<\/p>\n","protected":false},"author":6,"featured_media":19200,"comment_status":"open","ping_status":"open","sticky":false,"template":"","format":"standard","meta":{"om_disable_all_campaigns":false,"_monsterinsights_skip_tracking":false,"ngg_post_thumbnail":0,"footnotes":""},"categories":[1],"tags":[],"class_list":["post-19199","post","type-post","status-publish","format-standard","has-post-thumbnail","hentry","category-uncategorized"],"aioseo_notices":[],"aioseo_head":"\n\t\t<!-- All in One SEO 5.0.1.1 - aioseo.com -->\n\t<meta name=\"description\" content=\"Dnia 16 kwietnia odby\u0142 si\u0119 Szkolny Konkurs Recytatorski w klasach 1-3. Uczestnicy przygotowali wiersze o tematyce szko\u0142y. Zwyci\u0119\u017cyli:Barbara Bra\u0144ka 1bAdam Moczulski 3dEmilia Jasi\u0144ska 3bWyr\u00f3\u017cnienia:Cezary Gal 1aBart\u0142omiej Kubiczek 1cLena Karbowska 3cGratulujemy wszystkim uczestnikom!Dodatkowe wyr\u00f3\u017cnienie dosta\u0142y osoby, kt\u00f3re mia\u0142y wiersze autorskie o naszej szkole. Wiersze zostan\u0105 opublikowane na stronie szko\u0142y.Gratulujemy ! Iwona WierzbickaPaulina Witkowska\" \/>\n\t<meta name=\"robots\" content=\"max-image-preview:large\" \/>\n\t<meta name=\"author\" content=\"Redakcja\"\/>\n\t<link rel=\"canonical\" href=\"https:\/\/www.spkatarzyna.pl\/index.php\/2026\/04\/16\/szkolny-konkurs-recytatorski-2\/\" \/>\n\t<meta name=\"generator\" content=\"All in One SEO (AIOSEO) 5.0.1.1\" \/>\n\t\t<meta property=\"og:locale\" content=\"pl_PL\" \/>\n\t\t<meta property=\"og:site_name\" content=\"SP Katarzyna - Publiczna Szko\u0142a Podstawowa w \u015awi\u0119tej Katarzynie\" \/>\n\t\t<meta property=\"og:type\" content=\"article\" \/>\n\t\t<meta property=\"og:title\" content=\"Szkolny Konkurs Recytatorski - SP Katarzyna\" \/>\n\t\t<meta property=\"og:description\" content=\"Dnia 16 kwietnia odby\u0142 si\u0119 Szkolny Konkurs Recytatorski w klasach 1-3. Uczestnicy przygotowali wiersze o tematyce szko\u0142y. Zwyci\u0119\u017cyli:Barbara Bra\u0144ka 1bAdam Moczulski 3dEmilia Jasi\u0144ska 3bWyr\u00f3\u017cnienia:Cezary Gal 1aBart\u0142omiej Kubiczek 1cLena Karbowska 3cGratulujemy wszystkim uczestnikom!Dodatkowe wyr\u00f3\u017cnienie dosta\u0142y osoby, kt\u00f3re mia\u0142y wiersze autorskie o naszej szkole. Wiersze zostan\u0105 opublikowane na stronie szko\u0142y.Gratulujemy ! Iwona WierzbickaPaulina Witkowska\" \/>\n\t\t<meta property=\"og:url\" content=\"https:\/\/www.spkatarzyna.pl\/index.php\/2026\/04\/16\/szkolny-konkurs-recytatorski-2\/\" \/>\n\t\t<meta property=\"article:published_time\" content=\"2026-04-16T21:27:56+00:00\" \/>\n\t\t<meta property=\"article:modified_time\" content=\"2026-04-16T21:50:37+00:00\" \/>\n\t\t<meta name=\"twitter:card\" content=\"summary_large_image\" \/>\n\t\t<meta name=\"twitter:title\" content=\"Szkolny Konkurs Recytatorski - SP Katarzyna\" \/>\n\t\t<meta name=\"twitter:description\" content=\"Dnia 16 kwietnia odby\u0142 si\u0119 Szkolny Konkurs Recytatorski w klasach 1-3. Uczestnicy przygotowali wiersze o tematyce szko\u0142y. Zwyci\u0119\u017cyli:Barbara Bra\u0144ka 1bAdam Moczulski 3dEmilia Jasi\u0144ska 3bWyr\u00f3\u017cnienia:Cezary Gal 1aBart\u0142omiej Kubiczek 1cLena Karbowska 3cGratulujemy wszystkim uczestnikom!Dodatkowe wyr\u00f3\u017cnienie dosta\u0142y osoby, kt\u00f3re mia\u0142y wiersze autorskie o naszej szkole. Wiersze zostan\u0105 opublikowane na stronie szko\u0142y.Gratulujemy ! Iwona WierzbickaPaulina Witkowska\" \/>\n\t\t<script type=\"application\/ld+json\" class=\"aioseo-schema\">\n\t\t\t{\"@context\":\"https:\\\/\\\/schema.org\",\"@graph\":[{\"@type\":\"BlogPosting\",\"@id\":\"https:\\\/\\\/www.spkatarzyna.pl\\\/index.php\\\/2026\\\/04\\\/16\\\/szkolny-konkurs-recytatorski-2\\\/#blogposting\",\"name\":\"Szkolny Konkurs Recytatorski - SP Katarzyna\",\"headline\":\"Szkolny Konkurs Recytatorski\",\"author\":{\"@id\":\"https:\\\/\\\/www.spkatarzyna.pl\\\/index.php\\\/author\\\/agatasafianspkatarzyna-pl\\\/#author\"},\"publisher\":{\"@id\":\"https:\\\/\\\/www.spkatarzyna.pl\\\/#organization\"},\"image\":{\"@type\":\"ImageObject\",\"url\":\"https:\\\/\\\/www.spkatarzyna.pl\\\/wp-content\\\/uploads\\\/2026\\\/04\\\/PHOTO-2026-04-16-10-41-57-6-2.jpg\",\"width\":360,\"height\":202},\"datePublished\":\"2026-04-16T23:27:56+02:00\",\"dateModified\":\"2026-04-16T23:50:37+02:00\",\"inLanguage\":\"pl-PL\",\"mainEntityOfPage\":{\"@id\":\"https:\\\/\\\/www.spkatarzyna.pl\\\/index.php\\\/2026\\\/04\\\/16\\\/szkolny-konkurs-recytatorski-2\\\/#webpage\"},\"isPartOf\":{\"@id\":\"https:\\\/\\\/www.spkatarzyna.pl\\\/index.php\\\/2026\\\/04\\\/16\\\/szkolny-konkurs-recytatorski-2\\\/#webpage\"},\"articleSection\":\"Uncategorized\"},{\"@type\":\"BreadcrumbList\",\"@id\":\"https:\\\/\\\/www.spkatarzyna.pl\\\/index.php\\\/2026\\\/04\\\/16\\\/szkolny-konkurs-recytatorski-2\\\/#breadcrumblist\",\"itemListElement\":[{\"@type\":\"ListItem\",\"@id\":\"https:\\\/\\\/www.spkatarzyna.pl#listItem\",\"position\":1,\"name\":\"Dom\",\"item\":\"https:\\\/\\\/www.spkatarzyna.pl\",\"nextItem\":{\"@type\":\"ListItem\",\"@id\":\"https:\\\/\\\/www.spkatarzyna.pl\\\/index.php\\\/category\\\/uncategorized\\\/#listItem\",\"name\":\"Uncategorized\"}},{\"@type\":\"ListItem\",\"@id\":\"https:\\\/\\\/www.spkatarzyna.pl\\\/index.php\\\/category\\\/uncategorized\\\/#listItem\",\"position\":2,\"name\":\"Uncategorized\",\"item\":\"https:\\\/\\\/www.spkatarzyna.pl\\\/index.php\\\/category\\\/uncategorized\\\/\",\"nextItem\":{\"@type\":\"ListItem\",\"@id\":\"https:\\\/\\\/www.spkatarzyna.pl\\\/index.php\\\/2026\\\/04\\\/16\\\/szkolny-konkurs-recytatorski-2\\\/#listItem\",\"name\":\"Szkolny Konkurs Recytatorski\"},\"previousItem\":{\"@type\":\"ListItem\",\"@id\":\"https:\\\/\\\/www.spkatarzyna.pl#listItem\",\"name\":\"Dom\"}},{\"@type\":\"ListItem\",\"@id\":\"https:\\\/\\\/www.spkatarzyna.pl\\\/index.php\\\/2026\\\/04\\\/16\\\/szkolny-konkurs-recytatorski-2\\\/#listItem\",\"position\":3,\"name\":\"Szkolny Konkurs Recytatorski\",\"previousItem\":{\"@type\":\"ListItem\",\"@id\":\"https:\\\/\\\/www.spkatarzyna.pl\\\/index.php\\\/category\\\/uncategorized\\\/#listItem\",\"name\":\"Uncategorized\"}}]},{\"@type\":\"Organization\",\"@id\":\"https:\\\/\\\/www.spkatarzyna.pl\\\/#organization\",\"name\":\"SP Katarzyna\",\"description\":\"Publiczna Szko\\u0142a Podstawowa w \\u015awi\\u0119tej Katarzynie\",\"url\":\"https:\\\/\\\/www.spkatarzyna.pl\\\/\",\"telephone\":\"+48713116378\",\"sameAs\":[\"https:\\\/\\\/facebook.com\\\/\",\"https:\\\/\\\/x.com\\\/\",\"https:\\\/\\\/instagram.com\\\/\",\"https:\\\/\\\/pinterest.com\\\/\",\"https:\\\/\\\/youtube.com\\\/\",\"https:\\\/\\\/linkedin.com\\\/in\\\/\"]},{\"@type\":\"Person\",\"@id\":\"https:\\\/\\\/www.spkatarzyna.pl\\\/index.php\\\/author\\\/agatasafianspkatarzyna-pl\\\/#author\",\"url\":\"https:\\\/\\\/www.spkatarzyna.pl\\\/index.php\\\/author\\\/agatasafianspkatarzyna-pl\\\/\",\"name\":\"Redakcja\",\"image\":{\"@type\":\"ImageObject\",\"@id\":\"https:\\\/\\\/www.spkatarzyna.pl\\\/index.php\\\/2026\\\/04\\\/16\\\/szkolny-konkurs-recytatorski-2\\\/#authorImage\",\"url\":\"https:\\\/\\\/secure.gravatar.com\\\/avatar\\\/765290513df94d442152250e92b42327?s=96&d=mm&r=g\",\"width\":96,\"height\":96,\"caption\":\"Redakcja\"}},{\"@type\":\"WebPage\",\"@id\":\"https:\\\/\\\/www.spkatarzyna.pl\\\/index.php\\\/2026\\\/04\\\/16\\\/szkolny-konkurs-recytatorski-2\\\/#webpage\",\"url\":\"https:\\\/\\\/www.spkatarzyna.pl\\\/index.php\\\/2026\\\/04\\\/16\\\/szkolny-konkurs-recytatorski-2\\\/\",\"name\":\"Szkolny Konkurs Recytatorski - SP Katarzyna\",\"description\":\"Dnia 16 kwietnia odby\\u0142 si\\u0119 Szkolny Konkurs Recytatorski w klasach 1-3. Uczestnicy przygotowali wiersze o tematyce szko\\u0142y. Zwyci\\u0119\\u017cyli:Barbara Bra\\u0144ka 1bAdam Moczulski 3dEmilia Jasi\\u0144ska 3bWyr\\u00f3\\u017cnienia:Cezary Gal 1aBart\\u0142omiej Kubiczek 1cLena Karbowska 3cGratulujemy wszystkim uczestnikom!Dodatkowe wyr\\u00f3\\u017cnienie dosta\\u0142y osoby, kt\\u00f3re mia\\u0142y wiersze autorskie o naszej szkole. Wiersze zostan\\u0105 opublikowane na stronie szko\\u0142y.Gratulujemy ! Iwona WierzbickaPaulina Witkowska\",\"inLanguage\":\"pl-PL\",\"isPartOf\":{\"@id\":\"https:\\\/\\\/www.spkatarzyna.pl\\\/#website\"},\"breadcrumb\":{\"@id\":\"https:\\\/\\\/www.spkatarzyna.pl\\\/index.php\\\/2026\\\/04\\\/16\\\/szkolny-konkurs-recytatorski-2\\\/#breadcrumblist\"},\"author\":{\"@id\":\"https:\\\/\\\/www.spkatarzyna.pl\\\/index.php\\\/author\\\/agatasafianspkatarzyna-pl\\\/#author\"},\"creator\":{\"@id\":\"https:\\\/\\\/www.spkatarzyna.pl\\\/index.php\\\/author\\\/agatasafianspkatarzyna-pl\\\/#author\"},\"image\":{\"@type\":\"ImageObject\",\"url\":\"https:\\\/\\\/www.spkatarzyna.pl\\\/wp-content\\\/uploads\\\/2026\\\/04\\\/PHOTO-2026-04-16-10-41-57-6-2.jpg\",\"@id\":\"https:\\\/\\\/www.spkatarzyna.pl\\\/index.php\\\/2026\\\/04\\\/16\\\/szkolny-konkurs-recytatorski-2\\\/#mainImage\",\"width\":360,\"height\":202},\"primaryImageOfPage\":{\"@id\":\"https:\\\/\\\/www.spkatarzyna.pl\\\/index.php\\\/2026\\\/04\\\/16\\\/szkolny-konkurs-recytatorski-2\\\/#mainImage\"},\"datePublished\":\"2026-04-16T23:27:56+02:00\",\"dateModified\":\"2026-04-16T23:50:37+02:00\"},{\"@type\":\"WebSite\",\"@id\":\"https:\\\/\\\/www.spkatarzyna.pl\\\/#website\",\"url\":\"https:\\\/\\\/www.spkatarzyna.pl\\\/\",\"name\":\"SP Katarzyna\",\"description\":\"Publiczna Szko\\u0142a Podstawowa w \\u015awi\\u0119tej Katarzynie\",\"inLanguage\":\"pl-PL\",\"publisher\":{\"@id\":\"https:\\\/\\\/www.spkatarzyna.pl\\\/#organization\"}}]}\n\t\t<\/script>\n\t\t<!-- All in One SEO -->\n\n","aioseo_head_json":{"title":"Szkolny Konkurs Recytatorski - SP Katarzyna","description":"Dnia 16 kwietnia odby\u0142 si\u0119 Szkolny Konkurs Recytatorski w klasach 1-3. Uczestnicy przygotowali wiersze o tematyce szko\u0142y. Zwyci\u0119\u017cyli:Barbara Bra\u0144ka 1bAdam Moczulski 3dEmilia Jasi\u0144ska 3bWyr\u00f3\u017cnienia:Cezary Gal 1aBart\u0142omiej Kubiczek 1cLena Karbowska 3cGratulujemy wszystkim uczestnikom!Dodatkowe wyr\u00f3\u017cnienie dosta\u0142y osoby, kt\u00f3re mia\u0142y wiersze autorskie o naszej szkole. Wiersze zostan\u0105 opublikowane na stronie szko\u0142y.Gratulujemy ! Iwona WierzbickaPaulina Witkowska","canonical_url":"https:\/\/www.spkatarzyna.pl\/index.php\/2026\/04\/16\/szkolny-konkurs-recytatorski-2\/","robots":"max-image-preview:large","keywords":"","webmasterTools":{"miscellaneous":""},"schema":{"@context":"https:\/\/schema.org","@graph":[{"@type":"BlogPosting","@id":"https:\/\/www.spkatarzyna.pl\/index.php\/2026\/04\/16\/szkolny-konkurs-recytatorski-2\/#blogposting","name":"Szkolny Konkurs Recytatorski - SP Katarzyna","headline":"Szkolny Konkurs Recytatorski","author":{"@id":"https:\/\/www.spkatarzyna.pl\/index.php\/author\/agatasafianspkatarzyna-pl\/#author"},"publisher":{"@id":"https:\/\/www.spkatarzyna.pl\/#organization"},"image":{"@type":"ImageObject","url":"https:\/\/www.spkatarzyna.pl\/wp-content\/uploads\/2026\/04\/PHOTO-2026-04-16-10-41-57-6-2.jpg","width":360,"height":202},"datePublished":"2026-04-16T23:27:56+02:00","dateModified":"2026-04-16T23:50:37+02:00","inLanguage":"pl-PL","mainEntityOfPage":{"@id":"https:\/\/www.spkatarzyna.pl\/index.php\/2026\/04\/16\/szkolny-konkurs-recytatorski-2\/#webpage"},"isPartOf":{"@id":"https:\/\/www.spkatarzyna.pl\/index.php\/2026\/04\/16\/szkolny-konkurs-recytatorski-2\/#webpage"},"articleSection":"Uncategorized"},{"@type":"BreadcrumbList","@id":"https:\/\/www.spkatarzyna.pl\/index.php\/2026\/04\/16\/szkolny-konkurs-recytatorski-2\/#breadcrumblist","itemListElement":[{"@type":"ListItem","@id":"https:\/\/www.spkatarzyna.pl#listItem","position":1,"name":"Dom","item":"https:\/\/www.spkatarzyna.pl","nextItem":{"@type":"ListItem","@id":"https:\/\/www.spkatarzyna.pl\/index.php\/category\/uncategorized\/#listItem","name":"Uncategorized"}},{"@type":"ListItem","@id":"https:\/\/www.spkatarzyna.pl\/index.php\/category\/uncategorized\/#listItem","position":2,"name":"Uncategorized","item":"https:\/\/www.spkatarzyna.pl\/index.php\/category\/uncategorized\/","nextItem":{"@type":"ListItem","@id":"https:\/\/www.spkatarzyna.pl\/index.php\/2026\/04\/16\/szkolny-konkurs-recytatorski-2\/#listItem","name":"Szkolny Konkurs Recytatorski"},"previousItem":{"@type":"ListItem","@id":"https:\/\/www.spkatarzyna.pl#listItem","name":"Dom"}},{"@type":"ListItem","@id":"https:\/\/www.spkatarzyna.pl\/index.php\/2026\/04\/16\/szkolny-konkurs-recytatorski-2\/#listItem","position":3,"name":"Szkolny Konkurs Recytatorski","previousItem":{"@type":"ListItem","@id":"https:\/\/www.spkatarzyna.pl\/index.php\/category\/uncategorized\/#listItem","name":"Uncategorized"}}]},{"@type":"Organization","@id":"https:\/\/www.spkatarzyna.pl\/#organization","name":"SP Katarzyna","description":"Publiczna Szko\u0142a Podstawowa w \u015awi\u0119tej Katarzynie","url":"https:\/\/www.spkatarzyna.pl\/","telephone":"+48713116378","sameAs":["https:\/\/facebook.com\/","https:\/\/x.com\/","https:\/\/instagram.com\/","https:\/\/pinterest.com\/","https:\/\/youtube.com\/","https:\/\/linkedin.com\/in\/"]},{"@type":"Person","@id":"https:\/\/www.spkatarzyna.pl\/index.php\/author\/agatasafianspkatarzyna-pl\/#author","url":"https:\/\/www.spkatarzyna.pl\/index.php\/author\/agatasafianspkatarzyna-pl\/","name":"Redakcja","image":{"@type":"ImageObject","@id":"https:\/\/www.spkatarzyna.pl\/index.php\/2026\/04\/16\/szkolny-konkurs-recytatorski-2\/#authorImage","url":"https:\/\/secure.gravatar.com\/avatar\/765290513df94d442152250e92b42327?s=96&d=mm&r=g","width":96,"height":96,"caption":"Redakcja"}},{"@type":"WebPage","@id":"https:\/\/www.spkatarzyna.pl\/index.php\/2026\/04\/16\/szkolny-konkurs-recytatorski-2\/#webpage","url":"https:\/\/www.spkatarzyna.pl\/index.php\/2026\/04\/16\/szkolny-konkurs-recytatorski-2\/","name":"Szkolny Konkurs Recytatorski - SP Katarzyna","description":"Dnia 16 kwietnia odby\u0142 si\u0119 Szkolny Konkurs Recytatorski w klasach 1-3. Uczestnicy przygotowali wiersze o tematyce szko\u0142y. Zwyci\u0119\u017cyli:Barbara Bra\u0144ka 1bAdam Moczulski 3dEmilia Jasi\u0144ska 3bWyr\u00f3\u017cnienia:Cezary Gal 1aBart\u0142omiej Kubiczek 1cLena Karbowska 3cGratulujemy wszystkim uczestnikom!Dodatkowe wyr\u00f3\u017cnienie dosta\u0142y osoby, kt\u00f3re mia\u0142y wiersze autorskie o naszej szkole. Wiersze zostan\u0105 opublikowane na stronie szko\u0142y.Gratulujemy ! Iwona WierzbickaPaulina Witkowska","inLanguage":"pl-PL","isPartOf":{"@id":"https:\/\/www.spkatarzyna.pl\/#website"},"breadcrumb":{"@id":"https:\/\/www.spkatarzyna.pl\/index.php\/2026\/04\/16\/szkolny-konkurs-recytatorski-2\/#breadcrumblist"},"author":{"@id":"https:\/\/www.spkatarzyna.pl\/index.php\/author\/agatasafianspkatarzyna-pl\/#author"},"creator":{"@id":"https:\/\/www.spkatarzyna.pl\/index.php\/author\/agatasafianspkatarzyna-pl\/#author"},"image":{"@type":"ImageObject","url":"https:\/\/www.spkatarzyna.pl\/wp-content\/uploads\/2026\/04\/PHOTO-2026-04-16-10-41-57-6-2.jpg","@id":"https:\/\/www.spkatarzyna.pl\/index.php\/2026\/04\/16\/szkolny-konkurs-recytatorski-2\/#mainImage","width":360,"height":202},"primaryImageOfPage":{"@id":"https:\/\/www.spkatarzyna.pl\/index.php\/2026\/04\/16\/szkolny-konkurs-recytatorski-2\/#mainImage"},"datePublished":"2026-04-16T23:27:56+02:00","dateModified":"2026-04-16T23:50:37+02:00"},{"@type":"WebSite","@id":"https:\/\/www.spkatarzyna.pl\/#website","url":"https:\/\/www.spkatarzyna.pl\/","name":"SP Katarzyna","description":"Publiczna Szko\u0142a Podstawowa w \u015awi\u0119tej Katarzynie","inLanguage":"pl-PL","publisher":{"@id":"https:\/\/www.spkatarzyna.pl\/#organization"}}]},"og:locale":"pl_PL","og:site_name":"SP Katarzyna - Publiczna Szko\u0142a Podstawowa w \u015awi\u0119tej Katarzynie","og:type":"article","og:title":"Szkolny Konkurs Recytatorski - SP Katarzyna","og:description":"Dnia 16 kwietnia odby\u0142 si\u0119 Szkolny Konkurs Recytatorski w klasach 1-3. Uczestnicy przygotowali wiersze o tematyce szko\u0142y. Zwyci\u0119\u017cyli:Barbara Bra\u0144ka 1bAdam Moczulski 3dEmilia Jasi\u0144ska 3bWyr\u00f3\u017cnienia:Cezary Gal 1aBart\u0142omiej Kubiczek 1cLena Karbowska 3cGratulujemy wszystkim uczestnikom!Dodatkowe wyr\u00f3\u017cnienie dosta\u0142y osoby, kt\u00f3re mia\u0142y wiersze autorskie o naszej szkole. Wiersze zostan\u0105 opublikowane na stronie szko\u0142y.Gratulujemy ! Iwona WierzbickaPaulina Witkowska","og:url":"https:\/\/www.spkatarzyna.pl\/index.php\/2026\/04\/16\/szkolny-konkurs-recytatorski-2\/","article:published_time":"2026-04-16T21:27:56+00:00","article:modified_time":"2026-04-16T21:50:37+00:00","twitter:card":"summary_large_image","twitter:title":"Szkolny Konkurs Recytatorski - SP Katarzyna","twitter:description":"Dnia 16 kwietnia odby\u0142 si\u0119 Szkolny Konkurs Recytatorski w klasach 1-3. Uczestnicy przygotowali wiersze o tematyce szko\u0142y. Zwyci\u0119\u017cyli:Barbara Bra\u0144ka 1bAdam Moczulski 3dEmilia Jasi\u0144ska 3bWyr\u00f3\u017cnienia:Cezary Gal 1aBart\u0142omiej Kubiczek 1cLena Karbowska 3cGratulujemy wszystkim uczestnikom!Dodatkowe wyr\u00f3\u017cnienie dosta\u0142y osoby, kt\u00f3re mia\u0142y wiersze autorskie o naszej szkole. Wiersze zostan\u0105 opublikowane na stronie szko\u0142y.Gratulujemy ! Iwona WierzbickaPaulina Witkowska"},"aioseo_meta_data":{"post_id":"19199","title":null,"description":null,"keywords":null,"keyphrases":{"focus":{"keyphrase":"","score":0,"analysis":{"keyphraseInTitle":{"score":0,"maxScore":9,"error":1}}},"additional":[]},"primary_term":null,"canonical_url":null,"og_title":null,"og_description":null,"og_object_type":"default","og_image_type":"default","og_image_url":null,"og_image_width":null,"og_image_height":null,"og_image_custom_url":null,"og_image_custom_fields":null,"og_video":"","og_custom_url":null,"og_article_section":null,"og_article_tags":null,"twitter_use_og":false,"twitter_card":"default","twitter_image_type":"default","twitter_image_url":null,"twitter_image_custom_url":null,"twitter_image_custom_fields":null,"twitter_title":null,"twitter_description":null,"schema":{"blockGraphs":[],"customGraphs":[],"default":{"data":{"Article":[],"Course":[],"Dataset":[],"FAQPage":[],"Movie":[],"Person":[],"Product":[],"ProductReview":[],"Car":[],"Recipe":[],"Service":[],"SoftwareApplication":[],"WebPage":[]},"graphName":"BlogPosting","isEnabled":true},"graphs":[]},"schema_type":"default","schema_type_options":null,"pillar_content":false,"robots_default":true,"robots_noindex":false,"robots_noarchive":false,"robots_nosnippet":false,"robots_nofollow":false,"robots_noimageindex":false,"robots_noodp":false,"robots_notranslate":false,"robots_max_snippet":"-1","robots_max_videopreview":"-1","robots_max_imagepreview":"large","priority":null,"frequency":"default","local_seo":null,"limit_modified_date":false,"created":"2026-04-16 10:53:57","updated":"2026-09-03 17:56:21","focus_keyword":null,"additional_keywords":null,"truseo_locale":null,"ai":null,"breadcrumb_settings":null,"seo_analyzer_scan_date":null},"aioseo_breadcrumb":"<div class=\"aioseo-breadcrumbs\"><span class=\"aioseo-breadcrumb\">\n\t\t\t<a href=\"https:\/\/www.spkatarzyna.pl\" title=\"Dom\">Dom<\/a>\n\t\t<\/span><span class=\"aioseo-breadcrumb-separator\">&raquo;<\/span><span class=\"aioseo-breadcrumb\">\n\t\t\t<a href=\"https:\/\/www.spkatarzyna.pl\/index.php\/category\/uncategorized\/\" title=\"Uncategorized\">Uncategorized<\/a>\n\t\t<\/span><span class=\"aioseo-breadcrumb-separator\">&raquo;<\/span><span class=\"aioseo-breadcrumb\">\n\t\t\tSzkolny Konkurs Recytatorski\n\t\t<\/span><\/div>","aioseo_breadcrumb_json":[{"label":"Dom","link":"https:\/\/www.spkatarzyna.pl"},{"label":"Uncategorized","link":"https:\/\/www.spkatarzyna.pl\/index.php\/category\/uncategorized\/"},{"label":"Szkolny Konkurs Recytatorski","link":"https:\/\/www.spkatarzyna.pl\/index.php\/2026\/04\/16\/szkolny-konkurs-recytatorski-2\/"}],"_links":{"self":[{"href":"https:\/\/www.spkatarzyna.pl\/index.php\/wp-json\/wp\/v2\/posts\/19199","targetHints":{"allow":["GET"]}}],"collection":[{"href":"https:\/\/www.spkatarzyna.pl\/index.php\/wp-json\/wp\/v2\/posts"}],"about":[{"href":"https:\/\/www.spkatarzyna.pl\/index.php\/wp-json\/wp\/v2\/types\/post"}],"author":[{"embeddable":true,"href":"https:\/\/www.spkatarzyna.pl\/index.php\/wp-json\/wp\/v2\/users\/6"}],"replies":[{"embeddable":true,"href":"https:\/\/www.spkatarzyna.pl\/index.php\/wp-json\/wp\/v2\/comments?post=19199"}],"version-history":[{"count":14,"href":"https:\/\/www.spkatarzyna.pl\/index.php\/wp-json\/wp\/v2\/posts\/19199\/revisions"}],"predecessor-version":[{"id":19256,"href":"https:\/\/www.spkatarzyna.pl\/index.php\/wp-json\/wp\/v2\/posts\/19199\/revisions\/19256"}],"wp:featuredmedia":[{"embeddable":true,"href":"https:\/\/www.spkatarzyna.pl\/index.php\/wp-json\/wp\/v2\/media\/19200"}],"wp:attachment":[{"href":"https:\/\/www.spkatarzyna.pl\/index.php\/wp-json\/wp\/v2\/media?parent=19199"}],"wp:term":[{"taxonomy":"category","embeddable":true,"href":"https:\/\/www.spkatarzyna.pl\/index.php\/wp-json\/wp\/v2\/categories?post=19199"},{"taxonomy":"post_tag","embeddable":true,"href":"https:\/\/www.spkatarzyna.pl\/index.php\/wp-json\/wp\/v2\/tags?post=19199"}],"curies":[{"name":"wp","href":"https:\/\/api.w.org\/{rel}","templated":true}]}}