{"id":19239,"date":"2026-04-16T23:26:41","date_gmt":"2026-04-16T21:26:41","guid":{"rendered":"https:\/\/www.spkatarzyna.pl\/?p=19239"},"modified":"2026-04-16T23:43:52","modified_gmt":"2026-04-16T21:43:52","slug":"prezentacja-o-pszczolach-w-kl-3c","status":"publish","type":"post","link":"https:\/\/www.spkatarzyna.pl\/index.php\/2026\/04\/16\/prezentacja-o-pszczolach-w-kl-3c\/","title":{"rendered":"Prezentacja o pszczo\u0142ach w kl. 3c"},"content":{"rendered":"\t\t<div data-elementor-type=\"wp-post\" data-elementor-id=\"19239\" class=\"elementor elementor-19239\">\n\t\t\t\t<div class=\"elementor-element elementor-element-3aec22ad e-flex e-con-boxed e-con e-parent\" data-id=\"3aec22ad\" data-element_type=\"container\">\n\t\t\t\t\t<div class=\"e-con-inner\">\n\t\t\t\t<div class=\"elementor-element elementor-element-73fb71df elementor-widget elementor-widget-text-editor\" data-id=\"73fb71df\" data-element_type=\"widget\" data-widget_type=\"text-editor.default\">\n\t\t\t\t\t\t\t\t\t<div id=\":r2\" class=\"ii gt\">\r\n<div id=\":r1\" class=\"a3s aiL\">\r\n<div id=\"avWBGd-23\">\r\n<div dir=\"auto\">\r\n<div dir=\"ltr\" style=\"text-align: justify;\"><span style=\"font-size: 14pt;\">Miko\u0142aj Plis, ucze\u0144 klasy 3c, po raz kolejny przygotowa\u0142 dla kole\u017canek i koleg\u00f3w z klasy ciekaw\u0105 prezentacj\u0119 &#8211; tym razem o pszczo\u0142ach. Ch\u0142opiec podzieli\u0142 si\u0119 szczeg\u00f3\u0142owymi informacjami z \u017cycia tych niezwykle po\u017cytecznych owad\u00f3w i cierpliwie odpowiada\u0142 na pytania dociekliwych s\u0142uchaczy. A na koniec&#8230; przeprowadzi\u0142&nbsp;ustny egzamin. Klasa zda\u0142a egzamin \u015bpiewaj\u0105co, ale w razie w\u0105tpliwo\u015bci wszyscy wiedz\u0105, do kogo zwr\u00f3ci\u0107 si\u0119 z najbardziej nurtuj\u0105cymi pytaniami ze \u015bwiata zwierz\u0105t i ro\u015blin.<\/span><\/div>\r\n<\/div>\r\n<\/div>\r\n<div>&nbsp;<\/div>\r\n<div class=\"yj6qo\" style=\"text-align: right;\"><span style=\"font-size: 14pt;\">Katarzyna Mazur<\/span><\/div>\r\n<div id=\"avWBGd-23\">\r\n<div class=\"adL\">&nbsp;<\/div>\r\n<\/div>\r\n<\/div>\r\n<\/div>\r\n<div id=\":rb\" class=\"hq gt\">&nbsp;<\/div>\t\t\t\t\t\t\t\t<\/div>\n\t\t\t\t<div class=\"elementor-element elementor-element-a386991 elementor-widget elementor-widget-image-gallery\" data-id=\"a386991\" data-element_type=\"widget\" data-widget_type=\"image-gallery.default\">\n\t\t\t\t\t\t\t<div class=\"elementor-image-gallery\">\n\t\t\t\n\t\t<div id='gallery-1' class='gallery galleryid-19239 gallery-columns-2 gallery-size-thumbnail gallery1'><script type=\"text\/javascript\">\n\/\/ <![CDATA[\n\tjQuery(document).ready(function () {\n\t\tjQuery(\".gallery1 a\").attr(\"rel\",\"gallery1\");\t\n\t\tjQuery('a[rel=\"gallery1\"]').colorbox({title: function(){ return jQuery(this).children().attr(\"alt\"); }});\n\t});\n\/\/ ]]>\n<\/script>\n<dl class=\"gallery-item\">\n<dt class=\"gallery-icon\">\n<a href=\"https:\/\/www.spkatarzyna.pl\/wp-content\/uploads\/2026\/04\/1000064572-300x225.jpg\" title=\"\" rel=\"gallery1\" rel=\"lightbox[19239]\"><img decoding=\"async\" src=\"https:\/\/www.spkatarzyna.pl\/wp-content\/uploads\/2026\/04\/1000064572-150x150.jpg\" width=\"150\" height=\"150\" alt=\"\" \/><\/a>\n<\/dt><\/dl><dl class=\"gallery-item\">\n<dt class=\"gallery-icon\">\n<a href=\"https:\/\/www.spkatarzyna.pl\/wp-content\/uploads\/2026\/04\/1000064575-300x225.jpg\" title=\"\" rel=\"gallery1\" rel=\"lightbox[19239]\"><img decoding=\"async\" src=\"https:\/\/www.spkatarzyna.pl\/wp-content\/uploads\/2026\/04\/1000064575-150x150.jpg\" width=\"150\" height=\"150\" alt=\"\" \/><\/a>\n<\/dt><\/dl><br style=\"clear: both\" \/><br style=\"clear: both\" \/><\/div>\t\t<\/div>\n\t\t\t\t\t\t<\/div>\n\t\t\t\t\t<\/div>\n\t\t\t\t<\/div>\n\t\t\t\t<\/div>\n\t\t","protected":false},"excerpt":{"rendered":"<p>Miko\u0142aj Plis, ucze\u0144 klasy 3c, po raz kolejny przygotowa\u0142 dla kole\u017canek i koleg\u00f3w z klasy ciekaw\u0105 prezentacj\u0119 &#8211; tym razem o pszczo\u0142ach. Ch\u0142opiec podzieli\u0142 si\u0119 szczeg\u00f3\u0142owymi informacjami z \u017cycia tych niezwykle po\u017cytecznych owad\u00f3w i cierpliwie odpowiada\u0142 na pytania dociekliwych s\u0142uchaczy. A na koniec&#8230; przeprowadzi\u0142&nbsp;ustny egzamin. Klasa zda\u0142a egzamin \u015bpiewaj\u0105co, ale [&hellip;]<\/p>\n","protected":false},"author":6,"featured_media":19240,"comment_status":"open","ping_status":"open","sticky":false,"template":"","format":"standard","meta":{"om_disable_all_campaigns":false,"_monsterinsights_skip_tracking":false,"ngg_post_thumbnail":0,"footnotes":""},"categories":[1],"tags":[],"class_list":["post-19239","post","type-post","status-publish","format-standard","has-post-thumbnail","hentry","category-uncategorized"],"aioseo_notices":[],"aioseo_head":"\n\t\t<!-- All in One SEO 5.0.1.1 - aioseo.com -->\n\t<meta name=\"description\" content=\"Miko\u0142aj Plis, ucze\u0144 klasy 3c, po raz kolejny przygotowa\u0142 dla kole\u017canek i koleg\u00f3w z klasy ciekaw\u0105 prezentacj\u0119 \u2013 tym razem o pszczo\u0142ach. Ch\u0142opiec podzieli\u0142 si\u0119 szczeg\u00f3\u0142owymi informacjami z \u017cycia tych niezwykle po\u017cytecznych owad\u00f3w i cierpliwie odpowiada\u0142 na pytania dociekliwych s\u0142uchaczy. A na koniec\u2026 przeprowadzi\u0142 ustny egzamin. Klasa zda\u0142a egzamin \u015bpiewaj\u0105co, ale w razie w\u0105tpliwo\u015bci wszyscy wiedz\u0105,\" \/>\n\t<meta name=\"robots\" content=\"max-image-preview:large\" \/>\n\t<meta name=\"author\" content=\"Redakcja\"\/>\n\t<link rel=\"canonical\" href=\"https:\/\/www.spkatarzyna.pl\/index.php\/2026\/04\/16\/prezentacja-o-pszczolach-w-kl-3c\/\" \/>\n\t<meta name=\"generator\" content=\"All in One SEO (AIOSEO) 5.0.1.1\" \/>\n\t\t<meta property=\"og:locale\" content=\"pl_PL\" \/>\n\t\t<meta property=\"og:site_name\" content=\"SP Katarzyna - Publiczna Szko\u0142a Podstawowa w \u015awi\u0119tej Katarzynie\" \/>\n\t\t<meta property=\"og:type\" content=\"article\" \/>\n\t\t<meta property=\"og:title\" content=\"Prezentacja o pszczo\u0142ach w kl. 3c - SP Katarzyna\" \/>\n\t\t<meta property=\"og:description\" content=\"Miko\u0142aj Plis, ucze\u0144 klasy 3c, po raz kolejny przygotowa\u0142 dla kole\u017canek i koleg\u00f3w z klasy ciekaw\u0105 prezentacj\u0119 \u2013 tym razem o pszczo\u0142ach. Ch\u0142opiec podzieli\u0142 si\u0119 szczeg\u00f3\u0142owymi informacjami z \u017cycia tych niezwykle po\u017cytecznych owad\u00f3w i cierpliwie odpowiada\u0142 na pytania dociekliwych s\u0142uchaczy. A na koniec\u2026 przeprowadzi\u0142 ustny egzamin. Klasa zda\u0142a egzamin \u015bpiewaj\u0105co, ale w razie w\u0105tpliwo\u015bci wszyscy wiedz\u0105,\" \/>\n\t\t<meta property=\"og:url\" content=\"https:\/\/www.spkatarzyna.pl\/index.php\/2026\/04\/16\/prezentacja-o-pszczolach-w-kl-3c\/\" \/>\n\t\t<meta property=\"article:published_time\" content=\"2026-04-16T21:26:41+00:00\" \/>\n\t\t<meta property=\"article:modified_time\" content=\"2026-04-16T21:43:52+00:00\" \/>\n\t\t<meta name=\"twitter:card\" content=\"summary_large_image\" \/>\n\t\t<meta name=\"twitter:title\" content=\"Prezentacja o pszczo\u0142ach w kl. 3c - SP Katarzyna\" \/>\n\t\t<meta name=\"twitter:description\" content=\"Miko\u0142aj Plis, ucze\u0144 klasy 3c, po raz kolejny przygotowa\u0142 dla kole\u017canek i koleg\u00f3w z klasy ciekaw\u0105 prezentacj\u0119 \u2013 tym razem o pszczo\u0142ach. Ch\u0142opiec podzieli\u0142 si\u0119 szczeg\u00f3\u0142owymi informacjami z \u017cycia tych niezwykle po\u017cytecznych owad\u00f3w i cierpliwie odpowiada\u0142 na pytania dociekliwych s\u0142uchaczy. A na koniec\u2026 przeprowadzi\u0142 ustny egzamin. Klasa zda\u0142a egzamin \u015bpiewaj\u0105co, ale w razie w\u0105tpliwo\u015bci wszyscy wiedz\u0105,\" \/>\n\t\t<script type=\"application\/ld+json\" class=\"aioseo-schema\">\n\t\t\t{\"@context\":\"https:\\\/\\\/schema.org\",\"@graph\":[{\"@type\":\"BlogPosting\",\"@id\":\"https:\\\/\\\/www.spkatarzyna.pl\\\/index.php\\\/2026\\\/04\\\/16\\\/prezentacja-o-pszczolach-w-kl-3c\\\/#blogposting\",\"name\":\"Prezentacja o pszczo\\u0142ach w kl. 3c - SP Katarzyna\",\"headline\":\"Prezentacja o pszczo\\u0142ach w kl. 3c\",\"author\":{\"@id\":\"https:\\\/\\\/www.spkatarzyna.pl\\\/index.php\\\/author\\\/agatasafianspkatarzyna-pl\\\/#author\"},\"publisher\":{\"@id\":\"https:\\\/\\\/www.spkatarzyna.pl\\\/#organization\"},\"image\":{\"@type\":\"ImageObject\",\"url\":\"https:\\\/\\\/www.spkatarzyna.pl\\\/wp-content\\\/uploads\\\/2026\\\/04\\\/1000064572-2.jpg\",\"width\":360,\"height\":202},\"datePublished\":\"2026-04-16T23:26:41+02:00\",\"dateModified\":\"2026-04-16T23:43:52+02:00\",\"inLanguage\":\"pl-PL\",\"mainEntityOfPage\":{\"@id\":\"https:\\\/\\\/www.spkatarzyna.pl\\\/index.php\\\/2026\\\/04\\\/16\\\/prezentacja-o-pszczolach-w-kl-3c\\\/#webpage\"},\"isPartOf\":{\"@id\":\"https:\\\/\\\/www.spkatarzyna.pl\\\/index.php\\\/2026\\\/04\\\/16\\\/prezentacja-o-pszczolach-w-kl-3c\\\/#webpage\"},\"articleSection\":\"Uncategorized\"},{\"@type\":\"BreadcrumbList\",\"@id\":\"https:\\\/\\\/www.spkatarzyna.pl\\\/index.php\\\/2026\\\/04\\\/16\\\/prezentacja-o-pszczolach-w-kl-3c\\\/#breadcrumblist\",\"itemListElement\":[{\"@type\":\"ListItem\",\"@id\":\"https:\\\/\\\/www.spkatarzyna.pl#listItem\",\"position\":1,\"name\":\"Dom\",\"item\":\"https:\\\/\\\/www.spkatarzyna.pl\",\"nextItem\":{\"@type\":\"ListItem\",\"@id\":\"https:\\\/\\\/www.spkatarzyna.pl\\\/index.php\\\/category\\\/uncategorized\\\/#listItem\",\"name\":\"Uncategorized\"}},{\"@type\":\"ListItem\",\"@id\":\"https:\\\/\\\/www.spkatarzyna.pl\\\/index.php\\\/category\\\/uncategorized\\\/#listItem\",\"position\":2,\"name\":\"Uncategorized\",\"item\":\"https:\\\/\\\/www.spkatarzyna.pl\\\/index.php\\\/category\\\/uncategorized\\\/\",\"nextItem\":{\"@type\":\"ListItem\",\"@id\":\"https:\\\/\\\/www.spkatarzyna.pl\\\/index.php\\\/2026\\\/04\\\/16\\\/prezentacja-o-pszczolach-w-kl-3c\\\/#listItem\",\"name\":\"Prezentacja o pszczo\\u0142ach w kl. 3c\"},\"previousItem\":{\"@type\":\"ListItem\",\"@id\":\"https:\\\/\\\/www.spkatarzyna.pl#listItem\",\"name\":\"Dom\"}},{\"@type\":\"ListItem\",\"@id\":\"https:\\\/\\\/www.spkatarzyna.pl\\\/index.php\\\/2026\\\/04\\\/16\\\/prezentacja-o-pszczolach-w-kl-3c\\\/#listItem\",\"position\":3,\"name\":\"Prezentacja o pszczo\\u0142ach w kl. 3c\",\"previousItem\":{\"@type\":\"ListItem\",\"@id\":\"https:\\\/\\\/www.spkatarzyna.pl\\\/index.php\\\/category\\\/uncategorized\\\/#listItem\",\"name\":\"Uncategorized\"}}]},{\"@type\":\"Organization\",\"@id\":\"https:\\\/\\\/www.spkatarzyna.pl\\\/#organization\",\"name\":\"SP Katarzyna\",\"description\":\"Publiczna Szko\\u0142a Podstawowa w \\u015awi\\u0119tej Katarzynie\",\"url\":\"https:\\\/\\\/www.spkatarzyna.pl\\\/\",\"telephone\":\"+48713116378\",\"sameAs\":[\"https:\\\/\\\/facebook.com\\\/\",\"https:\\\/\\\/x.com\\\/\",\"https:\\\/\\\/instagram.com\\\/\",\"https:\\\/\\\/pinterest.com\\\/\",\"https:\\\/\\\/youtube.com\\\/\",\"https:\\\/\\\/linkedin.com\\\/in\\\/\"]},{\"@type\":\"Person\",\"@id\":\"https:\\\/\\\/www.spkatarzyna.pl\\\/index.php\\\/author\\\/agatasafianspkatarzyna-pl\\\/#author\",\"url\":\"https:\\\/\\\/www.spkatarzyna.pl\\\/index.php\\\/author\\\/agatasafianspkatarzyna-pl\\\/\",\"name\":\"Redakcja\",\"image\":{\"@type\":\"ImageObject\",\"@id\":\"https:\\\/\\\/www.spkatarzyna.pl\\\/index.php\\\/2026\\\/04\\\/16\\\/prezentacja-o-pszczolach-w-kl-3c\\\/#authorImage\",\"url\":\"https:\\\/\\\/secure.gravatar.com\\\/avatar\\\/765290513df94d442152250e92b42327?s=96&d=mm&r=g\",\"width\":96,\"height\":96,\"caption\":\"Redakcja\"}},{\"@type\":\"WebPage\",\"@id\":\"https:\\\/\\\/www.spkatarzyna.pl\\\/index.php\\\/2026\\\/04\\\/16\\\/prezentacja-o-pszczolach-w-kl-3c\\\/#webpage\",\"url\":\"https:\\\/\\\/www.spkatarzyna.pl\\\/index.php\\\/2026\\\/04\\\/16\\\/prezentacja-o-pszczolach-w-kl-3c\\\/\",\"name\":\"Prezentacja o pszczo\\u0142ach w kl. 3c - SP Katarzyna\",\"description\":\"Miko\\u0142aj Plis, ucze\\u0144 klasy 3c, po raz kolejny przygotowa\\u0142 dla kole\\u017canek i koleg\\u00f3w z klasy ciekaw\\u0105 prezentacj\\u0119 \\u2013 tym razem o pszczo\\u0142ach. Ch\\u0142opiec podzieli\\u0142 si\\u0119 szczeg\\u00f3\\u0142owymi informacjami z \\u017cycia tych niezwykle po\\u017cytecznych owad\\u00f3w i cierpliwie odpowiada\\u0142 na pytania dociekliwych s\\u0142uchaczy. A na koniec\\u2026 przeprowadzi\\u0142 ustny egzamin. Klasa zda\\u0142a egzamin \\u015bpiewaj\\u0105co, ale w razie w\\u0105tpliwo\\u015bci wszyscy wiedz\\u0105,\",\"inLanguage\":\"pl-PL\",\"isPartOf\":{\"@id\":\"https:\\\/\\\/www.spkatarzyna.pl\\\/#website\"},\"breadcrumb\":{\"@id\":\"https:\\\/\\\/www.spkatarzyna.pl\\\/index.php\\\/2026\\\/04\\\/16\\\/prezentacja-o-pszczolach-w-kl-3c\\\/#breadcrumblist\"},\"author\":{\"@id\":\"https:\\\/\\\/www.spkatarzyna.pl\\\/index.php\\\/author\\\/agatasafianspkatarzyna-pl\\\/#author\"},\"creator\":{\"@id\":\"https:\\\/\\\/www.spkatarzyna.pl\\\/index.php\\\/author\\\/agatasafianspkatarzyna-pl\\\/#author\"},\"image\":{\"@type\":\"ImageObject\",\"url\":\"https:\\\/\\\/www.spkatarzyna.pl\\\/wp-content\\\/uploads\\\/2026\\\/04\\\/1000064572-2.jpg\",\"@id\":\"https:\\\/\\\/www.spkatarzyna.pl\\\/index.php\\\/2026\\\/04\\\/16\\\/prezentacja-o-pszczolach-w-kl-3c\\\/#mainImage\",\"width\":360,\"height\":202},\"primaryImageOfPage\":{\"@id\":\"https:\\\/\\\/www.spkatarzyna.pl\\\/index.php\\\/2026\\\/04\\\/16\\\/prezentacja-o-pszczolach-w-kl-3c\\\/#mainImage\"},\"datePublished\":\"2026-04-16T23:26:41+02:00\",\"dateModified\":\"2026-04-16T23:43:52+02:00\"},{\"@type\":\"WebSite\",\"@id\":\"https:\\\/\\\/www.spkatarzyna.pl\\\/#website\",\"url\":\"https:\\\/\\\/www.spkatarzyna.pl\\\/\",\"name\":\"SP Katarzyna\",\"description\":\"Publiczna Szko\\u0142a Podstawowa w \\u015awi\\u0119tej Katarzynie\",\"inLanguage\":\"pl-PL\",\"publisher\":{\"@id\":\"https:\\\/\\\/www.spkatarzyna.pl\\\/#organization\"}}]}\n\t\t<\/script>\n\t\t<!-- All in One SEO -->\n\n","aioseo_head_json":{"title":"Prezentacja o pszczo\u0142ach w kl. 3c - SP Katarzyna","description":"Miko\u0142aj Plis, ucze\u0144 klasy 3c, po raz kolejny przygotowa\u0142 dla kole\u017canek i koleg\u00f3w z klasy ciekaw\u0105 prezentacj\u0119 \u2013 tym razem o pszczo\u0142ach. Ch\u0142opiec podzieli\u0142 si\u0119 szczeg\u00f3\u0142owymi informacjami z \u017cycia tych niezwykle po\u017cytecznych owad\u00f3w i cierpliwie odpowiada\u0142 na pytania dociekliwych s\u0142uchaczy. A na koniec\u2026 przeprowadzi\u0142 ustny egzamin. Klasa zda\u0142a egzamin \u015bpiewaj\u0105co, ale w razie w\u0105tpliwo\u015bci wszyscy wiedz\u0105,","canonical_url":"https:\/\/www.spkatarzyna.pl\/index.php\/2026\/04\/16\/prezentacja-o-pszczolach-w-kl-3c\/","robots":"max-image-preview:large","keywords":"","webmasterTools":{"miscellaneous":""},"schema":{"@context":"https:\/\/schema.org","@graph":[{"@type":"BlogPosting","@id":"https:\/\/www.spkatarzyna.pl\/index.php\/2026\/04\/16\/prezentacja-o-pszczolach-w-kl-3c\/#blogposting","name":"Prezentacja o pszczo\u0142ach w kl. 3c - SP Katarzyna","headline":"Prezentacja o pszczo\u0142ach w kl. 3c","author":{"@id":"https:\/\/www.spkatarzyna.pl\/index.php\/author\/agatasafianspkatarzyna-pl\/#author"},"publisher":{"@id":"https:\/\/www.spkatarzyna.pl\/#organization"},"image":{"@type":"ImageObject","url":"https:\/\/www.spkatarzyna.pl\/wp-content\/uploads\/2026\/04\/1000064572-2.jpg","width":360,"height":202},"datePublished":"2026-04-16T23:26:41+02:00","dateModified":"2026-04-16T23:43:52+02:00","inLanguage":"pl-PL","mainEntityOfPage":{"@id":"https:\/\/www.spkatarzyna.pl\/index.php\/2026\/04\/16\/prezentacja-o-pszczolach-w-kl-3c\/#webpage"},"isPartOf":{"@id":"https:\/\/www.spkatarzyna.pl\/index.php\/2026\/04\/16\/prezentacja-o-pszczolach-w-kl-3c\/#webpage"},"articleSection":"Uncategorized"},{"@type":"BreadcrumbList","@id":"https:\/\/www.spkatarzyna.pl\/index.php\/2026\/04\/16\/prezentacja-o-pszczolach-w-kl-3c\/#breadcrumblist","itemListElement":[{"@type":"ListItem","@id":"https:\/\/www.spkatarzyna.pl#listItem","position":1,"name":"Dom","item":"https:\/\/www.spkatarzyna.pl","nextItem":{"@type":"ListItem","@id":"https:\/\/www.spkatarzyna.pl\/index.php\/category\/uncategorized\/#listItem","name":"Uncategorized"}},{"@type":"ListItem","@id":"https:\/\/www.spkatarzyna.pl\/index.php\/category\/uncategorized\/#listItem","position":2,"name":"Uncategorized","item":"https:\/\/www.spkatarzyna.pl\/index.php\/category\/uncategorized\/","nextItem":{"@type":"ListItem","@id":"https:\/\/www.spkatarzyna.pl\/index.php\/2026\/04\/16\/prezentacja-o-pszczolach-w-kl-3c\/#listItem","name":"Prezentacja o pszczo\u0142ach w kl. 3c"},"previousItem":{"@type":"ListItem","@id":"https:\/\/www.spkatarzyna.pl#listItem","name":"Dom"}},{"@type":"ListItem","@id":"https:\/\/www.spkatarzyna.pl\/index.php\/2026\/04\/16\/prezentacja-o-pszczolach-w-kl-3c\/#listItem","position":3,"name":"Prezentacja o pszczo\u0142ach w kl. 3c","previousItem":{"@type":"ListItem","@id":"https:\/\/www.spkatarzyna.pl\/index.php\/category\/uncategorized\/#listItem","name":"Uncategorized"}}]},{"@type":"Organization","@id":"https:\/\/www.spkatarzyna.pl\/#organization","name":"SP Katarzyna","description":"Publiczna Szko\u0142a Podstawowa w \u015awi\u0119tej Katarzynie","url":"https:\/\/www.spkatarzyna.pl\/","telephone":"+48713116378","sameAs":["https:\/\/facebook.com\/","https:\/\/x.com\/","https:\/\/instagram.com\/","https:\/\/pinterest.com\/","https:\/\/youtube.com\/","https:\/\/linkedin.com\/in\/"]},{"@type":"Person","@id":"https:\/\/www.spkatarzyna.pl\/index.php\/author\/agatasafianspkatarzyna-pl\/#author","url":"https:\/\/www.spkatarzyna.pl\/index.php\/author\/agatasafianspkatarzyna-pl\/","name":"Redakcja","image":{"@type":"ImageObject","@id":"https:\/\/www.spkatarzyna.pl\/index.php\/2026\/04\/16\/prezentacja-o-pszczolach-w-kl-3c\/#authorImage","url":"https:\/\/secure.gravatar.com\/avatar\/765290513df94d442152250e92b42327?s=96&d=mm&r=g","width":96,"height":96,"caption":"Redakcja"}},{"@type":"WebPage","@id":"https:\/\/www.spkatarzyna.pl\/index.php\/2026\/04\/16\/prezentacja-o-pszczolach-w-kl-3c\/#webpage","url":"https:\/\/www.spkatarzyna.pl\/index.php\/2026\/04\/16\/prezentacja-o-pszczolach-w-kl-3c\/","name":"Prezentacja o pszczo\u0142ach w kl. 3c - SP Katarzyna","description":"Miko\u0142aj Plis, ucze\u0144 klasy 3c, po raz kolejny przygotowa\u0142 dla kole\u017canek i koleg\u00f3w z klasy ciekaw\u0105 prezentacj\u0119 \u2013 tym razem o pszczo\u0142ach. Ch\u0142opiec podzieli\u0142 si\u0119 szczeg\u00f3\u0142owymi informacjami z \u017cycia tych niezwykle po\u017cytecznych owad\u00f3w i cierpliwie odpowiada\u0142 na pytania dociekliwych s\u0142uchaczy. A na koniec\u2026 przeprowadzi\u0142 ustny egzamin. Klasa zda\u0142a egzamin \u015bpiewaj\u0105co, ale w razie w\u0105tpliwo\u015bci wszyscy wiedz\u0105,","inLanguage":"pl-PL","isPartOf":{"@id":"https:\/\/www.spkatarzyna.pl\/#website"},"breadcrumb":{"@id":"https:\/\/www.spkatarzyna.pl\/index.php\/2026\/04\/16\/prezentacja-o-pszczolach-w-kl-3c\/#breadcrumblist"},"author":{"@id":"https:\/\/www.spkatarzyna.pl\/index.php\/author\/agatasafianspkatarzyna-pl\/#author"},"creator":{"@id":"https:\/\/www.spkatarzyna.pl\/index.php\/author\/agatasafianspkatarzyna-pl\/#author"},"image":{"@type":"ImageObject","url":"https:\/\/www.spkatarzyna.pl\/wp-content\/uploads\/2026\/04\/1000064572-2.jpg","@id":"https:\/\/www.spkatarzyna.pl\/index.php\/2026\/04\/16\/prezentacja-o-pszczolach-w-kl-3c\/#mainImage","width":360,"height":202},"primaryImageOfPage":{"@id":"https:\/\/www.spkatarzyna.pl\/index.php\/2026\/04\/16\/prezentacja-o-pszczolach-w-kl-3c\/#mainImage"},"datePublished":"2026-04-16T23:26:41+02:00","dateModified":"2026-04-16T23:43:52+02:00"},{"@type":"WebSite","@id":"https:\/\/www.spkatarzyna.pl\/#website","url":"https:\/\/www.spkatarzyna.pl\/","name":"SP Katarzyna","description":"Publiczna Szko\u0142a Podstawowa w \u015awi\u0119tej Katarzynie","inLanguage":"pl-PL","publisher":{"@id":"https:\/\/www.spkatarzyna.pl\/#organization"}}]},"og:locale":"pl_PL","og:site_name":"SP Katarzyna - Publiczna Szko\u0142a Podstawowa w \u015awi\u0119tej Katarzynie","og:type":"article","og:title":"Prezentacja o pszczo\u0142ach w kl. 3c - SP Katarzyna","og:description":"Miko\u0142aj Plis, ucze\u0144 klasy 3c, po raz kolejny przygotowa\u0142 dla kole\u017canek i koleg\u00f3w z klasy ciekaw\u0105 prezentacj\u0119 \u2013 tym razem o pszczo\u0142ach. Ch\u0142opiec podzieli\u0142 si\u0119 szczeg\u00f3\u0142owymi informacjami z \u017cycia tych niezwykle po\u017cytecznych owad\u00f3w i cierpliwie odpowiada\u0142 na pytania dociekliwych s\u0142uchaczy. A na koniec\u2026 przeprowadzi\u0142 ustny egzamin. Klasa zda\u0142a egzamin \u015bpiewaj\u0105co, ale w razie w\u0105tpliwo\u015bci wszyscy wiedz\u0105,","og:url":"https:\/\/www.spkatarzyna.pl\/index.php\/2026\/04\/16\/prezentacja-o-pszczolach-w-kl-3c\/","article:published_time":"2026-04-16T21:26:41+00:00","article:modified_time":"2026-04-16T21:43:52+00:00","twitter:card":"summary_large_image","twitter:title":"Prezentacja o pszczo\u0142ach w kl. 3c - SP Katarzyna","twitter:description":"Miko\u0142aj Plis, ucze\u0144 klasy 3c, po raz kolejny przygotowa\u0142 dla kole\u017canek i koleg\u00f3w z klasy ciekaw\u0105 prezentacj\u0119 \u2013 tym razem o pszczo\u0142ach. Ch\u0142opiec podzieli\u0142 si\u0119 szczeg\u00f3\u0142owymi informacjami z \u017cycia tych niezwykle po\u017cytecznych owad\u00f3w i cierpliwie odpowiada\u0142 na pytania dociekliwych s\u0142uchaczy. A na koniec\u2026 przeprowadzi\u0142 ustny egzamin. Klasa zda\u0142a egzamin \u015bpiewaj\u0105co, ale w razie w\u0105tpliwo\u015bci wszyscy wiedz\u0105,"},"aioseo_meta_data":{"post_id":"19239","title":null,"description":null,"keywords":null,"keyphrases":{"focus":{"keyphrase":"","score":0,"analysis":{"keyphraseInTitle":{"score":0,"maxScore":9,"error":1}}},"additional":[]},"primary_term":null,"canonical_url":null,"og_title":null,"og_description":null,"og_object_type":"default","og_image_type":"default","og_image_url":null,"og_image_width":null,"og_image_height":null,"og_image_custom_url":null,"og_image_custom_fields":null,"og_video":"","og_custom_url":null,"og_article_section":null,"og_article_tags":null,"twitter_use_og":false,"twitter_card":"default","twitter_image_type":"default","twitter_image_url":null,"twitter_image_custom_url":null,"twitter_image_custom_fields":null,"twitter_title":null,"twitter_description":null,"schema":{"blockGraphs":[],"customGraphs":[],"default":{"data":{"Article":[],"Course":[],"Dataset":[],"FAQPage":[],"Movie":[],"Person":[],"Product":[],"ProductReview":[],"Car":[],"Recipe":[],"Service":[],"SoftwareApplication":[],"WebPage":[]},"graphName":"BlogPosting","isEnabled":true},"graphs":[]},"schema_type":"default","schema_type_options":null,"pillar_content":false,"robots_default":true,"robots_noindex":false,"robots_noarchive":false,"robots_nosnippet":false,"robots_nofollow":false,"robots_noimageindex":false,"robots_noodp":false,"robots_notranslate":false,"robots_max_snippet":"-1","robots_max_videopreview":"-1","robots_max_imagepreview":"large","priority":null,"frequency":"default","local_seo":null,"limit_modified_date":false,"created":"2026-04-16 21:39:41","updated":"2026-09-03 17:56:21","focus_keyword":null,"additional_keywords":null,"truseo_locale":null,"ai":null,"breadcrumb_settings":null,"seo_analyzer_scan_date":null},"aioseo_breadcrumb":"<div class=\"aioseo-breadcrumbs\"><span class=\"aioseo-breadcrumb\">\n\t\t\t<a href=\"https:\/\/www.spkatarzyna.pl\" title=\"Dom\">Dom<\/a>\n\t\t<\/span><span class=\"aioseo-breadcrumb-separator\">&raquo;<\/span><span class=\"aioseo-breadcrumb\">\n\t\t\t<a href=\"https:\/\/www.spkatarzyna.pl\/index.php\/category\/uncategorized\/\" title=\"Uncategorized\">Uncategorized<\/a>\n\t\t<\/span><span class=\"aioseo-breadcrumb-separator\">&raquo;<\/span><span class=\"aioseo-breadcrumb\">\n\t\t\tPrezentacja o pszczo\u0142ach w kl. 3c\n\t\t<\/span><\/div>","aioseo_breadcrumb_json":[{"label":"Dom","link":"https:\/\/www.spkatarzyna.pl"},{"label":"Uncategorized","link":"https:\/\/www.spkatarzyna.pl\/index.php\/category\/uncategorized\/"},{"label":"Prezentacja o pszczo\u0142ach w kl. 3c","link":"https:\/\/www.spkatarzyna.pl\/index.php\/2026\/04\/16\/prezentacja-o-pszczolach-w-kl-3c\/"}],"_links":{"self":[{"href":"https:\/\/www.spkatarzyna.pl\/index.php\/wp-json\/wp\/v2\/posts\/19239","targetHints":{"allow":["GET"]}}],"collection":[{"href":"https:\/\/www.spkatarzyna.pl\/index.php\/wp-json\/wp\/v2\/posts"}],"about":[{"href":"https:\/\/www.spkatarzyna.pl\/index.php\/wp-json\/wp\/v2\/types\/post"}],"author":[{"embeddable":true,"href":"https:\/\/www.spkatarzyna.pl\/index.php\/wp-json\/wp\/v2\/users\/6"}],"replies":[{"embeddable":true,"href":"https:\/\/www.spkatarzyna.pl\/index.php\/wp-json\/wp\/v2\/comments?post=19239"}],"version-history":[{"count":5,"href":"https:\/\/www.spkatarzyna.pl\/index.php\/wp-json\/wp\/v2\/posts\/19239\/revisions"}],"predecessor-version":[{"id":19248,"href":"https:\/\/www.spkatarzyna.pl\/index.php\/wp-json\/wp\/v2\/posts\/19239\/revisions\/19248"}],"wp:featuredmedia":[{"embeddable":true,"href":"https:\/\/www.spkatarzyna.pl\/index.php\/wp-json\/wp\/v2\/media\/19240"}],"wp:attachment":[{"href":"https:\/\/www.spkatarzyna.pl\/index.php\/wp-json\/wp\/v2\/media?parent=19239"}],"wp:term":[{"taxonomy":"category","embeddable":true,"href":"https:\/\/www.spkatarzyna.pl\/index.php\/wp-json\/wp\/v2\/categories?post=19239"},{"taxonomy":"post_tag","embeddable":true,"href":"https:\/\/www.spkatarzyna.pl\/index.php\/wp-json\/wp\/v2\/tags?post=19239"}],"curies":[{"name":"wp","href":"https:\/\/api.w.org\/{rel}","templated":true}]}}