{"id":19258,"date":"2026-04-19T19:42:13","date_gmt":"2026-04-19T17:42:13","guid":{"rendered":"https:\/\/www.spkatarzyna.pl\/?p=19258"},"modified":"2026-04-19T19:50:31","modified_gmt":"2026-04-19T17:50:31","slug":"akcja-sprzatanie-swietej-katarzyny","status":"publish","type":"post","link":"https:\/\/www.spkatarzyna.pl\/index.php\/2026\/04\/19\/akcja-sprzatanie-swietej-katarzyny\/","title":{"rendered":"Akcja sprz\u0105tanie \u015awi\u0119tej Katarzyny"},"content":{"rendered":"\t\t<div data-elementor-type=\"wp-post\" data-elementor-id=\"19258\" class=\"elementor elementor-19258\">\n\t\t\t\t<div class=\"elementor-element elementor-element-16e2b365 e-flex e-con-boxed e-con e-parent\" data-id=\"16e2b365\" data-element_type=\"container\">\n\t\t\t\t\t<div class=\"e-con-inner\">\n\t\t\t\t<div class=\"elementor-element elementor-element-337a2aad elementor-widget elementor-widget-text-editor\" data-id=\"337a2aad\" data-element_type=\"widget\" data-widget_type=\"text-editor.default\">\n\t\t\t\t\t\t\t\t\t<p style=\"text-align: justify;\"><span style=\"font-size: 14pt;\">W sobot\u0119, 18.04.2026 r., uczniowie i nauczyciele naszej szko\u0142y aktywnie w\u0142\u0105czyli si\u0119 w akcj\u0119 sprz\u0105tania \u015awi\u0119tej Katarzyny.&nbsp;<\/span>\r\n<span style=\"font-size: 14pt;\">Uczniowie wraz z opiekunami zostali podzieleni na kilka grup i wyruszyli ulicami naszej miejscowo\u015bci, aby uporz\u0105dkowa\u0107 teren i oczy\u015bci\u0107 go z pozostawionych \u015bmieci. Dzi\u0119ki wsp\u00f3lnemu zaanga\u017cowaniu uda\u0142o si\u0119 zebra\u0107 wiele odpad\u00f3w i zadba\u0107 o estetyk\u0119 najbli\u017cszego otoczenia.<\/span><\/p>\r\n<p style=\"text-align: justify;\"><span style=\"font-size: 14pt;\">Na zako\u0144czenie akcji Rada Osiedla \u015awi\u0119ta Katarzyna zorganizowa\u0142a dla uczestnik\u00f3w wsp\u00f3lne ognisko. Nie zabrak\u0142o pieczonych kie\u0142basek, popcornu oraz waty cukrowej, kt\u00f3re by\u0142y mi\u0142ym zwie\u0144czeniem tego warto\u015bciowego i integruj\u0105cego wydarzenia.<\/span><\/p>\r\n<p style=\"text-align: justify;\"><span style=\"font-size: 14pt;\">Dzi\u0119kujemy wszystkim uczniom, nauczycielom oraz organizatorom za zaanga\u017cowanie i wsp\u00f3ln\u0105 trosk\u0119 o czysto\u015b\u0107 \u015awi\u0119tej Katarzyny.&nbsp;<\/span><\/p>\r\n\r\n<div style=\"text-align: right;\"><span style=\"font-size: 14pt; color: #000000;\">Magdalena Kochan &#8211; Nowik<\/span><\/div>\r\n<p style=\"text-align: right;\"><span style=\"font-size: 14pt; color: #000000;\">Dyrektor Publicznej Szko\u0142y Podstawowej w \u015aw. Katarzynie&nbsp;<\/span><\/p>\t\t\t\t\t\t\t\t<\/div>\n\t\t\t\t<div class=\"elementor-element elementor-element-4e15c4b elementor-widget elementor-widget-image-gallery\" data-id=\"4e15c4b\" data-element_type=\"widget\" data-widget_type=\"image-gallery.default\">\n\t\t\t\t\t\t\t<div class=\"elementor-image-gallery\">\n\t\t\t\n\t\t<div id='gallery-1' class='gallery galleryid-19258 gallery-columns-8 gallery-size-thumbnail gallery1'><script type=\"text\/javascript\">\n\/\/ <![CDATA[\n\tjQuery(document).ready(function () {\n\t\tjQuery(\".gallery1 a\").attr(\"rel\",\"gallery1\");\t\n\t\tjQuery('a[rel=\"gallery1\"]').colorbox({title: function(){ return jQuery(this).children().attr(\"alt\"); }});\n\t});\n\/\/ ]]>\n<\/script>\n<dl class=\"gallery-item\">\n<dt class=\"gallery-icon\">\n<a href=\"https:\/\/www.spkatarzyna.pl\/wp-content\/uploads\/2026\/04\/86f0e749-7ee6-4a27-8a56-f8e5f3835785-169x300.jpeg\" title=\"\" rel=\"gallery1\" rel=\"lightbox[19258]\"><img decoding=\"async\" src=\"https:\/\/www.spkatarzyna.pl\/wp-content\/uploads\/2026\/04\/86f0e749-7ee6-4a27-8a56-f8e5f3835785-150x150.jpeg\" width=\"150\" height=\"150\" alt=\"\" \/><\/a>\n<\/dt><\/dl><dl class=\"gallery-item\">\n<dt class=\"gallery-icon\">\n<a href=\"https:\/\/www.spkatarzyna.pl\/wp-content\/uploads\/2026\/04\/01963a22-f009-4091-b29d-0113f5f4b717-300x225.jpeg\" title=\"\" rel=\"gallery1\" rel=\"lightbox[19258]\"><img decoding=\"async\" src=\"https:\/\/www.spkatarzyna.pl\/wp-content\/uploads\/2026\/04\/01963a22-f009-4091-b29d-0113f5f4b717-150x150.jpeg\" width=\"150\" height=\"150\" alt=\"\" \/><\/a>\n<\/dt><\/dl><dl class=\"gallery-item\">\n<dt class=\"gallery-icon\">\n<a href=\"https:\/\/www.spkatarzyna.pl\/wp-content\/uploads\/2026\/04\/a59c7488-a891-455f-8cad-c0bda7b4606c-300x225.jpeg\" title=\"\" rel=\"gallery1\" rel=\"lightbox[19258]\"><img decoding=\"async\" src=\"https:\/\/www.spkatarzyna.pl\/wp-content\/uploads\/2026\/04\/a59c7488-a891-455f-8cad-c0bda7b4606c-150x150.jpeg\" width=\"150\" height=\"150\" alt=\"\" \/><\/a>\n<\/dt><\/dl><dl class=\"gallery-item\">\n<dt class=\"gallery-icon\">\n<a href=\"https:\/\/www.spkatarzyna.pl\/wp-content\/uploads\/2026\/04\/c41c8f7e-50ac-40c0-8120-5031176a0d94-300x225.jpeg\" title=\"\" rel=\"gallery1\" rel=\"lightbox[19258]\"><img loading=\"lazy\" decoding=\"async\" src=\"https:\/\/www.spkatarzyna.pl\/wp-content\/uploads\/2026\/04\/c41c8f7e-50ac-40c0-8120-5031176a0d94-150x150.jpeg\" width=\"150\" height=\"150\" alt=\"\" \/><\/a>\n<\/dt><\/dl><dl class=\"gallery-item\">\n<dt class=\"gallery-icon\">\n<a href=\"https:\/\/www.spkatarzyna.pl\/wp-content\/uploads\/2026\/04\/IMG_3397-300x225.jpeg\" title=\"\" rel=\"gallery1\" rel=\"lightbox[19258]\"><img loading=\"lazy\" decoding=\"async\" src=\"https:\/\/www.spkatarzyna.pl\/wp-content\/uploads\/2026\/04\/IMG_3397-150x150.jpeg\" width=\"150\" height=\"150\" alt=\"\" \/><\/a>\n<\/dt><\/dl><dl class=\"gallery-item\">\n<dt class=\"gallery-icon\">\n<a href=\"https:\/\/www.spkatarzyna.pl\/wp-content\/uploads\/2026\/04\/IMG_3398-300x225.jpeg\" title=\"\" rel=\"gallery1\" rel=\"lightbox[19258]\"><img loading=\"lazy\" decoding=\"async\" src=\"https:\/\/www.spkatarzyna.pl\/wp-content\/uploads\/2026\/04\/IMG_3398-150x150.jpeg\" width=\"150\" height=\"150\" alt=\"\" \/><\/a>\n<\/dt><\/dl><dl class=\"gallery-item\">\n<dt class=\"gallery-icon\">\n<a href=\"https:\/\/www.spkatarzyna.pl\/wp-content\/uploads\/2026\/04\/IMG_3399-300x225.jpeg\" title=\"\" rel=\"gallery1\" rel=\"lightbox[19258]\"><img loading=\"lazy\" decoding=\"async\" src=\"https:\/\/www.spkatarzyna.pl\/wp-content\/uploads\/2026\/04\/IMG_3399-150x150.jpeg\" width=\"150\" height=\"150\" alt=\"\" \/><\/a>\n<\/dt><\/dl><dl class=\"gallery-item\">\n<dt class=\"gallery-icon\">\n<a href=\"https:\/\/www.spkatarzyna.pl\/wp-content\/uploads\/2026\/04\/IMG_3404-225x300.jpeg\" title=\"\" rel=\"gallery1\" rel=\"lightbox[19258]\"><img loading=\"lazy\" decoding=\"async\" src=\"https:\/\/www.spkatarzyna.pl\/wp-content\/uploads\/2026\/04\/IMG_3404-150x150.jpeg\" width=\"150\" height=\"150\" alt=\"\" \/><\/a>\n<\/dt><\/dl><br style=\"clear: both\" \/><dl class=\"gallery-item\">\n<dt class=\"gallery-icon\">\n<a href=\"https:\/\/www.spkatarzyna.pl\/wp-content\/uploads\/2026\/04\/IMG_3405-225x300.jpeg\" title=\"\" rel=\"gallery1\" rel=\"lightbox[19258]\"><img loading=\"lazy\" decoding=\"async\" src=\"https:\/\/www.spkatarzyna.pl\/wp-content\/uploads\/2026\/04\/IMG_3405-150x150.jpeg\" width=\"150\" height=\"150\" alt=\"\" \/><\/a>\n<\/dt><\/dl><dl class=\"gallery-item\">\n<dt class=\"gallery-icon\">\n<a href=\"https:\/\/www.spkatarzyna.pl\/wp-content\/uploads\/2026\/04\/IMG_3408-300x225.jpeg\" title=\"\" rel=\"gallery1\" rel=\"lightbox[19258]\"><img loading=\"lazy\" decoding=\"async\" src=\"https:\/\/www.spkatarzyna.pl\/wp-content\/uploads\/2026\/04\/IMG_3408-150x150.jpeg\" width=\"150\" height=\"150\" alt=\"\" \/><\/a>\n<\/dt><\/dl><dl class=\"gallery-item\">\n<dt class=\"gallery-icon\">\n<a href=\"https:\/\/www.spkatarzyna.pl\/wp-content\/uploads\/2026\/04\/IMG_3410-300x225.jpeg\" title=\"\" rel=\"gallery1\" rel=\"lightbox[19258]\"><img loading=\"lazy\" decoding=\"async\" src=\"https:\/\/www.spkatarzyna.pl\/wp-content\/uploads\/2026\/04\/IMG_3410-150x150.jpeg\" width=\"150\" height=\"150\" alt=\"\" \/><\/a>\n<\/dt><\/dl><dl class=\"gallery-item\">\n<dt class=\"gallery-icon\">\n<a href=\"https:\/\/www.spkatarzyna.pl\/wp-content\/uploads\/2026\/04\/IMG_3411-300x225.jpeg\" title=\"\" rel=\"gallery1\" rel=\"lightbox[19258]\"><img loading=\"lazy\" decoding=\"async\" src=\"https:\/\/www.spkatarzyna.pl\/wp-content\/uploads\/2026\/04\/IMG_3411-150x150.jpeg\" width=\"150\" height=\"150\" alt=\"\" \/><\/a>\n<\/dt><\/dl><dl class=\"gallery-item\">\n<dt class=\"gallery-icon\">\n<a href=\"https:\/\/www.spkatarzyna.pl\/wp-content\/uploads\/2026\/04\/IMG_3412-300x225.jpeg\" title=\"\" rel=\"gallery1\" rel=\"lightbox[19258]\"><img loading=\"lazy\" decoding=\"async\" src=\"https:\/\/www.spkatarzyna.pl\/wp-content\/uploads\/2026\/04\/IMG_3412-150x150.jpeg\" width=\"150\" height=\"150\" alt=\"\" \/><\/a>\n<\/dt><\/dl><dl class=\"gallery-item\">\n<dt class=\"gallery-icon\">\n<a href=\"https:\/\/www.spkatarzyna.pl\/wp-content\/uploads\/2026\/04\/IMG_3416-300x225.jpeg\" title=\"\" rel=\"gallery1\" rel=\"lightbox[19258]\"><img loading=\"lazy\" decoding=\"async\" src=\"https:\/\/www.spkatarzyna.pl\/wp-content\/uploads\/2026\/04\/IMG_3416-150x150.jpeg\" width=\"150\" height=\"150\" alt=\"\" \/><\/a>\n<\/dt><\/dl><dl class=\"gallery-item\">\n<dt class=\"gallery-icon\">\n<a href=\"https:\/\/www.spkatarzyna.pl\/wp-content\/uploads\/2026\/04\/IMG_3417-300x225.jpeg\" title=\"\" rel=\"gallery1\" rel=\"lightbox[19258]\"><img loading=\"lazy\" decoding=\"async\" src=\"https:\/\/www.spkatarzyna.pl\/wp-content\/uploads\/2026\/04\/IMG_3417-150x150.jpeg\" width=\"150\" height=\"150\" alt=\"\" \/><\/a>\n<\/dt><\/dl><dl class=\"gallery-item\">\n<dt class=\"gallery-icon\">\n<a href=\"https:\/\/www.spkatarzyna.pl\/wp-content\/uploads\/2026\/04\/IMG_3418-300x225.jpeg\" title=\"\" rel=\"gallery1\" rel=\"lightbox[19258]\"><img loading=\"lazy\" decoding=\"async\" src=\"https:\/\/www.spkatarzyna.pl\/wp-content\/uploads\/2026\/04\/IMG_3418-150x150.jpeg\" width=\"150\" height=\"150\" alt=\"\" \/><\/a>\n<\/dt><\/dl><br style=\"clear: both\" \/><br style=\"clear: both\" \/><\/div>\t\t<\/div>\n\t\t\t\t\t\t<\/div>\n\t\t\t\t<div class=\"elementor-element elementor-element-9fe61e5 elementor-widget elementor-widget-video\" data-id=\"9fe61e5\" data-element_type=\"widget\" data-settings=\"{&quot;youtube_url&quot;:&quot;https:\\\/\\\/www.youtube.com\\\/watch?v=g8ZMkURpjbY&quot;,&quot;video_type&quot;:&quot;youtube&quot;,&quot;controls&quot;:&quot;yes&quot;}\" data-widget_type=\"video.default\">\n\t\t\t\t\t\t\t<div class=\"elementor-wrapper elementor-open-inline\">\n\t\t\t<div class=\"elementor-video\"><\/div>\t\t<\/div>\n\t\t\t\t\t\t<\/div>\n\t\t\t\t\t<\/div>\n\t\t\t\t<\/div>\n\t\t\t\t<\/div>\n\t\t","protected":false},"excerpt":{"rendered":"<p>W sobot\u0119, 18.04.2026 r., uczniowie i nauczyciele naszej szko\u0142y aktywnie w\u0142\u0105czyli si\u0119 w akcj\u0119 sprz\u0105tania \u015awi\u0119tej Katarzyny.&nbsp; Uczniowie wraz z opiekunami zostali podzieleni na kilka grup i wyruszyli ulicami naszej miejscowo\u015bci, aby uporz\u0105dkowa\u0107 teren i oczy\u015bci\u0107 go z pozostawionych \u015bmieci. Dzi\u0119ki wsp\u00f3lnemu zaanga\u017cowaniu uda\u0142o si\u0119 zebra\u0107 wiele odpad\u00f3w i zadba\u0107 [&hellip;]<\/p>\n","protected":false},"author":6,"featured_media":19259,"comment_status":"open","ping_status":"open","sticky":false,"template":"","format":"standard","meta":{"om_disable_all_campaigns":false,"_monsterinsights_skip_tracking":false,"ngg_post_thumbnail":0,"footnotes":""},"categories":[1],"tags":[],"class_list":["post-19258","post","type-post","status-publish","format-standard","has-post-thumbnail","hentry","category-uncategorized"],"aioseo_notices":[],"aioseo_head":"\n\t\t<!-- All in One SEO 5.0.1.1 - aioseo.com -->\n\t<meta name=\"description\" content=\"W sobot\u0119, 18.04.2026 r., uczniowie i nauczyciele naszej szko\u0142y aktywnie w\u0142\u0105czyli si\u0119 w akcj\u0119 sprz\u0105tania \u015awi\u0119tej Katarzyny. Uczniowie wraz z opiekunami zostali podzieleni na kilka grup i wyruszyli ulicami naszej miejscowo\u015bci, aby uporz\u0105dkowa\u0107 teren i oczy\u015bci\u0107 go z pozostawionych \u015bmieci. Dzi\u0119ki wsp\u00f3lnemu zaanga\u017cowaniu uda\u0142o si\u0119 zebra\u0107 wiele odpad\u00f3w i zadba\u0107 o estetyk\u0119 najbli\u017cszego otoczenia. Na\" \/>\n\t<meta name=\"robots\" content=\"max-image-preview:large\" \/>\n\t<meta name=\"author\" content=\"Redakcja\"\/>\n\t<link rel=\"canonical\" href=\"https:\/\/www.spkatarzyna.pl\/index.php\/2026\/04\/19\/akcja-sprzatanie-swietej-katarzyny\/\" \/>\n\t<meta name=\"generator\" content=\"All in One SEO (AIOSEO) 5.0.1.1\" \/>\n\t\t<meta property=\"og:locale\" content=\"pl_PL\" \/>\n\t\t<meta property=\"og:site_name\" content=\"SP Katarzyna - Publiczna Szko\u0142a Podstawowa w \u015awi\u0119tej Katarzynie\" \/>\n\t\t<meta property=\"og:type\" content=\"article\" \/>\n\t\t<meta property=\"og:title\" content=\"Akcja sprz\u0105tanie \u015awi\u0119tej Katarzyny - SP Katarzyna\" \/>\n\t\t<meta property=\"og:description\" content=\"W sobot\u0119, 18.04.2026 r., uczniowie i nauczyciele naszej szko\u0142y aktywnie w\u0142\u0105czyli si\u0119 w akcj\u0119 sprz\u0105tania \u015awi\u0119tej Katarzyny. Uczniowie wraz z opiekunami zostali podzieleni na kilka grup i wyruszyli ulicami naszej miejscowo\u015bci, aby uporz\u0105dkowa\u0107 teren i oczy\u015bci\u0107 go z pozostawionych \u015bmieci. Dzi\u0119ki wsp\u00f3lnemu zaanga\u017cowaniu uda\u0142o si\u0119 zebra\u0107 wiele odpad\u00f3w i zadba\u0107 o estetyk\u0119 najbli\u017cszego otoczenia. Na\" \/>\n\t\t<meta property=\"og:url\" content=\"https:\/\/www.spkatarzyna.pl\/index.php\/2026\/04\/19\/akcja-sprzatanie-swietej-katarzyny\/\" \/>\n\t\t<meta property=\"article:published_time\" content=\"2026-04-19T17:42:13+00:00\" \/>\n\t\t<meta property=\"article:modified_time\" content=\"2026-04-19T17:50:31+00:00\" \/>\n\t\t<meta name=\"twitter:card\" content=\"summary_large_image\" \/>\n\t\t<meta name=\"twitter:title\" content=\"Akcja sprz\u0105tanie \u015awi\u0119tej Katarzyny - SP Katarzyna\" \/>\n\t\t<meta name=\"twitter:description\" content=\"W sobot\u0119, 18.04.2026 r., uczniowie i nauczyciele naszej szko\u0142y aktywnie w\u0142\u0105czyli si\u0119 w akcj\u0119 sprz\u0105tania \u015awi\u0119tej Katarzyny. Uczniowie wraz z opiekunami zostali podzieleni na kilka grup i wyruszyli ulicami naszej miejscowo\u015bci, aby uporz\u0105dkowa\u0107 teren i oczy\u015bci\u0107 go z pozostawionych \u015bmieci. Dzi\u0119ki wsp\u00f3lnemu zaanga\u017cowaniu uda\u0142o si\u0119 zebra\u0107 wiele odpad\u00f3w i zadba\u0107 o estetyk\u0119 najbli\u017cszego otoczenia. Na\" \/>\n\t\t<script type=\"application\/ld+json\" class=\"aioseo-schema\">\n\t\t\t{\"@context\":\"https:\\\/\\\/schema.org\",\"@graph\":[{\"@type\":\"BlogPosting\",\"@id\":\"https:\\\/\\\/www.spkatarzyna.pl\\\/index.php\\\/2026\\\/04\\\/19\\\/akcja-sprzatanie-swietej-katarzyny\\\/#blogposting\",\"name\":\"Akcja sprz\\u0105tanie \\u015awi\\u0119tej Katarzyny - SP Katarzyna\",\"headline\":\"Akcja sprz\\u0105tanie \\u015awi\\u0119tej Katarzyny\",\"author\":{\"@id\":\"https:\\\/\\\/www.spkatarzyna.pl\\\/index.php\\\/author\\\/agatasafianspkatarzyna-pl\\\/#author\"},\"publisher\":{\"@id\":\"https:\\\/\\\/www.spkatarzyna.pl\\\/#organization\"},\"image\":{\"@type\":\"ImageObject\",\"url\":\"https:\\\/\\\/www.spkatarzyna.pl\\\/wp-content\\\/uploads\\\/2026\\\/04\\\/01963a22-f009-4091-b29d-0113f5f4.jpg\",\"width\":360,\"height\":202},\"datePublished\":\"2026-04-19T19:42:13+02:00\",\"dateModified\":\"2026-04-19T19:50:31+02:00\",\"inLanguage\":\"pl-PL\",\"mainEntityOfPage\":{\"@id\":\"https:\\\/\\\/www.spkatarzyna.pl\\\/index.php\\\/2026\\\/04\\\/19\\\/akcja-sprzatanie-swietej-katarzyny\\\/#webpage\"},\"isPartOf\":{\"@id\":\"https:\\\/\\\/www.spkatarzyna.pl\\\/index.php\\\/2026\\\/04\\\/19\\\/akcja-sprzatanie-swietej-katarzyny\\\/#webpage\"},\"articleSection\":\"Uncategorized\"},{\"@type\":\"BreadcrumbList\",\"@id\":\"https:\\\/\\\/www.spkatarzyna.pl\\\/index.php\\\/2026\\\/04\\\/19\\\/akcja-sprzatanie-swietej-katarzyny\\\/#breadcrumblist\",\"itemListElement\":[{\"@type\":\"ListItem\",\"@id\":\"https:\\\/\\\/www.spkatarzyna.pl#listItem\",\"position\":1,\"name\":\"Dom\",\"item\":\"https:\\\/\\\/www.spkatarzyna.pl\",\"nextItem\":{\"@type\":\"ListItem\",\"@id\":\"https:\\\/\\\/www.spkatarzyna.pl\\\/index.php\\\/category\\\/uncategorized\\\/#listItem\",\"name\":\"Uncategorized\"}},{\"@type\":\"ListItem\",\"@id\":\"https:\\\/\\\/www.spkatarzyna.pl\\\/index.php\\\/category\\\/uncategorized\\\/#listItem\",\"position\":2,\"name\":\"Uncategorized\",\"item\":\"https:\\\/\\\/www.spkatarzyna.pl\\\/index.php\\\/category\\\/uncategorized\\\/\",\"nextItem\":{\"@type\":\"ListItem\",\"@id\":\"https:\\\/\\\/www.spkatarzyna.pl\\\/index.php\\\/2026\\\/04\\\/19\\\/akcja-sprzatanie-swietej-katarzyny\\\/#listItem\",\"name\":\"Akcja sprz\\u0105tanie \\u015awi\\u0119tej Katarzyny\"},\"previousItem\":{\"@type\":\"ListItem\",\"@id\":\"https:\\\/\\\/www.spkatarzyna.pl#listItem\",\"name\":\"Dom\"}},{\"@type\":\"ListItem\",\"@id\":\"https:\\\/\\\/www.spkatarzyna.pl\\\/index.php\\\/2026\\\/04\\\/19\\\/akcja-sprzatanie-swietej-katarzyny\\\/#listItem\",\"position\":3,\"name\":\"Akcja sprz\\u0105tanie \\u015awi\\u0119tej Katarzyny\",\"previousItem\":{\"@type\":\"ListItem\",\"@id\":\"https:\\\/\\\/www.spkatarzyna.pl\\\/index.php\\\/category\\\/uncategorized\\\/#listItem\",\"name\":\"Uncategorized\"}}]},{\"@type\":\"Organization\",\"@id\":\"https:\\\/\\\/www.spkatarzyna.pl\\\/#organization\",\"name\":\"SP Katarzyna\",\"description\":\"Publiczna Szko\\u0142a Podstawowa w \\u015awi\\u0119tej Katarzynie\",\"url\":\"https:\\\/\\\/www.spkatarzyna.pl\\\/\",\"telephone\":\"+48713116378\",\"sameAs\":[\"https:\\\/\\\/facebook.com\\\/\",\"https:\\\/\\\/x.com\\\/\",\"https:\\\/\\\/instagram.com\\\/\",\"https:\\\/\\\/pinterest.com\\\/\",\"https:\\\/\\\/youtube.com\\\/\",\"https:\\\/\\\/linkedin.com\\\/in\\\/\"]},{\"@type\":\"Person\",\"@id\":\"https:\\\/\\\/www.spkatarzyna.pl\\\/index.php\\\/author\\\/agatasafianspkatarzyna-pl\\\/#author\",\"url\":\"https:\\\/\\\/www.spkatarzyna.pl\\\/index.php\\\/author\\\/agatasafianspkatarzyna-pl\\\/\",\"name\":\"Redakcja\",\"image\":{\"@type\":\"ImageObject\",\"@id\":\"https:\\\/\\\/www.spkatarzyna.pl\\\/index.php\\\/2026\\\/04\\\/19\\\/akcja-sprzatanie-swietej-katarzyny\\\/#authorImage\",\"url\":\"https:\\\/\\\/secure.gravatar.com\\\/avatar\\\/765290513df94d442152250e92b42327?s=96&d=mm&r=g\",\"width\":96,\"height\":96,\"caption\":\"Redakcja\"}},{\"@type\":\"WebPage\",\"@id\":\"https:\\\/\\\/www.spkatarzyna.pl\\\/index.php\\\/2026\\\/04\\\/19\\\/akcja-sprzatanie-swietej-katarzyny\\\/#webpage\",\"url\":\"https:\\\/\\\/www.spkatarzyna.pl\\\/index.php\\\/2026\\\/04\\\/19\\\/akcja-sprzatanie-swietej-katarzyny\\\/\",\"name\":\"Akcja sprz\\u0105tanie \\u015awi\\u0119tej Katarzyny - SP Katarzyna\",\"description\":\"W sobot\\u0119, 18.04.2026 r., uczniowie i nauczyciele naszej szko\\u0142y aktywnie w\\u0142\\u0105czyli si\\u0119 w akcj\\u0119 sprz\\u0105tania \\u015awi\\u0119tej Katarzyny. Uczniowie wraz z opiekunami zostali podzieleni na kilka grup i wyruszyli ulicami naszej miejscowo\\u015bci, aby uporz\\u0105dkowa\\u0107 teren i oczy\\u015bci\\u0107 go z pozostawionych \\u015bmieci. Dzi\\u0119ki wsp\\u00f3lnemu zaanga\\u017cowaniu uda\\u0142o si\\u0119 zebra\\u0107 wiele odpad\\u00f3w i zadba\\u0107 o estetyk\\u0119 najbli\\u017cszego otoczenia. Na\",\"inLanguage\":\"pl-PL\",\"isPartOf\":{\"@id\":\"https:\\\/\\\/www.spkatarzyna.pl\\\/#website\"},\"breadcrumb\":{\"@id\":\"https:\\\/\\\/www.spkatarzyna.pl\\\/index.php\\\/2026\\\/04\\\/19\\\/akcja-sprzatanie-swietej-katarzyny\\\/#breadcrumblist\"},\"author\":{\"@id\":\"https:\\\/\\\/www.spkatarzyna.pl\\\/index.php\\\/author\\\/agatasafianspkatarzyna-pl\\\/#author\"},\"creator\":{\"@id\":\"https:\\\/\\\/www.spkatarzyna.pl\\\/index.php\\\/author\\\/agatasafianspkatarzyna-pl\\\/#author\"},\"image\":{\"@type\":\"ImageObject\",\"url\":\"https:\\\/\\\/www.spkatarzyna.pl\\\/wp-content\\\/uploads\\\/2026\\\/04\\\/01963a22-f009-4091-b29d-0113f5f4.jpg\",\"@id\":\"https:\\\/\\\/www.spkatarzyna.pl\\\/index.php\\\/2026\\\/04\\\/19\\\/akcja-sprzatanie-swietej-katarzyny\\\/#mainImage\",\"width\":360,\"height\":202},\"primaryImageOfPage\":{\"@id\":\"https:\\\/\\\/www.spkatarzyna.pl\\\/index.php\\\/2026\\\/04\\\/19\\\/akcja-sprzatanie-swietej-katarzyny\\\/#mainImage\"},\"datePublished\":\"2026-04-19T19:42:13+02:00\",\"dateModified\":\"2026-04-19T19:50:31+02:00\"},{\"@type\":\"WebSite\",\"@id\":\"https:\\\/\\\/www.spkatarzyna.pl\\\/#website\",\"url\":\"https:\\\/\\\/www.spkatarzyna.pl\\\/\",\"name\":\"SP Katarzyna\",\"description\":\"Publiczna Szko\\u0142a Podstawowa w \\u015awi\\u0119tej Katarzynie\",\"inLanguage\":\"pl-PL\",\"publisher\":{\"@id\":\"https:\\\/\\\/www.spkatarzyna.pl\\\/#organization\"}}]}\n\t\t<\/script>\n\t\t<!-- All in One SEO -->\n\n","aioseo_head_json":{"title":"Akcja sprz\u0105tanie \u015awi\u0119tej Katarzyny - SP Katarzyna","description":"W sobot\u0119, 18.04.2026 r., uczniowie i nauczyciele naszej szko\u0142y aktywnie w\u0142\u0105czyli si\u0119 w akcj\u0119 sprz\u0105tania \u015awi\u0119tej Katarzyny. Uczniowie wraz z opiekunami zostali podzieleni na kilka grup i wyruszyli ulicami naszej miejscowo\u015bci, aby uporz\u0105dkowa\u0107 teren i oczy\u015bci\u0107 go z pozostawionych \u015bmieci. Dzi\u0119ki wsp\u00f3lnemu zaanga\u017cowaniu uda\u0142o si\u0119 zebra\u0107 wiele odpad\u00f3w i zadba\u0107 o estetyk\u0119 najbli\u017cszego otoczenia. Na","canonical_url":"https:\/\/www.spkatarzyna.pl\/index.php\/2026\/04\/19\/akcja-sprzatanie-swietej-katarzyny\/","robots":"max-image-preview:large","keywords":"","webmasterTools":{"miscellaneous":""},"schema":{"@context":"https:\/\/schema.org","@graph":[{"@type":"BlogPosting","@id":"https:\/\/www.spkatarzyna.pl\/index.php\/2026\/04\/19\/akcja-sprzatanie-swietej-katarzyny\/#blogposting","name":"Akcja sprz\u0105tanie \u015awi\u0119tej Katarzyny - SP Katarzyna","headline":"Akcja sprz\u0105tanie \u015awi\u0119tej Katarzyny","author":{"@id":"https:\/\/www.spkatarzyna.pl\/index.php\/author\/agatasafianspkatarzyna-pl\/#author"},"publisher":{"@id":"https:\/\/www.spkatarzyna.pl\/#organization"},"image":{"@type":"ImageObject","url":"https:\/\/www.spkatarzyna.pl\/wp-content\/uploads\/2026\/04\/01963a22-f009-4091-b29d-0113f5f4.jpg","width":360,"height":202},"datePublished":"2026-04-19T19:42:13+02:00","dateModified":"2026-04-19T19:50:31+02:00","inLanguage":"pl-PL","mainEntityOfPage":{"@id":"https:\/\/www.spkatarzyna.pl\/index.php\/2026\/04\/19\/akcja-sprzatanie-swietej-katarzyny\/#webpage"},"isPartOf":{"@id":"https:\/\/www.spkatarzyna.pl\/index.php\/2026\/04\/19\/akcja-sprzatanie-swietej-katarzyny\/#webpage"},"articleSection":"Uncategorized"},{"@type":"BreadcrumbList","@id":"https:\/\/www.spkatarzyna.pl\/index.php\/2026\/04\/19\/akcja-sprzatanie-swietej-katarzyny\/#breadcrumblist","itemListElement":[{"@type":"ListItem","@id":"https:\/\/www.spkatarzyna.pl#listItem","position":1,"name":"Dom","item":"https:\/\/www.spkatarzyna.pl","nextItem":{"@type":"ListItem","@id":"https:\/\/www.spkatarzyna.pl\/index.php\/category\/uncategorized\/#listItem","name":"Uncategorized"}},{"@type":"ListItem","@id":"https:\/\/www.spkatarzyna.pl\/index.php\/category\/uncategorized\/#listItem","position":2,"name":"Uncategorized","item":"https:\/\/www.spkatarzyna.pl\/index.php\/category\/uncategorized\/","nextItem":{"@type":"ListItem","@id":"https:\/\/www.spkatarzyna.pl\/index.php\/2026\/04\/19\/akcja-sprzatanie-swietej-katarzyny\/#listItem","name":"Akcja sprz\u0105tanie \u015awi\u0119tej Katarzyny"},"previousItem":{"@type":"ListItem","@id":"https:\/\/www.spkatarzyna.pl#listItem","name":"Dom"}},{"@type":"ListItem","@id":"https:\/\/www.spkatarzyna.pl\/index.php\/2026\/04\/19\/akcja-sprzatanie-swietej-katarzyny\/#listItem","position":3,"name":"Akcja sprz\u0105tanie \u015awi\u0119tej Katarzyny","previousItem":{"@type":"ListItem","@id":"https:\/\/www.spkatarzyna.pl\/index.php\/category\/uncategorized\/#listItem","name":"Uncategorized"}}]},{"@type":"Organization","@id":"https:\/\/www.spkatarzyna.pl\/#organization","name":"SP Katarzyna","description":"Publiczna Szko\u0142a Podstawowa w \u015awi\u0119tej Katarzynie","url":"https:\/\/www.spkatarzyna.pl\/","telephone":"+48713116378","sameAs":["https:\/\/facebook.com\/","https:\/\/x.com\/","https:\/\/instagram.com\/","https:\/\/pinterest.com\/","https:\/\/youtube.com\/","https:\/\/linkedin.com\/in\/"]},{"@type":"Person","@id":"https:\/\/www.spkatarzyna.pl\/index.php\/author\/agatasafianspkatarzyna-pl\/#author","url":"https:\/\/www.spkatarzyna.pl\/index.php\/author\/agatasafianspkatarzyna-pl\/","name":"Redakcja","image":{"@type":"ImageObject","@id":"https:\/\/www.spkatarzyna.pl\/index.php\/2026\/04\/19\/akcja-sprzatanie-swietej-katarzyny\/#authorImage","url":"https:\/\/secure.gravatar.com\/avatar\/765290513df94d442152250e92b42327?s=96&d=mm&r=g","width":96,"height":96,"caption":"Redakcja"}},{"@type":"WebPage","@id":"https:\/\/www.spkatarzyna.pl\/index.php\/2026\/04\/19\/akcja-sprzatanie-swietej-katarzyny\/#webpage","url":"https:\/\/www.spkatarzyna.pl\/index.php\/2026\/04\/19\/akcja-sprzatanie-swietej-katarzyny\/","name":"Akcja sprz\u0105tanie \u015awi\u0119tej Katarzyny - SP Katarzyna","description":"W sobot\u0119, 18.04.2026 r., uczniowie i nauczyciele naszej szko\u0142y aktywnie w\u0142\u0105czyli si\u0119 w akcj\u0119 sprz\u0105tania \u015awi\u0119tej Katarzyny. Uczniowie wraz z opiekunami zostali podzieleni na kilka grup i wyruszyli ulicami naszej miejscowo\u015bci, aby uporz\u0105dkowa\u0107 teren i oczy\u015bci\u0107 go z pozostawionych \u015bmieci. Dzi\u0119ki wsp\u00f3lnemu zaanga\u017cowaniu uda\u0142o si\u0119 zebra\u0107 wiele odpad\u00f3w i zadba\u0107 o estetyk\u0119 najbli\u017cszego otoczenia. Na","inLanguage":"pl-PL","isPartOf":{"@id":"https:\/\/www.spkatarzyna.pl\/#website"},"breadcrumb":{"@id":"https:\/\/www.spkatarzyna.pl\/index.php\/2026\/04\/19\/akcja-sprzatanie-swietej-katarzyny\/#breadcrumblist"},"author":{"@id":"https:\/\/www.spkatarzyna.pl\/index.php\/author\/agatasafianspkatarzyna-pl\/#author"},"creator":{"@id":"https:\/\/www.spkatarzyna.pl\/index.php\/author\/agatasafianspkatarzyna-pl\/#author"},"image":{"@type":"ImageObject","url":"https:\/\/www.spkatarzyna.pl\/wp-content\/uploads\/2026\/04\/01963a22-f009-4091-b29d-0113f5f4.jpg","@id":"https:\/\/www.spkatarzyna.pl\/index.php\/2026\/04\/19\/akcja-sprzatanie-swietej-katarzyny\/#mainImage","width":360,"height":202},"primaryImageOfPage":{"@id":"https:\/\/www.spkatarzyna.pl\/index.php\/2026\/04\/19\/akcja-sprzatanie-swietej-katarzyny\/#mainImage"},"datePublished":"2026-04-19T19:42:13+02:00","dateModified":"2026-04-19T19:50:31+02:00"},{"@type":"WebSite","@id":"https:\/\/www.spkatarzyna.pl\/#website","url":"https:\/\/www.spkatarzyna.pl\/","name":"SP Katarzyna","description":"Publiczna Szko\u0142a Podstawowa w \u015awi\u0119tej Katarzynie","inLanguage":"pl-PL","publisher":{"@id":"https:\/\/www.spkatarzyna.pl\/#organization"}}]},"og:locale":"pl_PL","og:site_name":"SP Katarzyna - Publiczna Szko\u0142a Podstawowa w \u015awi\u0119tej Katarzynie","og:type":"article","og:title":"Akcja sprz\u0105tanie \u015awi\u0119tej Katarzyny - SP Katarzyna","og:description":"W sobot\u0119, 18.04.2026 r., uczniowie i nauczyciele naszej szko\u0142y aktywnie w\u0142\u0105czyli si\u0119 w akcj\u0119 sprz\u0105tania \u015awi\u0119tej Katarzyny. Uczniowie wraz z opiekunami zostali podzieleni na kilka grup i wyruszyli ulicami naszej miejscowo\u015bci, aby uporz\u0105dkowa\u0107 teren i oczy\u015bci\u0107 go z pozostawionych \u015bmieci. Dzi\u0119ki wsp\u00f3lnemu zaanga\u017cowaniu uda\u0142o si\u0119 zebra\u0107 wiele odpad\u00f3w i zadba\u0107 o estetyk\u0119 najbli\u017cszego otoczenia. Na","og:url":"https:\/\/www.spkatarzyna.pl\/index.php\/2026\/04\/19\/akcja-sprzatanie-swietej-katarzyny\/","article:published_time":"2026-04-19T17:42:13+00:00","article:modified_time":"2026-04-19T17:50:31+00:00","twitter:card":"summary_large_image","twitter:title":"Akcja sprz\u0105tanie \u015awi\u0119tej Katarzyny - SP Katarzyna","twitter:description":"W sobot\u0119, 18.04.2026 r., uczniowie i nauczyciele naszej szko\u0142y aktywnie w\u0142\u0105czyli si\u0119 w akcj\u0119 sprz\u0105tania \u015awi\u0119tej Katarzyny. Uczniowie wraz z opiekunami zostali podzieleni na kilka grup i wyruszyli ulicami naszej miejscowo\u015bci, aby uporz\u0105dkowa\u0107 teren i oczy\u015bci\u0107 go z pozostawionych \u015bmieci. Dzi\u0119ki wsp\u00f3lnemu zaanga\u017cowaniu uda\u0142o si\u0119 zebra\u0107 wiele odpad\u00f3w i zadba\u0107 o estetyk\u0119 najbli\u017cszego otoczenia. Na"},"aioseo_meta_data":{"post_id":"19258","title":null,"description":null,"keywords":null,"keyphrases":{"focus":{"keyphrase":"","score":0,"analysis":{"keyphraseInTitle":{"score":0,"maxScore":9,"error":1}}},"additional":[]},"primary_term":null,"canonical_url":null,"og_title":null,"og_description":null,"og_object_type":"default","og_image_type":"default","og_image_url":null,"og_image_width":null,"og_image_height":null,"og_image_custom_url":null,"og_image_custom_fields":null,"og_video":"","og_custom_url":null,"og_article_section":null,"og_article_tags":null,"twitter_use_og":false,"twitter_card":"default","twitter_image_type":"default","twitter_image_url":null,"twitter_image_custom_url":null,"twitter_image_custom_fields":null,"twitter_title":null,"twitter_description":null,"schema":{"blockGraphs":[],"customGraphs":[],"default":{"data":{"Article":[],"Course":[],"Dataset":[],"FAQPage":[],"Movie":[],"Person":[],"Product":[],"ProductReview":[],"Car":[],"Recipe":[],"Service":[],"SoftwareApplication":[],"WebPage":[]},"graphName":"BlogPosting","isEnabled":true},"graphs":[]},"schema_type":"default","schema_type_options":null,"pillar_content":false,"robots_default":true,"robots_noindex":false,"robots_noarchive":false,"robots_nosnippet":false,"robots_nofollow":false,"robots_noimageindex":false,"robots_noodp":false,"robots_notranslate":false,"robots_max_snippet":"-1","robots_max_videopreview":"-1","robots_max_imagepreview":"large","priority":null,"frequency":"default","local_seo":null,"limit_modified_date":false,"created":"2026-04-19 17:42:13","updated":"2026-09-03 17:56:22","focus_keyword":null,"additional_keywords":null,"truseo_locale":null,"ai":null,"breadcrumb_settings":null,"seo_analyzer_scan_date":null},"aioseo_breadcrumb":"<div class=\"aioseo-breadcrumbs\"><span class=\"aioseo-breadcrumb\">\n\t\t\t<a href=\"https:\/\/www.spkatarzyna.pl\" title=\"Dom\">Dom<\/a>\n\t\t<\/span><span class=\"aioseo-breadcrumb-separator\">&raquo;<\/span><span class=\"aioseo-breadcrumb\">\n\t\t\t<a href=\"https:\/\/www.spkatarzyna.pl\/index.php\/category\/uncategorized\/\" title=\"Uncategorized\">Uncategorized<\/a>\n\t\t<\/span><span class=\"aioseo-breadcrumb-separator\">&raquo;<\/span><span class=\"aioseo-breadcrumb\">\n\t\t\tAkcja sprz\u0105tanie \u015awi\u0119tej Katarzyny\n\t\t<\/span><\/div>","aioseo_breadcrumb_json":[{"label":"Dom","link":"https:\/\/www.spkatarzyna.pl"},{"label":"Uncategorized","link":"https:\/\/www.spkatarzyna.pl\/index.php\/category\/uncategorized\/"},{"label":"Akcja sprz\u0105tanie \u015awi\u0119tej Katarzyny","link":"https:\/\/www.spkatarzyna.pl\/index.php\/2026\/04\/19\/akcja-sprzatanie-swietej-katarzyny\/"}],"_links":{"self":[{"href":"https:\/\/www.spkatarzyna.pl\/index.php\/wp-json\/wp\/v2\/posts\/19258","targetHints":{"allow":["GET"]}}],"collection":[{"href":"https:\/\/www.spkatarzyna.pl\/index.php\/wp-json\/wp\/v2\/posts"}],"about":[{"href":"https:\/\/www.spkatarzyna.pl\/index.php\/wp-json\/wp\/v2\/types\/post"}],"author":[{"embeddable":true,"href":"https:\/\/www.spkatarzyna.pl\/index.php\/wp-json\/wp\/v2\/users\/6"}],"replies":[{"embeddable":true,"href":"https:\/\/www.spkatarzyna.pl\/index.php\/wp-json\/wp\/v2\/comments?post=19258"}],"version-history":[{"count":13,"href":"https:\/\/www.spkatarzyna.pl\/index.php\/wp-json\/wp\/v2\/posts\/19258\/revisions"}],"predecessor-version":[{"id":19288,"href":"https:\/\/www.spkatarzyna.pl\/index.php\/wp-json\/wp\/v2\/posts\/19258\/revisions\/19288"}],"wp:featuredmedia":[{"embeddable":true,"href":"https:\/\/www.spkatarzyna.pl\/index.php\/wp-json\/wp\/v2\/media\/19259"}],"wp:attachment":[{"href":"https:\/\/www.spkatarzyna.pl\/index.php\/wp-json\/wp\/v2\/media?parent=19258"}],"wp:term":[{"taxonomy":"category","embeddable":true,"href":"https:\/\/www.spkatarzyna.pl\/index.php\/wp-json\/wp\/v2\/categories?post=19258"},{"taxonomy":"post_tag","embeddable":true,"href":"https:\/\/www.spkatarzyna.pl\/index.php\/wp-json\/wp\/v2\/tags?post=19258"}],"curies":[{"name":"wp","href":"https:\/\/api.w.org\/{rel}","templated":true}]}}