{"id":19293,"date":"2026-04-21T15:06:33","date_gmt":"2026-04-21T13:06:33","guid":{"rendered":"https:\/\/www.spkatarzyna.pl\/?p=19293"},"modified":"2026-04-22T14:23:53","modified_gmt":"2026-04-22T12:23:53","slug":"nasza-szkolna-strefa-relaksu-juz-dziala","status":"publish","type":"post","link":"https:\/\/www.spkatarzyna.pl\/index.php\/2026\/04\/21\/nasza-szkolna-strefa-relaksu-juz-dziala\/","title":{"rendered":"Nasza szkolna strefa relaksu ju\u017c dzia\u0142a!"},"content":{"rendered":"\t\t<div data-elementor-type=\"wp-post\" data-elementor-id=\"19293\" class=\"elementor elementor-19293\">\n\t\t\t\t<div class=\"elementor-element elementor-element-3f568b45 e-flex e-con-boxed e-con e-parent\" data-id=\"3f568b45\" data-element_type=\"container\">\n\t\t\t\t\t<div class=\"e-con-inner\">\n\t\t\t\t<div class=\"elementor-element elementor-element-2a49f464 elementor-widget elementor-widget-text-editor\" data-id=\"2a49f464\" data-element_type=\"widget\" data-widget_type=\"text-editor.default\">\n\t\t\t\t\t\t\t\t\t<div>\r\n<p style=\"text-align: justify;\"><span style=\"font-size: 14pt;\">Z przyjemno\u015bci\u0105 informuj\u0119, \u017ce po d\u0142ugiej zimowej przerwie nasi uczniowie oraz nauczyciele mog\u0105 ponownie korzysta\u0107 ze szkolnej strefy relaksu znajduj\u0105cej si\u0119 na patio. To wyj\u0105tkowe miejsce sprzyja nauce i odpoczynkowi \u2013 odbywaj\u0105 si\u0119 tu lekcje w plenerze, wyciszaj\u0105ce przerwy oraz integracyjne zaj\u0119cia \u015bwietlicowe.<\/span><\/p>\r\n<p style=\"text-align: justify;\"><span style=\"font-size: 14pt;\">Zach\u0119camy wszystkich do korzystania z tej przestrzeni i czerpania rado\u015bci ze wsp\u00f3lnego sp\u0119dzania czasu na \u015bwie\u017cym powietrzu.<\/span><\/p>\r\n\r\n<\/div>\r\n<p style=\"text-align: justify;\"><span style=\"color: #888888; font-size: 14pt;\"><span class=\"gmail_signature_prefix\">&#8212; <\/span>\r\n<\/span><\/p>\r\n\r\n<div class=\"gmail_signature\" dir=\"ltr\" data-smartmail=\"gmail_signature\">\r\n<div dir=\"ltr\" style=\"text-align: right;\">\r\n<div style=\"text-align: right;\"><span style=\"font-size: 14pt;\">Magdalena Kochan &#8211; Nowik<\/span><\/div>\r\n<span style=\"font-size: 14pt;\">Dyrektor Publicznej Szko\u0142y Podstawowej <\/span><\/div>\r\n<div dir=\"ltr\" style=\"text-align: right;\"><span style=\"font-size: 14pt;\">w \u015aw. Katarzynie&nbsp;<\/span><\/div>\r\n<\/div>\t\t\t\t\t\t\t\t<\/div>\n\t\t\t\t<div class=\"elementor-element elementor-element-1310b29 elementor-widget elementor-widget-image-gallery\" data-id=\"1310b29\" data-element_type=\"widget\" data-widget_type=\"image-gallery.default\">\n\t\t\t\t\t\t\t<div class=\"elementor-image-gallery\">\n\t\t\t\n\t\t<div id='gallery-1' class='gallery galleryid-19293 gallery-columns-5 gallery-size-thumbnail gallery1'><script type=\"text\/javascript\">\n\/\/ <![CDATA[\n\tjQuery(document).ready(function () {\n\t\tjQuery(\".gallery1 a\").attr(\"rel\",\"gallery1\");\t\n\t\tjQuery('a[rel=\"gallery1\"]').colorbox({title: function(){ return jQuery(this).children().attr(\"alt\"); }});\n\t});\n\/\/ ]]>\n<\/script>\n<dl class=\"gallery-item\">\n<dt class=\"gallery-icon\">\n<a href=\"https:\/\/www.spkatarzyna.pl\/wp-content\/uploads\/2026\/04\/IMG_1289-300x225.jpeg\" title=\"\" rel=\"gallery1\" rel=\"lightbox[19293]\"><img decoding=\"async\" src=\"https:\/\/www.spkatarzyna.pl\/wp-content\/uploads\/2026\/04\/IMG_1289-150x150.jpeg\" width=\"150\" height=\"150\" alt=\"\" \/><\/a>\n<\/dt><\/dl><dl class=\"gallery-item\">\n<dt class=\"gallery-icon\">\n<a href=\"https:\/\/www.spkatarzyna.pl\/wp-content\/uploads\/2026\/04\/IMG_1290-300x225.jpeg\" title=\"\" rel=\"gallery1\" rel=\"lightbox[19293]\"><img decoding=\"async\" src=\"https:\/\/www.spkatarzyna.pl\/wp-content\/uploads\/2026\/04\/IMG_1290-150x150.jpeg\" width=\"150\" height=\"150\" alt=\"\" \/><\/a>\n<\/dt><\/dl><dl class=\"gallery-item\">\n<dt class=\"gallery-icon\">\n<a href=\"https:\/\/www.spkatarzyna.pl\/wp-content\/uploads\/2026\/04\/IMG_1295-300x225.jpeg\" title=\"\" rel=\"gallery1\" rel=\"lightbox[19293]\"><img decoding=\"async\" src=\"https:\/\/www.spkatarzyna.pl\/wp-content\/uploads\/2026\/04\/IMG_1295-150x150.jpeg\" width=\"150\" height=\"150\" alt=\"\" \/><\/a>\n<\/dt><\/dl><dl class=\"gallery-item\">\n<dt class=\"gallery-icon\">\n<a href=\"https:\/\/www.spkatarzyna.pl\/wp-content\/uploads\/2026\/04\/IMG_1298-300x225.jpeg\" title=\"\" rel=\"gallery1\" rel=\"lightbox[19293]\"><img loading=\"lazy\" decoding=\"async\" src=\"https:\/\/www.spkatarzyna.pl\/wp-content\/uploads\/2026\/04\/IMG_1298-150x150.jpeg\" width=\"150\" height=\"150\" alt=\"\" \/><\/a>\n<\/dt><\/dl><dl class=\"gallery-item\">\n<dt class=\"gallery-icon\">\n<a href=\"https:\/\/www.spkatarzyna.pl\/wp-content\/uploads\/2026\/04\/IMG_1300-300x225.jpeg\" title=\"\" rel=\"gallery1\" rel=\"lightbox[19293]\"><img loading=\"lazy\" decoding=\"async\" src=\"https:\/\/www.spkatarzyna.pl\/wp-content\/uploads\/2026\/04\/IMG_1300-150x150.jpeg\" width=\"150\" height=\"150\" alt=\"\" \/><\/a>\n<\/dt><\/dl><br style=\"clear: both\" \/><br style=\"clear: both\" \/><\/div>\t\t<\/div>\n\t\t\t\t\t\t<\/div>\n\t\t\t\t\t<\/div>\n\t\t\t\t<\/div>\n\t\t\t\t<\/div>\n\t\t","protected":false},"excerpt":{"rendered":"<p>Z przyjemno\u015bci\u0105 informuj\u0119, \u017ce po d\u0142ugiej zimowej przerwie nasi uczniowie oraz nauczyciele mog\u0105 ponownie korzysta\u0107 ze szkolnej strefy relaksu znajduj\u0105cej si\u0119 na patio. To wyj\u0105tkowe miejsce sprzyja nauce i odpoczynkowi \u2013 odbywaj\u0105 si\u0119 tu lekcje w plenerze, wyciszaj\u0105ce przerwy oraz integracyjne zaj\u0119cia \u015bwietlicowe. Zach\u0119camy wszystkich do korzystania z tej przestrzeni [&hellip;]<\/p>\n","protected":false},"author":6,"featured_media":19294,"comment_status":"open","ping_status":"open","sticky":false,"template":"","format":"standard","meta":{"om_disable_all_campaigns":false,"_monsterinsights_skip_tracking":false,"ngg_post_thumbnail":0,"footnotes":""},"categories":[1],"tags":[],"class_list":["post-19293","post","type-post","status-publish","format-standard","has-post-thumbnail","hentry","category-uncategorized"],"aioseo_notices":[],"aioseo_head":"\n\t\t<!-- All in One SEO 5.0.1.1 - aioseo.com -->\n\t<meta name=\"description\" content=\"Z przyjemno\u015bci\u0105 informuj\u0119, \u017ce po d\u0142ugiej zimowej przerwie nasi uczniowie oraz nauczyciele mog\u0105 ponownie korzysta\u0107 ze szkolnej strefy relaksu znajduj\u0105cej si\u0119 na patio. To wyj\u0105tkowe miejsce sprzyja nauce i odpoczynkowi \u2013 odbywaj\u0105 si\u0119 tu lekcje w plenerze, wyciszaj\u0105ce przerwy oraz integracyjne zaj\u0119cia \u015bwietlicowe. Zach\u0119camy wszystkich do korzystania z tej przestrzeni i czerpania rado\u015bci ze wsp\u00f3lnego\" \/>\n\t<meta name=\"robots\" content=\"max-image-preview:large\" \/>\n\t<meta name=\"author\" content=\"Redakcja\"\/>\n\t<link rel=\"canonical\" href=\"https:\/\/www.spkatarzyna.pl\/index.php\/2026\/04\/21\/nasza-szkolna-strefa-relaksu-juz-dziala\/\" \/>\n\t<meta name=\"generator\" content=\"All in One SEO (AIOSEO) 5.0.1.1\" \/>\n\t\t<meta property=\"og:locale\" content=\"pl_PL\" \/>\n\t\t<meta property=\"og:site_name\" content=\"SP Katarzyna - Publiczna Szko\u0142a Podstawowa w \u015awi\u0119tej Katarzynie\" \/>\n\t\t<meta property=\"og:type\" content=\"article\" \/>\n\t\t<meta property=\"og:title\" content=\"Nasza szkolna strefa relaksu ju\u017c dzia\u0142a! - SP Katarzyna\" \/>\n\t\t<meta property=\"og:description\" content=\"Z przyjemno\u015bci\u0105 informuj\u0119, \u017ce po d\u0142ugiej zimowej przerwie nasi uczniowie oraz nauczyciele mog\u0105 ponownie korzysta\u0107 ze szkolnej strefy relaksu znajduj\u0105cej si\u0119 na patio. To wyj\u0105tkowe miejsce sprzyja nauce i odpoczynkowi \u2013 odbywaj\u0105 si\u0119 tu lekcje w plenerze, wyciszaj\u0105ce przerwy oraz integracyjne zaj\u0119cia \u015bwietlicowe. Zach\u0119camy wszystkich do korzystania z tej przestrzeni i czerpania rado\u015bci ze wsp\u00f3lnego\" \/>\n\t\t<meta property=\"og:url\" content=\"https:\/\/www.spkatarzyna.pl\/index.php\/2026\/04\/21\/nasza-szkolna-strefa-relaksu-juz-dziala\/\" \/>\n\t\t<meta property=\"article:published_time\" content=\"2026-04-21T13:06:33+00:00\" \/>\n\t\t<meta property=\"article:modified_time\" content=\"2026-04-22T12:23:53+00:00\" \/>\n\t\t<meta name=\"twitter:card\" content=\"summary_large_image\" \/>\n\t\t<meta name=\"twitter:title\" content=\"Nasza szkolna strefa relaksu ju\u017c dzia\u0142a! - SP Katarzyna\" \/>\n\t\t<meta name=\"twitter:description\" content=\"Z przyjemno\u015bci\u0105 informuj\u0119, \u017ce po d\u0142ugiej zimowej przerwie nasi uczniowie oraz nauczyciele mog\u0105 ponownie korzysta\u0107 ze szkolnej strefy relaksu znajduj\u0105cej si\u0119 na patio. To wyj\u0105tkowe miejsce sprzyja nauce i odpoczynkowi \u2013 odbywaj\u0105 si\u0119 tu lekcje w plenerze, wyciszaj\u0105ce przerwy oraz integracyjne zaj\u0119cia \u015bwietlicowe. Zach\u0119camy wszystkich do korzystania z tej przestrzeni i czerpania rado\u015bci ze wsp\u00f3lnego\" \/>\n\t\t<script type=\"application\/ld+json\" class=\"aioseo-schema\">\n\t\t\t{\"@context\":\"https:\\\/\\\/schema.org\",\"@graph\":[{\"@type\":\"BlogPosting\",\"@id\":\"https:\\\/\\\/www.spkatarzyna.pl\\\/index.php\\\/2026\\\/04\\\/21\\\/nasza-szkolna-strefa-relaksu-juz-dziala\\\/#blogposting\",\"name\":\"Nasza szkolna strefa relaksu ju\\u017c dzia\\u0142a! - SP Katarzyna\",\"headline\":\"Nasza szkolna strefa relaksu ju\\u017c dzia\\u0142a!\",\"author\":{\"@id\":\"https:\\\/\\\/www.spkatarzyna.pl\\\/index.php\\\/author\\\/agatasafianspkatarzyna-pl\\\/#author\"},\"publisher\":{\"@id\":\"https:\\\/\\\/www.spkatarzyna.pl\\\/#organization\"},\"image\":{\"@type\":\"ImageObject\",\"url\":\"https:\\\/\\\/www.spkatarzyna.pl\\\/wp-content\\\/uploads\\\/2026\\\/04\\\/9BADFF8C-AE0B-445C-98AE-9DBC69C4.jpg\",\"width\":360,\"height\":202},\"datePublished\":\"2026-04-21T15:06:33+02:00\",\"dateModified\":\"2026-04-22T14:23:53+02:00\",\"inLanguage\":\"pl-PL\",\"mainEntityOfPage\":{\"@id\":\"https:\\\/\\\/www.spkatarzyna.pl\\\/index.php\\\/2026\\\/04\\\/21\\\/nasza-szkolna-strefa-relaksu-juz-dziala\\\/#webpage\"},\"isPartOf\":{\"@id\":\"https:\\\/\\\/www.spkatarzyna.pl\\\/index.php\\\/2026\\\/04\\\/21\\\/nasza-szkolna-strefa-relaksu-juz-dziala\\\/#webpage\"},\"articleSection\":\"Uncategorized\"},{\"@type\":\"BreadcrumbList\",\"@id\":\"https:\\\/\\\/www.spkatarzyna.pl\\\/index.php\\\/2026\\\/04\\\/21\\\/nasza-szkolna-strefa-relaksu-juz-dziala\\\/#breadcrumblist\",\"itemListElement\":[{\"@type\":\"ListItem\",\"@id\":\"https:\\\/\\\/www.spkatarzyna.pl#listItem\",\"position\":1,\"name\":\"Dom\",\"item\":\"https:\\\/\\\/www.spkatarzyna.pl\",\"nextItem\":{\"@type\":\"ListItem\",\"@id\":\"https:\\\/\\\/www.spkatarzyna.pl\\\/index.php\\\/category\\\/uncategorized\\\/#listItem\",\"name\":\"Uncategorized\"}},{\"@type\":\"ListItem\",\"@id\":\"https:\\\/\\\/www.spkatarzyna.pl\\\/index.php\\\/category\\\/uncategorized\\\/#listItem\",\"position\":2,\"name\":\"Uncategorized\",\"item\":\"https:\\\/\\\/www.spkatarzyna.pl\\\/index.php\\\/category\\\/uncategorized\\\/\",\"nextItem\":{\"@type\":\"ListItem\",\"@id\":\"https:\\\/\\\/www.spkatarzyna.pl\\\/index.php\\\/2026\\\/04\\\/21\\\/nasza-szkolna-strefa-relaksu-juz-dziala\\\/#listItem\",\"name\":\"Nasza szkolna strefa relaksu ju\\u017c dzia\\u0142a!\"},\"previousItem\":{\"@type\":\"ListItem\",\"@id\":\"https:\\\/\\\/www.spkatarzyna.pl#listItem\",\"name\":\"Dom\"}},{\"@type\":\"ListItem\",\"@id\":\"https:\\\/\\\/www.spkatarzyna.pl\\\/index.php\\\/2026\\\/04\\\/21\\\/nasza-szkolna-strefa-relaksu-juz-dziala\\\/#listItem\",\"position\":3,\"name\":\"Nasza szkolna strefa relaksu ju\\u017c dzia\\u0142a!\",\"previousItem\":{\"@type\":\"ListItem\",\"@id\":\"https:\\\/\\\/www.spkatarzyna.pl\\\/index.php\\\/category\\\/uncategorized\\\/#listItem\",\"name\":\"Uncategorized\"}}]},{\"@type\":\"Organization\",\"@id\":\"https:\\\/\\\/www.spkatarzyna.pl\\\/#organization\",\"name\":\"SP Katarzyna\",\"description\":\"Publiczna Szko\\u0142a Podstawowa w \\u015awi\\u0119tej Katarzynie\",\"url\":\"https:\\\/\\\/www.spkatarzyna.pl\\\/\",\"telephone\":\"+48713116378\",\"sameAs\":[\"https:\\\/\\\/facebook.com\\\/\",\"https:\\\/\\\/x.com\\\/\",\"https:\\\/\\\/instagram.com\\\/\",\"https:\\\/\\\/pinterest.com\\\/\",\"https:\\\/\\\/youtube.com\\\/\",\"https:\\\/\\\/linkedin.com\\\/in\\\/\"]},{\"@type\":\"Person\",\"@id\":\"https:\\\/\\\/www.spkatarzyna.pl\\\/index.php\\\/author\\\/agatasafianspkatarzyna-pl\\\/#author\",\"url\":\"https:\\\/\\\/www.spkatarzyna.pl\\\/index.php\\\/author\\\/agatasafianspkatarzyna-pl\\\/\",\"name\":\"Redakcja\",\"image\":{\"@type\":\"ImageObject\",\"@id\":\"https:\\\/\\\/www.spkatarzyna.pl\\\/index.php\\\/2026\\\/04\\\/21\\\/nasza-szkolna-strefa-relaksu-juz-dziala\\\/#authorImage\",\"url\":\"https:\\\/\\\/secure.gravatar.com\\\/avatar\\\/765290513df94d442152250e92b42327?s=96&d=mm&r=g\",\"width\":96,\"height\":96,\"caption\":\"Redakcja\"}},{\"@type\":\"WebPage\",\"@id\":\"https:\\\/\\\/www.spkatarzyna.pl\\\/index.php\\\/2026\\\/04\\\/21\\\/nasza-szkolna-strefa-relaksu-juz-dziala\\\/#webpage\",\"url\":\"https:\\\/\\\/www.spkatarzyna.pl\\\/index.php\\\/2026\\\/04\\\/21\\\/nasza-szkolna-strefa-relaksu-juz-dziala\\\/\",\"name\":\"Nasza szkolna strefa relaksu ju\\u017c dzia\\u0142a! - SP Katarzyna\",\"description\":\"Z przyjemno\\u015bci\\u0105 informuj\\u0119, \\u017ce po d\\u0142ugiej zimowej przerwie nasi uczniowie oraz nauczyciele mog\\u0105 ponownie korzysta\\u0107 ze szkolnej strefy relaksu znajduj\\u0105cej si\\u0119 na patio. To wyj\\u0105tkowe miejsce sprzyja nauce i odpoczynkowi \\u2013 odbywaj\\u0105 si\\u0119 tu lekcje w plenerze, wyciszaj\\u0105ce przerwy oraz integracyjne zaj\\u0119cia \\u015bwietlicowe. Zach\\u0119camy wszystkich do korzystania z tej przestrzeni i czerpania rado\\u015bci ze wsp\\u00f3lnego\",\"inLanguage\":\"pl-PL\",\"isPartOf\":{\"@id\":\"https:\\\/\\\/www.spkatarzyna.pl\\\/#website\"},\"breadcrumb\":{\"@id\":\"https:\\\/\\\/www.spkatarzyna.pl\\\/index.php\\\/2026\\\/04\\\/21\\\/nasza-szkolna-strefa-relaksu-juz-dziala\\\/#breadcrumblist\"},\"author\":{\"@id\":\"https:\\\/\\\/www.spkatarzyna.pl\\\/index.php\\\/author\\\/agatasafianspkatarzyna-pl\\\/#author\"},\"creator\":{\"@id\":\"https:\\\/\\\/www.spkatarzyna.pl\\\/index.php\\\/author\\\/agatasafianspkatarzyna-pl\\\/#author\"},\"image\":{\"@type\":\"ImageObject\",\"url\":\"https:\\\/\\\/www.spkatarzyna.pl\\\/wp-content\\\/uploads\\\/2026\\\/04\\\/9BADFF8C-AE0B-445C-98AE-9DBC69C4.jpg\",\"@id\":\"https:\\\/\\\/www.spkatarzyna.pl\\\/index.php\\\/2026\\\/04\\\/21\\\/nasza-szkolna-strefa-relaksu-juz-dziala\\\/#mainImage\",\"width\":360,\"height\":202},\"primaryImageOfPage\":{\"@id\":\"https:\\\/\\\/www.spkatarzyna.pl\\\/index.php\\\/2026\\\/04\\\/21\\\/nasza-szkolna-strefa-relaksu-juz-dziala\\\/#mainImage\"},\"datePublished\":\"2026-04-21T15:06:33+02:00\",\"dateModified\":\"2026-04-22T14:23:53+02:00\"},{\"@type\":\"WebSite\",\"@id\":\"https:\\\/\\\/www.spkatarzyna.pl\\\/#website\",\"url\":\"https:\\\/\\\/www.spkatarzyna.pl\\\/\",\"name\":\"SP Katarzyna\",\"description\":\"Publiczna Szko\\u0142a Podstawowa w \\u015awi\\u0119tej Katarzynie\",\"inLanguage\":\"pl-PL\",\"publisher\":{\"@id\":\"https:\\\/\\\/www.spkatarzyna.pl\\\/#organization\"}}]}\n\t\t<\/script>\n\t\t<!-- All in One SEO -->\n\n","aioseo_head_json":{"title":"Nasza szkolna strefa relaksu ju\u017c dzia\u0142a! - SP Katarzyna","description":"Z przyjemno\u015bci\u0105 informuj\u0119, \u017ce po d\u0142ugiej zimowej przerwie nasi uczniowie oraz nauczyciele mog\u0105 ponownie korzysta\u0107 ze szkolnej strefy relaksu znajduj\u0105cej si\u0119 na patio. To wyj\u0105tkowe miejsce sprzyja nauce i odpoczynkowi \u2013 odbywaj\u0105 si\u0119 tu lekcje w plenerze, wyciszaj\u0105ce przerwy oraz integracyjne zaj\u0119cia \u015bwietlicowe. Zach\u0119camy wszystkich do korzystania z tej przestrzeni i czerpania rado\u015bci ze wsp\u00f3lnego","canonical_url":"https:\/\/www.spkatarzyna.pl\/index.php\/2026\/04\/21\/nasza-szkolna-strefa-relaksu-juz-dziala\/","robots":"max-image-preview:large","keywords":"","webmasterTools":{"miscellaneous":""},"schema":{"@context":"https:\/\/schema.org","@graph":[{"@type":"BlogPosting","@id":"https:\/\/www.spkatarzyna.pl\/index.php\/2026\/04\/21\/nasza-szkolna-strefa-relaksu-juz-dziala\/#blogposting","name":"Nasza szkolna strefa relaksu ju\u017c dzia\u0142a! - SP Katarzyna","headline":"Nasza szkolna strefa relaksu ju\u017c dzia\u0142a!","author":{"@id":"https:\/\/www.spkatarzyna.pl\/index.php\/author\/agatasafianspkatarzyna-pl\/#author"},"publisher":{"@id":"https:\/\/www.spkatarzyna.pl\/#organization"},"image":{"@type":"ImageObject","url":"https:\/\/www.spkatarzyna.pl\/wp-content\/uploads\/2026\/04\/9BADFF8C-AE0B-445C-98AE-9DBC69C4.jpg","width":360,"height":202},"datePublished":"2026-04-21T15:06:33+02:00","dateModified":"2026-04-22T14:23:53+02:00","inLanguage":"pl-PL","mainEntityOfPage":{"@id":"https:\/\/www.spkatarzyna.pl\/index.php\/2026\/04\/21\/nasza-szkolna-strefa-relaksu-juz-dziala\/#webpage"},"isPartOf":{"@id":"https:\/\/www.spkatarzyna.pl\/index.php\/2026\/04\/21\/nasza-szkolna-strefa-relaksu-juz-dziala\/#webpage"},"articleSection":"Uncategorized"},{"@type":"BreadcrumbList","@id":"https:\/\/www.spkatarzyna.pl\/index.php\/2026\/04\/21\/nasza-szkolna-strefa-relaksu-juz-dziala\/#breadcrumblist","itemListElement":[{"@type":"ListItem","@id":"https:\/\/www.spkatarzyna.pl#listItem","position":1,"name":"Dom","item":"https:\/\/www.spkatarzyna.pl","nextItem":{"@type":"ListItem","@id":"https:\/\/www.spkatarzyna.pl\/index.php\/category\/uncategorized\/#listItem","name":"Uncategorized"}},{"@type":"ListItem","@id":"https:\/\/www.spkatarzyna.pl\/index.php\/category\/uncategorized\/#listItem","position":2,"name":"Uncategorized","item":"https:\/\/www.spkatarzyna.pl\/index.php\/category\/uncategorized\/","nextItem":{"@type":"ListItem","@id":"https:\/\/www.spkatarzyna.pl\/index.php\/2026\/04\/21\/nasza-szkolna-strefa-relaksu-juz-dziala\/#listItem","name":"Nasza szkolna strefa relaksu ju\u017c dzia\u0142a!"},"previousItem":{"@type":"ListItem","@id":"https:\/\/www.spkatarzyna.pl#listItem","name":"Dom"}},{"@type":"ListItem","@id":"https:\/\/www.spkatarzyna.pl\/index.php\/2026\/04\/21\/nasza-szkolna-strefa-relaksu-juz-dziala\/#listItem","position":3,"name":"Nasza szkolna strefa relaksu ju\u017c dzia\u0142a!","previousItem":{"@type":"ListItem","@id":"https:\/\/www.spkatarzyna.pl\/index.php\/category\/uncategorized\/#listItem","name":"Uncategorized"}}]},{"@type":"Organization","@id":"https:\/\/www.spkatarzyna.pl\/#organization","name":"SP Katarzyna","description":"Publiczna Szko\u0142a Podstawowa w \u015awi\u0119tej Katarzynie","url":"https:\/\/www.spkatarzyna.pl\/","telephone":"+48713116378","sameAs":["https:\/\/facebook.com\/","https:\/\/x.com\/","https:\/\/instagram.com\/","https:\/\/pinterest.com\/","https:\/\/youtube.com\/","https:\/\/linkedin.com\/in\/"]},{"@type":"Person","@id":"https:\/\/www.spkatarzyna.pl\/index.php\/author\/agatasafianspkatarzyna-pl\/#author","url":"https:\/\/www.spkatarzyna.pl\/index.php\/author\/agatasafianspkatarzyna-pl\/","name":"Redakcja","image":{"@type":"ImageObject","@id":"https:\/\/www.spkatarzyna.pl\/index.php\/2026\/04\/21\/nasza-szkolna-strefa-relaksu-juz-dziala\/#authorImage","url":"https:\/\/secure.gravatar.com\/avatar\/765290513df94d442152250e92b42327?s=96&d=mm&r=g","width":96,"height":96,"caption":"Redakcja"}},{"@type":"WebPage","@id":"https:\/\/www.spkatarzyna.pl\/index.php\/2026\/04\/21\/nasza-szkolna-strefa-relaksu-juz-dziala\/#webpage","url":"https:\/\/www.spkatarzyna.pl\/index.php\/2026\/04\/21\/nasza-szkolna-strefa-relaksu-juz-dziala\/","name":"Nasza szkolna strefa relaksu ju\u017c dzia\u0142a! - SP Katarzyna","description":"Z przyjemno\u015bci\u0105 informuj\u0119, \u017ce po d\u0142ugiej zimowej przerwie nasi uczniowie oraz nauczyciele mog\u0105 ponownie korzysta\u0107 ze szkolnej strefy relaksu znajduj\u0105cej si\u0119 na patio. To wyj\u0105tkowe miejsce sprzyja nauce i odpoczynkowi \u2013 odbywaj\u0105 si\u0119 tu lekcje w plenerze, wyciszaj\u0105ce przerwy oraz integracyjne zaj\u0119cia \u015bwietlicowe. Zach\u0119camy wszystkich do korzystania z tej przestrzeni i czerpania rado\u015bci ze wsp\u00f3lnego","inLanguage":"pl-PL","isPartOf":{"@id":"https:\/\/www.spkatarzyna.pl\/#website"},"breadcrumb":{"@id":"https:\/\/www.spkatarzyna.pl\/index.php\/2026\/04\/21\/nasza-szkolna-strefa-relaksu-juz-dziala\/#breadcrumblist"},"author":{"@id":"https:\/\/www.spkatarzyna.pl\/index.php\/author\/agatasafianspkatarzyna-pl\/#author"},"creator":{"@id":"https:\/\/www.spkatarzyna.pl\/index.php\/author\/agatasafianspkatarzyna-pl\/#author"},"image":{"@type":"ImageObject","url":"https:\/\/www.spkatarzyna.pl\/wp-content\/uploads\/2026\/04\/9BADFF8C-AE0B-445C-98AE-9DBC69C4.jpg","@id":"https:\/\/www.spkatarzyna.pl\/index.php\/2026\/04\/21\/nasza-szkolna-strefa-relaksu-juz-dziala\/#mainImage","width":360,"height":202},"primaryImageOfPage":{"@id":"https:\/\/www.spkatarzyna.pl\/index.php\/2026\/04\/21\/nasza-szkolna-strefa-relaksu-juz-dziala\/#mainImage"},"datePublished":"2026-04-21T15:06:33+02:00","dateModified":"2026-04-22T14:23:53+02:00"},{"@type":"WebSite","@id":"https:\/\/www.spkatarzyna.pl\/#website","url":"https:\/\/www.spkatarzyna.pl\/","name":"SP Katarzyna","description":"Publiczna Szko\u0142a Podstawowa w \u015awi\u0119tej Katarzynie","inLanguage":"pl-PL","publisher":{"@id":"https:\/\/www.spkatarzyna.pl\/#organization"}}]},"og:locale":"pl_PL","og:site_name":"SP Katarzyna - Publiczna Szko\u0142a Podstawowa w \u015awi\u0119tej Katarzynie","og:type":"article","og:title":"Nasza szkolna strefa relaksu ju\u017c dzia\u0142a! - SP Katarzyna","og:description":"Z przyjemno\u015bci\u0105 informuj\u0119, \u017ce po d\u0142ugiej zimowej przerwie nasi uczniowie oraz nauczyciele mog\u0105 ponownie korzysta\u0107 ze szkolnej strefy relaksu znajduj\u0105cej si\u0119 na patio. To wyj\u0105tkowe miejsce sprzyja nauce i odpoczynkowi \u2013 odbywaj\u0105 si\u0119 tu lekcje w plenerze, wyciszaj\u0105ce przerwy oraz integracyjne zaj\u0119cia \u015bwietlicowe. Zach\u0119camy wszystkich do korzystania z tej przestrzeni i czerpania rado\u015bci ze wsp\u00f3lnego","og:url":"https:\/\/www.spkatarzyna.pl\/index.php\/2026\/04\/21\/nasza-szkolna-strefa-relaksu-juz-dziala\/","article:published_time":"2026-04-21T13:06:33+00:00","article:modified_time":"2026-04-22T12:23:53+00:00","twitter:card":"summary_large_image","twitter:title":"Nasza szkolna strefa relaksu ju\u017c dzia\u0142a! - SP Katarzyna","twitter:description":"Z przyjemno\u015bci\u0105 informuj\u0119, \u017ce po d\u0142ugiej zimowej przerwie nasi uczniowie oraz nauczyciele mog\u0105 ponownie korzysta\u0107 ze szkolnej strefy relaksu znajduj\u0105cej si\u0119 na patio. To wyj\u0105tkowe miejsce sprzyja nauce i odpoczynkowi \u2013 odbywaj\u0105 si\u0119 tu lekcje w plenerze, wyciszaj\u0105ce przerwy oraz integracyjne zaj\u0119cia \u015bwietlicowe. Zach\u0119camy wszystkich do korzystania z tej przestrzeni i czerpania rado\u015bci ze wsp\u00f3lnego"},"aioseo_meta_data":{"post_id":"19293","title":null,"description":null,"keywords":null,"keyphrases":{"focus":{"keyphrase":"","score":0,"analysis":{"keyphraseInTitle":{"score":0,"maxScore":9,"error":1}}},"additional":[]},"primary_term":null,"canonical_url":null,"og_title":null,"og_description":null,"og_object_type":"default","og_image_type":"default","og_image_url":null,"og_image_width":null,"og_image_height":null,"og_image_custom_url":null,"og_image_custom_fields":null,"og_video":"","og_custom_url":null,"og_article_section":null,"og_article_tags":null,"twitter_use_og":false,"twitter_card":"default","twitter_image_type":"default","twitter_image_url":null,"twitter_image_custom_url":null,"twitter_image_custom_fields":null,"twitter_title":null,"twitter_description":null,"schema":{"blockGraphs":[],"customGraphs":[],"default":{"data":{"Article":[],"Course":[],"Dataset":[],"FAQPage":[],"Movie":[],"Person":[],"Product":[],"ProductReview":[],"Car":[],"Recipe":[],"Service":[],"SoftwareApplication":[],"WebPage":[]},"graphName":"BlogPosting","isEnabled":true},"graphs":[]},"schema_type":"default","schema_type_options":null,"pillar_content":false,"robots_default":true,"robots_noindex":false,"robots_noarchive":false,"robots_nosnippet":false,"robots_nofollow":false,"robots_noimageindex":false,"robots_noodp":false,"robots_notranslate":false,"robots_max_snippet":"-1","robots_max_videopreview":"-1","robots_max_imagepreview":"large","priority":null,"frequency":"default","local_seo":null,"limit_modified_date":false,"created":"2026-04-21 13:06:34","updated":"2026-09-03 17:56:22","focus_keyword":null,"additional_keywords":null,"truseo_locale":null,"ai":null,"breadcrumb_settings":null,"seo_analyzer_scan_date":null},"aioseo_breadcrumb":"<div class=\"aioseo-breadcrumbs\"><span class=\"aioseo-breadcrumb\">\n\t\t\t<a href=\"https:\/\/www.spkatarzyna.pl\" title=\"Dom\">Dom<\/a>\n\t\t<\/span><span class=\"aioseo-breadcrumb-separator\">&raquo;<\/span><span class=\"aioseo-breadcrumb\">\n\t\t\t<a href=\"https:\/\/www.spkatarzyna.pl\/index.php\/category\/uncategorized\/\" title=\"Uncategorized\">Uncategorized<\/a>\n\t\t<\/span><span class=\"aioseo-breadcrumb-separator\">&raquo;<\/span><span class=\"aioseo-breadcrumb\">\n\t\t\tNasza szkolna strefa relaksu ju\u017c dzia\u0142a!\n\t\t<\/span><\/div>","aioseo_breadcrumb_json":[{"label":"Dom","link":"https:\/\/www.spkatarzyna.pl"},{"label":"Uncategorized","link":"https:\/\/www.spkatarzyna.pl\/index.php\/category\/uncategorized\/"},{"label":"Nasza szkolna strefa relaksu ju\u017c dzia\u0142a!","link":"https:\/\/www.spkatarzyna.pl\/index.php\/2026\/04\/21\/nasza-szkolna-strefa-relaksu-juz-dziala\/"}],"_links":{"self":[{"href":"https:\/\/www.spkatarzyna.pl\/index.php\/wp-json\/wp\/v2\/posts\/19293","targetHints":{"allow":["GET"]}}],"collection":[{"href":"https:\/\/www.spkatarzyna.pl\/index.php\/wp-json\/wp\/v2\/posts"}],"about":[{"href":"https:\/\/www.spkatarzyna.pl\/index.php\/wp-json\/wp\/v2\/types\/post"}],"author":[{"embeddable":true,"href":"https:\/\/www.spkatarzyna.pl\/index.php\/wp-json\/wp\/v2\/users\/6"}],"replies":[{"embeddable":true,"href":"https:\/\/www.spkatarzyna.pl\/index.php\/wp-json\/wp\/v2\/comments?post=19293"}],"version-history":[{"count":4,"href":"https:\/\/www.spkatarzyna.pl\/index.php\/wp-json\/wp\/v2\/posts\/19293\/revisions"}],"predecessor-version":[{"id":19314,"href":"https:\/\/www.spkatarzyna.pl\/index.php\/wp-json\/wp\/v2\/posts\/19293\/revisions\/19314"}],"wp:featuredmedia":[{"embeddable":true,"href":"https:\/\/www.spkatarzyna.pl\/index.php\/wp-json\/wp\/v2\/media\/19294"}],"wp:attachment":[{"href":"https:\/\/www.spkatarzyna.pl\/index.php\/wp-json\/wp\/v2\/media?parent=19293"}],"wp:term":[{"taxonomy":"category","embeddable":true,"href":"https:\/\/www.spkatarzyna.pl\/index.php\/wp-json\/wp\/v2\/categories?post=19293"},{"taxonomy":"post_tag","embeddable":true,"href":"https:\/\/www.spkatarzyna.pl\/index.php\/wp-json\/wp\/v2\/tags?post=19293"}],"curies":[{"name":"wp","href":"https:\/\/api.w.org\/{rel}","templated":true}]}}