{"id":19334,"date":"2026-04-22T22:41:28","date_gmt":"2026-04-22T20:41:28","guid":{"rendered":"https:\/\/www.spkatarzyna.pl\/?p=19334"},"modified":"2026-04-22T22:47:21","modified_gmt":"2026-04-22T20:47:21","slug":"klasa-1c-tropi-wiosne-w-lesie","status":"publish","type":"post","link":"https:\/\/www.spkatarzyna.pl\/index.php\/2026\/04\/22\/klasa-1c-tropi-wiosne-w-lesie\/","title":{"rendered":"Klasa 1c tropi wiosn\u0119 w lesie"},"content":{"rendered":"\t\t<div data-elementor-type=\"wp-post\" data-elementor-id=\"19334\" class=\"elementor elementor-19334\">\n\t\t\t\t<div class=\"elementor-element elementor-element-54af54cd e-flex e-con-boxed e-con e-parent\" data-id=\"54af54cd\" data-element_type=\"container\">\n\t\t\t\t\t<div class=\"e-con-inner\">\n\t\t\t\t<div class=\"elementor-element elementor-element-4d5a6d75 elementor-widget elementor-widget-text-editor\" data-id=\"4d5a6d75\" data-element_type=\"widget\" data-widget_type=\"text-editor.default\">\n\t\t\t\t\t\t\t\t\t<p style=\"text-align: justify;\"><span style=\"font-weight: 400; font-size: 14pt;\">Klasa 1c wybra\u0142a si\u0119 na wycieczk\u0119 do lasu w ramach projektu &#8222;Le\u015bna banda&#8221;.\u00a0<\/span><\/p><p style=\"text-align: justify;\"><span style=\"font-weight: 400; font-size: 14pt;\">Podczas wyprawy uczniowie zamienili si\u0119 w prawdziwych tropicieli przyrody. Rozpoznawali ro\u015bliny \u2013 przytulia czepna jak zwykle udowodni\u0142a, \u017ce jest mistrzyni\u0105 przyczepiania si\u0119 do ubra\u0144, ale za to \u015bwietnie nadawa\u0142a si\u0119 na le\u015bne wianki. Podziwiali te\u017c \u017c\u00f3\u0142ciutki ziarnop\u0142on wiosenny, delikatne zawilce oraz pachn\u0105cy bluszcz kurdybanek. Najwi\u0119ksze emocje wzbudzi\u0142a jednak czeremcha \u2013 jej kwiaty pachnia\u0142y cudownie, ale gdy pow\u0105chali\u015bmy koniec \u0142odygi\u2026 c\u00f3\u017c, okaza\u0142o si\u0119, \u017ce to prawdziwy le\u015bny \u015bmierdziuch.<\/span><\/p><p style=\"text-align: justify;\"><span style=\"font-weight: 400; font-size: 14pt;\">Nie zabrak\u0142o r\u00f3wnie\u017c praktycznych umiej\u0119tno\u015bci. Dzieci \u0107wiczy\u0142y bezpieczne pos\u0142ugiwanie si\u0119 no\u017cem i struga\u0142y z patyk\u00f3w w\u0142asne \u201ele\u015bne kredki\u201d. Pi\u0119kna pogoda sprzyja\u0142a zabawie. By\u0142a hu\u015btawka na ga\u0142\u0119zi, chodzenie po linie z pomoc\u0105 \u201epatykowych szczude\u0142\u201d i mn\u00f3stwo swobodnych harc\u00f3w na \u015bwie\u017cym powietrzu.<\/span><\/p><p style=\"text-align: justify;\"><span style=\"font-weight: 400; font-size: 14pt;\">Kontakt z natur\u0105, zdobywanie wiedzy, ruch i wsp\u00f3lna zabawa \u2013 to w\u0142a\u015bnie sprawia, \u017ce takie wyprawy s\u0105 dla dzieci prawdziw\u0105 przygod\u0105.<\/span><\/p><p style=\"text-align: right;\"><span style=\"font-weight: 400; font-size: 14pt;\">Ma\u0142gorzata Mazur<\/span><\/p>\t\t\t\t\t\t\t\t<\/div>\n\t\t\t\t<div class=\"elementor-element elementor-element-24aaa79 elementor-widget elementor-widget-image-gallery\" data-id=\"24aaa79\" data-element_type=\"widget\" data-widget_type=\"image-gallery.default\">\n\t\t\t\t\t\t\t<div class=\"elementor-image-gallery\">\n\t\t\t\n\t\t<div id='gallery-1' class='gallery galleryid-19334 gallery-columns-6 gallery-size-thumbnail gallery1'><script type=\"text\/javascript\">\n\/\/ <![CDATA[\n\tjQuery(document).ready(function () {\n\t\tjQuery(\".gallery1 a\").attr(\"rel\",\"gallery1\");\t\n\t\tjQuery('a[rel=\"gallery1\"]').colorbox({title: function(){ return jQuery(this).children().attr(\"alt\"); }});\n\t});\n\/\/ ]]>\n<\/script>\n<dl class=\"gallery-item\">\n<dt class=\"gallery-icon\">\n<a href=\"https:\/\/www.spkatarzyna.pl\/wp-content\/uploads\/2026\/04\/1776871698665-300x225.jpg\" title=\"\" rel=\"gallery1\" rel=\"lightbox[19334]\"><img decoding=\"async\" src=\"https:\/\/www.spkatarzyna.pl\/wp-content\/uploads\/2026\/04\/1776871698665-150x150.jpg\" width=\"150\" height=\"150\" alt=\"\" \/><\/a>\n<\/dt><\/dl><dl class=\"gallery-item\">\n<dt class=\"gallery-icon\">\n<a href=\"https:\/\/www.spkatarzyna.pl\/wp-content\/uploads\/2026\/04\/1776871737163-225x300.jpg\" title=\"\" rel=\"gallery1\" rel=\"lightbox[19334]\"><img decoding=\"async\" src=\"https:\/\/www.spkatarzyna.pl\/wp-content\/uploads\/2026\/04\/1776871737163-150x150.jpg\" width=\"150\" height=\"150\" alt=\"\" \/><\/a>\n<\/dt><\/dl><dl class=\"gallery-item\">\n<dt class=\"gallery-icon\">\n<a href=\"https:\/\/www.spkatarzyna.pl\/wp-content\/uploads\/2026\/04\/1776871737180-225x300.jpg\" title=\"\" rel=\"gallery1\" rel=\"lightbox[19334]\"><img decoding=\"async\" src=\"https:\/\/www.spkatarzyna.pl\/wp-content\/uploads\/2026\/04\/1776871737180-150x150.jpg\" width=\"150\" height=\"150\" alt=\"\" \/><\/a>\n<\/dt><\/dl><dl class=\"gallery-item\">\n<dt class=\"gallery-icon\">\n<a href=\"https:\/\/www.spkatarzyna.pl\/wp-content\/uploads\/2026\/04\/1776871737197-225x300.jpg\" title=\"\" rel=\"gallery1\" rel=\"lightbox[19334]\"><img loading=\"lazy\" decoding=\"async\" src=\"https:\/\/www.spkatarzyna.pl\/wp-content\/uploads\/2026\/04\/1776871737197-150x150.jpg\" width=\"150\" height=\"150\" alt=\"\" \/><\/a>\n<\/dt><\/dl><dl class=\"gallery-item\">\n<dt class=\"gallery-icon\">\n<a href=\"https:\/\/www.spkatarzyna.pl\/wp-content\/uploads\/2026\/04\/1776871737233-225x300.jpg\" title=\"\" rel=\"gallery1\" rel=\"lightbox[19334]\"><img loading=\"lazy\" decoding=\"async\" src=\"https:\/\/www.spkatarzyna.pl\/wp-content\/uploads\/2026\/04\/1776871737233-150x150.jpg\" width=\"150\" height=\"150\" alt=\"\" \/><\/a>\n<\/dt><\/dl><dl class=\"gallery-item\">\n<dt class=\"gallery-icon\">\n<a href=\"https:\/\/www.spkatarzyna.pl\/wp-content\/uploads\/2026\/04\/1776871804566-225x300.jpg\" title=\"\" rel=\"gallery1\" rel=\"lightbox[19334]\"><img loading=\"lazy\" decoding=\"async\" src=\"https:\/\/www.spkatarzyna.pl\/wp-content\/uploads\/2026\/04\/1776871804566-150x150.jpg\" width=\"150\" height=\"150\" alt=\"\" \/><\/a>\n<\/dt><\/dl><br style=\"clear: both\" \/><dl class=\"gallery-item\">\n<dt class=\"gallery-icon\">\n<a href=\"https:\/\/www.spkatarzyna.pl\/wp-content\/uploads\/2026\/04\/1776871804583-225x300.jpg\" title=\"\" rel=\"gallery1\" rel=\"lightbox[19334]\"><img loading=\"lazy\" decoding=\"async\" src=\"https:\/\/www.spkatarzyna.pl\/wp-content\/uploads\/2026\/04\/1776871804583-150x150.jpg\" width=\"150\" height=\"150\" alt=\"\" \/><\/a>\n<\/dt><\/dl><dl class=\"gallery-item\">\n<dt class=\"gallery-icon\">\n<a href=\"https:\/\/www.spkatarzyna.pl\/wp-content\/uploads\/2026\/04\/1776871804609-225x300.jpg\" title=\"\" rel=\"gallery1\" rel=\"lightbox[19334]\"><img loading=\"lazy\" decoding=\"async\" src=\"https:\/\/www.spkatarzyna.pl\/wp-content\/uploads\/2026\/04\/1776871804609-150x150.jpg\" width=\"150\" height=\"150\" alt=\"\" \/><\/a>\n<\/dt><\/dl><dl class=\"gallery-item\">\n<dt class=\"gallery-icon\">\n<a href=\"https:\/\/www.spkatarzyna.pl\/wp-content\/uploads\/2026\/04\/1776871804597-225x300.jpg\" title=\"\" rel=\"gallery1\" rel=\"lightbox[19334]\"><img loading=\"lazy\" decoding=\"async\" src=\"https:\/\/www.spkatarzyna.pl\/wp-content\/uploads\/2026\/04\/1776871804597-150x150.jpg\" width=\"150\" height=\"150\" alt=\"\" \/><\/a>\n<\/dt><\/dl><dl class=\"gallery-item\">\n<dt class=\"gallery-icon\">\n<a href=\"https:\/\/www.spkatarzyna.pl\/wp-content\/uploads\/2026\/04\/1776872013644-300x225.jpg\" title=\"\" rel=\"gallery1\" rel=\"lightbox[19334]\"><img loading=\"lazy\" decoding=\"async\" src=\"https:\/\/www.spkatarzyna.pl\/wp-content\/uploads\/2026\/04\/1776872013644-150x150.jpg\" width=\"150\" height=\"150\" alt=\"\" \/><\/a>\n<\/dt><\/dl><dl class=\"gallery-item\">\n<dt class=\"gallery-icon\">\n<a href=\"https:\/\/www.spkatarzyna.pl\/wp-content\/uploads\/2026\/04\/1776872013676-225x300.jpg\" title=\"\" rel=\"gallery1\" rel=\"lightbox[19334]\"><img loading=\"lazy\" decoding=\"async\" src=\"https:\/\/www.spkatarzyna.pl\/wp-content\/uploads\/2026\/04\/1776872013676-150x150.jpg\" width=\"150\" height=\"150\" alt=\"\" \/><\/a>\n<\/dt><\/dl><dl class=\"gallery-item\">\n<dt class=\"gallery-icon\">\n<a href=\"https:\/\/www.spkatarzyna.pl\/wp-content\/uploads\/2026\/04\/1776872209046-300x225.jpg\" title=\"\" rel=\"gallery1\" rel=\"lightbox[19334]\"><img loading=\"lazy\" decoding=\"async\" src=\"https:\/\/www.spkatarzyna.pl\/wp-content\/uploads\/2026\/04\/1776872209046-150x150.jpg\" width=\"150\" height=\"150\" alt=\"\" \/><\/a>\n<\/dt><\/dl><br style=\"clear: both\" \/><br style=\"clear: both\" \/><\/div>\t\t<\/div>\n\t\t\t\t\t\t<\/div>\n\t\t\t\t\t<\/div>\n\t\t\t\t<\/div>\n\t\t\t\t<\/div>\n\t\t","protected":false},"excerpt":{"rendered":"<p>Klasa 1c wybra\u0142a si\u0119 na wycieczk\u0119 do lasu w ramach projektu &#8222;Le\u015bna banda&#8221;.\u00a0 Podczas wyprawy uczniowie zamienili si\u0119 w prawdziwych tropicieli przyrody. Rozpoznawali ro\u015bliny \u2013 przytulia czepna jak zwykle udowodni\u0142a, \u017ce jest mistrzyni\u0105 przyczepiania si\u0119 do ubra\u0144, ale za to \u015bwietnie nadawa\u0142a si\u0119 na le\u015bne wianki. Podziwiali te\u017c \u017c\u00f3\u0142ciutki ziarnop\u0142on [&hellip;]<\/p>\n","protected":false},"author":6,"featured_media":19335,"comment_status":"open","ping_status":"open","sticky":false,"template":"","format":"standard","meta":{"om_disable_all_campaigns":false,"_monsterinsights_skip_tracking":false,"ngg_post_thumbnail":0,"footnotes":""},"categories":[1],"tags":[],"class_list":["post-19334","post","type-post","status-publish","format-standard","has-post-thumbnail","hentry","category-uncategorized"],"aioseo_notices":[],"aioseo_head":"\n\t\t<!-- All in One SEO 5.0.1.1 - aioseo.com -->\n\t<meta name=\"description\" content=\"Klasa 1c wybra\u0142a si\u0119 na wycieczk\u0119 do lasu w ramach projektu \u201eLe\u015bna banda\u201d. Podczas wyprawy uczniowie zamienili si\u0119 w prawdziwych tropicieli przyrody. Rozpoznawali ro\u015bliny \u2013 przytulia czepna jak zwykle udowodni\u0142a, \u017ce jest mistrzyni\u0105 przyczepiania si\u0119 do ubra\u0144, ale za to \u015bwietnie nadawa\u0142a si\u0119 na le\u015bne wianki. Podziwiali te\u017c \u017c\u00f3\u0142ciutki ziarnop\u0142on wiosenny, delikatne zawilce oraz pachn\u0105cy bluszcz\" \/>\n\t<meta name=\"robots\" content=\"max-image-preview:large\" \/>\n\t<meta name=\"author\" content=\"Redakcja\"\/>\n\t<link rel=\"canonical\" href=\"https:\/\/www.spkatarzyna.pl\/index.php\/2026\/04\/22\/klasa-1c-tropi-wiosne-w-lesie\/\" \/>\n\t<meta name=\"generator\" content=\"All in One SEO (AIOSEO) 5.0.1.1\" \/>\n\t\t<meta property=\"og:locale\" content=\"pl_PL\" \/>\n\t\t<meta property=\"og:site_name\" content=\"SP Katarzyna - Publiczna Szko\u0142a Podstawowa w \u015awi\u0119tej Katarzynie\" \/>\n\t\t<meta property=\"og:type\" content=\"article\" \/>\n\t\t<meta property=\"og:title\" content=\"Klasa 1c tropi wiosn\u0119 w lesie - SP Katarzyna\" \/>\n\t\t<meta property=\"og:description\" content=\"Klasa 1c wybra\u0142a si\u0119 na wycieczk\u0119 do lasu w ramach projektu \u201eLe\u015bna banda\u201d. Podczas wyprawy uczniowie zamienili si\u0119 w prawdziwych tropicieli przyrody. Rozpoznawali ro\u015bliny \u2013 przytulia czepna jak zwykle udowodni\u0142a, \u017ce jest mistrzyni\u0105 przyczepiania si\u0119 do ubra\u0144, ale za to \u015bwietnie nadawa\u0142a si\u0119 na le\u015bne wianki. Podziwiali te\u017c \u017c\u00f3\u0142ciutki ziarnop\u0142on wiosenny, delikatne zawilce oraz pachn\u0105cy bluszcz\" \/>\n\t\t<meta property=\"og:url\" content=\"https:\/\/www.spkatarzyna.pl\/index.php\/2026\/04\/22\/klasa-1c-tropi-wiosne-w-lesie\/\" \/>\n\t\t<meta property=\"article:published_time\" content=\"2026-04-22T20:41:28+00:00\" \/>\n\t\t<meta property=\"article:modified_time\" content=\"2026-04-22T20:47:21+00:00\" \/>\n\t\t<meta name=\"twitter:card\" content=\"summary_large_image\" \/>\n\t\t<meta name=\"twitter:title\" content=\"Klasa 1c tropi wiosn\u0119 w lesie - SP Katarzyna\" \/>\n\t\t<meta name=\"twitter:description\" content=\"Klasa 1c wybra\u0142a si\u0119 na wycieczk\u0119 do lasu w ramach projektu \u201eLe\u015bna banda\u201d. Podczas wyprawy uczniowie zamienili si\u0119 w prawdziwych tropicieli przyrody. Rozpoznawali ro\u015bliny \u2013 przytulia czepna jak zwykle udowodni\u0142a, \u017ce jest mistrzyni\u0105 przyczepiania si\u0119 do ubra\u0144, ale za to \u015bwietnie nadawa\u0142a si\u0119 na le\u015bne wianki. Podziwiali te\u017c \u017c\u00f3\u0142ciutki ziarnop\u0142on wiosenny, delikatne zawilce oraz pachn\u0105cy bluszcz\" \/>\n\t\t<script type=\"application\/ld+json\" class=\"aioseo-schema\">\n\t\t\t{\"@context\":\"https:\\\/\\\/schema.org\",\"@graph\":[{\"@type\":\"BlogPosting\",\"@id\":\"https:\\\/\\\/www.spkatarzyna.pl\\\/index.php\\\/2026\\\/04\\\/22\\\/klasa-1c-tropi-wiosne-w-lesie\\\/#blogposting\",\"name\":\"Klasa 1c tropi wiosn\\u0119 w lesie - SP Katarzyna\",\"headline\":\"Klasa 1c tropi wiosn\\u0119 w lesie\",\"author\":{\"@id\":\"https:\\\/\\\/www.spkatarzyna.pl\\\/index.php\\\/author\\\/agatasafianspkatarzyna-pl\\\/#author\"},\"publisher\":{\"@id\":\"https:\\\/\\\/www.spkatarzyna.pl\\\/#organization\"},\"image\":{\"@type\":\"ImageObject\",\"url\":\"https:\\\/\\\/www.spkatarzyna.pl\\\/wp-content\\\/uploads\\\/2026\\\/04\\\/1776872013644-2.jpg\",\"width\":360,\"height\":202},\"datePublished\":\"2026-04-22T22:41:28+02:00\",\"dateModified\":\"2026-04-22T22:47:21+02:00\",\"inLanguage\":\"pl-PL\",\"mainEntityOfPage\":{\"@id\":\"https:\\\/\\\/www.spkatarzyna.pl\\\/index.php\\\/2026\\\/04\\\/22\\\/klasa-1c-tropi-wiosne-w-lesie\\\/#webpage\"},\"isPartOf\":{\"@id\":\"https:\\\/\\\/www.spkatarzyna.pl\\\/index.php\\\/2026\\\/04\\\/22\\\/klasa-1c-tropi-wiosne-w-lesie\\\/#webpage\"},\"articleSection\":\"Uncategorized\"},{\"@type\":\"BreadcrumbList\",\"@id\":\"https:\\\/\\\/www.spkatarzyna.pl\\\/index.php\\\/2026\\\/04\\\/22\\\/klasa-1c-tropi-wiosne-w-lesie\\\/#breadcrumblist\",\"itemListElement\":[{\"@type\":\"ListItem\",\"@id\":\"https:\\\/\\\/www.spkatarzyna.pl#listItem\",\"position\":1,\"name\":\"Dom\",\"item\":\"https:\\\/\\\/www.spkatarzyna.pl\",\"nextItem\":{\"@type\":\"ListItem\",\"@id\":\"https:\\\/\\\/www.spkatarzyna.pl\\\/index.php\\\/category\\\/uncategorized\\\/#listItem\",\"name\":\"Uncategorized\"}},{\"@type\":\"ListItem\",\"@id\":\"https:\\\/\\\/www.spkatarzyna.pl\\\/index.php\\\/category\\\/uncategorized\\\/#listItem\",\"position\":2,\"name\":\"Uncategorized\",\"item\":\"https:\\\/\\\/www.spkatarzyna.pl\\\/index.php\\\/category\\\/uncategorized\\\/\",\"nextItem\":{\"@type\":\"ListItem\",\"@id\":\"https:\\\/\\\/www.spkatarzyna.pl\\\/index.php\\\/2026\\\/04\\\/22\\\/klasa-1c-tropi-wiosne-w-lesie\\\/#listItem\",\"name\":\"Klasa 1c tropi wiosn\\u0119 w lesie\"},\"previousItem\":{\"@type\":\"ListItem\",\"@id\":\"https:\\\/\\\/www.spkatarzyna.pl#listItem\",\"name\":\"Dom\"}},{\"@type\":\"ListItem\",\"@id\":\"https:\\\/\\\/www.spkatarzyna.pl\\\/index.php\\\/2026\\\/04\\\/22\\\/klasa-1c-tropi-wiosne-w-lesie\\\/#listItem\",\"position\":3,\"name\":\"Klasa 1c tropi wiosn\\u0119 w lesie\",\"previousItem\":{\"@type\":\"ListItem\",\"@id\":\"https:\\\/\\\/www.spkatarzyna.pl\\\/index.php\\\/category\\\/uncategorized\\\/#listItem\",\"name\":\"Uncategorized\"}}]},{\"@type\":\"Organization\",\"@id\":\"https:\\\/\\\/www.spkatarzyna.pl\\\/#organization\",\"name\":\"SP Katarzyna\",\"description\":\"Publiczna Szko\\u0142a Podstawowa w \\u015awi\\u0119tej Katarzynie\",\"url\":\"https:\\\/\\\/www.spkatarzyna.pl\\\/\",\"telephone\":\"+48713116378\",\"sameAs\":[\"https:\\\/\\\/facebook.com\\\/\",\"https:\\\/\\\/x.com\\\/\",\"https:\\\/\\\/instagram.com\\\/\",\"https:\\\/\\\/pinterest.com\\\/\",\"https:\\\/\\\/youtube.com\\\/\",\"https:\\\/\\\/linkedin.com\\\/in\\\/\"]},{\"@type\":\"Person\",\"@id\":\"https:\\\/\\\/www.spkatarzyna.pl\\\/index.php\\\/author\\\/agatasafianspkatarzyna-pl\\\/#author\",\"url\":\"https:\\\/\\\/www.spkatarzyna.pl\\\/index.php\\\/author\\\/agatasafianspkatarzyna-pl\\\/\",\"name\":\"Redakcja\",\"image\":{\"@type\":\"ImageObject\",\"@id\":\"https:\\\/\\\/www.spkatarzyna.pl\\\/index.php\\\/2026\\\/04\\\/22\\\/klasa-1c-tropi-wiosne-w-lesie\\\/#authorImage\",\"url\":\"https:\\\/\\\/secure.gravatar.com\\\/avatar\\\/765290513df94d442152250e92b42327?s=96&d=mm&r=g\",\"width\":96,\"height\":96,\"caption\":\"Redakcja\"}},{\"@type\":\"WebPage\",\"@id\":\"https:\\\/\\\/www.spkatarzyna.pl\\\/index.php\\\/2026\\\/04\\\/22\\\/klasa-1c-tropi-wiosne-w-lesie\\\/#webpage\",\"url\":\"https:\\\/\\\/www.spkatarzyna.pl\\\/index.php\\\/2026\\\/04\\\/22\\\/klasa-1c-tropi-wiosne-w-lesie\\\/\",\"name\":\"Klasa 1c tropi wiosn\\u0119 w lesie - SP Katarzyna\",\"description\":\"Klasa 1c wybra\\u0142a si\\u0119 na wycieczk\\u0119 do lasu w ramach projektu \\u201eLe\\u015bna banda\\u201d. Podczas wyprawy uczniowie zamienili si\\u0119 w prawdziwych tropicieli przyrody. Rozpoznawali ro\\u015bliny \\u2013 przytulia czepna jak zwykle udowodni\\u0142a, \\u017ce jest mistrzyni\\u0105 przyczepiania si\\u0119 do ubra\\u0144, ale za to \\u015bwietnie nadawa\\u0142a si\\u0119 na le\\u015bne wianki. Podziwiali te\\u017c \\u017c\\u00f3\\u0142ciutki ziarnop\\u0142on wiosenny, delikatne zawilce oraz pachn\\u0105cy bluszcz\",\"inLanguage\":\"pl-PL\",\"isPartOf\":{\"@id\":\"https:\\\/\\\/www.spkatarzyna.pl\\\/#website\"},\"breadcrumb\":{\"@id\":\"https:\\\/\\\/www.spkatarzyna.pl\\\/index.php\\\/2026\\\/04\\\/22\\\/klasa-1c-tropi-wiosne-w-lesie\\\/#breadcrumblist\"},\"author\":{\"@id\":\"https:\\\/\\\/www.spkatarzyna.pl\\\/index.php\\\/author\\\/agatasafianspkatarzyna-pl\\\/#author\"},\"creator\":{\"@id\":\"https:\\\/\\\/www.spkatarzyna.pl\\\/index.php\\\/author\\\/agatasafianspkatarzyna-pl\\\/#author\"},\"image\":{\"@type\":\"ImageObject\",\"url\":\"https:\\\/\\\/www.spkatarzyna.pl\\\/wp-content\\\/uploads\\\/2026\\\/04\\\/1776872013644-2.jpg\",\"@id\":\"https:\\\/\\\/www.spkatarzyna.pl\\\/index.php\\\/2026\\\/04\\\/22\\\/klasa-1c-tropi-wiosne-w-lesie\\\/#mainImage\",\"width\":360,\"height\":202},\"primaryImageOfPage\":{\"@id\":\"https:\\\/\\\/www.spkatarzyna.pl\\\/index.php\\\/2026\\\/04\\\/22\\\/klasa-1c-tropi-wiosne-w-lesie\\\/#mainImage\"},\"datePublished\":\"2026-04-22T22:41:28+02:00\",\"dateModified\":\"2026-04-22T22:47:21+02:00\"},{\"@type\":\"WebSite\",\"@id\":\"https:\\\/\\\/www.spkatarzyna.pl\\\/#website\",\"url\":\"https:\\\/\\\/www.spkatarzyna.pl\\\/\",\"name\":\"SP Katarzyna\",\"description\":\"Publiczna Szko\\u0142a Podstawowa w \\u015awi\\u0119tej Katarzynie\",\"inLanguage\":\"pl-PL\",\"publisher\":{\"@id\":\"https:\\\/\\\/www.spkatarzyna.pl\\\/#organization\"}}]}\n\t\t<\/script>\n\t\t<!-- All in One SEO -->\n\n","aioseo_head_json":{"title":"Klasa 1c tropi wiosn\u0119 w lesie - SP Katarzyna","description":"Klasa 1c wybra\u0142a si\u0119 na wycieczk\u0119 do lasu w ramach projektu \u201eLe\u015bna banda\u201d. Podczas wyprawy uczniowie zamienili si\u0119 w prawdziwych tropicieli przyrody. Rozpoznawali ro\u015bliny \u2013 przytulia czepna jak zwykle udowodni\u0142a, \u017ce jest mistrzyni\u0105 przyczepiania si\u0119 do ubra\u0144, ale za to \u015bwietnie nadawa\u0142a si\u0119 na le\u015bne wianki. Podziwiali te\u017c \u017c\u00f3\u0142ciutki ziarnop\u0142on wiosenny, delikatne zawilce oraz pachn\u0105cy bluszcz","canonical_url":"https:\/\/www.spkatarzyna.pl\/index.php\/2026\/04\/22\/klasa-1c-tropi-wiosne-w-lesie\/","robots":"max-image-preview:large","keywords":"","webmasterTools":{"miscellaneous":""},"schema":{"@context":"https:\/\/schema.org","@graph":[{"@type":"BlogPosting","@id":"https:\/\/www.spkatarzyna.pl\/index.php\/2026\/04\/22\/klasa-1c-tropi-wiosne-w-lesie\/#blogposting","name":"Klasa 1c tropi wiosn\u0119 w lesie - SP Katarzyna","headline":"Klasa 1c tropi wiosn\u0119 w lesie","author":{"@id":"https:\/\/www.spkatarzyna.pl\/index.php\/author\/agatasafianspkatarzyna-pl\/#author"},"publisher":{"@id":"https:\/\/www.spkatarzyna.pl\/#organization"},"image":{"@type":"ImageObject","url":"https:\/\/www.spkatarzyna.pl\/wp-content\/uploads\/2026\/04\/1776872013644-2.jpg","width":360,"height":202},"datePublished":"2026-04-22T22:41:28+02:00","dateModified":"2026-04-22T22:47:21+02:00","inLanguage":"pl-PL","mainEntityOfPage":{"@id":"https:\/\/www.spkatarzyna.pl\/index.php\/2026\/04\/22\/klasa-1c-tropi-wiosne-w-lesie\/#webpage"},"isPartOf":{"@id":"https:\/\/www.spkatarzyna.pl\/index.php\/2026\/04\/22\/klasa-1c-tropi-wiosne-w-lesie\/#webpage"},"articleSection":"Uncategorized"},{"@type":"BreadcrumbList","@id":"https:\/\/www.spkatarzyna.pl\/index.php\/2026\/04\/22\/klasa-1c-tropi-wiosne-w-lesie\/#breadcrumblist","itemListElement":[{"@type":"ListItem","@id":"https:\/\/www.spkatarzyna.pl#listItem","position":1,"name":"Dom","item":"https:\/\/www.spkatarzyna.pl","nextItem":{"@type":"ListItem","@id":"https:\/\/www.spkatarzyna.pl\/index.php\/category\/uncategorized\/#listItem","name":"Uncategorized"}},{"@type":"ListItem","@id":"https:\/\/www.spkatarzyna.pl\/index.php\/category\/uncategorized\/#listItem","position":2,"name":"Uncategorized","item":"https:\/\/www.spkatarzyna.pl\/index.php\/category\/uncategorized\/","nextItem":{"@type":"ListItem","@id":"https:\/\/www.spkatarzyna.pl\/index.php\/2026\/04\/22\/klasa-1c-tropi-wiosne-w-lesie\/#listItem","name":"Klasa 1c tropi wiosn\u0119 w lesie"},"previousItem":{"@type":"ListItem","@id":"https:\/\/www.spkatarzyna.pl#listItem","name":"Dom"}},{"@type":"ListItem","@id":"https:\/\/www.spkatarzyna.pl\/index.php\/2026\/04\/22\/klasa-1c-tropi-wiosne-w-lesie\/#listItem","position":3,"name":"Klasa 1c tropi wiosn\u0119 w lesie","previousItem":{"@type":"ListItem","@id":"https:\/\/www.spkatarzyna.pl\/index.php\/category\/uncategorized\/#listItem","name":"Uncategorized"}}]},{"@type":"Organization","@id":"https:\/\/www.spkatarzyna.pl\/#organization","name":"SP Katarzyna","description":"Publiczna Szko\u0142a Podstawowa w \u015awi\u0119tej Katarzynie","url":"https:\/\/www.spkatarzyna.pl\/","telephone":"+48713116378","sameAs":["https:\/\/facebook.com\/","https:\/\/x.com\/","https:\/\/instagram.com\/","https:\/\/pinterest.com\/","https:\/\/youtube.com\/","https:\/\/linkedin.com\/in\/"]},{"@type":"Person","@id":"https:\/\/www.spkatarzyna.pl\/index.php\/author\/agatasafianspkatarzyna-pl\/#author","url":"https:\/\/www.spkatarzyna.pl\/index.php\/author\/agatasafianspkatarzyna-pl\/","name":"Redakcja","image":{"@type":"ImageObject","@id":"https:\/\/www.spkatarzyna.pl\/index.php\/2026\/04\/22\/klasa-1c-tropi-wiosne-w-lesie\/#authorImage","url":"https:\/\/secure.gravatar.com\/avatar\/765290513df94d442152250e92b42327?s=96&d=mm&r=g","width":96,"height":96,"caption":"Redakcja"}},{"@type":"WebPage","@id":"https:\/\/www.spkatarzyna.pl\/index.php\/2026\/04\/22\/klasa-1c-tropi-wiosne-w-lesie\/#webpage","url":"https:\/\/www.spkatarzyna.pl\/index.php\/2026\/04\/22\/klasa-1c-tropi-wiosne-w-lesie\/","name":"Klasa 1c tropi wiosn\u0119 w lesie - SP Katarzyna","description":"Klasa 1c wybra\u0142a si\u0119 na wycieczk\u0119 do lasu w ramach projektu \u201eLe\u015bna banda\u201d. Podczas wyprawy uczniowie zamienili si\u0119 w prawdziwych tropicieli przyrody. Rozpoznawali ro\u015bliny \u2013 przytulia czepna jak zwykle udowodni\u0142a, \u017ce jest mistrzyni\u0105 przyczepiania si\u0119 do ubra\u0144, ale za to \u015bwietnie nadawa\u0142a si\u0119 na le\u015bne wianki. Podziwiali te\u017c \u017c\u00f3\u0142ciutki ziarnop\u0142on wiosenny, delikatne zawilce oraz pachn\u0105cy bluszcz","inLanguage":"pl-PL","isPartOf":{"@id":"https:\/\/www.spkatarzyna.pl\/#website"},"breadcrumb":{"@id":"https:\/\/www.spkatarzyna.pl\/index.php\/2026\/04\/22\/klasa-1c-tropi-wiosne-w-lesie\/#breadcrumblist"},"author":{"@id":"https:\/\/www.spkatarzyna.pl\/index.php\/author\/agatasafianspkatarzyna-pl\/#author"},"creator":{"@id":"https:\/\/www.spkatarzyna.pl\/index.php\/author\/agatasafianspkatarzyna-pl\/#author"},"image":{"@type":"ImageObject","url":"https:\/\/www.spkatarzyna.pl\/wp-content\/uploads\/2026\/04\/1776872013644-2.jpg","@id":"https:\/\/www.spkatarzyna.pl\/index.php\/2026\/04\/22\/klasa-1c-tropi-wiosne-w-lesie\/#mainImage","width":360,"height":202},"primaryImageOfPage":{"@id":"https:\/\/www.spkatarzyna.pl\/index.php\/2026\/04\/22\/klasa-1c-tropi-wiosne-w-lesie\/#mainImage"},"datePublished":"2026-04-22T22:41:28+02:00","dateModified":"2026-04-22T22:47:21+02:00"},{"@type":"WebSite","@id":"https:\/\/www.spkatarzyna.pl\/#website","url":"https:\/\/www.spkatarzyna.pl\/","name":"SP Katarzyna","description":"Publiczna Szko\u0142a Podstawowa w \u015awi\u0119tej Katarzynie","inLanguage":"pl-PL","publisher":{"@id":"https:\/\/www.spkatarzyna.pl\/#organization"}}]},"og:locale":"pl_PL","og:site_name":"SP Katarzyna - Publiczna Szko\u0142a Podstawowa w \u015awi\u0119tej Katarzynie","og:type":"article","og:title":"Klasa 1c tropi wiosn\u0119 w lesie - SP Katarzyna","og:description":"Klasa 1c wybra\u0142a si\u0119 na wycieczk\u0119 do lasu w ramach projektu \u201eLe\u015bna banda\u201d. Podczas wyprawy uczniowie zamienili si\u0119 w prawdziwych tropicieli przyrody. Rozpoznawali ro\u015bliny \u2013 przytulia czepna jak zwykle udowodni\u0142a, \u017ce jest mistrzyni\u0105 przyczepiania si\u0119 do ubra\u0144, ale za to \u015bwietnie nadawa\u0142a si\u0119 na le\u015bne wianki. Podziwiali te\u017c \u017c\u00f3\u0142ciutki ziarnop\u0142on wiosenny, delikatne zawilce oraz pachn\u0105cy bluszcz","og:url":"https:\/\/www.spkatarzyna.pl\/index.php\/2026\/04\/22\/klasa-1c-tropi-wiosne-w-lesie\/","article:published_time":"2026-04-22T20:41:28+00:00","article:modified_time":"2026-04-22T20:47:21+00:00","twitter:card":"summary_large_image","twitter:title":"Klasa 1c tropi wiosn\u0119 w lesie - SP Katarzyna","twitter:description":"Klasa 1c wybra\u0142a si\u0119 na wycieczk\u0119 do lasu w ramach projektu \u201eLe\u015bna banda\u201d. Podczas wyprawy uczniowie zamienili si\u0119 w prawdziwych tropicieli przyrody. Rozpoznawali ro\u015bliny \u2013 przytulia czepna jak zwykle udowodni\u0142a, \u017ce jest mistrzyni\u0105 przyczepiania si\u0119 do ubra\u0144, ale za to \u015bwietnie nadawa\u0142a si\u0119 na le\u015bne wianki. Podziwiali te\u017c \u017c\u00f3\u0142ciutki ziarnop\u0142on wiosenny, delikatne zawilce oraz pachn\u0105cy bluszcz"},"aioseo_meta_data":{"post_id":"19334","title":null,"description":null,"keywords":null,"keyphrases":{"focus":{"keyphrase":"","score":0,"analysis":{"keyphraseInTitle":{"score":0,"maxScore":9,"error":1}}},"additional":[]},"primary_term":null,"canonical_url":null,"og_title":null,"og_description":null,"og_object_type":"default","og_image_type":"default","og_image_url":null,"og_image_width":null,"og_image_height":null,"og_image_custom_url":null,"og_image_custom_fields":null,"og_video":"","og_custom_url":null,"og_article_section":null,"og_article_tags":null,"twitter_use_og":false,"twitter_card":"default","twitter_image_type":"default","twitter_image_url":null,"twitter_image_custom_url":null,"twitter_image_custom_fields":null,"twitter_title":null,"twitter_description":null,"schema":{"blockGraphs":[],"customGraphs":[],"default":{"data":{"Article":[],"Course":[],"Dataset":[],"FAQPage":[],"Movie":[],"Person":[],"Product":[],"ProductReview":[],"Car":[],"Recipe":[],"Service":[],"SoftwareApplication":[],"WebPage":[]},"graphName":"BlogPosting","isEnabled":true},"graphs":[]},"schema_type":"default","schema_type_options":null,"pillar_content":false,"robots_default":true,"robots_noindex":false,"robots_noarchive":false,"robots_nosnippet":false,"robots_nofollow":false,"robots_noimageindex":false,"robots_noodp":false,"robots_notranslate":false,"robots_max_snippet":"-1","robots_max_videopreview":"-1","robots_max_imagepreview":"large","priority":null,"frequency":"default","local_seo":null,"limit_modified_date":false,"created":"2026-04-22 20:41:29","updated":"2026-09-03 18:01:50","focus_keyword":null,"additional_keywords":null,"truseo_locale":null,"ai":null,"breadcrumb_settings":null,"seo_analyzer_scan_date":null},"aioseo_breadcrumb":"<div class=\"aioseo-breadcrumbs\"><span class=\"aioseo-breadcrumb\">\n\t\t\t<a href=\"https:\/\/www.spkatarzyna.pl\" title=\"Dom\">Dom<\/a>\n\t\t<\/span><span class=\"aioseo-breadcrumb-separator\">&raquo;<\/span><span class=\"aioseo-breadcrumb\">\n\t\t\t<a href=\"https:\/\/www.spkatarzyna.pl\/index.php\/category\/uncategorized\/\" title=\"Uncategorized\">Uncategorized<\/a>\n\t\t<\/span><span class=\"aioseo-breadcrumb-separator\">&raquo;<\/span><span class=\"aioseo-breadcrumb\">\n\t\t\tKlasa 1c tropi wiosn\u0119 w lesie\n\t\t<\/span><\/div>","aioseo_breadcrumb_json":[{"label":"Dom","link":"https:\/\/www.spkatarzyna.pl"},{"label":"Uncategorized","link":"https:\/\/www.spkatarzyna.pl\/index.php\/category\/uncategorized\/"},{"label":"Klasa 1c tropi wiosn\u0119 w lesie","link":"https:\/\/www.spkatarzyna.pl\/index.php\/2026\/04\/22\/klasa-1c-tropi-wiosne-w-lesie\/"}],"_links":{"self":[{"href":"https:\/\/www.spkatarzyna.pl\/index.php\/wp-json\/wp\/v2\/posts\/19334","targetHints":{"allow":["GET"]}}],"collection":[{"href":"https:\/\/www.spkatarzyna.pl\/index.php\/wp-json\/wp\/v2\/posts"}],"about":[{"href":"https:\/\/www.spkatarzyna.pl\/index.php\/wp-json\/wp\/v2\/types\/post"}],"author":[{"embeddable":true,"href":"https:\/\/www.spkatarzyna.pl\/index.php\/wp-json\/wp\/v2\/users\/6"}],"replies":[{"embeddable":true,"href":"https:\/\/www.spkatarzyna.pl\/index.php\/wp-json\/wp\/v2\/comments?post=19334"}],"version-history":[{"count":4,"href":"https:\/\/www.spkatarzyna.pl\/index.php\/wp-json\/wp\/v2\/posts\/19334\/revisions"}],"predecessor-version":[{"id":19352,"href":"https:\/\/www.spkatarzyna.pl\/index.php\/wp-json\/wp\/v2\/posts\/19334\/revisions\/19352"}],"wp:featuredmedia":[{"embeddable":true,"href":"https:\/\/www.spkatarzyna.pl\/index.php\/wp-json\/wp\/v2\/media\/19335"}],"wp:attachment":[{"href":"https:\/\/www.spkatarzyna.pl\/index.php\/wp-json\/wp\/v2\/media?parent=19334"}],"wp:term":[{"taxonomy":"category","embeddable":true,"href":"https:\/\/www.spkatarzyna.pl\/index.php\/wp-json\/wp\/v2\/categories?post=19334"},{"taxonomy":"post_tag","embeddable":true,"href":"https:\/\/www.spkatarzyna.pl\/index.php\/wp-json\/wp\/v2\/tags?post=19334"}],"curies":[{"name":"wp","href":"https:\/\/api.w.org\/{rel}","templated":true}]}}