{"id":19372,"date":"2026-04-23T23:03:33","date_gmt":"2026-04-23T21:03:33","guid":{"rendered":"https:\/\/www.spkatarzyna.pl\/?p=19372"},"modified":"2026-04-24T18:28:00","modified_gmt":"2026-04-24T16:28:00","slug":"klasy-7-na-wystawie-body-worlds","status":"publish","type":"post","link":"https:\/\/www.spkatarzyna.pl\/index.php\/2026\/04\/23\/klasy-7-na-wystawie-body-worlds\/","title":{"rendered":"Klasy 7 na wystawie Body Worlds"},"content":{"rendered":"\t\t<div data-elementor-type=\"wp-post\" data-elementor-id=\"19372\" class=\"elementor elementor-19372\">\n\t\t\t\t<div class=\"elementor-element elementor-element-3a620c90 e-flex e-con-boxed e-con e-parent\" data-id=\"3a620c90\" data-element_type=\"container\">\n\t\t\t\t\t<div class=\"e-con-inner\">\n\t\t\t\t<div class=\"elementor-element elementor-element-4d634f16 elementor-widget elementor-widget-text-editor\" data-id=\"4d634f16\" data-element_type=\"widget\" data-widget_type=\"text-editor.default\">\n\t\t\t\t\t\t\t\t\t<p style=\"text-align: justify;\"><span style=\"font-weight: 400; font-size: 14pt;\">23 kwietnia uczniowie klasy 7a, 7b i 7c&nbsp; wzi\u0119li udzia\u0142 w wycieczce edukacyjnej na \u015bwiatowej s\u0142awy wystaw\u0119 Body Worlds \u2013 The Cycle of Life we Wroc\u0142awiu.&nbsp;<\/span><\/p>\r\n<p style=\"text-align: justify;\"><span style=\"font-size: 14pt;\"><span style=\"font-weight: 400;\">G\u0142\u00f3wnym elementem wystawy by\u0142y autentyczne ludzkie cia\u0142a poddane procesowi plastynacji. Dzi\u0119ki temu uczniowie mogli z bliska przyjrze\u0107 si\u0119 budowie ludzkiego organizmu \u2013 od uk\u0142adu kostnego i mi\u0119\u015bniowego, po precyzyjn\u0105 sie\u0107 naczy\u0144 krwiono\u015bnych i nerw\u00f3w. <\/span><span style=\"font-weight: 400;\">Ekspozycja sta\u0142a si\u0119 dla uczni\u00f3w niezwyk\u0142\u0105, \u017cyw\u0105 lekcj\u0105 biologii i przeprowadzi\u0142a ich przez wszystkie etapy rozwoju cz\u0142owieka.&nbsp;<\/span><\/span><\/p>\r\n<p style=\"text-align: justify;\"><span style=\"font-size: 14pt;\"><span style=\"font-weight: 400;\">Wycieczka by\u0142a nie tylko okazj\u0105 do integracji klas, ale&nbsp; tak\u017ce <\/span><span style=\"font-weight: 400;\">ciekawym do\u015bwiadczeniem, kt\u00f3re na d\u0142ugo pozostanie w pami\u0119ci naszych uczni\u00f3w.<\/span><\/span><\/p>\r\n<p style=\"text-align: right;\"><span style=\"font-weight: 400; font-size: 14pt;\">Wychowawcy klas 7<\/span><\/p>\r\n<p style=\"text-align: justify;\">\r\n<br style=\"font-weight: 400;\"><\/p>\t\t\t\t\t\t\t\t<\/div>\n\t\t\t\t<div class=\"elementor-element elementor-element-c597495 elementor-widget elementor-widget-image-gallery\" data-id=\"c597495\" data-element_type=\"widget\" data-widget_type=\"image-gallery.default\">\n\t\t\t\t\t\t\t<div class=\"elementor-image-gallery\">\n\t\t\t\n\t\t<div id='gallery-1' class='gallery galleryid-19372 gallery-columns-5 gallery-size-thumbnail gallery1'><script type=\"text\/javascript\">\n\/\/ <![CDATA[\n\tjQuery(document).ready(function () {\n\t\tjQuery(\".gallery1 a\").attr(\"rel\",\"gallery1\");\t\n\t\tjQuery('a[rel=\"gallery1\"]').colorbox({title: function(){ return jQuery(this).children().attr(\"alt\"); }});\n\t});\n\/\/ ]]>\n<\/script>\n<dl class=\"gallery-item\">\n<dt class=\"gallery-icon\">\n<a href=\"https:\/\/www.spkatarzyna.pl\/wp-content\/uploads\/2026\/04\/PHOTO-2026-04-23-18-37-43-2-135x300.jpg\" title=\"\" rel=\"gallery1\" rel=\"lightbox[19372]\"><img decoding=\"async\" src=\"https:\/\/www.spkatarzyna.pl\/wp-content\/uploads\/2026\/04\/PHOTO-2026-04-23-18-37-43-2-150x150.jpg\" width=\"150\" height=\"150\" alt=\"\" \/><\/a>\n<\/dt><\/dl><dl class=\"gallery-item\">\n<dt class=\"gallery-icon\">\n<a href=\"https:\/\/www.spkatarzyna.pl\/wp-content\/uploads\/2026\/04\/IMG_3692-300x225.jpg\" title=\"\" rel=\"gallery1\" rel=\"lightbox[19372]\"><img decoding=\"async\" src=\"https:\/\/www.spkatarzyna.pl\/wp-content\/uploads\/2026\/04\/IMG_3692-150x150.jpg\" width=\"150\" height=\"150\" alt=\"\" \/><\/a>\n<\/dt><\/dl><dl class=\"gallery-item\">\n<dt class=\"gallery-icon\">\n<a href=\"https:\/\/www.spkatarzyna.pl\/wp-content\/uploads\/2026\/04\/IMG_3695-225x300.jpg\" title=\"\" rel=\"gallery1\" rel=\"lightbox[19372]\"><img decoding=\"async\" src=\"https:\/\/www.spkatarzyna.pl\/wp-content\/uploads\/2026\/04\/IMG_3695-150x150.jpg\" width=\"150\" height=\"150\" alt=\"\" \/><\/a>\n<\/dt><\/dl><dl class=\"gallery-item\">\n<dt class=\"gallery-icon\">\n<a href=\"https:\/\/www.spkatarzyna.pl\/wp-content\/uploads\/2026\/04\/IMG_3697-300x225.jpg\" title=\"\" rel=\"gallery1\" rel=\"lightbox[19372]\"><img loading=\"lazy\" decoding=\"async\" src=\"https:\/\/www.spkatarzyna.pl\/wp-content\/uploads\/2026\/04\/IMG_3697-150x150.jpg\" width=\"150\" height=\"150\" alt=\"\" \/><\/a>\n<\/dt><\/dl><dl class=\"gallery-item\">\n<dt class=\"gallery-icon\">\n<a href=\"https:\/\/www.spkatarzyna.pl\/wp-content\/uploads\/2026\/04\/IMG_3700-300x225.jpg\" title=\"\" rel=\"gallery1\" rel=\"lightbox[19372]\"><img loading=\"lazy\" decoding=\"async\" src=\"https:\/\/www.spkatarzyna.pl\/wp-content\/uploads\/2026\/04\/IMG_3700-150x150.jpg\" width=\"150\" height=\"150\" alt=\"\" \/><\/a>\n<\/dt><\/dl><br style=\"clear: both\" \/><dl class=\"gallery-item\">\n<dt class=\"gallery-icon\">\n<a href=\"https:\/\/www.spkatarzyna.pl\/wp-content\/uploads\/2026\/04\/IMG_3701-300x225.jpg\" title=\"\" rel=\"gallery1\" rel=\"lightbox[19372]\"><img loading=\"lazy\" decoding=\"async\" src=\"https:\/\/www.spkatarzyna.pl\/wp-content\/uploads\/2026\/04\/IMG_3701-150x150.jpg\" width=\"150\" height=\"150\" alt=\"\" \/><\/a>\n<\/dt><\/dl><dl class=\"gallery-item\">\n<dt class=\"gallery-icon\">\n<a href=\"https:\/\/www.spkatarzyna.pl\/wp-content\/uploads\/2026\/04\/IMG_3687-300x225.jpg\" title=\"\" rel=\"gallery1\" rel=\"lightbox[19372]\"><img loading=\"lazy\" decoding=\"async\" src=\"https:\/\/www.spkatarzyna.pl\/wp-content\/uploads\/2026\/04\/IMG_3687-150x150.jpg\" width=\"150\" height=\"150\" alt=\"\" \/><\/a>\n<\/dt><\/dl><dl class=\"gallery-item\">\n<dt class=\"gallery-icon\">\n<a href=\"https:\/\/www.spkatarzyna.pl\/wp-content\/uploads\/2026\/04\/IMG_3696-225x300.jpg\" title=\"\" rel=\"gallery1\" rel=\"lightbox[19372]\"><img loading=\"lazy\" decoding=\"async\" src=\"https:\/\/www.spkatarzyna.pl\/wp-content\/uploads\/2026\/04\/IMG_3696-150x150.jpg\" width=\"150\" height=\"150\" alt=\"\" \/><\/a>\n<\/dt><\/dl><dl class=\"gallery-item\">\n<dt class=\"gallery-icon\">\n<a href=\"https:\/\/www.spkatarzyna.pl\/wp-content\/uploads\/2026\/04\/PHOTO-2026-04-23-18-37-43-3-2-228x300.jpg\" title=\"\" rel=\"gallery1\" rel=\"lightbox[19372]\"><img loading=\"lazy\" decoding=\"async\" src=\"https:\/\/www.spkatarzyna.pl\/wp-content\/uploads\/2026\/04\/PHOTO-2026-04-23-18-37-43-3-2-150x150.jpg\" width=\"150\" height=\"150\" alt=\"\" \/><\/a>\n<\/dt><\/dl><dl class=\"gallery-item\">\n<dt class=\"gallery-icon\">\n<a href=\"https:\/\/www.spkatarzyna.pl\/wp-content\/uploads\/2026\/04\/PHOTO-2026-04-23-18-37-43-135x300.jpg\" title=\"\" rel=\"gallery1\" rel=\"lightbox[19372]\"><img loading=\"lazy\" decoding=\"async\" src=\"https:\/\/www.spkatarzyna.pl\/wp-content\/uploads\/2026\/04\/PHOTO-2026-04-23-18-37-43-150x150.jpg\" width=\"150\" height=\"150\" alt=\"\" \/><\/a>\n<\/dt><\/dl><br style=\"clear: both\" \/><dl class=\"gallery-item\">\n<dt class=\"gallery-icon\">\n<a href=\"https:\/\/www.spkatarzyna.pl\/wp-content\/uploads\/2026\/04\/PHOTO-2026-04-23-18-37-44-135x300.jpg\" title=\"\" rel=\"gallery1\" rel=\"lightbox[19372]\"><img loading=\"lazy\" decoding=\"async\" src=\"https:\/\/www.spkatarzyna.pl\/wp-content\/uploads\/2026\/04\/PHOTO-2026-04-23-18-37-44-150x150.jpg\" width=\"150\" height=\"150\" alt=\"\" \/><\/a>\n<\/dt><\/dl><dl class=\"gallery-item\">\n<dt class=\"gallery-icon\">\n<a href=\"https:\/\/www.spkatarzyna.pl\/wp-content\/uploads\/2026\/04\/PHOTO-2026-04-23-15-16-16-300x225.jpg\" title=\"\" rel=\"gallery1\" rel=\"lightbox[19372]\"><img loading=\"lazy\" decoding=\"async\" src=\"https:\/\/www.spkatarzyna.pl\/wp-content\/uploads\/2026\/04\/PHOTO-2026-04-23-15-16-16-150x150.jpg\" width=\"150\" height=\"150\" alt=\"\" \/><\/a>\n<\/dt><\/dl><dl class=\"gallery-item\">\n<dt class=\"gallery-icon\">\n<a href=\"https:\/\/www.spkatarzyna.pl\/wp-content\/uploads\/2026\/04\/25181-225x300.jpg\" title=\"oplus_32\" rel=\"gallery1\" rel=\"lightbox[19372]\"><img loading=\"lazy\" decoding=\"async\" src=\"https:\/\/www.spkatarzyna.pl\/wp-content\/uploads\/2026\/04\/25181-150x150.jpg\" width=\"150\" height=\"150\" alt=\"oplus_32\" \/><\/a>\n<\/dt><dd class=\"gallery-caption\" id=\"caption19423\"><span class=\"imagecaption\">oplus_32<\/span><br \/>\n<\/dd><\/dl><dl class=\"gallery-item\">\n<dt class=\"gallery-icon\">\n<a href=\"https:\/\/www.spkatarzyna.pl\/wp-content\/uploads\/2026\/04\/25199-300x225.jpg\" title=\"oplus_0\" rel=\"gallery1\" rel=\"lightbox[19372]\"><img loading=\"lazy\" decoding=\"async\" src=\"https:\/\/www.spkatarzyna.pl\/wp-content\/uploads\/2026\/04\/25199-150x150.jpg\" width=\"150\" height=\"150\" alt=\"oplus_0\" \/><\/a>\n<\/dt><dd class=\"gallery-caption\" id=\"caption19424\"><span class=\"imagecaption\">oplus_0<\/span><br \/>\n<\/dd><\/dl><dl class=\"gallery-item\">\n<dt class=\"gallery-icon\">\n<a href=\"https:\/\/www.spkatarzyna.pl\/wp-content\/uploads\/2026\/04\/25245-300x225.jpg\" title=\"\" rel=\"gallery1\" rel=\"lightbox[19372]\"><img loading=\"lazy\" decoding=\"async\" src=\"https:\/\/www.spkatarzyna.pl\/wp-content\/uploads\/2026\/04\/25245-150x150.jpg\" width=\"150\" height=\"150\" alt=\"\" \/><\/a>\n<\/dt><\/dl><br style=\"clear: both\" \/><br style=\"clear: both\" \/><\/div>\t\t<\/div>\n\t\t\t\t\t\t<\/div>\n\t\t\t\t\t<\/div>\n\t\t\t\t<\/div>\n\t\t\t\t<\/div>\n\t\t","protected":false},"excerpt":{"rendered":"<p>23 kwietnia uczniowie klasy 7a, 7b i 7c&nbsp; wzi\u0119li udzia\u0142 w wycieczce edukacyjnej na \u015bwiatowej s\u0142awy wystaw\u0119 Body Worlds \u2013 The Cycle of Life we Wroc\u0142awiu.&nbsp; G\u0142\u00f3wnym elementem wystawy by\u0142y autentyczne ludzkie cia\u0142a poddane procesowi plastynacji. Dzi\u0119ki temu uczniowie mogli z bliska przyjrze\u0107 si\u0119 budowie ludzkiego organizmu \u2013 od uk\u0142adu [&hellip;]<\/p>\n","protected":false},"author":6,"featured_media":19373,"comment_status":"open","ping_status":"open","sticky":false,"template":"","format":"standard","meta":{"om_disable_all_campaigns":false,"_monsterinsights_skip_tracking":false,"ngg_post_thumbnail":0,"footnotes":""},"categories":[1],"tags":[],"class_list":["post-19372","post","type-post","status-publish","format-standard","has-post-thumbnail","hentry","category-uncategorized"],"aioseo_notices":[],"aioseo_head":"\n\t\t<!-- All in One SEO 5.0.1.1 - aioseo.com -->\n\t<meta name=\"description\" content=\"23 kwietnia uczniowie klasy 7a, 7b i 7c wzi\u0119li udzia\u0142 w wycieczce edukacyjnej na \u015bwiatowej s\u0142awy wystaw\u0119 Body Worlds \u2013 The Cycle of Life we Wroc\u0142awiu. G\u0142\u00f3wnym elementem wystawy by\u0142y autentyczne ludzkie cia\u0142a poddane procesowi plastynacji. Dzi\u0119ki temu uczniowie mogli z bliska przyjrze\u0107 si\u0119 budowie ludzkiego organizmu \u2013 od uk\u0142adu kostnego i mi\u0119\u015bniowego, po precyzyjn\u0105\" \/>\n\t<meta name=\"robots\" content=\"max-image-preview:large\" \/>\n\t<meta name=\"author\" content=\"Redakcja\"\/>\n\t<link rel=\"canonical\" href=\"https:\/\/www.spkatarzyna.pl\/index.php\/2026\/04\/23\/klasy-7-na-wystawie-body-worlds\/\" \/>\n\t<meta name=\"generator\" content=\"All in One SEO (AIOSEO) 5.0.1.1\" \/>\n\t\t<meta property=\"og:locale\" content=\"pl_PL\" \/>\n\t\t<meta property=\"og:site_name\" content=\"SP Katarzyna - Publiczna Szko\u0142a Podstawowa w \u015awi\u0119tej Katarzynie\" \/>\n\t\t<meta property=\"og:type\" content=\"article\" \/>\n\t\t<meta property=\"og:title\" content=\"Klasy 7 na wystawie Body Worlds - SP Katarzyna\" \/>\n\t\t<meta property=\"og:description\" content=\"23 kwietnia uczniowie klasy 7a, 7b i 7c wzi\u0119li udzia\u0142 w wycieczce edukacyjnej na \u015bwiatowej s\u0142awy wystaw\u0119 Body Worlds \u2013 The Cycle of Life we Wroc\u0142awiu. G\u0142\u00f3wnym elementem wystawy by\u0142y autentyczne ludzkie cia\u0142a poddane procesowi plastynacji. Dzi\u0119ki temu uczniowie mogli z bliska przyjrze\u0107 si\u0119 budowie ludzkiego organizmu \u2013 od uk\u0142adu kostnego i mi\u0119\u015bniowego, po precyzyjn\u0105\" \/>\n\t\t<meta property=\"og:url\" content=\"https:\/\/www.spkatarzyna.pl\/index.php\/2026\/04\/23\/klasy-7-na-wystawie-body-worlds\/\" \/>\n\t\t<meta property=\"article:published_time\" content=\"2026-04-23T21:03:33+00:00\" \/>\n\t\t<meta property=\"article:modified_time\" content=\"2026-04-24T16:28:00+00:00\" \/>\n\t\t<meta name=\"twitter:card\" content=\"summary_large_image\" \/>\n\t\t<meta name=\"twitter:title\" content=\"Klasy 7 na wystawie Body Worlds - SP Katarzyna\" \/>\n\t\t<meta name=\"twitter:description\" content=\"23 kwietnia uczniowie klasy 7a, 7b i 7c wzi\u0119li udzia\u0142 w wycieczce edukacyjnej na \u015bwiatowej s\u0142awy wystaw\u0119 Body Worlds \u2013 The Cycle of Life we Wroc\u0142awiu. G\u0142\u00f3wnym elementem wystawy by\u0142y autentyczne ludzkie cia\u0142a poddane procesowi plastynacji. Dzi\u0119ki temu uczniowie mogli z bliska przyjrze\u0107 si\u0119 budowie ludzkiego organizmu \u2013 od uk\u0142adu kostnego i mi\u0119\u015bniowego, po precyzyjn\u0105\" \/>\n\t\t<script type=\"application\/ld+json\" class=\"aioseo-schema\">\n\t\t\t{\"@context\":\"https:\\\/\\\/schema.org\",\"@graph\":[{\"@type\":\"BlogPosting\",\"@id\":\"https:\\\/\\\/www.spkatarzyna.pl\\\/index.php\\\/2026\\\/04\\\/23\\\/klasy-7-na-wystawie-body-worlds\\\/#blogposting\",\"name\":\"Klasy 7 na wystawie Body Worlds - SP Katarzyna\",\"headline\":\"Klasy 7 na wystawie Body Worlds\",\"author\":{\"@id\":\"https:\\\/\\\/www.spkatarzyna.pl\\\/index.php\\\/author\\\/agatasafianspkatarzyna-pl\\\/#author\"},\"publisher\":{\"@id\":\"https:\\\/\\\/www.spkatarzyna.pl\\\/#organization\"},\"image\":{\"@type\":\"ImageObject\",\"url\":\"https:\\\/\\\/www.spkatarzyna.pl\\\/wp-content\\\/uploads\\\/2026\\\/04\\\/IMG_3687-2.jpg\",\"width\":360,\"height\":202},\"datePublished\":\"2026-04-23T23:03:33+02:00\",\"dateModified\":\"2026-04-24T18:28:00+02:00\",\"inLanguage\":\"pl-PL\",\"mainEntityOfPage\":{\"@id\":\"https:\\\/\\\/www.spkatarzyna.pl\\\/index.php\\\/2026\\\/04\\\/23\\\/klasy-7-na-wystawie-body-worlds\\\/#webpage\"},\"isPartOf\":{\"@id\":\"https:\\\/\\\/www.spkatarzyna.pl\\\/index.php\\\/2026\\\/04\\\/23\\\/klasy-7-na-wystawie-body-worlds\\\/#webpage\"},\"articleSection\":\"Uncategorized\"},{\"@type\":\"BreadcrumbList\",\"@id\":\"https:\\\/\\\/www.spkatarzyna.pl\\\/index.php\\\/2026\\\/04\\\/23\\\/klasy-7-na-wystawie-body-worlds\\\/#breadcrumblist\",\"itemListElement\":[{\"@type\":\"ListItem\",\"@id\":\"https:\\\/\\\/www.spkatarzyna.pl#listItem\",\"position\":1,\"name\":\"Dom\",\"item\":\"https:\\\/\\\/www.spkatarzyna.pl\",\"nextItem\":{\"@type\":\"ListItem\",\"@id\":\"https:\\\/\\\/www.spkatarzyna.pl\\\/index.php\\\/category\\\/uncategorized\\\/#listItem\",\"name\":\"Uncategorized\"}},{\"@type\":\"ListItem\",\"@id\":\"https:\\\/\\\/www.spkatarzyna.pl\\\/index.php\\\/category\\\/uncategorized\\\/#listItem\",\"position\":2,\"name\":\"Uncategorized\",\"item\":\"https:\\\/\\\/www.spkatarzyna.pl\\\/index.php\\\/category\\\/uncategorized\\\/\",\"nextItem\":{\"@type\":\"ListItem\",\"@id\":\"https:\\\/\\\/www.spkatarzyna.pl\\\/index.php\\\/2026\\\/04\\\/23\\\/klasy-7-na-wystawie-body-worlds\\\/#listItem\",\"name\":\"Klasy 7 na wystawie Body Worlds\"},\"previousItem\":{\"@type\":\"ListItem\",\"@id\":\"https:\\\/\\\/www.spkatarzyna.pl#listItem\",\"name\":\"Dom\"}},{\"@type\":\"ListItem\",\"@id\":\"https:\\\/\\\/www.spkatarzyna.pl\\\/index.php\\\/2026\\\/04\\\/23\\\/klasy-7-na-wystawie-body-worlds\\\/#listItem\",\"position\":3,\"name\":\"Klasy 7 na wystawie Body Worlds\",\"previousItem\":{\"@type\":\"ListItem\",\"@id\":\"https:\\\/\\\/www.spkatarzyna.pl\\\/index.php\\\/category\\\/uncategorized\\\/#listItem\",\"name\":\"Uncategorized\"}}]},{\"@type\":\"Organization\",\"@id\":\"https:\\\/\\\/www.spkatarzyna.pl\\\/#organization\",\"name\":\"SP Katarzyna\",\"description\":\"Publiczna Szko\\u0142a Podstawowa w \\u015awi\\u0119tej Katarzynie\",\"url\":\"https:\\\/\\\/www.spkatarzyna.pl\\\/\",\"telephone\":\"+48713116378\",\"sameAs\":[\"https:\\\/\\\/facebook.com\\\/\",\"https:\\\/\\\/x.com\\\/\",\"https:\\\/\\\/instagram.com\\\/\",\"https:\\\/\\\/pinterest.com\\\/\",\"https:\\\/\\\/youtube.com\\\/\",\"https:\\\/\\\/linkedin.com\\\/in\\\/\"]},{\"@type\":\"Person\",\"@id\":\"https:\\\/\\\/www.spkatarzyna.pl\\\/index.php\\\/author\\\/agatasafianspkatarzyna-pl\\\/#author\",\"url\":\"https:\\\/\\\/www.spkatarzyna.pl\\\/index.php\\\/author\\\/agatasafianspkatarzyna-pl\\\/\",\"name\":\"Redakcja\",\"image\":{\"@type\":\"ImageObject\",\"@id\":\"https:\\\/\\\/www.spkatarzyna.pl\\\/index.php\\\/2026\\\/04\\\/23\\\/klasy-7-na-wystawie-body-worlds\\\/#authorImage\",\"url\":\"https:\\\/\\\/secure.gravatar.com\\\/avatar\\\/765290513df94d442152250e92b42327?s=96&d=mm&r=g\",\"width\":96,\"height\":96,\"caption\":\"Redakcja\"}},{\"@type\":\"WebPage\",\"@id\":\"https:\\\/\\\/www.spkatarzyna.pl\\\/index.php\\\/2026\\\/04\\\/23\\\/klasy-7-na-wystawie-body-worlds\\\/#webpage\",\"url\":\"https:\\\/\\\/www.spkatarzyna.pl\\\/index.php\\\/2026\\\/04\\\/23\\\/klasy-7-na-wystawie-body-worlds\\\/\",\"name\":\"Klasy 7 na wystawie Body Worlds - SP Katarzyna\",\"description\":\"23 kwietnia uczniowie klasy 7a, 7b i 7c wzi\\u0119li udzia\\u0142 w wycieczce edukacyjnej na \\u015bwiatowej s\\u0142awy wystaw\\u0119 Body Worlds \\u2013 The Cycle of Life we Wroc\\u0142awiu. G\\u0142\\u00f3wnym elementem wystawy by\\u0142y autentyczne ludzkie cia\\u0142a poddane procesowi plastynacji. Dzi\\u0119ki temu uczniowie mogli z bliska przyjrze\\u0107 si\\u0119 budowie ludzkiego organizmu \\u2013 od uk\\u0142adu kostnego i mi\\u0119\\u015bniowego, po precyzyjn\\u0105\",\"inLanguage\":\"pl-PL\",\"isPartOf\":{\"@id\":\"https:\\\/\\\/www.spkatarzyna.pl\\\/#website\"},\"breadcrumb\":{\"@id\":\"https:\\\/\\\/www.spkatarzyna.pl\\\/index.php\\\/2026\\\/04\\\/23\\\/klasy-7-na-wystawie-body-worlds\\\/#breadcrumblist\"},\"author\":{\"@id\":\"https:\\\/\\\/www.spkatarzyna.pl\\\/index.php\\\/author\\\/agatasafianspkatarzyna-pl\\\/#author\"},\"creator\":{\"@id\":\"https:\\\/\\\/www.spkatarzyna.pl\\\/index.php\\\/author\\\/agatasafianspkatarzyna-pl\\\/#author\"},\"image\":{\"@type\":\"ImageObject\",\"url\":\"https:\\\/\\\/www.spkatarzyna.pl\\\/wp-content\\\/uploads\\\/2026\\\/04\\\/IMG_3687-2.jpg\",\"@id\":\"https:\\\/\\\/www.spkatarzyna.pl\\\/index.php\\\/2026\\\/04\\\/23\\\/klasy-7-na-wystawie-body-worlds\\\/#mainImage\",\"width\":360,\"height\":202},\"primaryImageOfPage\":{\"@id\":\"https:\\\/\\\/www.spkatarzyna.pl\\\/index.php\\\/2026\\\/04\\\/23\\\/klasy-7-na-wystawie-body-worlds\\\/#mainImage\"},\"datePublished\":\"2026-04-23T23:03:33+02:00\",\"dateModified\":\"2026-04-24T18:28:00+02:00\"},{\"@type\":\"WebSite\",\"@id\":\"https:\\\/\\\/www.spkatarzyna.pl\\\/#website\",\"url\":\"https:\\\/\\\/www.spkatarzyna.pl\\\/\",\"name\":\"SP Katarzyna\",\"description\":\"Publiczna Szko\\u0142a Podstawowa w \\u015awi\\u0119tej Katarzynie\",\"inLanguage\":\"pl-PL\",\"publisher\":{\"@id\":\"https:\\\/\\\/www.spkatarzyna.pl\\\/#organization\"}}]}\n\t\t<\/script>\n\t\t<!-- All in One SEO -->\n\n","aioseo_head_json":{"title":"Klasy 7 na wystawie Body Worlds - SP Katarzyna","description":"23 kwietnia uczniowie klasy 7a, 7b i 7c wzi\u0119li udzia\u0142 w wycieczce edukacyjnej na \u015bwiatowej s\u0142awy wystaw\u0119 Body Worlds \u2013 The Cycle of Life we Wroc\u0142awiu. G\u0142\u00f3wnym elementem wystawy by\u0142y autentyczne ludzkie cia\u0142a poddane procesowi plastynacji. Dzi\u0119ki temu uczniowie mogli z bliska przyjrze\u0107 si\u0119 budowie ludzkiego organizmu \u2013 od uk\u0142adu kostnego i mi\u0119\u015bniowego, po precyzyjn\u0105","canonical_url":"https:\/\/www.spkatarzyna.pl\/index.php\/2026\/04\/23\/klasy-7-na-wystawie-body-worlds\/","robots":"max-image-preview:large","keywords":"","webmasterTools":{"miscellaneous":""},"schema":{"@context":"https:\/\/schema.org","@graph":[{"@type":"BlogPosting","@id":"https:\/\/www.spkatarzyna.pl\/index.php\/2026\/04\/23\/klasy-7-na-wystawie-body-worlds\/#blogposting","name":"Klasy 7 na wystawie Body Worlds - SP Katarzyna","headline":"Klasy 7 na wystawie Body Worlds","author":{"@id":"https:\/\/www.spkatarzyna.pl\/index.php\/author\/agatasafianspkatarzyna-pl\/#author"},"publisher":{"@id":"https:\/\/www.spkatarzyna.pl\/#organization"},"image":{"@type":"ImageObject","url":"https:\/\/www.spkatarzyna.pl\/wp-content\/uploads\/2026\/04\/IMG_3687-2.jpg","width":360,"height":202},"datePublished":"2026-04-23T23:03:33+02:00","dateModified":"2026-04-24T18:28:00+02:00","inLanguage":"pl-PL","mainEntityOfPage":{"@id":"https:\/\/www.spkatarzyna.pl\/index.php\/2026\/04\/23\/klasy-7-na-wystawie-body-worlds\/#webpage"},"isPartOf":{"@id":"https:\/\/www.spkatarzyna.pl\/index.php\/2026\/04\/23\/klasy-7-na-wystawie-body-worlds\/#webpage"},"articleSection":"Uncategorized"},{"@type":"BreadcrumbList","@id":"https:\/\/www.spkatarzyna.pl\/index.php\/2026\/04\/23\/klasy-7-na-wystawie-body-worlds\/#breadcrumblist","itemListElement":[{"@type":"ListItem","@id":"https:\/\/www.spkatarzyna.pl#listItem","position":1,"name":"Dom","item":"https:\/\/www.spkatarzyna.pl","nextItem":{"@type":"ListItem","@id":"https:\/\/www.spkatarzyna.pl\/index.php\/category\/uncategorized\/#listItem","name":"Uncategorized"}},{"@type":"ListItem","@id":"https:\/\/www.spkatarzyna.pl\/index.php\/category\/uncategorized\/#listItem","position":2,"name":"Uncategorized","item":"https:\/\/www.spkatarzyna.pl\/index.php\/category\/uncategorized\/","nextItem":{"@type":"ListItem","@id":"https:\/\/www.spkatarzyna.pl\/index.php\/2026\/04\/23\/klasy-7-na-wystawie-body-worlds\/#listItem","name":"Klasy 7 na wystawie Body Worlds"},"previousItem":{"@type":"ListItem","@id":"https:\/\/www.spkatarzyna.pl#listItem","name":"Dom"}},{"@type":"ListItem","@id":"https:\/\/www.spkatarzyna.pl\/index.php\/2026\/04\/23\/klasy-7-na-wystawie-body-worlds\/#listItem","position":3,"name":"Klasy 7 na wystawie Body Worlds","previousItem":{"@type":"ListItem","@id":"https:\/\/www.spkatarzyna.pl\/index.php\/category\/uncategorized\/#listItem","name":"Uncategorized"}}]},{"@type":"Organization","@id":"https:\/\/www.spkatarzyna.pl\/#organization","name":"SP Katarzyna","description":"Publiczna Szko\u0142a Podstawowa w \u015awi\u0119tej Katarzynie","url":"https:\/\/www.spkatarzyna.pl\/","telephone":"+48713116378","sameAs":["https:\/\/facebook.com\/","https:\/\/x.com\/","https:\/\/instagram.com\/","https:\/\/pinterest.com\/","https:\/\/youtube.com\/","https:\/\/linkedin.com\/in\/"]},{"@type":"Person","@id":"https:\/\/www.spkatarzyna.pl\/index.php\/author\/agatasafianspkatarzyna-pl\/#author","url":"https:\/\/www.spkatarzyna.pl\/index.php\/author\/agatasafianspkatarzyna-pl\/","name":"Redakcja","image":{"@type":"ImageObject","@id":"https:\/\/www.spkatarzyna.pl\/index.php\/2026\/04\/23\/klasy-7-na-wystawie-body-worlds\/#authorImage","url":"https:\/\/secure.gravatar.com\/avatar\/765290513df94d442152250e92b42327?s=96&d=mm&r=g","width":96,"height":96,"caption":"Redakcja"}},{"@type":"WebPage","@id":"https:\/\/www.spkatarzyna.pl\/index.php\/2026\/04\/23\/klasy-7-na-wystawie-body-worlds\/#webpage","url":"https:\/\/www.spkatarzyna.pl\/index.php\/2026\/04\/23\/klasy-7-na-wystawie-body-worlds\/","name":"Klasy 7 na wystawie Body Worlds - SP Katarzyna","description":"23 kwietnia uczniowie klasy 7a, 7b i 7c wzi\u0119li udzia\u0142 w wycieczce edukacyjnej na \u015bwiatowej s\u0142awy wystaw\u0119 Body Worlds \u2013 The Cycle of Life we Wroc\u0142awiu. G\u0142\u00f3wnym elementem wystawy by\u0142y autentyczne ludzkie cia\u0142a poddane procesowi plastynacji. Dzi\u0119ki temu uczniowie mogli z bliska przyjrze\u0107 si\u0119 budowie ludzkiego organizmu \u2013 od uk\u0142adu kostnego i mi\u0119\u015bniowego, po precyzyjn\u0105","inLanguage":"pl-PL","isPartOf":{"@id":"https:\/\/www.spkatarzyna.pl\/#website"},"breadcrumb":{"@id":"https:\/\/www.spkatarzyna.pl\/index.php\/2026\/04\/23\/klasy-7-na-wystawie-body-worlds\/#breadcrumblist"},"author":{"@id":"https:\/\/www.spkatarzyna.pl\/index.php\/author\/agatasafianspkatarzyna-pl\/#author"},"creator":{"@id":"https:\/\/www.spkatarzyna.pl\/index.php\/author\/agatasafianspkatarzyna-pl\/#author"},"image":{"@type":"ImageObject","url":"https:\/\/www.spkatarzyna.pl\/wp-content\/uploads\/2026\/04\/IMG_3687-2.jpg","@id":"https:\/\/www.spkatarzyna.pl\/index.php\/2026\/04\/23\/klasy-7-na-wystawie-body-worlds\/#mainImage","width":360,"height":202},"primaryImageOfPage":{"@id":"https:\/\/www.spkatarzyna.pl\/index.php\/2026\/04\/23\/klasy-7-na-wystawie-body-worlds\/#mainImage"},"datePublished":"2026-04-23T23:03:33+02:00","dateModified":"2026-04-24T18:28:00+02:00"},{"@type":"WebSite","@id":"https:\/\/www.spkatarzyna.pl\/#website","url":"https:\/\/www.spkatarzyna.pl\/","name":"SP Katarzyna","description":"Publiczna Szko\u0142a Podstawowa w \u015awi\u0119tej Katarzynie","inLanguage":"pl-PL","publisher":{"@id":"https:\/\/www.spkatarzyna.pl\/#organization"}}]},"og:locale":"pl_PL","og:site_name":"SP Katarzyna - Publiczna Szko\u0142a Podstawowa w \u015awi\u0119tej Katarzynie","og:type":"article","og:title":"Klasy 7 na wystawie Body Worlds - SP Katarzyna","og:description":"23 kwietnia uczniowie klasy 7a, 7b i 7c wzi\u0119li udzia\u0142 w wycieczce edukacyjnej na \u015bwiatowej s\u0142awy wystaw\u0119 Body Worlds \u2013 The Cycle of Life we Wroc\u0142awiu. G\u0142\u00f3wnym elementem wystawy by\u0142y autentyczne ludzkie cia\u0142a poddane procesowi plastynacji. Dzi\u0119ki temu uczniowie mogli z bliska przyjrze\u0107 si\u0119 budowie ludzkiego organizmu \u2013 od uk\u0142adu kostnego i mi\u0119\u015bniowego, po precyzyjn\u0105","og:url":"https:\/\/www.spkatarzyna.pl\/index.php\/2026\/04\/23\/klasy-7-na-wystawie-body-worlds\/","article:published_time":"2026-04-23T21:03:33+00:00","article:modified_time":"2026-04-24T16:28:00+00:00","twitter:card":"summary_large_image","twitter:title":"Klasy 7 na wystawie Body Worlds - SP Katarzyna","twitter:description":"23 kwietnia uczniowie klasy 7a, 7b i 7c wzi\u0119li udzia\u0142 w wycieczce edukacyjnej na \u015bwiatowej s\u0142awy wystaw\u0119 Body Worlds \u2013 The Cycle of Life we Wroc\u0142awiu. G\u0142\u00f3wnym elementem wystawy by\u0142y autentyczne ludzkie cia\u0142a poddane procesowi plastynacji. Dzi\u0119ki temu uczniowie mogli z bliska przyjrze\u0107 si\u0119 budowie ludzkiego organizmu \u2013 od uk\u0142adu kostnego i mi\u0119\u015bniowego, po precyzyjn\u0105"},"aioseo_meta_data":{"post_id":"19372","title":null,"description":null,"keywords":null,"keyphrases":{"focus":{"keyphrase":"","score":0,"analysis":{"keyphraseInTitle":{"score":0,"maxScore":9,"error":1}}},"additional":[]},"primary_term":null,"canonical_url":null,"og_title":null,"og_description":null,"og_object_type":"default","og_image_type":"default","og_image_url":null,"og_image_width":null,"og_image_height":null,"og_image_custom_url":null,"og_image_custom_fields":null,"og_video":"","og_custom_url":null,"og_article_section":null,"og_article_tags":null,"twitter_use_og":false,"twitter_card":"default","twitter_image_type":"default","twitter_image_url":null,"twitter_image_custom_url":null,"twitter_image_custom_fields":null,"twitter_title":null,"twitter_description":null,"schema":{"blockGraphs":[],"customGraphs":[],"default":{"data":{"Article":[],"Course":[],"Dataset":[],"FAQPage":[],"Movie":[],"Person":[],"Product":[],"ProductReview":[],"Car":[],"Recipe":[],"Service":[],"SoftwareApplication":[],"WebPage":[]},"graphName":"BlogPosting","isEnabled":true},"graphs":[]},"schema_type":"default","schema_type_options":null,"pillar_content":false,"robots_default":true,"robots_noindex":false,"robots_noarchive":false,"robots_nosnippet":false,"robots_nofollow":false,"robots_noimageindex":false,"robots_noodp":false,"robots_notranslate":false,"robots_max_snippet":"-1","robots_max_videopreview":"-1","robots_max_imagepreview":"large","priority":null,"frequency":"default","local_seo":null,"limit_modified_date":false,"created":"2026-04-23 21:03:33","updated":"2026-09-03 18:01:50","focus_keyword":null,"additional_keywords":null,"truseo_locale":null,"ai":null,"breadcrumb_settings":null,"seo_analyzer_scan_date":null},"aioseo_breadcrumb":"<div class=\"aioseo-breadcrumbs\"><span class=\"aioseo-breadcrumb\">\n\t\t\t<a href=\"https:\/\/www.spkatarzyna.pl\" title=\"Dom\">Dom<\/a>\n\t\t<\/span><span class=\"aioseo-breadcrumb-separator\">&raquo;<\/span><span class=\"aioseo-breadcrumb\">\n\t\t\t<a href=\"https:\/\/www.spkatarzyna.pl\/index.php\/category\/uncategorized\/\" title=\"Uncategorized\">Uncategorized<\/a>\n\t\t<\/span><span class=\"aioseo-breadcrumb-separator\">&raquo;<\/span><span class=\"aioseo-breadcrumb\">\n\t\t\tKlasy 7 na wystawie Body Worlds\n\t\t<\/span><\/div>","aioseo_breadcrumb_json":[{"label":"Dom","link":"https:\/\/www.spkatarzyna.pl"},{"label":"Uncategorized","link":"https:\/\/www.spkatarzyna.pl\/index.php\/category\/uncategorized\/"},{"label":"Klasy 7 na wystawie Body Worlds","link":"https:\/\/www.spkatarzyna.pl\/index.php\/2026\/04\/23\/klasy-7-na-wystawie-body-worlds\/"}],"_links":{"self":[{"href":"https:\/\/www.spkatarzyna.pl\/index.php\/wp-json\/wp\/v2\/posts\/19372","targetHints":{"allow":["GET"]}}],"collection":[{"href":"https:\/\/www.spkatarzyna.pl\/index.php\/wp-json\/wp\/v2\/posts"}],"about":[{"href":"https:\/\/www.spkatarzyna.pl\/index.php\/wp-json\/wp\/v2\/types\/post"}],"author":[{"embeddable":true,"href":"https:\/\/www.spkatarzyna.pl\/index.php\/wp-json\/wp\/v2\/users\/6"}],"replies":[{"embeddable":true,"href":"https:\/\/www.spkatarzyna.pl\/index.php\/wp-json\/wp\/v2\/comments?post=19372"}],"version-history":[{"count":7,"href":"https:\/\/www.spkatarzyna.pl\/index.php\/wp-json\/wp\/v2\/posts\/19372\/revisions"}],"predecessor-version":[{"id":19428,"href":"https:\/\/www.spkatarzyna.pl\/index.php\/wp-json\/wp\/v2\/posts\/19372\/revisions\/19428"}],"wp:featuredmedia":[{"embeddable":true,"href":"https:\/\/www.spkatarzyna.pl\/index.php\/wp-json\/wp\/v2\/media\/19373"}],"wp:attachment":[{"href":"https:\/\/www.spkatarzyna.pl\/index.php\/wp-json\/wp\/v2\/media?parent=19372"}],"wp:term":[{"taxonomy":"category","embeddable":true,"href":"https:\/\/www.spkatarzyna.pl\/index.php\/wp-json\/wp\/v2\/categories?post=19372"},{"taxonomy":"post_tag","embeddable":true,"href":"https:\/\/www.spkatarzyna.pl\/index.php\/wp-json\/wp\/v2\/tags?post=19372"}],"curies":[{"name":"wp","href":"https:\/\/api.w.org\/{rel}","templated":true}]}}