{"id":19431,"date":"2026-04-27T17:37:52","date_gmt":"2026-04-27T15:37:52","guid":{"rendered":"https:\/\/www.spkatarzyna.pl\/?p=19431"},"modified":"2026-04-27T17:40:50","modified_gmt":"2026-04-27T15:40:50","slug":"projekt-juz-wiem-kim-zostane-5","status":"publish","type":"post","link":"https:\/\/www.spkatarzyna.pl\/index.php\/2026\/04\/27\/projekt-juz-wiem-kim-zostane-5\/","title":{"rendered":"Projekt &#8222;Ju\u017c wiem, kim zostan\u0119&#8221;"},"content":{"rendered":"\t\t<div data-elementor-type=\"wp-post\" data-elementor-id=\"19431\" class=\"elementor elementor-19431\">\n\t\t\t\t<div class=\"elementor-element elementor-element-da1cf6b e-flex e-con-boxed e-con e-parent\" data-id=\"da1cf6b\" data-element_type=\"container\">\n\t\t\t\t\t<div class=\"e-con-inner\">\n\t\t\t\t<div class=\"elementor-element elementor-element-20d54338 elementor-widget elementor-widget-text-editor\" data-id=\"20d54338\" data-element_type=\"widget\" data-widget_type=\"text-editor.default\">\n\t\t\t\t\t\t\t\t\t<div><span style=\"font-size: 14pt;\">Dnia 15 kwietnia grupa wybranych uczni\u00f3w klas \u00f3smych pojecha\u0142a&nbsp; do Liceum Og\u00f3lnokszta\u0142c\u0105cego Si\u00f3str Urszulanek&nbsp; na wyk\u0142ad w ramach projektu \u201eJu\u017c wiem kim zostan\u0119\u201d. Wys\u0142uchali niezwykle interesuj\u0105cej i pouczaj\u0105cej wypowiedzi P. Micha\u0142a Prusa, kt\u00f3ry w bardzo przyst\u0119pny i zrozumia\u0142y spos\u00f3b podzieli\u0142 si\u0119 swoim do\u015bwiadczeniem. Wszyscy wynie\u015bli ze spotkania cenne wskaz\u00f3wki, kt\u00f3re u\u0142atwi\u0105 wyb\u00f3r szko\u0142y \u015bredniej.&nbsp;<\/span>\r\n<div dir=\"auto\" style=\"text-align: justify;\"><span style=\"font-size: 14pt;\">Ka\u017cde takie spotkanie jest pomocne w zwizualizowaniu sobie swojej przysz\u0142ej drogi \u017cyciowej i \u015bcie\u017cki kariery.<\/span><\/div>\r\n<\/div>\r\n<div dir=\"auto\">&nbsp;<\/div>\r\n<div dir=\"auto\" style=\"text-align: right;\"><span style=\"font-size: 14pt;\">Alicja Dubaj<\/span><\/div>\t\t\t\t\t\t\t\t<\/div>\n\t\t\t\t<div class=\"elementor-element elementor-element-2010459 elementor-widget elementor-widget-image-gallery\" data-id=\"2010459\" data-element_type=\"widget\" data-widget_type=\"image-gallery.default\">\n\t\t\t\t\t\t\t<div class=\"elementor-image-gallery\">\n\t\t\t\n\t\t<div id='gallery-1' class='gallery galleryid-19431 gallery-columns-4 gallery-size-thumbnail gallery1'><script type=\"text\/javascript\">\n\/\/ <![CDATA[\n\tjQuery(document).ready(function () {\n\t\tjQuery(\".gallery1 a\").attr(\"rel\",\"gallery1\");\t\n\t\tjQuery('a[rel=\"gallery1\"]').colorbox({title: function(){ return jQuery(this).children().attr(\"alt\"); }});\n\t});\n\/\/ ]]>\n<\/script>\n<dl class=\"gallery-item\">\n<dt class=\"gallery-icon\">\n<a href=\"https:\/\/www.spkatarzyna.pl\/wp-content\/uploads\/2026\/04\/att._2j58_0Zlc58l2oBGCUFOjwLTC5we31IleuTfK5HVfs-225x300.jpeg\" title=\"\" rel=\"gallery1\" rel=\"lightbox[19431]\"><img decoding=\"async\" src=\"https:\/\/www.spkatarzyna.pl\/wp-content\/uploads\/2026\/04\/att._2j58_0Zlc58l2oBGCUFOjwLTC5we31IleuTfK5HVfs-150x150.jpeg\" width=\"150\" height=\"150\" alt=\"\" \/><\/a>\n<\/dt><\/dl><dl class=\"gallery-item\">\n<dt class=\"gallery-icon\">\n<a href=\"https:\/\/www.spkatarzyna.pl\/wp-content\/uploads\/2026\/04\/IMG_2359-225x300.jpeg\" title=\"\" rel=\"gallery1\" rel=\"lightbox[19431]\"><img decoding=\"async\" src=\"https:\/\/www.spkatarzyna.pl\/wp-content\/uploads\/2026\/04\/IMG_2359-150x150.jpeg\" width=\"150\" height=\"150\" alt=\"\" \/><\/a>\n<\/dt><\/dl><dl class=\"gallery-item\">\n<dt class=\"gallery-icon\">\n<a href=\"https:\/\/www.spkatarzyna.pl\/wp-content\/uploads\/2026\/04\/IMG_2362-300x225.jpeg\" title=\"\" rel=\"gallery1\" rel=\"lightbox[19431]\"><img decoding=\"async\" src=\"https:\/\/www.spkatarzyna.pl\/wp-content\/uploads\/2026\/04\/IMG_2362-150x150.jpeg\" width=\"150\" height=\"150\" alt=\"\" \/><\/a>\n<\/dt><\/dl><dl class=\"gallery-item\">\n<dt class=\"gallery-icon\">\n<a href=\"https:\/\/www.spkatarzyna.pl\/wp-content\/uploads\/2026\/04\/IMG_2366-300x225.jpeg\" title=\"\" rel=\"gallery1\" rel=\"lightbox[19431]\"><img loading=\"lazy\" decoding=\"async\" src=\"https:\/\/www.spkatarzyna.pl\/wp-content\/uploads\/2026\/04\/IMG_2366-150x150.jpeg\" width=\"150\" height=\"150\" alt=\"\" \/><\/a>\n<\/dt><\/dl><br style=\"clear: both\" \/><br style=\"clear: both\" \/><\/div>\t\t<\/div>\n\t\t\t\t\t\t<\/div>\n\t\t\t\t\t<\/div>\n\t\t\t\t<\/div>\n\t\t\t\t<\/div>\n\t\t","protected":false},"excerpt":{"rendered":"<p>Dnia 15 kwietnia grupa wybranych uczni\u00f3w klas \u00f3smych pojecha\u0142a&nbsp; do Liceum Og\u00f3lnokszta\u0142c\u0105cego Si\u00f3str Urszulanek&nbsp; na wyk\u0142ad w ramach projektu \u201eJu\u017c wiem kim zostan\u0119\u201d. Wys\u0142uchali niezwykle interesuj\u0105cej i pouczaj\u0105cej wypowiedzi P. Micha\u0142a Prusa, kt\u00f3ry w bardzo przyst\u0119pny i zrozumia\u0142y spos\u00f3b podzieli\u0142 si\u0119 swoim do\u015bwiadczeniem. Wszyscy wynie\u015bli ze spotkania cenne wskaz\u00f3wki, kt\u00f3re [&hellip;]<\/p>\n","protected":false},"author":6,"featured_media":19432,"comment_status":"open","ping_status":"open","sticky":false,"template":"","format":"standard","meta":{"om_disable_all_campaigns":false,"_monsterinsights_skip_tracking":false,"ngg_post_thumbnail":0,"footnotes":""},"categories":[1],"tags":[],"class_list":["post-19431","post","type-post","status-publish","format-standard","has-post-thumbnail","hentry","category-uncategorized"],"aioseo_notices":[],"aioseo_head":"\n\t\t<!-- All in One SEO 5.0.1.1 - aioseo.com -->\n\t<meta name=\"description\" content=\"Dnia 15 kwietnia grupa wybranych uczni\u00f3w klas \u00f3smych pojecha\u0142a do Liceum Og\u00f3lnokszta\u0142c\u0105cego Si\u00f3str Urszulanek na wyk\u0142ad w ramach projektu \u201eJu\u017c wiem kim zostan\u0119\u201d. Wys\u0142uchali niezwykle interesuj\u0105cej i pouczaj\u0105cej wypowiedzi P. Micha\u0142a Prusa, kt\u00f3ry w bardzo przyst\u0119pny i zrozumia\u0142y spos\u00f3b podzieli\u0142 si\u0119 swoim do\u015bwiadczeniem. Wszyscy wynie\u015bli ze spotkania cenne wskaz\u00f3wki, kt\u00f3re u\u0142atwi\u0105 wyb\u00f3r szko\u0142y \u015bredniej. Ka\u017cde\" \/>\n\t<meta name=\"robots\" content=\"max-image-preview:large\" \/>\n\t<meta name=\"author\" content=\"Redakcja\"\/>\n\t<link rel=\"canonical\" href=\"https:\/\/www.spkatarzyna.pl\/index.php\/2026\/04\/27\/projekt-juz-wiem-kim-zostane-5\/\" \/>\n\t<meta name=\"generator\" content=\"All in One SEO (AIOSEO) 5.0.1.1\" \/>\n\t\t<meta property=\"og:locale\" content=\"pl_PL\" \/>\n\t\t<meta property=\"og:site_name\" content=\"SP Katarzyna - Publiczna Szko\u0142a Podstawowa w \u015awi\u0119tej Katarzynie\" \/>\n\t\t<meta property=\"og:type\" content=\"article\" \/>\n\t\t<meta property=\"og:title\" content=\"Projekt \u201eJu\u017c wiem, kim zostan\u0119\u201d - SP Katarzyna\" \/>\n\t\t<meta property=\"og:description\" content=\"Dnia 15 kwietnia grupa wybranych uczni\u00f3w klas \u00f3smych pojecha\u0142a do Liceum Og\u00f3lnokszta\u0142c\u0105cego Si\u00f3str Urszulanek na wyk\u0142ad w ramach projektu \u201eJu\u017c wiem kim zostan\u0119\u201d. Wys\u0142uchali niezwykle interesuj\u0105cej i pouczaj\u0105cej wypowiedzi P. Micha\u0142a Prusa, kt\u00f3ry w bardzo przyst\u0119pny i zrozumia\u0142y spos\u00f3b podzieli\u0142 si\u0119 swoim do\u015bwiadczeniem. Wszyscy wynie\u015bli ze spotkania cenne wskaz\u00f3wki, kt\u00f3re u\u0142atwi\u0105 wyb\u00f3r szko\u0142y \u015bredniej. Ka\u017cde\" \/>\n\t\t<meta property=\"og:url\" content=\"https:\/\/www.spkatarzyna.pl\/index.php\/2026\/04\/27\/projekt-juz-wiem-kim-zostane-5\/\" \/>\n\t\t<meta property=\"article:published_time\" content=\"2026-04-27T15:37:52+00:00\" \/>\n\t\t<meta property=\"article:modified_time\" content=\"2026-04-27T15:40:50+00:00\" \/>\n\t\t<meta name=\"twitter:card\" content=\"summary_large_image\" \/>\n\t\t<meta name=\"twitter:title\" content=\"Projekt \u201eJu\u017c wiem, kim zostan\u0119\u201d - SP Katarzyna\" \/>\n\t\t<meta name=\"twitter:description\" content=\"Dnia 15 kwietnia grupa wybranych uczni\u00f3w klas \u00f3smych pojecha\u0142a do Liceum Og\u00f3lnokszta\u0142c\u0105cego Si\u00f3str Urszulanek na wyk\u0142ad w ramach projektu \u201eJu\u017c wiem kim zostan\u0119\u201d. Wys\u0142uchali niezwykle interesuj\u0105cej i pouczaj\u0105cej wypowiedzi P. Micha\u0142a Prusa, kt\u00f3ry w bardzo przyst\u0119pny i zrozumia\u0142y spos\u00f3b podzieli\u0142 si\u0119 swoim do\u015bwiadczeniem. Wszyscy wynie\u015bli ze spotkania cenne wskaz\u00f3wki, kt\u00f3re u\u0142atwi\u0105 wyb\u00f3r szko\u0142y \u015bredniej. Ka\u017cde\" \/>\n\t\t<script type=\"application\/ld+json\" class=\"aioseo-schema\">\n\t\t\t{\"@context\":\"https:\\\/\\\/schema.org\",\"@graph\":[{\"@type\":\"BlogPosting\",\"@id\":\"https:\\\/\\\/www.spkatarzyna.pl\\\/index.php\\\/2026\\\/04\\\/27\\\/projekt-juz-wiem-kim-zostane-5\\\/#blogposting\",\"name\":\"Projekt \\u201eJu\\u017c wiem, kim zostan\\u0119\\u201d - SP Katarzyna\",\"headline\":\"Projekt &#8222;Ju\\u017c wiem, kim zostan\\u0119&#8221;\",\"author\":{\"@id\":\"https:\\\/\\\/www.spkatarzyna.pl\\\/index.php\\\/author\\\/agatasafianspkatarzyna-pl\\\/#author\"},\"publisher\":{\"@id\":\"https:\\\/\\\/www.spkatarzyna.pl\\\/#organization\"},\"image\":{\"@type\":\"ImageObject\",\"url\":\"https:\\\/\\\/www.spkatarzyna.pl\\\/wp-content\\\/uploads\\\/2026\\\/04\\\/IMG_2362.jpg\",\"width\":360,\"height\":202},\"datePublished\":\"2026-04-27T17:37:52+02:00\",\"dateModified\":\"2026-04-27T17:40:50+02:00\",\"inLanguage\":\"pl-PL\",\"mainEntityOfPage\":{\"@id\":\"https:\\\/\\\/www.spkatarzyna.pl\\\/index.php\\\/2026\\\/04\\\/27\\\/projekt-juz-wiem-kim-zostane-5\\\/#webpage\"},\"isPartOf\":{\"@id\":\"https:\\\/\\\/www.spkatarzyna.pl\\\/index.php\\\/2026\\\/04\\\/27\\\/projekt-juz-wiem-kim-zostane-5\\\/#webpage\"},\"articleSection\":\"Uncategorized\"},{\"@type\":\"BreadcrumbList\",\"@id\":\"https:\\\/\\\/www.spkatarzyna.pl\\\/index.php\\\/2026\\\/04\\\/27\\\/projekt-juz-wiem-kim-zostane-5\\\/#breadcrumblist\",\"itemListElement\":[{\"@type\":\"ListItem\",\"@id\":\"https:\\\/\\\/www.spkatarzyna.pl#listItem\",\"position\":1,\"name\":\"Dom\",\"item\":\"https:\\\/\\\/www.spkatarzyna.pl\",\"nextItem\":{\"@type\":\"ListItem\",\"@id\":\"https:\\\/\\\/www.spkatarzyna.pl\\\/index.php\\\/category\\\/uncategorized\\\/#listItem\",\"name\":\"Uncategorized\"}},{\"@type\":\"ListItem\",\"@id\":\"https:\\\/\\\/www.spkatarzyna.pl\\\/index.php\\\/category\\\/uncategorized\\\/#listItem\",\"position\":2,\"name\":\"Uncategorized\",\"item\":\"https:\\\/\\\/www.spkatarzyna.pl\\\/index.php\\\/category\\\/uncategorized\\\/\",\"nextItem\":{\"@type\":\"ListItem\",\"@id\":\"https:\\\/\\\/www.spkatarzyna.pl\\\/index.php\\\/2026\\\/04\\\/27\\\/projekt-juz-wiem-kim-zostane-5\\\/#listItem\",\"name\":\"Projekt &#8222;Ju\\u017c wiem, kim zostan\\u0119&#8221;\"},\"previousItem\":{\"@type\":\"ListItem\",\"@id\":\"https:\\\/\\\/www.spkatarzyna.pl#listItem\",\"name\":\"Dom\"}},{\"@type\":\"ListItem\",\"@id\":\"https:\\\/\\\/www.spkatarzyna.pl\\\/index.php\\\/2026\\\/04\\\/27\\\/projekt-juz-wiem-kim-zostane-5\\\/#listItem\",\"position\":3,\"name\":\"Projekt &#8222;Ju\\u017c wiem, kim zostan\\u0119&#8221;\",\"previousItem\":{\"@type\":\"ListItem\",\"@id\":\"https:\\\/\\\/www.spkatarzyna.pl\\\/index.php\\\/category\\\/uncategorized\\\/#listItem\",\"name\":\"Uncategorized\"}}]},{\"@type\":\"Organization\",\"@id\":\"https:\\\/\\\/www.spkatarzyna.pl\\\/#organization\",\"name\":\"SP Katarzyna\",\"description\":\"Publiczna Szko\\u0142a Podstawowa w \\u015awi\\u0119tej Katarzynie\",\"url\":\"https:\\\/\\\/www.spkatarzyna.pl\\\/\",\"telephone\":\"+48713116378\",\"sameAs\":[\"https:\\\/\\\/facebook.com\\\/\",\"https:\\\/\\\/x.com\\\/\",\"https:\\\/\\\/instagram.com\\\/\",\"https:\\\/\\\/pinterest.com\\\/\",\"https:\\\/\\\/youtube.com\\\/\",\"https:\\\/\\\/linkedin.com\\\/in\\\/\"]},{\"@type\":\"Person\",\"@id\":\"https:\\\/\\\/www.spkatarzyna.pl\\\/index.php\\\/author\\\/agatasafianspkatarzyna-pl\\\/#author\",\"url\":\"https:\\\/\\\/www.spkatarzyna.pl\\\/index.php\\\/author\\\/agatasafianspkatarzyna-pl\\\/\",\"name\":\"Redakcja\",\"image\":{\"@type\":\"ImageObject\",\"@id\":\"https:\\\/\\\/www.spkatarzyna.pl\\\/index.php\\\/2026\\\/04\\\/27\\\/projekt-juz-wiem-kim-zostane-5\\\/#authorImage\",\"url\":\"https:\\\/\\\/secure.gravatar.com\\\/avatar\\\/765290513df94d442152250e92b42327?s=96&d=mm&r=g\",\"width\":96,\"height\":96,\"caption\":\"Redakcja\"}},{\"@type\":\"WebPage\",\"@id\":\"https:\\\/\\\/www.spkatarzyna.pl\\\/index.php\\\/2026\\\/04\\\/27\\\/projekt-juz-wiem-kim-zostane-5\\\/#webpage\",\"url\":\"https:\\\/\\\/www.spkatarzyna.pl\\\/index.php\\\/2026\\\/04\\\/27\\\/projekt-juz-wiem-kim-zostane-5\\\/\",\"name\":\"Projekt \\u201eJu\\u017c wiem, kim zostan\\u0119\\u201d - SP Katarzyna\",\"description\":\"Dnia 15 kwietnia grupa wybranych uczni\\u00f3w klas \\u00f3smych pojecha\\u0142a do Liceum Og\\u00f3lnokszta\\u0142c\\u0105cego Si\\u00f3str Urszulanek na wyk\\u0142ad w ramach projektu \\u201eJu\\u017c wiem kim zostan\\u0119\\u201d. Wys\\u0142uchali niezwykle interesuj\\u0105cej i pouczaj\\u0105cej wypowiedzi P. Micha\\u0142a Prusa, kt\\u00f3ry w bardzo przyst\\u0119pny i zrozumia\\u0142y spos\\u00f3b podzieli\\u0142 si\\u0119 swoim do\\u015bwiadczeniem. Wszyscy wynie\\u015bli ze spotkania cenne wskaz\\u00f3wki, kt\\u00f3re u\\u0142atwi\\u0105 wyb\\u00f3r szko\\u0142y \\u015bredniej. Ka\\u017cde\",\"inLanguage\":\"pl-PL\",\"isPartOf\":{\"@id\":\"https:\\\/\\\/www.spkatarzyna.pl\\\/#website\"},\"breadcrumb\":{\"@id\":\"https:\\\/\\\/www.spkatarzyna.pl\\\/index.php\\\/2026\\\/04\\\/27\\\/projekt-juz-wiem-kim-zostane-5\\\/#breadcrumblist\"},\"author\":{\"@id\":\"https:\\\/\\\/www.spkatarzyna.pl\\\/index.php\\\/author\\\/agatasafianspkatarzyna-pl\\\/#author\"},\"creator\":{\"@id\":\"https:\\\/\\\/www.spkatarzyna.pl\\\/index.php\\\/author\\\/agatasafianspkatarzyna-pl\\\/#author\"},\"image\":{\"@type\":\"ImageObject\",\"url\":\"https:\\\/\\\/www.spkatarzyna.pl\\\/wp-content\\\/uploads\\\/2026\\\/04\\\/IMG_2362.jpg\",\"@id\":\"https:\\\/\\\/www.spkatarzyna.pl\\\/index.php\\\/2026\\\/04\\\/27\\\/projekt-juz-wiem-kim-zostane-5\\\/#mainImage\",\"width\":360,\"height\":202},\"primaryImageOfPage\":{\"@id\":\"https:\\\/\\\/www.spkatarzyna.pl\\\/index.php\\\/2026\\\/04\\\/27\\\/projekt-juz-wiem-kim-zostane-5\\\/#mainImage\"},\"datePublished\":\"2026-04-27T17:37:52+02:00\",\"dateModified\":\"2026-04-27T17:40:50+02:00\"},{\"@type\":\"WebSite\",\"@id\":\"https:\\\/\\\/www.spkatarzyna.pl\\\/#website\",\"url\":\"https:\\\/\\\/www.spkatarzyna.pl\\\/\",\"name\":\"SP Katarzyna\",\"description\":\"Publiczna Szko\\u0142a Podstawowa w \\u015awi\\u0119tej Katarzynie\",\"inLanguage\":\"pl-PL\",\"publisher\":{\"@id\":\"https:\\\/\\\/www.spkatarzyna.pl\\\/#organization\"}}]}\n\t\t<\/script>\n\t\t<!-- All in One SEO -->\n\n","aioseo_head_json":{"title":"Projekt \u201eJu\u017c wiem, kim zostan\u0119\u201d - SP Katarzyna","description":"Dnia 15 kwietnia grupa wybranych uczni\u00f3w klas \u00f3smych pojecha\u0142a do Liceum Og\u00f3lnokszta\u0142c\u0105cego Si\u00f3str Urszulanek na wyk\u0142ad w ramach projektu \u201eJu\u017c wiem kim zostan\u0119\u201d. Wys\u0142uchali niezwykle interesuj\u0105cej i pouczaj\u0105cej wypowiedzi P. Micha\u0142a Prusa, kt\u00f3ry w bardzo przyst\u0119pny i zrozumia\u0142y spos\u00f3b podzieli\u0142 si\u0119 swoim do\u015bwiadczeniem. Wszyscy wynie\u015bli ze spotkania cenne wskaz\u00f3wki, kt\u00f3re u\u0142atwi\u0105 wyb\u00f3r szko\u0142y \u015bredniej. Ka\u017cde","canonical_url":"https:\/\/www.spkatarzyna.pl\/index.php\/2026\/04\/27\/projekt-juz-wiem-kim-zostane-5\/","robots":"max-image-preview:large","keywords":"","webmasterTools":{"miscellaneous":""},"schema":{"@context":"https:\/\/schema.org","@graph":[{"@type":"BlogPosting","@id":"https:\/\/www.spkatarzyna.pl\/index.php\/2026\/04\/27\/projekt-juz-wiem-kim-zostane-5\/#blogposting","name":"Projekt \u201eJu\u017c wiem, kim zostan\u0119\u201d - SP Katarzyna","headline":"Projekt &#8222;Ju\u017c wiem, kim zostan\u0119&#8221;","author":{"@id":"https:\/\/www.spkatarzyna.pl\/index.php\/author\/agatasafianspkatarzyna-pl\/#author"},"publisher":{"@id":"https:\/\/www.spkatarzyna.pl\/#organization"},"image":{"@type":"ImageObject","url":"https:\/\/www.spkatarzyna.pl\/wp-content\/uploads\/2026\/04\/IMG_2362.jpg","width":360,"height":202},"datePublished":"2026-04-27T17:37:52+02:00","dateModified":"2026-04-27T17:40:50+02:00","inLanguage":"pl-PL","mainEntityOfPage":{"@id":"https:\/\/www.spkatarzyna.pl\/index.php\/2026\/04\/27\/projekt-juz-wiem-kim-zostane-5\/#webpage"},"isPartOf":{"@id":"https:\/\/www.spkatarzyna.pl\/index.php\/2026\/04\/27\/projekt-juz-wiem-kim-zostane-5\/#webpage"},"articleSection":"Uncategorized"},{"@type":"BreadcrumbList","@id":"https:\/\/www.spkatarzyna.pl\/index.php\/2026\/04\/27\/projekt-juz-wiem-kim-zostane-5\/#breadcrumblist","itemListElement":[{"@type":"ListItem","@id":"https:\/\/www.spkatarzyna.pl#listItem","position":1,"name":"Dom","item":"https:\/\/www.spkatarzyna.pl","nextItem":{"@type":"ListItem","@id":"https:\/\/www.spkatarzyna.pl\/index.php\/category\/uncategorized\/#listItem","name":"Uncategorized"}},{"@type":"ListItem","@id":"https:\/\/www.spkatarzyna.pl\/index.php\/category\/uncategorized\/#listItem","position":2,"name":"Uncategorized","item":"https:\/\/www.spkatarzyna.pl\/index.php\/category\/uncategorized\/","nextItem":{"@type":"ListItem","@id":"https:\/\/www.spkatarzyna.pl\/index.php\/2026\/04\/27\/projekt-juz-wiem-kim-zostane-5\/#listItem","name":"Projekt &#8222;Ju\u017c wiem, kim zostan\u0119&#8221;"},"previousItem":{"@type":"ListItem","@id":"https:\/\/www.spkatarzyna.pl#listItem","name":"Dom"}},{"@type":"ListItem","@id":"https:\/\/www.spkatarzyna.pl\/index.php\/2026\/04\/27\/projekt-juz-wiem-kim-zostane-5\/#listItem","position":3,"name":"Projekt &#8222;Ju\u017c wiem, kim zostan\u0119&#8221;","previousItem":{"@type":"ListItem","@id":"https:\/\/www.spkatarzyna.pl\/index.php\/category\/uncategorized\/#listItem","name":"Uncategorized"}}]},{"@type":"Organization","@id":"https:\/\/www.spkatarzyna.pl\/#organization","name":"SP Katarzyna","description":"Publiczna Szko\u0142a Podstawowa w \u015awi\u0119tej Katarzynie","url":"https:\/\/www.spkatarzyna.pl\/","telephone":"+48713116378","sameAs":["https:\/\/facebook.com\/","https:\/\/x.com\/","https:\/\/instagram.com\/","https:\/\/pinterest.com\/","https:\/\/youtube.com\/","https:\/\/linkedin.com\/in\/"]},{"@type":"Person","@id":"https:\/\/www.spkatarzyna.pl\/index.php\/author\/agatasafianspkatarzyna-pl\/#author","url":"https:\/\/www.spkatarzyna.pl\/index.php\/author\/agatasafianspkatarzyna-pl\/","name":"Redakcja","image":{"@type":"ImageObject","@id":"https:\/\/www.spkatarzyna.pl\/index.php\/2026\/04\/27\/projekt-juz-wiem-kim-zostane-5\/#authorImage","url":"https:\/\/secure.gravatar.com\/avatar\/765290513df94d442152250e92b42327?s=96&d=mm&r=g","width":96,"height":96,"caption":"Redakcja"}},{"@type":"WebPage","@id":"https:\/\/www.spkatarzyna.pl\/index.php\/2026\/04\/27\/projekt-juz-wiem-kim-zostane-5\/#webpage","url":"https:\/\/www.spkatarzyna.pl\/index.php\/2026\/04\/27\/projekt-juz-wiem-kim-zostane-5\/","name":"Projekt \u201eJu\u017c wiem, kim zostan\u0119\u201d - SP Katarzyna","description":"Dnia 15 kwietnia grupa wybranych uczni\u00f3w klas \u00f3smych pojecha\u0142a do Liceum Og\u00f3lnokszta\u0142c\u0105cego Si\u00f3str Urszulanek na wyk\u0142ad w ramach projektu \u201eJu\u017c wiem kim zostan\u0119\u201d. Wys\u0142uchali niezwykle interesuj\u0105cej i pouczaj\u0105cej wypowiedzi P. Micha\u0142a Prusa, kt\u00f3ry w bardzo przyst\u0119pny i zrozumia\u0142y spos\u00f3b podzieli\u0142 si\u0119 swoim do\u015bwiadczeniem. Wszyscy wynie\u015bli ze spotkania cenne wskaz\u00f3wki, kt\u00f3re u\u0142atwi\u0105 wyb\u00f3r szko\u0142y \u015bredniej. Ka\u017cde","inLanguage":"pl-PL","isPartOf":{"@id":"https:\/\/www.spkatarzyna.pl\/#website"},"breadcrumb":{"@id":"https:\/\/www.spkatarzyna.pl\/index.php\/2026\/04\/27\/projekt-juz-wiem-kim-zostane-5\/#breadcrumblist"},"author":{"@id":"https:\/\/www.spkatarzyna.pl\/index.php\/author\/agatasafianspkatarzyna-pl\/#author"},"creator":{"@id":"https:\/\/www.spkatarzyna.pl\/index.php\/author\/agatasafianspkatarzyna-pl\/#author"},"image":{"@type":"ImageObject","url":"https:\/\/www.spkatarzyna.pl\/wp-content\/uploads\/2026\/04\/IMG_2362.jpg","@id":"https:\/\/www.spkatarzyna.pl\/index.php\/2026\/04\/27\/projekt-juz-wiem-kim-zostane-5\/#mainImage","width":360,"height":202},"primaryImageOfPage":{"@id":"https:\/\/www.spkatarzyna.pl\/index.php\/2026\/04\/27\/projekt-juz-wiem-kim-zostane-5\/#mainImage"},"datePublished":"2026-04-27T17:37:52+02:00","dateModified":"2026-04-27T17:40:50+02:00"},{"@type":"WebSite","@id":"https:\/\/www.spkatarzyna.pl\/#website","url":"https:\/\/www.spkatarzyna.pl\/","name":"SP Katarzyna","description":"Publiczna Szko\u0142a Podstawowa w \u015awi\u0119tej Katarzynie","inLanguage":"pl-PL","publisher":{"@id":"https:\/\/www.spkatarzyna.pl\/#organization"}}]},"og:locale":"pl_PL","og:site_name":"SP Katarzyna - Publiczna Szko\u0142a Podstawowa w \u015awi\u0119tej Katarzynie","og:type":"article","og:title":"Projekt \u201eJu\u017c wiem, kim zostan\u0119\u201d - SP Katarzyna","og:description":"Dnia 15 kwietnia grupa wybranych uczni\u00f3w klas \u00f3smych pojecha\u0142a do Liceum Og\u00f3lnokszta\u0142c\u0105cego Si\u00f3str Urszulanek na wyk\u0142ad w ramach projektu \u201eJu\u017c wiem kim zostan\u0119\u201d. Wys\u0142uchali niezwykle interesuj\u0105cej i pouczaj\u0105cej wypowiedzi P. Micha\u0142a Prusa, kt\u00f3ry w bardzo przyst\u0119pny i zrozumia\u0142y spos\u00f3b podzieli\u0142 si\u0119 swoim do\u015bwiadczeniem. Wszyscy wynie\u015bli ze spotkania cenne wskaz\u00f3wki, kt\u00f3re u\u0142atwi\u0105 wyb\u00f3r szko\u0142y \u015bredniej. Ka\u017cde","og:url":"https:\/\/www.spkatarzyna.pl\/index.php\/2026\/04\/27\/projekt-juz-wiem-kim-zostane-5\/","article:published_time":"2026-04-27T15:37:52+00:00","article:modified_time":"2026-04-27T15:40:50+00:00","twitter:card":"summary_large_image","twitter:title":"Projekt \u201eJu\u017c wiem, kim zostan\u0119\u201d - SP Katarzyna","twitter:description":"Dnia 15 kwietnia grupa wybranych uczni\u00f3w klas \u00f3smych pojecha\u0142a do Liceum Og\u00f3lnokszta\u0142c\u0105cego Si\u00f3str Urszulanek na wyk\u0142ad w ramach projektu \u201eJu\u017c wiem kim zostan\u0119\u201d. Wys\u0142uchali niezwykle interesuj\u0105cej i pouczaj\u0105cej wypowiedzi P. Micha\u0142a Prusa, kt\u00f3ry w bardzo przyst\u0119pny i zrozumia\u0142y spos\u00f3b podzieli\u0142 si\u0119 swoim do\u015bwiadczeniem. Wszyscy wynie\u015bli ze spotkania cenne wskaz\u00f3wki, kt\u00f3re u\u0142atwi\u0105 wyb\u00f3r szko\u0142y \u015bredniej. Ka\u017cde"},"aioseo_meta_data":{"post_id":"19431","title":null,"description":null,"keywords":null,"keyphrases":{"focus":{"keyphrase":"","score":0,"analysis":{"keyphraseInTitle":{"score":0,"maxScore":9,"error":1}}},"additional":[]},"primary_term":null,"canonical_url":null,"og_title":null,"og_description":null,"og_object_type":"default","og_image_type":"default","og_image_url":null,"og_image_width":null,"og_image_height":null,"og_image_custom_url":null,"og_image_custom_fields":null,"og_video":"","og_custom_url":null,"og_article_section":null,"og_article_tags":null,"twitter_use_og":false,"twitter_card":"default","twitter_image_type":"default","twitter_image_url":null,"twitter_image_custom_url":null,"twitter_image_custom_fields":null,"twitter_title":null,"twitter_description":null,"schema":{"blockGraphs":[],"customGraphs":[],"default":{"data":{"Article":[],"Course":[],"Dataset":[],"FAQPage":[],"Movie":[],"Person":[],"Product":[],"ProductReview":[],"Car":[],"Recipe":[],"Service":[],"SoftwareApplication":[],"WebPage":[]},"graphName":"BlogPosting","isEnabled":true},"graphs":[]},"schema_type":"default","schema_type_options":null,"pillar_content":false,"robots_default":true,"robots_noindex":false,"robots_noarchive":false,"robots_nosnippet":false,"robots_nofollow":false,"robots_noimageindex":false,"robots_noodp":false,"robots_notranslate":false,"robots_max_snippet":"-1","robots_max_videopreview":"-1","robots_max_imagepreview":"large","priority":null,"frequency":"default","local_seo":null,"limit_modified_date":false,"created":"2026-04-27 15:37:53","updated":"2026-09-03 18:01:51","focus_keyword":null,"additional_keywords":null,"truseo_locale":null,"ai":null,"breadcrumb_settings":null,"seo_analyzer_scan_date":null},"aioseo_breadcrumb":"<div class=\"aioseo-breadcrumbs\"><span class=\"aioseo-breadcrumb\">\n\t\t\t<a href=\"https:\/\/www.spkatarzyna.pl\" title=\"Dom\">Dom<\/a>\n\t\t<\/span><span class=\"aioseo-breadcrumb-separator\">&raquo;<\/span><span class=\"aioseo-breadcrumb\">\n\t\t\t<a href=\"https:\/\/www.spkatarzyna.pl\/index.php\/category\/uncategorized\/\" title=\"Uncategorized\">Uncategorized<\/a>\n\t\t<\/span><span class=\"aioseo-breadcrumb-separator\">&raquo;<\/span><span class=\"aioseo-breadcrumb\">\n\t\t\tProjekt \u201eJu\u017c wiem, kim zostan\u0119\u201d\n\t\t<\/span><\/div>","aioseo_breadcrumb_json":[{"label":"Dom","link":"https:\/\/www.spkatarzyna.pl"},{"label":"Uncategorized","link":"https:\/\/www.spkatarzyna.pl\/index.php\/category\/uncategorized\/"},{"label":"Projekt &#8222;Ju\u017c wiem, kim zostan\u0119&#8221;","link":"https:\/\/www.spkatarzyna.pl\/index.php\/2026\/04\/27\/projekt-juz-wiem-kim-zostane-5\/"}],"_links":{"self":[{"href":"https:\/\/www.spkatarzyna.pl\/index.php\/wp-json\/wp\/v2\/posts\/19431","targetHints":{"allow":["GET"]}}],"collection":[{"href":"https:\/\/www.spkatarzyna.pl\/index.php\/wp-json\/wp\/v2\/posts"}],"about":[{"href":"https:\/\/www.spkatarzyna.pl\/index.php\/wp-json\/wp\/v2\/types\/post"}],"author":[{"embeddable":true,"href":"https:\/\/www.spkatarzyna.pl\/index.php\/wp-json\/wp\/v2\/users\/6"}],"replies":[{"embeddable":true,"href":"https:\/\/www.spkatarzyna.pl\/index.php\/wp-json\/wp\/v2\/comments?post=19431"}],"version-history":[{"count":4,"href":"https:\/\/www.spkatarzyna.pl\/index.php\/wp-json\/wp\/v2\/posts\/19431\/revisions"}],"predecessor-version":[{"id":19441,"href":"https:\/\/www.spkatarzyna.pl\/index.php\/wp-json\/wp\/v2\/posts\/19431\/revisions\/19441"}],"wp:featuredmedia":[{"embeddable":true,"href":"https:\/\/www.spkatarzyna.pl\/index.php\/wp-json\/wp\/v2\/media\/19432"}],"wp:attachment":[{"href":"https:\/\/www.spkatarzyna.pl\/index.php\/wp-json\/wp\/v2\/media?parent=19431"}],"wp:term":[{"taxonomy":"category","embeddable":true,"href":"https:\/\/www.spkatarzyna.pl\/index.php\/wp-json\/wp\/v2\/categories?post=19431"},{"taxonomy":"post_tag","embeddable":true,"href":"https:\/\/www.spkatarzyna.pl\/index.php\/wp-json\/wp\/v2\/tags?post=19431"}],"curies":[{"name":"wp","href":"https:\/\/api.w.org\/{rel}","templated":true}]}}