{"id":19442,"date":"2026-04-27T17:47:53","date_gmt":"2026-04-27T15:47:53","guid":{"rendered":"https:\/\/www.spkatarzyna.pl\/?p=19442"},"modified":"2026-04-27T17:50:58","modified_gmt":"2026-04-27T15:50:58","slug":"swiatowy-dzien-ksiazki-i-praw-autorskich","status":"publish","type":"post","link":"https:\/\/www.spkatarzyna.pl\/index.php\/2026\/04\/27\/swiatowy-dzien-ksiazki-i-praw-autorskich\/","title":{"rendered":"\u015awiatowy Dzie\u0144 Ksi\u0105\u017cki i Praw Autorskich"},"content":{"rendered":"\t\t<div data-elementor-type=\"wp-post\" data-elementor-id=\"19442\" class=\"elementor elementor-19442\">\n\t\t\t\t<div class=\"elementor-element elementor-element-482074cf e-flex e-con-boxed e-con e-parent\" data-id=\"482074cf\" data-element_type=\"container\">\n\t\t\t\t\t<div class=\"e-con-inner\">\n\t\t\t\t<div class=\"elementor-element elementor-element-1bba2e75 elementor-widget elementor-widget-text-editor\" data-id=\"1bba2e75\" data-element_type=\"widget\" data-widget_type=\"text-editor.default\">\n\t\t\t\t\t\t\t\t\t<p style=\"font-weight: 400; text-align: justify;\"><span style=\"font-size: 14pt;\">W ramach obchod\u00f3w \u015awiatowego Dnia Ksi\u0105\u017cki i Praw Autorskich w naszej szkole zorganizowano kilka dzia\u0142a\u0144 promuj\u0105cych czytelnictwo oraz aktywne uczestnictwo uczni\u00f3w w \u017cyciu biblioteki.<\/span><\/p>\r\n<p style=\"font-weight: 400; text-align: justify;\"><span style=\"font-size: 14pt;\">Efekty:<\/span><\/p>\r\n\r\n<ul style=\"font-weight: 400; text-align: justify;\">\r\n \t<li><span style=\"font-size: 14pt;\">Loteria fantowa: 367 wypo\u017cycze\u0144 to 367 los\u00f3w, kt\u00f3re dostali wypo\u017cyczaj\u0105cy, a ka\u017cdy los to wygrana;<\/span><\/li>\r\n \t<li><span style=\"font-size: 14pt;\">\u201eAdoptuj ksi\u0105\u017ck\u0119\u201d: dzi\u0119ki adopcji na szkolne p\u00f3\u0142ki trafi\u0142o 19 ksi\u0105\u017cek;<\/span><\/li>\r\n \t<li><span style=\"font-size: 14pt;\">\u201eWymiana ksi\u0105\u017cek\u201d: zyskali\u015bmy 23 ksi\u0105\u017cki;<\/span><\/li>\r\n \t<li><span style=\"font-size: 14pt;\">Konkurs \u201eNajlepszy pomys\u0142 na imprez\u0119 czytelnicz\u0105\u201d: 6 zg\u0142osze\u0144. Drugi etap konkursu odb\u0119dzie si\u0119 w ramach&nbsp;obchod\u00f3w Dnia Bibliotek<\/span><\/li>\r\n \t<li><span style=\"font-size: 14pt;\">Zebrano 655 gad\u017cet\u00f3w na loteri\u0119 (zosta\u0142o 288 fant\u00f3w na kolejn\u0105 loteri\u0119 )<\/span><\/li>\r\n<\/ul>\r\n<p style=\"font-weight: 400; text-align: justify;\"><span style=\"font-size: 14pt;\">Dzi\u0119kujemy fundatorom nagr\u00f3d i fant\u00f3w, osobom przygotowuj\u0105cym muffiny, wolontariuszom oraz nauczycielom za pomoc w organizacji.<\/span><\/p>\r\n<p style=\"text-align: right;\"><span style=\"font-size: 14pt;\">Bo\u017cena G\u00f3rniak<\/span><\/p>\r\n&nbsp;\t\t\t\t\t\t\t\t<\/div>\n\t\t\t\t<div class=\"elementor-element elementor-element-501f161 elementor-widget elementor-widget-image-gallery\" data-id=\"501f161\" data-element_type=\"widget\" data-widget_type=\"image-gallery.default\">\n\t\t\t\t\t\t\t<div class=\"elementor-image-gallery\">\n\t\t\t<div id='gallery-1' class='gallery galleryid-19442 gallery-columns-4 gallery-size-thumbnail'><dl class='gallery-item'>\n\t\t\t<dt class='gallery-icon landscape'>\n\t\t\t\t<a data-elementor-open-lightbox=\"yes\" data-elementor-lightbox-slideshow=\"501f161\" data-e-action-hash=\"#elementor-action%3Aaction%3Dlightbox%26settings%3DeyJpZCI6MTk0NDYsInVybCI6Imh0dHBzOlwvXC93d3cuc3BrYXRhcnp5bmEucGxcL3dwLWNvbnRlbnRcL3VwbG9hZHNcLzIwMjZcLzA0XC9QSE9UTy0yMDI2LTA0LTI3LTEyLTMyLTQ3LmpwZyIsInNsaWRlc2hvdyI6IjUwMWYxNjEifQ%3D%3D\" href='https:\/\/www.spkatarzyna.pl\/wp-content\/uploads\/2026\/04\/PHOTO-2026-04-27-12-32-47.jpg'><img decoding=\"async\" width=\"150\" height=\"150\" src=\"https:\/\/www.spkatarzyna.pl\/wp-content\/uploads\/2026\/04\/PHOTO-2026-04-27-12-32-47-150x150.jpg\" class=\"attachment-thumbnail size-thumbnail\" alt=\"\" srcset=\"https:\/\/www.spkatarzyna.pl\/wp-content\/uploads\/2026\/04\/PHOTO-2026-04-27-12-32-47-150x150.jpg 150w, https:\/\/www.spkatarzyna.pl\/wp-content\/uploads\/2026\/04\/PHOTO-2026-04-27-12-32-47-90x90.jpg 90w, https:\/\/www.spkatarzyna.pl\/wp-content\/uploads\/2026\/04\/PHOTO-2026-04-27-12-32-47-670x670.jpg 670w\" sizes=\"(max-width: 150px) 100vw, 150px\" \/><\/a>\n\t\t\t<\/dt><\/dl><dl class='gallery-item'>\n\t\t\t<dt class='gallery-icon landscape'>\n\t\t\t\t<a data-elementor-open-lightbox=\"yes\" data-elementor-lightbox-slideshow=\"501f161\" data-e-action-hash=\"#elementor-action%3Aaction%3Dlightbox%26settings%3DeyJpZCI6MTk0NDcsInVybCI6Imh0dHBzOlwvXC93d3cuc3BrYXRhcnp5bmEucGxcL3dwLWNvbnRlbnRcL3VwbG9hZHNcLzIwMjZcLzA0XC9QSE9UTy0yMDI2LTA0LTI3LTEyLTMzLTQ3LmpwZyIsInNsaWRlc2hvdyI6IjUwMWYxNjEifQ%3D%3D\" href='https:\/\/www.spkatarzyna.pl\/wp-content\/uploads\/2026\/04\/PHOTO-2026-04-27-12-33-47.jpg'><img decoding=\"async\" width=\"150\" height=\"150\" src=\"https:\/\/www.spkatarzyna.pl\/wp-content\/uploads\/2026\/04\/PHOTO-2026-04-27-12-33-47-150x150.jpg\" class=\"attachment-thumbnail size-thumbnail\" alt=\"\" srcset=\"https:\/\/www.spkatarzyna.pl\/wp-content\/uploads\/2026\/04\/PHOTO-2026-04-27-12-33-47-150x150.jpg 150w, https:\/\/www.spkatarzyna.pl\/wp-content\/uploads\/2026\/04\/PHOTO-2026-04-27-12-33-47-90x90.jpg 90w, https:\/\/www.spkatarzyna.pl\/wp-content\/uploads\/2026\/04\/PHOTO-2026-04-27-12-33-47-670x670.jpg 670w\" sizes=\"(max-width: 150px) 100vw, 150px\" \/><\/a>\n\t\t\t<\/dt><\/dl><dl class='gallery-item'>\n\t\t\t<dt class='gallery-icon portrait'>\n\t\t\t\t<a data-elementor-open-lightbox=\"yes\" data-elementor-lightbox-slideshow=\"501f161\" data-e-action-hash=\"#elementor-action%3Aaction%3Dlightbox%26settings%3DeyJpZCI6MTk0NDgsInVybCI6Imh0dHBzOlwvXC93d3cuc3BrYXRhcnp5bmEucGxcL3dwLWNvbnRlbnRcL3VwbG9hZHNcLzIwMjZcLzA0XC9QSE9UTy0yMDI2LTA0LTI3LTEyLTMzLTQ3LTMuanBnIiwic2xpZGVzaG93IjoiNTAxZjE2MSJ9\" href='https:\/\/www.spkatarzyna.pl\/wp-content\/uploads\/2026\/04\/PHOTO-2026-04-27-12-33-47-3.jpg'><img decoding=\"async\" width=\"150\" height=\"150\" src=\"https:\/\/www.spkatarzyna.pl\/wp-content\/uploads\/2026\/04\/PHOTO-2026-04-27-12-33-47-3-150x150.jpg\" class=\"attachment-thumbnail size-thumbnail\" alt=\"\" srcset=\"https:\/\/www.spkatarzyna.pl\/wp-content\/uploads\/2026\/04\/PHOTO-2026-04-27-12-33-47-3-150x150.jpg 150w, https:\/\/www.spkatarzyna.pl\/wp-content\/uploads\/2026\/04\/PHOTO-2026-04-27-12-33-47-3-90x90.jpg 90w, https:\/\/www.spkatarzyna.pl\/wp-content\/uploads\/2026\/04\/PHOTO-2026-04-27-12-33-47-3-670x670.jpg 670w\" sizes=\"(max-width: 150px) 100vw, 150px\" \/><\/a>\n\t\t\t<\/dt><\/dl><dl class='gallery-item'>\n\t\t\t<dt class='gallery-icon landscape'>\n\t\t\t\t<a data-elementor-open-lightbox=\"yes\" data-elementor-lightbox-slideshow=\"501f161\" data-e-action-hash=\"#elementor-action%3Aaction%3Dlightbox%26settings%3DeyJpZCI6MTk0NDksInVybCI6Imh0dHBzOlwvXC93d3cuc3BrYXRhcnp5bmEucGxcL3dwLWNvbnRlbnRcL3VwbG9hZHNcLzIwMjZcLzA0XC9QSE9UTy0yMDI2LTA0LTI3LTEyLTMzLTQ3LTQuanBnIiwic2xpZGVzaG93IjoiNTAxZjE2MSJ9\" href='https:\/\/www.spkatarzyna.pl\/wp-content\/uploads\/2026\/04\/PHOTO-2026-04-27-12-33-47-4.jpg'><img loading=\"lazy\" decoding=\"async\" width=\"150\" height=\"150\" src=\"https:\/\/www.spkatarzyna.pl\/wp-content\/uploads\/2026\/04\/PHOTO-2026-04-27-12-33-47-4-150x150.jpg\" class=\"attachment-thumbnail size-thumbnail\" alt=\"\" srcset=\"https:\/\/www.spkatarzyna.pl\/wp-content\/uploads\/2026\/04\/PHOTO-2026-04-27-12-33-47-4-150x150.jpg 150w, https:\/\/www.spkatarzyna.pl\/wp-content\/uploads\/2026\/04\/PHOTO-2026-04-27-12-33-47-4-90x90.jpg 90w, https:\/\/www.spkatarzyna.pl\/wp-content\/uploads\/2026\/04\/PHOTO-2026-04-27-12-33-47-4-670x670.jpg 670w\" sizes=\"(max-width: 150px) 100vw, 150px\" \/><\/a>\n\t\t\t<\/dt><\/dl><br style=\"clear: both\" \/>\n\t\t<\/div>\n\t\t<\/div>\n\t\t\t\t\t\t<\/div>\n\t\t\t\t\t<\/div>\n\t\t\t\t<\/div>\n\t\t\t\t<\/div>\n\t\t","protected":false},"excerpt":{"rendered":"<p>W ramach obchod\u00f3w \u015awiatowego Dnia Ksi\u0105\u017cki i Praw Autorskich w naszej szkole zorganizowano kilka dzia\u0142a\u0144 promuj\u0105cych czytelnictwo oraz aktywne uczestnictwo uczni\u00f3w w \u017cyciu biblioteki. Efekty: Loteria fantowa: 367 wypo\u017cycze\u0144 to 367 los\u00f3w, kt\u00f3re dostali wypo\u017cyczaj\u0105cy, a ka\u017cdy los to wygrana; \u201eAdoptuj ksi\u0105\u017ck\u0119\u201d: dzi\u0119ki adopcji na szkolne p\u00f3\u0142ki trafi\u0142o 19 ksi\u0105\u017cek; [&hellip;]<\/p>\n","protected":false},"author":6,"featured_media":19443,"comment_status":"open","ping_status":"open","sticky":false,"template":"","format":"standard","meta":{"om_disable_all_campaigns":false,"_monsterinsights_skip_tracking":false,"_monsterinsights_sitenote_active":false,"_monsterinsights_sitenote_note":"","_monsterinsights_sitenote_category":0,"ngg_post_thumbnail":0,"footnotes":""},"categories":[1],"tags":[],"class_list":["post-19442","post","type-post","status-publish","format-standard","has-post-thumbnail","hentry","category-uncategorized"],"aioseo_notices":[],"_links":{"self":[{"href":"https:\/\/www.spkatarzyna.pl\/index.php\/wp-json\/wp\/v2\/posts\/19442","targetHints":{"allow":["GET"]}}],"collection":[{"href":"https:\/\/www.spkatarzyna.pl\/index.php\/wp-json\/wp\/v2\/posts"}],"about":[{"href":"https:\/\/www.spkatarzyna.pl\/index.php\/wp-json\/wp\/v2\/types\/post"}],"author":[{"embeddable":true,"href":"https:\/\/www.spkatarzyna.pl\/index.php\/wp-json\/wp\/v2\/users\/6"}],"replies":[{"embeddable":true,"href":"https:\/\/www.spkatarzyna.pl\/index.php\/wp-json\/wp\/v2\/comments?post=19442"}],"version-history":[{"count":4,"href":"https:\/\/www.spkatarzyna.pl\/index.php\/wp-json\/wp\/v2\/posts\/19442\/revisions"}],"predecessor-version":[{"id":19452,"href":"https:\/\/www.spkatarzyna.pl\/index.php\/wp-json\/wp\/v2\/posts\/19442\/revisions\/19452"}],"wp:featuredmedia":[{"embeddable":true,"href":"https:\/\/www.spkatarzyna.pl\/index.php\/wp-json\/wp\/v2\/media\/19443"}],"wp:attachment":[{"href":"https:\/\/www.spkatarzyna.pl\/index.php\/wp-json\/wp\/v2\/media?parent=19442"}],"wp:term":[{"taxonomy":"category","embeddable":true,"href":"https:\/\/www.spkatarzyna.pl\/index.php\/wp-json\/wp\/v2\/categories?post=19442"},{"taxonomy":"post_tag","embeddable":true,"href":"https:\/\/www.spkatarzyna.pl\/index.php\/wp-json\/wp\/v2\/tags?post=19442"}],"curies":[{"name":"wp","href":"https:\/\/api.w.org\/{rel}","templated":true}]}}