{"id":19442,"date":"2026-04-27T17:47:53","date_gmt":"2026-04-27T15:47:53","guid":{"rendered":"https:\/\/www.spkatarzyna.pl\/?p=19442"},"modified":"2026-04-27T17:50:58","modified_gmt":"2026-04-27T15:50:58","slug":"swiatowy-dzien-ksiazki-i-praw-autorskich","status":"publish","type":"post","link":"https:\/\/www.spkatarzyna.pl\/index.php\/2026\/04\/27\/swiatowy-dzien-ksiazki-i-praw-autorskich\/","title":{"rendered":"\u015awiatowy Dzie\u0144 Ksi\u0105\u017cki i Praw Autorskich"},"content":{"rendered":"\t\t<div data-elementor-type=\"wp-post\" data-elementor-id=\"19442\" class=\"elementor elementor-19442\">\n\t\t\t\t<div class=\"elementor-element elementor-element-482074cf e-flex e-con-boxed e-con e-parent\" data-id=\"482074cf\" data-element_type=\"container\">\n\t\t\t\t\t<div class=\"e-con-inner\">\n\t\t\t\t<div class=\"elementor-element elementor-element-1bba2e75 elementor-widget elementor-widget-text-editor\" data-id=\"1bba2e75\" data-element_type=\"widget\" data-widget_type=\"text-editor.default\">\n\t\t\t\t\t\t\t\t\t<p style=\"font-weight: 400; text-align: justify;\"><span style=\"font-size: 14pt;\">W ramach obchod\u00f3w \u015awiatowego Dnia Ksi\u0105\u017cki i Praw Autorskich w naszej szkole zorganizowano kilka dzia\u0142a\u0144 promuj\u0105cych czytelnictwo oraz aktywne uczestnictwo uczni\u00f3w w \u017cyciu biblioteki.<\/span><\/p>\r\n<p style=\"font-weight: 400; text-align: justify;\"><span style=\"font-size: 14pt;\">Efekty:<\/span><\/p>\r\n\r\n<ul style=\"font-weight: 400; text-align: justify;\">\r\n \t<li><span style=\"font-size: 14pt;\">Loteria fantowa: 367 wypo\u017cycze\u0144 to 367 los\u00f3w, kt\u00f3re dostali wypo\u017cyczaj\u0105cy, a ka\u017cdy los to wygrana;<\/span><\/li>\r\n \t<li><span style=\"font-size: 14pt;\">\u201eAdoptuj ksi\u0105\u017ck\u0119\u201d: dzi\u0119ki adopcji na szkolne p\u00f3\u0142ki trafi\u0142o 19 ksi\u0105\u017cek;<\/span><\/li>\r\n \t<li><span style=\"font-size: 14pt;\">\u201eWymiana ksi\u0105\u017cek\u201d: zyskali\u015bmy 23 ksi\u0105\u017cki;<\/span><\/li>\r\n \t<li><span style=\"font-size: 14pt;\">Konkurs \u201eNajlepszy pomys\u0142 na imprez\u0119 czytelnicz\u0105\u201d: 6 zg\u0142osze\u0144. Drugi etap konkursu odb\u0119dzie si\u0119 w ramach&nbsp;obchod\u00f3w Dnia Bibliotek<\/span><\/li>\r\n \t<li><span style=\"font-size: 14pt;\">Zebrano 655 gad\u017cet\u00f3w na loteri\u0119 (zosta\u0142o 288 fant\u00f3w na kolejn\u0105 loteri\u0119 )<\/span><\/li>\r\n<\/ul>\r\n<p style=\"font-weight: 400; text-align: justify;\"><span style=\"font-size: 14pt;\">Dzi\u0119kujemy fundatorom nagr\u00f3d i fant\u00f3w, osobom przygotowuj\u0105cym muffiny, wolontariuszom oraz nauczycielom za pomoc w organizacji.<\/span><\/p>\r\n<p style=\"text-align: right;\"><span style=\"font-size: 14pt;\">Bo\u017cena G\u00f3rniak<\/span><\/p>\r\n&nbsp;\t\t\t\t\t\t\t\t<\/div>\n\t\t\t\t<div class=\"elementor-element elementor-element-501f161 elementor-widget elementor-widget-image-gallery\" data-id=\"501f161\" data-element_type=\"widget\" data-widget_type=\"image-gallery.default\">\n\t\t\t\t\t\t\t<div class=\"elementor-image-gallery\">\n\t\t\t\n\t\t<div id='gallery-1' class='gallery galleryid-19442 gallery-columns-4 gallery-size-thumbnail gallery1'><script type=\"text\/javascript\">\n\/\/ <![CDATA[\n\tjQuery(document).ready(function () {\n\t\tjQuery(\".gallery1 a\").attr(\"rel\",\"gallery1\");\t\n\t\tjQuery('a[rel=\"gallery1\"]').colorbox({title: function(){ return jQuery(this).children().attr(\"alt\"); }});\n\t});\n\/\/ ]]>\n<\/script>\n<dl class=\"gallery-item\">\n<dt class=\"gallery-icon\">\n<a href=\"https:\/\/www.spkatarzyna.pl\/wp-content\/uploads\/2026\/04\/PHOTO-2026-04-27-12-32-47-300x225.jpg\" title=\"\" rel=\"gallery1\" rel=\"lightbox[19442]\"><img decoding=\"async\" src=\"https:\/\/www.spkatarzyna.pl\/wp-content\/uploads\/2026\/04\/PHOTO-2026-04-27-12-32-47-150x150.jpg\" width=\"150\" height=\"150\" alt=\"\" \/><\/a>\n<\/dt><\/dl><dl class=\"gallery-item\">\n<dt class=\"gallery-icon\">\n<a href=\"https:\/\/www.spkatarzyna.pl\/wp-content\/uploads\/2026\/04\/PHOTO-2026-04-27-12-33-47-300x225.jpg\" title=\"\" rel=\"gallery1\" rel=\"lightbox[19442]\"><img decoding=\"async\" src=\"https:\/\/www.spkatarzyna.pl\/wp-content\/uploads\/2026\/04\/PHOTO-2026-04-27-12-33-47-150x150.jpg\" width=\"150\" height=\"150\" alt=\"\" \/><\/a>\n<\/dt><\/dl><dl class=\"gallery-item\">\n<dt class=\"gallery-icon\">\n<a href=\"https:\/\/www.spkatarzyna.pl\/wp-content\/uploads\/2026\/04\/PHOTO-2026-04-27-12-33-47-3-225x300.jpg\" title=\"\" rel=\"gallery1\" rel=\"lightbox[19442]\"><img decoding=\"async\" src=\"https:\/\/www.spkatarzyna.pl\/wp-content\/uploads\/2026\/04\/PHOTO-2026-04-27-12-33-47-3-150x150.jpg\" width=\"150\" height=\"150\" alt=\"\" \/><\/a>\n<\/dt><\/dl><dl class=\"gallery-item\">\n<dt class=\"gallery-icon\">\n<a href=\"https:\/\/www.spkatarzyna.pl\/wp-content\/uploads\/2026\/04\/PHOTO-2026-04-27-12-33-47-4-300x225.jpg\" title=\"\" rel=\"gallery1\" rel=\"lightbox[19442]\"><img loading=\"lazy\" decoding=\"async\" src=\"https:\/\/www.spkatarzyna.pl\/wp-content\/uploads\/2026\/04\/PHOTO-2026-04-27-12-33-47-4-150x150.jpg\" width=\"150\" height=\"150\" alt=\"\" \/><\/a>\n<\/dt><\/dl><br style=\"clear: both\" \/><br style=\"clear: both\" \/><\/div>\t\t<\/div>\n\t\t\t\t\t\t<\/div>\n\t\t\t\t\t<\/div>\n\t\t\t\t<\/div>\n\t\t\t\t<\/div>\n\t\t","protected":false},"excerpt":{"rendered":"<p>W ramach obchod\u00f3w \u015awiatowego Dnia Ksi\u0105\u017cki i Praw Autorskich w naszej szkole zorganizowano kilka dzia\u0142a\u0144 promuj\u0105cych czytelnictwo oraz aktywne uczestnictwo uczni\u00f3w w \u017cyciu biblioteki. Efekty: Loteria fantowa: 367 wypo\u017cycze\u0144 to 367 los\u00f3w, kt\u00f3re dostali wypo\u017cyczaj\u0105cy, a ka\u017cdy los to wygrana; \u201eAdoptuj ksi\u0105\u017ck\u0119\u201d: dzi\u0119ki adopcji na szkolne p\u00f3\u0142ki trafi\u0142o 19 ksi\u0105\u017cek; [&hellip;]<\/p>\n","protected":false},"author":6,"featured_media":19443,"comment_status":"open","ping_status":"open","sticky":false,"template":"","format":"standard","meta":{"om_disable_all_campaigns":false,"_monsterinsights_skip_tracking":false,"ngg_post_thumbnail":0,"footnotes":""},"categories":[1],"tags":[],"class_list":["post-19442","post","type-post","status-publish","format-standard","has-post-thumbnail","hentry","category-uncategorized"],"aioseo_notices":[],"aioseo_head":"\n\t\t<!-- All in One SEO 5.0.1.1 - aioseo.com -->\n\t<meta name=\"description\" content=\"W ramach obchod\u00f3w \u015awiatowego Dnia Ksi\u0105\u017cki i Praw Autorskich w naszej szkole zorganizowano kilka dzia\u0142a\u0144 promuj\u0105cych czytelnictwo oraz aktywne uczestnictwo uczni\u00f3w w \u017cyciu biblioteki. Efekty: Loteria fantowa: 367 wypo\u017cycze\u0144 to 367 los\u00f3w, kt\u00f3re dostali wypo\u017cyczaj\u0105cy, a ka\u017cdy los to wygrana; \u201eAdoptuj ksi\u0105\u017ck\u0119\u201d: dzi\u0119ki adopcji na szkolne p\u00f3\u0142ki trafi\u0142o 19 ksi\u0105\u017cek; \u201eWymiana ksi\u0105\u017cek\u201d: zyskali\u015bmy 23 ksi\u0105\u017cki;\" \/>\n\t<meta name=\"robots\" content=\"max-image-preview:large\" \/>\n\t<meta name=\"author\" content=\"Redakcja\"\/>\n\t<link rel=\"canonical\" href=\"https:\/\/www.spkatarzyna.pl\/index.php\/2026\/04\/27\/swiatowy-dzien-ksiazki-i-praw-autorskich\/\" \/>\n\t<meta name=\"generator\" content=\"All in One SEO (AIOSEO) 5.0.1.1\" \/>\n\t\t<meta property=\"og:locale\" content=\"pl_PL\" \/>\n\t\t<meta property=\"og:site_name\" content=\"SP Katarzyna - Publiczna Szko\u0142a Podstawowa w \u015awi\u0119tej Katarzynie\" \/>\n\t\t<meta property=\"og:type\" content=\"article\" \/>\n\t\t<meta property=\"og:title\" content=\"\u015awiatowy Dzie\u0144 Ksi\u0105\u017cki i Praw Autorskich - SP Katarzyna\" \/>\n\t\t<meta property=\"og:description\" content=\"W ramach obchod\u00f3w \u015awiatowego Dnia Ksi\u0105\u017cki i Praw Autorskich w naszej szkole zorganizowano kilka dzia\u0142a\u0144 promuj\u0105cych czytelnictwo oraz aktywne uczestnictwo uczni\u00f3w w \u017cyciu biblioteki. Efekty: Loteria fantowa: 367 wypo\u017cycze\u0144 to 367 los\u00f3w, kt\u00f3re dostali wypo\u017cyczaj\u0105cy, a ka\u017cdy los to wygrana; \u201eAdoptuj ksi\u0105\u017ck\u0119\u201d: dzi\u0119ki adopcji na szkolne p\u00f3\u0142ki trafi\u0142o 19 ksi\u0105\u017cek; \u201eWymiana ksi\u0105\u017cek\u201d: zyskali\u015bmy 23 ksi\u0105\u017cki;\" \/>\n\t\t<meta property=\"og:url\" content=\"https:\/\/www.spkatarzyna.pl\/index.php\/2026\/04\/27\/swiatowy-dzien-ksiazki-i-praw-autorskich\/\" \/>\n\t\t<meta property=\"article:published_time\" content=\"2026-04-27T15:47:53+00:00\" \/>\n\t\t<meta property=\"article:modified_time\" content=\"2026-04-27T15:50:58+00:00\" \/>\n\t\t<meta name=\"twitter:card\" content=\"summary_large_image\" \/>\n\t\t<meta name=\"twitter:title\" content=\"\u015awiatowy Dzie\u0144 Ksi\u0105\u017cki i Praw Autorskich - SP Katarzyna\" \/>\n\t\t<meta name=\"twitter:description\" content=\"W ramach obchod\u00f3w \u015awiatowego Dnia Ksi\u0105\u017cki i Praw Autorskich w naszej szkole zorganizowano kilka dzia\u0142a\u0144 promuj\u0105cych czytelnictwo oraz aktywne uczestnictwo uczni\u00f3w w \u017cyciu biblioteki. Efekty: Loteria fantowa: 367 wypo\u017cycze\u0144 to 367 los\u00f3w, kt\u00f3re dostali wypo\u017cyczaj\u0105cy, a ka\u017cdy los to wygrana; \u201eAdoptuj ksi\u0105\u017ck\u0119\u201d: dzi\u0119ki adopcji na szkolne p\u00f3\u0142ki trafi\u0142o 19 ksi\u0105\u017cek; \u201eWymiana ksi\u0105\u017cek\u201d: zyskali\u015bmy 23 ksi\u0105\u017cki;\" \/>\n\t\t<script type=\"application\/ld+json\" class=\"aioseo-schema\">\n\t\t\t{\"@context\":\"https:\\\/\\\/schema.org\",\"@graph\":[{\"@type\":\"BlogPosting\",\"@id\":\"https:\\\/\\\/www.spkatarzyna.pl\\\/index.php\\\/2026\\\/04\\\/27\\\/swiatowy-dzien-ksiazki-i-praw-autorskich\\\/#blogposting\",\"name\":\"\\u015awiatowy Dzie\\u0144 Ksi\\u0105\\u017cki i Praw Autorskich - SP Katarzyna\",\"headline\":\"\\u015awiatowy Dzie\\u0144 Ksi\\u0105\\u017cki i Praw Autorskich\",\"author\":{\"@id\":\"https:\\\/\\\/www.spkatarzyna.pl\\\/index.php\\\/author\\\/agatasafianspkatarzyna-pl\\\/#author\"},\"publisher\":{\"@id\":\"https:\\\/\\\/www.spkatarzyna.pl\\\/#organization\"},\"image\":{\"@type\":\"ImageObject\",\"url\":\"https:\\\/\\\/www.spkatarzyna.pl\\\/wp-content\\\/uploads\\\/2026\\\/04\\\/PHOTO-2026-04-27-12-32-47-2.jpg\",\"width\":360,\"height\":202},\"datePublished\":\"2026-04-27T17:47:53+02:00\",\"dateModified\":\"2026-04-27T17:50:58+02:00\",\"inLanguage\":\"pl-PL\",\"mainEntityOfPage\":{\"@id\":\"https:\\\/\\\/www.spkatarzyna.pl\\\/index.php\\\/2026\\\/04\\\/27\\\/swiatowy-dzien-ksiazki-i-praw-autorskich\\\/#webpage\"},\"isPartOf\":{\"@id\":\"https:\\\/\\\/www.spkatarzyna.pl\\\/index.php\\\/2026\\\/04\\\/27\\\/swiatowy-dzien-ksiazki-i-praw-autorskich\\\/#webpage\"},\"articleSection\":\"Uncategorized\"},{\"@type\":\"BreadcrumbList\",\"@id\":\"https:\\\/\\\/www.spkatarzyna.pl\\\/index.php\\\/2026\\\/04\\\/27\\\/swiatowy-dzien-ksiazki-i-praw-autorskich\\\/#breadcrumblist\",\"itemListElement\":[{\"@type\":\"ListItem\",\"@id\":\"https:\\\/\\\/www.spkatarzyna.pl#listItem\",\"position\":1,\"name\":\"Dom\",\"item\":\"https:\\\/\\\/www.spkatarzyna.pl\",\"nextItem\":{\"@type\":\"ListItem\",\"@id\":\"https:\\\/\\\/www.spkatarzyna.pl\\\/index.php\\\/category\\\/uncategorized\\\/#listItem\",\"name\":\"Uncategorized\"}},{\"@type\":\"ListItem\",\"@id\":\"https:\\\/\\\/www.spkatarzyna.pl\\\/index.php\\\/category\\\/uncategorized\\\/#listItem\",\"position\":2,\"name\":\"Uncategorized\",\"item\":\"https:\\\/\\\/www.spkatarzyna.pl\\\/index.php\\\/category\\\/uncategorized\\\/\",\"nextItem\":{\"@type\":\"ListItem\",\"@id\":\"https:\\\/\\\/www.spkatarzyna.pl\\\/index.php\\\/2026\\\/04\\\/27\\\/swiatowy-dzien-ksiazki-i-praw-autorskich\\\/#listItem\",\"name\":\"\\u015awiatowy Dzie\\u0144 Ksi\\u0105\\u017cki i Praw Autorskich\"},\"previousItem\":{\"@type\":\"ListItem\",\"@id\":\"https:\\\/\\\/www.spkatarzyna.pl#listItem\",\"name\":\"Dom\"}},{\"@type\":\"ListItem\",\"@id\":\"https:\\\/\\\/www.spkatarzyna.pl\\\/index.php\\\/2026\\\/04\\\/27\\\/swiatowy-dzien-ksiazki-i-praw-autorskich\\\/#listItem\",\"position\":3,\"name\":\"\\u015awiatowy Dzie\\u0144 Ksi\\u0105\\u017cki i Praw Autorskich\",\"previousItem\":{\"@type\":\"ListItem\",\"@id\":\"https:\\\/\\\/www.spkatarzyna.pl\\\/index.php\\\/category\\\/uncategorized\\\/#listItem\",\"name\":\"Uncategorized\"}}]},{\"@type\":\"Organization\",\"@id\":\"https:\\\/\\\/www.spkatarzyna.pl\\\/#organization\",\"name\":\"SP Katarzyna\",\"description\":\"Publiczna Szko\\u0142a Podstawowa w \\u015awi\\u0119tej Katarzynie\",\"url\":\"https:\\\/\\\/www.spkatarzyna.pl\\\/\",\"telephone\":\"+48713116378\",\"sameAs\":[\"https:\\\/\\\/facebook.com\\\/\",\"https:\\\/\\\/x.com\\\/\",\"https:\\\/\\\/instagram.com\\\/\",\"https:\\\/\\\/pinterest.com\\\/\",\"https:\\\/\\\/youtube.com\\\/\",\"https:\\\/\\\/linkedin.com\\\/in\\\/\"]},{\"@type\":\"Person\",\"@id\":\"https:\\\/\\\/www.spkatarzyna.pl\\\/index.php\\\/author\\\/agatasafianspkatarzyna-pl\\\/#author\",\"url\":\"https:\\\/\\\/www.spkatarzyna.pl\\\/index.php\\\/author\\\/agatasafianspkatarzyna-pl\\\/\",\"name\":\"Redakcja\",\"image\":{\"@type\":\"ImageObject\",\"@id\":\"https:\\\/\\\/www.spkatarzyna.pl\\\/index.php\\\/2026\\\/04\\\/27\\\/swiatowy-dzien-ksiazki-i-praw-autorskich\\\/#authorImage\",\"url\":\"https:\\\/\\\/secure.gravatar.com\\\/avatar\\\/765290513df94d442152250e92b42327?s=96&d=mm&r=g\",\"width\":96,\"height\":96,\"caption\":\"Redakcja\"}},{\"@type\":\"WebPage\",\"@id\":\"https:\\\/\\\/www.spkatarzyna.pl\\\/index.php\\\/2026\\\/04\\\/27\\\/swiatowy-dzien-ksiazki-i-praw-autorskich\\\/#webpage\",\"url\":\"https:\\\/\\\/www.spkatarzyna.pl\\\/index.php\\\/2026\\\/04\\\/27\\\/swiatowy-dzien-ksiazki-i-praw-autorskich\\\/\",\"name\":\"\\u015awiatowy Dzie\\u0144 Ksi\\u0105\\u017cki i Praw Autorskich - SP Katarzyna\",\"description\":\"W ramach obchod\\u00f3w \\u015awiatowego Dnia Ksi\\u0105\\u017cki i Praw Autorskich w naszej szkole zorganizowano kilka dzia\\u0142a\\u0144 promuj\\u0105cych czytelnictwo oraz aktywne uczestnictwo uczni\\u00f3w w \\u017cyciu biblioteki. Efekty: Loteria fantowa: 367 wypo\\u017cycze\\u0144 to 367 los\\u00f3w, kt\\u00f3re dostali wypo\\u017cyczaj\\u0105cy, a ka\\u017cdy los to wygrana; \\u201eAdoptuj ksi\\u0105\\u017ck\\u0119\\u201d: dzi\\u0119ki adopcji na szkolne p\\u00f3\\u0142ki trafi\\u0142o 19 ksi\\u0105\\u017cek; \\u201eWymiana ksi\\u0105\\u017cek\\u201d: zyskali\\u015bmy 23 ksi\\u0105\\u017cki;\",\"inLanguage\":\"pl-PL\",\"isPartOf\":{\"@id\":\"https:\\\/\\\/www.spkatarzyna.pl\\\/#website\"},\"breadcrumb\":{\"@id\":\"https:\\\/\\\/www.spkatarzyna.pl\\\/index.php\\\/2026\\\/04\\\/27\\\/swiatowy-dzien-ksiazki-i-praw-autorskich\\\/#breadcrumblist\"},\"author\":{\"@id\":\"https:\\\/\\\/www.spkatarzyna.pl\\\/index.php\\\/author\\\/agatasafianspkatarzyna-pl\\\/#author\"},\"creator\":{\"@id\":\"https:\\\/\\\/www.spkatarzyna.pl\\\/index.php\\\/author\\\/agatasafianspkatarzyna-pl\\\/#author\"},\"image\":{\"@type\":\"ImageObject\",\"url\":\"https:\\\/\\\/www.spkatarzyna.pl\\\/wp-content\\\/uploads\\\/2026\\\/04\\\/PHOTO-2026-04-27-12-32-47-2.jpg\",\"@id\":\"https:\\\/\\\/www.spkatarzyna.pl\\\/index.php\\\/2026\\\/04\\\/27\\\/swiatowy-dzien-ksiazki-i-praw-autorskich\\\/#mainImage\",\"width\":360,\"height\":202},\"primaryImageOfPage\":{\"@id\":\"https:\\\/\\\/www.spkatarzyna.pl\\\/index.php\\\/2026\\\/04\\\/27\\\/swiatowy-dzien-ksiazki-i-praw-autorskich\\\/#mainImage\"},\"datePublished\":\"2026-04-27T17:47:53+02:00\",\"dateModified\":\"2026-04-27T17:50:58+02:00\"},{\"@type\":\"WebSite\",\"@id\":\"https:\\\/\\\/www.spkatarzyna.pl\\\/#website\",\"url\":\"https:\\\/\\\/www.spkatarzyna.pl\\\/\",\"name\":\"SP Katarzyna\",\"description\":\"Publiczna Szko\\u0142a Podstawowa w \\u015awi\\u0119tej Katarzynie\",\"inLanguage\":\"pl-PL\",\"publisher\":{\"@id\":\"https:\\\/\\\/www.spkatarzyna.pl\\\/#organization\"}}]}\n\t\t<\/script>\n\t\t<!-- All in One SEO -->\n\n","aioseo_head_json":{"title":"\u015awiatowy Dzie\u0144 Ksi\u0105\u017cki i Praw Autorskich - SP Katarzyna","description":"W ramach obchod\u00f3w \u015awiatowego Dnia Ksi\u0105\u017cki i Praw Autorskich w naszej szkole zorganizowano kilka dzia\u0142a\u0144 promuj\u0105cych czytelnictwo oraz aktywne uczestnictwo uczni\u00f3w w \u017cyciu biblioteki. Efekty: Loteria fantowa: 367 wypo\u017cycze\u0144 to 367 los\u00f3w, kt\u00f3re dostali wypo\u017cyczaj\u0105cy, a ka\u017cdy los to wygrana; \u201eAdoptuj ksi\u0105\u017ck\u0119\u201d: dzi\u0119ki adopcji na szkolne p\u00f3\u0142ki trafi\u0142o 19 ksi\u0105\u017cek; \u201eWymiana ksi\u0105\u017cek\u201d: zyskali\u015bmy 23 ksi\u0105\u017cki;","canonical_url":"https:\/\/www.spkatarzyna.pl\/index.php\/2026\/04\/27\/swiatowy-dzien-ksiazki-i-praw-autorskich\/","robots":"max-image-preview:large","keywords":"","webmasterTools":{"miscellaneous":""},"schema":{"@context":"https:\/\/schema.org","@graph":[{"@type":"BlogPosting","@id":"https:\/\/www.spkatarzyna.pl\/index.php\/2026\/04\/27\/swiatowy-dzien-ksiazki-i-praw-autorskich\/#blogposting","name":"\u015awiatowy Dzie\u0144 Ksi\u0105\u017cki i Praw Autorskich - SP Katarzyna","headline":"\u015awiatowy Dzie\u0144 Ksi\u0105\u017cki i Praw Autorskich","author":{"@id":"https:\/\/www.spkatarzyna.pl\/index.php\/author\/agatasafianspkatarzyna-pl\/#author"},"publisher":{"@id":"https:\/\/www.spkatarzyna.pl\/#organization"},"image":{"@type":"ImageObject","url":"https:\/\/www.spkatarzyna.pl\/wp-content\/uploads\/2026\/04\/PHOTO-2026-04-27-12-32-47-2.jpg","width":360,"height":202},"datePublished":"2026-04-27T17:47:53+02:00","dateModified":"2026-04-27T17:50:58+02:00","inLanguage":"pl-PL","mainEntityOfPage":{"@id":"https:\/\/www.spkatarzyna.pl\/index.php\/2026\/04\/27\/swiatowy-dzien-ksiazki-i-praw-autorskich\/#webpage"},"isPartOf":{"@id":"https:\/\/www.spkatarzyna.pl\/index.php\/2026\/04\/27\/swiatowy-dzien-ksiazki-i-praw-autorskich\/#webpage"},"articleSection":"Uncategorized"},{"@type":"BreadcrumbList","@id":"https:\/\/www.spkatarzyna.pl\/index.php\/2026\/04\/27\/swiatowy-dzien-ksiazki-i-praw-autorskich\/#breadcrumblist","itemListElement":[{"@type":"ListItem","@id":"https:\/\/www.spkatarzyna.pl#listItem","position":1,"name":"Dom","item":"https:\/\/www.spkatarzyna.pl","nextItem":{"@type":"ListItem","@id":"https:\/\/www.spkatarzyna.pl\/index.php\/category\/uncategorized\/#listItem","name":"Uncategorized"}},{"@type":"ListItem","@id":"https:\/\/www.spkatarzyna.pl\/index.php\/category\/uncategorized\/#listItem","position":2,"name":"Uncategorized","item":"https:\/\/www.spkatarzyna.pl\/index.php\/category\/uncategorized\/","nextItem":{"@type":"ListItem","@id":"https:\/\/www.spkatarzyna.pl\/index.php\/2026\/04\/27\/swiatowy-dzien-ksiazki-i-praw-autorskich\/#listItem","name":"\u015awiatowy Dzie\u0144 Ksi\u0105\u017cki i Praw Autorskich"},"previousItem":{"@type":"ListItem","@id":"https:\/\/www.spkatarzyna.pl#listItem","name":"Dom"}},{"@type":"ListItem","@id":"https:\/\/www.spkatarzyna.pl\/index.php\/2026\/04\/27\/swiatowy-dzien-ksiazki-i-praw-autorskich\/#listItem","position":3,"name":"\u015awiatowy Dzie\u0144 Ksi\u0105\u017cki i Praw Autorskich","previousItem":{"@type":"ListItem","@id":"https:\/\/www.spkatarzyna.pl\/index.php\/category\/uncategorized\/#listItem","name":"Uncategorized"}}]},{"@type":"Organization","@id":"https:\/\/www.spkatarzyna.pl\/#organization","name":"SP Katarzyna","description":"Publiczna Szko\u0142a Podstawowa w \u015awi\u0119tej Katarzynie","url":"https:\/\/www.spkatarzyna.pl\/","telephone":"+48713116378","sameAs":["https:\/\/facebook.com\/","https:\/\/x.com\/","https:\/\/instagram.com\/","https:\/\/pinterest.com\/","https:\/\/youtube.com\/","https:\/\/linkedin.com\/in\/"]},{"@type":"Person","@id":"https:\/\/www.spkatarzyna.pl\/index.php\/author\/agatasafianspkatarzyna-pl\/#author","url":"https:\/\/www.spkatarzyna.pl\/index.php\/author\/agatasafianspkatarzyna-pl\/","name":"Redakcja","image":{"@type":"ImageObject","@id":"https:\/\/www.spkatarzyna.pl\/index.php\/2026\/04\/27\/swiatowy-dzien-ksiazki-i-praw-autorskich\/#authorImage","url":"https:\/\/secure.gravatar.com\/avatar\/765290513df94d442152250e92b42327?s=96&d=mm&r=g","width":96,"height":96,"caption":"Redakcja"}},{"@type":"WebPage","@id":"https:\/\/www.spkatarzyna.pl\/index.php\/2026\/04\/27\/swiatowy-dzien-ksiazki-i-praw-autorskich\/#webpage","url":"https:\/\/www.spkatarzyna.pl\/index.php\/2026\/04\/27\/swiatowy-dzien-ksiazki-i-praw-autorskich\/","name":"\u015awiatowy Dzie\u0144 Ksi\u0105\u017cki i Praw Autorskich - SP Katarzyna","description":"W ramach obchod\u00f3w \u015awiatowego Dnia Ksi\u0105\u017cki i Praw Autorskich w naszej szkole zorganizowano kilka dzia\u0142a\u0144 promuj\u0105cych czytelnictwo oraz aktywne uczestnictwo uczni\u00f3w w \u017cyciu biblioteki. Efekty: Loteria fantowa: 367 wypo\u017cycze\u0144 to 367 los\u00f3w, kt\u00f3re dostali wypo\u017cyczaj\u0105cy, a ka\u017cdy los to wygrana; \u201eAdoptuj ksi\u0105\u017ck\u0119\u201d: dzi\u0119ki adopcji na szkolne p\u00f3\u0142ki trafi\u0142o 19 ksi\u0105\u017cek; \u201eWymiana ksi\u0105\u017cek\u201d: zyskali\u015bmy 23 ksi\u0105\u017cki;","inLanguage":"pl-PL","isPartOf":{"@id":"https:\/\/www.spkatarzyna.pl\/#website"},"breadcrumb":{"@id":"https:\/\/www.spkatarzyna.pl\/index.php\/2026\/04\/27\/swiatowy-dzien-ksiazki-i-praw-autorskich\/#breadcrumblist"},"author":{"@id":"https:\/\/www.spkatarzyna.pl\/index.php\/author\/agatasafianspkatarzyna-pl\/#author"},"creator":{"@id":"https:\/\/www.spkatarzyna.pl\/index.php\/author\/agatasafianspkatarzyna-pl\/#author"},"image":{"@type":"ImageObject","url":"https:\/\/www.spkatarzyna.pl\/wp-content\/uploads\/2026\/04\/PHOTO-2026-04-27-12-32-47-2.jpg","@id":"https:\/\/www.spkatarzyna.pl\/index.php\/2026\/04\/27\/swiatowy-dzien-ksiazki-i-praw-autorskich\/#mainImage","width":360,"height":202},"primaryImageOfPage":{"@id":"https:\/\/www.spkatarzyna.pl\/index.php\/2026\/04\/27\/swiatowy-dzien-ksiazki-i-praw-autorskich\/#mainImage"},"datePublished":"2026-04-27T17:47:53+02:00","dateModified":"2026-04-27T17:50:58+02:00"},{"@type":"WebSite","@id":"https:\/\/www.spkatarzyna.pl\/#website","url":"https:\/\/www.spkatarzyna.pl\/","name":"SP Katarzyna","description":"Publiczna Szko\u0142a Podstawowa w \u015awi\u0119tej Katarzynie","inLanguage":"pl-PL","publisher":{"@id":"https:\/\/www.spkatarzyna.pl\/#organization"}}]},"og:locale":"pl_PL","og:site_name":"SP Katarzyna - Publiczna Szko\u0142a Podstawowa w \u015awi\u0119tej Katarzynie","og:type":"article","og:title":"\u015awiatowy Dzie\u0144 Ksi\u0105\u017cki i Praw Autorskich - SP Katarzyna","og:description":"W ramach obchod\u00f3w \u015awiatowego Dnia Ksi\u0105\u017cki i Praw Autorskich w naszej szkole zorganizowano kilka dzia\u0142a\u0144 promuj\u0105cych czytelnictwo oraz aktywne uczestnictwo uczni\u00f3w w \u017cyciu biblioteki. Efekty: Loteria fantowa: 367 wypo\u017cycze\u0144 to 367 los\u00f3w, kt\u00f3re dostali wypo\u017cyczaj\u0105cy, a ka\u017cdy los to wygrana; \u201eAdoptuj ksi\u0105\u017ck\u0119\u201d: dzi\u0119ki adopcji na szkolne p\u00f3\u0142ki trafi\u0142o 19 ksi\u0105\u017cek; \u201eWymiana ksi\u0105\u017cek\u201d: zyskali\u015bmy 23 ksi\u0105\u017cki;","og:url":"https:\/\/www.spkatarzyna.pl\/index.php\/2026\/04\/27\/swiatowy-dzien-ksiazki-i-praw-autorskich\/","article:published_time":"2026-04-27T15:47:53+00:00","article:modified_time":"2026-04-27T15:50:58+00:00","twitter:card":"summary_large_image","twitter:title":"\u015awiatowy Dzie\u0144 Ksi\u0105\u017cki i Praw Autorskich - SP Katarzyna","twitter:description":"W ramach obchod\u00f3w \u015awiatowego Dnia Ksi\u0105\u017cki i Praw Autorskich w naszej szkole zorganizowano kilka dzia\u0142a\u0144 promuj\u0105cych czytelnictwo oraz aktywne uczestnictwo uczni\u00f3w w \u017cyciu biblioteki. Efekty: Loteria fantowa: 367 wypo\u017cycze\u0144 to 367 los\u00f3w, kt\u00f3re dostali wypo\u017cyczaj\u0105cy, a ka\u017cdy los to wygrana; \u201eAdoptuj ksi\u0105\u017ck\u0119\u201d: dzi\u0119ki adopcji na szkolne p\u00f3\u0142ki trafi\u0142o 19 ksi\u0105\u017cek; \u201eWymiana ksi\u0105\u017cek\u201d: zyskali\u015bmy 23 ksi\u0105\u017cki;"},"aioseo_meta_data":{"post_id":"19442","title":null,"description":null,"keywords":null,"keyphrases":{"focus":{"keyphrase":"","score":0,"analysis":{"keyphraseInTitle":{"score":0,"maxScore":9,"error":1}}},"additional":[]},"primary_term":null,"canonical_url":null,"og_title":null,"og_description":null,"og_object_type":"default","og_image_type":"default","og_image_url":null,"og_image_width":null,"og_image_height":null,"og_image_custom_url":null,"og_image_custom_fields":null,"og_video":"","og_custom_url":null,"og_article_section":null,"og_article_tags":null,"twitter_use_og":false,"twitter_card":"default","twitter_image_type":"default","twitter_image_url":null,"twitter_image_custom_url":null,"twitter_image_custom_fields":null,"twitter_title":null,"twitter_description":null,"schema":{"blockGraphs":[],"customGraphs":[],"default":{"data":{"Article":[],"Course":[],"Dataset":[],"FAQPage":[],"Movie":[],"Person":[],"Product":[],"ProductReview":[],"Car":[],"Recipe":[],"Service":[],"SoftwareApplication":[],"WebPage":[]},"graphName":"BlogPosting","isEnabled":true},"graphs":[]},"schema_type":"default","schema_type_options":null,"pillar_content":false,"robots_default":true,"robots_noindex":false,"robots_noarchive":false,"robots_nosnippet":false,"robots_nofollow":false,"robots_noimageindex":false,"robots_noodp":false,"robots_notranslate":false,"robots_max_snippet":"-1","robots_max_videopreview":"-1","robots_max_imagepreview":"large","priority":null,"frequency":"default","local_seo":null,"limit_modified_date":false,"created":"2026-04-27 15:47:53","updated":"2026-09-03 18:01:51","focus_keyword":null,"additional_keywords":null,"truseo_locale":null,"ai":null,"breadcrumb_settings":null,"seo_analyzer_scan_date":null},"aioseo_breadcrumb":"<div class=\"aioseo-breadcrumbs\"><span class=\"aioseo-breadcrumb\">\n\t\t\t<a href=\"https:\/\/www.spkatarzyna.pl\" title=\"Dom\">Dom<\/a>\n\t\t<\/span><span class=\"aioseo-breadcrumb-separator\">&raquo;<\/span><span class=\"aioseo-breadcrumb\">\n\t\t\t<a href=\"https:\/\/www.spkatarzyna.pl\/index.php\/category\/uncategorized\/\" title=\"Uncategorized\">Uncategorized<\/a>\n\t\t<\/span><span class=\"aioseo-breadcrumb-separator\">&raquo;<\/span><span class=\"aioseo-breadcrumb\">\n\t\t\t\u015awiatowy Dzie\u0144 Ksi\u0105\u017cki i Praw Autorskich\n\t\t<\/span><\/div>","aioseo_breadcrumb_json":[{"label":"Dom","link":"https:\/\/www.spkatarzyna.pl"},{"label":"Uncategorized","link":"https:\/\/www.spkatarzyna.pl\/index.php\/category\/uncategorized\/"},{"label":"\u015awiatowy Dzie\u0144 Ksi\u0105\u017cki i Praw Autorskich","link":"https:\/\/www.spkatarzyna.pl\/index.php\/2026\/04\/27\/swiatowy-dzien-ksiazki-i-praw-autorskich\/"}],"_links":{"self":[{"href":"https:\/\/www.spkatarzyna.pl\/index.php\/wp-json\/wp\/v2\/posts\/19442","targetHints":{"allow":["GET"]}}],"collection":[{"href":"https:\/\/www.spkatarzyna.pl\/index.php\/wp-json\/wp\/v2\/posts"}],"about":[{"href":"https:\/\/www.spkatarzyna.pl\/index.php\/wp-json\/wp\/v2\/types\/post"}],"author":[{"embeddable":true,"href":"https:\/\/www.spkatarzyna.pl\/index.php\/wp-json\/wp\/v2\/users\/6"}],"replies":[{"embeddable":true,"href":"https:\/\/www.spkatarzyna.pl\/index.php\/wp-json\/wp\/v2\/comments?post=19442"}],"version-history":[{"count":4,"href":"https:\/\/www.spkatarzyna.pl\/index.php\/wp-json\/wp\/v2\/posts\/19442\/revisions"}],"predecessor-version":[{"id":19452,"href":"https:\/\/www.spkatarzyna.pl\/index.php\/wp-json\/wp\/v2\/posts\/19442\/revisions\/19452"}],"wp:featuredmedia":[{"embeddable":true,"href":"https:\/\/www.spkatarzyna.pl\/index.php\/wp-json\/wp\/v2\/media\/19443"}],"wp:attachment":[{"href":"https:\/\/www.spkatarzyna.pl\/index.php\/wp-json\/wp\/v2\/media?parent=19442"}],"wp:term":[{"taxonomy":"category","embeddable":true,"href":"https:\/\/www.spkatarzyna.pl\/index.php\/wp-json\/wp\/v2\/categories?post=19442"},{"taxonomy":"post_tag","embeddable":true,"href":"https:\/\/www.spkatarzyna.pl\/index.php\/wp-json\/wp\/v2\/tags?post=19442"}],"curies":[{"name":"wp","href":"https:\/\/api.w.org\/{rel}","templated":true}]}}