{"id":19464,"date":"2026-04-28T13:47:33","date_gmt":"2026-04-28T11:47:33","guid":{"rendered":"https:\/\/www.spkatarzyna.pl\/?p=19464"},"modified":"2026-04-29T15:13:34","modified_gmt":"2026-04-29T13:13:34","slug":"dzien-nowych-technologii-w-edukacji-2","status":"publish","type":"post","link":"https:\/\/www.spkatarzyna.pl\/index.php\/2026\/04\/28\/dzien-nowych-technologii-w-edukacji-2\/","title":{"rendered":"Dzie\u0144 Nowych Technologii w Edukacji"},"content":{"rendered":"\t\t<div data-elementor-type=\"wp-post\" data-elementor-id=\"19464\" class=\"elementor elementor-19464\">\n\t\t\t\t<div class=\"elementor-element elementor-element-36cc59cd e-flex e-con-boxed e-con e-parent\" data-id=\"36cc59cd\" data-element_type=\"container\">\n\t\t\t\t\t<div class=\"e-con-inner\">\n\t\t\t\t<div class=\"elementor-element elementor-element-52759323 elementor-widget elementor-widget-text-editor\" data-id=\"52759323\" data-element_type=\"widget\" data-widget_type=\"text-editor.default\">\n\t\t\t\t\t\t\t\t\t<p style=\"text-align: justify;\"><span style=\"font-weight: 400; font-size: 14pt;\">28 kwietnia nasza szko\u0142a wzi\u0119\u0142a udzia\u0142 w og\u00f3lnopolskiej akcji Dzie\u0144 Nowych Technologii w Edukacji, kt\u00f3rej celem jest popularyzacja nowoczesnych technologii w szkole.<\/span><\/p><p style=\"text-align: justify;\"><span style=\"font-size: 14pt;\"><span style=\"font-weight: 400;\">Tego dnia uczniowie mogli przenie\u015b\u0107 si\u0119 w \u015bwiat wirtualnej rzeczywisto\u015bci z wykorzystaniem Gogli VR, <\/span><span style=\"font-weight: 400;\">odkrywaj\u0105c miejsca niedost\u0119pne na wyci\u0105gni\u0119cie r\u0119ki.<\/span> <span style=\"font-weight: 400;\">Wielkim zainteresowaniem cieszy\u0142y si\u0119 roboty Dash, mBot oraz Photon. Uczniowie mieli okazj\u0119 zobaczy\u0107, jak dzia\u0142aj\u0105 nowoczesne roboty i jak mo\u017cna nimi sterowa\u0107.<\/span><\/span><\/p><p style=\"text-align: justify;\"><span style=\"font-size: 14pt;\"><span style=\"font-weight: 400;\">W ramach akcji <\/span><span style=\"font-weight: 400;\">nasi najm\u0142odsi uczniowie udowodnili, \u017ce wyobra\u017ania to najlepsze oprogramowanie. Klasy 1-3 podj\u0119\u0142y wyj\u0105tkowe wyzwanie \u2013 ka\u017cda z nich zaprojektowa\u0142a i stworzy\u0142a w\u0142asnego robota, kt\u00f3ry ozdobi\u0142 drzwi do sal lekcyjnych i sta\u0142 si\u0119 prawdziw\u0105 wizyt\u00f3wk\u0105 m\u0142odych wynalazc\u00f3w.<\/span><\/span><\/p><p style=\"text-align: justify;\"><span style=\"font-size: 14pt;\"><span style=\"font-weight: 400;\">W<\/span><span style=\"font-weight: 400;\">ydarzenie pokaza\u0142o uczniom, \u017ce technologia to nie tylko rozrywka, ale przede wszystkim narz\u0119dzie do poznawania \u015bwiata i nauki logicznego my\u015blenia.\u00a0<\/span><\/span><\/p><p style=\"text-align: justify;\"><span style=\"font-size: 14pt;\"><span style=\"font-weight: 400;\">Dzi\u0119kujemy wszystkim uczniom <\/span><span style=\"font-weight: 400;\">za wsp\u00f3ln\u0105 zabaw\u0119 i nauk\u0119.<\/span><\/span><\/p>\t\t\t\t\t\t\t\t<\/div>\n\t\t\t\t<div class=\"elementor-element elementor-element-4f5b320 elementor-widget elementor-widget-image-gallery\" data-id=\"4f5b320\" data-element_type=\"widget\" data-widget_type=\"image-gallery.default\">\n\t\t\t\t\t\t\t<div class=\"elementor-image-gallery\">\n\t\t\t\n\t\t<div id='gallery-1' class='gallery galleryid-19464 gallery-columns-6 gallery-size-thumbnail gallery1'><script type=\"text\/javascript\">\n\/\/ <![CDATA[\n\tjQuery(document).ready(function () {\n\t\tjQuery(\".gallery1 a\").attr(\"rel\",\"gallery1\");\t\n\t\tjQuery('a[rel=\"gallery1\"]').colorbox({title: function(){ return jQuery(this).children().attr(\"alt\"); }});\n\t});\n\/\/ ]]>\n<\/script>\n<dl class=\"gallery-item\">\n<dt class=\"gallery-icon\">\n<a href=\"https:\/\/www.spkatarzyna.pl\/wp-content\/uploads\/2026\/04\/IMG_3729-300x225.jpg\" title=\"\" rel=\"gallery1\" rel=\"lightbox[19464]\"><img decoding=\"async\" src=\"https:\/\/www.spkatarzyna.pl\/wp-content\/uploads\/2026\/04\/IMG_3729-150x150.jpg\" width=\"150\" height=\"150\" alt=\"\" \/><\/a>\n<\/dt><\/dl><dl class=\"gallery-item\">\n<dt class=\"gallery-icon\">\n<a href=\"https:\/\/www.spkatarzyna.pl\/wp-content\/uploads\/2026\/04\/IMG_3730-300x225.jpg\" title=\"\" rel=\"gallery1\" rel=\"lightbox[19464]\"><img decoding=\"async\" src=\"https:\/\/www.spkatarzyna.pl\/wp-content\/uploads\/2026\/04\/IMG_3730-150x150.jpg\" width=\"150\" height=\"150\" alt=\"\" \/><\/a>\n<\/dt><\/dl><dl class=\"gallery-item\">\n<dt class=\"gallery-icon\">\n<a href=\"https:\/\/www.spkatarzyna.pl\/wp-content\/uploads\/2026\/04\/IMG_3733-scaled-e1777377119502-294x300.jpg\" title=\"\" rel=\"gallery1\" rel=\"lightbox[19464]\"><img decoding=\"async\" src=\"https:\/\/www.spkatarzyna.pl\/wp-content\/uploads\/2026\/04\/IMG_3733-scaled-e1777377119502-150x150.jpg\" width=\"150\" height=\"150\" alt=\"\" \/><\/a>\n<\/dt><\/dl><dl class=\"gallery-item\">\n<dt class=\"gallery-icon\">\n<a href=\"https:\/\/www.spkatarzyna.pl\/wp-content\/uploads\/2026\/04\/IMG_3734-300x225.jpg\" title=\"\" rel=\"gallery1\" rel=\"lightbox[19464]\"><img loading=\"lazy\" decoding=\"async\" src=\"https:\/\/www.spkatarzyna.pl\/wp-content\/uploads\/2026\/04\/IMG_3734-150x150.jpg\" width=\"150\" height=\"150\" alt=\"\" \/><\/a>\n<\/dt><\/dl><dl class=\"gallery-item\">\n<dt class=\"gallery-icon\">\n<a href=\"https:\/\/www.spkatarzyna.pl\/wp-content\/uploads\/2026\/04\/IMG_3740-300x225.jpg\" title=\"\" rel=\"gallery1\" rel=\"lightbox[19464]\"><img loading=\"lazy\" decoding=\"async\" src=\"https:\/\/www.spkatarzyna.pl\/wp-content\/uploads\/2026\/04\/IMG_3740-150x150.jpg\" width=\"150\" height=\"150\" alt=\"\" \/><\/a>\n<\/dt><\/dl><dl class=\"gallery-item\">\n<dt class=\"gallery-icon\">\n<a href=\"https:\/\/www.spkatarzyna.pl\/wp-content\/uploads\/2026\/04\/IMG_3735-300x225.jpg\" title=\"\" rel=\"gallery1\" rel=\"lightbox[19464]\"><img loading=\"lazy\" decoding=\"async\" src=\"https:\/\/www.spkatarzyna.pl\/wp-content\/uploads\/2026\/04\/IMG_3735-150x150.jpg\" width=\"150\" height=\"150\" alt=\"\" \/><\/a>\n<\/dt><\/dl><br style=\"clear: both\" \/><dl class=\"gallery-item\">\n<dt class=\"gallery-icon\">\n<a href=\"https:\/\/www.spkatarzyna.pl\/wp-content\/uploads\/2026\/04\/PHOTO-2026-04-28-14-23-58-6-225x300.jpg\" title=\"\" rel=\"gallery1\" rel=\"lightbox[19464]\"><img loading=\"lazy\" decoding=\"async\" src=\"https:\/\/www.spkatarzyna.pl\/wp-content\/uploads\/2026\/04\/PHOTO-2026-04-28-14-23-58-6-150x150.jpg\" width=\"150\" height=\"150\" alt=\"\" \/><\/a>\n<\/dt><\/dl><dl class=\"gallery-item\">\n<dt class=\"gallery-icon\">\n<a href=\"https:\/\/www.spkatarzyna.pl\/wp-content\/uploads\/2026\/04\/PHOTO-2026-04-28-14-23-59-225x300.jpg\" title=\"\" rel=\"gallery1\" rel=\"lightbox[19464]\"><img loading=\"lazy\" decoding=\"async\" src=\"https:\/\/www.spkatarzyna.pl\/wp-content\/uploads\/2026\/04\/PHOTO-2026-04-28-14-23-59-150x150.jpg\" width=\"150\" height=\"150\" alt=\"\" \/><\/a>\n<\/dt><\/dl><dl class=\"gallery-item\">\n<dt class=\"gallery-icon\">\n<a href=\"https:\/\/www.spkatarzyna.pl\/wp-content\/uploads\/2026\/04\/PHOTO-2026-04-28-14-23-58-5-300x225.jpg\" title=\"\" rel=\"gallery1\" rel=\"lightbox[19464]\"><img loading=\"lazy\" decoding=\"async\" src=\"https:\/\/www.spkatarzyna.pl\/wp-content\/uploads\/2026\/04\/PHOTO-2026-04-28-14-23-58-5-150x150.jpg\" width=\"150\" height=\"150\" alt=\"\" \/><\/a>\n<\/dt><\/dl><dl class=\"gallery-item\">\n<dt class=\"gallery-icon\">\n<a href=\"https:\/\/www.spkatarzyna.pl\/wp-content\/uploads\/2026\/04\/PHOTO-2026-04-28-14-23-58-3-225x300.jpg\" title=\"\" rel=\"gallery1\" rel=\"lightbox[19464]\"><img loading=\"lazy\" decoding=\"async\" src=\"https:\/\/www.spkatarzyna.pl\/wp-content\/uploads\/2026\/04\/PHOTO-2026-04-28-14-23-58-3-150x150.jpg\" width=\"150\" height=\"150\" alt=\"\" \/><\/a>\n<\/dt><\/dl><dl class=\"gallery-item\">\n<dt class=\"gallery-icon\">\n<a href=\"https:\/\/www.spkatarzyna.pl\/wp-content\/uploads\/2026\/04\/PHOTO-2026-04-28-14-23-59-2-225x300.jpg\" title=\"\" rel=\"gallery1\" rel=\"lightbox[19464]\"><img loading=\"lazy\" decoding=\"async\" src=\"https:\/\/www.spkatarzyna.pl\/wp-content\/uploads\/2026\/04\/PHOTO-2026-04-28-14-23-59-2-150x150.jpg\" width=\"150\" height=\"150\" alt=\"\" \/><\/a>\n<\/dt><\/dl><dl class=\"gallery-item\">\n<dt class=\"gallery-icon\">\n<a href=\"https:\/\/www.spkatarzyna.pl\/wp-content\/uploads\/2026\/04\/PHOTO-2026-04-28-14-24-00-2-225x300.jpg\" title=\"\" rel=\"gallery1\" rel=\"lightbox[19464]\"><img loading=\"lazy\" decoding=\"async\" src=\"https:\/\/www.spkatarzyna.pl\/wp-content\/uploads\/2026\/04\/PHOTO-2026-04-28-14-24-00-2-150x150.jpg\" width=\"150\" height=\"150\" alt=\"\" \/><\/a>\n<\/dt><\/dl><br style=\"clear: both\" \/><dl class=\"gallery-item\">\n<dt class=\"gallery-icon\">\n<a href=\"https:\/\/www.spkatarzyna.pl\/wp-content\/uploads\/2026\/04\/PHOTO-2026-04-28-14-24-00-3-300x225.jpg\" title=\"\" rel=\"gallery1\" rel=\"lightbox[19464]\"><img loading=\"lazy\" decoding=\"async\" src=\"https:\/\/www.spkatarzyna.pl\/wp-content\/uploads\/2026\/04\/PHOTO-2026-04-28-14-24-00-3-150x150.jpg\" width=\"150\" height=\"150\" alt=\"\" \/><\/a>\n<\/dt><\/dl><dl class=\"gallery-item\">\n<dt class=\"gallery-icon\">\n<a href=\"https:\/\/www.spkatarzyna.pl\/wp-content\/uploads\/2026\/04\/PHOTO-2026-04-28-14-24-00-225x300.jpg\" title=\"\" rel=\"gallery1\" rel=\"lightbox[19464]\"><img loading=\"lazy\" decoding=\"async\" src=\"https:\/\/www.spkatarzyna.pl\/wp-content\/uploads\/2026\/04\/PHOTO-2026-04-28-14-24-00-150x150.jpg\" width=\"150\" height=\"150\" alt=\"\" \/><\/a>\n<\/dt><\/dl><dl class=\"gallery-item\">\n<dt class=\"gallery-icon\">\n<a href=\"https:\/\/www.spkatarzyna.pl\/wp-content\/uploads\/2026\/04\/PHOTO-2026-04-28-12-37-38-225x300.jpg\" title=\"\" rel=\"gallery1\" rel=\"lightbox[19464]\"><img loading=\"lazy\" decoding=\"async\" src=\"https:\/\/www.spkatarzyna.pl\/wp-content\/uploads\/2026\/04\/PHOTO-2026-04-28-12-37-38-150x150.jpg\" width=\"150\" height=\"150\" alt=\"\" \/><\/a>\n<\/dt><\/dl><dl class=\"gallery-item\">\n<dt class=\"gallery-icon\">\n<a href=\"https:\/\/www.spkatarzyna.pl\/wp-content\/uploads\/2026\/04\/PHOTO-2026-04-28-14-23-58-225x300.jpg\" title=\"\" rel=\"gallery1\" rel=\"lightbox[19464]\"><img loading=\"lazy\" decoding=\"async\" src=\"https:\/\/www.spkatarzyna.pl\/wp-content\/uploads\/2026\/04\/PHOTO-2026-04-28-14-23-58-150x150.jpg\" width=\"150\" height=\"150\" alt=\"\" \/><\/a>\n<\/dt><\/dl><dl class=\"gallery-item\">\n<dt class=\"gallery-icon\">\n<a href=\"https:\/\/www.spkatarzyna.pl\/wp-content\/uploads\/2026\/04\/PHOTO-2026-04-28-14-23-58-2-225x300.jpg\" title=\"\" rel=\"gallery1\" rel=\"lightbox[19464]\"><img loading=\"lazy\" decoding=\"async\" src=\"https:\/\/www.spkatarzyna.pl\/wp-content\/uploads\/2026\/04\/PHOTO-2026-04-28-14-23-58-2-150x150.jpg\" width=\"150\" height=\"150\" alt=\"\" \/><\/a>\n<\/dt><\/dl><dl class=\"gallery-item\">\n<dt class=\"gallery-icon\">\n<a href=\"https:\/\/www.spkatarzyna.pl\/wp-content\/uploads\/2026\/04\/PHOTO-2026-04-28-14-23-58-4-225x300.jpg\" title=\"\" rel=\"gallery1\" rel=\"lightbox[19464]\"><img loading=\"lazy\" decoding=\"async\" src=\"https:\/\/www.spkatarzyna.pl\/wp-content\/uploads\/2026\/04\/PHOTO-2026-04-28-14-23-58-4-150x150.jpg\" width=\"150\" height=\"150\" alt=\"\" \/><\/a>\n<\/dt><\/dl><br style=\"clear: both\" \/><dl class=\"gallery-item\">\n<dt class=\"gallery-icon\">\n<a href=\"https:\/\/www.spkatarzyna.pl\/wp-content\/uploads\/2026\/04\/PHOTO-2026-04-29-10-28-52-225x300.jpg\" title=\"\" rel=\"gallery1\" rel=\"lightbox[19464]\"><img loading=\"lazy\" decoding=\"async\" src=\"https:\/\/www.spkatarzyna.pl\/wp-content\/uploads\/2026\/04\/PHOTO-2026-04-29-10-28-52-150x150.jpg\" width=\"150\" height=\"150\" alt=\"\" \/><\/a>\n<\/dt><\/dl><dl class=\"gallery-item\">\n<dt class=\"gallery-icon\">\n<a href=\"https:\/\/www.spkatarzyna.pl\/wp-content\/uploads\/2026\/04\/PHOTO-2026-04-29-10-28-52-2-225x300.jpg\" title=\"\" rel=\"gallery1\" rel=\"lightbox[19464]\"><img loading=\"lazy\" decoding=\"async\" src=\"https:\/\/www.spkatarzyna.pl\/wp-content\/uploads\/2026\/04\/PHOTO-2026-04-29-10-28-52-2-150x150.jpg\" width=\"150\" height=\"150\" alt=\"\" \/><\/a>\n<\/dt><\/dl><dl class=\"gallery-item\">\n<dt class=\"gallery-icon\">\n<a href=\"https:\/\/www.spkatarzyna.pl\/wp-content\/uploads\/2026\/04\/PHOTO-2026-04-29-10-28-11-225x300.jpg\" title=\"\" rel=\"gallery1\" rel=\"lightbox[19464]\"><img loading=\"lazy\" decoding=\"async\" src=\"https:\/\/www.spkatarzyna.pl\/wp-content\/uploads\/2026\/04\/PHOTO-2026-04-29-10-28-11-150x150.jpg\" width=\"150\" height=\"150\" alt=\"\" \/><\/a>\n<\/dt><\/dl><dl class=\"gallery-item\">\n<dt class=\"gallery-icon\">\n<a href=\"https:\/\/www.spkatarzyna.pl\/wp-content\/uploads\/2026\/04\/PHOTO-2026-04-29-10-28-11-3-225x300.jpg\" title=\"\" rel=\"gallery1\" rel=\"lightbox[19464]\"><img loading=\"lazy\" decoding=\"async\" src=\"https:\/\/www.spkatarzyna.pl\/wp-content\/uploads\/2026\/04\/PHOTO-2026-04-29-10-28-11-3-150x150.jpg\" width=\"150\" height=\"150\" alt=\"\" \/><\/a>\n<\/dt><\/dl><dl class=\"gallery-item\">\n<dt class=\"gallery-icon\">\n<a href=\"https:\/\/www.spkatarzyna.pl\/wp-content\/uploads\/2026\/04\/PHOTO-2026-04-29-10-28-11-2-225x300.jpg\" title=\"\" rel=\"gallery1\" rel=\"lightbox[19464]\"><img loading=\"lazy\" decoding=\"async\" src=\"https:\/\/www.spkatarzyna.pl\/wp-content\/uploads\/2026\/04\/PHOTO-2026-04-29-10-28-11-2-150x150.jpg\" width=\"150\" height=\"150\" alt=\"\" \/><\/a>\n<\/dt><\/dl><dl class=\"gallery-item\">\n<dt class=\"gallery-icon\">\n<a href=\"https:\/\/www.spkatarzyna.pl\/wp-content\/uploads\/2026\/04\/PHOTO-2026-04-28-14-23-59-1-225x300.jpg\" title=\"\" rel=\"gallery1\" rel=\"lightbox[19464]\"><img loading=\"lazy\" decoding=\"async\" src=\"https:\/\/www.spkatarzyna.pl\/wp-content\/uploads\/2026\/04\/PHOTO-2026-04-28-14-23-59-1-150x150.jpg\" width=\"150\" height=\"150\" alt=\"\" \/><\/a>\n<\/dt><\/dl><br style=\"clear: both\" \/><br style=\"clear: both\" \/><\/div>\t\t<\/div>\n\t\t\t\t\t\t<\/div>\n\t\t\t\t\t<\/div>\n\t\t\t\t<\/div>\n\t\t\t\t<\/div>\n\t\t","protected":false},"excerpt":{"rendered":"<p>28 kwietnia nasza szko\u0142a wzi\u0119\u0142a udzia\u0142 w og\u00f3lnopolskiej akcji Dzie\u0144 Nowych Technologii w Edukacji, kt\u00f3rej celem jest popularyzacja nowoczesnych technologii w szkole. Tego dnia uczniowie mogli przenie\u015b\u0107 si\u0119 w \u015bwiat wirtualnej rzeczywisto\u015bci z wykorzystaniem Gogli VR, odkrywaj\u0105c miejsca niedost\u0119pne na wyci\u0105gni\u0119cie r\u0119ki. Wielkim zainteresowaniem cieszy\u0142y si\u0119 roboty Dash, mBot oraz [&hellip;]<\/p>\n","protected":false},"author":6,"featured_media":19545,"comment_status":"open","ping_status":"open","sticky":false,"template":"","format":"standard","meta":{"om_disable_all_campaigns":false,"_monsterinsights_skip_tracking":false,"ngg_post_thumbnail":0,"footnotes":""},"categories":[1],"tags":[],"class_list":["post-19464","post","type-post","status-publish","format-standard","has-post-thumbnail","hentry","category-uncategorized"],"aioseo_notices":[],"aioseo_head":"\n\t\t<!-- All in One SEO 5.0.1.1 - aioseo.com -->\n\t<meta name=\"description\" content=\"28 kwietnia nasza szko\u0142a wzi\u0119\u0142a udzia\u0142 w og\u00f3lnopolskiej akcji Dzie\u0144 Nowych Technologii w Edukacji, kt\u00f3rej celem jest popularyzacja nowoczesnych technologii w szkole.Tego dnia uczniowie mogli przenie\u015b\u0107 si\u0119 w \u015bwiat wirtualnej rzeczywisto\u015bci z wykorzystaniem Gogli VR, odkrywaj\u0105c miejsca niedost\u0119pne na wyci\u0105gni\u0119cie r\u0119ki. Wielkim zainteresowaniem cieszy\u0142y si\u0119 roboty Dash, mBot oraz Photon. Uczniowie mieli okazj\u0119 zobaczy\u0107, jak\" \/>\n\t<meta name=\"robots\" content=\"max-image-preview:large\" \/>\n\t<meta name=\"author\" content=\"Redakcja\"\/>\n\t<link rel=\"canonical\" href=\"https:\/\/www.spkatarzyna.pl\/index.php\/2026\/04\/28\/dzien-nowych-technologii-w-edukacji-2\/\" \/>\n\t<meta name=\"generator\" content=\"All in One SEO (AIOSEO) 5.0.1.1\" \/>\n\t\t<meta property=\"og:locale\" content=\"pl_PL\" \/>\n\t\t<meta property=\"og:site_name\" content=\"SP Katarzyna - Publiczna Szko\u0142a Podstawowa w \u015awi\u0119tej Katarzynie\" \/>\n\t\t<meta property=\"og:type\" content=\"article\" \/>\n\t\t<meta property=\"og:title\" content=\"Dzie\u0144 Nowych Technologii w Edukacji - SP Katarzyna\" \/>\n\t\t<meta property=\"og:description\" content=\"28 kwietnia nasza szko\u0142a wzi\u0119\u0142a udzia\u0142 w og\u00f3lnopolskiej akcji Dzie\u0144 Nowych Technologii w Edukacji, kt\u00f3rej celem jest popularyzacja nowoczesnych technologii w szkole.Tego dnia uczniowie mogli przenie\u015b\u0107 si\u0119 w \u015bwiat wirtualnej rzeczywisto\u015bci z wykorzystaniem Gogli VR, odkrywaj\u0105c miejsca niedost\u0119pne na wyci\u0105gni\u0119cie r\u0119ki. Wielkim zainteresowaniem cieszy\u0142y si\u0119 roboty Dash, mBot oraz Photon. Uczniowie mieli okazj\u0119 zobaczy\u0107, jak\" \/>\n\t\t<meta property=\"og:url\" content=\"https:\/\/www.spkatarzyna.pl\/index.php\/2026\/04\/28\/dzien-nowych-technologii-w-edukacji-2\/\" \/>\n\t\t<meta property=\"article:published_time\" content=\"2026-04-28T11:47:33+00:00\" \/>\n\t\t<meta property=\"article:modified_time\" content=\"2026-04-29T13:13:34+00:00\" \/>\n\t\t<meta name=\"twitter:card\" content=\"summary_large_image\" \/>\n\t\t<meta name=\"twitter:title\" content=\"Dzie\u0144 Nowych Technologii w Edukacji - SP Katarzyna\" \/>\n\t\t<meta name=\"twitter:description\" content=\"28 kwietnia nasza szko\u0142a wzi\u0119\u0142a udzia\u0142 w og\u00f3lnopolskiej akcji Dzie\u0144 Nowych Technologii w Edukacji, kt\u00f3rej celem jest popularyzacja nowoczesnych technologii w szkole.Tego dnia uczniowie mogli przenie\u015b\u0107 si\u0119 w \u015bwiat wirtualnej rzeczywisto\u015bci z wykorzystaniem Gogli VR, odkrywaj\u0105c miejsca niedost\u0119pne na wyci\u0105gni\u0119cie r\u0119ki. Wielkim zainteresowaniem cieszy\u0142y si\u0119 roboty Dash, mBot oraz Photon. Uczniowie mieli okazj\u0119 zobaczy\u0107, jak\" \/>\n\t\t<script type=\"application\/ld+json\" class=\"aioseo-schema\">\n\t\t\t{\"@context\":\"https:\\\/\\\/schema.org\",\"@graph\":[{\"@type\":\"BlogPosting\",\"@id\":\"https:\\\/\\\/www.spkatarzyna.pl\\\/index.php\\\/2026\\\/04\\\/28\\\/dzien-nowych-technologii-w-edukacji-2\\\/#blogposting\",\"name\":\"Dzie\\u0144 Nowych Technologii w Edukacji - SP Katarzyna\",\"headline\":\"Dzie\\u0144 Nowych Technologii w Edukacji\",\"author\":{\"@id\":\"https:\\\/\\\/www.spkatarzyna.pl\\\/index.php\\\/author\\\/agatasafianspkatarzyna-pl\\\/#author\"},\"publisher\":{\"@id\":\"https:\\\/\\\/www.spkatarzyna.pl\\\/#organization\"},\"image\":{\"@type\":\"ImageObject\",\"url\":\"https:\\\/\\\/www.spkatarzyna.pl\\\/wp-content\\\/uploads\\\/2026\\\/04\\\/Projekt-bez-nazwy-7-2.jpg\",\"width\":360,\"height\":202},\"datePublished\":\"2026-04-28T13:47:33+02:00\",\"dateModified\":\"2026-04-29T15:13:34+02:00\",\"inLanguage\":\"pl-PL\",\"mainEntityOfPage\":{\"@id\":\"https:\\\/\\\/www.spkatarzyna.pl\\\/index.php\\\/2026\\\/04\\\/28\\\/dzien-nowych-technologii-w-edukacji-2\\\/#webpage\"},\"isPartOf\":{\"@id\":\"https:\\\/\\\/www.spkatarzyna.pl\\\/index.php\\\/2026\\\/04\\\/28\\\/dzien-nowych-technologii-w-edukacji-2\\\/#webpage\"},\"articleSection\":\"Uncategorized\"},{\"@type\":\"BreadcrumbList\",\"@id\":\"https:\\\/\\\/www.spkatarzyna.pl\\\/index.php\\\/2026\\\/04\\\/28\\\/dzien-nowych-technologii-w-edukacji-2\\\/#breadcrumblist\",\"itemListElement\":[{\"@type\":\"ListItem\",\"@id\":\"https:\\\/\\\/www.spkatarzyna.pl#listItem\",\"position\":1,\"name\":\"Dom\",\"item\":\"https:\\\/\\\/www.spkatarzyna.pl\",\"nextItem\":{\"@type\":\"ListItem\",\"@id\":\"https:\\\/\\\/www.spkatarzyna.pl\\\/index.php\\\/category\\\/uncategorized\\\/#listItem\",\"name\":\"Uncategorized\"}},{\"@type\":\"ListItem\",\"@id\":\"https:\\\/\\\/www.spkatarzyna.pl\\\/index.php\\\/category\\\/uncategorized\\\/#listItem\",\"position\":2,\"name\":\"Uncategorized\",\"item\":\"https:\\\/\\\/www.spkatarzyna.pl\\\/index.php\\\/category\\\/uncategorized\\\/\",\"nextItem\":{\"@type\":\"ListItem\",\"@id\":\"https:\\\/\\\/www.spkatarzyna.pl\\\/index.php\\\/2026\\\/04\\\/28\\\/dzien-nowych-technologii-w-edukacji-2\\\/#listItem\",\"name\":\"Dzie\\u0144 Nowych Technologii w Edukacji\"},\"previousItem\":{\"@type\":\"ListItem\",\"@id\":\"https:\\\/\\\/www.spkatarzyna.pl#listItem\",\"name\":\"Dom\"}},{\"@type\":\"ListItem\",\"@id\":\"https:\\\/\\\/www.spkatarzyna.pl\\\/index.php\\\/2026\\\/04\\\/28\\\/dzien-nowych-technologii-w-edukacji-2\\\/#listItem\",\"position\":3,\"name\":\"Dzie\\u0144 Nowych Technologii w Edukacji\",\"previousItem\":{\"@type\":\"ListItem\",\"@id\":\"https:\\\/\\\/www.spkatarzyna.pl\\\/index.php\\\/category\\\/uncategorized\\\/#listItem\",\"name\":\"Uncategorized\"}}]},{\"@type\":\"Organization\",\"@id\":\"https:\\\/\\\/www.spkatarzyna.pl\\\/#organization\",\"name\":\"SP Katarzyna\",\"description\":\"Publiczna Szko\\u0142a Podstawowa w \\u015awi\\u0119tej Katarzynie\",\"url\":\"https:\\\/\\\/www.spkatarzyna.pl\\\/\",\"telephone\":\"+48713116378\",\"sameAs\":[\"https:\\\/\\\/facebook.com\\\/\",\"https:\\\/\\\/x.com\\\/\",\"https:\\\/\\\/instagram.com\\\/\",\"https:\\\/\\\/pinterest.com\\\/\",\"https:\\\/\\\/youtube.com\\\/\",\"https:\\\/\\\/linkedin.com\\\/in\\\/\"]},{\"@type\":\"Person\",\"@id\":\"https:\\\/\\\/www.spkatarzyna.pl\\\/index.php\\\/author\\\/agatasafianspkatarzyna-pl\\\/#author\",\"url\":\"https:\\\/\\\/www.spkatarzyna.pl\\\/index.php\\\/author\\\/agatasafianspkatarzyna-pl\\\/\",\"name\":\"Redakcja\",\"image\":{\"@type\":\"ImageObject\",\"@id\":\"https:\\\/\\\/www.spkatarzyna.pl\\\/index.php\\\/2026\\\/04\\\/28\\\/dzien-nowych-technologii-w-edukacji-2\\\/#authorImage\",\"url\":\"https:\\\/\\\/secure.gravatar.com\\\/avatar\\\/765290513df94d442152250e92b42327?s=96&d=mm&r=g\",\"width\":96,\"height\":96,\"caption\":\"Redakcja\"}},{\"@type\":\"WebPage\",\"@id\":\"https:\\\/\\\/www.spkatarzyna.pl\\\/index.php\\\/2026\\\/04\\\/28\\\/dzien-nowych-technologii-w-edukacji-2\\\/#webpage\",\"url\":\"https:\\\/\\\/www.spkatarzyna.pl\\\/index.php\\\/2026\\\/04\\\/28\\\/dzien-nowych-technologii-w-edukacji-2\\\/\",\"name\":\"Dzie\\u0144 Nowych Technologii w Edukacji - SP Katarzyna\",\"description\":\"28 kwietnia nasza szko\\u0142a wzi\\u0119\\u0142a udzia\\u0142 w og\\u00f3lnopolskiej akcji Dzie\\u0144 Nowych Technologii w Edukacji, kt\\u00f3rej celem jest popularyzacja nowoczesnych technologii w szkole.Tego dnia uczniowie mogli przenie\\u015b\\u0107 si\\u0119 w \\u015bwiat wirtualnej rzeczywisto\\u015bci z wykorzystaniem Gogli VR, odkrywaj\\u0105c miejsca niedost\\u0119pne na wyci\\u0105gni\\u0119cie r\\u0119ki. Wielkim zainteresowaniem cieszy\\u0142y si\\u0119 roboty Dash, mBot oraz Photon. Uczniowie mieli okazj\\u0119 zobaczy\\u0107, jak\",\"inLanguage\":\"pl-PL\",\"isPartOf\":{\"@id\":\"https:\\\/\\\/www.spkatarzyna.pl\\\/#website\"},\"breadcrumb\":{\"@id\":\"https:\\\/\\\/www.spkatarzyna.pl\\\/index.php\\\/2026\\\/04\\\/28\\\/dzien-nowych-technologii-w-edukacji-2\\\/#breadcrumblist\"},\"author\":{\"@id\":\"https:\\\/\\\/www.spkatarzyna.pl\\\/index.php\\\/author\\\/agatasafianspkatarzyna-pl\\\/#author\"},\"creator\":{\"@id\":\"https:\\\/\\\/www.spkatarzyna.pl\\\/index.php\\\/author\\\/agatasafianspkatarzyna-pl\\\/#author\"},\"image\":{\"@type\":\"ImageObject\",\"url\":\"https:\\\/\\\/www.spkatarzyna.pl\\\/wp-content\\\/uploads\\\/2026\\\/04\\\/Projekt-bez-nazwy-7-2.jpg\",\"@id\":\"https:\\\/\\\/www.spkatarzyna.pl\\\/index.php\\\/2026\\\/04\\\/28\\\/dzien-nowych-technologii-w-edukacji-2\\\/#mainImage\",\"width\":360,\"height\":202},\"primaryImageOfPage\":{\"@id\":\"https:\\\/\\\/www.spkatarzyna.pl\\\/index.php\\\/2026\\\/04\\\/28\\\/dzien-nowych-technologii-w-edukacji-2\\\/#mainImage\"},\"datePublished\":\"2026-04-28T13:47:33+02:00\",\"dateModified\":\"2026-04-29T15:13:34+02:00\"},{\"@type\":\"WebSite\",\"@id\":\"https:\\\/\\\/www.spkatarzyna.pl\\\/#website\",\"url\":\"https:\\\/\\\/www.spkatarzyna.pl\\\/\",\"name\":\"SP Katarzyna\",\"description\":\"Publiczna Szko\\u0142a Podstawowa w \\u015awi\\u0119tej Katarzynie\",\"inLanguage\":\"pl-PL\",\"publisher\":{\"@id\":\"https:\\\/\\\/www.spkatarzyna.pl\\\/#organization\"}}]}\n\t\t<\/script>\n\t\t<!-- All in One SEO -->\n\n","aioseo_head_json":{"title":"Dzie\u0144 Nowych Technologii w Edukacji - SP Katarzyna","description":"28 kwietnia nasza szko\u0142a wzi\u0119\u0142a udzia\u0142 w og\u00f3lnopolskiej akcji Dzie\u0144 Nowych Technologii w Edukacji, kt\u00f3rej celem jest popularyzacja nowoczesnych technologii w szkole.Tego dnia uczniowie mogli przenie\u015b\u0107 si\u0119 w \u015bwiat wirtualnej rzeczywisto\u015bci z wykorzystaniem Gogli VR, odkrywaj\u0105c miejsca niedost\u0119pne na wyci\u0105gni\u0119cie r\u0119ki. Wielkim zainteresowaniem cieszy\u0142y si\u0119 roboty Dash, mBot oraz Photon. Uczniowie mieli okazj\u0119 zobaczy\u0107, jak","canonical_url":"https:\/\/www.spkatarzyna.pl\/index.php\/2026\/04\/28\/dzien-nowych-technologii-w-edukacji-2\/","robots":"max-image-preview:large","keywords":"","webmasterTools":{"miscellaneous":""},"schema":{"@context":"https:\/\/schema.org","@graph":[{"@type":"BlogPosting","@id":"https:\/\/www.spkatarzyna.pl\/index.php\/2026\/04\/28\/dzien-nowych-technologii-w-edukacji-2\/#blogposting","name":"Dzie\u0144 Nowych Technologii w Edukacji - SP Katarzyna","headline":"Dzie\u0144 Nowych Technologii w Edukacji","author":{"@id":"https:\/\/www.spkatarzyna.pl\/index.php\/author\/agatasafianspkatarzyna-pl\/#author"},"publisher":{"@id":"https:\/\/www.spkatarzyna.pl\/#organization"},"image":{"@type":"ImageObject","url":"https:\/\/www.spkatarzyna.pl\/wp-content\/uploads\/2026\/04\/Projekt-bez-nazwy-7-2.jpg","width":360,"height":202},"datePublished":"2026-04-28T13:47:33+02:00","dateModified":"2026-04-29T15:13:34+02:00","inLanguage":"pl-PL","mainEntityOfPage":{"@id":"https:\/\/www.spkatarzyna.pl\/index.php\/2026\/04\/28\/dzien-nowych-technologii-w-edukacji-2\/#webpage"},"isPartOf":{"@id":"https:\/\/www.spkatarzyna.pl\/index.php\/2026\/04\/28\/dzien-nowych-technologii-w-edukacji-2\/#webpage"},"articleSection":"Uncategorized"},{"@type":"BreadcrumbList","@id":"https:\/\/www.spkatarzyna.pl\/index.php\/2026\/04\/28\/dzien-nowych-technologii-w-edukacji-2\/#breadcrumblist","itemListElement":[{"@type":"ListItem","@id":"https:\/\/www.spkatarzyna.pl#listItem","position":1,"name":"Dom","item":"https:\/\/www.spkatarzyna.pl","nextItem":{"@type":"ListItem","@id":"https:\/\/www.spkatarzyna.pl\/index.php\/category\/uncategorized\/#listItem","name":"Uncategorized"}},{"@type":"ListItem","@id":"https:\/\/www.spkatarzyna.pl\/index.php\/category\/uncategorized\/#listItem","position":2,"name":"Uncategorized","item":"https:\/\/www.spkatarzyna.pl\/index.php\/category\/uncategorized\/","nextItem":{"@type":"ListItem","@id":"https:\/\/www.spkatarzyna.pl\/index.php\/2026\/04\/28\/dzien-nowych-technologii-w-edukacji-2\/#listItem","name":"Dzie\u0144 Nowych Technologii w Edukacji"},"previousItem":{"@type":"ListItem","@id":"https:\/\/www.spkatarzyna.pl#listItem","name":"Dom"}},{"@type":"ListItem","@id":"https:\/\/www.spkatarzyna.pl\/index.php\/2026\/04\/28\/dzien-nowych-technologii-w-edukacji-2\/#listItem","position":3,"name":"Dzie\u0144 Nowych Technologii w Edukacji","previousItem":{"@type":"ListItem","@id":"https:\/\/www.spkatarzyna.pl\/index.php\/category\/uncategorized\/#listItem","name":"Uncategorized"}}]},{"@type":"Organization","@id":"https:\/\/www.spkatarzyna.pl\/#organization","name":"SP Katarzyna","description":"Publiczna Szko\u0142a Podstawowa w \u015awi\u0119tej Katarzynie","url":"https:\/\/www.spkatarzyna.pl\/","telephone":"+48713116378","sameAs":["https:\/\/facebook.com\/","https:\/\/x.com\/","https:\/\/instagram.com\/","https:\/\/pinterest.com\/","https:\/\/youtube.com\/","https:\/\/linkedin.com\/in\/"]},{"@type":"Person","@id":"https:\/\/www.spkatarzyna.pl\/index.php\/author\/agatasafianspkatarzyna-pl\/#author","url":"https:\/\/www.spkatarzyna.pl\/index.php\/author\/agatasafianspkatarzyna-pl\/","name":"Redakcja","image":{"@type":"ImageObject","@id":"https:\/\/www.spkatarzyna.pl\/index.php\/2026\/04\/28\/dzien-nowych-technologii-w-edukacji-2\/#authorImage","url":"https:\/\/secure.gravatar.com\/avatar\/765290513df94d442152250e92b42327?s=96&d=mm&r=g","width":96,"height":96,"caption":"Redakcja"}},{"@type":"WebPage","@id":"https:\/\/www.spkatarzyna.pl\/index.php\/2026\/04\/28\/dzien-nowych-technologii-w-edukacji-2\/#webpage","url":"https:\/\/www.spkatarzyna.pl\/index.php\/2026\/04\/28\/dzien-nowych-technologii-w-edukacji-2\/","name":"Dzie\u0144 Nowych Technologii w Edukacji - SP Katarzyna","description":"28 kwietnia nasza szko\u0142a wzi\u0119\u0142a udzia\u0142 w og\u00f3lnopolskiej akcji Dzie\u0144 Nowych Technologii w Edukacji, kt\u00f3rej celem jest popularyzacja nowoczesnych technologii w szkole.Tego dnia uczniowie mogli przenie\u015b\u0107 si\u0119 w \u015bwiat wirtualnej rzeczywisto\u015bci z wykorzystaniem Gogli VR, odkrywaj\u0105c miejsca niedost\u0119pne na wyci\u0105gni\u0119cie r\u0119ki. Wielkim zainteresowaniem cieszy\u0142y si\u0119 roboty Dash, mBot oraz Photon. Uczniowie mieli okazj\u0119 zobaczy\u0107, jak","inLanguage":"pl-PL","isPartOf":{"@id":"https:\/\/www.spkatarzyna.pl\/#website"},"breadcrumb":{"@id":"https:\/\/www.spkatarzyna.pl\/index.php\/2026\/04\/28\/dzien-nowych-technologii-w-edukacji-2\/#breadcrumblist"},"author":{"@id":"https:\/\/www.spkatarzyna.pl\/index.php\/author\/agatasafianspkatarzyna-pl\/#author"},"creator":{"@id":"https:\/\/www.spkatarzyna.pl\/index.php\/author\/agatasafianspkatarzyna-pl\/#author"},"image":{"@type":"ImageObject","url":"https:\/\/www.spkatarzyna.pl\/wp-content\/uploads\/2026\/04\/Projekt-bez-nazwy-7-2.jpg","@id":"https:\/\/www.spkatarzyna.pl\/index.php\/2026\/04\/28\/dzien-nowych-technologii-w-edukacji-2\/#mainImage","width":360,"height":202},"primaryImageOfPage":{"@id":"https:\/\/www.spkatarzyna.pl\/index.php\/2026\/04\/28\/dzien-nowych-technologii-w-edukacji-2\/#mainImage"},"datePublished":"2026-04-28T13:47:33+02:00","dateModified":"2026-04-29T15:13:34+02:00"},{"@type":"WebSite","@id":"https:\/\/www.spkatarzyna.pl\/#website","url":"https:\/\/www.spkatarzyna.pl\/","name":"SP Katarzyna","description":"Publiczna Szko\u0142a Podstawowa w \u015awi\u0119tej Katarzynie","inLanguage":"pl-PL","publisher":{"@id":"https:\/\/www.spkatarzyna.pl\/#organization"}}]},"og:locale":"pl_PL","og:site_name":"SP Katarzyna - Publiczna Szko\u0142a Podstawowa w \u015awi\u0119tej Katarzynie","og:type":"article","og:title":"Dzie\u0144 Nowych Technologii w Edukacji - SP Katarzyna","og:description":"28 kwietnia nasza szko\u0142a wzi\u0119\u0142a udzia\u0142 w og\u00f3lnopolskiej akcji Dzie\u0144 Nowych Technologii w Edukacji, kt\u00f3rej celem jest popularyzacja nowoczesnych technologii w szkole.Tego dnia uczniowie mogli przenie\u015b\u0107 si\u0119 w \u015bwiat wirtualnej rzeczywisto\u015bci z wykorzystaniem Gogli VR, odkrywaj\u0105c miejsca niedost\u0119pne na wyci\u0105gni\u0119cie r\u0119ki. Wielkim zainteresowaniem cieszy\u0142y si\u0119 roboty Dash, mBot oraz Photon. Uczniowie mieli okazj\u0119 zobaczy\u0107, jak","og:url":"https:\/\/www.spkatarzyna.pl\/index.php\/2026\/04\/28\/dzien-nowych-technologii-w-edukacji-2\/","article:published_time":"2026-04-28T11:47:33+00:00","article:modified_time":"2026-04-29T13:13:34+00:00","twitter:card":"summary_large_image","twitter:title":"Dzie\u0144 Nowych Technologii w Edukacji - SP Katarzyna","twitter:description":"28 kwietnia nasza szko\u0142a wzi\u0119\u0142a udzia\u0142 w og\u00f3lnopolskiej akcji Dzie\u0144 Nowych Technologii w Edukacji, kt\u00f3rej celem jest popularyzacja nowoczesnych technologii w szkole.Tego dnia uczniowie mogli przenie\u015b\u0107 si\u0119 w \u015bwiat wirtualnej rzeczywisto\u015bci z wykorzystaniem Gogli VR, odkrywaj\u0105c miejsca niedost\u0119pne na wyci\u0105gni\u0119cie r\u0119ki. Wielkim zainteresowaniem cieszy\u0142y si\u0119 roboty Dash, mBot oraz Photon. Uczniowie mieli okazj\u0119 zobaczy\u0107, jak"},"aioseo_meta_data":{"post_id":"19464","title":null,"description":null,"keywords":null,"keyphrases":{"focus":{"keyphrase":"","score":0,"analysis":{"keyphraseInTitle":{"score":0,"maxScore":9,"error":1}}},"additional":[]},"primary_term":null,"canonical_url":null,"og_title":null,"og_description":null,"og_object_type":"default","og_image_type":"default","og_image_url":null,"og_image_width":null,"og_image_height":null,"og_image_custom_url":null,"og_image_custom_fields":null,"og_video":"","og_custom_url":null,"og_article_section":null,"og_article_tags":null,"twitter_use_og":false,"twitter_card":"default","twitter_image_type":"default","twitter_image_url":null,"twitter_image_custom_url":null,"twitter_image_custom_fields":null,"twitter_title":null,"twitter_description":null,"schema":{"blockGraphs":[],"customGraphs":[],"default":{"data":{"Article":[],"Course":[],"Dataset":[],"FAQPage":[],"Movie":[],"Person":[],"Product":[],"ProductReview":[],"Car":[],"Recipe":[],"Service":[],"SoftwareApplication":[],"WebPage":[]},"graphName":"BlogPosting","isEnabled":true},"graphs":[]},"schema_type":"default","schema_type_options":null,"pillar_content":false,"robots_default":true,"robots_noindex":false,"robots_noarchive":false,"robots_nosnippet":false,"robots_nofollow":false,"robots_noimageindex":false,"robots_noodp":false,"robots_notranslate":false,"robots_max_snippet":"-1","robots_max_videopreview":"-1","robots_max_imagepreview":"large","priority":null,"frequency":"default","local_seo":null,"limit_modified_date":false,"created":"2026-04-28 11:47:33","updated":"2026-09-03 18:07:35","focus_keyword":null,"additional_keywords":null,"truseo_locale":null,"ai":null,"breadcrumb_settings":null,"seo_analyzer_scan_date":null},"aioseo_breadcrumb":"<div class=\"aioseo-breadcrumbs\"><span class=\"aioseo-breadcrumb\">\n\t\t\t<a href=\"https:\/\/www.spkatarzyna.pl\" title=\"Dom\">Dom<\/a>\n\t\t<\/span><span class=\"aioseo-breadcrumb-separator\">&raquo;<\/span><span class=\"aioseo-breadcrumb\">\n\t\t\t<a href=\"https:\/\/www.spkatarzyna.pl\/index.php\/category\/uncategorized\/\" title=\"Uncategorized\">Uncategorized<\/a>\n\t\t<\/span><span class=\"aioseo-breadcrumb-separator\">&raquo;<\/span><span class=\"aioseo-breadcrumb\">\n\t\t\tDzie\u0144 Nowych Technologii w Edukacji\n\t\t<\/span><\/div>","aioseo_breadcrumb_json":[{"label":"Dom","link":"https:\/\/www.spkatarzyna.pl"},{"label":"Uncategorized","link":"https:\/\/www.spkatarzyna.pl\/index.php\/category\/uncategorized\/"},{"label":"Dzie\u0144 Nowych Technologii w Edukacji","link":"https:\/\/www.spkatarzyna.pl\/index.php\/2026\/04\/28\/dzien-nowych-technologii-w-edukacji-2\/"}],"_links":{"self":[{"href":"https:\/\/www.spkatarzyna.pl\/index.php\/wp-json\/wp\/v2\/posts\/19464","targetHints":{"allow":["GET"]}}],"collection":[{"href":"https:\/\/www.spkatarzyna.pl\/index.php\/wp-json\/wp\/v2\/posts"}],"about":[{"href":"https:\/\/www.spkatarzyna.pl\/index.php\/wp-json\/wp\/v2\/types\/post"}],"author":[{"embeddable":true,"href":"https:\/\/www.spkatarzyna.pl\/index.php\/wp-json\/wp\/v2\/users\/6"}],"replies":[{"embeddable":true,"href":"https:\/\/www.spkatarzyna.pl\/index.php\/wp-json\/wp\/v2\/comments?post=19464"}],"version-history":[{"count":36,"href":"https:\/\/www.spkatarzyna.pl\/index.php\/wp-json\/wp\/v2\/posts\/19464\/revisions"}],"predecessor-version":[{"id":19574,"href":"https:\/\/www.spkatarzyna.pl\/index.php\/wp-json\/wp\/v2\/posts\/19464\/revisions\/19574"}],"wp:featuredmedia":[{"embeddable":true,"href":"https:\/\/www.spkatarzyna.pl\/index.php\/wp-json\/wp\/v2\/media\/19545"}],"wp:attachment":[{"href":"https:\/\/www.spkatarzyna.pl\/index.php\/wp-json\/wp\/v2\/media?parent=19464"}],"wp:term":[{"taxonomy":"category","embeddable":true,"href":"https:\/\/www.spkatarzyna.pl\/index.php\/wp-json\/wp\/v2\/categories?post=19464"},{"taxonomy":"post_tag","embeddable":true,"href":"https:\/\/www.spkatarzyna.pl\/index.php\/wp-json\/wp\/v2\/tags?post=19464"}],"curies":[{"name":"wp","href":"https:\/\/api.w.org\/{rel}","templated":true}]}}