{"id":19550,"date":"2026-04-29T14:59:25","date_gmt":"2026-04-29T12:59:25","guid":{"rendered":"https:\/\/www.spkatarzyna.pl\/?p=19550"},"modified":"2026-04-29T15:01:37","modified_gmt":"2026-04-29T13:01:37","slug":"dzien-strazaka-2","status":"publish","type":"post","link":"https:\/\/www.spkatarzyna.pl\/index.php\/2026\/04\/29\/dzien-strazaka-2\/","title":{"rendered":"Dzie\u0144 Stra\u017caka"},"content":{"rendered":"\t\t<div data-elementor-type=\"wp-post\" data-elementor-id=\"19550\" class=\"elementor elementor-19550\">\n\t\t\t\t<div class=\"elementor-element elementor-element-27429237 e-flex e-con-boxed e-con e-parent\" data-id=\"27429237\" data-element_type=\"container\">\n\t\t\t\t\t<div class=\"e-con-inner\">\n\t\t\t\t<div class=\"elementor-element elementor-element-529bfb8 elementor-widget elementor-widget-text-editor\" data-id=\"529bfb8\" data-element_type=\"widget\" data-widget_type=\"text-editor.default\">\n\t\t\t\t\t\t\t\t\t<p style=\"text-align: justify;\"><span style=\"font-size: 14pt;\">Dnia 29 kwietnia w naszej szkole zawita\u0142 w\u00f3z stra\u017cacki. Dzie\u0144 Stra\u017caka jest 4 maja, a my ju\u017c dzisiaj chcieli\u015bmy im serdecznie podzi\u0119kowa\u0107 za ich ci\u0119\u017ck\u0105 prac\u0119 i pomoc. Stra\u017cacy z ochotniczej stra\u017cy po\u017carnej w \u015aw. Katarzynie opowiedzieli o swojej pracy, zagro\u017ceniach i telefonach alarmowych. Pokazali r\u00f3wnie\u017c w\u00f3z stra\u017cacki i jak leje si\u0119 wod\u0119:)<\/span><\/p>\r\n<p style=\"text-align: right;\"><span style=\"font-size: 14pt;\">Iwona Wierzbicka<\/span><\/p>\t\t\t\t\t\t\t\t<\/div>\n\t\t\t\t<div class=\"elementor-element elementor-element-398e8b3 elementor-widget elementor-widget-image-gallery\" data-id=\"398e8b3\" data-element_type=\"widget\" data-widget_type=\"image-gallery.default\">\n\t\t\t\t\t\t\t<div class=\"elementor-image-gallery\">\n\t\t\t\n\t\t<div id='gallery-1' class='gallery galleryid-19550 gallery-columns-7 gallery-size-thumbnail gallery1'><script type=\"text\/javascript\">\n\/\/ <![CDATA[\n\tjQuery(document).ready(function () {\n\t\tjQuery(\".gallery1 a\").attr(\"rel\",\"gallery1\");\t\n\t\tjQuery('a[rel=\"gallery1\"]').colorbox({title: function(){ return jQuery(this).children().attr(\"alt\"); }});\n\t});\n\/\/ ]]>\n<\/script>\n<dl class=\"gallery-item\">\n<dt class=\"gallery-icon\">\n<a href=\"https:\/\/www.spkatarzyna.pl\/wp-content\/uploads\/2026\/04\/PHOTO-2026-04-29-13-37-54-225x300.jpg\" title=\"\" rel=\"gallery1\" rel=\"lightbox[19550]\"><img decoding=\"async\" src=\"https:\/\/www.spkatarzyna.pl\/wp-content\/uploads\/2026\/04\/PHOTO-2026-04-29-13-37-54-150x150.jpg\" width=\"150\" height=\"150\" alt=\"\" \/><\/a>\n<\/dt><\/dl><dl class=\"gallery-item\">\n<dt class=\"gallery-icon\">\n<a href=\"https:\/\/www.spkatarzyna.pl\/wp-content\/uploads\/2026\/04\/PHOTO-2026-04-29-13-37-58-300x225.jpg\" title=\"\" rel=\"gallery1\" rel=\"lightbox[19550]\"><img decoding=\"async\" src=\"https:\/\/www.spkatarzyna.pl\/wp-content\/uploads\/2026\/04\/PHOTO-2026-04-29-13-37-58-150x150.jpg\" width=\"150\" height=\"150\" alt=\"\" \/><\/a>\n<\/dt><\/dl><dl class=\"gallery-item\">\n<dt class=\"gallery-icon\">\n<a href=\"https:\/\/www.spkatarzyna.pl\/wp-content\/uploads\/2026\/04\/PHOTO-2026-04-29-13-37-59-2-300x300.jpg\" title=\"\" rel=\"gallery1\" rel=\"lightbox[19550]\"><img decoding=\"async\" src=\"https:\/\/www.spkatarzyna.pl\/wp-content\/uploads\/2026\/04\/PHOTO-2026-04-29-13-37-59-2-150x150.jpg\" width=\"150\" height=\"150\" alt=\"\" \/><\/a>\n<\/dt><\/dl><dl class=\"gallery-item\">\n<dt class=\"gallery-icon\">\n<a href=\"https:\/\/www.spkatarzyna.pl\/wp-content\/uploads\/2026\/04\/PHOTO-2026-04-29-13-37-59-225x300.jpg\" title=\"\" rel=\"gallery1\" rel=\"lightbox[19550]\"><img loading=\"lazy\" decoding=\"async\" src=\"https:\/\/www.spkatarzyna.pl\/wp-content\/uploads\/2026\/04\/PHOTO-2026-04-29-13-37-59-150x150.jpg\" width=\"150\" height=\"150\" alt=\"\" \/><\/a>\n<\/dt><\/dl><dl class=\"gallery-item\">\n<dt class=\"gallery-icon\">\n<a href=\"https:\/\/www.spkatarzyna.pl\/wp-content\/uploads\/2026\/04\/PHOTO-2026-04-29-13-38-00-300x300.jpg\" title=\"\" rel=\"gallery1\" rel=\"lightbox[19550]\"><img loading=\"lazy\" decoding=\"async\" src=\"https:\/\/www.spkatarzyna.pl\/wp-content\/uploads\/2026\/04\/PHOTO-2026-04-29-13-38-00-150x150.jpg\" width=\"150\" height=\"150\" alt=\"\" \/><\/a>\n<\/dt><\/dl><dl class=\"gallery-item\">\n<dt class=\"gallery-icon\">\n<a href=\"https:\/\/www.spkatarzyna.pl\/wp-content\/uploads\/2026\/04\/PHOTO-2026-04-29-13-40-57-2-225x300.jpg\" title=\"\" rel=\"gallery1\" rel=\"lightbox[19550]\"><img loading=\"lazy\" decoding=\"async\" src=\"https:\/\/www.spkatarzyna.pl\/wp-content\/uploads\/2026\/04\/PHOTO-2026-04-29-13-40-57-2-150x150.jpg\" width=\"150\" height=\"150\" alt=\"\" \/><\/a>\n<\/dt><\/dl><dl class=\"gallery-item\">\n<dt class=\"gallery-icon\">\n<a href=\"https:\/\/www.spkatarzyna.pl\/wp-content\/uploads\/2026\/04\/PHOTO-2026-04-29-13-40-57-225x300.jpg\" title=\"\" rel=\"gallery1\" rel=\"lightbox[19550]\"><img loading=\"lazy\" decoding=\"async\" src=\"https:\/\/www.spkatarzyna.pl\/wp-content\/uploads\/2026\/04\/PHOTO-2026-04-29-13-40-57-150x150.jpg\" width=\"150\" height=\"150\" alt=\"\" \/><\/a>\n<\/dt><\/dl><br style=\"clear: both\" \/><br style=\"clear: both\" \/><\/div>\t\t<\/div>\n\t\t\t\t\t\t<\/div>\n\t\t\t\t\t<\/div>\n\t\t\t\t<\/div>\n\t\t\t\t<\/div>\n\t\t","protected":false},"excerpt":{"rendered":"<p>Dnia 29 kwietnia w naszej szkole zawita\u0142 w\u00f3z stra\u017cacki. Dzie\u0144 Stra\u017caka jest 4 maja, a my ju\u017c dzisiaj chcieli\u015bmy im serdecznie podzi\u0119kowa\u0107 za ich ci\u0119\u017ck\u0105 prac\u0119 i pomoc. Stra\u017cacy z ochotniczej stra\u017cy po\u017carnej w \u015aw. Katarzynie opowiedzieli o swojej pracy, zagro\u017ceniach i telefonach alarmowych. Pokazali r\u00f3wnie\u017c w\u00f3z stra\u017cacki i jak [&hellip;]<\/p>\n","protected":false},"author":6,"featured_media":19551,"comment_status":"open","ping_status":"open","sticky":false,"template":"","format":"standard","meta":{"om_disable_all_campaigns":false,"_monsterinsights_skip_tracking":false,"ngg_post_thumbnail":0,"footnotes":""},"categories":[1],"tags":[],"class_list":["post-19550","post","type-post","status-publish","format-standard","has-post-thumbnail","hentry","category-uncategorized"],"aioseo_notices":[],"aioseo_head":"\n\t\t<!-- All in One SEO 5.0.1.1 - aioseo.com -->\n\t<meta name=\"description\" content=\"Dnia 29 kwietnia w naszej szkole zawita\u0142 w\u00f3z stra\u017cacki. Dzie\u0144 Stra\u017caka jest 4 maja, a my ju\u017c dzisiaj chcieli\u015bmy im serdecznie podzi\u0119kowa\u0107 za ich ci\u0119\u017ck\u0105 prac\u0119 i pomoc. Stra\u017cacy z ochotniczej stra\u017cy po\u017carnej w \u015aw. Katarzynie opowiedzieli o swojej pracy, zagro\u017ceniach i telefonach alarmowych. Pokazali r\u00f3wnie\u017c w\u00f3z stra\u017cacki i jak leje si\u0119 wod\u0119:) Iwona Wierzbicka\" \/>\n\t<meta name=\"robots\" content=\"max-image-preview:large\" \/>\n\t<meta name=\"author\" content=\"Redakcja\"\/>\n\t<link rel=\"canonical\" href=\"https:\/\/www.spkatarzyna.pl\/index.php\/2026\/04\/29\/dzien-strazaka-2\/\" \/>\n\t<meta name=\"generator\" content=\"All in One SEO (AIOSEO) 5.0.1.1\" \/>\n\t\t<meta property=\"og:locale\" content=\"pl_PL\" \/>\n\t\t<meta property=\"og:site_name\" content=\"SP Katarzyna - Publiczna Szko\u0142a Podstawowa w \u015awi\u0119tej Katarzynie\" \/>\n\t\t<meta property=\"og:type\" content=\"article\" \/>\n\t\t<meta property=\"og:title\" content=\"Dzie\u0144 Stra\u017caka - SP Katarzyna\" \/>\n\t\t<meta property=\"og:description\" content=\"Dnia 29 kwietnia w naszej szkole zawita\u0142 w\u00f3z stra\u017cacki. Dzie\u0144 Stra\u017caka jest 4 maja, a my ju\u017c dzisiaj chcieli\u015bmy im serdecznie podzi\u0119kowa\u0107 za ich ci\u0119\u017ck\u0105 prac\u0119 i pomoc. Stra\u017cacy z ochotniczej stra\u017cy po\u017carnej w \u015aw. Katarzynie opowiedzieli o swojej pracy, zagro\u017ceniach i telefonach alarmowych. Pokazali r\u00f3wnie\u017c w\u00f3z stra\u017cacki i jak leje si\u0119 wod\u0119:) Iwona Wierzbicka\" \/>\n\t\t<meta property=\"og:url\" content=\"https:\/\/www.spkatarzyna.pl\/index.php\/2026\/04\/29\/dzien-strazaka-2\/\" \/>\n\t\t<meta property=\"article:published_time\" content=\"2026-04-29T12:59:25+00:00\" \/>\n\t\t<meta property=\"article:modified_time\" content=\"2026-04-29T13:01:37+00:00\" \/>\n\t\t<meta name=\"twitter:card\" content=\"summary_large_image\" \/>\n\t\t<meta name=\"twitter:title\" content=\"Dzie\u0144 Stra\u017caka - SP Katarzyna\" \/>\n\t\t<meta name=\"twitter:description\" content=\"Dnia 29 kwietnia w naszej szkole zawita\u0142 w\u00f3z stra\u017cacki. Dzie\u0144 Stra\u017caka jest 4 maja, a my ju\u017c dzisiaj chcieli\u015bmy im serdecznie podzi\u0119kowa\u0107 za ich ci\u0119\u017ck\u0105 prac\u0119 i pomoc. Stra\u017cacy z ochotniczej stra\u017cy po\u017carnej w \u015aw. Katarzynie opowiedzieli o swojej pracy, zagro\u017ceniach i telefonach alarmowych. Pokazali r\u00f3wnie\u017c w\u00f3z stra\u017cacki i jak leje si\u0119 wod\u0119:) Iwona Wierzbicka\" \/>\n\t\t<script type=\"application\/ld+json\" class=\"aioseo-schema\">\n\t\t\t{\"@context\":\"https:\\\/\\\/schema.org\",\"@graph\":[{\"@type\":\"BlogPosting\",\"@id\":\"https:\\\/\\\/www.spkatarzyna.pl\\\/index.php\\\/2026\\\/04\\\/29\\\/dzien-strazaka-2\\\/#blogposting\",\"name\":\"Dzie\\u0144 Stra\\u017caka - SP Katarzyna\",\"headline\":\"Dzie\\u0144 Stra\\u017caka\",\"author\":{\"@id\":\"https:\\\/\\\/www.spkatarzyna.pl\\\/index.php\\\/author\\\/agatasafianspkatarzyna-pl\\\/#author\"},\"publisher\":{\"@id\":\"https:\\\/\\\/www.spkatarzyna.pl\\\/#organization\"},\"image\":{\"@type\":\"ImageObject\",\"url\":\"https:\\\/\\\/www.spkatarzyna.pl\\\/wp-content\\\/uploads\\\/2026\\\/04\\\/PHOTO-2026-04-29-13-37-59-2-2.jpg\",\"width\":360,\"height\":202},\"datePublished\":\"2026-04-29T14:59:25+02:00\",\"dateModified\":\"2026-04-29T15:01:37+02:00\",\"inLanguage\":\"pl-PL\",\"mainEntityOfPage\":{\"@id\":\"https:\\\/\\\/www.spkatarzyna.pl\\\/index.php\\\/2026\\\/04\\\/29\\\/dzien-strazaka-2\\\/#webpage\"},\"isPartOf\":{\"@id\":\"https:\\\/\\\/www.spkatarzyna.pl\\\/index.php\\\/2026\\\/04\\\/29\\\/dzien-strazaka-2\\\/#webpage\"},\"articleSection\":\"Uncategorized\"},{\"@type\":\"BreadcrumbList\",\"@id\":\"https:\\\/\\\/www.spkatarzyna.pl\\\/index.php\\\/2026\\\/04\\\/29\\\/dzien-strazaka-2\\\/#breadcrumblist\",\"itemListElement\":[{\"@type\":\"ListItem\",\"@id\":\"https:\\\/\\\/www.spkatarzyna.pl#listItem\",\"position\":1,\"name\":\"Dom\",\"item\":\"https:\\\/\\\/www.spkatarzyna.pl\",\"nextItem\":{\"@type\":\"ListItem\",\"@id\":\"https:\\\/\\\/www.spkatarzyna.pl\\\/index.php\\\/category\\\/uncategorized\\\/#listItem\",\"name\":\"Uncategorized\"}},{\"@type\":\"ListItem\",\"@id\":\"https:\\\/\\\/www.spkatarzyna.pl\\\/index.php\\\/category\\\/uncategorized\\\/#listItem\",\"position\":2,\"name\":\"Uncategorized\",\"item\":\"https:\\\/\\\/www.spkatarzyna.pl\\\/index.php\\\/category\\\/uncategorized\\\/\",\"nextItem\":{\"@type\":\"ListItem\",\"@id\":\"https:\\\/\\\/www.spkatarzyna.pl\\\/index.php\\\/2026\\\/04\\\/29\\\/dzien-strazaka-2\\\/#listItem\",\"name\":\"Dzie\\u0144 Stra\\u017caka\"},\"previousItem\":{\"@type\":\"ListItem\",\"@id\":\"https:\\\/\\\/www.spkatarzyna.pl#listItem\",\"name\":\"Dom\"}},{\"@type\":\"ListItem\",\"@id\":\"https:\\\/\\\/www.spkatarzyna.pl\\\/index.php\\\/2026\\\/04\\\/29\\\/dzien-strazaka-2\\\/#listItem\",\"position\":3,\"name\":\"Dzie\\u0144 Stra\\u017caka\",\"previousItem\":{\"@type\":\"ListItem\",\"@id\":\"https:\\\/\\\/www.spkatarzyna.pl\\\/index.php\\\/category\\\/uncategorized\\\/#listItem\",\"name\":\"Uncategorized\"}}]},{\"@type\":\"Organization\",\"@id\":\"https:\\\/\\\/www.spkatarzyna.pl\\\/#organization\",\"name\":\"SP Katarzyna\",\"description\":\"Publiczna Szko\\u0142a Podstawowa w \\u015awi\\u0119tej Katarzynie\",\"url\":\"https:\\\/\\\/www.spkatarzyna.pl\\\/\",\"telephone\":\"+48713116378\",\"sameAs\":[\"https:\\\/\\\/facebook.com\\\/\",\"https:\\\/\\\/x.com\\\/\",\"https:\\\/\\\/instagram.com\\\/\",\"https:\\\/\\\/pinterest.com\\\/\",\"https:\\\/\\\/youtube.com\\\/\",\"https:\\\/\\\/linkedin.com\\\/in\\\/\"]},{\"@type\":\"Person\",\"@id\":\"https:\\\/\\\/www.spkatarzyna.pl\\\/index.php\\\/author\\\/agatasafianspkatarzyna-pl\\\/#author\",\"url\":\"https:\\\/\\\/www.spkatarzyna.pl\\\/index.php\\\/author\\\/agatasafianspkatarzyna-pl\\\/\",\"name\":\"Redakcja\",\"image\":{\"@type\":\"ImageObject\",\"@id\":\"https:\\\/\\\/www.spkatarzyna.pl\\\/index.php\\\/2026\\\/04\\\/29\\\/dzien-strazaka-2\\\/#authorImage\",\"url\":\"https:\\\/\\\/secure.gravatar.com\\\/avatar\\\/765290513df94d442152250e92b42327?s=96&d=mm&r=g\",\"width\":96,\"height\":96,\"caption\":\"Redakcja\"}},{\"@type\":\"WebPage\",\"@id\":\"https:\\\/\\\/www.spkatarzyna.pl\\\/index.php\\\/2026\\\/04\\\/29\\\/dzien-strazaka-2\\\/#webpage\",\"url\":\"https:\\\/\\\/www.spkatarzyna.pl\\\/index.php\\\/2026\\\/04\\\/29\\\/dzien-strazaka-2\\\/\",\"name\":\"Dzie\\u0144 Stra\\u017caka - SP Katarzyna\",\"description\":\"Dnia 29 kwietnia w naszej szkole zawita\\u0142 w\\u00f3z stra\\u017cacki. Dzie\\u0144 Stra\\u017caka jest 4 maja, a my ju\\u017c dzisiaj chcieli\\u015bmy im serdecznie podzi\\u0119kowa\\u0107 za ich ci\\u0119\\u017ck\\u0105 prac\\u0119 i pomoc. Stra\\u017cacy z ochotniczej stra\\u017cy po\\u017carnej w \\u015aw. Katarzynie opowiedzieli o swojej pracy, zagro\\u017ceniach i telefonach alarmowych. Pokazali r\\u00f3wnie\\u017c w\\u00f3z stra\\u017cacki i jak leje si\\u0119 wod\\u0119:) Iwona Wierzbicka\",\"inLanguage\":\"pl-PL\",\"isPartOf\":{\"@id\":\"https:\\\/\\\/www.spkatarzyna.pl\\\/#website\"},\"breadcrumb\":{\"@id\":\"https:\\\/\\\/www.spkatarzyna.pl\\\/index.php\\\/2026\\\/04\\\/29\\\/dzien-strazaka-2\\\/#breadcrumblist\"},\"author\":{\"@id\":\"https:\\\/\\\/www.spkatarzyna.pl\\\/index.php\\\/author\\\/agatasafianspkatarzyna-pl\\\/#author\"},\"creator\":{\"@id\":\"https:\\\/\\\/www.spkatarzyna.pl\\\/index.php\\\/author\\\/agatasafianspkatarzyna-pl\\\/#author\"},\"image\":{\"@type\":\"ImageObject\",\"url\":\"https:\\\/\\\/www.spkatarzyna.pl\\\/wp-content\\\/uploads\\\/2026\\\/04\\\/PHOTO-2026-04-29-13-37-59-2-2.jpg\",\"@id\":\"https:\\\/\\\/www.spkatarzyna.pl\\\/index.php\\\/2026\\\/04\\\/29\\\/dzien-strazaka-2\\\/#mainImage\",\"width\":360,\"height\":202},\"primaryImageOfPage\":{\"@id\":\"https:\\\/\\\/www.spkatarzyna.pl\\\/index.php\\\/2026\\\/04\\\/29\\\/dzien-strazaka-2\\\/#mainImage\"},\"datePublished\":\"2026-04-29T14:59:25+02:00\",\"dateModified\":\"2026-04-29T15:01:37+02:00\"},{\"@type\":\"WebSite\",\"@id\":\"https:\\\/\\\/www.spkatarzyna.pl\\\/#website\",\"url\":\"https:\\\/\\\/www.spkatarzyna.pl\\\/\",\"name\":\"SP Katarzyna\",\"description\":\"Publiczna Szko\\u0142a Podstawowa w \\u015awi\\u0119tej Katarzynie\",\"inLanguage\":\"pl-PL\",\"publisher\":{\"@id\":\"https:\\\/\\\/www.spkatarzyna.pl\\\/#organization\"}}]}\n\t\t<\/script>\n\t\t<!-- All in One SEO -->\n\n","aioseo_head_json":{"title":"Dzie\u0144 Stra\u017caka - SP Katarzyna","description":"Dnia 29 kwietnia w naszej szkole zawita\u0142 w\u00f3z stra\u017cacki. Dzie\u0144 Stra\u017caka jest 4 maja, a my ju\u017c dzisiaj chcieli\u015bmy im serdecznie podzi\u0119kowa\u0107 za ich ci\u0119\u017ck\u0105 prac\u0119 i pomoc. Stra\u017cacy z ochotniczej stra\u017cy po\u017carnej w \u015aw. Katarzynie opowiedzieli o swojej pracy, zagro\u017ceniach i telefonach alarmowych. Pokazali r\u00f3wnie\u017c w\u00f3z stra\u017cacki i jak leje si\u0119 wod\u0119:) Iwona Wierzbicka","canonical_url":"https:\/\/www.spkatarzyna.pl\/index.php\/2026\/04\/29\/dzien-strazaka-2\/","robots":"max-image-preview:large","keywords":"","webmasterTools":{"miscellaneous":""},"schema":{"@context":"https:\/\/schema.org","@graph":[{"@type":"BlogPosting","@id":"https:\/\/www.spkatarzyna.pl\/index.php\/2026\/04\/29\/dzien-strazaka-2\/#blogposting","name":"Dzie\u0144 Stra\u017caka - SP Katarzyna","headline":"Dzie\u0144 Stra\u017caka","author":{"@id":"https:\/\/www.spkatarzyna.pl\/index.php\/author\/agatasafianspkatarzyna-pl\/#author"},"publisher":{"@id":"https:\/\/www.spkatarzyna.pl\/#organization"},"image":{"@type":"ImageObject","url":"https:\/\/www.spkatarzyna.pl\/wp-content\/uploads\/2026\/04\/PHOTO-2026-04-29-13-37-59-2-2.jpg","width":360,"height":202},"datePublished":"2026-04-29T14:59:25+02:00","dateModified":"2026-04-29T15:01:37+02:00","inLanguage":"pl-PL","mainEntityOfPage":{"@id":"https:\/\/www.spkatarzyna.pl\/index.php\/2026\/04\/29\/dzien-strazaka-2\/#webpage"},"isPartOf":{"@id":"https:\/\/www.spkatarzyna.pl\/index.php\/2026\/04\/29\/dzien-strazaka-2\/#webpage"},"articleSection":"Uncategorized"},{"@type":"BreadcrumbList","@id":"https:\/\/www.spkatarzyna.pl\/index.php\/2026\/04\/29\/dzien-strazaka-2\/#breadcrumblist","itemListElement":[{"@type":"ListItem","@id":"https:\/\/www.spkatarzyna.pl#listItem","position":1,"name":"Dom","item":"https:\/\/www.spkatarzyna.pl","nextItem":{"@type":"ListItem","@id":"https:\/\/www.spkatarzyna.pl\/index.php\/category\/uncategorized\/#listItem","name":"Uncategorized"}},{"@type":"ListItem","@id":"https:\/\/www.spkatarzyna.pl\/index.php\/category\/uncategorized\/#listItem","position":2,"name":"Uncategorized","item":"https:\/\/www.spkatarzyna.pl\/index.php\/category\/uncategorized\/","nextItem":{"@type":"ListItem","@id":"https:\/\/www.spkatarzyna.pl\/index.php\/2026\/04\/29\/dzien-strazaka-2\/#listItem","name":"Dzie\u0144 Stra\u017caka"},"previousItem":{"@type":"ListItem","@id":"https:\/\/www.spkatarzyna.pl#listItem","name":"Dom"}},{"@type":"ListItem","@id":"https:\/\/www.spkatarzyna.pl\/index.php\/2026\/04\/29\/dzien-strazaka-2\/#listItem","position":3,"name":"Dzie\u0144 Stra\u017caka","previousItem":{"@type":"ListItem","@id":"https:\/\/www.spkatarzyna.pl\/index.php\/category\/uncategorized\/#listItem","name":"Uncategorized"}}]},{"@type":"Organization","@id":"https:\/\/www.spkatarzyna.pl\/#organization","name":"SP Katarzyna","description":"Publiczna Szko\u0142a Podstawowa w \u015awi\u0119tej Katarzynie","url":"https:\/\/www.spkatarzyna.pl\/","telephone":"+48713116378","sameAs":["https:\/\/facebook.com\/","https:\/\/x.com\/","https:\/\/instagram.com\/","https:\/\/pinterest.com\/","https:\/\/youtube.com\/","https:\/\/linkedin.com\/in\/"]},{"@type":"Person","@id":"https:\/\/www.spkatarzyna.pl\/index.php\/author\/agatasafianspkatarzyna-pl\/#author","url":"https:\/\/www.spkatarzyna.pl\/index.php\/author\/agatasafianspkatarzyna-pl\/","name":"Redakcja","image":{"@type":"ImageObject","@id":"https:\/\/www.spkatarzyna.pl\/index.php\/2026\/04\/29\/dzien-strazaka-2\/#authorImage","url":"https:\/\/secure.gravatar.com\/avatar\/765290513df94d442152250e92b42327?s=96&d=mm&r=g","width":96,"height":96,"caption":"Redakcja"}},{"@type":"WebPage","@id":"https:\/\/www.spkatarzyna.pl\/index.php\/2026\/04\/29\/dzien-strazaka-2\/#webpage","url":"https:\/\/www.spkatarzyna.pl\/index.php\/2026\/04\/29\/dzien-strazaka-2\/","name":"Dzie\u0144 Stra\u017caka - SP Katarzyna","description":"Dnia 29 kwietnia w naszej szkole zawita\u0142 w\u00f3z stra\u017cacki. Dzie\u0144 Stra\u017caka jest 4 maja, a my ju\u017c dzisiaj chcieli\u015bmy im serdecznie podzi\u0119kowa\u0107 za ich ci\u0119\u017ck\u0105 prac\u0119 i pomoc. Stra\u017cacy z ochotniczej stra\u017cy po\u017carnej w \u015aw. Katarzynie opowiedzieli o swojej pracy, zagro\u017ceniach i telefonach alarmowych. Pokazali r\u00f3wnie\u017c w\u00f3z stra\u017cacki i jak leje si\u0119 wod\u0119:) Iwona Wierzbicka","inLanguage":"pl-PL","isPartOf":{"@id":"https:\/\/www.spkatarzyna.pl\/#website"},"breadcrumb":{"@id":"https:\/\/www.spkatarzyna.pl\/index.php\/2026\/04\/29\/dzien-strazaka-2\/#breadcrumblist"},"author":{"@id":"https:\/\/www.spkatarzyna.pl\/index.php\/author\/agatasafianspkatarzyna-pl\/#author"},"creator":{"@id":"https:\/\/www.spkatarzyna.pl\/index.php\/author\/agatasafianspkatarzyna-pl\/#author"},"image":{"@type":"ImageObject","url":"https:\/\/www.spkatarzyna.pl\/wp-content\/uploads\/2026\/04\/PHOTO-2026-04-29-13-37-59-2-2.jpg","@id":"https:\/\/www.spkatarzyna.pl\/index.php\/2026\/04\/29\/dzien-strazaka-2\/#mainImage","width":360,"height":202},"primaryImageOfPage":{"@id":"https:\/\/www.spkatarzyna.pl\/index.php\/2026\/04\/29\/dzien-strazaka-2\/#mainImage"},"datePublished":"2026-04-29T14:59:25+02:00","dateModified":"2026-04-29T15:01:37+02:00"},{"@type":"WebSite","@id":"https:\/\/www.spkatarzyna.pl\/#website","url":"https:\/\/www.spkatarzyna.pl\/","name":"SP Katarzyna","description":"Publiczna Szko\u0142a Podstawowa w \u015awi\u0119tej Katarzynie","inLanguage":"pl-PL","publisher":{"@id":"https:\/\/www.spkatarzyna.pl\/#organization"}}]},"og:locale":"pl_PL","og:site_name":"SP Katarzyna - Publiczna Szko\u0142a Podstawowa w \u015awi\u0119tej Katarzynie","og:type":"article","og:title":"Dzie\u0144 Stra\u017caka - SP Katarzyna","og:description":"Dnia 29 kwietnia w naszej szkole zawita\u0142 w\u00f3z stra\u017cacki. Dzie\u0144 Stra\u017caka jest 4 maja, a my ju\u017c dzisiaj chcieli\u015bmy im serdecznie podzi\u0119kowa\u0107 za ich ci\u0119\u017ck\u0105 prac\u0119 i pomoc. Stra\u017cacy z ochotniczej stra\u017cy po\u017carnej w \u015aw. Katarzynie opowiedzieli o swojej pracy, zagro\u017ceniach i telefonach alarmowych. Pokazali r\u00f3wnie\u017c w\u00f3z stra\u017cacki i jak leje si\u0119 wod\u0119:) Iwona Wierzbicka","og:url":"https:\/\/www.spkatarzyna.pl\/index.php\/2026\/04\/29\/dzien-strazaka-2\/","article:published_time":"2026-04-29T12:59:25+00:00","article:modified_time":"2026-04-29T13:01:37+00:00","twitter:card":"summary_large_image","twitter:title":"Dzie\u0144 Stra\u017caka - SP Katarzyna","twitter:description":"Dnia 29 kwietnia w naszej szkole zawita\u0142 w\u00f3z stra\u017cacki. Dzie\u0144 Stra\u017caka jest 4 maja, a my ju\u017c dzisiaj chcieli\u015bmy im serdecznie podzi\u0119kowa\u0107 za ich ci\u0119\u017ck\u0105 prac\u0119 i pomoc. Stra\u017cacy z ochotniczej stra\u017cy po\u017carnej w \u015aw. Katarzynie opowiedzieli o swojej pracy, zagro\u017ceniach i telefonach alarmowych. Pokazali r\u00f3wnie\u017c w\u00f3z stra\u017cacki i jak leje si\u0119 wod\u0119:) Iwona Wierzbicka"},"aioseo_meta_data":{"post_id":"19550","title":null,"description":null,"keywords":null,"keyphrases":{"focus":{"keyphrase":"","score":0,"analysis":{"keyphraseInTitle":{"score":0,"maxScore":9,"error":1}}},"additional":[]},"primary_term":null,"canonical_url":null,"og_title":null,"og_description":null,"og_object_type":"default","og_image_type":"default","og_image_url":null,"og_image_width":null,"og_image_height":null,"og_image_custom_url":null,"og_image_custom_fields":null,"og_video":"","og_custom_url":null,"og_article_section":null,"og_article_tags":null,"twitter_use_og":false,"twitter_card":"default","twitter_image_type":"default","twitter_image_url":null,"twitter_image_custom_url":null,"twitter_image_custom_fields":null,"twitter_title":null,"twitter_description":null,"schema":{"blockGraphs":[],"customGraphs":[],"default":{"data":{"Article":[],"Course":[],"Dataset":[],"FAQPage":[],"Movie":[],"Person":[],"Product":[],"ProductReview":[],"Car":[],"Recipe":[],"Service":[],"SoftwareApplication":[],"WebPage":[]},"graphName":"BlogPosting","isEnabled":true},"graphs":[]},"schema_type":"default","schema_type_options":null,"pillar_content":false,"robots_default":true,"robots_noindex":false,"robots_noarchive":false,"robots_nosnippet":false,"robots_nofollow":false,"robots_noimageindex":false,"robots_noodp":false,"robots_notranslate":false,"robots_max_snippet":"-1","robots_max_videopreview":"-1","robots_max_imagepreview":"large","priority":null,"frequency":"default","local_seo":null,"limit_modified_date":false,"created":"2026-04-29 12:59:25","updated":"2026-09-03 18:07:35","focus_keyword":null,"additional_keywords":null,"truseo_locale":null,"ai":null,"breadcrumb_settings":null,"seo_analyzer_scan_date":null},"aioseo_breadcrumb":"<div class=\"aioseo-breadcrumbs\"><span class=\"aioseo-breadcrumb\">\n\t\t\t<a href=\"https:\/\/www.spkatarzyna.pl\" title=\"Dom\">Dom<\/a>\n\t\t<\/span><span class=\"aioseo-breadcrumb-separator\">&raquo;<\/span><span class=\"aioseo-breadcrumb\">\n\t\t\t<a href=\"https:\/\/www.spkatarzyna.pl\/index.php\/category\/uncategorized\/\" title=\"Uncategorized\">Uncategorized<\/a>\n\t\t<\/span><span class=\"aioseo-breadcrumb-separator\">&raquo;<\/span><span class=\"aioseo-breadcrumb\">\n\t\t\tDzie\u0144 Stra\u017caka\n\t\t<\/span><\/div>","aioseo_breadcrumb_json":[{"label":"Dom","link":"https:\/\/www.spkatarzyna.pl"},{"label":"Uncategorized","link":"https:\/\/www.spkatarzyna.pl\/index.php\/category\/uncategorized\/"},{"label":"Dzie\u0144 Stra\u017caka","link":"https:\/\/www.spkatarzyna.pl\/index.php\/2026\/04\/29\/dzien-strazaka-2\/"}],"_links":{"self":[{"href":"https:\/\/www.spkatarzyna.pl\/index.php\/wp-json\/wp\/v2\/posts\/19550","targetHints":{"allow":["GET"]}}],"collection":[{"href":"https:\/\/www.spkatarzyna.pl\/index.php\/wp-json\/wp\/v2\/posts"}],"about":[{"href":"https:\/\/www.spkatarzyna.pl\/index.php\/wp-json\/wp\/v2\/types\/post"}],"author":[{"embeddable":true,"href":"https:\/\/www.spkatarzyna.pl\/index.php\/wp-json\/wp\/v2\/users\/6"}],"replies":[{"embeddable":true,"href":"https:\/\/www.spkatarzyna.pl\/index.php\/wp-json\/wp\/v2\/comments?post=19550"}],"version-history":[{"count":4,"href":"https:\/\/www.spkatarzyna.pl\/index.php\/wp-json\/wp\/v2\/posts\/19550\/revisions"}],"predecessor-version":[{"id":19563,"href":"https:\/\/www.spkatarzyna.pl\/index.php\/wp-json\/wp\/v2\/posts\/19550\/revisions\/19563"}],"wp:featuredmedia":[{"embeddable":true,"href":"https:\/\/www.spkatarzyna.pl\/index.php\/wp-json\/wp\/v2\/media\/19551"}],"wp:attachment":[{"href":"https:\/\/www.spkatarzyna.pl\/index.php\/wp-json\/wp\/v2\/media?parent=19550"}],"wp:term":[{"taxonomy":"category","embeddable":true,"href":"https:\/\/www.spkatarzyna.pl\/index.php\/wp-json\/wp\/v2\/categories?post=19550"},{"taxonomy":"post_tag","embeddable":true,"href":"https:\/\/www.spkatarzyna.pl\/index.php\/wp-json\/wp\/v2\/tags?post=19550"}],"curies":[{"name":"wp","href":"https:\/\/api.w.org\/{rel}","templated":true}]}}