{"id":19575,"date":"2026-05-04T11:16:26","date_gmt":"2026-05-04T09:16:26","guid":{"rendered":"https:\/\/www.spkatarzyna.pl\/?p=19575"},"modified":"2026-05-04T11:20:46","modified_gmt":"2026-05-04T09:20:46","slug":"uroczystosc-w-siechnicach","status":"publish","type":"post","link":"https:\/\/www.spkatarzyna.pl\/index.php\/2026\/05\/04\/uroczystosc-w-siechnicach\/","title":{"rendered":"Uroczysto\u015b\u0107 w Siechnicach"},"content":{"rendered":"\t\t<div data-elementor-type=\"wp-post\" data-elementor-id=\"19575\" class=\"elementor elementor-19575\">\n\t\t\t\t<div class=\"elementor-element elementor-element-7ddb769a e-flex e-con-boxed e-con e-parent\" data-id=\"7ddb769a\" data-element_type=\"container\">\n\t\t\t\t\t<div class=\"e-con-inner\">\n\t\t\t\t<div class=\"elementor-element elementor-element-498c373e elementor-widget elementor-widget-text-editor\" data-id=\"498c373e\" data-element_type=\"widget\" data-widget_type=\"text-editor.default\">\n\t\t\t\t\t\t\t\t\t<div dir=\"auto\" style=\"text-align: justify;\"><span style=\"font-size: 14pt;\">Niech si\u0119 \u015bwi\u0119ci trzeci maja!<\/span><\/div>\r\n<p style=\"text-align: justify;\"><span style=\"font-size: 14pt;\">W minion\u0105 niedziel\u0119 poczet sztandarowy naszej szko\u0142y dumnie reprezentowa\u0142 nasz\u0105 spo\u0142eczno\u015b\u0107 podczas gminnych obchod\u00f3w \u015awi\u0119ta Konstytucji 3 Maja w Siechnicach. Uroczysto\u015bci rozpocz\u0119\u0142y si\u0119 od udzia\u0142u w mszy \u015bwi\u0119tej w intencji Ojczyzny, odprawionej w ko\u015bciele parafialnym.<\/span>\r\n<span style=\"font-size: 14pt;\">\u200bPrzebieg uroczysto\u015bci<\/span>\r\n<span style=\"font-size: 14pt;\">\u200bPo nabo\u017ce\u0144stwie poczty sztandarowe, delegacje oraz mieszka\u0144cy utworzyli uroczysty orszak. Przemarsz z ko\u015bcio\u0142a na plac przed Ratuszem by\u0142 centralnym punktem obchod\u00f3w, przyci\u0105gaj\u0105cym uwag\u0119 przechodni\u00f3w i podkre\u015blaj\u0105cym wsp\u00f3lnotowy charakter \u015bwi\u0119ta.<\/span>\r\n<span style=\"font-size: 14pt;\">\u200bNasi uczniowie, w pe\u0142nym umundurowaniu galowym, z godno\u015bci\u0105 pe\u0142nili swoj\u0105 wart\u0119, dbaj\u0105c o nienagann\u0105 postaw\u0119 podczas ca\u0142ej trasy.&nbsp;<span style=\"color: #888888;\">\r\n\r\n<\/span><\/span><\/p>\r\n\r\n<div data-smartmail=\"gmail_signature\">\r\n<div dir=\"ltr\" style=\"text-align: right;\"><span style=\"font-size: 14pt;\">Tomasz Wilczak<\/span><\/div>\r\n<\/div>\t\t\t\t\t\t\t\t<\/div>\n\t\t\t\t<div class=\"elementor-element elementor-element-9869bd6 elementor-widget elementor-widget-image-gallery\" data-id=\"9869bd6\" data-element_type=\"widget\" data-widget_type=\"image-gallery.default\">\n\t\t\t\t\t\t\t<div class=\"elementor-image-gallery\">\n\t\t\t\n\t\t<div id='gallery-1' class='gallery galleryid-19575 gallery-columns-3 gallery-size-thumbnail gallery1'><script type=\"text\/javascript\">\n\/\/ <![CDATA[\n\tjQuery(document).ready(function () {\n\t\tjQuery(\".gallery1 a\").attr(\"rel\",\"gallery1\");\t\n\t\tjQuery('a[rel=\"gallery1\"]').colorbox({title: function(){ return jQuery(this).children().attr(\"alt\"); }});\n\t});\n\/\/ ]]>\n<\/script>\n<dl class=\"gallery-item\">\n<dt class=\"gallery-icon\">\n<a href=\"https:\/\/www.spkatarzyna.pl\/wp-content\/uploads\/2026\/05\/5000-226x300.jpg\" title=\"\" rel=\"gallery1\" rel=\"lightbox[19575]\"><img decoding=\"async\" src=\"https:\/\/www.spkatarzyna.pl\/wp-content\/uploads\/2026\/05\/5000-150x150.jpg\" width=\"150\" height=\"150\" alt=\"\" \/><\/a>\n<\/dt><\/dl><dl class=\"gallery-item\">\n<dt class=\"gallery-icon\">\n<a href=\"https:\/\/www.spkatarzyna.pl\/wp-content\/uploads\/2026\/05\/5001-226x300.jpg\" title=\"\" rel=\"gallery1\" rel=\"lightbox[19575]\"><img decoding=\"async\" src=\"https:\/\/www.spkatarzyna.pl\/wp-content\/uploads\/2026\/05\/5001-150x150.jpg\" width=\"150\" height=\"150\" alt=\"\" \/><\/a>\n<\/dt><\/dl><dl class=\"gallery-item\">\n<dt class=\"gallery-icon\">\n<a href=\"https:\/\/www.spkatarzyna.pl\/wp-content\/uploads\/2026\/05\/5002-226x300.jpg\" title=\"\" rel=\"gallery1\" rel=\"lightbox[19575]\"><img decoding=\"async\" src=\"https:\/\/www.spkatarzyna.pl\/wp-content\/uploads\/2026\/05\/5002-150x150.jpg\" width=\"150\" height=\"150\" alt=\"\" \/><\/a>\n<\/dt><\/dl><br style=\"clear: both\" \/><br style=\"clear: both\" \/><\/div>\t\t<\/div>\n\t\t\t\t\t\t<\/div>\n\t\t\t\t\t<\/div>\n\t\t\t\t<\/div>\n\t\t\t\t<\/div>\n\t\t","protected":false},"excerpt":{"rendered":"<p>Niech si\u0119 \u015bwi\u0119ci trzeci maja! W minion\u0105 niedziel\u0119 poczet sztandarowy naszej szko\u0142y dumnie reprezentowa\u0142 nasz\u0105 spo\u0142eczno\u015b\u0107 podczas gminnych obchod\u00f3w \u015awi\u0119ta Konstytucji 3 Maja w Siechnicach. Uroczysto\u015bci rozpocz\u0119\u0142y si\u0119 od udzia\u0142u w mszy \u015bwi\u0119tej w intencji Ojczyzny, odprawionej w ko\u015bciele parafialnym. \u200bPrzebieg uroczysto\u015bci \u200bPo nabo\u017ce\u0144stwie poczty sztandarowe, delegacje oraz mieszka\u0144cy utworzyli [&hellip;]<\/p>\n","protected":false},"author":6,"featured_media":19576,"comment_status":"open","ping_status":"open","sticky":false,"template":"","format":"standard","meta":{"om_disable_all_campaigns":false,"_monsterinsights_skip_tracking":false,"ngg_post_thumbnail":0,"footnotes":""},"categories":[1],"tags":[],"class_list":["post-19575","post","type-post","status-publish","format-standard","has-post-thumbnail","hentry","category-uncategorized"],"aioseo_notices":[],"aioseo_head":"\n\t\t<!-- All in One SEO 5.0.1.1 - aioseo.com -->\n\t<meta name=\"description\" content=\"Niech si\u0119 \u015bwi\u0119ci trzeci maja! W minion\u0105 niedziel\u0119 poczet sztandarowy naszej szko\u0142y dumnie reprezentowa\u0142 nasz\u0105 spo\u0142eczno\u015b\u0107 podczas gminnych obchod\u00f3w \u015awi\u0119ta Konstytucji 3 Maja w Siechnicach. Uroczysto\u015bci rozpocz\u0119\u0142y si\u0119 od udzia\u0142u w mszy \u015bwi\u0119tej w intencji Ojczyzny, odprawionej w ko\u015bciele parafialnym. \u200bPrzebieg uroczysto\u015bci \u200bPo nabo\u017ce\u0144stwie poczty sztandarowe, delegacje oraz mieszka\u0144cy utworzyli uroczysty orszak. Przemarsz z ko\u015bcio\u0142a\" \/>\n\t<meta name=\"robots\" content=\"max-image-preview:large\" \/>\n\t<meta name=\"author\" content=\"Redakcja\"\/>\n\t<link rel=\"canonical\" href=\"https:\/\/www.spkatarzyna.pl\/index.php\/2026\/05\/04\/uroczystosc-w-siechnicach\/\" \/>\n\t<meta name=\"generator\" content=\"All in One SEO (AIOSEO) 5.0.1.1\" \/>\n\t\t<meta property=\"og:locale\" content=\"pl_PL\" \/>\n\t\t<meta property=\"og:site_name\" content=\"SP Katarzyna - Publiczna Szko\u0142a Podstawowa w \u015awi\u0119tej Katarzynie\" \/>\n\t\t<meta property=\"og:type\" content=\"article\" \/>\n\t\t<meta property=\"og:title\" content=\"Uroczysto\u015b\u0107 w Siechnicach - SP Katarzyna\" \/>\n\t\t<meta property=\"og:description\" content=\"Niech si\u0119 \u015bwi\u0119ci trzeci maja! W minion\u0105 niedziel\u0119 poczet sztandarowy naszej szko\u0142y dumnie reprezentowa\u0142 nasz\u0105 spo\u0142eczno\u015b\u0107 podczas gminnych obchod\u00f3w \u015awi\u0119ta Konstytucji 3 Maja w Siechnicach. Uroczysto\u015bci rozpocz\u0119\u0142y si\u0119 od udzia\u0142u w mszy \u015bwi\u0119tej w intencji Ojczyzny, odprawionej w ko\u015bciele parafialnym. \u200bPrzebieg uroczysto\u015bci \u200bPo nabo\u017ce\u0144stwie poczty sztandarowe, delegacje oraz mieszka\u0144cy utworzyli uroczysty orszak. Przemarsz z ko\u015bcio\u0142a\" \/>\n\t\t<meta property=\"og:url\" content=\"https:\/\/www.spkatarzyna.pl\/index.php\/2026\/05\/04\/uroczystosc-w-siechnicach\/\" \/>\n\t\t<meta property=\"article:published_time\" content=\"2026-05-04T09:16:26+00:00\" \/>\n\t\t<meta property=\"article:modified_time\" content=\"2026-05-04T09:20:46+00:00\" \/>\n\t\t<meta name=\"twitter:card\" content=\"summary_large_image\" \/>\n\t\t<meta name=\"twitter:title\" content=\"Uroczysto\u015b\u0107 w Siechnicach - SP Katarzyna\" \/>\n\t\t<meta name=\"twitter:description\" content=\"Niech si\u0119 \u015bwi\u0119ci trzeci maja! W minion\u0105 niedziel\u0119 poczet sztandarowy naszej szko\u0142y dumnie reprezentowa\u0142 nasz\u0105 spo\u0142eczno\u015b\u0107 podczas gminnych obchod\u00f3w \u015awi\u0119ta Konstytucji 3 Maja w Siechnicach. Uroczysto\u015bci rozpocz\u0119\u0142y si\u0119 od udzia\u0142u w mszy \u015bwi\u0119tej w intencji Ojczyzny, odprawionej w ko\u015bciele parafialnym. \u200bPrzebieg uroczysto\u015bci \u200bPo nabo\u017ce\u0144stwie poczty sztandarowe, delegacje oraz mieszka\u0144cy utworzyli uroczysty orszak. Przemarsz z ko\u015bcio\u0142a\" \/>\n\t\t<script type=\"application\/ld+json\" class=\"aioseo-schema\">\n\t\t\t{\"@context\":\"https:\\\/\\\/schema.org\",\"@graph\":[{\"@type\":\"BlogPosting\",\"@id\":\"https:\\\/\\\/www.spkatarzyna.pl\\\/index.php\\\/2026\\\/05\\\/04\\\/uroczystosc-w-siechnicach\\\/#blogposting\",\"name\":\"Uroczysto\\u015b\\u0107 w Siechnicach - SP Katarzyna\",\"headline\":\"Uroczysto\\u015b\\u0107 w Siechnicach\",\"author\":{\"@id\":\"https:\\\/\\\/www.spkatarzyna.pl\\\/index.php\\\/author\\\/agatasafianspkatarzyna-pl\\\/#author\"},\"publisher\":{\"@id\":\"https:\\\/\\\/www.spkatarzyna.pl\\\/#organization\"},\"image\":{\"@type\":\"ImageObject\",\"url\":\"https:\\\/\\\/www.spkatarzyna.pl\\\/wp-content\\\/uploads\\\/2026\\\/05\\\/5000-2.jpg\",\"width\":360,\"height\":202},\"datePublished\":\"2026-05-04T11:16:26+02:00\",\"dateModified\":\"2026-05-04T11:20:46+02:00\",\"inLanguage\":\"pl-PL\",\"mainEntityOfPage\":{\"@id\":\"https:\\\/\\\/www.spkatarzyna.pl\\\/index.php\\\/2026\\\/05\\\/04\\\/uroczystosc-w-siechnicach\\\/#webpage\"},\"isPartOf\":{\"@id\":\"https:\\\/\\\/www.spkatarzyna.pl\\\/index.php\\\/2026\\\/05\\\/04\\\/uroczystosc-w-siechnicach\\\/#webpage\"},\"articleSection\":\"Uncategorized\"},{\"@type\":\"BreadcrumbList\",\"@id\":\"https:\\\/\\\/www.spkatarzyna.pl\\\/index.php\\\/2026\\\/05\\\/04\\\/uroczystosc-w-siechnicach\\\/#breadcrumblist\",\"itemListElement\":[{\"@type\":\"ListItem\",\"@id\":\"https:\\\/\\\/www.spkatarzyna.pl#listItem\",\"position\":1,\"name\":\"Dom\",\"item\":\"https:\\\/\\\/www.spkatarzyna.pl\",\"nextItem\":{\"@type\":\"ListItem\",\"@id\":\"https:\\\/\\\/www.spkatarzyna.pl\\\/index.php\\\/category\\\/uncategorized\\\/#listItem\",\"name\":\"Uncategorized\"}},{\"@type\":\"ListItem\",\"@id\":\"https:\\\/\\\/www.spkatarzyna.pl\\\/index.php\\\/category\\\/uncategorized\\\/#listItem\",\"position\":2,\"name\":\"Uncategorized\",\"item\":\"https:\\\/\\\/www.spkatarzyna.pl\\\/index.php\\\/category\\\/uncategorized\\\/\",\"nextItem\":{\"@type\":\"ListItem\",\"@id\":\"https:\\\/\\\/www.spkatarzyna.pl\\\/index.php\\\/2026\\\/05\\\/04\\\/uroczystosc-w-siechnicach\\\/#listItem\",\"name\":\"Uroczysto\\u015b\\u0107 w Siechnicach\"},\"previousItem\":{\"@type\":\"ListItem\",\"@id\":\"https:\\\/\\\/www.spkatarzyna.pl#listItem\",\"name\":\"Dom\"}},{\"@type\":\"ListItem\",\"@id\":\"https:\\\/\\\/www.spkatarzyna.pl\\\/index.php\\\/2026\\\/05\\\/04\\\/uroczystosc-w-siechnicach\\\/#listItem\",\"position\":3,\"name\":\"Uroczysto\\u015b\\u0107 w Siechnicach\",\"previousItem\":{\"@type\":\"ListItem\",\"@id\":\"https:\\\/\\\/www.spkatarzyna.pl\\\/index.php\\\/category\\\/uncategorized\\\/#listItem\",\"name\":\"Uncategorized\"}}]},{\"@type\":\"Organization\",\"@id\":\"https:\\\/\\\/www.spkatarzyna.pl\\\/#organization\",\"name\":\"SP Katarzyna\",\"description\":\"Publiczna Szko\\u0142a Podstawowa w \\u015awi\\u0119tej Katarzynie\",\"url\":\"https:\\\/\\\/www.spkatarzyna.pl\\\/\",\"telephone\":\"+48713116378\",\"sameAs\":[\"https:\\\/\\\/facebook.com\\\/\",\"https:\\\/\\\/x.com\\\/\",\"https:\\\/\\\/instagram.com\\\/\",\"https:\\\/\\\/pinterest.com\\\/\",\"https:\\\/\\\/youtube.com\\\/\",\"https:\\\/\\\/linkedin.com\\\/in\\\/\"]},{\"@type\":\"Person\",\"@id\":\"https:\\\/\\\/www.spkatarzyna.pl\\\/index.php\\\/author\\\/agatasafianspkatarzyna-pl\\\/#author\",\"url\":\"https:\\\/\\\/www.spkatarzyna.pl\\\/index.php\\\/author\\\/agatasafianspkatarzyna-pl\\\/\",\"name\":\"Redakcja\",\"image\":{\"@type\":\"ImageObject\",\"@id\":\"https:\\\/\\\/www.spkatarzyna.pl\\\/index.php\\\/2026\\\/05\\\/04\\\/uroczystosc-w-siechnicach\\\/#authorImage\",\"url\":\"https:\\\/\\\/secure.gravatar.com\\\/avatar\\\/765290513df94d442152250e92b42327?s=96&d=mm&r=g\",\"width\":96,\"height\":96,\"caption\":\"Redakcja\"}},{\"@type\":\"WebPage\",\"@id\":\"https:\\\/\\\/www.spkatarzyna.pl\\\/index.php\\\/2026\\\/05\\\/04\\\/uroczystosc-w-siechnicach\\\/#webpage\",\"url\":\"https:\\\/\\\/www.spkatarzyna.pl\\\/index.php\\\/2026\\\/05\\\/04\\\/uroczystosc-w-siechnicach\\\/\",\"name\":\"Uroczysto\\u015b\\u0107 w Siechnicach - SP Katarzyna\",\"description\":\"Niech si\\u0119 \\u015bwi\\u0119ci trzeci maja! W minion\\u0105 niedziel\\u0119 poczet sztandarowy naszej szko\\u0142y dumnie reprezentowa\\u0142 nasz\\u0105 spo\\u0142eczno\\u015b\\u0107 podczas gminnych obchod\\u00f3w \\u015awi\\u0119ta Konstytucji 3 Maja w Siechnicach. Uroczysto\\u015bci rozpocz\\u0119\\u0142y si\\u0119 od udzia\\u0142u w mszy \\u015bwi\\u0119tej w intencji Ojczyzny, odprawionej w ko\\u015bciele parafialnym. \\u200bPrzebieg uroczysto\\u015bci \\u200bPo nabo\\u017ce\\u0144stwie poczty sztandarowe, delegacje oraz mieszka\\u0144cy utworzyli uroczysty orszak. Przemarsz z ko\\u015bcio\\u0142a\",\"inLanguage\":\"pl-PL\",\"isPartOf\":{\"@id\":\"https:\\\/\\\/www.spkatarzyna.pl\\\/#website\"},\"breadcrumb\":{\"@id\":\"https:\\\/\\\/www.spkatarzyna.pl\\\/index.php\\\/2026\\\/05\\\/04\\\/uroczystosc-w-siechnicach\\\/#breadcrumblist\"},\"author\":{\"@id\":\"https:\\\/\\\/www.spkatarzyna.pl\\\/index.php\\\/author\\\/agatasafianspkatarzyna-pl\\\/#author\"},\"creator\":{\"@id\":\"https:\\\/\\\/www.spkatarzyna.pl\\\/index.php\\\/author\\\/agatasafianspkatarzyna-pl\\\/#author\"},\"image\":{\"@type\":\"ImageObject\",\"url\":\"https:\\\/\\\/www.spkatarzyna.pl\\\/wp-content\\\/uploads\\\/2026\\\/05\\\/5000-2.jpg\",\"@id\":\"https:\\\/\\\/www.spkatarzyna.pl\\\/index.php\\\/2026\\\/05\\\/04\\\/uroczystosc-w-siechnicach\\\/#mainImage\",\"width\":360,\"height\":202},\"primaryImageOfPage\":{\"@id\":\"https:\\\/\\\/www.spkatarzyna.pl\\\/index.php\\\/2026\\\/05\\\/04\\\/uroczystosc-w-siechnicach\\\/#mainImage\"},\"datePublished\":\"2026-05-04T11:16:26+02:00\",\"dateModified\":\"2026-05-04T11:20:46+02:00\"},{\"@type\":\"WebSite\",\"@id\":\"https:\\\/\\\/www.spkatarzyna.pl\\\/#website\",\"url\":\"https:\\\/\\\/www.spkatarzyna.pl\\\/\",\"name\":\"SP Katarzyna\",\"description\":\"Publiczna Szko\\u0142a Podstawowa w \\u015awi\\u0119tej Katarzynie\",\"inLanguage\":\"pl-PL\",\"publisher\":{\"@id\":\"https:\\\/\\\/www.spkatarzyna.pl\\\/#organization\"}}]}\n\t\t<\/script>\n\t\t<!-- All in One SEO -->\n\n","aioseo_head_json":{"title":"Uroczysto\u015b\u0107 w Siechnicach - SP Katarzyna","description":"Niech si\u0119 \u015bwi\u0119ci trzeci maja! W minion\u0105 niedziel\u0119 poczet sztandarowy naszej szko\u0142y dumnie reprezentowa\u0142 nasz\u0105 spo\u0142eczno\u015b\u0107 podczas gminnych obchod\u00f3w \u015awi\u0119ta Konstytucji 3 Maja w Siechnicach. Uroczysto\u015bci rozpocz\u0119\u0142y si\u0119 od udzia\u0142u w mszy \u015bwi\u0119tej w intencji Ojczyzny, odprawionej w ko\u015bciele parafialnym. \u200bPrzebieg uroczysto\u015bci \u200bPo nabo\u017ce\u0144stwie poczty sztandarowe, delegacje oraz mieszka\u0144cy utworzyli uroczysty orszak. Przemarsz z ko\u015bcio\u0142a","canonical_url":"https:\/\/www.spkatarzyna.pl\/index.php\/2026\/05\/04\/uroczystosc-w-siechnicach\/","robots":"max-image-preview:large","keywords":"","webmasterTools":{"miscellaneous":""},"schema":{"@context":"https:\/\/schema.org","@graph":[{"@type":"BlogPosting","@id":"https:\/\/www.spkatarzyna.pl\/index.php\/2026\/05\/04\/uroczystosc-w-siechnicach\/#blogposting","name":"Uroczysto\u015b\u0107 w Siechnicach - SP Katarzyna","headline":"Uroczysto\u015b\u0107 w Siechnicach","author":{"@id":"https:\/\/www.spkatarzyna.pl\/index.php\/author\/agatasafianspkatarzyna-pl\/#author"},"publisher":{"@id":"https:\/\/www.spkatarzyna.pl\/#organization"},"image":{"@type":"ImageObject","url":"https:\/\/www.spkatarzyna.pl\/wp-content\/uploads\/2026\/05\/5000-2.jpg","width":360,"height":202},"datePublished":"2026-05-04T11:16:26+02:00","dateModified":"2026-05-04T11:20:46+02:00","inLanguage":"pl-PL","mainEntityOfPage":{"@id":"https:\/\/www.spkatarzyna.pl\/index.php\/2026\/05\/04\/uroczystosc-w-siechnicach\/#webpage"},"isPartOf":{"@id":"https:\/\/www.spkatarzyna.pl\/index.php\/2026\/05\/04\/uroczystosc-w-siechnicach\/#webpage"},"articleSection":"Uncategorized"},{"@type":"BreadcrumbList","@id":"https:\/\/www.spkatarzyna.pl\/index.php\/2026\/05\/04\/uroczystosc-w-siechnicach\/#breadcrumblist","itemListElement":[{"@type":"ListItem","@id":"https:\/\/www.spkatarzyna.pl#listItem","position":1,"name":"Dom","item":"https:\/\/www.spkatarzyna.pl","nextItem":{"@type":"ListItem","@id":"https:\/\/www.spkatarzyna.pl\/index.php\/category\/uncategorized\/#listItem","name":"Uncategorized"}},{"@type":"ListItem","@id":"https:\/\/www.spkatarzyna.pl\/index.php\/category\/uncategorized\/#listItem","position":2,"name":"Uncategorized","item":"https:\/\/www.spkatarzyna.pl\/index.php\/category\/uncategorized\/","nextItem":{"@type":"ListItem","@id":"https:\/\/www.spkatarzyna.pl\/index.php\/2026\/05\/04\/uroczystosc-w-siechnicach\/#listItem","name":"Uroczysto\u015b\u0107 w Siechnicach"},"previousItem":{"@type":"ListItem","@id":"https:\/\/www.spkatarzyna.pl#listItem","name":"Dom"}},{"@type":"ListItem","@id":"https:\/\/www.spkatarzyna.pl\/index.php\/2026\/05\/04\/uroczystosc-w-siechnicach\/#listItem","position":3,"name":"Uroczysto\u015b\u0107 w Siechnicach","previousItem":{"@type":"ListItem","@id":"https:\/\/www.spkatarzyna.pl\/index.php\/category\/uncategorized\/#listItem","name":"Uncategorized"}}]},{"@type":"Organization","@id":"https:\/\/www.spkatarzyna.pl\/#organization","name":"SP Katarzyna","description":"Publiczna Szko\u0142a Podstawowa w \u015awi\u0119tej Katarzynie","url":"https:\/\/www.spkatarzyna.pl\/","telephone":"+48713116378","sameAs":["https:\/\/facebook.com\/","https:\/\/x.com\/","https:\/\/instagram.com\/","https:\/\/pinterest.com\/","https:\/\/youtube.com\/","https:\/\/linkedin.com\/in\/"]},{"@type":"Person","@id":"https:\/\/www.spkatarzyna.pl\/index.php\/author\/agatasafianspkatarzyna-pl\/#author","url":"https:\/\/www.spkatarzyna.pl\/index.php\/author\/agatasafianspkatarzyna-pl\/","name":"Redakcja","image":{"@type":"ImageObject","@id":"https:\/\/www.spkatarzyna.pl\/index.php\/2026\/05\/04\/uroczystosc-w-siechnicach\/#authorImage","url":"https:\/\/secure.gravatar.com\/avatar\/765290513df94d442152250e92b42327?s=96&d=mm&r=g","width":96,"height":96,"caption":"Redakcja"}},{"@type":"WebPage","@id":"https:\/\/www.spkatarzyna.pl\/index.php\/2026\/05\/04\/uroczystosc-w-siechnicach\/#webpage","url":"https:\/\/www.spkatarzyna.pl\/index.php\/2026\/05\/04\/uroczystosc-w-siechnicach\/","name":"Uroczysto\u015b\u0107 w Siechnicach - SP Katarzyna","description":"Niech si\u0119 \u015bwi\u0119ci trzeci maja! W minion\u0105 niedziel\u0119 poczet sztandarowy naszej szko\u0142y dumnie reprezentowa\u0142 nasz\u0105 spo\u0142eczno\u015b\u0107 podczas gminnych obchod\u00f3w \u015awi\u0119ta Konstytucji 3 Maja w Siechnicach. Uroczysto\u015bci rozpocz\u0119\u0142y si\u0119 od udzia\u0142u w mszy \u015bwi\u0119tej w intencji Ojczyzny, odprawionej w ko\u015bciele parafialnym. \u200bPrzebieg uroczysto\u015bci \u200bPo nabo\u017ce\u0144stwie poczty sztandarowe, delegacje oraz mieszka\u0144cy utworzyli uroczysty orszak. Przemarsz z ko\u015bcio\u0142a","inLanguage":"pl-PL","isPartOf":{"@id":"https:\/\/www.spkatarzyna.pl\/#website"},"breadcrumb":{"@id":"https:\/\/www.spkatarzyna.pl\/index.php\/2026\/05\/04\/uroczystosc-w-siechnicach\/#breadcrumblist"},"author":{"@id":"https:\/\/www.spkatarzyna.pl\/index.php\/author\/agatasafianspkatarzyna-pl\/#author"},"creator":{"@id":"https:\/\/www.spkatarzyna.pl\/index.php\/author\/agatasafianspkatarzyna-pl\/#author"},"image":{"@type":"ImageObject","url":"https:\/\/www.spkatarzyna.pl\/wp-content\/uploads\/2026\/05\/5000-2.jpg","@id":"https:\/\/www.spkatarzyna.pl\/index.php\/2026\/05\/04\/uroczystosc-w-siechnicach\/#mainImage","width":360,"height":202},"primaryImageOfPage":{"@id":"https:\/\/www.spkatarzyna.pl\/index.php\/2026\/05\/04\/uroczystosc-w-siechnicach\/#mainImage"},"datePublished":"2026-05-04T11:16:26+02:00","dateModified":"2026-05-04T11:20:46+02:00"},{"@type":"WebSite","@id":"https:\/\/www.spkatarzyna.pl\/#website","url":"https:\/\/www.spkatarzyna.pl\/","name":"SP Katarzyna","description":"Publiczna Szko\u0142a Podstawowa w \u015awi\u0119tej Katarzynie","inLanguage":"pl-PL","publisher":{"@id":"https:\/\/www.spkatarzyna.pl\/#organization"}}]},"og:locale":"pl_PL","og:site_name":"SP Katarzyna - Publiczna Szko\u0142a Podstawowa w \u015awi\u0119tej Katarzynie","og:type":"article","og:title":"Uroczysto\u015b\u0107 w Siechnicach - SP Katarzyna","og:description":"Niech si\u0119 \u015bwi\u0119ci trzeci maja! W minion\u0105 niedziel\u0119 poczet sztandarowy naszej szko\u0142y dumnie reprezentowa\u0142 nasz\u0105 spo\u0142eczno\u015b\u0107 podczas gminnych obchod\u00f3w \u015awi\u0119ta Konstytucji 3 Maja w Siechnicach. Uroczysto\u015bci rozpocz\u0119\u0142y si\u0119 od udzia\u0142u w mszy \u015bwi\u0119tej w intencji Ojczyzny, odprawionej w ko\u015bciele parafialnym. \u200bPrzebieg uroczysto\u015bci \u200bPo nabo\u017ce\u0144stwie poczty sztandarowe, delegacje oraz mieszka\u0144cy utworzyli uroczysty orszak. Przemarsz z ko\u015bcio\u0142a","og:url":"https:\/\/www.spkatarzyna.pl\/index.php\/2026\/05\/04\/uroczystosc-w-siechnicach\/","article:published_time":"2026-05-04T09:16:26+00:00","article:modified_time":"2026-05-04T09:20:46+00:00","twitter:card":"summary_large_image","twitter:title":"Uroczysto\u015b\u0107 w Siechnicach - SP Katarzyna","twitter:description":"Niech si\u0119 \u015bwi\u0119ci trzeci maja! W minion\u0105 niedziel\u0119 poczet sztandarowy naszej szko\u0142y dumnie reprezentowa\u0142 nasz\u0105 spo\u0142eczno\u015b\u0107 podczas gminnych obchod\u00f3w \u015awi\u0119ta Konstytucji 3 Maja w Siechnicach. Uroczysto\u015bci rozpocz\u0119\u0142y si\u0119 od udzia\u0142u w mszy \u015bwi\u0119tej w intencji Ojczyzny, odprawionej w ko\u015bciele parafialnym. \u200bPrzebieg uroczysto\u015bci \u200bPo nabo\u017ce\u0144stwie poczty sztandarowe, delegacje oraz mieszka\u0144cy utworzyli uroczysty orszak. Przemarsz z ko\u015bcio\u0142a"},"aioseo_meta_data":{"post_id":"19575","title":null,"description":null,"keywords":null,"keyphrases":{"focus":{"keyphrase":"","score":0,"analysis":{"keyphraseInTitle":{"score":0,"maxScore":9,"error":1}}},"additional":[]},"primary_term":null,"canonical_url":null,"og_title":null,"og_description":null,"og_object_type":"default","og_image_type":"default","og_image_url":null,"og_image_width":null,"og_image_height":null,"og_image_custom_url":null,"og_image_custom_fields":null,"og_video":"","og_custom_url":null,"og_article_section":null,"og_article_tags":null,"twitter_use_og":false,"twitter_card":"default","twitter_image_type":"default","twitter_image_url":null,"twitter_image_custom_url":null,"twitter_image_custom_fields":null,"twitter_title":null,"twitter_description":null,"schema":{"blockGraphs":[],"customGraphs":[],"default":{"data":{"Article":[],"Course":[],"Dataset":[],"FAQPage":[],"Movie":[],"Person":[],"Product":[],"ProductReview":[],"Car":[],"Recipe":[],"Service":[],"SoftwareApplication":[],"WebPage":[]},"graphName":"BlogPosting","isEnabled":true},"graphs":[]},"schema_type":"default","schema_type_options":null,"pillar_content":false,"robots_default":true,"robots_noindex":false,"robots_noarchive":false,"robots_nosnippet":false,"robots_nofollow":false,"robots_noimageindex":false,"robots_noodp":false,"robots_notranslate":false,"robots_max_snippet":"-1","robots_max_videopreview":"-1","robots_max_imagepreview":"large","priority":null,"frequency":"default","local_seo":null,"limit_modified_date":false,"created":"2026-05-04 09:16:27","updated":"2026-09-03 18:07:35","focus_keyword":null,"additional_keywords":null,"truseo_locale":null,"ai":null,"breadcrumb_settings":null,"seo_analyzer_scan_date":null},"aioseo_breadcrumb":"<div class=\"aioseo-breadcrumbs\"><span class=\"aioseo-breadcrumb\">\n\t\t\t<a href=\"https:\/\/www.spkatarzyna.pl\" title=\"Dom\">Dom<\/a>\n\t\t<\/span><span class=\"aioseo-breadcrumb-separator\">&raquo;<\/span><span class=\"aioseo-breadcrumb\">\n\t\t\t<a href=\"https:\/\/www.spkatarzyna.pl\/index.php\/category\/uncategorized\/\" title=\"Uncategorized\">Uncategorized<\/a>\n\t\t<\/span><span class=\"aioseo-breadcrumb-separator\">&raquo;<\/span><span class=\"aioseo-breadcrumb\">\n\t\t\tUroczysto\u015b\u0107 w Siechnicach\n\t\t<\/span><\/div>","aioseo_breadcrumb_json":[{"label":"Dom","link":"https:\/\/www.spkatarzyna.pl"},{"label":"Uncategorized","link":"https:\/\/www.spkatarzyna.pl\/index.php\/category\/uncategorized\/"},{"label":"Uroczysto\u015b\u0107 w Siechnicach","link":"https:\/\/www.spkatarzyna.pl\/index.php\/2026\/05\/04\/uroczystosc-w-siechnicach\/"}],"_links":{"self":[{"href":"https:\/\/www.spkatarzyna.pl\/index.php\/wp-json\/wp\/v2\/posts\/19575","targetHints":{"allow":["GET"]}}],"collection":[{"href":"https:\/\/www.spkatarzyna.pl\/index.php\/wp-json\/wp\/v2\/posts"}],"about":[{"href":"https:\/\/www.spkatarzyna.pl\/index.php\/wp-json\/wp\/v2\/types\/post"}],"author":[{"embeddable":true,"href":"https:\/\/www.spkatarzyna.pl\/index.php\/wp-json\/wp\/v2\/users\/6"}],"replies":[{"embeddable":true,"href":"https:\/\/www.spkatarzyna.pl\/index.php\/wp-json\/wp\/v2\/comments?post=19575"}],"version-history":[{"count":4,"href":"https:\/\/www.spkatarzyna.pl\/index.php\/wp-json\/wp\/v2\/posts\/19575\/revisions"}],"predecessor-version":[{"id":19584,"href":"https:\/\/www.spkatarzyna.pl\/index.php\/wp-json\/wp\/v2\/posts\/19575\/revisions\/19584"}],"wp:featuredmedia":[{"embeddable":true,"href":"https:\/\/www.spkatarzyna.pl\/index.php\/wp-json\/wp\/v2\/media\/19576"}],"wp:attachment":[{"href":"https:\/\/www.spkatarzyna.pl\/index.php\/wp-json\/wp\/v2\/media?parent=19575"}],"wp:term":[{"taxonomy":"category","embeddable":true,"href":"https:\/\/www.spkatarzyna.pl\/index.php\/wp-json\/wp\/v2\/categories?post=19575"},{"taxonomy":"post_tag","embeddable":true,"href":"https:\/\/www.spkatarzyna.pl\/index.php\/wp-json\/wp\/v2\/tags?post=19575"}],"curies":[{"name":"wp","href":"https:\/\/api.w.org\/{rel}","templated":true}]}}