{"id":19735,"date":"2026-05-12T14:43:06","date_gmt":"2026-05-12T12:43:06","guid":{"rendered":"https:\/\/www.spkatarzyna.pl\/?p=19735"},"modified":"2026-05-12T14:46:47","modified_gmt":"2026-05-12T12:46:47","slug":"egzamin-osmoklasisty-z-matematyki","status":"publish","type":"post","link":"https:\/\/www.spkatarzyna.pl\/index.php\/2026\/05\/12\/egzamin-osmoklasisty-z-matematyki\/","title":{"rendered":"Egzamin \u00f3smoklasisty z matematyki"},"content":{"rendered":"\t\t<div data-elementor-type=\"wp-post\" data-elementor-id=\"19735\" class=\"elementor elementor-19735\">\n\t\t\t\t<div class=\"elementor-element elementor-element-f74dedf e-flex e-con-boxed e-con e-parent\" data-id=\"f74dedf\" data-element_type=\"container\">\n\t\t\t\t\t<div class=\"e-con-inner\">\n\t\t\t\t<div class=\"elementor-element elementor-element-3178a0f6 elementor-widget elementor-widget-text-editor\" data-id=\"3178a0f6\" data-element_type=\"widget\" data-widget_type=\"text-editor.default\">\n\t\t\t\t\t\t\t\t\t<div class=\"n6owBd awi2gc\" style=\"text-align: justify;\" data-sfc-cp=\"\" data-sfc-root=\"c\" data-sfc-cb=\"\" data-hveid=\"CAAIBhAA\" data-complete=\"true\" data-processed=\"true\"><span style=\"font-size: 14pt;\">Za nami drugi dzie\u0144 egzaminu \u00f3smoklasisty. Dzisiaj o godzinie 9:00 uczniowie zmierzyli si\u0119 z kr\u00f3low\u0105 nauk \u2013 <strong class=\"Yjhzub\" data-sfc-root=\"c\" data-sfc-cb=\"\" data-complete=\"true\" data-processed=\"true\">matematyk\u0105<\/strong>. <\/span><\/div>\r\n<div class=\"n6owBd awi2gc\" style=\"text-align: justify;\" data-sfc-cp=\"\" data-sfc-root=\"c\" data-sfc-cb=\"\" data-hveid=\"CAAIBhAA\" data-complete=\"true\" data-processed=\"true\"><span style=\"font-size: 14pt;\">Po wyj\u015bciu z sal egzaminacyjnych dominowa\u0142y mieszane uczucia \u2013 od ulgi po o\u017cywione dyskusje nad wynikami konkretnych zada\u0144. Wi\u0119kszo\u015b\u0107 uczni\u00f3w przyznaje, \u017ce czas by\u0142 wystarczaj\u0105cy, cho\u0107 niekt\u00f3re zadania otwarte wymaga\u0142y du\u017cego skupienia.<\/span><\/div>\r\n<div class=\"n6owBd awi2gc\" style=\"text-align: justify;\" data-sfc-cp=\"\" data-sfc-root=\"c\" data-sfc-cb=\"\" data-hveid=\"CAAIBhAA\" data-complete=\"true\" data-processed=\"true\"><span style=\"font-size: 14pt;\">Dwa przedmioty s\u0105 ju\u017c za nami. Jutro (\u015broda) ostatni etap \u2013 <strong class=\"Yjhzub\" data-sfc-root=\"c\" data-sfc-cb=\"\" data-complete=\"true\" data-processed=\"true\">j\u0119zyk obcy nowo\u017cytny<\/strong> (najcz\u0119\u015bciej angielski).&nbsp;<\/span><\/div>\r\n<div data-sfc-cp=\"\" data-sfc-root=\"c\" data-sfc-cb=\"\" data-hveid=\"CAAIBhAA\" data-complete=\"true\" data-processed=\"true\"><span style=\"font-size: 14pt;\">Trzymamy kciuki za wysokie wyniki! \ud83e\udd1e<\/span><\/div>\r\n<p style=\"text-align: justify;\">&nbsp;<\/p>\t\t\t\t\t\t\t\t<\/div>\n\t\t\t\t<div class=\"elementor-element elementor-element-d8034b5 elementor-widget elementor-widget-image-gallery\" data-id=\"d8034b5\" data-element_type=\"widget\" data-widget_type=\"image-gallery.default\">\n\t\t\t\t\t\t\t<div class=\"elementor-image-gallery\">\n\t\t\t\n\t\t<div id='gallery-1' class='gallery galleryid-19735 gallery-columns-9 gallery-size-thumbnail gallery1'><script type=\"text\/javascript\">\n\/\/ <![CDATA[\n\tjQuery(document).ready(function () {\n\t\tjQuery(\".gallery1 a\").attr(\"rel\",\"gallery1\");\t\n\t\tjQuery('a[rel=\"gallery1\"]').colorbox({title: function(){ return jQuery(this).children().attr(\"alt\"); }});\n\t});\n\/\/ ]]>\n<\/script>\n<dl class=\"gallery-item\">\n<dt class=\"gallery-icon\">\n<a href=\"https:\/\/www.spkatarzyna.pl\/wp-content\/uploads\/2026\/05\/PHOTO-2026-05-12-09-30-23-2-300x225.jpg\" title=\"\" rel=\"gallery1\" rel=\"lightbox[19735]\"><img decoding=\"async\" src=\"https:\/\/www.spkatarzyna.pl\/wp-content\/uploads\/2026\/05\/PHOTO-2026-05-12-09-30-23-2-150x150.jpg\" width=\"150\" height=\"150\" alt=\"\" \/><\/a>\n<\/dt><\/dl><dl class=\"gallery-item\">\n<dt class=\"gallery-icon\">\n<a href=\"https:\/\/www.spkatarzyna.pl\/wp-content\/uploads\/2026\/05\/PHOTO-2026-05-12-09-30-23-3-300x225.jpg\" title=\"\" rel=\"gallery1\" rel=\"lightbox[19735]\"><img decoding=\"async\" src=\"https:\/\/www.spkatarzyna.pl\/wp-content\/uploads\/2026\/05\/PHOTO-2026-05-12-09-30-23-3-150x150.jpg\" width=\"150\" height=\"150\" alt=\"\" \/><\/a>\n<\/dt><\/dl><dl class=\"gallery-item\">\n<dt class=\"gallery-icon\">\n<a href=\"https:\/\/www.spkatarzyna.pl\/wp-content\/uploads\/2026\/05\/PHOTO-2026-05-12-09-30-23-4-300x225.jpg\" title=\"\" rel=\"gallery1\" rel=\"lightbox[19735]\"><img decoding=\"async\" src=\"https:\/\/www.spkatarzyna.pl\/wp-content\/uploads\/2026\/05\/PHOTO-2026-05-12-09-30-23-4-150x150.jpg\" width=\"150\" height=\"150\" alt=\"\" \/><\/a>\n<\/dt><\/dl><dl class=\"gallery-item\">\n<dt class=\"gallery-icon\">\n<a href=\"https:\/\/www.spkatarzyna.pl\/wp-content\/uploads\/2026\/05\/PHOTO-2026-05-12-09-30-23-300x225.jpg\" title=\"\" rel=\"gallery1\" rel=\"lightbox[19735]\"><img loading=\"lazy\" decoding=\"async\" src=\"https:\/\/www.spkatarzyna.pl\/wp-content\/uploads\/2026\/05\/PHOTO-2026-05-12-09-30-23-150x150.jpg\" width=\"150\" height=\"150\" alt=\"\" \/><\/a>\n<\/dt><\/dl><dl class=\"gallery-item\">\n<dt class=\"gallery-icon\">\n<a href=\"https:\/\/www.spkatarzyna.pl\/wp-content\/uploads\/2026\/05\/PHOTO-2026-05-12-09-30-24-2-300x225.jpg\" title=\"\" rel=\"gallery1\" rel=\"lightbox[19735]\"><img loading=\"lazy\" decoding=\"async\" src=\"https:\/\/www.spkatarzyna.pl\/wp-content\/uploads\/2026\/05\/PHOTO-2026-05-12-09-30-24-2-150x150.jpg\" width=\"150\" height=\"150\" alt=\"\" \/><\/a>\n<\/dt><\/dl><dl class=\"gallery-item\">\n<dt class=\"gallery-icon\">\n<a href=\"https:\/\/www.spkatarzyna.pl\/wp-content\/uploads\/2026\/05\/PHOTO-2026-05-12-09-30-24-3-225x300.jpg\" title=\"\" rel=\"gallery1\" rel=\"lightbox[19735]\"><img loading=\"lazy\" decoding=\"async\" src=\"https:\/\/www.spkatarzyna.pl\/wp-content\/uploads\/2026\/05\/PHOTO-2026-05-12-09-30-24-3-150x150.jpg\" width=\"150\" height=\"150\" alt=\"\" \/><\/a>\n<\/dt><\/dl><dl class=\"gallery-item\">\n<dt class=\"gallery-icon\">\n<a href=\"https:\/\/www.spkatarzyna.pl\/wp-content\/uploads\/2026\/05\/PHOTO-2026-05-12-09-30-24-4-300x225.jpg\" title=\"\" rel=\"gallery1\" rel=\"lightbox[19735]\"><img loading=\"lazy\" decoding=\"async\" src=\"https:\/\/www.spkatarzyna.pl\/wp-content\/uploads\/2026\/05\/PHOTO-2026-05-12-09-30-24-4-150x150.jpg\" width=\"150\" height=\"150\" alt=\"\" \/><\/a>\n<\/dt><\/dl><dl class=\"gallery-item\">\n<dt class=\"gallery-icon\">\n<a href=\"https:\/\/www.spkatarzyna.pl\/wp-content\/uploads\/2026\/05\/PHOTO-2026-05-12-09-30-24-5-300x225.jpg\" title=\"\" rel=\"gallery1\" rel=\"lightbox[19735]\"><img loading=\"lazy\" decoding=\"async\" src=\"https:\/\/www.spkatarzyna.pl\/wp-content\/uploads\/2026\/05\/PHOTO-2026-05-12-09-30-24-5-150x150.jpg\" width=\"150\" height=\"150\" alt=\"\" \/><\/a>\n<\/dt><\/dl><dl class=\"gallery-item\">\n<dt class=\"gallery-icon\">\n<a href=\"https:\/\/www.spkatarzyna.pl\/wp-content\/uploads\/2026\/05\/PHOTO-2026-05-12-09-30-24-300x225.jpg\" title=\"\" rel=\"gallery1\" rel=\"lightbox[19735]\"><img loading=\"lazy\" decoding=\"async\" src=\"https:\/\/www.spkatarzyna.pl\/wp-content\/uploads\/2026\/05\/PHOTO-2026-05-12-09-30-24-150x150.jpg\" width=\"150\" height=\"150\" alt=\"\" \/><\/a>\n<\/dt><\/dl><br style=\"clear: both\" \/><br style=\"clear: both\" \/><\/div>\t\t<\/div>\n\t\t\t\t\t\t<\/div>\n\t\t\t\t\t<\/div>\n\t\t\t\t<\/div>\n\t\t\t\t<\/div>\n\t\t","protected":false},"excerpt":{"rendered":"<p>Za nami drugi dzie\u0144 egzaminu \u00f3smoklasisty. Dzisiaj o godzinie 9:00 uczniowie zmierzyli si\u0119 z kr\u00f3low\u0105 nauk \u2013 matematyk\u0105. Po wyj\u015bciu z sal egzaminacyjnych dominowa\u0142y mieszane uczucia \u2013 od ulgi po o\u017cywione dyskusje nad wynikami konkretnych zada\u0144. Wi\u0119kszo\u015b\u0107 uczni\u00f3w przyznaje, \u017ce czas by\u0142 wystarczaj\u0105cy, cho\u0107 niekt\u00f3re zadania otwarte wymaga\u0142y du\u017cego skupienia. [&hellip;]<\/p>\n","protected":false},"author":6,"featured_media":19736,"comment_status":"open","ping_status":"open","sticky":false,"template":"","format":"standard","meta":{"om_disable_all_campaigns":false,"_monsterinsights_skip_tracking":false,"ngg_post_thumbnail":0,"footnotes":""},"categories":[1],"tags":[],"class_list":["post-19735","post","type-post","status-publish","format-standard","has-post-thumbnail","hentry","category-uncategorized"],"aioseo_notices":[],"aioseo_head":"\n\t\t<!-- All in One SEO 5.0.1.1 - aioseo.com -->\n\t<meta name=\"description\" content=\"Za nami drugi dzie\u0144 egzaminu \u00f3smoklasisty. Dzisiaj o godzinie 9:00 uczniowie zmierzyli si\u0119 z kr\u00f3low\u0105 nauk \u2013 matematyk\u0105. Po wyj\u015bciu z sal egzaminacyjnych dominowa\u0142y mieszane uczucia \u2013 od ulgi po o\u017cywione dyskusje nad wynikami konkretnych zada\u0144. Wi\u0119kszo\u015b\u0107 uczni\u00f3w przyznaje, \u017ce czas by\u0142 wystarczaj\u0105cy, cho\u0107 niekt\u00f3re zadania otwarte wymaga\u0142y du\u017cego skupienia. Dwa przedmioty s\u0105 ju\u017c za\" \/>\n\t<meta name=\"robots\" content=\"max-image-preview:large\" \/>\n\t<meta name=\"author\" content=\"Redakcja\"\/>\n\t<link rel=\"canonical\" href=\"https:\/\/www.spkatarzyna.pl\/index.php\/2026\/05\/12\/egzamin-osmoklasisty-z-matematyki\/\" \/>\n\t<meta name=\"generator\" content=\"All in One SEO (AIOSEO) 5.0.1.1\" \/>\n\t\t<meta property=\"og:locale\" content=\"pl_PL\" \/>\n\t\t<meta property=\"og:site_name\" content=\"SP Katarzyna - Publiczna Szko\u0142a Podstawowa w \u015awi\u0119tej Katarzynie\" \/>\n\t\t<meta property=\"og:type\" content=\"article\" \/>\n\t\t<meta property=\"og:title\" content=\"Egzamin \u00f3smoklasisty z matematyki - SP Katarzyna\" \/>\n\t\t<meta property=\"og:description\" content=\"Za nami drugi dzie\u0144 egzaminu \u00f3smoklasisty. Dzisiaj o godzinie 9:00 uczniowie zmierzyli si\u0119 z kr\u00f3low\u0105 nauk \u2013 matematyk\u0105. Po wyj\u015bciu z sal egzaminacyjnych dominowa\u0142y mieszane uczucia \u2013 od ulgi po o\u017cywione dyskusje nad wynikami konkretnych zada\u0144. Wi\u0119kszo\u015b\u0107 uczni\u00f3w przyznaje, \u017ce czas by\u0142 wystarczaj\u0105cy, cho\u0107 niekt\u00f3re zadania otwarte wymaga\u0142y du\u017cego skupienia. Dwa przedmioty s\u0105 ju\u017c za\" \/>\n\t\t<meta property=\"og:url\" content=\"https:\/\/www.spkatarzyna.pl\/index.php\/2026\/05\/12\/egzamin-osmoklasisty-z-matematyki\/\" \/>\n\t\t<meta property=\"article:published_time\" content=\"2026-05-12T12:43:06+00:00\" \/>\n\t\t<meta property=\"article:modified_time\" content=\"2026-05-12T12:46:47+00:00\" \/>\n\t\t<meta name=\"twitter:card\" content=\"summary_large_image\" \/>\n\t\t<meta name=\"twitter:title\" content=\"Egzamin \u00f3smoklasisty z matematyki - SP Katarzyna\" \/>\n\t\t<meta name=\"twitter:description\" content=\"Za nami drugi dzie\u0144 egzaminu \u00f3smoklasisty. Dzisiaj o godzinie 9:00 uczniowie zmierzyli si\u0119 z kr\u00f3low\u0105 nauk \u2013 matematyk\u0105. Po wyj\u015bciu z sal egzaminacyjnych dominowa\u0142y mieszane uczucia \u2013 od ulgi po o\u017cywione dyskusje nad wynikami konkretnych zada\u0144. Wi\u0119kszo\u015b\u0107 uczni\u00f3w przyznaje, \u017ce czas by\u0142 wystarczaj\u0105cy, cho\u0107 niekt\u00f3re zadania otwarte wymaga\u0142y du\u017cego skupienia. Dwa przedmioty s\u0105 ju\u017c za\" \/>\n\t\t<script type=\"application\/ld+json\" class=\"aioseo-schema\">\n\t\t\t{\"@context\":\"https:\\\/\\\/schema.org\",\"@graph\":[{\"@type\":\"BlogPosting\",\"@id\":\"https:\\\/\\\/www.spkatarzyna.pl\\\/index.php\\\/2026\\\/05\\\/12\\\/egzamin-osmoklasisty-z-matematyki\\\/#blogposting\",\"name\":\"Egzamin \\u00f3smoklasisty z matematyki - SP Katarzyna\",\"headline\":\"Egzamin \\u00f3smoklasisty z matematyki\",\"author\":{\"@id\":\"https:\\\/\\\/www.spkatarzyna.pl\\\/index.php\\\/author\\\/agatasafianspkatarzyna-pl\\\/#author\"},\"publisher\":{\"@id\":\"https:\\\/\\\/www.spkatarzyna.pl\\\/#organization\"},\"image\":{\"@type\":\"ImageObject\",\"url\":\"https:\\\/\\\/www.spkatarzyna.pl\\\/wp-content\\\/uploads\\\/2026\\\/05\\\/PHOTO-2026-05-12-09-30-24-2-2.jpg\",\"width\":360,\"height\":202},\"datePublished\":\"2026-05-12T14:43:06+02:00\",\"dateModified\":\"2026-05-12T14:46:47+02:00\",\"inLanguage\":\"pl-PL\",\"mainEntityOfPage\":{\"@id\":\"https:\\\/\\\/www.spkatarzyna.pl\\\/index.php\\\/2026\\\/05\\\/12\\\/egzamin-osmoklasisty-z-matematyki\\\/#webpage\"},\"isPartOf\":{\"@id\":\"https:\\\/\\\/www.spkatarzyna.pl\\\/index.php\\\/2026\\\/05\\\/12\\\/egzamin-osmoklasisty-z-matematyki\\\/#webpage\"},\"articleSection\":\"Uncategorized\"},{\"@type\":\"BreadcrumbList\",\"@id\":\"https:\\\/\\\/www.spkatarzyna.pl\\\/index.php\\\/2026\\\/05\\\/12\\\/egzamin-osmoklasisty-z-matematyki\\\/#breadcrumblist\",\"itemListElement\":[{\"@type\":\"ListItem\",\"@id\":\"https:\\\/\\\/www.spkatarzyna.pl#listItem\",\"position\":1,\"name\":\"Dom\",\"item\":\"https:\\\/\\\/www.spkatarzyna.pl\",\"nextItem\":{\"@type\":\"ListItem\",\"@id\":\"https:\\\/\\\/www.spkatarzyna.pl\\\/index.php\\\/category\\\/uncategorized\\\/#listItem\",\"name\":\"Uncategorized\"}},{\"@type\":\"ListItem\",\"@id\":\"https:\\\/\\\/www.spkatarzyna.pl\\\/index.php\\\/category\\\/uncategorized\\\/#listItem\",\"position\":2,\"name\":\"Uncategorized\",\"item\":\"https:\\\/\\\/www.spkatarzyna.pl\\\/index.php\\\/category\\\/uncategorized\\\/\",\"nextItem\":{\"@type\":\"ListItem\",\"@id\":\"https:\\\/\\\/www.spkatarzyna.pl\\\/index.php\\\/2026\\\/05\\\/12\\\/egzamin-osmoklasisty-z-matematyki\\\/#listItem\",\"name\":\"Egzamin \\u00f3smoklasisty z matematyki\"},\"previousItem\":{\"@type\":\"ListItem\",\"@id\":\"https:\\\/\\\/www.spkatarzyna.pl#listItem\",\"name\":\"Dom\"}},{\"@type\":\"ListItem\",\"@id\":\"https:\\\/\\\/www.spkatarzyna.pl\\\/index.php\\\/2026\\\/05\\\/12\\\/egzamin-osmoklasisty-z-matematyki\\\/#listItem\",\"position\":3,\"name\":\"Egzamin \\u00f3smoklasisty z matematyki\",\"previousItem\":{\"@type\":\"ListItem\",\"@id\":\"https:\\\/\\\/www.spkatarzyna.pl\\\/index.php\\\/category\\\/uncategorized\\\/#listItem\",\"name\":\"Uncategorized\"}}]},{\"@type\":\"Organization\",\"@id\":\"https:\\\/\\\/www.spkatarzyna.pl\\\/#organization\",\"name\":\"SP Katarzyna\",\"description\":\"Publiczna Szko\\u0142a Podstawowa w \\u015awi\\u0119tej Katarzynie\",\"url\":\"https:\\\/\\\/www.spkatarzyna.pl\\\/\",\"telephone\":\"+48713116378\",\"sameAs\":[\"https:\\\/\\\/facebook.com\\\/\",\"https:\\\/\\\/x.com\\\/\",\"https:\\\/\\\/instagram.com\\\/\",\"https:\\\/\\\/pinterest.com\\\/\",\"https:\\\/\\\/youtube.com\\\/\",\"https:\\\/\\\/linkedin.com\\\/in\\\/\"]},{\"@type\":\"Person\",\"@id\":\"https:\\\/\\\/www.spkatarzyna.pl\\\/index.php\\\/author\\\/agatasafianspkatarzyna-pl\\\/#author\",\"url\":\"https:\\\/\\\/www.spkatarzyna.pl\\\/index.php\\\/author\\\/agatasafianspkatarzyna-pl\\\/\",\"name\":\"Redakcja\",\"image\":{\"@type\":\"ImageObject\",\"@id\":\"https:\\\/\\\/www.spkatarzyna.pl\\\/index.php\\\/2026\\\/05\\\/12\\\/egzamin-osmoklasisty-z-matematyki\\\/#authorImage\",\"url\":\"https:\\\/\\\/secure.gravatar.com\\\/avatar\\\/765290513df94d442152250e92b42327?s=96&d=mm&r=g\",\"width\":96,\"height\":96,\"caption\":\"Redakcja\"}},{\"@type\":\"WebPage\",\"@id\":\"https:\\\/\\\/www.spkatarzyna.pl\\\/index.php\\\/2026\\\/05\\\/12\\\/egzamin-osmoklasisty-z-matematyki\\\/#webpage\",\"url\":\"https:\\\/\\\/www.spkatarzyna.pl\\\/index.php\\\/2026\\\/05\\\/12\\\/egzamin-osmoklasisty-z-matematyki\\\/\",\"name\":\"Egzamin \\u00f3smoklasisty z matematyki - SP Katarzyna\",\"description\":\"Za nami drugi dzie\\u0144 egzaminu \\u00f3smoklasisty. Dzisiaj o godzinie 9:00 uczniowie zmierzyli si\\u0119 z kr\\u00f3low\\u0105 nauk \\u2013 matematyk\\u0105. Po wyj\\u015bciu z sal egzaminacyjnych dominowa\\u0142y mieszane uczucia \\u2013 od ulgi po o\\u017cywione dyskusje nad wynikami konkretnych zada\\u0144. Wi\\u0119kszo\\u015b\\u0107 uczni\\u00f3w przyznaje, \\u017ce czas by\\u0142 wystarczaj\\u0105cy, cho\\u0107 niekt\\u00f3re zadania otwarte wymaga\\u0142y du\\u017cego skupienia. Dwa przedmioty s\\u0105 ju\\u017c za\",\"inLanguage\":\"pl-PL\",\"isPartOf\":{\"@id\":\"https:\\\/\\\/www.spkatarzyna.pl\\\/#website\"},\"breadcrumb\":{\"@id\":\"https:\\\/\\\/www.spkatarzyna.pl\\\/index.php\\\/2026\\\/05\\\/12\\\/egzamin-osmoklasisty-z-matematyki\\\/#breadcrumblist\"},\"author\":{\"@id\":\"https:\\\/\\\/www.spkatarzyna.pl\\\/index.php\\\/author\\\/agatasafianspkatarzyna-pl\\\/#author\"},\"creator\":{\"@id\":\"https:\\\/\\\/www.spkatarzyna.pl\\\/index.php\\\/author\\\/agatasafianspkatarzyna-pl\\\/#author\"},\"image\":{\"@type\":\"ImageObject\",\"url\":\"https:\\\/\\\/www.spkatarzyna.pl\\\/wp-content\\\/uploads\\\/2026\\\/05\\\/PHOTO-2026-05-12-09-30-24-2-2.jpg\",\"@id\":\"https:\\\/\\\/www.spkatarzyna.pl\\\/index.php\\\/2026\\\/05\\\/12\\\/egzamin-osmoklasisty-z-matematyki\\\/#mainImage\",\"width\":360,\"height\":202},\"primaryImageOfPage\":{\"@id\":\"https:\\\/\\\/www.spkatarzyna.pl\\\/index.php\\\/2026\\\/05\\\/12\\\/egzamin-osmoklasisty-z-matematyki\\\/#mainImage\"},\"datePublished\":\"2026-05-12T14:43:06+02:00\",\"dateModified\":\"2026-05-12T14:46:47+02:00\"},{\"@type\":\"WebSite\",\"@id\":\"https:\\\/\\\/www.spkatarzyna.pl\\\/#website\",\"url\":\"https:\\\/\\\/www.spkatarzyna.pl\\\/\",\"name\":\"SP Katarzyna\",\"description\":\"Publiczna Szko\\u0142a Podstawowa w \\u015awi\\u0119tej Katarzynie\",\"inLanguage\":\"pl-PL\",\"publisher\":{\"@id\":\"https:\\\/\\\/www.spkatarzyna.pl\\\/#organization\"}}]}\n\t\t<\/script>\n\t\t<!-- All in One SEO -->\n\n","aioseo_head_json":{"title":"Egzamin \u00f3smoklasisty z matematyki - SP Katarzyna","description":"Za nami drugi dzie\u0144 egzaminu \u00f3smoklasisty. Dzisiaj o godzinie 9:00 uczniowie zmierzyli si\u0119 z kr\u00f3low\u0105 nauk \u2013 matematyk\u0105. Po wyj\u015bciu z sal egzaminacyjnych dominowa\u0142y mieszane uczucia \u2013 od ulgi po o\u017cywione dyskusje nad wynikami konkretnych zada\u0144. Wi\u0119kszo\u015b\u0107 uczni\u00f3w przyznaje, \u017ce czas by\u0142 wystarczaj\u0105cy, cho\u0107 niekt\u00f3re zadania otwarte wymaga\u0142y du\u017cego skupienia. Dwa przedmioty s\u0105 ju\u017c za","canonical_url":"https:\/\/www.spkatarzyna.pl\/index.php\/2026\/05\/12\/egzamin-osmoklasisty-z-matematyki\/","robots":"max-image-preview:large","keywords":"","webmasterTools":{"miscellaneous":""},"schema":{"@context":"https:\/\/schema.org","@graph":[{"@type":"BlogPosting","@id":"https:\/\/www.spkatarzyna.pl\/index.php\/2026\/05\/12\/egzamin-osmoklasisty-z-matematyki\/#blogposting","name":"Egzamin \u00f3smoklasisty z matematyki - SP Katarzyna","headline":"Egzamin \u00f3smoklasisty z matematyki","author":{"@id":"https:\/\/www.spkatarzyna.pl\/index.php\/author\/agatasafianspkatarzyna-pl\/#author"},"publisher":{"@id":"https:\/\/www.spkatarzyna.pl\/#organization"},"image":{"@type":"ImageObject","url":"https:\/\/www.spkatarzyna.pl\/wp-content\/uploads\/2026\/05\/PHOTO-2026-05-12-09-30-24-2-2.jpg","width":360,"height":202},"datePublished":"2026-05-12T14:43:06+02:00","dateModified":"2026-05-12T14:46:47+02:00","inLanguage":"pl-PL","mainEntityOfPage":{"@id":"https:\/\/www.spkatarzyna.pl\/index.php\/2026\/05\/12\/egzamin-osmoklasisty-z-matematyki\/#webpage"},"isPartOf":{"@id":"https:\/\/www.spkatarzyna.pl\/index.php\/2026\/05\/12\/egzamin-osmoklasisty-z-matematyki\/#webpage"},"articleSection":"Uncategorized"},{"@type":"BreadcrumbList","@id":"https:\/\/www.spkatarzyna.pl\/index.php\/2026\/05\/12\/egzamin-osmoklasisty-z-matematyki\/#breadcrumblist","itemListElement":[{"@type":"ListItem","@id":"https:\/\/www.spkatarzyna.pl#listItem","position":1,"name":"Dom","item":"https:\/\/www.spkatarzyna.pl","nextItem":{"@type":"ListItem","@id":"https:\/\/www.spkatarzyna.pl\/index.php\/category\/uncategorized\/#listItem","name":"Uncategorized"}},{"@type":"ListItem","@id":"https:\/\/www.spkatarzyna.pl\/index.php\/category\/uncategorized\/#listItem","position":2,"name":"Uncategorized","item":"https:\/\/www.spkatarzyna.pl\/index.php\/category\/uncategorized\/","nextItem":{"@type":"ListItem","@id":"https:\/\/www.spkatarzyna.pl\/index.php\/2026\/05\/12\/egzamin-osmoklasisty-z-matematyki\/#listItem","name":"Egzamin \u00f3smoklasisty z matematyki"},"previousItem":{"@type":"ListItem","@id":"https:\/\/www.spkatarzyna.pl#listItem","name":"Dom"}},{"@type":"ListItem","@id":"https:\/\/www.spkatarzyna.pl\/index.php\/2026\/05\/12\/egzamin-osmoklasisty-z-matematyki\/#listItem","position":3,"name":"Egzamin \u00f3smoklasisty z matematyki","previousItem":{"@type":"ListItem","@id":"https:\/\/www.spkatarzyna.pl\/index.php\/category\/uncategorized\/#listItem","name":"Uncategorized"}}]},{"@type":"Organization","@id":"https:\/\/www.spkatarzyna.pl\/#organization","name":"SP Katarzyna","description":"Publiczna Szko\u0142a Podstawowa w \u015awi\u0119tej Katarzynie","url":"https:\/\/www.spkatarzyna.pl\/","telephone":"+48713116378","sameAs":["https:\/\/facebook.com\/","https:\/\/x.com\/","https:\/\/instagram.com\/","https:\/\/pinterest.com\/","https:\/\/youtube.com\/","https:\/\/linkedin.com\/in\/"]},{"@type":"Person","@id":"https:\/\/www.spkatarzyna.pl\/index.php\/author\/agatasafianspkatarzyna-pl\/#author","url":"https:\/\/www.spkatarzyna.pl\/index.php\/author\/agatasafianspkatarzyna-pl\/","name":"Redakcja","image":{"@type":"ImageObject","@id":"https:\/\/www.spkatarzyna.pl\/index.php\/2026\/05\/12\/egzamin-osmoklasisty-z-matematyki\/#authorImage","url":"https:\/\/secure.gravatar.com\/avatar\/765290513df94d442152250e92b42327?s=96&d=mm&r=g","width":96,"height":96,"caption":"Redakcja"}},{"@type":"WebPage","@id":"https:\/\/www.spkatarzyna.pl\/index.php\/2026\/05\/12\/egzamin-osmoklasisty-z-matematyki\/#webpage","url":"https:\/\/www.spkatarzyna.pl\/index.php\/2026\/05\/12\/egzamin-osmoklasisty-z-matematyki\/","name":"Egzamin \u00f3smoklasisty z matematyki - SP Katarzyna","description":"Za nami drugi dzie\u0144 egzaminu \u00f3smoklasisty. Dzisiaj o godzinie 9:00 uczniowie zmierzyli si\u0119 z kr\u00f3low\u0105 nauk \u2013 matematyk\u0105. Po wyj\u015bciu z sal egzaminacyjnych dominowa\u0142y mieszane uczucia \u2013 od ulgi po o\u017cywione dyskusje nad wynikami konkretnych zada\u0144. Wi\u0119kszo\u015b\u0107 uczni\u00f3w przyznaje, \u017ce czas by\u0142 wystarczaj\u0105cy, cho\u0107 niekt\u00f3re zadania otwarte wymaga\u0142y du\u017cego skupienia. Dwa przedmioty s\u0105 ju\u017c za","inLanguage":"pl-PL","isPartOf":{"@id":"https:\/\/www.spkatarzyna.pl\/#website"},"breadcrumb":{"@id":"https:\/\/www.spkatarzyna.pl\/index.php\/2026\/05\/12\/egzamin-osmoklasisty-z-matematyki\/#breadcrumblist"},"author":{"@id":"https:\/\/www.spkatarzyna.pl\/index.php\/author\/agatasafianspkatarzyna-pl\/#author"},"creator":{"@id":"https:\/\/www.spkatarzyna.pl\/index.php\/author\/agatasafianspkatarzyna-pl\/#author"},"image":{"@type":"ImageObject","url":"https:\/\/www.spkatarzyna.pl\/wp-content\/uploads\/2026\/05\/PHOTO-2026-05-12-09-30-24-2-2.jpg","@id":"https:\/\/www.spkatarzyna.pl\/index.php\/2026\/05\/12\/egzamin-osmoklasisty-z-matematyki\/#mainImage","width":360,"height":202},"primaryImageOfPage":{"@id":"https:\/\/www.spkatarzyna.pl\/index.php\/2026\/05\/12\/egzamin-osmoklasisty-z-matematyki\/#mainImage"},"datePublished":"2026-05-12T14:43:06+02:00","dateModified":"2026-05-12T14:46:47+02:00"},{"@type":"WebSite","@id":"https:\/\/www.spkatarzyna.pl\/#website","url":"https:\/\/www.spkatarzyna.pl\/","name":"SP Katarzyna","description":"Publiczna Szko\u0142a Podstawowa w \u015awi\u0119tej Katarzynie","inLanguage":"pl-PL","publisher":{"@id":"https:\/\/www.spkatarzyna.pl\/#organization"}}]},"og:locale":"pl_PL","og:site_name":"SP Katarzyna - Publiczna Szko\u0142a Podstawowa w \u015awi\u0119tej Katarzynie","og:type":"article","og:title":"Egzamin \u00f3smoklasisty z matematyki - SP Katarzyna","og:description":"Za nami drugi dzie\u0144 egzaminu \u00f3smoklasisty. Dzisiaj o godzinie 9:00 uczniowie zmierzyli si\u0119 z kr\u00f3low\u0105 nauk \u2013 matematyk\u0105. Po wyj\u015bciu z sal egzaminacyjnych dominowa\u0142y mieszane uczucia \u2013 od ulgi po o\u017cywione dyskusje nad wynikami konkretnych zada\u0144. Wi\u0119kszo\u015b\u0107 uczni\u00f3w przyznaje, \u017ce czas by\u0142 wystarczaj\u0105cy, cho\u0107 niekt\u00f3re zadania otwarte wymaga\u0142y du\u017cego skupienia. Dwa przedmioty s\u0105 ju\u017c za","og:url":"https:\/\/www.spkatarzyna.pl\/index.php\/2026\/05\/12\/egzamin-osmoklasisty-z-matematyki\/","article:published_time":"2026-05-12T12:43:06+00:00","article:modified_time":"2026-05-12T12:46:47+00:00","twitter:card":"summary_large_image","twitter:title":"Egzamin \u00f3smoklasisty z matematyki - SP Katarzyna","twitter:description":"Za nami drugi dzie\u0144 egzaminu \u00f3smoklasisty. Dzisiaj o godzinie 9:00 uczniowie zmierzyli si\u0119 z kr\u00f3low\u0105 nauk \u2013 matematyk\u0105. Po wyj\u015bciu z sal egzaminacyjnych dominowa\u0142y mieszane uczucia \u2013 od ulgi po o\u017cywione dyskusje nad wynikami konkretnych zada\u0144. Wi\u0119kszo\u015b\u0107 uczni\u00f3w przyznaje, \u017ce czas by\u0142 wystarczaj\u0105cy, cho\u0107 niekt\u00f3re zadania otwarte wymaga\u0142y du\u017cego skupienia. Dwa przedmioty s\u0105 ju\u017c za"},"aioseo_meta_data":{"post_id":"19735","title":null,"description":null,"keywords":null,"keyphrases":{"focus":{"keyphrase":"","score":0,"analysis":{"keyphraseInTitle":{"score":0,"maxScore":9,"error":1}}},"additional":[]},"primary_term":null,"canonical_url":null,"og_title":null,"og_description":null,"og_object_type":"default","og_image_type":"default","og_image_url":null,"og_image_width":null,"og_image_height":null,"og_image_custom_url":null,"og_image_custom_fields":null,"og_video":"","og_custom_url":null,"og_article_section":null,"og_article_tags":null,"twitter_use_og":false,"twitter_card":"default","twitter_image_type":"default","twitter_image_url":null,"twitter_image_custom_url":null,"twitter_image_custom_fields":null,"twitter_title":null,"twitter_description":null,"schema":{"blockGraphs":[],"customGraphs":[],"default":{"data":{"Article":[],"Course":[],"Dataset":[],"FAQPage":[],"Movie":[],"Person":[],"Product":[],"ProductReview":[],"Car":[],"Recipe":[],"Service":[],"SoftwareApplication":[],"WebPage":[]},"graphName":"BlogPosting","isEnabled":true},"graphs":[]},"schema_type":"default","schema_type_options":null,"pillar_content":false,"robots_default":true,"robots_noindex":false,"robots_noarchive":false,"robots_nosnippet":false,"robots_nofollow":false,"robots_noimageindex":false,"robots_noodp":false,"robots_notranslate":false,"robots_max_snippet":"-1","robots_max_videopreview":"-1","robots_max_imagepreview":"large","priority":null,"frequency":"default","local_seo":null,"limit_modified_date":false,"created":"2026-05-12 12:43:06","updated":"2026-09-03 18:07:36","focus_keyword":null,"additional_keywords":null,"truseo_locale":null,"ai":null,"breadcrumb_settings":null,"seo_analyzer_scan_date":null},"aioseo_breadcrumb":"<div class=\"aioseo-breadcrumbs\"><span class=\"aioseo-breadcrumb\">\n\t\t\t<a href=\"https:\/\/www.spkatarzyna.pl\" title=\"Dom\">Dom<\/a>\n\t\t<\/span><span class=\"aioseo-breadcrumb-separator\">&raquo;<\/span><span class=\"aioseo-breadcrumb\">\n\t\t\t<a href=\"https:\/\/www.spkatarzyna.pl\/index.php\/category\/uncategorized\/\" title=\"Uncategorized\">Uncategorized<\/a>\n\t\t<\/span><span class=\"aioseo-breadcrumb-separator\">&raquo;<\/span><span class=\"aioseo-breadcrumb\">\n\t\t\tEgzamin \u00f3smoklasisty z matematyki\n\t\t<\/span><\/div>","aioseo_breadcrumb_json":[{"label":"Dom","link":"https:\/\/www.spkatarzyna.pl"},{"label":"Uncategorized","link":"https:\/\/www.spkatarzyna.pl\/index.php\/category\/uncategorized\/"},{"label":"Egzamin \u00f3smoklasisty z matematyki","link":"https:\/\/www.spkatarzyna.pl\/index.php\/2026\/05\/12\/egzamin-osmoklasisty-z-matematyki\/"}],"_links":{"self":[{"href":"https:\/\/www.spkatarzyna.pl\/index.php\/wp-json\/wp\/v2\/posts\/19735","targetHints":{"allow":["GET"]}}],"collection":[{"href":"https:\/\/www.spkatarzyna.pl\/index.php\/wp-json\/wp\/v2\/posts"}],"about":[{"href":"https:\/\/www.spkatarzyna.pl\/index.php\/wp-json\/wp\/v2\/types\/post"}],"author":[{"embeddable":true,"href":"https:\/\/www.spkatarzyna.pl\/index.php\/wp-json\/wp\/v2\/users\/6"}],"replies":[{"embeddable":true,"href":"https:\/\/www.spkatarzyna.pl\/index.php\/wp-json\/wp\/v2\/comments?post=19735"}],"version-history":[{"count":5,"href":"https:\/\/www.spkatarzyna.pl\/index.php\/wp-json\/wp\/v2\/posts\/19735\/revisions"}],"predecessor-version":[{"id":19751,"href":"https:\/\/www.spkatarzyna.pl\/index.php\/wp-json\/wp\/v2\/posts\/19735\/revisions\/19751"}],"wp:featuredmedia":[{"embeddable":true,"href":"https:\/\/www.spkatarzyna.pl\/index.php\/wp-json\/wp\/v2\/media\/19736"}],"wp:attachment":[{"href":"https:\/\/www.spkatarzyna.pl\/index.php\/wp-json\/wp\/v2\/media?parent=19735"}],"wp:term":[{"taxonomy":"category","embeddable":true,"href":"https:\/\/www.spkatarzyna.pl\/index.php\/wp-json\/wp\/v2\/categories?post=19735"},{"taxonomy":"post_tag","embeddable":true,"href":"https:\/\/www.spkatarzyna.pl\/index.php\/wp-json\/wp\/v2\/tags?post=19735"}],"curies":[{"name":"wp","href":"https:\/\/api.w.org\/{rel}","templated":true}]}}