{"id":19754,"date":"2026-05-26T09:22:12","date_gmt":"2026-05-26T07:22:12","guid":{"rendered":"https:\/\/www.spkatarzyna.pl\/?p=19754"},"modified":"2026-05-26T09:29:11","modified_gmt":"2026-05-26T07:29:11","slug":"utrudnienia-w-komunikacji-na-l-60-i-87-870","status":"publish","type":"post","link":"https:\/\/www.spkatarzyna.pl\/index.php\/2026\/05\/26\/utrudnienia-w-komunikacji-na-l-60-i-87-870\/","title":{"rendered":"Utrudnienia w komunikacji"},"content":{"rendered":"\t\t<div data-elementor-type=\"wp-post\" data-elementor-id=\"19754\" class=\"elementor elementor-19754\">\n\t\t\t\t<div class=\"elementor-element elementor-element-21602b7c e-flex e-con-boxed e-con e-parent\" data-id=\"21602b7c\" data-element_type=\"container\">\n\t\t\t\t\t<div class=\"e-con-inner\">\n\t\t\t\t<div class=\"elementor-element elementor-element-2323c197 elementor-widget elementor-widget-text-editor\" data-id=\"2323c197\" data-element_type=\"widget\" data-widget_type=\"text-editor.default\">\n\t\t\t\t\t\t\t\t\t<p style=\"font-weight: 400; text-align: justify;\"><span style=\"font-size: 14pt;\"><em>Szanowni Pa\u0144stwo,<\/em><\/span><\/p><p style=\"font-weight: 400; text-align: justify;\"><span style=\"font-size: 14pt;\"><em>w zwi\u0105zku z kolejnym etapem prac remontowych na ul. Ko\u015bciuszki w Zacharzycach od 25 do 29 maja 2026 r. autobusy l. 60 i 87\/870 pojad\u0105 objazdem: Zacharzycka &#8211; Aleja Ostoja My\u015bliwych &#8211; Brochowska &#8211; Bukszpanowa i z powrotem. <\/em><\/span><\/p><p style=\"font-weight: 400; text-align: justify;\"><span style=\"font-size: 14pt;\"><em>W tym czasie przystanki przy ul. Ko\u015bciuszki i Orzechowa b\u0119d\u0105 nieczynne, a zostan\u0105 utworzone <strong>przystanki zast\u0119pcze: na Alei Ostoja My\u015bliwych<\/strong> &#8211; przy skrzy\u017cowaniu z ul. Zacharzyck\u0105 i <strong>na ul. Bukszpanowej<\/strong> u zbiegu z ul. Orzechow\u0105.<\/em><\/span><\/p><ul><li><span style=\"font-size: 14pt;\"><a href=\"https:\/\/www.spkatarzyna.pl\/wp-content\/uploads\/2026\/05\/Linia-60-od-25-maja-2026-r.pdf\">Linia 60 od 25 maja 2026 r.<\/a><\/span><\/li><li><span style=\"font-size: 14pt;\"><a href=\"https:\/\/www.spkatarzyna.pl\/wp-content\/uploads\/2026\/05\/LINIA-87_870-od-25-maja-2026-r.pdf\">LINIA 87_870 od 25 maja 2026 r.<\/a><\/span><\/li><\/ul><p style=\"font-weight: 400; text-align: justify;\"><span style=\"font-size: 14pt;\"><em>Przepraszamy za utrudnienia w komunikacji.<\/em><\/span><\/p>\t\t\t\t\t\t\t\t<\/div>\n\t\t\t\t<div class=\"elementor-element elementor-element-7b7d038 elementor-widget elementor-widget-image\" data-id=\"7b7d038\" data-element_type=\"widget\" data-widget_type=\"image.default\">\n\t\t\t\t\t\t\t\t\t\t\t\t\t\t\t<img fetchpriority=\"high\" decoding=\"async\" width=\"1024\" height=\"770\" src=\"https:\/\/www.spkatarzyna.pl\/wp-content\/uploads\/2026\/05\/Zacharzyce-objazd-z-przystankami-zastepczymi-mapka-1024x770.jpg\" class=\"attachment-large size-large wp-image-19927\" alt=\"\" srcset=\"https:\/\/www.spkatarzyna.pl\/wp-content\/uploads\/2026\/05\/Zacharzyce-objazd-z-przystankami-zastepczymi-mapka-1024x770.jpg 1024w, https:\/\/www.spkatarzyna.pl\/wp-content\/uploads\/2026\/05\/Zacharzyce-objazd-z-przystankami-zastepczymi-mapka-300x226.jpg 300w, https:\/\/www.spkatarzyna.pl\/wp-content\/uploads\/2026\/05\/Zacharzyce-objazd-z-przystankami-zastepczymi-mapka-768x577.jpg 768w, https:\/\/www.spkatarzyna.pl\/wp-content\/uploads\/2026\/05\/Zacharzyce-objazd-z-przystankami-zastepczymi-mapka.jpg 1060w\" sizes=\"(max-width: 1024px) 100vw, 1024px\" \/>\t\t\t\t\t\t\t\t\t\t\t\t\t\t\t<\/div>\n\t\t\t\t\t<\/div>\n\t\t\t\t<\/div>\n\t\t\t\t<\/div>\n\t\t","protected":false},"excerpt":{"rendered":"<p>Szanowni Pa\u0144stwo, w zwi\u0105zku z kolejnym etapem prac remontowych na ul. Ko\u015bciuszki w Zacharzycach od 25 do 29 maja 2026 r. autobusy l. 60 i 87\/870 pojad\u0105 objazdem: Zacharzycka &#8211; Aleja Ostoja My\u015bliwych &#8211; Brochowska &#8211; Bukszpanowa i z powrotem. W tym czasie przystanki przy ul. Ko\u015bciuszki i Orzechowa b\u0119d\u0105 [&hellip;]<\/p>\n","protected":false},"author":6,"featured_media":13879,"comment_status":"open","ping_status":"open","sticky":false,"template":"","format":"standard","meta":{"om_disable_all_campaigns":false,"_monsterinsights_skip_tracking":false,"ngg_post_thumbnail":0,"footnotes":""},"categories":[1],"tags":[],"class_list":["post-19754","post","type-post","status-publish","format-standard","has-post-thumbnail","hentry","category-uncategorized"],"aioseo_notices":[],"aioseo_head":"\n\t\t<!-- All in One SEO 5.0.1.1 - aioseo.com -->\n\t<meta name=\"description\" content=\"Szanowni Pa\u0144stwo,w zwi\u0105zku z kolejnym etapem prac remontowych na ul. Ko\u015bciuszki w Zacharzycach od 25 do 29 maja 2026 r. autobusy l. 60 i 87\/870 pojad\u0105 objazdem: Zacharzycka \u2013 Aleja Ostoja My\u015bliwych \u2013 Brochowska \u2013 Bukszpanowa i z powrotem. W tym czasie przystanki przy ul. Ko\u015bciuszki i Orzechowa b\u0119d\u0105 nieczynne, a zostan\u0105 utworzone przystanki zast\u0119pcze:\" \/>\n\t<meta name=\"robots\" content=\"max-image-preview:large\" \/>\n\t<meta name=\"author\" content=\"Redakcja\"\/>\n\t<link rel=\"canonical\" href=\"https:\/\/www.spkatarzyna.pl\/index.php\/2026\/05\/26\/utrudnienia-w-komunikacji-na-l-60-i-87-870\/\" \/>\n\t<meta name=\"generator\" content=\"All in One SEO (AIOSEO) 5.0.1.1\" \/>\n\t\t<meta property=\"og:locale\" content=\"pl_PL\" \/>\n\t\t<meta property=\"og:site_name\" content=\"SP Katarzyna - Publiczna Szko\u0142a Podstawowa w \u015awi\u0119tej Katarzynie\" \/>\n\t\t<meta property=\"og:type\" content=\"article\" \/>\n\t\t<meta property=\"og:title\" content=\"Utrudnienia w komunikacji - SP Katarzyna\" \/>\n\t\t<meta property=\"og:description\" content=\"Szanowni Pa\u0144stwo,w zwi\u0105zku z kolejnym etapem prac remontowych na ul. Ko\u015bciuszki w Zacharzycach od 25 do 29 maja 2026 r. autobusy l. 60 i 87\/870 pojad\u0105 objazdem: Zacharzycka \u2013 Aleja Ostoja My\u015bliwych \u2013 Brochowska \u2013 Bukszpanowa i z powrotem. W tym czasie przystanki przy ul. Ko\u015bciuszki i Orzechowa b\u0119d\u0105 nieczynne, a zostan\u0105 utworzone przystanki zast\u0119pcze:\" \/>\n\t\t<meta property=\"og:url\" content=\"https:\/\/www.spkatarzyna.pl\/index.php\/2026\/05\/26\/utrudnienia-w-komunikacji-na-l-60-i-87-870\/\" \/>\n\t\t<meta property=\"article:published_time\" content=\"2026-05-26T07:22:12+00:00\" \/>\n\t\t<meta property=\"article:modified_time\" content=\"2026-05-26T07:29:11+00:00\" \/>\n\t\t<meta name=\"twitter:card\" content=\"summary_large_image\" \/>\n\t\t<meta name=\"twitter:title\" content=\"Utrudnienia w komunikacji - SP Katarzyna\" \/>\n\t\t<meta name=\"twitter:description\" content=\"Szanowni Pa\u0144stwo,w zwi\u0105zku z kolejnym etapem prac remontowych na ul. Ko\u015bciuszki w Zacharzycach od 25 do 29 maja 2026 r. autobusy l. 60 i 87\/870 pojad\u0105 objazdem: Zacharzycka \u2013 Aleja Ostoja My\u015bliwych \u2013 Brochowska \u2013 Bukszpanowa i z powrotem. W tym czasie przystanki przy ul. Ko\u015bciuszki i Orzechowa b\u0119d\u0105 nieczynne, a zostan\u0105 utworzone przystanki zast\u0119pcze:\" \/>\n\t\t<script type=\"application\/ld+json\" class=\"aioseo-schema\">\n\t\t\t{\"@context\":\"https:\\\/\\\/schema.org\",\"@graph\":[{\"@type\":\"BlogPosting\",\"@id\":\"https:\\\/\\\/www.spkatarzyna.pl\\\/index.php\\\/2026\\\/05\\\/26\\\/utrudnienia-w-komunikacji-na-l-60-i-87-870\\\/#blogposting\",\"name\":\"Utrudnienia w komunikacji - SP Katarzyna\",\"headline\":\"Utrudnienia w komunikacji\",\"author\":{\"@id\":\"https:\\\/\\\/www.spkatarzyna.pl\\\/index.php\\\/author\\\/agatasafianspkatarzyna-pl\\\/#author\"},\"publisher\":{\"@id\":\"https:\\\/\\\/www.spkatarzyna.pl\\\/#organization\"},\"image\":{\"@type\":\"ImageObject\",\"url\":\"https:\\\/\\\/www.spkatarzyna.pl\\\/wp-content\\\/uploads\\\/2025\\\/01\\\/info-803717_640-2.png\",\"width\":360,\"height\":202},\"datePublished\":\"2026-05-26T09:22:12+02:00\",\"dateModified\":\"2026-05-26T09:29:11+02:00\",\"inLanguage\":\"pl-PL\",\"mainEntityOfPage\":{\"@id\":\"https:\\\/\\\/www.spkatarzyna.pl\\\/index.php\\\/2026\\\/05\\\/26\\\/utrudnienia-w-komunikacji-na-l-60-i-87-870\\\/#webpage\"},\"isPartOf\":{\"@id\":\"https:\\\/\\\/www.spkatarzyna.pl\\\/index.php\\\/2026\\\/05\\\/26\\\/utrudnienia-w-komunikacji-na-l-60-i-87-870\\\/#webpage\"},\"articleSection\":\"Uncategorized\"},{\"@type\":\"BreadcrumbList\",\"@id\":\"https:\\\/\\\/www.spkatarzyna.pl\\\/index.php\\\/2026\\\/05\\\/26\\\/utrudnienia-w-komunikacji-na-l-60-i-87-870\\\/#breadcrumblist\",\"itemListElement\":[{\"@type\":\"ListItem\",\"@id\":\"https:\\\/\\\/www.spkatarzyna.pl#listItem\",\"position\":1,\"name\":\"Dom\",\"item\":\"https:\\\/\\\/www.spkatarzyna.pl\",\"nextItem\":{\"@type\":\"ListItem\",\"@id\":\"https:\\\/\\\/www.spkatarzyna.pl\\\/index.php\\\/category\\\/uncategorized\\\/#listItem\",\"name\":\"Uncategorized\"}},{\"@type\":\"ListItem\",\"@id\":\"https:\\\/\\\/www.spkatarzyna.pl\\\/index.php\\\/category\\\/uncategorized\\\/#listItem\",\"position\":2,\"name\":\"Uncategorized\",\"item\":\"https:\\\/\\\/www.spkatarzyna.pl\\\/index.php\\\/category\\\/uncategorized\\\/\",\"nextItem\":{\"@type\":\"ListItem\",\"@id\":\"https:\\\/\\\/www.spkatarzyna.pl\\\/index.php\\\/2026\\\/05\\\/26\\\/utrudnienia-w-komunikacji-na-l-60-i-87-870\\\/#listItem\",\"name\":\"Utrudnienia w komunikacji\"},\"previousItem\":{\"@type\":\"ListItem\",\"@id\":\"https:\\\/\\\/www.spkatarzyna.pl#listItem\",\"name\":\"Dom\"}},{\"@type\":\"ListItem\",\"@id\":\"https:\\\/\\\/www.spkatarzyna.pl\\\/index.php\\\/2026\\\/05\\\/26\\\/utrudnienia-w-komunikacji-na-l-60-i-87-870\\\/#listItem\",\"position\":3,\"name\":\"Utrudnienia w komunikacji\",\"previousItem\":{\"@type\":\"ListItem\",\"@id\":\"https:\\\/\\\/www.spkatarzyna.pl\\\/index.php\\\/category\\\/uncategorized\\\/#listItem\",\"name\":\"Uncategorized\"}}]},{\"@type\":\"Organization\",\"@id\":\"https:\\\/\\\/www.spkatarzyna.pl\\\/#organization\",\"name\":\"SP Katarzyna\",\"description\":\"Publiczna Szko\\u0142a Podstawowa w \\u015awi\\u0119tej Katarzynie\",\"url\":\"https:\\\/\\\/www.spkatarzyna.pl\\\/\",\"telephone\":\"+48713116378\",\"sameAs\":[\"https:\\\/\\\/facebook.com\\\/\",\"https:\\\/\\\/x.com\\\/\",\"https:\\\/\\\/instagram.com\\\/\",\"https:\\\/\\\/pinterest.com\\\/\",\"https:\\\/\\\/youtube.com\\\/\",\"https:\\\/\\\/linkedin.com\\\/in\\\/\"]},{\"@type\":\"Person\",\"@id\":\"https:\\\/\\\/www.spkatarzyna.pl\\\/index.php\\\/author\\\/agatasafianspkatarzyna-pl\\\/#author\",\"url\":\"https:\\\/\\\/www.spkatarzyna.pl\\\/index.php\\\/author\\\/agatasafianspkatarzyna-pl\\\/\",\"name\":\"Redakcja\",\"image\":{\"@type\":\"ImageObject\",\"@id\":\"https:\\\/\\\/www.spkatarzyna.pl\\\/index.php\\\/2026\\\/05\\\/26\\\/utrudnienia-w-komunikacji-na-l-60-i-87-870\\\/#authorImage\",\"url\":\"https:\\\/\\\/secure.gravatar.com\\\/avatar\\\/765290513df94d442152250e92b42327?s=96&d=mm&r=g\",\"width\":96,\"height\":96,\"caption\":\"Redakcja\"}},{\"@type\":\"WebPage\",\"@id\":\"https:\\\/\\\/www.spkatarzyna.pl\\\/index.php\\\/2026\\\/05\\\/26\\\/utrudnienia-w-komunikacji-na-l-60-i-87-870\\\/#webpage\",\"url\":\"https:\\\/\\\/www.spkatarzyna.pl\\\/index.php\\\/2026\\\/05\\\/26\\\/utrudnienia-w-komunikacji-na-l-60-i-87-870\\\/\",\"name\":\"Utrudnienia w komunikacji - SP Katarzyna\",\"description\":\"Szanowni Pa\\u0144stwo,w zwi\\u0105zku z kolejnym etapem prac remontowych na ul. Ko\\u015bciuszki w Zacharzycach od 25 do 29 maja 2026 r. autobusy l. 60 i 87\\\/870 pojad\\u0105 objazdem: Zacharzycka \\u2013 Aleja Ostoja My\\u015bliwych \\u2013 Brochowska \\u2013 Bukszpanowa i z powrotem. W tym czasie przystanki przy ul. Ko\\u015bciuszki i Orzechowa b\\u0119d\\u0105 nieczynne, a zostan\\u0105 utworzone przystanki zast\\u0119pcze:\",\"inLanguage\":\"pl-PL\",\"isPartOf\":{\"@id\":\"https:\\\/\\\/www.spkatarzyna.pl\\\/#website\"},\"breadcrumb\":{\"@id\":\"https:\\\/\\\/www.spkatarzyna.pl\\\/index.php\\\/2026\\\/05\\\/26\\\/utrudnienia-w-komunikacji-na-l-60-i-87-870\\\/#breadcrumblist\"},\"author\":{\"@id\":\"https:\\\/\\\/www.spkatarzyna.pl\\\/index.php\\\/author\\\/agatasafianspkatarzyna-pl\\\/#author\"},\"creator\":{\"@id\":\"https:\\\/\\\/www.spkatarzyna.pl\\\/index.php\\\/author\\\/agatasafianspkatarzyna-pl\\\/#author\"},\"image\":{\"@type\":\"ImageObject\",\"url\":\"https:\\\/\\\/www.spkatarzyna.pl\\\/wp-content\\\/uploads\\\/2025\\\/01\\\/info-803717_640-2.png\",\"@id\":\"https:\\\/\\\/www.spkatarzyna.pl\\\/index.php\\\/2026\\\/05\\\/26\\\/utrudnienia-w-komunikacji-na-l-60-i-87-870\\\/#mainImage\",\"width\":360,\"height\":202},\"primaryImageOfPage\":{\"@id\":\"https:\\\/\\\/www.spkatarzyna.pl\\\/index.php\\\/2026\\\/05\\\/26\\\/utrudnienia-w-komunikacji-na-l-60-i-87-870\\\/#mainImage\"},\"datePublished\":\"2026-05-26T09:22:12+02:00\",\"dateModified\":\"2026-05-26T09:29:11+02:00\"},{\"@type\":\"WebSite\",\"@id\":\"https:\\\/\\\/www.spkatarzyna.pl\\\/#website\",\"url\":\"https:\\\/\\\/www.spkatarzyna.pl\\\/\",\"name\":\"SP Katarzyna\",\"description\":\"Publiczna Szko\\u0142a Podstawowa w \\u015awi\\u0119tej Katarzynie\",\"inLanguage\":\"pl-PL\",\"publisher\":{\"@id\":\"https:\\\/\\\/www.spkatarzyna.pl\\\/#organization\"}}]}\n\t\t<\/script>\n\t\t<!-- All in One SEO -->\n\n","aioseo_head_json":{"title":"Utrudnienia w komunikacji - SP Katarzyna","description":"Szanowni Pa\u0144stwo,w zwi\u0105zku z kolejnym etapem prac remontowych na ul. Ko\u015bciuszki w Zacharzycach od 25 do 29 maja 2026 r. autobusy l. 60 i 87\/870 pojad\u0105 objazdem: Zacharzycka \u2013 Aleja Ostoja My\u015bliwych \u2013 Brochowska \u2013 Bukszpanowa i z powrotem. W tym czasie przystanki przy ul. Ko\u015bciuszki i Orzechowa b\u0119d\u0105 nieczynne, a zostan\u0105 utworzone przystanki zast\u0119pcze:","canonical_url":"https:\/\/www.spkatarzyna.pl\/index.php\/2026\/05\/26\/utrudnienia-w-komunikacji-na-l-60-i-87-870\/","robots":"max-image-preview:large","keywords":"","webmasterTools":{"miscellaneous":""},"schema":{"@context":"https:\/\/schema.org","@graph":[{"@type":"BlogPosting","@id":"https:\/\/www.spkatarzyna.pl\/index.php\/2026\/05\/26\/utrudnienia-w-komunikacji-na-l-60-i-87-870\/#blogposting","name":"Utrudnienia w komunikacji - SP Katarzyna","headline":"Utrudnienia w komunikacji","author":{"@id":"https:\/\/www.spkatarzyna.pl\/index.php\/author\/agatasafianspkatarzyna-pl\/#author"},"publisher":{"@id":"https:\/\/www.spkatarzyna.pl\/#organization"},"image":{"@type":"ImageObject","url":"https:\/\/www.spkatarzyna.pl\/wp-content\/uploads\/2025\/01\/info-803717_640-2.png","width":360,"height":202},"datePublished":"2026-05-26T09:22:12+02:00","dateModified":"2026-05-26T09:29:11+02:00","inLanguage":"pl-PL","mainEntityOfPage":{"@id":"https:\/\/www.spkatarzyna.pl\/index.php\/2026\/05\/26\/utrudnienia-w-komunikacji-na-l-60-i-87-870\/#webpage"},"isPartOf":{"@id":"https:\/\/www.spkatarzyna.pl\/index.php\/2026\/05\/26\/utrudnienia-w-komunikacji-na-l-60-i-87-870\/#webpage"},"articleSection":"Uncategorized"},{"@type":"BreadcrumbList","@id":"https:\/\/www.spkatarzyna.pl\/index.php\/2026\/05\/26\/utrudnienia-w-komunikacji-na-l-60-i-87-870\/#breadcrumblist","itemListElement":[{"@type":"ListItem","@id":"https:\/\/www.spkatarzyna.pl#listItem","position":1,"name":"Dom","item":"https:\/\/www.spkatarzyna.pl","nextItem":{"@type":"ListItem","@id":"https:\/\/www.spkatarzyna.pl\/index.php\/category\/uncategorized\/#listItem","name":"Uncategorized"}},{"@type":"ListItem","@id":"https:\/\/www.spkatarzyna.pl\/index.php\/category\/uncategorized\/#listItem","position":2,"name":"Uncategorized","item":"https:\/\/www.spkatarzyna.pl\/index.php\/category\/uncategorized\/","nextItem":{"@type":"ListItem","@id":"https:\/\/www.spkatarzyna.pl\/index.php\/2026\/05\/26\/utrudnienia-w-komunikacji-na-l-60-i-87-870\/#listItem","name":"Utrudnienia w komunikacji"},"previousItem":{"@type":"ListItem","@id":"https:\/\/www.spkatarzyna.pl#listItem","name":"Dom"}},{"@type":"ListItem","@id":"https:\/\/www.spkatarzyna.pl\/index.php\/2026\/05\/26\/utrudnienia-w-komunikacji-na-l-60-i-87-870\/#listItem","position":3,"name":"Utrudnienia w komunikacji","previousItem":{"@type":"ListItem","@id":"https:\/\/www.spkatarzyna.pl\/index.php\/category\/uncategorized\/#listItem","name":"Uncategorized"}}]},{"@type":"Organization","@id":"https:\/\/www.spkatarzyna.pl\/#organization","name":"SP Katarzyna","description":"Publiczna Szko\u0142a Podstawowa w \u015awi\u0119tej Katarzynie","url":"https:\/\/www.spkatarzyna.pl\/","telephone":"+48713116378","sameAs":["https:\/\/facebook.com\/","https:\/\/x.com\/","https:\/\/instagram.com\/","https:\/\/pinterest.com\/","https:\/\/youtube.com\/","https:\/\/linkedin.com\/in\/"]},{"@type":"Person","@id":"https:\/\/www.spkatarzyna.pl\/index.php\/author\/agatasafianspkatarzyna-pl\/#author","url":"https:\/\/www.spkatarzyna.pl\/index.php\/author\/agatasafianspkatarzyna-pl\/","name":"Redakcja","image":{"@type":"ImageObject","@id":"https:\/\/www.spkatarzyna.pl\/index.php\/2026\/05\/26\/utrudnienia-w-komunikacji-na-l-60-i-87-870\/#authorImage","url":"https:\/\/secure.gravatar.com\/avatar\/765290513df94d442152250e92b42327?s=96&d=mm&r=g","width":96,"height":96,"caption":"Redakcja"}},{"@type":"WebPage","@id":"https:\/\/www.spkatarzyna.pl\/index.php\/2026\/05\/26\/utrudnienia-w-komunikacji-na-l-60-i-87-870\/#webpage","url":"https:\/\/www.spkatarzyna.pl\/index.php\/2026\/05\/26\/utrudnienia-w-komunikacji-na-l-60-i-87-870\/","name":"Utrudnienia w komunikacji - SP Katarzyna","description":"Szanowni Pa\u0144stwo,w zwi\u0105zku z kolejnym etapem prac remontowych na ul. Ko\u015bciuszki w Zacharzycach od 25 do 29 maja 2026 r. autobusy l. 60 i 87\/870 pojad\u0105 objazdem: Zacharzycka \u2013 Aleja Ostoja My\u015bliwych \u2013 Brochowska \u2013 Bukszpanowa i z powrotem. W tym czasie przystanki przy ul. Ko\u015bciuszki i Orzechowa b\u0119d\u0105 nieczynne, a zostan\u0105 utworzone przystanki zast\u0119pcze:","inLanguage":"pl-PL","isPartOf":{"@id":"https:\/\/www.spkatarzyna.pl\/#website"},"breadcrumb":{"@id":"https:\/\/www.spkatarzyna.pl\/index.php\/2026\/05\/26\/utrudnienia-w-komunikacji-na-l-60-i-87-870\/#breadcrumblist"},"author":{"@id":"https:\/\/www.spkatarzyna.pl\/index.php\/author\/agatasafianspkatarzyna-pl\/#author"},"creator":{"@id":"https:\/\/www.spkatarzyna.pl\/index.php\/author\/agatasafianspkatarzyna-pl\/#author"},"image":{"@type":"ImageObject","url":"https:\/\/www.spkatarzyna.pl\/wp-content\/uploads\/2025\/01\/info-803717_640-2.png","@id":"https:\/\/www.spkatarzyna.pl\/index.php\/2026\/05\/26\/utrudnienia-w-komunikacji-na-l-60-i-87-870\/#mainImage","width":360,"height":202},"primaryImageOfPage":{"@id":"https:\/\/www.spkatarzyna.pl\/index.php\/2026\/05\/26\/utrudnienia-w-komunikacji-na-l-60-i-87-870\/#mainImage"},"datePublished":"2026-05-26T09:22:12+02:00","dateModified":"2026-05-26T09:29:11+02:00"},{"@type":"WebSite","@id":"https:\/\/www.spkatarzyna.pl\/#website","url":"https:\/\/www.spkatarzyna.pl\/","name":"SP Katarzyna","description":"Publiczna Szko\u0142a Podstawowa w \u015awi\u0119tej Katarzynie","inLanguage":"pl-PL","publisher":{"@id":"https:\/\/www.spkatarzyna.pl\/#organization"}}]},"og:locale":"pl_PL","og:site_name":"SP Katarzyna - Publiczna Szko\u0142a Podstawowa w \u015awi\u0119tej Katarzynie","og:type":"article","og:title":"Utrudnienia w komunikacji - SP Katarzyna","og:description":"Szanowni Pa\u0144stwo,w zwi\u0105zku z kolejnym etapem prac remontowych na ul. Ko\u015bciuszki w Zacharzycach od 25 do 29 maja 2026 r. autobusy l. 60 i 87\/870 pojad\u0105 objazdem: Zacharzycka \u2013 Aleja Ostoja My\u015bliwych \u2013 Brochowska \u2013 Bukszpanowa i z powrotem. W tym czasie przystanki przy ul. Ko\u015bciuszki i Orzechowa b\u0119d\u0105 nieczynne, a zostan\u0105 utworzone przystanki zast\u0119pcze:","og:url":"https:\/\/www.spkatarzyna.pl\/index.php\/2026\/05\/26\/utrudnienia-w-komunikacji-na-l-60-i-87-870\/","article:published_time":"2026-05-26T07:22:12+00:00","article:modified_time":"2026-05-26T07:29:11+00:00","twitter:card":"summary_large_image","twitter:title":"Utrudnienia w komunikacji - SP Katarzyna","twitter:description":"Szanowni Pa\u0144stwo,w zwi\u0105zku z kolejnym etapem prac remontowych na ul. Ko\u015bciuszki w Zacharzycach od 25 do 29 maja 2026 r. autobusy l. 60 i 87\/870 pojad\u0105 objazdem: Zacharzycka \u2013 Aleja Ostoja My\u015bliwych \u2013 Brochowska \u2013 Bukszpanowa i z powrotem. W tym czasie przystanki przy ul. Ko\u015bciuszki i Orzechowa b\u0119d\u0105 nieczynne, a zostan\u0105 utworzone przystanki zast\u0119pcze:"},"aioseo_meta_data":{"post_id":"19754","title":null,"description":null,"keywords":null,"keyphrases":{"focus":{"keyphrase":"","score":0,"analysis":{"keyphraseInTitle":{"score":0,"maxScore":9,"error":1}}},"additional":[]},"primary_term":null,"canonical_url":null,"og_title":null,"og_description":null,"og_object_type":"default","og_image_type":"default","og_image_url":null,"og_image_width":null,"og_image_height":null,"og_image_custom_url":null,"og_image_custom_fields":null,"og_video":"","og_custom_url":null,"og_article_section":null,"og_article_tags":null,"twitter_use_og":false,"twitter_card":"default","twitter_image_type":"default","twitter_image_url":null,"twitter_image_custom_url":null,"twitter_image_custom_fields":null,"twitter_title":null,"twitter_description":null,"schema":{"blockGraphs":[],"customGraphs":[],"default":{"data":{"Article":[],"Course":[],"Dataset":[],"FAQPage":[],"Movie":[],"Person":[],"Product":[],"ProductReview":[],"Car":[],"Recipe":[],"Service":[],"SoftwareApplication":[],"WebPage":[]},"graphName":"BlogPosting","isEnabled":true},"graphs":[]},"schema_type":"default","schema_type_options":null,"pillar_content":false,"robots_default":true,"robots_noindex":false,"robots_noarchive":false,"robots_nosnippet":false,"robots_nofollow":false,"robots_noimageindex":false,"robots_noodp":false,"robots_notranslate":false,"robots_max_snippet":"-1","robots_max_videopreview":"-1","robots_max_imagepreview":"large","priority":null,"frequency":"default","local_seo":null,"limit_modified_date":false,"created":"2026-05-13 15:49:12","updated":"2026-09-03 18:15:05","focus_keyword":null,"additional_keywords":null,"truseo_locale":null,"ai":null,"breadcrumb_settings":null,"seo_analyzer_scan_date":null},"aioseo_breadcrumb":"<div class=\"aioseo-breadcrumbs\"><span class=\"aioseo-breadcrumb\">\n\t\t\t<a href=\"https:\/\/www.spkatarzyna.pl\" title=\"Dom\">Dom<\/a>\n\t\t<\/span><span class=\"aioseo-breadcrumb-separator\">&raquo;<\/span><span class=\"aioseo-breadcrumb\">\n\t\t\t<a href=\"https:\/\/www.spkatarzyna.pl\/index.php\/category\/uncategorized\/\" title=\"Uncategorized\">Uncategorized<\/a>\n\t\t<\/span><span class=\"aioseo-breadcrumb-separator\">&raquo;<\/span><span class=\"aioseo-breadcrumb\">\n\t\t\tUtrudnienia w komunikacji\n\t\t<\/span><\/div>","aioseo_breadcrumb_json":[{"label":"Dom","link":"https:\/\/www.spkatarzyna.pl"},{"label":"Uncategorized","link":"https:\/\/www.spkatarzyna.pl\/index.php\/category\/uncategorized\/"},{"label":"Utrudnienia w komunikacji","link":"https:\/\/www.spkatarzyna.pl\/index.php\/2026\/05\/26\/utrudnienia-w-komunikacji-na-l-60-i-87-870\/"}],"_links":{"self":[{"href":"https:\/\/www.spkatarzyna.pl\/index.php\/wp-json\/wp\/v2\/posts\/19754","targetHints":{"allow":["GET"]}}],"collection":[{"href":"https:\/\/www.spkatarzyna.pl\/index.php\/wp-json\/wp\/v2\/posts"}],"about":[{"href":"https:\/\/www.spkatarzyna.pl\/index.php\/wp-json\/wp\/v2\/types\/post"}],"author":[{"embeddable":true,"href":"https:\/\/www.spkatarzyna.pl\/index.php\/wp-json\/wp\/v2\/users\/6"}],"replies":[{"embeddable":true,"href":"https:\/\/www.spkatarzyna.pl\/index.php\/wp-json\/wp\/v2\/comments?post=19754"}],"version-history":[{"count":11,"href":"https:\/\/www.spkatarzyna.pl\/index.php\/wp-json\/wp\/v2\/posts\/19754\/revisions"}],"predecessor-version":[{"id":19931,"href":"https:\/\/www.spkatarzyna.pl\/index.php\/wp-json\/wp\/v2\/posts\/19754\/revisions\/19931"}],"wp:featuredmedia":[{"embeddable":true,"href":"https:\/\/www.spkatarzyna.pl\/index.php\/wp-json\/wp\/v2\/media\/13879"}],"wp:attachment":[{"href":"https:\/\/www.spkatarzyna.pl\/index.php\/wp-json\/wp\/v2\/media?parent=19754"}],"wp:term":[{"taxonomy":"category","embeddable":true,"href":"https:\/\/www.spkatarzyna.pl\/index.php\/wp-json\/wp\/v2\/categories?post=19754"},{"taxonomy":"post_tag","embeddable":true,"href":"https:\/\/www.spkatarzyna.pl\/index.php\/wp-json\/wp\/v2\/tags?post=19754"}],"curies":[{"name":"wp","href":"https:\/\/api.w.org\/{rel}","templated":true}]}}