{"id":19787,"date":"2026-05-18T09:15:45","date_gmt":"2026-05-18T07:15:45","guid":{"rendered":"https:\/\/www.spkatarzyna.pl\/?p=19787"},"modified":"2026-05-18T09:20:48","modified_gmt":"2026-05-18T07:20:48","slug":"zbiorka-dla-azylu-dla-krolikow-w-toruniu-2","status":"publish","type":"post","link":"https:\/\/www.spkatarzyna.pl\/index.php\/2026\/05\/18\/zbiorka-dla-azylu-dla-krolikow-w-toruniu-2\/","title":{"rendered":"Zbi\u00f3rka dla Azylu dla Kr\u00f3lik\u00f3w w Toruniu"},"content":{"rendered":"\t\t<div data-elementor-type=\"wp-post\" data-elementor-id=\"19787\" class=\"elementor elementor-19787\">\n\t\t\t\t<div class=\"elementor-element elementor-element-2b9fb38e e-flex e-con-boxed e-con e-parent\" data-id=\"2b9fb38e\" data-element_type=\"container\">\n\t\t\t\t\t<div class=\"e-con-inner\">\n\t\t\t\t<div class=\"elementor-element elementor-element-1e73c3e8 elementor-widget elementor-widget-text-editor\" data-id=\"1e73c3e8\" data-element_type=\"widget\" data-widget_type=\"text-editor.default\">\n\t\t\t\t\t\t\t\t\t<p style=\"text-align: justify;\"><span style=\"color: #000000; font-family: georgia, palatino, serif; font-size: 14pt;\">Dzi\u0119kuj\u0119 za ogromne zaanga\u017cowanie w zbi\u00f3rk\u0119 dla Azylu dla Kr\u00f3lik\u00f3w w Toruniu!<br \/>Dzi\u0119ki wsp\u00f3lnej pomocy uczni\u00f3w, rodzic\u00f3w i pracownik\u00f3w szko\u0142y uda\u0142o si\u0119 zebra\u0107 naprawd\u0119 wiele potrzebnych rzeczy. W sumie do Azylu wys\u0142ano a\u017c 3 kartony dar\u00f3w!<br \/>To wspaniale, \u017ce po raz kolejny nasza szko\u0142a pokaza\u0142a wielkie serca i ch\u0119\u0107 niesienia pomocy zwierz\u0119tom.<\/span><\/p><p style=\"text-align: right;\"><span style=\"font-size: 14pt; font-family: georgia, palatino, serif;\">Katarzyna Mazur<\/span><\/p>\t\t\t\t\t\t\t\t<\/div>\n\t\t\t\t<div class=\"elementor-element elementor-element-b77f537 elementor-widget elementor-widget-image-gallery\" data-id=\"b77f537\" data-element_type=\"widget\" data-widget_type=\"image-gallery.default\">\n\t\t\t\t\t\t\t<div class=\"elementor-image-gallery\">\n\t\t\t\n\t\t<div id='gallery-1' class='gallery galleryid-19787 gallery-columns-2 gallery-size-thumbnail gallery1'><script type=\"text\/javascript\">\n\/\/ <![CDATA[\n\tjQuery(document).ready(function () {\n\t\tjQuery(\".gallery1 a\").attr(\"rel\",\"gallery1\");\t\n\t\tjQuery('a[rel=\"gallery1\"]').colorbox({title: function(){ return jQuery(this).children().attr(\"alt\"); }});\n\t});\n\/\/ ]]>\n<\/script>\n<dl class=\"gallery-item\">\n<dt class=\"gallery-icon\">\n<a href=\"https:\/\/www.spkatarzyna.pl\/wp-content\/uploads\/2026\/05\/podziekowanie-na-strone-300x169.png\" title=\"\" rel=\"gallery1\" rel=\"lightbox[19787]\"><img decoding=\"async\" src=\"https:\/\/www.spkatarzyna.pl\/wp-content\/uploads\/2026\/05\/podziekowanie-na-strone-150x150.png\" width=\"150\" height=\"150\" alt=\"\" \/><\/a>\n<\/dt><\/dl><dl class=\"gallery-item\">\n<dt class=\"gallery-icon\">\n<a href=\"https:\/\/www.spkatarzyna.pl\/wp-content\/uploads\/2026\/05\/zbiorka-azyl-169x300.jpg\" title=\"\" rel=\"gallery1\" rel=\"lightbox[19787]\"><img decoding=\"async\" src=\"https:\/\/www.spkatarzyna.pl\/wp-content\/uploads\/2026\/05\/zbiorka-azyl-150x150.jpg\" width=\"150\" height=\"150\" alt=\"\" \/><\/a>\n<\/dt><\/dl><br style=\"clear: both\" \/><br style=\"clear: both\" \/><\/div>\t\t<\/div>\n\t\t\t\t\t\t<\/div>\n\t\t\t\t\t<\/div>\n\t\t\t\t<\/div>\n\t\t\t\t<\/div>\n\t\t","protected":false},"excerpt":{"rendered":"<p>Dzi\u0119kuj\u0119 za ogromne zaanga\u017cowanie w zbi\u00f3rk\u0119 dla Azylu dla Kr\u00f3lik\u00f3w w Toruniu!Dzi\u0119ki wsp\u00f3lnej pomocy uczni\u00f3w, rodzic\u00f3w i pracownik\u00f3w szko\u0142y uda\u0142o si\u0119 zebra\u0107 naprawd\u0119 wiele potrzebnych rzeczy. W sumie do Azylu wys\u0142ano a\u017c 3 kartony dar\u00f3w!To wspaniale, \u017ce po raz kolejny nasza szko\u0142a pokaza\u0142a wielkie serca i ch\u0119\u0107 niesienia pomocy zwierz\u0119tom. [&hellip;]<\/p>\n","protected":false},"author":6,"featured_media":19788,"comment_status":"open","ping_status":"open","sticky":false,"template":"","format":"standard","meta":{"om_disable_all_campaigns":false,"_monsterinsights_skip_tracking":false,"ngg_post_thumbnail":0,"footnotes":""},"categories":[1],"tags":[],"class_list":["post-19787","post","type-post","status-publish","format-standard","has-post-thumbnail","hentry","category-uncategorized"],"aioseo_notices":[],"aioseo_head":"\n\t\t<!-- All in One SEO 5.0.1.1 - aioseo.com -->\n\t<meta name=\"description\" content=\"Dzi\u0119kuj\u0119 za ogromne zaanga\u017cowanie w zbi\u00f3rk\u0119 dla Azylu dla Kr\u00f3lik\u00f3w w Toruniu!Dzi\u0119ki wsp\u00f3lnej pomocy uczni\u00f3w, rodzic\u00f3w i pracownik\u00f3w szko\u0142y uda\u0142o si\u0119 zebra\u0107 naprawd\u0119 wiele potrzebnych rzeczy. W sumie do Azylu wys\u0142ano a\u017c 3 kartony dar\u00f3w!To wspaniale, \u017ce po raz kolejny nasza szko\u0142a pokaza\u0142a wielkie serca i ch\u0119\u0107 niesienia pomocy zwierz\u0119tom.Katarzyna Mazur\" \/>\n\t<meta name=\"robots\" content=\"max-image-preview:large\" \/>\n\t<meta name=\"author\" content=\"Redakcja\"\/>\n\t<link rel=\"canonical\" href=\"https:\/\/www.spkatarzyna.pl\/index.php\/2026\/05\/18\/zbiorka-dla-azylu-dla-krolikow-w-toruniu-2\/\" \/>\n\t<meta name=\"generator\" content=\"All in One SEO (AIOSEO) 5.0.1.1\" \/>\n\t\t<meta property=\"og:locale\" content=\"pl_PL\" \/>\n\t\t<meta property=\"og:site_name\" content=\"SP Katarzyna - Publiczna Szko\u0142a Podstawowa w \u015awi\u0119tej Katarzynie\" \/>\n\t\t<meta property=\"og:type\" content=\"article\" \/>\n\t\t<meta property=\"og:title\" content=\"Zbi\u00f3rka dla Azylu dla Kr\u00f3lik\u00f3w w Toruniu - SP Katarzyna\" \/>\n\t\t<meta property=\"og:description\" content=\"Dzi\u0119kuj\u0119 za ogromne zaanga\u017cowanie w zbi\u00f3rk\u0119 dla Azylu dla Kr\u00f3lik\u00f3w w Toruniu!Dzi\u0119ki wsp\u00f3lnej pomocy uczni\u00f3w, rodzic\u00f3w i pracownik\u00f3w szko\u0142y uda\u0142o si\u0119 zebra\u0107 naprawd\u0119 wiele potrzebnych rzeczy. W sumie do Azylu wys\u0142ano a\u017c 3 kartony dar\u00f3w!To wspaniale, \u017ce po raz kolejny nasza szko\u0142a pokaza\u0142a wielkie serca i ch\u0119\u0107 niesienia pomocy zwierz\u0119tom.Katarzyna Mazur\" \/>\n\t\t<meta property=\"og:url\" content=\"https:\/\/www.spkatarzyna.pl\/index.php\/2026\/05\/18\/zbiorka-dla-azylu-dla-krolikow-w-toruniu-2\/\" \/>\n\t\t<meta property=\"article:published_time\" content=\"2026-05-18T07:15:45+00:00\" \/>\n\t\t<meta property=\"article:modified_time\" content=\"2026-05-18T07:20:48+00:00\" \/>\n\t\t<meta name=\"twitter:card\" content=\"summary_large_image\" \/>\n\t\t<meta name=\"twitter:title\" content=\"Zbi\u00f3rka dla Azylu dla Kr\u00f3lik\u00f3w w Toruniu - SP Katarzyna\" \/>\n\t\t<meta name=\"twitter:description\" content=\"Dzi\u0119kuj\u0119 za ogromne zaanga\u017cowanie w zbi\u00f3rk\u0119 dla Azylu dla Kr\u00f3lik\u00f3w w Toruniu!Dzi\u0119ki wsp\u00f3lnej pomocy uczni\u00f3w, rodzic\u00f3w i pracownik\u00f3w szko\u0142y uda\u0142o si\u0119 zebra\u0107 naprawd\u0119 wiele potrzebnych rzeczy. W sumie do Azylu wys\u0142ano a\u017c 3 kartony dar\u00f3w!To wspaniale, \u017ce po raz kolejny nasza szko\u0142a pokaza\u0142a wielkie serca i ch\u0119\u0107 niesienia pomocy zwierz\u0119tom.Katarzyna Mazur\" \/>\n\t\t<script type=\"application\/ld+json\" class=\"aioseo-schema\">\n\t\t\t{\"@context\":\"https:\\\/\\\/schema.org\",\"@graph\":[{\"@type\":\"BlogPosting\",\"@id\":\"https:\\\/\\\/www.spkatarzyna.pl\\\/index.php\\\/2026\\\/05\\\/18\\\/zbiorka-dla-azylu-dla-krolikow-w-toruniu-2\\\/#blogposting\",\"name\":\"Zbi\\u00f3rka dla Azylu dla Kr\\u00f3lik\\u00f3w w Toruniu - SP Katarzyna\",\"headline\":\"Zbi\\u00f3rka dla Azylu dla Kr\\u00f3lik\\u00f3w w Toruniu\",\"author\":{\"@id\":\"https:\\\/\\\/www.spkatarzyna.pl\\\/index.php\\\/author\\\/agatasafianspkatarzyna-pl\\\/#author\"},\"publisher\":{\"@id\":\"https:\\\/\\\/www.spkatarzyna.pl\\\/#organization\"},\"image\":{\"@type\":\"ImageObject\",\"url\":\"https:\\\/\\\/www.spkatarzyna.pl\\\/wp-content\\\/uploads\\\/2026\\\/05\\\/podziekowanie-na-strone-2.png\",\"width\":360,\"height\":202},\"datePublished\":\"2026-05-18T09:15:45+02:00\",\"dateModified\":\"2026-05-18T09:20:48+02:00\",\"inLanguage\":\"pl-PL\",\"mainEntityOfPage\":{\"@id\":\"https:\\\/\\\/www.spkatarzyna.pl\\\/index.php\\\/2026\\\/05\\\/18\\\/zbiorka-dla-azylu-dla-krolikow-w-toruniu-2\\\/#webpage\"},\"isPartOf\":{\"@id\":\"https:\\\/\\\/www.spkatarzyna.pl\\\/index.php\\\/2026\\\/05\\\/18\\\/zbiorka-dla-azylu-dla-krolikow-w-toruniu-2\\\/#webpage\"},\"articleSection\":\"Uncategorized\"},{\"@type\":\"BreadcrumbList\",\"@id\":\"https:\\\/\\\/www.spkatarzyna.pl\\\/index.php\\\/2026\\\/05\\\/18\\\/zbiorka-dla-azylu-dla-krolikow-w-toruniu-2\\\/#breadcrumblist\",\"itemListElement\":[{\"@type\":\"ListItem\",\"@id\":\"https:\\\/\\\/www.spkatarzyna.pl#listItem\",\"position\":1,\"name\":\"Dom\",\"item\":\"https:\\\/\\\/www.spkatarzyna.pl\",\"nextItem\":{\"@type\":\"ListItem\",\"@id\":\"https:\\\/\\\/www.spkatarzyna.pl\\\/index.php\\\/category\\\/uncategorized\\\/#listItem\",\"name\":\"Uncategorized\"}},{\"@type\":\"ListItem\",\"@id\":\"https:\\\/\\\/www.spkatarzyna.pl\\\/index.php\\\/category\\\/uncategorized\\\/#listItem\",\"position\":2,\"name\":\"Uncategorized\",\"item\":\"https:\\\/\\\/www.spkatarzyna.pl\\\/index.php\\\/category\\\/uncategorized\\\/\",\"nextItem\":{\"@type\":\"ListItem\",\"@id\":\"https:\\\/\\\/www.spkatarzyna.pl\\\/index.php\\\/2026\\\/05\\\/18\\\/zbiorka-dla-azylu-dla-krolikow-w-toruniu-2\\\/#listItem\",\"name\":\"Zbi\\u00f3rka dla Azylu dla Kr\\u00f3lik\\u00f3w w Toruniu\"},\"previousItem\":{\"@type\":\"ListItem\",\"@id\":\"https:\\\/\\\/www.spkatarzyna.pl#listItem\",\"name\":\"Dom\"}},{\"@type\":\"ListItem\",\"@id\":\"https:\\\/\\\/www.spkatarzyna.pl\\\/index.php\\\/2026\\\/05\\\/18\\\/zbiorka-dla-azylu-dla-krolikow-w-toruniu-2\\\/#listItem\",\"position\":3,\"name\":\"Zbi\\u00f3rka dla Azylu dla Kr\\u00f3lik\\u00f3w w Toruniu\",\"previousItem\":{\"@type\":\"ListItem\",\"@id\":\"https:\\\/\\\/www.spkatarzyna.pl\\\/index.php\\\/category\\\/uncategorized\\\/#listItem\",\"name\":\"Uncategorized\"}}]},{\"@type\":\"Organization\",\"@id\":\"https:\\\/\\\/www.spkatarzyna.pl\\\/#organization\",\"name\":\"SP Katarzyna\",\"description\":\"Publiczna Szko\\u0142a Podstawowa w \\u015awi\\u0119tej Katarzynie\",\"url\":\"https:\\\/\\\/www.spkatarzyna.pl\\\/\",\"telephone\":\"+48713116378\",\"sameAs\":[\"https:\\\/\\\/facebook.com\\\/\",\"https:\\\/\\\/x.com\\\/\",\"https:\\\/\\\/instagram.com\\\/\",\"https:\\\/\\\/pinterest.com\\\/\",\"https:\\\/\\\/youtube.com\\\/\",\"https:\\\/\\\/linkedin.com\\\/in\\\/\"]},{\"@type\":\"Person\",\"@id\":\"https:\\\/\\\/www.spkatarzyna.pl\\\/index.php\\\/author\\\/agatasafianspkatarzyna-pl\\\/#author\",\"url\":\"https:\\\/\\\/www.spkatarzyna.pl\\\/index.php\\\/author\\\/agatasafianspkatarzyna-pl\\\/\",\"name\":\"Redakcja\",\"image\":{\"@type\":\"ImageObject\",\"@id\":\"https:\\\/\\\/www.spkatarzyna.pl\\\/index.php\\\/2026\\\/05\\\/18\\\/zbiorka-dla-azylu-dla-krolikow-w-toruniu-2\\\/#authorImage\",\"url\":\"https:\\\/\\\/secure.gravatar.com\\\/avatar\\\/765290513df94d442152250e92b42327?s=96&d=mm&r=g\",\"width\":96,\"height\":96,\"caption\":\"Redakcja\"}},{\"@type\":\"WebPage\",\"@id\":\"https:\\\/\\\/www.spkatarzyna.pl\\\/index.php\\\/2026\\\/05\\\/18\\\/zbiorka-dla-azylu-dla-krolikow-w-toruniu-2\\\/#webpage\",\"url\":\"https:\\\/\\\/www.spkatarzyna.pl\\\/index.php\\\/2026\\\/05\\\/18\\\/zbiorka-dla-azylu-dla-krolikow-w-toruniu-2\\\/\",\"name\":\"Zbi\\u00f3rka dla Azylu dla Kr\\u00f3lik\\u00f3w w Toruniu - SP Katarzyna\",\"description\":\"Dzi\\u0119kuj\\u0119 za ogromne zaanga\\u017cowanie w zbi\\u00f3rk\\u0119 dla Azylu dla Kr\\u00f3lik\\u00f3w w Toruniu!Dzi\\u0119ki wsp\\u00f3lnej pomocy uczni\\u00f3w, rodzic\\u00f3w i pracownik\\u00f3w szko\\u0142y uda\\u0142o si\\u0119 zebra\\u0107 naprawd\\u0119 wiele potrzebnych rzeczy. W sumie do Azylu wys\\u0142ano a\\u017c 3 kartony dar\\u00f3w!To wspaniale, \\u017ce po raz kolejny nasza szko\\u0142a pokaza\\u0142a wielkie serca i ch\\u0119\\u0107 niesienia pomocy zwierz\\u0119tom.Katarzyna Mazur\",\"inLanguage\":\"pl-PL\",\"isPartOf\":{\"@id\":\"https:\\\/\\\/www.spkatarzyna.pl\\\/#website\"},\"breadcrumb\":{\"@id\":\"https:\\\/\\\/www.spkatarzyna.pl\\\/index.php\\\/2026\\\/05\\\/18\\\/zbiorka-dla-azylu-dla-krolikow-w-toruniu-2\\\/#breadcrumblist\"},\"author\":{\"@id\":\"https:\\\/\\\/www.spkatarzyna.pl\\\/index.php\\\/author\\\/agatasafianspkatarzyna-pl\\\/#author\"},\"creator\":{\"@id\":\"https:\\\/\\\/www.spkatarzyna.pl\\\/index.php\\\/author\\\/agatasafianspkatarzyna-pl\\\/#author\"},\"image\":{\"@type\":\"ImageObject\",\"url\":\"https:\\\/\\\/www.spkatarzyna.pl\\\/wp-content\\\/uploads\\\/2026\\\/05\\\/podziekowanie-na-strone-2.png\",\"@id\":\"https:\\\/\\\/www.spkatarzyna.pl\\\/index.php\\\/2026\\\/05\\\/18\\\/zbiorka-dla-azylu-dla-krolikow-w-toruniu-2\\\/#mainImage\",\"width\":360,\"height\":202},\"primaryImageOfPage\":{\"@id\":\"https:\\\/\\\/www.spkatarzyna.pl\\\/index.php\\\/2026\\\/05\\\/18\\\/zbiorka-dla-azylu-dla-krolikow-w-toruniu-2\\\/#mainImage\"},\"datePublished\":\"2026-05-18T09:15:45+02:00\",\"dateModified\":\"2026-05-18T09:20:48+02:00\"},{\"@type\":\"WebSite\",\"@id\":\"https:\\\/\\\/www.spkatarzyna.pl\\\/#website\",\"url\":\"https:\\\/\\\/www.spkatarzyna.pl\\\/\",\"name\":\"SP Katarzyna\",\"description\":\"Publiczna Szko\\u0142a Podstawowa w \\u015awi\\u0119tej Katarzynie\",\"inLanguage\":\"pl-PL\",\"publisher\":{\"@id\":\"https:\\\/\\\/www.spkatarzyna.pl\\\/#organization\"}}]}\n\t\t<\/script>\n\t\t<!-- All in One SEO -->\n\n","aioseo_head_json":{"title":"Zbi\u00f3rka dla Azylu dla Kr\u00f3lik\u00f3w w Toruniu - SP Katarzyna","description":"Dzi\u0119kuj\u0119 za ogromne zaanga\u017cowanie w zbi\u00f3rk\u0119 dla Azylu dla Kr\u00f3lik\u00f3w w Toruniu!Dzi\u0119ki wsp\u00f3lnej pomocy uczni\u00f3w, rodzic\u00f3w i pracownik\u00f3w szko\u0142y uda\u0142o si\u0119 zebra\u0107 naprawd\u0119 wiele potrzebnych rzeczy. W sumie do Azylu wys\u0142ano a\u017c 3 kartony dar\u00f3w!To wspaniale, \u017ce po raz kolejny nasza szko\u0142a pokaza\u0142a wielkie serca i ch\u0119\u0107 niesienia pomocy zwierz\u0119tom.Katarzyna Mazur","canonical_url":"https:\/\/www.spkatarzyna.pl\/index.php\/2026\/05\/18\/zbiorka-dla-azylu-dla-krolikow-w-toruniu-2\/","robots":"max-image-preview:large","keywords":"","webmasterTools":{"miscellaneous":""},"schema":{"@context":"https:\/\/schema.org","@graph":[{"@type":"BlogPosting","@id":"https:\/\/www.spkatarzyna.pl\/index.php\/2026\/05\/18\/zbiorka-dla-azylu-dla-krolikow-w-toruniu-2\/#blogposting","name":"Zbi\u00f3rka dla Azylu dla Kr\u00f3lik\u00f3w w Toruniu - SP Katarzyna","headline":"Zbi\u00f3rka dla Azylu dla Kr\u00f3lik\u00f3w w Toruniu","author":{"@id":"https:\/\/www.spkatarzyna.pl\/index.php\/author\/agatasafianspkatarzyna-pl\/#author"},"publisher":{"@id":"https:\/\/www.spkatarzyna.pl\/#organization"},"image":{"@type":"ImageObject","url":"https:\/\/www.spkatarzyna.pl\/wp-content\/uploads\/2026\/05\/podziekowanie-na-strone-2.png","width":360,"height":202},"datePublished":"2026-05-18T09:15:45+02:00","dateModified":"2026-05-18T09:20:48+02:00","inLanguage":"pl-PL","mainEntityOfPage":{"@id":"https:\/\/www.spkatarzyna.pl\/index.php\/2026\/05\/18\/zbiorka-dla-azylu-dla-krolikow-w-toruniu-2\/#webpage"},"isPartOf":{"@id":"https:\/\/www.spkatarzyna.pl\/index.php\/2026\/05\/18\/zbiorka-dla-azylu-dla-krolikow-w-toruniu-2\/#webpage"},"articleSection":"Uncategorized"},{"@type":"BreadcrumbList","@id":"https:\/\/www.spkatarzyna.pl\/index.php\/2026\/05\/18\/zbiorka-dla-azylu-dla-krolikow-w-toruniu-2\/#breadcrumblist","itemListElement":[{"@type":"ListItem","@id":"https:\/\/www.spkatarzyna.pl#listItem","position":1,"name":"Dom","item":"https:\/\/www.spkatarzyna.pl","nextItem":{"@type":"ListItem","@id":"https:\/\/www.spkatarzyna.pl\/index.php\/category\/uncategorized\/#listItem","name":"Uncategorized"}},{"@type":"ListItem","@id":"https:\/\/www.spkatarzyna.pl\/index.php\/category\/uncategorized\/#listItem","position":2,"name":"Uncategorized","item":"https:\/\/www.spkatarzyna.pl\/index.php\/category\/uncategorized\/","nextItem":{"@type":"ListItem","@id":"https:\/\/www.spkatarzyna.pl\/index.php\/2026\/05\/18\/zbiorka-dla-azylu-dla-krolikow-w-toruniu-2\/#listItem","name":"Zbi\u00f3rka dla Azylu dla Kr\u00f3lik\u00f3w w Toruniu"},"previousItem":{"@type":"ListItem","@id":"https:\/\/www.spkatarzyna.pl#listItem","name":"Dom"}},{"@type":"ListItem","@id":"https:\/\/www.spkatarzyna.pl\/index.php\/2026\/05\/18\/zbiorka-dla-azylu-dla-krolikow-w-toruniu-2\/#listItem","position":3,"name":"Zbi\u00f3rka dla Azylu dla Kr\u00f3lik\u00f3w w Toruniu","previousItem":{"@type":"ListItem","@id":"https:\/\/www.spkatarzyna.pl\/index.php\/category\/uncategorized\/#listItem","name":"Uncategorized"}}]},{"@type":"Organization","@id":"https:\/\/www.spkatarzyna.pl\/#organization","name":"SP Katarzyna","description":"Publiczna Szko\u0142a Podstawowa w \u015awi\u0119tej Katarzynie","url":"https:\/\/www.spkatarzyna.pl\/","telephone":"+48713116378","sameAs":["https:\/\/facebook.com\/","https:\/\/x.com\/","https:\/\/instagram.com\/","https:\/\/pinterest.com\/","https:\/\/youtube.com\/","https:\/\/linkedin.com\/in\/"]},{"@type":"Person","@id":"https:\/\/www.spkatarzyna.pl\/index.php\/author\/agatasafianspkatarzyna-pl\/#author","url":"https:\/\/www.spkatarzyna.pl\/index.php\/author\/agatasafianspkatarzyna-pl\/","name":"Redakcja","image":{"@type":"ImageObject","@id":"https:\/\/www.spkatarzyna.pl\/index.php\/2026\/05\/18\/zbiorka-dla-azylu-dla-krolikow-w-toruniu-2\/#authorImage","url":"https:\/\/secure.gravatar.com\/avatar\/765290513df94d442152250e92b42327?s=96&d=mm&r=g","width":96,"height":96,"caption":"Redakcja"}},{"@type":"WebPage","@id":"https:\/\/www.spkatarzyna.pl\/index.php\/2026\/05\/18\/zbiorka-dla-azylu-dla-krolikow-w-toruniu-2\/#webpage","url":"https:\/\/www.spkatarzyna.pl\/index.php\/2026\/05\/18\/zbiorka-dla-azylu-dla-krolikow-w-toruniu-2\/","name":"Zbi\u00f3rka dla Azylu dla Kr\u00f3lik\u00f3w w Toruniu - SP Katarzyna","description":"Dzi\u0119kuj\u0119 za ogromne zaanga\u017cowanie w zbi\u00f3rk\u0119 dla Azylu dla Kr\u00f3lik\u00f3w w Toruniu!Dzi\u0119ki wsp\u00f3lnej pomocy uczni\u00f3w, rodzic\u00f3w i pracownik\u00f3w szko\u0142y uda\u0142o si\u0119 zebra\u0107 naprawd\u0119 wiele potrzebnych rzeczy. W sumie do Azylu wys\u0142ano a\u017c 3 kartony dar\u00f3w!To wspaniale, \u017ce po raz kolejny nasza szko\u0142a pokaza\u0142a wielkie serca i ch\u0119\u0107 niesienia pomocy zwierz\u0119tom.Katarzyna Mazur","inLanguage":"pl-PL","isPartOf":{"@id":"https:\/\/www.spkatarzyna.pl\/#website"},"breadcrumb":{"@id":"https:\/\/www.spkatarzyna.pl\/index.php\/2026\/05\/18\/zbiorka-dla-azylu-dla-krolikow-w-toruniu-2\/#breadcrumblist"},"author":{"@id":"https:\/\/www.spkatarzyna.pl\/index.php\/author\/agatasafianspkatarzyna-pl\/#author"},"creator":{"@id":"https:\/\/www.spkatarzyna.pl\/index.php\/author\/agatasafianspkatarzyna-pl\/#author"},"image":{"@type":"ImageObject","url":"https:\/\/www.spkatarzyna.pl\/wp-content\/uploads\/2026\/05\/podziekowanie-na-strone-2.png","@id":"https:\/\/www.spkatarzyna.pl\/index.php\/2026\/05\/18\/zbiorka-dla-azylu-dla-krolikow-w-toruniu-2\/#mainImage","width":360,"height":202},"primaryImageOfPage":{"@id":"https:\/\/www.spkatarzyna.pl\/index.php\/2026\/05\/18\/zbiorka-dla-azylu-dla-krolikow-w-toruniu-2\/#mainImage"},"datePublished":"2026-05-18T09:15:45+02:00","dateModified":"2026-05-18T09:20:48+02:00"},{"@type":"WebSite","@id":"https:\/\/www.spkatarzyna.pl\/#website","url":"https:\/\/www.spkatarzyna.pl\/","name":"SP Katarzyna","description":"Publiczna Szko\u0142a Podstawowa w \u015awi\u0119tej Katarzynie","inLanguage":"pl-PL","publisher":{"@id":"https:\/\/www.spkatarzyna.pl\/#organization"}}]},"og:locale":"pl_PL","og:site_name":"SP Katarzyna - Publiczna Szko\u0142a Podstawowa w \u015awi\u0119tej Katarzynie","og:type":"article","og:title":"Zbi\u00f3rka dla Azylu dla Kr\u00f3lik\u00f3w w Toruniu - SP Katarzyna","og:description":"Dzi\u0119kuj\u0119 za ogromne zaanga\u017cowanie w zbi\u00f3rk\u0119 dla Azylu dla Kr\u00f3lik\u00f3w w Toruniu!Dzi\u0119ki wsp\u00f3lnej pomocy uczni\u00f3w, rodzic\u00f3w i pracownik\u00f3w szko\u0142y uda\u0142o si\u0119 zebra\u0107 naprawd\u0119 wiele potrzebnych rzeczy. W sumie do Azylu wys\u0142ano a\u017c 3 kartony dar\u00f3w!To wspaniale, \u017ce po raz kolejny nasza szko\u0142a pokaza\u0142a wielkie serca i ch\u0119\u0107 niesienia pomocy zwierz\u0119tom.Katarzyna Mazur","og:url":"https:\/\/www.spkatarzyna.pl\/index.php\/2026\/05\/18\/zbiorka-dla-azylu-dla-krolikow-w-toruniu-2\/","article:published_time":"2026-05-18T07:15:45+00:00","article:modified_time":"2026-05-18T07:20:48+00:00","twitter:card":"summary_large_image","twitter:title":"Zbi\u00f3rka dla Azylu dla Kr\u00f3lik\u00f3w w Toruniu - SP Katarzyna","twitter:description":"Dzi\u0119kuj\u0119 za ogromne zaanga\u017cowanie w zbi\u00f3rk\u0119 dla Azylu dla Kr\u00f3lik\u00f3w w Toruniu!Dzi\u0119ki wsp\u00f3lnej pomocy uczni\u00f3w, rodzic\u00f3w i pracownik\u00f3w szko\u0142y uda\u0142o si\u0119 zebra\u0107 naprawd\u0119 wiele potrzebnych rzeczy. W sumie do Azylu wys\u0142ano a\u017c 3 kartony dar\u00f3w!To wspaniale, \u017ce po raz kolejny nasza szko\u0142a pokaza\u0142a wielkie serca i ch\u0119\u0107 niesienia pomocy zwierz\u0119tom.Katarzyna Mazur"},"aioseo_meta_data":{"post_id":"19787","title":null,"description":null,"keywords":null,"keyphrases":{"focus":{"keyphrase":"","score":0,"analysis":{"keyphraseInTitle":{"score":0,"maxScore":9,"error":1}}},"additional":[]},"primary_term":null,"canonical_url":null,"og_title":null,"og_description":null,"og_object_type":"default","og_image_type":"default","og_image_url":null,"og_image_width":null,"og_image_height":null,"og_image_custom_url":null,"og_image_custom_fields":null,"og_video":"","og_custom_url":null,"og_article_section":null,"og_article_tags":null,"twitter_use_og":false,"twitter_card":"default","twitter_image_type":"default","twitter_image_url":null,"twitter_image_custom_url":null,"twitter_image_custom_fields":null,"twitter_title":null,"twitter_description":null,"schema":{"blockGraphs":[],"customGraphs":[],"default":{"data":{"Article":[],"Course":[],"Dataset":[],"FAQPage":[],"Movie":[],"Person":[],"Product":[],"ProductReview":[],"Car":[],"Recipe":[],"Service":[],"SoftwareApplication":[],"WebPage":[]},"graphName":"BlogPosting","isEnabled":true},"graphs":[]},"schema_type":"default","schema_type_options":null,"pillar_content":false,"robots_default":true,"robots_noindex":false,"robots_noarchive":false,"robots_nosnippet":false,"robots_nofollow":false,"robots_noimageindex":false,"robots_noodp":false,"robots_notranslate":false,"robots_max_snippet":"-1","robots_max_videopreview":"-1","robots_max_imagepreview":"large","priority":null,"frequency":"default","local_seo":null,"limit_modified_date":false,"created":"2026-05-18 07:15:46","updated":"2026-09-03 18:07:37","focus_keyword":null,"additional_keywords":null,"truseo_locale":null,"ai":null,"breadcrumb_settings":null,"seo_analyzer_scan_date":null},"aioseo_breadcrumb":"<div class=\"aioseo-breadcrumbs\"><span class=\"aioseo-breadcrumb\">\n\t\t\t<a href=\"https:\/\/www.spkatarzyna.pl\" title=\"Dom\">Dom<\/a>\n\t\t<\/span><span class=\"aioseo-breadcrumb-separator\">&raquo;<\/span><span class=\"aioseo-breadcrumb\">\n\t\t\t<a href=\"https:\/\/www.spkatarzyna.pl\/index.php\/category\/uncategorized\/\" title=\"Uncategorized\">Uncategorized<\/a>\n\t\t<\/span><span class=\"aioseo-breadcrumb-separator\">&raquo;<\/span><span class=\"aioseo-breadcrumb\">\n\t\t\tZbi\u00f3rka dla Azylu dla Kr\u00f3lik\u00f3w w Toruniu\n\t\t<\/span><\/div>","aioseo_breadcrumb_json":[{"label":"Dom","link":"https:\/\/www.spkatarzyna.pl"},{"label":"Uncategorized","link":"https:\/\/www.spkatarzyna.pl\/index.php\/category\/uncategorized\/"},{"label":"Zbi\u00f3rka dla Azylu dla Kr\u00f3lik\u00f3w w Toruniu","link":"https:\/\/www.spkatarzyna.pl\/index.php\/2026\/05\/18\/zbiorka-dla-azylu-dla-krolikow-w-toruniu-2\/"}],"_links":{"self":[{"href":"https:\/\/www.spkatarzyna.pl\/index.php\/wp-json\/wp\/v2\/posts\/19787","targetHints":{"allow":["GET"]}}],"collection":[{"href":"https:\/\/www.spkatarzyna.pl\/index.php\/wp-json\/wp\/v2\/posts"}],"about":[{"href":"https:\/\/www.spkatarzyna.pl\/index.php\/wp-json\/wp\/v2\/types\/post"}],"author":[{"embeddable":true,"href":"https:\/\/www.spkatarzyna.pl\/index.php\/wp-json\/wp\/v2\/users\/6"}],"replies":[{"embeddable":true,"href":"https:\/\/www.spkatarzyna.pl\/index.php\/wp-json\/wp\/v2\/comments?post=19787"}],"version-history":[{"count":4,"href":"https:\/\/www.spkatarzyna.pl\/index.php\/wp-json\/wp\/v2\/posts\/19787\/revisions"}],"predecessor-version":[{"id":19795,"href":"https:\/\/www.spkatarzyna.pl\/index.php\/wp-json\/wp\/v2\/posts\/19787\/revisions\/19795"}],"wp:featuredmedia":[{"embeddable":true,"href":"https:\/\/www.spkatarzyna.pl\/index.php\/wp-json\/wp\/v2\/media\/19788"}],"wp:attachment":[{"href":"https:\/\/www.spkatarzyna.pl\/index.php\/wp-json\/wp\/v2\/media?parent=19787"}],"wp:term":[{"taxonomy":"category","embeddable":true,"href":"https:\/\/www.spkatarzyna.pl\/index.php\/wp-json\/wp\/v2\/categories?post=19787"},{"taxonomy":"post_tag","embeddable":true,"href":"https:\/\/www.spkatarzyna.pl\/index.php\/wp-json\/wp\/v2\/tags?post=19787"}],"curies":[{"name":"wp","href":"https:\/\/api.w.org\/{rel}","templated":true}]}}