{"id":19809,"date":"2026-05-18T19:16:48","date_gmt":"2026-05-18T17:16:48","guid":{"rendered":"https:\/\/www.spkatarzyna.pl\/?p=19809"},"modified":"2026-05-18T19:18:15","modified_gmt":"2026-05-18T17:18:15","slug":"i-miejsce-w-konkursie-recytatorskim","status":"publish","type":"post","link":"https:\/\/www.spkatarzyna.pl\/index.php\/2026\/05\/18\/i-miejsce-w-konkursie-recytatorskim\/","title":{"rendered":"I miejsce w konkursie recytatorskim"},"content":{"rendered":"\t\t<div data-elementor-type=\"wp-post\" data-elementor-id=\"19809\" class=\"elementor elementor-19809\">\n\t\t\t\t<div class=\"elementor-element elementor-element-2dea3367 e-flex e-con-boxed e-con e-parent\" data-id=\"2dea3367\" data-element_type=\"container\">\n\t\t\t\t\t<div class=\"e-con-inner\">\n\t\t\t\t<div class=\"elementor-element elementor-element-1b08aaf7 elementor-widget elementor-widget-text-editor\" data-id=\"1b08aaf7\" data-element_type=\"widget\" data-widget_type=\"text-editor.default\">\n\t\t\t\t\t\t\t\t\t<div class=\"n6owBd awi2gc\" style=\"text-align: justify;\" data-sfc-cp=\"\" data-sfc-root=\"c\" data-sfc-cb=\"\" data-hveid=\"CAAIBhAA\" data-complete=\"true\" data-processed=\"true\"><span style=\"font-size: 14pt;\">Uczniowie naszej szko\u0142y odnie\u015bli sukces w gminnym konkursie recytatorskim \u201eS\u0142owem przez pokolenia\u201d.<\/span><\/div>\r\n<div class=\"n6owBd awi2gc\" style=\"text-align: justify;\" data-sfc-cp=\"\" data-sfc-root=\"c\" data-sfc-cb=\"\" data-hveid=\"CAAIBxAA\" data-processed=\"true\" data-complete=\"true\"><span style=\"font-size: 14pt;\">Najwy\u017csze podium i<strong> I miejsce<\/strong> wywalczy\u0142a Basia Bra\u0144ka z klasy 1b, kt\u00f3ra zachwyci\u0142a jury swoim talentem i pi\u0119kn\u0105 interpretacj\u0105. <\/span><\/div>\r\n<div class=\"n6owBd awi2gc\" style=\"text-align: justify;\" data-sfc-cp=\"\" data-sfc-root=\"c\" data-sfc-cb=\"\" data-hveid=\"CAAIBxAA\" data-processed=\"true\" data-complete=\"true\"><span style=\"font-size: 14pt;\">Natomiast Emilia Jasi\u0144ska oraz Adam Moczulski zdobyli wyr\u00f3\u017cnienia, prezentuj\u0105c niezwykle wysoki poziom artystyczny.<\/span><\/div>\r\n<div data-sfc-cp=\"\" data-sfc-root=\"c\" data-sfc-cb=\"\" data-hveid=\"CAAICBAA\" data-complete=\"true\" data-processed=\"true\" aria-owns=\"action-menu-parent-container\">&nbsp;<\/div>\r\n<div class=\"n6owBd awi2gc\" style=\"text-align: justify;\" data-sfc-cp=\"\" data-sfc-root=\"c\" data-sfc-cb=\"\" data-hveid=\"CAAICBAA\" data-complete=\"true\" data-processed=\"true\" aria-owns=\"action-menu-parent-container\"><span style=\"font-size: 14pt;\">Wszystkim laureatom nale\u017c\u0105 si\u0119 wielkie gratulacje! Jeste\u015bmy z Was dumni i \u017cyczymy dalszych sukces\u00f3w na scenie!<\/span><\/div>\t\t\t\t\t\t\t\t<\/div>\n\t\t\t\t<div class=\"elementor-element elementor-element-261a8c0 elementor-widget elementor-widget-image-gallery\" data-id=\"261a8c0\" data-element_type=\"widget\" data-widget_type=\"image-gallery.default\">\n\t\t\t\t\t\t\t<div class=\"elementor-image-gallery\">\n\t\t\t\n\t\t<div id='gallery-1' class='gallery galleryid-19809 gallery-columns-2 gallery-size-thumbnail gallery1'><script type=\"text\/javascript\">\n\/\/ <![CDATA[\n\tjQuery(document).ready(function () {\n\t\tjQuery(\".gallery1 a\").attr(\"rel\",\"gallery1\");\t\n\t\tjQuery('a[rel=\"gallery1\"]').colorbox({title: function(){ return jQuery(this).children().attr(\"alt\"); }});\n\t});\n\/\/ ]]>\n<\/script>\n<dl class=\"gallery-item\">\n<dt class=\"gallery-icon\">\n<a href=\"https:\/\/www.spkatarzyna.pl\/wp-content\/uploads\/2026\/05\/PHOTO-2026-05-18-13-32-06-300x164.jpg\" title=\"\" rel=\"gallery1\" rel=\"lightbox[19809]\"><img decoding=\"async\" src=\"https:\/\/www.spkatarzyna.pl\/wp-content\/uploads\/2026\/05\/PHOTO-2026-05-18-13-32-06-150x150.jpg\" width=\"150\" height=\"150\" alt=\"\" \/><\/a>\n<\/dt><\/dl><dl class=\"gallery-item\">\n<dt class=\"gallery-icon\">\n<a href=\"https:\/\/www.spkatarzyna.pl\/wp-content\/uploads\/2026\/05\/PHOTO-2026-05-18-13-32-07-225x300.jpg\" title=\"\" rel=\"gallery1\" rel=\"lightbox[19809]\"><img decoding=\"async\" src=\"https:\/\/www.spkatarzyna.pl\/wp-content\/uploads\/2026\/05\/PHOTO-2026-05-18-13-32-07-150x150.jpg\" width=\"150\" height=\"150\" alt=\"\" \/><\/a>\n<\/dt><\/dl><br style=\"clear: both\" \/><br style=\"clear: both\" \/><\/div>\t\t<\/div>\n\t\t\t\t\t\t<\/div>\n\t\t\t\t\t<\/div>\n\t\t\t\t<\/div>\n\t\t\t\t<\/div>\n\t\t","protected":false},"excerpt":{"rendered":"<p>Uczniowie naszej szko\u0142y odnie\u015bli sukces w gminnym konkursie recytatorskim \u201eS\u0142owem przez pokolenia\u201d. Najwy\u017csze podium i I miejsce wywalczy\u0142a Basia Bra\u0144ka z klasy 1b, kt\u00f3ra zachwyci\u0142a jury swoim talentem i pi\u0119kn\u0105 interpretacj\u0105. Natomiast Emilia Jasi\u0144ska oraz Adam Moczulski zdobyli wyr\u00f3\u017cnienia, prezentuj\u0105c niezwykle wysoki poziom artystyczny. &nbsp; Wszystkim laureatom nale\u017c\u0105 si\u0119 wielkie [&hellip;]<\/p>\n","protected":false},"author":6,"featured_media":19810,"comment_status":"open","ping_status":"open","sticky":false,"template":"","format":"standard","meta":{"om_disable_all_campaigns":false,"_monsterinsights_skip_tracking":false,"ngg_post_thumbnail":0,"footnotes":""},"categories":[1],"tags":[],"class_list":["post-19809","post","type-post","status-publish","format-standard","has-post-thumbnail","hentry","category-uncategorized"],"aioseo_notices":[],"aioseo_head":"\n\t\t<!-- All in One SEO 5.0.1.1 - aioseo.com -->\n\t<meta name=\"description\" content=\"Uczniowie naszej szko\u0142y odnie\u015bli sukces w gminnym konkursie recytatorskim \u201eS\u0142owem przez pokolenia\u201d. Najwy\u017csze podium i I miejsce wywalczy\u0142a Basia Bra\u0144ka z klasy 1b, kt\u00f3ra zachwyci\u0142a jury swoim talentem i pi\u0119kn\u0105 interpretacj\u0105. Natomiast Emilia Jasi\u0144ska oraz Adam Moczulski zdobyli wyr\u00f3\u017cnienia, prezentuj\u0105c niezwykle wysoki poziom artystyczny. Wszystkim laureatom nale\u017c\u0105 si\u0119 wielkie gratulacje! Jeste\u015bmy z Was dumni\" \/>\n\t<meta name=\"robots\" content=\"max-image-preview:large\" \/>\n\t<meta name=\"author\" content=\"Redakcja\"\/>\n\t<link rel=\"canonical\" href=\"https:\/\/www.spkatarzyna.pl\/index.php\/2026\/05\/18\/i-miejsce-w-konkursie-recytatorskim\/\" \/>\n\t<meta name=\"generator\" content=\"All in One SEO (AIOSEO) 5.0.1.1\" \/>\n\t\t<meta property=\"og:locale\" content=\"pl_PL\" \/>\n\t\t<meta property=\"og:site_name\" content=\"SP Katarzyna - Publiczna Szko\u0142a Podstawowa w \u015awi\u0119tej Katarzynie\" \/>\n\t\t<meta property=\"og:type\" content=\"article\" \/>\n\t\t<meta property=\"og:title\" content=\"I miejsce w konkursie recytatorskim - SP Katarzyna\" \/>\n\t\t<meta property=\"og:description\" content=\"Uczniowie naszej szko\u0142y odnie\u015bli sukces w gminnym konkursie recytatorskim \u201eS\u0142owem przez pokolenia\u201d. Najwy\u017csze podium i I miejsce wywalczy\u0142a Basia Bra\u0144ka z klasy 1b, kt\u00f3ra zachwyci\u0142a jury swoim talentem i pi\u0119kn\u0105 interpretacj\u0105. Natomiast Emilia Jasi\u0144ska oraz Adam Moczulski zdobyli wyr\u00f3\u017cnienia, prezentuj\u0105c niezwykle wysoki poziom artystyczny. Wszystkim laureatom nale\u017c\u0105 si\u0119 wielkie gratulacje! Jeste\u015bmy z Was dumni\" \/>\n\t\t<meta property=\"og:url\" content=\"https:\/\/www.spkatarzyna.pl\/index.php\/2026\/05\/18\/i-miejsce-w-konkursie-recytatorskim\/\" \/>\n\t\t<meta property=\"article:published_time\" content=\"2026-05-18T17:16:48+00:00\" \/>\n\t\t<meta property=\"article:modified_time\" content=\"2026-05-18T17:18:15+00:00\" \/>\n\t\t<meta name=\"twitter:card\" content=\"summary_large_image\" \/>\n\t\t<meta name=\"twitter:title\" content=\"I miejsce w konkursie recytatorskim - SP Katarzyna\" \/>\n\t\t<meta name=\"twitter:description\" content=\"Uczniowie naszej szko\u0142y odnie\u015bli sukces w gminnym konkursie recytatorskim \u201eS\u0142owem przez pokolenia\u201d. Najwy\u017csze podium i I miejsce wywalczy\u0142a Basia Bra\u0144ka z klasy 1b, kt\u00f3ra zachwyci\u0142a jury swoim talentem i pi\u0119kn\u0105 interpretacj\u0105. Natomiast Emilia Jasi\u0144ska oraz Adam Moczulski zdobyli wyr\u00f3\u017cnienia, prezentuj\u0105c niezwykle wysoki poziom artystyczny. Wszystkim laureatom nale\u017c\u0105 si\u0119 wielkie gratulacje! Jeste\u015bmy z Was dumni\" \/>\n\t\t<script type=\"application\/ld+json\" class=\"aioseo-schema\">\n\t\t\t{\"@context\":\"https:\\\/\\\/schema.org\",\"@graph\":[{\"@type\":\"BlogPosting\",\"@id\":\"https:\\\/\\\/www.spkatarzyna.pl\\\/index.php\\\/2026\\\/05\\\/18\\\/i-miejsce-w-konkursie-recytatorskim\\\/#blogposting\",\"name\":\"I miejsce w konkursie recytatorskim - SP Katarzyna\",\"headline\":\"I miejsce w konkursie recytatorskim\",\"author\":{\"@id\":\"https:\\\/\\\/www.spkatarzyna.pl\\\/index.php\\\/author\\\/agatasafianspkatarzyna-pl\\\/#author\"},\"publisher\":{\"@id\":\"https:\\\/\\\/www.spkatarzyna.pl\\\/#organization\"},\"image\":{\"@type\":\"ImageObject\",\"url\":\"https:\\\/\\\/www.spkatarzyna.pl\\\/wp-content\\\/uploads\\\/2026\\\/05\\\/PHOTO-2026-05-18-13-32-06-2.jpg\",\"width\":360,\"height\":202},\"datePublished\":\"2026-05-18T19:16:48+02:00\",\"dateModified\":\"2026-05-18T19:18:15+02:00\",\"inLanguage\":\"pl-PL\",\"mainEntityOfPage\":{\"@id\":\"https:\\\/\\\/www.spkatarzyna.pl\\\/index.php\\\/2026\\\/05\\\/18\\\/i-miejsce-w-konkursie-recytatorskim\\\/#webpage\"},\"isPartOf\":{\"@id\":\"https:\\\/\\\/www.spkatarzyna.pl\\\/index.php\\\/2026\\\/05\\\/18\\\/i-miejsce-w-konkursie-recytatorskim\\\/#webpage\"},\"articleSection\":\"Uncategorized\"},{\"@type\":\"BreadcrumbList\",\"@id\":\"https:\\\/\\\/www.spkatarzyna.pl\\\/index.php\\\/2026\\\/05\\\/18\\\/i-miejsce-w-konkursie-recytatorskim\\\/#breadcrumblist\",\"itemListElement\":[{\"@type\":\"ListItem\",\"@id\":\"https:\\\/\\\/www.spkatarzyna.pl#listItem\",\"position\":1,\"name\":\"Dom\",\"item\":\"https:\\\/\\\/www.spkatarzyna.pl\",\"nextItem\":{\"@type\":\"ListItem\",\"@id\":\"https:\\\/\\\/www.spkatarzyna.pl\\\/index.php\\\/category\\\/uncategorized\\\/#listItem\",\"name\":\"Uncategorized\"}},{\"@type\":\"ListItem\",\"@id\":\"https:\\\/\\\/www.spkatarzyna.pl\\\/index.php\\\/category\\\/uncategorized\\\/#listItem\",\"position\":2,\"name\":\"Uncategorized\",\"item\":\"https:\\\/\\\/www.spkatarzyna.pl\\\/index.php\\\/category\\\/uncategorized\\\/\",\"nextItem\":{\"@type\":\"ListItem\",\"@id\":\"https:\\\/\\\/www.spkatarzyna.pl\\\/index.php\\\/2026\\\/05\\\/18\\\/i-miejsce-w-konkursie-recytatorskim\\\/#listItem\",\"name\":\"I miejsce w konkursie recytatorskim\"},\"previousItem\":{\"@type\":\"ListItem\",\"@id\":\"https:\\\/\\\/www.spkatarzyna.pl#listItem\",\"name\":\"Dom\"}},{\"@type\":\"ListItem\",\"@id\":\"https:\\\/\\\/www.spkatarzyna.pl\\\/index.php\\\/2026\\\/05\\\/18\\\/i-miejsce-w-konkursie-recytatorskim\\\/#listItem\",\"position\":3,\"name\":\"I miejsce w konkursie recytatorskim\",\"previousItem\":{\"@type\":\"ListItem\",\"@id\":\"https:\\\/\\\/www.spkatarzyna.pl\\\/index.php\\\/category\\\/uncategorized\\\/#listItem\",\"name\":\"Uncategorized\"}}]},{\"@type\":\"Organization\",\"@id\":\"https:\\\/\\\/www.spkatarzyna.pl\\\/#organization\",\"name\":\"SP Katarzyna\",\"description\":\"Publiczna Szko\\u0142a Podstawowa w \\u015awi\\u0119tej Katarzynie\",\"url\":\"https:\\\/\\\/www.spkatarzyna.pl\\\/\",\"telephone\":\"+48713116378\",\"sameAs\":[\"https:\\\/\\\/facebook.com\\\/\",\"https:\\\/\\\/x.com\\\/\",\"https:\\\/\\\/instagram.com\\\/\",\"https:\\\/\\\/pinterest.com\\\/\",\"https:\\\/\\\/youtube.com\\\/\",\"https:\\\/\\\/linkedin.com\\\/in\\\/\"]},{\"@type\":\"Person\",\"@id\":\"https:\\\/\\\/www.spkatarzyna.pl\\\/index.php\\\/author\\\/agatasafianspkatarzyna-pl\\\/#author\",\"url\":\"https:\\\/\\\/www.spkatarzyna.pl\\\/index.php\\\/author\\\/agatasafianspkatarzyna-pl\\\/\",\"name\":\"Redakcja\",\"image\":{\"@type\":\"ImageObject\",\"@id\":\"https:\\\/\\\/www.spkatarzyna.pl\\\/index.php\\\/2026\\\/05\\\/18\\\/i-miejsce-w-konkursie-recytatorskim\\\/#authorImage\",\"url\":\"https:\\\/\\\/secure.gravatar.com\\\/avatar\\\/765290513df94d442152250e92b42327?s=96&d=mm&r=g\",\"width\":96,\"height\":96,\"caption\":\"Redakcja\"}},{\"@type\":\"WebPage\",\"@id\":\"https:\\\/\\\/www.spkatarzyna.pl\\\/index.php\\\/2026\\\/05\\\/18\\\/i-miejsce-w-konkursie-recytatorskim\\\/#webpage\",\"url\":\"https:\\\/\\\/www.spkatarzyna.pl\\\/index.php\\\/2026\\\/05\\\/18\\\/i-miejsce-w-konkursie-recytatorskim\\\/\",\"name\":\"I miejsce w konkursie recytatorskim - SP Katarzyna\",\"description\":\"Uczniowie naszej szko\\u0142y odnie\\u015bli sukces w gminnym konkursie recytatorskim \\u201eS\\u0142owem przez pokolenia\\u201d. Najwy\\u017csze podium i I miejsce wywalczy\\u0142a Basia Bra\\u0144ka z klasy 1b, kt\\u00f3ra zachwyci\\u0142a jury swoim talentem i pi\\u0119kn\\u0105 interpretacj\\u0105. Natomiast Emilia Jasi\\u0144ska oraz Adam Moczulski zdobyli wyr\\u00f3\\u017cnienia, prezentuj\\u0105c niezwykle wysoki poziom artystyczny. Wszystkim laureatom nale\\u017c\\u0105 si\\u0119 wielkie gratulacje! Jeste\\u015bmy z Was dumni\",\"inLanguage\":\"pl-PL\",\"isPartOf\":{\"@id\":\"https:\\\/\\\/www.spkatarzyna.pl\\\/#website\"},\"breadcrumb\":{\"@id\":\"https:\\\/\\\/www.spkatarzyna.pl\\\/index.php\\\/2026\\\/05\\\/18\\\/i-miejsce-w-konkursie-recytatorskim\\\/#breadcrumblist\"},\"author\":{\"@id\":\"https:\\\/\\\/www.spkatarzyna.pl\\\/index.php\\\/author\\\/agatasafianspkatarzyna-pl\\\/#author\"},\"creator\":{\"@id\":\"https:\\\/\\\/www.spkatarzyna.pl\\\/index.php\\\/author\\\/agatasafianspkatarzyna-pl\\\/#author\"},\"image\":{\"@type\":\"ImageObject\",\"url\":\"https:\\\/\\\/www.spkatarzyna.pl\\\/wp-content\\\/uploads\\\/2026\\\/05\\\/PHOTO-2026-05-18-13-32-06-2.jpg\",\"@id\":\"https:\\\/\\\/www.spkatarzyna.pl\\\/index.php\\\/2026\\\/05\\\/18\\\/i-miejsce-w-konkursie-recytatorskim\\\/#mainImage\",\"width\":360,\"height\":202},\"primaryImageOfPage\":{\"@id\":\"https:\\\/\\\/www.spkatarzyna.pl\\\/index.php\\\/2026\\\/05\\\/18\\\/i-miejsce-w-konkursie-recytatorskim\\\/#mainImage\"},\"datePublished\":\"2026-05-18T19:16:48+02:00\",\"dateModified\":\"2026-05-18T19:18:15+02:00\"},{\"@type\":\"WebSite\",\"@id\":\"https:\\\/\\\/www.spkatarzyna.pl\\\/#website\",\"url\":\"https:\\\/\\\/www.spkatarzyna.pl\\\/\",\"name\":\"SP Katarzyna\",\"description\":\"Publiczna Szko\\u0142a Podstawowa w \\u015awi\\u0119tej Katarzynie\",\"inLanguage\":\"pl-PL\",\"publisher\":{\"@id\":\"https:\\\/\\\/www.spkatarzyna.pl\\\/#organization\"}}]}\n\t\t<\/script>\n\t\t<!-- All in One SEO -->\n\n","aioseo_head_json":{"title":"I miejsce w konkursie recytatorskim - SP Katarzyna","description":"Uczniowie naszej szko\u0142y odnie\u015bli sukces w gminnym konkursie recytatorskim \u201eS\u0142owem przez pokolenia\u201d. Najwy\u017csze podium i I miejsce wywalczy\u0142a Basia Bra\u0144ka z klasy 1b, kt\u00f3ra zachwyci\u0142a jury swoim talentem i pi\u0119kn\u0105 interpretacj\u0105. Natomiast Emilia Jasi\u0144ska oraz Adam Moczulski zdobyli wyr\u00f3\u017cnienia, prezentuj\u0105c niezwykle wysoki poziom artystyczny. Wszystkim laureatom nale\u017c\u0105 si\u0119 wielkie gratulacje! Jeste\u015bmy z Was dumni","canonical_url":"https:\/\/www.spkatarzyna.pl\/index.php\/2026\/05\/18\/i-miejsce-w-konkursie-recytatorskim\/","robots":"max-image-preview:large","keywords":"","webmasterTools":{"miscellaneous":""},"schema":{"@context":"https:\/\/schema.org","@graph":[{"@type":"BlogPosting","@id":"https:\/\/www.spkatarzyna.pl\/index.php\/2026\/05\/18\/i-miejsce-w-konkursie-recytatorskim\/#blogposting","name":"I miejsce w konkursie recytatorskim - SP Katarzyna","headline":"I miejsce w konkursie recytatorskim","author":{"@id":"https:\/\/www.spkatarzyna.pl\/index.php\/author\/agatasafianspkatarzyna-pl\/#author"},"publisher":{"@id":"https:\/\/www.spkatarzyna.pl\/#organization"},"image":{"@type":"ImageObject","url":"https:\/\/www.spkatarzyna.pl\/wp-content\/uploads\/2026\/05\/PHOTO-2026-05-18-13-32-06-2.jpg","width":360,"height":202},"datePublished":"2026-05-18T19:16:48+02:00","dateModified":"2026-05-18T19:18:15+02:00","inLanguage":"pl-PL","mainEntityOfPage":{"@id":"https:\/\/www.spkatarzyna.pl\/index.php\/2026\/05\/18\/i-miejsce-w-konkursie-recytatorskim\/#webpage"},"isPartOf":{"@id":"https:\/\/www.spkatarzyna.pl\/index.php\/2026\/05\/18\/i-miejsce-w-konkursie-recytatorskim\/#webpage"},"articleSection":"Uncategorized"},{"@type":"BreadcrumbList","@id":"https:\/\/www.spkatarzyna.pl\/index.php\/2026\/05\/18\/i-miejsce-w-konkursie-recytatorskim\/#breadcrumblist","itemListElement":[{"@type":"ListItem","@id":"https:\/\/www.spkatarzyna.pl#listItem","position":1,"name":"Dom","item":"https:\/\/www.spkatarzyna.pl","nextItem":{"@type":"ListItem","@id":"https:\/\/www.spkatarzyna.pl\/index.php\/category\/uncategorized\/#listItem","name":"Uncategorized"}},{"@type":"ListItem","@id":"https:\/\/www.spkatarzyna.pl\/index.php\/category\/uncategorized\/#listItem","position":2,"name":"Uncategorized","item":"https:\/\/www.spkatarzyna.pl\/index.php\/category\/uncategorized\/","nextItem":{"@type":"ListItem","@id":"https:\/\/www.spkatarzyna.pl\/index.php\/2026\/05\/18\/i-miejsce-w-konkursie-recytatorskim\/#listItem","name":"I miejsce w konkursie recytatorskim"},"previousItem":{"@type":"ListItem","@id":"https:\/\/www.spkatarzyna.pl#listItem","name":"Dom"}},{"@type":"ListItem","@id":"https:\/\/www.spkatarzyna.pl\/index.php\/2026\/05\/18\/i-miejsce-w-konkursie-recytatorskim\/#listItem","position":3,"name":"I miejsce w konkursie recytatorskim","previousItem":{"@type":"ListItem","@id":"https:\/\/www.spkatarzyna.pl\/index.php\/category\/uncategorized\/#listItem","name":"Uncategorized"}}]},{"@type":"Organization","@id":"https:\/\/www.spkatarzyna.pl\/#organization","name":"SP Katarzyna","description":"Publiczna Szko\u0142a Podstawowa w \u015awi\u0119tej Katarzynie","url":"https:\/\/www.spkatarzyna.pl\/","telephone":"+48713116378","sameAs":["https:\/\/facebook.com\/","https:\/\/x.com\/","https:\/\/instagram.com\/","https:\/\/pinterest.com\/","https:\/\/youtube.com\/","https:\/\/linkedin.com\/in\/"]},{"@type":"Person","@id":"https:\/\/www.spkatarzyna.pl\/index.php\/author\/agatasafianspkatarzyna-pl\/#author","url":"https:\/\/www.spkatarzyna.pl\/index.php\/author\/agatasafianspkatarzyna-pl\/","name":"Redakcja","image":{"@type":"ImageObject","@id":"https:\/\/www.spkatarzyna.pl\/index.php\/2026\/05\/18\/i-miejsce-w-konkursie-recytatorskim\/#authorImage","url":"https:\/\/secure.gravatar.com\/avatar\/765290513df94d442152250e92b42327?s=96&d=mm&r=g","width":96,"height":96,"caption":"Redakcja"}},{"@type":"WebPage","@id":"https:\/\/www.spkatarzyna.pl\/index.php\/2026\/05\/18\/i-miejsce-w-konkursie-recytatorskim\/#webpage","url":"https:\/\/www.spkatarzyna.pl\/index.php\/2026\/05\/18\/i-miejsce-w-konkursie-recytatorskim\/","name":"I miejsce w konkursie recytatorskim - SP Katarzyna","description":"Uczniowie naszej szko\u0142y odnie\u015bli sukces w gminnym konkursie recytatorskim \u201eS\u0142owem przez pokolenia\u201d. Najwy\u017csze podium i I miejsce wywalczy\u0142a Basia Bra\u0144ka z klasy 1b, kt\u00f3ra zachwyci\u0142a jury swoim talentem i pi\u0119kn\u0105 interpretacj\u0105. Natomiast Emilia Jasi\u0144ska oraz Adam Moczulski zdobyli wyr\u00f3\u017cnienia, prezentuj\u0105c niezwykle wysoki poziom artystyczny. Wszystkim laureatom nale\u017c\u0105 si\u0119 wielkie gratulacje! Jeste\u015bmy z Was dumni","inLanguage":"pl-PL","isPartOf":{"@id":"https:\/\/www.spkatarzyna.pl\/#website"},"breadcrumb":{"@id":"https:\/\/www.spkatarzyna.pl\/index.php\/2026\/05\/18\/i-miejsce-w-konkursie-recytatorskim\/#breadcrumblist"},"author":{"@id":"https:\/\/www.spkatarzyna.pl\/index.php\/author\/agatasafianspkatarzyna-pl\/#author"},"creator":{"@id":"https:\/\/www.spkatarzyna.pl\/index.php\/author\/agatasafianspkatarzyna-pl\/#author"},"image":{"@type":"ImageObject","url":"https:\/\/www.spkatarzyna.pl\/wp-content\/uploads\/2026\/05\/PHOTO-2026-05-18-13-32-06-2.jpg","@id":"https:\/\/www.spkatarzyna.pl\/index.php\/2026\/05\/18\/i-miejsce-w-konkursie-recytatorskim\/#mainImage","width":360,"height":202},"primaryImageOfPage":{"@id":"https:\/\/www.spkatarzyna.pl\/index.php\/2026\/05\/18\/i-miejsce-w-konkursie-recytatorskim\/#mainImage"},"datePublished":"2026-05-18T19:16:48+02:00","dateModified":"2026-05-18T19:18:15+02:00"},{"@type":"WebSite","@id":"https:\/\/www.spkatarzyna.pl\/#website","url":"https:\/\/www.spkatarzyna.pl\/","name":"SP Katarzyna","description":"Publiczna Szko\u0142a Podstawowa w \u015awi\u0119tej Katarzynie","inLanguage":"pl-PL","publisher":{"@id":"https:\/\/www.spkatarzyna.pl\/#organization"}}]},"og:locale":"pl_PL","og:site_name":"SP Katarzyna - Publiczna Szko\u0142a Podstawowa w \u015awi\u0119tej Katarzynie","og:type":"article","og:title":"I miejsce w konkursie recytatorskim - SP Katarzyna","og:description":"Uczniowie naszej szko\u0142y odnie\u015bli sukces w gminnym konkursie recytatorskim \u201eS\u0142owem przez pokolenia\u201d. Najwy\u017csze podium i I miejsce wywalczy\u0142a Basia Bra\u0144ka z klasy 1b, kt\u00f3ra zachwyci\u0142a jury swoim talentem i pi\u0119kn\u0105 interpretacj\u0105. Natomiast Emilia Jasi\u0144ska oraz Adam Moczulski zdobyli wyr\u00f3\u017cnienia, prezentuj\u0105c niezwykle wysoki poziom artystyczny. Wszystkim laureatom nale\u017c\u0105 si\u0119 wielkie gratulacje! Jeste\u015bmy z Was dumni","og:url":"https:\/\/www.spkatarzyna.pl\/index.php\/2026\/05\/18\/i-miejsce-w-konkursie-recytatorskim\/","article:published_time":"2026-05-18T17:16:48+00:00","article:modified_time":"2026-05-18T17:18:15+00:00","twitter:card":"summary_large_image","twitter:title":"I miejsce w konkursie recytatorskim - SP Katarzyna","twitter:description":"Uczniowie naszej szko\u0142y odnie\u015bli sukces w gminnym konkursie recytatorskim \u201eS\u0142owem przez pokolenia\u201d. Najwy\u017csze podium i I miejsce wywalczy\u0142a Basia Bra\u0144ka z klasy 1b, kt\u00f3ra zachwyci\u0142a jury swoim talentem i pi\u0119kn\u0105 interpretacj\u0105. Natomiast Emilia Jasi\u0144ska oraz Adam Moczulski zdobyli wyr\u00f3\u017cnienia, prezentuj\u0105c niezwykle wysoki poziom artystyczny. Wszystkim laureatom nale\u017c\u0105 si\u0119 wielkie gratulacje! Jeste\u015bmy z Was dumni"},"aioseo_meta_data":{"post_id":"19809","title":null,"description":null,"keywords":null,"keyphrases":{"focus":{"keyphrase":"","score":0,"analysis":{"keyphraseInTitle":{"score":0,"maxScore":9,"error":1}}},"additional":[]},"primary_term":null,"canonical_url":null,"og_title":null,"og_description":null,"og_object_type":"default","og_image_type":"default","og_image_url":null,"og_image_width":null,"og_image_height":null,"og_image_custom_url":null,"og_image_custom_fields":null,"og_video":"","og_custom_url":null,"og_article_section":null,"og_article_tags":null,"twitter_use_og":false,"twitter_card":"default","twitter_image_type":"default","twitter_image_url":null,"twitter_image_custom_url":null,"twitter_image_custom_fields":null,"twitter_title":null,"twitter_description":null,"schema":{"blockGraphs":[],"customGraphs":[],"default":{"data":{"Article":[],"Course":[],"Dataset":[],"FAQPage":[],"Movie":[],"Person":[],"Product":[],"ProductReview":[],"Car":[],"Recipe":[],"Service":[],"SoftwareApplication":[],"WebPage":[]},"graphName":"BlogPosting","isEnabled":true},"graphs":[]},"schema_type":"default","schema_type_options":null,"pillar_content":false,"robots_default":true,"robots_noindex":false,"robots_noarchive":false,"robots_nosnippet":false,"robots_nofollow":false,"robots_noimageindex":false,"robots_noodp":false,"robots_notranslate":false,"robots_max_snippet":"-1","robots_max_videopreview":"-1","robots_max_imagepreview":"large","priority":null,"frequency":"default","local_seo":null,"limit_modified_date":false,"created":"2026-05-18 17:16:49","updated":"2026-09-03 18:10:01","focus_keyword":null,"additional_keywords":null,"truseo_locale":null,"ai":null,"breadcrumb_settings":null,"seo_analyzer_scan_date":null},"aioseo_breadcrumb":"<div class=\"aioseo-breadcrumbs\"><span class=\"aioseo-breadcrumb\">\n\t\t\t<a href=\"https:\/\/www.spkatarzyna.pl\" title=\"Dom\">Dom<\/a>\n\t\t<\/span><span class=\"aioseo-breadcrumb-separator\">&raquo;<\/span><span class=\"aioseo-breadcrumb\">\n\t\t\t<a href=\"https:\/\/www.spkatarzyna.pl\/index.php\/category\/uncategorized\/\" title=\"Uncategorized\">Uncategorized<\/a>\n\t\t<\/span><span class=\"aioseo-breadcrumb-separator\">&raquo;<\/span><span class=\"aioseo-breadcrumb\">\n\t\t\tI miejsce w konkursie recytatorskim\n\t\t<\/span><\/div>","aioseo_breadcrumb_json":[{"label":"Dom","link":"https:\/\/www.spkatarzyna.pl"},{"label":"Uncategorized","link":"https:\/\/www.spkatarzyna.pl\/index.php\/category\/uncategorized\/"},{"label":"I miejsce w konkursie recytatorskim","link":"https:\/\/www.spkatarzyna.pl\/index.php\/2026\/05\/18\/i-miejsce-w-konkursie-recytatorskim\/"}],"_links":{"self":[{"href":"https:\/\/www.spkatarzyna.pl\/index.php\/wp-json\/wp\/v2\/posts\/19809","targetHints":{"allow":["GET"]}}],"collection":[{"href":"https:\/\/www.spkatarzyna.pl\/index.php\/wp-json\/wp\/v2\/posts"}],"about":[{"href":"https:\/\/www.spkatarzyna.pl\/index.php\/wp-json\/wp\/v2\/types\/post"}],"author":[{"embeddable":true,"href":"https:\/\/www.spkatarzyna.pl\/index.php\/wp-json\/wp\/v2\/users\/6"}],"replies":[{"embeddable":true,"href":"https:\/\/www.spkatarzyna.pl\/index.php\/wp-json\/wp\/v2\/comments?post=19809"}],"version-history":[{"count":4,"href":"https:\/\/www.spkatarzyna.pl\/index.php\/wp-json\/wp\/v2\/posts\/19809\/revisions"}],"predecessor-version":[{"id":19817,"href":"https:\/\/www.spkatarzyna.pl\/index.php\/wp-json\/wp\/v2\/posts\/19809\/revisions\/19817"}],"wp:featuredmedia":[{"embeddable":true,"href":"https:\/\/www.spkatarzyna.pl\/index.php\/wp-json\/wp\/v2\/media\/19810"}],"wp:attachment":[{"href":"https:\/\/www.spkatarzyna.pl\/index.php\/wp-json\/wp\/v2\/media?parent=19809"}],"wp:term":[{"taxonomy":"category","embeddable":true,"href":"https:\/\/www.spkatarzyna.pl\/index.php\/wp-json\/wp\/v2\/categories?post=19809"},{"taxonomy":"post_tag","embeddable":true,"href":"https:\/\/www.spkatarzyna.pl\/index.php\/wp-json\/wp\/v2\/tags?post=19809"}],"curies":[{"name":"wp","href":"https:\/\/api.w.org\/{rel}","templated":true}]}}