{"id":19819,"date":"2026-05-18T19:27:38","date_gmt":"2026-05-18T17:27:38","guid":{"rendered":"https:\/\/www.spkatarzyna.pl\/?p=19819"},"modified":"2026-05-18T19:33:08","modified_gmt":"2026-05-18T17:33:08","slug":"zapraszamy-seniorow-na-warsztaty","status":"publish","type":"post","link":"https:\/\/www.spkatarzyna.pl\/index.php\/2026\/05\/18\/zapraszamy-seniorow-na-warsztaty\/","title":{"rendered":"Zapraszamy Senior\u00f3w na warsztaty\u00a0"},"content":{"rendered":"\t\t<div data-elementor-type=\"wp-post\" data-elementor-id=\"19819\" class=\"elementor elementor-19819\">\n\t\t\t\t<div class=\"elementor-element elementor-element-5b35a432 e-flex e-con-boxed e-con e-parent\" data-id=\"5b35a432\" data-element_type=\"container\">\n\t\t\t\t\t<div class=\"e-con-inner\">\n\t\t\t\t<div class=\"elementor-element elementor-element-49117e9b elementor-widget elementor-widget-text-editor\" data-id=\"49117e9b\" data-element_type=\"widget\" data-widget_type=\"text-editor.default\">\n\t\t\t\t\t\t\t\t\t<p style=\"text-align: justify;\"><span style=\"font-size: 14pt;\"><b>SZKO\u0141A MI\u0118DZYPOKOLENIOWA<\/b><b>\r\n<\/b><i><span style=\"font-weight: 400;\">Projekt realizowany w ramach inicjatywy ministerialnej<\/span><\/i><\/span><\/p>\r\n<p style=\"text-align: justify;\"><span style=\"font-weight: 400; font-size: 14pt;\">Zapraszamy Senior\u00f3w na bezp\u0142atne warsztaty rozwijaj\u0105ce kompetencje cyfrowe oraz wiedz\u0119 o bezpiecze\u0144stwie w internecie.<\/span><\/p>\r\n\r\n<ul style=\"text-align: justify;\">\r\n \t<li style=\"font-weight: 400;\" aria-level=\"1\"><span style=\"font-weight: 400; font-size: 14pt;\">Podczas zaj\u0119\u0107 poznaj\u0105 Pa\u0144stwo zasady korzystania ze smartfona, komputera oraz aplikacji mobilnych.<\/span><\/li>\r\n \t<li style=\"font-weight: 400;\" aria-level=\"1\"><span style=\"font-weight: 400; font-size: 14pt;\">Przedstawimy sposoby ochrony danych osobowych oraz bezpiecznego korzystania z internetu.<\/span><\/li>\r\n \t<li style=\"font-weight: 400;\" aria-level=\"1\"><span style=\"font-weight: 400; font-size: 14pt;\">Warsztaty b\u0119d\u0105 r\u00f3wnie\u017c okazj\u0105 do spotka\u0144 w \u017cyczliwej i przyjaznej atmosferze.<\/span><\/li>\r\n<\/ul>\r\n<p style=\"text-align: justify;\"><span style=\"font-size: 14pt;\"><span style=\"font-weight: 400;\">Termin pierwszych zaj\u0119\u0107:<\/span><b> 27.05.2026 r. o godz. 16:30<\/b><span style=\"font-weight: 400;\">\r\n<\/span><span style=\"font-weight: 400;\">Miejsce: Publiczna Szko\u0142a Podstawowa w \u015awi\u0119tej Katarzynie&nbsp; <\/span><b>&nbsp;&nbsp;&nbsp;&nbsp;&nbsp;&nbsp;&nbsp;&nbsp;&nbsp;&nbsp;&nbsp;&nbsp;&nbsp;&nbsp;&nbsp;&nbsp;&nbsp;&nbsp;&nbsp;&nbsp;&nbsp;&nbsp;&nbsp;&nbsp;&nbsp;&nbsp;&nbsp;&nbsp;&nbsp;&nbsp;&nbsp;&nbsp;&nbsp;&nbsp;&nbsp;&nbsp;&nbsp;&nbsp;&nbsp;<\/b><\/span><\/p>\r\n<p style=\"text-align: justify;\"><span style=\"font-weight: 400; font-size: 14pt;\">Zapisy u Przewodnicz\u0105cej Rady Senior\u00f3w Gminy Siechnice Pani El\u017cbiety \u015awiech<\/span><\/p>\t\t\t\t\t\t\t\t<\/div>\n\t\t\t\t<div class=\"elementor-element elementor-element-3753355 elementor-widget elementor-widget-image\" data-id=\"3753355\" data-element_type=\"widget\" data-widget_type=\"image.default\">\n\t\t\t\t\t\t\t\t\t\t\t\t\t\t\t<img decoding=\"async\" src=\"https:\/\/www.spkatarzyna.pl\/wp-content\/uploads\/elementor\/thumbs\/Szkola-miedzypokoleniowa-rnndya3td6gjl11xarr4c8g144ovrak34235smx9hc.png\" title=\"Szko\u0142a mi\u0119dzypokoleniowa\" alt=\"Szko\u0142a mi\u0119dzypokoleniowa\" loading=\"lazy\" \/>\t\t\t\t\t\t\t\t\t\t\t\t\t\t\t<\/div>\n\t\t\t\t\t<\/div>\n\t\t\t\t<\/div>\n\t\t\t\t<\/div>\n\t\t","protected":false},"excerpt":{"rendered":"<p>SZKO\u0141A MI\u0118DZYPOKOLENIOWA Projekt realizowany w ramach inicjatywy ministerialnej Zapraszamy Senior\u00f3w na bezp\u0142atne warsztaty rozwijaj\u0105ce kompetencje cyfrowe oraz wiedz\u0119 o bezpiecze\u0144stwie w internecie. Podczas zaj\u0119\u0107 poznaj\u0105 Pa\u0144stwo zasady korzystania ze smartfona, komputera oraz aplikacji mobilnych. Przedstawimy sposoby ochrony danych osobowych oraz bezpiecznego korzystania z internetu. Warsztaty b\u0119d\u0105 r\u00f3wnie\u017c okazj\u0105 do spotka\u0144 [&hellip;]<\/p>\n","protected":false},"author":6,"featured_media":19820,"comment_status":"open","ping_status":"open","sticky":false,"template":"","format":"standard","meta":{"om_disable_all_campaigns":false,"_monsterinsights_skip_tracking":false,"ngg_post_thumbnail":0,"footnotes":""},"categories":[1],"tags":[],"class_list":["post-19819","post","type-post","status-publish","format-standard","has-post-thumbnail","hentry","category-uncategorized"],"aioseo_notices":[],"aioseo_head":"\n\t\t<!-- All in One SEO 5.0.1.1 - aioseo.com -->\n\t<meta name=\"description\" content=\"SZKO\u0141A MI\u0118DZYPOKOLENIOWA Projekt realizowany w ramach inicjatywy ministerialnej Zapraszamy Senior\u00f3w na bezp\u0142atne warsztaty rozwijaj\u0105ce kompetencje cyfrowe oraz wiedz\u0119 o bezpiecze\u0144stwie w internecie. Podczas zaj\u0119\u0107 poznaj\u0105 Pa\u0144stwo zasady korzystania ze smartfona, komputera oraz aplikacji mobilnych. Przedstawimy sposoby ochrony danych osobowych oraz bezpiecznego korzystania z internetu. Warsztaty b\u0119d\u0105 r\u00f3wnie\u017c okazj\u0105 do spotka\u0144 w \u017cyczliwej i przyjaznej atmosferze.\" \/>\n\t<meta name=\"robots\" content=\"max-image-preview:large\" \/>\n\t<meta name=\"author\" content=\"Redakcja\"\/>\n\t<link rel=\"canonical\" href=\"https:\/\/www.spkatarzyna.pl\/index.php\/2026\/05\/18\/zapraszamy-seniorow-na-warsztaty\/\" \/>\n\t<meta name=\"generator\" content=\"All in One SEO (AIOSEO) 5.0.1.1\" \/>\n\t\t<meta property=\"og:locale\" content=\"pl_PL\" \/>\n\t\t<meta property=\"og:site_name\" content=\"SP Katarzyna - Publiczna Szko\u0142a Podstawowa w \u015awi\u0119tej Katarzynie\" \/>\n\t\t<meta property=\"og:type\" content=\"article\" \/>\n\t\t<meta property=\"og:title\" content=\"Zapraszamy Senior\u00f3w na warsztaty - SP Katarzyna\" \/>\n\t\t<meta property=\"og:description\" content=\"SZKO\u0141A MI\u0118DZYPOKOLENIOWA Projekt realizowany w ramach inicjatywy ministerialnej Zapraszamy Senior\u00f3w na bezp\u0142atne warsztaty rozwijaj\u0105ce kompetencje cyfrowe oraz wiedz\u0119 o bezpiecze\u0144stwie w internecie. Podczas zaj\u0119\u0107 poznaj\u0105 Pa\u0144stwo zasady korzystania ze smartfona, komputera oraz aplikacji mobilnych. Przedstawimy sposoby ochrony danych osobowych oraz bezpiecznego korzystania z internetu. Warsztaty b\u0119d\u0105 r\u00f3wnie\u017c okazj\u0105 do spotka\u0144 w \u017cyczliwej i przyjaznej atmosferze.\" \/>\n\t\t<meta property=\"og:url\" content=\"https:\/\/www.spkatarzyna.pl\/index.php\/2026\/05\/18\/zapraszamy-seniorow-na-warsztaty\/\" \/>\n\t\t<meta property=\"article:published_time\" content=\"2026-05-18T17:27:38+00:00\" \/>\n\t\t<meta property=\"article:modified_time\" content=\"2026-05-18T17:33:08+00:00\" \/>\n\t\t<meta name=\"twitter:card\" content=\"summary_large_image\" \/>\n\t\t<meta name=\"twitter:title\" content=\"Zapraszamy Senior\u00f3w na warsztaty - SP Katarzyna\" \/>\n\t\t<meta name=\"twitter:description\" content=\"SZKO\u0141A MI\u0118DZYPOKOLENIOWA Projekt realizowany w ramach inicjatywy ministerialnej Zapraszamy Senior\u00f3w na bezp\u0142atne warsztaty rozwijaj\u0105ce kompetencje cyfrowe oraz wiedz\u0119 o bezpiecze\u0144stwie w internecie. Podczas zaj\u0119\u0107 poznaj\u0105 Pa\u0144stwo zasady korzystania ze smartfona, komputera oraz aplikacji mobilnych. Przedstawimy sposoby ochrony danych osobowych oraz bezpiecznego korzystania z internetu. Warsztaty b\u0119d\u0105 r\u00f3wnie\u017c okazj\u0105 do spotka\u0144 w \u017cyczliwej i przyjaznej atmosferze.\" \/>\n\t\t<script type=\"application\/ld+json\" class=\"aioseo-schema\">\n\t\t\t{\"@context\":\"https:\\\/\\\/schema.org\",\"@graph\":[{\"@type\":\"BlogPosting\",\"@id\":\"https:\\\/\\\/www.spkatarzyna.pl\\\/index.php\\\/2026\\\/05\\\/18\\\/zapraszamy-seniorow-na-warsztaty\\\/#blogposting\",\"name\":\"Zapraszamy Senior\\u00f3w na warsztaty - SP Katarzyna\",\"headline\":\"Zapraszamy Senior\\u00f3w na warsztaty\\u00a0\",\"author\":{\"@id\":\"https:\\\/\\\/www.spkatarzyna.pl\\\/index.php\\\/author\\\/agatasafianspkatarzyna-pl\\\/#author\"},\"publisher\":{\"@id\":\"https:\\\/\\\/www.spkatarzyna.pl\\\/#organization\"},\"image\":{\"@type\":\"ImageObject\",\"url\":\"https:\\\/\\\/www.spkatarzyna.pl\\\/wp-content\\\/uploads\\\/2026\\\/05\\\/Zrzut-ekranu-2026-05-18-o-18.56.png\",\"width\":360,\"height\":202},\"datePublished\":\"2026-05-18T19:27:38+02:00\",\"dateModified\":\"2026-05-18T19:33:08+02:00\",\"inLanguage\":\"pl-PL\",\"mainEntityOfPage\":{\"@id\":\"https:\\\/\\\/www.spkatarzyna.pl\\\/index.php\\\/2026\\\/05\\\/18\\\/zapraszamy-seniorow-na-warsztaty\\\/#webpage\"},\"isPartOf\":{\"@id\":\"https:\\\/\\\/www.spkatarzyna.pl\\\/index.php\\\/2026\\\/05\\\/18\\\/zapraszamy-seniorow-na-warsztaty\\\/#webpage\"},\"articleSection\":\"Uncategorized\"},{\"@type\":\"BreadcrumbList\",\"@id\":\"https:\\\/\\\/www.spkatarzyna.pl\\\/index.php\\\/2026\\\/05\\\/18\\\/zapraszamy-seniorow-na-warsztaty\\\/#breadcrumblist\",\"itemListElement\":[{\"@type\":\"ListItem\",\"@id\":\"https:\\\/\\\/www.spkatarzyna.pl#listItem\",\"position\":1,\"name\":\"Dom\",\"item\":\"https:\\\/\\\/www.spkatarzyna.pl\",\"nextItem\":{\"@type\":\"ListItem\",\"@id\":\"https:\\\/\\\/www.spkatarzyna.pl\\\/index.php\\\/category\\\/uncategorized\\\/#listItem\",\"name\":\"Uncategorized\"}},{\"@type\":\"ListItem\",\"@id\":\"https:\\\/\\\/www.spkatarzyna.pl\\\/index.php\\\/category\\\/uncategorized\\\/#listItem\",\"position\":2,\"name\":\"Uncategorized\",\"item\":\"https:\\\/\\\/www.spkatarzyna.pl\\\/index.php\\\/category\\\/uncategorized\\\/\",\"nextItem\":{\"@type\":\"ListItem\",\"@id\":\"https:\\\/\\\/www.spkatarzyna.pl\\\/index.php\\\/2026\\\/05\\\/18\\\/zapraszamy-seniorow-na-warsztaty\\\/#listItem\",\"name\":\"Zapraszamy Senior\\u00f3w na warsztaty\\u00a0\"},\"previousItem\":{\"@type\":\"ListItem\",\"@id\":\"https:\\\/\\\/www.spkatarzyna.pl#listItem\",\"name\":\"Dom\"}},{\"@type\":\"ListItem\",\"@id\":\"https:\\\/\\\/www.spkatarzyna.pl\\\/index.php\\\/2026\\\/05\\\/18\\\/zapraszamy-seniorow-na-warsztaty\\\/#listItem\",\"position\":3,\"name\":\"Zapraszamy Senior\\u00f3w na warsztaty\\u00a0\",\"previousItem\":{\"@type\":\"ListItem\",\"@id\":\"https:\\\/\\\/www.spkatarzyna.pl\\\/index.php\\\/category\\\/uncategorized\\\/#listItem\",\"name\":\"Uncategorized\"}}]},{\"@type\":\"Organization\",\"@id\":\"https:\\\/\\\/www.spkatarzyna.pl\\\/#organization\",\"name\":\"SP Katarzyna\",\"description\":\"Publiczna Szko\\u0142a Podstawowa w \\u015awi\\u0119tej Katarzynie\",\"url\":\"https:\\\/\\\/www.spkatarzyna.pl\\\/\",\"telephone\":\"+48713116378\",\"sameAs\":[\"https:\\\/\\\/facebook.com\\\/\",\"https:\\\/\\\/x.com\\\/\",\"https:\\\/\\\/instagram.com\\\/\",\"https:\\\/\\\/pinterest.com\\\/\",\"https:\\\/\\\/youtube.com\\\/\",\"https:\\\/\\\/linkedin.com\\\/in\\\/\"]},{\"@type\":\"Person\",\"@id\":\"https:\\\/\\\/www.spkatarzyna.pl\\\/index.php\\\/author\\\/agatasafianspkatarzyna-pl\\\/#author\",\"url\":\"https:\\\/\\\/www.spkatarzyna.pl\\\/index.php\\\/author\\\/agatasafianspkatarzyna-pl\\\/\",\"name\":\"Redakcja\",\"image\":{\"@type\":\"ImageObject\",\"@id\":\"https:\\\/\\\/www.spkatarzyna.pl\\\/index.php\\\/2026\\\/05\\\/18\\\/zapraszamy-seniorow-na-warsztaty\\\/#authorImage\",\"url\":\"https:\\\/\\\/secure.gravatar.com\\\/avatar\\\/765290513df94d442152250e92b42327?s=96&d=mm&r=g\",\"width\":96,\"height\":96,\"caption\":\"Redakcja\"}},{\"@type\":\"WebPage\",\"@id\":\"https:\\\/\\\/www.spkatarzyna.pl\\\/index.php\\\/2026\\\/05\\\/18\\\/zapraszamy-seniorow-na-warsztaty\\\/#webpage\",\"url\":\"https:\\\/\\\/www.spkatarzyna.pl\\\/index.php\\\/2026\\\/05\\\/18\\\/zapraszamy-seniorow-na-warsztaty\\\/\",\"name\":\"Zapraszamy Senior\\u00f3w na warsztaty - SP Katarzyna\",\"description\":\"SZKO\\u0141A MI\\u0118DZYPOKOLENIOWA Projekt realizowany w ramach inicjatywy ministerialnej Zapraszamy Senior\\u00f3w na bezp\\u0142atne warsztaty rozwijaj\\u0105ce kompetencje cyfrowe oraz wiedz\\u0119 o bezpiecze\\u0144stwie w internecie. Podczas zaj\\u0119\\u0107 poznaj\\u0105 Pa\\u0144stwo zasady korzystania ze smartfona, komputera oraz aplikacji mobilnych. Przedstawimy sposoby ochrony danych osobowych oraz bezpiecznego korzystania z internetu. Warsztaty b\\u0119d\\u0105 r\\u00f3wnie\\u017c okazj\\u0105 do spotka\\u0144 w \\u017cyczliwej i przyjaznej atmosferze.\",\"inLanguage\":\"pl-PL\",\"isPartOf\":{\"@id\":\"https:\\\/\\\/www.spkatarzyna.pl\\\/#website\"},\"breadcrumb\":{\"@id\":\"https:\\\/\\\/www.spkatarzyna.pl\\\/index.php\\\/2026\\\/05\\\/18\\\/zapraszamy-seniorow-na-warsztaty\\\/#breadcrumblist\"},\"author\":{\"@id\":\"https:\\\/\\\/www.spkatarzyna.pl\\\/index.php\\\/author\\\/agatasafianspkatarzyna-pl\\\/#author\"},\"creator\":{\"@id\":\"https:\\\/\\\/www.spkatarzyna.pl\\\/index.php\\\/author\\\/agatasafianspkatarzyna-pl\\\/#author\"},\"image\":{\"@type\":\"ImageObject\",\"url\":\"https:\\\/\\\/www.spkatarzyna.pl\\\/wp-content\\\/uploads\\\/2026\\\/05\\\/Zrzut-ekranu-2026-05-18-o-18.56.png\",\"@id\":\"https:\\\/\\\/www.spkatarzyna.pl\\\/index.php\\\/2026\\\/05\\\/18\\\/zapraszamy-seniorow-na-warsztaty\\\/#mainImage\",\"width\":360,\"height\":202},\"primaryImageOfPage\":{\"@id\":\"https:\\\/\\\/www.spkatarzyna.pl\\\/index.php\\\/2026\\\/05\\\/18\\\/zapraszamy-seniorow-na-warsztaty\\\/#mainImage\"},\"datePublished\":\"2026-05-18T19:27:38+02:00\",\"dateModified\":\"2026-05-18T19:33:08+02:00\"},{\"@type\":\"WebSite\",\"@id\":\"https:\\\/\\\/www.spkatarzyna.pl\\\/#website\",\"url\":\"https:\\\/\\\/www.spkatarzyna.pl\\\/\",\"name\":\"SP Katarzyna\",\"description\":\"Publiczna Szko\\u0142a Podstawowa w \\u015awi\\u0119tej Katarzynie\",\"inLanguage\":\"pl-PL\",\"publisher\":{\"@id\":\"https:\\\/\\\/www.spkatarzyna.pl\\\/#organization\"}}]}\n\t\t<\/script>\n\t\t<!-- All in One SEO -->\n\n","aioseo_head_json":{"title":"Zapraszamy Senior\u00f3w na warsztaty - SP Katarzyna","description":"SZKO\u0141A MI\u0118DZYPOKOLENIOWA Projekt realizowany w ramach inicjatywy ministerialnej Zapraszamy Senior\u00f3w na bezp\u0142atne warsztaty rozwijaj\u0105ce kompetencje cyfrowe oraz wiedz\u0119 o bezpiecze\u0144stwie w internecie. Podczas zaj\u0119\u0107 poznaj\u0105 Pa\u0144stwo zasady korzystania ze smartfona, komputera oraz aplikacji mobilnych. Przedstawimy sposoby ochrony danych osobowych oraz bezpiecznego korzystania z internetu. Warsztaty b\u0119d\u0105 r\u00f3wnie\u017c okazj\u0105 do spotka\u0144 w \u017cyczliwej i przyjaznej atmosferze.","canonical_url":"https:\/\/www.spkatarzyna.pl\/index.php\/2026\/05\/18\/zapraszamy-seniorow-na-warsztaty\/","robots":"max-image-preview:large","keywords":"","webmasterTools":{"miscellaneous":""},"schema":{"@context":"https:\/\/schema.org","@graph":[{"@type":"BlogPosting","@id":"https:\/\/www.spkatarzyna.pl\/index.php\/2026\/05\/18\/zapraszamy-seniorow-na-warsztaty\/#blogposting","name":"Zapraszamy Senior\u00f3w na warsztaty - SP Katarzyna","headline":"Zapraszamy Senior\u00f3w na warsztaty\u00a0","author":{"@id":"https:\/\/www.spkatarzyna.pl\/index.php\/author\/agatasafianspkatarzyna-pl\/#author"},"publisher":{"@id":"https:\/\/www.spkatarzyna.pl\/#organization"},"image":{"@type":"ImageObject","url":"https:\/\/www.spkatarzyna.pl\/wp-content\/uploads\/2026\/05\/Zrzut-ekranu-2026-05-18-o-18.56.png","width":360,"height":202},"datePublished":"2026-05-18T19:27:38+02:00","dateModified":"2026-05-18T19:33:08+02:00","inLanguage":"pl-PL","mainEntityOfPage":{"@id":"https:\/\/www.spkatarzyna.pl\/index.php\/2026\/05\/18\/zapraszamy-seniorow-na-warsztaty\/#webpage"},"isPartOf":{"@id":"https:\/\/www.spkatarzyna.pl\/index.php\/2026\/05\/18\/zapraszamy-seniorow-na-warsztaty\/#webpage"},"articleSection":"Uncategorized"},{"@type":"BreadcrumbList","@id":"https:\/\/www.spkatarzyna.pl\/index.php\/2026\/05\/18\/zapraszamy-seniorow-na-warsztaty\/#breadcrumblist","itemListElement":[{"@type":"ListItem","@id":"https:\/\/www.spkatarzyna.pl#listItem","position":1,"name":"Dom","item":"https:\/\/www.spkatarzyna.pl","nextItem":{"@type":"ListItem","@id":"https:\/\/www.spkatarzyna.pl\/index.php\/category\/uncategorized\/#listItem","name":"Uncategorized"}},{"@type":"ListItem","@id":"https:\/\/www.spkatarzyna.pl\/index.php\/category\/uncategorized\/#listItem","position":2,"name":"Uncategorized","item":"https:\/\/www.spkatarzyna.pl\/index.php\/category\/uncategorized\/","nextItem":{"@type":"ListItem","@id":"https:\/\/www.spkatarzyna.pl\/index.php\/2026\/05\/18\/zapraszamy-seniorow-na-warsztaty\/#listItem","name":"Zapraszamy Senior\u00f3w na warsztaty\u00a0"},"previousItem":{"@type":"ListItem","@id":"https:\/\/www.spkatarzyna.pl#listItem","name":"Dom"}},{"@type":"ListItem","@id":"https:\/\/www.spkatarzyna.pl\/index.php\/2026\/05\/18\/zapraszamy-seniorow-na-warsztaty\/#listItem","position":3,"name":"Zapraszamy Senior\u00f3w na warsztaty\u00a0","previousItem":{"@type":"ListItem","@id":"https:\/\/www.spkatarzyna.pl\/index.php\/category\/uncategorized\/#listItem","name":"Uncategorized"}}]},{"@type":"Organization","@id":"https:\/\/www.spkatarzyna.pl\/#organization","name":"SP Katarzyna","description":"Publiczna Szko\u0142a Podstawowa w \u015awi\u0119tej Katarzynie","url":"https:\/\/www.spkatarzyna.pl\/","telephone":"+48713116378","sameAs":["https:\/\/facebook.com\/","https:\/\/x.com\/","https:\/\/instagram.com\/","https:\/\/pinterest.com\/","https:\/\/youtube.com\/","https:\/\/linkedin.com\/in\/"]},{"@type":"Person","@id":"https:\/\/www.spkatarzyna.pl\/index.php\/author\/agatasafianspkatarzyna-pl\/#author","url":"https:\/\/www.spkatarzyna.pl\/index.php\/author\/agatasafianspkatarzyna-pl\/","name":"Redakcja","image":{"@type":"ImageObject","@id":"https:\/\/www.spkatarzyna.pl\/index.php\/2026\/05\/18\/zapraszamy-seniorow-na-warsztaty\/#authorImage","url":"https:\/\/secure.gravatar.com\/avatar\/765290513df94d442152250e92b42327?s=96&d=mm&r=g","width":96,"height":96,"caption":"Redakcja"}},{"@type":"WebPage","@id":"https:\/\/www.spkatarzyna.pl\/index.php\/2026\/05\/18\/zapraszamy-seniorow-na-warsztaty\/#webpage","url":"https:\/\/www.spkatarzyna.pl\/index.php\/2026\/05\/18\/zapraszamy-seniorow-na-warsztaty\/","name":"Zapraszamy Senior\u00f3w na warsztaty - SP Katarzyna","description":"SZKO\u0141A MI\u0118DZYPOKOLENIOWA Projekt realizowany w ramach inicjatywy ministerialnej Zapraszamy Senior\u00f3w na bezp\u0142atne warsztaty rozwijaj\u0105ce kompetencje cyfrowe oraz wiedz\u0119 o bezpiecze\u0144stwie w internecie. Podczas zaj\u0119\u0107 poznaj\u0105 Pa\u0144stwo zasady korzystania ze smartfona, komputera oraz aplikacji mobilnych. Przedstawimy sposoby ochrony danych osobowych oraz bezpiecznego korzystania z internetu. Warsztaty b\u0119d\u0105 r\u00f3wnie\u017c okazj\u0105 do spotka\u0144 w \u017cyczliwej i przyjaznej atmosferze.","inLanguage":"pl-PL","isPartOf":{"@id":"https:\/\/www.spkatarzyna.pl\/#website"},"breadcrumb":{"@id":"https:\/\/www.spkatarzyna.pl\/index.php\/2026\/05\/18\/zapraszamy-seniorow-na-warsztaty\/#breadcrumblist"},"author":{"@id":"https:\/\/www.spkatarzyna.pl\/index.php\/author\/agatasafianspkatarzyna-pl\/#author"},"creator":{"@id":"https:\/\/www.spkatarzyna.pl\/index.php\/author\/agatasafianspkatarzyna-pl\/#author"},"image":{"@type":"ImageObject","url":"https:\/\/www.spkatarzyna.pl\/wp-content\/uploads\/2026\/05\/Zrzut-ekranu-2026-05-18-o-18.56.png","@id":"https:\/\/www.spkatarzyna.pl\/index.php\/2026\/05\/18\/zapraszamy-seniorow-na-warsztaty\/#mainImage","width":360,"height":202},"primaryImageOfPage":{"@id":"https:\/\/www.spkatarzyna.pl\/index.php\/2026\/05\/18\/zapraszamy-seniorow-na-warsztaty\/#mainImage"},"datePublished":"2026-05-18T19:27:38+02:00","dateModified":"2026-05-18T19:33:08+02:00"},{"@type":"WebSite","@id":"https:\/\/www.spkatarzyna.pl\/#website","url":"https:\/\/www.spkatarzyna.pl\/","name":"SP Katarzyna","description":"Publiczna Szko\u0142a Podstawowa w \u015awi\u0119tej Katarzynie","inLanguage":"pl-PL","publisher":{"@id":"https:\/\/www.spkatarzyna.pl\/#organization"}}]},"og:locale":"pl_PL","og:site_name":"SP Katarzyna - Publiczna Szko\u0142a Podstawowa w \u015awi\u0119tej Katarzynie","og:type":"article","og:title":"Zapraszamy Senior\u00f3w na warsztaty - SP Katarzyna","og:description":"SZKO\u0141A MI\u0118DZYPOKOLENIOWA Projekt realizowany w ramach inicjatywy ministerialnej Zapraszamy Senior\u00f3w na bezp\u0142atne warsztaty rozwijaj\u0105ce kompetencje cyfrowe oraz wiedz\u0119 o bezpiecze\u0144stwie w internecie. Podczas zaj\u0119\u0107 poznaj\u0105 Pa\u0144stwo zasady korzystania ze smartfona, komputera oraz aplikacji mobilnych. Przedstawimy sposoby ochrony danych osobowych oraz bezpiecznego korzystania z internetu. Warsztaty b\u0119d\u0105 r\u00f3wnie\u017c okazj\u0105 do spotka\u0144 w \u017cyczliwej i przyjaznej atmosferze.","og:url":"https:\/\/www.spkatarzyna.pl\/index.php\/2026\/05\/18\/zapraszamy-seniorow-na-warsztaty\/","article:published_time":"2026-05-18T17:27:38+00:00","article:modified_time":"2026-05-18T17:33:08+00:00","twitter:card":"summary_large_image","twitter:title":"Zapraszamy Senior\u00f3w na warsztaty - SP Katarzyna","twitter:description":"SZKO\u0141A MI\u0118DZYPOKOLENIOWA Projekt realizowany w ramach inicjatywy ministerialnej Zapraszamy Senior\u00f3w na bezp\u0142atne warsztaty rozwijaj\u0105ce kompetencje cyfrowe oraz wiedz\u0119 o bezpiecze\u0144stwie w internecie. Podczas zaj\u0119\u0107 poznaj\u0105 Pa\u0144stwo zasady korzystania ze smartfona, komputera oraz aplikacji mobilnych. Przedstawimy sposoby ochrony danych osobowych oraz bezpiecznego korzystania z internetu. Warsztaty b\u0119d\u0105 r\u00f3wnie\u017c okazj\u0105 do spotka\u0144 w \u017cyczliwej i przyjaznej atmosferze."},"aioseo_meta_data":{"post_id":"19819","title":null,"description":null,"keywords":null,"keyphrases":{"focus":{"keyphrase":"","score":0,"analysis":{"keyphraseInTitle":{"score":0,"maxScore":9,"error":1}}},"additional":[]},"primary_term":null,"canonical_url":null,"og_title":null,"og_description":null,"og_object_type":"default","og_image_type":"default","og_image_url":null,"og_image_width":null,"og_image_height":null,"og_image_custom_url":null,"og_image_custom_fields":null,"og_video":"","og_custom_url":null,"og_article_section":null,"og_article_tags":null,"twitter_use_og":false,"twitter_card":"default","twitter_image_type":"default","twitter_image_url":null,"twitter_image_custom_url":null,"twitter_image_custom_fields":null,"twitter_title":null,"twitter_description":null,"schema":{"blockGraphs":[],"customGraphs":[],"default":{"data":{"Article":[],"Course":[],"Dataset":[],"FAQPage":[],"Movie":[],"Person":[],"Product":[],"ProductReview":[],"Car":[],"Recipe":[],"Service":[],"SoftwareApplication":[],"WebPage":[]},"graphName":"BlogPosting","isEnabled":true},"graphs":[]},"schema_type":"default","schema_type_options":null,"pillar_content":false,"robots_default":true,"robots_noindex":false,"robots_noarchive":false,"robots_nosnippet":false,"robots_nofollow":false,"robots_noimageindex":false,"robots_noodp":false,"robots_notranslate":false,"robots_max_snippet":"-1","robots_max_videopreview":"-1","robots_max_imagepreview":"large","priority":null,"frequency":"default","local_seo":null,"limit_modified_date":false,"created":"2026-05-18 17:27:38","updated":"2026-09-03 18:10:01","focus_keyword":null,"additional_keywords":null,"truseo_locale":null,"ai":null,"breadcrumb_settings":null,"seo_analyzer_scan_date":null},"aioseo_breadcrumb":"<div class=\"aioseo-breadcrumbs\"><span class=\"aioseo-breadcrumb\">\n\t\t\t<a href=\"https:\/\/www.spkatarzyna.pl\" title=\"Dom\">Dom<\/a>\n\t\t<\/span><span class=\"aioseo-breadcrumb-separator\">&raquo;<\/span><span class=\"aioseo-breadcrumb\">\n\t\t\t<a href=\"https:\/\/www.spkatarzyna.pl\/index.php\/category\/uncategorized\/\" title=\"Uncategorized\">Uncategorized<\/a>\n\t\t<\/span><span class=\"aioseo-breadcrumb-separator\">&raquo;<\/span><span class=\"aioseo-breadcrumb\">\n\t\t\tZapraszamy Senior\u00f3w na warsztaty \n\t\t<\/span><\/div>","aioseo_breadcrumb_json":[{"label":"Dom","link":"https:\/\/www.spkatarzyna.pl"},{"label":"Uncategorized","link":"https:\/\/www.spkatarzyna.pl\/index.php\/category\/uncategorized\/"},{"label":"Zapraszamy Senior\u00f3w na warsztaty\u00a0","link":"https:\/\/www.spkatarzyna.pl\/index.php\/2026\/05\/18\/zapraszamy-seniorow-na-warsztaty\/"}],"_links":{"self":[{"href":"https:\/\/www.spkatarzyna.pl\/index.php\/wp-json\/wp\/v2\/posts\/19819","targetHints":{"allow":["GET"]}}],"collection":[{"href":"https:\/\/www.spkatarzyna.pl\/index.php\/wp-json\/wp\/v2\/posts"}],"about":[{"href":"https:\/\/www.spkatarzyna.pl\/index.php\/wp-json\/wp\/v2\/types\/post"}],"author":[{"embeddable":true,"href":"https:\/\/www.spkatarzyna.pl\/index.php\/wp-json\/wp\/v2\/users\/6"}],"replies":[{"embeddable":true,"href":"https:\/\/www.spkatarzyna.pl\/index.php\/wp-json\/wp\/v2\/comments?post=19819"}],"version-history":[{"count":7,"href":"https:\/\/www.spkatarzyna.pl\/index.php\/wp-json\/wp\/v2\/posts\/19819\/revisions"}],"predecessor-version":[{"id":19829,"href":"https:\/\/www.spkatarzyna.pl\/index.php\/wp-json\/wp\/v2\/posts\/19819\/revisions\/19829"}],"wp:featuredmedia":[{"embeddable":true,"href":"https:\/\/www.spkatarzyna.pl\/index.php\/wp-json\/wp\/v2\/media\/19820"}],"wp:attachment":[{"href":"https:\/\/www.spkatarzyna.pl\/index.php\/wp-json\/wp\/v2\/media?parent=19819"}],"wp:term":[{"taxonomy":"category","embeddable":true,"href":"https:\/\/www.spkatarzyna.pl\/index.php\/wp-json\/wp\/v2\/categories?post=19819"},{"taxonomy":"post_tag","embeddable":true,"href":"https:\/\/www.spkatarzyna.pl\/index.php\/wp-json\/wp\/v2\/tags?post=19819"}],"curies":[{"name":"wp","href":"https:\/\/api.w.org\/{rel}","templated":true}]}}