{"id":19909,"date":"2026-05-24T16:16:10","date_gmt":"2026-05-24T14:16:10","guid":{"rendered":"https:\/\/www.spkatarzyna.pl\/?p=19909"},"modified":"2026-05-25T14:27:56","modified_gmt":"2026-05-25T12:27:56","slug":"sukces-sportowy-uczniow-2","status":"publish","type":"post","link":"https:\/\/www.spkatarzyna.pl\/index.php\/2026\/05\/24\/sukces-sportowy-uczniow-2\/","title":{"rendered":"Sukces sportowy uczni\u00f3w"},"content":{"rendered":"\t\t<div data-elementor-type=\"wp-post\" data-elementor-id=\"19909\" class=\"elementor elementor-19909\">\n\t\t\t\t<div class=\"elementor-element elementor-element-25912842 e-flex e-con-boxed e-con e-parent\" data-id=\"25912842\" data-element_type=\"container\">\n\t\t\t\t\t<div class=\"e-con-inner\">\n\t\t\t\t<div class=\"elementor-element elementor-element-30c4995 elementor-widget elementor-widget-text-editor\" data-id=\"30c4995\" data-element_type=\"widget\" data-widget_type=\"text-editor.default\">\n\t\t\t\t\t\t\t\t\t<p><span style=\"font-size: 14pt;\">Uczniowie naszej szko\u0142y w dn. 19.05.2026 wywalczyli II miejsce w kategorii ch\u0142opc\u00f3w oraz V miejsce w kategorii dziewcz\u0105t w powiatowych zawodach w siatk\u00f3wce! Jest to ogromne wyr\u00f3\u017cnienie i ci\u0119\u017cka praca naszych uczni\u00f3w klas pi\u0105tych. <\/span><\/p>\n<p><span style=\"font-size: 14pt;\">Dzi\u0119kujemy uczniom, kt\u00f3rzy reprezentowali nasz\u0105 szko\u0142\u0119:<\/span><br>\n<span style=\"font-size: 14pt;\">Barabasz Zofia<\/span><br>\n<span style=\"font-size: 14pt;\">Juszkiewicz Wiktor<\/span><br>\n<span style=\"font-size: 14pt;\">Kwaczy\u0144ski Damian<\/span><br>\n<span style=\"font-size: 14pt;\">M\u0105ka Grzegorz<\/span><br>\n<span style=\"font-size: 14pt;\">Nowak Piotr<\/span><br>\n<span style=\"font-size: 14pt;\">Jancyk Wiktoria<\/span><br>\n<span style=\"font-size: 14pt;\">Ma\u0142y Gabriela<\/span><br>\n<span style=\"font-size: 14pt;\">Grze\u015bkowiak Oliwia<\/span><br>\n<span style=\"font-size: 14pt;\">Lipnicka Milena<\/span><br>\n<span style=\"font-size: 14pt;\">Ludwisiak Natalia<\/span><br>\n<span style=\"font-size: 14pt;\">Maryniuk Wiktoria<\/span><br>\n<span style=\"font-size: 14pt;\">Markiewicz Martyna<\/span><br>\n<span style=\"font-size: 14pt;\">Ba\u0142asz Antonina<\/span><br>\n<span style=\"font-size: 14pt;\">Bana\u015b Leon<\/span><br>\n<span style=\"font-size: 14pt;\">Janczy\u0144ski Borys<\/span><br>\n<span style=\"font-size: 14pt;\">Moczulski Bart\u0142omiej<\/span><br>\n<span style=\"font-size: 14pt;\">Piwowarczyk Maksymilian<\/span><\/p>\n<p><span style=\"font-size: 14pt;\">Gratulujemy!<\/span><br>\n<span style=\"font-size: 14pt;\">Dumni nauczyciele wychowania fizycznego<\/span><\/p><p><span style=\"font-size: 14pt;\"><br><\/span><\/p>\t\t\t\t\t\t\t\t<\/div>\n\t\t\t\t<div class=\"elementor-element elementor-element-8f423f2 elementor-widget elementor-widget-image-gallery\" data-id=\"8f423f2\" data-element_type=\"widget\" data-widget_type=\"image-gallery.default\">\n\t\t\t\t\t\t\t<div class=\"elementor-image-gallery\">\n\t\t\t\n\t\t<div id='gallery-1' class='gallery galleryid-19909 gallery-columns-5 gallery-size-thumbnail gallery1'><script type=\"text\/javascript\">\n\/\/ <![CDATA[\n\tjQuery(document).ready(function () {\n\t\tjQuery(\".gallery1 a\").attr(\"rel\",\"gallery1\");\t\n\t\tjQuery('a[rel=\"gallery1\"]').colorbox({title: function(){ return jQuery(this).children().attr(\"alt\"); }});\n\t});\n\/\/ ]]>\n<\/script>\n<dl class=\"gallery-item\">\n<dt class=\"gallery-icon\">\n<a href=\"https:\/\/www.spkatarzyna.pl\/wp-content\/uploads\/2026\/05\/1000107417-300x134.jpg\" title=\"\" rel=\"gallery1\" rel=\"lightbox[19909]\"><img decoding=\"async\" src=\"https:\/\/www.spkatarzyna.pl\/wp-content\/uploads\/2026\/05\/1000107417-150x150.jpg\" width=\"150\" height=\"150\" alt=\"\" \/><\/a>\n<\/dt><\/dl><dl class=\"gallery-item\">\n<dt class=\"gallery-icon\">\n<a href=\"https:\/\/www.spkatarzyna.pl\/wp-content\/uploads\/2026\/05\/1000107418-300x134.jpg\" title=\"\" rel=\"gallery1\" rel=\"lightbox[19909]\"><img decoding=\"async\" src=\"https:\/\/www.spkatarzyna.pl\/wp-content\/uploads\/2026\/05\/1000107418-150x150.jpg\" width=\"150\" height=\"150\" alt=\"\" \/><\/a>\n<\/dt><\/dl><dl class=\"gallery-item\">\n<dt class=\"gallery-icon\">\n<a href=\"https:\/\/www.spkatarzyna.pl\/wp-content\/uploads\/2026\/05\/1000107437-300x134.jpg\" title=\"\" rel=\"gallery1\" rel=\"lightbox[19909]\"><img decoding=\"async\" src=\"https:\/\/www.spkatarzyna.pl\/wp-content\/uploads\/2026\/05\/1000107437-150x150.jpg\" width=\"150\" height=\"150\" alt=\"\" \/><\/a>\n<\/dt><\/dl><dl class=\"gallery-item\">\n<dt class=\"gallery-icon\">\n<a href=\"https:\/\/www.spkatarzyna.pl\/wp-content\/uploads\/2026\/05\/1000107485-226x300.jpg\" title=\"\" rel=\"gallery1\" rel=\"lightbox[19909]\"><img loading=\"lazy\" decoding=\"async\" src=\"https:\/\/www.spkatarzyna.pl\/wp-content\/uploads\/2026\/05\/1000107485-150x150.jpg\" width=\"150\" height=\"150\" alt=\"\" \/><\/a>\n<\/dt><\/dl><dl class=\"gallery-item\">\n<dt class=\"gallery-icon\">\n<a href=\"https:\/\/www.spkatarzyna.pl\/wp-content\/uploads\/2026\/05\/1000107500-226x300.jpg\" title=\"\" rel=\"gallery1\" rel=\"lightbox[19909]\"><img loading=\"lazy\" decoding=\"async\" src=\"https:\/\/www.spkatarzyna.pl\/wp-content\/uploads\/2026\/05\/1000107500-150x150.jpg\" width=\"150\" height=\"150\" alt=\"\" \/><\/a>\n<\/dt><\/dl><br style=\"clear: both\" \/><br style=\"clear: both\" \/><\/div>\t\t<\/div>\n\t\t\t\t\t\t<\/div>\n\t\t\t\t\t<\/div>\n\t\t\t\t<\/div>\n\t\t\t\t<\/div>\n\t\t","protected":false},"excerpt":{"rendered":"<p>Uczniowie naszej szko\u0142y w dn. 19.05.2026 wywalczyli II miejsce w kategorii ch\u0142opc\u00f3w oraz V miejsce w kategorii dziewcz\u0105t w powiatowych zawodach w siatk\u00f3wce! Jest to ogromne wyr\u00f3\u017cnienie i ci\u0119\u017cka praca naszych uczni\u00f3w klas pi\u0105tych. Dzi\u0119kujemy uczniom, kt\u00f3rzy reprezentowali nasz\u0105 szko\u0142\u0119: Barabasz Zofia Juszkiewicz Wiktor Kwaczy\u0144ski Damian M\u0105ka Grzegorz Nowak Piotr [&hellip;]<\/p>\n","protected":false},"author":6,"featured_media":19910,"comment_status":"open","ping_status":"open","sticky":false,"template":"","format":"standard","meta":{"om_disable_all_campaigns":false,"_monsterinsights_skip_tracking":false,"ngg_post_thumbnail":0,"footnotes":""},"categories":[1],"tags":[],"class_list":["post-19909","post","type-post","status-publish","format-standard","has-post-thumbnail","hentry","category-uncategorized"],"aioseo_notices":[],"aioseo_head":"\n\t\t<!-- All in One SEO 5.0.1.1 - aioseo.com -->\n\t<meta name=\"description\" content=\"Uczniowie naszej szko\u0142y w dn. 19.05.2026 wywalczyli II miejsce w kategorii ch\u0142opc\u00f3w oraz V miejsce w kategorii dziewcz\u0105t w powiatowych zawodach w siatk\u00f3wce! Jest to ogromne wyr\u00f3\u017cnienie i ci\u0119\u017cka praca naszych uczni\u00f3w klas pi\u0105tych. Dzi\u0119kujemy uczniom, kt\u00f3rzy reprezentowali nasz\u0105 szko\u0142\u0119: Barabasz Zofia Juszkiewicz Wiktor Kwaczy\u0144ski Damian M\u0105ka Grzegorz Nowak Piotr Jancyk Wiktoria Ma\u0142y Gabriela Grze\u015bkowiak\" \/>\n\t<meta name=\"robots\" content=\"max-image-preview:large\" \/>\n\t<meta name=\"author\" content=\"Redakcja\"\/>\n\t<link rel=\"canonical\" href=\"https:\/\/www.spkatarzyna.pl\/index.php\/2026\/05\/24\/sukces-sportowy-uczniow-2\/\" \/>\n\t<meta name=\"generator\" content=\"All in One SEO (AIOSEO) 5.0.1.1\" \/>\n\t\t<meta property=\"og:locale\" content=\"pl_PL\" \/>\n\t\t<meta property=\"og:site_name\" content=\"SP Katarzyna - Publiczna Szko\u0142a Podstawowa w \u015awi\u0119tej Katarzynie\" \/>\n\t\t<meta property=\"og:type\" content=\"article\" \/>\n\t\t<meta property=\"og:title\" content=\"Sukces sportowy uczni\u00f3w - SP Katarzyna\" \/>\n\t\t<meta property=\"og:description\" content=\"Uczniowie naszej szko\u0142y w dn. 19.05.2026 wywalczyli II miejsce w kategorii ch\u0142opc\u00f3w oraz V miejsce w kategorii dziewcz\u0105t w powiatowych zawodach w siatk\u00f3wce! Jest to ogromne wyr\u00f3\u017cnienie i ci\u0119\u017cka praca naszych uczni\u00f3w klas pi\u0105tych. Dzi\u0119kujemy uczniom, kt\u00f3rzy reprezentowali nasz\u0105 szko\u0142\u0119: Barabasz Zofia Juszkiewicz Wiktor Kwaczy\u0144ski Damian M\u0105ka Grzegorz Nowak Piotr Jancyk Wiktoria Ma\u0142y Gabriela Grze\u015bkowiak\" \/>\n\t\t<meta property=\"og:url\" content=\"https:\/\/www.spkatarzyna.pl\/index.php\/2026\/05\/24\/sukces-sportowy-uczniow-2\/\" \/>\n\t\t<meta property=\"article:published_time\" content=\"2026-05-24T14:16:10+00:00\" \/>\n\t\t<meta property=\"article:modified_time\" content=\"2026-05-25T12:27:56+00:00\" \/>\n\t\t<meta name=\"twitter:card\" content=\"summary_large_image\" \/>\n\t\t<meta name=\"twitter:title\" content=\"Sukces sportowy uczni\u00f3w - SP Katarzyna\" \/>\n\t\t<meta name=\"twitter:description\" content=\"Uczniowie naszej szko\u0142y w dn. 19.05.2026 wywalczyli II miejsce w kategorii ch\u0142opc\u00f3w oraz V miejsce w kategorii dziewcz\u0105t w powiatowych zawodach w siatk\u00f3wce! Jest to ogromne wyr\u00f3\u017cnienie i ci\u0119\u017cka praca naszych uczni\u00f3w klas pi\u0105tych. Dzi\u0119kujemy uczniom, kt\u00f3rzy reprezentowali nasz\u0105 szko\u0142\u0119: Barabasz Zofia Juszkiewicz Wiktor Kwaczy\u0144ski Damian M\u0105ka Grzegorz Nowak Piotr Jancyk Wiktoria Ma\u0142y Gabriela Grze\u015bkowiak\" \/>\n\t\t<script type=\"application\/ld+json\" class=\"aioseo-schema\">\n\t\t\t{\"@context\":\"https:\\\/\\\/schema.org\",\"@graph\":[{\"@type\":\"BlogPosting\",\"@id\":\"https:\\\/\\\/www.spkatarzyna.pl\\\/index.php\\\/2026\\\/05\\\/24\\\/sukces-sportowy-uczniow-2\\\/#blogposting\",\"name\":\"Sukces sportowy uczni\\u00f3w - SP Katarzyna\",\"headline\":\"Sukces sportowy uczni\\u00f3w\",\"author\":{\"@id\":\"https:\\\/\\\/www.spkatarzyna.pl\\\/index.php\\\/author\\\/agatasafianspkatarzyna-pl\\\/#author\"},\"publisher\":{\"@id\":\"https:\\\/\\\/www.spkatarzyna.pl\\\/#organization\"},\"image\":{\"@type\":\"ImageObject\",\"url\":\"https:\\\/\\\/www.spkatarzyna.pl\\\/wp-content\\\/uploads\\\/2026\\\/05\\\/1000107437-2.jpg\",\"width\":360,\"height\":202,\"caption\":\"oplus_2\"},\"datePublished\":\"2026-05-24T16:16:10+02:00\",\"dateModified\":\"2026-05-25T14:27:56+02:00\",\"inLanguage\":\"pl-PL\",\"mainEntityOfPage\":{\"@id\":\"https:\\\/\\\/www.spkatarzyna.pl\\\/index.php\\\/2026\\\/05\\\/24\\\/sukces-sportowy-uczniow-2\\\/#webpage\"},\"isPartOf\":{\"@id\":\"https:\\\/\\\/www.spkatarzyna.pl\\\/index.php\\\/2026\\\/05\\\/24\\\/sukces-sportowy-uczniow-2\\\/#webpage\"},\"articleSection\":\"Uncategorized\"},{\"@type\":\"BreadcrumbList\",\"@id\":\"https:\\\/\\\/www.spkatarzyna.pl\\\/index.php\\\/2026\\\/05\\\/24\\\/sukces-sportowy-uczniow-2\\\/#breadcrumblist\",\"itemListElement\":[{\"@type\":\"ListItem\",\"@id\":\"https:\\\/\\\/www.spkatarzyna.pl#listItem\",\"position\":1,\"name\":\"Dom\",\"item\":\"https:\\\/\\\/www.spkatarzyna.pl\",\"nextItem\":{\"@type\":\"ListItem\",\"@id\":\"https:\\\/\\\/www.spkatarzyna.pl\\\/index.php\\\/category\\\/uncategorized\\\/#listItem\",\"name\":\"Uncategorized\"}},{\"@type\":\"ListItem\",\"@id\":\"https:\\\/\\\/www.spkatarzyna.pl\\\/index.php\\\/category\\\/uncategorized\\\/#listItem\",\"position\":2,\"name\":\"Uncategorized\",\"item\":\"https:\\\/\\\/www.spkatarzyna.pl\\\/index.php\\\/category\\\/uncategorized\\\/\",\"nextItem\":{\"@type\":\"ListItem\",\"@id\":\"https:\\\/\\\/www.spkatarzyna.pl\\\/index.php\\\/2026\\\/05\\\/24\\\/sukces-sportowy-uczniow-2\\\/#listItem\",\"name\":\"Sukces sportowy uczni\\u00f3w\"},\"previousItem\":{\"@type\":\"ListItem\",\"@id\":\"https:\\\/\\\/www.spkatarzyna.pl#listItem\",\"name\":\"Dom\"}},{\"@type\":\"ListItem\",\"@id\":\"https:\\\/\\\/www.spkatarzyna.pl\\\/index.php\\\/2026\\\/05\\\/24\\\/sukces-sportowy-uczniow-2\\\/#listItem\",\"position\":3,\"name\":\"Sukces sportowy uczni\\u00f3w\",\"previousItem\":{\"@type\":\"ListItem\",\"@id\":\"https:\\\/\\\/www.spkatarzyna.pl\\\/index.php\\\/category\\\/uncategorized\\\/#listItem\",\"name\":\"Uncategorized\"}}]},{\"@type\":\"Organization\",\"@id\":\"https:\\\/\\\/www.spkatarzyna.pl\\\/#organization\",\"name\":\"SP Katarzyna\",\"description\":\"Publiczna Szko\\u0142a Podstawowa w \\u015awi\\u0119tej Katarzynie\",\"url\":\"https:\\\/\\\/www.spkatarzyna.pl\\\/\",\"telephone\":\"+48713116378\",\"sameAs\":[\"https:\\\/\\\/facebook.com\\\/\",\"https:\\\/\\\/x.com\\\/\",\"https:\\\/\\\/instagram.com\\\/\",\"https:\\\/\\\/pinterest.com\\\/\",\"https:\\\/\\\/youtube.com\\\/\",\"https:\\\/\\\/linkedin.com\\\/in\\\/\"]},{\"@type\":\"Person\",\"@id\":\"https:\\\/\\\/www.spkatarzyna.pl\\\/index.php\\\/author\\\/agatasafianspkatarzyna-pl\\\/#author\",\"url\":\"https:\\\/\\\/www.spkatarzyna.pl\\\/index.php\\\/author\\\/agatasafianspkatarzyna-pl\\\/\",\"name\":\"Redakcja\",\"image\":{\"@type\":\"ImageObject\",\"@id\":\"https:\\\/\\\/www.spkatarzyna.pl\\\/index.php\\\/2026\\\/05\\\/24\\\/sukces-sportowy-uczniow-2\\\/#authorImage\",\"url\":\"https:\\\/\\\/secure.gravatar.com\\\/avatar\\\/765290513df94d442152250e92b42327?s=96&d=mm&r=g\",\"width\":96,\"height\":96,\"caption\":\"Redakcja\"}},{\"@type\":\"WebPage\",\"@id\":\"https:\\\/\\\/www.spkatarzyna.pl\\\/index.php\\\/2026\\\/05\\\/24\\\/sukces-sportowy-uczniow-2\\\/#webpage\",\"url\":\"https:\\\/\\\/www.spkatarzyna.pl\\\/index.php\\\/2026\\\/05\\\/24\\\/sukces-sportowy-uczniow-2\\\/\",\"name\":\"Sukces sportowy uczni\\u00f3w - SP Katarzyna\",\"description\":\"Uczniowie naszej szko\\u0142y w dn. 19.05.2026 wywalczyli II miejsce w kategorii ch\\u0142opc\\u00f3w oraz V miejsce w kategorii dziewcz\\u0105t w powiatowych zawodach w siatk\\u00f3wce! Jest to ogromne wyr\\u00f3\\u017cnienie i ci\\u0119\\u017cka praca naszych uczni\\u00f3w klas pi\\u0105tych. Dzi\\u0119kujemy uczniom, kt\\u00f3rzy reprezentowali nasz\\u0105 szko\\u0142\\u0119: Barabasz Zofia Juszkiewicz Wiktor Kwaczy\\u0144ski Damian M\\u0105ka Grzegorz Nowak Piotr Jancyk Wiktoria Ma\\u0142y Gabriela Grze\\u015bkowiak\",\"inLanguage\":\"pl-PL\",\"isPartOf\":{\"@id\":\"https:\\\/\\\/www.spkatarzyna.pl\\\/#website\"},\"breadcrumb\":{\"@id\":\"https:\\\/\\\/www.spkatarzyna.pl\\\/index.php\\\/2026\\\/05\\\/24\\\/sukces-sportowy-uczniow-2\\\/#breadcrumblist\"},\"author\":{\"@id\":\"https:\\\/\\\/www.spkatarzyna.pl\\\/index.php\\\/author\\\/agatasafianspkatarzyna-pl\\\/#author\"},\"creator\":{\"@id\":\"https:\\\/\\\/www.spkatarzyna.pl\\\/index.php\\\/author\\\/agatasafianspkatarzyna-pl\\\/#author\"},\"image\":{\"@type\":\"ImageObject\",\"url\":\"https:\\\/\\\/www.spkatarzyna.pl\\\/wp-content\\\/uploads\\\/2026\\\/05\\\/1000107437-2.jpg\",\"@id\":\"https:\\\/\\\/www.spkatarzyna.pl\\\/index.php\\\/2026\\\/05\\\/24\\\/sukces-sportowy-uczniow-2\\\/#mainImage\",\"width\":360,\"height\":202,\"caption\":\"oplus_2\"},\"primaryImageOfPage\":{\"@id\":\"https:\\\/\\\/www.spkatarzyna.pl\\\/index.php\\\/2026\\\/05\\\/24\\\/sukces-sportowy-uczniow-2\\\/#mainImage\"},\"datePublished\":\"2026-05-24T16:16:10+02:00\",\"dateModified\":\"2026-05-25T14:27:56+02:00\"},{\"@type\":\"WebSite\",\"@id\":\"https:\\\/\\\/www.spkatarzyna.pl\\\/#website\",\"url\":\"https:\\\/\\\/www.spkatarzyna.pl\\\/\",\"name\":\"SP Katarzyna\",\"description\":\"Publiczna Szko\\u0142a Podstawowa w \\u015awi\\u0119tej Katarzynie\",\"inLanguage\":\"pl-PL\",\"publisher\":{\"@id\":\"https:\\\/\\\/www.spkatarzyna.pl\\\/#organization\"}}]}\n\t\t<\/script>\n\t\t<!-- All in One SEO -->\n\n","aioseo_head_json":{"title":"Sukces sportowy uczni\u00f3w - SP Katarzyna","description":"Uczniowie naszej szko\u0142y w dn. 19.05.2026 wywalczyli II miejsce w kategorii ch\u0142opc\u00f3w oraz V miejsce w kategorii dziewcz\u0105t w powiatowych zawodach w siatk\u00f3wce! Jest to ogromne wyr\u00f3\u017cnienie i ci\u0119\u017cka praca naszych uczni\u00f3w klas pi\u0105tych. Dzi\u0119kujemy uczniom, kt\u00f3rzy reprezentowali nasz\u0105 szko\u0142\u0119: Barabasz Zofia Juszkiewicz Wiktor Kwaczy\u0144ski Damian M\u0105ka Grzegorz Nowak Piotr Jancyk Wiktoria Ma\u0142y Gabriela Grze\u015bkowiak","canonical_url":"https:\/\/www.spkatarzyna.pl\/index.php\/2026\/05\/24\/sukces-sportowy-uczniow-2\/","robots":"max-image-preview:large","keywords":"","webmasterTools":{"miscellaneous":""},"schema":{"@context":"https:\/\/schema.org","@graph":[{"@type":"BlogPosting","@id":"https:\/\/www.spkatarzyna.pl\/index.php\/2026\/05\/24\/sukces-sportowy-uczniow-2\/#blogposting","name":"Sukces sportowy uczni\u00f3w - SP Katarzyna","headline":"Sukces sportowy uczni\u00f3w","author":{"@id":"https:\/\/www.spkatarzyna.pl\/index.php\/author\/agatasafianspkatarzyna-pl\/#author"},"publisher":{"@id":"https:\/\/www.spkatarzyna.pl\/#organization"},"image":{"@type":"ImageObject","url":"https:\/\/www.spkatarzyna.pl\/wp-content\/uploads\/2026\/05\/1000107437-2.jpg","width":360,"height":202,"caption":"oplus_2"},"datePublished":"2026-05-24T16:16:10+02:00","dateModified":"2026-05-25T14:27:56+02:00","inLanguage":"pl-PL","mainEntityOfPage":{"@id":"https:\/\/www.spkatarzyna.pl\/index.php\/2026\/05\/24\/sukces-sportowy-uczniow-2\/#webpage"},"isPartOf":{"@id":"https:\/\/www.spkatarzyna.pl\/index.php\/2026\/05\/24\/sukces-sportowy-uczniow-2\/#webpage"},"articleSection":"Uncategorized"},{"@type":"BreadcrumbList","@id":"https:\/\/www.spkatarzyna.pl\/index.php\/2026\/05\/24\/sukces-sportowy-uczniow-2\/#breadcrumblist","itemListElement":[{"@type":"ListItem","@id":"https:\/\/www.spkatarzyna.pl#listItem","position":1,"name":"Dom","item":"https:\/\/www.spkatarzyna.pl","nextItem":{"@type":"ListItem","@id":"https:\/\/www.spkatarzyna.pl\/index.php\/category\/uncategorized\/#listItem","name":"Uncategorized"}},{"@type":"ListItem","@id":"https:\/\/www.spkatarzyna.pl\/index.php\/category\/uncategorized\/#listItem","position":2,"name":"Uncategorized","item":"https:\/\/www.spkatarzyna.pl\/index.php\/category\/uncategorized\/","nextItem":{"@type":"ListItem","@id":"https:\/\/www.spkatarzyna.pl\/index.php\/2026\/05\/24\/sukces-sportowy-uczniow-2\/#listItem","name":"Sukces sportowy uczni\u00f3w"},"previousItem":{"@type":"ListItem","@id":"https:\/\/www.spkatarzyna.pl#listItem","name":"Dom"}},{"@type":"ListItem","@id":"https:\/\/www.spkatarzyna.pl\/index.php\/2026\/05\/24\/sukces-sportowy-uczniow-2\/#listItem","position":3,"name":"Sukces sportowy uczni\u00f3w","previousItem":{"@type":"ListItem","@id":"https:\/\/www.spkatarzyna.pl\/index.php\/category\/uncategorized\/#listItem","name":"Uncategorized"}}]},{"@type":"Organization","@id":"https:\/\/www.spkatarzyna.pl\/#organization","name":"SP Katarzyna","description":"Publiczna Szko\u0142a Podstawowa w \u015awi\u0119tej Katarzynie","url":"https:\/\/www.spkatarzyna.pl\/","telephone":"+48713116378","sameAs":["https:\/\/facebook.com\/","https:\/\/x.com\/","https:\/\/instagram.com\/","https:\/\/pinterest.com\/","https:\/\/youtube.com\/","https:\/\/linkedin.com\/in\/"]},{"@type":"Person","@id":"https:\/\/www.spkatarzyna.pl\/index.php\/author\/agatasafianspkatarzyna-pl\/#author","url":"https:\/\/www.spkatarzyna.pl\/index.php\/author\/agatasafianspkatarzyna-pl\/","name":"Redakcja","image":{"@type":"ImageObject","@id":"https:\/\/www.spkatarzyna.pl\/index.php\/2026\/05\/24\/sukces-sportowy-uczniow-2\/#authorImage","url":"https:\/\/secure.gravatar.com\/avatar\/765290513df94d442152250e92b42327?s=96&d=mm&r=g","width":96,"height":96,"caption":"Redakcja"}},{"@type":"WebPage","@id":"https:\/\/www.spkatarzyna.pl\/index.php\/2026\/05\/24\/sukces-sportowy-uczniow-2\/#webpage","url":"https:\/\/www.spkatarzyna.pl\/index.php\/2026\/05\/24\/sukces-sportowy-uczniow-2\/","name":"Sukces sportowy uczni\u00f3w - SP Katarzyna","description":"Uczniowie naszej szko\u0142y w dn. 19.05.2026 wywalczyli II miejsce w kategorii ch\u0142opc\u00f3w oraz V miejsce w kategorii dziewcz\u0105t w powiatowych zawodach w siatk\u00f3wce! Jest to ogromne wyr\u00f3\u017cnienie i ci\u0119\u017cka praca naszych uczni\u00f3w klas pi\u0105tych. Dzi\u0119kujemy uczniom, kt\u00f3rzy reprezentowali nasz\u0105 szko\u0142\u0119: Barabasz Zofia Juszkiewicz Wiktor Kwaczy\u0144ski Damian M\u0105ka Grzegorz Nowak Piotr Jancyk Wiktoria Ma\u0142y Gabriela Grze\u015bkowiak","inLanguage":"pl-PL","isPartOf":{"@id":"https:\/\/www.spkatarzyna.pl\/#website"},"breadcrumb":{"@id":"https:\/\/www.spkatarzyna.pl\/index.php\/2026\/05\/24\/sukces-sportowy-uczniow-2\/#breadcrumblist"},"author":{"@id":"https:\/\/www.spkatarzyna.pl\/index.php\/author\/agatasafianspkatarzyna-pl\/#author"},"creator":{"@id":"https:\/\/www.spkatarzyna.pl\/index.php\/author\/agatasafianspkatarzyna-pl\/#author"},"image":{"@type":"ImageObject","url":"https:\/\/www.spkatarzyna.pl\/wp-content\/uploads\/2026\/05\/1000107437-2.jpg","@id":"https:\/\/www.spkatarzyna.pl\/index.php\/2026\/05\/24\/sukces-sportowy-uczniow-2\/#mainImage","width":360,"height":202,"caption":"oplus_2"},"primaryImageOfPage":{"@id":"https:\/\/www.spkatarzyna.pl\/index.php\/2026\/05\/24\/sukces-sportowy-uczniow-2\/#mainImage"},"datePublished":"2026-05-24T16:16:10+02:00","dateModified":"2026-05-25T14:27:56+02:00"},{"@type":"WebSite","@id":"https:\/\/www.spkatarzyna.pl\/#website","url":"https:\/\/www.spkatarzyna.pl\/","name":"SP Katarzyna","description":"Publiczna Szko\u0142a Podstawowa w \u015awi\u0119tej Katarzynie","inLanguage":"pl-PL","publisher":{"@id":"https:\/\/www.spkatarzyna.pl\/#organization"}}]},"og:locale":"pl_PL","og:site_name":"SP Katarzyna - Publiczna Szko\u0142a Podstawowa w \u015awi\u0119tej Katarzynie","og:type":"article","og:title":"Sukces sportowy uczni\u00f3w - SP Katarzyna","og:description":"Uczniowie naszej szko\u0142y w dn. 19.05.2026 wywalczyli II miejsce w kategorii ch\u0142opc\u00f3w oraz V miejsce w kategorii dziewcz\u0105t w powiatowych zawodach w siatk\u00f3wce! Jest to ogromne wyr\u00f3\u017cnienie i ci\u0119\u017cka praca naszych uczni\u00f3w klas pi\u0105tych. Dzi\u0119kujemy uczniom, kt\u00f3rzy reprezentowali nasz\u0105 szko\u0142\u0119: Barabasz Zofia Juszkiewicz Wiktor Kwaczy\u0144ski Damian M\u0105ka Grzegorz Nowak Piotr Jancyk Wiktoria Ma\u0142y Gabriela Grze\u015bkowiak","og:url":"https:\/\/www.spkatarzyna.pl\/index.php\/2026\/05\/24\/sukces-sportowy-uczniow-2\/","article:published_time":"2026-05-24T14:16:10+00:00","article:modified_time":"2026-05-25T12:27:56+00:00","twitter:card":"summary_large_image","twitter:title":"Sukces sportowy uczni\u00f3w - SP Katarzyna","twitter:description":"Uczniowie naszej szko\u0142y w dn. 19.05.2026 wywalczyli II miejsce w kategorii ch\u0142opc\u00f3w oraz V miejsce w kategorii dziewcz\u0105t w powiatowych zawodach w siatk\u00f3wce! Jest to ogromne wyr\u00f3\u017cnienie i ci\u0119\u017cka praca naszych uczni\u00f3w klas pi\u0105tych. Dzi\u0119kujemy uczniom, kt\u00f3rzy reprezentowali nasz\u0105 szko\u0142\u0119: Barabasz Zofia Juszkiewicz Wiktor Kwaczy\u0144ski Damian M\u0105ka Grzegorz Nowak Piotr Jancyk Wiktoria Ma\u0142y Gabriela Grze\u015bkowiak"},"aioseo_meta_data":{"post_id":"19909","title":null,"description":null,"keywords":null,"keyphrases":{"focus":{"keyphrase":"","score":0,"analysis":{"keyphraseInTitle":{"score":0,"maxScore":9,"error":1}}},"additional":[]},"primary_term":null,"canonical_url":null,"og_title":null,"og_description":null,"og_object_type":"default","og_image_type":"default","og_image_url":null,"og_image_width":null,"og_image_height":null,"og_image_custom_url":null,"og_image_custom_fields":null,"og_video":"","og_custom_url":null,"og_article_section":null,"og_article_tags":null,"twitter_use_og":false,"twitter_card":"default","twitter_image_type":"default","twitter_image_url":null,"twitter_image_custom_url":null,"twitter_image_custom_fields":null,"twitter_title":null,"twitter_description":null,"schema":{"blockGraphs":[],"customGraphs":[],"default":{"data":{"Article":[],"Course":[],"Dataset":[],"FAQPage":[],"Movie":[],"Person":[],"Product":[],"ProductReview":[],"Car":[],"Recipe":[],"Service":[],"SoftwareApplication":[],"WebPage":[]},"graphName":"BlogPosting","isEnabled":true},"graphs":[]},"schema_type":"default","schema_type_options":null,"pillar_content":false,"robots_default":true,"robots_noindex":false,"robots_noarchive":false,"robots_nosnippet":false,"robots_nofollow":false,"robots_noimageindex":false,"robots_noodp":false,"robots_notranslate":false,"robots_max_snippet":"-1","robots_max_videopreview":"-1","robots_max_imagepreview":"large","priority":null,"frequency":"default","local_seo":null,"limit_modified_date":false,"created":"2026-05-24 14:18:11","updated":"2026-09-03 18:10:02","focus_keyword":null,"additional_keywords":null,"truseo_locale":null,"ai":null,"breadcrumb_settings":null,"seo_analyzer_scan_date":null},"aioseo_breadcrumb":"<div class=\"aioseo-breadcrumbs\"><span class=\"aioseo-breadcrumb\">\n\t\t\t<a href=\"https:\/\/www.spkatarzyna.pl\" title=\"Dom\">Dom<\/a>\n\t\t<\/span><span class=\"aioseo-breadcrumb-separator\">&raquo;<\/span><span class=\"aioseo-breadcrumb\">\n\t\t\t<a href=\"https:\/\/www.spkatarzyna.pl\/index.php\/category\/uncategorized\/\" title=\"Uncategorized\">Uncategorized<\/a>\n\t\t<\/span><span class=\"aioseo-breadcrumb-separator\">&raquo;<\/span><span class=\"aioseo-breadcrumb\">\n\t\t\tSukces sportowy uczni\u00f3w\n\t\t<\/span><\/div>","aioseo_breadcrumb_json":[{"label":"Dom","link":"https:\/\/www.spkatarzyna.pl"},{"label":"Uncategorized","link":"https:\/\/www.spkatarzyna.pl\/index.php\/category\/uncategorized\/"},{"label":"Sukces sportowy uczni\u00f3w","link":"https:\/\/www.spkatarzyna.pl\/index.php\/2026\/05\/24\/sukces-sportowy-uczniow-2\/"}],"_links":{"self":[{"href":"https:\/\/www.spkatarzyna.pl\/index.php\/wp-json\/wp\/v2\/posts\/19909","targetHints":{"allow":["GET"]}}],"collection":[{"href":"https:\/\/www.spkatarzyna.pl\/index.php\/wp-json\/wp\/v2\/posts"}],"about":[{"href":"https:\/\/www.spkatarzyna.pl\/index.php\/wp-json\/wp\/v2\/types\/post"}],"author":[{"embeddable":true,"href":"https:\/\/www.spkatarzyna.pl\/index.php\/wp-json\/wp\/v2\/users\/6"}],"replies":[{"embeddable":true,"href":"https:\/\/www.spkatarzyna.pl\/index.php\/wp-json\/wp\/v2\/comments?post=19909"}],"version-history":[{"count":5,"href":"https:\/\/www.spkatarzyna.pl\/index.php\/wp-json\/wp\/v2\/posts\/19909\/revisions"}],"predecessor-version":[{"id":19989,"href":"https:\/\/www.spkatarzyna.pl\/index.php\/wp-json\/wp\/v2\/posts\/19909\/revisions\/19989"}],"wp:featuredmedia":[{"embeddable":true,"href":"https:\/\/www.spkatarzyna.pl\/index.php\/wp-json\/wp\/v2\/media\/19910"}],"wp:attachment":[{"href":"https:\/\/www.spkatarzyna.pl\/index.php\/wp-json\/wp\/v2\/media?parent=19909"}],"wp:term":[{"taxonomy":"category","embeddable":true,"href":"https:\/\/www.spkatarzyna.pl\/index.php\/wp-json\/wp\/v2\/categories?post=19909"},{"taxonomy":"post_tag","embeddable":true,"href":"https:\/\/www.spkatarzyna.pl\/index.php\/wp-json\/wp\/v2\/tags?post=19909"}],"curies":[{"name":"wp","href":"https:\/\/api.w.org\/{rel}","templated":true}]}}