{"id":19977,"date":"2026-05-24T16:17:12","date_gmt":"2026-05-24T14:17:12","guid":{"rendered":"https:\/\/www.spkatarzyna.pl\/?p=19977"},"modified":"2026-05-25T14:26:51","modified_gmt":"2026-05-25T12:26:51","slug":"kiermasz-afrykanski","status":"publish","type":"post","link":"https:\/\/www.spkatarzyna.pl\/index.php\/2026\/05\/24\/kiermasz-afrykanski\/","title":{"rendered":"Kiermasz afryka\u0144ski"},"content":{"rendered":"\t\t<div data-elementor-type=\"wp-post\" data-elementor-id=\"19977\" class=\"elementor elementor-19977\">\n\t\t\t\t<div class=\"elementor-element elementor-element-1e837b9 e-flex e-con-boxed e-con e-parent\" data-id=\"1e837b9\" data-element_type=\"container\">\n\t\t\t\t\t<div class=\"e-con-inner\">\n\t\t\t\t<div class=\"elementor-element elementor-element-2e719e21 elementor-widget elementor-widget-text-editor\" data-id=\"2e719e21\" data-element_type=\"widget\" data-widget_type=\"text-editor.default\">\n\t\t\t\t\t\t\t\t\t<p style=\"text-align: justify;\"><span style=\"font-size: 14pt;\">22 maja w naszej szkole odby\u0142 si\u0119 kiermasz, podczas kt\u00f3rego mo\u017cna by\u0142o kupi\u0107 m.in. afryka\u0144skie przek\u0105ski i napoje oraz r\u0119kodzie\u0142a z Kenii.<\/span><\/p>\r\n<p style=\"text-align: justify;\"><span style=\"font-size: 14pt;\">Dzi\u0119ki ogromnemu zaanga\u017cowaniu uczni\u00f3w, rodzic\u00f3w, nauczycieli i wszystkich odwiedzaj\u0105cych uda\u0142o si\u0119 zebra\u0107 ponad <strong>4000 z\u0142!<\/strong>&nbsp;Ca\u0142a kwota zostanie przekazana na wsparcie zbi\u00f3rki \u201eWyremontuj z nami klas\u0119 programow\u0105 Polskie Himalaje\u201d dla dzieci w kenijskiej miejscowo\u015bci Junju.<\/span><\/p>\r\n<p style=\"text-align: justify;\"><span style=\"font-size: 14pt;\">Serdecznie dzi\u0119kuj\u0119 wszystkim osobom, kt\u00f3re pomog\u0142y w organizacji kiermaszu i przygotowa\u0142y potrawy, czyli rodzicom z klas: 1b, 1c, 2a, 2b, 2d, 3b i 3c. Dzi\u0119kuj\u0119 za pomoc i wsparcie nauczycielom! Wreszcie dzi\u0119kuj\u0119 tym, kt\u00f3rzy otworzyli swoje serca i t\u0142umnie wzi\u0119li udzia\u0142 w tym wyj\u0105tkowym afryka\u0144skim kiermaszu. Bez Was nie by\u0142oby tego sukcesu.<\/span><\/p>\t\t\t\t\t\t\t\t<\/div>\n\t\t\t\t<div class=\"elementor-element elementor-element-5a48494 elementor-widget elementor-widget-image-gallery\" data-id=\"5a48494\" data-element_type=\"widget\" data-widget_type=\"image-gallery.default\">\n\t\t\t\t\t\t\t<div class=\"elementor-image-gallery\">\n\t\t\t\n\t\t<div id='gallery-1' class='gallery galleryid-19977 gallery-columns-4 gallery-size-thumbnail gallery1'><script type=\"text\/javascript\">\n\/\/ <![CDATA[\n\tjQuery(document).ready(function () {\n\t\tjQuery(\".gallery1 a\").attr(\"rel\",\"gallery1\");\t\n\t\tjQuery('a[rel=\"gallery1\"]').colorbox({title: function(){ return jQuery(this).children().attr(\"alt\"); }});\n\t});\n\/\/ ]]>\n<\/script>\n<dl class=\"gallery-item\">\n<dt class=\"gallery-icon\">\n<a href=\"https:\/\/www.spkatarzyna.pl\/wp-content\/uploads\/2026\/05\/1000066355-300x225.jpg\" title=\"\" rel=\"gallery1\" rel=\"lightbox[19977]\"><img decoding=\"async\" src=\"https:\/\/www.spkatarzyna.pl\/wp-content\/uploads\/2026\/05\/1000066355-150x150.jpg\" width=\"150\" height=\"150\" alt=\"\" \/><\/a>\n<\/dt><\/dl><dl class=\"gallery-item\">\n<dt class=\"gallery-icon\">\n<a href=\"https:\/\/www.spkatarzyna.pl\/wp-content\/uploads\/2026\/05\/1000066361-300x225.jpg\" title=\"\" rel=\"gallery1\" rel=\"lightbox[19977]\"><img decoding=\"async\" src=\"https:\/\/www.spkatarzyna.pl\/wp-content\/uploads\/2026\/05\/1000066361-150x150.jpg\" width=\"150\" height=\"150\" alt=\"\" \/><\/a>\n<\/dt><\/dl><dl class=\"gallery-item\">\n<dt class=\"gallery-icon\">\n<a href=\"https:\/\/www.spkatarzyna.pl\/wp-content\/uploads\/2026\/05\/1000066399-300x225.jpg\" title=\"\" rel=\"gallery1\" rel=\"lightbox[19977]\"><img decoding=\"async\" src=\"https:\/\/www.spkatarzyna.pl\/wp-content\/uploads\/2026\/05\/1000066399-150x150.jpg\" width=\"150\" height=\"150\" alt=\"\" \/><\/a>\n<\/dt><\/dl><dl class=\"gallery-item\">\n<dt class=\"gallery-icon\">\n<a href=\"https:\/\/www.spkatarzyna.pl\/wp-content\/uploads\/2026\/05\/1000066400-225x300.jpg\" title=\"\" rel=\"gallery1\" rel=\"lightbox[19977]\"><img loading=\"lazy\" decoding=\"async\" src=\"https:\/\/www.spkatarzyna.pl\/wp-content\/uploads\/2026\/05\/1000066400-150x150.jpg\" width=\"150\" height=\"150\" alt=\"\" \/><\/a>\n<\/dt><\/dl><br style=\"clear: both\" \/><br style=\"clear: both\" \/><\/div>\t\t<\/div>\n\t\t\t\t\t\t<\/div>\n\t\t\t\t\t<\/div>\n\t\t\t\t<\/div>\n\t\t\t\t<\/div>\n\t\t","protected":false},"excerpt":{"rendered":"<p>22 maja w naszej szkole odby\u0142 si\u0119 kiermasz, podczas kt\u00f3rego mo\u017cna by\u0142o kupi\u0107 m.in. afryka\u0144skie przek\u0105ski i napoje oraz r\u0119kodzie\u0142a z Kenii. Dzi\u0119ki ogromnemu zaanga\u017cowaniu uczni\u00f3w, rodzic\u00f3w, nauczycieli i wszystkich odwiedzaj\u0105cych uda\u0142o si\u0119 zebra\u0107 ponad 4000 z\u0142!&nbsp;Ca\u0142a kwota zostanie przekazana na wsparcie zbi\u00f3rki \u201eWyremontuj z nami klas\u0119 programow\u0105 Polskie Himalaje\u201d [&hellip;]<\/p>\n","protected":false},"author":6,"featured_media":19978,"comment_status":"open","ping_status":"open","sticky":false,"template":"","format":"standard","meta":{"om_disable_all_campaigns":false,"_monsterinsights_skip_tracking":false,"ngg_post_thumbnail":0,"footnotes":""},"categories":[1],"tags":[],"class_list":["post-19977","post","type-post","status-publish","format-standard","has-post-thumbnail","hentry","category-uncategorized"],"aioseo_notices":[],"aioseo_head":"\n\t\t<!-- All in One SEO 5.0.1.1 - aioseo.com -->\n\t<meta name=\"description\" content=\"22 maja w naszej szkole odby\u0142 si\u0119 kiermasz, podczas kt\u00f3rego mo\u017cna by\u0142o kupi\u0107 m.in. afryka\u0144skie przek\u0105ski i napoje oraz r\u0119kodzie\u0142a z Kenii. Dzi\u0119ki ogromnemu zaanga\u017cowaniu uczni\u00f3w, rodzic\u00f3w, nauczycieli i wszystkich odwiedzaj\u0105cych uda\u0142o si\u0119 zebra\u0107 ponad 4000 z\u0142! Ca\u0142a kwota zostanie przekazana na wsparcie zbi\u00f3rki \u201eWyremontuj z nami klas\u0119 programow\u0105 Polskie Himalaje\u201d dla dzieci w kenijskiej miejscowo\u015bci\" \/>\n\t<meta name=\"robots\" content=\"max-image-preview:large\" \/>\n\t<meta name=\"author\" content=\"Redakcja\"\/>\n\t<link rel=\"canonical\" href=\"https:\/\/www.spkatarzyna.pl\/index.php\/2026\/05\/24\/kiermasz-afrykanski\/\" \/>\n\t<meta name=\"generator\" content=\"All in One SEO (AIOSEO) 5.0.1.1\" \/>\n\t\t<meta property=\"og:locale\" content=\"pl_PL\" \/>\n\t\t<meta property=\"og:site_name\" content=\"SP Katarzyna - Publiczna Szko\u0142a Podstawowa w \u015awi\u0119tej Katarzynie\" \/>\n\t\t<meta property=\"og:type\" content=\"article\" \/>\n\t\t<meta property=\"og:title\" content=\"Kiermasz afryka\u0144ski - SP Katarzyna\" \/>\n\t\t<meta property=\"og:description\" content=\"22 maja w naszej szkole odby\u0142 si\u0119 kiermasz, podczas kt\u00f3rego mo\u017cna by\u0142o kupi\u0107 m.in. afryka\u0144skie przek\u0105ski i napoje oraz r\u0119kodzie\u0142a z Kenii. Dzi\u0119ki ogromnemu zaanga\u017cowaniu uczni\u00f3w, rodzic\u00f3w, nauczycieli i wszystkich odwiedzaj\u0105cych uda\u0142o si\u0119 zebra\u0107 ponad 4000 z\u0142! Ca\u0142a kwota zostanie przekazana na wsparcie zbi\u00f3rki \u201eWyremontuj z nami klas\u0119 programow\u0105 Polskie Himalaje\u201d dla dzieci w kenijskiej miejscowo\u015bci\" \/>\n\t\t<meta property=\"og:url\" content=\"https:\/\/www.spkatarzyna.pl\/index.php\/2026\/05\/24\/kiermasz-afrykanski\/\" \/>\n\t\t<meta property=\"article:published_time\" content=\"2026-05-24T14:17:12+00:00\" \/>\n\t\t<meta property=\"article:modified_time\" content=\"2026-05-25T12:26:51+00:00\" \/>\n\t\t<meta name=\"twitter:card\" content=\"summary_large_image\" \/>\n\t\t<meta name=\"twitter:title\" content=\"Kiermasz afryka\u0144ski - SP Katarzyna\" \/>\n\t\t<meta name=\"twitter:description\" content=\"22 maja w naszej szkole odby\u0142 si\u0119 kiermasz, podczas kt\u00f3rego mo\u017cna by\u0142o kupi\u0107 m.in. afryka\u0144skie przek\u0105ski i napoje oraz r\u0119kodzie\u0142a z Kenii. Dzi\u0119ki ogromnemu zaanga\u017cowaniu uczni\u00f3w, rodzic\u00f3w, nauczycieli i wszystkich odwiedzaj\u0105cych uda\u0142o si\u0119 zebra\u0107 ponad 4000 z\u0142! Ca\u0142a kwota zostanie przekazana na wsparcie zbi\u00f3rki \u201eWyremontuj z nami klas\u0119 programow\u0105 Polskie Himalaje\u201d dla dzieci w kenijskiej miejscowo\u015bci\" \/>\n\t\t<script type=\"application\/ld+json\" class=\"aioseo-schema\">\n\t\t\t{\"@context\":\"https:\\\/\\\/schema.org\",\"@graph\":[{\"@type\":\"BlogPosting\",\"@id\":\"https:\\\/\\\/www.spkatarzyna.pl\\\/index.php\\\/2026\\\/05\\\/24\\\/kiermasz-afrykanski\\\/#blogposting\",\"name\":\"Kiermasz afryka\\u0144ski - SP Katarzyna\",\"headline\":\"Kiermasz afryka\\u0144ski\",\"author\":{\"@id\":\"https:\\\/\\\/www.spkatarzyna.pl\\\/index.php\\\/author\\\/agatasafianspkatarzyna-pl\\\/#author\"},\"publisher\":{\"@id\":\"https:\\\/\\\/www.spkatarzyna.pl\\\/#organization\"},\"image\":{\"@type\":\"ImageObject\",\"url\":\"https:\\\/\\\/www.spkatarzyna.pl\\\/wp-content\\\/uploads\\\/2026\\\/05\\\/1000066524-2.png\",\"width\":360,\"height\":202},\"datePublished\":\"2026-05-24T16:17:12+02:00\",\"dateModified\":\"2026-05-25T14:26:51+02:00\",\"inLanguage\":\"pl-PL\",\"mainEntityOfPage\":{\"@id\":\"https:\\\/\\\/www.spkatarzyna.pl\\\/index.php\\\/2026\\\/05\\\/24\\\/kiermasz-afrykanski\\\/#webpage\"},\"isPartOf\":{\"@id\":\"https:\\\/\\\/www.spkatarzyna.pl\\\/index.php\\\/2026\\\/05\\\/24\\\/kiermasz-afrykanski\\\/#webpage\"},\"articleSection\":\"Uncategorized\"},{\"@type\":\"BreadcrumbList\",\"@id\":\"https:\\\/\\\/www.spkatarzyna.pl\\\/index.php\\\/2026\\\/05\\\/24\\\/kiermasz-afrykanski\\\/#breadcrumblist\",\"itemListElement\":[{\"@type\":\"ListItem\",\"@id\":\"https:\\\/\\\/www.spkatarzyna.pl#listItem\",\"position\":1,\"name\":\"Dom\",\"item\":\"https:\\\/\\\/www.spkatarzyna.pl\",\"nextItem\":{\"@type\":\"ListItem\",\"@id\":\"https:\\\/\\\/www.spkatarzyna.pl\\\/index.php\\\/category\\\/uncategorized\\\/#listItem\",\"name\":\"Uncategorized\"}},{\"@type\":\"ListItem\",\"@id\":\"https:\\\/\\\/www.spkatarzyna.pl\\\/index.php\\\/category\\\/uncategorized\\\/#listItem\",\"position\":2,\"name\":\"Uncategorized\",\"item\":\"https:\\\/\\\/www.spkatarzyna.pl\\\/index.php\\\/category\\\/uncategorized\\\/\",\"nextItem\":{\"@type\":\"ListItem\",\"@id\":\"https:\\\/\\\/www.spkatarzyna.pl\\\/index.php\\\/2026\\\/05\\\/24\\\/kiermasz-afrykanski\\\/#listItem\",\"name\":\"Kiermasz afryka\\u0144ski\"},\"previousItem\":{\"@type\":\"ListItem\",\"@id\":\"https:\\\/\\\/www.spkatarzyna.pl#listItem\",\"name\":\"Dom\"}},{\"@type\":\"ListItem\",\"@id\":\"https:\\\/\\\/www.spkatarzyna.pl\\\/index.php\\\/2026\\\/05\\\/24\\\/kiermasz-afrykanski\\\/#listItem\",\"position\":3,\"name\":\"Kiermasz afryka\\u0144ski\",\"previousItem\":{\"@type\":\"ListItem\",\"@id\":\"https:\\\/\\\/www.spkatarzyna.pl\\\/index.php\\\/category\\\/uncategorized\\\/#listItem\",\"name\":\"Uncategorized\"}}]},{\"@type\":\"Organization\",\"@id\":\"https:\\\/\\\/www.spkatarzyna.pl\\\/#organization\",\"name\":\"SP Katarzyna\",\"description\":\"Publiczna Szko\\u0142a Podstawowa w \\u015awi\\u0119tej Katarzynie\",\"url\":\"https:\\\/\\\/www.spkatarzyna.pl\\\/\",\"telephone\":\"+48713116378\",\"sameAs\":[\"https:\\\/\\\/facebook.com\\\/\",\"https:\\\/\\\/x.com\\\/\",\"https:\\\/\\\/instagram.com\\\/\",\"https:\\\/\\\/pinterest.com\\\/\",\"https:\\\/\\\/youtube.com\\\/\",\"https:\\\/\\\/linkedin.com\\\/in\\\/\"]},{\"@type\":\"Person\",\"@id\":\"https:\\\/\\\/www.spkatarzyna.pl\\\/index.php\\\/author\\\/agatasafianspkatarzyna-pl\\\/#author\",\"url\":\"https:\\\/\\\/www.spkatarzyna.pl\\\/index.php\\\/author\\\/agatasafianspkatarzyna-pl\\\/\",\"name\":\"Redakcja\",\"image\":{\"@type\":\"ImageObject\",\"@id\":\"https:\\\/\\\/www.spkatarzyna.pl\\\/index.php\\\/2026\\\/05\\\/24\\\/kiermasz-afrykanski\\\/#authorImage\",\"url\":\"https:\\\/\\\/secure.gravatar.com\\\/avatar\\\/765290513df94d442152250e92b42327?s=96&d=mm&r=g\",\"width\":96,\"height\":96,\"caption\":\"Redakcja\"}},{\"@type\":\"WebPage\",\"@id\":\"https:\\\/\\\/www.spkatarzyna.pl\\\/index.php\\\/2026\\\/05\\\/24\\\/kiermasz-afrykanski\\\/#webpage\",\"url\":\"https:\\\/\\\/www.spkatarzyna.pl\\\/index.php\\\/2026\\\/05\\\/24\\\/kiermasz-afrykanski\\\/\",\"name\":\"Kiermasz afryka\\u0144ski - SP Katarzyna\",\"description\":\"22 maja w naszej szkole odby\\u0142 si\\u0119 kiermasz, podczas kt\\u00f3rego mo\\u017cna by\\u0142o kupi\\u0107 m.in. afryka\\u0144skie przek\\u0105ski i napoje oraz r\\u0119kodzie\\u0142a z Kenii. Dzi\\u0119ki ogromnemu zaanga\\u017cowaniu uczni\\u00f3w, rodzic\\u00f3w, nauczycieli i wszystkich odwiedzaj\\u0105cych uda\\u0142o si\\u0119 zebra\\u0107 ponad 4000 z\\u0142! Ca\\u0142a kwota zostanie przekazana na wsparcie zbi\\u00f3rki \\u201eWyremontuj z nami klas\\u0119 programow\\u0105 Polskie Himalaje\\u201d dla dzieci w kenijskiej miejscowo\\u015bci\",\"inLanguage\":\"pl-PL\",\"isPartOf\":{\"@id\":\"https:\\\/\\\/www.spkatarzyna.pl\\\/#website\"},\"breadcrumb\":{\"@id\":\"https:\\\/\\\/www.spkatarzyna.pl\\\/index.php\\\/2026\\\/05\\\/24\\\/kiermasz-afrykanski\\\/#breadcrumblist\"},\"author\":{\"@id\":\"https:\\\/\\\/www.spkatarzyna.pl\\\/index.php\\\/author\\\/agatasafianspkatarzyna-pl\\\/#author\"},\"creator\":{\"@id\":\"https:\\\/\\\/www.spkatarzyna.pl\\\/index.php\\\/author\\\/agatasafianspkatarzyna-pl\\\/#author\"},\"image\":{\"@type\":\"ImageObject\",\"url\":\"https:\\\/\\\/www.spkatarzyna.pl\\\/wp-content\\\/uploads\\\/2026\\\/05\\\/1000066524-2.png\",\"@id\":\"https:\\\/\\\/www.spkatarzyna.pl\\\/index.php\\\/2026\\\/05\\\/24\\\/kiermasz-afrykanski\\\/#mainImage\",\"width\":360,\"height\":202},\"primaryImageOfPage\":{\"@id\":\"https:\\\/\\\/www.spkatarzyna.pl\\\/index.php\\\/2026\\\/05\\\/24\\\/kiermasz-afrykanski\\\/#mainImage\"},\"datePublished\":\"2026-05-24T16:17:12+02:00\",\"dateModified\":\"2026-05-25T14:26:51+02:00\"},{\"@type\":\"WebSite\",\"@id\":\"https:\\\/\\\/www.spkatarzyna.pl\\\/#website\",\"url\":\"https:\\\/\\\/www.spkatarzyna.pl\\\/\",\"name\":\"SP Katarzyna\",\"description\":\"Publiczna Szko\\u0142a Podstawowa w \\u015awi\\u0119tej Katarzynie\",\"inLanguage\":\"pl-PL\",\"publisher\":{\"@id\":\"https:\\\/\\\/www.spkatarzyna.pl\\\/#organization\"}}]}\n\t\t<\/script>\n\t\t<!-- All in One SEO -->\n\n","aioseo_head_json":{"title":"Kiermasz afryka\u0144ski - SP Katarzyna","description":"22 maja w naszej szkole odby\u0142 si\u0119 kiermasz, podczas kt\u00f3rego mo\u017cna by\u0142o kupi\u0107 m.in. afryka\u0144skie przek\u0105ski i napoje oraz r\u0119kodzie\u0142a z Kenii. Dzi\u0119ki ogromnemu zaanga\u017cowaniu uczni\u00f3w, rodzic\u00f3w, nauczycieli i wszystkich odwiedzaj\u0105cych uda\u0142o si\u0119 zebra\u0107 ponad 4000 z\u0142! Ca\u0142a kwota zostanie przekazana na wsparcie zbi\u00f3rki \u201eWyremontuj z nami klas\u0119 programow\u0105 Polskie Himalaje\u201d dla dzieci w kenijskiej miejscowo\u015bci","canonical_url":"https:\/\/www.spkatarzyna.pl\/index.php\/2026\/05\/24\/kiermasz-afrykanski\/","robots":"max-image-preview:large","keywords":"","webmasterTools":{"miscellaneous":""},"schema":{"@context":"https:\/\/schema.org","@graph":[{"@type":"BlogPosting","@id":"https:\/\/www.spkatarzyna.pl\/index.php\/2026\/05\/24\/kiermasz-afrykanski\/#blogposting","name":"Kiermasz afryka\u0144ski - SP Katarzyna","headline":"Kiermasz afryka\u0144ski","author":{"@id":"https:\/\/www.spkatarzyna.pl\/index.php\/author\/agatasafianspkatarzyna-pl\/#author"},"publisher":{"@id":"https:\/\/www.spkatarzyna.pl\/#organization"},"image":{"@type":"ImageObject","url":"https:\/\/www.spkatarzyna.pl\/wp-content\/uploads\/2026\/05\/1000066524-2.png","width":360,"height":202},"datePublished":"2026-05-24T16:17:12+02:00","dateModified":"2026-05-25T14:26:51+02:00","inLanguage":"pl-PL","mainEntityOfPage":{"@id":"https:\/\/www.spkatarzyna.pl\/index.php\/2026\/05\/24\/kiermasz-afrykanski\/#webpage"},"isPartOf":{"@id":"https:\/\/www.spkatarzyna.pl\/index.php\/2026\/05\/24\/kiermasz-afrykanski\/#webpage"},"articleSection":"Uncategorized"},{"@type":"BreadcrumbList","@id":"https:\/\/www.spkatarzyna.pl\/index.php\/2026\/05\/24\/kiermasz-afrykanski\/#breadcrumblist","itemListElement":[{"@type":"ListItem","@id":"https:\/\/www.spkatarzyna.pl#listItem","position":1,"name":"Dom","item":"https:\/\/www.spkatarzyna.pl","nextItem":{"@type":"ListItem","@id":"https:\/\/www.spkatarzyna.pl\/index.php\/category\/uncategorized\/#listItem","name":"Uncategorized"}},{"@type":"ListItem","@id":"https:\/\/www.spkatarzyna.pl\/index.php\/category\/uncategorized\/#listItem","position":2,"name":"Uncategorized","item":"https:\/\/www.spkatarzyna.pl\/index.php\/category\/uncategorized\/","nextItem":{"@type":"ListItem","@id":"https:\/\/www.spkatarzyna.pl\/index.php\/2026\/05\/24\/kiermasz-afrykanski\/#listItem","name":"Kiermasz afryka\u0144ski"},"previousItem":{"@type":"ListItem","@id":"https:\/\/www.spkatarzyna.pl#listItem","name":"Dom"}},{"@type":"ListItem","@id":"https:\/\/www.spkatarzyna.pl\/index.php\/2026\/05\/24\/kiermasz-afrykanski\/#listItem","position":3,"name":"Kiermasz afryka\u0144ski","previousItem":{"@type":"ListItem","@id":"https:\/\/www.spkatarzyna.pl\/index.php\/category\/uncategorized\/#listItem","name":"Uncategorized"}}]},{"@type":"Organization","@id":"https:\/\/www.spkatarzyna.pl\/#organization","name":"SP Katarzyna","description":"Publiczna Szko\u0142a Podstawowa w \u015awi\u0119tej Katarzynie","url":"https:\/\/www.spkatarzyna.pl\/","telephone":"+48713116378","sameAs":["https:\/\/facebook.com\/","https:\/\/x.com\/","https:\/\/instagram.com\/","https:\/\/pinterest.com\/","https:\/\/youtube.com\/","https:\/\/linkedin.com\/in\/"]},{"@type":"Person","@id":"https:\/\/www.spkatarzyna.pl\/index.php\/author\/agatasafianspkatarzyna-pl\/#author","url":"https:\/\/www.spkatarzyna.pl\/index.php\/author\/agatasafianspkatarzyna-pl\/","name":"Redakcja","image":{"@type":"ImageObject","@id":"https:\/\/www.spkatarzyna.pl\/index.php\/2026\/05\/24\/kiermasz-afrykanski\/#authorImage","url":"https:\/\/secure.gravatar.com\/avatar\/765290513df94d442152250e92b42327?s=96&d=mm&r=g","width":96,"height":96,"caption":"Redakcja"}},{"@type":"WebPage","@id":"https:\/\/www.spkatarzyna.pl\/index.php\/2026\/05\/24\/kiermasz-afrykanski\/#webpage","url":"https:\/\/www.spkatarzyna.pl\/index.php\/2026\/05\/24\/kiermasz-afrykanski\/","name":"Kiermasz afryka\u0144ski - SP Katarzyna","description":"22 maja w naszej szkole odby\u0142 si\u0119 kiermasz, podczas kt\u00f3rego mo\u017cna by\u0142o kupi\u0107 m.in. afryka\u0144skie przek\u0105ski i napoje oraz r\u0119kodzie\u0142a z Kenii. Dzi\u0119ki ogromnemu zaanga\u017cowaniu uczni\u00f3w, rodzic\u00f3w, nauczycieli i wszystkich odwiedzaj\u0105cych uda\u0142o si\u0119 zebra\u0107 ponad 4000 z\u0142! Ca\u0142a kwota zostanie przekazana na wsparcie zbi\u00f3rki \u201eWyremontuj z nami klas\u0119 programow\u0105 Polskie Himalaje\u201d dla dzieci w kenijskiej miejscowo\u015bci","inLanguage":"pl-PL","isPartOf":{"@id":"https:\/\/www.spkatarzyna.pl\/#website"},"breadcrumb":{"@id":"https:\/\/www.spkatarzyna.pl\/index.php\/2026\/05\/24\/kiermasz-afrykanski\/#breadcrumblist"},"author":{"@id":"https:\/\/www.spkatarzyna.pl\/index.php\/author\/agatasafianspkatarzyna-pl\/#author"},"creator":{"@id":"https:\/\/www.spkatarzyna.pl\/index.php\/author\/agatasafianspkatarzyna-pl\/#author"},"image":{"@type":"ImageObject","url":"https:\/\/www.spkatarzyna.pl\/wp-content\/uploads\/2026\/05\/1000066524-2.png","@id":"https:\/\/www.spkatarzyna.pl\/index.php\/2026\/05\/24\/kiermasz-afrykanski\/#mainImage","width":360,"height":202},"primaryImageOfPage":{"@id":"https:\/\/www.spkatarzyna.pl\/index.php\/2026\/05\/24\/kiermasz-afrykanski\/#mainImage"},"datePublished":"2026-05-24T16:17:12+02:00","dateModified":"2026-05-25T14:26:51+02:00"},{"@type":"WebSite","@id":"https:\/\/www.spkatarzyna.pl\/#website","url":"https:\/\/www.spkatarzyna.pl\/","name":"SP Katarzyna","description":"Publiczna Szko\u0142a Podstawowa w \u015awi\u0119tej Katarzynie","inLanguage":"pl-PL","publisher":{"@id":"https:\/\/www.spkatarzyna.pl\/#organization"}}]},"og:locale":"pl_PL","og:site_name":"SP Katarzyna - Publiczna Szko\u0142a Podstawowa w \u015awi\u0119tej Katarzynie","og:type":"article","og:title":"Kiermasz afryka\u0144ski - SP Katarzyna","og:description":"22 maja w naszej szkole odby\u0142 si\u0119 kiermasz, podczas kt\u00f3rego mo\u017cna by\u0142o kupi\u0107 m.in. afryka\u0144skie przek\u0105ski i napoje oraz r\u0119kodzie\u0142a z Kenii. Dzi\u0119ki ogromnemu zaanga\u017cowaniu uczni\u00f3w, rodzic\u00f3w, nauczycieli i wszystkich odwiedzaj\u0105cych uda\u0142o si\u0119 zebra\u0107 ponad 4000 z\u0142! Ca\u0142a kwota zostanie przekazana na wsparcie zbi\u00f3rki \u201eWyremontuj z nami klas\u0119 programow\u0105 Polskie Himalaje\u201d dla dzieci w kenijskiej miejscowo\u015bci","og:url":"https:\/\/www.spkatarzyna.pl\/index.php\/2026\/05\/24\/kiermasz-afrykanski\/","article:published_time":"2026-05-24T14:17:12+00:00","article:modified_time":"2026-05-25T12:26:51+00:00","twitter:card":"summary_large_image","twitter:title":"Kiermasz afryka\u0144ski - SP Katarzyna","twitter:description":"22 maja w naszej szkole odby\u0142 si\u0119 kiermasz, podczas kt\u00f3rego mo\u017cna by\u0142o kupi\u0107 m.in. afryka\u0144skie przek\u0105ski i napoje oraz r\u0119kodzie\u0142a z Kenii. Dzi\u0119ki ogromnemu zaanga\u017cowaniu uczni\u00f3w, rodzic\u00f3w, nauczycieli i wszystkich odwiedzaj\u0105cych uda\u0142o si\u0119 zebra\u0107 ponad 4000 z\u0142! Ca\u0142a kwota zostanie przekazana na wsparcie zbi\u00f3rki \u201eWyremontuj z nami klas\u0119 programow\u0105 Polskie Himalaje\u201d dla dzieci w kenijskiej miejscowo\u015bci"},"aioseo_meta_data":{"post_id":"19977","title":null,"description":null,"keywords":null,"keyphrases":{"focus":{"keyphrase":"","score":0,"analysis":{"keyphraseInTitle":{"score":0,"maxScore":9,"error":1}}},"additional":[]},"primary_term":null,"canonical_url":null,"og_title":null,"og_description":null,"og_object_type":"default","og_image_type":"default","og_image_url":null,"og_image_width":null,"og_image_height":null,"og_image_custom_url":null,"og_image_custom_fields":null,"og_video":"","og_custom_url":null,"og_article_section":null,"og_article_tags":null,"twitter_use_og":false,"twitter_card":"default","twitter_image_type":"default","twitter_image_url":null,"twitter_image_custom_url":null,"twitter_image_custom_fields":null,"twitter_title":null,"twitter_description":null,"schema":{"blockGraphs":[],"customGraphs":[],"default":{"data":{"Article":[],"Course":[],"Dataset":[],"FAQPage":[],"Movie":[],"Person":[],"Product":[],"ProductReview":[],"Car":[],"Recipe":[],"Service":[],"SoftwareApplication":[],"WebPage":[]},"graphName":"BlogPosting","isEnabled":true},"graphs":[]},"schema_type":"default","schema_type_options":null,"pillar_content":false,"robots_default":true,"robots_noindex":false,"robots_noarchive":false,"robots_nosnippet":false,"robots_nofollow":false,"robots_noimageindex":false,"robots_noodp":false,"robots_notranslate":false,"robots_max_snippet":"-1","robots_max_videopreview":"-1","robots_max_imagepreview":"large","priority":null,"frequency":"default","local_seo":null,"limit_modified_date":false,"created":"2026-05-25 12:24:12","updated":"2026-09-03 18:10:02","focus_keyword":null,"additional_keywords":null,"truseo_locale":null,"ai":null,"breadcrumb_settings":null,"seo_analyzer_scan_date":null},"aioseo_breadcrumb":"<div class=\"aioseo-breadcrumbs\"><span class=\"aioseo-breadcrumb\">\n\t\t\t<a href=\"https:\/\/www.spkatarzyna.pl\" title=\"Dom\">Dom<\/a>\n\t\t<\/span><span class=\"aioseo-breadcrumb-separator\">&raquo;<\/span><span class=\"aioseo-breadcrumb\">\n\t\t\t<a href=\"https:\/\/www.spkatarzyna.pl\/index.php\/category\/uncategorized\/\" title=\"Uncategorized\">Uncategorized<\/a>\n\t\t<\/span><span class=\"aioseo-breadcrumb-separator\">&raquo;<\/span><span class=\"aioseo-breadcrumb\">\n\t\t\tKiermasz afryka\u0144ski\n\t\t<\/span><\/div>","aioseo_breadcrumb_json":[{"label":"Dom","link":"https:\/\/www.spkatarzyna.pl"},{"label":"Uncategorized","link":"https:\/\/www.spkatarzyna.pl\/index.php\/category\/uncategorized\/"},{"label":"Kiermasz afryka\u0144ski","link":"https:\/\/www.spkatarzyna.pl\/index.php\/2026\/05\/24\/kiermasz-afrykanski\/"}],"_links":{"self":[{"href":"https:\/\/www.spkatarzyna.pl\/index.php\/wp-json\/wp\/v2\/posts\/19977","targetHints":{"allow":["GET"]}}],"collection":[{"href":"https:\/\/www.spkatarzyna.pl\/index.php\/wp-json\/wp\/v2\/posts"}],"about":[{"href":"https:\/\/www.spkatarzyna.pl\/index.php\/wp-json\/wp\/v2\/types\/post"}],"author":[{"embeddable":true,"href":"https:\/\/www.spkatarzyna.pl\/index.php\/wp-json\/wp\/v2\/users\/6"}],"replies":[{"embeddable":true,"href":"https:\/\/www.spkatarzyna.pl\/index.php\/wp-json\/wp\/v2\/comments?post=19977"}],"version-history":[{"count":5,"href":"https:\/\/www.spkatarzyna.pl\/index.php\/wp-json\/wp\/v2\/posts\/19977\/revisions"}],"predecessor-version":[{"id":19988,"href":"https:\/\/www.spkatarzyna.pl\/index.php\/wp-json\/wp\/v2\/posts\/19977\/revisions\/19988"}],"wp:featuredmedia":[{"embeddable":true,"href":"https:\/\/www.spkatarzyna.pl\/index.php\/wp-json\/wp\/v2\/media\/19978"}],"wp:attachment":[{"href":"https:\/\/www.spkatarzyna.pl\/index.php\/wp-json\/wp\/v2\/media?parent=19977"}],"wp:term":[{"taxonomy":"category","embeddable":true,"href":"https:\/\/www.spkatarzyna.pl\/index.php\/wp-json\/wp\/v2\/categories?post=19977"},{"taxonomy":"post_tag","embeddable":true,"href":"https:\/\/www.spkatarzyna.pl\/index.php\/wp-json\/wp\/v2\/tags?post=19977"}],"curies":[{"name":"wp","href":"https:\/\/api.w.org\/{rel}","templated":true}]}}