{"id":20014,"date":"2026-05-26T09:21:55","date_gmt":"2026-05-26T07:21:55","guid":{"rendered":"https:\/\/www.spkatarzyna.pl\/?p=20014"},"modified":"2026-05-26T09:28:17","modified_gmt":"2026-05-26T07:28:17","slug":"msza-swieta-z-okazji-swieta-patrona-szkoly","status":"publish","type":"post","link":"https:\/\/www.spkatarzyna.pl\/index.php\/2026\/05\/26\/msza-swieta-z-okazji-swieta-patrona-szkoly\/","title":{"rendered":"Msza \u015bwi\u0119ta z okazji \u015bwi\u0119ta patrona szko\u0142y"},"content":{"rendered":"\t\t<div data-elementor-type=\"wp-post\" data-elementor-id=\"20014\" class=\"elementor elementor-20014\">\n\t\t\t\t<div class=\"elementor-element elementor-element-134de004 e-flex e-con-boxed e-con e-parent\" data-id=\"134de004\" data-element_type=\"container\">\n\t\t\t\t\t<div class=\"e-con-inner\">\n\t\t\t\t<div class=\"elementor-element elementor-element-4e95f2ba elementor-widget elementor-widget-text-editor\" data-id=\"4e95f2ba\" data-element_type=\"widget\" data-widget_type=\"text-editor.default\">\n\t\t\t\t\t\t\t\t\t<p style=\"font-weight: 400; text-align: justify;\"><span style=\"font-size: 14pt;\">W dniu <strong>24 maja 2026 roku<\/strong> poczet sztandarowy naszej szko\u0142y uczestniczy\u0142 w <strong>uroczystej mszy \u015bwi\u0119tej<\/strong> odprawionej w ko\u015bciele parafialnym w <strong>\u015awi\u0119tej Katarzynie<\/strong> z okazji <strong>\u015bwi\u0119ta patrona szko\u0142y \u2013 b\u0142. kardyna\u0142a Stefana Wyszy\u0144skiego<\/strong>.<\/span><\/p>\r\n<p style=\"font-weight: 400; text-align: justify;\"><span style=\"font-size: 14pt;\">Nasz\u0105 szko\u0142\u0119 reprezentowa\u0142 poczet sztandarowy w sk\u0142adzie:<\/span><\/p>\r\n\r\n<ul style=\"font-weight: 400; text-align: justify;\">\r\n \t<li><span style=\"font-size: 14pt;\"><strong>Wojciech Szatanik<\/strong> \u2013 chor\u0105\u017cy,<\/span><\/li>\r\n \t<li><span style=\"font-size: 14pt;\"><strong>Aleksandra Pi\u0105tek<\/strong> \u2013 asysta,<\/span><\/li>\r\n \t<li><span style=\"font-size: 14pt;\"><strong>Hanna Zatopia\u0144ska<\/strong> \u2013 asysta.<\/span><\/li>\r\n<\/ul>\r\n<p style=\"font-weight: 400; text-align: justify;\"><span style=\"font-size: 14pt;\">Swoj\u0105 obecno\u015bci\u0105 uroczysto\u015b\u0107 zaszczyci\u0142y przedstawicielki dyrekcji:<\/span><\/p>\r\n\r\n<ul style=\"font-weight: 400; text-align: justify;\">\r\n \t<li><span style=\"font-size: 14pt;\"><strong>Pani dyrektor Magdalena Kochan\u2011Nowik<\/strong>,<\/span><\/li>\r\n \t<li><span style=\"font-size: 14pt;\"><strong>Pani wicedyrektor Magdalena Zato\u0144<\/strong>,<\/span><\/li>\r\n \t<li><span style=\"font-size: 14pt;\"><strong>Pani wicedyrektor Izabela Weso\u0142owska<\/strong>.<\/span><\/li>\r\n<\/ul>\r\n<p style=\"font-weight: 400; text-align: justify;\"><span style=\"font-size: 14pt;\">Podczas mszy \u015bwi\u0119tej modlono si\u0119 w intencji ca\u0142ej spo\u0142eczno\u015bci szkolnej, prosz\u0105c o to, aby warto\u015bci przekazywane przez kardyna\u0142a Wyszy\u0144skiego nadal inspirowa\u0142y uczni\u00f3w do odpowiedzialno\u015bci, odwagi i wra\u017cliwo\u015bci na potrzeby innych.<\/span><\/p>\r\n<p style=\"font-weight: 400; text-align: justify;\"><span style=\"font-size: 14pt;\"><strong>Przyj\u0119cie nowych cz\u0142onk\u00f3w Szkolnego Ko\u0142a Caritas<\/strong><\/span><\/p>\r\n<p style=\"font-weight: 400; text-align: justify;\"><span style=\"font-size: 14pt;\">W ramach uroczysto\u015bci mia\u0142o miejsce r\u00f3wnie\u017c <strong>przyj\u0119cie licznej grupy uczni\u00f3w do Szkolnego Ko\u0142a Caritas<\/strong>. Nowi cz\u0142onkowie z\u0142o\u017cyli deklaracj\u0119 gotowo\u015bci do niesienia pomocy potrzebuj\u0105cym oraz aktywnego udzia\u0142u w dzia\u0142aniach charytatywnych prowadzonych na terenie szko\u0142y i parafii. Moment ten podkre\u015bli\u0142 znaczenie postawy s\u0142u\u017cby i solidarno\u015bci, tak bliskiej nauczaniu patrona szko\u0142y.<\/span><\/p>\r\n<p style=\"font-weight: 400; text-align: justify;\"><span style=\"font-size: 14pt;\">Udzia\u0142 w wydarzeniu by\u0142 wa\u017cnym wyrazem piel\u0119gnowania tradycji oraz budowania wsp\u00f3lnoty opartej na warto\u015bciach, kt\u00f3re od lat stanowi\u0105 fundament naszej szko\u0142y.<\/span><\/p>\r\n<p style=\"font-weight: 400; text-align: right;\"><span style=\"font-size: 14pt;\">&nbsp;&nbsp;&nbsp;&nbsp;&nbsp;&nbsp;&nbsp;&nbsp;&nbsp;&nbsp;&nbsp;&nbsp;&nbsp;&nbsp;&nbsp;&nbsp;&nbsp;&nbsp;&nbsp;&nbsp;&nbsp;&nbsp;&nbsp;&nbsp;&nbsp;&nbsp;&nbsp;&nbsp;&nbsp;&nbsp;&nbsp;&nbsp;&nbsp;&nbsp;&nbsp;&nbsp;&nbsp;&nbsp;&nbsp;&nbsp;&nbsp;&nbsp;&nbsp;&nbsp;&nbsp;&nbsp;&nbsp;&nbsp; Tomasz Wilczak<\/span><\/p>\t\t\t\t\t\t\t\t<\/div>\n\t\t\t\t<div class=\"elementor-element elementor-element-b3e86f6 elementor-widget elementor-widget-image-gallery\" data-id=\"b3e86f6\" data-element_type=\"widget\" data-widget_type=\"image-gallery.default\">\n\t\t\t\t\t\t\t<div class=\"elementor-image-gallery\">\n\t\t\t\n\t\t<div id='gallery-1' class='gallery galleryid-20014 gallery-columns-4 gallery-size-thumbnail gallery1'><script type=\"text\/javascript\">\n\/\/ <![CDATA[\n\tjQuery(document).ready(function () {\n\t\tjQuery(\".gallery1 a\").attr(\"rel\",\"gallery1\");\t\n\t\tjQuery('a[rel=\"gallery1\"]').colorbox({title: function(){ return jQuery(this).children().attr(\"alt\"); }});\n\t});\n\/\/ ]]>\n<\/script>\n<dl class=\"gallery-item\">\n<dt class=\"gallery-icon\">\n<a href=\"https:\/\/www.spkatarzyna.pl\/wp-content\/uploads\/2026\/05\/PHOTO-2026-05-24-12-32-18-300x250.jpg\" title=\"\" rel=\"gallery1\" rel=\"lightbox[20014]\"><img decoding=\"async\" src=\"https:\/\/www.spkatarzyna.pl\/wp-content\/uploads\/2026\/05\/PHOTO-2026-05-24-12-32-18-150x150.jpg\" width=\"150\" height=\"150\" alt=\"\" \/><\/a>\n<\/dt><\/dl><dl class=\"gallery-item\">\n<dt class=\"gallery-icon\">\n<a href=\"https:\/\/www.spkatarzyna.pl\/wp-content\/uploads\/2026\/05\/PHOTO-2026-05-24-12-32-18-3-225x300.jpg\" title=\"\" rel=\"gallery1\" rel=\"lightbox[20014]\"><img decoding=\"async\" src=\"https:\/\/www.spkatarzyna.pl\/wp-content\/uploads\/2026\/05\/PHOTO-2026-05-24-12-32-18-3-150x150.jpg\" width=\"150\" height=\"150\" alt=\"\" \/><\/a>\n<\/dt><\/dl><dl class=\"gallery-item\">\n<dt class=\"gallery-icon\">\n<a href=\"https:\/\/www.spkatarzyna.pl\/wp-content\/uploads\/2026\/05\/5260-226x300.jpg\" title=\"\" rel=\"gallery1\" rel=\"lightbox[20014]\"><img decoding=\"async\" src=\"https:\/\/www.spkatarzyna.pl\/wp-content\/uploads\/2026\/05\/5260-150x150.jpg\" width=\"150\" height=\"150\" alt=\"\" \/><\/a>\n<\/dt><\/dl><dl class=\"gallery-item\">\n<dt class=\"gallery-icon\">\n<a href=\"https:\/\/www.spkatarzyna.pl\/wp-content\/uploads\/2026\/05\/5263-226x300.jpg\" title=\"\" rel=\"gallery1\" rel=\"lightbox[20014]\"><img loading=\"lazy\" decoding=\"async\" src=\"https:\/\/www.spkatarzyna.pl\/wp-content\/uploads\/2026\/05\/5263-150x150.jpg\" width=\"150\" height=\"150\" alt=\"\" \/><\/a>\n<\/dt><\/dl><br style=\"clear: both\" \/><br style=\"clear: both\" \/><\/div>\t\t<\/div>\n\t\t\t\t\t\t<\/div>\n\t\t\t\t\t<\/div>\n\t\t\t\t<\/div>\n\t\t\t\t<\/div>\n\t\t","protected":false},"excerpt":{"rendered":"<p>W dniu 24 maja 2026 roku poczet sztandarowy naszej szko\u0142y uczestniczy\u0142 w uroczystej mszy \u015bwi\u0119tej odprawionej w ko\u015bciele parafialnym w \u015awi\u0119tej Katarzynie z okazji \u015bwi\u0119ta patrona szko\u0142y \u2013 b\u0142. kardyna\u0142a Stefana Wyszy\u0144skiego. Nasz\u0105 szko\u0142\u0119 reprezentowa\u0142 poczet sztandarowy w sk\u0142adzie: Wojciech Szatanik \u2013 chor\u0105\u017cy, Aleksandra Pi\u0105tek \u2013 asysta, Hanna Zatopia\u0144ska \u2013 [&hellip;]<\/p>\n","protected":false},"author":6,"featured_media":20015,"comment_status":"open","ping_status":"open","sticky":false,"template":"","format":"standard","meta":{"om_disable_all_campaigns":false,"_monsterinsights_skip_tracking":false,"ngg_post_thumbnail":0,"footnotes":""},"categories":[1],"tags":[],"class_list":["post-20014","post","type-post","status-publish","format-standard","has-post-thumbnail","hentry","category-uncategorized"],"aioseo_notices":[],"aioseo_head":"\n\t\t<!-- All in One SEO 5.0.1.1 - aioseo.com -->\n\t<meta name=\"description\" content=\"W dniu 24 maja 2026 roku poczet sztandarowy naszej szko\u0142y uczestniczy\u0142 w uroczystej mszy \u015bwi\u0119tej odprawionej w ko\u015bciele parafialnym w \u015awi\u0119tej Katarzynie z okazji \u015bwi\u0119ta patrona szko\u0142y \u2013 b\u0142. kardyna\u0142a Stefana Wyszy\u0144skiego. Nasz\u0105 szko\u0142\u0119 reprezentowa\u0142 poczet sztandarowy w sk\u0142adzie: Wojciech Szatanik \u2013 chor\u0105\u017cy, Aleksandra Pi\u0105tek \u2013 asysta, Hanna Zatopia\u0144ska \u2013 asysta. Swoj\u0105 obecno\u015bci\u0105 uroczysto\u015b\u0107 zaszczyci\u0142y\" \/>\n\t<meta name=\"robots\" content=\"max-image-preview:large\" \/>\n\t<meta name=\"author\" content=\"Redakcja\"\/>\n\t<link rel=\"canonical\" href=\"https:\/\/www.spkatarzyna.pl\/index.php\/2026\/05\/26\/msza-swieta-z-okazji-swieta-patrona-szkoly\/\" \/>\n\t<meta name=\"generator\" content=\"All in One SEO (AIOSEO) 5.0.1.1\" \/>\n\t\t<meta property=\"og:locale\" content=\"pl_PL\" \/>\n\t\t<meta property=\"og:site_name\" content=\"SP Katarzyna - Publiczna Szko\u0142a Podstawowa w \u015awi\u0119tej Katarzynie\" \/>\n\t\t<meta property=\"og:type\" content=\"article\" \/>\n\t\t<meta property=\"og:title\" content=\"Msza \u015bwi\u0119ta z okazji \u015bwi\u0119ta patrona szko\u0142y - SP Katarzyna\" \/>\n\t\t<meta property=\"og:description\" content=\"W dniu 24 maja 2026 roku poczet sztandarowy naszej szko\u0142y uczestniczy\u0142 w uroczystej mszy \u015bwi\u0119tej odprawionej w ko\u015bciele parafialnym w \u015awi\u0119tej Katarzynie z okazji \u015bwi\u0119ta patrona szko\u0142y \u2013 b\u0142. kardyna\u0142a Stefana Wyszy\u0144skiego. Nasz\u0105 szko\u0142\u0119 reprezentowa\u0142 poczet sztandarowy w sk\u0142adzie: Wojciech Szatanik \u2013 chor\u0105\u017cy, Aleksandra Pi\u0105tek \u2013 asysta, Hanna Zatopia\u0144ska \u2013 asysta. Swoj\u0105 obecno\u015bci\u0105 uroczysto\u015b\u0107 zaszczyci\u0142y\" \/>\n\t\t<meta property=\"og:url\" content=\"https:\/\/www.spkatarzyna.pl\/index.php\/2026\/05\/26\/msza-swieta-z-okazji-swieta-patrona-szkoly\/\" \/>\n\t\t<meta property=\"article:published_time\" content=\"2026-05-26T07:21:55+00:00\" \/>\n\t\t<meta property=\"article:modified_time\" content=\"2026-05-26T07:28:17+00:00\" \/>\n\t\t<meta name=\"twitter:card\" content=\"summary_large_image\" \/>\n\t\t<meta name=\"twitter:title\" content=\"Msza \u015bwi\u0119ta z okazji \u015bwi\u0119ta patrona szko\u0142y - SP Katarzyna\" \/>\n\t\t<meta name=\"twitter:description\" content=\"W dniu 24 maja 2026 roku poczet sztandarowy naszej szko\u0142y uczestniczy\u0142 w uroczystej mszy \u015bwi\u0119tej odprawionej w ko\u015bciele parafialnym w \u015awi\u0119tej Katarzynie z okazji \u015bwi\u0119ta patrona szko\u0142y \u2013 b\u0142. kardyna\u0142a Stefana Wyszy\u0144skiego. Nasz\u0105 szko\u0142\u0119 reprezentowa\u0142 poczet sztandarowy w sk\u0142adzie: Wojciech Szatanik \u2013 chor\u0105\u017cy, Aleksandra Pi\u0105tek \u2013 asysta, Hanna Zatopia\u0144ska \u2013 asysta. Swoj\u0105 obecno\u015bci\u0105 uroczysto\u015b\u0107 zaszczyci\u0142y\" \/>\n\t\t<script type=\"application\/ld+json\" class=\"aioseo-schema\">\n\t\t\t{\"@context\":\"https:\\\/\\\/schema.org\",\"@graph\":[{\"@type\":\"BlogPosting\",\"@id\":\"https:\\\/\\\/www.spkatarzyna.pl\\\/index.php\\\/2026\\\/05\\\/26\\\/msza-swieta-z-okazji-swieta-patrona-szkoly\\\/#blogposting\",\"name\":\"Msza \\u015bwi\\u0119ta z okazji \\u015bwi\\u0119ta patrona szko\\u0142y - SP Katarzyna\",\"headline\":\"Msza \\u015bwi\\u0119ta z okazji \\u015bwi\\u0119ta patrona szko\\u0142y\",\"author\":{\"@id\":\"https:\\\/\\\/www.spkatarzyna.pl\\\/index.php\\\/author\\\/agatasafianspkatarzyna-pl\\\/#author\"},\"publisher\":{\"@id\":\"https:\\\/\\\/www.spkatarzyna.pl\\\/#organization\"},\"image\":{\"@type\":\"ImageObject\",\"url\":\"https:\\\/\\\/www.spkatarzyna.pl\\\/wp-content\\\/uploads\\\/2026\\\/05\\\/5288-2.jpg\",\"width\":360,\"height\":202},\"datePublished\":\"2026-05-26T09:21:55+02:00\",\"dateModified\":\"2026-05-26T09:28:17+02:00\",\"inLanguage\":\"pl-PL\",\"mainEntityOfPage\":{\"@id\":\"https:\\\/\\\/www.spkatarzyna.pl\\\/index.php\\\/2026\\\/05\\\/26\\\/msza-swieta-z-okazji-swieta-patrona-szkoly\\\/#webpage\"},\"isPartOf\":{\"@id\":\"https:\\\/\\\/www.spkatarzyna.pl\\\/index.php\\\/2026\\\/05\\\/26\\\/msza-swieta-z-okazji-swieta-patrona-szkoly\\\/#webpage\"},\"articleSection\":\"Uncategorized\"},{\"@type\":\"BreadcrumbList\",\"@id\":\"https:\\\/\\\/www.spkatarzyna.pl\\\/index.php\\\/2026\\\/05\\\/26\\\/msza-swieta-z-okazji-swieta-patrona-szkoly\\\/#breadcrumblist\",\"itemListElement\":[{\"@type\":\"ListItem\",\"@id\":\"https:\\\/\\\/www.spkatarzyna.pl#listItem\",\"position\":1,\"name\":\"Dom\",\"item\":\"https:\\\/\\\/www.spkatarzyna.pl\",\"nextItem\":{\"@type\":\"ListItem\",\"@id\":\"https:\\\/\\\/www.spkatarzyna.pl\\\/index.php\\\/category\\\/uncategorized\\\/#listItem\",\"name\":\"Uncategorized\"}},{\"@type\":\"ListItem\",\"@id\":\"https:\\\/\\\/www.spkatarzyna.pl\\\/index.php\\\/category\\\/uncategorized\\\/#listItem\",\"position\":2,\"name\":\"Uncategorized\",\"item\":\"https:\\\/\\\/www.spkatarzyna.pl\\\/index.php\\\/category\\\/uncategorized\\\/\",\"nextItem\":{\"@type\":\"ListItem\",\"@id\":\"https:\\\/\\\/www.spkatarzyna.pl\\\/index.php\\\/2026\\\/05\\\/26\\\/msza-swieta-z-okazji-swieta-patrona-szkoly\\\/#listItem\",\"name\":\"Msza \\u015bwi\\u0119ta z okazji \\u015bwi\\u0119ta patrona szko\\u0142y\"},\"previousItem\":{\"@type\":\"ListItem\",\"@id\":\"https:\\\/\\\/www.spkatarzyna.pl#listItem\",\"name\":\"Dom\"}},{\"@type\":\"ListItem\",\"@id\":\"https:\\\/\\\/www.spkatarzyna.pl\\\/index.php\\\/2026\\\/05\\\/26\\\/msza-swieta-z-okazji-swieta-patrona-szkoly\\\/#listItem\",\"position\":3,\"name\":\"Msza \\u015bwi\\u0119ta z okazji \\u015bwi\\u0119ta patrona szko\\u0142y\",\"previousItem\":{\"@type\":\"ListItem\",\"@id\":\"https:\\\/\\\/www.spkatarzyna.pl\\\/index.php\\\/category\\\/uncategorized\\\/#listItem\",\"name\":\"Uncategorized\"}}]},{\"@type\":\"Organization\",\"@id\":\"https:\\\/\\\/www.spkatarzyna.pl\\\/#organization\",\"name\":\"SP Katarzyna\",\"description\":\"Publiczna Szko\\u0142a Podstawowa w \\u015awi\\u0119tej Katarzynie\",\"url\":\"https:\\\/\\\/www.spkatarzyna.pl\\\/\",\"telephone\":\"+48713116378\",\"sameAs\":[\"https:\\\/\\\/facebook.com\\\/\",\"https:\\\/\\\/x.com\\\/\",\"https:\\\/\\\/instagram.com\\\/\",\"https:\\\/\\\/pinterest.com\\\/\",\"https:\\\/\\\/youtube.com\\\/\",\"https:\\\/\\\/linkedin.com\\\/in\\\/\"]},{\"@type\":\"Person\",\"@id\":\"https:\\\/\\\/www.spkatarzyna.pl\\\/index.php\\\/author\\\/agatasafianspkatarzyna-pl\\\/#author\",\"url\":\"https:\\\/\\\/www.spkatarzyna.pl\\\/index.php\\\/author\\\/agatasafianspkatarzyna-pl\\\/\",\"name\":\"Redakcja\",\"image\":{\"@type\":\"ImageObject\",\"@id\":\"https:\\\/\\\/www.spkatarzyna.pl\\\/index.php\\\/2026\\\/05\\\/26\\\/msza-swieta-z-okazji-swieta-patrona-szkoly\\\/#authorImage\",\"url\":\"https:\\\/\\\/secure.gravatar.com\\\/avatar\\\/765290513df94d442152250e92b42327?s=96&d=mm&r=g\",\"width\":96,\"height\":96,\"caption\":\"Redakcja\"}},{\"@type\":\"WebPage\",\"@id\":\"https:\\\/\\\/www.spkatarzyna.pl\\\/index.php\\\/2026\\\/05\\\/26\\\/msza-swieta-z-okazji-swieta-patrona-szkoly\\\/#webpage\",\"url\":\"https:\\\/\\\/www.spkatarzyna.pl\\\/index.php\\\/2026\\\/05\\\/26\\\/msza-swieta-z-okazji-swieta-patrona-szkoly\\\/\",\"name\":\"Msza \\u015bwi\\u0119ta z okazji \\u015bwi\\u0119ta patrona szko\\u0142y - SP Katarzyna\",\"description\":\"W dniu 24 maja 2026 roku poczet sztandarowy naszej szko\\u0142y uczestniczy\\u0142 w uroczystej mszy \\u015bwi\\u0119tej odprawionej w ko\\u015bciele parafialnym w \\u015awi\\u0119tej Katarzynie z okazji \\u015bwi\\u0119ta patrona szko\\u0142y \\u2013 b\\u0142. kardyna\\u0142a Stefana Wyszy\\u0144skiego. Nasz\\u0105 szko\\u0142\\u0119 reprezentowa\\u0142 poczet sztandarowy w sk\\u0142adzie: Wojciech Szatanik \\u2013 chor\\u0105\\u017cy, Aleksandra Pi\\u0105tek \\u2013 asysta, Hanna Zatopia\\u0144ska \\u2013 asysta. Swoj\\u0105 obecno\\u015bci\\u0105 uroczysto\\u015b\\u0107 zaszczyci\\u0142y\",\"inLanguage\":\"pl-PL\",\"isPartOf\":{\"@id\":\"https:\\\/\\\/www.spkatarzyna.pl\\\/#website\"},\"breadcrumb\":{\"@id\":\"https:\\\/\\\/www.spkatarzyna.pl\\\/index.php\\\/2026\\\/05\\\/26\\\/msza-swieta-z-okazji-swieta-patrona-szkoly\\\/#breadcrumblist\"},\"author\":{\"@id\":\"https:\\\/\\\/www.spkatarzyna.pl\\\/index.php\\\/author\\\/agatasafianspkatarzyna-pl\\\/#author\"},\"creator\":{\"@id\":\"https:\\\/\\\/www.spkatarzyna.pl\\\/index.php\\\/author\\\/agatasafianspkatarzyna-pl\\\/#author\"},\"image\":{\"@type\":\"ImageObject\",\"url\":\"https:\\\/\\\/www.spkatarzyna.pl\\\/wp-content\\\/uploads\\\/2026\\\/05\\\/5288-2.jpg\",\"@id\":\"https:\\\/\\\/www.spkatarzyna.pl\\\/index.php\\\/2026\\\/05\\\/26\\\/msza-swieta-z-okazji-swieta-patrona-szkoly\\\/#mainImage\",\"width\":360,\"height\":202},\"primaryImageOfPage\":{\"@id\":\"https:\\\/\\\/www.spkatarzyna.pl\\\/index.php\\\/2026\\\/05\\\/26\\\/msza-swieta-z-okazji-swieta-patrona-szkoly\\\/#mainImage\"},\"datePublished\":\"2026-05-26T09:21:55+02:00\",\"dateModified\":\"2026-05-26T09:28:17+02:00\"},{\"@type\":\"WebSite\",\"@id\":\"https:\\\/\\\/www.spkatarzyna.pl\\\/#website\",\"url\":\"https:\\\/\\\/www.spkatarzyna.pl\\\/\",\"name\":\"SP Katarzyna\",\"description\":\"Publiczna Szko\\u0142a Podstawowa w \\u015awi\\u0119tej Katarzynie\",\"inLanguage\":\"pl-PL\",\"publisher\":{\"@id\":\"https:\\\/\\\/www.spkatarzyna.pl\\\/#organization\"}}]}\n\t\t<\/script>\n\t\t<!-- All in One SEO -->\n\n","aioseo_head_json":{"title":"Msza \u015bwi\u0119ta z okazji \u015bwi\u0119ta patrona szko\u0142y - SP Katarzyna","description":"W dniu 24 maja 2026 roku poczet sztandarowy naszej szko\u0142y uczestniczy\u0142 w uroczystej mszy \u015bwi\u0119tej odprawionej w ko\u015bciele parafialnym w \u015awi\u0119tej Katarzynie z okazji \u015bwi\u0119ta patrona szko\u0142y \u2013 b\u0142. kardyna\u0142a Stefana Wyszy\u0144skiego. Nasz\u0105 szko\u0142\u0119 reprezentowa\u0142 poczet sztandarowy w sk\u0142adzie: Wojciech Szatanik \u2013 chor\u0105\u017cy, Aleksandra Pi\u0105tek \u2013 asysta, Hanna Zatopia\u0144ska \u2013 asysta. Swoj\u0105 obecno\u015bci\u0105 uroczysto\u015b\u0107 zaszczyci\u0142y","canonical_url":"https:\/\/www.spkatarzyna.pl\/index.php\/2026\/05\/26\/msza-swieta-z-okazji-swieta-patrona-szkoly\/","robots":"max-image-preview:large","keywords":"","webmasterTools":{"miscellaneous":""},"schema":{"@context":"https:\/\/schema.org","@graph":[{"@type":"BlogPosting","@id":"https:\/\/www.spkatarzyna.pl\/index.php\/2026\/05\/26\/msza-swieta-z-okazji-swieta-patrona-szkoly\/#blogposting","name":"Msza \u015bwi\u0119ta z okazji \u015bwi\u0119ta patrona szko\u0142y - SP Katarzyna","headline":"Msza \u015bwi\u0119ta z okazji \u015bwi\u0119ta patrona szko\u0142y","author":{"@id":"https:\/\/www.spkatarzyna.pl\/index.php\/author\/agatasafianspkatarzyna-pl\/#author"},"publisher":{"@id":"https:\/\/www.spkatarzyna.pl\/#organization"},"image":{"@type":"ImageObject","url":"https:\/\/www.spkatarzyna.pl\/wp-content\/uploads\/2026\/05\/5288-2.jpg","width":360,"height":202},"datePublished":"2026-05-26T09:21:55+02:00","dateModified":"2026-05-26T09:28:17+02:00","inLanguage":"pl-PL","mainEntityOfPage":{"@id":"https:\/\/www.spkatarzyna.pl\/index.php\/2026\/05\/26\/msza-swieta-z-okazji-swieta-patrona-szkoly\/#webpage"},"isPartOf":{"@id":"https:\/\/www.spkatarzyna.pl\/index.php\/2026\/05\/26\/msza-swieta-z-okazji-swieta-patrona-szkoly\/#webpage"},"articleSection":"Uncategorized"},{"@type":"BreadcrumbList","@id":"https:\/\/www.spkatarzyna.pl\/index.php\/2026\/05\/26\/msza-swieta-z-okazji-swieta-patrona-szkoly\/#breadcrumblist","itemListElement":[{"@type":"ListItem","@id":"https:\/\/www.spkatarzyna.pl#listItem","position":1,"name":"Dom","item":"https:\/\/www.spkatarzyna.pl","nextItem":{"@type":"ListItem","@id":"https:\/\/www.spkatarzyna.pl\/index.php\/category\/uncategorized\/#listItem","name":"Uncategorized"}},{"@type":"ListItem","@id":"https:\/\/www.spkatarzyna.pl\/index.php\/category\/uncategorized\/#listItem","position":2,"name":"Uncategorized","item":"https:\/\/www.spkatarzyna.pl\/index.php\/category\/uncategorized\/","nextItem":{"@type":"ListItem","@id":"https:\/\/www.spkatarzyna.pl\/index.php\/2026\/05\/26\/msza-swieta-z-okazji-swieta-patrona-szkoly\/#listItem","name":"Msza \u015bwi\u0119ta z okazji \u015bwi\u0119ta patrona szko\u0142y"},"previousItem":{"@type":"ListItem","@id":"https:\/\/www.spkatarzyna.pl#listItem","name":"Dom"}},{"@type":"ListItem","@id":"https:\/\/www.spkatarzyna.pl\/index.php\/2026\/05\/26\/msza-swieta-z-okazji-swieta-patrona-szkoly\/#listItem","position":3,"name":"Msza \u015bwi\u0119ta z okazji \u015bwi\u0119ta patrona szko\u0142y","previousItem":{"@type":"ListItem","@id":"https:\/\/www.spkatarzyna.pl\/index.php\/category\/uncategorized\/#listItem","name":"Uncategorized"}}]},{"@type":"Organization","@id":"https:\/\/www.spkatarzyna.pl\/#organization","name":"SP Katarzyna","description":"Publiczna Szko\u0142a Podstawowa w \u015awi\u0119tej Katarzynie","url":"https:\/\/www.spkatarzyna.pl\/","telephone":"+48713116378","sameAs":["https:\/\/facebook.com\/","https:\/\/x.com\/","https:\/\/instagram.com\/","https:\/\/pinterest.com\/","https:\/\/youtube.com\/","https:\/\/linkedin.com\/in\/"]},{"@type":"Person","@id":"https:\/\/www.spkatarzyna.pl\/index.php\/author\/agatasafianspkatarzyna-pl\/#author","url":"https:\/\/www.spkatarzyna.pl\/index.php\/author\/agatasafianspkatarzyna-pl\/","name":"Redakcja","image":{"@type":"ImageObject","@id":"https:\/\/www.spkatarzyna.pl\/index.php\/2026\/05\/26\/msza-swieta-z-okazji-swieta-patrona-szkoly\/#authorImage","url":"https:\/\/secure.gravatar.com\/avatar\/765290513df94d442152250e92b42327?s=96&d=mm&r=g","width":96,"height":96,"caption":"Redakcja"}},{"@type":"WebPage","@id":"https:\/\/www.spkatarzyna.pl\/index.php\/2026\/05\/26\/msza-swieta-z-okazji-swieta-patrona-szkoly\/#webpage","url":"https:\/\/www.spkatarzyna.pl\/index.php\/2026\/05\/26\/msza-swieta-z-okazji-swieta-patrona-szkoly\/","name":"Msza \u015bwi\u0119ta z okazji \u015bwi\u0119ta patrona szko\u0142y - SP Katarzyna","description":"W dniu 24 maja 2026 roku poczet sztandarowy naszej szko\u0142y uczestniczy\u0142 w uroczystej mszy \u015bwi\u0119tej odprawionej w ko\u015bciele parafialnym w \u015awi\u0119tej Katarzynie z okazji \u015bwi\u0119ta patrona szko\u0142y \u2013 b\u0142. kardyna\u0142a Stefana Wyszy\u0144skiego. Nasz\u0105 szko\u0142\u0119 reprezentowa\u0142 poczet sztandarowy w sk\u0142adzie: Wojciech Szatanik \u2013 chor\u0105\u017cy, Aleksandra Pi\u0105tek \u2013 asysta, Hanna Zatopia\u0144ska \u2013 asysta. Swoj\u0105 obecno\u015bci\u0105 uroczysto\u015b\u0107 zaszczyci\u0142y","inLanguage":"pl-PL","isPartOf":{"@id":"https:\/\/www.spkatarzyna.pl\/#website"},"breadcrumb":{"@id":"https:\/\/www.spkatarzyna.pl\/index.php\/2026\/05\/26\/msza-swieta-z-okazji-swieta-patrona-szkoly\/#breadcrumblist"},"author":{"@id":"https:\/\/www.spkatarzyna.pl\/index.php\/author\/agatasafianspkatarzyna-pl\/#author"},"creator":{"@id":"https:\/\/www.spkatarzyna.pl\/index.php\/author\/agatasafianspkatarzyna-pl\/#author"},"image":{"@type":"ImageObject","url":"https:\/\/www.spkatarzyna.pl\/wp-content\/uploads\/2026\/05\/5288-2.jpg","@id":"https:\/\/www.spkatarzyna.pl\/index.php\/2026\/05\/26\/msza-swieta-z-okazji-swieta-patrona-szkoly\/#mainImage","width":360,"height":202},"primaryImageOfPage":{"@id":"https:\/\/www.spkatarzyna.pl\/index.php\/2026\/05\/26\/msza-swieta-z-okazji-swieta-patrona-szkoly\/#mainImage"},"datePublished":"2026-05-26T09:21:55+02:00","dateModified":"2026-05-26T09:28:17+02:00"},{"@type":"WebSite","@id":"https:\/\/www.spkatarzyna.pl\/#website","url":"https:\/\/www.spkatarzyna.pl\/","name":"SP Katarzyna","description":"Publiczna Szko\u0142a Podstawowa w \u015awi\u0119tej Katarzynie","inLanguage":"pl-PL","publisher":{"@id":"https:\/\/www.spkatarzyna.pl\/#organization"}}]},"og:locale":"pl_PL","og:site_name":"SP Katarzyna - Publiczna Szko\u0142a Podstawowa w \u015awi\u0119tej Katarzynie","og:type":"article","og:title":"Msza \u015bwi\u0119ta z okazji \u015bwi\u0119ta patrona szko\u0142y - SP Katarzyna","og:description":"W dniu 24 maja 2026 roku poczet sztandarowy naszej szko\u0142y uczestniczy\u0142 w uroczystej mszy \u015bwi\u0119tej odprawionej w ko\u015bciele parafialnym w \u015awi\u0119tej Katarzynie z okazji \u015bwi\u0119ta patrona szko\u0142y \u2013 b\u0142. kardyna\u0142a Stefana Wyszy\u0144skiego. Nasz\u0105 szko\u0142\u0119 reprezentowa\u0142 poczet sztandarowy w sk\u0142adzie: Wojciech Szatanik \u2013 chor\u0105\u017cy, Aleksandra Pi\u0105tek \u2013 asysta, Hanna Zatopia\u0144ska \u2013 asysta. Swoj\u0105 obecno\u015bci\u0105 uroczysto\u015b\u0107 zaszczyci\u0142y","og:url":"https:\/\/www.spkatarzyna.pl\/index.php\/2026\/05\/26\/msza-swieta-z-okazji-swieta-patrona-szkoly\/","article:published_time":"2026-05-26T07:21:55+00:00","article:modified_time":"2026-05-26T07:28:17+00:00","twitter:card":"summary_large_image","twitter:title":"Msza \u015bwi\u0119ta z okazji \u015bwi\u0119ta patrona szko\u0142y - SP Katarzyna","twitter:description":"W dniu 24 maja 2026 roku poczet sztandarowy naszej szko\u0142y uczestniczy\u0142 w uroczystej mszy \u015bwi\u0119tej odprawionej w ko\u015bciele parafialnym w \u015awi\u0119tej Katarzynie z okazji \u015bwi\u0119ta patrona szko\u0142y \u2013 b\u0142. kardyna\u0142a Stefana Wyszy\u0144skiego. Nasz\u0105 szko\u0142\u0119 reprezentowa\u0142 poczet sztandarowy w sk\u0142adzie: Wojciech Szatanik \u2013 chor\u0105\u017cy, Aleksandra Pi\u0105tek \u2013 asysta, Hanna Zatopia\u0144ska \u2013 asysta. Swoj\u0105 obecno\u015bci\u0105 uroczysto\u015b\u0107 zaszczyci\u0142y"},"aioseo_meta_data":{"post_id":"20014","title":null,"description":null,"keywords":null,"keyphrases":{"focus":{"keyphrase":"","score":0,"analysis":{"keyphraseInTitle":{"score":0,"maxScore":9,"error":1}}},"additional":[]},"primary_term":null,"canonical_url":null,"og_title":null,"og_description":null,"og_object_type":"default","og_image_type":"default","og_image_url":null,"og_image_width":null,"og_image_height":null,"og_image_custom_url":null,"og_image_custom_fields":null,"og_video":"","og_custom_url":null,"og_article_section":null,"og_article_tags":null,"twitter_use_og":false,"twitter_card":"default","twitter_image_type":"default","twitter_image_url":null,"twitter_image_custom_url":null,"twitter_image_custom_fields":null,"twitter_title":null,"twitter_description":null,"schema":{"blockGraphs":[],"customGraphs":[],"default":{"data":{"Article":[],"Course":[],"Dataset":[],"FAQPage":[],"Movie":[],"Person":[],"Product":[],"ProductReview":[],"Car":[],"Recipe":[],"Service":[],"SoftwareApplication":[],"WebPage":[]},"graphName":"BlogPosting","isEnabled":true},"graphs":[]},"schema_type":"default","schema_type_options":null,"pillar_content":false,"robots_default":true,"robots_noindex":false,"robots_noarchive":false,"robots_nosnippet":false,"robots_nofollow":false,"robots_noimageindex":false,"robots_noodp":false,"robots_notranslate":false,"robots_max_snippet":"-1","robots_max_videopreview":"-1","robots_max_imagepreview":"large","priority":null,"frequency":"default","local_seo":null,"limit_modified_date":false,"created":"2026-05-26 07:21:55","updated":"2026-09-03 18:15:05","focus_keyword":null,"additional_keywords":null,"truseo_locale":null,"ai":null,"breadcrumb_settings":null,"seo_analyzer_scan_date":null},"aioseo_breadcrumb":"<div class=\"aioseo-breadcrumbs\"><span class=\"aioseo-breadcrumb\">\n\t\t\t<a href=\"https:\/\/www.spkatarzyna.pl\" title=\"Dom\">Dom<\/a>\n\t\t<\/span><span class=\"aioseo-breadcrumb-separator\">&raquo;<\/span><span class=\"aioseo-breadcrumb\">\n\t\t\t<a href=\"https:\/\/www.spkatarzyna.pl\/index.php\/category\/uncategorized\/\" title=\"Uncategorized\">Uncategorized<\/a>\n\t\t<\/span><span class=\"aioseo-breadcrumb-separator\">&raquo;<\/span><span class=\"aioseo-breadcrumb\">\n\t\t\tMsza \u015bwi\u0119ta z okazji \u015bwi\u0119ta patrona szko\u0142y\n\t\t<\/span><\/div>","aioseo_breadcrumb_json":[{"label":"Dom","link":"https:\/\/www.spkatarzyna.pl"},{"label":"Uncategorized","link":"https:\/\/www.spkatarzyna.pl\/index.php\/category\/uncategorized\/"},{"label":"Msza \u015bwi\u0119ta z okazji \u015bwi\u0119ta patrona szko\u0142y","link":"https:\/\/www.spkatarzyna.pl\/index.php\/2026\/05\/26\/msza-swieta-z-okazji-swieta-patrona-szkoly\/"}],"_links":{"self":[{"href":"https:\/\/www.spkatarzyna.pl\/index.php\/wp-json\/wp\/v2\/posts\/20014","targetHints":{"allow":["GET"]}}],"collection":[{"href":"https:\/\/www.spkatarzyna.pl\/index.php\/wp-json\/wp\/v2\/posts"}],"about":[{"href":"https:\/\/www.spkatarzyna.pl\/index.php\/wp-json\/wp\/v2\/types\/post"}],"author":[{"embeddable":true,"href":"https:\/\/www.spkatarzyna.pl\/index.php\/wp-json\/wp\/v2\/users\/6"}],"replies":[{"embeddable":true,"href":"https:\/\/www.spkatarzyna.pl\/index.php\/wp-json\/wp\/v2\/comments?post=20014"}],"version-history":[{"count":4,"href":"https:\/\/www.spkatarzyna.pl\/index.php\/wp-json\/wp\/v2\/posts\/20014\/revisions"}],"predecessor-version":[{"id":20025,"href":"https:\/\/www.spkatarzyna.pl\/index.php\/wp-json\/wp\/v2\/posts\/20014\/revisions\/20025"}],"wp:featuredmedia":[{"embeddable":true,"href":"https:\/\/www.spkatarzyna.pl\/index.php\/wp-json\/wp\/v2\/media\/20015"}],"wp:attachment":[{"href":"https:\/\/www.spkatarzyna.pl\/index.php\/wp-json\/wp\/v2\/media?parent=20014"}],"wp:term":[{"taxonomy":"category","embeddable":true,"href":"https:\/\/www.spkatarzyna.pl\/index.php\/wp-json\/wp\/v2\/categories?post=20014"},{"taxonomy":"post_tag","embeddable":true,"href":"https:\/\/www.spkatarzyna.pl\/index.php\/wp-json\/wp\/v2\/tags?post=20014"}],"curies":[{"name":"wp","href":"https:\/\/api.w.org\/{rel}","templated":true}]}}