{"id":20119,"date":"2026-06-01T15:04:59","date_gmt":"2026-06-01T13:04:59","guid":{"rendered":"https:\/\/www.spkatarzyna.pl\/?p=20119"},"modified":"2026-06-01T15:06:27","modified_gmt":"2026-06-01T13:06:27","slug":"pokaz-talentow-w-kl-1a","status":"publish","type":"post","link":"https:\/\/www.spkatarzyna.pl\/index.php\/2026\/06\/01\/pokaz-talentow-w-kl-1a\/","title":{"rendered":"Pokaz talent\u00f3w w kl. 1a"},"content":{"rendered":"\t\t<div data-elementor-type=\"wp-post\" data-elementor-id=\"20119\" class=\"elementor elementor-20119\">\n\t\t\t\t<div class=\"elementor-element elementor-element-dcd62e3 e-flex e-con-boxed e-con e-parent\" data-id=\"dcd62e3\" data-element_type=\"container\">\n\t\t\t\t\t<div class=\"e-con-inner\">\n\t\t\t\t<div class=\"elementor-element elementor-element-6030a059 elementor-widget elementor-widget-text-editor\" data-id=\"6030a059\" data-element_type=\"widget\" data-widget_type=\"text-editor.default\">\n\t\t\t\t\t\t\t\t\t<p style=\"text-align: justify;\"><span style=\"font-size: 14pt;\">W Dzie\u0144 Dziecka, w klasie 1a odby\u0142 si\u0119 pokaz talent\u00f3w. Uczniowie zaprezentowali swoje talenty. By\u0142 czerwony dywan, weso\u0142a muzyka i migaj\u0105ce \u015bwiat\u0142a. Talent\u00f3w mamy w klasie mn\u00f3stwo:) Od pi\u0142karzy, koszykarzy, treser\u00f3w ps\u00f3w po tancerki, piosenkarki i artystyczne talenty. By\u0142o wspaniale:)<\/span><\/p>\r\n&nbsp;\r\n<p style=\"text-align: right;\"><span style=\"font-size: 14pt;\">Iwona Wierzbicka<\/span><\/p>\t\t\t\t\t\t\t\t<\/div>\n\t\t\t\t<div class=\"elementor-element elementor-element-b036177 elementor-widget elementor-widget-video\" data-id=\"b036177\" data-element_type=\"widget\" data-settings=\"{&quot;video_type&quot;:&quot;hosted&quot;,&quot;controls&quot;:&quot;yes&quot;}\" data-widget_type=\"video.default\">\n\t\t\t\t\t\t\t<div class=\"e-hosted-video elementor-wrapper elementor-open-inline\">\n\t\t\t\t\t<video class=\"elementor-video\" src=\"https:\/\/www.spkatarzyna.pl\/wp-content\/uploads\/2026\/06\/VIDEO-2026-06-01-12-59-32.mp4\" controls=\"\" preload=\"metadata\" controlsList=\"nodownload\"><\/video>\n\t\t\t\t<\/div>\n\t\t\t\t\t\t<\/div>\n\t\t\t\t\t<\/div>\n\t\t\t\t<\/div>\n\t\t\t\t<\/div>\n\t\t","protected":false},"excerpt":{"rendered":"<p>W Dzie\u0144 Dziecka, w klasie 1a odby\u0142 si\u0119 pokaz talent\u00f3w. Uczniowie zaprezentowali swoje talenty. By\u0142 czerwony dywan, weso\u0142a muzyka i migaj\u0105ce \u015bwiat\u0142a. Talent\u00f3w mamy w klasie mn\u00f3stwo:) Od pi\u0142karzy, koszykarzy, treser\u00f3w ps\u00f3w po tancerki, piosenkarki i artystyczne talenty. By\u0142o wspaniale:) &nbsp; Iwona Wierzbicka https:\/\/www.spkatarzyna.pl\/wp-content\/uploads\/2026\/06\/VIDEO-2026-06-01-12-59-32.mp4<\/p>\n","protected":false},"author":6,"featured_media":20120,"comment_status":"open","ping_status":"open","sticky":false,"template":"","format":"standard","meta":{"om_disable_all_campaigns":false,"_monsterinsights_skip_tracking":false,"ngg_post_thumbnail":0,"footnotes":""},"categories":[1],"tags":[],"class_list":["post-20119","post","type-post","status-publish","format-standard","has-post-thumbnail","hentry","category-uncategorized"],"aioseo_notices":[],"aioseo_head":"\n\t\t<!-- All in One SEO 5.0.1.1 - aioseo.com -->\n\t<meta name=\"description\" content=\"W Dzie\u0144 Dziecka, w klasie 1a odby\u0142 si\u0119 pokaz talent\u00f3w. Uczniowie zaprezentowali swoje talenty. By\u0142 czerwony dywan, weso\u0142a muzyka i migaj\u0105ce \u015bwiat\u0142a. Talent\u00f3w mamy w klasie mn\u00f3stwo:) Od pi\u0142karzy, koszykarzy, treser\u00f3w ps\u00f3w po tancerki, piosenkarki i artystyczne talenty. By\u0142o wspaniale:) Iwona Wierzbicka\" \/>\n\t<meta name=\"robots\" content=\"max-image-preview:large\" \/>\n\t<meta name=\"author\" content=\"Redakcja\"\/>\n\t<link rel=\"canonical\" href=\"https:\/\/www.spkatarzyna.pl\/index.php\/2026\/06\/01\/pokaz-talentow-w-kl-1a\/\" \/>\n\t<meta name=\"generator\" content=\"All in One SEO (AIOSEO) 5.0.1.1\" \/>\n\t\t<meta property=\"og:locale\" content=\"pl_PL\" \/>\n\t\t<meta property=\"og:site_name\" content=\"SP Katarzyna - Publiczna Szko\u0142a Podstawowa w \u015awi\u0119tej Katarzynie\" \/>\n\t\t<meta property=\"og:type\" content=\"article\" \/>\n\t\t<meta property=\"og:title\" content=\"Pokaz talent\u00f3w w kl. 1a - SP Katarzyna\" \/>\n\t\t<meta property=\"og:description\" content=\"W Dzie\u0144 Dziecka, w klasie 1a odby\u0142 si\u0119 pokaz talent\u00f3w. Uczniowie zaprezentowali swoje talenty. By\u0142 czerwony dywan, weso\u0142a muzyka i migaj\u0105ce \u015bwiat\u0142a. Talent\u00f3w mamy w klasie mn\u00f3stwo:) Od pi\u0142karzy, koszykarzy, treser\u00f3w ps\u00f3w po tancerki, piosenkarki i artystyczne talenty. By\u0142o wspaniale:) Iwona Wierzbicka\" \/>\n\t\t<meta property=\"og:url\" content=\"https:\/\/www.spkatarzyna.pl\/index.php\/2026\/06\/01\/pokaz-talentow-w-kl-1a\/\" \/>\n\t\t<meta property=\"article:published_time\" content=\"2026-06-01T13:04:59+00:00\" \/>\n\t\t<meta property=\"article:modified_time\" content=\"2026-06-01T13:06:27+00:00\" \/>\n\t\t<meta name=\"twitter:card\" content=\"summary_large_image\" \/>\n\t\t<meta name=\"twitter:title\" content=\"Pokaz talent\u00f3w w kl. 1a - SP Katarzyna\" \/>\n\t\t<meta name=\"twitter:description\" content=\"W Dzie\u0144 Dziecka, w klasie 1a odby\u0142 si\u0119 pokaz talent\u00f3w. Uczniowie zaprezentowali swoje talenty. By\u0142 czerwony dywan, weso\u0142a muzyka i migaj\u0105ce \u015bwiat\u0142a. Talent\u00f3w mamy w klasie mn\u00f3stwo:) Od pi\u0142karzy, koszykarzy, treser\u00f3w ps\u00f3w po tancerki, piosenkarki i artystyczne talenty. By\u0142o wspaniale:) Iwona Wierzbicka\" \/>\n\t\t<script type=\"application\/ld+json\" class=\"aioseo-schema\">\n\t\t\t{\"@context\":\"https:\\\/\\\/schema.org\",\"@graph\":[{\"@type\":\"BlogPosting\",\"@id\":\"https:\\\/\\\/www.spkatarzyna.pl\\\/index.php\\\/2026\\\/06\\\/01\\\/pokaz-talentow-w-kl-1a\\\/#blogposting\",\"name\":\"Pokaz talent\\u00f3w w kl. 1a - SP Katarzyna\",\"headline\":\"Pokaz talent\\u00f3w w kl. 1a\",\"author\":{\"@id\":\"https:\\\/\\\/www.spkatarzyna.pl\\\/index.php\\\/author\\\/agatasafianspkatarzyna-pl\\\/#author\"},\"publisher\":{\"@id\":\"https:\\\/\\\/www.spkatarzyna.pl\\\/#organization\"},\"image\":{\"@type\":\"ImageObject\",\"url\":\"https:\\\/\\\/www.spkatarzyna.pl\\\/wp-content\\\/uploads\\\/2026\\\/06\\\/Zrzut-ekranu-2026-06-1-o-15.03.2.png\",\"width\":360,\"height\":202},\"datePublished\":\"2026-06-01T15:04:59+02:00\",\"dateModified\":\"2026-06-01T15:06:27+02:00\",\"inLanguage\":\"pl-PL\",\"mainEntityOfPage\":{\"@id\":\"https:\\\/\\\/www.spkatarzyna.pl\\\/index.php\\\/2026\\\/06\\\/01\\\/pokaz-talentow-w-kl-1a\\\/#webpage\"},\"isPartOf\":{\"@id\":\"https:\\\/\\\/www.spkatarzyna.pl\\\/index.php\\\/2026\\\/06\\\/01\\\/pokaz-talentow-w-kl-1a\\\/#webpage\"},\"articleSection\":\"Uncategorized\"},{\"@type\":\"BreadcrumbList\",\"@id\":\"https:\\\/\\\/www.spkatarzyna.pl\\\/index.php\\\/2026\\\/06\\\/01\\\/pokaz-talentow-w-kl-1a\\\/#breadcrumblist\",\"itemListElement\":[{\"@type\":\"ListItem\",\"@id\":\"https:\\\/\\\/www.spkatarzyna.pl#listItem\",\"position\":1,\"name\":\"Dom\",\"item\":\"https:\\\/\\\/www.spkatarzyna.pl\",\"nextItem\":{\"@type\":\"ListItem\",\"@id\":\"https:\\\/\\\/www.spkatarzyna.pl\\\/index.php\\\/category\\\/uncategorized\\\/#listItem\",\"name\":\"Uncategorized\"}},{\"@type\":\"ListItem\",\"@id\":\"https:\\\/\\\/www.spkatarzyna.pl\\\/index.php\\\/category\\\/uncategorized\\\/#listItem\",\"position\":2,\"name\":\"Uncategorized\",\"item\":\"https:\\\/\\\/www.spkatarzyna.pl\\\/index.php\\\/category\\\/uncategorized\\\/\",\"nextItem\":{\"@type\":\"ListItem\",\"@id\":\"https:\\\/\\\/www.spkatarzyna.pl\\\/index.php\\\/2026\\\/06\\\/01\\\/pokaz-talentow-w-kl-1a\\\/#listItem\",\"name\":\"Pokaz talent\\u00f3w w kl. 1a\"},\"previousItem\":{\"@type\":\"ListItem\",\"@id\":\"https:\\\/\\\/www.spkatarzyna.pl#listItem\",\"name\":\"Dom\"}},{\"@type\":\"ListItem\",\"@id\":\"https:\\\/\\\/www.spkatarzyna.pl\\\/index.php\\\/2026\\\/06\\\/01\\\/pokaz-talentow-w-kl-1a\\\/#listItem\",\"position\":3,\"name\":\"Pokaz talent\\u00f3w w kl. 1a\",\"previousItem\":{\"@type\":\"ListItem\",\"@id\":\"https:\\\/\\\/www.spkatarzyna.pl\\\/index.php\\\/category\\\/uncategorized\\\/#listItem\",\"name\":\"Uncategorized\"}}]},{\"@type\":\"Organization\",\"@id\":\"https:\\\/\\\/www.spkatarzyna.pl\\\/#organization\",\"name\":\"SP Katarzyna\",\"description\":\"Publiczna Szko\\u0142a Podstawowa w \\u015awi\\u0119tej Katarzynie\",\"url\":\"https:\\\/\\\/www.spkatarzyna.pl\\\/\",\"telephone\":\"+48713116378\",\"sameAs\":[\"https:\\\/\\\/facebook.com\\\/\",\"https:\\\/\\\/x.com\\\/\",\"https:\\\/\\\/instagram.com\\\/\",\"https:\\\/\\\/pinterest.com\\\/\",\"https:\\\/\\\/youtube.com\\\/\",\"https:\\\/\\\/linkedin.com\\\/in\\\/\"]},{\"@type\":\"Person\",\"@id\":\"https:\\\/\\\/www.spkatarzyna.pl\\\/index.php\\\/author\\\/agatasafianspkatarzyna-pl\\\/#author\",\"url\":\"https:\\\/\\\/www.spkatarzyna.pl\\\/index.php\\\/author\\\/agatasafianspkatarzyna-pl\\\/\",\"name\":\"Redakcja\",\"image\":{\"@type\":\"ImageObject\",\"@id\":\"https:\\\/\\\/www.spkatarzyna.pl\\\/index.php\\\/2026\\\/06\\\/01\\\/pokaz-talentow-w-kl-1a\\\/#authorImage\",\"url\":\"https:\\\/\\\/secure.gravatar.com\\\/avatar\\\/765290513df94d442152250e92b42327?s=96&d=mm&r=g\",\"width\":96,\"height\":96,\"caption\":\"Redakcja\"}},{\"@type\":\"WebPage\",\"@id\":\"https:\\\/\\\/www.spkatarzyna.pl\\\/index.php\\\/2026\\\/06\\\/01\\\/pokaz-talentow-w-kl-1a\\\/#webpage\",\"url\":\"https:\\\/\\\/www.spkatarzyna.pl\\\/index.php\\\/2026\\\/06\\\/01\\\/pokaz-talentow-w-kl-1a\\\/\",\"name\":\"Pokaz talent\\u00f3w w kl. 1a - SP Katarzyna\",\"description\":\"W Dzie\\u0144 Dziecka, w klasie 1a odby\\u0142 si\\u0119 pokaz talent\\u00f3w. Uczniowie zaprezentowali swoje talenty. By\\u0142 czerwony dywan, weso\\u0142a muzyka i migaj\\u0105ce \\u015bwiat\\u0142a. Talent\\u00f3w mamy w klasie mn\\u00f3stwo:) Od pi\\u0142karzy, koszykarzy, treser\\u00f3w ps\\u00f3w po tancerki, piosenkarki i artystyczne talenty. By\\u0142o wspaniale:) Iwona Wierzbicka\",\"inLanguage\":\"pl-PL\",\"isPartOf\":{\"@id\":\"https:\\\/\\\/www.spkatarzyna.pl\\\/#website\"},\"breadcrumb\":{\"@id\":\"https:\\\/\\\/www.spkatarzyna.pl\\\/index.php\\\/2026\\\/06\\\/01\\\/pokaz-talentow-w-kl-1a\\\/#breadcrumblist\"},\"author\":{\"@id\":\"https:\\\/\\\/www.spkatarzyna.pl\\\/index.php\\\/author\\\/agatasafianspkatarzyna-pl\\\/#author\"},\"creator\":{\"@id\":\"https:\\\/\\\/www.spkatarzyna.pl\\\/index.php\\\/author\\\/agatasafianspkatarzyna-pl\\\/#author\"},\"image\":{\"@type\":\"ImageObject\",\"url\":\"https:\\\/\\\/www.spkatarzyna.pl\\\/wp-content\\\/uploads\\\/2026\\\/06\\\/Zrzut-ekranu-2026-06-1-o-15.03.2.png\",\"@id\":\"https:\\\/\\\/www.spkatarzyna.pl\\\/index.php\\\/2026\\\/06\\\/01\\\/pokaz-talentow-w-kl-1a\\\/#mainImage\",\"width\":360,\"height\":202},\"primaryImageOfPage\":{\"@id\":\"https:\\\/\\\/www.spkatarzyna.pl\\\/index.php\\\/2026\\\/06\\\/01\\\/pokaz-talentow-w-kl-1a\\\/#mainImage\"},\"datePublished\":\"2026-06-01T15:04:59+02:00\",\"dateModified\":\"2026-06-01T15:06:27+02:00\"},{\"@type\":\"WebSite\",\"@id\":\"https:\\\/\\\/www.spkatarzyna.pl\\\/#website\",\"url\":\"https:\\\/\\\/www.spkatarzyna.pl\\\/\",\"name\":\"SP Katarzyna\",\"description\":\"Publiczna Szko\\u0142a Podstawowa w \\u015awi\\u0119tej Katarzynie\",\"inLanguage\":\"pl-PL\",\"publisher\":{\"@id\":\"https:\\\/\\\/www.spkatarzyna.pl\\\/#organization\"}}]}\n\t\t<\/script>\n\t\t<!-- All in One SEO -->\n\n","aioseo_head_json":{"title":"Pokaz talent\u00f3w w kl. 1a - SP Katarzyna","description":"W Dzie\u0144 Dziecka, w klasie 1a odby\u0142 si\u0119 pokaz talent\u00f3w. Uczniowie zaprezentowali swoje talenty. By\u0142 czerwony dywan, weso\u0142a muzyka i migaj\u0105ce \u015bwiat\u0142a. Talent\u00f3w mamy w klasie mn\u00f3stwo:) Od pi\u0142karzy, koszykarzy, treser\u00f3w ps\u00f3w po tancerki, piosenkarki i artystyczne talenty. By\u0142o wspaniale:) Iwona Wierzbicka","canonical_url":"https:\/\/www.spkatarzyna.pl\/index.php\/2026\/06\/01\/pokaz-talentow-w-kl-1a\/","robots":"max-image-preview:large","keywords":"","webmasterTools":{"miscellaneous":""},"schema":{"@context":"https:\/\/schema.org","@graph":[{"@type":"BlogPosting","@id":"https:\/\/www.spkatarzyna.pl\/index.php\/2026\/06\/01\/pokaz-talentow-w-kl-1a\/#blogposting","name":"Pokaz talent\u00f3w w kl. 1a - SP Katarzyna","headline":"Pokaz talent\u00f3w w kl. 1a","author":{"@id":"https:\/\/www.spkatarzyna.pl\/index.php\/author\/agatasafianspkatarzyna-pl\/#author"},"publisher":{"@id":"https:\/\/www.spkatarzyna.pl\/#organization"},"image":{"@type":"ImageObject","url":"https:\/\/www.spkatarzyna.pl\/wp-content\/uploads\/2026\/06\/Zrzut-ekranu-2026-06-1-o-15.03.2.png","width":360,"height":202},"datePublished":"2026-06-01T15:04:59+02:00","dateModified":"2026-06-01T15:06:27+02:00","inLanguage":"pl-PL","mainEntityOfPage":{"@id":"https:\/\/www.spkatarzyna.pl\/index.php\/2026\/06\/01\/pokaz-talentow-w-kl-1a\/#webpage"},"isPartOf":{"@id":"https:\/\/www.spkatarzyna.pl\/index.php\/2026\/06\/01\/pokaz-talentow-w-kl-1a\/#webpage"},"articleSection":"Uncategorized"},{"@type":"BreadcrumbList","@id":"https:\/\/www.spkatarzyna.pl\/index.php\/2026\/06\/01\/pokaz-talentow-w-kl-1a\/#breadcrumblist","itemListElement":[{"@type":"ListItem","@id":"https:\/\/www.spkatarzyna.pl#listItem","position":1,"name":"Dom","item":"https:\/\/www.spkatarzyna.pl","nextItem":{"@type":"ListItem","@id":"https:\/\/www.spkatarzyna.pl\/index.php\/category\/uncategorized\/#listItem","name":"Uncategorized"}},{"@type":"ListItem","@id":"https:\/\/www.spkatarzyna.pl\/index.php\/category\/uncategorized\/#listItem","position":2,"name":"Uncategorized","item":"https:\/\/www.spkatarzyna.pl\/index.php\/category\/uncategorized\/","nextItem":{"@type":"ListItem","@id":"https:\/\/www.spkatarzyna.pl\/index.php\/2026\/06\/01\/pokaz-talentow-w-kl-1a\/#listItem","name":"Pokaz talent\u00f3w w kl. 1a"},"previousItem":{"@type":"ListItem","@id":"https:\/\/www.spkatarzyna.pl#listItem","name":"Dom"}},{"@type":"ListItem","@id":"https:\/\/www.spkatarzyna.pl\/index.php\/2026\/06\/01\/pokaz-talentow-w-kl-1a\/#listItem","position":3,"name":"Pokaz talent\u00f3w w kl. 1a","previousItem":{"@type":"ListItem","@id":"https:\/\/www.spkatarzyna.pl\/index.php\/category\/uncategorized\/#listItem","name":"Uncategorized"}}]},{"@type":"Organization","@id":"https:\/\/www.spkatarzyna.pl\/#organization","name":"SP Katarzyna","description":"Publiczna Szko\u0142a Podstawowa w \u015awi\u0119tej Katarzynie","url":"https:\/\/www.spkatarzyna.pl\/","telephone":"+48713116378","sameAs":["https:\/\/facebook.com\/","https:\/\/x.com\/","https:\/\/instagram.com\/","https:\/\/pinterest.com\/","https:\/\/youtube.com\/","https:\/\/linkedin.com\/in\/"]},{"@type":"Person","@id":"https:\/\/www.spkatarzyna.pl\/index.php\/author\/agatasafianspkatarzyna-pl\/#author","url":"https:\/\/www.spkatarzyna.pl\/index.php\/author\/agatasafianspkatarzyna-pl\/","name":"Redakcja","image":{"@type":"ImageObject","@id":"https:\/\/www.spkatarzyna.pl\/index.php\/2026\/06\/01\/pokaz-talentow-w-kl-1a\/#authorImage","url":"https:\/\/secure.gravatar.com\/avatar\/765290513df94d442152250e92b42327?s=96&d=mm&r=g","width":96,"height":96,"caption":"Redakcja"}},{"@type":"WebPage","@id":"https:\/\/www.spkatarzyna.pl\/index.php\/2026\/06\/01\/pokaz-talentow-w-kl-1a\/#webpage","url":"https:\/\/www.spkatarzyna.pl\/index.php\/2026\/06\/01\/pokaz-talentow-w-kl-1a\/","name":"Pokaz talent\u00f3w w kl. 1a - SP Katarzyna","description":"W Dzie\u0144 Dziecka, w klasie 1a odby\u0142 si\u0119 pokaz talent\u00f3w. Uczniowie zaprezentowali swoje talenty. By\u0142 czerwony dywan, weso\u0142a muzyka i migaj\u0105ce \u015bwiat\u0142a. Talent\u00f3w mamy w klasie mn\u00f3stwo:) Od pi\u0142karzy, koszykarzy, treser\u00f3w ps\u00f3w po tancerki, piosenkarki i artystyczne talenty. By\u0142o wspaniale:) Iwona Wierzbicka","inLanguage":"pl-PL","isPartOf":{"@id":"https:\/\/www.spkatarzyna.pl\/#website"},"breadcrumb":{"@id":"https:\/\/www.spkatarzyna.pl\/index.php\/2026\/06\/01\/pokaz-talentow-w-kl-1a\/#breadcrumblist"},"author":{"@id":"https:\/\/www.spkatarzyna.pl\/index.php\/author\/agatasafianspkatarzyna-pl\/#author"},"creator":{"@id":"https:\/\/www.spkatarzyna.pl\/index.php\/author\/agatasafianspkatarzyna-pl\/#author"},"image":{"@type":"ImageObject","url":"https:\/\/www.spkatarzyna.pl\/wp-content\/uploads\/2026\/06\/Zrzut-ekranu-2026-06-1-o-15.03.2.png","@id":"https:\/\/www.spkatarzyna.pl\/index.php\/2026\/06\/01\/pokaz-talentow-w-kl-1a\/#mainImage","width":360,"height":202},"primaryImageOfPage":{"@id":"https:\/\/www.spkatarzyna.pl\/index.php\/2026\/06\/01\/pokaz-talentow-w-kl-1a\/#mainImage"},"datePublished":"2026-06-01T15:04:59+02:00","dateModified":"2026-06-01T15:06:27+02:00"},{"@type":"WebSite","@id":"https:\/\/www.spkatarzyna.pl\/#website","url":"https:\/\/www.spkatarzyna.pl\/","name":"SP Katarzyna","description":"Publiczna Szko\u0142a Podstawowa w \u015awi\u0119tej Katarzynie","inLanguage":"pl-PL","publisher":{"@id":"https:\/\/www.spkatarzyna.pl\/#organization"}}]},"og:locale":"pl_PL","og:site_name":"SP Katarzyna - Publiczna Szko\u0142a Podstawowa w \u015awi\u0119tej Katarzynie","og:type":"article","og:title":"Pokaz talent\u00f3w w kl. 1a - SP Katarzyna","og:description":"W Dzie\u0144 Dziecka, w klasie 1a odby\u0142 si\u0119 pokaz talent\u00f3w. Uczniowie zaprezentowali swoje talenty. By\u0142 czerwony dywan, weso\u0142a muzyka i migaj\u0105ce \u015bwiat\u0142a. Talent\u00f3w mamy w klasie mn\u00f3stwo:) Od pi\u0142karzy, koszykarzy, treser\u00f3w ps\u00f3w po tancerki, piosenkarki i artystyczne talenty. By\u0142o wspaniale:) Iwona Wierzbicka","og:url":"https:\/\/www.spkatarzyna.pl\/index.php\/2026\/06\/01\/pokaz-talentow-w-kl-1a\/","article:published_time":"2026-06-01T13:04:59+00:00","article:modified_time":"2026-06-01T13:06:27+00:00","twitter:card":"summary_large_image","twitter:title":"Pokaz talent\u00f3w w kl. 1a - SP Katarzyna","twitter:description":"W Dzie\u0144 Dziecka, w klasie 1a odby\u0142 si\u0119 pokaz talent\u00f3w. Uczniowie zaprezentowali swoje talenty. By\u0142 czerwony dywan, weso\u0142a muzyka i migaj\u0105ce \u015bwiat\u0142a. Talent\u00f3w mamy w klasie mn\u00f3stwo:) Od pi\u0142karzy, koszykarzy, treser\u00f3w ps\u00f3w po tancerki, piosenkarki i artystyczne talenty. By\u0142o wspaniale:) Iwona Wierzbicka"},"aioseo_meta_data":{"post_id":"20119","title":null,"description":null,"keywords":null,"keyphrases":{"focus":{"keyphrase":"","score":0,"analysis":{"keyphraseInTitle":{"score":0,"maxScore":9,"error":1}}},"additional":[]},"primary_term":null,"canonical_url":null,"og_title":null,"og_description":null,"og_object_type":"default","og_image_type":"default","og_image_url":null,"og_image_width":null,"og_image_height":null,"og_image_custom_url":null,"og_image_custom_fields":null,"og_video":"","og_custom_url":null,"og_article_section":null,"og_article_tags":null,"twitter_use_og":false,"twitter_card":"default","twitter_image_type":"default","twitter_image_url":null,"twitter_image_custom_url":null,"twitter_image_custom_fields":null,"twitter_title":null,"twitter_description":null,"schema":{"blockGraphs":[],"customGraphs":[],"default":{"data":{"Article":[],"Course":[],"Dataset":[],"FAQPage":[],"Movie":[],"Person":[],"Product":[],"ProductReview":[],"Car":[],"Recipe":[],"Service":[],"SoftwareApplication":[],"WebPage":[]},"graphName":"BlogPosting","isEnabled":true},"graphs":[]},"schema_type":"default","schema_type_options":null,"pillar_content":false,"robots_default":true,"robots_noindex":false,"robots_noarchive":false,"robots_nosnippet":false,"robots_nofollow":false,"robots_noimageindex":false,"robots_noodp":false,"robots_notranslate":false,"robots_max_snippet":"-1","robots_max_videopreview":"-1","robots_max_imagepreview":"large","priority":null,"frequency":"default","local_seo":null,"limit_modified_date":false,"created":"2026-06-01 13:04:59","updated":"2026-09-03 18:15:06","focus_keyword":null,"additional_keywords":null,"truseo_locale":null,"ai":null,"breadcrumb_settings":null,"seo_analyzer_scan_date":null},"aioseo_breadcrumb":"<div class=\"aioseo-breadcrumbs\"><span class=\"aioseo-breadcrumb\">\n\t\t\t<a href=\"https:\/\/www.spkatarzyna.pl\" title=\"Dom\">Dom<\/a>\n\t\t<\/span><span class=\"aioseo-breadcrumb-separator\">&raquo;<\/span><span class=\"aioseo-breadcrumb\">\n\t\t\t<a href=\"https:\/\/www.spkatarzyna.pl\/index.php\/category\/uncategorized\/\" title=\"Uncategorized\">Uncategorized<\/a>\n\t\t<\/span><span class=\"aioseo-breadcrumb-separator\">&raquo;<\/span><span class=\"aioseo-breadcrumb\">\n\t\t\tPokaz talent\u00f3w w kl. 1a\n\t\t<\/span><\/div>","aioseo_breadcrumb_json":[{"label":"Dom","link":"https:\/\/www.spkatarzyna.pl"},{"label":"Uncategorized","link":"https:\/\/www.spkatarzyna.pl\/index.php\/category\/uncategorized\/"},{"label":"Pokaz talent\u00f3w w kl. 1a","link":"https:\/\/www.spkatarzyna.pl\/index.php\/2026\/06\/01\/pokaz-talentow-w-kl-1a\/"}],"_links":{"self":[{"href":"https:\/\/www.spkatarzyna.pl\/index.php\/wp-json\/wp\/v2\/posts\/20119","targetHints":{"allow":["GET"]}}],"collection":[{"href":"https:\/\/www.spkatarzyna.pl\/index.php\/wp-json\/wp\/v2\/posts"}],"about":[{"href":"https:\/\/www.spkatarzyna.pl\/index.php\/wp-json\/wp\/v2\/types\/post"}],"author":[{"embeddable":true,"href":"https:\/\/www.spkatarzyna.pl\/index.php\/wp-json\/wp\/v2\/users\/6"}],"replies":[{"embeddable":true,"href":"https:\/\/www.spkatarzyna.pl\/index.php\/wp-json\/wp\/v2\/comments?post=20119"}],"version-history":[{"count":4,"href":"https:\/\/www.spkatarzyna.pl\/index.php\/wp-json\/wp\/v2\/posts\/20119\/revisions"}],"predecessor-version":[{"id":20126,"href":"https:\/\/www.spkatarzyna.pl\/index.php\/wp-json\/wp\/v2\/posts\/20119\/revisions\/20126"}],"wp:featuredmedia":[{"embeddable":true,"href":"https:\/\/www.spkatarzyna.pl\/index.php\/wp-json\/wp\/v2\/media\/20120"}],"wp:attachment":[{"href":"https:\/\/www.spkatarzyna.pl\/index.php\/wp-json\/wp\/v2\/media?parent=20119"}],"wp:term":[{"taxonomy":"category","embeddable":true,"href":"https:\/\/www.spkatarzyna.pl\/index.php\/wp-json\/wp\/v2\/categories?post=20119"},{"taxonomy":"post_tag","embeddable":true,"href":"https:\/\/www.spkatarzyna.pl\/index.php\/wp-json\/wp\/v2\/tags?post=20119"}],"curies":[{"name":"wp","href":"https:\/\/api.w.org\/{rel}","templated":true}]}}