{"id":20127,"date":"2026-06-02T21:30:22","date_gmt":"2026-06-02T19:30:22","guid":{"rendered":"https:\/\/www.spkatarzyna.pl\/?p=20127"},"modified":"2026-06-02T21:34:58","modified_gmt":"2026-06-02T19:34:58","slug":"klasy-7-na-targach-szkol-srednich","status":"publish","type":"post","link":"https:\/\/www.spkatarzyna.pl\/index.php\/2026\/06\/02\/klasy-7-na-targach-szkol-srednich\/","title":{"rendered":"Klasy 7 na Targach Szk\u00f3\u0142 \u015arednich"},"content":{"rendered":"\t\t<div data-elementor-type=\"wp-post\" data-elementor-id=\"20127\" class=\"elementor elementor-20127\">\n\t\t\t\t<div class=\"elementor-element elementor-element-237c6f09 e-flex e-con-boxed e-con e-parent\" data-id=\"237c6f09\" data-element_type=\"container\">\n\t\t\t\t\t<div class=\"e-con-inner\">\n\t\t\t\t<div class=\"elementor-element elementor-element-37412ca2 elementor-widget elementor-widget-text-editor\" data-id=\"37412ca2\" data-element_type=\"widget\" data-widget_type=\"text-editor.default\">\n\t\t\t\t\t\t\t\t\t<p style=\"text-align: justify;\"><span style=\"font-size: 14pt; color: #000000;\"><span style=\"font-weight: 400;\">W dniu 28.05.2026r.&nbsp;uczniowie klas si\u00f3dmych uczestniczyli w Targach Wroc\u0142awskich Szk\u00f3\u0142 \u015arednich. Celem wyjazdu by\u0142o zapoznanie m\u0142odzie\u017cy z ofert\u0105 edukacyjn\u0105 szk\u00f3\u0142 ponadpodstawowych oraz wsparcie uczni\u00f3w w planowaniu dalszej \u015bcie\u017cki kszta\u0142cenia.&nbsp; <\/span><span style=\"font-weight: 400;\">Wydarzenie zosta\u0142o obj\u0119te Patronatami Honorowymi:&nbsp;<\/span><span style=\"font-weight: 400;\">Ministra Edukacji,&nbsp;<\/span><span style=\"font-weight: 400;\">Wojewody Dolno\u015bl\u0105skiego,&nbsp;<\/span><span style=\"font-weight: 400;\">Dolno\u015bl\u0105skiego Kuratora O\u015bwiaty,&nbsp;<\/span><span style=\"font-weight: 400;\">Prezydenta Wroc\u0142awia.<\/span><span style=\"font-weight: 400;\">Podczas targ\u00f3w uczniowie mieli mo\u017cliwo\u015b\u0107 odwiedzenia stoisk 26 szk\u00f3\u0142:&nbsp; lice\u00f3w og\u00f3lnokszta\u0142c\u0105cych, technik\u00f3w i szk\u00f3\u0142 bran\u017cowych. Przedstawiciele szk\u00f3\u0142 prezentowali profile klas, kierunki kszta\u0142cenia, ofert\u0119 zaj\u0119\u0107 dodatkowych oraz osi\u0105gni\u0119cia swoich plac\u00f3wek. Uczniowie mogli zadawa\u0107 pytania dotycz\u0105ce rekrutacji, wymaga\u0144 edukacyjnych oraz warunk\u00f3w nauki.<\/span><\/span><br style=\"font-weight: 400;\"><br style=\"font-weight: 400;\"><span style=\"font-weight: 400; font-size: 14pt; color: #000000;\">Udzia\u0142 w wydarzeniu pozwoli\u0142 uczniom poszerzy\u0107 wiedz\u0119 na temat dost\u0119pnych mo\u017cliwo\u015bci edukacyjnych, lepiej pozna\u0107 specyfik\u0119 poszczeg\u00f3lnych szk\u00f3\u0142 oraz \u015bwiadomie planowa\u0107 wyb\u00f3r szko\u0142y ponadpodstawowej.&nbsp;<\/span><\/p>\r\n<p style=\"text-align: right;\"><span style=\"font-size: 14pt;\">Anna Chmura<\/span><\/p>\t\t\t\t\t\t\t\t<\/div>\n\t\t\t\t<div class=\"elementor-element elementor-element-e730d0c elementor-widget elementor-widget-image-gallery\" data-id=\"e730d0c\" data-element_type=\"widget\" data-widget_type=\"image-gallery.default\">\n\t\t\t\t\t\t\t<div class=\"elementor-image-gallery\">\n\t\t\t\n\t\t<div id='gallery-1' class='gallery galleryid-20127 gallery-columns-5 gallery-size-thumbnail gallery1'><script type=\"text\/javascript\">\n\/\/ <![CDATA[\n\tjQuery(document).ready(function () {\n\t\tjQuery(\".gallery1 a\").attr(\"rel\",\"gallery1\");\t\n\t\tjQuery('a[rel=\"gallery1\"]').colorbox({title: function(){ return jQuery(this).children().attr(\"alt\"); }});\n\t});\n\/\/ ]]>\n<\/script>\n<dl class=\"gallery-item\">\n<dt class=\"gallery-icon\">\n<a href=\"https:\/\/www.spkatarzyna.pl\/wp-content\/uploads\/2026\/06\/1000045565-300x134.jpg\" title=\"\" rel=\"gallery1\" rel=\"lightbox[20127]\"><img decoding=\"async\" src=\"https:\/\/www.spkatarzyna.pl\/wp-content\/uploads\/2026\/06\/1000045565-150x150.jpg\" width=\"150\" height=\"150\" alt=\"\" \/><\/a>\n<\/dt><\/dl><dl class=\"gallery-item\">\n<dt class=\"gallery-icon\">\n<a href=\"https:\/\/www.spkatarzyna.pl\/wp-content\/uploads\/2026\/06\/1000045566-300x134.jpg\" title=\"\" rel=\"gallery1\" rel=\"lightbox[20127]\"><img decoding=\"async\" src=\"https:\/\/www.spkatarzyna.pl\/wp-content\/uploads\/2026\/06\/1000045566-150x150.jpg\" width=\"150\" height=\"150\" alt=\"\" \/><\/a>\n<\/dt><\/dl><dl class=\"gallery-item\">\n<dt class=\"gallery-icon\">\n<a href=\"https:\/\/www.spkatarzyna.pl\/wp-content\/uploads\/2026\/06\/1000045567-300x134.jpg\" title=\"\" rel=\"gallery1\" rel=\"lightbox[20127]\"><img decoding=\"async\" src=\"https:\/\/www.spkatarzyna.pl\/wp-content\/uploads\/2026\/06\/1000045567-150x150.jpg\" width=\"150\" height=\"150\" alt=\"\" \/><\/a>\n<\/dt><\/dl><dl class=\"gallery-item\">\n<dt class=\"gallery-icon\">\n<a href=\"https:\/\/www.spkatarzyna.pl\/wp-content\/uploads\/2026\/06\/1000045568-300x134.jpg\" title=\"\" rel=\"gallery1\" rel=\"lightbox[20127]\"><img loading=\"lazy\" decoding=\"async\" src=\"https:\/\/www.spkatarzyna.pl\/wp-content\/uploads\/2026\/06\/1000045568-150x150.jpg\" width=\"150\" height=\"150\" alt=\"\" \/><\/a>\n<\/dt><\/dl><dl class=\"gallery-item\">\n<dt class=\"gallery-icon\">\n<a href=\"https:\/\/www.spkatarzyna.pl\/wp-content\/uploads\/2026\/06\/1000045571-300x134.jpg\" title=\"\" rel=\"gallery1\" rel=\"lightbox[20127]\"><img loading=\"lazy\" decoding=\"async\" src=\"https:\/\/www.spkatarzyna.pl\/wp-content\/uploads\/2026\/06\/1000045571-150x150.jpg\" width=\"150\" height=\"150\" alt=\"\" \/><\/a>\n<\/dt><\/dl><br style=\"clear: both\" \/><br style=\"clear: both\" \/><\/div>\t\t<\/div>\n\t\t\t\t\t\t<\/div>\n\t\t\t\t\t<\/div>\n\t\t\t\t<\/div>\n\t\t\t\t<\/div>\n\t\t","protected":false},"excerpt":{"rendered":"<p>W dniu 28.05.2026r.&nbsp;uczniowie klas si\u00f3dmych uczestniczyli w Targach Wroc\u0142awskich Szk\u00f3\u0142 \u015arednich. Celem wyjazdu by\u0142o zapoznanie m\u0142odzie\u017cy z ofert\u0105 edukacyjn\u0105 szk\u00f3\u0142 ponadpodstawowych oraz wsparcie uczni\u00f3w w planowaniu dalszej \u015bcie\u017cki kszta\u0142cenia.&nbsp; Wydarzenie zosta\u0142o obj\u0119te Patronatami Honorowymi:&nbsp;Ministra Edukacji,&nbsp;Wojewody Dolno\u015bl\u0105skiego,&nbsp;Dolno\u015bl\u0105skiego Kuratora O\u015bwiaty,&nbsp;Prezydenta Wroc\u0142awia.Podczas targ\u00f3w uczniowie mieli mo\u017cliwo\u015b\u0107 odwiedzenia stoisk 26 szk\u00f3\u0142:&nbsp; lice\u00f3w og\u00f3lnokszta\u0142c\u0105cych, technik\u00f3w [&hellip;]<\/p>\n","protected":false},"author":6,"featured_media":20128,"comment_status":"open","ping_status":"open","sticky":false,"template":"","format":"standard","meta":{"om_disable_all_campaigns":false,"_monsterinsights_skip_tracking":false,"ngg_post_thumbnail":0,"footnotes":""},"categories":[1],"tags":[],"class_list":["post-20127","post","type-post","status-publish","format-standard","has-post-thumbnail","hentry","category-uncategorized"],"aioseo_notices":[],"aioseo_head":"\n\t\t<!-- All in One SEO 5.0.1.1 - aioseo.com -->\n\t<meta name=\"description\" content=\"W dniu 28.05.2026r. uczniowie klas si\u00f3dmych uczestniczyli w Targach Wroc\u0142awskich Szk\u00f3\u0142 \u015arednich. Celem wyjazdu by\u0142o zapoznanie m\u0142odzie\u017cy z ofert\u0105 edukacyjn\u0105 szk\u00f3\u0142 ponadpodstawowych oraz wsparcie uczni\u00f3w w planowaniu dalszej \u015bcie\u017cki kszta\u0142cenia. Wydarzenie zosta\u0142o obj\u0119te Patronatami Honorowymi: Ministra Edukacji, Wojewody Dolno\u015bl\u0105skiego, Dolno\u015bl\u0105skiego Kuratora O\u015bwiaty, Prezydenta Wroc\u0142awia.Podczas targ\u00f3w uczniowie mieli mo\u017cliwo\u015b\u0107 odwiedzenia stoisk 26 szk\u00f3\u0142: lice\u00f3w og\u00f3lnokszta\u0142c\u0105cych, technik\u00f3w i szk\u00f3\u0142 bran\u017cowych. Przedstawiciele szk\u00f3\u0142\" \/>\n\t<meta name=\"robots\" content=\"max-image-preview:large\" \/>\n\t<meta name=\"author\" content=\"Redakcja\"\/>\n\t<link rel=\"canonical\" href=\"https:\/\/www.spkatarzyna.pl\/index.php\/2026\/06\/02\/klasy-7-na-targach-szkol-srednich\/\" \/>\n\t<meta name=\"generator\" content=\"All in One SEO (AIOSEO) 5.0.1.1\" \/>\n\t\t<meta property=\"og:locale\" content=\"pl_PL\" \/>\n\t\t<meta property=\"og:site_name\" content=\"SP Katarzyna - Publiczna Szko\u0142a Podstawowa w \u015awi\u0119tej Katarzynie\" \/>\n\t\t<meta property=\"og:type\" content=\"article\" \/>\n\t\t<meta property=\"og:title\" content=\"Klasy 7 na Targach Szk\u00f3\u0142 \u015arednich - SP Katarzyna\" \/>\n\t\t<meta property=\"og:description\" content=\"W dniu 28.05.2026r. uczniowie klas si\u00f3dmych uczestniczyli w Targach Wroc\u0142awskich Szk\u00f3\u0142 \u015arednich. Celem wyjazdu by\u0142o zapoznanie m\u0142odzie\u017cy z ofert\u0105 edukacyjn\u0105 szk\u00f3\u0142 ponadpodstawowych oraz wsparcie uczni\u00f3w w planowaniu dalszej \u015bcie\u017cki kszta\u0142cenia. Wydarzenie zosta\u0142o obj\u0119te Patronatami Honorowymi: Ministra Edukacji, Wojewody Dolno\u015bl\u0105skiego, Dolno\u015bl\u0105skiego Kuratora O\u015bwiaty, Prezydenta Wroc\u0142awia.Podczas targ\u00f3w uczniowie mieli mo\u017cliwo\u015b\u0107 odwiedzenia stoisk 26 szk\u00f3\u0142: lice\u00f3w og\u00f3lnokszta\u0142c\u0105cych, technik\u00f3w i szk\u00f3\u0142 bran\u017cowych. Przedstawiciele szk\u00f3\u0142\" \/>\n\t\t<meta property=\"og:url\" content=\"https:\/\/www.spkatarzyna.pl\/index.php\/2026\/06\/02\/klasy-7-na-targach-szkol-srednich\/\" \/>\n\t\t<meta property=\"article:published_time\" content=\"2026-06-02T19:30:22+00:00\" \/>\n\t\t<meta property=\"article:modified_time\" content=\"2026-06-02T19:34:58+00:00\" \/>\n\t\t<meta name=\"twitter:card\" content=\"summary_large_image\" \/>\n\t\t<meta name=\"twitter:title\" content=\"Klasy 7 na Targach Szk\u00f3\u0142 \u015arednich - SP Katarzyna\" \/>\n\t\t<meta name=\"twitter:description\" content=\"W dniu 28.05.2026r. uczniowie klas si\u00f3dmych uczestniczyli w Targach Wroc\u0142awskich Szk\u00f3\u0142 \u015arednich. Celem wyjazdu by\u0142o zapoznanie m\u0142odzie\u017cy z ofert\u0105 edukacyjn\u0105 szk\u00f3\u0142 ponadpodstawowych oraz wsparcie uczni\u00f3w w planowaniu dalszej \u015bcie\u017cki kszta\u0142cenia. Wydarzenie zosta\u0142o obj\u0119te Patronatami Honorowymi: Ministra Edukacji, Wojewody Dolno\u015bl\u0105skiego, Dolno\u015bl\u0105skiego Kuratora O\u015bwiaty, Prezydenta Wroc\u0142awia.Podczas targ\u00f3w uczniowie mieli mo\u017cliwo\u015b\u0107 odwiedzenia stoisk 26 szk\u00f3\u0142: lice\u00f3w og\u00f3lnokszta\u0142c\u0105cych, technik\u00f3w i szk\u00f3\u0142 bran\u017cowych. Przedstawiciele szk\u00f3\u0142\" \/>\n\t\t<script type=\"application\/ld+json\" class=\"aioseo-schema\">\n\t\t\t{\"@context\":\"https:\\\/\\\/schema.org\",\"@graph\":[{\"@type\":\"BlogPosting\",\"@id\":\"https:\\\/\\\/www.spkatarzyna.pl\\\/index.php\\\/2026\\\/06\\\/02\\\/klasy-7-na-targach-szkol-srednich\\\/#blogposting\",\"name\":\"Klasy 7 na Targach Szk\\u00f3\\u0142 \\u015arednich - SP Katarzyna\",\"headline\":\"Klasy 7 na Targach Szk\\u00f3\\u0142 \\u015arednich\",\"author\":{\"@id\":\"https:\\\/\\\/www.spkatarzyna.pl\\\/index.php\\\/author\\\/agatasafianspkatarzyna-pl\\\/#author\"},\"publisher\":{\"@id\":\"https:\\\/\\\/www.spkatarzyna.pl\\\/#organization\"},\"image\":{\"@type\":\"ImageObject\",\"url\":\"https:\\\/\\\/www.spkatarzyna.pl\\\/wp-content\\\/uploads\\\/2026\\\/06\\\/1000045566-2.jpg\",\"width\":360,\"height\":202},\"datePublished\":\"2026-06-02T21:30:22+02:00\",\"dateModified\":\"2026-06-02T21:34:58+02:00\",\"inLanguage\":\"pl-PL\",\"mainEntityOfPage\":{\"@id\":\"https:\\\/\\\/www.spkatarzyna.pl\\\/index.php\\\/2026\\\/06\\\/02\\\/klasy-7-na-targach-szkol-srednich\\\/#webpage\"},\"isPartOf\":{\"@id\":\"https:\\\/\\\/www.spkatarzyna.pl\\\/index.php\\\/2026\\\/06\\\/02\\\/klasy-7-na-targach-szkol-srednich\\\/#webpage\"},\"articleSection\":\"Uncategorized\"},{\"@type\":\"BreadcrumbList\",\"@id\":\"https:\\\/\\\/www.spkatarzyna.pl\\\/index.php\\\/2026\\\/06\\\/02\\\/klasy-7-na-targach-szkol-srednich\\\/#breadcrumblist\",\"itemListElement\":[{\"@type\":\"ListItem\",\"@id\":\"https:\\\/\\\/www.spkatarzyna.pl#listItem\",\"position\":1,\"name\":\"Dom\",\"item\":\"https:\\\/\\\/www.spkatarzyna.pl\",\"nextItem\":{\"@type\":\"ListItem\",\"@id\":\"https:\\\/\\\/www.spkatarzyna.pl\\\/index.php\\\/category\\\/uncategorized\\\/#listItem\",\"name\":\"Uncategorized\"}},{\"@type\":\"ListItem\",\"@id\":\"https:\\\/\\\/www.spkatarzyna.pl\\\/index.php\\\/category\\\/uncategorized\\\/#listItem\",\"position\":2,\"name\":\"Uncategorized\",\"item\":\"https:\\\/\\\/www.spkatarzyna.pl\\\/index.php\\\/category\\\/uncategorized\\\/\",\"nextItem\":{\"@type\":\"ListItem\",\"@id\":\"https:\\\/\\\/www.spkatarzyna.pl\\\/index.php\\\/2026\\\/06\\\/02\\\/klasy-7-na-targach-szkol-srednich\\\/#listItem\",\"name\":\"Klasy 7 na Targach Szk\\u00f3\\u0142 \\u015arednich\"},\"previousItem\":{\"@type\":\"ListItem\",\"@id\":\"https:\\\/\\\/www.spkatarzyna.pl#listItem\",\"name\":\"Dom\"}},{\"@type\":\"ListItem\",\"@id\":\"https:\\\/\\\/www.spkatarzyna.pl\\\/index.php\\\/2026\\\/06\\\/02\\\/klasy-7-na-targach-szkol-srednich\\\/#listItem\",\"position\":3,\"name\":\"Klasy 7 na Targach Szk\\u00f3\\u0142 \\u015arednich\",\"previousItem\":{\"@type\":\"ListItem\",\"@id\":\"https:\\\/\\\/www.spkatarzyna.pl\\\/index.php\\\/category\\\/uncategorized\\\/#listItem\",\"name\":\"Uncategorized\"}}]},{\"@type\":\"Organization\",\"@id\":\"https:\\\/\\\/www.spkatarzyna.pl\\\/#organization\",\"name\":\"SP Katarzyna\",\"description\":\"Publiczna Szko\\u0142a Podstawowa w \\u015awi\\u0119tej Katarzynie\",\"url\":\"https:\\\/\\\/www.spkatarzyna.pl\\\/\",\"telephone\":\"+48713116378\",\"sameAs\":[\"https:\\\/\\\/facebook.com\\\/\",\"https:\\\/\\\/x.com\\\/\",\"https:\\\/\\\/instagram.com\\\/\",\"https:\\\/\\\/pinterest.com\\\/\",\"https:\\\/\\\/youtube.com\\\/\",\"https:\\\/\\\/linkedin.com\\\/in\\\/\"]},{\"@type\":\"Person\",\"@id\":\"https:\\\/\\\/www.spkatarzyna.pl\\\/index.php\\\/author\\\/agatasafianspkatarzyna-pl\\\/#author\",\"url\":\"https:\\\/\\\/www.spkatarzyna.pl\\\/index.php\\\/author\\\/agatasafianspkatarzyna-pl\\\/\",\"name\":\"Redakcja\",\"image\":{\"@type\":\"ImageObject\",\"@id\":\"https:\\\/\\\/www.spkatarzyna.pl\\\/index.php\\\/2026\\\/06\\\/02\\\/klasy-7-na-targach-szkol-srednich\\\/#authorImage\",\"url\":\"https:\\\/\\\/secure.gravatar.com\\\/avatar\\\/765290513df94d442152250e92b42327?s=96&d=mm&r=g\",\"width\":96,\"height\":96,\"caption\":\"Redakcja\"}},{\"@type\":\"WebPage\",\"@id\":\"https:\\\/\\\/www.spkatarzyna.pl\\\/index.php\\\/2026\\\/06\\\/02\\\/klasy-7-na-targach-szkol-srednich\\\/#webpage\",\"url\":\"https:\\\/\\\/www.spkatarzyna.pl\\\/index.php\\\/2026\\\/06\\\/02\\\/klasy-7-na-targach-szkol-srednich\\\/\",\"name\":\"Klasy 7 na Targach Szk\\u00f3\\u0142 \\u015arednich - SP Katarzyna\",\"description\":\"W dniu 28.05.2026r. uczniowie klas si\\u00f3dmych uczestniczyli w Targach Wroc\\u0142awskich Szk\\u00f3\\u0142 \\u015arednich. Celem wyjazdu by\\u0142o zapoznanie m\\u0142odzie\\u017cy z ofert\\u0105 edukacyjn\\u0105 szk\\u00f3\\u0142 ponadpodstawowych oraz wsparcie uczni\\u00f3w w planowaniu dalszej \\u015bcie\\u017cki kszta\\u0142cenia. Wydarzenie zosta\\u0142o obj\\u0119te Patronatami Honorowymi: Ministra Edukacji, Wojewody Dolno\\u015bl\\u0105skiego, Dolno\\u015bl\\u0105skiego Kuratora O\\u015bwiaty, Prezydenta Wroc\\u0142awia.Podczas targ\\u00f3w uczniowie mieli mo\\u017cliwo\\u015b\\u0107 odwiedzenia stoisk 26 szk\\u00f3\\u0142: lice\\u00f3w og\\u00f3lnokszta\\u0142c\\u0105cych, technik\\u00f3w i szk\\u00f3\\u0142 bran\\u017cowych. Przedstawiciele szk\\u00f3\\u0142\",\"inLanguage\":\"pl-PL\",\"isPartOf\":{\"@id\":\"https:\\\/\\\/www.spkatarzyna.pl\\\/#website\"},\"breadcrumb\":{\"@id\":\"https:\\\/\\\/www.spkatarzyna.pl\\\/index.php\\\/2026\\\/06\\\/02\\\/klasy-7-na-targach-szkol-srednich\\\/#breadcrumblist\"},\"author\":{\"@id\":\"https:\\\/\\\/www.spkatarzyna.pl\\\/index.php\\\/author\\\/agatasafianspkatarzyna-pl\\\/#author\"},\"creator\":{\"@id\":\"https:\\\/\\\/www.spkatarzyna.pl\\\/index.php\\\/author\\\/agatasafianspkatarzyna-pl\\\/#author\"},\"image\":{\"@type\":\"ImageObject\",\"url\":\"https:\\\/\\\/www.spkatarzyna.pl\\\/wp-content\\\/uploads\\\/2026\\\/06\\\/1000045566-2.jpg\",\"@id\":\"https:\\\/\\\/www.spkatarzyna.pl\\\/index.php\\\/2026\\\/06\\\/02\\\/klasy-7-na-targach-szkol-srednich\\\/#mainImage\",\"width\":360,\"height\":202},\"primaryImageOfPage\":{\"@id\":\"https:\\\/\\\/www.spkatarzyna.pl\\\/index.php\\\/2026\\\/06\\\/02\\\/klasy-7-na-targach-szkol-srednich\\\/#mainImage\"},\"datePublished\":\"2026-06-02T21:30:22+02:00\",\"dateModified\":\"2026-06-02T21:34:58+02:00\"},{\"@type\":\"WebSite\",\"@id\":\"https:\\\/\\\/www.spkatarzyna.pl\\\/#website\",\"url\":\"https:\\\/\\\/www.spkatarzyna.pl\\\/\",\"name\":\"SP Katarzyna\",\"description\":\"Publiczna Szko\\u0142a Podstawowa w \\u015awi\\u0119tej Katarzynie\",\"inLanguage\":\"pl-PL\",\"publisher\":{\"@id\":\"https:\\\/\\\/www.spkatarzyna.pl\\\/#organization\"}}]}\n\t\t<\/script>\n\t\t<!-- All in One SEO -->\n\n","aioseo_head_json":{"title":"Klasy 7 na Targach Szk\u00f3\u0142 \u015arednich - SP Katarzyna","description":"W dniu 28.05.2026r. uczniowie klas si\u00f3dmych uczestniczyli w Targach Wroc\u0142awskich Szk\u00f3\u0142 \u015arednich. Celem wyjazdu by\u0142o zapoznanie m\u0142odzie\u017cy z ofert\u0105 edukacyjn\u0105 szk\u00f3\u0142 ponadpodstawowych oraz wsparcie uczni\u00f3w w planowaniu dalszej \u015bcie\u017cki kszta\u0142cenia. Wydarzenie zosta\u0142o obj\u0119te Patronatami Honorowymi: Ministra Edukacji, Wojewody Dolno\u015bl\u0105skiego, Dolno\u015bl\u0105skiego Kuratora O\u015bwiaty, Prezydenta Wroc\u0142awia.Podczas targ\u00f3w uczniowie mieli mo\u017cliwo\u015b\u0107 odwiedzenia stoisk 26 szk\u00f3\u0142: lice\u00f3w og\u00f3lnokszta\u0142c\u0105cych, technik\u00f3w i szk\u00f3\u0142 bran\u017cowych. Przedstawiciele szk\u00f3\u0142","canonical_url":"https:\/\/www.spkatarzyna.pl\/index.php\/2026\/06\/02\/klasy-7-na-targach-szkol-srednich\/","robots":"max-image-preview:large","keywords":"","webmasterTools":{"miscellaneous":""},"schema":{"@context":"https:\/\/schema.org","@graph":[{"@type":"BlogPosting","@id":"https:\/\/www.spkatarzyna.pl\/index.php\/2026\/06\/02\/klasy-7-na-targach-szkol-srednich\/#blogposting","name":"Klasy 7 na Targach Szk\u00f3\u0142 \u015arednich - SP Katarzyna","headline":"Klasy 7 na Targach Szk\u00f3\u0142 \u015arednich","author":{"@id":"https:\/\/www.spkatarzyna.pl\/index.php\/author\/agatasafianspkatarzyna-pl\/#author"},"publisher":{"@id":"https:\/\/www.spkatarzyna.pl\/#organization"},"image":{"@type":"ImageObject","url":"https:\/\/www.spkatarzyna.pl\/wp-content\/uploads\/2026\/06\/1000045566-2.jpg","width":360,"height":202},"datePublished":"2026-06-02T21:30:22+02:00","dateModified":"2026-06-02T21:34:58+02:00","inLanguage":"pl-PL","mainEntityOfPage":{"@id":"https:\/\/www.spkatarzyna.pl\/index.php\/2026\/06\/02\/klasy-7-na-targach-szkol-srednich\/#webpage"},"isPartOf":{"@id":"https:\/\/www.spkatarzyna.pl\/index.php\/2026\/06\/02\/klasy-7-na-targach-szkol-srednich\/#webpage"},"articleSection":"Uncategorized"},{"@type":"BreadcrumbList","@id":"https:\/\/www.spkatarzyna.pl\/index.php\/2026\/06\/02\/klasy-7-na-targach-szkol-srednich\/#breadcrumblist","itemListElement":[{"@type":"ListItem","@id":"https:\/\/www.spkatarzyna.pl#listItem","position":1,"name":"Dom","item":"https:\/\/www.spkatarzyna.pl","nextItem":{"@type":"ListItem","@id":"https:\/\/www.spkatarzyna.pl\/index.php\/category\/uncategorized\/#listItem","name":"Uncategorized"}},{"@type":"ListItem","@id":"https:\/\/www.spkatarzyna.pl\/index.php\/category\/uncategorized\/#listItem","position":2,"name":"Uncategorized","item":"https:\/\/www.spkatarzyna.pl\/index.php\/category\/uncategorized\/","nextItem":{"@type":"ListItem","@id":"https:\/\/www.spkatarzyna.pl\/index.php\/2026\/06\/02\/klasy-7-na-targach-szkol-srednich\/#listItem","name":"Klasy 7 na Targach Szk\u00f3\u0142 \u015arednich"},"previousItem":{"@type":"ListItem","@id":"https:\/\/www.spkatarzyna.pl#listItem","name":"Dom"}},{"@type":"ListItem","@id":"https:\/\/www.spkatarzyna.pl\/index.php\/2026\/06\/02\/klasy-7-na-targach-szkol-srednich\/#listItem","position":3,"name":"Klasy 7 na Targach Szk\u00f3\u0142 \u015arednich","previousItem":{"@type":"ListItem","@id":"https:\/\/www.spkatarzyna.pl\/index.php\/category\/uncategorized\/#listItem","name":"Uncategorized"}}]},{"@type":"Organization","@id":"https:\/\/www.spkatarzyna.pl\/#organization","name":"SP Katarzyna","description":"Publiczna Szko\u0142a Podstawowa w \u015awi\u0119tej Katarzynie","url":"https:\/\/www.spkatarzyna.pl\/","telephone":"+48713116378","sameAs":["https:\/\/facebook.com\/","https:\/\/x.com\/","https:\/\/instagram.com\/","https:\/\/pinterest.com\/","https:\/\/youtube.com\/","https:\/\/linkedin.com\/in\/"]},{"@type":"Person","@id":"https:\/\/www.spkatarzyna.pl\/index.php\/author\/agatasafianspkatarzyna-pl\/#author","url":"https:\/\/www.spkatarzyna.pl\/index.php\/author\/agatasafianspkatarzyna-pl\/","name":"Redakcja","image":{"@type":"ImageObject","@id":"https:\/\/www.spkatarzyna.pl\/index.php\/2026\/06\/02\/klasy-7-na-targach-szkol-srednich\/#authorImage","url":"https:\/\/secure.gravatar.com\/avatar\/765290513df94d442152250e92b42327?s=96&d=mm&r=g","width":96,"height":96,"caption":"Redakcja"}},{"@type":"WebPage","@id":"https:\/\/www.spkatarzyna.pl\/index.php\/2026\/06\/02\/klasy-7-na-targach-szkol-srednich\/#webpage","url":"https:\/\/www.spkatarzyna.pl\/index.php\/2026\/06\/02\/klasy-7-na-targach-szkol-srednich\/","name":"Klasy 7 na Targach Szk\u00f3\u0142 \u015arednich - SP Katarzyna","description":"W dniu 28.05.2026r. uczniowie klas si\u00f3dmych uczestniczyli w Targach Wroc\u0142awskich Szk\u00f3\u0142 \u015arednich. Celem wyjazdu by\u0142o zapoznanie m\u0142odzie\u017cy z ofert\u0105 edukacyjn\u0105 szk\u00f3\u0142 ponadpodstawowych oraz wsparcie uczni\u00f3w w planowaniu dalszej \u015bcie\u017cki kszta\u0142cenia. Wydarzenie zosta\u0142o obj\u0119te Patronatami Honorowymi: Ministra Edukacji, Wojewody Dolno\u015bl\u0105skiego, Dolno\u015bl\u0105skiego Kuratora O\u015bwiaty, Prezydenta Wroc\u0142awia.Podczas targ\u00f3w uczniowie mieli mo\u017cliwo\u015b\u0107 odwiedzenia stoisk 26 szk\u00f3\u0142: lice\u00f3w og\u00f3lnokszta\u0142c\u0105cych, technik\u00f3w i szk\u00f3\u0142 bran\u017cowych. Przedstawiciele szk\u00f3\u0142","inLanguage":"pl-PL","isPartOf":{"@id":"https:\/\/www.spkatarzyna.pl\/#website"},"breadcrumb":{"@id":"https:\/\/www.spkatarzyna.pl\/index.php\/2026\/06\/02\/klasy-7-na-targach-szkol-srednich\/#breadcrumblist"},"author":{"@id":"https:\/\/www.spkatarzyna.pl\/index.php\/author\/agatasafianspkatarzyna-pl\/#author"},"creator":{"@id":"https:\/\/www.spkatarzyna.pl\/index.php\/author\/agatasafianspkatarzyna-pl\/#author"},"image":{"@type":"ImageObject","url":"https:\/\/www.spkatarzyna.pl\/wp-content\/uploads\/2026\/06\/1000045566-2.jpg","@id":"https:\/\/www.spkatarzyna.pl\/index.php\/2026\/06\/02\/klasy-7-na-targach-szkol-srednich\/#mainImage","width":360,"height":202},"primaryImageOfPage":{"@id":"https:\/\/www.spkatarzyna.pl\/index.php\/2026\/06\/02\/klasy-7-na-targach-szkol-srednich\/#mainImage"},"datePublished":"2026-06-02T21:30:22+02:00","dateModified":"2026-06-02T21:34:58+02:00"},{"@type":"WebSite","@id":"https:\/\/www.spkatarzyna.pl\/#website","url":"https:\/\/www.spkatarzyna.pl\/","name":"SP Katarzyna","description":"Publiczna Szko\u0142a Podstawowa w \u015awi\u0119tej Katarzynie","inLanguage":"pl-PL","publisher":{"@id":"https:\/\/www.spkatarzyna.pl\/#organization"}}]},"og:locale":"pl_PL","og:site_name":"SP Katarzyna - Publiczna Szko\u0142a Podstawowa w \u015awi\u0119tej Katarzynie","og:type":"article","og:title":"Klasy 7 na Targach Szk\u00f3\u0142 \u015arednich - SP Katarzyna","og:description":"W dniu 28.05.2026r. uczniowie klas si\u00f3dmych uczestniczyli w Targach Wroc\u0142awskich Szk\u00f3\u0142 \u015arednich. Celem wyjazdu by\u0142o zapoznanie m\u0142odzie\u017cy z ofert\u0105 edukacyjn\u0105 szk\u00f3\u0142 ponadpodstawowych oraz wsparcie uczni\u00f3w w planowaniu dalszej \u015bcie\u017cki kszta\u0142cenia. Wydarzenie zosta\u0142o obj\u0119te Patronatami Honorowymi: Ministra Edukacji, Wojewody Dolno\u015bl\u0105skiego, Dolno\u015bl\u0105skiego Kuratora O\u015bwiaty, Prezydenta Wroc\u0142awia.Podczas targ\u00f3w uczniowie mieli mo\u017cliwo\u015b\u0107 odwiedzenia stoisk 26 szk\u00f3\u0142: lice\u00f3w og\u00f3lnokszta\u0142c\u0105cych, technik\u00f3w i szk\u00f3\u0142 bran\u017cowych. Przedstawiciele szk\u00f3\u0142","og:url":"https:\/\/www.spkatarzyna.pl\/index.php\/2026\/06\/02\/klasy-7-na-targach-szkol-srednich\/","article:published_time":"2026-06-02T19:30:22+00:00","article:modified_time":"2026-06-02T19:34:58+00:00","twitter:card":"summary_large_image","twitter:title":"Klasy 7 na Targach Szk\u00f3\u0142 \u015arednich - SP Katarzyna","twitter:description":"W dniu 28.05.2026r. uczniowie klas si\u00f3dmych uczestniczyli w Targach Wroc\u0142awskich Szk\u00f3\u0142 \u015arednich. Celem wyjazdu by\u0142o zapoznanie m\u0142odzie\u017cy z ofert\u0105 edukacyjn\u0105 szk\u00f3\u0142 ponadpodstawowych oraz wsparcie uczni\u00f3w w planowaniu dalszej \u015bcie\u017cki kszta\u0142cenia. Wydarzenie zosta\u0142o obj\u0119te Patronatami Honorowymi: Ministra Edukacji, Wojewody Dolno\u015bl\u0105skiego, Dolno\u015bl\u0105skiego Kuratora O\u015bwiaty, Prezydenta Wroc\u0142awia.Podczas targ\u00f3w uczniowie mieli mo\u017cliwo\u015b\u0107 odwiedzenia stoisk 26 szk\u00f3\u0142: lice\u00f3w og\u00f3lnokszta\u0142c\u0105cych, technik\u00f3w i szk\u00f3\u0142 bran\u017cowych. Przedstawiciele szk\u00f3\u0142"},"aioseo_meta_data":{"post_id":"20127","title":null,"description":null,"keywords":null,"keyphrases":{"focus":{"keyphrase":"","score":0,"analysis":{"keyphraseInTitle":{"score":0,"maxScore":9,"error":1}}},"additional":[]},"primary_term":null,"canonical_url":null,"og_title":null,"og_description":null,"og_object_type":"default","og_image_type":"default","og_image_url":null,"og_image_width":null,"og_image_height":null,"og_image_custom_url":null,"og_image_custom_fields":null,"og_video":"","og_custom_url":null,"og_article_section":null,"og_article_tags":null,"twitter_use_og":false,"twitter_card":"default","twitter_image_type":"default","twitter_image_url":null,"twitter_image_custom_url":null,"twitter_image_custom_fields":null,"twitter_title":null,"twitter_description":null,"schema":{"blockGraphs":[],"customGraphs":[],"default":{"data":{"Article":[],"Course":[],"Dataset":[],"FAQPage":[],"Movie":[],"Person":[],"Product":[],"ProductReview":[],"Car":[],"Recipe":[],"Service":[],"SoftwareApplication":[],"WebPage":[]},"graphName":"BlogPosting","isEnabled":true},"graphs":[]},"schema_type":"default","schema_type_options":null,"pillar_content":false,"robots_default":true,"robots_noindex":false,"robots_noarchive":false,"robots_nosnippet":false,"robots_nofollow":false,"robots_noimageindex":false,"robots_noodp":false,"robots_notranslate":false,"robots_max_snippet":"-1","robots_max_videopreview":"-1","robots_max_imagepreview":"large","priority":null,"frequency":"default","local_seo":null,"limit_modified_date":false,"created":"2026-06-02 19:30:23","updated":"2026-09-03 18:16:51","focus_keyword":null,"additional_keywords":null,"truseo_locale":null,"ai":null,"breadcrumb_settings":null,"seo_analyzer_scan_date":null},"aioseo_breadcrumb":"<div class=\"aioseo-breadcrumbs\"><span class=\"aioseo-breadcrumb\">\n\t\t\t<a href=\"https:\/\/www.spkatarzyna.pl\" title=\"Dom\">Dom<\/a>\n\t\t<\/span><span class=\"aioseo-breadcrumb-separator\">&raquo;<\/span><span class=\"aioseo-breadcrumb\">\n\t\t\t<a href=\"https:\/\/www.spkatarzyna.pl\/index.php\/category\/uncategorized\/\" title=\"Uncategorized\">Uncategorized<\/a>\n\t\t<\/span><span class=\"aioseo-breadcrumb-separator\">&raquo;<\/span><span class=\"aioseo-breadcrumb\">\n\t\t\tKlasy 7 na Targach Szk\u00f3\u0142 \u015arednich\n\t\t<\/span><\/div>","aioseo_breadcrumb_json":[{"label":"Dom","link":"https:\/\/www.spkatarzyna.pl"},{"label":"Uncategorized","link":"https:\/\/www.spkatarzyna.pl\/index.php\/category\/uncategorized\/"},{"label":"Klasy 7 na Targach Szk\u00f3\u0142 \u015arednich","link":"https:\/\/www.spkatarzyna.pl\/index.php\/2026\/06\/02\/klasy-7-na-targach-szkol-srednich\/"}],"_links":{"self":[{"href":"https:\/\/www.spkatarzyna.pl\/index.php\/wp-json\/wp\/v2\/posts\/20127","targetHints":{"allow":["GET"]}}],"collection":[{"href":"https:\/\/www.spkatarzyna.pl\/index.php\/wp-json\/wp\/v2\/posts"}],"about":[{"href":"https:\/\/www.spkatarzyna.pl\/index.php\/wp-json\/wp\/v2\/types\/post"}],"author":[{"embeddable":true,"href":"https:\/\/www.spkatarzyna.pl\/index.php\/wp-json\/wp\/v2\/users\/6"}],"replies":[{"embeddable":true,"href":"https:\/\/www.spkatarzyna.pl\/index.php\/wp-json\/wp\/v2\/comments?post=20127"}],"version-history":[{"count":4,"href":"https:\/\/www.spkatarzyna.pl\/index.php\/wp-json\/wp\/v2\/posts\/20127\/revisions"}],"predecessor-version":[{"id":20138,"href":"https:\/\/www.spkatarzyna.pl\/index.php\/wp-json\/wp\/v2\/posts\/20127\/revisions\/20138"}],"wp:featuredmedia":[{"embeddable":true,"href":"https:\/\/www.spkatarzyna.pl\/index.php\/wp-json\/wp\/v2\/media\/20128"}],"wp:attachment":[{"href":"https:\/\/www.spkatarzyna.pl\/index.php\/wp-json\/wp\/v2\/media?parent=20127"}],"wp:term":[{"taxonomy":"category","embeddable":true,"href":"https:\/\/www.spkatarzyna.pl\/index.php\/wp-json\/wp\/v2\/categories?post=20127"},{"taxonomy":"post_tag","embeddable":true,"href":"https:\/\/www.spkatarzyna.pl\/index.php\/wp-json\/wp\/v2\/tags?post=20127"}],"curies":[{"name":"wp","href":"https:\/\/api.w.org\/{rel}","templated":true}]}}