{"id":20139,"date":"2026-06-02T21:54:40","date_gmt":"2026-06-02T19:54:40","guid":{"rendered":"https:\/\/www.spkatarzyna.pl\/?p=20139"},"modified":"2026-06-02T21:59:43","modified_gmt":"2026-06-02T19:59:43","slug":"20139","status":"publish","type":"post","link":"https:\/\/www.spkatarzyna.pl\/index.php\/2026\/06\/02\/20139\/","title":{"rendered":"Klasa 1c i 2a w Kotlinie K\u0142odzkiej"},"content":{"rendered":"\t\t<div data-elementor-type=\"wp-post\" data-elementor-id=\"20139\" class=\"elementor elementor-20139\">\n\t\t\t\t<div class=\"elementor-element elementor-element-7ec54cf2 e-flex e-con-boxed e-con e-parent\" data-id=\"7ec54cf2\" data-element_type=\"container\">\n\t\t\t\t\t<div class=\"e-con-inner\">\n\t\t\t\t<div class=\"elementor-element elementor-element-40625fcc elementor-widget elementor-widget-text-editor\" data-id=\"40625fcc\" data-element_type=\"widget\" data-widget_type=\"text-editor.default\">\n\t\t\t\t\t\t\t\t\t<p style=\"text-align: justify;\"><span style=\"font-weight: 400; font-size: 14pt;\">Uczniowie klas 1c i 2a sp\u0119dzili dwa pe\u0142ne wra\u017ce\u0144 dni w Kotlinie K\u0142odzkiej. Podczas wycieczki odwiedzili Kopalni\u0119 Z\u0142ota w Z\u0142otym Stoku, gdzie poznali tajemnice dawnego g\u00f3rnictwa oraz sami poszukiwali drobinek z\u0142ota.<\/span><\/p>\r\n<p style=\"text-align: justify;\"><span style=\"font-weight: 400; font-size: 14pt;\">Niezapomnian\u0105 przygod\u0105 by\u0142a tak\u017ce w\u0119dr\u00f3wka labiryntem B\u0142\u0119dnych Ska\u0142, w kt\u00f3rym uczestnicy odkryli niezwyk\u0142y,&nbsp; bo \u015bwiec\u0105cy mech. Na Szlaku Gin\u0105cych Zawod\u00f3w uczniowie w\u0142asnor\u0119cznie ubijali mas\u0142o w tradycyjnej drewnianej maselnicy, poznaj\u0105c dawne rzemios\u0142a i zwyczaje.<\/span><\/p>\r\n<p style=\"text-align: justify;\"><span style=\"font-weight: 400; font-size: 14pt;\">Nie zabrak\u0142o r\u00f3wnie\u017c czasu na wsp\u00f3lne ognisko i samodzielne pieczenie kie\u0142basek. Wolne chwile wype\u0142nia\u0142y weso\u0142e zabawy z pi\u0142k\u0105, gra w chowanego oraz relaks przy&nbsp; ksi\u0105\u017cce.<\/span><\/p>\r\n<p style=\"text-align: justify;\"><span style=\"font-weight: 400; font-size: 14pt;\">Wycieczka dostarczy\u0142a wszystkim wielu niezapomnianych prze\u017cy\u0107, nowych do\u015bwiadcze\u0144 i okazji do wsp\u00f3lnej integracji.<\/span><\/p>\r\n<br style=\"font-weight: 400;\"><br style=\"font-weight: 400;\">\t\t\t\t\t\t\t\t<\/div>\n\t\t\t\t<div class=\"elementor-element elementor-element-534499d elementor-widget elementor-widget-image-gallery\" data-id=\"534499d\" data-element_type=\"widget\" data-widget_type=\"image-gallery.default\">\n\t\t\t\t\t\t\t<div class=\"elementor-image-gallery\">\n\t\t\t\n\t\t<div id='gallery-1' class='gallery galleryid-20139 gallery-columns-7 gallery-size-thumbnail gallery1'><script type=\"text\/javascript\">\n\/\/ <![CDATA[\n\tjQuery(document).ready(function () {\n\t\tjQuery(\".gallery1 a\").attr(\"rel\",\"gallery1\");\t\n\t\tjQuery('a[rel=\"gallery1\"]').colorbox({title: function(){ return jQuery(this).children().attr(\"alt\"); }});\n\t});\n\/\/ ]]>\n<\/script>\n<dl class=\"gallery-item\">\n<dt class=\"gallery-icon\">\n<a href=\"https:\/\/www.spkatarzyna.pl\/wp-content\/uploads\/2026\/06\/IMG_0849-300x225.jpeg\" title=\"\" rel=\"gallery1\" rel=\"lightbox[20139]\"><img decoding=\"async\" src=\"https:\/\/www.spkatarzyna.pl\/wp-content\/uploads\/2026\/06\/IMG_0849-150x150.jpeg\" width=\"150\" height=\"150\" alt=\"\" \/><\/a>\n<\/dt><\/dl><dl class=\"gallery-item\">\n<dt class=\"gallery-icon\">\n<a href=\"https:\/\/www.spkatarzyna.pl\/wp-content\/uploads\/2026\/06\/IMG_0854-225x300.jpeg\" title=\"\" rel=\"gallery1\" rel=\"lightbox[20139]\"><img decoding=\"async\" src=\"https:\/\/www.spkatarzyna.pl\/wp-content\/uploads\/2026\/06\/IMG_0854-150x150.jpeg\" width=\"150\" height=\"150\" alt=\"\" \/><\/a>\n<\/dt><\/dl><dl class=\"gallery-item\">\n<dt class=\"gallery-icon\">\n<a href=\"https:\/\/www.spkatarzyna.pl\/wp-content\/uploads\/2026\/06\/IMG_0865-225x300.jpeg\" title=\"\" rel=\"gallery1\" rel=\"lightbox[20139]\"><img decoding=\"async\" src=\"https:\/\/www.spkatarzyna.pl\/wp-content\/uploads\/2026\/06\/IMG_0865-150x150.jpeg\" width=\"150\" height=\"150\" alt=\"\" \/><\/a>\n<\/dt><\/dl><dl class=\"gallery-item\">\n<dt class=\"gallery-icon\">\n<a href=\"https:\/\/www.spkatarzyna.pl\/wp-content\/uploads\/2026\/06\/IMG_0867-225x300.jpeg\" title=\"\" rel=\"gallery1\" rel=\"lightbox[20139]\"><img loading=\"lazy\" decoding=\"async\" src=\"https:\/\/www.spkatarzyna.pl\/wp-content\/uploads\/2026\/06\/IMG_0867-150x150.jpeg\" width=\"150\" height=\"150\" alt=\"\" \/><\/a>\n<\/dt><\/dl><dl class=\"gallery-item\">\n<dt class=\"gallery-icon\">\n<a href=\"https:\/\/www.spkatarzyna.pl\/wp-content\/uploads\/2026\/06\/IMG_0871-225x300.jpeg\" title=\"\" rel=\"gallery1\" rel=\"lightbox[20139]\"><img loading=\"lazy\" decoding=\"async\" src=\"https:\/\/www.spkatarzyna.pl\/wp-content\/uploads\/2026\/06\/IMG_0871-150x150.jpeg\" width=\"150\" height=\"150\" alt=\"\" \/><\/a>\n<\/dt><\/dl><dl class=\"gallery-item\">\n<dt class=\"gallery-icon\">\n<a href=\"https:\/\/www.spkatarzyna.pl\/wp-content\/uploads\/2026\/06\/IMG_0883-300x225.jpeg\" title=\"\" rel=\"gallery1\" rel=\"lightbox[20139]\"><img loading=\"lazy\" decoding=\"async\" src=\"https:\/\/www.spkatarzyna.pl\/wp-content\/uploads\/2026\/06\/IMG_0883-150x150.jpeg\" width=\"150\" height=\"150\" alt=\"\" \/><\/a>\n<\/dt><\/dl><dl class=\"gallery-item\">\n<dt class=\"gallery-icon\">\n<a href=\"https:\/\/www.spkatarzyna.pl\/wp-content\/uploads\/2026\/06\/IMG_0903-300x225.jpeg\" title=\"\" rel=\"gallery1\" rel=\"lightbox[20139]\"><img loading=\"lazy\" decoding=\"async\" src=\"https:\/\/www.spkatarzyna.pl\/wp-content\/uploads\/2026\/06\/IMG_0903-150x150.jpeg\" width=\"150\" height=\"150\" alt=\"\" \/><\/a>\n<\/dt><\/dl><br style=\"clear: both\" \/><br style=\"clear: both\" \/><\/div>\t\t<\/div>\n\t\t\t\t\t\t<\/div>\n\t\t\t\t\t<\/div>\n\t\t\t\t<\/div>\n\t\t\t\t<\/div>\n\t\t","protected":false},"excerpt":{"rendered":"<p>Uczniowie klas 1c i 2a sp\u0119dzili dwa pe\u0142ne wra\u017ce\u0144 dni w Kotlinie K\u0142odzkiej. Podczas wycieczki odwiedzili Kopalni\u0119 Z\u0142ota w Z\u0142otym Stoku, gdzie poznali tajemnice dawnego g\u00f3rnictwa oraz sami poszukiwali drobinek z\u0142ota. Niezapomnian\u0105 przygod\u0105 by\u0142a tak\u017ce w\u0119dr\u00f3wka labiryntem B\u0142\u0119dnych Ska\u0142, w kt\u00f3rym uczestnicy odkryli niezwyk\u0142y,&nbsp; bo \u015bwiec\u0105cy mech. Na Szlaku Gin\u0105cych [&hellip;]<\/p>\n","protected":false},"author":6,"featured_media":20140,"comment_status":"open","ping_status":"open","sticky":false,"template":"","format":"standard","meta":{"om_disable_all_campaigns":false,"_monsterinsights_skip_tracking":false,"ngg_post_thumbnail":0,"footnotes":""},"categories":[1],"tags":[],"class_list":["post-20139","post","type-post","status-publish","format-standard","has-post-thumbnail","hentry","category-uncategorized"],"aioseo_notices":[],"aioseo_head":"\n\t\t<!-- All in One SEO 5.0.1.1 - aioseo.com -->\n\t<meta name=\"description\" content=\"Uczniowie klas 1c i 2a sp\u0119dzili dwa pe\u0142ne wra\u017ce\u0144 dni w Kotlinie K\u0142odzkiej. Podczas wycieczki odwiedzili Kopalni\u0119 Z\u0142ota w Z\u0142otym Stoku, gdzie poznali tajemnice dawnego g\u00f3rnictwa oraz sami poszukiwali drobinek z\u0142ota. Niezapomnian\u0105 przygod\u0105 by\u0142a tak\u017ce w\u0119dr\u00f3wka labiryntem B\u0142\u0119dnych Ska\u0142, w kt\u00f3rym uczestnicy odkryli niezwyk\u0142y, bo \u015bwiec\u0105cy mech. Na Szlaku Gin\u0105cych Zawod\u00f3w uczniowie w\u0142asnor\u0119cznie ubijali mas\u0142o\" \/>\n\t<meta name=\"robots\" content=\"max-image-preview:large\" \/>\n\t<meta name=\"author\" content=\"Redakcja\"\/>\n\t<link rel=\"canonical\" href=\"https:\/\/www.spkatarzyna.pl\/index.php\/2026\/06\/02\/20139\/\" \/>\n\t<meta name=\"generator\" content=\"All in One SEO (AIOSEO) 5.0.1.1\" \/>\n\t\t<meta property=\"og:locale\" content=\"pl_PL\" \/>\n\t\t<meta property=\"og:site_name\" content=\"SP Katarzyna - Publiczna Szko\u0142a Podstawowa w \u015awi\u0119tej Katarzynie\" \/>\n\t\t<meta property=\"og:type\" content=\"article\" \/>\n\t\t<meta property=\"og:title\" content=\"Klasa 1c i 2a w Kotlinie K\u0142odzkiej - SP Katarzyna\" \/>\n\t\t<meta property=\"og:description\" content=\"Uczniowie klas 1c i 2a sp\u0119dzili dwa pe\u0142ne wra\u017ce\u0144 dni w Kotlinie K\u0142odzkiej. Podczas wycieczki odwiedzili Kopalni\u0119 Z\u0142ota w Z\u0142otym Stoku, gdzie poznali tajemnice dawnego g\u00f3rnictwa oraz sami poszukiwali drobinek z\u0142ota. Niezapomnian\u0105 przygod\u0105 by\u0142a tak\u017ce w\u0119dr\u00f3wka labiryntem B\u0142\u0119dnych Ska\u0142, w kt\u00f3rym uczestnicy odkryli niezwyk\u0142y, bo \u015bwiec\u0105cy mech. Na Szlaku Gin\u0105cych Zawod\u00f3w uczniowie w\u0142asnor\u0119cznie ubijali mas\u0142o\" \/>\n\t\t<meta property=\"og:url\" content=\"https:\/\/www.spkatarzyna.pl\/index.php\/2026\/06\/02\/20139\/\" \/>\n\t\t<meta property=\"article:published_time\" content=\"2026-06-02T19:54:40+00:00\" \/>\n\t\t<meta property=\"article:modified_time\" content=\"2026-06-02T19:59:43+00:00\" \/>\n\t\t<meta name=\"twitter:card\" content=\"summary_large_image\" \/>\n\t\t<meta name=\"twitter:title\" content=\"Klasa 1c i 2a w Kotlinie K\u0142odzkiej - SP Katarzyna\" \/>\n\t\t<meta name=\"twitter:description\" content=\"Uczniowie klas 1c i 2a sp\u0119dzili dwa pe\u0142ne wra\u017ce\u0144 dni w Kotlinie K\u0142odzkiej. Podczas wycieczki odwiedzili Kopalni\u0119 Z\u0142ota w Z\u0142otym Stoku, gdzie poznali tajemnice dawnego g\u00f3rnictwa oraz sami poszukiwali drobinek z\u0142ota. Niezapomnian\u0105 przygod\u0105 by\u0142a tak\u017ce w\u0119dr\u00f3wka labiryntem B\u0142\u0119dnych Ska\u0142, w kt\u00f3rym uczestnicy odkryli niezwyk\u0142y, bo \u015bwiec\u0105cy mech. Na Szlaku Gin\u0105cych Zawod\u00f3w uczniowie w\u0142asnor\u0119cznie ubijali mas\u0142o\" \/>\n\t\t<script type=\"application\/ld+json\" class=\"aioseo-schema\">\n\t\t\t{\"@context\":\"https:\\\/\\\/schema.org\",\"@graph\":[{\"@type\":\"BlogPosting\",\"@id\":\"https:\\\/\\\/www.spkatarzyna.pl\\\/index.php\\\/2026\\\/06\\\/02\\\/20139\\\/#blogposting\",\"name\":\"Klasa 1c i 2a w Kotlinie K\\u0142odzkiej - SP Katarzyna\",\"headline\":\"Klasa 1c i 2a w Kotlinie K\\u0142odzkiej\",\"author\":{\"@id\":\"https:\\\/\\\/www.spkatarzyna.pl\\\/index.php\\\/author\\\/agatasafianspkatarzyna-pl\\\/#author\"},\"publisher\":{\"@id\":\"https:\\\/\\\/www.spkatarzyna.pl\\\/#organization\"},\"image\":{\"@type\":\"ImageObject\",\"url\":\"https:\\\/\\\/www.spkatarzyna.pl\\\/wp-content\\\/uploads\\\/2026\\\/06\\\/IMG_0849.jpg\",\"width\":360,\"height\":202},\"datePublished\":\"2026-06-02T21:54:40+02:00\",\"dateModified\":\"2026-06-02T21:59:43+02:00\",\"inLanguage\":\"pl-PL\",\"mainEntityOfPage\":{\"@id\":\"https:\\\/\\\/www.spkatarzyna.pl\\\/index.php\\\/2026\\\/06\\\/02\\\/20139\\\/#webpage\"},\"isPartOf\":{\"@id\":\"https:\\\/\\\/www.spkatarzyna.pl\\\/index.php\\\/2026\\\/06\\\/02\\\/20139\\\/#webpage\"},\"articleSection\":\"Uncategorized\"},{\"@type\":\"BreadcrumbList\",\"@id\":\"https:\\\/\\\/www.spkatarzyna.pl\\\/index.php\\\/2026\\\/06\\\/02\\\/20139\\\/#breadcrumblist\",\"itemListElement\":[{\"@type\":\"ListItem\",\"@id\":\"https:\\\/\\\/www.spkatarzyna.pl#listItem\",\"position\":1,\"name\":\"Dom\",\"item\":\"https:\\\/\\\/www.spkatarzyna.pl\",\"nextItem\":{\"@type\":\"ListItem\",\"@id\":\"https:\\\/\\\/www.spkatarzyna.pl\\\/index.php\\\/category\\\/uncategorized\\\/#listItem\",\"name\":\"Uncategorized\"}},{\"@type\":\"ListItem\",\"@id\":\"https:\\\/\\\/www.spkatarzyna.pl\\\/index.php\\\/category\\\/uncategorized\\\/#listItem\",\"position\":2,\"name\":\"Uncategorized\",\"item\":\"https:\\\/\\\/www.spkatarzyna.pl\\\/index.php\\\/category\\\/uncategorized\\\/\",\"nextItem\":{\"@type\":\"ListItem\",\"@id\":\"https:\\\/\\\/www.spkatarzyna.pl\\\/index.php\\\/2026\\\/06\\\/02\\\/20139\\\/#listItem\",\"name\":\"Klasa 1c i 2a w Kotlinie K\\u0142odzkiej\"},\"previousItem\":{\"@type\":\"ListItem\",\"@id\":\"https:\\\/\\\/www.spkatarzyna.pl#listItem\",\"name\":\"Dom\"}},{\"@type\":\"ListItem\",\"@id\":\"https:\\\/\\\/www.spkatarzyna.pl\\\/index.php\\\/2026\\\/06\\\/02\\\/20139\\\/#listItem\",\"position\":3,\"name\":\"Klasa 1c i 2a w Kotlinie K\\u0142odzkiej\",\"previousItem\":{\"@type\":\"ListItem\",\"@id\":\"https:\\\/\\\/www.spkatarzyna.pl\\\/index.php\\\/category\\\/uncategorized\\\/#listItem\",\"name\":\"Uncategorized\"}}]},{\"@type\":\"Organization\",\"@id\":\"https:\\\/\\\/www.spkatarzyna.pl\\\/#organization\",\"name\":\"SP Katarzyna\",\"description\":\"Publiczna Szko\\u0142a Podstawowa w \\u015awi\\u0119tej Katarzynie\",\"url\":\"https:\\\/\\\/www.spkatarzyna.pl\\\/\",\"telephone\":\"+48713116378\",\"sameAs\":[\"https:\\\/\\\/facebook.com\\\/\",\"https:\\\/\\\/x.com\\\/\",\"https:\\\/\\\/instagram.com\\\/\",\"https:\\\/\\\/pinterest.com\\\/\",\"https:\\\/\\\/youtube.com\\\/\",\"https:\\\/\\\/linkedin.com\\\/in\\\/\"]},{\"@type\":\"Person\",\"@id\":\"https:\\\/\\\/www.spkatarzyna.pl\\\/index.php\\\/author\\\/agatasafianspkatarzyna-pl\\\/#author\",\"url\":\"https:\\\/\\\/www.spkatarzyna.pl\\\/index.php\\\/author\\\/agatasafianspkatarzyna-pl\\\/\",\"name\":\"Redakcja\",\"image\":{\"@type\":\"ImageObject\",\"@id\":\"https:\\\/\\\/www.spkatarzyna.pl\\\/index.php\\\/2026\\\/06\\\/02\\\/20139\\\/#authorImage\",\"url\":\"https:\\\/\\\/secure.gravatar.com\\\/avatar\\\/765290513df94d442152250e92b42327?s=96&d=mm&r=g\",\"width\":96,\"height\":96,\"caption\":\"Redakcja\"}},{\"@type\":\"WebPage\",\"@id\":\"https:\\\/\\\/www.spkatarzyna.pl\\\/index.php\\\/2026\\\/06\\\/02\\\/20139\\\/#webpage\",\"url\":\"https:\\\/\\\/www.spkatarzyna.pl\\\/index.php\\\/2026\\\/06\\\/02\\\/20139\\\/\",\"name\":\"Klasa 1c i 2a w Kotlinie K\\u0142odzkiej - SP Katarzyna\",\"description\":\"Uczniowie klas 1c i 2a sp\\u0119dzili dwa pe\\u0142ne wra\\u017ce\\u0144 dni w Kotlinie K\\u0142odzkiej. Podczas wycieczki odwiedzili Kopalni\\u0119 Z\\u0142ota w Z\\u0142otym Stoku, gdzie poznali tajemnice dawnego g\\u00f3rnictwa oraz sami poszukiwali drobinek z\\u0142ota. Niezapomnian\\u0105 przygod\\u0105 by\\u0142a tak\\u017ce w\\u0119dr\\u00f3wka labiryntem B\\u0142\\u0119dnych Ska\\u0142, w kt\\u00f3rym uczestnicy odkryli niezwyk\\u0142y, bo \\u015bwiec\\u0105cy mech. Na Szlaku Gin\\u0105cych Zawod\\u00f3w uczniowie w\\u0142asnor\\u0119cznie ubijali mas\\u0142o\",\"inLanguage\":\"pl-PL\",\"isPartOf\":{\"@id\":\"https:\\\/\\\/www.spkatarzyna.pl\\\/#website\"},\"breadcrumb\":{\"@id\":\"https:\\\/\\\/www.spkatarzyna.pl\\\/index.php\\\/2026\\\/06\\\/02\\\/20139\\\/#breadcrumblist\"},\"author\":{\"@id\":\"https:\\\/\\\/www.spkatarzyna.pl\\\/index.php\\\/author\\\/agatasafianspkatarzyna-pl\\\/#author\"},\"creator\":{\"@id\":\"https:\\\/\\\/www.spkatarzyna.pl\\\/index.php\\\/author\\\/agatasafianspkatarzyna-pl\\\/#author\"},\"image\":{\"@type\":\"ImageObject\",\"url\":\"https:\\\/\\\/www.spkatarzyna.pl\\\/wp-content\\\/uploads\\\/2026\\\/06\\\/IMG_0849.jpg\",\"@id\":\"https:\\\/\\\/www.spkatarzyna.pl\\\/index.php\\\/2026\\\/06\\\/02\\\/20139\\\/#mainImage\",\"width\":360,\"height\":202},\"primaryImageOfPage\":{\"@id\":\"https:\\\/\\\/www.spkatarzyna.pl\\\/index.php\\\/2026\\\/06\\\/02\\\/20139\\\/#mainImage\"},\"datePublished\":\"2026-06-02T21:54:40+02:00\",\"dateModified\":\"2026-06-02T21:59:43+02:00\"},{\"@type\":\"WebSite\",\"@id\":\"https:\\\/\\\/www.spkatarzyna.pl\\\/#website\",\"url\":\"https:\\\/\\\/www.spkatarzyna.pl\\\/\",\"name\":\"SP Katarzyna\",\"description\":\"Publiczna Szko\\u0142a Podstawowa w \\u015awi\\u0119tej Katarzynie\",\"inLanguage\":\"pl-PL\",\"publisher\":{\"@id\":\"https:\\\/\\\/www.spkatarzyna.pl\\\/#organization\"}}]}\n\t\t<\/script>\n\t\t<!-- All in One SEO -->\n\n","aioseo_head_json":{"title":"Klasa 1c i 2a w Kotlinie K\u0142odzkiej - SP Katarzyna","description":"Uczniowie klas 1c i 2a sp\u0119dzili dwa pe\u0142ne wra\u017ce\u0144 dni w Kotlinie K\u0142odzkiej. Podczas wycieczki odwiedzili Kopalni\u0119 Z\u0142ota w Z\u0142otym Stoku, gdzie poznali tajemnice dawnego g\u00f3rnictwa oraz sami poszukiwali drobinek z\u0142ota. Niezapomnian\u0105 przygod\u0105 by\u0142a tak\u017ce w\u0119dr\u00f3wka labiryntem B\u0142\u0119dnych Ska\u0142, w kt\u00f3rym uczestnicy odkryli niezwyk\u0142y, bo \u015bwiec\u0105cy mech. Na Szlaku Gin\u0105cych Zawod\u00f3w uczniowie w\u0142asnor\u0119cznie ubijali mas\u0142o","canonical_url":"https:\/\/www.spkatarzyna.pl\/index.php\/2026\/06\/02\/20139\/","robots":"max-image-preview:large","keywords":"","webmasterTools":{"miscellaneous":""},"schema":{"@context":"https:\/\/schema.org","@graph":[{"@type":"BlogPosting","@id":"https:\/\/www.spkatarzyna.pl\/index.php\/2026\/06\/02\/20139\/#blogposting","name":"Klasa 1c i 2a w Kotlinie K\u0142odzkiej - SP Katarzyna","headline":"Klasa 1c i 2a w Kotlinie K\u0142odzkiej","author":{"@id":"https:\/\/www.spkatarzyna.pl\/index.php\/author\/agatasafianspkatarzyna-pl\/#author"},"publisher":{"@id":"https:\/\/www.spkatarzyna.pl\/#organization"},"image":{"@type":"ImageObject","url":"https:\/\/www.spkatarzyna.pl\/wp-content\/uploads\/2026\/06\/IMG_0849.jpg","width":360,"height":202},"datePublished":"2026-06-02T21:54:40+02:00","dateModified":"2026-06-02T21:59:43+02:00","inLanguage":"pl-PL","mainEntityOfPage":{"@id":"https:\/\/www.spkatarzyna.pl\/index.php\/2026\/06\/02\/20139\/#webpage"},"isPartOf":{"@id":"https:\/\/www.spkatarzyna.pl\/index.php\/2026\/06\/02\/20139\/#webpage"},"articleSection":"Uncategorized"},{"@type":"BreadcrumbList","@id":"https:\/\/www.spkatarzyna.pl\/index.php\/2026\/06\/02\/20139\/#breadcrumblist","itemListElement":[{"@type":"ListItem","@id":"https:\/\/www.spkatarzyna.pl#listItem","position":1,"name":"Dom","item":"https:\/\/www.spkatarzyna.pl","nextItem":{"@type":"ListItem","@id":"https:\/\/www.spkatarzyna.pl\/index.php\/category\/uncategorized\/#listItem","name":"Uncategorized"}},{"@type":"ListItem","@id":"https:\/\/www.spkatarzyna.pl\/index.php\/category\/uncategorized\/#listItem","position":2,"name":"Uncategorized","item":"https:\/\/www.spkatarzyna.pl\/index.php\/category\/uncategorized\/","nextItem":{"@type":"ListItem","@id":"https:\/\/www.spkatarzyna.pl\/index.php\/2026\/06\/02\/20139\/#listItem","name":"Klasa 1c i 2a w Kotlinie K\u0142odzkiej"},"previousItem":{"@type":"ListItem","@id":"https:\/\/www.spkatarzyna.pl#listItem","name":"Dom"}},{"@type":"ListItem","@id":"https:\/\/www.spkatarzyna.pl\/index.php\/2026\/06\/02\/20139\/#listItem","position":3,"name":"Klasa 1c i 2a w Kotlinie K\u0142odzkiej","previousItem":{"@type":"ListItem","@id":"https:\/\/www.spkatarzyna.pl\/index.php\/category\/uncategorized\/#listItem","name":"Uncategorized"}}]},{"@type":"Organization","@id":"https:\/\/www.spkatarzyna.pl\/#organization","name":"SP Katarzyna","description":"Publiczna Szko\u0142a Podstawowa w \u015awi\u0119tej Katarzynie","url":"https:\/\/www.spkatarzyna.pl\/","telephone":"+48713116378","sameAs":["https:\/\/facebook.com\/","https:\/\/x.com\/","https:\/\/instagram.com\/","https:\/\/pinterest.com\/","https:\/\/youtube.com\/","https:\/\/linkedin.com\/in\/"]},{"@type":"Person","@id":"https:\/\/www.spkatarzyna.pl\/index.php\/author\/agatasafianspkatarzyna-pl\/#author","url":"https:\/\/www.spkatarzyna.pl\/index.php\/author\/agatasafianspkatarzyna-pl\/","name":"Redakcja","image":{"@type":"ImageObject","@id":"https:\/\/www.spkatarzyna.pl\/index.php\/2026\/06\/02\/20139\/#authorImage","url":"https:\/\/secure.gravatar.com\/avatar\/765290513df94d442152250e92b42327?s=96&d=mm&r=g","width":96,"height":96,"caption":"Redakcja"}},{"@type":"WebPage","@id":"https:\/\/www.spkatarzyna.pl\/index.php\/2026\/06\/02\/20139\/#webpage","url":"https:\/\/www.spkatarzyna.pl\/index.php\/2026\/06\/02\/20139\/","name":"Klasa 1c i 2a w Kotlinie K\u0142odzkiej - SP Katarzyna","description":"Uczniowie klas 1c i 2a sp\u0119dzili dwa pe\u0142ne wra\u017ce\u0144 dni w Kotlinie K\u0142odzkiej. Podczas wycieczki odwiedzili Kopalni\u0119 Z\u0142ota w Z\u0142otym Stoku, gdzie poznali tajemnice dawnego g\u00f3rnictwa oraz sami poszukiwali drobinek z\u0142ota. Niezapomnian\u0105 przygod\u0105 by\u0142a tak\u017ce w\u0119dr\u00f3wka labiryntem B\u0142\u0119dnych Ska\u0142, w kt\u00f3rym uczestnicy odkryli niezwyk\u0142y, bo \u015bwiec\u0105cy mech. Na Szlaku Gin\u0105cych Zawod\u00f3w uczniowie w\u0142asnor\u0119cznie ubijali mas\u0142o","inLanguage":"pl-PL","isPartOf":{"@id":"https:\/\/www.spkatarzyna.pl\/#website"},"breadcrumb":{"@id":"https:\/\/www.spkatarzyna.pl\/index.php\/2026\/06\/02\/20139\/#breadcrumblist"},"author":{"@id":"https:\/\/www.spkatarzyna.pl\/index.php\/author\/agatasafianspkatarzyna-pl\/#author"},"creator":{"@id":"https:\/\/www.spkatarzyna.pl\/index.php\/author\/agatasafianspkatarzyna-pl\/#author"},"image":{"@type":"ImageObject","url":"https:\/\/www.spkatarzyna.pl\/wp-content\/uploads\/2026\/06\/IMG_0849.jpg","@id":"https:\/\/www.spkatarzyna.pl\/index.php\/2026\/06\/02\/20139\/#mainImage","width":360,"height":202},"primaryImageOfPage":{"@id":"https:\/\/www.spkatarzyna.pl\/index.php\/2026\/06\/02\/20139\/#mainImage"},"datePublished":"2026-06-02T21:54:40+02:00","dateModified":"2026-06-02T21:59:43+02:00"},{"@type":"WebSite","@id":"https:\/\/www.spkatarzyna.pl\/#website","url":"https:\/\/www.spkatarzyna.pl\/","name":"SP Katarzyna","description":"Publiczna Szko\u0142a Podstawowa w \u015awi\u0119tej Katarzynie","inLanguage":"pl-PL","publisher":{"@id":"https:\/\/www.spkatarzyna.pl\/#organization"}}]},"og:locale":"pl_PL","og:site_name":"SP Katarzyna - Publiczna Szko\u0142a Podstawowa w \u015awi\u0119tej Katarzynie","og:type":"article","og:title":"Klasa 1c i 2a w Kotlinie K\u0142odzkiej - SP Katarzyna","og:description":"Uczniowie klas 1c i 2a sp\u0119dzili dwa pe\u0142ne wra\u017ce\u0144 dni w Kotlinie K\u0142odzkiej. Podczas wycieczki odwiedzili Kopalni\u0119 Z\u0142ota w Z\u0142otym Stoku, gdzie poznali tajemnice dawnego g\u00f3rnictwa oraz sami poszukiwali drobinek z\u0142ota. Niezapomnian\u0105 przygod\u0105 by\u0142a tak\u017ce w\u0119dr\u00f3wka labiryntem B\u0142\u0119dnych Ska\u0142, w kt\u00f3rym uczestnicy odkryli niezwyk\u0142y, bo \u015bwiec\u0105cy mech. Na Szlaku Gin\u0105cych Zawod\u00f3w uczniowie w\u0142asnor\u0119cznie ubijali mas\u0142o","og:url":"https:\/\/www.spkatarzyna.pl\/index.php\/2026\/06\/02\/20139\/","article:published_time":"2026-06-02T19:54:40+00:00","article:modified_time":"2026-06-02T19:59:43+00:00","twitter:card":"summary_large_image","twitter:title":"Klasa 1c i 2a w Kotlinie K\u0142odzkiej - SP Katarzyna","twitter:description":"Uczniowie klas 1c i 2a sp\u0119dzili dwa pe\u0142ne wra\u017ce\u0144 dni w Kotlinie K\u0142odzkiej. Podczas wycieczki odwiedzili Kopalni\u0119 Z\u0142ota w Z\u0142otym Stoku, gdzie poznali tajemnice dawnego g\u00f3rnictwa oraz sami poszukiwali drobinek z\u0142ota. Niezapomnian\u0105 przygod\u0105 by\u0142a tak\u017ce w\u0119dr\u00f3wka labiryntem B\u0142\u0119dnych Ska\u0142, w kt\u00f3rym uczestnicy odkryli niezwyk\u0142y, bo \u015bwiec\u0105cy mech. Na Szlaku Gin\u0105cych Zawod\u00f3w uczniowie w\u0142asnor\u0119cznie ubijali mas\u0142o"},"aioseo_meta_data":{"post_id":"20139","title":null,"description":null,"keywords":null,"keyphrases":{"focus":{"keyphrase":"","score":0,"analysis":{"keyphraseInTitle":{"score":0,"maxScore":9,"error":1}}},"additional":[]},"primary_term":null,"canonical_url":null,"og_title":null,"og_description":null,"og_object_type":"default","og_image_type":"default","og_image_url":null,"og_image_width":null,"og_image_height":null,"og_image_custom_url":null,"og_image_custom_fields":null,"og_video":"","og_custom_url":null,"og_article_section":null,"og_article_tags":null,"twitter_use_og":false,"twitter_card":"default","twitter_image_type":"default","twitter_image_url":null,"twitter_image_custom_url":null,"twitter_image_custom_fields":null,"twitter_title":null,"twitter_description":null,"schema":{"blockGraphs":[],"customGraphs":[],"default":{"data":{"Article":[],"Course":[],"Dataset":[],"FAQPage":[],"Movie":[],"Person":[],"Product":[],"ProductReview":[],"Car":[],"Recipe":[],"Service":[],"SoftwareApplication":[],"WebPage":[]},"graphName":"BlogPosting","isEnabled":true},"graphs":[]},"schema_type":"default","schema_type_options":null,"pillar_content":false,"robots_default":true,"robots_noindex":false,"robots_noarchive":false,"robots_nosnippet":false,"robots_nofollow":false,"robots_noimageindex":false,"robots_noodp":false,"robots_notranslate":false,"robots_max_snippet":"-1","robots_max_videopreview":"-1","robots_max_imagepreview":"large","priority":null,"frequency":"default","local_seo":null,"limit_modified_date":false,"created":"2026-06-02 19:54:40","updated":"2026-09-03 18:16:51","focus_keyword":null,"additional_keywords":null,"truseo_locale":null,"ai":null,"breadcrumb_settings":null,"seo_analyzer_scan_date":null},"aioseo_breadcrumb":"<div class=\"aioseo-breadcrumbs\"><span class=\"aioseo-breadcrumb\">\n\t\t\t<a href=\"https:\/\/www.spkatarzyna.pl\" title=\"Dom\">Dom<\/a>\n\t\t<\/span><span class=\"aioseo-breadcrumb-separator\">&raquo;<\/span><span class=\"aioseo-breadcrumb\">\n\t\t\t<a href=\"https:\/\/www.spkatarzyna.pl\/index.php\/category\/uncategorized\/\" title=\"Uncategorized\">Uncategorized<\/a>\n\t\t<\/span><span class=\"aioseo-breadcrumb-separator\">&raquo;<\/span><span class=\"aioseo-breadcrumb\">\n\t\t\tKlasa 1c i 2a w Kotlinie K\u0142odzkiej\n\t\t<\/span><\/div>","aioseo_breadcrumb_json":[{"label":"Dom","link":"https:\/\/www.spkatarzyna.pl"},{"label":"Uncategorized","link":"https:\/\/www.spkatarzyna.pl\/index.php\/category\/uncategorized\/"},{"label":"Klasa 1c i 2a w Kotlinie K\u0142odzkiej","link":"https:\/\/www.spkatarzyna.pl\/index.php\/2026\/06\/02\/20139\/"}],"_links":{"self":[{"href":"https:\/\/www.spkatarzyna.pl\/index.php\/wp-json\/wp\/v2\/posts\/20139","targetHints":{"allow":["GET"]}}],"collection":[{"href":"https:\/\/www.spkatarzyna.pl\/index.php\/wp-json\/wp\/v2\/posts"}],"about":[{"href":"https:\/\/www.spkatarzyna.pl\/index.php\/wp-json\/wp\/v2\/types\/post"}],"author":[{"embeddable":true,"href":"https:\/\/www.spkatarzyna.pl\/index.php\/wp-json\/wp\/v2\/users\/6"}],"replies":[{"embeddable":true,"href":"https:\/\/www.spkatarzyna.pl\/index.php\/wp-json\/wp\/v2\/comments?post=20139"}],"version-history":[{"count":5,"href":"https:\/\/www.spkatarzyna.pl\/index.php\/wp-json\/wp\/v2\/posts\/20139\/revisions"}],"predecessor-version":[{"id":20153,"href":"https:\/\/www.spkatarzyna.pl\/index.php\/wp-json\/wp\/v2\/posts\/20139\/revisions\/20153"}],"wp:featuredmedia":[{"embeddable":true,"href":"https:\/\/www.spkatarzyna.pl\/index.php\/wp-json\/wp\/v2\/media\/20140"}],"wp:attachment":[{"href":"https:\/\/www.spkatarzyna.pl\/index.php\/wp-json\/wp\/v2\/media?parent=20139"}],"wp:term":[{"taxonomy":"category","embeddable":true,"href":"https:\/\/www.spkatarzyna.pl\/index.php\/wp-json\/wp\/v2\/categories?post=20139"},{"taxonomy":"post_tag","embeddable":true,"href":"https:\/\/www.spkatarzyna.pl\/index.php\/wp-json\/wp\/v2\/tags?post=20139"}],"curies":[{"name":"wp","href":"https:\/\/api.w.org\/{rel}","templated":true}]}}