{"id":20285,"date":"2026-06-08T10:59:26","date_gmt":"2026-06-08T08:59:26","guid":{"rendered":"https:\/\/www.spkatarzyna.pl\/?p=20285"},"modified":"2026-06-08T11:06:24","modified_gmt":"2026-06-08T09:06:24","slug":"kiermasz-charytatywny-give-a-paw","status":"publish","type":"post","link":"https:\/\/www.spkatarzyna.pl\/index.php\/2026\/06\/08\/kiermasz-charytatywny-give-a-paw\/","title":{"rendered":"Kiermasz charytatywny \u201eGive a Paw\u201d"},"content":{"rendered":"\t\t<div data-elementor-type=\"wp-post\" data-elementor-id=\"20285\" class=\"elementor elementor-20285\">\n\t\t\t\t<div class=\"elementor-element elementor-element-7c551187 e-flex e-con-boxed e-con e-parent\" data-id=\"7c551187\" data-element_type=\"container\">\n\t\t\t\t\t<div class=\"e-con-inner\">\n\t\t\t\t<div class=\"elementor-element elementor-element-3435a332 elementor-widget elementor-widget-text-editor\" data-id=\"3435a332\" data-element_type=\"widget\" data-widget_type=\"text-editor.default\">\n\t\t\t\t\t\t\t\t\t<p style=\"text-align: justify;\"><span style=\"font-size: 14pt;\">3 czerwca w naszej szkole odby\u0142 si\u0119 wyj\u0105tkowy kiermasz charytatywny w ramach mi\u0119dzynarodowego projektu eTwinning \u201eGive a Paw\u201d, kt\u00f3rego celem jest wspieranie zwierz\u0105t potrzebuj\u0105cych pomocy oraz kszta\u0142towanie w\u015br\u00f3d uczni\u00f3w postawy odpowiedzialno\u015bci i empatii wobec ich losu.<\/span><\/p>\r\n<p style=\"text-align: justify;\"><span style=\"font-size: 14pt;\">Podczas wydarzenia mo\u017cna by\u0142o naby\u0107 pi\u0119kne r\u0119kodzie\u0142o z motywem piesk\u00f3w, przygotowane przez uczni\u00f3w klas 3a i 3d. Du\u017cym zainteresowaniem cieszy\u0142y si\u0119 r\u00f3wnie\u017c domowe wypieki i napoje przygotowane przez rodzic\u00f3w uczni\u00f3w.<\/span><\/p>\r\n<p style=\"text-align: justify;\"><span style=\"font-size: 14pt;\">Kiermasz spotka\u0142 si\u0119 z ogromnym odzewem spo\u0142eczno\u015bci szkolnej. Dzi\u0119ki zaanga\u017cowaniu uczni\u00f3w, rodzic\u00f3w, nauczycieli oraz wszystkich odwiedzaj\u0105cych uda\u0142o si\u0119 zebra\u0107 2000 z\u0142. Ca\u0142a kwota zostanie przekazana na wsparcie Przytuliska w O\u0142awie- zakup bud i karmy dla bezdomnych ps\u00f3w.<\/span><\/p>\r\n<p style=\"text-align: justify;\"><span style=\"font-size: 14pt;\">Serdeczne podzi\u0119kowania kierujemy do wszystkich, kt\u00f3rzy w\u0142\u0105czyli si\u0119 w organizacj\u0119 i przebieg wydarzenia \u2013 uczni\u00f3w, rodzic\u00f3w oraz nauczycieli. Szczeg\u00f3lne wyrazy uznania nale\u017c\u0105 si\u0119 wszystkim, kt\u00f3rzy otworzyli swoje serca i licznie wsparli t\u0119 inicjatyw\u0119.<\/span><\/p>\r\n<p style=\"text-align: justify;\"><span style=\"font-size: 14pt;\">Kiermasz by\u0142 nie tylko okazj\u0105 do niesienia pomocy, ale r\u00f3wnie\u017c pi\u0119kn\u0105 lekcj\u0105 wra\u017cliwo\u015bci, wsp\u00f3\u0142pracy i odpowiedzialno\u015bci za zwierz\u0119ta.<\/span><\/p>\r\n<p style=\"text-align: right;\"><span style=\"font-size: 14pt;\">Organizatorzy:<\/span><\/p>\r\n<p style=\"text-align: right;\"><span style=\"font-size: 14pt;\">Ma\u0142gorzata Bia\u0142as<\/span><\/p>\r\n<p style=\"text-align: right;\"><span style=\"font-size: 14pt;\">Ma\u0142gorzata Walczak<\/span><\/p>\t\t\t\t\t\t\t\t<\/div>\n\t\t\t\t<div class=\"elementor-element elementor-element-423d447 elementor-widget elementor-widget-image-gallery\" data-id=\"423d447\" data-element_type=\"widget\" data-widget_type=\"image-gallery.default\">\n\t\t\t\t\t\t\t<div class=\"elementor-image-gallery\">\n\t\t\t\n\t\t<div id='gallery-1' class='gallery galleryid-20285 gallery-columns-4 gallery-size-thumbnail gallery1'><script type=\"text\/javascript\">\n\/\/ <![CDATA[\n\tjQuery(document).ready(function () {\n\t\tjQuery(\".gallery1 a\").attr(\"rel\",\"gallery1\");\t\n\t\tjQuery('a[rel=\"gallery1\"]').colorbox({title: function(){ return jQuery(this).children().attr(\"alt\"); }});\n\t});\n\/\/ ]]>\n<\/script>\n<dl class=\"gallery-item\">\n<dt class=\"gallery-icon\">\n<a href=\"https:\/\/www.spkatarzyna.pl\/wp-content\/uploads\/2026\/06\/PHOTO-2026-06-07-17-22-33-2-1-300x225.jpg\" title=\"\" rel=\"gallery1\" rel=\"lightbox[20285]\"><img decoding=\"async\" src=\"https:\/\/www.spkatarzyna.pl\/wp-content\/uploads\/2026\/06\/PHOTO-2026-06-07-17-22-33-2-1-150x150.jpg\" width=\"150\" height=\"150\" alt=\"\" \/><\/a>\n<\/dt><\/dl><dl class=\"gallery-item\">\n<dt class=\"gallery-icon\">\n<a href=\"https:\/\/www.spkatarzyna.pl\/wp-content\/uploads\/2026\/06\/PHOTO-2026-06-07-17-22-33-3-300x225.jpg\" title=\"\" rel=\"gallery1\" rel=\"lightbox[20285]\"><img decoding=\"async\" src=\"https:\/\/www.spkatarzyna.pl\/wp-content\/uploads\/2026\/06\/PHOTO-2026-06-07-17-22-33-3-150x150.jpg\" width=\"150\" height=\"150\" alt=\"\" \/><\/a>\n<\/dt><\/dl><dl class=\"gallery-item\">\n<dt class=\"gallery-icon\">\n<a href=\"https:\/\/www.spkatarzyna.pl\/wp-content\/uploads\/2026\/06\/PHOTO-2026-06-07-17-22-33-300x225.jpg\" title=\"\" rel=\"gallery1\" rel=\"lightbox[20285]\"><img decoding=\"async\" src=\"https:\/\/www.spkatarzyna.pl\/wp-content\/uploads\/2026\/06\/PHOTO-2026-06-07-17-22-33-150x150.jpg\" width=\"150\" height=\"150\" alt=\"\" \/><\/a>\n<\/dt><\/dl><dl class=\"gallery-item\">\n<dt class=\"gallery-icon\">\n<a href=\"https:\/\/www.spkatarzyna.pl\/wp-content\/uploads\/2026\/06\/PHOTO-2026-06-07-17-22-34-2-225x300.jpg\" title=\"\" rel=\"gallery1\" rel=\"lightbox[20285]\"><img loading=\"lazy\" decoding=\"async\" src=\"https:\/\/www.spkatarzyna.pl\/wp-content\/uploads\/2026\/06\/PHOTO-2026-06-07-17-22-34-2-150x150.jpg\" width=\"150\" height=\"150\" alt=\"\" \/><\/a>\n<\/dt><\/dl><br style=\"clear: both\" \/><dl class=\"gallery-item\">\n<dt class=\"gallery-icon\">\n<a href=\"https:\/\/www.spkatarzyna.pl\/wp-content\/uploads\/2026\/06\/PHOTO-2026-06-07-17-22-34-3-225x300.jpg\" title=\"\" rel=\"gallery1\" rel=\"lightbox[20285]\"><img loading=\"lazy\" decoding=\"async\" src=\"https:\/\/www.spkatarzyna.pl\/wp-content\/uploads\/2026\/06\/PHOTO-2026-06-07-17-22-34-3-150x150.jpg\" width=\"150\" height=\"150\" alt=\"\" \/><\/a>\n<\/dt><\/dl><dl class=\"gallery-item\">\n<dt class=\"gallery-icon\">\n<a href=\"https:\/\/www.spkatarzyna.pl\/wp-content\/uploads\/2026\/06\/PHOTO-2026-06-07-17-22-34-4-300x225.jpg\" title=\"\" rel=\"gallery1\" rel=\"lightbox[20285]\"><img loading=\"lazy\" decoding=\"async\" src=\"https:\/\/www.spkatarzyna.pl\/wp-content\/uploads\/2026\/06\/PHOTO-2026-06-07-17-22-34-4-150x150.jpg\" width=\"150\" height=\"150\" alt=\"\" \/><\/a>\n<\/dt><\/dl><dl class=\"gallery-item\">\n<dt class=\"gallery-icon\">\n<a href=\"https:\/\/www.spkatarzyna.pl\/wp-content\/uploads\/2026\/06\/PHOTO-2026-06-07-17-22-35-225x300.jpg\" title=\"\" rel=\"gallery1\" rel=\"lightbox[20285]\"><img loading=\"lazy\" decoding=\"async\" src=\"https:\/\/www.spkatarzyna.pl\/wp-content\/uploads\/2026\/06\/PHOTO-2026-06-07-17-22-35-150x150.jpg\" width=\"150\" height=\"150\" alt=\"\" \/><\/a>\n<\/dt><\/dl><dl class=\"gallery-item\">\n<dt class=\"gallery-icon\">\n<a href=\"https:\/\/www.spkatarzyna.pl\/wp-content\/uploads\/2026\/06\/PHOTO-2026-06-07-17-22-35-2-300x225.jpg\" title=\"\" rel=\"gallery1\" rel=\"lightbox[20285]\"><img loading=\"lazy\" decoding=\"async\" src=\"https:\/\/www.spkatarzyna.pl\/wp-content\/uploads\/2026\/06\/PHOTO-2026-06-07-17-22-35-2-150x150.jpg\" width=\"150\" height=\"150\" alt=\"\" \/><\/a>\n<\/dt><\/dl><br style=\"clear: both\" \/><dl class=\"gallery-item\">\n<dt class=\"gallery-icon\">\n<a href=\"https:\/\/www.spkatarzyna.pl\/wp-content\/uploads\/2026\/06\/PHOTO-2026-06-07-17-22-34-300x225.jpg\" title=\"\" rel=\"gallery1\" rel=\"lightbox[20285]\"><img loading=\"lazy\" decoding=\"async\" src=\"https:\/\/www.spkatarzyna.pl\/wp-content\/uploads\/2026\/06\/PHOTO-2026-06-07-17-22-34-150x150.jpg\" width=\"150\" height=\"150\" alt=\"\" \/><\/a>\n<\/dt><\/dl><dl class=\"gallery-item\">\n<dt class=\"gallery-icon\">\n<a href=\"https:\/\/www.spkatarzyna.pl\/wp-content\/uploads\/2026\/06\/PHOTO-2026-06-07-17-22-34-7-225x300.jpg\" title=\"\" rel=\"gallery1\" rel=\"lightbox[20285]\"><img loading=\"lazy\" decoding=\"async\" src=\"https:\/\/www.spkatarzyna.pl\/wp-content\/uploads\/2026\/06\/PHOTO-2026-06-07-17-22-34-7-150x150.jpg\" width=\"150\" height=\"150\" alt=\"\" \/><\/a>\n<\/dt><\/dl><dl class=\"gallery-item\">\n<dt class=\"gallery-icon\">\n<a href=\"https:\/\/www.spkatarzyna.pl\/wp-content\/uploads\/2026\/06\/PHOTO-2026-06-07-17-22-34-6-225x300.jpg\" title=\"\" rel=\"gallery1\" rel=\"lightbox[20285]\"><img loading=\"lazy\" decoding=\"async\" src=\"https:\/\/www.spkatarzyna.pl\/wp-content\/uploads\/2026\/06\/PHOTO-2026-06-07-17-22-34-6-150x150.jpg\" width=\"150\" height=\"150\" alt=\"\" \/><\/a>\n<\/dt><\/dl><dl class=\"gallery-item\">\n<dt class=\"gallery-icon\">\n<a href=\"https:\/\/www.spkatarzyna.pl\/wp-content\/uploads\/2026\/06\/PHOTO-2026-06-07-17-22-34-5-225x300.jpg\" title=\"\" rel=\"gallery1\" rel=\"lightbox[20285]\"><img loading=\"lazy\" decoding=\"async\" src=\"https:\/\/www.spkatarzyna.pl\/wp-content\/uploads\/2026\/06\/PHOTO-2026-06-07-17-22-34-5-150x150.jpg\" width=\"150\" height=\"150\" alt=\"\" \/><\/a>\n<\/dt><\/dl><br style=\"clear: both\" \/><br style=\"clear: both\" \/><\/div>\t\t<\/div>\n\t\t\t\t\t\t<\/div>\n\t\t\t\t\t<\/div>\n\t\t\t\t<\/div>\n\t\t\t\t<\/div>\n\t\t","protected":false},"excerpt":{"rendered":"<p>3 czerwca w naszej szkole odby\u0142 si\u0119 wyj\u0105tkowy kiermasz charytatywny w ramach mi\u0119dzynarodowego projektu eTwinning \u201eGive a Paw\u201d, kt\u00f3rego celem jest wspieranie zwierz\u0105t potrzebuj\u0105cych pomocy oraz kszta\u0142towanie w\u015br\u00f3d uczni\u00f3w postawy odpowiedzialno\u015bci i empatii wobec ich losu. Podczas wydarzenia mo\u017cna by\u0142o naby\u0107 pi\u0119kne r\u0119kodzie\u0142o z motywem piesk\u00f3w, przygotowane przez uczni\u00f3w klas [&hellip;]<\/p>\n","protected":false},"author":6,"featured_media":20286,"comment_status":"open","ping_status":"open","sticky":false,"template":"","format":"standard","meta":{"om_disable_all_campaigns":false,"_monsterinsights_skip_tracking":false,"ngg_post_thumbnail":0,"footnotes":""},"categories":[1],"tags":[],"class_list":["post-20285","post","type-post","status-publish","format-standard","has-post-thumbnail","hentry","category-uncategorized"],"aioseo_notices":[],"aioseo_head":"\n\t\t<!-- All in One SEO 5.0.1.1 - aioseo.com -->\n\t<meta name=\"description\" content=\"3 czerwca w naszej szkole odby\u0142 si\u0119 wyj\u0105tkowy kiermasz charytatywny w ramach mi\u0119dzynarodowego projektu eTwinning \u201eGive a Paw\u201d, kt\u00f3rego celem jest wspieranie zwierz\u0105t potrzebuj\u0105cych pomocy oraz kszta\u0142towanie w\u015br\u00f3d uczni\u00f3w postawy odpowiedzialno\u015bci i empatii wobec ich losu. Podczas wydarzenia mo\u017cna by\u0142o naby\u0107 pi\u0119kne r\u0119kodzie\u0142o z motywem piesk\u00f3w, przygotowane przez uczni\u00f3w klas 3a i 3d. Du\u017cym zainteresowaniem\" \/>\n\t<meta name=\"robots\" content=\"max-image-preview:large\" \/>\n\t<meta name=\"author\" content=\"Redakcja\"\/>\n\t<link rel=\"canonical\" href=\"https:\/\/www.spkatarzyna.pl\/index.php\/2026\/06\/08\/kiermasz-charytatywny-give-a-paw\/\" \/>\n\t<meta name=\"generator\" content=\"All in One SEO (AIOSEO) 5.0.1.1\" \/>\n\t\t<meta property=\"og:locale\" content=\"pl_PL\" \/>\n\t\t<meta property=\"og:site_name\" content=\"SP Katarzyna - Publiczna Szko\u0142a Podstawowa w \u015awi\u0119tej Katarzynie\" \/>\n\t\t<meta property=\"og:type\" content=\"article\" \/>\n\t\t<meta property=\"og:title\" content=\"Kiermasz charytatywny \u201eGive a Paw\u201d - SP Katarzyna\" \/>\n\t\t<meta property=\"og:description\" content=\"3 czerwca w naszej szkole odby\u0142 si\u0119 wyj\u0105tkowy kiermasz charytatywny w ramach mi\u0119dzynarodowego projektu eTwinning \u201eGive a Paw\u201d, kt\u00f3rego celem jest wspieranie zwierz\u0105t potrzebuj\u0105cych pomocy oraz kszta\u0142towanie w\u015br\u00f3d uczni\u00f3w postawy odpowiedzialno\u015bci i empatii wobec ich losu. Podczas wydarzenia mo\u017cna by\u0142o naby\u0107 pi\u0119kne r\u0119kodzie\u0142o z motywem piesk\u00f3w, przygotowane przez uczni\u00f3w klas 3a i 3d. Du\u017cym zainteresowaniem\" \/>\n\t\t<meta property=\"og:url\" content=\"https:\/\/www.spkatarzyna.pl\/index.php\/2026\/06\/08\/kiermasz-charytatywny-give-a-paw\/\" \/>\n\t\t<meta property=\"article:published_time\" content=\"2026-06-08T08:59:26+00:00\" \/>\n\t\t<meta property=\"article:modified_time\" content=\"2026-06-08T09:06:24+00:00\" \/>\n\t\t<meta name=\"twitter:card\" content=\"summary_large_image\" \/>\n\t\t<meta name=\"twitter:title\" content=\"Kiermasz charytatywny \u201eGive a Paw\u201d - SP Katarzyna\" \/>\n\t\t<meta name=\"twitter:description\" content=\"3 czerwca w naszej szkole odby\u0142 si\u0119 wyj\u0105tkowy kiermasz charytatywny w ramach mi\u0119dzynarodowego projektu eTwinning \u201eGive a Paw\u201d, kt\u00f3rego celem jest wspieranie zwierz\u0105t potrzebuj\u0105cych pomocy oraz kszta\u0142towanie w\u015br\u00f3d uczni\u00f3w postawy odpowiedzialno\u015bci i empatii wobec ich losu. Podczas wydarzenia mo\u017cna by\u0142o naby\u0107 pi\u0119kne r\u0119kodzie\u0142o z motywem piesk\u00f3w, przygotowane przez uczni\u00f3w klas 3a i 3d. Du\u017cym zainteresowaniem\" \/>\n\t\t<script type=\"application\/ld+json\" class=\"aioseo-schema\">\n\t\t\t{\"@context\":\"https:\\\/\\\/schema.org\",\"@graph\":[{\"@type\":\"BlogPosting\",\"@id\":\"https:\\\/\\\/www.spkatarzyna.pl\\\/index.php\\\/2026\\\/06\\\/08\\\/kiermasz-charytatywny-give-a-paw\\\/#blogposting\",\"name\":\"Kiermasz charytatywny \\u201eGive a Paw\\u201d - SP Katarzyna\",\"headline\":\"Kiermasz charytatywny \\u201eGive a Paw\\u201d\",\"author\":{\"@id\":\"https:\\\/\\\/www.spkatarzyna.pl\\\/index.php\\\/author\\\/agatasafianspkatarzyna-pl\\\/#author\"},\"publisher\":{\"@id\":\"https:\\\/\\\/www.spkatarzyna.pl\\\/#organization\"},\"image\":{\"@type\":\"ImageObject\",\"url\":\"https:\\\/\\\/www.spkatarzyna.pl\\\/wp-content\\\/uploads\\\/2026\\\/06\\\/PHOTO-2026-06-07-17-22-33-2.jpg\",\"width\":360,\"height\":202},\"datePublished\":\"2026-06-08T10:59:26+02:00\",\"dateModified\":\"2026-06-08T11:06:24+02:00\",\"inLanguage\":\"pl-PL\",\"mainEntityOfPage\":{\"@id\":\"https:\\\/\\\/www.spkatarzyna.pl\\\/index.php\\\/2026\\\/06\\\/08\\\/kiermasz-charytatywny-give-a-paw\\\/#webpage\"},\"isPartOf\":{\"@id\":\"https:\\\/\\\/www.spkatarzyna.pl\\\/index.php\\\/2026\\\/06\\\/08\\\/kiermasz-charytatywny-give-a-paw\\\/#webpage\"},\"articleSection\":\"Uncategorized\"},{\"@type\":\"BreadcrumbList\",\"@id\":\"https:\\\/\\\/www.spkatarzyna.pl\\\/index.php\\\/2026\\\/06\\\/08\\\/kiermasz-charytatywny-give-a-paw\\\/#breadcrumblist\",\"itemListElement\":[{\"@type\":\"ListItem\",\"@id\":\"https:\\\/\\\/www.spkatarzyna.pl#listItem\",\"position\":1,\"name\":\"Dom\",\"item\":\"https:\\\/\\\/www.spkatarzyna.pl\",\"nextItem\":{\"@type\":\"ListItem\",\"@id\":\"https:\\\/\\\/www.spkatarzyna.pl\\\/index.php\\\/category\\\/uncategorized\\\/#listItem\",\"name\":\"Uncategorized\"}},{\"@type\":\"ListItem\",\"@id\":\"https:\\\/\\\/www.spkatarzyna.pl\\\/index.php\\\/category\\\/uncategorized\\\/#listItem\",\"position\":2,\"name\":\"Uncategorized\",\"item\":\"https:\\\/\\\/www.spkatarzyna.pl\\\/index.php\\\/category\\\/uncategorized\\\/\",\"nextItem\":{\"@type\":\"ListItem\",\"@id\":\"https:\\\/\\\/www.spkatarzyna.pl\\\/index.php\\\/2026\\\/06\\\/08\\\/kiermasz-charytatywny-give-a-paw\\\/#listItem\",\"name\":\"Kiermasz charytatywny \\u201eGive a Paw\\u201d\"},\"previousItem\":{\"@type\":\"ListItem\",\"@id\":\"https:\\\/\\\/www.spkatarzyna.pl#listItem\",\"name\":\"Dom\"}},{\"@type\":\"ListItem\",\"@id\":\"https:\\\/\\\/www.spkatarzyna.pl\\\/index.php\\\/2026\\\/06\\\/08\\\/kiermasz-charytatywny-give-a-paw\\\/#listItem\",\"position\":3,\"name\":\"Kiermasz charytatywny \\u201eGive a Paw\\u201d\",\"previousItem\":{\"@type\":\"ListItem\",\"@id\":\"https:\\\/\\\/www.spkatarzyna.pl\\\/index.php\\\/category\\\/uncategorized\\\/#listItem\",\"name\":\"Uncategorized\"}}]},{\"@type\":\"Organization\",\"@id\":\"https:\\\/\\\/www.spkatarzyna.pl\\\/#organization\",\"name\":\"SP Katarzyna\",\"description\":\"Publiczna Szko\\u0142a Podstawowa w \\u015awi\\u0119tej Katarzynie\",\"url\":\"https:\\\/\\\/www.spkatarzyna.pl\\\/\",\"telephone\":\"+48713116378\",\"sameAs\":[\"https:\\\/\\\/facebook.com\\\/\",\"https:\\\/\\\/x.com\\\/\",\"https:\\\/\\\/instagram.com\\\/\",\"https:\\\/\\\/pinterest.com\\\/\",\"https:\\\/\\\/youtube.com\\\/\",\"https:\\\/\\\/linkedin.com\\\/in\\\/\"]},{\"@type\":\"Person\",\"@id\":\"https:\\\/\\\/www.spkatarzyna.pl\\\/index.php\\\/author\\\/agatasafianspkatarzyna-pl\\\/#author\",\"url\":\"https:\\\/\\\/www.spkatarzyna.pl\\\/index.php\\\/author\\\/agatasafianspkatarzyna-pl\\\/\",\"name\":\"Redakcja\",\"image\":{\"@type\":\"ImageObject\",\"@id\":\"https:\\\/\\\/www.spkatarzyna.pl\\\/index.php\\\/2026\\\/06\\\/08\\\/kiermasz-charytatywny-give-a-paw\\\/#authorImage\",\"url\":\"https:\\\/\\\/secure.gravatar.com\\\/avatar\\\/765290513df94d442152250e92b42327?s=96&d=mm&r=g\",\"width\":96,\"height\":96,\"caption\":\"Redakcja\"}},{\"@type\":\"WebPage\",\"@id\":\"https:\\\/\\\/www.spkatarzyna.pl\\\/index.php\\\/2026\\\/06\\\/08\\\/kiermasz-charytatywny-give-a-paw\\\/#webpage\",\"url\":\"https:\\\/\\\/www.spkatarzyna.pl\\\/index.php\\\/2026\\\/06\\\/08\\\/kiermasz-charytatywny-give-a-paw\\\/\",\"name\":\"Kiermasz charytatywny \\u201eGive a Paw\\u201d - SP Katarzyna\",\"description\":\"3 czerwca w naszej szkole odby\\u0142 si\\u0119 wyj\\u0105tkowy kiermasz charytatywny w ramach mi\\u0119dzynarodowego projektu eTwinning \\u201eGive a Paw\\u201d, kt\\u00f3rego celem jest wspieranie zwierz\\u0105t potrzebuj\\u0105cych pomocy oraz kszta\\u0142towanie w\\u015br\\u00f3d uczni\\u00f3w postawy odpowiedzialno\\u015bci i empatii wobec ich losu. Podczas wydarzenia mo\\u017cna by\\u0142o naby\\u0107 pi\\u0119kne r\\u0119kodzie\\u0142o z motywem piesk\\u00f3w, przygotowane przez uczni\\u00f3w klas 3a i 3d. Du\\u017cym zainteresowaniem\",\"inLanguage\":\"pl-PL\",\"isPartOf\":{\"@id\":\"https:\\\/\\\/www.spkatarzyna.pl\\\/#website\"},\"breadcrumb\":{\"@id\":\"https:\\\/\\\/www.spkatarzyna.pl\\\/index.php\\\/2026\\\/06\\\/08\\\/kiermasz-charytatywny-give-a-paw\\\/#breadcrumblist\"},\"author\":{\"@id\":\"https:\\\/\\\/www.spkatarzyna.pl\\\/index.php\\\/author\\\/agatasafianspkatarzyna-pl\\\/#author\"},\"creator\":{\"@id\":\"https:\\\/\\\/www.spkatarzyna.pl\\\/index.php\\\/author\\\/agatasafianspkatarzyna-pl\\\/#author\"},\"image\":{\"@type\":\"ImageObject\",\"url\":\"https:\\\/\\\/www.spkatarzyna.pl\\\/wp-content\\\/uploads\\\/2026\\\/06\\\/PHOTO-2026-06-07-17-22-33-2.jpg\",\"@id\":\"https:\\\/\\\/www.spkatarzyna.pl\\\/index.php\\\/2026\\\/06\\\/08\\\/kiermasz-charytatywny-give-a-paw\\\/#mainImage\",\"width\":360,\"height\":202},\"primaryImageOfPage\":{\"@id\":\"https:\\\/\\\/www.spkatarzyna.pl\\\/index.php\\\/2026\\\/06\\\/08\\\/kiermasz-charytatywny-give-a-paw\\\/#mainImage\"},\"datePublished\":\"2026-06-08T10:59:26+02:00\",\"dateModified\":\"2026-06-08T11:06:24+02:00\"},{\"@type\":\"WebSite\",\"@id\":\"https:\\\/\\\/www.spkatarzyna.pl\\\/#website\",\"url\":\"https:\\\/\\\/www.spkatarzyna.pl\\\/\",\"name\":\"SP Katarzyna\",\"description\":\"Publiczna Szko\\u0142a Podstawowa w \\u015awi\\u0119tej Katarzynie\",\"inLanguage\":\"pl-PL\",\"publisher\":{\"@id\":\"https:\\\/\\\/www.spkatarzyna.pl\\\/#organization\"}}]}\n\t\t<\/script>\n\t\t<!-- All in One SEO -->\n\n","aioseo_head_json":{"title":"Kiermasz charytatywny \u201eGive a Paw\u201d - SP Katarzyna","description":"3 czerwca w naszej szkole odby\u0142 si\u0119 wyj\u0105tkowy kiermasz charytatywny w ramach mi\u0119dzynarodowego projektu eTwinning \u201eGive a Paw\u201d, kt\u00f3rego celem jest wspieranie zwierz\u0105t potrzebuj\u0105cych pomocy oraz kszta\u0142towanie w\u015br\u00f3d uczni\u00f3w postawy odpowiedzialno\u015bci i empatii wobec ich losu. Podczas wydarzenia mo\u017cna by\u0142o naby\u0107 pi\u0119kne r\u0119kodzie\u0142o z motywem piesk\u00f3w, przygotowane przez uczni\u00f3w klas 3a i 3d. Du\u017cym zainteresowaniem","canonical_url":"https:\/\/www.spkatarzyna.pl\/index.php\/2026\/06\/08\/kiermasz-charytatywny-give-a-paw\/","robots":"max-image-preview:large","keywords":"","webmasterTools":{"miscellaneous":""},"schema":{"@context":"https:\/\/schema.org","@graph":[{"@type":"BlogPosting","@id":"https:\/\/www.spkatarzyna.pl\/index.php\/2026\/06\/08\/kiermasz-charytatywny-give-a-paw\/#blogposting","name":"Kiermasz charytatywny \u201eGive a Paw\u201d - SP Katarzyna","headline":"Kiermasz charytatywny \u201eGive a Paw\u201d","author":{"@id":"https:\/\/www.spkatarzyna.pl\/index.php\/author\/agatasafianspkatarzyna-pl\/#author"},"publisher":{"@id":"https:\/\/www.spkatarzyna.pl\/#organization"},"image":{"@type":"ImageObject","url":"https:\/\/www.spkatarzyna.pl\/wp-content\/uploads\/2026\/06\/PHOTO-2026-06-07-17-22-33-2.jpg","width":360,"height":202},"datePublished":"2026-06-08T10:59:26+02:00","dateModified":"2026-06-08T11:06:24+02:00","inLanguage":"pl-PL","mainEntityOfPage":{"@id":"https:\/\/www.spkatarzyna.pl\/index.php\/2026\/06\/08\/kiermasz-charytatywny-give-a-paw\/#webpage"},"isPartOf":{"@id":"https:\/\/www.spkatarzyna.pl\/index.php\/2026\/06\/08\/kiermasz-charytatywny-give-a-paw\/#webpage"},"articleSection":"Uncategorized"},{"@type":"BreadcrumbList","@id":"https:\/\/www.spkatarzyna.pl\/index.php\/2026\/06\/08\/kiermasz-charytatywny-give-a-paw\/#breadcrumblist","itemListElement":[{"@type":"ListItem","@id":"https:\/\/www.spkatarzyna.pl#listItem","position":1,"name":"Dom","item":"https:\/\/www.spkatarzyna.pl","nextItem":{"@type":"ListItem","@id":"https:\/\/www.spkatarzyna.pl\/index.php\/category\/uncategorized\/#listItem","name":"Uncategorized"}},{"@type":"ListItem","@id":"https:\/\/www.spkatarzyna.pl\/index.php\/category\/uncategorized\/#listItem","position":2,"name":"Uncategorized","item":"https:\/\/www.spkatarzyna.pl\/index.php\/category\/uncategorized\/","nextItem":{"@type":"ListItem","@id":"https:\/\/www.spkatarzyna.pl\/index.php\/2026\/06\/08\/kiermasz-charytatywny-give-a-paw\/#listItem","name":"Kiermasz charytatywny \u201eGive a Paw\u201d"},"previousItem":{"@type":"ListItem","@id":"https:\/\/www.spkatarzyna.pl#listItem","name":"Dom"}},{"@type":"ListItem","@id":"https:\/\/www.spkatarzyna.pl\/index.php\/2026\/06\/08\/kiermasz-charytatywny-give-a-paw\/#listItem","position":3,"name":"Kiermasz charytatywny \u201eGive a Paw\u201d","previousItem":{"@type":"ListItem","@id":"https:\/\/www.spkatarzyna.pl\/index.php\/category\/uncategorized\/#listItem","name":"Uncategorized"}}]},{"@type":"Organization","@id":"https:\/\/www.spkatarzyna.pl\/#organization","name":"SP Katarzyna","description":"Publiczna Szko\u0142a Podstawowa w \u015awi\u0119tej Katarzynie","url":"https:\/\/www.spkatarzyna.pl\/","telephone":"+48713116378","sameAs":["https:\/\/facebook.com\/","https:\/\/x.com\/","https:\/\/instagram.com\/","https:\/\/pinterest.com\/","https:\/\/youtube.com\/","https:\/\/linkedin.com\/in\/"]},{"@type":"Person","@id":"https:\/\/www.spkatarzyna.pl\/index.php\/author\/agatasafianspkatarzyna-pl\/#author","url":"https:\/\/www.spkatarzyna.pl\/index.php\/author\/agatasafianspkatarzyna-pl\/","name":"Redakcja","image":{"@type":"ImageObject","@id":"https:\/\/www.spkatarzyna.pl\/index.php\/2026\/06\/08\/kiermasz-charytatywny-give-a-paw\/#authorImage","url":"https:\/\/secure.gravatar.com\/avatar\/765290513df94d442152250e92b42327?s=96&d=mm&r=g","width":96,"height":96,"caption":"Redakcja"}},{"@type":"WebPage","@id":"https:\/\/www.spkatarzyna.pl\/index.php\/2026\/06\/08\/kiermasz-charytatywny-give-a-paw\/#webpage","url":"https:\/\/www.spkatarzyna.pl\/index.php\/2026\/06\/08\/kiermasz-charytatywny-give-a-paw\/","name":"Kiermasz charytatywny \u201eGive a Paw\u201d - SP Katarzyna","description":"3 czerwca w naszej szkole odby\u0142 si\u0119 wyj\u0105tkowy kiermasz charytatywny w ramach mi\u0119dzynarodowego projektu eTwinning \u201eGive a Paw\u201d, kt\u00f3rego celem jest wspieranie zwierz\u0105t potrzebuj\u0105cych pomocy oraz kszta\u0142towanie w\u015br\u00f3d uczni\u00f3w postawy odpowiedzialno\u015bci i empatii wobec ich losu. Podczas wydarzenia mo\u017cna by\u0142o naby\u0107 pi\u0119kne r\u0119kodzie\u0142o z motywem piesk\u00f3w, przygotowane przez uczni\u00f3w klas 3a i 3d. Du\u017cym zainteresowaniem","inLanguage":"pl-PL","isPartOf":{"@id":"https:\/\/www.spkatarzyna.pl\/#website"},"breadcrumb":{"@id":"https:\/\/www.spkatarzyna.pl\/index.php\/2026\/06\/08\/kiermasz-charytatywny-give-a-paw\/#breadcrumblist"},"author":{"@id":"https:\/\/www.spkatarzyna.pl\/index.php\/author\/agatasafianspkatarzyna-pl\/#author"},"creator":{"@id":"https:\/\/www.spkatarzyna.pl\/index.php\/author\/agatasafianspkatarzyna-pl\/#author"},"image":{"@type":"ImageObject","url":"https:\/\/www.spkatarzyna.pl\/wp-content\/uploads\/2026\/06\/PHOTO-2026-06-07-17-22-33-2.jpg","@id":"https:\/\/www.spkatarzyna.pl\/index.php\/2026\/06\/08\/kiermasz-charytatywny-give-a-paw\/#mainImage","width":360,"height":202},"primaryImageOfPage":{"@id":"https:\/\/www.spkatarzyna.pl\/index.php\/2026\/06\/08\/kiermasz-charytatywny-give-a-paw\/#mainImage"},"datePublished":"2026-06-08T10:59:26+02:00","dateModified":"2026-06-08T11:06:24+02:00"},{"@type":"WebSite","@id":"https:\/\/www.spkatarzyna.pl\/#website","url":"https:\/\/www.spkatarzyna.pl\/","name":"SP Katarzyna","description":"Publiczna Szko\u0142a Podstawowa w \u015awi\u0119tej Katarzynie","inLanguage":"pl-PL","publisher":{"@id":"https:\/\/www.spkatarzyna.pl\/#organization"}}]},"og:locale":"pl_PL","og:site_name":"SP Katarzyna - Publiczna Szko\u0142a Podstawowa w \u015awi\u0119tej Katarzynie","og:type":"article","og:title":"Kiermasz charytatywny \u201eGive a Paw\u201d - SP Katarzyna","og:description":"3 czerwca w naszej szkole odby\u0142 si\u0119 wyj\u0105tkowy kiermasz charytatywny w ramach mi\u0119dzynarodowego projektu eTwinning \u201eGive a Paw\u201d, kt\u00f3rego celem jest wspieranie zwierz\u0105t potrzebuj\u0105cych pomocy oraz kszta\u0142towanie w\u015br\u00f3d uczni\u00f3w postawy odpowiedzialno\u015bci i empatii wobec ich losu. Podczas wydarzenia mo\u017cna by\u0142o naby\u0107 pi\u0119kne r\u0119kodzie\u0142o z motywem piesk\u00f3w, przygotowane przez uczni\u00f3w klas 3a i 3d. Du\u017cym zainteresowaniem","og:url":"https:\/\/www.spkatarzyna.pl\/index.php\/2026\/06\/08\/kiermasz-charytatywny-give-a-paw\/","article:published_time":"2026-06-08T08:59:26+00:00","article:modified_time":"2026-06-08T09:06:24+00:00","twitter:card":"summary_large_image","twitter:title":"Kiermasz charytatywny \u201eGive a Paw\u201d - SP Katarzyna","twitter:description":"3 czerwca w naszej szkole odby\u0142 si\u0119 wyj\u0105tkowy kiermasz charytatywny w ramach mi\u0119dzynarodowego projektu eTwinning \u201eGive a Paw\u201d, kt\u00f3rego celem jest wspieranie zwierz\u0105t potrzebuj\u0105cych pomocy oraz kszta\u0142towanie w\u015br\u00f3d uczni\u00f3w postawy odpowiedzialno\u015bci i empatii wobec ich losu. Podczas wydarzenia mo\u017cna by\u0142o naby\u0107 pi\u0119kne r\u0119kodzie\u0142o z motywem piesk\u00f3w, przygotowane przez uczni\u00f3w klas 3a i 3d. Du\u017cym zainteresowaniem"},"aioseo_meta_data":{"post_id":"20285","title":null,"description":null,"keywords":null,"keyphrases":{"focus":{"keyphrase":"","score":0,"analysis":{"keyphraseInTitle":{"score":0,"maxScore":9,"error":1}}},"additional":[]},"primary_term":null,"canonical_url":null,"og_title":null,"og_description":null,"og_object_type":"default","og_image_type":"default","og_image_url":null,"og_image_width":null,"og_image_height":null,"og_image_custom_url":null,"og_image_custom_fields":null,"og_video":"","og_custom_url":null,"og_article_section":null,"og_article_tags":null,"twitter_use_og":false,"twitter_card":"default","twitter_image_type":"default","twitter_image_url":null,"twitter_image_custom_url":null,"twitter_image_custom_fields":null,"twitter_title":null,"twitter_description":null,"schema":{"blockGraphs":[],"customGraphs":[],"default":{"data":{"Article":[],"Course":[],"Dataset":[],"FAQPage":[],"Movie":[],"Person":[],"Product":[],"ProductReview":[],"Car":[],"Recipe":[],"Service":[],"SoftwareApplication":[],"WebPage":[]},"graphName":"BlogPosting","isEnabled":true},"graphs":[]},"schema_type":"default","schema_type_options":null,"pillar_content":false,"robots_default":true,"robots_noindex":false,"robots_noarchive":false,"robots_nosnippet":false,"robots_nofollow":false,"robots_noimageindex":false,"robots_noodp":false,"robots_notranslate":false,"robots_max_snippet":"-1","robots_max_videopreview":"-1","robots_max_imagepreview":"large","priority":null,"frequency":"default","local_seo":null,"limit_modified_date":false,"created":"2026-06-08 08:59:26","updated":"2026-09-03 18:16:53","focus_keyword":null,"additional_keywords":null,"truseo_locale":null,"ai":null,"breadcrumb_settings":null,"seo_analyzer_scan_date":null},"aioseo_breadcrumb":"<div class=\"aioseo-breadcrumbs\"><span class=\"aioseo-breadcrumb\">\n\t\t\t<a href=\"https:\/\/www.spkatarzyna.pl\" title=\"Dom\">Dom<\/a>\n\t\t<\/span><span class=\"aioseo-breadcrumb-separator\">&raquo;<\/span><span class=\"aioseo-breadcrumb\">\n\t\t\t<a href=\"https:\/\/www.spkatarzyna.pl\/index.php\/category\/uncategorized\/\" title=\"Uncategorized\">Uncategorized<\/a>\n\t\t<\/span><span class=\"aioseo-breadcrumb-separator\">&raquo;<\/span><span class=\"aioseo-breadcrumb\">\n\t\t\tKiermasz charytatywny \u201eGive a Paw\u201d\n\t\t<\/span><\/div>","aioseo_breadcrumb_json":[{"label":"Dom","link":"https:\/\/www.spkatarzyna.pl"},{"label":"Uncategorized","link":"https:\/\/www.spkatarzyna.pl\/index.php\/category\/uncategorized\/"},{"label":"Kiermasz charytatywny \u201eGive a Paw\u201d","link":"https:\/\/www.spkatarzyna.pl\/index.php\/2026\/06\/08\/kiermasz-charytatywny-give-a-paw\/"}],"_links":{"self":[{"href":"https:\/\/www.spkatarzyna.pl\/index.php\/wp-json\/wp\/v2\/posts\/20285","targetHints":{"allow":["GET"]}}],"collection":[{"href":"https:\/\/www.spkatarzyna.pl\/index.php\/wp-json\/wp\/v2\/posts"}],"about":[{"href":"https:\/\/www.spkatarzyna.pl\/index.php\/wp-json\/wp\/v2\/types\/post"}],"author":[{"embeddable":true,"href":"https:\/\/www.spkatarzyna.pl\/index.php\/wp-json\/wp\/v2\/users\/6"}],"replies":[{"embeddable":true,"href":"https:\/\/www.spkatarzyna.pl\/index.php\/wp-json\/wp\/v2\/comments?post=20285"}],"version-history":[{"count":4,"href":"https:\/\/www.spkatarzyna.pl\/index.php\/wp-json\/wp\/v2\/posts\/20285\/revisions"}],"predecessor-version":[{"id":20304,"href":"https:\/\/www.spkatarzyna.pl\/index.php\/wp-json\/wp\/v2\/posts\/20285\/revisions\/20304"}],"wp:featuredmedia":[{"embeddable":true,"href":"https:\/\/www.spkatarzyna.pl\/index.php\/wp-json\/wp\/v2\/media\/20286"}],"wp:attachment":[{"href":"https:\/\/www.spkatarzyna.pl\/index.php\/wp-json\/wp\/v2\/media?parent=20285"}],"wp:term":[{"taxonomy":"category","embeddable":true,"href":"https:\/\/www.spkatarzyna.pl\/index.php\/wp-json\/wp\/v2\/categories?post=20285"},{"taxonomy":"post_tag","embeddable":true,"href":"https:\/\/www.spkatarzyna.pl\/index.php\/wp-json\/wp\/v2\/tags?post=20285"}],"curies":[{"name":"wp","href":"https:\/\/api.w.org\/{rel}","templated":true}]}}