{"id":20305,"date":"2026-06-25T10:11:21","date_gmt":"2026-06-25T08:11:21","guid":{"rendered":"https:\/\/www.spkatarzyna.pl\/?p=20305"},"modified":"2026-06-25T10:16:36","modified_gmt":"2026-06-25T08:16:36","slug":"bezplatne-polkolonie-w-naszej-szkole","status":"publish","type":"post","link":"https:\/\/www.spkatarzyna.pl\/index.php\/2026\/06\/25\/bezplatne-polkolonie-w-naszej-szkole\/","title":{"rendered":"Bezp\u0142atne p\u00f3\u0142kolonie w naszej szkole"},"content":{"rendered":"\t\t<div data-elementor-type=\"wp-post\" data-elementor-id=\"20305\" class=\"elementor elementor-20305\">\n\t\t\t\t<div class=\"elementor-element elementor-element-7bcb7df e-flex e-con-boxed e-con e-parent\" data-id=\"7bcb7df\" data-element_type=\"container\">\n\t\t\t\t\t<div class=\"e-con-inner\">\n\t\t\t\t<div class=\"elementor-element elementor-element-55f1f7dd elementor-widget elementor-widget-text-editor\" data-id=\"55f1f7dd\" data-element_type=\"widget\" data-widget_type=\"text-editor.default\">\n\t\t\t\t\t\t\t\t\t<p style=\"text-align: justify;\"><span style=\"font-weight: 400; font-size: 14pt;\">Szukacie ciekawego i warto\u015bciowego pomys\u0142u na wakacje dla dziecka? Mamy dla Was idealn\u0105 propozycj\u0119! Zapraszamy uczennice i uczni\u00f3w klas IV-VIII na bezp\u0142atne czterodniowe p\u00f3\u0142kolonie z Klubem Cyfrowych Mo\u017cliwo\u015bci, organizowane w naszej szkole!&nbsp;<\/span><\/p>\n<p style=\"text-align: justify;\"><span style=\"font-weight: 400; font-size: 14pt;\">W programie mi\u0119dzy innymi:<\/span><\/p>\n<p style=\"text-align: justify;\"><span style=\"font-size: 14pt;\"><span style=\"font-weight: 400;\"> roboty <\/span><span style=\"font-weight: 400;\"> Minecraft i projektowanie gier <\/span><span style=\"font-weight: 400;\"> tworzenie instrument\u00f3w muzycznych <\/span><span style=\"font-weight: 400;\"> nauka przez dzia\u0142anie i do\u015bwiadczenie<\/span><\/span><\/p>\n<p style=\"text-align: justify;\"><span style=\"font-size: 14pt;\"><b>Kiedy i gdzie si\u0119 spotykamy?<\/b><\/span><\/p>\n<p style=\"text-align: justify;\"><span style=\"font-size: 14pt;\"><span style=\"font-weight: 400;\">\ud83d\udcc5 <\/span><span style=\"font-weight: 400;\">25-28.08.2026 r. (wtorek-pi\u0105tek)<\/span><span style=\"font-weight: 400;\"><br><\/span><span style=\"font-weight: 400;\">\ud83c\udfeb<\/span><span style=\"font-weight: 400;\"> Publiczna Szko\u0142a Podstawowa im. Stefana Kardyna\u0142a Wyszy\u0144skiego Prymasa Tysi\u0105clecia w \u015awi\u0119tej Katarzynie, ul. G\u0142\u00f3wna 94<\/span><\/span><\/p>\n<p style=\"text-align: justify;\"><span style=\"font-size: 14pt;\"><span style=\"font-weight: 400;\">\u2757 <\/span><span style=\"font-weight: 400;\">Liczba miejsc jest ograniczona \u2013 decyduje kolejno\u015b\u0107 zg\u0142osze\u0144! Dziecko mo\u017ce zg\u0142osi\u0107 wy\u0142\u0105cznie rodzic lub opiekun prawny.<\/span><span style=\"font-weight: 400;\"><br><\/span><span style=\"font-weight: 400;\">\ud83d\udcda <\/span><span style=\"font-weight: 400;\">Uczestnicy otrzymaj\u0105 pakiet materia\u0142\u00f3w edukacyjnych \u2013 dla siebie i dla rodzic\u00f3w.<\/span><\/span><\/p>\n<p><\/p>\n<p style=\"text-align: justify;\"><span style=\"font-size: 14pt;\"><span style=\"font-weight: 400;\">\ud83d\udc49 <\/span><span style=\"font-weight: 400;\">Zg\u0142oszenia na stronie: <\/span><a href=\"https:\/\/klubcyfrowychmozliwosci.pl\/harmonogram\"><span style=\"font-weight: 400;\">https:\/\/klubcyfrowychmozliwosci.pl\/harmonogram<\/span><\/a><span style=\"font-weight: 400;\">&nbsp;<\/span><\/span><\/p>\n<p style=\"text-align: justify;\"><span style=\"font-weight: 400; font-size: 14pt;\">Nie przegap okazji! Zapisz swoje dziecko ju\u017c dzi\u015b.<\/span><\/p>\n<p style=\"text-align: justify;\"><span style=\"font-weight: 400; font-size: 14pt;\">#FunduszeUE<\/span><\/p>\t\t\t\t\t\t\t\t<\/div>\n\t\t\t\t<div class=\"elementor-element elementor-element-c90916a elementor-widget elementor-widget-image\" data-id=\"c90916a\" data-element_type=\"widget\" data-widget_type=\"image.default\">\n\t\t\t\t\t\t\t\t\t\t\t\t\t\t\t<img fetchpriority=\"high\" decoding=\"async\" width=\"768\" height=\"1086\" src=\"https:\/\/www.spkatarzyna.pl\/wp-content\/uploads\/2026\/06\/Swieta-Katarzyna_grafika-na-SM-768x1086.jpg\" class=\"attachment-medium_large size-medium_large wp-image-20308\" alt=\"\" srcset=\"https:\/\/www.spkatarzyna.pl\/wp-content\/uploads\/2026\/06\/Swieta-Katarzyna_grafika-na-SM-768x1086.jpg 768w, https:\/\/www.spkatarzyna.pl\/wp-content\/uploads\/2026\/06\/Swieta-Katarzyna_grafika-na-SM-212x300.jpg 212w, https:\/\/www.spkatarzyna.pl\/wp-content\/uploads\/2026\/06\/Swieta-Katarzyna_grafika-na-SM-724x1024.jpg 724w, https:\/\/www.spkatarzyna.pl\/wp-content\/uploads\/2026\/06\/Swieta-Katarzyna_grafika-na-SM.jpg 843w\" sizes=\"(max-width: 768px) 100vw, 768px\" \/>\t\t\t\t\t\t\t\t\t\t\t\t\t\t\t<\/div>\n\t\t\t\t\t<\/div>\n\t\t\t\t<\/div>\n\t\t\t\t<\/div>\n\t\t","protected":false},"excerpt":{"rendered":"<p>Szukacie ciekawego i warto\u015bciowego pomys\u0142u na wakacje dla dziecka? Mamy dla Was idealn\u0105 propozycj\u0119! Zapraszamy uczennice i uczni\u00f3w klas IV-VIII na bezp\u0142atne czterodniowe p\u00f3\u0142kolonie z Klubem Cyfrowych Mo\u017cliwo\u015bci, organizowane w naszej szkole!&nbsp; W programie mi\u0119dzy innymi: roboty Minecraft i projektowanie gier tworzenie instrument\u00f3w muzycznych nauka przez dzia\u0142anie i do\u015bwiadczenie Kiedy [&hellip;]<\/p>\n","protected":false},"author":6,"featured_media":20306,"comment_status":"open","ping_status":"open","sticky":false,"template":"","format":"standard","meta":{"om_disable_all_campaigns":false,"_monsterinsights_skip_tracking":false,"ngg_post_thumbnail":0,"footnotes":""},"categories":[1],"tags":[],"class_list":["post-20305","post","type-post","status-publish","format-standard","has-post-thumbnail","hentry","category-uncategorized"],"aioseo_notices":[],"aioseo_head":"\n\t\t<!-- All in One SEO 5.0.1.1 - aioseo.com -->\n\t<meta name=\"description\" content=\"Szukacie ciekawego i warto\u015bciowego pomys\u0142u na wakacje dla dziecka? Mamy dla Was idealn\u0105 propozycj\u0119! Zapraszamy uczennice i uczni\u00f3w klas IV-VIII na bezp\u0142atne czterodniowe p\u00f3\u0142kolonie z Klubem Cyfrowych Mo\u017cliwo\u015bci, organizowane w naszej szkole! W programie mi\u0119dzy innymi: roboty Minecraft i projektowanie gier tworzenie instrument\u00f3w muzycznych nauka przez dzia\u0142anie i do\u015bwiadczenie Kiedy i gdzie si\u0119 spotykamy? \ud83d\udcc5\" \/>\n\t<meta name=\"robots\" content=\"max-image-preview:large\" \/>\n\t<meta name=\"author\" content=\"Redakcja\"\/>\n\t<link rel=\"canonical\" href=\"https:\/\/www.spkatarzyna.pl\/index.php\/2026\/06\/25\/bezplatne-polkolonie-w-naszej-szkole\/\" \/>\n\t<meta name=\"generator\" content=\"All in One SEO (AIOSEO) 5.0.1.1\" \/>\n\t\t<meta property=\"og:locale\" content=\"pl_PL\" \/>\n\t\t<meta property=\"og:site_name\" content=\"SP Katarzyna - Publiczna Szko\u0142a Podstawowa w \u015awi\u0119tej Katarzynie\" \/>\n\t\t<meta property=\"og:type\" content=\"article\" \/>\n\t\t<meta property=\"og:title\" content=\"Bezp\u0142atne p\u00f3\u0142kolonie w naszej szkole - SP Katarzyna\" \/>\n\t\t<meta property=\"og:description\" content=\"Szukacie ciekawego i warto\u015bciowego pomys\u0142u na wakacje dla dziecka? Mamy dla Was idealn\u0105 propozycj\u0119! Zapraszamy uczennice i uczni\u00f3w klas IV-VIII na bezp\u0142atne czterodniowe p\u00f3\u0142kolonie z Klubem Cyfrowych Mo\u017cliwo\u015bci, organizowane w naszej szkole! W programie mi\u0119dzy innymi: roboty Minecraft i projektowanie gier tworzenie instrument\u00f3w muzycznych nauka przez dzia\u0142anie i do\u015bwiadczenie Kiedy i gdzie si\u0119 spotykamy? \ud83d\udcc5\" \/>\n\t\t<meta property=\"og:url\" content=\"https:\/\/www.spkatarzyna.pl\/index.php\/2026\/06\/25\/bezplatne-polkolonie-w-naszej-szkole\/\" \/>\n\t\t<meta property=\"article:published_time\" content=\"2026-06-25T08:11:21+00:00\" \/>\n\t\t<meta property=\"article:modified_time\" content=\"2026-06-25T08:16:36+00:00\" \/>\n\t\t<meta name=\"twitter:card\" content=\"summary_large_image\" \/>\n\t\t<meta name=\"twitter:title\" content=\"Bezp\u0142atne p\u00f3\u0142kolonie w naszej szkole - SP Katarzyna\" \/>\n\t\t<meta name=\"twitter:description\" content=\"Szukacie ciekawego i warto\u015bciowego pomys\u0142u na wakacje dla dziecka? Mamy dla Was idealn\u0105 propozycj\u0119! Zapraszamy uczennice i uczni\u00f3w klas IV-VIII na bezp\u0142atne czterodniowe p\u00f3\u0142kolonie z Klubem Cyfrowych Mo\u017cliwo\u015bci, organizowane w naszej szkole! W programie mi\u0119dzy innymi: roboty Minecraft i projektowanie gier tworzenie instrument\u00f3w muzycznych nauka przez dzia\u0142anie i do\u015bwiadczenie Kiedy i gdzie si\u0119 spotykamy? \ud83d\udcc5\" \/>\n\t\t<script type=\"application\/ld+json\" class=\"aioseo-schema\">\n\t\t\t{\"@context\":\"https:\\\/\\\/schema.org\",\"@graph\":[{\"@type\":\"BlogPosting\",\"@id\":\"https:\\\/\\\/www.spkatarzyna.pl\\\/index.php\\\/2026\\\/06\\\/25\\\/bezplatne-polkolonie-w-naszej-szkole\\\/#blogposting\",\"name\":\"Bezp\\u0142atne p\\u00f3\\u0142kolonie w naszej szkole - SP Katarzyna\",\"headline\":\"Bezp\\u0142atne p\\u00f3\\u0142kolonie w naszej szkole\",\"author\":{\"@id\":\"https:\\\/\\\/www.spkatarzyna.pl\\\/index.php\\\/author\\\/agatasafianspkatarzyna-pl\\\/#author\"},\"publisher\":{\"@id\":\"https:\\\/\\\/www.spkatarzyna.pl\\\/#organization\"},\"image\":{\"@type\":\"ImageObject\",\"url\":\"https:\\\/\\\/www.spkatarzyna.pl\\\/wp-content\\\/uploads\\\/2026\\\/06\\\/Swieta-Katarzyna_grafika-na-SM-2.jpg\",\"width\":360,\"height\":202},\"datePublished\":\"2026-06-25T10:11:21+02:00\",\"dateModified\":\"2026-06-25T10:16:36+02:00\",\"inLanguage\":\"pl-PL\",\"mainEntityOfPage\":{\"@id\":\"https:\\\/\\\/www.spkatarzyna.pl\\\/index.php\\\/2026\\\/06\\\/25\\\/bezplatne-polkolonie-w-naszej-szkole\\\/#webpage\"},\"isPartOf\":{\"@id\":\"https:\\\/\\\/www.spkatarzyna.pl\\\/index.php\\\/2026\\\/06\\\/25\\\/bezplatne-polkolonie-w-naszej-szkole\\\/#webpage\"},\"articleSection\":\"Uncategorized\"},{\"@type\":\"BreadcrumbList\",\"@id\":\"https:\\\/\\\/www.spkatarzyna.pl\\\/index.php\\\/2026\\\/06\\\/25\\\/bezplatne-polkolonie-w-naszej-szkole\\\/#breadcrumblist\",\"itemListElement\":[{\"@type\":\"ListItem\",\"@id\":\"https:\\\/\\\/www.spkatarzyna.pl#listItem\",\"position\":1,\"name\":\"Dom\",\"item\":\"https:\\\/\\\/www.spkatarzyna.pl\",\"nextItem\":{\"@type\":\"ListItem\",\"@id\":\"https:\\\/\\\/www.spkatarzyna.pl\\\/index.php\\\/category\\\/uncategorized\\\/#listItem\",\"name\":\"Uncategorized\"}},{\"@type\":\"ListItem\",\"@id\":\"https:\\\/\\\/www.spkatarzyna.pl\\\/index.php\\\/category\\\/uncategorized\\\/#listItem\",\"position\":2,\"name\":\"Uncategorized\",\"item\":\"https:\\\/\\\/www.spkatarzyna.pl\\\/index.php\\\/category\\\/uncategorized\\\/\",\"nextItem\":{\"@type\":\"ListItem\",\"@id\":\"https:\\\/\\\/www.spkatarzyna.pl\\\/index.php\\\/2026\\\/06\\\/25\\\/bezplatne-polkolonie-w-naszej-szkole\\\/#listItem\",\"name\":\"Bezp\\u0142atne p\\u00f3\\u0142kolonie w naszej szkole\"},\"previousItem\":{\"@type\":\"ListItem\",\"@id\":\"https:\\\/\\\/www.spkatarzyna.pl#listItem\",\"name\":\"Dom\"}},{\"@type\":\"ListItem\",\"@id\":\"https:\\\/\\\/www.spkatarzyna.pl\\\/index.php\\\/2026\\\/06\\\/25\\\/bezplatne-polkolonie-w-naszej-szkole\\\/#listItem\",\"position\":3,\"name\":\"Bezp\\u0142atne p\\u00f3\\u0142kolonie w naszej szkole\",\"previousItem\":{\"@type\":\"ListItem\",\"@id\":\"https:\\\/\\\/www.spkatarzyna.pl\\\/index.php\\\/category\\\/uncategorized\\\/#listItem\",\"name\":\"Uncategorized\"}}]},{\"@type\":\"Organization\",\"@id\":\"https:\\\/\\\/www.spkatarzyna.pl\\\/#organization\",\"name\":\"SP Katarzyna\",\"description\":\"Publiczna Szko\\u0142a Podstawowa w \\u015awi\\u0119tej Katarzynie\",\"url\":\"https:\\\/\\\/www.spkatarzyna.pl\\\/\",\"telephone\":\"+48713116378\",\"sameAs\":[\"https:\\\/\\\/facebook.com\\\/\",\"https:\\\/\\\/x.com\\\/\",\"https:\\\/\\\/instagram.com\\\/\",\"https:\\\/\\\/pinterest.com\\\/\",\"https:\\\/\\\/youtube.com\\\/\",\"https:\\\/\\\/linkedin.com\\\/in\\\/\"]},{\"@type\":\"Person\",\"@id\":\"https:\\\/\\\/www.spkatarzyna.pl\\\/index.php\\\/author\\\/agatasafianspkatarzyna-pl\\\/#author\",\"url\":\"https:\\\/\\\/www.spkatarzyna.pl\\\/index.php\\\/author\\\/agatasafianspkatarzyna-pl\\\/\",\"name\":\"Redakcja\",\"image\":{\"@type\":\"ImageObject\",\"@id\":\"https:\\\/\\\/www.spkatarzyna.pl\\\/index.php\\\/2026\\\/06\\\/25\\\/bezplatne-polkolonie-w-naszej-szkole\\\/#authorImage\",\"url\":\"https:\\\/\\\/secure.gravatar.com\\\/avatar\\\/765290513df94d442152250e92b42327?s=96&d=mm&r=g\",\"width\":96,\"height\":96,\"caption\":\"Redakcja\"}},{\"@type\":\"WebPage\",\"@id\":\"https:\\\/\\\/www.spkatarzyna.pl\\\/index.php\\\/2026\\\/06\\\/25\\\/bezplatne-polkolonie-w-naszej-szkole\\\/#webpage\",\"url\":\"https:\\\/\\\/www.spkatarzyna.pl\\\/index.php\\\/2026\\\/06\\\/25\\\/bezplatne-polkolonie-w-naszej-szkole\\\/\",\"name\":\"Bezp\\u0142atne p\\u00f3\\u0142kolonie w naszej szkole - SP Katarzyna\",\"description\":\"Szukacie ciekawego i warto\\u015bciowego pomys\\u0142u na wakacje dla dziecka? Mamy dla Was idealn\\u0105 propozycj\\u0119! Zapraszamy uczennice i uczni\\u00f3w klas IV-VIII na bezp\\u0142atne czterodniowe p\\u00f3\\u0142kolonie z Klubem Cyfrowych Mo\\u017cliwo\\u015bci, organizowane w naszej szkole! W programie mi\\u0119dzy innymi: roboty Minecraft i projektowanie gier tworzenie instrument\\u00f3w muzycznych nauka przez dzia\\u0142anie i do\\u015bwiadczenie Kiedy i gdzie si\\u0119 spotykamy? \\ud83d\\udcc5\",\"inLanguage\":\"pl-PL\",\"isPartOf\":{\"@id\":\"https:\\\/\\\/www.spkatarzyna.pl\\\/#website\"},\"breadcrumb\":{\"@id\":\"https:\\\/\\\/www.spkatarzyna.pl\\\/index.php\\\/2026\\\/06\\\/25\\\/bezplatne-polkolonie-w-naszej-szkole\\\/#breadcrumblist\"},\"author\":{\"@id\":\"https:\\\/\\\/www.spkatarzyna.pl\\\/index.php\\\/author\\\/agatasafianspkatarzyna-pl\\\/#author\"},\"creator\":{\"@id\":\"https:\\\/\\\/www.spkatarzyna.pl\\\/index.php\\\/author\\\/agatasafianspkatarzyna-pl\\\/#author\"},\"image\":{\"@type\":\"ImageObject\",\"url\":\"https:\\\/\\\/www.spkatarzyna.pl\\\/wp-content\\\/uploads\\\/2026\\\/06\\\/Swieta-Katarzyna_grafika-na-SM-2.jpg\",\"@id\":\"https:\\\/\\\/www.spkatarzyna.pl\\\/index.php\\\/2026\\\/06\\\/25\\\/bezplatne-polkolonie-w-naszej-szkole\\\/#mainImage\",\"width\":360,\"height\":202},\"primaryImageOfPage\":{\"@id\":\"https:\\\/\\\/www.spkatarzyna.pl\\\/index.php\\\/2026\\\/06\\\/25\\\/bezplatne-polkolonie-w-naszej-szkole\\\/#mainImage\"},\"datePublished\":\"2026-06-25T10:11:21+02:00\",\"dateModified\":\"2026-06-25T10:16:36+02:00\"},{\"@type\":\"WebSite\",\"@id\":\"https:\\\/\\\/www.spkatarzyna.pl\\\/#website\",\"url\":\"https:\\\/\\\/www.spkatarzyna.pl\\\/\",\"name\":\"SP Katarzyna\",\"description\":\"Publiczna Szko\\u0142a Podstawowa w \\u015awi\\u0119tej Katarzynie\",\"inLanguage\":\"pl-PL\",\"publisher\":{\"@id\":\"https:\\\/\\\/www.spkatarzyna.pl\\\/#organization\"}}]}\n\t\t<\/script>\n\t\t<!-- All in One SEO -->\n\n","aioseo_head_json":{"title":"Bezp\u0142atne p\u00f3\u0142kolonie w naszej szkole - SP Katarzyna","description":"Szukacie ciekawego i warto\u015bciowego pomys\u0142u na wakacje dla dziecka? Mamy dla Was idealn\u0105 propozycj\u0119! Zapraszamy uczennice i uczni\u00f3w klas IV-VIII na bezp\u0142atne czterodniowe p\u00f3\u0142kolonie z Klubem Cyfrowych Mo\u017cliwo\u015bci, organizowane w naszej szkole! W programie mi\u0119dzy innymi: roboty Minecraft i projektowanie gier tworzenie instrument\u00f3w muzycznych nauka przez dzia\u0142anie i do\u015bwiadczenie Kiedy i gdzie si\u0119 spotykamy? \ud83d\udcc5","canonical_url":"https:\/\/www.spkatarzyna.pl\/index.php\/2026\/06\/25\/bezplatne-polkolonie-w-naszej-szkole\/","robots":"max-image-preview:large","keywords":"","webmasterTools":{"miscellaneous":""},"schema":{"@context":"https:\/\/schema.org","@graph":[{"@type":"BlogPosting","@id":"https:\/\/www.spkatarzyna.pl\/index.php\/2026\/06\/25\/bezplatne-polkolonie-w-naszej-szkole\/#blogposting","name":"Bezp\u0142atne p\u00f3\u0142kolonie w naszej szkole - SP Katarzyna","headline":"Bezp\u0142atne p\u00f3\u0142kolonie w naszej szkole","author":{"@id":"https:\/\/www.spkatarzyna.pl\/index.php\/author\/agatasafianspkatarzyna-pl\/#author"},"publisher":{"@id":"https:\/\/www.spkatarzyna.pl\/#organization"},"image":{"@type":"ImageObject","url":"https:\/\/www.spkatarzyna.pl\/wp-content\/uploads\/2026\/06\/Swieta-Katarzyna_grafika-na-SM-2.jpg","width":360,"height":202},"datePublished":"2026-06-25T10:11:21+02:00","dateModified":"2026-06-25T10:16:36+02:00","inLanguage":"pl-PL","mainEntityOfPage":{"@id":"https:\/\/www.spkatarzyna.pl\/index.php\/2026\/06\/25\/bezplatne-polkolonie-w-naszej-szkole\/#webpage"},"isPartOf":{"@id":"https:\/\/www.spkatarzyna.pl\/index.php\/2026\/06\/25\/bezplatne-polkolonie-w-naszej-szkole\/#webpage"},"articleSection":"Uncategorized"},{"@type":"BreadcrumbList","@id":"https:\/\/www.spkatarzyna.pl\/index.php\/2026\/06\/25\/bezplatne-polkolonie-w-naszej-szkole\/#breadcrumblist","itemListElement":[{"@type":"ListItem","@id":"https:\/\/www.spkatarzyna.pl#listItem","position":1,"name":"Dom","item":"https:\/\/www.spkatarzyna.pl","nextItem":{"@type":"ListItem","@id":"https:\/\/www.spkatarzyna.pl\/index.php\/category\/uncategorized\/#listItem","name":"Uncategorized"}},{"@type":"ListItem","@id":"https:\/\/www.spkatarzyna.pl\/index.php\/category\/uncategorized\/#listItem","position":2,"name":"Uncategorized","item":"https:\/\/www.spkatarzyna.pl\/index.php\/category\/uncategorized\/","nextItem":{"@type":"ListItem","@id":"https:\/\/www.spkatarzyna.pl\/index.php\/2026\/06\/25\/bezplatne-polkolonie-w-naszej-szkole\/#listItem","name":"Bezp\u0142atne p\u00f3\u0142kolonie w naszej szkole"},"previousItem":{"@type":"ListItem","@id":"https:\/\/www.spkatarzyna.pl#listItem","name":"Dom"}},{"@type":"ListItem","@id":"https:\/\/www.spkatarzyna.pl\/index.php\/2026\/06\/25\/bezplatne-polkolonie-w-naszej-szkole\/#listItem","position":3,"name":"Bezp\u0142atne p\u00f3\u0142kolonie w naszej szkole","previousItem":{"@type":"ListItem","@id":"https:\/\/www.spkatarzyna.pl\/index.php\/category\/uncategorized\/#listItem","name":"Uncategorized"}}]},{"@type":"Organization","@id":"https:\/\/www.spkatarzyna.pl\/#organization","name":"SP Katarzyna","description":"Publiczna Szko\u0142a Podstawowa w \u015awi\u0119tej Katarzynie","url":"https:\/\/www.spkatarzyna.pl\/","telephone":"+48713116378","sameAs":["https:\/\/facebook.com\/","https:\/\/x.com\/","https:\/\/instagram.com\/","https:\/\/pinterest.com\/","https:\/\/youtube.com\/","https:\/\/linkedin.com\/in\/"]},{"@type":"Person","@id":"https:\/\/www.spkatarzyna.pl\/index.php\/author\/agatasafianspkatarzyna-pl\/#author","url":"https:\/\/www.spkatarzyna.pl\/index.php\/author\/agatasafianspkatarzyna-pl\/","name":"Redakcja","image":{"@type":"ImageObject","@id":"https:\/\/www.spkatarzyna.pl\/index.php\/2026\/06\/25\/bezplatne-polkolonie-w-naszej-szkole\/#authorImage","url":"https:\/\/secure.gravatar.com\/avatar\/765290513df94d442152250e92b42327?s=96&d=mm&r=g","width":96,"height":96,"caption":"Redakcja"}},{"@type":"WebPage","@id":"https:\/\/www.spkatarzyna.pl\/index.php\/2026\/06\/25\/bezplatne-polkolonie-w-naszej-szkole\/#webpage","url":"https:\/\/www.spkatarzyna.pl\/index.php\/2026\/06\/25\/bezplatne-polkolonie-w-naszej-szkole\/","name":"Bezp\u0142atne p\u00f3\u0142kolonie w naszej szkole - SP Katarzyna","description":"Szukacie ciekawego i warto\u015bciowego pomys\u0142u na wakacje dla dziecka? Mamy dla Was idealn\u0105 propozycj\u0119! Zapraszamy uczennice i uczni\u00f3w klas IV-VIII na bezp\u0142atne czterodniowe p\u00f3\u0142kolonie z Klubem Cyfrowych Mo\u017cliwo\u015bci, organizowane w naszej szkole! W programie mi\u0119dzy innymi: roboty Minecraft i projektowanie gier tworzenie instrument\u00f3w muzycznych nauka przez dzia\u0142anie i do\u015bwiadczenie Kiedy i gdzie si\u0119 spotykamy? \ud83d\udcc5","inLanguage":"pl-PL","isPartOf":{"@id":"https:\/\/www.spkatarzyna.pl\/#website"},"breadcrumb":{"@id":"https:\/\/www.spkatarzyna.pl\/index.php\/2026\/06\/25\/bezplatne-polkolonie-w-naszej-szkole\/#breadcrumblist"},"author":{"@id":"https:\/\/www.spkatarzyna.pl\/index.php\/author\/agatasafianspkatarzyna-pl\/#author"},"creator":{"@id":"https:\/\/www.spkatarzyna.pl\/index.php\/author\/agatasafianspkatarzyna-pl\/#author"},"image":{"@type":"ImageObject","url":"https:\/\/www.spkatarzyna.pl\/wp-content\/uploads\/2026\/06\/Swieta-Katarzyna_grafika-na-SM-2.jpg","@id":"https:\/\/www.spkatarzyna.pl\/index.php\/2026\/06\/25\/bezplatne-polkolonie-w-naszej-szkole\/#mainImage","width":360,"height":202},"primaryImageOfPage":{"@id":"https:\/\/www.spkatarzyna.pl\/index.php\/2026\/06\/25\/bezplatne-polkolonie-w-naszej-szkole\/#mainImage"},"datePublished":"2026-06-25T10:11:21+02:00","dateModified":"2026-06-25T10:16:36+02:00"},{"@type":"WebSite","@id":"https:\/\/www.spkatarzyna.pl\/#website","url":"https:\/\/www.spkatarzyna.pl\/","name":"SP Katarzyna","description":"Publiczna Szko\u0142a Podstawowa w \u015awi\u0119tej Katarzynie","inLanguage":"pl-PL","publisher":{"@id":"https:\/\/www.spkatarzyna.pl\/#organization"}}]},"og:locale":"pl_PL","og:site_name":"SP Katarzyna - Publiczna Szko\u0142a Podstawowa w \u015awi\u0119tej Katarzynie","og:type":"article","og:title":"Bezp\u0142atne p\u00f3\u0142kolonie w naszej szkole - SP Katarzyna","og:description":"Szukacie ciekawego i warto\u015bciowego pomys\u0142u na wakacje dla dziecka? Mamy dla Was idealn\u0105 propozycj\u0119! Zapraszamy uczennice i uczni\u00f3w klas IV-VIII na bezp\u0142atne czterodniowe p\u00f3\u0142kolonie z Klubem Cyfrowych Mo\u017cliwo\u015bci, organizowane w naszej szkole! W programie mi\u0119dzy innymi: roboty Minecraft i projektowanie gier tworzenie instrument\u00f3w muzycznych nauka przez dzia\u0142anie i do\u015bwiadczenie Kiedy i gdzie si\u0119 spotykamy? \ud83d\udcc5","og:url":"https:\/\/www.spkatarzyna.pl\/index.php\/2026\/06\/25\/bezplatne-polkolonie-w-naszej-szkole\/","article:published_time":"2026-06-25T08:11:21+00:00","article:modified_time":"2026-06-25T08:16:36+00:00","twitter:card":"summary_large_image","twitter:title":"Bezp\u0142atne p\u00f3\u0142kolonie w naszej szkole - SP Katarzyna","twitter:description":"Szukacie ciekawego i warto\u015bciowego pomys\u0142u na wakacje dla dziecka? Mamy dla Was idealn\u0105 propozycj\u0119! Zapraszamy uczennice i uczni\u00f3w klas IV-VIII na bezp\u0142atne czterodniowe p\u00f3\u0142kolonie z Klubem Cyfrowych Mo\u017cliwo\u015bci, organizowane w naszej szkole! W programie mi\u0119dzy innymi: roboty Minecraft i projektowanie gier tworzenie instrument\u00f3w muzycznych nauka przez dzia\u0142anie i do\u015bwiadczenie Kiedy i gdzie si\u0119 spotykamy? \ud83d\udcc5"},"aioseo_meta_data":{"post_id":"20305","title":null,"description":null,"keywords":null,"keyphrases":{"focus":[],"additional":[]},"primary_term":null,"canonical_url":null,"og_title":null,"og_description":null,"og_object_type":"default","og_image_type":"default","og_image_url":null,"og_image_width":null,"og_image_height":null,"og_image_custom_url":null,"og_image_custom_fields":null,"og_video":"","og_custom_url":null,"og_article_section":null,"og_article_tags":null,"twitter_use_og":false,"twitter_card":"default","twitter_image_type":"default","twitter_image_url":null,"twitter_image_custom_url":null,"twitter_image_custom_fields":null,"twitter_title":null,"twitter_description":null,"schema":{"blockGraphs":[],"customGraphs":[],"default":{"data":{"Article":[],"Course":[],"Dataset":[],"FAQPage":[],"Movie":[],"Person":[],"Product":[],"ProductReview":[],"Car":[],"Recipe":[],"Service":[],"SoftwareApplication":[],"WebPage":[]},"graphName":"BlogPosting","isEnabled":true},"graphs":[]},"schema_type":"default","schema_type_options":null,"pillar_content":false,"robots_default":true,"robots_noindex":false,"robots_noarchive":false,"robots_nosnippet":false,"robots_nofollow":false,"robots_noimageindex":false,"robots_noodp":false,"robots_notranslate":false,"robots_max_snippet":"-1","robots_max_videopreview":"-1","robots_max_imagepreview":"large","priority":null,"frequency":"default","local_seo":null,"limit_modified_date":false,"created":"2026-06-08 09:13:37","updated":"2026-09-03 18:21:45","focus_keyword":null,"additional_keywords":null,"truseo_locale":null,"ai":null,"breadcrumb_settings":null,"seo_analyzer_scan_date":null},"aioseo_breadcrumb":"<div class=\"aioseo-breadcrumbs\"><span class=\"aioseo-breadcrumb\">\n\t\t\t<a href=\"https:\/\/www.spkatarzyna.pl\" title=\"Dom\">Dom<\/a>\n\t\t<\/span><span class=\"aioseo-breadcrumb-separator\">&raquo;<\/span><span class=\"aioseo-breadcrumb\">\n\t\t\t<a href=\"https:\/\/www.spkatarzyna.pl\/index.php\/category\/uncategorized\/\" title=\"Uncategorized\">Uncategorized<\/a>\n\t\t<\/span><span class=\"aioseo-breadcrumb-separator\">&raquo;<\/span><span class=\"aioseo-breadcrumb\">\n\t\t\tBezp\u0142atne p\u00f3\u0142kolonie w naszej szkole\n\t\t<\/span><\/div>","aioseo_breadcrumb_json":[{"label":"Dom","link":"https:\/\/www.spkatarzyna.pl"},{"label":"Uncategorized","link":"https:\/\/www.spkatarzyna.pl\/index.php\/category\/uncategorized\/"},{"label":"Bezp\u0142atne p\u00f3\u0142kolonie w naszej szkole","link":"https:\/\/www.spkatarzyna.pl\/index.php\/2026\/06\/25\/bezplatne-polkolonie-w-naszej-szkole\/"}],"_links":{"self":[{"href":"https:\/\/www.spkatarzyna.pl\/index.php\/wp-json\/wp\/v2\/posts\/20305","targetHints":{"allow":["GET"]}}],"collection":[{"href":"https:\/\/www.spkatarzyna.pl\/index.php\/wp-json\/wp\/v2\/posts"}],"about":[{"href":"https:\/\/www.spkatarzyna.pl\/index.php\/wp-json\/wp\/v2\/types\/post"}],"author":[{"embeddable":true,"href":"https:\/\/www.spkatarzyna.pl\/index.php\/wp-json\/wp\/v2\/users\/6"}],"replies":[{"embeddable":true,"href":"https:\/\/www.spkatarzyna.pl\/index.php\/wp-json\/wp\/v2\/comments?post=20305"}],"version-history":[{"count":8,"href":"https:\/\/www.spkatarzyna.pl\/index.php\/wp-json\/wp\/v2\/posts\/20305\/revisions"}],"predecessor-version":[{"id":20330,"href":"https:\/\/www.spkatarzyna.pl\/index.php\/wp-json\/wp\/v2\/posts\/20305\/revisions\/20330"}],"wp:featuredmedia":[{"embeddable":true,"href":"https:\/\/www.spkatarzyna.pl\/index.php\/wp-json\/wp\/v2\/media\/20306"}],"wp:attachment":[{"href":"https:\/\/www.spkatarzyna.pl\/index.php\/wp-json\/wp\/v2\/media?parent=20305"}],"wp:term":[{"taxonomy":"category","embeddable":true,"href":"https:\/\/www.spkatarzyna.pl\/index.php\/wp-json\/wp\/v2\/categories?post=20305"},{"taxonomy":"post_tag","embeddable":true,"href":"https:\/\/www.spkatarzyna.pl\/index.php\/wp-json\/wp\/v2\/tags?post=20305"}],"curies":[{"name":"wp","href":"https:\/\/api.w.org\/{rel}","templated":true}]}}