{"id":20316,"date":"2026-06-10T10:54:27","date_gmt":"2026-06-10T08:54:27","guid":{"rendered":"https:\/\/www.spkatarzyna.pl\/?p=20316"},"modified":"2026-06-10T10:59:25","modified_gmt":"2026-06-10T08:59:25","slug":"zakonczenie-projektu-w-klasie-1c","status":"publish","type":"post","link":"https:\/\/www.spkatarzyna.pl\/index.php\/2026\/06\/10\/zakonczenie-projektu-w-klasie-1c\/","title":{"rendered":"Zako\u0144czenie projektu w klasie 1c"},"content":{"rendered":"\t\t<div data-elementor-type=\"wp-post\" data-elementor-id=\"20316\" class=\"elementor elementor-20316\">\n\t\t\t\t<div class=\"elementor-element elementor-element-5d59583b e-flex e-con-boxed e-con e-parent\" data-id=\"5d59583b\" data-element_type=\"container\">\n\t\t\t\t\t<div class=\"e-con-inner\">\n\t\t\t\t<div class=\"elementor-element elementor-element-6207b7c9 elementor-widget elementor-widget-text-editor\" data-id=\"6207b7c9\" data-element_type=\"widget\" data-widget_type=\"text-editor.default\">\n\t\t\t\t\t\t\t\t\t<p style=\"text-align: justify;\"><span style=\"font-weight: 400; font-size: 14pt;\">Klasa 1c po raz ostatni w tym roku wybra\u0142a si\u0119 na wycieczk\u0119 do lasu w Siechnicach w&nbsp;ramach projektu \u201eLe\u015bna Banda\u201d. By\u0142o to podsumowanie naszej le\u015bnej przygody, podczas kt\u00f3rej uczniowie przez ca\u0142y rok poznawali tajemnice przyrody i uczyli si\u0119 uwa\u017cnego obserwowania \u015bwiata wok\u00f3\u0142 siebie.<\/span><\/p>\r\n<p style=\"text-align: justify;\"><span style=\"font-weight: 400; font-size: 14pt;\">W trakcie kolejnych wypraw do lasu dzieci poznawa\u0142y r\u00f3\u017cne gatunki drzew i krzew\u00f3w, odkrywa\u0142y ro\u015bliny rosn\u0105ce w tym wyj\u0105tkowym miejscu i tropi\u0142y \u015blady zwierz\u0105t \u2014 nawet zim\u0105, na \u015bniegu. Budowa\u0142y sza\u0142as, struga\u0142y patyki, rozpala\u0142y ognisko i \u015bwietnie&nbsp; wsp\u00f3\u0142pracowa\u0142y przy zadaniach terenowych. Ka\u017cde takie wyj\u015bcie by\u0142o dla nich spor\u0105 porcj\u0105 wiedzy, ruchem na \u015bwie\u017cym powietrzu i prawdziw\u0105 przygod\u0105 prze\u017cywan\u0105 razem.<\/span><\/p>\r\n<p style=\"text-align: justify;\"><span style=\"font-weight: 400; font-size: 14pt;\">Ca\u0142y projekt okaza\u0142 si\u0119 dla uczni\u00f3w niezwyk\u0142ym do\u015bwiadczeniem \u2014 pe\u0142nym rado\u015bci, odkry\u0107 i realnego kontaktu z natur\u0105.&nbsp;<\/span><\/p>\r\n<p style=\"text-align: right;\"><span style=\"font-weight: 400; font-size: 14pt;\">Ma\u0142gorzata Mazur<\/span><\/p>\r\n<p style=\"text-align: justify;\"><br style=\"font-weight: 400;\"><br style=\"font-weight: 400;\"><\/p>\t\t\t\t\t\t\t\t<\/div>\n\t\t\t\t<div class=\"elementor-element elementor-element-a492162 elementor-widget elementor-widget-image-gallery\" data-id=\"a492162\" data-element_type=\"widget\" data-widget_type=\"image-gallery.default\">\n\t\t\t\t\t\t\t<div class=\"elementor-image-gallery\">\n\t\t\t\n\t\t<div id='gallery-1' class='gallery galleryid-20316 gallery-columns-7 gallery-size-thumbnail gallery1'><script type=\"text\/javascript\">\n\/\/ <![CDATA[\n\tjQuery(document).ready(function () {\n\t\tjQuery(\".gallery1 a\").attr(\"rel\",\"gallery1\");\t\n\t\tjQuery('a[rel=\"gallery1\"]').colorbox({title: function(){ return jQuery(this).children().attr(\"alt\"); }});\n\t});\n\/\/ ]]>\n<\/script>\n<dl class=\"gallery-item\">\n<dt class=\"gallery-icon\">\n<a href=\"https:\/\/www.spkatarzyna.pl\/wp-content\/uploads\/2026\/06\/1781032515280-225x300.jpg\" title=\"\" rel=\"gallery1\" rel=\"lightbox[20316]\"><img decoding=\"async\" src=\"https:\/\/www.spkatarzyna.pl\/wp-content\/uploads\/2026\/06\/1781032515280-150x150.jpg\" width=\"150\" height=\"150\" alt=\"\" \/><\/a>\n<\/dt><\/dl><dl class=\"gallery-item\">\n<dt class=\"gallery-icon\">\n<a href=\"https:\/\/www.spkatarzyna.pl\/wp-content\/uploads\/2026\/06\/1781032515295-225x300.jpg\" title=\"\" rel=\"gallery1\" rel=\"lightbox[20316]\"><img decoding=\"async\" src=\"https:\/\/www.spkatarzyna.pl\/wp-content\/uploads\/2026\/06\/1781032515295-150x150.jpg\" width=\"150\" height=\"150\" alt=\"\" \/><\/a>\n<\/dt><\/dl><dl class=\"gallery-item\">\n<dt class=\"gallery-icon\">\n<a href=\"https:\/\/www.spkatarzyna.pl\/wp-content\/uploads\/2026\/06\/1781032515327-225x300.jpg\" title=\"\" rel=\"gallery1\" rel=\"lightbox[20316]\"><img decoding=\"async\" src=\"https:\/\/www.spkatarzyna.pl\/wp-content\/uploads\/2026\/06\/1781032515327-150x150.jpg\" width=\"150\" height=\"150\" alt=\"\" \/><\/a>\n<\/dt><\/dl><dl class=\"gallery-item\">\n<dt class=\"gallery-icon\">\n<a href=\"https:\/\/www.spkatarzyna.pl\/wp-content\/uploads\/2026\/06\/1781032565657-225x300.jpg\" title=\"\" rel=\"gallery1\" rel=\"lightbox[20316]\"><img loading=\"lazy\" decoding=\"async\" src=\"https:\/\/www.spkatarzyna.pl\/wp-content\/uploads\/2026\/06\/1781032565657-150x150.jpg\" width=\"150\" height=\"150\" alt=\"\" \/><\/a>\n<\/dt><\/dl><dl class=\"gallery-item\">\n<dt class=\"gallery-icon\">\n<a href=\"https:\/\/www.spkatarzyna.pl\/wp-content\/uploads\/2026\/06\/1781032565674-300x225.jpg\" title=\"\" rel=\"gallery1\" rel=\"lightbox[20316]\"><img loading=\"lazy\" decoding=\"async\" src=\"https:\/\/www.spkatarzyna.pl\/wp-content\/uploads\/2026\/06\/1781032565674-150x150.jpg\" width=\"150\" height=\"150\" alt=\"\" \/><\/a>\n<\/dt><\/dl><dl class=\"gallery-item\">\n<dt class=\"gallery-icon\">\n<a href=\"https:\/\/www.spkatarzyna.pl\/wp-content\/uploads\/2026\/06\/1781032565690-225x300.jpg\" title=\"\" rel=\"gallery1\" rel=\"lightbox[20316]\"><img loading=\"lazy\" decoding=\"async\" src=\"https:\/\/www.spkatarzyna.pl\/wp-content\/uploads\/2026\/06\/1781032565690-150x150.jpg\" width=\"150\" height=\"150\" alt=\"\" \/><\/a>\n<\/dt><\/dl><dl class=\"gallery-item\">\n<dt class=\"gallery-icon\">\n<a href=\"https:\/\/www.spkatarzyna.pl\/wp-content\/uploads\/2026\/06\/1781032565708-225x300.jpg\" title=\"\" rel=\"gallery1\" rel=\"lightbox[20316]\"><img loading=\"lazy\" decoding=\"async\" src=\"https:\/\/www.spkatarzyna.pl\/wp-content\/uploads\/2026\/06\/1781032565708-150x150.jpg\" width=\"150\" height=\"150\" alt=\"\" \/><\/a>\n<\/dt><\/dl><br style=\"clear: both\" \/><br style=\"clear: both\" \/><\/div>\t\t<\/div>\n\t\t\t\t\t\t<\/div>\n\t\t\t\t\t<\/div>\n\t\t\t\t<\/div>\n\t\t\t\t<\/div>\n\t\t","protected":false},"excerpt":{"rendered":"<p>Klasa 1c po raz ostatni w tym roku wybra\u0142a si\u0119 na wycieczk\u0119 do lasu w Siechnicach w&nbsp;ramach projektu \u201eLe\u015bna Banda\u201d. By\u0142o to podsumowanie naszej le\u015bnej przygody, podczas kt\u00f3rej uczniowie przez ca\u0142y rok poznawali tajemnice przyrody i uczyli si\u0119 uwa\u017cnego obserwowania \u015bwiata wok\u00f3\u0142 siebie. W trakcie kolejnych wypraw do lasu dzieci [&hellip;]<\/p>\n","protected":false},"author":6,"featured_media":20317,"comment_status":"open","ping_status":"open","sticky":false,"template":"","format":"standard","meta":{"om_disable_all_campaigns":false,"_monsterinsights_skip_tracking":false,"ngg_post_thumbnail":0,"footnotes":""},"categories":[1],"tags":[],"class_list":["post-20316","post","type-post","status-publish","format-standard","has-post-thumbnail","hentry","category-uncategorized"],"aioseo_notices":[],"aioseo_head":"\n\t\t<!-- All in One SEO 5.0.1.1 - aioseo.com -->\n\t<meta name=\"description\" content=\"Klasa 1c po raz ostatni w tym roku wybra\u0142a si\u0119 na wycieczk\u0119 do lasu w Siechnicach w ramach projektu \u201eLe\u015bna Banda\u201d. By\u0142o to podsumowanie naszej le\u015bnej przygody, podczas kt\u00f3rej uczniowie przez ca\u0142y rok poznawali tajemnice przyrody i uczyli si\u0119 uwa\u017cnego obserwowania \u015bwiata wok\u00f3\u0142 siebie. W trakcie kolejnych wypraw do lasu dzieci poznawa\u0142y r\u00f3\u017cne gatunki drzew i\" \/>\n\t<meta name=\"robots\" content=\"max-image-preview:large\" \/>\n\t<meta name=\"author\" content=\"Redakcja\"\/>\n\t<link rel=\"canonical\" href=\"https:\/\/www.spkatarzyna.pl\/index.php\/2026\/06\/10\/zakonczenie-projektu-w-klasie-1c\/\" \/>\n\t<meta name=\"generator\" content=\"All in One SEO (AIOSEO) 5.0.1.1\" \/>\n\t\t<meta property=\"og:locale\" content=\"pl_PL\" \/>\n\t\t<meta property=\"og:site_name\" content=\"SP Katarzyna - Publiczna Szko\u0142a Podstawowa w \u015awi\u0119tej Katarzynie\" \/>\n\t\t<meta property=\"og:type\" content=\"article\" \/>\n\t\t<meta property=\"og:title\" content=\"Zako\u0144czenie projektu w klasie 1c - SP Katarzyna\" \/>\n\t\t<meta property=\"og:description\" content=\"Klasa 1c po raz ostatni w tym roku wybra\u0142a si\u0119 na wycieczk\u0119 do lasu w Siechnicach w ramach projektu \u201eLe\u015bna Banda\u201d. By\u0142o to podsumowanie naszej le\u015bnej przygody, podczas kt\u00f3rej uczniowie przez ca\u0142y rok poznawali tajemnice przyrody i uczyli si\u0119 uwa\u017cnego obserwowania \u015bwiata wok\u00f3\u0142 siebie. W trakcie kolejnych wypraw do lasu dzieci poznawa\u0142y r\u00f3\u017cne gatunki drzew i\" \/>\n\t\t<meta property=\"og:url\" content=\"https:\/\/www.spkatarzyna.pl\/index.php\/2026\/06\/10\/zakonczenie-projektu-w-klasie-1c\/\" \/>\n\t\t<meta property=\"article:published_time\" content=\"2026-06-10T08:54:27+00:00\" \/>\n\t\t<meta property=\"article:modified_time\" content=\"2026-06-10T08:59:25+00:00\" \/>\n\t\t<meta name=\"twitter:card\" content=\"summary_large_image\" \/>\n\t\t<meta name=\"twitter:title\" content=\"Zako\u0144czenie projektu w klasie 1c - SP Katarzyna\" \/>\n\t\t<meta name=\"twitter:description\" content=\"Klasa 1c po raz ostatni w tym roku wybra\u0142a si\u0119 na wycieczk\u0119 do lasu w Siechnicach w ramach projektu \u201eLe\u015bna Banda\u201d. By\u0142o to podsumowanie naszej le\u015bnej przygody, podczas kt\u00f3rej uczniowie przez ca\u0142y rok poznawali tajemnice przyrody i uczyli si\u0119 uwa\u017cnego obserwowania \u015bwiata wok\u00f3\u0142 siebie. W trakcie kolejnych wypraw do lasu dzieci poznawa\u0142y r\u00f3\u017cne gatunki drzew i\" \/>\n\t\t<script type=\"application\/ld+json\" class=\"aioseo-schema\">\n\t\t\t{\"@context\":\"https:\\\/\\\/schema.org\",\"@graph\":[{\"@type\":\"BlogPosting\",\"@id\":\"https:\\\/\\\/www.spkatarzyna.pl\\\/index.php\\\/2026\\\/06\\\/10\\\/zakonczenie-projektu-w-klasie-1c\\\/#blogposting\",\"name\":\"Zako\\u0144czenie projektu w klasie 1c - SP Katarzyna\",\"headline\":\"Zako\\u0144czenie projektu w klasie 1c\",\"author\":{\"@id\":\"https:\\\/\\\/www.spkatarzyna.pl\\\/index.php\\\/author\\\/agatasafianspkatarzyna-pl\\\/#author\"},\"publisher\":{\"@id\":\"https:\\\/\\\/www.spkatarzyna.pl\\\/#organization\"},\"image\":{\"@type\":\"ImageObject\",\"url\":\"https:\\\/\\\/www.spkatarzyna.pl\\\/wp-content\\\/uploads\\\/2026\\\/06\\\/1781032565674-2.jpg\",\"width\":360,\"height\":202},\"datePublished\":\"2026-06-10T10:54:27+02:00\",\"dateModified\":\"2026-06-10T10:59:25+02:00\",\"inLanguage\":\"pl-PL\",\"mainEntityOfPage\":{\"@id\":\"https:\\\/\\\/www.spkatarzyna.pl\\\/index.php\\\/2026\\\/06\\\/10\\\/zakonczenie-projektu-w-klasie-1c\\\/#webpage\"},\"isPartOf\":{\"@id\":\"https:\\\/\\\/www.spkatarzyna.pl\\\/index.php\\\/2026\\\/06\\\/10\\\/zakonczenie-projektu-w-klasie-1c\\\/#webpage\"},\"articleSection\":\"Uncategorized\"},{\"@type\":\"BreadcrumbList\",\"@id\":\"https:\\\/\\\/www.spkatarzyna.pl\\\/index.php\\\/2026\\\/06\\\/10\\\/zakonczenie-projektu-w-klasie-1c\\\/#breadcrumblist\",\"itemListElement\":[{\"@type\":\"ListItem\",\"@id\":\"https:\\\/\\\/www.spkatarzyna.pl#listItem\",\"position\":1,\"name\":\"Dom\",\"item\":\"https:\\\/\\\/www.spkatarzyna.pl\",\"nextItem\":{\"@type\":\"ListItem\",\"@id\":\"https:\\\/\\\/www.spkatarzyna.pl\\\/index.php\\\/category\\\/uncategorized\\\/#listItem\",\"name\":\"Uncategorized\"}},{\"@type\":\"ListItem\",\"@id\":\"https:\\\/\\\/www.spkatarzyna.pl\\\/index.php\\\/category\\\/uncategorized\\\/#listItem\",\"position\":2,\"name\":\"Uncategorized\",\"item\":\"https:\\\/\\\/www.spkatarzyna.pl\\\/index.php\\\/category\\\/uncategorized\\\/\",\"nextItem\":{\"@type\":\"ListItem\",\"@id\":\"https:\\\/\\\/www.spkatarzyna.pl\\\/index.php\\\/2026\\\/06\\\/10\\\/zakonczenie-projektu-w-klasie-1c\\\/#listItem\",\"name\":\"Zako\\u0144czenie projektu w klasie 1c\"},\"previousItem\":{\"@type\":\"ListItem\",\"@id\":\"https:\\\/\\\/www.spkatarzyna.pl#listItem\",\"name\":\"Dom\"}},{\"@type\":\"ListItem\",\"@id\":\"https:\\\/\\\/www.spkatarzyna.pl\\\/index.php\\\/2026\\\/06\\\/10\\\/zakonczenie-projektu-w-klasie-1c\\\/#listItem\",\"position\":3,\"name\":\"Zako\\u0144czenie projektu w klasie 1c\",\"previousItem\":{\"@type\":\"ListItem\",\"@id\":\"https:\\\/\\\/www.spkatarzyna.pl\\\/index.php\\\/category\\\/uncategorized\\\/#listItem\",\"name\":\"Uncategorized\"}}]},{\"@type\":\"Organization\",\"@id\":\"https:\\\/\\\/www.spkatarzyna.pl\\\/#organization\",\"name\":\"SP Katarzyna\",\"description\":\"Publiczna Szko\\u0142a Podstawowa w \\u015awi\\u0119tej Katarzynie\",\"url\":\"https:\\\/\\\/www.spkatarzyna.pl\\\/\",\"telephone\":\"+48713116378\",\"sameAs\":[\"https:\\\/\\\/facebook.com\\\/\",\"https:\\\/\\\/x.com\\\/\",\"https:\\\/\\\/instagram.com\\\/\",\"https:\\\/\\\/pinterest.com\\\/\",\"https:\\\/\\\/youtube.com\\\/\",\"https:\\\/\\\/linkedin.com\\\/in\\\/\"]},{\"@type\":\"Person\",\"@id\":\"https:\\\/\\\/www.spkatarzyna.pl\\\/index.php\\\/author\\\/agatasafianspkatarzyna-pl\\\/#author\",\"url\":\"https:\\\/\\\/www.spkatarzyna.pl\\\/index.php\\\/author\\\/agatasafianspkatarzyna-pl\\\/\",\"name\":\"Redakcja\",\"image\":{\"@type\":\"ImageObject\",\"@id\":\"https:\\\/\\\/www.spkatarzyna.pl\\\/index.php\\\/2026\\\/06\\\/10\\\/zakonczenie-projektu-w-klasie-1c\\\/#authorImage\",\"url\":\"https:\\\/\\\/secure.gravatar.com\\\/avatar\\\/765290513df94d442152250e92b42327?s=96&d=mm&r=g\",\"width\":96,\"height\":96,\"caption\":\"Redakcja\"}},{\"@type\":\"WebPage\",\"@id\":\"https:\\\/\\\/www.spkatarzyna.pl\\\/index.php\\\/2026\\\/06\\\/10\\\/zakonczenie-projektu-w-klasie-1c\\\/#webpage\",\"url\":\"https:\\\/\\\/www.spkatarzyna.pl\\\/index.php\\\/2026\\\/06\\\/10\\\/zakonczenie-projektu-w-klasie-1c\\\/\",\"name\":\"Zako\\u0144czenie projektu w klasie 1c - SP Katarzyna\",\"description\":\"Klasa 1c po raz ostatni w tym roku wybra\\u0142a si\\u0119 na wycieczk\\u0119 do lasu w Siechnicach w ramach projektu \\u201eLe\\u015bna Banda\\u201d. By\\u0142o to podsumowanie naszej le\\u015bnej przygody, podczas kt\\u00f3rej uczniowie przez ca\\u0142y rok poznawali tajemnice przyrody i uczyli si\\u0119 uwa\\u017cnego obserwowania \\u015bwiata wok\\u00f3\\u0142 siebie. W trakcie kolejnych wypraw do lasu dzieci poznawa\\u0142y r\\u00f3\\u017cne gatunki drzew i\",\"inLanguage\":\"pl-PL\",\"isPartOf\":{\"@id\":\"https:\\\/\\\/www.spkatarzyna.pl\\\/#website\"},\"breadcrumb\":{\"@id\":\"https:\\\/\\\/www.spkatarzyna.pl\\\/index.php\\\/2026\\\/06\\\/10\\\/zakonczenie-projektu-w-klasie-1c\\\/#breadcrumblist\"},\"author\":{\"@id\":\"https:\\\/\\\/www.spkatarzyna.pl\\\/index.php\\\/author\\\/agatasafianspkatarzyna-pl\\\/#author\"},\"creator\":{\"@id\":\"https:\\\/\\\/www.spkatarzyna.pl\\\/index.php\\\/author\\\/agatasafianspkatarzyna-pl\\\/#author\"},\"image\":{\"@type\":\"ImageObject\",\"url\":\"https:\\\/\\\/www.spkatarzyna.pl\\\/wp-content\\\/uploads\\\/2026\\\/06\\\/1781032565674-2.jpg\",\"@id\":\"https:\\\/\\\/www.spkatarzyna.pl\\\/index.php\\\/2026\\\/06\\\/10\\\/zakonczenie-projektu-w-klasie-1c\\\/#mainImage\",\"width\":360,\"height\":202},\"primaryImageOfPage\":{\"@id\":\"https:\\\/\\\/www.spkatarzyna.pl\\\/index.php\\\/2026\\\/06\\\/10\\\/zakonczenie-projektu-w-klasie-1c\\\/#mainImage\"},\"datePublished\":\"2026-06-10T10:54:27+02:00\",\"dateModified\":\"2026-06-10T10:59:25+02:00\"},{\"@type\":\"WebSite\",\"@id\":\"https:\\\/\\\/www.spkatarzyna.pl\\\/#website\",\"url\":\"https:\\\/\\\/www.spkatarzyna.pl\\\/\",\"name\":\"SP Katarzyna\",\"description\":\"Publiczna Szko\\u0142a Podstawowa w \\u015awi\\u0119tej Katarzynie\",\"inLanguage\":\"pl-PL\",\"publisher\":{\"@id\":\"https:\\\/\\\/www.spkatarzyna.pl\\\/#organization\"}}]}\n\t\t<\/script>\n\t\t<!-- All in One SEO -->\n\n","aioseo_head_json":{"title":"Zako\u0144czenie projektu w klasie 1c - SP Katarzyna","description":"Klasa 1c po raz ostatni w tym roku wybra\u0142a si\u0119 na wycieczk\u0119 do lasu w Siechnicach w ramach projektu \u201eLe\u015bna Banda\u201d. By\u0142o to podsumowanie naszej le\u015bnej przygody, podczas kt\u00f3rej uczniowie przez ca\u0142y rok poznawali tajemnice przyrody i uczyli si\u0119 uwa\u017cnego obserwowania \u015bwiata wok\u00f3\u0142 siebie. W trakcie kolejnych wypraw do lasu dzieci poznawa\u0142y r\u00f3\u017cne gatunki drzew i","canonical_url":"https:\/\/www.spkatarzyna.pl\/index.php\/2026\/06\/10\/zakonczenie-projektu-w-klasie-1c\/","robots":"max-image-preview:large","keywords":"","webmasterTools":{"miscellaneous":""},"schema":{"@context":"https:\/\/schema.org","@graph":[{"@type":"BlogPosting","@id":"https:\/\/www.spkatarzyna.pl\/index.php\/2026\/06\/10\/zakonczenie-projektu-w-klasie-1c\/#blogposting","name":"Zako\u0144czenie projektu w klasie 1c - SP Katarzyna","headline":"Zako\u0144czenie projektu w klasie 1c","author":{"@id":"https:\/\/www.spkatarzyna.pl\/index.php\/author\/agatasafianspkatarzyna-pl\/#author"},"publisher":{"@id":"https:\/\/www.spkatarzyna.pl\/#organization"},"image":{"@type":"ImageObject","url":"https:\/\/www.spkatarzyna.pl\/wp-content\/uploads\/2026\/06\/1781032565674-2.jpg","width":360,"height":202},"datePublished":"2026-06-10T10:54:27+02:00","dateModified":"2026-06-10T10:59:25+02:00","inLanguage":"pl-PL","mainEntityOfPage":{"@id":"https:\/\/www.spkatarzyna.pl\/index.php\/2026\/06\/10\/zakonczenie-projektu-w-klasie-1c\/#webpage"},"isPartOf":{"@id":"https:\/\/www.spkatarzyna.pl\/index.php\/2026\/06\/10\/zakonczenie-projektu-w-klasie-1c\/#webpage"},"articleSection":"Uncategorized"},{"@type":"BreadcrumbList","@id":"https:\/\/www.spkatarzyna.pl\/index.php\/2026\/06\/10\/zakonczenie-projektu-w-klasie-1c\/#breadcrumblist","itemListElement":[{"@type":"ListItem","@id":"https:\/\/www.spkatarzyna.pl#listItem","position":1,"name":"Dom","item":"https:\/\/www.spkatarzyna.pl","nextItem":{"@type":"ListItem","@id":"https:\/\/www.spkatarzyna.pl\/index.php\/category\/uncategorized\/#listItem","name":"Uncategorized"}},{"@type":"ListItem","@id":"https:\/\/www.spkatarzyna.pl\/index.php\/category\/uncategorized\/#listItem","position":2,"name":"Uncategorized","item":"https:\/\/www.spkatarzyna.pl\/index.php\/category\/uncategorized\/","nextItem":{"@type":"ListItem","@id":"https:\/\/www.spkatarzyna.pl\/index.php\/2026\/06\/10\/zakonczenie-projektu-w-klasie-1c\/#listItem","name":"Zako\u0144czenie projektu w klasie 1c"},"previousItem":{"@type":"ListItem","@id":"https:\/\/www.spkatarzyna.pl#listItem","name":"Dom"}},{"@type":"ListItem","@id":"https:\/\/www.spkatarzyna.pl\/index.php\/2026\/06\/10\/zakonczenie-projektu-w-klasie-1c\/#listItem","position":3,"name":"Zako\u0144czenie projektu w klasie 1c","previousItem":{"@type":"ListItem","@id":"https:\/\/www.spkatarzyna.pl\/index.php\/category\/uncategorized\/#listItem","name":"Uncategorized"}}]},{"@type":"Organization","@id":"https:\/\/www.spkatarzyna.pl\/#organization","name":"SP Katarzyna","description":"Publiczna Szko\u0142a Podstawowa w \u015awi\u0119tej Katarzynie","url":"https:\/\/www.spkatarzyna.pl\/","telephone":"+48713116378","sameAs":["https:\/\/facebook.com\/","https:\/\/x.com\/","https:\/\/instagram.com\/","https:\/\/pinterest.com\/","https:\/\/youtube.com\/","https:\/\/linkedin.com\/in\/"]},{"@type":"Person","@id":"https:\/\/www.spkatarzyna.pl\/index.php\/author\/agatasafianspkatarzyna-pl\/#author","url":"https:\/\/www.spkatarzyna.pl\/index.php\/author\/agatasafianspkatarzyna-pl\/","name":"Redakcja","image":{"@type":"ImageObject","@id":"https:\/\/www.spkatarzyna.pl\/index.php\/2026\/06\/10\/zakonczenie-projektu-w-klasie-1c\/#authorImage","url":"https:\/\/secure.gravatar.com\/avatar\/765290513df94d442152250e92b42327?s=96&d=mm&r=g","width":96,"height":96,"caption":"Redakcja"}},{"@type":"WebPage","@id":"https:\/\/www.spkatarzyna.pl\/index.php\/2026\/06\/10\/zakonczenie-projektu-w-klasie-1c\/#webpage","url":"https:\/\/www.spkatarzyna.pl\/index.php\/2026\/06\/10\/zakonczenie-projektu-w-klasie-1c\/","name":"Zako\u0144czenie projektu w klasie 1c - SP Katarzyna","description":"Klasa 1c po raz ostatni w tym roku wybra\u0142a si\u0119 na wycieczk\u0119 do lasu w Siechnicach w ramach projektu \u201eLe\u015bna Banda\u201d. By\u0142o to podsumowanie naszej le\u015bnej przygody, podczas kt\u00f3rej uczniowie przez ca\u0142y rok poznawali tajemnice przyrody i uczyli si\u0119 uwa\u017cnego obserwowania \u015bwiata wok\u00f3\u0142 siebie. W trakcie kolejnych wypraw do lasu dzieci poznawa\u0142y r\u00f3\u017cne gatunki drzew i","inLanguage":"pl-PL","isPartOf":{"@id":"https:\/\/www.spkatarzyna.pl\/#website"},"breadcrumb":{"@id":"https:\/\/www.spkatarzyna.pl\/index.php\/2026\/06\/10\/zakonczenie-projektu-w-klasie-1c\/#breadcrumblist"},"author":{"@id":"https:\/\/www.spkatarzyna.pl\/index.php\/author\/agatasafianspkatarzyna-pl\/#author"},"creator":{"@id":"https:\/\/www.spkatarzyna.pl\/index.php\/author\/agatasafianspkatarzyna-pl\/#author"},"image":{"@type":"ImageObject","url":"https:\/\/www.spkatarzyna.pl\/wp-content\/uploads\/2026\/06\/1781032565674-2.jpg","@id":"https:\/\/www.spkatarzyna.pl\/index.php\/2026\/06\/10\/zakonczenie-projektu-w-klasie-1c\/#mainImage","width":360,"height":202},"primaryImageOfPage":{"@id":"https:\/\/www.spkatarzyna.pl\/index.php\/2026\/06\/10\/zakonczenie-projektu-w-klasie-1c\/#mainImage"},"datePublished":"2026-06-10T10:54:27+02:00","dateModified":"2026-06-10T10:59:25+02:00"},{"@type":"WebSite","@id":"https:\/\/www.spkatarzyna.pl\/#website","url":"https:\/\/www.spkatarzyna.pl\/","name":"SP Katarzyna","description":"Publiczna Szko\u0142a Podstawowa w \u015awi\u0119tej Katarzynie","inLanguage":"pl-PL","publisher":{"@id":"https:\/\/www.spkatarzyna.pl\/#organization"}}]},"og:locale":"pl_PL","og:site_name":"SP Katarzyna - Publiczna Szko\u0142a Podstawowa w \u015awi\u0119tej Katarzynie","og:type":"article","og:title":"Zako\u0144czenie projektu w klasie 1c - SP Katarzyna","og:description":"Klasa 1c po raz ostatni w tym roku wybra\u0142a si\u0119 na wycieczk\u0119 do lasu w Siechnicach w ramach projektu \u201eLe\u015bna Banda\u201d. By\u0142o to podsumowanie naszej le\u015bnej przygody, podczas kt\u00f3rej uczniowie przez ca\u0142y rok poznawali tajemnice przyrody i uczyli si\u0119 uwa\u017cnego obserwowania \u015bwiata wok\u00f3\u0142 siebie. W trakcie kolejnych wypraw do lasu dzieci poznawa\u0142y r\u00f3\u017cne gatunki drzew i","og:url":"https:\/\/www.spkatarzyna.pl\/index.php\/2026\/06\/10\/zakonczenie-projektu-w-klasie-1c\/","article:published_time":"2026-06-10T08:54:27+00:00","article:modified_time":"2026-06-10T08:59:25+00:00","twitter:card":"summary_large_image","twitter:title":"Zako\u0144czenie projektu w klasie 1c - SP Katarzyna","twitter:description":"Klasa 1c po raz ostatni w tym roku wybra\u0142a si\u0119 na wycieczk\u0119 do lasu w Siechnicach w ramach projektu \u201eLe\u015bna Banda\u201d. By\u0142o to podsumowanie naszej le\u015bnej przygody, podczas kt\u00f3rej uczniowie przez ca\u0142y rok poznawali tajemnice przyrody i uczyli si\u0119 uwa\u017cnego obserwowania \u015bwiata wok\u00f3\u0142 siebie. W trakcie kolejnych wypraw do lasu dzieci poznawa\u0142y r\u00f3\u017cne gatunki drzew i"},"aioseo_meta_data":{"post_id":"20316","title":null,"description":null,"keywords":null,"keyphrases":{"focus":{"keyphrase":"","score":0,"analysis":{"keyphraseInTitle":{"score":0,"maxScore":9,"error":1}}},"additional":[]},"primary_term":null,"canonical_url":null,"og_title":null,"og_description":null,"og_object_type":"default","og_image_type":"default","og_image_url":null,"og_image_width":null,"og_image_height":null,"og_image_custom_url":null,"og_image_custom_fields":null,"og_video":"","og_custom_url":null,"og_article_section":null,"og_article_tags":null,"twitter_use_og":false,"twitter_card":"default","twitter_image_type":"default","twitter_image_url":null,"twitter_image_custom_url":null,"twitter_image_custom_fields":null,"twitter_title":null,"twitter_description":null,"schema":{"blockGraphs":[],"customGraphs":[],"default":{"data":{"Article":[],"Course":[],"Dataset":[],"FAQPage":[],"Movie":[],"Person":[],"Product":[],"ProductReview":[],"Car":[],"Recipe":[],"Service":[],"SoftwareApplication":[],"WebPage":[]},"graphName":"BlogPosting","isEnabled":true},"graphs":[]},"schema_type":"default","schema_type_options":null,"pillar_content":false,"robots_default":true,"robots_noindex":false,"robots_noarchive":false,"robots_nosnippet":false,"robots_nofollow":false,"robots_noimageindex":false,"robots_noodp":false,"robots_notranslate":false,"robots_max_snippet":"-1","robots_max_videopreview":"-1","robots_max_imagepreview":"large","priority":null,"frequency":"default","local_seo":null,"limit_modified_date":false,"created":"2026-06-10 08:54:28","updated":"2026-09-03 18:16:53","focus_keyword":null,"additional_keywords":null,"truseo_locale":null,"ai":null,"breadcrumb_settings":null,"seo_analyzer_scan_date":null},"aioseo_breadcrumb":"<div class=\"aioseo-breadcrumbs\"><span class=\"aioseo-breadcrumb\">\n\t\t\t<a href=\"https:\/\/www.spkatarzyna.pl\" title=\"Dom\">Dom<\/a>\n\t\t<\/span><span class=\"aioseo-breadcrumb-separator\">&raquo;<\/span><span class=\"aioseo-breadcrumb\">\n\t\t\t<a href=\"https:\/\/www.spkatarzyna.pl\/index.php\/category\/uncategorized\/\" title=\"Uncategorized\">Uncategorized<\/a>\n\t\t<\/span><span class=\"aioseo-breadcrumb-separator\">&raquo;<\/span><span class=\"aioseo-breadcrumb\">\n\t\t\tZako\u0144czenie projektu w klasie 1c\n\t\t<\/span><\/div>","aioseo_breadcrumb_json":[{"label":"Dom","link":"https:\/\/www.spkatarzyna.pl"},{"label":"Uncategorized","link":"https:\/\/www.spkatarzyna.pl\/index.php\/category\/uncategorized\/"},{"label":"Zako\u0144czenie projektu w klasie 1c","link":"https:\/\/www.spkatarzyna.pl\/index.php\/2026\/06\/10\/zakonczenie-projektu-w-klasie-1c\/"}],"_links":{"self":[{"href":"https:\/\/www.spkatarzyna.pl\/index.php\/wp-json\/wp\/v2\/posts\/20316","targetHints":{"allow":["GET"]}}],"collection":[{"href":"https:\/\/www.spkatarzyna.pl\/index.php\/wp-json\/wp\/v2\/posts"}],"about":[{"href":"https:\/\/www.spkatarzyna.pl\/index.php\/wp-json\/wp\/v2\/types\/post"}],"author":[{"embeddable":true,"href":"https:\/\/www.spkatarzyna.pl\/index.php\/wp-json\/wp\/v2\/users\/6"}],"replies":[{"embeddable":true,"href":"https:\/\/www.spkatarzyna.pl\/index.php\/wp-json\/wp\/v2\/comments?post=20316"}],"version-history":[{"count":4,"href":"https:\/\/www.spkatarzyna.pl\/index.php\/wp-json\/wp\/v2\/posts\/20316\/revisions"}],"predecessor-version":[{"id":20329,"href":"https:\/\/www.spkatarzyna.pl\/index.php\/wp-json\/wp\/v2\/posts\/20316\/revisions\/20329"}],"wp:featuredmedia":[{"embeddable":true,"href":"https:\/\/www.spkatarzyna.pl\/index.php\/wp-json\/wp\/v2\/media\/20317"}],"wp:attachment":[{"href":"https:\/\/www.spkatarzyna.pl\/index.php\/wp-json\/wp\/v2\/media?parent=20316"}],"wp:term":[{"taxonomy":"category","embeddable":true,"href":"https:\/\/www.spkatarzyna.pl\/index.php\/wp-json\/wp\/v2\/categories?post=20316"},{"taxonomy":"post_tag","embeddable":true,"href":"https:\/\/www.spkatarzyna.pl\/index.php\/wp-json\/wp\/v2\/tags?post=20316"}],"curies":[{"name":"wp","href":"https:\/\/api.w.org\/{rel}","templated":true}]}}