{"id":20387,"date":"2026-06-14T17:31:36","date_gmt":"2026-06-14T15:31:36","guid":{"rendered":"https:\/\/www.spkatarzyna.pl\/?p=20387"},"modified":"2026-06-14T17:34:59","modified_gmt":"2026-06-14T15:34:59","slug":"wyjazd-na-zielona-szkole-klas-3a-i-3d","status":"publish","type":"post","link":"https:\/\/www.spkatarzyna.pl\/index.php\/2026\/06\/14\/wyjazd-na-zielona-szkole-klas-3a-i-3d\/","title":{"rendered":"Wyjazd na zielon\u0105 szko\u0142\u0119 klas 3a i 3d\u00a0"},"content":{"rendered":"\t\t<div data-elementor-type=\"wp-post\" data-elementor-id=\"20387\" class=\"elementor elementor-20387\">\n\t\t\t\t<div class=\"elementor-element elementor-element-7677a0a0 e-flex e-con-boxed e-con e-parent\" data-id=\"7677a0a0\" data-element_type=\"container\">\n\t\t\t\t\t<div class=\"e-con-inner\">\n\t\t\t\t<div class=\"elementor-element elementor-element-78ac42d9 elementor-widget elementor-widget-text-editor\" data-id=\"78ac42d9\" data-element_type=\"widget\" data-widget_type=\"text-editor.default\">\n\t\t\t\t\t\t\t\t\t<p style=\"text-align: justify;\"><span style=\"font-size: 14pt; color: #000000;\">W dniach 08\u201312 czerwca 2026 r. uczniowie klas 3a i 3d uczestniczyli w wyje\u017adzie na zielon\u0105 szko\u0142\u0119 do Przemkowa. Celem wyjazdu by\u0142a integracja zespo\u0142\u00f3w klasowych, rozwijanie zainteresowa\u0144 przyrodniczych, artystycznych i sportowych oraz zdobywanie wiedzy w spos\u00f3b praktyczny i atrakcyjny.<\/span><\/p>\r\n<p style=\"text-align: justify;\"><span style=\"font-size: 14pt; color: #000000;\">W trakcie pobytu uczniowie wzi\u0119li udzia\u0142 w r\u00f3\u017cnorodnych warsztatach edukacyjnych. Podczas warsztat\u00f3w pszczelarskich poznali \u017cycie pszcz\u00f3\u0142, ich rol\u0119 w przyrodzie oraz znaczenie dla \u015brodowiska naturalnego. Z kolei warsztaty tkackie pozwoli\u0142y dzieciom zapozna\u0107 si\u0119 z tradycyjnymi technikami r\u0119kodzie\u0142a i spr\u00f3bowa\u0107 w\u0142asnych si\u0142 w tkaniu.<\/span><\/p>\r\n<p style=\"text-align: justify;\"><span style=\"font-size: 14pt; color: #000000;\">Du\u017cym zainteresowaniem cieszy\u0142y si\u0119 zaj\u0119cia w ramach \u201eAkademii Sztuk Estradowych\u201d, podczas kt\u00f3rych uczniowie poznawali r\u00f3\u017cne instrumenty muzyczne oraz mieli okazj\u0119 rozwija\u0107 swoje zdolno\u015bci muzyczne i rytmiczne.<\/span><\/p>\r\n<p style=\"text-align: justify;\"><span style=\"font-size: 14pt; color: #000000;\">Wa\u017cnym elementem programu by\u0142 spacer edukacyjny po lesie, podczas kt\u00f3rego dzieci poznawa\u0142y warstwy lasu oraz obserwowa\u0142y jego ro\u015blinno\u015b\u0107 i zwierz\u0119ta w naturalnym \u015brodowisku. Zaj\u0119cia te poszerzy\u0142y wiedz\u0119 przyrodnicz\u0105 uczni\u00f3w oraz uwra\u017cliwi\u0142y ich na pi\u0119kno i potrzeb\u0119 ochrony przyrody.<\/span><\/p>\r\n<p style=\"text-align: justify;\"><span style=\"font-size: 14pt; color: #000000;\">W programie znalaz\u0142y si\u0119 r\u00f3wnie\u017c zawody sportowe, kt\u00f3re sprzyja\u0142y aktywno\u015bci fizycznej, integracji oraz zdrowej rywalizacji. Uczniowie uczestniczyli tak\u017ce w zabawie edukacyjnej \u201eJaka to bajka?\u201d, kt\u00f3ra rozwija\u0142a ich spostrzegawczo\u015b\u0107, pami\u0119\u0107 oraz znajomo\u015b\u0107 literatury dzieci\u0119cej.<\/span><\/p>\r\n<p style=\"text-align: justify;\"><span style=\"font-size: 14pt; color: #000000;\">Ciekawym elementem by\u0142y warsztaty \u201ePlanety. Rakiety. O rety!\u201d, podczas kt\u00f3rych uczniowie zdobywali podstawow\u0105 wiedz\u0119 o kosmosie, planetach oraz uk\u0142adzie s\u0142onecznym, jednocze\u015bnie rozwijaj\u0105c wyobra\u017ani\u0119 i ciekawo\u015b\u0107 \u015bwiata.<\/span><\/p>\r\n<p style=\"text-align: justify;\"><span style=\"font-size: 14pt; color: #000000;\">Istotnym elementem pobytu by\u0142a r\u00f3wnie\u017c wsp\u00f3lna zabawa taneczna, kt\u00f3ra sprzyja\u0142a integracji uczni\u00f3w oraz budowaniu pozytywnej atmosfery. Du\u017cym zainteresowaniem cieszy\u0142o si\u0119 tak\u017ce ognisko, podczas kt\u00f3rego uczniowie sp\u0119dzali czas w mi\u0142ej, kole\u017ce\u0144skiej atmosferze, uczestnicz\u0105c w wsp\u00f3lnych rozmowach i zabawach.<\/span><\/p>\r\n<p style=\"text-align: justify;\"><span style=\"font-size: 14pt; color: #000000;\">Zielona szko\u0142a w Przemkowie by\u0142a dla uczni\u00f3w warto\u015bciowym do\u015bwiadczeniem edukacyjnym i wychowawczym. Umo\u017cliwi\u0142a zdobywanie wiedzy w atrakcyjnej formie, rozwijanie umiej\u0119tno\u015bci wsp\u00f3\u0142pracy oraz integracj\u0119 zespo\u0142\u00f3w klasowych.<\/span><\/p>\r\n\r\n<div style=\"text-align: right;\"><span style=\"font-size: 14pt;\">Ma\u0142gorzata Bia\u0142as<\/span><\/div>\r\n<div style=\"text-align: right;\"><span style=\"font-size: 14pt;\">Ma\u0142gorzata Walczak<\/span><\/div>\t\t\t\t\t\t\t\t<\/div>\n\t\t\t\t<div class=\"elementor-element elementor-element-45b6ee7 elementor-widget elementor-widget-image-gallery\" data-id=\"45b6ee7\" data-element_type=\"widget\" data-widget_type=\"image-gallery.default\">\n\t\t\t\t\t\t\t<div class=\"elementor-image-gallery\">\n\t\t\t\n\t\t<div id='gallery-1' class='gallery galleryid-20387 gallery-columns-4 gallery-size-thumbnail gallery1'><script type=\"text\/javascript\">\n\/\/ <![CDATA[\n\tjQuery(document).ready(function () {\n\t\tjQuery(\".gallery1 a\").attr(\"rel\",\"gallery1\");\t\n\t\tjQuery('a[rel=\"gallery1\"]').colorbox({title: function(){ return jQuery(this).children().attr(\"alt\"); }});\n\t});\n\/\/ ]]>\n<\/script>\n<dl class=\"gallery-item\">\n<dt class=\"gallery-icon\">\n<a href=\"https:\/\/www.spkatarzyna.pl\/wp-content\/uploads\/2026\/06\/PHOTO-2026-06-14-15-03-17-3-225x300.jpg\" title=\"\" rel=\"gallery1\" rel=\"lightbox[20387]\"><img decoding=\"async\" src=\"https:\/\/www.spkatarzyna.pl\/wp-content\/uploads\/2026\/06\/PHOTO-2026-06-14-15-03-17-3-150x150.jpg\" width=\"150\" height=\"150\" alt=\"\" \/><\/a>\n<\/dt><\/dl><dl class=\"gallery-item\">\n<dt class=\"gallery-icon\">\n<a href=\"https:\/\/www.spkatarzyna.pl\/wp-content\/uploads\/2026\/06\/PHOTO-2026-06-14-15-03-17-4-225x300.jpg\" title=\"\" rel=\"gallery1\" rel=\"lightbox[20387]\"><img decoding=\"async\" src=\"https:\/\/www.spkatarzyna.pl\/wp-content\/uploads\/2026\/06\/PHOTO-2026-06-14-15-03-17-4-150x150.jpg\" width=\"150\" height=\"150\" alt=\"\" \/><\/a>\n<\/dt><\/dl><dl class=\"gallery-item\">\n<dt class=\"gallery-icon\">\n<a href=\"https:\/\/www.spkatarzyna.pl\/wp-content\/uploads\/2026\/06\/PHOTO-2026-06-14-15-03-17-5-225x300.jpg\" title=\"\" rel=\"gallery1\" rel=\"lightbox[20387]\"><img decoding=\"async\" src=\"https:\/\/www.spkatarzyna.pl\/wp-content\/uploads\/2026\/06\/PHOTO-2026-06-14-15-03-17-5-150x150.jpg\" width=\"150\" height=\"150\" alt=\"\" \/><\/a>\n<\/dt><\/dl><dl class=\"gallery-item\">\n<dt class=\"gallery-icon\">\n<a href=\"https:\/\/www.spkatarzyna.pl\/wp-content\/uploads\/2026\/06\/PHOTO-2026-06-14-15-03-17-225x300.jpg\" title=\"\" rel=\"gallery1\" rel=\"lightbox[20387]\"><img loading=\"lazy\" decoding=\"async\" src=\"https:\/\/www.spkatarzyna.pl\/wp-content\/uploads\/2026\/06\/PHOTO-2026-06-14-15-03-17-150x150.jpg\" width=\"150\" height=\"150\" alt=\"\" \/><\/a>\n<\/dt><\/dl><br style=\"clear: both\" \/><br style=\"clear: both\" \/><\/div>\t\t<\/div>\n\t\t\t\t\t\t<\/div>\n\t\t\t\t\t<\/div>\n\t\t\t\t<\/div>\n\t\t\t\t<\/div>\n\t\t","protected":false},"excerpt":{"rendered":"<p>W dniach 08\u201312 czerwca 2026 r. uczniowie klas 3a i 3d uczestniczyli w wyje\u017adzie na zielon\u0105 szko\u0142\u0119 do Przemkowa. Celem wyjazdu by\u0142a integracja zespo\u0142\u00f3w klasowych, rozwijanie zainteresowa\u0144 przyrodniczych, artystycznych i sportowych oraz zdobywanie wiedzy w spos\u00f3b praktyczny i atrakcyjny. W trakcie pobytu uczniowie wzi\u0119li udzia\u0142 w r\u00f3\u017cnorodnych warsztatach edukacyjnych. Podczas [&hellip;]<\/p>\n","protected":false},"author":6,"featured_media":20388,"comment_status":"open","ping_status":"open","sticky":false,"template":"","format":"standard","meta":{"om_disable_all_campaigns":false,"_monsterinsights_skip_tracking":false,"ngg_post_thumbnail":0,"footnotes":""},"categories":[1],"tags":[],"class_list":["post-20387","post","type-post","status-publish","format-standard","has-post-thumbnail","hentry","category-uncategorized"],"aioseo_notices":[],"aioseo_head":"\n\t\t<!-- All in One SEO 5.0.1.1 - aioseo.com -->\n\t<meta name=\"description\" content=\"W dniach 08\u201312 czerwca 2026 r. uczniowie klas 3a i 3d uczestniczyli w wyje\u017adzie na zielon\u0105 szko\u0142\u0119 do Przemkowa. Celem wyjazdu by\u0142a integracja zespo\u0142\u00f3w klasowych, rozwijanie zainteresowa\u0144 przyrodniczych, artystycznych i sportowych oraz zdobywanie wiedzy w spos\u00f3b praktyczny i atrakcyjny. W trakcie pobytu uczniowie wzi\u0119li udzia\u0142 w r\u00f3\u017cnorodnych warsztatach edukacyjnych. Podczas warsztat\u00f3w pszczelarskich poznali \u017cycie pszcz\u00f3\u0142,\" \/>\n\t<meta name=\"robots\" content=\"max-image-preview:large\" \/>\n\t<meta name=\"author\" content=\"Redakcja\"\/>\n\t<link rel=\"canonical\" href=\"https:\/\/www.spkatarzyna.pl\/index.php\/2026\/06\/14\/wyjazd-na-zielona-szkole-klas-3a-i-3d\/\" \/>\n\t<meta name=\"generator\" content=\"All in One SEO (AIOSEO) 5.0.1.1\" \/>\n\t\t<meta property=\"og:locale\" content=\"pl_PL\" \/>\n\t\t<meta property=\"og:site_name\" content=\"SP Katarzyna - Publiczna Szko\u0142a Podstawowa w \u015awi\u0119tej Katarzynie\" \/>\n\t\t<meta property=\"og:type\" content=\"article\" \/>\n\t\t<meta property=\"og:title\" content=\"Wyjazd na zielon\u0105 szko\u0142\u0119 klas 3a i 3d - SP Katarzyna\" \/>\n\t\t<meta property=\"og:description\" content=\"W dniach 08\u201312 czerwca 2026 r. uczniowie klas 3a i 3d uczestniczyli w wyje\u017adzie na zielon\u0105 szko\u0142\u0119 do Przemkowa. Celem wyjazdu by\u0142a integracja zespo\u0142\u00f3w klasowych, rozwijanie zainteresowa\u0144 przyrodniczych, artystycznych i sportowych oraz zdobywanie wiedzy w spos\u00f3b praktyczny i atrakcyjny. W trakcie pobytu uczniowie wzi\u0119li udzia\u0142 w r\u00f3\u017cnorodnych warsztatach edukacyjnych. Podczas warsztat\u00f3w pszczelarskich poznali \u017cycie pszcz\u00f3\u0142,\" \/>\n\t\t<meta property=\"og:url\" content=\"https:\/\/www.spkatarzyna.pl\/index.php\/2026\/06\/14\/wyjazd-na-zielona-szkole-klas-3a-i-3d\/\" \/>\n\t\t<meta property=\"article:published_time\" content=\"2026-06-14T15:31:36+00:00\" \/>\n\t\t<meta property=\"article:modified_time\" content=\"2026-06-14T15:34:59+00:00\" \/>\n\t\t<meta name=\"twitter:card\" content=\"summary_large_image\" \/>\n\t\t<meta name=\"twitter:title\" content=\"Wyjazd na zielon\u0105 szko\u0142\u0119 klas 3a i 3d - SP Katarzyna\" \/>\n\t\t<meta name=\"twitter:description\" content=\"W dniach 08\u201312 czerwca 2026 r. uczniowie klas 3a i 3d uczestniczyli w wyje\u017adzie na zielon\u0105 szko\u0142\u0119 do Przemkowa. Celem wyjazdu by\u0142a integracja zespo\u0142\u00f3w klasowych, rozwijanie zainteresowa\u0144 przyrodniczych, artystycznych i sportowych oraz zdobywanie wiedzy w spos\u00f3b praktyczny i atrakcyjny. W trakcie pobytu uczniowie wzi\u0119li udzia\u0142 w r\u00f3\u017cnorodnych warsztatach edukacyjnych. Podczas warsztat\u00f3w pszczelarskich poznali \u017cycie pszcz\u00f3\u0142,\" \/>\n\t\t<script type=\"application\/ld+json\" class=\"aioseo-schema\">\n\t\t\t{\"@context\":\"https:\\\/\\\/schema.org\",\"@graph\":[{\"@type\":\"BlogPosting\",\"@id\":\"https:\\\/\\\/www.spkatarzyna.pl\\\/index.php\\\/2026\\\/06\\\/14\\\/wyjazd-na-zielona-szkole-klas-3a-i-3d\\\/#blogposting\",\"name\":\"Wyjazd na zielon\\u0105 szko\\u0142\\u0119 klas 3a i 3d - SP Katarzyna\",\"headline\":\"Wyjazd na zielon\\u0105 szko\\u0142\\u0119 klas 3a i 3d\\u00a0\",\"author\":{\"@id\":\"https:\\\/\\\/www.spkatarzyna.pl\\\/index.php\\\/author\\\/agatasafianspkatarzyna-pl\\\/#author\"},\"publisher\":{\"@id\":\"https:\\\/\\\/www.spkatarzyna.pl\\\/#organization\"},\"image\":{\"@type\":\"ImageObject\",\"url\":\"https:\\\/\\\/www.spkatarzyna.pl\\\/wp-content\\\/uploads\\\/2026\\\/06\\\/PHOTO-2026-06-14-15-03-17-2.jpg\",\"width\":360,\"height\":202},\"datePublished\":\"2026-06-14T17:31:36+02:00\",\"dateModified\":\"2026-06-14T17:34:59+02:00\",\"inLanguage\":\"pl-PL\",\"mainEntityOfPage\":{\"@id\":\"https:\\\/\\\/www.spkatarzyna.pl\\\/index.php\\\/2026\\\/06\\\/14\\\/wyjazd-na-zielona-szkole-klas-3a-i-3d\\\/#webpage\"},\"isPartOf\":{\"@id\":\"https:\\\/\\\/www.spkatarzyna.pl\\\/index.php\\\/2026\\\/06\\\/14\\\/wyjazd-na-zielona-szkole-klas-3a-i-3d\\\/#webpage\"},\"articleSection\":\"Uncategorized\"},{\"@type\":\"BreadcrumbList\",\"@id\":\"https:\\\/\\\/www.spkatarzyna.pl\\\/index.php\\\/2026\\\/06\\\/14\\\/wyjazd-na-zielona-szkole-klas-3a-i-3d\\\/#breadcrumblist\",\"itemListElement\":[{\"@type\":\"ListItem\",\"@id\":\"https:\\\/\\\/www.spkatarzyna.pl#listItem\",\"position\":1,\"name\":\"Dom\",\"item\":\"https:\\\/\\\/www.spkatarzyna.pl\",\"nextItem\":{\"@type\":\"ListItem\",\"@id\":\"https:\\\/\\\/www.spkatarzyna.pl\\\/index.php\\\/category\\\/uncategorized\\\/#listItem\",\"name\":\"Uncategorized\"}},{\"@type\":\"ListItem\",\"@id\":\"https:\\\/\\\/www.spkatarzyna.pl\\\/index.php\\\/category\\\/uncategorized\\\/#listItem\",\"position\":2,\"name\":\"Uncategorized\",\"item\":\"https:\\\/\\\/www.spkatarzyna.pl\\\/index.php\\\/category\\\/uncategorized\\\/\",\"nextItem\":{\"@type\":\"ListItem\",\"@id\":\"https:\\\/\\\/www.spkatarzyna.pl\\\/index.php\\\/2026\\\/06\\\/14\\\/wyjazd-na-zielona-szkole-klas-3a-i-3d\\\/#listItem\",\"name\":\"Wyjazd na zielon\\u0105 szko\\u0142\\u0119 klas 3a i 3d\\u00a0\"},\"previousItem\":{\"@type\":\"ListItem\",\"@id\":\"https:\\\/\\\/www.spkatarzyna.pl#listItem\",\"name\":\"Dom\"}},{\"@type\":\"ListItem\",\"@id\":\"https:\\\/\\\/www.spkatarzyna.pl\\\/index.php\\\/2026\\\/06\\\/14\\\/wyjazd-na-zielona-szkole-klas-3a-i-3d\\\/#listItem\",\"position\":3,\"name\":\"Wyjazd na zielon\\u0105 szko\\u0142\\u0119 klas 3a i 3d\\u00a0\",\"previousItem\":{\"@type\":\"ListItem\",\"@id\":\"https:\\\/\\\/www.spkatarzyna.pl\\\/index.php\\\/category\\\/uncategorized\\\/#listItem\",\"name\":\"Uncategorized\"}}]},{\"@type\":\"Organization\",\"@id\":\"https:\\\/\\\/www.spkatarzyna.pl\\\/#organization\",\"name\":\"SP Katarzyna\",\"description\":\"Publiczna Szko\\u0142a Podstawowa w \\u015awi\\u0119tej Katarzynie\",\"url\":\"https:\\\/\\\/www.spkatarzyna.pl\\\/\",\"telephone\":\"+48713116378\",\"sameAs\":[\"https:\\\/\\\/facebook.com\\\/\",\"https:\\\/\\\/x.com\\\/\",\"https:\\\/\\\/instagram.com\\\/\",\"https:\\\/\\\/pinterest.com\\\/\",\"https:\\\/\\\/youtube.com\\\/\",\"https:\\\/\\\/linkedin.com\\\/in\\\/\"]},{\"@type\":\"Person\",\"@id\":\"https:\\\/\\\/www.spkatarzyna.pl\\\/index.php\\\/author\\\/agatasafianspkatarzyna-pl\\\/#author\",\"url\":\"https:\\\/\\\/www.spkatarzyna.pl\\\/index.php\\\/author\\\/agatasafianspkatarzyna-pl\\\/\",\"name\":\"Redakcja\",\"image\":{\"@type\":\"ImageObject\",\"@id\":\"https:\\\/\\\/www.spkatarzyna.pl\\\/index.php\\\/2026\\\/06\\\/14\\\/wyjazd-na-zielona-szkole-klas-3a-i-3d\\\/#authorImage\",\"url\":\"https:\\\/\\\/secure.gravatar.com\\\/avatar\\\/765290513df94d442152250e92b42327?s=96&d=mm&r=g\",\"width\":96,\"height\":96,\"caption\":\"Redakcja\"}},{\"@type\":\"WebPage\",\"@id\":\"https:\\\/\\\/www.spkatarzyna.pl\\\/index.php\\\/2026\\\/06\\\/14\\\/wyjazd-na-zielona-szkole-klas-3a-i-3d\\\/#webpage\",\"url\":\"https:\\\/\\\/www.spkatarzyna.pl\\\/index.php\\\/2026\\\/06\\\/14\\\/wyjazd-na-zielona-szkole-klas-3a-i-3d\\\/\",\"name\":\"Wyjazd na zielon\\u0105 szko\\u0142\\u0119 klas 3a i 3d - SP Katarzyna\",\"description\":\"W dniach 08\\u201312 czerwca 2026 r. uczniowie klas 3a i 3d uczestniczyli w wyje\\u017adzie na zielon\\u0105 szko\\u0142\\u0119 do Przemkowa. Celem wyjazdu by\\u0142a integracja zespo\\u0142\\u00f3w klasowych, rozwijanie zainteresowa\\u0144 przyrodniczych, artystycznych i sportowych oraz zdobywanie wiedzy w spos\\u00f3b praktyczny i atrakcyjny. W trakcie pobytu uczniowie wzi\\u0119li udzia\\u0142 w r\\u00f3\\u017cnorodnych warsztatach edukacyjnych. Podczas warsztat\\u00f3w pszczelarskich poznali \\u017cycie pszcz\\u00f3\\u0142,\",\"inLanguage\":\"pl-PL\",\"isPartOf\":{\"@id\":\"https:\\\/\\\/www.spkatarzyna.pl\\\/#website\"},\"breadcrumb\":{\"@id\":\"https:\\\/\\\/www.spkatarzyna.pl\\\/index.php\\\/2026\\\/06\\\/14\\\/wyjazd-na-zielona-szkole-klas-3a-i-3d\\\/#breadcrumblist\"},\"author\":{\"@id\":\"https:\\\/\\\/www.spkatarzyna.pl\\\/index.php\\\/author\\\/agatasafianspkatarzyna-pl\\\/#author\"},\"creator\":{\"@id\":\"https:\\\/\\\/www.spkatarzyna.pl\\\/index.php\\\/author\\\/agatasafianspkatarzyna-pl\\\/#author\"},\"image\":{\"@type\":\"ImageObject\",\"url\":\"https:\\\/\\\/www.spkatarzyna.pl\\\/wp-content\\\/uploads\\\/2026\\\/06\\\/PHOTO-2026-06-14-15-03-17-2.jpg\",\"@id\":\"https:\\\/\\\/www.spkatarzyna.pl\\\/index.php\\\/2026\\\/06\\\/14\\\/wyjazd-na-zielona-szkole-klas-3a-i-3d\\\/#mainImage\",\"width\":360,\"height\":202},\"primaryImageOfPage\":{\"@id\":\"https:\\\/\\\/www.spkatarzyna.pl\\\/index.php\\\/2026\\\/06\\\/14\\\/wyjazd-na-zielona-szkole-klas-3a-i-3d\\\/#mainImage\"},\"datePublished\":\"2026-06-14T17:31:36+02:00\",\"dateModified\":\"2026-06-14T17:34:59+02:00\"},{\"@type\":\"WebSite\",\"@id\":\"https:\\\/\\\/www.spkatarzyna.pl\\\/#website\",\"url\":\"https:\\\/\\\/www.spkatarzyna.pl\\\/\",\"name\":\"SP Katarzyna\",\"description\":\"Publiczna Szko\\u0142a Podstawowa w \\u015awi\\u0119tej Katarzynie\",\"inLanguage\":\"pl-PL\",\"publisher\":{\"@id\":\"https:\\\/\\\/www.spkatarzyna.pl\\\/#organization\"}}]}\n\t\t<\/script>\n\t\t<!-- All in One SEO -->\n\n","aioseo_head_json":{"title":"Wyjazd na zielon\u0105 szko\u0142\u0119 klas 3a i 3d - SP Katarzyna","description":"W dniach 08\u201312 czerwca 2026 r. uczniowie klas 3a i 3d uczestniczyli w wyje\u017adzie na zielon\u0105 szko\u0142\u0119 do Przemkowa. Celem wyjazdu by\u0142a integracja zespo\u0142\u00f3w klasowych, rozwijanie zainteresowa\u0144 przyrodniczych, artystycznych i sportowych oraz zdobywanie wiedzy w spos\u00f3b praktyczny i atrakcyjny. W trakcie pobytu uczniowie wzi\u0119li udzia\u0142 w r\u00f3\u017cnorodnych warsztatach edukacyjnych. Podczas warsztat\u00f3w pszczelarskich poznali \u017cycie pszcz\u00f3\u0142,","canonical_url":"https:\/\/www.spkatarzyna.pl\/index.php\/2026\/06\/14\/wyjazd-na-zielona-szkole-klas-3a-i-3d\/","robots":"max-image-preview:large","keywords":"","webmasterTools":{"miscellaneous":""},"schema":{"@context":"https:\/\/schema.org","@graph":[{"@type":"BlogPosting","@id":"https:\/\/www.spkatarzyna.pl\/index.php\/2026\/06\/14\/wyjazd-na-zielona-szkole-klas-3a-i-3d\/#blogposting","name":"Wyjazd na zielon\u0105 szko\u0142\u0119 klas 3a i 3d - SP Katarzyna","headline":"Wyjazd na zielon\u0105 szko\u0142\u0119 klas 3a i 3d\u00a0","author":{"@id":"https:\/\/www.spkatarzyna.pl\/index.php\/author\/agatasafianspkatarzyna-pl\/#author"},"publisher":{"@id":"https:\/\/www.spkatarzyna.pl\/#organization"},"image":{"@type":"ImageObject","url":"https:\/\/www.spkatarzyna.pl\/wp-content\/uploads\/2026\/06\/PHOTO-2026-06-14-15-03-17-2.jpg","width":360,"height":202},"datePublished":"2026-06-14T17:31:36+02:00","dateModified":"2026-06-14T17:34:59+02:00","inLanguage":"pl-PL","mainEntityOfPage":{"@id":"https:\/\/www.spkatarzyna.pl\/index.php\/2026\/06\/14\/wyjazd-na-zielona-szkole-klas-3a-i-3d\/#webpage"},"isPartOf":{"@id":"https:\/\/www.spkatarzyna.pl\/index.php\/2026\/06\/14\/wyjazd-na-zielona-szkole-klas-3a-i-3d\/#webpage"},"articleSection":"Uncategorized"},{"@type":"BreadcrumbList","@id":"https:\/\/www.spkatarzyna.pl\/index.php\/2026\/06\/14\/wyjazd-na-zielona-szkole-klas-3a-i-3d\/#breadcrumblist","itemListElement":[{"@type":"ListItem","@id":"https:\/\/www.spkatarzyna.pl#listItem","position":1,"name":"Dom","item":"https:\/\/www.spkatarzyna.pl","nextItem":{"@type":"ListItem","@id":"https:\/\/www.spkatarzyna.pl\/index.php\/category\/uncategorized\/#listItem","name":"Uncategorized"}},{"@type":"ListItem","@id":"https:\/\/www.spkatarzyna.pl\/index.php\/category\/uncategorized\/#listItem","position":2,"name":"Uncategorized","item":"https:\/\/www.spkatarzyna.pl\/index.php\/category\/uncategorized\/","nextItem":{"@type":"ListItem","@id":"https:\/\/www.spkatarzyna.pl\/index.php\/2026\/06\/14\/wyjazd-na-zielona-szkole-klas-3a-i-3d\/#listItem","name":"Wyjazd na zielon\u0105 szko\u0142\u0119 klas 3a i 3d\u00a0"},"previousItem":{"@type":"ListItem","@id":"https:\/\/www.spkatarzyna.pl#listItem","name":"Dom"}},{"@type":"ListItem","@id":"https:\/\/www.spkatarzyna.pl\/index.php\/2026\/06\/14\/wyjazd-na-zielona-szkole-klas-3a-i-3d\/#listItem","position":3,"name":"Wyjazd na zielon\u0105 szko\u0142\u0119 klas 3a i 3d\u00a0","previousItem":{"@type":"ListItem","@id":"https:\/\/www.spkatarzyna.pl\/index.php\/category\/uncategorized\/#listItem","name":"Uncategorized"}}]},{"@type":"Organization","@id":"https:\/\/www.spkatarzyna.pl\/#organization","name":"SP Katarzyna","description":"Publiczna Szko\u0142a Podstawowa w \u015awi\u0119tej Katarzynie","url":"https:\/\/www.spkatarzyna.pl\/","telephone":"+48713116378","sameAs":["https:\/\/facebook.com\/","https:\/\/x.com\/","https:\/\/instagram.com\/","https:\/\/pinterest.com\/","https:\/\/youtube.com\/","https:\/\/linkedin.com\/in\/"]},{"@type":"Person","@id":"https:\/\/www.spkatarzyna.pl\/index.php\/author\/agatasafianspkatarzyna-pl\/#author","url":"https:\/\/www.spkatarzyna.pl\/index.php\/author\/agatasafianspkatarzyna-pl\/","name":"Redakcja","image":{"@type":"ImageObject","@id":"https:\/\/www.spkatarzyna.pl\/index.php\/2026\/06\/14\/wyjazd-na-zielona-szkole-klas-3a-i-3d\/#authorImage","url":"https:\/\/secure.gravatar.com\/avatar\/765290513df94d442152250e92b42327?s=96&d=mm&r=g","width":96,"height":96,"caption":"Redakcja"}},{"@type":"WebPage","@id":"https:\/\/www.spkatarzyna.pl\/index.php\/2026\/06\/14\/wyjazd-na-zielona-szkole-klas-3a-i-3d\/#webpage","url":"https:\/\/www.spkatarzyna.pl\/index.php\/2026\/06\/14\/wyjazd-na-zielona-szkole-klas-3a-i-3d\/","name":"Wyjazd na zielon\u0105 szko\u0142\u0119 klas 3a i 3d - SP Katarzyna","description":"W dniach 08\u201312 czerwca 2026 r. uczniowie klas 3a i 3d uczestniczyli w wyje\u017adzie na zielon\u0105 szko\u0142\u0119 do Przemkowa. Celem wyjazdu by\u0142a integracja zespo\u0142\u00f3w klasowych, rozwijanie zainteresowa\u0144 przyrodniczych, artystycznych i sportowych oraz zdobywanie wiedzy w spos\u00f3b praktyczny i atrakcyjny. W trakcie pobytu uczniowie wzi\u0119li udzia\u0142 w r\u00f3\u017cnorodnych warsztatach edukacyjnych. Podczas warsztat\u00f3w pszczelarskich poznali \u017cycie pszcz\u00f3\u0142,","inLanguage":"pl-PL","isPartOf":{"@id":"https:\/\/www.spkatarzyna.pl\/#website"},"breadcrumb":{"@id":"https:\/\/www.spkatarzyna.pl\/index.php\/2026\/06\/14\/wyjazd-na-zielona-szkole-klas-3a-i-3d\/#breadcrumblist"},"author":{"@id":"https:\/\/www.spkatarzyna.pl\/index.php\/author\/agatasafianspkatarzyna-pl\/#author"},"creator":{"@id":"https:\/\/www.spkatarzyna.pl\/index.php\/author\/agatasafianspkatarzyna-pl\/#author"},"image":{"@type":"ImageObject","url":"https:\/\/www.spkatarzyna.pl\/wp-content\/uploads\/2026\/06\/PHOTO-2026-06-14-15-03-17-2.jpg","@id":"https:\/\/www.spkatarzyna.pl\/index.php\/2026\/06\/14\/wyjazd-na-zielona-szkole-klas-3a-i-3d\/#mainImage","width":360,"height":202},"primaryImageOfPage":{"@id":"https:\/\/www.spkatarzyna.pl\/index.php\/2026\/06\/14\/wyjazd-na-zielona-szkole-klas-3a-i-3d\/#mainImage"},"datePublished":"2026-06-14T17:31:36+02:00","dateModified":"2026-06-14T17:34:59+02:00"},{"@type":"WebSite","@id":"https:\/\/www.spkatarzyna.pl\/#website","url":"https:\/\/www.spkatarzyna.pl\/","name":"SP Katarzyna","description":"Publiczna Szko\u0142a Podstawowa w \u015awi\u0119tej Katarzynie","inLanguage":"pl-PL","publisher":{"@id":"https:\/\/www.spkatarzyna.pl\/#organization"}}]},"og:locale":"pl_PL","og:site_name":"SP Katarzyna - Publiczna Szko\u0142a Podstawowa w \u015awi\u0119tej Katarzynie","og:type":"article","og:title":"Wyjazd na zielon\u0105 szko\u0142\u0119 klas 3a i 3d - SP Katarzyna","og:description":"W dniach 08\u201312 czerwca 2026 r. uczniowie klas 3a i 3d uczestniczyli w wyje\u017adzie na zielon\u0105 szko\u0142\u0119 do Przemkowa. Celem wyjazdu by\u0142a integracja zespo\u0142\u00f3w klasowych, rozwijanie zainteresowa\u0144 przyrodniczych, artystycznych i sportowych oraz zdobywanie wiedzy w spos\u00f3b praktyczny i atrakcyjny. W trakcie pobytu uczniowie wzi\u0119li udzia\u0142 w r\u00f3\u017cnorodnych warsztatach edukacyjnych. Podczas warsztat\u00f3w pszczelarskich poznali \u017cycie pszcz\u00f3\u0142,","og:url":"https:\/\/www.spkatarzyna.pl\/index.php\/2026\/06\/14\/wyjazd-na-zielona-szkole-klas-3a-i-3d\/","article:published_time":"2026-06-14T15:31:36+00:00","article:modified_time":"2026-06-14T15:34:59+00:00","twitter:card":"summary_large_image","twitter:title":"Wyjazd na zielon\u0105 szko\u0142\u0119 klas 3a i 3d - SP Katarzyna","twitter:description":"W dniach 08\u201312 czerwca 2026 r. uczniowie klas 3a i 3d uczestniczyli w wyje\u017adzie na zielon\u0105 szko\u0142\u0119 do Przemkowa. Celem wyjazdu by\u0142a integracja zespo\u0142\u00f3w klasowych, rozwijanie zainteresowa\u0144 przyrodniczych, artystycznych i sportowych oraz zdobywanie wiedzy w spos\u00f3b praktyczny i atrakcyjny. W trakcie pobytu uczniowie wzi\u0119li udzia\u0142 w r\u00f3\u017cnorodnych warsztatach edukacyjnych. Podczas warsztat\u00f3w pszczelarskich poznali \u017cycie pszcz\u00f3\u0142,"},"aioseo_meta_data":{"post_id":"20387","title":null,"description":null,"keywords":null,"keyphrases":{"focus":{"keyphrase":"","score":0,"analysis":{"keyphraseInTitle":{"score":0,"maxScore":9,"error":1}}},"additional":[]},"primary_term":null,"canonical_url":null,"og_title":null,"og_description":null,"og_object_type":"default","og_image_type":"default","og_image_url":null,"og_image_width":null,"og_image_height":null,"og_image_custom_url":null,"og_image_custom_fields":null,"og_video":"","og_custom_url":null,"og_article_section":null,"og_article_tags":null,"twitter_use_og":false,"twitter_card":"default","twitter_image_type":"default","twitter_image_url":null,"twitter_image_custom_url":null,"twitter_image_custom_fields":null,"twitter_title":null,"twitter_description":null,"schema":{"blockGraphs":[],"customGraphs":[],"default":{"data":{"Article":[],"Course":[],"Dataset":[],"FAQPage":[],"Movie":[],"Person":[],"Product":[],"ProductReview":[],"Car":[],"Recipe":[],"Service":[],"SoftwareApplication":[],"WebPage":[]},"graphName":"BlogPosting","isEnabled":true},"graphs":[]},"schema_type":"default","schema_type_options":null,"pillar_content":false,"robots_default":true,"robots_noindex":false,"robots_noarchive":false,"robots_nosnippet":false,"robots_nofollow":false,"robots_noimageindex":false,"robots_noodp":false,"robots_notranslate":false,"robots_max_snippet":"-1","robots_max_videopreview":"-1","robots_max_imagepreview":"large","priority":null,"frequency":"default","local_seo":null,"limit_modified_date":false,"created":"2026-06-14 15:31:36","updated":"2026-09-03 18:18:53","focus_keyword":null,"additional_keywords":null,"truseo_locale":null,"ai":null,"breadcrumb_settings":null,"seo_analyzer_scan_date":null},"aioseo_breadcrumb":"<div class=\"aioseo-breadcrumbs\"><span class=\"aioseo-breadcrumb\">\n\t\t\t<a href=\"https:\/\/www.spkatarzyna.pl\" title=\"Dom\">Dom<\/a>\n\t\t<\/span><span class=\"aioseo-breadcrumb-separator\">&raquo;<\/span><span class=\"aioseo-breadcrumb\">\n\t\t\t<a href=\"https:\/\/www.spkatarzyna.pl\/index.php\/category\/uncategorized\/\" title=\"Uncategorized\">Uncategorized<\/a>\n\t\t<\/span><span class=\"aioseo-breadcrumb-separator\">&raquo;<\/span><span class=\"aioseo-breadcrumb\">\n\t\t\tWyjazd na zielon\u0105 szko\u0142\u0119 klas 3a i 3d \n\t\t<\/span><\/div>","aioseo_breadcrumb_json":[{"label":"Dom","link":"https:\/\/www.spkatarzyna.pl"},{"label":"Uncategorized","link":"https:\/\/www.spkatarzyna.pl\/index.php\/category\/uncategorized\/"},{"label":"Wyjazd na zielon\u0105 szko\u0142\u0119 klas 3a i 3d\u00a0","link":"https:\/\/www.spkatarzyna.pl\/index.php\/2026\/06\/14\/wyjazd-na-zielona-szkole-klas-3a-i-3d\/"}],"_links":{"self":[{"href":"https:\/\/www.spkatarzyna.pl\/index.php\/wp-json\/wp\/v2\/posts\/20387","targetHints":{"allow":["GET"]}}],"collection":[{"href":"https:\/\/www.spkatarzyna.pl\/index.php\/wp-json\/wp\/v2\/posts"}],"about":[{"href":"https:\/\/www.spkatarzyna.pl\/index.php\/wp-json\/wp\/v2\/types\/post"}],"author":[{"embeddable":true,"href":"https:\/\/www.spkatarzyna.pl\/index.php\/wp-json\/wp\/v2\/users\/6"}],"replies":[{"embeddable":true,"href":"https:\/\/www.spkatarzyna.pl\/index.php\/wp-json\/wp\/v2\/comments?post=20387"}],"version-history":[{"count":4,"href":"https:\/\/www.spkatarzyna.pl\/index.php\/wp-json\/wp\/v2\/posts\/20387\/revisions"}],"predecessor-version":[{"id":20398,"href":"https:\/\/www.spkatarzyna.pl\/index.php\/wp-json\/wp\/v2\/posts\/20387\/revisions\/20398"}],"wp:featuredmedia":[{"embeddable":true,"href":"https:\/\/www.spkatarzyna.pl\/index.php\/wp-json\/wp\/v2\/media\/20388"}],"wp:attachment":[{"href":"https:\/\/www.spkatarzyna.pl\/index.php\/wp-json\/wp\/v2\/media?parent=20387"}],"wp:term":[{"taxonomy":"category","embeddable":true,"href":"https:\/\/www.spkatarzyna.pl\/index.php\/wp-json\/wp\/v2\/categories?post=20387"},{"taxonomy":"post_tag","embeddable":true,"href":"https:\/\/www.spkatarzyna.pl\/index.php\/wp-json\/wp\/v2\/tags?post=20387"}],"curies":[{"name":"wp","href":"https:\/\/api.w.org\/{rel}","templated":true}]}}