{"id":20400,"date":"2026-06-15T14:10:50","date_gmt":"2026-06-15T12:10:50","guid":{"rendered":"https:\/\/www.spkatarzyna.pl\/?p=20400"},"modified":"2026-06-15T14:12:56","modified_gmt":"2026-06-15T12:12:56","slug":"projekt-juz-wiem-kim-zostane-6","status":"publish","type":"post","link":"https:\/\/www.spkatarzyna.pl\/index.php\/2026\/06\/15\/projekt-juz-wiem-kim-zostane-6\/","title":{"rendered":"Projekt &#8222;Ju\u017c wiem, kim zostan\u0119&#8221;"},"content":{"rendered":"\t\t<div data-elementor-type=\"wp-post\" data-elementor-id=\"20400\" class=\"elementor elementor-20400\">\n\t\t\t\t<div class=\"elementor-element elementor-element-700d2278 e-flex e-con-boxed e-con e-parent\" data-id=\"700d2278\" data-element_type=\"container\">\n\t\t\t\t\t<div class=\"e-con-inner\">\n\t\t\t\t<div class=\"elementor-element elementor-element-1f04a2be elementor-widget elementor-widget-text-editor\" data-id=\"1f04a2be\" data-element_type=\"widget\" data-widget_type=\"text-editor.default\">\n\t\t\t\t\t\t\t\t\t<p style=\"font-weight: 400; text-align: justify;\"><span style=\"font-size: 14pt;\">Dnia 8 czerwca grupa wybranych uczni\u00f3w uda\u0142a si\u0119 do Liceum Og\u00f3lnokszta\u0142c\u0105cego Si\u00f3str Urszulanek&nbsp; na wyk\u0142ad &nbsp;pt. \u201eJak wr\u00f3ci\u0107 do gry?\u201d, kt\u00f3ry odby\u0142 si\u0119 w ramach projektu \u201eJu\u017c wiem kim zostan\u0119\u201d. Pani Agata Ozdoba-B\u0142ach w wyj\u0105tkowo ciekawy&nbsp;i przyst\u0119pny spos\u00f3b opowiedzia\u0142a o swojej historii i do\u015bwiadczeniu. Zapozna\u0142a nas szczeg\u00f3\u0142owo z niezwykle wymagaj\u0105c\u0105 dyscyplin\u0105 olimpijsk\u0105, jak\u0105 jest judo.&nbsp;Na zako\u0144czenie odpowiada\u0142a na dociekliwe pytania s\u0142uchaczy. By\u0142 to ju\u017c ostatni wyk\u0142ad z serii \u201eJu\u017c wiem, kim zostan\u0119\u201d. Podczas pi\u0119ciu spotka\u0144 wiele si\u0119 nauczyli\u015bmy. Z pewno\u015bci\u0105 bardzo nam one pomog\u0105 wybra\u0107 w\u0142a\u015bciw\u0105 drog\u0119 \u017cyciow\u0105.<\/span><\/p>\r\n<p style=\"text-align: right;\"><span style=\"font-size: 14pt;\">Alicja Dubaj<\/span><\/p>\t\t\t\t\t\t\t\t<\/div>\n\t\t\t\t<div class=\"elementor-element elementor-element-1e6f478 elementor-widget elementor-widget-image-gallery\" data-id=\"1e6f478\" data-element_type=\"widget\" data-widget_type=\"image-gallery.default\">\n\t\t\t\t\t\t\t<div class=\"elementor-image-gallery\">\n\t\t\t\n\t\t<div id='gallery-1' class='gallery galleryid-20400 gallery-columns-6 gallery-size-thumbnail gallery1'><script type=\"text\/javascript\">\n\/\/ <![CDATA[\n\tjQuery(document).ready(function () {\n\t\tjQuery(\".gallery1 a\").attr(\"rel\",\"gallery1\");\t\n\t\tjQuery('a[rel=\"gallery1\"]').colorbox({title: function(){ return jQuery(this).children().attr(\"alt\"); }});\n\t});\n\/\/ ]]>\n<\/script>\n<dl class=\"gallery-item\">\n<dt class=\"gallery-icon\">\n<a href=\"https:\/\/www.spkatarzyna.pl\/wp-content\/uploads\/2026\/06\/PHOTO-2026-06-15-12-45-36-2-300x225.jpg\" title=\"\" rel=\"gallery1\" rel=\"lightbox[20400]\"><img decoding=\"async\" src=\"https:\/\/www.spkatarzyna.pl\/wp-content\/uploads\/2026\/06\/PHOTO-2026-06-15-12-45-36-2-150x150.jpg\" width=\"150\" height=\"150\" alt=\"\" \/><\/a>\n<\/dt><\/dl><dl class=\"gallery-item\">\n<dt class=\"gallery-icon\">\n<a href=\"https:\/\/www.spkatarzyna.pl\/wp-content\/uploads\/2026\/06\/PHOTO-2026-06-15-12-45-36-300x225.jpg\" title=\"\" rel=\"gallery1\" rel=\"lightbox[20400]\"><img decoding=\"async\" src=\"https:\/\/www.spkatarzyna.pl\/wp-content\/uploads\/2026\/06\/PHOTO-2026-06-15-12-45-36-150x150.jpg\" width=\"150\" height=\"150\" alt=\"\" \/><\/a>\n<\/dt><\/dl><dl class=\"gallery-item\">\n<dt class=\"gallery-icon\">\n<a href=\"https:\/\/www.spkatarzyna.pl\/wp-content\/uploads\/2026\/06\/PHOTO-2026-06-15-12-45-37-2-300x225.jpg\" title=\"\" rel=\"gallery1\" rel=\"lightbox[20400]\"><img decoding=\"async\" src=\"https:\/\/www.spkatarzyna.pl\/wp-content\/uploads\/2026\/06\/PHOTO-2026-06-15-12-45-37-2-150x150.jpg\" width=\"150\" height=\"150\" alt=\"\" \/><\/a>\n<\/dt><\/dl><dl class=\"gallery-item\">\n<dt class=\"gallery-icon\">\n<a href=\"https:\/\/www.spkatarzyna.pl\/wp-content\/uploads\/2026\/06\/PHOTO-2026-06-15-12-45-37-3-300x225.jpg\" title=\"\" rel=\"gallery1\" rel=\"lightbox[20400]\"><img loading=\"lazy\" decoding=\"async\" src=\"https:\/\/www.spkatarzyna.pl\/wp-content\/uploads\/2026\/06\/PHOTO-2026-06-15-12-45-37-3-150x150.jpg\" width=\"150\" height=\"150\" alt=\"\" \/><\/a>\n<\/dt><\/dl><dl class=\"gallery-item\">\n<dt class=\"gallery-icon\">\n<a href=\"https:\/\/www.spkatarzyna.pl\/wp-content\/uploads\/2026\/06\/PHOTO-2026-06-15-12-45-37-4-300x225.jpg\" title=\"\" rel=\"gallery1\" rel=\"lightbox[20400]\"><img loading=\"lazy\" decoding=\"async\" src=\"https:\/\/www.spkatarzyna.pl\/wp-content\/uploads\/2026\/06\/PHOTO-2026-06-15-12-45-37-4-150x150.jpg\" width=\"150\" height=\"150\" alt=\"\" \/><\/a>\n<\/dt><\/dl><dl class=\"gallery-item\">\n<dt class=\"gallery-icon\">\n<a href=\"https:\/\/www.spkatarzyna.pl\/wp-content\/uploads\/2026\/06\/PHOTO-2026-06-15-12-45-37-300x225.jpg\" title=\"\" rel=\"gallery1\" rel=\"lightbox[20400]\"><img loading=\"lazy\" decoding=\"async\" src=\"https:\/\/www.spkatarzyna.pl\/wp-content\/uploads\/2026\/06\/PHOTO-2026-06-15-12-45-37-150x150.jpg\" width=\"150\" height=\"150\" alt=\"\" \/><\/a>\n<\/dt><\/dl><br style=\"clear: both\" \/><br style=\"clear: both\" \/><\/div>\t\t<\/div>\n\t\t\t\t\t\t<\/div>\n\t\t\t\t\t<\/div>\n\t\t\t\t<\/div>\n\t\t\t\t<\/div>\n\t\t","protected":false},"excerpt":{"rendered":"<p>Dnia 8 czerwca grupa wybranych uczni\u00f3w uda\u0142a si\u0119 do Liceum Og\u00f3lnokszta\u0142c\u0105cego Si\u00f3str Urszulanek&nbsp; na wyk\u0142ad &nbsp;pt. \u201eJak wr\u00f3ci\u0107 do gry?\u201d, kt\u00f3ry odby\u0142 si\u0119 w ramach projektu \u201eJu\u017c wiem kim zostan\u0119\u201d. Pani Agata Ozdoba-B\u0142ach w wyj\u0105tkowo ciekawy&nbsp;i przyst\u0119pny spos\u00f3b opowiedzia\u0142a o swojej historii i do\u015bwiadczeniu. Zapozna\u0142a nas szczeg\u00f3\u0142owo z niezwykle wymagaj\u0105c\u0105 [&hellip;]<\/p>\n","protected":false},"author":6,"featured_media":20401,"comment_status":"open","ping_status":"open","sticky":false,"template":"","format":"standard","meta":{"om_disable_all_campaigns":false,"_monsterinsights_skip_tracking":false,"ngg_post_thumbnail":0,"footnotes":""},"categories":[1],"tags":[],"class_list":["post-20400","post","type-post","status-publish","format-standard","has-post-thumbnail","hentry","category-uncategorized"],"aioseo_notices":[],"aioseo_head":"\n\t\t<!-- All in One SEO 5.0.1.1 - aioseo.com -->\n\t<meta name=\"description\" content=\"Dnia 8 czerwca grupa wybranych uczni\u00f3w uda\u0142a si\u0119 do Liceum Og\u00f3lnokszta\u0142c\u0105cego Si\u00f3str Urszulanek na wyk\u0142ad pt. \u201eJak wr\u00f3ci\u0107 do gry?\u201d, kt\u00f3ry odby\u0142 si\u0119 w ramach projektu \u201eJu\u017c wiem kim zostan\u0119\u201d. Pani Agata Ozdoba-B\u0142ach w wyj\u0105tkowo ciekawy i przyst\u0119pny spos\u00f3b opowiedzia\u0142a o swojej historii i do\u015bwiadczeniu. Zapozna\u0142a nas szczeg\u00f3\u0142owo z niezwykle wymagaj\u0105c\u0105 dyscyplin\u0105 olimpijsk\u0105, jak\u0105 jest judo. Na\" \/>\n\t<meta name=\"robots\" content=\"max-image-preview:large\" \/>\n\t<meta name=\"author\" content=\"Redakcja\"\/>\n\t<link rel=\"canonical\" href=\"https:\/\/www.spkatarzyna.pl\/index.php\/2026\/06\/15\/projekt-juz-wiem-kim-zostane-6\/\" \/>\n\t<meta name=\"generator\" content=\"All in One SEO (AIOSEO) 5.0.1.1\" \/>\n\t\t<meta property=\"og:locale\" content=\"pl_PL\" \/>\n\t\t<meta property=\"og:site_name\" content=\"SP Katarzyna - Publiczna Szko\u0142a Podstawowa w \u015awi\u0119tej Katarzynie\" \/>\n\t\t<meta property=\"og:type\" content=\"article\" \/>\n\t\t<meta property=\"og:title\" content=\"Projekt \u201eJu\u017c wiem, kim zostan\u0119\u201d - SP Katarzyna\" \/>\n\t\t<meta property=\"og:description\" content=\"Dnia 8 czerwca grupa wybranych uczni\u00f3w uda\u0142a si\u0119 do Liceum Og\u00f3lnokszta\u0142c\u0105cego Si\u00f3str Urszulanek na wyk\u0142ad pt. \u201eJak wr\u00f3ci\u0107 do gry?\u201d, kt\u00f3ry odby\u0142 si\u0119 w ramach projektu \u201eJu\u017c wiem kim zostan\u0119\u201d. Pani Agata Ozdoba-B\u0142ach w wyj\u0105tkowo ciekawy i przyst\u0119pny spos\u00f3b opowiedzia\u0142a o swojej historii i do\u015bwiadczeniu. Zapozna\u0142a nas szczeg\u00f3\u0142owo z niezwykle wymagaj\u0105c\u0105 dyscyplin\u0105 olimpijsk\u0105, jak\u0105 jest judo. Na\" \/>\n\t\t<meta property=\"og:url\" content=\"https:\/\/www.spkatarzyna.pl\/index.php\/2026\/06\/15\/projekt-juz-wiem-kim-zostane-6\/\" \/>\n\t\t<meta property=\"article:published_time\" content=\"2026-06-15T12:10:50+00:00\" \/>\n\t\t<meta property=\"article:modified_time\" content=\"2026-06-15T12:12:56+00:00\" \/>\n\t\t<meta name=\"twitter:card\" content=\"summary_large_image\" \/>\n\t\t<meta name=\"twitter:title\" content=\"Projekt \u201eJu\u017c wiem, kim zostan\u0119\u201d - SP Katarzyna\" \/>\n\t\t<meta name=\"twitter:description\" content=\"Dnia 8 czerwca grupa wybranych uczni\u00f3w uda\u0142a si\u0119 do Liceum Og\u00f3lnokszta\u0142c\u0105cego Si\u00f3str Urszulanek na wyk\u0142ad pt. \u201eJak wr\u00f3ci\u0107 do gry?\u201d, kt\u00f3ry odby\u0142 si\u0119 w ramach projektu \u201eJu\u017c wiem kim zostan\u0119\u201d. Pani Agata Ozdoba-B\u0142ach w wyj\u0105tkowo ciekawy i przyst\u0119pny spos\u00f3b opowiedzia\u0142a o swojej historii i do\u015bwiadczeniu. Zapozna\u0142a nas szczeg\u00f3\u0142owo z niezwykle wymagaj\u0105c\u0105 dyscyplin\u0105 olimpijsk\u0105, jak\u0105 jest judo. Na\" \/>\n\t\t<script type=\"application\/ld+json\" class=\"aioseo-schema\">\n\t\t\t{\"@context\":\"https:\\\/\\\/schema.org\",\"@graph\":[{\"@type\":\"BlogPosting\",\"@id\":\"https:\\\/\\\/www.spkatarzyna.pl\\\/index.php\\\/2026\\\/06\\\/15\\\/projekt-juz-wiem-kim-zostane-6\\\/#blogposting\",\"name\":\"Projekt \\u201eJu\\u017c wiem, kim zostan\\u0119\\u201d - SP Katarzyna\",\"headline\":\"Projekt &#8222;Ju\\u017c wiem, kim zostan\\u0119&#8221;\",\"author\":{\"@id\":\"https:\\\/\\\/www.spkatarzyna.pl\\\/index.php\\\/author\\\/agatasafianspkatarzyna-pl\\\/#author\"},\"publisher\":{\"@id\":\"https:\\\/\\\/www.spkatarzyna.pl\\\/#organization\"},\"image\":{\"@type\":\"ImageObject\",\"url\":\"https:\\\/\\\/www.spkatarzyna.pl\\\/wp-content\\\/uploads\\\/2026\\\/06\\\/PHOTO-2026-06-15-12-45-37-5-2.jpg\",\"width\":360,\"height\":202},\"datePublished\":\"2026-06-15T14:10:50+02:00\",\"dateModified\":\"2026-06-15T14:12:56+02:00\",\"inLanguage\":\"pl-PL\",\"mainEntityOfPage\":{\"@id\":\"https:\\\/\\\/www.spkatarzyna.pl\\\/index.php\\\/2026\\\/06\\\/15\\\/projekt-juz-wiem-kim-zostane-6\\\/#webpage\"},\"isPartOf\":{\"@id\":\"https:\\\/\\\/www.spkatarzyna.pl\\\/index.php\\\/2026\\\/06\\\/15\\\/projekt-juz-wiem-kim-zostane-6\\\/#webpage\"},\"articleSection\":\"Uncategorized\"},{\"@type\":\"BreadcrumbList\",\"@id\":\"https:\\\/\\\/www.spkatarzyna.pl\\\/index.php\\\/2026\\\/06\\\/15\\\/projekt-juz-wiem-kim-zostane-6\\\/#breadcrumblist\",\"itemListElement\":[{\"@type\":\"ListItem\",\"@id\":\"https:\\\/\\\/www.spkatarzyna.pl#listItem\",\"position\":1,\"name\":\"Dom\",\"item\":\"https:\\\/\\\/www.spkatarzyna.pl\",\"nextItem\":{\"@type\":\"ListItem\",\"@id\":\"https:\\\/\\\/www.spkatarzyna.pl\\\/index.php\\\/category\\\/uncategorized\\\/#listItem\",\"name\":\"Uncategorized\"}},{\"@type\":\"ListItem\",\"@id\":\"https:\\\/\\\/www.spkatarzyna.pl\\\/index.php\\\/category\\\/uncategorized\\\/#listItem\",\"position\":2,\"name\":\"Uncategorized\",\"item\":\"https:\\\/\\\/www.spkatarzyna.pl\\\/index.php\\\/category\\\/uncategorized\\\/\",\"nextItem\":{\"@type\":\"ListItem\",\"@id\":\"https:\\\/\\\/www.spkatarzyna.pl\\\/index.php\\\/2026\\\/06\\\/15\\\/projekt-juz-wiem-kim-zostane-6\\\/#listItem\",\"name\":\"Projekt &#8222;Ju\\u017c wiem, kim zostan\\u0119&#8221;\"},\"previousItem\":{\"@type\":\"ListItem\",\"@id\":\"https:\\\/\\\/www.spkatarzyna.pl#listItem\",\"name\":\"Dom\"}},{\"@type\":\"ListItem\",\"@id\":\"https:\\\/\\\/www.spkatarzyna.pl\\\/index.php\\\/2026\\\/06\\\/15\\\/projekt-juz-wiem-kim-zostane-6\\\/#listItem\",\"position\":3,\"name\":\"Projekt &#8222;Ju\\u017c wiem, kim zostan\\u0119&#8221;\",\"previousItem\":{\"@type\":\"ListItem\",\"@id\":\"https:\\\/\\\/www.spkatarzyna.pl\\\/index.php\\\/category\\\/uncategorized\\\/#listItem\",\"name\":\"Uncategorized\"}}]},{\"@type\":\"Organization\",\"@id\":\"https:\\\/\\\/www.spkatarzyna.pl\\\/#organization\",\"name\":\"SP Katarzyna\",\"description\":\"Publiczna Szko\\u0142a Podstawowa w \\u015awi\\u0119tej Katarzynie\",\"url\":\"https:\\\/\\\/www.spkatarzyna.pl\\\/\",\"telephone\":\"+48713116378\",\"sameAs\":[\"https:\\\/\\\/facebook.com\\\/\",\"https:\\\/\\\/x.com\\\/\",\"https:\\\/\\\/instagram.com\\\/\",\"https:\\\/\\\/pinterest.com\\\/\",\"https:\\\/\\\/youtube.com\\\/\",\"https:\\\/\\\/linkedin.com\\\/in\\\/\"]},{\"@type\":\"Person\",\"@id\":\"https:\\\/\\\/www.spkatarzyna.pl\\\/index.php\\\/author\\\/agatasafianspkatarzyna-pl\\\/#author\",\"url\":\"https:\\\/\\\/www.spkatarzyna.pl\\\/index.php\\\/author\\\/agatasafianspkatarzyna-pl\\\/\",\"name\":\"Redakcja\",\"image\":{\"@type\":\"ImageObject\",\"@id\":\"https:\\\/\\\/www.spkatarzyna.pl\\\/index.php\\\/2026\\\/06\\\/15\\\/projekt-juz-wiem-kim-zostane-6\\\/#authorImage\",\"url\":\"https:\\\/\\\/secure.gravatar.com\\\/avatar\\\/765290513df94d442152250e92b42327?s=96&d=mm&r=g\",\"width\":96,\"height\":96,\"caption\":\"Redakcja\"}},{\"@type\":\"WebPage\",\"@id\":\"https:\\\/\\\/www.spkatarzyna.pl\\\/index.php\\\/2026\\\/06\\\/15\\\/projekt-juz-wiem-kim-zostane-6\\\/#webpage\",\"url\":\"https:\\\/\\\/www.spkatarzyna.pl\\\/index.php\\\/2026\\\/06\\\/15\\\/projekt-juz-wiem-kim-zostane-6\\\/\",\"name\":\"Projekt \\u201eJu\\u017c wiem, kim zostan\\u0119\\u201d - SP Katarzyna\",\"description\":\"Dnia 8 czerwca grupa wybranych uczni\\u00f3w uda\\u0142a si\\u0119 do Liceum Og\\u00f3lnokszta\\u0142c\\u0105cego Si\\u00f3str Urszulanek na wyk\\u0142ad pt. \\u201eJak wr\\u00f3ci\\u0107 do gry?\\u201d, kt\\u00f3ry odby\\u0142 si\\u0119 w ramach projektu \\u201eJu\\u017c wiem kim zostan\\u0119\\u201d. Pani Agata Ozdoba-B\\u0142ach w wyj\\u0105tkowo ciekawy i przyst\\u0119pny spos\\u00f3b opowiedzia\\u0142a o swojej historii i do\\u015bwiadczeniu. Zapozna\\u0142a nas szczeg\\u00f3\\u0142owo z niezwykle wymagaj\\u0105c\\u0105 dyscyplin\\u0105 olimpijsk\\u0105, jak\\u0105 jest judo. Na\",\"inLanguage\":\"pl-PL\",\"isPartOf\":{\"@id\":\"https:\\\/\\\/www.spkatarzyna.pl\\\/#website\"},\"breadcrumb\":{\"@id\":\"https:\\\/\\\/www.spkatarzyna.pl\\\/index.php\\\/2026\\\/06\\\/15\\\/projekt-juz-wiem-kim-zostane-6\\\/#breadcrumblist\"},\"author\":{\"@id\":\"https:\\\/\\\/www.spkatarzyna.pl\\\/index.php\\\/author\\\/agatasafianspkatarzyna-pl\\\/#author\"},\"creator\":{\"@id\":\"https:\\\/\\\/www.spkatarzyna.pl\\\/index.php\\\/author\\\/agatasafianspkatarzyna-pl\\\/#author\"},\"image\":{\"@type\":\"ImageObject\",\"url\":\"https:\\\/\\\/www.spkatarzyna.pl\\\/wp-content\\\/uploads\\\/2026\\\/06\\\/PHOTO-2026-06-15-12-45-37-5-2.jpg\",\"@id\":\"https:\\\/\\\/www.spkatarzyna.pl\\\/index.php\\\/2026\\\/06\\\/15\\\/projekt-juz-wiem-kim-zostane-6\\\/#mainImage\",\"width\":360,\"height\":202},\"primaryImageOfPage\":{\"@id\":\"https:\\\/\\\/www.spkatarzyna.pl\\\/index.php\\\/2026\\\/06\\\/15\\\/projekt-juz-wiem-kim-zostane-6\\\/#mainImage\"},\"datePublished\":\"2026-06-15T14:10:50+02:00\",\"dateModified\":\"2026-06-15T14:12:56+02:00\"},{\"@type\":\"WebSite\",\"@id\":\"https:\\\/\\\/www.spkatarzyna.pl\\\/#website\",\"url\":\"https:\\\/\\\/www.spkatarzyna.pl\\\/\",\"name\":\"SP Katarzyna\",\"description\":\"Publiczna Szko\\u0142a Podstawowa w \\u015awi\\u0119tej Katarzynie\",\"inLanguage\":\"pl-PL\",\"publisher\":{\"@id\":\"https:\\\/\\\/www.spkatarzyna.pl\\\/#organization\"}}]}\n\t\t<\/script>\n\t\t<!-- All in One SEO -->\n\n","aioseo_head_json":{"title":"Projekt \u201eJu\u017c wiem, kim zostan\u0119\u201d - SP Katarzyna","description":"Dnia 8 czerwca grupa wybranych uczni\u00f3w uda\u0142a si\u0119 do Liceum Og\u00f3lnokszta\u0142c\u0105cego Si\u00f3str Urszulanek na wyk\u0142ad pt. \u201eJak wr\u00f3ci\u0107 do gry?\u201d, kt\u00f3ry odby\u0142 si\u0119 w ramach projektu \u201eJu\u017c wiem kim zostan\u0119\u201d. Pani Agata Ozdoba-B\u0142ach w wyj\u0105tkowo ciekawy i przyst\u0119pny spos\u00f3b opowiedzia\u0142a o swojej historii i do\u015bwiadczeniu. Zapozna\u0142a nas szczeg\u00f3\u0142owo z niezwykle wymagaj\u0105c\u0105 dyscyplin\u0105 olimpijsk\u0105, jak\u0105 jest judo. Na","canonical_url":"https:\/\/www.spkatarzyna.pl\/index.php\/2026\/06\/15\/projekt-juz-wiem-kim-zostane-6\/","robots":"max-image-preview:large","keywords":"","webmasterTools":{"miscellaneous":""},"schema":{"@context":"https:\/\/schema.org","@graph":[{"@type":"BlogPosting","@id":"https:\/\/www.spkatarzyna.pl\/index.php\/2026\/06\/15\/projekt-juz-wiem-kim-zostane-6\/#blogposting","name":"Projekt \u201eJu\u017c wiem, kim zostan\u0119\u201d - SP Katarzyna","headline":"Projekt &#8222;Ju\u017c wiem, kim zostan\u0119&#8221;","author":{"@id":"https:\/\/www.spkatarzyna.pl\/index.php\/author\/agatasafianspkatarzyna-pl\/#author"},"publisher":{"@id":"https:\/\/www.spkatarzyna.pl\/#organization"},"image":{"@type":"ImageObject","url":"https:\/\/www.spkatarzyna.pl\/wp-content\/uploads\/2026\/06\/PHOTO-2026-06-15-12-45-37-5-2.jpg","width":360,"height":202},"datePublished":"2026-06-15T14:10:50+02:00","dateModified":"2026-06-15T14:12:56+02:00","inLanguage":"pl-PL","mainEntityOfPage":{"@id":"https:\/\/www.spkatarzyna.pl\/index.php\/2026\/06\/15\/projekt-juz-wiem-kim-zostane-6\/#webpage"},"isPartOf":{"@id":"https:\/\/www.spkatarzyna.pl\/index.php\/2026\/06\/15\/projekt-juz-wiem-kim-zostane-6\/#webpage"},"articleSection":"Uncategorized"},{"@type":"BreadcrumbList","@id":"https:\/\/www.spkatarzyna.pl\/index.php\/2026\/06\/15\/projekt-juz-wiem-kim-zostane-6\/#breadcrumblist","itemListElement":[{"@type":"ListItem","@id":"https:\/\/www.spkatarzyna.pl#listItem","position":1,"name":"Dom","item":"https:\/\/www.spkatarzyna.pl","nextItem":{"@type":"ListItem","@id":"https:\/\/www.spkatarzyna.pl\/index.php\/category\/uncategorized\/#listItem","name":"Uncategorized"}},{"@type":"ListItem","@id":"https:\/\/www.spkatarzyna.pl\/index.php\/category\/uncategorized\/#listItem","position":2,"name":"Uncategorized","item":"https:\/\/www.spkatarzyna.pl\/index.php\/category\/uncategorized\/","nextItem":{"@type":"ListItem","@id":"https:\/\/www.spkatarzyna.pl\/index.php\/2026\/06\/15\/projekt-juz-wiem-kim-zostane-6\/#listItem","name":"Projekt &#8222;Ju\u017c wiem, kim zostan\u0119&#8221;"},"previousItem":{"@type":"ListItem","@id":"https:\/\/www.spkatarzyna.pl#listItem","name":"Dom"}},{"@type":"ListItem","@id":"https:\/\/www.spkatarzyna.pl\/index.php\/2026\/06\/15\/projekt-juz-wiem-kim-zostane-6\/#listItem","position":3,"name":"Projekt &#8222;Ju\u017c wiem, kim zostan\u0119&#8221;","previousItem":{"@type":"ListItem","@id":"https:\/\/www.spkatarzyna.pl\/index.php\/category\/uncategorized\/#listItem","name":"Uncategorized"}}]},{"@type":"Organization","@id":"https:\/\/www.spkatarzyna.pl\/#organization","name":"SP Katarzyna","description":"Publiczna Szko\u0142a Podstawowa w \u015awi\u0119tej Katarzynie","url":"https:\/\/www.spkatarzyna.pl\/","telephone":"+48713116378","sameAs":["https:\/\/facebook.com\/","https:\/\/x.com\/","https:\/\/instagram.com\/","https:\/\/pinterest.com\/","https:\/\/youtube.com\/","https:\/\/linkedin.com\/in\/"]},{"@type":"Person","@id":"https:\/\/www.spkatarzyna.pl\/index.php\/author\/agatasafianspkatarzyna-pl\/#author","url":"https:\/\/www.spkatarzyna.pl\/index.php\/author\/agatasafianspkatarzyna-pl\/","name":"Redakcja","image":{"@type":"ImageObject","@id":"https:\/\/www.spkatarzyna.pl\/index.php\/2026\/06\/15\/projekt-juz-wiem-kim-zostane-6\/#authorImage","url":"https:\/\/secure.gravatar.com\/avatar\/765290513df94d442152250e92b42327?s=96&d=mm&r=g","width":96,"height":96,"caption":"Redakcja"}},{"@type":"WebPage","@id":"https:\/\/www.spkatarzyna.pl\/index.php\/2026\/06\/15\/projekt-juz-wiem-kim-zostane-6\/#webpage","url":"https:\/\/www.spkatarzyna.pl\/index.php\/2026\/06\/15\/projekt-juz-wiem-kim-zostane-6\/","name":"Projekt \u201eJu\u017c wiem, kim zostan\u0119\u201d - SP Katarzyna","description":"Dnia 8 czerwca grupa wybranych uczni\u00f3w uda\u0142a si\u0119 do Liceum Og\u00f3lnokszta\u0142c\u0105cego Si\u00f3str Urszulanek na wyk\u0142ad pt. \u201eJak wr\u00f3ci\u0107 do gry?\u201d, kt\u00f3ry odby\u0142 si\u0119 w ramach projektu \u201eJu\u017c wiem kim zostan\u0119\u201d. Pani Agata Ozdoba-B\u0142ach w wyj\u0105tkowo ciekawy i przyst\u0119pny spos\u00f3b opowiedzia\u0142a o swojej historii i do\u015bwiadczeniu. Zapozna\u0142a nas szczeg\u00f3\u0142owo z niezwykle wymagaj\u0105c\u0105 dyscyplin\u0105 olimpijsk\u0105, jak\u0105 jest judo. Na","inLanguage":"pl-PL","isPartOf":{"@id":"https:\/\/www.spkatarzyna.pl\/#website"},"breadcrumb":{"@id":"https:\/\/www.spkatarzyna.pl\/index.php\/2026\/06\/15\/projekt-juz-wiem-kim-zostane-6\/#breadcrumblist"},"author":{"@id":"https:\/\/www.spkatarzyna.pl\/index.php\/author\/agatasafianspkatarzyna-pl\/#author"},"creator":{"@id":"https:\/\/www.spkatarzyna.pl\/index.php\/author\/agatasafianspkatarzyna-pl\/#author"},"image":{"@type":"ImageObject","url":"https:\/\/www.spkatarzyna.pl\/wp-content\/uploads\/2026\/06\/PHOTO-2026-06-15-12-45-37-5-2.jpg","@id":"https:\/\/www.spkatarzyna.pl\/index.php\/2026\/06\/15\/projekt-juz-wiem-kim-zostane-6\/#mainImage","width":360,"height":202},"primaryImageOfPage":{"@id":"https:\/\/www.spkatarzyna.pl\/index.php\/2026\/06\/15\/projekt-juz-wiem-kim-zostane-6\/#mainImage"},"datePublished":"2026-06-15T14:10:50+02:00","dateModified":"2026-06-15T14:12:56+02:00"},{"@type":"WebSite","@id":"https:\/\/www.spkatarzyna.pl\/#website","url":"https:\/\/www.spkatarzyna.pl\/","name":"SP Katarzyna","description":"Publiczna Szko\u0142a Podstawowa w \u015awi\u0119tej Katarzynie","inLanguage":"pl-PL","publisher":{"@id":"https:\/\/www.spkatarzyna.pl\/#organization"}}]},"og:locale":"pl_PL","og:site_name":"SP Katarzyna - Publiczna Szko\u0142a Podstawowa w \u015awi\u0119tej Katarzynie","og:type":"article","og:title":"Projekt \u201eJu\u017c wiem, kim zostan\u0119\u201d - SP Katarzyna","og:description":"Dnia 8 czerwca grupa wybranych uczni\u00f3w uda\u0142a si\u0119 do Liceum Og\u00f3lnokszta\u0142c\u0105cego Si\u00f3str Urszulanek na wyk\u0142ad pt. \u201eJak wr\u00f3ci\u0107 do gry?\u201d, kt\u00f3ry odby\u0142 si\u0119 w ramach projektu \u201eJu\u017c wiem kim zostan\u0119\u201d. Pani Agata Ozdoba-B\u0142ach w wyj\u0105tkowo ciekawy i przyst\u0119pny spos\u00f3b opowiedzia\u0142a o swojej historii i do\u015bwiadczeniu. Zapozna\u0142a nas szczeg\u00f3\u0142owo z niezwykle wymagaj\u0105c\u0105 dyscyplin\u0105 olimpijsk\u0105, jak\u0105 jest judo. Na","og:url":"https:\/\/www.spkatarzyna.pl\/index.php\/2026\/06\/15\/projekt-juz-wiem-kim-zostane-6\/","article:published_time":"2026-06-15T12:10:50+00:00","article:modified_time":"2026-06-15T12:12:56+00:00","twitter:card":"summary_large_image","twitter:title":"Projekt \u201eJu\u017c wiem, kim zostan\u0119\u201d - SP Katarzyna","twitter:description":"Dnia 8 czerwca grupa wybranych uczni\u00f3w uda\u0142a si\u0119 do Liceum Og\u00f3lnokszta\u0142c\u0105cego Si\u00f3str Urszulanek na wyk\u0142ad pt. \u201eJak wr\u00f3ci\u0107 do gry?\u201d, kt\u00f3ry odby\u0142 si\u0119 w ramach projektu \u201eJu\u017c wiem kim zostan\u0119\u201d. Pani Agata Ozdoba-B\u0142ach w wyj\u0105tkowo ciekawy i przyst\u0119pny spos\u00f3b opowiedzia\u0142a o swojej historii i do\u015bwiadczeniu. Zapozna\u0142a nas szczeg\u00f3\u0142owo z niezwykle wymagaj\u0105c\u0105 dyscyplin\u0105 olimpijsk\u0105, jak\u0105 jest judo. Na"},"aioseo_meta_data":{"post_id":"20400","title":null,"description":null,"keywords":null,"keyphrases":{"focus":{"keyphrase":"","score":0,"analysis":{"keyphraseInTitle":{"score":0,"maxScore":9,"error":1}}},"additional":[]},"primary_term":null,"canonical_url":null,"og_title":null,"og_description":null,"og_object_type":"default","og_image_type":"default","og_image_url":null,"og_image_width":null,"og_image_height":null,"og_image_custom_url":null,"og_image_custom_fields":null,"og_video":"","og_custom_url":null,"og_article_section":null,"og_article_tags":null,"twitter_use_og":false,"twitter_card":"default","twitter_image_type":"default","twitter_image_url":null,"twitter_image_custom_url":null,"twitter_image_custom_fields":null,"twitter_title":null,"twitter_description":null,"schema":{"blockGraphs":[],"customGraphs":[],"default":{"data":{"Article":[],"Course":[],"Dataset":[],"FAQPage":[],"Movie":[],"Person":[],"Product":[],"ProductReview":[],"Car":[],"Recipe":[],"Service":[],"SoftwareApplication":[],"WebPage":[]},"graphName":"BlogPosting","isEnabled":true},"graphs":[]},"schema_type":"default","schema_type_options":null,"pillar_content":false,"robots_default":true,"robots_noindex":false,"robots_noarchive":false,"robots_nosnippet":false,"robots_nofollow":false,"robots_noimageindex":false,"robots_noodp":false,"robots_notranslate":false,"robots_max_snippet":"-1","robots_max_videopreview":"-1","robots_max_imagepreview":"large","priority":null,"frequency":"default","local_seo":null,"limit_modified_date":false,"created":"2026-06-15 12:10:50","updated":"2026-09-03 18:18:53","focus_keyword":null,"additional_keywords":null,"truseo_locale":null,"ai":null,"breadcrumb_settings":null,"seo_analyzer_scan_date":null},"aioseo_breadcrumb":"<div class=\"aioseo-breadcrumbs\"><span class=\"aioseo-breadcrumb\">\n\t\t\t<a href=\"https:\/\/www.spkatarzyna.pl\" title=\"Dom\">Dom<\/a>\n\t\t<\/span><span class=\"aioseo-breadcrumb-separator\">&raquo;<\/span><span class=\"aioseo-breadcrumb\">\n\t\t\t<a href=\"https:\/\/www.spkatarzyna.pl\/index.php\/category\/uncategorized\/\" title=\"Uncategorized\">Uncategorized<\/a>\n\t\t<\/span><span class=\"aioseo-breadcrumb-separator\">&raquo;<\/span><span class=\"aioseo-breadcrumb\">\n\t\t\tProjekt \u201eJu\u017c wiem, kim zostan\u0119\u201d\n\t\t<\/span><\/div>","aioseo_breadcrumb_json":[{"label":"Dom","link":"https:\/\/www.spkatarzyna.pl"},{"label":"Uncategorized","link":"https:\/\/www.spkatarzyna.pl\/index.php\/category\/uncategorized\/"},{"label":"Projekt &#8222;Ju\u017c wiem, kim zostan\u0119&#8221;","link":"https:\/\/www.spkatarzyna.pl\/index.php\/2026\/06\/15\/projekt-juz-wiem-kim-zostane-6\/"}],"_links":{"self":[{"href":"https:\/\/www.spkatarzyna.pl\/index.php\/wp-json\/wp\/v2\/posts\/20400","targetHints":{"allow":["GET"]}}],"collection":[{"href":"https:\/\/www.spkatarzyna.pl\/index.php\/wp-json\/wp\/v2\/posts"}],"about":[{"href":"https:\/\/www.spkatarzyna.pl\/index.php\/wp-json\/wp\/v2\/types\/post"}],"author":[{"embeddable":true,"href":"https:\/\/www.spkatarzyna.pl\/index.php\/wp-json\/wp\/v2\/users\/6"}],"replies":[{"embeddable":true,"href":"https:\/\/www.spkatarzyna.pl\/index.php\/wp-json\/wp\/v2\/comments?post=20400"}],"version-history":[{"count":4,"href":"https:\/\/www.spkatarzyna.pl\/index.php\/wp-json\/wp\/v2\/posts\/20400\/revisions"}],"predecessor-version":[{"id":20412,"href":"https:\/\/www.spkatarzyna.pl\/index.php\/wp-json\/wp\/v2\/posts\/20400\/revisions\/20412"}],"wp:featuredmedia":[{"embeddable":true,"href":"https:\/\/www.spkatarzyna.pl\/index.php\/wp-json\/wp\/v2\/media\/20401"}],"wp:attachment":[{"href":"https:\/\/www.spkatarzyna.pl\/index.php\/wp-json\/wp\/v2\/media?parent=20400"}],"wp:term":[{"taxonomy":"category","embeddable":true,"href":"https:\/\/www.spkatarzyna.pl\/index.php\/wp-json\/wp\/v2\/categories?post=20400"},{"taxonomy":"post_tag","embeddable":true,"href":"https:\/\/www.spkatarzyna.pl\/index.php\/wp-json\/wp\/v2\/tags?post=20400"}],"curies":[{"name":"wp","href":"https:\/\/api.w.org\/{rel}","templated":true}]}}