{"id":20414,"date":"2026-06-15T14:15:41","date_gmt":"2026-06-15T12:15:41","guid":{"rendered":"https:\/\/www.spkatarzyna.pl\/?p=20414"},"modified":"2026-06-15T14:18:09","modified_gmt":"2026-06-15T12:18:09","slug":"wycieczka-klas-5a-5c-i-6a-do-czech","status":"publish","type":"post","link":"https:\/\/www.spkatarzyna.pl\/index.php\/2026\/06\/15\/wycieczka-klas-5a-5c-i-6a-do-czech\/","title":{"rendered":"Wycieczka klas 5a, 5c i 6a do Czech"},"content":{"rendered":"\t\t<div data-elementor-type=\"wp-post\" data-elementor-id=\"20414\" class=\"elementor elementor-20414\">\n\t\t\t\t<div class=\"elementor-element elementor-element-2288579d e-flex e-con-boxed e-con e-parent\" data-id=\"2288579d\" data-element_type=\"container\">\n\t\t\t\t\t<div class=\"e-con-inner\">\n\t\t\t\t<div class=\"elementor-element elementor-element-1fd97f64 elementor-widget elementor-widget-text-editor\" data-id=\"1fd97f64\" data-element_type=\"widget\" data-widget_type=\"text-editor.default\">\n\t\t\t\t\t\t\t\t\t<p style=\"text-align: justify;\"><span style=\"font-size: 14pt;\">W dniach 8\u201310 czerwca uczniowie klas 5a, 5c i 6a uczestniczyli w trzydniowej wycieczce do Czech. Pierwszego dnia zwiedzili\u015bmy Adrszpaskie Skalne Miasto, gdzie podziwiali\u015bmy niezwyk\u0142e formacje skalne i pi\u0119kne widoki. Drugiego dnia odwiedzili\u015bmy Prag\u0119 \u2013 spacerowali\u015bmy po Hradczanach, Mo\u015bcie Karola oraz Starym Mie\u015bcie z s\u0142ynnym zegarem astronomicznym. Trzeciego dnia zobaczyli\u015bmy ruiny zamku Trosky oraz zwiedzili\u015bmy Dolomitowe Jaskinie Bozkovskie. Wycieczka by\u0142a bardzo udana, pe\u0142na ciekawych atrakcji i niezapomnianych wra\u017ce\u0144. Wszyscy wr\u00f3cili\u015bmy zadowoleni i bogatsi o nowe do\u015bwiadczenia.<\/span><\/p>\t\t\t\t\t\t\t\t<\/div>\n\t\t\t\t<div class=\"elementor-element elementor-element-851d355 elementor-widget elementor-widget-image-gallery\" data-id=\"851d355\" data-element_type=\"widget\" data-widget_type=\"image-gallery.default\">\n\t\t\t\t\t\t\t<div class=\"elementor-image-gallery\">\n\t\t\t\n\t\t<div id='gallery-1' class='gallery galleryid-20414 gallery-columns-4 gallery-size-thumbnail gallery1'><script type=\"text\/javascript\">\n\/\/ <![CDATA[\n\tjQuery(document).ready(function () {\n\t\tjQuery(\".gallery1 a\").attr(\"rel\",\"gallery1\");\t\n\t\tjQuery('a[rel=\"gallery1\"]').colorbox({title: function(){ return jQuery(this).children().attr(\"alt\"); }});\n\t});\n\/\/ ]]>\n<\/script>\n<dl class=\"gallery-item\">\n<dt class=\"gallery-icon\">\n<a href=\"https:\/\/www.spkatarzyna.pl\/wp-content\/uploads\/2026\/06\/PHOTO-2026-06-15-12-03-22-300x300.jpg\" title=\"\" rel=\"gallery1\" rel=\"lightbox[20414]\"><img decoding=\"async\" src=\"https:\/\/www.spkatarzyna.pl\/wp-content\/uploads\/2026\/06\/PHOTO-2026-06-15-12-03-22-150x150.jpg\" width=\"150\" height=\"150\" alt=\"\" \/><\/a>\n<\/dt><\/dl><dl class=\"gallery-item\">\n<dt class=\"gallery-icon\">\n<a href=\"https:\/\/www.spkatarzyna.pl\/wp-content\/uploads\/2026\/06\/PHOTO-2026-06-15-12-03-26-225x300.jpg\" title=\"\" rel=\"gallery1\" rel=\"lightbox[20414]\"><img decoding=\"async\" src=\"https:\/\/www.spkatarzyna.pl\/wp-content\/uploads\/2026\/06\/PHOTO-2026-06-15-12-03-26-150x150.jpg\" width=\"150\" height=\"150\" alt=\"\" \/><\/a>\n<\/dt><\/dl><dl class=\"gallery-item\">\n<dt class=\"gallery-icon\">\n<a href=\"https:\/\/www.spkatarzyna.pl\/wp-content\/uploads\/2026\/06\/PHOTO-2026-06-15-12-03-27-2-225x300.jpg\" title=\"\" rel=\"gallery1\" rel=\"lightbox[20414]\"><img decoding=\"async\" src=\"https:\/\/www.spkatarzyna.pl\/wp-content\/uploads\/2026\/06\/PHOTO-2026-06-15-12-03-27-2-150x150.jpg\" width=\"150\" height=\"150\" alt=\"\" \/><\/a>\n<\/dt><\/dl><dl class=\"gallery-item\">\n<dt class=\"gallery-icon\">\n<a href=\"https:\/\/www.spkatarzyna.pl\/wp-content\/uploads\/2026\/06\/PHOTO-2026-06-15-12-03-27-3-300x225.jpg\" title=\"\" rel=\"gallery1\" rel=\"lightbox[20414]\"><img loading=\"lazy\" decoding=\"async\" src=\"https:\/\/www.spkatarzyna.pl\/wp-content\/uploads\/2026\/06\/PHOTO-2026-06-15-12-03-27-3-150x150.jpg\" width=\"150\" height=\"150\" alt=\"\" \/><\/a>\n<\/dt><\/dl><br style=\"clear: both\" \/><dl class=\"gallery-item\">\n<dt class=\"gallery-icon\">\n<a href=\"https:\/\/www.spkatarzyna.pl\/wp-content\/uploads\/2026\/06\/PHOTO-2026-06-15-12-03-27-225x300.jpg\" title=\"\" rel=\"gallery1\" rel=\"lightbox[20414]\"><img loading=\"lazy\" decoding=\"async\" src=\"https:\/\/www.spkatarzyna.pl\/wp-content\/uploads\/2026\/06\/PHOTO-2026-06-15-12-03-27-150x150.jpg\" width=\"150\" height=\"150\" alt=\"\" \/><\/a>\n<\/dt><\/dl><dl class=\"gallery-item\">\n<dt class=\"gallery-icon\">\n<a href=\"https:\/\/www.spkatarzyna.pl\/wp-content\/uploads\/2026\/06\/PHOTO-2026-06-15-12-03-28-2-300x225.jpg\" title=\"\" rel=\"gallery1\" rel=\"lightbox[20414]\"><img loading=\"lazy\" decoding=\"async\" src=\"https:\/\/www.spkatarzyna.pl\/wp-content\/uploads\/2026\/06\/PHOTO-2026-06-15-12-03-28-2-150x150.jpg\" width=\"150\" height=\"150\" alt=\"\" \/><\/a>\n<\/dt><\/dl><dl class=\"gallery-item\">\n<dt class=\"gallery-icon\">\n<a href=\"https:\/\/www.spkatarzyna.pl\/wp-content\/uploads\/2026\/06\/PHOTO-2026-06-15-12-03-28-3-300x300.jpg\" title=\"\" rel=\"gallery1\" rel=\"lightbox[20414]\"><img loading=\"lazy\" decoding=\"async\" src=\"https:\/\/www.spkatarzyna.pl\/wp-content\/uploads\/2026\/06\/PHOTO-2026-06-15-12-03-28-3-150x150.jpg\" width=\"150\" height=\"150\" alt=\"\" \/><\/a>\n<\/dt><\/dl><dl class=\"gallery-item\">\n<dt class=\"gallery-icon\">\n<a href=\"https:\/\/www.spkatarzyna.pl\/wp-content\/uploads\/2026\/06\/PHOTO-2026-06-15-12-03-28-300x300.jpg\" title=\"\" rel=\"gallery1\" rel=\"lightbox[20414]\"><img loading=\"lazy\" decoding=\"async\" src=\"https:\/\/www.spkatarzyna.pl\/wp-content\/uploads\/2026\/06\/PHOTO-2026-06-15-12-03-28-150x150.jpg\" width=\"150\" height=\"150\" alt=\"\" \/><\/a>\n<\/dt><\/dl><br style=\"clear: both\" \/><br style=\"clear: both\" \/><\/div>\t\t<\/div>\n\t\t\t\t\t\t<\/div>\n\t\t\t\t\t<\/div>\n\t\t\t\t<\/div>\n\t\t\t\t<\/div>\n\t\t","protected":false},"excerpt":{"rendered":"<p>W dniach 8\u201310 czerwca uczniowie klas 5a, 5c i 6a uczestniczyli w trzydniowej wycieczce do Czech. Pierwszego dnia zwiedzili\u015bmy Adrszpaskie Skalne Miasto, gdzie podziwiali\u015bmy niezwyk\u0142e formacje skalne i pi\u0119kne widoki. Drugiego dnia odwiedzili\u015bmy Prag\u0119 \u2013 spacerowali\u015bmy po Hradczanach, Mo\u015bcie Karola oraz Starym Mie\u015bcie z s\u0142ynnym zegarem astronomicznym. Trzeciego dnia zobaczyli\u015bmy [&hellip;]<\/p>\n","protected":false},"author":6,"featured_media":20415,"comment_status":"open","ping_status":"open","sticky":false,"template":"","format":"standard","meta":{"om_disable_all_campaigns":false,"_monsterinsights_skip_tracking":false,"ngg_post_thumbnail":0,"footnotes":""},"categories":[1],"tags":[],"class_list":["post-20414","post","type-post","status-publish","format-standard","has-post-thumbnail","hentry","category-uncategorized"],"aioseo_notices":[],"aioseo_head":"\n\t\t<!-- All in One SEO 5.0.1.1 - aioseo.com -->\n\t<meta name=\"description\" content=\"W dniach 8\u201310 czerwca uczniowie klas 5a, 5c i 6a uczestniczyli w trzydniowej wycieczce do Czech. Pierwszego dnia zwiedzili\u015bmy Adrszpaskie Skalne Miasto, gdzie podziwiali\u015bmy niezwyk\u0142e formacje skalne i pi\u0119kne widoki. Drugiego dnia odwiedzili\u015bmy Prag\u0119 \u2013 spacerowali\u015bmy po Hradczanach, Mo\u015bcie Karola oraz Starym Mie\u015bcie z s\u0142ynnym zegarem astronomicznym. Trzeciego dnia zobaczyli\u015bmy ruiny zamku Trosky oraz zwiedzili\u015bmy\" \/>\n\t<meta name=\"robots\" content=\"max-image-preview:large\" \/>\n\t<meta name=\"author\" content=\"Redakcja\"\/>\n\t<link rel=\"canonical\" href=\"https:\/\/www.spkatarzyna.pl\/index.php\/2026\/06\/15\/wycieczka-klas-5a-5c-i-6a-do-czech\/\" \/>\n\t<meta name=\"generator\" content=\"All in One SEO (AIOSEO) 5.0.1.1\" \/>\n\t\t<meta property=\"og:locale\" content=\"pl_PL\" \/>\n\t\t<meta property=\"og:site_name\" content=\"SP Katarzyna - Publiczna Szko\u0142a Podstawowa w \u015awi\u0119tej Katarzynie\" \/>\n\t\t<meta property=\"og:type\" content=\"article\" \/>\n\t\t<meta property=\"og:title\" content=\"Wycieczka klas 5a, 5c i 6a do Czech - SP Katarzyna\" \/>\n\t\t<meta property=\"og:description\" content=\"W dniach 8\u201310 czerwca uczniowie klas 5a, 5c i 6a uczestniczyli w trzydniowej wycieczce do Czech. Pierwszego dnia zwiedzili\u015bmy Adrszpaskie Skalne Miasto, gdzie podziwiali\u015bmy niezwyk\u0142e formacje skalne i pi\u0119kne widoki. Drugiego dnia odwiedzili\u015bmy Prag\u0119 \u2013 spacerowali\u015bmy po Hradczanach, Mo\u015bcie Karola oraz Starym Mie\u015bcie z s\u0142ynnym zegarem astronomicznym. Trzeciego dnia zobaczyli\u015bmy ruiny zamku Trosky oraz zwiedzili\u015bmy\" \/>\n\t\t<meta property=\"og:url\" content=\"https:\/\/www.spkatarzyna.pl\/index.php\/2026\/06\/15\/wycieczka-klas-5a-5c-i-6a-do-czech\/\" \/>\n\t\t<meta property=\"article:published_time\" content=\"2026-06-15T12:15:41+00:00\" \/>\n\t\t<meta property=\"article:modified_time\" content=\"2026-06-15T12:18:09+00:00\" \/>\n\t\t<meta name=\"twitter:card\" content=\"summary_large_image\" \/>\n\t\t<meta name=\"twitter:title\" content=\"Wycieczka klas 5a, 5c i 6a do Czech - SP Katarzyna\" \/>\n\t\t<meta name=\"twitter:description\" content=\"W dniach 8\u201310 czerwca uczniowie klas 5a, 5c i 6a uczestniczyli w trzydniowej wycieczce do Czech. Pierwszego dnia zwiedzili\u015bmy Adrszpaskie Skalne Miasto, gdzie podziwiali\u015bmy niezwyk\u0142e formacje skalne i pi\u0119kne widoki. Drugiego dnia odwiedzili\u015bmy Prag\u0119 \u2013 spacerowali\u015bmy po Hradczanach, Mo\u015bcie Karola oraz Starym Mie\u015bcie z s\u0142ynnym zegarem astronomicznym. Trzeciego dnia zobaczyli\u015bmy ruiny zamku Trosky oraz zwiedzili\u015bmy\" \/>\n\t\t<script type=\"application\/ld+json\" class=\"aioseo-schema\">\n\t\t\t{\"@context\":\"https:\\\/\\\/schema.org\",\"@graph\":[{\"@type\":\"BlogPosting\",\"@id\":\"https:\\\/\\\/www.spkatarzyna.pl\\\/index.php\\\/2026\\\/06\\\/15\\\/wycieczka-klas-5a-5c-i-6a-do-czech\\\/#blogposting\",\"name\":\"Wycieczka klas 5a, 5c i 6a do Czech - SP Katarzyna\",\"headline\":\"Wycieczka klas 5a, 5c i 6a do Czech\",\"author\":{\"@id\":\"https:\\\/\\\/www.spkatarzyna.pl\\\/index.php\\\/author\\\/agatasafianspkatarzyna-pl\\\/#author\"},\"publisher\":{\"@id\":\"https:\\\/\\\/www.spkatarzyna.pl\\\/#organization\"},\"image\":{\"@type\":\"ImageObject\",\"url\":\"https:\\\/\\\/www.spkatarzyna.pl\\\/wp-content\\\/uploads\\\/2026\\\/06\\\/PHOTO-2026-06-15-12-03-27-3-2.jpg\",\"width\":360,\"height\":202},\"datePublished\":\"2026-06-15T14:15:41+02:00\",\"dateModified\":\"2026-06-15T14:18:09+02:00\",\"inLanguage\":\"pl-PL\",\"mainEntityOfPage\":{\"@id\":\"https:\\\/\\\/www.spkatarzyna.pl\\\/index.php\\\/2026\\\/06\\\/15\\\/wycieczka-klas-5a-5c-i-6a-do-czech\\\/#webpage\"},\"isPartOf\":{\"@id\":\"https:\\\/\\\/www.spkatarzyna.pl\\\/index.php\\\/2026\\\/06\\\/15\\\/wycieczka-klas-5a-5c-i-6a-do-czech\\\/#webpage\"},\"articleSection\":\"Uncategorized\"},{\"@type\":\"BreadcrumbList\",\"@id\":\"https:\\\/\\\/www.spkatarzyna.pl\\\/index.php\\\/2026\\\/06\\\/15\\\/wycieczka-klas-5a-5c-i-6a-do-czech\\\/#breadcrumblist\",\"itemListElement\":[{\"@type\":\"ListItem\",\"@id\":\"https:\\\/\\\/www.spkatarzyna.pl#listItem\",\"position\":1,\"name\":\"Dom\",\"item\":\"https:\\\/\\\/www.spkatarzyna.pl\",\"nextItem\":{\"@type\":\"ListItem\",\"@id\":\"https:\\\/\\\/www.spkatarzyna.pl\\\/index.php\\\/category\\\/uncategorized\\\/#listItem\",\"name\":\"Uncategorized\"}},{\"@type\":\"ListItem\",\"@id\":\"https:\\\/\\\/www.spkatarzyna.pl\\\/index.php\\\/category\\\/uncategorized\\\/#listItem\",\"position\":2,\"name\":\"Uncategorized\",\"item\":\"https:\\\/\\\/www.spkatarzyna.pl\\\/index.php\\\/category\\\/uncategorized\\\/\",\"nextItem\":{\"@type\":\"ListItem\",\"@id\":\"https:\\\/\\\/www.spkatarzyna.pl\\\/index.php\\\/2026\\\/06\\\/15\\\/wycieczka-klas-5a-5c-i-6a-do-czech\\\/#listItem\",\"name\":\"Wycieczka klas 5a, 5c i 6a do Czech\"},\"previousItem\":{\"@type\":\"ListItem\",\"@id\":\"https:\\\/\\\/www.spkatarzyna.pl#listItem\",\"name\":\"Dom\"}},{\"@type\":\"ListItem\",\"@id\":\"https:\\\/\\\/www.spkatarzyna.pl\\\/index.php\\\/2026\\\/06\\\/15\\\/wycieczka-klas-5a-5c-i-6a-do-czech\\\/#listItem\",\"position\":3,\"name\":\"Wycieczka klas 5a, 5c i 6a do Czech\",\"previousItem\":{\"@type\":\"ListItem\",\"@id\":\"https:\\\/\\\/www.spkatarzyna.pl\\\/index.php\\\/category\\\/uncategorized\\\/#listItem\",\"name\":\"Uncategorized\"}}]},{\"@type\":\"Organization\",\"@id\":\"https:\\\/\\\/www.spkatarzyna.pl\\\/#organization\",\"name\":\"SP Katarzyna\",\"description\":\"Publiczna Szko\\u0142a Podstawowa w \\u015awi\\u0119tej Katarzynie\",\"url\":\"https:\\\/\\\/www.spkatarzyna.pl\\\/\",\"telephone\":\"+48713116378\",\"sameAs\":[\"https:\\\/\\\/facebook.com\\\/\",\"https:\\\/\\\/x.com\\\/\",\"https:\\\/\\\/instagram.com\\\/\",\"https:\\\/\\\/pinterest.com\\\/\",\"https:\\\/\\\/youtube.com\\\/\",\"https:\\\/\\\/linkedin.com\\\/in\\\/\"]},{\"@type\":\"Person\",\"@id\":\"https:\\\/\\\/www.spkatarzyna.pl\\\/index.php\\\/author\\\/agatasafianspkatarzyna-pl\\\/#author\",\"url\":\"https:\\\/\\\/www.spkatarzyna.pl\\\/index.php\\\/author\\\/agatasafianspkatarzyna-pl\\\/\",\"name\":\"Redakcja\",\"image\":{\"@type\":\"ImageObject\",\"@id\":\"https:\\\/\\\/www.spkatarzyna.pl\\\/index.php\\\/2026\\\/06\\\/15\\\/wycieczka-klas-5a-5c-i-6a-do-czech\\\/#authorImage\",\"url\":\"https:\\\/\\\/secure.gravatar.com\\\/avatar\\\/765290513df94d442152250e92b42327?s=96&d=mm&r=g\",\"width\":96,\"height\":96,\"caption\":\"Redakcja\"}},{\"@type\":\"WebPage\",\"@id\":\"https:\\\/\\\/www.spkatarzyna.pl\\\/index.php\\\/2026\\\/06\\\/15\\\/wycieczka-klas-5a-5c-i-6a-do-czech\\\/#webpage\",\"url\":\"https:\\\/\\\/www.spkatarzyna.pl\\\/index.php\\\/2026\\\/06\\\/15\\\/wycieczka-klas-5a-5c-i-6a-do-czech\\\/\",\"name\":\"Wycieczka klas 5a, 5c i 6a do Czech - SP Katarzyna\",\"description\":\"W dniach 8\\u201310 czerwca uczniowie klas 5a, 5c i 6a uczestniczyli w trzydniowej wycieczce do Czech. Pierwszego dnia zwiedzili\\u015bmy Adrszpaskie Skalne Miasto, gdzie podziwiali\\u015bmy niezwyk\\u0142e formacje skalne i pi\\u0119kne widoki. Drugiego dnia odwiedzili\\u015bmy Prag\\u0119 \\u2013 spacerowali\\u015bmy po Hradczanach, Mo\\u015bcie Karola oraz Starym Mie\\u015bcie z s\\u0142ynnym zegarem astronomicznym. Trzeciego dnia zobaczyli\\u015bmy ruiny zamku Trosky oraz zwiedzili\\u015bmy\",\"inLanguage\":\"pl-PL\",\"isPartOf\":{\"@id\":\"https:\\\/\\\/www.spkatarzyna.pl\\\/#website\"},\"breadcrumb\":{\"@id\":\"https:\\\/\\\/www.spkatarzyna.pl\\\/index.php\\\/2026\\\/06\\\/15\\\/wycieczka-klas-5a-5c-i-6a-do-czech\\\/#breadcrumblist\"},\"author\":{\"@id\":\"https:\\\/\\\/www.spkatarzyna.pl\\\/index.php\\\/author\\\/agatasafianspkatarzyna-pl\\\/#author\"},\"creator\":{\"@id\":\"https:\\\/\\\/www.spkatarzyna.pl\\\/index.php\\\/author\\\/agatasafianspkatarzyna-pl\\\/#author\"},\"image\":{\"@type\":\"ImageObject\",\"url\":\"https:\\\/\\\/www.spkatarzyna.pl\\\/wp-content\\\/uploads\\\/2026\\\/06\\\/PHOTO-2026-06-15-12-03-27-3-2.jpg\",\"@id\":\"https:\\\/\\\/www.spkatarzyna.pl\\\/index.php\\\/2026\\\/06\\\/15\\\/wycieczka-klas-5a-5c-i-6a-do-czech\\\/#mainImage\",\"width\":360,\"height\":202},\"primaryImageOfPage\":{\"@id\":\"https:\\\/\\\/www.spkatarzyna.pl\\\/index.php\\\/2026\\\/06\\\/15\\\/wycieczka-klas-5a-5c-i-6a-do-czech\\\/#mainImage\"},\"datePublished\":\"2026-06-15T14:15:41+02:00\",\"dateModified\":\"2026-06-15T14:18:09+02:00\"},{\"@type\":\"WebSite\",\"@id\":\"https:\\\/\\\/www.spkatarzyna.pl\\\/#website\",\"url\":\"https:\\\/\\\/www.spkatarzyna.pl\\\/\",\"name\":\"SP Katarzyna\",\"description\":\"Publiczna Szko\\u0142a Podstawowa w \\u015awi\\u0119tej Katarzynie\",\"inLanguage\":\"pl-PL\",\"publisher\":{\"@id\":\"https:\\\/\\\/www.spkatarzyna.pl\\\/#organization\"}}]}\n\t\t<\/script>\n\t\t<!-- All in One SEO -->\n\n","aioseo_head_json":{"title":"Wycieczka klas 5a, 5c i 6a do Czech - SP Katarzyna","description":"W dniach 8\u201310 czerwca uczniowie klas 5a, 5c i 6a uczestniczyli w trzydniowej wycieczce do Czech. Pierwszego dnia zwiedzili\u015bmy Adrszpaskie Skalne Miasto, gdzie podziwiali\u015bmy niezwyk\u0142e formacje skalne i pi\u0119kne widoki. Drugiego dnia odwiedzili\u015bmy Prag\u0119 \u2013 spacerowali\u015bmy po Hradczanach, Mo\u015bcie Karola oraz Starym Mie\u015bcie z s\u0142ynnym zegarem astronomicznym. Trzeciego dnia zobaczyli\u015bmy ruiny zamku Trosky oraz zwiedzili\u015bmy","canonical_url":"https:\/\/www.spkatarzyna.pl\/index.php\/2026\/06\/15\/wycieczka-klas-5a-5c-i-6a-do-czech\/","robots":"max-image-preview:large","keywords":"","webmasterTools":{"miscellaneous":""},"schema":{"@context":"https:\/\/schema.org","@graph":[{"@type":"BlogPosting","@id":"https:\/\/www.spkatarzyna.pl\/index.php\/2026\/06\/15\/wycieczka-klas-5a-5c-i-6a-do-czech\/#blogposting","name":"Wycieczka klas 5a, 5c i 6a do Czech - SP Katarzyna","headline":"Wycieczka klas 5a, 5c i 6a do Czech","author":{"@id":"https:\/\/www.spkatarzyna.pl\/index.php\/author\/agatasafianspkatarzyna-pl\/#author"},"publisher":{"@id":"https:\/\/www.spkatarzyna.pl\/#organization"},"image":{"@type":"ImageObject","url":"https:\/\/www.spkatarzyna.pl\/wp-content\/uploads\/2026\/06\/PHOTO-2026-06-15-12-03-27-3-2.jpg","width":360,"height":202},"datePublished":"2026-06-15T14:15:41+02:00","dateModified":"2026-06-15T14:18:09+02:00","inLanguage":"pl-PL","mainEntityOfPage":{"@id":"https:\/\/www.spkatarzyna.pl\/index.php\/2026\/06\/15\/wycieczka-klas-5a-5c-i-6a-do-czech\/#webpage"},"isPartOf":{"@id":"https:\/\/www.spkatarzyna.pl\/index.php\/2026\/06\/15\/wycieczka-klas-5a-5c-i-6a-do-czech\/#webpage"},"articleSection":"Uncategorized"},{"@type":"BreadcrumbList","@id":"https:\/\/www.spkatarzyna.pl\/index.php\/2026\/06\/15\/wycieczka-klas-5a-5c-i-6a-do-czech\/#breadcrumblist","itemListElement":[{"@type":"ListItem","@id":"https:\/\/www.spkatarzyna.pl#listItem","position":1,"name":"Dom","item":"https:\/\/www.spkatarzyna.pl","nextItem":{"@type":"ListItem","@id":"https:\/\/www.spkatarzyna.pl\/index.php\/category\/uncategorized\/#listItem","name":"Uncategorized"}},{"@type":"ListItem","@id":"https:\/\/www.spkatarzyna.pl\/index.php\/category\/uncategorized\/#listItem","position":2,"name":"Uncategorized","item":"https:\/\/www.spkatarzyna.pl\/index.php\/category\/uncategorized\/","nextItem":{"@type":"ListItem","@id":"https:\/\/www.spkatarzyna.pl\/index.php\/2026\/06\/15\/wycieczka-klas-5a-5c-i-6a-do-czech\/#listItem","name":"Wycieczka klas 5a, 5c i 6a do Czech"},"previousItem":{"@type":"ListItem","@id":"https:\/\/www.spkatarzyna.pl#listItem","name":"Dom"}},{"@type":"ListItem","@id":"https:\/\/www.spkatarzyna.pl\/index.php\/2026\/06\/15\/wycieczka-klas-5a-5c-i-6a-do-czech\/#listItem","position":3,"name":"Wycieczka klas 5a, 5c i 6a do Czech","previousItem":{"@type":"ListItem","@id":"https:\/\/www.spkatarzyna.pl\/index.php\/category\/uncategorized\/#listItem","name":"Uncategorized"}}]},{"@type":"Organization","@id":"https:\/\/www.spkatarzyna.pl\/#organization","name":"SP Katarzyna","description":"Publiczna Szko\u0142a Podstawowa w \u015awi\u0119tej Katarzynie","url":"https:\/\/www.spkatarzyna.pl\/","telephone":"+48713116378","sameAs":["https:\/\/facebook.com\/","https:\/\/x.com\/","https:\/\/instagram.com\/","https:\/\/pinterest.com\/","https:\/\/youtube.com\/","https:\/\/linkedin.com\/in\/"]},{"@type":"Person","@id":"https:\/\/www.spkatarzyna.pl\/index.php\/author\/agatasafianspkatarzyna-pl\/#author","url":"https:\/\/www.spkatarzyna.pl\/index.php\/author\/agatasafianspkatarzyna-pl\/","name":"Redakcja","image":{"@type":"ImageObject","@id":"https:\/\/www.spkatarzyna.pl\/index.php\/2026\/06\/15\/wycieczka-klas-5a-5c-i-6a-do-czech\/#authorImage","url":"https:\/\/secure.gravatar.com\/avatar\/765290513df94d442152250e92b42327?s=96&d=mm&r=g","width":96,"height":96,"caption":"Redakcja"}},{"@type":"WebPage","@id":"https:\/\/www.spkatarzyna.pl\/index.php\/2026\/06\/15\/wycieczka-klas-5a-5c-i-6a-do-czech\/#webpage","url":"https:\/\/www.spkatarzyna.pl\/index.php\/2026\/06\/15\/wycieczka-klas-5a-5c-i-6a-do-czech\/","name":"Wycieczka klas 5a, 5c i 6a do Czech - SP Katarzyna","description":"W dniach 8\u201310 czerwca uczniowie klas 5a, 5c i 6a uczestniczyli w trzydniowej wycieczce do Czech. Pierwszego dnia zwiedzili\u015bmy Adrszpaskie Skalne Miasto, gdzie podziwiali\u015bmy niezwyk\u0142e formacje skalne i pi\u0119kne widoki. Drugiego dnia odwiedzili\u015bmy Prag\u0119 \u2013 spacerowali\u015bmy po Hradczanach, Mo\u015bcie Karola oraz Starym Mie\u015bcie z s\u0142ynnym zegarem astronomicznym. Trzeciego dnia zobaczyli\u015bmy ruiny zamku Trosky oraz zwiedzili\u015bmy","inLanguage":"pl-PL","isPartOf":{"@id":"https:\/\/www.spkatarzyna.pl\/#website"},"breadcrumb":{"@id":"https:\/\/www.spkatarzyna.pl\/index.php\/2026\/06\/15\/wycieczka-klas-5a-5c-i-6a-do-czech\/#breadcrumblist"},"author":{"@id":"https:\/\/www.spkatarzyna.pl\/index.php\/author\/agatasafianspkatarzyna-pl\/#author"},"creator":{"@id":"https:\/\/www.spkatarzyna.pl\/index.php\/author\/agatasafianspkatarzyna-pl\/#author"},"image":{"@type":"ImageObject","url":"https:\/\/www.spkatarzyna.pl\/wp-content\/uploads\/2026\/06\/PHOTO-2026-06-15-12-03-27-3-2.jpg","@id":"https:\/\/www.spkatarzyna.pl\/index.php\/2026\/06\/15\/wycieczka-klas-5a-5c-i-6a-do-czech\/#mainImage","width":360,"height":202},"primaryImageOfPage":{"@id":"https:\/\/www.spkatarzyna.pl\/index.php\/2026\/06\/15\/wycieczka-klas-5a-5c-i-6a-do-czech\/#mainImage"},"datePublished":"2026-06-15T14:15:41+02:00","dateModified":"2026-06-15T14:18:09+02:00"},{"@type":"WebSite","@id":"https:\/\/www.spkatarzyna.pl\/#website","url":"https:\/\/www.spkatarzyna.pl\/","name":"SP Katarzyna","description":"Publiczna Szko\u0142a Podstawowa w \u015awi\u0119tej Katarzynie","inLanguage":"pl-PL","publisher":{"@id":"https:\/\/www.spkatarzyna.pl\/#organization"}}]},"og:locale":"pl_PL","og:site_name":"SP Katarzyna - Publiczna Szko\u0142a Podstawowa w \u015awi\u0119tej Katarzynie","og:type":"article","og:title":"Wycieczka klas 5a, 5c i 6a do Czech - SP Katarzyna","og:description":"W dniach 8\u201310 czerwca uczniowie klas 5a, 5c i 6a uczestniczyli w trzydniowej wycieczce do Czech. Pierwszego dnia zwiedzili\u015bmy Adrszpaskie Skalne Miasto, gdzie podziwiali\u015bmy niezwyk\u0142e formacje skalne i pi\u0119kne widoki. Drugiego dnia odwiedzili\u015bmy Prag\u0119 \u2013 spacerowali\u015bmy po Hradczanach, Mo\u015bcie Karola oraz Starym Mie\u015bcie z s\u0142ynnym zegarem astronomicznym. Trzeciego dnia zobaczyli\u015bmy ruiny zamku Trosky oraz zwiedzili\u015bmy","og:url":"https:\/\/www.spkatarzyna.pl\/index.php\/2026\/06\/15\/wycieczka-klas-5a-5c-i-6a-do-czech\/","article:published_time":"2026-06-15T12:15:41+00:00","article:modified_time":"2026-06-15T12:18:09+00:00","twitter:card":"summary_large_image","twitter:title":"Wycieczka klas 5a, 5c i 6a do Czech - SP Katarzyna","twitter:description":"W dniach 8\u201310 czerwca uczniowie klas 5a, 5c i 6a uczestniczyli w trzydniowej wycieczce do Czech. Pierwszego dnia zwiedzili\u015bmy Adrszpaskie Skalne Miasto, gdzie podziwiali\u015bmy niezwyk\u0142e formacje skalne i pi\u0119kne widoki. Drugiego dnia odwiedzili\u015bmy Prag\u0119 \u2013 spacerowali\u015bmy po Hradczanach, Mo\u015bcie Karola oraz Starym Mie\u015bcie z s\u0142ynnym zegarem astronomicznym. Trzeciego dnia zobaczyli\u015bmy ruiny zamku Trosky oraz zwiedzili\u015bmy"},"aioseo_meta_data":{"post_id":"20414","title":null,"description":null,"keywords":null,"keyphrases":{"focus":{"keyphrase":"","score":0,"analysis":{"keyphraseInTitle":{"score":0,"maxScore":9,"error":1}}},"additional":[]},"primary_term":null,"canonical_url":null,"og_title":null,"og_description":null,"og_object_type":"default","og_image_type":"default","og_image_url":null,"og_image_width":null,"og_image_height":null,"og_image_custom_url":null,"og_image_custom_fields":null,"og_video":"","og_custom_url":null,"og_article_section":null,"og_article_tags":null,"twitter_use_og":false,"twitter_card":"default","twitter_image_type":"default","twitter_image_url":null,"twitter_image_custom_url":null,"twitter_image_custom_fields":null,"twitter_title":null,"twitter_description":null,"schema":{"blockGraphs":[],"customGraphs":[],"default":{"data":{"Article":[],"Course":[],"Dataset":[],"FAQPage":[],"Movie":[],"Person":[],"Product":[],"ProductReview":[],"Car":[],"Recipe":[],"Service":[],"SoftwareApplication":[],"WebPage":[]},"graphName":"BlogPosting","isEnabled":true},"graphs":[]},"schema_type":"default","schema_type_options":null,"pillar_content":false,"robots_default":true,"robots_noindex":false,"robots_noarchive":false,"robots_nosnippet":false,"robots_nofollow":false,"robots_noimageindex":false,"robots_noodp":false,"robots_notranslate":false,"robots_max_snippet":"-1","robots_max_videopreview":"-1","robots_max_imagepreview":"large","priority":null,"frequency":"default","local_seo":null,"limit_modified_date":false,"created":"2026-06-15 12:15:41","updated":"2026-09-03 18:18:53","focus_keyword":null,"additional_keywords":null,"truseo_locale":null,"ai":null,"breadcrumb_settings":null,"seo_analyzer_scan_date":null},"aioseo_breadcrumb":"<div class=\"aioseo-breadcrumbs\"><span class=\"aioseo-breadcrumb\">\n\t\t\t<a href=\"https:\/\/www.spkatarzyna.pl\" title=\"Dom\">Dom<\/a>\n\t\t<\/span><span class=\"aioseo-breadcrumb-separator\">&raquo;<\/span><span class=\"aioseo-breadcrumb\">\n\t\t\t<a href=\"https:\/\/www.spkatarzyna.pl\/index.php\/category\/uncategorized\/\" title=\"Uncategorized\">Uncategorized<\/a>\n\t\t<\/span><span class=\"aioseo-breadcrumb-separator\">&raquo;<\/span><span class=\"aioseo-breadcrumb\">\n\t\t\tWycieczka klas 5a, 5c i 6a do Czech\n\t\t<\/span><\/div>","aioseo_breadcrumb_json":[{"label":"Dom","link":"https:\/\/www.spkatarzyna.pl"},{"label":"Uncategorized","link":"https:\/\/www.spkatarzyna.pl\/index.php\/category\/uncategorized\/"},{"label":"Wycieczka klas 5a, 5c i 6a do Czech","link":"https:\/\/www.spkatarzyna.pl\/index.php\/2026\/06\/15\/wycieczka-klas-5a-5c-i-6a-do-czech\/"}],"_links":{"self":[{"href":"https:\/\/www.spkatarzyna.pl\/index.php\/wp-json\/wp\/v2\/posts\/20414","targetHints":{"allow":["GET"]}}],"collection":[{"href":"https:\/\/www.spkatarzyna.pl\/index.php\/wp-json\/wp\/v2\/posts"}],"about":[{"href":"https:\/\/www.spkatarzyna.pl\/index.php\/wp-json\/wp\/v2\/types\/post"}],"author":[{"embeddable":true,"href":"https:\/\/www.spkatarzyna.pl\/index.php\/wp-json\/wp\/v2\/users\/6"}],"replies":[{"embeddable":true,"href":"https:\/\/www.spkatarzyna.pl\/index.php\/wp-json\/wp\/v2\/comments?post=20414"}],"version-history":[{"count":4,"href":"https:\/\/www.spkatarzyna.pl\/index.php\/wp-json\/wp\/v2\/posts\/20414\/revisions"}],"predecessor-version":[{"id":20428,"href":"https:\/\/www.spkatarzyna.pl\/index.php\/wp-json\/wp\/v2\/posts\/20414\/revisions\/20428"}],"wp:featuredmedia":[{"embeddable":true,"href":"https:\/\/www.spkatarzyna.pl\/index.php\/wp-json\/wp\/v2\/media\/20415"}],"wp:attachment":[{"href":"https:\/\/www.spkatarzyna.pl\/index.php\/wp-json\/wp\/v2\/media?parent=20414"}],"wp:term":[{"taxonomy":"category","embeddable":true,"href":"https:\/\/www.spkatarzyna.pl\/index.php\/wp-json\/wp\/v2\/categories?post=20414"},{"taxonomy":"post_tag","embeddable":true,"href":"https:\/\/www.spkatarzyna.pl\/index.php\/wp-json\/wp\/v2\/tags?post=20414"}],"curies":[{"name":"wp","href":"https:\/\/api.w.org\/{rel}","templated":true}]}}