{"id":20531,"date":"2026-06-25T09:34:14","date_gmt":"2026-06-25T07:34:14","guid":{"rendered":"https:\/\/www.spkatarzyna.pl\/?p=20531"},"modified":"2026-06-25T09:39:27","modified_gmt":"2026-06-25T07:39:27","slug":"pozegnanie-z-abi","status":"publish","type":"post","link":"https:\/\/www.spkatarzyna.pl\/index.php\/2026\/06\/25\/pozegnanie-z-abi\/","title":{"rendered":"Po\u017cegnanie z Abi"},"content":{"rendered":"\t\t<div data-elementor-type=\"wp-post\" data-elementor-id=\"20531\" class=\"elementor elementor-20531\">\n\t\t\t\t<div class=\"elementor-element elementor-element-3e354ada e-flex e-con-boxed e-con e-parent\" data-id=\"3e354ada\" data-element_type=\"container\">\n\t\t\t\t\t<div class=\"e-con-inner\">\n\t\t\t\t<div class=\"elementor-element elementor-element-1176913f elementor-widget elementor-widget-text-editor\" data-id=\"1176913f\" data-element_type=\"widget\" data-widget_type=\"text-editor.default\">\n\t\t\t\t\t\t\t\t\t<p style=\"text-align: justify;\"><span style=\"font-size: 14pt;\">Wczoraj odby\u0142y si\u0119 ostatnie w tym roku szkolnym cykliczne zaj\u0119cia z dogoterapii z nasz\u0105 ukochan\u0105 Abi. Jak zawsze spotkanie up\u0142yn\u0119\u0142o w wyj\u0105tkowo ciep\u0142ej i radosnej atmosferze, dostarczaj\u0105c naszym uczniom wielu pozytywnych emocji, u\u015bmiechu i niezapomnianych chwil.<\/span><br \/><span style=\"font-size: 14pt;\">Przez ca\u0142y rok zaj\u0119cia z Abi by\u0142y nie tylko wspania\u0142\u0105 form\u0105 terapii i wsparcia rozwoju, ale r\u00f3wnie\u017c czasem budowania relacji, nauki oraz wsp\u00f3lnej zabawy. Ka\u017cde spotkanie by\u0142o wyczekiwane z ogromn\u0105 rado\u015bci\u0105, a obecno\u015b\u0107 naszej czworono\u017cnej przyjaci\u00f3\u0142ki sprawia\u0142a, \u017ce nawet trudniejsze dni stawa\u0142y si\u0119 lepsze.<\/span><br \/><span style=\"font-size: 14pt;\">Wczoraj nadszed\u0142 moment po\u017cegnania. Z ca\u0142ego serca dzi\u0119kujemy Abi oraz jej opiekunce za zaanga\u017cowanie, cierpliwo\u015b\u0107 i wszystkie pi\u0119kne chwile, kt\u00f3re mogli\u015bmy wsp\u00f3lnie prze\u017cy\u0107. Mamy nadziej\u0119, \u017ce by\u0142o to jedynie po\u017cegnanie na wakacje i \u017ce w kolejnym roku szkolnym ponownie spotkamy si\u0119 na r\u00f3wnie cudownych zaj\u0119ciach.<\/span><\/p><p style=\"text-align: justify;\"><span style=\"font-size: 14pt;\">Abi, dzi\u0119kujemy za ka\u017cdy merdaj\u0105cy ogon, ka\u017cde przyjazne spojrzenie i ka\u017cdy wsp\u00f3lny u\u015bmiech. Do zobaczenia! <img decoding=\"async\" class=\"an1\" draggable=\"false\" src=\"https:\/\/fonts.gstatic.com\/s\/e\/notoemoji\/17.0\/1f436\/72.png\" alt=\"\ud83d\udc36\" data-emoji=\"\ud83d\udc36\" aria-label=\"\ud83d\udc36\" \/><\/span><\/p>\t\t\t\t\t\t\t\t<\/div>\n\t\t\t\t<div class=\"elementor-element elementor-element-a84f8e6 elementor-widget elementor-widget-image-gallery\" data-id=\"a84f8e6\" data-element_type=\"widget\" data-widget_type=\"image-gallery.default\">\n\t\t\t\t\t\t\t<div class=\"elementor-image-gallery\">\n\t\t\t\n\t\t<div id='gallery-1' class='gallery galleryid-20531 gallery-columns-3 gallery-size-thumbnail gallery1'><script type=\"text\/javascript\">\n\/\/ <![CDATA[\n\tjQuery(document).ready(function () {\n\t\tjQuery(\".gallery1 a\").attr(\"rel\",\"gallery1\");\t\n\t\tjQuery('a[rel=\"gallery1\"]').colorbox({title: function(){ return jQuery(this).children().attr(\"alt\"); }});\n\t});\n\/\/ ]]>\n<\/script>\n<dl class=\"gallery-item\">\n<dt class=\"gallery-icon\">\n<a href=\"https:\/\/www.spkatarzyna.pl\/wp-content\/uploads\/2026\/06\/PHOTO-2026-06-25-08-46-36-2-300x135.jpg\" title=\"\" rel=\"gallery1\" rel=\"lightbox[20531]\"><img decoding=\"async\" src=\"https:\/\/www.spkatarzyna.pl\/wp-content\/uploads\/2026\/06\/PHOTO-2026-06-25-08-46-36-2-150x150.jpg\" width=\"150\" height=\"150\" alt=\"\" \/><\/a>\n<\/dt><\/dl><dl class=\"gallery-item\">\n<dt class=\"gallery-icon\">\n<a href=\"https:\/\/www.spkatarzyna.pl\/wp-content\/uploads\/2026\/06\/PHOTO-2026-06-25-08-46-36-300x225.jpg\" title=\"\" rel=\"gallery1\" rel=\"lightbox[20531]\"><img decoding=\"async\" src=\"https:\/\/www.spkatarzyna.pl\/wp-content\/uploads\/2026\/06\/PHOTO-2026-06-25-08-46-36-150x150.jpg\" width=\"150\" height=\"150\" alt=\"\" \/><\/a>\n<\/dt><\/dl><dl class=\"gallery-item\">\n<dt class=\"gallery-icon\">\n<a href=\"https:\/\/www.spkatarzyna.pl\/wp-content\/uploads\/2026\/06\/PHOTO-2026-06-25-08-46-37-300x135.jpg\" title=\"\" rel=\"gallery1\" rel=\"lightbox[20531]\"><img decoding=\"async\" src=\"https:\/\/www.spkatarzyna.pl\/wp-content\/uploads\/2026\/06\/PHOTO-2026-06-25-08-46-37-150x150.jpg\" width=\"150\" height=\"150\" alt=\"\" \/><\/a>\n<\/dt><\/dl><br style=\"clear: both\" \/><br style=\"clear: both\" \/><\/div>\t\t<\/div>\n\t\t\t\t\t\t<\/div>\n\t\t\t\t\t<\/div>\n\t\t\t\t<\/div>\n\t\t\t\t<\/div>\n\t\t","protected":false},"excerpt":{"rendered":"<p>Wczoraj odby\u0142y si\u0119 ostatnie w tym roku szkolnym cykliczne zaj\u0119cia z dogoterapii z nasz\u0105 ukochan\u0105 Abi. Jak zawsze spotkanie up\u0142yn\u0119\u0142o w wyj\u0105tkowo ciep\u0142ej i radosnej atmosferze, dostarczaj\u0105c naszym uczniom wielu pozytywnych emocji, u\u015bmiechu i niezapomnianych chwil.Przez ca\u0142y rok zaj\u0119cia z Abi by\u0142y nie tylko wspania\u0142\u0105 form\u0105 terapii i wsparcia rozwoju, [&hellip;]<\/p>\n","protected":false},"author":6,"featured_media":20532,"comment_status":"open","ping_status":"open","sticky":false,"template":"","format":"standard","meta":{"om_disable_all_campaigns":false,"_monsterinsights_skip_tracking":false,"ngg_post_thumbnail":0,"footnotes":""},"categories":[1],"tags":[],"class_list":["post-20531","post","type-post","status-publish","format-standard","has-post-thumbnail","hentry","category-uncategorized"],"aioseo_notices":[],"aioseo_head":"\n\t\t<!-- All in One SEO 5.0.1.1 - aioseo.com -->\n\t<meta name=\"description\" content=\"Wczoraj odby\u0142y si\u0119 ostatnie w tym roku szkolnym cykliczne zaj\u0119cia z dogoterapii z nasz\u0105 ukochan\u0105 Abi. Jak zawsze spotkanie up\u0142yn\u0119\u0142o w wyj\u0105tkowo ciep\u0142ej i radosnej atmosferze, dostarczaj\u0105c naszym uczniom wielu pozytywnych emocji, u\u015bmiechu i niezapomnianych chwil.Przez ca\u0142y rok zaj\u0119cia z Abi by\u0142y nie tylko wspania\u0142\u0105 form\u0105 terapii i wsparcia rozwoju, ale r\u00f3wnie\u017c czasem budowania relacji,\" \/>\n\t<meta name=\"robots\" content=\"max-image-preview:large\" \/>\n\t<meta name=\"author\" content=\"Redakcja\"\/>\n\t<link rel=\"canonical\" href=\"https:\/\/www.spkatarzyna.pl\/index.php\/2026\/06\/25\/pozegnanie-z-abi\/\" \/>\n\t<meta name=\"generator\" content=\"All in One SEO (AIOSEO) 5.0.1.1\" \/>\n\t\t<meta property=\"og:locale\" content=\"pl_PL\" \/>\n\t\t<meta property=\"og:site_name\" content=\"SP Katarzyna - Publiczna Szko\u0142a Podstawowa w \u015awi\u0119tej Katarzynie\" \/>\n\t\t<meta property=\"og:type\" content=\"article\" \/>\n\t\t<meta property=\"og:title\" content=\"Po\u017cegnanie z Abi - SP Katarzyna\" \/>\n\t\t<meta property=\"og:description\" content=\"Wczoraj odby\u0142y si\u0119 ostatnie w tym roku szkolnym cykliczne zaj\u0119cia z dogoterapii z nasz\u0105 ukochan\u0105 Abi. Jak zawsze spotkanie up\u0142yn\u0119\u0142o w wyj\u0105tkowo ciep\u0142ej i radosnej atmosferze, dostarczaj\u0105c naszym uczniom wielu pozytywnych emocji, u\u015bmiechu i niezapomnianych chwil.Przez ca\u0142y rok zaj\u0119cia z Abi by\u0142y nie tylko wspania\u0142\u0105 form\u0105 terapii i wsparcia rozwoju, ale r\u00f3wnie\u017c czasem budowania relacji,\" \/>\n\t\t<meta property=\"og:url\" content=\"https:\/\/www.spkatarzyna.pl\/index.php\/2026\/06\/25\/pozegnanie-z-abi\/\" \/>\n\t\t<meta property=\"article:published_time\" content=\"2026-06-25T07:34:14+00:00\" \/>\n\t\t<meta property=\"article:modified_time\" content=\"2026-06-25T07:39:27+00:00\" \/>\n\t\t<meta name=\"twitter:card\" content=\"summary_large_image\" \/>\n\t\t<meta name=\"twitter:title\" content=\"Po\u017cegnanie z Abi - SP Katarzyna\" \/>\n\t\t<meta name=\"twitter:description\" content=\"Wczoraj odby\u0142y si\u0119 ostatnie w tym roku szkolnym cykliczne zaj\u0119cia z dogoterapii z nasz\u0105 ukochan\u0105 Abi. Jak zawsze spotkanie up\u0142yn\u0119\u0142o w wyj\u0105tkowo ciep\u0142ej i radosnej atmosferze, dostarczaj\u0105c naszym uczniom wielu pozytywnych emocji, u\u015bmiechu i niezapomnianych chwil.Przez ca\u0142y rok zaj\u0119cia z Abi by\u0142y nie tylko wspania\u0142\u0105 form\u0105 terapii i wsparcia rozwoju, ale r\u00f3wnie\u017c czasem budowania relacji,\" \/>\n\t\t<script type=\"application\/ld+json\" class=\"aioseo-schema\">\n\t\t\t{\"@context\":\"https:\\\/\\\/schema.org\",\"@graph\":[{\"@type\":\"BlogPosting\",\"@id\":\"https:\\\/\\\/www.spkatarzyna.pl\\\/index.php\\\/2026\\\/06\\\/25\\\/pozegnanie-z-abi\\\/#blogposting\",\"name\":\"Po\\u017cegnanie z Abi - SP Katarzyna\",\"headline\":\"Po\\u017cegnanie z Abi\",\"author\":{\"@id\":\"https:\\\/\\\/www.spkatarzyna.pl\\\/index.php\\\/author\\\/agatasafianspkatarzyna-pl\\\/#author\"},\"publisher\":{\"@id\":\"https:\\\/\\\/www.spkatarzyna.pl\\\/#organization\"},\"image\":{\"@type\":\"ImageObject\",\"url\":\"https:\\\/\\\/www.spkatarzyna.pl\\\/wp-content\\\/uploads\\\/2026\\\/06\\\/PHOTO-2026-06-25-08-46-36-2-2.jpg\",\"width\":360,\"height\":202},\"datePublished\":\"2026-06-25T09:34:14+02:00\",\"dateModified\":\"2026-06-25T09:39:27+02:00\",\"inLanguage\":\"pl-PL\",\"mainEntityOfPage\":{\"@id\":\"https:\\\/\\\/www.spkatarzyna.pl\\\/index.php\\\/2026\\\/06\\\/25\\\/pozegnanie-z-abi\\\/#webpage\"},\"isPartOf\":{\"@id\":\"https:\\\/\\\/www.spkatarzyna.pl\\\/index.php\\\/2026\\\/06\\\/25\\\/pozegnanie-z-abi\\\/#webpage\"},\"articleSection\":\"Uncategorized\"},{\"@type\":\"BreadcrumbList\",\"@id\":\"https:\\\/\\\/www.spkatarzyna.pl\\\/index.php\\\/2026\\\/06\\\/25\\\/pozegnanie-z-abi\\\/#breadcrumblist\",\"itemListElement\":[{\"@type\":\"ListItem\",\"@id\":\"https:\\\/\\\/www.spkatarzyna.pl#listItem\",\"position\":1,\"name\":\"Dom\",\"item\":\"https:\\\/\\\/www.spkatarzyna.pl\",\"nextItem\":{\"@type\":\"ListItem\",\"@id\":\"https:\\\/\\\/www.spkatarzyna.pl\\\/index.php\\\/category\\\/uncategorized\\\/#listItem\",\"name\":\"Uncategorized\"}},{\"@type\":\"ListItem\",\"@id\":\"https:\\\/\\\/www.spkatarzyna.pl\\\/index.php\\\/category\\\/uncategorized\\\/#listItem\",\"position\":2,\"name\":\"Uncategorized\",\"item\":\"https:\\\/\\\/www.spkatarzyna.pl\\\/index.php\\\/category\\\/uncategorized\\\/\",\"nextItem\":{\"@type\":\"ListItem\",\"@id\":\"https:\\\/\\\/www.spkatarzyna.pl\\\/index.php\\\/2026\\\/06\\\/25\\\/pozegnanie-z-abi\\\/#listItem\",\"name\":\"Po\\u017cegnanie z Abi\"},\"previousItem\":{\"@type\":\"ListItem\",\"@id\":\"https:\\\/\\\/www.spkatarzyna.pl#listItem\",\"name\":\"Dom\"}},{\"@type\":\"ListItem\",\"@id\":\"https:\\\/\\\/www.spkatarzyna.pl\\\/index.php\\\/2026\\\/06\\\/25\\\/pozegnanie-z-abi\\\/#listItem\",\"position\":3,\"name\":\"Po\\u017cegnanie z Abi\",\"previousItem\":{\"@type\":\"ListItem\",\"@id\":\"https:\\\/\\\/www.spkatarzyna.pl\\\/index.php\\\/category\\\/uncategorized\\\/#listItem\",\"name\":\"Uncategorized\"}}]},{\"@type\":\"Organization\",\"@id\":\"https:\\\/\\\/www.spkatarzyna.pl\\\/#organization\",\"name\":\"SP Katarzyna\",\"description\":\"Publiczna Szko\\u0142a Podstawowa w \\u015awi\\u0119tej Katarzynie\",\"url\":\"https:\\\/\\\/www.spkatarzyna.pl\\\/\",\"telephone\":\"+48713116378\",\"sameAs\":[\"https:\\\/\\\/facebook.com\\\/\",\"https:\\\/\\\/x.com\\\/\",\"https:\\\/\\\/instagram.com\\\/\",\"https:\\\/\\\/pinterest.com\\\/\",\"https:\\\/\\\/youtube.com\\\/\",\"https:\\\/\\\/linkedin.com\\\/in\\\/\"]},{\"@type\":\"Person\",\"@id\":\"https:\\\/\\\/www.spkatarzyna.pl\\\/index.php\\\/author\\\/agatasafianspkatarzyna-pl\\\/#author\",\"url\":\"https:\\\/\\\/www.spkatarzyna.pl\\\/index.php\\\/author\\\/agatasafianspkatarzyna-pl\\\/\",\"name\":\"Redakcja\",\"image\":{\"@type\":\"ImageObject\",\"@id\":\"https:\\\/\\\/www.spkatarzyna.pl\\\/index.php\\\/2026\\\/06\\\/25\\\/pozegnanie-z-abi\\\/#authorImage\",\"url\":\"https:\\\/\\\/secure.gravatar.com\\\/avatar\\\/765290513df94d442152250e92b42327?s=96&d=mm&r=g\",\"width\":96,\"height\":96,\"caption\":\"Redakcja\"}},{\"@type\":\"WebPage\",\"@id\":\"https:\\\/\\\/www.spkatarzyna.pl\\\/index.php\\\/2026\\\/06\\\/25\\\/pozegnanie-z-abi\\\/#webpage\",\"url\":\"https:\\\/\\\/www.spkatarzyna.pl\\\/index.php\\\/2026\\\/06\\\/25\\\/pozegnanie-z-abi\\\/\",\"name\":\"Po\\u017cegnanie z Abi - SP Katarzyna\",\"description\":\"Wczoraj odby\\u0142y si\\u0119 ostatnie w tym roku szkolnym cykliczne zaj\\u0119cia z dogoterapii z nasz\\u0105 ukochan\\u0105 Abi. Jak zawsze spotkanie up\\u0142yn\\u0119\\u0142o w wyj\\u0105tkowo ciep\\u0142ej i radosnej atmosferze, dostarczaj\\u0105c naszym uczniom wielu pozytywnych emocji, u\\u015bmiechu i niezapomnianych chwil.Przez ca\\u0142y rok zaj\\u0119cia z Abi by\\u0142y nie tylko wspania\\u0142\\u0105 form\\u0105 terapii i wsparcia rozwoju, ale r\\u00f3wnie\\u017c czasem budowania relacji,\",\"inLanguage\":\"pl-PL\",\"isPartOf\":{\"@id\":\"https:\\\/\\\/www.spkatarzyna.pl\\\/#website\"},\"breadcrumb\":{\"@id\":\"https:\\\/\\\/www.spkatarzyna.pl\\\/index.php\\\/2026\\\/06\\\/25\\\/pozegnanie-z-abi\\\/#breadcrumblist\"},\"author\":{\"@id\":\"https:\\\/\\\/www.spkatarzyna.pl\\\/index.php\\\/author\\\/agatasafianspkatarzyna-pl\\\/#author\"},\"creator\":{\"@id\":\"https:\\\/\\\/www.spkatarzyna.pl\\\/index.php\\\/author\\\/agatasafianspkatarzyna-pl\\\/#author\"},\"image\":{\"@type\":\"ImageObject\",\"url\":\"https:\\\/\\\/www.spkatarzyna.pl\\\/wp-content\\\/uploads\\\/2026\\\/06\\\/PHOTO-2026-06-25-08-46-36-2-2.jpg\",\"@id\":\"https:\\\/\\\/www.spkatarzyna.pl\\\/index.php\\\/2026\\\/06\\\/25\\\/pozegnanie-z-abi\\\/#mainImage\",\"width\":360,\"height\":202},\"primaryImageOfPage\":{\"@id\":\"https:\\\/\\\/www.spkatarzyna.pl\\\/index.php\\\/2026\\\/06\\\/25\\\/pozegnanie-z-abi\\\/#mainImage\"},\"datePublished\":\"2026-06-25T09:34:14+02:00\",\"dateModified\":\"2026-06-25T09:39:27+02:00\"},{\"@type\":\"WebSite\",\"@id\":\"https:\\\/\\\/www.spkatarzyna.pl\\\/#website\",\"url\":\"https:\\\/\\\/www.spkatarzyna.pl\\\/\",\"name\":\"SP Katarzyna\",\"description\":\"Publiczna Szko\\u0142a Podstawowa w \\u015awi\\u0119tej Katarzynie\",\"inLanguage\":\"pl-PL\",\"publisher\":{\"@id\":\"https:\\\/\\\/www.spkatarzyna.pl\\\/#organization\"}}]}\n\t\t<\/script>\n\t\t<!-- All in One SEO -->\n\n","aioseo_head_json":{"title":"Po\u017cegnanie z Abi - SP Katarzyna","description":"Wczoraj odby\u0142y si\u0119 ostatnie w tym roku szkolnym cykliczne zaj\u0119cia z dogoterapii z nasz\u0105 ukochan\u0105 Abi. Jak zawsze spotkanie up\u0142yn\u0119\u0142o w wyj\u0105tkowo ciep\u0142ej i radosnej atmosferze, dostarczaj\u0105c naszym uczniom wielu pozytywnych emocji, u\u015bmiechu i niezapomnianych chwil.Przez ca\u0142y rok zaj\u0119cia z Abi by\u0142y nie tylko wspania\u0142\u0105 form\u0105 terapii i wsparcia rozwoju, ale r\u00f3wnie\u017c czasem budowania relacji,","canonical_url":"https:\/\/www.spkatarzyna.pl\/index.php\/2026\/06\/25\/pozegnanie-z-abi\/","robots":"max-image-preview:large","keywords":"","webmasterTools":{"miscellaneous":""},"schema":{"@context":"https:\/\/schema.org","@graph":[{"@type":"BlogPosting","@id":"https:\/\/www.spkatarzyna.pl\/index.php\/2026\/06\/25\/pozegnanie-z-abi\/#blogposting","name":"Po\u017cegnanie z Abi - SP Katarzyna","headline":"Po\u017cegnanie z Abi","author":{"@id":"https:\/\/www.spkatarzyna.pl\/index.php\/author\/agatasafianspkatarzyna-pl\/#author"},"publisher":{"@id":"https:\/\/www.spkatarzyna.pl\/#organization"},"image":{"@type":"ImageObject","url":"https:\/\/www.spkatarzyna.pl\/wp-content\/uploads\/2026\/06\/PHOTO-2026-06-25-08-46-36-2-2.jpg","width":360,"height":202},"datePublished":"2026-06-25T09:34:14+02:00","dateModified":"2026-06-25T09:39:27+02:00","inLanguage":"pl-PL","mainEntityOfPage":{"@id":"https:\/\/www.spkatarzyna.pl\/index.php\/2026\/06\/25\/pozegnanie-z-abi\/#webpage"},"isPartOf":{"@id":"https:\/\/www.spkatarzyna.pl\/index.php\/2026\/06\/25\/pozegnanie-z-abi\/#webpage"},"articleSection":"Uncategorized"},{"@type":"BreadcrumbList","@id":"https:\/\/www.spkatarzyna.pl\/index.php\/2026\/06\/25\/pozegnanie-z-abi\/#breadcrumblist","itemListElement":[{"@type":"ListItem","@id":"https:\/\/www.spkatarzyna.pl#listItem","position":1,"name":"Dom","item":"https:\/\/www.spkatarzyna.pl","nextItem":{"@type":"ListItem","@id":"https:\/\/www.spkatarzyna.pl\/index.php\/category\/uncategorized\/#listItem","name":"Uncategorized"}},{"@type":"ListItem","@id":"https:\/\/www.spkatarzyna.pl\/index.php\/category\/uncategorized\/#listItem","position":2,"name":"Uncategorized","item":"https:\/\/www.spkatarzyna.pl\/index.php\/category\/uncategorized\/","nextItem":{"@type":"ListItem","@id":"https:\/\/www.spkatarzyna.pl\/index.php\/2026\/06\/25\/pozegnanie-z-abi\/#listItem","name":"Po\u017cegnanie z Abi"},"previousItem":{"@type":"ListItem","@id":"https:\/\/www.spkatarzyna.pl#listItem","name":"Dom"}},{"@type":"ListItem","@id":"https:\/\/www.spkatarzyna.pl\/index.php\/2026\/06\/25\/pozegnanie-z-abi\/#listItem","position":3,"name":"Po\u017cegnanie z Abi","previousItem":{"@type":"ListItem","@id":"https:\/\/www.spkatarzyna.pl\/index.php\/category\/uncategorized\/#listItem","name":"Uncategorized"}}]},{"@type":"Organization","@id":"https:\/\/www.spkatarzyna.pl\/#organization","name":"SP Katarzyna","description":"Publiczna Szko\u0142a Podstawowa w \u015awi\u0119tej Katarzynie","url":"https:\/\/www.spkatarzyna.pl\/","telephone":"+48713116378","sameAs":["https:\/\/facebook.com\/","https:\/\/x.com\/","https:\/\/instagram.com\/","https:\/\/pinterest.com\/","https:\/\/youtube.com\/","https:\/\/linkedin.com\/in\/"]},{"@type":"Person","@id":"https:\/\/www.spkatarzyna.pl\/index.php\/author\/agatasafianspkatarzyna-pl\/#author","url":"https:\/\/www.spkatarzyna.pl\/index.php\/author\/agatasafianspkatarzyna-pl\/","name":"Redakcja","image":{"@type":"ImageObject","@id":"https:\/\/www.spkatarzyna.pl\/index.php\/2026\/06\/25\/pozegnanie-z-abi\/#authorImage","url":"https:\/\/secure.gravatar.com\/avatar\/765290513df94d442152250e92b42327?s=96&d=mm&r=g","width":96,"height":96,"caption":"Redakcja"}},{"@type":"WebPage","@id":"https:\/\/www.spkatarzyna.pl\/index.php\/2026\/06\/25\/pozegnanie-z-abi\/#webpage","url":"https:\/\/www.spkatarzyna.pl\/index.php\/2026\/06\/25\/pozegnanie-z-abi\/","name":"Po\u017cegnanie z Abi - SP Katarzyna","description":"Wczoraj odby\u0142y si\u0119 ostatnie w tym roku szkolnym cykliczne zaj\u0119cia z dogoterapii z nasz\u0105 ukochan\u0105 Abi. Jak zawsze spotkanie up\u0142yn\u0119\u0142o w wyj\u0105tkowo ciep\u0142ej i radosnej atmosferze, dostarczaj\u0105c naszym uczniom wielu pozytywnych emocji, u\u015bmiechu i niezapomnianych chwil.Przez ca\u0142y rok zaj\u0119cia z Abi by\u0142y nie tylko wspania\u0142\u0105 form\u0105 terapii i wsparcia rozwoju, ale r\u00f3wnie\u017c czasem budowania relacji,","inLanguage":"pl-PL","isPartOf":{"@id":"https:\/\/www.spkatarzyna.pl\/#website"},"breadcrumb":{"@id":"https:\/\/www.spkatarzyna.pl\/index.php\/2026\/06\/25\/pozegnanie-z-abi\/#breadcrumblist"},"author":{"@id":"https:\/\/www.spkatarzyna.pl\/index.php\/author\/agatasafianspkatarzyna-pl\/#author"},"creator":{"@id":"https:\/\/www.spkatarzyna.pl\/index.php\/author\/agatasafianspkatarzyna-pl\/#author"},"image":{"@type":"ImageObject","url":"https:\/\/www.spkatarzyna.pl\/wp-content\/uploads\/2026\/06\/PHOTO-2026-06-25-08-46-36-2-2.jpg","@id":"https:\/\/www.spkatarzyna.pl\/index.php\/2026\/06\/25\/pozegnanie-z-abi\/#mainImage","width":360,"height":202},"primaryImageOfPage":{"@id":"https:\/\/www.spkatarzyna.pl\/index.php\/2026\/06\/25\/pozegnanie-z-abi\/#mainImage"},"datePublished":"2026-06-25T09:34:14+02:00","dateModified":"2026-06-25T09:39:27+02:00"},{"@type":"WebSite","@id":"https:\/\/www.spkatarzyna.pl\/#website","url":"https:\/\/www.spkatarzyna.pl\/","name":"SP Katarzyna","description":"Publiczna Szko\u0142a Podstawowa w \u015awi\u0119tej Katarzynie","inLanguage":"pl-PL","publisher":{"@id":"https:\/\/www.spkatarzyna.pl\/#organization"}}]},"og:locale":"pl_PL","og:site_name":"SP Katarzyna - Publiczna Szko\u0142a Podstawowa w \u015awi\u0119tej Katarzynie","og:type":"article","og:title":"Po\u017cegnanie z Abi - SP Katarzyna","og:description":"Wczoraj odby\u0142y si\u0119 ostatnie w tym roku szkolnym cykliczne zaj\u0119cia z dogoterapii z nasz\u0105 ukochan\u0105 Abi. Jak zawsze spotkanie up\u0142yn\u0119\u0142o w wyj\u0105tkowo ciep\u0142ej i radosnej atmosferze, dostarczaj\u0105c naszym uczniom wielu pozytywnych emocji, u\u015bmiechu i niezapomnianych chwil.Przez ca\u0142y rok zaj\u0119cia z Abi by\u0142y nie tylko wspania\u0142\u0105 form\u0105 terapii i wsparcia rozwoju, ale r\u00f3wnie\u017c czasem budowania relacji,","og:url":"https:\/\/www.spkatarzyna.pl\/index.php\/2026\/06\/25\/pozegnanie-z-abi\/","article:published_time":"2026-06-25T07:34:14+00:00","article:modified_time":"2026-06-25T07:39:27+00:00","twitter:card":"summary_large_image","twitter:title":"Po\u017cegnanie z Abi - SP Katarzyna","twitter:description":"Wczoraj odby\u0142y si\u0119 ostatnie w tym roku szkolnym cykliczne zaj\u0119cia z dogoterapii z nasz\u0105 ukochan\u0105 Abi. Jak zawsze spotkanie up\u0142yn\u0119\u0142o w wyj\u0105tkowo ciep\u0142ej i radosnej atmosferze, dostarczaj\u0105c naszym uczniom wielu pozytywnych emocji, u\u015bmiechu i niezapomnianych chwil.Przez ca\u0142y rok zaj\u0119cia z Abi by\u0142y nie tylko wspania\u0142\u0105 form\u0105 terapii i wsparcia rozwoju, ale r\u00f3wnie\u017c czasem budowania relacji,"},"aioseo_meta_data":{"post_id":"20531","title":null,"description":null,"keywords":null,"keyphrases":{"focus":[],"additional":[]},"primary_term":null,"canonical_url":null,"og_title":null,"og_description":null,"og_object_type":"default","og_image_type":"default","og_image_url":null,"og_image_width":null,"og_image_height":null,"og_image_custom_url":null,"og_image_custom_fields":null,"og_video":"","og_custom_url":null,"og_article_section":null,"og_article_tags":null,"twitter_use_og":false,"twitter_card":"default","twitter_image_type":"default","twitter_image_url":null,"twitter_image_custom_url":null,"twitter_image_custom_fields":null,"twitter_title":null,"twitter_description":null,"schema":{"blockGraphs":[],"customGraphs":[],"default":{"data":{"Article":[],"Course":[],"Dataset":[],"FAQPage":[],"Movie":[],"Person":[],"Product":[],"ProductReview":[],"Car":[],"Recipe":[],"Service":[],"SoftwareApplication":[],"WebPage":[]},"graphName":"BlogPosting","isEnabled":true},"graphs":[]},"schema_type":"default","schema_type_options":null,"pillar_content":false,"robots_default":true,"robots_noindex":false,"robots_noarchive":false,"robots_nosnippet":false,"robots_nofollow":false,"robots_noimageindex":false,"robots_noodp":false,"robots_notranslate":false,"robots_max_snippet":"-1","robots_max_videopreview":"-1","robots_max_imagepreview":"large","priority":null,"frequency":"default","local_seo":null,"limit_modified_date":false,"created":"2026-06-25 07:34:14","updated":"2026-09-03 18:21:45","focus_keyword":null,"additional_keywords":null,"truseo_locale":null,"ai":null,"breadcrumb_settings":null,"seo_analyzer_scan_date":null},"aioseo_breadcrumb":"<div class=\"aioseo-breadcrumbs\"><span class=\"aioseo-breadcrumb\">\n\t\t\t<a href=\"https:\/\/www.spkatarzyna.pl\" title=\"Dom\">Dom<\/a>\n\t\t<\/span><span class=\"aioseo-breadcrumb-separator\">&raquo;<\/span><span class=\"aioseo-breadcrumb\">\n\t\t\t<a href=\"https:\/\/www.spkatarzyna.pl\/index.php\/category\/uncategorized\/\" title=\"Uncategorized\">Uncategorized<\/a>\n\t\t<\/span><span class=\"aioseo-breadcrumb-separator\">&raquo;<\/span><span class=\"aioseo-breadcrumb\">\n\t\t\tPo\u017cegnanie z Abi\n\t\t<\/span><\/div>","aioseo_breadcrumb_json":[{"label":"Dom","link":"https:\/\/www.spkatarzyna.pl"},{"label":"Uncategorized","link":"https:\/\/www.spkatarzyna.pl\/index.php\/category\/uncategorized\/"},{"label":"Po\u017cegnanie z Abi","link":"https:\/\/www.spkatarzyna.pl\/index.php\/2026\/06\/25\/pozegnanie-z-abi\/"}],"_links":{"self":[{"href":"https:\/\/www.spkatarzyna.pl\/index.php\/wp-json\/wp\/v2\/posts\/20531","targetHints":{"allow":["GET"]}}],"collection":[{"href":"https:\/\/www.spkatarzyna.pl\/index.php\/wp-json\/wp\/v2\/posts"}],"about":[{"href":"https:\/\/www.spkatarzyna.pl\/index.php\/wp-json\/wp\/v2\/types\/post"}],"author":[{"embeddable":true,"href":"https:\/\/www.spkatarzyna.pl\/index.php\/wp-json\/wp\/v2\/users\/6"}],"replies":[{"embeddable":true,"href":"https:\/\/www.spkatarzyna.pl\/index.php\/wp-json\/wp\/v2\/comments?post=20531"}],"version-history":[{"count":7,"href":"https:\/\/www.spkatarzyna.pl\/index.php\/wp-json\/wp\/v2\/posts\/20531\/revisions"}],"predecessor-version":[{"id":20543,"href":"https:\/\/www.spkatarzyna.pl\/index.php\/wp-json\/wp\/v2\/posts\/20531\/revisions\/20543"}],"wp:featuredmedia":[{"embeddable":true,"href":"https:\/\/www.spkatarzyna.pl\/index.php\/wp-json\/wp\/v2\/media\/20532"}],"wp:attachment":[{"href":"https:\/\/www.spkatarzyna.pl\/index.php\/wp-json\/wp\/v2\/media?parent=20531"}],"wp:term":[{"taxonomy":"category","embeddable":true,"href":"https:\/\/www.spkatarzyna.pl\/index.php\/wp-json\/wp\/v2\/categories?post=20531"},{"taxonomy":"post_tag","embeddable":true,"href":"https:\/\/www.spkatarzyna.pl\/index.php\/wp-json\/wp\/v2\/tags?post=20531"}],"curies":[{"name":"wp","href":"https:\/\/api.w.org\/{rel}","templated":true}]}}