{"id":20571,"date":"2026-06-25T10:09:34","date_gmt":"2026-06-25T08:09:34","guid":{"rendered":"https:\/\/www.spkatarzyna.pl\/?p=20571"},"modified":"2026-06-25T18:04:29","modified_gmt":"2026-06-25T16:04:29","slug":"podsumowanie-projektu-bees-in-the-city","status":"publish","type":"post","link":"https:\/\/www.spkatarzyna.pl\/index.php\/2026\/06\/25\/podsumowanie-projektu-bees-in-the-city\/","title":{"rendered":"Podsumowanie projektu"},"content":{"rendered":"\t\t<div data-elementor-type=\"wp-post\" data-elementor-id=\"20571\" class=\"elementor elementor-20571\">\n\t\t\t\t<div class=\"elementor-element elementor-element-6bcfdcf1 e-flex e-con-boxed e-con e-parent\" data-id=\"6bcfdcf1\" data-element_type=\"container\">\n\t\t\t\t\t<div class=\"e-con-inner\">\n\t\t\t\t<div class=\"elementor-element elementor-element-53c67d65 elementor-widget elementor-widget-text-editor\" data-id=\"53c67d65\" data-element_type=\"widget\" data-widget_type=\"text-editor.default\">\n\t\t\t\t\t\t\t\t\t<div dir=\"auto\">&nbsp;<\/div>\r\n<div dir=\"auto\">&nbsp;<\/div>\r\n<div dir=\"auto\" style=\"text-align: justify;\"><span style=\"font-size: 14pt;\">Z ko\u0144cem roku szkolnego czas na podsumowanie projektu j\u0119zykowego z elementami doradztwa zawodowego, realizowanego w naszej szkole przez klas\u0119 4b i 4c. Cele w tym\u017ce projekcie o nazwie BEES IN THE CITY wdro\u017conym w pa\u017adzierniku 2025 i zako\u0144czonym w czerwcu 2026 na j. angielskim zosta\u0142y osi\u0105gni\u0119te. Uczniowie ww. klas czwartych, w\u0142\u0105czaj\u0105c w to swoje rodziny (wa\u017cny aspekt wielopokoleniowo\u015bci-rozmowy z dziadkiem czy wsp\u00f3lne przygotowywanie projekt\u00f3w np.uli), zapoznali si\u0119 z prac\u0105 pszczelarza, rozwin\u0119li kompetencje j\u0119zykowe w zakresie j\u0119zyka angielskiego, ukszta\u0142towali \u015bwiadomo\u015b\u0107 ekologiczn\u0105 poprzez poznanie roli pszcz\u00f3\u0142 w \u015brodowisku. Projekt cieszy\u0142 si\u0119 ogromnym zainteresowaniem uczni\u00f3w oraz uznaniem ze strony rodzic\u00f3w. Realizacja zada\u0144 projektowych (prezentacje, wyst\u0105pienia publiczne z finalnymi pracami, obserwacja przyrody) odbywa\u0142a si\u0119 w &nbsp;ciekawych miejscach, kt\u00f3re zapewni\u0142a nam nasza szko\u0142a-park z pi\u0119knymi lipami, budki dla pszcz\u00f3\u0142 na patio szkolnym. <\/span><\/div>\r\n<div dir=\"auto\">&nbsp;<\/div>\r\n<div dir=\"auto\" style=\"text-align: justify;\"><span style=\"font-size: 14pt;\">Gratulujemy wszystkim&nbsp;<\/span><span style=\"font-size: 14pt;\">uczestnikom.&nbsp;<\/span><\/div>\r\n<div dir=\"auto\" style=\"text-align: right;\"><span style=\"font-size: 14pt;\">Agnieszka \u017bak<\/span><\/div>\r\n<div dir=\"auto\">&nbsp;<\/div>\t\t\t\t\t\t\t\t<\/div>\n\t\t\t\t<div class=\"elementor-element elementor-element-c75d551 elementor-widget elementor-widget-image-gallery\" data-id=\"c75d551\" data-element_type=\"widget\" data-widget_type=\"image-gallery.default\">\n\t\t\t\t\t\t\t<div class=\"elementor-image-gallery\">\n\t\t\t\n<a data-elementor-open-lightbox=\"yes\" data-elementor-lightbox-slideshow=\"c75d551\" data-e-action-hash=\"#elementor-action%3Aaction%3Dlightbox%26settings%3DeyJpZCI6MjA1NzUsInVybCI6Imh0dHBzOlwvXC93d3cuc3BrYXRhcnp5bmEucGxcL3dwLWNvbnRlbnRcL3VwbG9hZHNcLzIwMjZcLzA2XC9JTUdfNjYxMi1zY2FsZWQuanBlZyIsInNsaWRlc2hvdyI6ImM3NWQ1NTEifQ%3D%3D\" href='https:\/\/www.spkatarzyna.pl\/img_6612\/'><img decoding=\"async\" width=\"150\" height=\"150\" src=\"https:\/\/www.spkatarzyna.pl\/wp-content\/uploads\/2026\/06\/IMG_6612-150x150.jpeg\" class=\"attachment-thumbnail size-thumbnail\" alt=\"\" srcset=\"https:\/\/www.spkatarzyna.pl\/wp-content\/uploads\/2026\/06\/IMG_6612-150x150.jpeg 150w, https:\/\/www.spkatarzyna.pl\/wp-content\/uploads\/2026\/06\/IMG_6612-90x90.jpeg 90w, https:\/\/www.spkatarzyna.pl\/wp-content\/uploads\/2026\/06\/IMG_6612-670x670.jpeg 670w\" sizes=\"(max-width: 150px) 100vw, 150px\" \/><\/a>\n<a data-elementor-open-lightbox=\"yes\" data-elementor-lightbox-slideshow=\"c75d551\" data-e-action-hash=\"#elementor-action%3Aaction%3Dlightbox%26settings%3DeyJpZCI6MjA1NzYsInVybCI6Imh0dHBzOlwvXC93d3cuc3BrYXRhcnp5bmEucGxcL3dwLWNvbnRlbnRcL3VwbG9hZHNcLzIwMjZcLzA2XC9JTUdfNjYxMy1zY2FsZWQuanBlZyIsInNsaWRlc2hvdyI6ImM3NWQ1NTEifQ%3D%3D\" href='https:\/\/www.spkatarzyna.pl\/img_6613\/'><img decoding=\"async\" width=\"150\" height=\"150\" src=\"https:\/\/www.spkatarzyna.pl\/wp-content\/uploads\/2026\/06\/IMG_6613-150x150.jpeg\" class=\"attachment-thumbnail size-thumbnail\" alt=\"\" srcset=\"https:\/\/www.spkatarzyna.pl\/wp-content\/uploads\/2026\/06\/IMG_6613-150x150.jpeg 150w, https:\/\/www.spkatarzyna.pl\/wp-content\/uploads\/2026\/06\/IMG_6613-90x90.jpeg 90w, https:\/\/www.spkatarzyna.pl\/wp-content\/uploads\/2026\/06\/IMG_6613-670x670.jpeg 670w\" sizes=\"(max-width: 150px) 100vw, 150px\" \/><\/a>\n<a data-elementor-open-lightbox=\"yes\" data-elementor-lightbox-slideshow=\"c75d551\" data-e-action-hash=\"#elementor-action%3Aaction%3Dlightbox%26settings%3DeyJpZCI6MjA1NzcsInVybCI6Imh0dHBzOlwvXC93d3cuc3BrYXRhcnp5bmEucGxcL3dwLWNvbnRlbnRcL3VwbG9hZHNcLzIwMjZcLzA2XC9JTUdfNjYxNC1zY2FsZWQuanBlZyIsInNsaWRlc2hvdyI6ImM3NWQ1NTEifQ%3D%3D\" href='https:\/\/www.spkatarzyna.pl\/img_6614\/'><img decoding=\"async\" width=\"150\" height=\"150\" src=\"https:\/\/www.spkatarzyna.pl\/wp-content\/uploads\/2026\/06\/IMG_6614-150x150.jpeg\" class=\"attachment-thumbnail size-thumbnail\" alt=\"\" srcset=\"https:\/\/www.spkatarzyna.pl\/wp-content\/uploads\/2026\/06\/IMG_6614-150x150.jpeg 150w, https:\/\/www.spkatarzyna.pl\/wp-content\/uploads\/2026\/06\/IMG_6614-90x90.jpeg 90w, https:\/\/www.spkatarzyna.pl\/wp-content\/uploads\/2026\/06\/IMG_6614-670x670.jpeg 670w\" sizes=\"(max-width: 150px) 100vw, 150px\" \/><\/a>\n<a data-elementor-open-lightbox=\"yes\" data-elementor-lightbox-slideshow=\"c75d551\" data-e-action-hash=\"#elementor-action%3Aaction%3Dlightbox%26settings%3DeyJpZCI6MjA1NzgsInVybCI6Imh0dHBzOlwvXC93d3cuc3BrYXRhcnp5bmEucGxcL3dwLWNvbnRlbnRcL3VwbG9hZHNcLzIwMjZcLzA2XC9JTUdfNjYxNS1zY2FsZWQuanBlZyIsInNsaWRlc2hvdyI6ImM3NWQ1NTEifQ%3D%3D\" href='https:\/\/www.spkatarzyna.pl\/img_6615\/'><img loading=\"lazy\" decoding=\"async\" width=\"150\" height=\"150\" src=\"https:\/\/www.spkatarzyna.pl\/wp-content\/uploads\/2026\/06\/IMG_6615-150x150.jpeg\" class=\"attachment-thumbnail size-thumbnail\" alt=\"\" srcset=\"https:\/\/www.spkatarzyna.pl\/wp-content\/uploads\/2026\/06\/IMG_6615-150x150.jpeg 150w, https:\/\/www.spkatarzyna.pl\/wp-content\/uploads\/2026\/06\/IMG_6615-90x90.jpeg 90w, https:\/\/www.spkatarzyna.pl\/wp-content\/uploads\/2026\/06\/IMG_6615-670x670.jpeg 670w\" sizes=\"(max-width: 150px) 100vw, 150px\" \/><\/a>\n<a data-elementor-open-lightbox=\"yes\" data-elementor-lightbox-slideshow=\"c75d551\" data-e-action-hash=\"#elementor-action%3Aaction%3Dlightbox%26settings%3DeyJpZCI6MjA1NzksInVybCI6Imh0dHBzOlwvXC93d3cuc3BrYXRhcnp5bmEucGxcL3dwLWNvbnRlbnRcL3VwbG9hZHNcLzIwMjZcLzA2XC9JTUdfNjYyMy1zY2FsZWQuanBlZyIsInNsaWRlc2hvdyI6ImM3NWQ1NTEifQ%3D%3D\" href='https:\/\/www.spkatarzyna.pl\/img_6623-2\/'><img loading=\"lazy\" decoding=\"async\" width=\"150\" height=\"150\" src=\"https:\/\/www.spkatarzyna.pl\/wp-content\/uploads\/2026\/06\/IMG_6623-150x150.jpeg\" class=\"attachment-thumbnail size-thumbnail\" alt=\"\" srcset=\"https:\/\/www.spkatarzyna.pl\/wp-content\/uploads\/2026\/06\/IMG_6623-150x150.jpeg 150w, https:\/\/www.spkatarzyna.pl\/wp-content\/uploads\/2026\/06\/IMG_6623-90x90.jpeg 90w, https:\/\/www.spkatarzyna.pl\/wp-content\/uploads\/2026\/06\/IMG_6623-670x670.jpeg 670w\" sizes=\"(max-width: 150px) 100vw, 150px\" \/><\/a>\n<a data-elementor-open-lightbox=\"yes\" data-elementor-lightbox-slideshow=\"c75d551\" data-e-action-hash=\"#elementor-action%3Aaction%3Dlightbox%26settings%3DeyJpZCI6MjA1ODAsInVybCI6Imh0dHBzOlwvXC93d3cuc3BrYXRhcnp5bmEucGxcL3dwLWNvbnRlbnRcL3VwbG9hZHNcLzIwMjZcLzA2XC9JTUdfNjYyNC1zY2FsZWQuanBlZyIsInNsaWRlc2hvdyI6ImM3NWQ1NTEifQ%3D%3D\" href='https:\/\/www.spkatarzyna.pl\/img_6624\/'><img loading=\"lazy\" decoding=\"async\" width=\"150\" height=\"150\" src=\"https:\/\/www.spkatarzyna.pl\/wp-content\/uploads\/2026\/06\/IMG_6624-150x150.jpeg\" class=\"attachment-thumbnail size-thumbnail\" alt=\"\" srcset=\"https:\/\/www.spkatarzyna.pl\/wp-content\/uploads\/2026\/06\/IMG_6624-150x150.jpeg 150w, https:\/\/www.spkatarzyna.pl\/wp-content\/uploads\/2026\/06\/IMG_6624-90x90.jpeg 90w, https:\/\/www.spkatarzyna.pl\/wp-content\/uploads\/2026\/06\/IMG_6624-670x670.jpeg 670w\" sizes=\"(max-width: 150px) 100vw, 150px\" \/><\/a>\n<a data-elementor-open-lightbox=\"yes\" data-elementor-lightbox-slideshow=\"c75d551\" data-e-action-hash=\"#elementor-action%3Aaction%3Dlightbox%26settings%3DeyJpZCI6MjA1ODEsInVybCI6Imh0dHBzOlwvXC93d3cuc3BrYXRhcnp5bmEucGxcL3dwLWNvbnRlbnRcL3VwbG9hZHNcLzIwMjZcLzA2XC9JTUdfNjYyMC1zY2FsZWQuanBlZyIsInNsaWRlc2hvdyI6ImM3NWQ1NTEifQ%3D%3D\" href='https:\/\/www.spkatarzyna.pl\/img_6620\/'><img loading=\"lazy\" decoding=\"async\" width=\"150\" height=\"150\" src=\"https:\/\/www.spkatarzyna.pl\/wp-content\/uploads\/2026\/06\/IMG_6620-150x150.jpeg\" class=\"attachment-thumbnail size-thumbnail\" alt=\"\" srcset=\"https:\/\/www.spkatarzyna.pl\/wp-content\/uploads\/2026\/06\/IMG_6620-150x150.jpeg 150w, https:\/\/www.spkatarzyna.pl\/wp-content\/uploads\/2026\/06\/IMG_6620-90x90.jpeg 90w, https:\/\/www.spkatarzyna.pl\/wp-content\/uploads\/2026\/06\/IMG_6620-670x670.jpeg 670w\" sizes=\"(max-width: 150px) 100vw, 150px\" \/><\/a>\n<a data-elementor-open-lightbox=\"yes\" data-elementor-lightbox-slideshow=\"c75d551\" data-e-action-hash=\"#elementor-action%3Aaction%3Dlightbox%26settings%3DeyJpZCI6MjA1ODIsInVybCI6Imh0dHBzOlwvXC93d3cuc3BrYXRhcnp5bmEucGxcL3dwLWNvbnRlbnRcL3VwbG9hZHNcLzIwMjZcLzA2XC9JTUdfNjYyMS1zY2FsZWQuanBlZyIsInNsaWRlc2hvdyI6ImM3NWQ1NTEifQ%3D%3D\" href='https:\/\/www.spkatarzyna.pl\/img_6621\/'><img loading=\"lazy\" decoding=\"async\" width=\"150\" height=\"150\" src=\"https:\/\/www.spkatarzyna.pl\/wp-content\/uploads\/2026\/06\/IMG_6621-150x150.jpeg\" class=\"attachment-thumbnail size-thumbnail\" alt=\"\" srcset=\"https:\/\/www.spkatarzyna.pl\/wp-content\/uploads\/2026\/06\/IMG_6621-150x150.jpeg 150w, https:\/\/www.spkatarzyna.pl\/wp-content\/uploads\/2026\/06\/IMG_6621-90x90.jpeg 90w, https:\/\/www.spkatarzyna.pl\/wp-content\/uploads\/2026\/06\/IMG_6621-670x670.jpeg 670w\" sizes=\"(max-width: 150px) 100vw, 150px\" \/><\/a>\n<a data-elementor-open-lightbox=\"yes\" data-elementor-lightbox-slideshow=\"c75d551\" data-e-action-hash=\"#elementor-action%3Aaction%3Dlightbox%26settings%3DeyJpZCI6MjA1ODMsInVybCI6Imh0dHBzOlwvXC93d3cuc3BrYXRhcnp5bmEucGxcL3dwLWNvbnRlbnRcL3VwbG9hZHNcLzIwMjZcLzA2XC9JTUdfNjYyMi1zY2FsZWQuanBlZyIsInNsaWRlc2hvdyI6ImM3NWQ1NTEifQ%3D%3D\" href='https:\/\/www.spkatarzyna.pl\/img_6622\/'><img loading=\"lazy\" decoding=\"async\" width=\"150\" height=\"150\" src=\"https:\/\/www.spkatarzyna.pl\/wp-content\/uploads\/2026\/06\/IMG_6622-150x150.jpeg\" class=\"attachment-thumbnail size-thumbnail\" alt=\"\" srcset=\"https:\/\/www.spkatarzyna.pl\/wp-content\/uploads\/2026\/06\/IMG_6622-150x150.jpeg 150w, https:\/\/www.spkatarzyna.pl\/wp-content\/uploads\/2026\/06\/IMG_6622-90x90.jpeg 90w, https:\/\/www.spkatarzyna.pl\/wp-content\/uploads\/2026\/06\/IMG_6622-670x670.jpeg 670w\" sizes=\"(max-width: 150px) 100vw, 150px\" \/><\/a>\n\t\t<\/div>\n\t\t\t\t\t\t<\/div>\n\t\t\t\t\t<\/div>\n\t\t\t\t<\/div>\n\t\t\t\t<\/div>\n\t\t","protected":false},"excerpt":{"rendered":"<p>&nbsp; &nbsp; Z ko\u0144cem roku szkolnego czas na podsumowanie projektu j\u0119zykowego z elementami doradztwa zawodowego, realizowanego w naszej szkole przez klas\u0119 4b i 4c. Cele w tym\u017ce projekcie o nazwie BEES IN THE CITY wdro\u017conym w pa\u017adzierniku 2025 i zako\u0144czonym w czerwcu 2026 na j. angielskim zosta\u0142y osi\u0105gni\u0119te. Uczniowie ww. [&hellip;]<\/p>\n","protected":false},"author":6,"featured_media":20572,"comment_status":"open","ping_status":"open","sticky":false,"template":"","format":"standard","meta":{"om_disable_all_campaigns":false,"_monsterinsights_skip_tracking":false,"ngg_post_thumbnail":0,"footnotes":""},"categories":[1],"tags":[],"class_list":["post-20571","post","type-post","status-publish","format-standard","has-post-thumbnail","hentry","category-uncategorized"],"aioseo_notices":[],"aioseo_head":"\n\t\t<!-- All in One SEO 5.0.1.1 - aioseo.com -->\n\t<meta name=\"description\" content=\"Z ko\u0144cem roku szkolnego czas na podsumowanie projektu j\u0119zykowego z elementami doradztwa zawodowego, realizowanego w naszej szkole przez klas\u0119 4b i 4c. Cele w tym\u017ce projekcie o nazwie BEES IN THE CITY wdro\u017conym w pa\u017adzierniku 2025 i zako\u0144czonym w czerwcu 2026 na j. angielskim zosta\u0142y osi\u0105gni\u0119te. Uczniowie ww. klas czwartych, w\u0142\u0105czaj\u0105c w to\" \/>\n\t<meta name=\"robots\" content=\"max-image-preview:large\" \/>\n\t<meta name=\"author\" content=\"Redakcja\"\/>\n\t<link rel=\"canonical\" href=\"https:\/\/www.spkatarzyna.pl\/index.php\/2026\/06\/25\/podsumowanie-projektu-bees-in-the-city\/\" \/>\n\t<meta name=\"generator\" content=\"All in One SEO (AIOSEO) 5.0.1.1\" \/>\n\t\t<meta property=\"og:locale\" content=\"pl_PL\" \/>\n\t\t<meta property=\"og:site_name\" content=\"SP Katarzyna - Publiczna Szko\u0142a Podstawowa w \u015awi\u0119tej Katarzynie\" \/>\n\t\t<meta property=\"og:type\" content=\"article\" \/>\n\t\t<meta property=\"og:title\" content=\"Podsumowanie projektu - SP Katarzyna\" \/>\n\t\t<meta property=\"og:description\" content=\"Z ko\u0144cem roku szkolnego czas na podsumowanie projektu j\u0119zykowego z elementami doradztwa zawodowego, realizowanego w naszej szkole przez klas\u0119 4b i 4c. Cele w tym\u017ce projekcie o nazwie BEES IN THE CITY wdro\u017conym w pa\u017adzierniku 2025 i zako\u0144czonym w czerwcu 2026 na j. angielskim zosta\u0142y osi\u0105gni\u0119te. Uczniowie ww. klas czwartych, w\u0142\u0105czaj\u0105c w to\" \/>\n\t\t<meta property=\"og:url\" content=\"https:\/\/www.spkatarzyna.pl\/index.php\/2026\/06\/25\/podsumowanie-projektu-bees-in-the-city\/\" \/>\n\t\t<meta property=\"article:published_time\" content=\"2026-06-25T08:09:34+00:00\" \/>\n\t\t<meta property=\"article:modified_time\" content=\"2026-06-25T16:04:29+00:00\" \/>\n\t\t<meta name=\"twitter:card\" content=\"summary_large_image\" \/>\n\t\t<meta name=\"twitter:title\" content=\"Podsumowanie projektu - SP Katarzyna\" \/>\n\t\t<meta name=\"twitter:description\" content=\"Z ko\u0144cem roku szkolnego czas na podsumowanie projektu j\u0119zykowego z elementami doradztwa zawodowego, realizowanego w naszej szkole przez klas\u0119 4b i 4c. Cele w tym\u017ce projekcie o nazwie BEES IN THE CITY wdro\u017conym w pa\u017adzierniku 2025 i zako\u0144czonym w czerwcu 2026 na j. angielskim zosta\u0142y osi\u0105gni\u0119te. Uczniowie ww. klas czwartych, w\u0142\u0105czaj\u0105c w to\" \/>\n\t\t<script type=\"application\/ld+json\" class=\"aioseo-schema\">\n\t\t\t{\"@context\":\"https:\\\/\\\/schema.org\",\"@graph\":[{\"@type\":\"BlogPosting\",\"@id\":\"https:\\\/\\\/www.spkatarzyna.pl\\\/index.php\\\/2026\\\/06\\\/25\\\/podsumowanie-projektu-bees-in-the-city\\\/#blogposting\",\"name\":\"Podsumowanie projektu - SP Katarzyna\",\"headline\":\"Podsumowanie projektu\",\"author\":{\"@id\":\"https:\\\/\\\/www.spkatarzyna.pl\\\/index.php\\\/author\\\/agatasafianspkatarzyna-pl\\\/#author\"},\"publisher\":{\"@id\":\"https:\\\/\\\/www.spkatarzyna.pl\\\/#organization\"},\"image\":{\"@type\":\"ImageObject\",\"url\":\"https:\\\/\\\/www.spkatarzyna.pl\\\/wp-content\\\/uploads\\\/2026\\\/06\\\/IMG_6623.jpg\",\"width\":360,\"height\":202},\"datePublished\":\"2026-06-25T10:09:34+02:00\",\"dateModified\":\"2026-06-25T18:04:29+02:00\",\"inLanguage\":\"pl-PL\",\"mainEntityOfPage\":{\"@id\":\"https:\\\/\\\/www.spkatarzyna.pl\\\/index.php\\\/2026\\\/06\\\/25\\\/podsumowanie-projektu-bees-in-the-city\\\/#webpage\"},\"isPartOf\":{\"@id\":\"https:\\\/\\\/www.spkatarzyna.pl\\\/index.php\\\/2026\\\/06\\\/25\\\/podsumowanie-projektu-bees-in-the-city\\\/#webpage\"},\"articleSection\":\"Uncategorized\"},{\"@type\":\"BreadcrumbList\",\"@id\":\"https:\\\/\\\/www.spkatarzyna.pl\\\/index.php\\\/2026\\\/06\\\/25\\\/podsumowanie-projektu-bees-in-the-city\\\/#breadcrumblist\",\"itemListElement\":[{\"@type\":\"ListItem\",\"@id\":\"https:\\\/\\\/www.spkatarzyna.pl#listItem\",\"position\":1,\"name\":\"Dom\",\"item\":\"https:\\\/\\\/www.spkatarzyna.pl\",\"nextItem\":{\"@type\":\"ListItem\",\"@id\":\"https:\\\/\\\/www.spkatarzyna.pl\\\/index.php\\\/category\\\/uncategorized\\\/#listItem\",\"name\":\"Uncategorized\"}},{\"@type\":\"ListItem\",\"@id\":\"https:\\\/\\\/www.spkatarzyna.pl\\\/index.php\\\/category\\\/uncategorized\\\/#listItem\",\"position\":2,\"name\":\"Uncategorized\",\"item\":\"https:\\\/\\\/www.spkatarzyna.pl\\\/index.php\\\/category\\\/uncategorized\\\/\",\"nextItem\":{\"@type\":\"ListItem\",\"@id\":\"https:\\\/\\\/www.spkatarzyna.pl\\\/index.php\\\/2026\\\/06\\\/25\\\/podsumowanie-projektu-bees-in-the-city\\\/#listItem\",\"name\":\"Podsumowanie projektu\"},\"previousItem\":{\"@type\":\"ListItem\",\"@id\":\"https:\\\/\\\/www.spkatarzyna.pl#listItem\",\"name\":\"Dom\"}},{\"@type\":\"ListItem\",\"@id\":\"https:\\\/\\\/www.spkatarzyna.pl\\\/index.php\\\/2026\\\/06\\\/25\\\/podsumowanie-projektu-bees-in-the-city\\\/#listItem\",\"position\":3,\"name\":\"Podsumowanie projektu\",\"previousItem\":{\"@type\":\"ListItem\",\"@id\":\"https:\\\/\\\/www.spkatarzyna.pl\\\/index.php\\\/category\\\/uncategorized\\\/#listItem\",\"name\":\"Uncategorized\"}}]},{\"@type\":\"Organization\",\"@id\":\"https:\\\/\\\/www.spkatarzyna.pl\\\/#organization\",\"name\":\"SP Katarzyna\",\"description\":\"Publiczna Szko\\u0142a Podstawowa w \\u015awi\\u0119tej Katarzynie\",\"url\":\"https:\\\/\\\/www.spkatarzyna.pl\\\/\",\"telephone\":\"+48713116378\",\"sameAs\":[\"https:\\\/\\\/facebook.com\\\/\",\"https:\\\/\\\/x.com\\\/\",\"https:\\\/\\\/instagram.com\\\/\",\"https:\\\/\\\/pinterest.com\\\/\",\"https:\\\/\\\/youtube.com\\\/\",\"https:\\\/\\\/linkedin.com\\\/in\\\/\"]},{\"@type\":\"Person\",\"@id\":\"https:\\\/\\\/www.spkatarzyna.pl\\\/index.php\\\/author\\\/agatasafianspkatarzyna-pl\\\/#author\",\"url\":\"https:\\\/\\\/www.spkatarzyna.pl\\\/index.php\\\/author\\\/agatasafianspkatarzyna-pl\\\/\",\"name\":\"Redakcja\",\"image\":{\"@type\":\"ImageObject\",\"@id\":\"https:\\\/\\\/www.spkatarzyna.pl\\\/index.php\\\/2026\\\/06\\\/25\\\/podsumowanie-projektu-bees-in-the-city\\\/#authorImage\",\"url\":\"https:\\\/\\\/secure.gravatar.com\\\/avatar\\\/765290513df94d442152250e92b42327?s=96&d=mm&r=g\",\"width\":96,\"height\":96,\"caption\":\"Redakcja\"}},{\"@type\":\"WebPage\",\"@id\":\"https:\\\/\\\/www.spkatarzyna.pl\\\/index.php\\\/2026\\\/06\\\/25\\\/podsumowanie-projektu-bees-in-the-city\\\/#webpage\",\"url\":\"https:\\\/\\\/www.spkatarzyna.pl\\\/index.php\\\/2026\\\/06\\\/25\\\/podsumowanie-projektu-bees-in-the-city\\\/\",\"name\":\"Podsumowanie projektu - SP Katarzyna\",\"description\":\"Z ko\\u0144cem roku szkolnego czas na podsumowanie projektu j\\u0119zykowego z elementami doradztwa zawodowego, realizowanego w naszej szkole przez klas\\u0119 4b i 4c. Cele w tym\\u017ce projekcie o nazwie BEES IN THE CITY wdro\\u017conym w pa\\u017adzierniku 2025 i zako\\u0144czonym w czerwcu 2026 na j. angielskim zosta\\u0142y osi\\u0105gni\\u0119te. Uczniowie ww. klas czwartych, w\\u0142\\u0105czaj\\u0105c w to\",\"inLanguage\":\"pl-PL\",\"isPartOf\":{\"@id\":\"https:\\\/\\\/www.spkatarzyna.pl\\\/#website\"},\"breadcrumb\":{\"@id\":\"https:\\\/\\\/www.spkatarzyna.pl\\\/index.php\\\/2026\\\/06\\\/25\\\/podsumowanie-projektu-bees-in-the-city\\\/#breadcrumblist\"},\"author\":{\"@id\":\"https:\\\/\\\/www.spkatarzyna.pl\\\/index.php\\\/author\\\/agatasafianspkatarzyna-pl\\\/#author\"},\"creator\":{\"@id\":\"https:\\\/\\\/www.spkatarzyna.pl\\\/index.php\\\/author\\\/agatasafianspkatarzyna-pl\\\/#author\"},\"image\":{\"@type\":\"ImageObject\",\"url\":\"https:\\\/\\\/www.spkatarzyna.pl\\\/wp-content\\\/uploads\\\/2026\\\/06\\\/IMG_6623.jpg\",\"@id\":\"https:\\\/\\\/www.spkatarzyna.pl\\\/index.php\\\/2026\\\/06\\\/25\\\/podsumowanie-projektu-bees-in-the-city\\\/#mainImage\",\"width\":360,\"height\":202},\"primaryImageOfPage\":{\"@id\":\"https:\\\/\\\/www.spkatarzyna.pl\\\/index.php\\\/2026\\\/06\\\/25\\\/podsumowanie-projektu-bees-in-the-city\\\/#mainImage\"},\"datePublished\":\"2026-06-25T10:09:34+02:00\",\"dateModified\":\"2026-06-25T18:04:29+02:00\"},{\"@type\":\"WebSite\",\"@id\":\"https:\\\/\\\/www.spkatarzyna.pl\\\/#website\",\"url\":\"https:\\\/\\\/www.spkatarzyna.pl\\\/\",\"name\":\"SP Katarzyna\",\"description\":\"Publiczna Szko\\u0142a Podstawowa w \\u015awi\\u0119tej Katarzynie\",\"inLanguage\":\"pl-PL\",\"publisher\":{\"@id\":\"https:\\\/\\\/www.spkatarzyna.pl\\\/#organization\"}}]}\n\t\t<\/script>\n\t\t<!-- All in One SEO -->\n\n","aioseo_head_json":{"title":"Podsumowanie projektu - SP Katarzyna","description":"Z ko\u0144cem roku szkolnego czas na podsumowanie projektu j\u0119zykowego z elementami doradztwa zawodowego, realizowanego w naszej szkole przez klas\u0119 4b i 4c. Cele w tym\u017ce projekcie o nazwie BEES IN THE CITY wdro\u017conym w pa\u017adzierniku 2025 i zako\u0144czonym w czerwcu 2026 na j. angielskim zosta\u0142y osi\u0105gni\u0119te. Uczniowie ww. klas czwartych, w\u0142\u0105czaj\u0105c w to","canonical_url":"https:\/\/www.spkatarzyna.pl\/index.php\/2026\/06\/25\/podsumowanie-projektu-bees-in-the-city\/","robots":"max-image-preview:large","keywords":"","webmasterTools":{"miscellaneous":""},"schema":{"@context":"https:\/\/schema.org","@graph":[{"@type":"BlogPosting","@id":"https:\/\/www.spkatarzyna.pl\/index.php\/2026\/06\/25\/podsumowanie-projektu-bees-in-the-city\/#blogposting","name":"Podsumowanie projektu - SP Katarzyna","headline":"Podsumowanie projektu","author":{"@id":"https:\/\/www.spkatarzyna.pl\/index.php\/author\/agatasafianspkatarzyna-pl\/#author"},"publisher":{"@id":"https:\/\/www.spkatarzyna.pl\/#organization"},"image":{"@type":"ImageObject","url":"https:\/\/www.spkatarzyna.pl\/wp-content\/uploads\/2026\/06\/IMG_6623.jpg","width":360,"height":202},"datePublished":"2026-06-25T10:09:34+02:00","dateModified":"2026-06-25T18:04:29+02:00","inLanguage":"pl-PL","mainEntityOfPage":{"@id":"https:\/\/www.spkatarzyna.pl\/index.php\/2026\/06\/25\/podsumowanie-projektu-bees-in-the-city\/#webpage"},"isPartOf":{"@id":"https:\/\/www.spkatarzyna.pl\/index.php\/2026\/06\/25\/podsumowanie-projektu-bees-in-the-city\/#webpage"},"articleSection":"Uncategorized"},{"@type":"BreadcrumbList","@id":"https:\/\/www.spkatarzyna.pl\/index.php\/2026\/06\/25\/podsumowanie-projektu-bees-in-the-city\/#breadcrumblist","itemListElement":[{"@type":"ListItem","@id":"https:\/\/www.spkatarzyna.pl#listItem","position":1,"name":"Dom","item":"https:\/\/www.spkatarzyna.pl","nextItem":{"@type":"ListItem","@id":"https:\/\/www.spkatarzyna.pl\/index.php\/category\/uncategorized\/#listItem","name":"Uncategorized"}},{"@type":"ListItem","@id":"https:\/\/www.spkatarzyna.pl\/index.php\/category\/uncategorized\/#listItem","position":2,"name":"Uncategorized","item":"https:\/\/www.spkatarzyna.pl\/index.php\/category\/uncategorized\/","nextItem":{"@type":"ListItem","@id":"https:\/\/www.spkatarzyna.pl\/index.php\/2026\/06\/25\/podsumowanie-projektu-bees-in-the-city\/#listItem","name":"Podsumowanie projektu"},"previousItem":{"@type":"ListItem","@id":"https:\/\/www.spkatarzyna.pl#listItem","name":"Dom"}},{"@type":"ListItem","@id":"https:\/\/www.spkatarzyna.pl\/index.php\/2026\/06\/25\/podsumowanie-projektu-bees-in-the-city\/#listItem","position":3,"name":"Podsumowanie projektu","previousItem":{"@type":"ListItem","@id":"https:\/\/www.spkatarzyna.pl\/index.php\/category\/uncategorized\/#listItem","name":"Uncategorized"}}]},{"@type":"Organization","@id":"https:\/\/www.spkatarzyna.pl\/#organization","name":"SP Katarzyna","description":"Publiczna Szko\u0142a Podstawowa w \u015awi\u0119tej Katarzynie","url":"https:\/\/www.spkatarzyna.pl\/","telephone":"+48713116378","sameAs":["https:\/\/facebook.com\/","https:\/\/x.com\/","https:\/\/instagram.com\/","https:\/\/pinterest.com\/","https:\/\/youtube.com\/","https:\/\/linkedin.com\/in\/"]},{"@type":"Person","@id":"https:\/\/www.spkatarzyna.pl\/index.php\/author\/agatasafianspkatarzyna-pl\/#author","url":"https:\/\/www.spkatarzyna.pl\/index.php\/author\/agatasafianspkatarzyna-pl\/","name":"Redakcja","image":{"@type":"ImageObject","@id":"https:\/\/www.spkatarzyna.pl\/index.php\/2026\/06\/25\/podsumowanie-projektu-bees-in-the-city\/#authorImage","url":"https:\/\/secure.gravatar.com\/avatar\/765290513df94d442152250e92b42327?s=96&d=mm&r=g","width":96,"height":96,"caption":"Redakcja"}},{"@type":"WebPage","@id":"https:\/\/www.spkatarzyna.pl\/index.php\/2026\/06\/25\/podsumowanie-projektu-bees-in-the-city\/#webpage","url":"https:\/\/www.spkatarzyna.pl\/index.php\/2026\/06\/25\/podsumowanie-projektu-bees-in-the-city\/","name":"Podsumowanie projektu - SP Katarzyna","description":"Z ko\u0144cem roku szkolnego czas na podsumowanie projektu j\u0119zykowego z elementami doradztwa zawodowego, realizowanego w naszej szkole przez klas\u0119 4b i 4c. Cele w tym\u017ce projekcie o nazwie BEES IN THE CITY wdro\u017conym w pa\u017adzierniku 2025 i zako\u0144czonym w czerwcu 2026 na j. angielskim zosta\u0142y osi\u0105gni\u0119te. Uczniowie ww. klas czwartych, w\u0142\u0105czaj\u0105c w to","inLanguage":"pl-PL","isPartOf":{"@id":"https:\/\/www.spkatarzyna.pl\/#website"},"breadcrumb":{"@id":"https:\/\/www.spkatarzyna.pl\/index.php\/2026\/06\/25\/podsumowanie-projektu-bees-in-the-city\/#breadcrumblist"},"author":{"@id":"https:\/\/www.spkatarzyna.pl\/index.php\/author\/agatasafianspkatarzyna-pl\/#author"},"creator":{"@id":"https:\/\/www.spkatarzyna.pl\/index.php\/author\/agatasafianspkatarzyna-pl\/#author"},"image":{"@type":"ImageObject","url":"https:\/\/www.spkatarzyna.pl\/wp-content\/uploads\/2026\/06\/IMG_6623.jpg","@id":"https:\/\/www.spkatarzyna.pl\/index.php\/2026\/06\/25\/podsumowanie-projektu-bees-in-the-city\/#mainImage","width":360,"height":202},"primaryImageOfPage":{"@id":"https:\/\/www.spkatarzyna.pl\/index.php\/2026\/06\/25\/podsumowanie-projektu-bees-in-the-city\/#mainImage"},"datePublished":"2026-06-25T10:09:34+02:00","dateModified":"2026-06-25T18:04:29+02:00"},{"@type":"WebSite","@id":"https:\/\/www.spkatarzyna.pl\/#website","url":"https:\/\/www.spkatarzyna.pl\/","name":"SP Katarzyna","description":"Publiczna Szko\u0142a Podstawowa w \u015awi\u0119tej Katarzynie","inLanguage":"pl-PL","publisher":{"@id":"https:\/\/www.spkatarzyna.pl\/#organization"}}]},"og:locale":"pl_PL","og:site_name":"SP Katarzyna - Publiczna Szko\u0142a Podstawowa w \u015awi\u0119tej Katarzynie","og:type":"article","og:title":"Podsumowanie projektu - SP Katarzyna","og:description":"Z ko\u0144cem roku szkolnego czas na podsumowanie projektu j\u0119zykowego z elementami doradztwa zawodowego, realizowanego w naszej szkole przez klas\u0119 4b i 4c. Cele w tym\u017ce projekcie o nazwie BEES IN THE CITY wdro\u017conym w pa\u017adzierniku 2025 i zako\u0144czonym w czerwcu 2026 na j. angielskim zosta\u0142y osi\u0105gni\u0119te. Uczniowie ww. klas czwartych, w\u0142\u0105czaj\u0105c w to","og:url":"https:\/\/www.spkatarzyna.pl\/index.php\/2026\/06\/25\/podsumowanie-projektu-bees-in-the-city\/","article:published_time":"2026-06-25T08:09:34+00:00","article:modified_time":"2026-06-25T16:04:29+00:00","twitter:card":"summary_large_image","twitter:title":"Podsumowanie projektu - SP Katarzyna","twitter:description":"Z ko\u0144cem roku szkolnego czas na podsumowanie projektu j\u0119zykowego z elementami doradztwa zawodowego, realizowanego w naszej szkole przez klas\u0119 4b i 4c. Cele w tym\u017ce projekcie o nazwie BEES IN THE CITY wdro\u017conym w pa\u017adzierniku 2025 i zako\u0144czonym w czerwcu 2026 na j. angielskim zosta\u0142y osi\u0105gni\u0119te. Uczniowie ww. klas czwartych, w\u0142\u0105czaj\u0105c w to"},"aioseo_meta_data":{"post_id":"20571","title":null,"description":null,"keywords":null,"keyphrases":{"focus":[],"additional":[]},"primary_term":null,"canonical_url":null,"og_title":null,"og_description":null,"og_object_type":"default","og_image_type":"default","og_image_url":null,"og_image_width":null,"og_image_height":null,"og_image_custom_url":null,"og_image_custom_fields":null,"og_video":"","og_custom_url":null,"og_article_section":null,"og_article_tags":null,"twitter_use_og":false,"twitter_card":"default","twitter_image_type":"default","twitter_image_url":null,"twitter_image_custom_url":null,"twitter_image_custom_fields":null,"twitter_title":null,"twitter_description":null,"schema":{"blockGraphs":[],"customGraphs":[],"default":{"data":{"Article":[],"Course":[],"Dataset":[],"FAQPage":[],"Movie":[],"Person":[],"Product":[],"ProductReview":[],"Car":[],"Recipe":[],"Service":[],"SoftwareApplication":[],"WebPage":[]},"graphName":"BlogPosting","isEnabled":true},"graphs":[]},"schema_type":"default","schema_type_options":null,"pillar_content":false,"robots_default":true,"robots_noindex":false,"robots_noarchive":false,"robots_nosnippet":false,"robots_nofollow":false,"robots_noimageindex":false,"robots_noodp":false,"robots_notranslate":false,"robots_max_snippet":"-1","robots_max_videopreview":"-1","robots_max_imagepreview":"large","priority":null,"frequency":"default","local_seo":null,"limit_modified_date":false,"created":"2026-06-25 15:42:35","updated":"2026-09-03 18:21:45","focus_keyword":null,"additional_keywords":null,"truseo_locale":null,"ai":null,"breadcrumb_settings":null,"seo_analyzer_scan_date":null},"aioseo_breadcrumb":"<div class=\"aioseo-breadcrumbs\"><span class=\"aioseo-breadcrumb\">\n\t\t\t<a href=\"https:\/\/www.spkatarzyna.pl\" title=\"Dom\">Dom<\/a>\n\t\t<\/span><span class=\"aioseo-breadcrumb-separator\">&raquo;<\/span><span class=\"aioseo-breadcrumb\">\n\t\t\t<a href=\"https:\/\/www.spkatarzyna.pl\/index.php\/category\/uncategorized\/\" title=\"Uncategorized\">Uncategorized<\/a>\n\t\t<\/span><span class=\"aioseo-breadcrumb-separator\">&raquo;<\/span><span class=\"aioseo-breadcrumb\">\n\t\t\tPodsumowanie projektu\n\t\t<\/span><\/div>","aioseo_breadcrumb_json":[{"label":"Dom","link":"https:\/\/www.spkatarzyna.pl"},{"label":"Uncategorized","link":"https:\/\/www.spkatarzyna.pl\/index.php\/category\/uncategorized\/"},{"label":"Podsumowanie projektu","link":"https:\/\/www.spkatarzyna.pl\/index.php\/2026\/06\/25\/podsumowanie-projektu-bees-in-the-city\/"}],"_links":{"self":[{"href":"https:\/\/www.spkatarzyna.pl\/index.php\/wp-json\/wp\/v2\/posts\/20571","targetHints":{"allow":["GET"]}}],"collection":[{"href":"https:\/\/www.spkatarzyna.pl\/index.php\/wp-json\/wp\/v2\/posts"}],"about":[{"href":"https:\/\/www.spkatarzyna.pl\/index.php\/wp-json\/wp\/v2\/types\/post"}],"author":[{"embeddable":true,"href":"https:\/\/www.spkatarzyna.pl\/index.php\/wp-json\/wp\/v2\/users\/6"}],"replies":[{"embeddable":true,"href":"https:\/\/www.spkatarzyna.pl\/index.php\/wp-json\/wp\/v2\/comments?post=20571"}],"version-history":[{"count":7,"href":"https:\/\/www.spkatarzyna.pl\/index.php\/wp-json\/wp\/v2\/posts\/20571\/revisions"}],"predecessor-version":[{"id":20599,"href":"https:\/\/www.spkatarzyna.pl\/index.php\/wp-json\/wp\/v2\/posts\/20571\/revisions\/20599"}],"wp:featuredmedia":[{"embeddable":true,"href":"https:\/\/www.spkatarzyna.pl\/index.php\/wp-json\/wp\/v2\/media\/20572"}],"wp:attachment":[{"href":"https:\/\/www.spkatarzyna.pl\/index.php\/wp-json\/wp\/v2\/media?parent=20571"}],"wp:term":[{"taxonomy":"category","embeddable":true,"href":"https:\/\/www.spkatarzyna.pl\/index.php\/wp-json\/wp\/v2\/categories?post=20571"},{"taxonomy":"post_tag","embeddable":true,"href":"https:\/\/www.spkatarzyna.pl\/index.php\/wp-json\/wp\/v2\/tags?post=20571"}],"curies":[{"name":"wp","href":"https:\/\/api.w.org\/{rel}","templated":true}]}}