{"id":20604,"date":"2026-06-29T13:04:08","date_gmt":"2026-06-29T11:04:08","guid":{"rendered":"https:\/\/www.spkatarzyna.pl\/?p=20604"},"modified":"2026-06-29T13:51:54","modified_gmt":"2026-06-29T11:51:54","slug":"zakonczenie-roku-szkolnego-3","status":"publish","type":"post","link":"https:\/\/www.spkatarzyna.pl\/index.php\/2026\/06\/29\/zakonczenie-roku-szkolnego-3\/","title":{"rendered":"Zako\u0144czenie roku szkolnego 2025\/2026"},"content":{"rendered":"\t\t<div data-elementor-type=\"wp-post\" data-elementor-id=\"20604\" class=\"elementor elementor-20604\">\n\t\t\t\t<div class=\"elementor-element elementor-element-322e0e1f e-flex e-con-boxed e-con e-parent\" data-id=\"322e0e1f\" data-element_type=\"container\">\n\t\t\t\t\t<div class=\"e-con-inner\">\n\t\t\t\t<div class=\"elementor-element elementor-element-317a9450 elementor-widget elementor-widget-text-editor\" data-id=\"317a9450\" data-element_type=\"widget\" data-widget_type=\"text-editor.default\">\n\t\t\t\t\t\t\t\t\t<div class=\"container\"><div id=\"model-response-message-contentr_fa48306f18c48f99\" class=\"markdown markdown-main-panel enable-luminous-fast-follows enable-updated-hr-color\" dir=\"ltr\" aria-busy=\"false\" aria-live=\"off\"><p style=\"text-align: justify;\" data-path-to-node=\"3\"><span style=\"font-size: 14pt;\">W pi\u0105tek, <b data-path-to-node=\"3\" data-index-in-node=\"10\">26 czerwca<\/b>, w naszej szkole odby\u0142o si\u0119 uroczyste zako\u0144czenie roku szkolnego. By\u0142 to dzie\u0144 pe\u0142en wzrusze\u0144, podsumowa\u0144 oraz zas\u0142u\u017conej rado\u015bci z nadchodz\u0105cych wakacji.<\/span><\/p><p style=\"text-align: justify;\" data-path-to-node=\"4\"><span style=\"font-size: 14pt;\">Uroczyste apele zosta\u0142y podzielone na trzy bloki, aby wsp\u00f3lnie \u015bwi\u0119towa\u0107 sukcesy wszystkich rocznik\u00f3w:<\/span><\/p><ul style=\"text-align: justify;\" data-path-to-node=\"5\"><li><p data-path-to-node=\"5,0,0\"><span style=\"font-size: 14pt;\"><b data-path-to-node=\"5,0,0\" data-index-in-node=\"0\">O godzinie 8:00<\/b> rok szkolny po\u017cegna\u0142y klasy <b data-path-to-node=\"5,0,0\" data-index-in-node=\"44\">4\u20136<\/b>.<\/span><\/p><\/li><li><p data-path-to-node=\"5,1,0\"><span style=\"font-size: 14pt;\"><b data-path-to-node=\"5,1,0\" data-index-in-node=\"0\">O godzinie 9:00<\/b> odby\u0142a si\u0119 akademia dla klas <b data-path-to-node=\"5,1,0\" data-index-in-node=\"45\">7\u20138<\/b>, dla kt\u00f3rych by\u0142 to moment szczeg\u00f3lny \u2013 zw\u0142aszcza dla \u00f3smoklasist\u00f3w \u017cegnaj\u0105cych si\u0119 z murami naszej szko\u0142y.<\/span><\/p><\/li><li><span style=\"font-size: 14pt;\"><b data-path-to-node=\"5,2,0\" data-index-in-node=\"0\">Godzina 11:30<\/b> \u2013 \u015bwi\u0119towanie sukces\u00f3w przez naszych najm\u0142odszych uczni\u00f3w z klas <b data-path-to-node=\"5,2,0\" data-index-in-node=\"79\">1\u20133<\/b>.<\/span><\/li><\/ul><p style=\"text-align: justify;\" data-path-to-node=\"7\"><span style=\"font-size: 14pt;\">Podczas oficjalnej cz\u0119\u015bci uroczysto\u015bci Dyrektor Szko\u0142y podzi\u0119kowa\u0142 wszystkim uczniom za ca\u0142oroczny trud, a nauczycielom i rodzicom za wsparcie i zaanga\u017cowanie. Tradycyjnie g\u0142\u00f3wnym punktem wydarzenia by\u0142o wr\u0119czenie \u015bwiadectw. Dyrektor Szko\u0142y osobi\u015bcie wr\u0119czy\u0142 \u015bwiadectwa wszystkim uczniom, gratuluj\u0105c im uzyskanych wynik\u00f3w i promocji do kolejnych klas.<\/span><\/p><p style=\"text-align: justify;\" data-path-to-node=\"9\"><span style=\"font-size: 14pt;\">Uroczysto\u015b\u0107 klas 1\u20133 swoj\u0105 obecno\u015bci\u0105 u\u015bwietni\u0142 \u00a0\u2013 <b data-path-to-node=\"8\" data-index-in-node=\"65\">Zast\u0119pca Burmistrza Siechnic, pan Pawe\u0142 Jasi\u0119ga<\/b>, kt\u00f3ry skierowa\u0142 do najm\u0142odszych ciep\u0142e s\u0142owa, gratuluj\u0105c im sukces\u00f3w i \u017cycz\u0105c bezpiecznego odpoczynku.<\/span><\/p><p style=\"text-align: justify;\" data-path-to-node=\"11\"><span style=\"font-size: 14pt;\"><b data-path-to-node=\"11\" data-index-in-node=\"0\">Wszystkim uczniom, nauczycielom oraz rodzicom \u017cyczymy bezpiecznych, s\u0142onecznych i pe\u0142nych przyg\u00f3d wakacji! <\/b><\/span><\/p><p style=\"text-align: justify;\" data-path-to-node=\"11\"><span style=\"font-size: 14pt;\"><b data-path-to-node=\"11\" data-index-in-node=\"0\">Do zobaczenia we wrze\u015bniu!<\/b><\/span><\/p><\/div><\/div>\t\t\t\t\t\t\t\t<\/div>\n\t\t\t\t<div class=\"elementor-element elementor-element-fb57d1c elementor-widget elementor-widget-image-gallery\" data-id=\"fb57d1c\" data-element_type=\"widget\" data-widget_type=\"image-gallery.default\">\n\t\t\t\t\t\t\t<div class=\"elementor-image-gallery\">\n\t\t\t\n\t\t<div id='gallery-1' class='gallery galleryid-20604 gallery-columns-9 gallery-size-thumbnail gallery1'><script type=\"text\/javascript\">\n\/\/ <![CDATA[\n\tjQuery(document).ready(function () {\n\t\tjQuery(\".gallery1 a\").attr(\"rel\",\"gallery1\");\t\n\t\tjQuery('a[rel=\"gallery1\"]').colorbox({title: function(){ return jQuery(this).children().attr(\"alt\"); }});\n\t});\n\/\/ ]]>\n<\/script>\n<dl class=\"gallery-item\">\n<dt class=\"gallery-icon\">\n<a href=\"https:\/\/www.spkatarzyna.pl\/wp-content\/uploads\/2026\/06\/IMG_3365-300x200.jpg\" title=\"\" rel=\"gallery1\" rel=\"lightbox[20604]\"><img decoding=\"async\" src=\"https:\/\/www.spkatarzyna.pl\/wp-content\/uploads\/2026\/06\/IMG_3365-150x150.jpg\" width=\"150\" height=\"150\" alt=\"\" \/><\/a>\n<\/dt><\/dl><dl class=\"gallery-item\">\n<dt class=\"gallery-icon\">\n<a href=\"https:\/\/www.spkatarzyna.pl\/wp-content\/uploads\/2026\/06\/IMG_3368-300x200.jpg\" title=\"\" rel=\"gallery1\" rel=\"lightbox[20604]\"><img decoding=\"async\" src=\"https:\/\/www.spkatarzyna.pl\/wp-content\/uploads\/2026\/06\/IMG_3368-150x150.jpg\" width=\"150\" height=\"150\" alt=\"\" \/><\/a>\n<\/dt><\/dl><dl class=\"gallery-item\">\n<dt class=\"gallery-icon\">\n<a href=\"https:\/\/www.spkatarzyna.pl\/wp-content\/uploads\/2026\/06\/IMG_3373-300x200.jpg\" title=\"\" rel=\"gallery1\" rel=\"lightbox[20604]\"><img decoding=\"async\" src=\"https:\/\/www.spkatarzyna.pl\/wp-content\/uploads\/2026\/06\/IMG_3373-150x150.jpg\" width=\"150\" height=\"150\" alt=\"\" \/><\/a>\n<\/dt><\/dl><dl class=\"gallery-item\">\n<dt class=\"gallery-icon\">\n<a href=\"https:\/\/www.spkatarzyna.pl\/wp-content\/uploads\/2026\/06\/IMG_3376-300x200.jpg\" title=\"\" rel=\"gallery1\" rel=\"lightbox[20604]\"><img loading=\"lazy\" decoding=\"async\" src=\"https:\/\/www.spkatarzyna.pl\/wp-content\/uploads\/2026\/06\/IMG_3376-150x150.jpg\" width=\"150\" height=\"150\" alt=\"\" \/><\/a>\n<\/dt><\/dl><dl class=\"gallery-item\">\n<dt class=\"gallery-icon\">\n<a href=\"https:\/\/www.spkatarzyna.pl\/wp-content\/uploads\/2026\/06\/IMG_3380-300x200.jpg\" title=\"\" rel=\"gallery1\" rel=\"lightbox[20604]\"><img loading=\"lazy\" decoding=\"async\" src=\"https:\/\/www.spkatarzyna.pl\/wp-content\/uploads\/2026\/06\/IMG_3380-150x150.jpg\" width=\"150\" height=\"150\" alt=\"\" \/><\/a>\n<\/dt><\/dl><dl class=\"gallery-item\">\n<dt class=\"gallery-icon\">\n<a href=\"https:\/\/www.spkatarzyna.pl\/wp-content\/uploads\/2026\/06\/IMG_3384-300x200.jpg\" title=\"\" rel=\"gallery1\" rel=\"lightbox[20604]\"><img loading=\"lazy\" decoding=\"async\" src=\"https:\/\/www.spkatarzyna.pl\/wp-content\/uploads\/2026\/06\/IMG_3384-150x150.jpg\" width=\"150\" height=\"150\" alt=\"\" \/><\/a>\n<\/dt><\/dl><dl class=\"gallery-item\">\n<dt class=\"gallery-icon\">\n<a href=\"https:\/\/www.spkatarzyna.pl\/wp-content\/uploads\/2026\/06\/IMG_3391-300x200.jpg\" title=\"\" rel=\"gallery1\" rel=\"lightbox[20604]\"><img loading=\"lazy\" decoding=\"async\" src=\"https:\/\/www.spkatarzyna.pl\/wp-content\/uploads\/2026\/06\/IMG_3391-150x150.jpg\" width=\"150\" height=\"150\" alt=\"\" \/><\/a>\n<\/dt><\/dl><dl class=\"gallery-item\">\n<dt class=\"gallery-icon\">\n<a href=\"https:\/\/www.spkatarzyna.pl\/wp-content\/uploads\/2026\/06\/IMG_3401-300x200.jpg\" title=\"\" rel=\"gallery1\" rel=\"lightbox[20604]\"><img loading=\"lazy\" decoding=\"async\" src=\"https:\/\/www.spkatarzyna.pl\/wp-content\/uploads\/2026\/06\/IMG_3401-150x150.jpg\" width=\"150\" height=\"150\" alt=\"\" \/><\/a>\n<\/dt><\/dl><dl class=\"gallery-item\">\n<dt class=\"gallery-icon\">\n<a href=\"https:\/\/www.spkatarzyna.pl\/wp-content\/uploads\/2026\/06\/IMG_3421-300x200.jpg\" title=\"\" rel=\"gallery1\" rel=\"lightbox[20604]\"><img loading=\"lazy\" decoding=\"async\" src=\"https:\/\/www.spkatarzyna.pl\/wp-content\/uploads\/2026\/06\/IMG_3421-150x150.jpg\" width=\"150\" height=\"150\" alt=\"\" \/><\/a>\n<\/dt><\/dl><br style=\"clear: both\" \/><dl class=\"gallery-item\">\n<dt class=\"gallery-icon\">\n<a href=\"https:\/\/www.spkatarzyna.pl\/wp-content\/uploads\/2026\/06\/IMG_3411-300x200.jpg\" title=\"\" rel=\"gallery1\" rel=\"lightbox[20604]\"><img loading=\"lazy\" decoding=\"async\" src=\"https:\/\/www.spkatarzyna.pl\/wp-content\/uploads\/2026\/06\/IMG_3411-150x150.jpg\" width=\"150\" height=\"150\" alt=\"\" \/><\/a>\n<\/dt><\/dl><dl class=\"gallery-item\">\n<dt class=\"gallery-icon\">\n<a href=\"https:\/\/www.spkatarzyna.pl\/wp-content\/uploads\/2026\/06\/IMG_3429-300x200.jpg\" title=\"\" rel=\"gallery1\" rel=\"lightbox[20604]\"><img loading=\"lazy\" decoding=\"async\" src=\"https:\/\/www.spkatarzyna.pl\/wp-content\/uploads\/2026\/06\/IMG_3429-150x150.jpg\" width=\"150\" height=\"150\" alt=\"\" \/><\/a>\n<\/dt><\/dl><dl class=\"gallery-item\">\n<dt class=\"gallery-icon\">\n<a href=\"https:\/\/www.spkatarzyna.pl\/wp-content\/uploads\/2026\/06\/IMG_3444-300x200.jpg\" title=\"\" rel=\"gallery1\" rel=\"lightbox[20604]\"><img loading=\"lazy\" decoding=\"async\" src=\"https:\/\/www.spkatarzyna.pl\/wp-content\/uploads\/2026\/06\/IMG_3444-150x150.jpg\" width=\"150\" height=\"150\" alt=\"\" \/><\/a>\n<\/dt><\/dl><dl class=\"gallery-item\">\n<dt class=\"gallery-icon\">\n<a href=\"https:\/\/www.spkatarzyna.pl\/wp-content\/uploads\/2026\/06\/IMG_3459-300x200.jpg\" title=\"\" rel=\"gallery1\" rel=\"lightbox[20604]\"><img loading=\"lazy\" decoding=\"async\" src=\"https:\/\/www.spkatarzyna.pl\/wp-content\/uploads\/2026\/06\/IMG_3459-150x150.jpg\" width=\"150\" height=\"150\" alt=\"\" \/><\/a>\n<\/dt><\/dl><dl class=\"gallery-item\">\n<dt class=\"gallery-icon\">\n<a href=\"https:\/\/www.spkatarzyna.pl\/wp-content\/uploads\/2026\/06\/IMG_3467-300x200.jpg\" title=\"\" rel=\"gallery1\" rel=\"lightbox[20604]\"><img loading=\"lazy\" decoding=\"async\" src=\"https:\/\/www.spkatarzyna.pl\/wp-content\/uploads\/2026\/06\/IMG_3467-150x150.jpg\" width=\"150\" height=\"150\" alt=\"\" \/><\/a>\n<\/dt><\/dl><dl class=\"gallery-item\">\n<dt class=\"gallery-icon\">\n<a href=\"https:\/\/www.spkatarzyna.pl\/wp-content\/uploads\/2026\/06\/IMG_3472-300x200.jpg\" title=\"\" rel=\"gallery1\" rel=\"lightbox[20604]\"><img loading=\"lazy\" decoding=\"async\" src=\"https:\/\/www.spkatarzyna.pl\/wp-content\/uploads\/2026\/06\/IMG_3472-150x150.jpg\" width=\"150\" height=\"150\" alt=\"\" \/><\/a>\n<\/dt><\/dl><dl class=\"gallery-item\">\n<dt class=\"gallery-icon\">\n<a href=\"https:\/\/www.spkatarzyna.pl\/wp-content\/uploads\/2026\/06\/IMG_3478-300x200.jpg\" title=\"\" rel=\"gallery1\" rel=\"lightbox[20604]\"><img loading=\"lazy\" decoding=\"async\" src=\"https:\/\/www.spkatarzyna.pl\/wp-content\/uploads\/2026\/06\/IMG_3478-150x150.jpg\" width=\"150\" height=\"150\" alt=\"\" \/><\/a>\n<\/dt><\/dl><dl class=\"gallery-item\">\n<dt class=\"gallery-icon\">\n<a href=\"https:\/\/www.spkatarzyna.pl\/wp-content\/uploads\/2026\/06\/IMG_3487-300x200.jpg\" title=\"\" rel=\"gallery1\" rel=\"lightbox[20604]\"><img loading=\"lazy\" decoding=\"async\" src=\"https:\/\/www.spkatarzyna.pl\/wp-content\/uploads\/2026\/06\/IMG_3487-150x150.jpg\" width=\"150\" height=\"150\" alt=\"\" \/><\/a>\n<\/dt><\/dl><dl class=\"gallery-item\">\n<dt class=\"gallery-icon\">\n<a href=\"https:\/\/www.spkatarzyna.pl\/wp-content\/uploads\/2026\/06\/IMG_3491-300x200.jpg\" title=\"\" rel=\"gallery1\" rel=\"lightbox[20604]\"><img loading=\"lazy\" decoding=\"async\" src=\"https:\/\/www.spkatarzyna.pl\/wp-content\/uploads\/2026\/06\/IMG_3491-150x150.jpg\" width=\"150\" height=\"150\" alt=\"\" \/><\/a>\n<\/dt><\/dl><br style=\"clear: both\" \/><dl class=\"gallery-item\">\n<dt class=\"gallery-icon\">\n<a href=\"https:\/\/www.spkatarzyna.pl\/wp-content\/uploads\/2026\/06\/IMG_3497-300x200.jpg\" title=\"\" rel=\"gallery1\" rel=\"lightbox[20604]\"><img loading=\"lazy\" decoding=\"async\" src=\"https:\/\/www.spkatarzyna.pl\/wp-content\/uploads\/2026\/06\/IMG_3497-150x150.jpg\" width=\"150\" height=\"150\" alt=\"\" \/><\/a>\n<\/dt><\/dl><dl class=\"gallery-item\">\n<dt class=\"gallery-icon\">\n<a href=\"https:\/\/www.spkatarzyna.pl\/wp-content\/uploads\/2026\/06\/IMG_3500-300x200.jpg\" title=\"\" rel=\"gallery1\" rel=\"lightbox[20604]\"><img loading=\"lazy\" decoding=\"async\" src=\"https:\/\/www.spkatarzyna.pl\/wp-content\/uploads\/2026\/06\/IMG_3500-150x150.jpg\" width=\"150\" height=\"150\" alt=\"\" \/><\/a>\n<\/dt><\/dl><dl class=\"gallery-item\">\n<dt class=\"gallery-icon\">\n<a href=\"https:\/\/www.spkatarzyna.pl\/wp-content\/uploads\/2026\/06\/IMG_3507-300x200.jpg\" title=\"\" rel=\"gallery1\" rel=\"lightbox[20604]\"><img loading=\"lazy\" decoding=\"async\" src=\"https:\/\/www.spkatarzyna.pl\/wp-content\/uploads\/2026\/06\/IMG_3507-150x150.jpg\" width=\"150\" height=\"150\" alt=\"\" \/><\/a>\n<\/dt><\/dl><dl class=\"gallery-item\">\n<dt class=\"gallery-icon\">\n<a href=\"https:\/\/www.spkatarzyna.pl\/wp-content\/uploads\/2026\/06\/IMG_3509-300x200.jpg\" title=\"\" rel=\"gallery1\" rel=\"lightbox[20604]\"><img loading=\"lazy\" decoding=\"async\" src=\"https:\/\/www.spkatarzyna.pl\/wp-content\/uploads\/2026\/06\/IMG_3509-150x150.jpg\" width=\"150\" height=\"150\" alt=\"\" \/><\/a>\n<\/dt><\/dl><dl class=\"gallery-item\">\n<dt class=\"gallery-icon\">\n<a href=\"https:\/\/www.spkatarzyna.pl\/wp-content\/uploads\/2026\/06\/IMG_3521-300x200.jpg\" title=\"\" rel=\"gallery1\" rel=\"lightbox[20604]\"><img loading=\"lazy\" decoding=\"async\" src=\"https:\/\/www.spkatarzyna.pl\/wp-content\/uploads\/2026\/06\/IMG_3521-150x150.jpg\" width=\"150\" height=\"150\" alt=\"\" \/><\/a>\n<\/dt><\/dl><dl class=\"gallery-item\">\n<dt class=\"gallery-icon\">\n<a href=\"https:\/\/www.spkatarzyna.pl\/wp-content\/uploads\/2026\/06\/IMG_3524-300x200.jpg\" title=\"\" rel=\"gallery1\" rel=\"lightbox[20604]\"><img loading=\"lazy\" decoding=\"async\" src=\"https:\/\/www.spkatarzyna.pl\/wp-content\/uploads\/2026\/06\/IMG_3524-150x150.jpg\" width=\"150\" height=\"150\" alt=\"\" \/><\/a>\n<\/dt><\/dl><dl class=\"gallery-item\">\n<dt class=\"gallery-icon\">\n<a href=\"https:\/\/www.spkatarzyna.pl\/wp-content\/uploads\/2026\/06\/IMG_3531-300x200.jpg\" title=\"\" rel=\"gallery1\" rel=\"lightbox[20604]\"><img loading=\"lazy\" decoding=\"async\" src=\"https:\/\/www.spkatarzyna.pl\/wp-content\/uploads\/2026\/06\/IMG_3531-150x150.jpg\" width=\"150\" height=\"150\" alt=\"\" \/><\/a>\n<\/dt><\/dl><dl class=\"gallery-item\">\n<dt class=\"gallery-icon\">\n<a href=\"https:\/\/www.spkatarzyna.pl\/wp-content\/uploads\/2026\/06\/IMG_3535-300x200.jpg\" title=\"\" rel=\"gallery1\" rel=\"lightbox[20604]\"><img loading=\"lazy\" decoding=\"async\" src=\"https:\/\/www.spkatarzyna.pl\/wp-content\/uploads\/2026\/06\/IMG_3535-150x150.jpg\" width=\"150\" height=\"150\" alt=\"\" \/><\/a>\n<\/dt><\/dl><dl class=\"gallery-item\">\n<dt class=\"gallery-icon\">\n<a href=\"https:\/\/www.spkatarzyna.pl\/wp-content\/uploads\/2026\/06\/IMG_3539-300x200.jpg\" title=\"\" rel=\"gallery1\" rel=\"lightbox[20604]\"><img loading=\"lazy\" decoding=\"async\" src=\"https:\/\/www.spkatarzyna.pl\/wp-content\/uploads\/2026\/06\/IMG_3539-150x150.jpg\" width=\"150\" height=\"150\" alt=\"\" \/><\/a>\n<\/dt><\/dl><br style=\"clear: both\" \/><dl class=\"gallery-item\">\n<dt class=\"gallery-icon\">\n<a href=\"https:\/\/www.spkatarzyna.pl\/wp-content\/uploads\/2026\/06\/IMG_3543-300x200.jpg\" title=\"\" rel=\"gallery1\" rel=\"lightbox[20604]\"><img loading=\"lazy\" decoding=\"async\" src=\"https:\/\/www.spkatarzyna.pl\/wp-content\/uploads\/2026\/06\/IMG_3543-150x150.jpg\" width=\"150\" height=\"150\" alt=\"\" \/><\/a>\n<\/dt><\/dl><dl class=\"gallery-item\">\n<dt class=\"gallery-icon\">\n<a href=\"https:\/\/www.spkatarzyna.pl\/wp-content\/uploads\/2026\/06\/IMG_3547-300x200.jpg\" title=\"\" rel=\"gallery1\" rel=\"lightbox[20604]\"><img loading=\"lazy\" decoding=\"async\" src=\"https:\/\/www.spkatarzyna.pl\/wp-content\/uploads\/2026\/06\/IMG_3547-150x150.jpg\" width=\"150\" height=\"150\" alt=\"\" \/><\/a>\n<\/dt><\/dl><dl class=\"gallery-item\">\n<dt class=\"gallery-icon\">\n<a href=\"https:\/\/www.spkatarzyna.pl\/wp-content\/uploads\/2026\/06\/IMG_3553-300x200.jpg\" title=\"\" rel=\"gallery1\" rel=\"lightbox[20604]\"><img loading=\"lazy\" decoding=\"async\" src=\"https:\/\/www.spkatarzyna.pl\/wp-content\/uploads\/2026\/06\/IMG_3553-150x150.jpg\" width=\"150\" height=\"150\" alt=\"\" \/><\/a>\n<\/dt><\/dl><dl class=\"gallery-item\">\n<dt class=\"gallery-icon\">\n<a href=\"https:\/\/www.spkatarzyna.pl\/wp-content\/uploads\/2026\/06\/IMG_3563-300x200.jpg\" title=\"\" rel=\"gallery1\" rel=\"lightbox[20604]\"><img loading=\"lazy\" decoding=\"async\" src=\"https:\/\/www.spkatarzyna.pl\/wp-content\/uploads\/2026\/06\/IMG_3563-150x150.jpg\" width=\"150\" height=\"150\" alt=\"\" \/><\/a>\n<\/dt><\/dl><dl class=\"gallery-item\">\n<dt class=\"gallery-icon\">\n<a href=\"https:\/\/www.spkatarzyna.pl\/wp-content\/uploads\/2026\/06\/IMG_3574-300x200.jpg\" title=\"\" rel=\"gallery1\" rel=\"lightbox[20604]\"><img loading=\"lazy\" decoding=\"async\" src=\"https:\/\/www.spkatarzyna.pl\/wp-content\/uploads\/2026\/06\/IMG_3574-150x150.jpg\" width=\"150\" height=\"150\" alt=\"\" \/><\/a>\n<\/dt><\/dl><dl class=\"gallery-item\">\n<dt class=\"gallery-icon\">\n<a href=\"https:\/\/www.spkatarzyna.pl\/wp-content\/uploads\/2026\/06\/IMG_3822-300x200.jpg\" title=\"\" rel=\"gallery1\" rel=\"lightbox[20604]\"><img loading=\"lazy\" decoding=\"async\" src=\"https:\/\/www.spkatarzyna.pl\/wp-content\/uploads\/2026\/06\/IMG_3822-150x150.jpg\" width=\"150\" height=\"150\" alt=\"\" \/><\/a>\n<\/dt><\/dl><dl class=\"gallery-item\">\n<dt class=\"gallery-icon\">\n<a href=\"https:\/\/www.spkatarzyna.pl\/wp-content\/uploads\/2026\/06\/IMG_3813-300x200.jpg\" title=\"\" rel=\"gallery1\" rel=\"lightbox[20604]\"><img loading=\"lazy\" decoding=\"async\" src=\"https:\/\/www.spkatarzyna.pl\/wp-content\/uploads\/2026\/06\/IMG_3813-150x150.jpg\" width=\"150\" height=\"150\" alt=\"\" \/><\/a>\n<\/dt><\/dl><dl class=\"gallery-item\">\n<dt class=\"gallery-icon\">\n<a href=\"https:\/\/www.spkatarzyna.pl\/wp-content\/uploads\/2026\/06\/IMG_3800-300x200.jpg\" title=\"\" rel=\"gallery1\" rel=\"lightbox[20604]\"><img loading=\"lazy\" decoding=\"async\" src=\"https:\/\/www.spkatarzyna.pl\/wp-content\/uploads\/2026\/06\/IMG_3800-150x150.jpg\" width=\"150\" height=\"150\" alt=\"\" \/><\/a>\n<\/dt><\/dl><dl class=\"gallery-item\">\n<dt class=\"gallery-icon\">\n<a href=\"https:\/\/www.spkatarzyna.pl\/wp-content\/uploads\/2026\/06\/IMG_3820-300x200.jpg\" title=\"\" rel=\"gallery1\" rel=\"lightbox[20604]\"><img loading=\"lazy\" decoding=\"async\" src=\"https:\/\/www.spkatarzyna.pl\/wp-content\/uploads\/2026\/06\/IMG_3820-150x150.jpg\" width=\"150\" height=\"150\" alt=\"\" \/><\/a>\n<\/dt><\/dl><br style=\"clear: both\" \/><dl class=\"gallery-item\">\n<dt class=\"gallery-icon\">\n<a href=\"https:\/\/www.spkatarzyna.pl\/wp-content\/uploads\/2026\/06\/IMG_3825-300x200.jpg\" title=\"\" rel=\"gallery1\" rel=\"lightbox[20604]\"><img loading=\"lazy\" decoding=\"async\" src=\"https:\/\/www.spkatarzyna.pl\/wp-content\/uploads\/2026\/06\/IMG_3825-150x150.jpg\" width=\"150\" height=\"150\" alt=\"\" \/><\/a>\n<\/dt><\/dl><dl class=\"gallery-item\">\n<dt class=\"gallery-icon\">\n<a href=\"https:\/\/www.spkatarzyna.pl\/wp-content\/uploads\/2026\/06\/IMG_3752-300x200.jpg\" title=\"\" rel=\"gallery1\" rel=\"lightbox[20604]\"><img loading=\"lazy\" decoding=\"async\" src=\"https:\/\/www.spkatarzyna.pl\/wp-content\/uploads\/2026\/06\/IMG_3752-150x150.jpg\" width=\"150\" height=\"150\" alt=\"\" \/><\/a>\n<\/dt><\/dl><dl class=\"gallery-item\">\n<dt class=\"gallery-icon\">\n<a href=\"https:\/\/www.spkatarzyna.pl\/wp-content\/uploads\/2026\/06\/IMG_3691-300x200.jpg\" title=\"\" rel=\"gallery1\" rel=\"lightbox[20604]\"><img loading=\"lazy\" decoding=\"async\" src=\"https:\/\/www.spkatarzyna.pl\/wp-content\/uploads\/2026\/06\/IMG_3691-150x150.jpg\" width=\"150\" height=\"150\" alt=\"\" \/><\/a>\n<\/dt><\/dl><dl class=\"gallery-item\">\n<dt class=\"gallery-icon\">\n<a href=\"https:\/\/www.spkatarzyna.pl\/wp-content\/uploads\/2026\/06\/IMG_3707-300x200.jpg\" title=\"\" rel=\"gallery1\" rel=\"lightbox[20604]\"><img loading=\"lazy\" decoding=\"async\" src=\"https:\/\/www.spkatarzyna.pl\/wp-content\/uploads\/2026\/06\/IMG_3707-150x150.jpg\" width=\"150\" height=\"150\" alt=\"\" \/><\/a>\n<\/dt><\/dl><dl class=\"gallery-item\">\n<dt class=\"gallery-icon\">\n<a href=\"https:\/\/www.spkatarzyna.pl\/wp-content\/uploads\/2026\/06\/IMG_3683-300x200.jpg\" title=\"\" rel=\"gallery1\" rel=\"lightbox[20604]\"><img loading=\"lazy\" decoding=\"async\" src=\"https:\/\/www.spkatarzyna.pl\/wp-content\/uploads\/2026\/06\/IMG_3683-150x150.jpg\" width=\"150\" height=\"150\" alt=\"\" \/><\/a>\n<\/dt><\/dl><dl class=\"gallery-item\">\n<dt class=\"gallery-icon\">\n<a href=\"https:\/\/www.spkatarzyna.pl\/wp-content\/uploads\/2026\/06\/IMG_3888-300x200.jpg\" title=\"\" rel=\"gallery1\" rel=\"lightbox[20604]\"><img loading=\"lazy\" decoding=\"async\" src=\"https:\/\/www.spkatarzyna.pl\/wp-content\/uploads\/2026\/06\/IMG_3888-150x150.jpg\" width=\"150\" height=\"150\" alt=\"\" \/><\/a>\n<\/dt><\/dl><dl class=\"gallery-item\">\n<dt class=\"gallery-icon\">\n<a href=\"https:\/\/www.spkatarzyna.pl\/wp-content\/uploads\/2026\/06\/IMG_3908-300x200.jpg\" title=\"\" rel=\"gallery1\" rel=\"lightbox[20604]\"><img loading=\"lazy\" decoding=\"async\" src=\"https:\/\/www.spkatarzyna.pl\/wp-content\/uploads\/2026\/06\/IMG_3908-150x150.jpg\" width=\"150\" height=\"150\" alt=\"\" \/><\/a>\n<\/dt><\/dl><dl class=\"gallery-item\">\n<dt class=\"gallery-icon\">\n<a href=\"https:\/\/www.spkatarzyna.pl\/wp-content\/uploads\/2026\/06\/IMG_3944-300x200.jpg\" title=\"\" rel=\"gallery1\" rel=\"lightbox[20604]\"><img loading=\"lazy\" decoding=\"async\" src=\"https:\/\/www.spkatarzyna.pl\/wp-content\/uploads\/2026\/06\/IMG_3944-150x150.jpg\" width=\"150\" height=\"150\" alt=\"\" \/><\/a>\n<\/dt><\/dl><dl class=\"gallery-item\">\n<dt class=\"gallery-icon\">\n<a href=\"https:\/\/www.spkatarzyna.pl\/wp-content\/uploads\/2026\/06\/IMG_3962-300x200.jpg\" title=\"\" rel=\"gallery1\" rel=\"lightbox[20604]\"><img loading=\"lazy\" decoding=\"async\" src=\"https:\/\/www.spkatarzyna.pl\/wp-content\/uploads\/2026\/06\/IMG_3962-150x150.jpg\" width=\"150\" height=\"150\" alt=\"\" \/><\/a>\n<\/dt><\/dl><br style=\"clear: both\" \/><dl class=\"gallery-item\">\n<dt class=\"gallery-icon\">\n<a href=\"https:\/\/www.spkatarzyna.pl\/wp-content\/uploads\/2026\/06\/IMG_3969-300x200.jpg\" title=\"\" rel=\"gallery1\" rel=\"lightbox[20604]\"><img loading=\"lazy\" decoding=\"async\" src=\"https:\/\/www.spkatarzyna.pl\/wp-content\/uploads\/2026\/06\/IMG_3969-150x150.jpg\" width=\"150\" height=\"150\" alt=\"\" \/><\/a>\n<\/dt><\/dl><dl class=\"gallery-item\">\n<dt class=\"gallery-icon\">\n<a href=\"https:\/\/www.spkatarzyna.pl\/wp-content\/uploads\/2026\/06\/IMG_3998-300x200.jpg\" title=\"\" rel=\"gallery1\" rel=\"lightbox[20604]\"><img loading=\"lazy\" decoding=\"async\" src=\"https:\/\/www.spkatarzyna.pl\/wp-content\/uploads\/2026\/06\/IMG_3998-150x150.jpg\" width=\"150\" height=\"150\" alt=\"\" \/><\/a>\n<\/dt><\/dl><dl class=\"gallery-item\">\n<dt class=\"gallery-icon\">\n<a href=\"https:\/\/www.spkatarzyna.pl\/wp-content\/uploads\/2026\/06\/IMG_4018-300x200.jpg\" title=\"\" rel=\"gallery1\" rel=\"lightbox[20604]\"><img loading=\"lazy\" decoding=\"async\" src=\"https:\/\/www.spkatarzyna.pl\/wp-content\/uploads\/2026\/06\/IMG_4018-150x150.jpg\" width=\"150\" height=\"150\" alt=\"\" \/><\/a>\n<\/dt><\/dl><dl class=\"gallery-item\">\n<dt class=\"gallery-icon\">\n<a href=\"https:\/\/www.spkatarzyna.pl\/wp-content\/uploads\/2026\/06\/IMG_4014-300x200.jpg\" title=\"\" rel=\"gallery1\" rel=\"lightbox[20604]\"><img loading=\"lazy\" decoding=\"async\" src=\"https:\/\/www.spkatarzyna.pl\/wp-content\/uploads\/2026\/06\/IMG_4014-150x150.jpg\" width=\"150\" height=\"150\" alt=\"\" \/><\/a>\n<\/dt><\/dl><dl class=\"gallery-item\">\n<dt class=\"gallery-icon\">\n<a href=\"https:\/\/www.spkatarzyna.pl\/wp-content\/uploads\/2026\/06\/IMG_4009-300x200.jpg\" title=\"\" rel=\"gallery1\" rel=\"lightbox[20604]\"><img loading=\"lazy\" decoding=\"async\" src=\"https:\/\/www.spkatarzyna.pl\/wp-content\/uploads\/2026\/06\/IMG_4009-150x150.jpg\" width=\"150\" height=\"150\" alt=\"\" \/><\/a>\n<\/dt><\/dl><dl class=\"gallery-item\">\n<dt class=\"gallery-icon\">\n<a href=\"https:\/\/www.spkatarzyna.pl\/wp-content\/uploads\/2026\/06\/IMG_3976-300x200.jpg\" title=\"\" rel=\"gallery1\" rel=\"lightbox[20604]\"><img loading=\"lazy\" decoding=\"async\" src=\"https:\/\/www.spkatarzyna.pl\/wp-content\/uploads\/2026\/06\/IMG_3976-150x150.jpg\" width=\"150\" height=\"150\" alt=\"\" \/><\/a>\n<\/dt><\/dl><dl class=\"gallery-item\">\n<dt class=\"gallery-icon\">\n<a href=\"https:\/\/www.spkatarzyna.pl\/wp-content\/uploads\/2026\/06\/IMG_3973-300x200.jpg\" title=\"\" rel=\"gallery1\" rel=\"lightbox[20604]\"><img loading=\"lazy\" decoding=\"async\" src=\"https:\/\/www.spkatarzyna.pl\/wp-content\/uploads\/2026\/06\/IMG_3973-150x150.jpg\" width=\"150\" height=\"150\" alt=\"\" \/><\/a>\n<\/dt><\/dl><dl class=\"gallery-item\">\n<dt class=\"gallery-icon\">\n<a href=\"https:\/\/www.spkatarzyna.pl\/wp-content\/uploads\/2026\/06\/IMG_3958-300x200.jpg\" title=\"\" rel=\"gallery1\" rel=\"lightbox[20604]\"><img loading=\"lazy\" decoding=\"async\" src=\"https:\/\/www.spkatarzyna.pl\/wp-content\/uploads\/2026\/06\/IMG_3958-150x150.jpg\" width=\"150\" height=\"150\" alt=\"\" \/><\/a>\n<\/dt><\/dl><dl class=\"gallery-item\">\n<dt class=\"gallery-icon\">\n<a href=\"https:\/\/www.spkatarzyna.pl\/wp-content\/uploads\/2026\/06\/IMG_3937-300x200.jpg\" title=\"\" rel=\"gallery1\" rel=\"lightbox[20604]\"><img loading=\"lazy\" decoding=\"async\" src=\"https:\/\/www.spkatarzyna.pl\/wp-content\/uploads\/2026\/06\/IMG_3937-150x150.jpg\" width=\"150\" height=\"150\" alt=\"\" \/><\/a>\n<\/dt><\/dl><br style=\"clear: both\" \/><br style=\"clear: both\" \/><\/div>\t\t<\/div>\n\t\t\t\t\t\t<\/div>\n\t\t\t\t\t<\/div>\n\t\t\t\t<\/div>\n\t\t\t\t<\/div>\n\t\t","protected":false},"excerpt":{"rendered":"<p>W pi\u0105tek, 26 czerwca, w naszej szkole odby\u0142o si\u0119 uroczyste zako\u0144czenie roku szkolnego. By\u0142 to dzie\u0144 pe\u0142en wzrusze\u0144, podsumowa\u0144 oraz zas\u0142u\u017conej rado\u015bci z nadchodz\u0105cych wakacji. Uroczyste apele zosta\u0142y podzielone na trzy bloki, aby wsp\u00f3lnie \u015bwi\u0119towa\u0107 sukcesy wszystkich rocznik\u00f3w: O godzinie 8:00 rok szkolny po\u017cegna\u0142y klasy 4\u20136. O godzinie 9:00 odby\u0142a [&hellip;]<\/p>\n","protected":false},"author":6,"featured_media":20681,"comment_status":"open","ping_status":"open","sticky":false,"template":"","format":"standard","meta":{"om_disable_all_campaigns":false,"_monsterinsights_skip_tracking":false,"ngg_post_thumbnail":0,"footnotes":""},"categories":[1],"tags":[],"class_list":["post-20604","post","type-post","status-publish","format-standard","has-post-thumbnail","hentry","category-uncategorized"],"aioseo_notices":[],"aioseo_head":"\n\t\t<!-- All in One SEO 5.0.1.1 - aioseo.com -->\n\t<meta name=\"description\" content=\"W pi\u0105tek, 26 czerwca, w naszej szkole odby\u0142o si\u0119 uroczyste zako\u0144czenie roku szkolnego. By\u0142 to dzie\u0144 pe\u0142en wzrusze\u0144, podsumowa\u0144 oraz zas\u0142u\u017conej rado\u015bci z nadchodz\u0105cych wakacji.Uroczyste apele zosta\u0142y podzielone na trzy bloki, aby wsp\u00f3lnie \u015bwi\u0119towa\u0107 sukcesy wszystkich rocznik\u00f3w:O godzinie 8:00 rok szkolny po\u017cegna\u0142y klasy 4\u20136.O godzinie 9:00 odby\u0142a si\u0119 akademia dla klas 7\u20138, dla kt\u00f3rych by\u0142\" \/>\n\t<meta name=\"robots\" content=\"max-image-preview:large\" \/>\n\t<meta name=\"author\" content=\"Redakcja\"\/>\n\t<link rel=\"canonical\" href=\"https:\/\/www.spkatarzyna.pl\/index.php\/2026\/06\/29\/zakonczenie-roku-szkolnego-3\/\" \/>\n\t<meta name=\"generator\" content=\"All in One SEO (AIOSEO) 5.0.1.1\" \/>\n\t\t<meta property=\"og:locale\" content=\"pl_PL\" \/>\n\t\t<meta property=\"og:site_name\" content=\"SP Katarzyna - Publiczna Szko\u0142a Podstawowa w \u015awi\u0119tej Katarzynie\" \/>\n\t\t<meta property=\"og:type\" content=\"article\" \/>\n\t\t<meta property=\"og:title\" content=\"Zako\u0144czenie roku szkolnego 2025\/2026 - SP Katarzyna\" \/>\n\t\t<meta property=\"og:description\" content=\"W pi\u0105tek, 26 czerwca, w naszej szkole odby\u0142o si\u0119 uroczyste zako\u0144czenie roku szkolnego. By\u0142 to dzie\u0144 pe\u0142en wzrusze\u0144, podsumowa\u0144 oraz zas\u0142u\u017conej rado\u015bci z nadchodz\u0105cych wakacji.Uroczyste apele zosta\u0142y podzielone na trzy bloki, aby wsp\u00f3lnie \u015bwi\u0119towa\u0107 sukcesy wszystkich rocznik\u00f3w:O godzinie 8:00 rok szkolny po\u017cegna\u0142y klasy 4\u20136.O godzinie 9:00 odby\u0142a si\u0119 akademia dla klas 7\u20138, dla kt\u00f3rych by\u0142\" \/>\n\t\t<meta property=\"og:url\" content=\"https:\/\/www.spkatarzyna.pl\/index.php\/2026\/06\/29\/zakonczenie-roku-szkolnego-3\/\" \/>\n\t\t<meta property=\"article:published_time\" content=\"2026-06-29T11:04:08+00:00\" \/>\n\t\t<meta property=\"article:modified_time\" content=\"2026-06-29T11:51:54+00:00\" \/>\n\t\t<meta name=\"twitter:card\" content=\"summary_large_image\" \/>\n\t\t<meta name=\"twitter:title\" content=\"Zako\u0144czenie roku szkolnego 2025\/2026 - SP Katarzyna\" \/>\n\t\t<meta name=\"twitter:description\" content=\"W pi\u0105tek, 26 czerwca, w naszej szkole odby\u0142o si\u0119 uroczyste zako\u0144czenie roku szkolnego. By\u0142 to dzie\u0144 pe\u0142en wzrusze\u0144, podsumowa\u0144 oraz zas\u0142u\u017conej rado\u015bci z nadchodz\u0105cych wakacji.Uroczyste apele zosta\u0142y podzielone na trzy bloki, aby wsp\u00f3lnie \u015bwi\u0119towa\u0107 sukcesy wszystkich rocznik\u00f3w:O godzinie 8:00 rok szkolny po\u017cegna\u0142y klasy 4\u20136.O godzinie 9:00 odby\u0142a si\u0119 akademia dla klas 7\u20138, dla kt\u00f3rych by\u0142\" \/>\n\t\t<script type=\"application\/ld+json\" class=\"aioseo-schema\">\n\t\t\t{\"@context\":\"https:\\\/\\\/schema.org\",\"@graph\":[{\"@type\":\"BlogPosting\",\"@id\":\"https:\\\/\\\/www.spkatarzyna.pl\\\/index.php\\\/2026\\\/06\\\/29\\\/zakonczenie-roku-szkolnego-3\\\/#blogposting\",\"name\":\"Zako\\u0144czenie roku szkolnego 2025\\\/2026 - SP Katarzyna\",\"headline\":\"Zako\\u0144czenie roku szkolnego 2025\\\/2026\",\"author\":{\"@id\":\"https:\\\/\\\/www.spkatarzyna.pl\\\/index.php\\\/author\\\/agatasafianspkatarzyna-pl\\\/#author\"},\"publisher\":{\"@id\":\"https:\\\/\\\/www.spkatarzyna.pl\\\/#organization\"},\"image\":{\"@type\":\"ImageObject\",\"url\":\"https:\\\/\\\/www.spkatarzyna.pl\\\/wp-content\\\/uploads\\\/2026\\\/06\\\/IMG_3431.jpg\",\"width\":360,\"height\":202},\"datePublished\":\"2026-06-29T13:04:08+02:00\",\"dateModified\":\"2026-06-29T13:51:54+02:00\",\"inLanguage\":\"pl-PL\",\"mainEntityOfPage\":{\"@id\":\"https:\\\/\\\/www.spkatarzyna.pl\\\/index.php\\\/2026\\\/06\\\/29\\\/zakonczenie-roku-szkolnego-3\\\/#webpage\"},\"isPartOf\":{\"@id\":\"https:\\\/\\\/www.spkatarzyna.pl\\\/index.php\\\/2026\\\/06\\\/29\\\/zakonczenie-roku-szkolnego-3\\\/#webpage\"},\"articleSection\":\"Uncategorized\"},{\"@type\":\"BreadcrumbList\",\"@id\":\"https:\\\/\\\/www.spkatarzyna.pl\\\/index.php\\\/2026\\\/06\\\/29\\\/zakonczenie-roku-szkolnego-3\\\/#breadcrumblist\",\"itemListElement\":[{\"@type\":\"ListItem\",\"@id\":\"https:\\\/\\\/www.spkatarzyna.pl#listItem\",\"position\":1,\"name\":\"Dom\",\"item\":\"https:\\\/\\\/www.spkatarzyna.pl\",\"nextItem\":{\"@type\":\"ListItem\",\"@id\":\"https:\\\/\\\/www.spkatarzyna.pl\\\/index.php\\\/category\\\/uncategorized\\\/#listItem\",\"name\":\"Uncategorized\"}},{\"@type\":\"ListItem\",\"@id\":\"https:\\\/\\\/www.spkatarzyna.pl\\\/index.php\\\/category\\\/uncategorized\\\/#listItem\",\"position\":2,\"name\":\"Uncategorized\",\"item\":\"https:\\\/\\\/www.spkatarzyna.pl\\\/index.php\\\/category\\\/uncategorized\\\/\",\"nextItem\":{\"@type\":\"ListItem\",\"@id\":\"https:\\\/\\\/www.spkatarzyna.pl\\\/index.php\\\/2026\\\/06\\\/29\\\/zakonczenie-roku-szkolnego-3\\\/#listItem\",\"name\":\"Zako\\u0144czenie roku szkolnego 2025\\\/2026\"},\"previousItem\":{\"@type\":\"ListItem\",\"@id\":\"https:\\\/\\\/www.spkatarzyna.pl#listItem\",\"name\":\"Dom\"}},{\"@type\":\"ListItem\",\"@id\":\"https:\\\/\\\/www.spkatarzyna.pl\\\/index.php\\\/2026\\\/06\\\/29\\\/zakonczenie-roku-szkolnego-3\\\/#listItem\",\"position\":3,\"name\":\"Zako\\u0144czenie roku szkolnego 2025\\\/2026\",\"previousItem\":{\"@type\":\"ListItem\",\"@id\":\"https:\\\/\\\/www.spkatarzyna.pl\\\/index.php\\\/category\\\/uncategorized\\\/#listItem\",\"name\":\"Uncategorized\"}}]},{\"@type\":\"Organization\",\"@id\":\"https:\\\/\\\/www.spkatarzyna.pl\\\/#organization\",\"name\":\"SP Katarzyna\",\"description\":\"Publiczna Szko\\u0142a Podstawowa w \\u015awi\\u0119tej Katarzynie\",\"url\":\"https:\\\/\\\/www.spkatarzyna.pl\\\/\",\"telephone\":\"+48713116378\",\"sameAs\":[\"https:\\\/\\\/facebook.com\\\/\",\"https:\\\/\\\/x.com\\\/\",\"https:\\\/\\\/instagram.com\\\/\",\"https:\\\/\\\/pinterest.com\\\/\",\"https:\\\/\\\/youtube.com\\\/\",\"https:\\\/\\\/linkedin.com\\\/in\\\/\"]},{\"@type\":\"Person\",\"@id\":\"https:\\\/\\\/www.spkatarzyna.pl\\\/index.php\\\/author\\\/agatasafianspkatarzyna-pl\\\/#author\",\"url\":\"https:\\\/\\\/www.spkatarzyna.pl\\\/index.php\\\/author\\\/agatasafianspkatarzyna-pl\\\/\",\"name\":\"Redakcja\",\"image\":{\"@type\":\"ImageObject\",\"@id\":\"https:\\\/\\\/www.spkatarzyna.pl\\\/index.php\\\/2026\\\/06\\\/29\\\/zakonczenie-roku-szkolnego-3\\\/#authorImage\",\"url\":\"https:\\\/\\\/secure.gravatar.com\\\/avatar\\\/765290513df94d442152250e92b42327?s=96&d=mm&r=g\",\"width\":96,\"height\":96,\"caption\":\"Redakcja\"}},{\"@type\":\"WebPage\",\"@id\":\"https:\\\/\\\/www.spkatarzyna.pl\\\/index.php\\\/2026\\\/06\\\/29\\\/zakonczenie-roku-szkolnego-3\\\/#webpage\",\"url\":\"https:\\\/\\\/www.spkatarzyna.pl\\\/index.php\\\/2026\\\/06\\\/29\\\/zakonczenie-roku-szkolnego-3\\\/\",\"name\":\"Zako\\u0144czenie roku szkolnego 2025\\\/2026 - SP Katarzyna\",\"description\":\"W pi\\u0105tek, 26 czerwca, w naszej szkole odby\\u0142o si\\u0119 uroczyste zako\\u0144czenie roku szkolnego. By\\u0142 to dzie\\u0144 pe\\u0142en wzrusze\\u0144, podsumowa\\u0144 oraz zas\\u0142u\\u017conej rado\\u015bci z nadchodz\\u0105cych wakacji.Uroczyste apele zosta\\u0142y podzielone na trzy bloki, aby wsp\\u00f3lnie \\u015bwi\\u0119towa\\u0107 sukcesy wszystkich rocznik\\u00f3w:O godzinie 8:00 rok szkolny po\\u017cegna\\u0142y klasy 4\\u20136.O godzinie 9:00 odby\\u0142a si\\u0119 akademia dla klas 7\\u20138, dla kt\\u00f3rych by\\u0142\",\"inLanguage\":\"pl-PL\",\"isPartOf\":{\"@id\":\"https:\\\/\\\/www.spkatarzyna.pl\\\/#website\"},\"breadcrumb\":{\"@id\":\"https:\\\/\\\/www.spkatarzyna.pl\\\/index.php\\\/2026\\\/06\\\/29\\\/zakonczenie-roku-szkolnego-3\\\/#breadcrumblist\"},\"author\":{\"@id\":\"https:\\\/\\\/www.spkatarzyna.pl\\\/index.php\\\/author\\\/agatasafianspkatarzyna-pl\\\/#author\"},\"creator\":{\"@id\":\"https:\\\/\\\/www.spkatarzyna.pl\\\/index.php\\\/author\\\/agatasafianspkatarzyna-pl\\\/#author\"},\"image\":{\"@type\":\"ImageObject\",\"url\":\"https:\\\/\\\/www.spkatarzyna.pl\\\/wp-content\\\/uploads\\\/2026\\\/06\\\/IMG_3431.jpg\",\"@id\":\"https:\\\/\\\/www.spkatarzyna.pl\\\/index.php\\\/2026\\\/06\\\/29\\\/zakonczenie-roku-szkolnego-3\\\/#mainImage\",\"width\":360,\"height\":202},\"primaryImageOfPage\":{\"@id\":\"https:\\\/\\\/www.spkatarzyna.pl\\\/index.php\\\/2026\\\/06\\\/29\\\/zakonczenie-roku-szkolnego-3\\\/#mainImage\"},\"datePublished\":\"2026-06-29T13:04:08+02:00\",\"dateModified\":\"2026-06-29T13:51:54+02:00\"},{\"@type\":\"WebSite\",\"@id\":\"https:\\\/\\\/www.spkatarzyna.pl\\\/#website\",\"url\":\"https:\\\/\\\/www.spkatarzyna.pl\\\/\",\"name\":\"SP Katarzyna\",\"description\":\"Publiczna Szko\\u0142a Podstawowa w \\u015awi\\u0119tej Katarzynie\",\"inLanguage\":\"pl-PL\",\"publisher\":{\"@id\":\"https:\\\/\\\/www.spkatarzyna.pl\\\/#organization\"}}]}\n\t\t<\/script>\n\t\t<!-- All in One SEO -->\n\n","aioseo_head_json":{"title":"Zako\u0144czenie roku szkolnego 2025\/2026 - SP Katarzyna","description":"W pi\u0105tek, 26 czerwca, w naszej szkole odby\u0142o si\u0119 uroczyste zako\u0144czenie roku szkolnego. By\u0142 to dzie\u0144 pe\u0142en wzrusze\u0144, podsumowa\u0144 oraz zas\u0142u\u017conej rado\u015bci z nadchodz\u0105cych wakacji.Uroczyste apele zosta\u0142y podzielone na trzy bloki, aby wsp\u00f3lnie \u015bwi\u0119towa\u0107 sukcesy wszystkich rocznik\u00f3w:O godzinie 8:00 rok szkolny po\u017cegna\u0142y klasy 4\u20136.O godzinie 9:00 odby\u0142a si\u0119 akademia dla klas 7\u20138, dla kt\u00f3rych by\u0142","canonical_url":"https:\/\/www.spkatarzyna.pl\/index.php\/2026\/06\/29\/zakonczenie-roku-szkolnego-3\/","robots":"max-image-preview:large","keywords":"","webmasterTools":{"miscellaneous":""},"schema":{"@context":"https:\/\/schema.org","@graph":[{"@type":"BlogPosting","@id":"https:\/\/www.spkatarzyna.pl\/index.php\/2026\/06\/29\/zakonczenie-roku-szkolnego-3\/#blogposting","name":"Zako\u0144czenie roku szkolnego 2025\/2026 - SP Katarzyna","headline":"Zako\u0144czenie roku szkolnego 2025\/2026","author":{"@id":"https:\/\/www.spkatarzyna.pl\/index.php\/author\/agatasafianspkatarzyna-pl\/#author"},"publisher":{"@id":"https:\/\/www.spkatarzyna.pl\/#organization"},"image":{"@type":"ImageObject","url":"https:\/\/www.spkatarzyna.pl\/wp-content\/uploads\/2026\/06\/IMG_3431.jpg","width":360,"height":202},"datePublished":"2026-06-29T13:04:08+02:00","dateModified":"2026-06-29T13:51:54+02:00","inLanguage":"pl-PL","mainEntityOfPage":{"@id":"https:\/\/www.spkatarzyna.pl\/index.php\/2026\/06\/29\/zakonczenie-roku-szkolnego-3\/#webpage"},"isPartOf":{"@id":"https:\/\/www.spkatarzyna.pl\/index.php\/2026\/06\/29\/zakonczenie-roku-szkolnego-3\/#webpage"},"articleSection":"Uncategorized"},{"@type":"BreadcrumbList","@id":"https:\/\/www.spkatarzyna.pl\/index.php\/2026\/06\/29\/zakonczenie-roku-szkolnego-3\/#breadcrumblist","itemListElement":[{"@type":"ListItem","@id":"https:\/\/www.spkatarzyna.pl#listItem","position":1,"name":"Dom","item":"https:\/\/www.spkatarzyna.pl","nextItem":{"@type":"ListItem","@id":"https:\/\/www.spkatarzyna.pl\/index.php\/category\/uncategorized\/#listItem","name":"Uncategorized"}},{"@type":"ListItem","@id":"https:\/\/www.spkatarzyna.pl\/index.php\/category\/uncategorized\/#listItem","position":2,"name":"Uncategorized","item":"https:\/\/www.spkatarzyna.pl\/index.php\/category\/uncategorized\/","nextItem":{"@type":"ListItem","@id":"https:\/\/www.spkatarzyna.pl\/index.php\/2026\/06\/29\/zakonczenie-roku-szkolnego-3\/#listItem","name":"Zako\u0144czenie roku szkolnego 2025\/2026"},"previousItem":{"@type":"ListItem","@id":"https:\/\/www.spkatarzyna.pl#listItem","name":"Dom"}},{"@type":"ListItem","@id":"https:\/\/www.spkatarzyna.pl\/index.php\/2026\/06\/29\/zakonczenie-roku-szkolnego-3\/#listItem","position":3,"name":"Zako\u0144czenie roku szkolnego 2025\/2026","previousItem":{"@type":"ListItem","@id":"https:\/\/www.spkatarzyna.pl\/index.php\/category\/uncategorized\/#listItem","name":"Uncategorized"}}]},{"@type":"Organization","@id":"https:\/\/www.spkatarzyna.pl\/#organization","name":"SP Katarzyna","description":"Publiczna Szko\u0142a Podstawowa w \u015awi\u0119tej Katarzynie","url":"https:\/\/www.spkatarzyna.pl\/","telephone":"+48713116378","sameAs":["https:\/\/facebook.com\/","https:\/\/x.com\/","https:\/\/instagram.com\/","https:\/\/pinterest.com\/","https:\/\/youtube.com\/","https:\/\/linkedin.com\/in\/"]},{"@type":"Person","@id":"https:\/\/www.spkatarzyna.pl\/index.php\/author\/agatasafianspkatarzyna-pl\/#author","url":"https:\/\/www.spkatarzyna.pl\/index.php\/author\/agatasafianspkatarzyna-pl\/","name":"Redakcja","image":{"@type":"ImageObject","@id":"https:\/\/www.spkatarzyna.pl\/index.php\/2026\/06\/29\/zakonczenie-roku-szkolnego-3\/#authorImage","url":"https:\/\/secure.gravatar.com\/avatar\/765290513df94d442152250e92b42327?s=96&d=mm&r=g","width":96,"height":96,"caption":"Redakcja"}},{"@type":"WebPage","@id":"https:\/\/www.spkatarzyna.pl\/index.php\/2026\/06\/29\/zakonczenie-roku-szkolnego-3\/#webpage","url":"https:\/\/www.spkatarzyna.pl\/index.php\/2026\/06\/29\/zakonczenie-roku-szkolnego-3\/","name":"Zako\u0144czenie roku szkolnego 2025\/2026 - SP Katarzyna","description":"W pi\u0105tek, 26 czerwca, w naszej szkole odby\u0142o si\u0119 uroczyste zako\u0144czenie roku szkolnego. By\u0142 to dzie\u0144 pe\u0142en wzrusze\u0144, podsumowa\u0144 oraz zas\u0142u\u017conej rado\u015bci z nadchodz\u0105cych wakacji.Uroczyste apele zosta\u0142y podzielone na trzy bloki, aby wsp\u00f3lnie \u015bwi\u0119towa\u0107 sukcesy wszystkich rocznik\u00f3w:O godzinie 8:00 rok szkolny po\u017cegna\u0142y klasy 4\u20136.O godzinie 9:00 odby\u0142a si\u0119 akademia dla klas 7\u20138, dla kt\u00f3rych by\u0142","inLanguage":"pl-PL","isPartOf":{"@id":"https:\/\/www.spkatarzyna.pl\/#website"},"breadcrumb":{"@id":"https:\/\/www.spkatarzyna.pl\/index.php\/2026\/06\/29\/zakonczenie-roku-szkolnego-3\/#breadcrumblist"},"author":{"@id":"https:\/\/www.spkatarzyna.pl\/index.php\/author\/agatasafianspkatarzyna-pl\/#author"},"creator":{"@id":"https:\/\/www.spkatarzyna.pl\/index.php\/author\/agatasafianspkatarzyna-pl\/#author"},"image":{"@type":"ImageObject","url":"https:\/\/www.spkatarzyna.pl\/wp-content\/uploads\/2026\/06\/IMG_3431.jpg","@id":"https:\/\/www.spkatarzyna.pl\/index.php\/2026\/06\/29\/zakonczenie-roku-szkolnego-3\/#mainImage","width":360,"height":202},"primaryImageOfPage":{"@id":"https:\/\/www.spkatarzyna.pl\/index.php\/2026\/06\/29\/zakonczenie-roku-szkolnego-3\/#mainImage"},"datePublished":"2026-06-29T13:04:08+02:00","dateModified":"2026-06-29T13:51:54+02:00"},{"@type":"WebSite","@id":"https:\/\/www.spkatarzyna.pl\/#website","url":"https:\/\/www.spkatarzyna.pl\/","name":"SP Katarzyna","description":"Publiczna Szko\u0142a Podstawowa w \u015awi\u0119tej Katarzynie","inLanguage":"pl-PL","publisher":{"@id":"https:\/\/www.spkatarzyna.pl\/#organization"}}]},"og:locale":"pl_PL","og:site_name":"SP Katarzyna - Publiczna Szko\u0142a Podstawowa w \u015awi\u0119tej Katarzynie","og:type":"article","og:title":"Zako\u0144czenie roku szkolnego 2025\/2026 - SP Katarzyna","og:description":"W pi\u0105tek, 26 czerwca, w naszej szkole odby\u0142o si\u0119 uroczyste zako\u0144czenie roku szkolnego. By\u0142 to dzie\u0144 pe\u0142en wzrusze\u0144, podsumowa\u0144 oraz zas\u0142u\u017conej rado\u015bci z nadchodz\u0105cych wakacji.Uroczyste apele zosta\u0142y podzielone na trzy bloki, aby wsp\u00f3lnie \u015bwi\u0119towa\u0107 sukcesy wszystkich rocznik\u00f3w:O godzinie 8:00 rok szkolny po\u017cegna\u0142y klasy 4\u20136.O godzinie 9:00 odby\u0142a si\u0119 akademia dla klas 7\u20138, dla kt\u00f3rych by\u0142","og:url":"https:\/\/www.spkatarzyna.pl\/index.php\/2026\/06\/29\/zakonczenie-roku-szkolnego-3\/","article:published_time":"2026-06-29T11:04:08+00:00","article:modified_time":"2026-06-29T11:51:54+00:00","twitter:card":"summary_large_image","twitter:title":"Zako\u0144czenie roku szkolnego 2025\/2026 - SP Katarzyna","twitter:description":"W pi\u0105tek, 26 czerwca, w naszej szkole odby\u0142o si\u0119 uroczyste zako\u0144czenie roku szkolnego. By\u0142 to dzie\u0144 pe\u0142en wzrusze\u0144, podsumowa\u0144 oraz zas\u0142u\u017conej rado\u015bci z nadchodz\u0105cych wakacji.Uroczyste apele zosta\u0142y podzielone na trzy bloki, aby wsp\u00f3lnie \u015bwi\u0119towa\u0107 sukcesy wszystkich rocznik\u00f3w:O godzinie 8:00 rok szkolny po\u017cegna\u0142y klasy 4\u20136.O godzinie 9:00 odby\u0142a si\u0119 akademia dla klas 7\u20138, dla kt\u00f3rych by\u0142"},"aioseo_meta_data":{"post_id":"20604","title":null,"description":null,"keywords":null,"keyphrases":{"focus":[],"additional":[]},"primary_term":null,"canonical_url":null,"og_title":null,"og_description":null,"og_object_type":"default","og_image_type":"default","og_image_url":null,"og_image_width":null,"og_image_height":null,"og_image_custom_url":null,"og_image_custom_fields":null,"og_video":"","og_custom_url":null,"og_article_section":null,"og_article_tags":null,"twitter_use_og":false,"twitter_card":"default","twitter_image_type":"default","twitter_image_url":null,"twitter_image_custom_url":null,"twitter_image_custom_fields":null,"twitter_title":null,"twitter_description":null,"schema":{"blockGraphs":[],"customGraphs":[],"default":{"data":{"Article":[],"Course":[],"Dataset":[],"FAQPage":[],"Movie":[],"Person":[],"Product":[],"ProductReview":[],"Car":[],"Recipe":[],"Service":[],"SoftwareApplication":[],"WebPage":[]},"graphName":"BlogPosting","isEnabled":true},"graphs":[]},"schema_type":"default","schema_type_options":null,"pillar_content":false,"robots_default":true,"robots_noindex":false,"robots_noarchive":false,"robots_nosnippet":false,"robots_nofollow":false,"robots_noimageindex":false,"robots_noodp":false,"robots_notranslate":false,"robots_max_snippet":"-1","robots_max_videopreview":"-1","robots_max_imagepreview":"large","priority":null,"frequency":"default","local_seo":null,"limit_modified_date":false,"created":"2026-06-29 11:04:09","updated":"2026-09-03 18:21:46","focus_keyword":null,"additional_keywords":null,"truseo_locale":null,"ai":null,"breadcrumb_settings":null,"seo_analyzer_scan_date":null},"aioseo_breadcrumb":"<div class=\"aioseo-breadcrumbs\"><span class=\"aioseo-breadcrumb\">\n\t\t\t<a href=\"https:\/\/www.spkatarzyna.pl\" title=\"Dom\">Dom<\/a>\n\t\t<\/span><span class=\"aioseo-breadcrumb-separator\">&raquo;<\/span><span class=\"aioseo-breadcrumb\">\n\t\t\t<a href=\"https:\/\/www.spkatarzyna.pl\/index.php\/category\/uncategorized\/\" title=\"Uncategorized\">Uncategorized<\/a>\n\t\t<\/span><span class=\"aioseo-breadcrumb-separator\">&raquo;<\/span><span class=\"aioseo-breadcrumb\">\n\t\t\tZako\u0144czenie roku szkolnego 2025\/2026\n\t\t<\/span><\/div>","aioseo_breadcrumb_json":[{"label":"Dom","link":"https:\/\/www.spkatarzyna.pl"},{"label":"Uncategorized","link":"https:\/\/www.spkatarzyna.pl\/index.php\/category\/uncategorized\/"},{"label":"Zako\u0144czenie roku szkolnego 2025\/2026","link":"https:\/\/www.spkatarzyna.pl\/index.php\/2026\/06\/29\/zakonczenie-roku-szkolnego-3\/"}],"_links":{"self":[{"href":"https:\/\/www.spkatarzyna.pl\/index.php\/wp-json\/wp\/v2\/posts\/20604","targetHints":{"allow":["GET"]}}],"collection":[{"href":"https:\/\/www.spkatarzyna.pl\/index.php\/wp-json\/wp\/v2\/posts"}],"about":[{"href":"https:\/\/www.spkatarzyna.pl\/index.php\/wp-json\/wp\/v2\/types\/post"}],"author":[{"embeddable":true,"href":"https:\/\/www.spkatarzyna.pl\/index.php\/wp-json\/wp\/v2\/users\/6"}],"replies":[{"embeddable":true,"href":"https:\/\/www.spkatarzyna.pl\/index.php\/wp-json\/wp\/v2\/comments?post=20604"}],"version-history":[{"count":24,"href":"https:\/\/www.spkatarzyna.pl\/index.php\/wp-json\/wp\/v2\/posts\/20604\/revisions"}],"predecessor-version":[{"id":20690,"href":"https:\/\/www.spkatarzyna.pl\/index.php\/wp-json\/wp\/v2\/posts\/20604\/revisions\/20690"}],"wp:featuredmedia":[{"embeddable":true,"href":"https:\/\/www.spkatarzyna.pl\/index.php\/wp-json\/wp\/v2\/media\/20681"}],"wp:attachment":[{"href":"https:\/\/www.spkatarzyna.pl\/index.php\/wp-json\/wp\/v2\/media?parent=20604"}],"wp:term":[{"taxonomy":"category","embeddable":true,"href":"https:\/\/www.spkatarzyna.pl\/index.php\/wp-json\/wp\/v2\/categories?post=20604"},{"taxonomy":"post_tag","embeddable":true,"href":"https:\/\/www.spkatarzyna.pl\/index.php\/wp-json\/wp\/v2\/tags?post=20604"}],"curies":[{"name":"wp","href":"https:\/\/api.w.org\/{rel}","templated":true}]}}